{"id":31130,"date":"2026-04-27T04:52:47","date_gmt":"2026-04-27T02:52:47","guid":{"rendered":"https:\/\/janze-athletisme.fr\/wordpress\/?p=31130"},"modified":"2026-04-27T05:00:51","modified_gmt":"2026-04-27T03:00:51","slug":"lea-et-noemie-les-travaux-dhercule-pour-commencer-la-saison","status":"publish","type":"post","link":"https:\/\/janze-athletisme.fr\/wordpress\/lea-et-noemie-les-travaux-dhercule-pour-commencer-la-saison\/","title":{"rendered":"L\u00e9a et No\u00e9mie : les travaux d&rsquo;Hercule pour commencer la saison"},"content":{"rendered":"<p><strong><span style=\"font-family: verdana, geneva, sans-serif;font-size: 18pt\">Championnats d\u00e9partementaux d&rsquo;\u00e9preuves combin\u00e9es, Rennes\/Courtemanche, samedi 25 et dimanche 26 avril<\/span><\/strong><\/p>\n<p><span style=\"font-family: verdana, geneva, sans-serif;font-size: 12pt\">Difficile en ce d\u00e9but de saison d&rsquo;\u00eatre au top sur le plan technique, surtout dans toutes les \u00e9preuves exig\u00e9es par les heptathlons (minimes F, cadettes, masters F), octathlons (Minimes H) et autres d\u00e9cathlons (les autres). Nos deux jeunes participantes de Janz\u00e9 athl\u00e9 ont donc \u00e9t\u00e9 d&rsquo;autant plus m\u00e9ritantes de s&rsquo;y coller (et plut\u00f4t bien).<\/span><\/p>\n<p><span style=\"font-family: verdana, geneva, sans-serif;font-size: 12pt\"><strong>L\u00e9a<\/strong> Th\u00e9odin est championne d&rsquo;Ille-et-Vilaine cadettes. Bon, certes, elle \u00e9tait seule \u00e0 concourir, mais c&rsquo;est un tr\u00e8s joli titre sur la fiche FFA. Ses performances en plus sont tr\u00e8s correctes, avec quatre records personnels battus et trois points forts (hauteur, 200m, 800m) : 19&Prime;17 au 100m haies, 1m43 en hauteur, 6m68 au poids, 28&Prime;78 au 200m, 4m56 \u00e0 la longueur, 15m70 au javelot et 2&rsquo;42&Prime;25 au 800m. Total : 3004 points, ce qui nous fait un joli total de 429 points de moyenne par \u00e9preuve. Bravo L\u00e9a !<\/span><\/p>\n<p><span style=\"font-family: verdana, geneva, sans-serif;font-size: 12pt\">Quant \u00e0 <strong>No\u00e9mie<\/strong> Leroux, chez les minimes filles, elle \u00e9tait un peu plus \u00e0 la bagarre (8 filles class\u00e9es) et termine \u00e0 une belle 5e place, avec 2674 points. Ses performances : 15&Prime;71 au 80m haies, 1m30 \u00e0 la hauteur, 7m10 au poids, 14&Prime;11 au 100m, 3m82 \u00e0 la longueur, 14m65 au javelot et 3&rsquo;39&Prime;19 sur 1000m. Elle bat 5 records perso sur les 7 \u00e9preuves et nous fait notamment un 100m d&rsquo;enfer ! Elle laisse derri\u00e8re elle ses deux coll\u00e8gues de l&rsquo;EAC (Cesson), <strong>Cl\u00e9mence<\/strong> Roul et <strong>Elyn<\/strong> Ribi\u00e8re, 7e et 8e avec 2070 et 1937 points. Bravo No\u00e9mie !<\/span><\/p>\n<p><a href=\"https:\/\/janze-athletisme.fr\/wordpress\/wp-content\/uploads\/2026\/04\/Noemie-50m-16mars2024.jpg\"><img loading=\"lazy\" decoding=\"async\" class=\"alignnone size-medium wp-image-31131\" src=\"https:\/\/janze-athletisme.fr\/wordpress\/wp-content\/uploads\/2026\/04\/Noemie-50m-16mars2024-288x300.jpg\" alt=\"\" width=\"288\" height=\"300\" srcset=\"https:\/\/janze-athletisme.fr\/wordpress\/wp-content\/uploads\/2026\/04\/Noemie-50m-16mars2024-288x300.jpg 288w, https:\/\/janze-athletisme.fr\/wordpress\/wp-content\/uploads\/2026\/04\/Noemie-50m-16mars2024-768x800.jpg 768w, https:\/\/janze-athletisme.fr\/wordpress\/wp-content\/uploads\/2026\/04\/Noemie-50m-16mars2024.jpg 842w\" sizes=\"auto, (max-width: 288px) 100vw, 288px\" \/> <\/a><a href=\"https:\/\/janze-athletisme.fr\/wordpress\/wp-content\/uploads\/2026\/04\/DSC_7351.jpg\"><img loading=\"lazy\" decoding=\"async\" class=\"alignnone size-medium wp-image-31132\" src=\"https:\/\/janze-athletisme.fr\/wordpress\/wp-content\/uploads\/2026\/04\/DSC_7351-300x300.jpg\" alt=\"\" width=\"300\" height=\"300\" srcset=\"https:\/\/janze-athletisme.fr\/wordpress\/wp-content\/uploads\/2026\/04\/DSC_7351-300x300.jpg 300w, https:\/\/janze-athletisme.fr\/wordpress\/wp-content\/uploads\/2026\/04\/DSC_7351-150x150.jpg 150w, https:\/\/janze-athletisme.fr\/wordpress\/wp-content\/uploads\/2026\/04\/DSC_7351-768x768.jpg 768w, https:\/\/janze-athletisme.fr\/wordpress\/wp-content\/uploads\/2026\/04\/DSC_7351.jpg 1000w\" sizes=\"auto, (max-width: 300px) 100vw, 300px\" \/><\/a><\/p>\n<p><span style=\"font-family: verdana, geneva, sans-serif;font-size: 12pt\"><em>No\u00e9mie et L\u00e9a (images d&rsquo;archives). Pour en savoir plus sur ces championnats, c&rsquo;est <a href=\"https:\/\/www.athle.fr\/competitions\/754846586843441843202852502831180837\">ICI<\/a>.<\/em><\/span><\/p>\n<p><em><span style=\"font-family: verdana, geneva, sans-serif;font-size: 12pt\">\/\/A suivre avec les gar\u00e7ons.\/\/<\/span><\/em><\/p>\n","protected":false},"excerpt":{"rendered":"<p>Championnats d\u00e9partementaux d&rsquo;\u00e9preuves combin\u00e9es, Rennes\/Courtemanche, samedi 25 et dimanche 26 avril Difficile en ce d\u00e9but de saison d&rsquo;\u00eatre au top sur le plan technique, surtout dans toutes les \u00e9preuves exig\u00e9es par les heptathlons (minimes F, cadettes, masters F), octathlons (Minimes H) et autres d\u00e9cathlons (les autres). Nos deux jeunes participantes de Janz\u00e9 athl\u00e9 ont donc [&hellip;]<\/p>\n","protected":false},"author":12,"featured_media":31132,"comment_status":"open","ping_status":"open","sticky":false,"template":"","format":"aside","meta":{"_uag_custom_page_level_css":"","site-sidebar-layout":"default","site-content-layout":"","ast-site-content-layout":"default","site-content-style":"default","site-sidebar-style":"default","ast-global-header-display":"","ast-banner-title-visibility":"","ast-main-header-display":"","ast-hfb-above-header-display":"","ast-hfb-below-header-display":"","ast-hfb-mobile-header-display":"","site-post-title":"","ast-breadcrumbs-content":"","ast-featured-img":"","footer-sml-layout":"","ast-disable-related-posts":"","theme-transparent-header-meta":"default","adv-header-id-meta":"","stick-header-meta":"","header-above-stick-meta":"","header-main-stick-meta":"","header-below-stick-meta":"","astra-migrate-meta-layouts":"set","ast-page-background-enabled":"default","ast-page-background-meta":{"desktop":{"background-color":"var(--ast-global-color-4)","background-image":"","background-repeat":"repeat","background-position":"center center","background-size":"auto","background-attachment":"scroll","background-type":"","background-media":"","overlay-type":"","overlay-color":"","overlay-opacity":"","overlay-gradient":""},"tablet":{"background-color":"","background-image":"","background-repeat":"repeat","background-position":"center center","background-size":"auto","background-attachment":"scroll","background-type":"","background-media":"","overlay-type":"","overlay-color":"","overlay-opacity":"","overlay-gradient":""},"mobile":{"background-color":"","background-image":"","background-repeat":"repeat","background-position":"center center","background-size":"auto","background-attachment":"scroll","background-type":"","background-media":"","overlay-type":"","overlay-color":"","overlay-opacity":"","overlay-gradient":""}},"ast-content-background-meta":{"desktop":{"background-color":"var(--ast-global-color-5)","background-image":"","background-repeat":"repeat","background-position":"center center","background-size":"auto","background-attachment":"scroll","background-type":"","background-media":"","overlay-type":"","overlay-color":"","overlay-opacity":"","overlay-gradient":""},"tablet":{"background-color":"var(--ast-global-color-5)","background-image":"","background-repeat":"repeat","background-position":"center center","background-size":"auto","background-attachment":"scroll","background-type":"","background-media":"","overlay-type":"","overlay-color":"","overlay-opacity":"","overlay-gradient":""},"mobile":{"background-color":"var(--ast-global-color-5)","background-image":"","background-repeat":"repeat","background-position":"center center","background-size":"auto","background-attachment":"scroll","background-type":"","background-media":"","overlay-type":"","overlay-color":"","overlay-opacity":"","overlay-gradient":""}},"footnotes":""},"categories":[6],"tags":[],"class_list":["post-31130","post","type-post","status-publish","format-aside","has-post-thumbnail","hentry","category-sections","post_format-post-format-aside"],"yoast_head":"<!-- This site is optimized with the Yoast SEO plugin v27.4 - https:\/\/yoast.com\/product\/yoast-seo-wordpress\/ -->\n<title>L\u00e9a et No\u00e9mie : les travaux d&#039;Hercule pour commencer la saison - Janz\u00e9 Athl\u00e9tisme<\/title>\n<meta name=\"robots\" content=\"index, follow, max-snippet:-1, max-image-preview:large, max-video-preview:-1\" \/>\n<link rel=\"canonical\" href=\"https:\/\/janze-athletisme.fr\/wordpress\/lea-et-noemie-les-travaux-dhercule-pour-commencer-la-saison\/\" \/>\n<meta property=\"og:locale\" content=\"fr_FR\" \/>\n<meta property=\"og:type\" content=\"article\" \/>\n<meta property=\"og:title\" content=\"L\u00e9a et No\u00e9mie : les travaux d&#039;Hercule pour commencer la saison - Janz\u00e9 Athl\u00e9tisme\" \/>\n<meta property=\"og:description\" content=\"Championnats d\u00e9partementaux d&rsquo;\u00e9preuves combin\u00e9es, Rennes\/Courtemanche, samedi 25 et dimanche 26 avril Difficile en ce d\u00e9but de saison d&rsquo;\u00eatre au top sur le plan technique, surtout dans toutes les \u00e9preuves exig\u00e9es par les heptathlons (minimes F, cadettes, masters F), octathlons (Minimes H) et autres d\u00e9cathlons (les autres). Nos deux jeunes participantes de Janz\u00e9 athl\u00e9 ont donc [&hellip;]\" \/>\n<meta property=\"og:url\" content=\"https:\/\/janze-athletisme.fr\/wordpress\/lea-et-noemie-les-travaux-dhercule-pour-commencer-la-saison\/\" \/>\n<meta property=\"og:site_name\" content=\"Janz\u00e9 Athl\u00e9tisme\" \/>\n<meta property=\"article:publisher\" content=\"https:\/\/www.facebook.com\/groups\/1007964579346590\" \/>\n<meta property=\"article:published_time\" content=\"2026-04-27T02:52:47+00:00\" \/>\n<meta property=\"article:modified_time\" content=\"2026-04-27T03:00:51+00:00\" \/>\n<meta property=\"og:image\" content=\"https:\/\/janze-athletisme.fr\/wordpress\/wp-content\/uploads\/2026\/04\/DSC_7351.jpg\" \/>\n\t<meta property=\"og:image:width\" content=\"1000\" \/>\n\t<meta property=\"og:image:height\" content=\"1000\" \/>\n\t<meta property=\"og:image:type\" content=\"image\/jpeg\" \/>\n<meta name=\"author\" content=\"Laurent Meunier\" \/>\n<meta name=\"twitter:card\" content=\"summary_large_image\" \/>\n<meta name=\"twitter:label1\" content=\"\u00c9crit par\" \/>\n\t<meta name=\"twitter:data1\" content=\"Laurent Meunier\" \/>\n\t<meta name=\"twitter:label2\" content=\"Dur\u00e9e de lecture estim\u00e9e\" \/>\n\t<meta name=\"twitter:data2\" content=\"2 minutes\" \/>\n<script type=\"application\/ld+json\" class=\"yoast-schema-graph\">{\"@context\":\"https:\\\/\\\/schema.org\",\"@graph\":[{\"@type\":\"Article\",\"@id\":\"https:\\\/\\\/janze-athletisme.fr\\\/wordpress\\\/lea-et-noemie-les-travaux-dhercule-pour-commencer-la-saison\\\/#article\",\"isPartOf\":{\"@id\":\"https:\\\/\\\/janze-athletisme.fr\\\/wordpress\\\/lea-et-noemie-les-travaux-dhercule-pour-commencer-la-saison\\\/\"},\"author\":{\"name\":\"Laurent Meunier\",\"@id\":\"https:\\\/\\\/janze-athletisme.fr\\\/wordpress\\\/#\\\/schema\\\/person\\\/c7b063dcfa6234c041d4d9b26cc2ea03\"},\"headline\":\"L\u00e9a et No\u00e9mie : les travaux d&rsquo;Hercule pour commencer la saison\",\"datePublished\":\"2026-04-27T02:52:47+00:00\",\"dateModified\":\"2026-04-27T03:00:51+00:00\",\"mainEntityOfPage\":{\"@id\":\"https:\\\/\\\/janze-athletisme.fr\\\/wordpress\\\/lea-et-noemie-les-travaux-dhercule-pour-commencer-la-saison\\\/\"},\"wordCount\":289,\"commentCount\":0,\"publisher\":{\"@id\":\"https:\\\/\\\/janze-athletisme.fr\\\/wordpress\\\/#organization\"},\"image\":{\"@id\":\"https:\\\/\\\/janze-athletisme.fr\\\/wordpress\\\/lea-et-noemie-les-travaux-dhercule-pour-commencer-la-saison\\\/#primaryimage\"},\"thumbnailUrl\":\"https:\\\/\\\/janze-athletisme.fr\\\/wordpress\\\/wp-content\\\/uploads\\\/2026\\\/04\\\/DSC_7351.jpg\",\"articleSection\":[\"Le club au jour le jour\"],\"inLanguage\":\"fr-FR\",\"potentialAction\":[{\"@type\":\"CommentAction\",\"name\":\"Comment\",\"target\":[\"https:\\\/\\\/janze-athletisme.fr\\\/wordpress\\\/lea-et-noemie-les-travaux-dhercule-pour-commencer-la-saison\\\/#respond\"]}]},{\"@type\":\"WebPage\",\"@id\":\"https:\\\/\\\/janze-athletisme.fr\\\/wordpress\\\/lea-et-noemie-les-travaux-dhercule-pour-commencer-la-saison\\\/\",\"url\":\"https:\\\/\\\/janze-athletisme.fr\\\/wordpress\\\/lea-et-noemie-les-travaux-dhercule-pour-commencer-la-saison\\\/\",\"name\":\"L\u00e9a et No\u00e9mie : les travaux d'Hercule pour commencer la saison - Janz\u00e9 Athl\u00e9tisme\",\"isPartOf\":{\"@id\":\"https:\\\/\\\/janze-athletisme.fr\\\/wordpress\\\/#website\"},\"primaryImageOfPage\":{\"@id\":\"https:\\\/\\\/janze-athletisme.fr\\\/wordpress\\\/lea-et-noemie-les-travaux-dhercule-pour-commencer-la-saison\\\/#primaryimage\"},\"image\":{\"@id\":\"https:\\\/\\\/janze-athletisme.fr\\\/wordpress\\\/lea-et-noemie-les-travaux-dhercule-pour-commencer-la-saison\\\/#primaryimage\"},\"thumbnailUrl\":\"https:\\\/\\\/janze-athletisme.fr\\\/wordpress\\\/wp-content\\\/uploads\\\/2026\\\/04\\\/DSC_7351.jpg\",\"datePublished\":\"2026-04-27T02:52:47+00:00\",\"dateModified\":\"2026-04-27T03:00:51+00:00\",\"breadcrumb\":{\"@id\":\"https:\\\/\\\/janze-athletisme.fr\\\/wordpress\\\/lea-et-noemie-les-travaux-dhercule-pour-commencer-la-saison\\\/#breadcrumb\"},\"inLanguage\":\"fr-FR\",\"potentialAction\":[{\"@type\":\"ReadAction\",\"target\":[\"https:\\\/\\\/janze-athletisme.fr\\\/wordpress\\\/lea-et-noemie-les-travaux-dhercule-pour-commencer-la-saison\\\/\"]}]},{\"@type\":\"ImageObject\",\"inLanguage\":\"fr-FR\",\"@id\":\"https:\\\/\\\/janze-athletisme.fr\\\/wordpress\\\/lea-et-noemie-les-travaux-dhercule-pour-commencer-la-saison\\\/#primaryimage\",\"url\":\"https:\\\/\\\/janze-athletisme.fr\\\/wordpress\\\/wp-content\\\/uploads\\\/2026\\\/04\\\/DSC_7351.jpg\",\"contentUrl\":\"https:\\\/\\\/janze-athletisme.fr\\\/wordpress\\\/wp-content\\\/uploads\\\/2026\\\/04\\\/DSC_7351.jpg\",\"width\":1000,\"height\":1000},{\"@type\":\"BreadcrumbList\",\"@id\":\"https:\\\/\\\/janze-athletisme.fr\\\/wordpress\\\/lea-et-noemie-les-travaux-dhercule-pour-commencer-la-saison\\\/#breadcrumb\",\"itemListElement\":[{\"@type\":\"ListItem\",\"position\":1,\"name\":\"Accueil\",\"item\":\"https:\\\/\\\/janze-athletisme.fr\\\/wordpress\\\/\"},{\"@type\":\"ListItem\",\"position\":2,\"name\":\"L\u00e9a et No\u00e9mie : les travaux d&rsquo;Hercule pour commencer la saison\"}]},{\"@type\":\"WebSite\",\"@id\":\"https:\\\/\\\/janze-athletisme.fr\\\/wordpress\\\/#website\",\"url\":\"https:\\\/\\\/janze-athletisme.fr\\\/wordpress\\\/\",\"name\":\"Janz\u00e9 Athl\u00e9tisme\",\"description\":\"Pays de La Roche aux F\u00e9es\",\"publisher\":{\"@id\":\"https:\\\/\\\/janze-athletisme.fr\\\/wordpress\\\/#organization\"},\"potentialAction\":[{\"@type\":\"SearchAction\",\"target\":{\"@type\":\"EntryPoint\",\"urlTemplate\":\"https:\\\/\\\/janze-athletisme.fr\\\/wordpress\\\/?s={search_term_string}\"},\"query-input\":{\"@type\":\"PropertyValueSpecification\",\"valueRequired\":true,\"valueName\":\"search_term_string\"}}],\"inLanguage\":\"fr-FR\"},{\"@type\":\"Organization\",\"@id\":\"https:\\\/\\\/janze-athletisme.fr\\\/wordpress\\\/#organization\",\"name\":\"Janz\u00e9 Athl\u00e9tisme\",\"url\":\"https:\\\/\\\/janze-athletisme.fr\\\/wordpress\\\/\",\"logo\":{\"@type\":\"ImageObject\",\"inLanguage\":\"fr-FR\",\"@id\":\"https:\\\/\\\/janze-athletisme.fr\\\/wordpress\\\/#\\\/schema\\\/logo\\\/image\\\/\",\"url\":\"https:\\\/\\\/janze-athletisme.fr\\\/wordpress\\\/wp-content\\\/uploads\\\/2015\\\/03\\\/logo-full1.jpg\",\"contentUrl\":\"https:\\\/\\\/janze-athletisme.fr\\\/wordpress\\\/wp-content\\\/uploads\\\/2015\\\/03\\\/logo-full1.jpg\",\"width\":437,\"height\":205,\"caption\":\"Janz\u00e9 Athl\u00e9tisme\"},\"image\":{\"@id\":\"https:\\\/\\\/janze-athletisme.fr\\\/wordpress\\\/#\\\/schema\\\/logo\\\/image\\\/\"},\"sameAs\":[\"https:\\\/\\\/www.facebook.com\\\/groups\\\/1007964579346590\"]},{\"@type\":\"Person\",\"@id\":\"https:\\\/\\\/janze-athletisme.fr\\\/wordpress\\\/#\\\/schema\\\/person\\\/c7b063dcfa6234c041d4d9b26cc2ea03\",\"name\":\"Laurent Meunier\",\"image\":{\"@type\":\"ImageObject\",\"inLanguage\":\"fr-FR\",\"@id\":\"https:\\\/\\\/secure.gravatar.com\\\/avatar\\\/dd25d581ad7c3349090f2fa6a9adb6bfa287e6a5dd8a5216a092727cd8749034?s=96&d=mm&r=g\",\"url\":\"https:\\\/\\\/secure.gravatar.com\\\/avatar\\\/dd25d581ad7c3349090f2fa6a9adb6bfa287e6a5dd8a5216a092727cd8749034?s=96&d=mm&r=g\",\"contentUrl\":\"https:\\\/\\\/secure.gravatar.com\\\/avatar\\\/dd25d581ad7c3349090f2fa6a9adb6bfa287e6a5dd8a5216a092727cd8749034?s=96&d=mm&r=g\",\"caption\":\"Laurent Meunier\"},\"url\":\"https:\\\/\\\/janze-athletisme.fr\\\/wordpress\\\/author\\\/laurent-meunier35\\\/\"}]}<\/script>\n<!-- \/ Yoast SEO plugin. -->","yoast_head_json":{"title":"L\u00e9a et No\u00e9mie : les travaux d'Hercule pour commencer la saison - Janz\u00e9 Athl\u00e9tisme","robots":{"index":"index","follow":"follow","max-snippet":"max-snippet:-1","max-image-preview":"max-image-preview:large","max-video-preview":"max-video-preview:-1"},"canonical":"https:\/\/janze-athletisme.fr\/wordpress\/lea-et-noemie-les-travaux-dhercule-pour-commencer-la-saison\/","og_locale":"fr_FR","og_type":"article","og_title":"L\u00e9a et No\u00e9mie : les travaux d'Hercule pour commencer la saison - Janz\u00e9 Athl\u00e9tisme","og_description":"Championnats d\u00e9partementaux d&rsquo;\u00e9preuves combin\u00e9es, Rennes\/Courtemanche, samedi 25 et dimanche 26 avril Difficile en ce d\u00e9but de saison d&rsquo;\u00eatre au top sur le plan technique, surtout dans toutes les \u00e9preuves exig\u00e9es par les heptathlons (minimes F, cadettes, masters F), octathlons (Minimes H) et autres d\u00e9cathlons (les autres). Nos deux jeunes participantes de Janz\u00e9 athl\u00e9 ont donc [&hellip;]","og_url":"https:\/\/janze-athletisme.fr\/wordpress\/lea-et-noemie-les-travaux-dhercule-pour-commencer-la-saison\/","og_site_name":"Janz\u00e9 Athl\u00e9tisme","article_publisher":"https:\/\/www.facebook.com\/groups\/1007964579346590","article_published_time":"2026-04-27T02:52:47+00:00","article_modified_time":"2026-04-27T03:00:51+00:00","og_image":[{"width":1000,"height":1000,"url":"https:\/\/janze-athletisme.fr\/wordpress\/wp-content\/uploads\/2026\/04\/DSC_7351.jpg","type":"image\/jpeg"}],"author":"Laurent Meunier","twitter_card":"summary_large_image","twitter_misc":{"\u00c9crit par":"Laurent Meunier","Dur\u00e9e de lecture estim\u00e9e":"2 minutes"},"schema":{"@context":"https:\/\/schema.org","@graph":[{"@type":"Article","@id":"https:\/\/janze-athletisme.fr\/wordpress\/lea-et-noemie-les-travaux-dhercule-pour-commencer-la-saison\/#article","isPartOf":{"@id":"https:\/\/janze-athletisme.fr\/wordpress\/lea-et-noemie-les-travaux-dhercule-pour-commencer-la-saison\/"},"author":{"name":"Laurent Meunier","@id":"https:\/\/janze-athletisme.fr\/wordpress\/#\/schema\/person\/c7b063dcfa6234c041d4d9b26cc2ea03"},"headline":"L\u00e9a et No\u00e9mie : les travaux d&rsquo;Hercule pour commencer la saison","datePublished":"2026-04-27T02:52:47+00:00","dateModified":"2026-04-27T03:00:51+00:00","mainEntityOfPage":{"@id":"https:\/\/janze-athletisme.fr\/wordpress\/lea-et-noemie-les-travaux-dhercule-pour-commencer-la-saison\/"},"wordCount":289,"commentCount":0,"publisher":{"@id":"https:\/\/janze-athletisme.fr\/wordpress\/#organization"},"image":{"@id":"https:\/\/janze-athletisme.fr\/wordpress\/lea-et-noemie-les-travaux-dhercule-pour-commencer-la-saison\/#primaryimage"},"thumbnailUrl":"https:\/\/janze-athletisme.fr\/wordpress\/wp-content\/uploads\/2026\/04\/DSC_7351.jpg","articleSection":["Le club au jour le jour"],"inLanguage":"fr-FR","potentialAction":[{"@type":"CommentAction","name":"Comment","target":["https:\/\/janze-athletisme.fr\/wordpress\/lea-et-noemie-les-travaux-dhercule-pour-commencer-la-saison\/#respond"]}]},{"@type":"WebPage","@id":"https:\/\/janze-athletisme.fr\/wordpress\/lea-et-noemie-les-travaux-dhercule-pour-commencer-la-saison\/","url":"https:\/\/janze-athletisme.fr\/wordpress\/lea-et-noemie-les-travaux-dhercule-pour-commencer-la-saison\/","name":"L\u00e9a et No\u00e9mie : les travaux d'Hercule pour commencer la saison - Janz\u00e9 Athl\u00e9tisme","isPartOf":{"@id":"https:\/\/janze-athletisme.fr\/wordpress\/#website"},"primaryImageOfPage":{"@id":"https:\/\/janze-athletisme.fr\/wordpress\/lea-et-noemie-les-travaux-dhercule-pour-commencer-la-saison\/#primaryimage"},"image":{"@id":"https:\/\/janze-athletisme.fr\/wordpress\/lea-et-noemie-les-travaux-dhercule-pour-commencer-la-saison\/#primaryimage"},"thumbnailUrl":"https:\/\/janze-athletisme.fr\/wordpress\/wp-content\/uploads\/2026\/04\/DSC_7351.jpg","datePublished":"2026-04-27T02:52:47+00:00","dateModified":"2026-04-27T03:00:51+00:00","breadcrumb":{"@id":"https:\/\/janze-athletisme.fr\/wordpress\/lea-et-noemie-les-travaux-dhercule-pour-commencer-la-saison\/#breadcrumb"},"inLanguage":"fr-FR","potentialAction":[{"@type":"ReadAction","target":["https:\/\/janze-athletisme.fr\/wordpress\/lea-et-noemie-les-travaux-dhercule-pour-commencer-la-saison\/"]}]},{"@type":"ImageObject","inLanguage":"fr-FR","@id":"https:\/\/janze-athletisme.fr\/wordpress\/lea-et-noemie-les-travaux-dhercule-pour-commencer-la-saison\/#primaryimage","url":"https:\/\/janze-athletisme.fr\/wordpress\/wp-content\/uploads\/2026\/04\/DSC_7351.jpg","contentUrl":"https:\/\/janze-athletisme.fr\/wordpress\/wp-content\/uploads\/2026\/04\/DSC_7351.jpg","width":1000,"height":1000},{"@type":"BreadcrumbList","@id":"https:\/\/janze-athletisme.fr\/wordpress\/lea-et-noemie-les-travaux-dhercule-pour-commencer-la-saison\/#breadcrumb","itemListElement":[{"@type":"ListItem","position":1,"name":"Accueil","item":"https:\/\/janze-athletisme.fr\/wordpress\/"},{"@type":"ListItem","position":2,"name":"L\u00e9a et No\u00e9mie : les travaux d&rsquo;Hercule pour commencer la saison"}]},{"@type":"WebSite","@id":"https:\/\/janze-athletisme.fr\/wordpress\/#website","url":"https:\/\/janze-athletisme.fr\/wordpress\/","name":"Janz\u00e9 Athl\u00e9tisme","description":"Pays de La Roche aux F\u00e9es","publisher":{"@id":"https:\/\/janze-athletisme.fr\/wordpress\/#organization"},"potentialAction":[{"@type":"SearchAction","target":{"@type":"EntryPoint","urlTemplate":"https:\/\/janze-athletisme.fr\/wordpress\/?s={search_term_string}"},"query-input":{"@type":"PropertyValueSpecification","valueRequired":true,"valueName":"search_term_string"}}],"inLanguage":"fr-FR"},{"@type":"Organization","@id":"https:\/\/janze-athletisme.fr\/wordpress\/#organization","name":"Janz\u00e9 Athl\u00e9tisme","url":"https:\/\/janze-athletisme.fr\/wordpress\/","logo":{"@type":"ImageObject","inLanguage":"fr-FR","@id":"https:\/\/janze-athletisme.fr\/wordpress\/#\/schema\/logo\/image\/","url":"https:\/\/janze-athletisme.fr\/wordpress\/wp-content\/uploads\/2015\/03\/logo-full1.jpg","contentUrl":"https:\/\/janze-athletisme.fr\/wordpress\/wp-content\/uploads\/2015\/03\/logo-full1.jpg","width":437,"height":205,"caption":"Janz\u00e9 Athl\u00e9tisme"},"image":{"@id":"https:\/\/janze-athletisme.fr\/wordpress\/#\/schema\/logo\/image\/"},"sameAs":["https:\/\/www.facebook.com\/groups\/1007964579346590"]},{"@type":"Person","@id":"https:\/\/janze-athletisme.fr\/wordpress\/#\/schema\/person\/c7b063dcfa6234c041d4d9b26cc2ea03","name":"Laurent Meunier","image":{"@type":"ImageObject","inLanguage":"fr-FR","@id":"https:\/\/secure.gravatar.com\/avatar\/dd25d581ad7c3349090f2fa6a9adb6bfa287e6a5dd8a5216a092727cd8749034?s=96&d=mm&r=g","url":"https:\/\/secure.gravatar.com\/avatar\/dd25d581ad7c3349090f2fa6a9adb6bfa287e6a5dd8a5216a092727cd8749034?s=96&d=mm&r=g","contentUrl":"https:\/\/secure.gravatar.com\/avatar\/dd25d581ad7c3349090f2fa6a9adb6bfa287e6a5dd8a5216a092727cd8749034?s=96&d=mm&r=g","caption":"Laurent Meunier"},"url":"https:\/\/janze-athletisme.fr\/wordpress\/author\/laurent-meunier35\/"}]}},"uagb_featured_image_src":{"full":["https:\/\/janze-athletisme.fr\/wordpress\/wp-content\/uploads\/2026\/04\/DSC_7351.jpg",1000,1000,false],"thumbnail":["https:\/\/janze-athletisme.fr\/wordpress\/wp-content\/uploads\/2026\/04\/DSC_7351-150x150.jpg",150,150,true],"medium":["https:\/\/janze-athletisme.fr\/wordpress\/wp-content\/uploads\/2026\/04\/DSC_7351-300x300.jpg",300,300,true],"medium_large":["https:\/\/janze-athletisme.fr\/wordpress\/wp-content\/uploads\/2026\/04\/DSC_7351-768x768.jpg",768,768,true],"large":["https:\/\/janze-athletisme.fr\/wordpress\/wp-content\/uploads\/2026\/04\/DSC_7351.jpg",1000,1000,false],"1536x1536":["https:\/\/janze-athletisme.fr\/wordpress\/wp-content\/uploads\/2026\/04\/DSC_7351.jpg",1000,1000,false],"2048x2048":["https:\/\/janze-athletisme.fr\/wordpress\/wp-content\/uploads\/2026\/04\/DSC_7351.jpg",1000,1000,false]},"uagb_author_info":{"display_name":"Laurent Meunier","author_link":"https:\/\/janze-athletisme.fr\/wordpress\/author\/laurent-meunier35\/"},"uagb_comment_info":0,"uagb_excerpt":"Championnats d\u00e9partementaux d&rsquo;\u00e9preuves combin\u00e9es, Rennes\/Courtemanche, samedi 25 et dimanche 26 avril Difficile en ce d\u00e9but de saison d&rsquo;\u00eatre au top sur le plan technique, surtout dans toutes les \u00e9preuves exig\u00e9es par les heptathlons (minimes F, cadettes, masters F), octathlons (Minimes H) et autres d\u00e9cathlons (les autres). Nos deux jeunes participantes de Janz\u00e9 athl\u00e9 ont donc\u2026","_links":{"self":[{"href":"https:\/\/janze-athletisme.fr\/wordpress\/wp-json\/wp\/v2\/posts\/31130","targetHints":{"allow":["GET"]}}],"collection":[{"href":"https:\/\/janze-athletisme.fr\/wordpress\/wp-json\/wp\/v2\/posts"}],"about":[{"href":"https:\/\/janze-athletisme.fr\/wordpress\/wp-json\/wp\/v2\/types\/post"}],"author":[{"embeddable":true,"href":"https:\/\/janze-athletisme.fr\/wordpress\/wp-json\/wp\/v2\/users\/12"}],"replies":[{"embeddable":true,"href":"https:\/\/janze-athletisme.fr\/wordpress\/wp-json\/wp\/v2\/comments?post=31130"}],"version-history":[{"count":3,"href":"https:\/\/janze-athletisme.fr\/wordpress\/wp-json\/wp\/v2\/posts\/31130\/revisions"}],"predecessor-version":[{"id":31135,"href":"https:\/\/janze-athletisme.fr\/wordpress\/wp-json\/wp\/v2\/posts\/31130\/revisions\/31135"}],"wp:featuredmedia":[{"embeddable":true,"href":"https:\/\/janze-athletisme.fr\/wordpress\/wp-json\/wp\/v2\/media\/31132"}],"wp:attachment":[{"href":"https:\/\/janze-athletisme.fr\/wordpress\/wp-json\/wp\/v2\/media?parent=31130"}],"wp:term":[{"taxonomy":"category","embeddable":true,"href":"https:\/\/janze-athletisme.fr\/wordpress\/wp-json\/wp\/v2\/categories?post=31130"},{"taxonomy":"post_tag","embeddable":true,"href":"https:\/\/janze-athletisme.fr\/wordpress\/wp-json\/wp\/v2\/tags?post=31130"}],"curies":[{"name":"wp","href":"https:\/\/api.w.org\/{rel}","templated":true}]}}