{"id":31115,"date":"2026-04-26T19:19:47","date_gmt":"2026-04-26T17:19:47","guid":{"rendered":"https:\/\/janze-athletisme.fr\/wordpress\/?p=31115"},"modified":"2026-04-26T19:20:38","modified_gmt":"2026-04-26T17:20:38","slug":"rennes-1er-trail-urbain-de-france","status":"publish","type":"post","link":"https:\/\/janze-athletisme.fr\/wordpress\/rennes-1er-trail-urbain-de-france\/","title":{"rendered":"Rennes: 1er trail urbain de France !"},"content":{"rendered":"<h1 style=\"text-align: center;\"><span style=\"color: #800000; font-family: comic sans ms, sans-serif;\">Rennes Urban Trail<\/span><\/h1>\n<p>&nbsp;<\/p>\n<p><span style=\"color: #000000;\">Il y en avait du monde \u00e0 Rennes pour cette \u00e9dition de l&rsquo;Urban Trail ! avec en plus une m\u00e9t\u00e9o id\u00e9ale et un gros contingent de Janz\u00e9ens. A noter que l&rsquo;Urban de Rennes est la course la plus importante de France en nombre de participants. Pour rappel, c&rsquo;est Lyon en 2008 qui a lanc\u00e9 le concept de trail urbain.<\/span><\/p>\n<p><span style=\"color: #000000;\">Gros contingent et donc gros tableau alors j&rsquo;ai fais au mieux et au plus simple.<\/span><\/p>\n<p><span style=\"color: #000000;\">Pour le 1er tableau vous avez le 7km, ensuite le 14 puis le 24 km. A noter qu&rsquo;il peut manquer certaines licenci\u00e9s mais inscrits sous une autre appellation que Janz\u00e9 athl\u00e9tisme alors d\u00e9sol\u00e9 si vous ne voyez pas appara\u00eetre votre nom&#8230;<\/span><\/p>\n<p><span style=\"color: #000000;\">Bravo \u00e0 L\u00e9a qui fera le seul podium du club. Honneur aux jeunes et \u00e0 notre f\u00e9minine du jour ! bravo championne.<\/span><\/p>\n<p><span style=\"color: #000000;\">Pas toujours facile ce parcours. Beaucoup de monde donc, beaucoup de bouchons. Des mont\u00e9es, des descentes, des escaliers, du goudron, des pav\u00e9s, du carrelage&#8230;on se demande ce qu&rsquo;il faut prendre comme chaussures&#8230;<\/span><\/p>\n<p><span style=\"color: #000000;\">Bravo en tout cas \u00e0 toutes et \u00e0 tous pour votre participation et pour avoir mis en avant le maillot du club (pour ceux qui l&rsquo;avaient en tout cas&#8230;).<\/span><\/p>\n<p>&nbsp;<\/p>\n<p><a href=\"https:\/\/janze-athletisme.fr\/wordpress\/wp-content\/uploads\/2026\/04\/Screenshot-2026-04-26-at-18-59-54-Resultats-7km-Rennes-Urban-Trail-2026-35000-Rennes.png\"><img loading=\"lazy\" decoding=\"async\" class=\"wp-image-31116 aligncenter\" src=\"https:\/\/janze-athletisme.fr\/wordpress\/wp-content\/uploads\/2026\/04\/Screenshot-2026-04-26-at-18-59-54-Resultats-7km-Rennes-Urban-Trail-2026-35000-Rennes-300x93.png\" alt=\"\" width=\"1246\" height=\"386\" srcset=\"https:\/\/janze-athletisme.fr\/wordpress\/wp-content\/uploads\/2026\/04\/Screenshot-2026-04-26-at-18-59-54-Resultats-7km-Rennes-Urban-Trail-2026-35000-Rennes-300x93.png 300w, https:\/\/janze-athletisme.fr\/wordpress\/wp-content\/uploads\/2026\/04\/Screenshot-2026-04-26-at-18-59-54-Resultats-7km-Rennes-Urban-Trail-2026-35000-Rennes-1024x316.png 1024w, https:\/\/janze-athletisme.fr\/wordpress\/wp-content\/uploads\/2026\/04\/Screenshot-2026-04-26-at-18-59-54-Resultats-7km-Rennes-Urban-Trail-2026-35000-Rennes-768x237.png 768w, https:\/\/janze-athletisme.fr\/wordpress\/wp-content\/uploads\/2026\/04\/Screenshot-2026-04-26-at-18-59-54-Resultats-7km-Rennes-Urban-Trail-2026-35000-Rennes.png 1108w\" sizes=\"auto, (max-width: 1246px) 100vw, 1246px\" \/><\/a><a href=\"https:\/\/janze-athletisme.fr\/wordpress\/wp-content\/uploads\/2026\/04\/Screenshot-2026-04-26-at-19-01-08-Resultats-14km-Rennes-Urban-Trail-2026-35000-Rennes.png\"><img loading=\"lazy\" decoding=\"async\" class=\"wp-image-31117 aligncenter\" src=\"https:\/\/janze-athletisme.fr\/wordpress\/wp-content\/uploads\/2026\/04\/Screenshot-2026-04-26-at-19-01-08-Resultats-14km-Rennes-Urban-Trail-2026-35000-Rennes-300x113.png\" alt=\"\" width=\"1242\" height=\"468\" srcset=\"https:\/\/janze-athletisme.fr\/wordpress\/wp-content\/uploads\/2026\/04\/Screenshot-2026-04-26-at-19-01-08-Resultats-14km-Rennes-Urban-Trail-2026-35000-Rennes-300x113.png 300w, https:\/\/janze-athletisme.fr\/wordpress\/wp-content\/uploads\/2026\/04\/Screenshot-2026-04-26-at-19-01-08-Resultats-14km-Rennes-Urban-Trail-2026-35000-Rennes-1024x385.png 1024w, https:\/\/janze-athletisme.fr\/wordpress\/wp-content\/uploads\/2026\/04\/Screenshot-2026-04-26-at-19-01-08-Resultats-14km-Rennes-Urban-Trail-2026-35000-Rennes-768x289.png 768w, https:\/\/janze-athletisme.fr\/wordpress\/wp-content\/uploads\/2026\/04\/Screenshot-2026-04-26-at-19-01-08-Resultats-14km-Rennes-Urban-Trail-2026-35000-Rennes.png 1099w\" sizes=\"auto, (max-width: 1242px) 100vw, 1242px\" \/><\/a><a href=\"https:\/\/janze-athletisme.fr\/wordpress\/wp-content\/uploads\/2026\/04\/Screenshot-2026-04-26-at-19-00-25-Resultats-24km-Rennes-Urban-Trail-2026-35000-Rennes.png\"><img loading=\"lazy\" decoding=\"async\" class=\" wp-image-31118 aligncenter\" src=\"https:\/\/janze-athletisme.fr\/wordpress\/wp-content\/uploads\/2026\/04\/Screenshot-2026-04-26-at-19-00-25-Resultats-24km-Rennes-Urban-Trail-2026-35000-Rennes-300x55.png\" alt=\"\" width=\"1244\" height=\"228\" srcset=\"https:\/\/janze-athletisme.fr\/wordpress\/wp-content\/uploads\/2026\/04\/Screenshot-2026-04-26-at-19-00-25-Resultats-24km-Rennes-Urban-Trail-2026-35000-Rennes-300x55.png 300w, https:\/\/janze-athletisme.fr\/wordpress\/wp-content\/uploads\/2026\/04\/Screenshot-2026-04-26-at-19-00-25-Resultats-24km-Rennes-Urban-Trail-2026-35000-Rennes-1024x187.png 1024w, https:\/\/janze-athletisme.fr\/wordpress\/wp-content\/uploads\/2026\/04\/Screenshot-2026-04-26-at-19-00-25-Resultats-24km-Rennes-Urban-Trail-2026-35000-Rennes-768x140.png 768w, https:\/\/janze-athletisme.fr\/wordpress\/wp-content\/uploads\/2026\/04\/Screenshot-2026-04-26-at-19-00-25-Resultats-24km-Rennes-Urban-Trail-2026-35000-Rennes.png 1107w\" sizes=\"auto, (max-width: 1244px) 100vw, 1244px\" \/><\/a><\/p>\n","protected":false},"excerpt":{"rendered":"<p>Rennes Urban Trail &nbsp; Il y en avait du monde \u00e0 Rennes pour cette \u00e9dition de l&rsquo;Urban Trail ! avec en plus une m\u00e9t\u00e9o id\u00e9ale et un gros contingent de Janz\u00e9ens. A noter que l&rsquo;Urban de Rennes est la course la plus importante de France en nombre de participants. Pour rappel, c&rsquo;est Lyon en 2008 [&hellip;]<\/p>\n","protected":false},"author":8,"featured_media":31122,"comment_status":"open","ping_status":"open","sticky":false,"template":"","format":"aside","meta":{"_uag_custom_page_level_css":"","site-sidebar-layout":"default","site-content-layout":"","ast-site-content-layout":"default","site-content-style":"default","site-sidebar-style":"default","ast-global-header-display":"","ast-banner-title-visibility":"","ast-main-header-display":"","ast-hfb-above-header-display":"","ast-hfb-below-header-display":"","ast-hfb-mobile-header-display":"","site-post-title":"","ast-breadcrumbs-content":"","ast-featured-img":"","footer-sml-layout":"","ast-disable-related-posts":"","theme-transparent-header-meta":"default","adv-header-id-meta":"","stick-header-meta":"","header-above-stick-meta":"","header-main-stick-meta":"","header-below-stick-meta":"","astra-migrate-meta-layouts":"set","ast-page-background-enabled":"default","ast-page-background-meta":{"desktop":{"background-color":"var(--ast-global-color-4)","background-image":"","background-repeat":"repeat","background-position":"center center","background-size":"auto","background-attachment":"scroll","background-type":"","background-media":"","overlay-type":"","overlay-color":"","overlay-opacity":"","overlay-gradient":""},"tablet":{"background-color":"","background-image":"","background-repeat":"repeat","background-position":"center center","background-size":"auto","background-attachment":"scroll","background-type":"","background-media":"","overlay-type":"","overlay-color":"","overlay-opacity":"","overlay-gradient":""},"mobile":{"background-color":"","background-image":"","background-repeat":"repeat","background-position":"center center","background-size":"auto","background-attachment":"scroll","background-type":"","background-media":"","overlay-type":"","overlay-color":"","overlay-opacity":"","overlay-gradient":""}},"ast-content-background-meta":{"desktop":{"background-color":"var(--ast-global-color-5)","background-image":"","background-repeat":"repeat","background-position":"center center","background-size":"auto","background-attachment":"scroll","background-type":"","background-media":"","overlay-type":"","overlay-color":"","overlay-opacity":"","overlay-gradient":""},"tablet":{"background-color":"var(--ast-global-color-5)","background-image":"","background-repeat":"repeat","background-position":"center center","background-size":"auto","background-attachment":"scroll","background-type":"","background-media":"","overlay-type":"","overlay-color":"","overlay-opacity":"","overlay-gradient":""},"mobile":{"background-color":"var(--ast-global-color-5)","background-image":"","background-repeat":"repeat","background-position":"center center","background-size":"auto","background-attachment":"scroll","background-type":"","background-media":"","overlay-type":"","overlay-color":"","overlay-opacity":"","overlay-gradient":""}},"footnotes":""},"categories":[6],"tags":[],"class_list":["post-31115","post","type-post","status-publish","format-aside","has-post-thumbnail","hentry","category-sections","post_format-post-format-aside"],"yoast_head":"<!-- This site is optimized with the Yoast SEO plugin v27.4 - https:\/\/yoast.com\/product\/yoast-seo-wordpress\/ -->\n<title>Rennes: 1er trail urbain de France ! - Janz\u00e9 Athl\u00e9tisme<\/title>\n<meta name=\"robots\" content=\"index, follow, max-snippet:-1, max-image-preview:large, max-video-preview:-1\" \/>\n<link rel=\"canonical\" href=\"https:\/\/janze-athletisme.fr\/wordpress\/rennes-1er-trail-urbain-de-france\/\" \/>\n<meta property=\"og:locale\" content=\"fr_FR\" \/>\n<meta property=\"og:type\" content=\"article\" \/>\n<meta property=\"og:title\" content=\"Rennes: 1er trail urbain de France ! - Janz\u00e9 Athl\u00e9tisme\" \/>\n<meta property=\"og:description\" content=\"Rennes Urban Trail &nbsp; Il y en avait du monde \u00e0 Rennes pour cette \u00e9dition de l&rsquo;Urban Trail ! avec en plus une m\u00e9t\u00e9o id\u00e9ale et un gros contingent de Janz\u00e9ens. A noter que l&rsquo;Urban de Rennes est la course la plus importante de France en nombre de participants. Pour rappel, c&rsquo;est Lyon en 2008 [&hellip;]\" \/>\n<meta property=\"og:url\" content=\"https:\/\/janze-athletisme.fr\/wordpress\/rennes-1er-trail-urbain-de-france\/\" \/>\n<meta property=\"og:site_name\" content=\"Janz\u00e9 Athl\u00e9tisme\" \/>\n<meta property=\"article:publisher\" content=\"https:\/\/www.facebook.com\/groups\/1007964579346590\" \/>\n<meta property=\"article:published_time\" content=\"2026-04-26T17:19:47+00:00\" \/>\n<meta property=\"article:modified_time\" content=\"2026-04-26T17:20:38+00:00\" \/>\n<meta property=\"og:image\" content=\"https:\/\/janze-athletisme.fr\/wordpress\/wp-content\/uploads\/2026\/04\/Sans-titre-7.jpg\" \/>\n\t<meta property=\"og:image:width\" content=\"225\" \/>\n\t<meta property=\"og:image:height\" content=\"225\" \/>\n\t<meta property=\"og:image:type\" content=\"image\/jpeg\" \/>\n<meta name=\"author\" content=\"Jean-Marie Jouzel\" \/>\n<meta name=\"twitter:card\" content=\"summary_large_image\" \/>\n<meta name=\"twitter:label1\" content=\"\u00c9crit par\" \/>\n\t<meta name=\"twitter:data1\" content=\"Jean-Marie Jouzel\" \/>\n\t<meta name=\"twitter:label2\" content=\"Dur\u00e9e de lecture estim\u00e9e\" \/>\n\t<meta name=\"twitter:data2\" content=\"2 minutes\" \/>\n<script type=\"application\/ld+json\" class=\"yoast-schema-graph\">{\"@context\":\"https:\\\/\\\/schema.org\",\"@graph\":[{\"@type\":\"Article\",\"@id\":\"https:\\\/\\\/janze-athletisme.fr\\\/wordpress\\\/rennes-1er-trail-urbain-de-france\\\/#article\",\"isPartOf\":{\"@id\":\"https:\\\/\\\/janze-athletisme.fr\\\/wordpress\\\/rennes-1er-trail-urbain-de-france\\\/\"},\"author\":{\"name\":\"Jean-Marie Jouzel\",\"@id\":\"https:\\\/\\\/janze-athletisme.fr\\\/wordpress\\\/#\\\/schema\\\/person\\\/e27efa3d49687b81c679eb0b5c4973e9\"},\"headline\":\"Rennes: 1er trail urbain de France !\",\"datePublished\":\"2026-04-26T17:19:47+00:00\",\"dateModified\":\"2026-04-26T17:20:38+00:00\",\"mainEntityOfPage\":{\"@id\":\"https:\\\/\\\/janze-athletisme.fr\\\/wordpress\\\/rennes-1er-trail-urbain-de-france\\\/\"},\"wordCount\":219,\"commentCount\":0,\"publisher\":{\"@id\":\"https:\\\/\\\/janze-athletisme.fr\\\/wordpress\\\/#organization\"},\"image\":{\"@id\":\"https:\\\/\\\/janze-athletisme.fr\\\/wordpress\\\/rennes-1er-trail-urbain-de-france\\\/#primaryimage\"},\"thumbnailUrl\":\"https:\\\/\\\/janze-athletisme.fr\\\/wordpress\\\/wp-content\\\/uploads\\\/2026\\\/04\\\/Sans-titre-7.jpg\",\"articleSection\":[\"Le club au jour le jour\"],\"inLanguage\":\"fr-FR\",\"potentialAction\":[{\"@type\":\"CommentAction\",\"name\":\"Comment\",\"target\":[\"https:\\\/\\\/janze-athletisme.fr\\\/wordpress\\\/rennes-1er-trail-urbain-de-france\\\/#respond\"]}]},{\"@type\":\"WebPage\",\"@id\":\"https:\\\/\\\/janze-athletisme.fr\\\/wordpress\\\/rennes-1er-trail-urbain-de-france\\\/\",\"url\":\"https:\\\/\\\/janze-athletisme.fr\\\/wordpress\\\/rennes-1er-trail-urbain-de-france\\\/\",\"name\":\"Rennes: 1er trail urbain de France ! - Janz\u00e9 Athl\u00e9tisme\",\"isPartOf\":{\"@id\":\"https:\\\/\\\/janze-athletisme.fr\\\/wordpress\\\/#website\"},\"primaryImageOfPage\":{\"@id\":\"https:\\\/\\\/janze-athletisme.fr\\\/wordpress\\\/rennes-1er-trail-urbain-de-france\\\/#primaryimage\"},\"image\":{\"@id\":\"https:\\\/\\\/janze-athletisme.fr\\\/wordpress\\\/rennes-1er-trail-urbain-de-france\\\/#primaryimage\"},\"thumbnailUrl\":\"https:\\\/\\\/janze-athletisme.fr\\\/wordpress\\\/wp-content\\\/uploads\\\/2026\\\/04\\\/Sans-titre-7.jpg\",\"datePublished\":\"2026-04-26T17:19:47+00:00\",\"dateModified\":\"2026-04-26T17:20:38+00:00\",\"breadcrumb\":{\"@id\":\"https:\\\/\\\/janze-athletisme.fr\\\/wordpress\\\/rennes-1er-trail-urbain-de-france\\\/#breadcrumb\"},\"inLanguage\":\"fr-FR\",\"potentialAction\":[{\"@type\":\"ReadAction\",\"target\":[\"https:\\\/\\\/janze-athletisme.fr\\\/wordpress\\\/rennes-1er-trail-urbain-de-france\\\/\"]}]},{\"@type\":\"ImageObject\",\"inLanguage\":\"fr-FR\",\"@id\":\"https:\\\/\\\/janze-athletisme.fr\\\/wordpress\\\/rennes-1er-trail-urbain-de-france\\\/#primaryimage\",\"url\":\"https:\\\/\\\/janze-athletisme.fr\\\/wordpress\\\/wp-content\\\/uploads\\\/2026\\\/04\\\/Sans-titre-7.jpg\",\"contentUrl\":\"https:\\\/\\\/janze-athletisme.fr\\\/wordpress\\\/wp-content\\\/uploads\\\/2026\\\/04\\\/Sans-titre-7.jpg\",\"width\":225,\"height\":225},{\"@type\":\"BreadcrumbList\",\"@id\":\"https:\\\/\\\/janze-athletisme.fr\\\/wordpress\\\/rennes-1er-trail-urbain-de-france\\\/#breadcrumb\",\"itemListElement\":[{\"@type\":\"ListItem\",\"position\":1,\"name\":\"Accueil\",\"item\":\"https:\\\/\\\/janze-athletisme.fr\\\/wordpress\\\/\"},{\"@type\":\"ListItem\",\"position\":2,\"name\":\"Rennes: 1er trail urbain de France !\"}]},{\"@type\":\"WebSite\",\"@id\":\"https:\\\/\\\/janze-athletisme.fr\\\/wordpress\\\/#website\",\"url\":\"https:\\\/\\\/janze-athletisme.fr\\\/wordpress\\\/\",\"name\":\"Janz\u00e9 Athl\u00e9tisme\",\"description\":\"Pays de La Roche aux F\u00e9es\",\"publisher\":{\"@id\":\"https:\\\/\\\/janze-athletisme.fr\\\/wordpress\\\/#organization\"},\"potentialAction\":[{\"@type\":\"SearchAction\",\"target\":{\"@type\":\"EntryPoint\",\"urlTemplate\":\"https:\\\/\\\/janze-athletisme.fr\\\/wordpress\\\/?s={search_term_string}\"},\"query-input\":{\"@type\":\"PropertyValueSpecification\",\"valueRequired\":true,\"valueName\":\"search_term_string\"}}],\"inLanguage\":\"fr-FR\"},{\"@type\":\"Organization\",\"@id\":\"https:\\\/\\\/janze-athletisme.fr\\\/wordpress\\\/#organization\",\"name\":\"Janz\u00e9 Athl\u00e9tisme\",\"url\":\"https:\\\/\\\/janze-athletisme.fr\\\/wordpress\\\/\",\"logo\":{\"@type\":\"ImageObject\",\"inLanguage\":\"fr-FR\",\"@id\":\"https:\\\/\\\/janze-athletisme.fr\\\/wordpress\\\/#\\\/schema\\\/logo\\\/image\\\/\",\"url\":\"https:\\\/\\\/janze-athletisme.fr\\\/wordpress\\\/wp-content\\\/uploads\\\/2015\\\/03\\\/logo-full1.jpg\",\"contentUrl\":\"https:\\\/\\\/janze-athletisme.fr\\\/wordpress\\\/wp-content\\\/uploads\\\/2015\\\/03\\\/logo-full1.jpg\",\"width\":437,\"height\":205,\"caption\":\"Janz\u00e9 Athl\u00e9tisme\"},\"image\":{\"@id\":\"https:\\\/\\\/janze-athletisme.fr\\\/wordpress\\\/#\\\/schema\\\/logo\\\/image\\\/\"},\"sameAs\":[\"https:\\\/\\\/www.facebook.com\\\/groups\\\/1007964579346590\"]},{\"@type\":\"Person\",\"@id\":\"https:\\\/\\\/janze-athletisme.fr\\\/wordpress\\\/#\\\/schema\\\/person\\\/e27efa3d49687b81c679eb0b5c4973e9\",\"name\":\"Jean-Marie Jouzel\",\"image\":{\"@type\":\"ImageObject\",\"inLanguage\":\"fr-FR\",\"@id\":\"https:\\\/\\\/secure.gravatar.com\\\/avatar\\\/6aaee532914ad5ae9d6b4c13c953c6689456493b17979b560cf8fd0c344930ab?s=96&d=mm&r=g\",\"url\":\"https:\\\/\\\/secure.gravatar.com\\\/avatar\\\/6aaee532914ad5ae9d6b4c13c953c6689456493b17979b560cf8fd0c344930ab?s=96&d=mm&r=g\",\"contentUrl\":\"https:\\\/\\\/secure.gravatar.com\\\/avatar\\\/6aaee532914ad5ae9d6b4c13c953c6689456493b17979b560cf8fd0c344930ab?s=96&d=mm&r=g\",\"caption\":\"Jean-Marie Jouzel\"},\"url\":\"https:\\\/\\\/janze-athletisme.fr\\\/wordpress\\\/author\\\/jmjouzel\\\/\"}]}<\/script>\n<!-- \/ Yoast SEO plugin. -->","yoast_head_json":{"title":"Rennes: 1er trail urbain de France ! - Janz\u00e9 Athl\u00e9tisme","robots":{"index":"index","follow":"follow","max-snippet":"max-snippet:-1","max-image-preview":"max-image-preview:large","max-video-preview":"max-video-preview:-1"},"canonical":"https:\/\/janze-athletisme.fr\/wordpress\/rennes-1er-trail-urbain-de-france\/","og_locale":"fr_FR","og_type":"article","og_title":"Rennes: 1er trail urbain de France ! - Janz\u00e9 Athl\u00e9tisme","og_description":"Rennes Urban Trail &nbsp; Il y en avait du monde \u00e0 Rennes pour cette \u00e9dition de l&rsquo;Urban Trail ! avec en plus une m\u00e9t\u00e9o id\u00e9ale et un gros contingent de Janz\u00e9ens. A noter que l&rsquo;Urban de Rennes est la course la plus importante de France en nombre de participants. Pour rappel, c&rsquo;est Lyon en 2008 [&hellip;]","og_url":"https:\/\/janze-athletisme.fr\/wordpress\/rennes-1er-trail-urbain-de-france\/","og_site_name":"Janz\u00e9 Athl\u00e9tisme","article_publisher":"https:\/\/www.facebook.com\/groups\/1007964579346590","article_published_time":"2026-04-26T17:19:47+00:00","article_modified_time":"2026-04-26T17:20:38+00:00","og_image":[{"width":225,"height":225,"url":"https:\/\/janze-athletisme.fr\/wordpress\/wp-content\/uploads\/2026\/04\/Sans-titre-7.jpg","type":"image\/jpeg"}],"author":"Jean-Marie Jouzel","twitter_card":"summary_large_image","twitter_misc":{"\u00c9crit par":"Jean-Marie Jouzel","Dur\u00e9e de lecture estim\u00e9e":"2 minutes"},"schema":{"@context":"https:\/\/schema.org","@graph":[{"@type":"Article","@id":"https:\/\/janze-athletisme.fr\/wordpress\/rennes-1er-trail-urbain-de-france\/#article","isPartOf":{"@id":"https:\/\/janze-athletisme.fr\/wordpress\/rennes-1er-trail-urbain-de-france\/"},"author":{"name":"Jean-Marie Jouzel","@id":"https:\/\/janze-athletisme.fr\/wordpress\/#\/schema\/person\/e27efa3d49687b81c679eb0b5c4973e9"},"headline":"Rennes: 1er trail urbain de France !","datePublished":"2026-04-26T17:19:47+00:00","dateModified":"2026-04-26T17:20:38+00:00","mainEntityOfPage":{"@id":"https:\/\/janze-athletisme.fr\/wordpress\/rennes-1er-trail-urbain-de-france\/"},"wordCount":219,"commentCount":0,"publisher":{"@id":"https:\/\/janze-athletisme.fr\/wordpress\/#organization"},"image":{"@id":"https:\/\/janze-athletisme.fr\/wordpress\/rennes-1er-trail-urbain-de-france\/#primaryimage"},"thumbnailUrl":"https:\/\/janze-athletisme.fr\/wordpress\/wp-content\/uploads\/2026\/04\/Sans-titre-7.jpg","articleSection":["Le club au jour le jour"],"inLanguage":"fr-FR","potentialAction":[{"@type":"CommentAction","name":"Comment","target":["https:\/\/janze-athletisme.fr\/wordpress\/rennes-1er-trail-urbain-de-france\/#respond"]}]},{"@type":"WebPage","@id":"https:\/\/janze-athletisme.fr\/wordpress\/rennes-1er-trail-urbain-de-france\/","url":"https:\/\/janze-athletisme.fr\/wordpress\/rennes-1er-trail-urbain-de-france\/","name":"Rennes: 1er trail urbain de France ! - Janz\u00e9 Athl\u00e9tisme","isPartOf":{"@id":"https:\/\/janze-athletisme.fr\/wordpress\/#website"},"primaryImageOfPage":{"@id":"https:\/\/janze-athletisme.fr\/wordpress\/rennes-1er-trail-urbain-de-france\/#primaryimage"},"image":{"@id":"https:\/\/janze-athletisme.fr\/wordpress\/rennes-1er-trail-urbain-de-france\/#primaryimage"},"thumbnailUrl":"https:\/\/janze-athletisme.fr\/wordpress\/wp-content\/uploads\/2026\/04\/Sans-titre-7.jpg","datePublished":"2026-04-26T17:19:47+00:00","dateModified":"2026-04-26T17:20:38+00:00","breadcrumb":{"@id":"https:\/\/janze-athletisme.fr\/wordpress\/rennes-1er-trail-urbain-de-france\/#breadcrumb"},"inLanguage":"fr-FR","potentialAction":[{"@type":"ReadAction","target":["https:\/\/janze-athletisme.fr\/wordpress\/rennes-1er-trail-urbain-de-france\/"]}]},{"@type":"ImageObject","inLanguage":"fr-FR","@id":"https:\/\/janze-athletisme.fr\/wordpress\/rennes-1er-trail-urbain-de-france\/#primaryimage","url":"https:\/\/janze-athletisme.fr\/wordpress\/wp-content\/uploads\/2026\/04\/Sans-titre-7.jpg","contentUrl":"https:\/\/janze-athletisme.fr\/wordpress\/wp-content\/uploads\/2026\/04\/Sans-titre-7.jpg","width":225,"height":225},{"@type":"BreadcrumbList","@id":"https:\/\/janze-athletisme.fr\/wordpress\/rennes-1er-trail-urbain-de-france\/#breadcrumb","itemListElement":[{"@type":"ListItem","position":1,"name":"Accueil","item":"https:\/\/janze-athletisme.fr\/wordpress\/"},{"@type":"ListItem","position":2,"name":"Rennes: 1er trail urbain de France !"}]},{"@type":"WebSite","@id":"https:\/\/janze-athletisme.fr\/wordpress\/#website","url":"https:\/\/janze-athletisme.fr\/wordpress\/","name":"Janz\u00e9 Athl\u00e9tisme","description":"Pays de La Roche aux F\u00e9es","publisher":{"@id":"https:\/\/janze-athletisme.fr\/wordpress\/#organization"},"potentialAction":[{"@type":"SearchAction","target":{"@type":"EntryPoint","urlTemplate":"https:\/\/janze-athletisme.fr\/wordpress\/?s={search_term_string}"},"query-input":{"@type":"PropertyValueSpecification","valueRequired":true,"valueName":"search_term_string"}}],"inLanguage":"fr-FR"},{"@type":"Organization","@id":"https:\/\/janze-athletisme.fr\/wordpress\/#organization","name":"Janz\u00e9 Athl\u00e9tisme","url":"https:\/\/janze-athletisme.fr\/wordpress\/","logo":{"@type":"ImageObject","inLanguage":"fr-FR","@id":"https:\/\/janze-athletisme.fr\/wordpress\/#\/schema\/logo\/image\/","url":"https:\/\/janze-athletisme.fr\/wordpress\/wp-content\/uploads\/2015\/03\/logo-full1.jpg","contentUrl":"https:\/\/janze-athletisme.fr\/wordpress\/wp-content\/uploads\/2015\/03\/logo-full1.jpg","width":437,"height":205,"caption":"Janz\u00e9 Athl\u00e9tisme"},"image":{"@id":"https:\/\/janze-athletisme.fr\/wordpress\/#\/schema\/logo\/image\/"},"sameAs":["https:\/\/www.facebook.com\/groups\/1007964579346590"]},{"@type":"Person","@id":"https:\/\/janze-athletisme.fr\/wordpress\/#\/schema\/person\/e27efa3d49687b81c679eb0b5c4973e9","name":"Jean-Marie Jouzel","image":{"@type":"ImageObject","inLanguage":"fr-FR","@id":"https:\/\/secure.gravatar.com\/avatar\/6aaee532914ad5ae9d6b4c13c953c6689456493b17979b560cf8fd0c344930ab?s=96&d=mm&r=g","url":"https:\/\/secure.gravatar.com\/avatar\/6aaee532914ad5ae9d6b4c13c953c6689456493b17979b560cf8fd0c344930ab?s=96&d=mm&r=g","contentUrl":"https:\/\/secure.gravatar.com\/avatar\/6aaee532914ad5ae9d6b4c13c953c6689456493b17979b560cf8fd0c344930ab?s=96&d=mm&r=g","caption":"Jean-Marie Jouzel"},"url":"https:\/\/janze-athletisme.fr\/wordpress\/author\/jmjouzel\/"}]}},"uagb_featured_image_src":{"full":["https:\/\/janze-athletisme.fr\/wordpress\/wp-content\/uploads\/2026\/04\/Sans-titre-7.jpg",225,225,false],"thumbnail":["https:\/\/janze-athletisme.fr\/wordpress\/wp-content\/uploads\/2026\/04\/Sans-titre-7-150x150.jpg",150,150,true],"medium":["https:\/\/janze-athletisme.fr\/wordpress\/wp-content\/uploads\/2026\/04\/Sans-titre-7.jpg",225,225,false],"medium_large":["https:\/\/janze-athletisme.fr\/wordpress\/wp-content\/uploads\/2026\/04\/Sans-titre-7.jpg",225,225,false],"large":["https:\/\/janze-athletisme.fr\/wordpress\/wp-content\/uploads\/2026\/04\/Sans-titre-7.jpg",225,225,false],"1536x1536":["https:\/\/janze-athletisme.fr\/wordpress\/wp-content\/uploads\/2026\/04\/Sans-titre-7.jpg",225,225,false],"2048x2048":["https:\/\/janze-athletisme.fr\/wordpress\/wp-content\/uploads\/2026\/04\/Sans-titre-7.jpg",225,225,false]},"uagb_author_info":{"display_name":"Jean-Marie Jouzel","author_link":"https:\/\/janze-athletisme.fr\/wordpress\/author\/jmjouzel\/"},"uagb_comment_info":0,"uagb_excerpt":"Rennes Urban Trail &nbsp; Il y en avait du monde \u00e0 Rennes pour cette \u00e9dition de l&rsquo;Urban Trail ! avec en plus une m\u00e9t\u00e9o id\u00e9ale et un gros contingent de Janz\u00e9ens. A noter que l&rsquo;Urban de Rennes est la course la plus importante de France en nombre de participants. Pour rappel, c&rsquo;est Lyon en 2008\u2026","_links":{"self":[{"href":"https:\/\/janze-athletisme.fr\/wordpress\/wp-json\/wp\/v2\/posts\/31115","targetHints":{"allow":["GET"]}}],"collection":[{"href":"https:\/\/janze-athletisme.fr\/wordpress\/wp-json\/wp\/v2\/posts"}],"about":[{"href":"https:\/\/janze-athletisme.fr\/wordpress\/wp-json\/wp\/v2\/types\/post"}],"author":[{"embeddable":true,"href":"https:\/\/janze-athletisme.fr\/wordpress\/wp-json\/wp\/v2\/users\/8"}],"replies":[{"embeddable":true,"href":"https:\/\/janze-athletisme.fr\/wordpress\/wp-json\/wp\/v2\/comments?post=31115"}],"version-history":[{"count":3,"href":"https:\/\/janze-athletisme.fr\/wordpress\/wp-json\/wp\/v2\/posts\/31115\/revisions"}],"predecessor-version":[{"id":31121,"href":"https:\/\/janze-athletisme.fr\/wordpress\/wp-json\/wp\/v2\/posts\/31115\/revisions\/31121"}],"wp:featuredmedia":[{"embeddable":true,"href":"https:\/\/janze-athletisme.fr\/wordpress\/wp-json\/wp\/v2\/media\/31122"}],"wp:attachment":[{"href":"https:\/\/janze-athletisme.fr\/wordpress\/wp-json\/wp\/v2\/media?parent=31115"}],"wp:term":[{"taxonomy":"category","embeddable":true,"href":"https:\/\/janze-athletisme.fr\/wordpress\/wp-json\/wp\/v2\/categories?post=31115"},{"taxonomy":"post_tag","embeddable":true,"href":"https:\/\/janze-athletisme.fr\/wordpress\/wp-json\/wp\/v2\/tags?post=31115"}],"curies":[{"name":"wp","href":"https:\/\/api.w.org\/{rel}","templated":true}]}}