{"id":31089,"date":"2026-04-26T10:10:06","date_gmt":"2026-04-26T08:10:06","guid":{"rendered":"https:\/\/janze-athletisme.fr\/wordpress\/?p=31089"},"modified":"2026-04-26T10:10:06","modified_gmt":"2026-04-26T08:10:06","slug":"maroc-ludo-le-globe-trotter","status":"publish","type":"post","link":"https:\/\/janze-athletisme.fr\/wordpress\/maroc-ludo-le-globe-trotter\/","title":{"rendered":"Maroc: Ludo le globe trotter !"},"content":{"rendered":"<h1 style=\"text-align: center;\"><span style=\"color: #800000; font-family: comic sans ms, sans-serif;\">Eco-Trail Morocco<\/span><\/h1>\n<p>&nbsp;<\/p>\n<p><a href=\"https:\/\/janze-athletisme.fr\/wordpress\/wp-content\/uploads\/2026\/04\/675550835_10242886840210214_3928224962700073652_n.jpg\"><img loading=\"lazy\" decoding=\"async\" class=\" wp-image-31090 aligncenter\" src=\"https:\/\/janze-athletisme.fr\/wordpress\/wp-content\/uploads\/2026\/04\/675550835_10242886840210214_3928224962700073652_n-300x200.jpg\" alt=\"\" width=\"422\" height=\"281\" srcset=\"https:\/\/janze-athletisme.fr\/wordpress\/wp-content\/uploads\/2026\/04\/675550835_10242886840210214_3928224962700073652_n-300x200.jpg 300w, https:\/\/janze-athletisme.fr\/wordpress\/wp-content\/uploads\/2026\/04\/675550835_10242886840210214_3928224962700073652_n.jpg 590w\" sizes=\"auto, (max-width: 422px) 100vw, 422px\" \/><\/a><\/p>\n<p><a href=\"https:\/\/janze-athletisme.fr\/wordpress\/wp-content\/uploads\/2026\/04\/676039815_10242886841650250_5470584174830237367_n.jpg\"><img loading=\"lazy\" decoding=\"async\" class=\" wp-image-31091\" src=\"https:\/\/janze-athletisme.fr\/wordpress\/wp-content\/uploads\/2026\/04\/676039815_10242886841650250_5470584174830237367_n-290x300.jpg\" alt=\"\" width=\"398\" height=\"412\" srcset=\"https:\/\/janze-athletisme.fr\/wordpress\/wp-content\/uploads\/2026\/04\/676039815_10242886841650250_5470584174830237367_n-290x300.jpg 290w, https:\/\/janze-athletisme.fr\/wordpress\/wp-content\/uploads\/2026\/04\/676039815_10242886841650250_5470584174830237367_n-991x1024.jpg 991w, https:\/\/janze-athletisme.fr\/wordpress\/wp-content\/uploads\/2026\/04\/676039815_10242886841650250_5470584174830237367_n-768x793.jpg 768w, https:\/\/janze-athletisme.fr\/wordpress\/wp-content\/uploads\/2026\/04\/676039815_10242886841650250_5470584174830237367_n.jpg 1030w\" sizes=\"auto, (max-width: 398px) 100vw, 398px\" \/><\/a><\/p>\n<p><a href=\"https:\/\/janze-athletisme.fr\/wordpress\/wp-content\/uploads\/2026\/04\/676238780_10242886841730252_7954020711705144813_n.jpg\"><img loading=\"lazy\" decoding=\"async\" class=\"alignnone wp-image-31092\" src=\"https:\/\/janze-athletisme.fr\/wordpress\/wp-content\/uploads\/2026\/04\/676238780_10242886841730252_7954020711705144813_n-300x226.jpg\" alt=\"\" width=\"469\" height=\"353\" srcset=\"https:\/\/janze-athletisme.fr\/wordpress\/wp-content\/uploads\/2026\/04\/676238780_10242886841730252_7954020711705144813_n-300x226.jpg 300w, https:\/\/janze-athletisme.fr\/wordpress\/wp-content\/uploads\/2026\/04\/676238780_10242886841730252_7954020711705144813_n-1024x771.jpg 1024w, https:\/\/janze-athletisme.fr\/wordpress\/wp-content\/uploads\/2026\/04\/676238780_10242886841730252_7954020711705144813_n-768x578.jpg 768w, https:\/\/janze-athletisme.fr\/wordpress\/wp-content\/uploads\/2026\/04\/676238780_10242886841730252_7954020711705144813_n-1536x1157.jpg 1536w, https:\/\/janze-athletisme.fr\/wordpress\/wp-content\/uploads\/2026\/04\/676238780_10242886841730252_7954020711705144813_n.jpg 2048w\" sizes=\"auto, (max-width: 469px) 100vw, 469px\" \/><\/a> <a href=\"https:\/\/janze-athletisme.fr\/wordpress\/wp-content\/uploads\/2026\/04\/676773556_10242886841250240_1799115952824667472_n.jpg\"><img loading=\"lazy\" decoding=\"async\" class=\"alignnone size-medium wp-image-31093\" src=\"https:\/\/janze-athletisme.fr\/wordpress\/wp-content\/uploads\/2026\/04\/676773556_10242886841250240_1799115952824667472_n-300x282.jpg\" alt=\"\" width=\"300\" height=\"282\" srcset=\"https:\/\/janze-athletisme.fr\/wordpress\/wp-content\/uploads\/2026\/04\/676773556_10242886841250240_1799115952824667472_n-300x282.jpg 300w, https:\/\/janze-athletisme.fr\/wordpress\/wp-content\/uploads\/2026\/04\/676773556_10242886841250240_1799115952824667472_n-1024x964.jpg 1024w, https:\/\/janze-athletisme.fr\/wordpress\/wp-content\/uploads\/2026\/04\/676773556_10242886841250240_1799115952824667472_n-768x723.jpg 768w, https:\/\/janze-athletisme.fr\/wordpress\/wp-content\/uploads\/2026\/04\/676773556_10242886841250240_1799115952824667472_n-1536x1446.jpg 1536w, https:\/\/janze-athletisme.fr\/wordpress\/wp-content\/uploads\/2026\/04\/676773556_10242886841250240_1799115952824667472_n.jpg 2048w\" sizes=\"auto, (max-width: 300px) 100vw, 300px\" \/><\/a> <a href=\"https:\/\/janze-athletisme.fr\/wordpress\/wp-content\/uploads\/2026\/04\/678295208_10242886841370243_7496706540228921824_n.jpg\"><img loading=\"lazy\" decoding=\"async\" class=\"alignnone wp-image-31094\" src=\"https:\/\/janze-athletisme.fr\/wordpress\/wp-content\/uploads\/2026\/04\/678295208_10242886841370243_7496706540228921824_n-225x300.jpg\" alt=\"\" width=\"386\" height=\"515\" srcset=\"https:\/\/janze-athletisme.fr\/wordpress\/wp-content\/uploads\/2026\/04\/678295208_10242886841370243_7496706540228921824_n-225x300.jpg 225w, https:\/\/janze-athletisme.fr\/wordpress\/wp-content\/uploads\/2026\/04\/678295208_10242886841370243_7496706540228921824_n-768x1024.jpg 768w, https:\/\/janze-athletisme.fr\/wordpress\/wp-content\/uploads\/2026\/04\/678295208_10242886841370243_7496706540228921824_n-1152x1536.jpg 1152w, https:\/\/janze-athletisme.fr\/wordpress\/wp-content\/uploads\/2026\/04\/678295208_10242886841370243_7496706540228921824_n.jpg 1536w\" sizes=\"auto, (max-width: 386px) 100vw, 386px\" \/><\/a> <a href=\"https:\/\/janze-athletisme.fr\/wordpress\/wp-content\/uploads\/2026\/04\/679032249_10242886840290216_701278803342259798_n.jpg\"><img loading=\"lazy\" decoding=\"async\" class=\"alignnone wp-image-31095\" src=\"https:\/\/janze-athletisme.fr\/wordpress\/wp-content\/uploads\/2026\/04\/679032249_10242886840290216_701278803342259798_n-169x300.jpg\" alt=\"\" width=\"268\" height=\"476\" srcset=\"https:\/\/janze-athletisme.fr\/wordpress\/wp-content\/uploads\/2026\/04\/679032249_10242886840290216_701278803342259798_n-169x300.jpg 169w, https:\/\/janze-athletisme.fr\/wordpress\/wp-content\/uploads\/2026\/04\/679032249_10242886840290216_701278803342259798_n-576x1024.jpg 576w, https:\/\/janze-athletisme.fr\/wordpress\/wp-content\/uploads\/2026\/04\/679032249_10242886840290216_701278803342259798_n-768x1365.jpg 768w, https:\/\/janze-athletisme.fr\/wordpress\/wp-content\/uploads\/2026\/04\/679032249_10242886840290216_701278803342259798_n-864x1536.jpg 864w, https:\/\/janze-athletisme.fr\/wordpress\/wp-content\/uploads\/2026\/04\/679032249_10242886840290216_701278803342259798_n.jpg 900w\" sizes=\"auto, (max-width: 268px) 100vw, 268px\" \/><\/a><\/p>\n<p>&nbsp;<\/p>\n<p><span style=\"color: #000000;\">Voil\u00e0 une sortie peu courante pour le hors-stade et assez atypique. Ludo a eu la gentillesse de nous relater son aventure hors norme !<\/span><\/p>\n<p><span style=\"color: #000000;\"><em>\u00a0\u00bb P<span class=\"html-span xdj266r x14z9mp xat24cr x1lziwak xexx8yu xyri2b x18d9i69 x1c1uobl x1hl2dhg x16tdsg8 x1vvkbs x4k7w5x x1h91t0o x1h9r5lt x1jfb8zj xv2umb2 x1beo9mf xaigb6o x12ejxvf x3igimt xarpa2k xedcshv x1lytzrv x1t2pt76 x7ja8zs x1qrby5j\"><span class=\"x193iq5w xeuugli x13faqbe x1vvkbs x1xmvt09 x1lliihq x1s928wv xhkezso x1gmr53x x1cpjm7i x1fgarty x1943h6x xudqn12 x3x7a5m x6prxxf xvq8zen xo1l8bm xzsf02u\" dir=\"auto\">our cette nouvelle ann\u00e9e sous les couleurs de Janz\u00e9 athl\u00e9tisme, j\u2019ai s\u00e9lectionn\u00e9 trois d\u00e9fis, la course de la forge, l\u2019ultra marin et l\u2019\u00e9co trail Morocco, ma premi\u00e8re course \u00e0 l\u2019internationale <span class=\"html-span xexx8yu xyri2b x18d9i69 x1c1uobl x1hl2dhg x16tdsg8 x1vvkbs x3nfvp2 x1j61x8r x1fcty0u xdj266r xat24cr xm2jcoa x1mpyi22 xxymvpz xlup9mm x1kky2od\"><img loading=\"lazy\" decoding=\"async\" class=\"xz74otr x15mokao x1ga7v0g x16uus16 xbiv7yw\" src=\"https:\/\/static.xx.fbcdn.net\/images\/emoji.php\/v9\/t52\/1\/16\/1f923.png\" alt=\"\ud83e\udd23\" width=\"16\" height=\"16\" \/><\/span>, une tr\u00e8s belle exp\u00e9rience \u00e0 1400m d\u2019altitude, sur les pistes de Ouarzazate et dans les d\u00e9cors des films gladiateur 1 et 2 , Game of Throne, etc. Un parcours de 70kms en trois \u00e9tapes sous le soleil malgr\u00e9 les d\u00e9parts matinaux, une bonne r\u00e9p\u00e9tition avant l\u2019ultra marin pour apprendre \u00e0 g\u00e9rer la chaleur lors d\u2019un effort long, bref le trail c\u2019est fun et lorsque les paysages sont aussi beaux \u00e7a devient magique, d\u00e9sormais la t\u00e9l\u00e9 marocaine conna\u00eet le club <span class=\"html-span xexx8yu xyri2b x18d9i69 x1c1uobl x1hl2dhg x16tdsg8 x1vvkbs x3nfvp2 x1j61x8r x1fcty0u xdj266r xat24cr xm2jcoa x1mpyi22 xxymvpz xlup9mm x1kky2od\"><img loading=\"lazy\" decoding=\"async\" class=\"xz74otr x15mokao x1ga7v0g x16uus16 xbiv7yw\" src=\"https:\/\/static.xx.fbcdn.net\/images\/emoji.php\/v9\/t20\/1\/16\/1f61c.png\" alt=\"\ud83d\ude1c\" width=\"16\" height=\"16\" \/>!\u00a0\u00bb<\/span><\/span><\/span><\/em><\/span><\/p>\n<p><span style=\"color: #000000;\">Janz\u00e9 athl\u00e9 et son maillot voyage beaucoup et c&rsquo;est tant mieux, Janz\u00e9 athl\u00e9, le club international !!! merci Ludo pour le partage et les photos.<\/span><\/p>\n<p><span style=\"color: #000000;\">Concernant le classement, sachez que Ludo (et sa femme Marie !) ont parcouru tous les deux<strong> 70 km en 3 \u00e9tapes et que Ludo a termin\u00e9 125\u00e8me sur 350 participants<\/strong>.<\/span><\/p>\n<p><span style=\"color: #000000;\"> Bravo la Team et merci pour les photos !!!<\/span><\/p>\n<p>&nbsp;<\/p>\n","protected":false},"excerpt":{"rendered":"<p>Eco-Trail Morocco &nbsp; &nbsp; Voil\u00e0 une sortie peu courante pour le hors-stade et assez atypique. Ludo a eu la gentillesse de nous relater son aventure hors norme ! \u00a0\u00bb Pour cette nouvelle ann\u00e9e sous les couleurs de Janz\u00e9 athl\u00e9tisme, j\u2019ai s\u00e9lectionn\u00e9 trois d\u00e9fis, la course de la forge, l\u2019ultra marin et l\u2019\u00e9co trail Morocco, ma [&hellip;]<\/p>\n","protected":false},"author":8,"featured_media":31096,"comment_status":"open","ping_status":"open","sticky":false,"template":"","format":"aside","meta":{"_uag_custom_page_level_css":"","site-sidebar-layout":"default","site-content-layout":"","ast-site-content-layout":"default","site-content-style":"default","site-sidebar-style":"default","ast-global-header-display":"","ast-banner-title-visibility":"","ast-main-header-display":"","ast-hfb-above-header-display":"","ast-hfb-below-header-display":"","ast-hfb-mobile-header-display":"","site-post-title":"","ast-breadcrumbs-content":"","ast-featured-img":"","footer-sml-layout":"","ast-disable-related-posts":"","theme-transparent-header-meta":"default","adv-header-id-meta":"","stick-header-meta":"","header-above-stick-meta":"","header-main-stick-meta":"","header-below-stick-meta":"","astra-migrate-meta-layouts":"set","ast-page-background-enabled":"default","ast-page-background-meta":{"desktop":{"background-color":"var(--ast-global-color-4)","background-image":"","background-repeat":"repeat","background-position":"center center","background-size":"auto","background-attachment":"scroll","background-type":"","background-media":"","overlay-type":"","overlay-color":"","overlay-opacity":"","overlay-gradient":""},"tablet":{"background-color":"","background-image":"","background-repeat":"repeat","background-position":"center center","background-size":"auto","background-attachment":"scroll","background-type":"","background-media":"","overlay-type":"","overlay-color":"","overlay-opacity":"","overlay-gradient":""},"mobile":{"background-color":"","background-image":"","background-repeat":"repeat","background-position":"center center","background-size":"auto","background-attachment":"scroll","background-type":"","background-media":"","overlay-type":"","overlay-color":"","overlay-opacity":"","overlay-gradient":""}},"ast-content-background-meta":{"desktop":{"background-color":"var(--ast-global-color-5)","background-image":"","background-repeat":"repeat","background-position":"center center","background-size":"auto","background-attachment":"scroll","background-type":"","background-media":"","overlay-type":"","overlay-color":"","overlay-opacity":"","overlay-gradient":""},"tablet":{"background-color":"var(--ast-global-color-5)","background-image":"","background-repeat":"repeat","background-position":"center center","background-size":"auto","background-attachment":"scroll","background-type":"","background-media":"","overlay-type":"","overlay-color":"","overlay-opacity":"","overlay-gradient":""},"mobile":{"background-color":"var(--ast-global-color-5)","background-image":"","background-repeat":"repeat","background-position":"center center","background-size":"auto","background-attachment":"scroll","background-type":"","background-media":"","overlay-type":"","overlay-color":"","overlay-opacity":"","overlay-gradient":""}},"footnotes":""},"categories":[6],"tags":[],"class_list":["post-31089","post","type-post","status-publish","format-aside","has-post-thumbnail","hentry","category-sections","post_format-post-format-aside"],"yoast_head":"<!-- This site is optimized with the Yoast SEO plugin v27.4 - https:\/\/yoast.com\/product\/yoast-seo-wordpress\/ -->\n<title>Maroc: Ludo le globe trotter ! - Janz\u00e9 Athl\u00e9tisme<\/title>\n<meta name=\"robots\" content=\"index, follow, max-snippet:-1, max-image-preview:large, max-video-preview:-1\" \/>\n<link rel=\"canonical\" href=\"https:\/\/janze-athletisme.fr\/wordpress\/maroc-ludo-le-globe-trotter\/\" \/>\n<meta property=\"og:locale\" content=\"fr_FR\" \/>\n<meta property=\"og:type\" content=\"article\" \/>\n<meta property=\"og:title\" content=\"Maroc: Ludo le globe trotter ! - Janz\u00e9 Athl\u00e9tisme\" \/>\n<meta property=\"og:description\" content=\"Eco-Trail Morocco &nbsp; &nbsp; Voil\u00e0 une sortie peu courante pour le hors-stade et assez atypique. Ludo a eu la gentillesse de nous relater son aventure hors norme ! \u00a0\u00bb Pour cette nouvelle ann\u00e9e sous les couleurs de Janz\u00e9 athl\u00e9tisme, j\u2019ai s\u00e9lectionn\u00e9 trois d\u00e9fis, la course de la forge, l\u2019ultra marin et l\u2019\u00e9co trail Morocco, ma [&hellip;]\" \/>\n<meta property=\"og:url\" content=\"https:\/\/janze-athletisme.fr\/wordpress\/maroc-ludo-le-globe-trotter\/\" \/>\n<meta property=\"og:site_name\" content=\"Janz\u00e9 Athl\u00e9tisme\" \/>\n<meta property=\"article:publisher\" content=\"https:\/\/www.facebook.com\/groups\/1007964579346590\" \/>\n<meta property=\"article:published_time\" content=\"2026-04-26T08:10:06+00:00\" \/>\n<meta property=\"og:image\" content=\"https:\/\/janze-athletisme.fr\/wordpress\/wp-content\/uploads\/2026\/04\/Sans-titre-4.jpg\" \/>\n\t<meta property=\"og:image:width\" content=\"230\" \/>\n\t<meta property=\"og:image:height\" content=\"219\" \/>\n\t<meta property=\"og:image:type\" content=\"image\/jpeg\" \/>\n<meta name=\"author\" content=\"Jean-Marie Jouzel\" \/>\n<meta name=\"twitter:card\" content=\"summary_large_image\" \/>\n<meta name=\"twitter:label1\" content=\"\u00c9crit par\" \/>\n\t<meta name=\"twitter:data1\" content=\"Jean-Marie Jouzel\" \/>\n\t<meta name=\"twitter:label2\" content=\"Dur\u00e9e de lecture estim\u00e9e\" \/>\n\t<meta name=\"twitter:data2\" content=\"3 minutes\" \/>\n<script type=\"application\/ld+json\" class=\"yoast-schema-graph\">{\"@context\":\"https:\\\/\\\/schema.org\",\"@graph\":[{\"@type\":\"Article\",\"@id\":\"https:\\\/\\\/janze-athletisme.fr\\\/wordpress\\\/maroc-ludo-le-globe-trotter\\\/#article\",\"isPartOf\":{\"@id\":\"https:\\\/\\\/janze-athletisme.fr\\\/wordpress\\\/maroc-ludo-le-globe-trotter\\\/\"},\"author\":{\"name\":\"Jean-Marie Jouzel\",\"@id\":\"https:\\\/\\\/janze-athletisme.fr\\\/wordpress\\\/#\\\/schema\\\/person\\\/e27efa3d49687b81c679eb0b5c4973e9\"},\"headline\":\"Maroc: Ludo le globe trotter !\",\"datePublished\":\"2026-04-26T08:10:06+00:00\",\"mainEntityOfPage\":{\"@id\":\"https:\\\/\\\/janze-athletisme.fr\\\/wordpress\\\/maroc-ludo-le-globe-trotter\\\/\"},\"wordCount\":219,\"commentCount\":0,\"publisher\":{\"@id\":\"https:\\\/\\\/janze-athletisme.fr\\\/wordpress\\\/#organization\"},\"image\":{\"@id\":\"https:\\\/\\\/janze-athletisme.fr\\\/wordpress\\\/maroc-ludo-le-globe-trotter\\\/#primaryimage\"},\"thumbnailUrl\":\"https:\\\/\\\/janze-athletisme.fr\\\/wordpress\\\/wp-content\\\/uploads\\\/2026\\\/04\\\/Sans-titre-4.jpg\",\"articleSection\":[\"Le club au jour le jour\"],\"inLanguage\":\"fr-FR\",\"potentialAction\":[{\"@type\":\"CommentAction\",\"name\":\"Comment\",\"target\":[\"https:\\\/\\\/janze-athletisme.fr\\\/wordpress\\\/maroc-ludo-le-globe-trotter\\\/#respond\"]}]},{\"@type\":\"WebPage\",\"@id\":\"https:\\\/\\\/janze-athletisme.fr\\\/wordpress\\\/maroc-ludo-le-globe-trotter\\\/\",\"url\":\"https:\\\/\\\/janze-athletisme.fr\\\/wordpress\\\/maroc-ludo-le-globe-trotter\\\/\",\"name\":\"Maroc: Ludo le globe trotter ! - Janz\u00e9 Athl\u00e9tisme\",\"isPartOf\":{\"@id\":\"https:\\\/\\\/janze-athletisme.fr\\\/wordpress\\\/#website\"},\"primaryImageOfPage\":{\"@id\":\"https:\\\/\\\/janze-athletisme.fr\\\/wordpress\\\/maroc-ludo-le-globe-trotter\\\/#primaryimage\"},\"image\":{\"@id\":\"https:\\\/\\\/janze-athletisme.fr\\\/wordpress\\\/maroc-ludo-le-globe-trotter\\\/#primaryimage\"},\"thumbnailUrl\":\"https:\\\/\\\/janze-athletisme.fr\\\/wordpress\\\/wp-content\\\/uploads\\\/2026\\\/04\\\/Sans-titre-4.jpg\",\"datePublished\":\"2026-04-26T08:10:06+00:00\",\"breadcrumb\":{\"@id\":\"https:\\\/\\\/janze-athletisme.fr\\\/wordpress\\\/maroc-ludo-le-globe-trotter\\\/#breadcrumb\"},\"inLanguage\":\"fr-FR\",\"potentialAction\":[{\"@type\":\"ReadAction\",\"target\":[\"https:\\\/\\\/janze-athletisme.fr\\\/wordpress\\\/maroc-ludo-le-globe-trotter\\\/\"]}]},{\"@type\":\"ImageObject\",\"inLanguage\":\"fr-FR\",\"@id\":\"https:\\\/\\\/janze-athletisme.fr\\\/wordpress\\\/maroc-ludo-le-globe-trotter\\\/#primaryimage\",\"url\":\"https:\\\/\\\/janze-athletisme.fr\\\/wordpress\\\/wp-content\\\/uploads\\\/2026\\\/04\\\/Sans-titre-4.jpg\",\"contentUrl\":\"https:\\\/\\\/janze-athletisme.fr\\\/wordpress\\\/wp-content\\\/uploads\\\/2026\\\/04\\\/Sans-titre-4.jpg\",\"width\":230,\"height\":219},{\"@type\":\"BreadcrumbList\",\"@id\":\"https:\\\/\\\/janze-athletisme.fr\\\/wordpress\\\/maroc-ludo-le-globe-trotter\\\/#breadcrumb\",\"itemListElement\":[{\"@type\":\"ListItem\",\"position\":1,\"name\":\"Accueil\",\"item\":\"https:\\\/\\\/janze-athletisme.fr\\\/wordpress\\\/\"},{\"@type\":\"ListItem\",\"position\":2,\"name\":\"Maroc: Ludo le globe trotter !\"}]},{\"@type\":\"WebSite\",\"@id\":\"https:\\\/\\\/janze-athletisme.fr\\\/wordpress\\\/#website\",\"url\":\"https:\\\/\\\/janze-athletisme.fr\\\/wordpress\\\/\",\"name\":\"Janz\u00e9 Athl\u00e9tisme\",\"description\":\"Pays de La Roche aux F\u00e9es\",\"publisher\":{\"@id\":\"https:\\\/\\\/janze-athletisme.fr\\\/wordpress\\\/#organization\"},\"potentialAction\":[{\"@type\":\"SearchAction\",\"target\":{\"@type\":\"EntryPoint\",\"urlTemplate\":\"https:\\\/\\\/janze-athletisme.fr\\\/wordpress\\\/?s={search_term_string}\"},\"query-input\":{\"@type\":\"PropertyValueSpecification\",\"valueRequired\":true,\"valueName\":\"search_term_string\"}}],\"inLanguage\":\"fr-FR\"},{\"@type\":\"Organization\",\"@id\":\"https:\\\/\\\/janze-athletisme.fr\\\/wordpress\\\/#organization\",\"name\":\"Janz\u00e9 Athl\u00e9tisme\",\"url\":\"https:\\\/\\\/janze-athletisme.fr\\\/wordpress\\\/\",\"logo\":{\"@type\":\"ImageObject\",\"inLanguage\":\"fr-FR\",\"@id\":\"https:\\\/\\\/janze-athletisme.fr\\\/wordpress\\\/#\\\/schema\\\/logo\\\/image\\\/\",\"url\":\"https:\\\/\\\/janze-athletisme.fr\\\/wordpress\\\/wp-content\\\/uploads\\\/2015\\\/03\\\/logo-full1.jpg\",\"contentUrl\":\"https:\\\/\\\/janze-athletisme.fr\\\/wordpress\\\/wp-content\\\/uploads\\\/2015\\\/03\\\/logo-full1.jpg\",\"width\":437,\"height\":205,\"caption\":\"Janz\u00e9 Athl\u00e9tisme\"},\"image\":{\"@id\":\"https:\\\/\\\/janze-athletisme.fr\\\/wordpress\\\/#\\\/schema\\\/logo\\\/image\\\/\"},\"sameAs\":[\"https:\\\/\\\/www.facebook.com\\\/groups\\\/1007964579346590\"]},{\"@type\":\"Person\",\"@id\":\"https:\\\/\\\/janze-athletisme.fr\\\/wordpress\\\/#\\\/schema\\\/person\\\/e27efa3d49687b81c679eb0b5c4973e9\",\"name\":\"Jean-Marie Jouzel\",\"image\":{\"@type\":\"ImageObject\",\"inLanguage\":\"fr-FR\",\"@id\":\"https:\\\/\\\/secure.gravatar.com\\\/avatar\\\/6aaee532914ad5ae9d6b4c13c953c6689456493b17979b560cf8fd0c344930ab?s=96&d=mm&r=g\",\"url\":\"https:\\\/\\\/secure.gravatar.com\\\/avatar\\\/6aaee532914ad5ae9d6b4c13c953c6689456493b17979b560cf8fd0c344930ab?s=96&d=mm&r=g\",\"contentUrl\":\"https:\\\/\\\/secure.gravatar.com\\\/avatar\\\/6aaee532914ad5ae9d6b4c13c953c6689456493b17979b560cf8fd0c344930ab?s=96&d=mm&r=g\",\"caption\":\"Jean-Marie Jouzel\"},\"url\":\"https:\\\/\\\/janze-athletisme.fr\\\/wordpress\\\/author\\\/jmjouzel\\\/\"}]}<\/script>\n<!-- \/ Yoast SEO plugin. -->","yoast_head_json":{"title":"Maroc: Ludo le globe trotter ! - Janz\u00e9 Athl\u00e9tisme","robots":{"index":"index","follow":"follow","max-snippet":"max-snippet:-1","max-image-preview":"max-image-preview:large","max-video-preview":"max-video-preview:-1"},"canonical":"https:\/\/janze-athletisme.fr\/wordpress\/maroc-ludo-le-globe-trotter\/","og_locale":"fr_FR","og_type":"article","og_title":"Maroc: Ludo le globe trotter ! - Janz\u00e9 Athl\u00e9tisme","og_description":"Eco-Trail Morocco &nbsp; &nbsp; Voil\u00e0 une sortie peu courante pour le hors-stade et assez atypique. Ludo a eu la gentillesse de nous relater son aventure hors norme ! \u00a0\u00bb Pour cette nouvelle ann\u00e9e sous les couleurs de Janz\u00e9 athl\u00e9tisme, j\u2019ai s\u00e9lectionn\u00e9 trois d\u00e9fis, la course de la forge, l\u2019ultra marin et l\u2019\u00e9co trail Morocco, ma [&hellip;]","og_url":"https:\/\/janze-athletisme.fr\/wordpress\/maroc-ludo-le-globe-trotter\/","og_site_name":"Janz\u00e9 Athl\u00e9tisme","article_publisher":"https:\/\/www.facebook.com\/groups\/1007964579346590","article_published_time":"2026-04-26T08:10:06+00:00","og_image":[{"width":230,"height":219,"url":"https:\/\/janze-athletisme.fr\/wordpress\/wp-content\/uploads\/2026\/04\/Sans-titre-4.jpg","type":"image\/jpeg"}],"author":"Jean-Marie Jouzel","twitter_card":"summary_large_image","twitter_misc":{"\u00c9crit par":"Jean-Marie Jouzel","Dur\u00e9e de lecture estim\u00e9e":"3 minutes"},"schema":{"@context":"https:\/\/schema.org","@graph":[{"@type":"Article","@id":"https:\/\/janze-athletisme.fr\/wordpress\/maroc-ludo-le-globe-trotter\/#article","isPartOf":{"@id":"https:\/\/janze-athletisme.fr\/wordpress\/maroc-ludo-le-globe-trotter\/"},"author":{"name":"Jean-Marie Jouzel","@id":"https:\/\/janze-athletisme.fr\/wordpress\/#\/schema\/person\/e27efa3d49687b81c679eb0b5c4973e9"},"headline":"Maroc: Ludo le globe trotter !","datePublished":"2026-04-26T08:10:06+00:00","mainEntityOfPage":{"@id":"https:\/\/janze-athletisme.fr\/wordpress\/maroc-ludo-le-globe-trotter\/"},"wordCount":219,"commentCount":0,"publisher":{"@id":"https:\/\/janze-athletisme.fr\/wordpress\/#organization"},"image":{"@id":"https:\/\/janze-athletisme.fr\/wordpress\/maroc-ludo-le-globe-trotter\/#primaryimage"},"thumbnailUrl":"https:\/\/janze-athletisme.fr\/wordpress\/wp-content\/uploads\/2026\/04\/Sans-titre-4.jpg","articleSection":["Le club au jour le jour"],"inLanguage":"fr-FR","potentialAction":[{"@type":"CommentAction","name":"Comment","target":["https:\/\/janze-athletisme.fr\/wordpress\/maroc-ludo-le-globe-trotter\/#respond"]}]},{"@type":"WebPage","@id":"https:\/\/janze-athletisme.fr\/wordpress\/maroc-ludo-le-globe-trotter\/","url":"https:\/\/janze-athletisme.fr\/wordpress\/maroc-ludo-le-globe-trotter\/","name":"Maroc: Ludo le globe trotter ! - Janz\u00e9 Athl\u00e9tisme","isPartOf":{"@id":"https:\/\/janze-athletisme.fr\/wordpress\/#website"},"primaryImageOfPage":{"@id":"https:\/\/janze-athletisme.fr\/wordpress\/maroc-ludo-le-globe-trotter\/#primaryimage"},"image":{"@id":"https:\/\/janze-athletisme.fr\/wordpress\/maroc-ludo-le-globe-trotter\/#primaryimage"},"thumbnailUrl":"https:\/\/janze-athletisme.fr\/wordpress\/wp-content\/uploads\/2026\/04\/Sans-titre-4.jpg","datePublished":"2026-04-26T08:10:06+00:00","breadcrumb":{"@id":"https:\/\/janze-athletisme.fr\/wordpress\/maroc-ludo-le-globe-trotter\/#breadcrumb"},"inLanguage":"fr-FR","potentialAction":[{"@type":"ReadAction","target":["https:\/\/janze-athletisme.fr\/wordpress\/maroc-ludo-le-globe-trotter\/"]}]},{"@type":"ImageObject","inLanguage":"fr-FR","@id":"https:\/\/janze-athletisme.fr\/wordpress\/maroc-ludo-le-globe-trotter\/#primaryimage","url":"https:\/\/janze-athletisme.fr\/wordpress\/wp-content\/uploads\/2026\/04\/Sans-titre-4.jpg","contentUrl":"https:\/\/janze-athletisme.fr\/wordpress\/wp-content\/uploads\/2026\/04\/Sans-titre-4.jpg","width":230,"height":219},{"@type":"BreadcrumbList","@id":"https:\/\/janze-athletisme.fr\/wordpress\/maroc-ludo-le-globe-trotter\/#breadcrumb","itemListElement":[{"@type":"ListItem","position":1,"name":"Accueil","item":"https:\/\/janze-athletisme.fr\/wordpress\/"},{"@type":"ListItem","position":2,"name":"Maroc: Ludo le globe trotter !"}]},{"@type":"WebSite","@id":"https:\/\/janze-athletisme.fr\/wordpress\/#website","url":"https:\/\/janze-athletisme.fr\/wordpress\/","name":"Janz\u00e9 Athl\u00e9tisme","description":"Pays de La Roche aux F\u00e9es","publisher":{"@id":"https:\/\/janze-athletisme.fr\/wordpress\/#organization"},"potentialAction":[{"@type":"SearchAction","target":{"@type":"EntryPoint","urlTemplate":"https:\/\/janze-athletisme.fr\/wordpress\/?s={search_term_string}"},"query-input":{"@type":"PropertyValueSpecification","valueRequired":true,"valueName":"search_term_string"}}],"inLanguage":"fr-FR"},{"@type":"Organization","@id":"https:\/\/janze-athletisme.fr\/wordpress\/#organization","name":"Janz\u00e9 Athl\u00e9tisme","url":"https:\/\/janze-athletisme.fr\/wordpress\/","logo":{"@type":"ImageObject","inLanguage":"fr-FR","@id":"https:\/\/janze-athletisme.fr\/wordpress\/#\/schema\/logo\/image\/","url":"https:\/\/janze-athletisme.fr\/wordpress\/wp-content\/uploads\/2015\/03\/logo-full1.jpg","contentUrl":"https:\/\/janze-athletisme.fr\/wordpress\/wp-content\/uploads\/2015\/03\/logo-full1.jpg","width":437,"height":205,"caption":"Janz\u00e9 Athl\u00e9tisme"},"image":{"@id":"https:\/\/janze-athletisme.fr\/wordpress\/#\/schema\/logo\/image\/"},"sameAs":["https:\/\/www.facebook.com\/groups\/1007964579346590"]},{"@type":"Person","@id":"https:\/\/janze-athletisme.fr\/wordpress\/#\/schema\/person\/e27efa3d49687b81c679eb0b5c4973e9","name":"Jean-Marie Jouzel","image":{"@type":"ImageObject","inLanguage":"fr-FR","@id":"https:\/\/secure.gravatar.com\/avatar\/6aaee532914ad5ae9d6b4c13c953c6689456493b17979b560cf8fd0c344930ab?s=96&d=mm&r=g","url":"https:\/\/secure.gravatar.com\/avatar\/6aaee532914ad5ae9d6b4c13c953c6689456493b17979b560cf8fd0c344930ab?s=96&d=mm&r=g","contentUrl":"https:\/\/secure.gravatar.com\/avatar\/6aaee532914ad5ae9d6b4c13c953c6689456493b17979b560cf8fd0c344930ab?s=96&d=mm&r=g","caption":"Jean-Marie Jouzel"},"url":"https:\/\/janze-athletisme.fr\/wordpress\/author\/jmjouzel\/"}]}},"uagb_featured_image_src":{"full":["https:\/\/janze-athletisme.fr\/wordpress\/wp-content\/uploads\/2026\/04\/Sans-titre-4.jpg",230,219,false],"thumbnail":["https:\/\/janze-athletisme.fr\/wordpress\/wp-content\/uploads\/2026\/04\/Sans-titre-4-150x150.jpg",150,150,true],"medium":["https:\/\/janze-athletisme.fr\/wordpress\/wp-content\/uploads\/2026\/04\/Sans-titre-4.jpg",230,219,false],"medium_large":["https:\/\/janze-athletisme.fr\/wordpress\/wp-content\/uploads\/2026\/04\/Sans-titre-4.jpg",230,219,false],"large":["https:\/\/janze-athletisme.fr\/wordpress\/wp-content\/uploads\/2026\/04\/Sans-titre-4.jpg",230,219,false],"1536x1536":["https:\/\/janze-athletisme.fr\/wordpress\/wp-content\/uploads\/2026\/04\/Sans-titre-4.jpg",230,219,false],"2048x2048":["https:\/\/janze-athletisme.fr\/wordpress\/wp-content\/uploads\/2026\/04\/Sans-titre-4.jpg",230,219,false]},"uagb_author_info":{"display_name":"Jean-Marie Jouzel","author_link":"https:\/\/janze-athletisme.fr\/wordpress\/author\/jmjouzel\/"},"uagb_comment_info":0,"uagb_excerpt":"Eco-Trail Morocco &nbsp; &nbsp; Voil\u00e0 une sortie peu courante pour le hors-stade et assez atypique. Ludo a eu la gentillesse de nous relater son aventure hors norme ! \u00a0\u00bb Pour cette nouvelle ann\u00e9e sous les couleurs de Janz\u00e9 athl\u00e9tisme, j\u2019ai s\u00e9lectionn\u00e9 trois d\u00e9fis, la course de la forge, l\u2019ultra marin et l\u2019\u00e9co trail Morocco, ma\u2026","_links":{"self":[{"href":"https:\/\/janze-athletisme.fr\/wordpress\/wp-json\/wp\/v2\/posts\/31089","targetHints":{"allow":["GET"]}}],"collection":[{"href":"https:\/\/janze-athletisme.fr\/wordpress\/wp-json\/wp\/v2\/posts"}],"about":[{"href":"https:\/\/janze-athletisme.fr\/wordpress\/wp-json\/wp\/v2\/types\/post"}],"author":[{"embeddable":true,"href":"https:\/\/janze-athletisme.fr\/wordpress\/wp-json\/wp\/v2\/users\/8"}],"replies":[{"embeddable":true,"href":"https:\/\/janze-athletisme.fr\/wordpress\/wp-json\/wp\/v2\/comments?post=31089"}],"version-history":[{"count":3,"href":"https:\/\/janze-athletisme.fr\/wordpress\/wp-json\/wp\/v2\/posts\/31089\/revisions"}],"predecessor-version":[{"id":31105,"href":"https:\/\/janze-athletisme.fr\/wordpress\/wp-json\/wp\/v2\/posts\/31089\/revisions\/31105"}],"wp:featuredmedia":[{"embeddable":true,"href":"https:\/\/janze-athletisme.fr\/wordpress\/wp-json\/wp\/v2\/media\/31096"}],"wp:attachment":[{"href":"https:\/\/janze-athletisme.fr\/wordpress\/wp-json\/wp\/v2\/media?parent=31089"}],"wp:term":[{"taxonomy":"category","embeddable":true,"href":"https:\/\/janze-athletisme.fr\/wordpress\/wp-json\/wp\/v2\/categories?post=31089"},{"taxonomy":"post_tag","embeddable":true,"href":"https:\/\/janze-athletisme.fr\/wordpress\/wp-json\/wp\/v2\/tags?post=31089"}],"curies":[{"name":"wp","href":"https:\/\/api.w.org\/{rel}","templated":true}]}}