{"id":30864,"date":"2026-04-04T12:21:04","date_gmt":"2026-04-04T10:21:04","guid":{"rendered":"https:\/\/janze-athletisme.fr\/wordpress\/?p=30864"},"modified":"2026-04-04T12:21:04","modified_gmt":"2026-04-04T10:21:04","slug":"mesnil-roch-plus-le-chemin-est-dur-plus-il-est-interessant","status":"publish","type":"post","link":"https:\/\/janze-athletisme.fr\/wordpress\/mesnil-roch-plus-le-chemin-est-dur-plus-il-est-interessant\/","title":{"rendered":"Mesnil Roc&rsquo;h: \u00ab\u00a0Plus le chemin est dur, plus il est int\u00e9ressant !\u00a0\u00bb"},"content":{"rendered":"<h1 style=\"text-align: center;\"><span style=\"color: #800000; font-family: comic sans ms, sans-serif;\">Trail des Vall\u00e9es<\/span><\/h1>\n<h1 style=\"text-align: center;\"><span style=\"color: #800000; font-family: comic sans ms, sans-serif;\">UTDV<\/span><\/h1>\n<p>&nbsp;<\/p>\n<p><span style=\"color: #000000;\">Dieu que ce fut dur ! dur et long. But he did it !!! Julien l&rsquo;a fait, certes, il a d\u00e9j\u00e0 fait plus long (les 180km de l&rsquo;Ultramarin par exemple) mais chaque course et \u00e0 plus forte raison, chaque ultra est diff\u00e9rent. 16\u00e8me au km 96, il a serr\u00e9 les dents et a pu assurer l&rsquo;essentiel pour terminer \u00e0 une tr\u00e8s belle 35\u00e8me place. Comme le souligne la devise de la course: \u00ab\u00a0Plus le chemin est dur, plus il est int\u00e9ressant !\u00a0\u00bb. En tout cas, son suivi live a tenu en haleine le groupe hors-stade ! sa pr\u00e9sence pour venir soutenir les copains le lendemain \u00e0 la Forge nous a aussi mis du baume au coeur, il a presque fallu le retenir pour qu&rsquo;il ne s&rsquo;\u00e9lance pas avec les coureurs !!!<\/span><\/p>\n<p><span style=\"color: #000000;\">Jeune et talentueux, \u00e0 l&rsquo;aise sur le court, le long et le tr\u00e8s long, Julien explose litt\u00e9ralement depuis son arriv\u00e9e au club en septembre dernier. D\u00e9soeuvr\u00e9, \u00e0 la rue niveau classements et chronos, Janz\u00e9 athl\u00e9tisme lui a ouvert ses chakras alors qu&rsquo;il aurait pu sombrer dans la d\u00e9linquance \ud83d\ude06 !!! oui, bon l\u00e0 j&rsquo;exag\u00e8re un peu&#8230; le talent \u00e9tait d\u00e9j\u00e0 l\u00e0 et le club n&rsquo;a fait que fa\u00e7onner un diamant brut.<\/span><\/p>\n<p><span style=\"color: #000000;\">Et ce n&rsquo;est pas finit !!! bravo champion, on attend la suite avec impatience.<\/span><\/p>\n<p>&nbsp;<\/p>\n<p>&nbsp;<\/p>\n<table style=\"border-collapse: collapse; width: 100%;\">\n<tbody>\n<tr>\n<td style=\"width: 20%; text-align: center;\"><strong><span style=\"color: #000000;\">Distance\/D+<\/span><\/strong><\/td>\n<td style=\"width: 20%; text-align: center;\"><strong><span style=\"color: #000000;\">Classement<\/span><\/strong><\/td>\n<td style=\"width: 20%; text-align: center;\"><strong><span style=\"color: #000000;\">Nom<\/span><\/strong><\/td>\n<td style=\"width: 20%; text-align: center;\"><strong><span style=\"color: #000000;\">Temps<\/span><\/strong><\/td>\n<td style=\"width: 20%; text-align: center;\"><strong><span style=\"color: #000000;\">Classement cat\u00e9gorie<\/span><\/strong><\/td>\n<\/tr>\n<tr>\n<td style=\"width: 20%; text-align: center;\"><span style=\"color: #000000;\">115km\/3000m<\/span><\/td>\n<td style=\"width: 20%; text-align: center;\"><span style=\"color: #000000;\">35\/166<\/span><\/td>\n<td style=\"width: 20%; text-align: center;\"><span style=\"color: #000000;\">Julien Godet<\/span><\/td>\n<td style=\"width: 20%; text-align: center;\"><span style=\"color: #000000;\">14h27&rsquo;49<\/span><\/td>\n<td style=\"width: 20%; text-align: center;\"><span style=\"color: #000000;\">15\u00e8me SE<\/span><\/td>\n<\/tr>\n<\/tbody>\n<\/table>\n","protected":false},"excerpt":{"rendered":"<p>Trail des Vall\u00e9es UTDV &nbsp; Dieu que ce fut dur ! dur et long. But he did it !!! Julien l&rsquo;a fait, certes, il a d\u00e9j\u00e0 fait plus long (les 180km de l&rsquo;Ultramarin par exemple) mais chaque course et \u00e0 plus forte raison, chaque ultra est diff\u00e9rent. 16\u00e8me au km 96, il a serr\u00e9 les [&hellip;]<\/p>\n","protected":false},"author":8,"featured_media":30865,"comment_status":"open","ping_status":"open","sticky":false,"template":"","format":"aside","meta":{"_uag_custom_page_level_css":"","site-sidebar-layout":"default","site-content-layout":"","ast-site-content-layout":"default","site-content-style":"default","site-sidebar-style":"default","ast-global-header-display":"","ast-banner-title-visibility":"","ast-main-header-display":"","ast-hfb-above-header-display":"","ast-hfb-below-header-display":"","ast-hfb-mobile-header-display":"","site-post-title":"","ast-breadcrumbs-content":"","ast-featured-img":"","footer-sml-layout":"","ast-disable-related-posts":"","theme-transparent-header-meta":"default","adv-header-id-meta":"","stick-header-meta":"","header-above-stick-meta":"","header-main-stick-meta":"","header-below-stick-meta":"","astra-migrate-meta-layouts":"set","ast-page-background-enabled":"default","ast-page-background-meta":{"desktop":{"background-color":"var(--ast-global-color-4)","background-image":"","background-repeat":"repeat","background-position":"center center","background-size":"auto","background-attachment":"scroll","background-type":"","background-media":"","overlay-type":"","overlay-color":"","overlay-opacity":"","overlay-gradient":""},"tablet":{"background-color":"","background-image":"","background-repeat":"repeat","background-position":"center center","background-size":"auto","background-attachment":"scroll","background-type":"","background-media":"","overlay-type":"","overlay-color":"","overlay-opacity":"","overlay-gradient":""},"mobile":{"background-color":"","background-image":"","background-repeat":"repeat","background-position":"center center","background-size":"auto","background-attachment":"scroll","background-type":"","background-media":"","overlay-type":"","overlay-color":"","overlay-opacity":"","overlay-gradient":""}},"ast-content-background-meta":{"desktop":{"background-color":"var(--ast-global-color-5)","background-image":"","background-repeat":"repeat","background-position":"center center","background-size":"auto","background-attachment":"scroll","background-type":"","background-media":"","overlay-type":"","overlay-color":"","overlay-opacity":"","overlay-gradient":""},"tablet":{"background-color":"var(--ast-global-color-5)","background-image":"","background-repeat":"repeat","background-position":"center center","background-size":"auto","background-attachment":"scroll","background-type":"","background-media":"","overlay-type":"","overlay-color":"","overlay-opacity":"","overlay-gradient":""},"mobile":{"background-color":"var(--ast-global-color-5)","background-image":"","background-repeat":"repeat","background-position":"center center","background-size":"auto","background-attachment":"scroll","background-type":"","background-media":"","overlay-type":"","overlay-color":"","overlay-opacity":"","overlay-gradient":""}},"footnotes":""},"categories":[6],"tags":[],"class_list":["post-30864","post","type-post","status-publish","format-aside","has-post-thumbnail","hentry","category-sections","post_format-post-format-aside"],"yoast_head":"<!-- This site is optimized with the Yoast SEO plugin v27.4 - https:\/\/yoast.com\/product\/yoast-seo-wordpress\/ -->\n<title>Mesnil Roc&#039;h: &quot;Plus le chemin est dur, plus il est int\u00e9ressant !&quot; - Janz\u00e9 Athl\u00e9tisme<\/title>\n<meta name=\"robots\" content=\"index, follow, max-snippet:-1, max-image-preview:large, max-video-preview:-1\" \/>\n<link rel=\"canonical\" href=\"https:\/\/janze-athletisme.fr\/wordpress\/mesnil-roch-plus-le-chemin-est-dur-plus-il-est-interessant\/\" \/>\n<meta property=\"og:locale\" content=\"fr_FR\" \/>\n<meta property=\"og:type\" content=\"article\" \/>\n<meta property=\"og:title\" content=\"Mesnil Roc&#039;h: &quot;Plus le chemin est dur, plus il est int\u00e9ressant !&quot; - Janz\u00e9 Athl\u00e9tisme\" \/>\n<meta property=\"og:description\" content=\"Trail des Vall\u00e9es UTDV &nbsp; Dieu que ce fut dur ! dur et long. But he did it !!! Julien l&rsquo;a fait, certes, il a d\u00e9j\u00e0 fait plus long (les 180km de l&rsquo;Ultramarin par exemple) mais chaque course et \u00e0 plus forte raison, chaque ultra est diff\u00e9rent. 16\u00e8me au km 96, il a serr\u00e9 les [&hellip;]\" \/>\n<meta property=\"og:url\" content=\"https:\/\/janze-athletisme.fr\/wordpress\/mesnil-roch-plus-le-chemin-est-dur-plus-il-est-interessant\/\" \/>\n<meta property=\"og:site_name\" content=\"Janz\u00e9 Athl\u00e9tisme\" \/>\n<meta property=\"article:publisher\" content=\"https:\/\/www.facebook.com\/groups\/1007964579346590\" \/>\n<meta property=\"article:published_time\" content=\"2026-04-04T10:21:04+00:00\" \/>\n<meta property=\"og:image\" content=\"https:\/\/janze-athletisme.fr\/wordpress\/wp-content\/uploads\/2026\/04\/Sans-titresd.jpg\" \/>\n\t<meta property=\"og:image:width\" content=\"190\" \/>\n\t<meta property=\"og:image:height\" content=\"266\" \/>\n\t<meta property=\"og:image:type\" content=\"image\/jpeg\" \/>\n<meta name=\"author\" content=\"Jean-Marie Jouzel\" \/>\n<meta name=\"twitter:card\" content=\"summary_large_image\" \/>\n<meta name=\"twitter:label1\" content=\"\u00c9crit par\" \/>\n\t<meta name=\"twitter:data1\" content=\"Jean-Marie Jouzel\" \/>\n\t<meta name=\"twitter:label2\" content=\"Dur\u00e9e de lecture estim\u00e9e\" \/>\n\t<meta name=\"twitter:data2\" content=\"2 minutes\" \/>\n<script type=\"application\/ld+json\" class=\"yoast-schema-graph\">{\"@context\":\"https:\\\/\\\/schema.org\",\"@graph\":[{\"@type\":\"Article\",\"@id\":\"https:\\\/\\\/janze-athletisme.fr\\\/wordpress\\\/mesnil-roch-plus-le-chemin-est-dur-plus-il-est-interessant\\\/#article\",\"isPartOf\":{\"@id\":\"https:\\\/\\\/janze-athletisme.fr\\\/wordpress\\\/mesnil-roch-plus-le-chemin-est-dur-plus-il-est-interessant\\\/\"},\"author\":{\"name\":\"Jean-Marie Jouzel\",\"@id\":\"https:\\\/\\\/janze-athletisme.fr\\\/wordpress\\\/#\\\/schema\\\/person\\\/e27efa3d49687b81c679eb0b5c4973e9\"},\"headline\":\"Mesnil Roc&rsquo;h: \u00ab\u00a0Plus le chemin est dur, plus il est int\u00e9ressant !\u00a0\u00bb\",\"datePublished\":\"2026-04-04T10:21:04+00:00\",\"mainEntityOfPage\":{\"@id\":\"https:\\\/\\\/janze-athletisme.fr\\\/wordpress\\\/mesnil-roch-plus-le-chemin-est-dur-plus-il-est-interessant\\\/\"},\"wordCount\":263,\"commentCount\":0,\"publisher\":{\"@id\":\"https:\\\/\\\/janze-athletisme.fr\\\/wordpress\\\/#organization\"},\"image\":{\"@id\":\"https:\\\/\\\/janze-athletisme.fr\\\/wordpress\\\/mesnil-roch-plus-le-chemin-est-dur-plus-il-est-interessant\\\/#primaryimage\"},\"thumbnailUrl\":\"https:\\\/\\\/janze-athletisme.fr\\\/wordpress\\\/wp-content\\\/uploads\\\/2026\\\/04\\\/Sans-titresd.jpg\",\"articleSection\":[\"Le club au jour le jour\"],\"inLanguage\":\"fr-FR\",\"potentialAction\":[{\"@type\":\"CommentAction\",\"name\":\"Comment\",\"target\":[\"https:\\\/\\\/janze-athletisme.fr\\\/wordpress\\\/mesnil-roch-plus-le-chemin-est-dur-plus-il-est-interessant\\\/#respond\"]}]},{\"@type\":\"WebPage\",\"@id\":\"https:\\\/\\\/janze-athletisme.fr\\\/wordpress\\\/mesnil-roch-plus-le-chemin-est-dur-plus-il-est-interessant\\\/\",\"url\":\"https:\\\/\\\/janze-athletisme.fr\\\/wordpress\\\/mesnil-roch-plus-le-chemin-est-dur-plus-il-est-interessant\\\/\",\"name\":\"Mesnil Roc'h: \\\"Plus le chemin est dur, plus il est int\u00e9ressant !\\\" - Janz\u00e9 Athl\u00e9tisme\",\"isPartOf\":{\"@id\":\"https:\\\/\\\/janze-athletisme.fr\\\/wordpress\\\/#website\"},\"primaryImageOfPage\":{\"@id\":\"https:\\\/\\\/janze-athletisme.fr\\\/wordpress\\\/mesnil-roch-plus-le-chemin-est-dur-plus-il-est-interessant\\\/#primaryimage\"},\"image\":{\"@id\":\"https:\\\/\\\/janze-athletisme.fr\\\/wordpress\\\/mesnil-roch-plus-le-chemin-est-dur-plus-il-est-interessant\\\/#primaryimage\"},\"thumbnailUrl\":\"https:\\\/\\\/janze-athletisme.fr\\\/wordpress\\\/wp-content\\\/uploads\\\/2026\\\/04\\\/Sans-titresd.jpg\",\"datePublished\":\"2026-04-04T10:21:04+00:00\",\"breadcrumb\":{\"@id\":\"https:\\\/\\\/janze-athletisme.fr\\\/wordpress\\\/mesnil-roch-plus-le-chemin-est-dur-plus-il-est-interessant\\\/#breadcrumb\"},\"inLanguage\":\"fr-FR\",\"potentialAction\":[{\"@type\":\"ReadAction\",\"target\":[\"https:\\\/\\\/janze-athletisme.fr\\\/wordpress\\\/mesnil-roch-plus-le-chemin-est-dur-plus-il-est-interessant\\\/\"]}]},{\"@type\":\"ImageObject\",\"inLanguage\":\"fr-FR\",\"@id\":\"https:\\\/\\\/janze-athletisme.fr\\\/wordpress\\\/mesnil-roch-plus-le-chemin-est-dur-plus-il-est-interessant\\\/#primaryimage\",\"url\":\"https:\\\/\\\/janze-athletisme.fr\\\/wordpress\\\/wp-content\\\/uploads\\\/2026\\\/04\\\/Sans-titresd.jpg\",\"contentUrl\":\"https:\\\/\\\/janze-athletisme.fr\\\/wordpress\\\/wp-content\\\/uploads\\\/2026\\\/04\\\/Sans-titresd.jpg\",\"width\":190,\"height\":266},{\"@type\":\"BreadcrumbList\",\"@id\":\"https:\\\/\\\/janze-athletisme.fr\\\/wordpress\\\/mesnil-roch-plus-le-chemin-est-dur-plus-il-est-interessant\\\/#breadcrumb\",\"itemListElement\":[{\"@type\":\"ListItem\",\"position\":1,\"name\":\"Accueil\",\"item\":\"https:\\\/\\\/janze-athletisme.fr\\\/wordpress\\\/\"},{\"@type\":\"ListItem\",\"position\":2,\"name\":\"Mesnil Roc&rsquo;h: \u00ab\u00a0Plus le chemin est dur, plus il est int\u00e9ressant !\u00a0\u00bb\"}]},{\"@type\":\"WebSite\",\"@id\":\"https:\\\/\\\/janze-athletisme.fr\\\/wordpress\\\/#website\",\"url\":\"https:\\\/\\\/janze-athletisme.fr\\\/wordpress\\\/\",\"name\":\"Janz\u00e9 Athl\u00e9tisme\",\"description\":\"Pays de La Roche aux F\u00e9es\",\"publisher\":{\"@id\":\"https:\\\/\\\/janze-athletisme.fr\\\/wordpress\\\/#organization\"},\"potentialAction\":[{\"@type\":\"SearchAction\",\"target\":{\"@type\":\"EntryPoint\",\"urlTemplate\":\"https:\\\/\\\/janze-athletisme.fr\\\/wordpress\\\/?s={search_term_string}\"},\"query-input\":{\"@type\":\"PropertyValueSpecification\",\"valueRequired\":true,\"valueName\":\"search_term_string\"}}],\"inLanguage\":\"fr-FR\"},{\"@type\":\"Organization\",\"@id\":\"https:\\\/\\\/janze-athletisme.fr\\\/wordpress\\\/#organization\",\"name\":\"Janz\u00e9 Athl\u00e9tisme\",\"url\":\"https:\\\/\\\/janze-athletisme.fr\\\/wordpress\\\/\",\"logo\":{\"@type\":\"ImageObject\",\"inLanguage\":\"fr-FR\",\"@id\":\"https:\\\/\\\/janze-athletisme.fr\\\/wordpress\\\/#\\\/schema\\\/logo\\\/image\\\/\",\"url\":\"https:\\\/\\\/janze-athletisme.fr\\\/wordpress\\\/wp-content\\\/uploads\\\/2015\\\/03\\\/logo-full1.jpg\",\"contentUrl\":\"https:\\\/\\\/janze-athletisme.fr\\\/wordpress\\\/wp-content\\\/uploads\\\/2015\\\/03\\\/logo-full1.jpg\",\"width\":437,\"height\":205,\"caption\":\"Janz\u00e9 Athl\u00e9tisme\"},\"image\":{\"@id\":\"https:\\\/\\\/janze-athletisme.fr\\\/wordpress\\\/#\\\/schema\\\/logo\\\/image\\\/\"},\"sameAs\":[\"https:\\\/\\\/www.facebook.com\\\/groups\\\/1007964579346590\"]},{\"@type\":\"Person\",\"@id\":\"https:\\\/\\\/janze-athletisme.fr\\\/wordpress\\\/#\\\/schema\\\/person\\\/e27efa3d49687b81c679eb0b5c4973e9\",\"name\":\"Jean-Marie Jouzel\",\"image\":{\"@type\":\"ImageObject\",\"inLanguage\":\"fr-FR\",\"@id\":\"https:\\\/\\\/secure.gravatar.com\\\/avatar\\\/6aaee532914ad5ae9d6b4c13c953c6689456493b17979b560cf8fd0c344930ab?s=96&d=mm&r=g\",\"url\":\"https:\\\/\\\/secure.gravatar.com\\\/avatar\\\/6aaee532914ad5ae9d6b4c13c953c6689456493b17979b560cf8fd0c344930ab?s=96&d=mm&r=g\",\"contentUrl\":\"https:\\\/\\\/secure.gravatar.com\\\/avatar\\\/6aaee532914ad5ae9d6b4c13c953c6689456493b17979b560cf8fd0c344930ab?s=96&d=mm&r=g\",\"caption\":\"Jean-Marie Jouzel\"},\"url\":\"https:\\\/\\\/janze-athletisme.fr\\\/wordpress\\\/author\\\/jmjouzel\\\/\"}]}<\/script>\n<!-- \/ Yoast SEO plugin. -->","yoast_head_json":{"title":"Mesnil Roc'h: \"Plus le chemin est dur, plus il est int\u00e9ressant !\" - Janz\u00e9 Athl\u00e9tisme","robots":{"index":"index","follow":"follow","max-snippet":"max-snippet:-1","max-image-preview":"max-image-preview:large","max-video-preview":"max-video-preview:-1"},"canonical":"https:\/\/janze-athletisme.fr\/wordpress\/mesnil-roch-plus-le-chemin-est-dur-plus-il-est-interessant\/","og_locale":"fr_FR","og_type":"article","og_title":"Mesnil Roc'h: \"Plus le chemin est dur, plus il est int\u00e9ressant !\" - Janz\u00e9 Athl\u00e9tisme","og_description":"Trail des Vall\u00e9es UTDV &nbsp; Dieu que ce fut dur ! dur et long. But he did it !!! Julien l&rsquo;a fait, certes, il a d\u00e9j\u00e0 fait plus long (les 180km de l&rsquo;Ultramarin par exemple) mais chaque course et \u00e0 plus forte raison, chaque ultra est diff\u00e9rent. 16\u00e8me au km 96, il a serr\u00e9 les [&hellip;]","og_url":"https:\/\/janze-athletisme.fr\/wordpress\/mesnil-roch-plus-le-chemin-est-dur-plus-il-est-interessant\/","og_site_name":"Janz\u00e9 Athl\u00e9tisme","article_publisher":"https:\/\/www.facebook.com\/groups\/1007964579346590","article_published_time":"2026-04-04T10:21:04+00:00","og_image":[{"width":190,"height":266,"url":"https:\/\/janze-athletisme.fr\/wordpress\/wp-content\/uploads\/2026\/04\/Sans-titresd.jpg","type":"image\/jpeg"}],"author":"Jean-Marie Jouzel","twitter_card":"summary_large_image","twitter_misc":{"\u00c9crit par":"Jean-Marie Jouzel","Dur\u00e9e de lecture estim\u00e9e":"2 minutes"},"schema":{"@context":"https:\/\/schema.org","@graph":[{"@type":"Article","@id":"https:\/\/janze-athletisme.fr\/wordpress\/mesnil-roch-plus-le-chemin-est-dur-plus-il-est-interessant\/#article","isPartOf":{"@id":"https:\/\/janze-athletisme.fr\/wordpress\/mesnil-roch-plus-le-chemin-est-dur-plus-il-est-interessant\/"},"author":{"name":"Jean-Marie Jouzel","@id":"https:\/\/janze-athletisme.fr\/wordpress\/#\/schema\/person\/e27efa3d49687b81c679eb0b5c4973e9"},"headline":"Mesnil Roc&rsquo;h: \u00ab\u00a0Plus le chemin est dur, plus il est int\u00e9ressant !\u00a0\u00bb","datePublished":"2026-04-04T10:21:04+00:00","mainEntityOfPage":{"@id":"https:\/\/janze-athletisme.fr\/wordpress\/mesnil-roch-plus-le-chemin-est-dur-plus-il-est-interessant\/"},"wordCount":263,"commentCount":0,"publisher":{"@id":"https:\/\/janze-athletisme.fr\/wordpress\/#organization"},"image":{"@id":"https:\/\/janze-athletisme.fr\/wordpress\/mesnil-roch-plus-le-chemin-est-dur-plus-il-est-interessant\/#primaryimage"},"thumbnailUrl":"https:\/\/janze-athletisme.fr\/wordpress\/wp-content\/uploads\/2026\/04\/Sans-titresd.jpg","articleSection":["Le club au jour le jour"],"inLanguage":"fr-FR","potentialAction":[{"@type":"CommentAction","name":"Comment","target":["https:\/\/janze-athletisme.fr\/wordpress\/mesnil-roch-plus-le-chemin-est-dur-plus-il-est-interessant\/#respond"]}]},{"@type":"WebPage","@id":"https:\/\/janze-athletisme.fr\/wordpress\/mesnil-roch-plus-le-chemin-est-dur-plus-il-est-interessant\/","url":"https:\/\/janze-athletisme.fr\/wordpress\/mesnil-roch-plus-le-chemin-est-dur-plus-il-est-interessant\/","name":"Mesnil Roc'h: \"Plus le chemin est dur, plus il est int\u00e9ressant !\" - Janz\u00e9 Athl\u00e9tisme","isPartOf":{"@id":"https:\/\/janze-athletisme.fr\/wordpress\/#website"},"primaryImageOfPage":{"@id":"https:\/\/janze-athletisme.fr\/wordpress\/mesnil-roch-plus-le-chemin-est-dur-plus-il-est-interessant\/#primaryimage"},"image":{"@id":"https:\/\/janze-athletisme.fr\/wordpress\/mesnil-roch-plus-le-chemin-est-dur-plus-il-est-interessant\/#primaryimage"},"thumbnailUrl":"https:\/\/janze-athletisme.fr\/wordpress\/wp-content\/uploads\/2026\/04\/Sans-titresd.jpg","datePublished":"2026-04-04T10:21:04+00:00","breadcrumb":{"@id":"https:\/\/janze-athletisme.fr\/wordpress\/mesnil-roch-plus-le-chemin-est-dur-plus-il-est-interessant\/#breadcrumb"},"inLanguage":"fr-FR","potentialAction":[{"@type":"ReadAction","target":["https:\/\/janze-athletisme.fr\/wordpress\/mesnil-roch-plus-le-chemin-est-dur-plus-il-est-interessant\/"]}]},{"@type":"ImageObject","inLanguage":"fr-FR","@id":"https:\/\/janze-athletisme.fr\/wordpress\/mesnil-roch-plus-le-chemin-est-dur-plus-il-est-interessant\/#primaryimage","url":"https:\/\/janze-athletisme.fr\/wordpress\/wp-content\/uploads\/2026\/04\/Sans-titresd.jpg","contentUrl":"https:\/\/janze-athletisme.fr\/wordpress\/wp-content\/uploads\/2026\/04\/Sans-titresd.jpg","width":190,"height":266},{"@type":"BreadcrumbList","@id":"https:\/\/janze-athletisme.fr\/wordpress\/mesnil-roch-plus-le-chemin-est-dur-plus-il-est-interessant\/#breadcrumb","itemListElement":[{"@type":"ListItem","position":1,"name":"Accueil","item":"https:\/\/janze-athletisme.fr\/wordpress\/"},{"@type":"ListItem","position":2,"name":"Mesnil Roc&rsquo;h: \u00ab\u00a0Plus le chemin est dur, plus il est int\u00e9ressant !\u00a0\u00bb"}]},{"@type":"WebSite","@id":"https:\/\/janze-athletisme.fr\/wordpress\/#website","url":"https:\/\/janze-athletisme.fr\/wordpress\/","name":"Janz\u00e9 Athl\u00e9tisme","description":"Pays de La Roche aux F\u00e9es","publisher":{"@id":"https:\/\/janze-athletisme.fr\/wordpress\/#organization"},"potentialAction":[{"@type":"SearchAction","target":{"@type":"EntryPoint","urlTemplate":"https:\/\/janze-athletisme.fr\/wordpress\/?s={search_term_string}"},"query-input":{"@type":"PropertyValueSpecification","valueRequired":true,"valueName":"search_term_string"}}],"inLanguage":"fr-FR"},{"@type":"Organization","@id":"https:\/\/janze-athletisme.fr\/wordpress\/#organization","name":"Janz\u00e9 Athl\u00e9tisme","url":"https:\/\/janze-athletisme.fr\/wordpress\/","logo":{"@type":"ImageObject","inLanguage":"fr-FR","@id":"https:\/\/janze-athletisme.fr\/wordpress\/#\/schema\/logo\/image\/","url":"https:\/\/janze-athletisme.fr\/wordpress\/wp-content\/uploads\/2015\/03\/logo-full1.jpg","contentUrl":"https:\/\/janze-athletisme.fr\/wordpress\/wp-content\/uploads\/2015\/03\/logo-full1.jpg","width":437,"height":205,"caption":"Janz\u00e9 Athl\u00e9tisme"},"image":{"@id":"https:\/\/janze-athletisme.fr\/wordpress\/#\/schema\/logo\/image\/"},"sameAs":["https:\/\/www.facebook.com\/groups\/1007964579346590"]},{"@type":"Person","@id":"https:\/\/janze-athletisme.fr\/wordpress\/#\/schema\/person\/e27efa3d49687b81c679eb0b5c4973e9","name":"Jean-Marie Jouzel","image":{"@type":"ImageObject","inLanguage":"fr-FR","@id":"https:\/\/secure.gravatar.com\/avatar\/6aaee532914ad5ae9d6b4c13c953c6689456493b17979b560cf8fd0c344930ab?s=96&d=mm&r=g","url":"https:\/\/secure.gravatar.com\/avatar\/6aaee532914ad5ae9d6b4c13c953c6689456493b17979b560cf8fd0c344930ab?s=96&d=mm&r=g","contentUrl":"https:\/\/secure.gravatar.com\/avatar\/6aaee532914ad5ae9d6b4c13c953c6689456493b17979b560cf8fd0c344930ab?s=96&d=mm&r=g","caption":"Jean-Marie Jouzel"},"url":"https:\/\/janze-athletisme.fr\/wordpress\/author\/jmjouzel\/"}]}},"uagb_featured_image_src":{"full":["https:\/\/janze-athletisme.fr\/wordpress\/wp-content\/uploads\/2026\/04\/Sans-titresd.jpg",190,266,false],"thumbnail":["https:\/\/janze-athletisme.fr\/wordpress\/wp-content\/uploads\/2026\/04\/Sans-titresd-150x150.jpg",150,150,true],"medium":["https:\/\/janze-athletisme.fr\/wordpress\/wp-content\/uploads\/2026\/04\/Sans-titresd.jpg",190,266,false],"medium_large":["https:\/\/janze-athletisme.fr\/wordpress\/wp-content\/uploads\/2026\/04\/Sans-titresd.jpg",190,266,false],"large":["https:\/\/janze-athletisme.fr\/wordpress\/wp-content\/uploads\/2026\/04\/Sans-titresd.jpg",190,266,false],"1536x1536":["https:\/\/janze-athletisme.fr\/wordpress\/wp-content\/uploads\/2026\/04\/Sans-titresd.jpg",190,266,false],"2048x2048":["https:\/\/janze-athletisme.fr\/wordpress\/wp-content\/uploads\/2026\/04\/Sans-titresd.jpg",190,266,false]},"uagb_author_info":{"display_name":"Jean-Marie Jouzel","author_link":"https:\/\/janze-athletisme.fr\/wordpress\/author\/jmjouzel\/"},"uagb_comment_info":0,"uagb_excerpt":"Trail des Vall\u00e9es UTDV &nbsp; Dieu que ce fut dur ! dur et long. But he did it !!! Julien l&rsquo;a fait, certes, il a d\u00e9j\u00e0 fait plus long (les 180km de l&rsquo;Ultramarin par exemple) mais chaque course et \u00e0 plus forte raison, chaque ultra est diff\u00e9rent. 16\u00e8me au km 96, il a serr\u00e9 les\u2026","_links":{"self":[{"href":"https:\/\/janze-athletisme.fr\/wordpress\/wp-json\/wp\/v2\/posts\/30864","targetHints":{"allow":["GET"]}}],"collection":[{"href":"https:\/\/janze-athletisme.fr\/wordpress\/wp-json\/wp\/v2\/posts"}],"about":[{"href":"https:\/\/janze-athletisme.fr\/wordpress\/wp-json\/wp\/v2\/types\/post"}],"author":[{"embeddable":true,"href":"https:\/\/janze-athletisme.fr\/wordpress\/wp-json\/wp\/v2\/users\/8"}],"replies":[{"embeddable":true,"href":"https:\/\/janze-athletisme.fr\/wordpress\/wp-json\/wp\/v2\/comments?post=30864"}],"version-history":[{"count":1,"href":"https:\/\/janze-athletisme.fr\/wordpress\/wp-json\/wp\/v2\/posts\/30864\/revisions"}],"predecessor-version":[{"id":30866,"href":"https:\/\/janze-athletisme.fr\/wordpress\/wp-json\/wp\/v2\/posts\/30864\/revisions\/30866"}],"wp:featuredmedia":[{"embeddable":true,"href":"https:\/\/janze-athletisme.fr\/wordpress\/wp-json\/wp\/v2\/media\/30865"}],"wp:attachment":[{"href":"https:\/\/janze-athletisme.fr\/wordpress\/wp-json\/wp\/v2\/media?parent=30864"}],"wp:term":[{"taxonomy":"category","embeddable":true,"href":"https:\/\/janze-athletisme.fr\/wordpress\/wp-json\/wp\/v2\/categories?post=30864"},{"taxonomy":"post_tag","embeddable":true,"href":"https:\/\/janze-athletisme.fr\/wordpress\/wp-json\/wp\/v2\/tags?post=30864"}],"curies":[{"name":"wp","href":"https:\/\/api.w.org\/{rel}","templated":true}]}}