{"id":30449,"date":"2026-03-02T16:13:08","date_gmt":"2026-03-02T15:13:08","guid":{"rendered":"https:\/\/janze-athletisme.fr\/wordpress\/?p=30449"},"modified":"2026-03-02T16:13:08","modified_gmt":"2026-03-02T15:13:08","slug":"thorigne-fouillard-ca-sent-lprintemps","status":"publish","type":"post","link":"https:\/\/janze-athletisme.fr\/wordpress\/thorigne-fouillard-ca-sent-lprintemps\/","title":{"rendered":"Thorign\u00e9-Fouillard: \u00e7a sent l&rsquo;printemps !"},"content":{"rendered":"<h1 style=\"text-align: center;\"><span style=\"font-family: comic sans ms, sans-serif; color: #800000;\">Courons \u00e0 Thorign\u00e9-Fouillard 2026<\/span><\/h1>\n<p>&nbsp;<\/p>\n<p><span style=\"color: #000000;\">Deux coureurs, deux g\u00e9n\u00e9rations, deux styles et deux objectifs. Pour Kilian, la fougue de la jeunesse le pousse vers la performance ! en pleine ascension, \u00e0 un \u00e2ge o\u00f9 les chronos d\u00e9filent au gr\u00e8s des s\u00e9ances de VMA courtes, encha\u00eenant RP sur RP, bref, l&rsquo;avenir est devant lui. Raymond a connu tout \u00e7a ! maintenant, loin des RP et autres chronos, on cherche avant tout le plaisir, l&rsquo;\u00e9change avec les vieux habitu\u00e9s du hors-stade \u00e0 une \u00e9poque o\u00f9 les maillots \u00e9taient en coton et les sabots rempla\u00e7aient les vaporfly et autres alphafly !!! oui, bon d&rsquo;accord, \u00e7a c&rsquo;\u00e9tait plut\u00f4t en centre-Bretagne&#8230; \ud83d\ude1b .<\/span><\/p>\n<p><span style=\"color: #000000;\">Bravo les gars, dans tout les cas vous avez assur\u00e9 , une belle 6\u00e8me place au scratch pour Kilian et une place dans la 1\u00e8re moiti\u00e9 pour Raymond. Belle ballade en for\u00eat de Rennes en tout cas et avec le soleil, \u00e7a nous change&#8230;irions-nous vers le printemps ???<\/span><\/p>\n<p>&nbsp;<\/p>\n<p>&nbsp;<\/p>\n<table style=\"border-collapse: collapse; width: 100%; height: 159px;\">\n<tbody>\n<tr style=\"height: 53px;\">\n<td style=\"width: 20%; text-align: center; height: 53px;\"><strong><span style=\"color: #000000;\">Distance<\/span><\/strong><\/td>\n<td style=\"width: 20%; text-align: center; height: 53px;\"><strong><span style=\"color: #000000;\">Classement<\/span><\/strong><\/td>\n<td style=\"width: 20%; text-align: center; height: 53px;\"><strong><span style=\"color: #000000;\">Nom<\/span><\/strong><\/td>\n<td style=\"width: 20%; text-align: center; height: 53px;\"><strong><span style=\"color: #000000;\">Temps<\/span><\/strong><\/td>\n<td style=\"width: 20%; text-align: center; height: 53px;\"><strong><span style=\"color: #000000;\">Classement cat\u00e9gorie<\/span><\/strong><\/td>\n<\/tr>\n<tr style=\"height: 53px;\">\n<td style=\"width: 20%; text-align: center; height: 53px;\"><span style=\"color: #000000;\">12,5 km<\/span><\/td>\n<td style=\"width: 20%; text-align: center; height: 53px;\"><span style=\"color: #000000;\">6\/436<\/span><\/td>\n<td style=\"width: 20%; text-align: center; height: 53px;\"><span style=\"color: #000000;\">Kilian Leutellier<\/span><\/td>\n<td style=\"width: 20%; text-align: center; height: 53px;\"><span style=\"color: #000000;\">45&rsquo;27<\/span><\/td>\n<td style=\"width: 20%; text-align: center; height: 53px;\"><span style=\"color: #000000;\">4\u00e8me SE<\/span><\/td>\n<\/tr>\n<tr style=\"height: 53px;\">\n<td style=\"width: 20%; text-align: center; height: 53px;\"><span style=\"color: #000000;\">12,5 km<\/span><\/td>\n<td style=\"width: 20%; text-align: center; height: 53px;\"><span style=\"color: #000000;\">200\/436<\/span><\/td>\n<td style=\"width: 20%; text-align: center; height: 53px;\"><span style=\"color: #000000;\">Raymond Flegeau<\/span><\/td>\n<td style=\"width: 20%; text-align: center; height: 53px;\"><span style=\"color: #000000;\">1h05&rsquo;54<\/span><\/td>\n<td style=\"width: 20%; text-align: center; height: 53px;\"><span style=\"color: #000000;\">7\u00e8me M6<\/span><\/td>\n<\/tr>\n<\/tbody>\n<\/table>\n","protected":false},"excerpt":{"rendered":"<p>Courons \u00e0 Thorign\u00e9-Fouillard 2026 &nbsp; Deux coureurs, deux g\u00e9n\u00e9rations, deux styles et deux objectifs. Pour Kilian, la fougue de la jeunesse le pousse vers la performance ! en pleine ascension, \u00e0 un \u00e2ge o\u00f9 les chronos d\u00e9filent au gr\u00e8s des s\u00e9ances de VMA courtes, encha\u00eenant RP sur RP, bref, l&rsquo;avenir est devant lui. Raymond a [&hellip;]<\/p>\n","protected":false},"author":8,"featured_media":30450,"comment_status":"open","ping_status":"open","sticky":false,"template":"","format":"aside","meta":{"_uag_custom_page_level_css":"","site-sidebar-layout":"default","site-content-layout":"","ast-site-content-layout":"default","site-content-style":"default","site-sidebar-style":"default","ast-global-header-display":"","ast-banner-title-visibility":"","ast-main-header-display":"","ast-hfb-above-header-display":"","ast-hfb-below-header-display":"","ast-hfb-mobile-header-display":"","site-post-title":"","ast-breadcrumbs-content":"","ast-featured-img":"","footer-sml-layout":"","ast-disable-related-posts":"","theme-transparent-header-meta":"default","adv-header-id-meta":"","stick-header-meta":"","header-above-stick-meta":"","header-main-stick-meta":"","header-below-stick-meta":"","astra-migrate-meta-layouts":"set","ast-page-background-enabled":"default","ast-page-background-meta":{"desktop":{"background-color":"var(--ast-global-color-4)","background-image":"","background-repeat":"repeat","background-position":"center center","background-size":"auto","background-attachment":"scroll","background-type":"","background-media":"","overlay-type":"","overlay-color":"","overlay-opacity":"","overlay-gradient":""},"tablet":{"background-color":"","background-image":"","background-repeat":"repeat","background-position":"center center","background-size":"auto","background-attachment":"scroll","background-type":"","background-media":"","overlay-type":"","overlay-color":"","overlay-opacity":"","overlay-gradient":""},"mobile":{"background-color":"","background-image":"","background-repeat":"repeat","background-position":"center center","background-size":"auto","background-attachment":"scroll","background-type":"","background-media":"","overlay-type":"","overlay-color":"","overlay-opacity":"","overlay-gradient":""}},"ast-content-background-meta":{"desktop":{"background-color":"var(--ast-global-color-5)","background-image":"","background-repeat":"repeat","background-position":"center center","background-size":"auto","background-attachment":"scroll","background-type":"","background-media":"","overlay-type":"","overlay-color":"","overlay-opacity":"","overlay-gradient":""},"tablet":{"background-color":"var(--ast-global-color-5)","background-image":"","background-repeat":"repeat","background-position":"center center","background-size":"auto","background-attachment":"scroll","background-type":"","background-media":"","overlay-type":"","overlay-color":"","overlay-opacity":"","overlay-gradient":""},"mobile":{"background-color":"var(--ast-global-color-5)","background-image":"","background-repeat":"repeat","background-position":"center center","background-size":"auto","background-attachment":"scroll","background-type":"","background-media":"","overlay-type":"","overlay-color":"","overlay-opacity":"","overlay-gradient":""}},"footnotes":""},"categories":[6],"tags":[],"class_list":["post-30449","post","type-post","status-publish","format-aside","has-post-thumbnail","hentry","category-sections","post_format-post-format-aside"],"yoast_head":"<!-- This site is optimized with the Yoast SEO plugin v27.5 - https:\/\/yoast.com\/product\/yoast-seo-wordpress\/ -->\n<title>Thorign\u00e9-Fouillard: \u00e7a sent l&#039;printemps ! - Janz\u00e9 Athl\u00e9tisme<\/title>\n<meta name=\"robots\" content=\"index, follow, max-snippet:-1, max-image-preview:large, max-video-preview:-1\" \/>\n<link rel=\"canonical\" href=\"https:\/\/janze-athletisme.fr\/wordpress\/thorigne-fouillard-ca-sent-lprintemps\/\" \/>\n<meta property=\"og:locale\" content=\"fr_FR\" \/>\n<meta property=\"og:type\" content=\"article\" \/>\n<meta property=\"og:title\" content=\"Thorign\u00e9-Fouillard: \u00e7a sent l&#039;printemps ! - Janz\u00e9 Athl\u00e9tisme\" \/>\n<meta property=\"og:description\" content=\"Courons \u00e0 Thorign\u00e9-Fouillard 2026 &nbsp; Deux coureurs, deux g\u00e9n\u00e9rations, deux styles et deux objectifs. Pour Kilian, la fougue de la jeunesse le pousse vers la performance ! en pleine ascension, \u00e0 un \u00e2ge o\u00f9 les chronos d\u00e9filent au gr\u00e8s des s\u00e9ances de VMA courtes, encha\u00eenant RP sur RP, bref, l&rsquo;avenir est devant lui. Raymond a [&hellip;]\" \/>\n<meta property=\"og:url\" content=\"https:\/\/janze-athletisme.fr\/wordpress\/thorigne-fouillard-ca-sent-lprintemps\/\" \/>\n<meta property=\"og:site_name\" content=\"Janz\u00e9 Athl\u00e9tisme\" \/>\n<meta property=\"article:publisher\" content=\"https:\/\/www.facebook.com\/groups\/1007964579346590\" \/>\n<meta property=\"article:published_time\" content=\"2026-03-02T15:13:08+00:00\" \/>\n<meta property=\"og:image\" content=\"https:\/\/janze-athletisme.fr\/wordpress\/wp-content\/uploads\/2026\/03\/Affiche-Thorefoleenne2026-A3-scaled.jpg\" \/>\n\t<meta property=\"og:image:width\" content=\"1810\" \/>\n\t<meta property=\"og:image:height\" content=\"2560\" \/>\n\t<meta property=\"og:image:type\" content=\"image\/jpeg\" \/>\n<meta name=\"author\" content=\"Jean-Marie Jouzel\" \/>\n<meta name=\"twitter:card\" content=\"summary_large_image\" \/>\n<meta name=\"twitter:label1\" content=\"\u00c9crit par\" \/>\n\t<meta name=\"twitter:data1\" content=\"Jean-Marie Jouzel\" \/>\n\t<meta name=\"twitter:label2\" content=\"Dur\u00e9e de lecture estim\u00e9e\" \/>\n\t<meta name=\"twitter:data2\" content=\"2 minutes\" \/>\n<script type=\"application\/ld+json\" class=\"yoast-schema-graph\">{\"@context\":\"https:\\\/\\\/schema.org\",\"@graph\":[{\"@type\":\"Article\",\"@id\":\"https:\\\/\\\/janze-athletisme.fr\\\/wordpress\\\/thorigne-fouillard-ca-sent-lprintemps\\\/#article\",\"isPartOf\":{\"@id\":\"https:\\\/\\\/janze-athletisme.fr\\\/wordpress\\\/thorigne-fouillard-ca-sent-lprintemps\\\/\"},\"author\":{\"name\":\"Jean-Marie Jouzel\",\"@id\":\"https:\\\/\\\/janze-athletisme.fr\\\/wordpress\\\/#\\\/schema\\\/person\\\/e27efa3d49687b81c679eb0b5c4973e9\"},\"headline\":\"Thorign\u00e9-Fouillard: \u00e7a sent l&rsquo;printemps !\",\"datePublished\":\"2026-03-02T15:13:08+00:00\",\"mainEntityOfPage\":{\"@id\":\"https:\\\/\\\/janze-athletisme.fr\\\/wordpress\\\/thorigne-fouillard-ca-sent-lprintemps\\\/\"},\"wordCount\":188,\"commentCount\":0,\"publisher\":{\"@id\":\"https:\\\/\\\/janze-athletisme.fr\\\/wordpress\\\/#organization\"},\"image\":{\"@id\":\"https:\\\/\\\/janze-athletisme.fr\\\/wordpress\\\/thorigne-fouillard-ca-sent-lprintemps\\\/#primaryimage\"},\"thumbnailUrl\":\"https:\\\/\\\/janze-athletisme.fr\\\/wordpress\\\/wp-content\\\/uploads\\\/2026\\\/03\\\/Affiche-Thorefoleenne2026-A3-scaled.jpg\",\"articleSection\":[\"Le club au jour le jour\"],\"inLanguage\":\"fr-FR\",\"potentialAction\":[{\"@type\":\"CommentAction\",\"name\":\"Comment\",\"target\":[\"https:\\\/\\\/janze-athletisme.fr\\\/wordpress\\\/thorigne-fouillard-ca-sent-lprintemps\\\/#respond\"]}]},{\"@type\":\"WebPage\",\"@id\":\"https:\\\/\\\/janze-athletisme.fr\\\/wordpress\\\/thorigne-fouillard-ca-sent-lprintemps\\\/\",\"url\":\"https:\\\/\\\/janze-athletisme.fr\\\/wordpress\\\/thorigne-fouillard-ca-sent-lprintemps\\\/\",\"name\":\"Thorign\u00e9-Fouillard: \u00e7a sent l'printemps ! - Janz\u00e9 Athl\u00e9tisme\",\"isPartOf\":{\"@id\":\"https:\\\/\\\/janze-athletisme.fr\\\/wordpress\\\/#website\"},\"primaryImageOfPage\":{\"@id\":\"https:\\\/\\\/janze-athletisme.fr\\\/wordpress\\\/thorigne-fouillard-ca-sent-lprintemps\\\/#primaryimage\"},\"image\":{\"@id\":\"https:\\\/\\\/janze-athletisme.fr\\\/wordpress\\\/thorigne-fouillard-ca-sent-lprintemps\\\/#primaryimage\"},\"thumbnailUrl\":\"https:\\\/\\\/janze-athletisme.fr\\\/wordpress\\\/wp-content\\\/uploads\\\/2026\\\/03\\\/Affiche-Thorefoleenne2026-A3-scaled.jpg\",\"datePublished\":\"2026-03-02T15:13:08+00:00\",\"breadcrumb\":{\"@id\":\"https:\\\/\\\/janze-athletisme.fr\\\/wordpress\\\/thorigne-fouillard-ca-sent-lprintemps\\\/#breadcrumb\"},\"inLanguage\":\"fr-FR\",\"potentialAction\":[{\"@type\":\"ReadAction\",\"target\":[\"https:\\\/\\\/janze-athletisme.fr\\\/wordpress\\\/thorigne-fouillard-ca-sent-lprintemps\\\/\"]}]},{\"@type\":\"ImageObject\",\"inLanguage\":\"fr-FR\",\"@id\":\"https:\\\/\\\/janze-athletisme.fr\\\/wordpress\\\/thorigne-fouillard-ca-sent-lprintemps\\\/#primaryimage\",\"url\":\"https:\\\/\\\/janze-athletisme.fr\\\/wordpress\\\/wp-content\\\/uploads\\\/2026\\\/03\\\/Affiche-Thorefoleenne2026-A3-scaled.jpg\",\"contentUrl\":\"https:\\\/\\\/janze-athletisme.fr\\\/wordpress\\\/wp-content\\\/uploads\\\/2026\\\/03\\\/Affiche-Thorefoleenne2026-A3-scaled.jpg\",\"width\":1810,\"height\":2560},{\"@type\":\"BreadcrumbList\",\"@id\":\"https:\\\/\\\/janze-athletisme.fr\\\/wordpress\\\/thorigne-fouillard-ca-sent-lprintemps\\\/#breadcrumb\",\"itemListElement\":[{\"@type\":\"ListItem\",\"position\":1,\"name\":\"Accueil\",\"item\":\"https:\\\/\\\/janze-athletisme.fr\\\/wordpress\\\/\"},{\"@type\":\"ListItem\",\"position\":2,\"name\":\"Thorign\u00e9-Fouillard: \u00e7a sent l&rsquo;printemps !\"}]},{\"@type\":\"WebSite\",\"@id\":\"https:\\\/\\\/janze-athletisme.fr\\\/wordpress\\\/#website\",\"url\":\"https:\\\/\\\/janze-athletisme.fr\\\/wordpress\\\/\",\"name\":\"Janz\u00e9 Athl\u00e9tisme\",\"description\":\"Pays de La Roche aux F\u00e9es\",\"publisher\":{\"@id\":\"https:\\\/\\\/janze-athletisme.fr\\\/wordpress\\\/#organization\"},\"potentialAction\":[{\"@type\":\"SearchAction\",\"target\":{\"@type\":\"EntryPoint\",\"urlTemplate\":\"https:\\\/\\\/janze-athletisme.fr\\\/wordpress\\\/?s={search_term_string}\"},\"query-input\":{\"@type\":\"PropertyValueSpecification\",\"valueRequired\":true,\"valueName\":\"search_term_string\"}}],\"inLanguage\":\"fr-FR\"},{\"@type\":\"Organization\",\"@id\":\"https:\\\/\\\/janze-athletisme.fr\\\/wordpress\\\/#organization\",\"name\":\"Janz\u00e9 Athl\u00e9tisme\",\"url\":\"https:\\\/\\\/janze-athletisme.fr\\\/wordpress\\\/\",\"logo\":{\"@type\":\"ImageObject\",\"inLanguage\":\"fr-FR\",\"@id\":\"https:\\\/\\\/janze-athletisme.fr\\\/wordpress\\\/#\\\/schema\\\/logo\\\/image\\\/\",\"url\":\"https:\\\/\\\/janze-athletisme.fr\\\/wordpress\\\/wp-content\\\/uploads\\\/2015\\\/03\\\/logo-full1.jpg\",\"contentUrl\":\"https:\\\/\\\/janze-athletisme.fr\\\/wordpress\\\/wp-content\\\/uploads\\\/2015\\\/03\\\/logo-full1.jpg\",\"width\":437,\"height\":205,\"caption\":\"Janz\u00e9 Athl\u00e9tisme\"},\"image\":{\"@id\":\"https:\\\/\\\/janze-athletisme.fr\\\/wordpress\\\/#\\\/schema\\\/logo\\\/image\\\/\"},\"sameAs\":[\"https:\\\/\\\/www.facebook.com\\\/groups\\\/1007964579346590\"]},{\"@type\":\"Person\",\"@id\":\"https:\\\/\\\/janze-athletisme.fr\\\/wordpress\\\/#\\\/schema\\\/person\\\/e27efa3d49687b81c679eb0b5c4973e9\",\"name\":\"Jean-Marie Jouzel\",\"image\":{\"@type\":\"ImageObject\",\"inLanguage\":\"fr-FR\",\"@id\":\"https:\\\/\\\/secure.gravatar.com\\\/avatar\\\/6aaee532914ad5ae9d6b4c13c953c6689456493b17979b560cf8fd0c344930ab?s=96&d=mm&r=g\",\"url\":\"https:\\\/\\\/secure.gravatar.com\\\/avatar\\\/6aaee532914ad5ae9d6b4c13c953c6689456493b17979b560cf8fd0c344930ab?s=96&d=mm&r=g\",\"contentUrl\":\"https:\\\/\\\/secure.gravatar.com\\\/avatar\\\/6aaee532914ad5ae9d6b4c13c953c6689456493b17979b560cf8fd0c344930ab?s=96&d=mm&r=g\",\"caption\":\"Jean-Marie Jouzel\"},\"url\":\"https:\\\/\\\/janze-athletisme.fr\\\/wordpress\\\/author\\\/jmjouzel\\\/\"}]}<\/script>\n<!-- \/ Yoast SEO plugin. -->","yoast_head_json":{"title":"Thorign\u00e9-Fouillard: \u00e7a sent l'printemps ! - Janz\u00e9 Athl\u00e9tisme","robots":{"index":"index","follow":"follow","max-snippet":"max-snippet:-1","max-image-preview":"max-image-preview:large","max-video-preview":"max-video-preview:-1"},"canonical":"https:\/\/janze-athletisme.fr\/wordpress\/thorigne-fouillard-ca-sent-lprintemps\/","og_locale":"fr_FR","og_type":"article","og_title":"Thorign\u00e9-Fouillard: \u00e7a sent l'printemps ! - Janz\u00e9 Athl\u00e9tisme","og_description":"Courons \u00e0 Thorign\u00e9-Fouillard 2026 &nbsp; Deux coureurs, deux g\u00e9n\u00e9rations, deux styles et deux objectifs. Pour Kilian, la fougue de la jeunesse le pousse vers la performance ! en pleine ascension, \u00e0 un \u00e2ge o\u00f9 les chronos d\u00e9filent au gr\u00e8s des s\u00e9ances de VMA courtes, encha\u00eenant RP sur RP, bref, l&rsquo;avenir est devant lui. Raymond a [&hellip;]","og_url":"https:\/\/janze-athletisme.fr\/wordpress\/thorigne-fouillard-ca-sent-lprintemps\/","og_site_name":"Janz\u00e9 Athl\u00e9tisme","article_publisher":"https:\/\/www.facebook.com\/groups\/1007964579346590","article_published_time":"2026-03-02T15:13:08+00:00","og_image":[{"width":1810,"height":2560,"url":"https:\/\/janze-athletisme.fr\/wordpress\/wp-content\/uploads\/2026\/03\/Affiche-Thorefoleenne2026-A3-scaled.jpg","type":"image\/jpeg"}],"author":"Jean-Marie Jouzel","twitter_card":"summary_large_image","twitter_misc":{"\u00c9crit par":"Jean-Marie Jouzel","Dur\u00e9e de lecture estim\u00e9e":"2 minutes"},"schema":{"@context":"https:\/\/schema.org","@graph":[{"@type":"Article","@id":"https:\/\/janze-athletisme.fr\/wordpress\/thorigne-fouillard-ca-sent-lprintemps\/#article","isPartOf":{"@id":"https:\/\/janze-athletisme.fr\/wordpress\/thorigne-fouillard-ca-sent-lprintemps\/"},"author":{"name":"Jean-Marie Jouzel","@id":"https:\/\/janze-athletisme.fr\/wordpress\/#\/schema\/person\/e27efa3d49687b81c679eb0b5c4973e9"},"headline":"Thorign\u00e9-Fouillard: \u00e7a sent l&rsquo;printemps !","datePublished":"2026-03-02T15:13:08+00:00","mainEntityOfPage":{"@id":"https:\/\/janze-athletisme.fr\/wordpress\/thorigne-fouillard-ca-sent-lprintemps\/"},"wordCount":188,"commentCount":0,"publisher":{"@id":"https:\/\/janze-athletisme.fr\/wordpress\/#organization"},"image":{"@id":"https:\/\/janze-athletisme.fr\/wordpress\/thorigne-fouillard-ca-sent-lprintemps\/#primaryimage"},"thumbnailUrl":"https:\/\/janze-athletisme.fr\/wordpress\/wp-content\/uploads\/2026\/03\/Affiche-Thorefoleenne2026-A3-scaled.jpg","articleSection":["Le club au jour le jour"],"inLanguage":"fr-FR","potentialAction":[{"@type":"CommentAction","name":"Comment","target":["https:\/\/janze-athletisme.fr\/wordpress\/thorigne-fouillard-ca-sent-lprintemps\/#respond"]}]},{"@type":"WebPage","@id":"https:\/\/janze-athletisme.fr\/wordpress\/thorigne-fouillard-ca-sent-lprintemps\/","url":"https:\/\/janze-athletisme.fr\/wordpress\/thorigne-fouillard-ca-sent-lprintemps\/","name":"Thorign\u00e9-Fouillard: \u00e7a sent l'printemps ! - Janz\u00e9 Athl\u00e9tisme","isPartOf":{"@id":"https:\/\/janze-athletisme.fr\/wordpress\/#website"},"primaryImageOfPage":{"@id":"https:\/\/janze-athletisme.fr\/wordpress\/thorigne-fouillard-ca-sent-lprintemps\/#primaryimage"},"image":{"@id":"https:\/\/janze-athletisme.fr\/wordpress\/thorigne-fouillard-ca-sent-lprintemps\/#primaryimage"},"thumbnailUrl":"https:\/\/janze-athletisme.fr\/wordpress\/wp-content\/uploads\/2026\/03\/Affiche-Thorefoleenne2026-A3-scaled.jpg","datePublished":"2026-03-02T15:13:08+00:00","breadcrumb":{"@id":"https:\/\/janze-athletisme.fr\/wordpress\/thorigne-fouillard-ca-sent-lprintemps\/#breadcrumb"},"inLanguage":"fr-FR","potentialAction":[{"@type":"ReadAction","target":["https:\/\/janze-athletisme.fr\/wordpress\/thorigne-fouillard-ca-sent-lprintemps\/"]}]},{"@type":"ImageObject","inLanguage":"fr-FR","@id":"https:\/\/janze-athletisme.fr\/wordpress\/thorigne-fouillard-ca-sent-lprintemps\/#primaryimage","url":"https:\/\/janze-athletisme.fr\/wordpress\/wp-content\/uploads\/2026\/03\/Affiche-Thorefoleenne2026-A3-scaled.jpg","contentUrl":"https:\/\/janze-athletisme.fr\/wordpress\/wp-content\/uploads\/2026\/03\/Affiche-Thorefoleenne2026-A3-scaled.jpg","width":1810,"height":2560},{"@type":"BreadcrumbList","@id":"https:\/\/janze-athletisme.fr\/wordpress\/thorigne-fouillard-ca-sent-lprintemps\/#breadcrumb","itemListElement":[{"@type":"ListItem","position":1,"name":"Accueil","item":"https:\/\/janze-athletisme.fr\/wordpress\/"},{"@type":"ListItem","position":2,"name":"Thorign\u00e9-Fouillard: \u00e7a sent l&rsquo;printemps !"}]},{"@type":"WebSite","@id":"https:\/\/janze-athletisme.fr\/wordpress\/#website","url":"https:\/\/janze-athletisme.fr\/wordpress\/","name":"Janz\u00e9 Athl\u00e9tisme","description":"Pays de La Roche aux F\u00e9es","publisher":{"@id":"https:\/\/janze-athletisme.fr\/wordpress\/#organization"},"potentialAction":[{"@type":"SearchAction","target":{"@type":"EntryPoint","urlTemplate":"https:\/\/janze-athletisme.fr\/wordpress\/?s={search_term_string}"},"query-input":{"@type":"PropertyValueSpecification","valueRequired":true,"valueName":"search_term_string"}}],"inLanguage":"fr-FR"},{"@type":"Organization","@id":"https:\/\/janze-athletisme.fr\/wordpress\/#organization","name":"Janz\u00e9 Athl\u00e9tisme","url":"https:\/\/janze-athletisme.fr\/wordpress\/","logo":{"@type":"ImageObject","inLanguage":"fr-FR","@id":"https:\/\/janze-athletisme.fr\/wordpress\/#\/schema\/logo\/image\/","url":"https:\/\/janze-athletisme.fr\/wordpress\/wp-content\/uploads\/2015\/03\/logo-full1.jpg","contentUrl":"https:\/\/janze-athletisme.fr\/wordpress\/wp-content\/uploads\/2015\/03\/logo-full1.jpg","width":437,"height":205,"caption":"Janz\u00e9 Athl\u00e9tisme"},"image":{"@id":"https:\/\/janze-athletisme.fr\/wordpress\/#\/schema\/logo\/image\/"},"sameAs":["https:\/\/www.facebook.com\/groups\/1007964579346590"]},{"@type":"Person","@id":"https:\/\/janze-athletisme.fr\/wordpress\/#\/schema\/person\/e27efa3d49687b81c679eb0b5c4973e9","name":"Jean-Marie Jouzel","image":{"@type":"ImageObject","inLanguage":"fr-FR","@id":"https:\/\/secure.gravatar.com\/avatar\/6aaee532914ad5ae9d6b4c13c953c6689456493b17979b560cf8fd0c344930ab?s=96&d=mm&r=g","url":"https:\/\/secure.gravatar.com\/avatar\/6aaee532914ad5ae9d6b4c13c953c6689456493b17979b560cf8fd0c344930ab?s=96&d=mm&r=g","contentUrl":"https:\/\/secure.gravatar.com\/avatar\/6aaee532914ad5ae9d6b4c13c953c6689456493b17979b560cf8fd0c344930ab?s=96&d=mm&r=g","caption":"Jean-Marie Jouzel"},"url":"https:\/\/janze-athletisme.fr\/wordpress\/author\/jmjouzel\/"}]}},"uagb_featured_image_src":{"full":["https:\/\/janze-athletisme.fr\/wordpress\/wp-content\/uploads\/2026\/03\/Affiche-Thorefoleenne2026-A3-scaled.jpg",1810,2560,false],"thumbnail":["https:\/\/janze-athletisme.fr\/wordpress\/wp-content\/uploads\/2026\/03\/Affiche-Thorefoleenne2026-A3-150x150.jpg",150,150,true],"medium":["https:\/\/janze-athletisme.fr\/wordpress\/wp-content\/uploads\/2026\/03\/Affiche-Thorefoleenne2026-A3-212x300.jpg",212,300,true],"medium_large":["https:\/\/janze-athletisme.fr\/wordpress\/wp-content\/uploads\/2026\/03\/Affiche-Thorefoleenne2026-A3-768x1086.jpg",768,1086,true],"large":["https:\/\/janze-athletisme.fr\/wordpress\/wp-content\/uploads\/2026\/03\/Affiche-Thorefoleenne2026-A3-724x1024.jpg",724,1024,true],"1536x1536":["https:\/\/janze-athletisme.fr\/wordpress\/wp-content\/uploads\/2026\/03\/Affiche-Thorefoleenne2026-A3-1086x1536.jpg",1086,1536,true],"2048x2048":["https:\/\/janze-athletisme.fr\/wordpress\/wp-content\/uploads\/2026\/03\/Affiche-Thorefoleenne2026-A3-1448x2048.jpg",1448,2048,true]},"uagb_author_info":{"display_name":"Jean-Marie Jouzel","author_link":"https:\/\/janze-athletisme.fr\/wordpress\/author\/jmjouzel\/"},"uagb_comment_info":0,"uagb_excerpt":"Courons \u00e0 Thorign\u00e9-Fouillard 2026 &nbsp; Deux coureurs, deux g\u00e9n\u00e9rations, deux styles et deux objectifs. Pour Kilian, la fougue de la jeunesse le pousse vers la performance ! en pleine ascension, \u00e0 un \u00e2ge o\u00f9 les chronos d\u00e9filent au gr\u00e8s des s\u00e9ances de VMA courtes, encha\u00eenant RP sur RP, bref, l&rsquo;avenir est devant lui. Raymond a\u2026","_links":{"self":[{"href":"https:\/\/janze-athletisme.fr\/wordpress\/wp-json\/wp\/v2\/posts\/30449","targetHints":{"allow":["GET"]}}],"collection":[{"href":"https:\/\/janze-athletisme.fr\/wordpress\/wp-json\/wp\/v2\/posts"}],"about":[{"href":"https:\/\/janze-athletisme.fr\/wordpress\/wp-json\/wp\/v2\/types\/post"}],"author":[{"embeddable":true,"href":"https:\/\/janze-athletisme.fr\/wordpress\/wp-json\/wp\/v2\/users\/8"}],"replies":[{"embeddable":true,"href":"https:\/\/janze-athletisme.fr\/wordpress\/wp-json\/wp\/v2\/comments?post=30449"}],"version-history":[{"count":1,"href":"https:\/\/janze-athletisme.fr\/wordpress\/wp-json\/wp\/v2\/posts\/30449\/revisions"}],"predecessor-version":[{"id":30451,"href":"https:\/\/janze-athletisme.fr\/wordpress\/wp-json\/wp\/v2\/posts\/30449\/revisions\/30451"}],"wp:featuredmedia":[{"embeddable":true,"href":"https:\/\/janze-athletisme.fr\/wordpress\/wp-json\/wp\/v2\/media\/30450"}],"wp:attachment":[{"href":"https:\/\/janze-athletisme.fr\/wordpress\/wp-json\/wp\/v2\/media?parent=30449"}],"wp:term":[{"taxonomy":"category","embeddable":true,"href":"https:\/\/janze-athletisme.fr\/wordpress\/wp-json\/wp\/v2\/categories?post=30449"},{"taxonomy":"post_tag","embeddable":true,"href":"https:\/\/janze-athletisme.fr\/wordpress\/wp-json\/wp\/v2\/tags?post=30449"}],"curies":[{"name":"wp","href":"https:\/\/api.w.org\/{rel}","templated":true}]}}