{"id":30031,"date":"2026-02-07T11:37:42","date_gmt":"2026-02-07T10:37:42","guid":{"rendered":"https:\/\/janze-athletisme.fr\/wordpress\/?p=30031"},"modified":"2026-02-07T11:37:42","modified_gmt":"2026-02-07T10:37:42","slug":"guichen-une-sortie-exceptionnelle-du-hors-satde","status":"publish","type":"post","link":"https:\/\/janze-athletisme.fr\/wordpress\/guichen-une-sortie-exceptionnelle-du-hors-satde\/","title":{"rendered":"Guichen: une sortie exceptionnelle du Hors-satde !"},"content":{"rendered":"<h1 style=\"text-align: center;\"><span style=\"color: #800000; font-family: comic sans ms, sans-serif;\">10km de Guichen<\/span><\/h1>\n<p>&nbsp;<\/p>\n<p><a href=\"https:\/\/janze-athletisme.fr\/wordpress\/wp-content\/uploads\/2026\/02\/aa.jpeg\"><img loading=\"lazy\" decoding=\"async\" class=\"alignnone size-medium wp-image-30033\" src=\"https:\/\/janze-athletisme.fr\/wordpress\/wp-content\/uploads\/2026\/02\/aa-225x300.jpeg\" alt=\"\" width=\"225\" height=\"300\" srcset=\"https:\/\/janze-athletisme.fr\/wordpress\/wp-content\/uploads\/2026\/02\/aa-225x300.jpeg 225w, https:\/\/janze-athletisme.fr\/wordpress\/wp-content\/uploads\/2026\/02\/aa-768x1024.jpeg 768w, https:\/\/janze-athletisme.fr\/wordpress\/wp-content\/uploads\/2026\/02\/aa-1152x1536.jpeg 1152w, https:\/\/janze-athletisme.fr\/wordpress\/wp-content\/uploads\/2026\/02\/aa.jpeg 1364w\" sizes=\"auto, (max-width: 225px) 100vw, 225px\" \/><\/a> <a href=\"https:\/\/janze-athletisme.fr\/wordpress\/wp-content\/uploads\/2026\/02\/aaaa.jpeg\"><img loading=\"lazy\" decoding=\"async\" class=\"alignnone size-medium wp-image-30034\" src=\"https:\/\/janze-athletisme.fr\/wordpress\/wp-content\/uploads\/2026\/02\/aaaa-216x300.jpeg\" alt=\"\" width=\"216\" height=\"300\" srcset=\"https:\/\/janze-athletisme.fr\/wordpress\/wp-content\/uploads\/2026\/02\/aaaa-216x300.jpeg 216w, https:\/\/janze-athletisme.fr\/wordpress\/wp-content\/uploads\/2026\/02\/aaaa-736x1024.jpeg 736w, https:\/\/janze-athletisme.fr\/wordpress\/wp-content\/uploads\/2026\/02\/aaaa-768x1068.jpeg 768w, https:\/\/janze-athletisme.fr\/wordpress\/wp-content\/uploads\/2026\/02\/aaaa-1104x1536.jpeg 1104w, https:\/\/janze-athletisme.fr\/wordpress\/wp-content\/uploads\/2026\/02\/aaaa.jpeg 1218w\" sizes=\"auto, (max-width: 216px) 100vw, 216px\" \/><\/a><a href=\"https:\/\/janze-athletisme.fr\/wordpress\/wp-content\/uploads\/2026\/02\/WhatsApp-Image-2026-02-01-at-11.41.45.jpeg\"><img loading=\"lazy\" decoding=\"async\" class=\"alignnone size-medium wp-image-30035\" src=\"https:\/\/janze-athletisme.fr\/wordpress\/wp-content\/uploads\/2026\/02\/WhatsApp-Image-2026-02-01-at-11.41.45-229x300.jpeg\" alt=\"\" width=\"229\" height=\"300\" srcset=\"https:\/\/janze-athletisme.fr\/wordpress\/wp-content\/uploads\/2026\/02\/WhatsApp-Image-2026-02-01-at-11.41.45-229x300.jpeg 229w, https:\/\/janze-athletisme.fr\/wordpress\/wp-content\/uploads\/2026\/02\/WhatsApp-Image-2026-02-01-at-11.41.45-781x1024.jpeg 781w, https:\/\/janze-athletisme.fr\/wordpress\/wp-content\/uploads\/2026\/02\/WhatsApp-Image-2026-02-01-at-11.41.45-768x1008.jpeg 768w, https:\/\/janze-athletisme.fr\/wordpress\/wp-content\/uploads\/2026\/02\/WhatsApp-Image-2026-02-01-at-11.41.45-1171x1536.jpeg 1171w, https:\/\/janze-athletisme.fr\/wordpress\/wp-content\/uploads\/2026\/02\/WhatsApp-Image-2026-02-01-at-11.41.45.jpeg 1561w\" sizes=\"auto, (max-width: 229px) 100vw, 229px\" \/><\/a> <a href=\"https:\/\/janze-athletisme.fr\/wordpress\/wp-content\/uploads\/2026\/02\/WhatsApp-Image-2026-02-01-at-11.41.48.jpeg\"><img loading=\"lazy\" decoding=\"async\" class=\"alignnone size-medium wp-image-30036\" src=\"https:\/\/janze-athletisme.fr\/wordpress\/wp-content\/uploads\/2026\/02\/WhatsApp-Image-2026-02-01-at-11.41.48-182x300.jpeg\" alt=\"\" width=\"182\" height=\"300\" srcset=\"https:\/\/janze-athletisme.fr\/wordpress\/wp-content\/uploads\/2026\/02\/WhatsApp-Image-2026-02-01-at-11.41.48-182x300.jpeg 182w, https:\/\/janze-athletisme.fr\/wordpress\/wp-content\/uploads\/2026\/02\/WhatsApp-Image-2026-02-01-at-11.41.48-621x1024.jpeg 621w, https:\/\/janze-athletisme.fr\/wordpress\/wp-content\/uploads\/2026\/02\/WhatsApp-Image-2026-02-01-at-11.41.48-768x1266.jpeg 768w, https:\/\/janze-athletisme.fr\/wordpress\/wp-content\/uploads\/2026\/02\/WhatsApp-Image-2026-02-01-at-11.41.48-932x1536.jpeg 932w, https:\/\/janze-athletisme.fr\/wordpress\/wp-content\/uploads\/2026\/02\/WhatsApp-Image-2026-02-01-at-11.41.48.jpeg 1242w\" sizes=\"auto, (max-width: 182px) 100vw, 182px\" \/><\/a> <a href=\"https:\/\/janze-athletisme.fr\/wordpress\/wp-content\/uploads\/2026\/02\/WhatsApp-Image-2026-02-01-at-11.41.49.jpeg\"><img loading=\"lazy\" decoding=\"async\" class=\"alignnone size-medium wp-image-30037\" src=\"https:\/\/janze-athletisme.fr\/wordpress\/wp-content\/uploads\/2026\/02\/WhatsApp-Image-2026-02-01-at-11.41.49-202x300.jpeg\" alt=\"\" width=\"202\" height=\"300\" srcset=\"https:\/\/janze-athletisme.fr\/wordpress\/wp-content\/uploads\/2026\/02\/WhatsApp-Image-2026-02-01-at-11.41.49-202x300.jpeg 202w, https:\/\/janze-athletisme.fr\/wordpress\/wp-content\/uploads\/2026\/02\/WhatsApp-Image-2026-02-01-at-11.41.49-690x1024.jpeg 690w, https:\/\/janze-athletisme.fr\/wordpress\/wp-content\/uploads\/2026\/02\/WhatsApp-Image-2026-02-01-at-11.41.49-768x1140.jpeg 768w, https:\/\/janze-athletisme.fr\/wordpress\/wp-content\/uploads\/2026\/02\/WhatsApp-Image-2026-02-01-at-11.41.49-1035x1536.jpeg 1035w, https:\/\/janze-athletisme.fr\/wordpress\/wp-content\/uploads\/2026\/02\/WhatsApp-Image-2026-02-01-at-11.41.49.jpeg 1180w\" sizes=\"auto, (max-width: 202px) 100vw, 202px\" \/><\/a> <a href=\"https:\/\/janze-athletisme.fr\/wordpress\/wp-content\/uploads\/2026\/02\/WhatsApp-Image-2026-02-01-at-11.41.50.jpeg\"><img loading=\"lazy\" decoding=\"async\" class=\"alignnone size-medium wp-image-30038\" src=\"https:\/\/janze-athletisme.fr\/wordpress\/wp-content\/uploads\/2026\/02\/WhatsApp-Image-2026-02-01-at-11.41.50-180x300.jpeg\" alt=\"\" width=\"180\" height=\"300\" srcset=\"https:\/\/janze-athletisme.fr\/wordpress\/wp-content\/uploads\/2026\/02\/WhatsApp-Image-2026-02-01-at-11.41.50-180x300.jpeg 180w, https:\/\/janze-athletisme.fr\/wordpress\/wp-content\/uploads\/2026\/02\/WhatsApp-Image-2026-02-01-at-11.41.50-614x1024.jpeg 614w, https:\/\/janze-athletisme.fr\/wordpress\/wp-content\/uploads\/2026\/02\/WhatsApp-Image-2026-02-01-at-11.41.50-768x1280.jpeg 768w, https:\/\/janze-athletisme.fr\/wordpress\/wp-content\/uploads\/2026\/02\/WhatsApp-Image-2026-02-01-at-11.41.50-921x1536.jpeg 921w, https:\/\/janze-athletisme.fr\/wordpress\/wp-content\/uploads\/2026\/02\/WhatsApp-Image-2026-02-01-at-11.41.50.jpeg 1036w\" sizes=\"auto, (max-width: 180px) 100vw, 180px\" \/><\/a> <a href=\"https:\/\/janze-athletisme.fr\/wordpress\/wp-content\/uploads\/2026\/02\/WhatsApp-Image-2026-02-01-at-11.41.51.jpeg\"><img loading=\"lazy\" decoding=\"async\" class=\"alignnone size-medium wp-image-30039\" src=\"https:\/\/janze-athletisme.fr\/wordpress\/wp-content\/uploads\/2026\/02\/WhatsApp-Image-2026-02-01-at-11.41.51-225x300.jpeg\" alt=\"\" width=\"225\" height=\"300\" srcset=\"https:\/\/janze-athletisme.fr\/wordpress\/wp-content\/uploads\/2026\/02\/WhatsApp-Image-2026-02-01-at-11.41.51-225x300.jpeg 225w, https:\/\/janze-athletisme.fr\/wordpress\/wp-content\/uploads\/2026\/02\/WhatsApp-Image-2026-02-01-at-11.41.51-768x1024.jpeg 768w, https:\/\/janze-athletisme.fr\/wordpress\/wp-content\/uploads\/2026\/02\/WhatsApp-Image-2026-02-01-at-11.41.51-1152x1536.jpeg 1152w, https:\/\/janze-athletisme.fr\/wordpress\/wp-content\/uploads\/2026\/02\/WhatsApp-Image-2026-02-01-at-11.41.51.jpeg 1512w\" sizes=\"auto, (max-width: 225px) 100vw, 225px\" \/><\/a> <a href=\"https:\/\/janze-athletisme.fr\/wordpress\/wp-content\/uploads\/2026\/02\/WhatsApp-Image-2026-02-01-at-11.41.52.jpeg\"><img loading=\"lazy\" decoding=\"async\" class=\"alignnone size-medium wp-image-30040\" src=\"https:\/\/janze-athletisme.fr\/wordpress\/wp-content\/uploads\/2026\/02\/WhatsApp-Image-2026-02-01-at-11.41.52-207x300.jpeg\" alt=\"\" width=\"207\" height=\"300\" srcset=\"https:\/\/janze-athletisme.fr\/wordpress\/wp-content\/uploads\/2026\/02\/WhatsApp-Image-2026-02-01-at-11.41.52-207x300.jpeg 207w, https:\/\/janze-athletisme.fr\/wordpress\/wp-content\/uploads\/2026\/02\/WhatsApp-Image-2026-02-01-at-11.41.52-706x1024.jpeg 706w, https:\/\/janze-athletisme.fr\/wordpress\/wp-content\/uploads\/2026\/02\/WhatsApp-Image-2026-02-01-at-11.41.52-768x1114.jpeg 768w, https:\/\/janze-athletisme.fr\/wordpress\/wp-content\/uploads\/2026\/02\/WhatsApp-Image-2026-02-01-at-11.41.52-1059x1536.jpeg 1059w, https:\/\/janze-athletisme.fr\/wordpress\/wp-content\/uploads\/2026\/02\/WhatsApp-Image-2026-02-01-at-11.41.52.jpeg 1412w\" sizes=\"auto, (max-width: 207px) 100vw, 207px\" \/><\/a><a href=\"https:\/\/janze-athletisme.fr\/wordpress\/wp-content\/uploads\/2026\/02\/WhatsApp-Image-2026-02-01-at-11.41.54.jpeg\"><img loading=\"lazy\" decoding=\"async\" class=\"alignnone size-medium wp-image-30041\" src=\"https:\/\/janze-athletisme.fr\/wordpress\/wp-content\/uploads\/2026\/02\/WhatsApp-Image-2026-02-01-at-11.41.54-135x300.jpeg\" alt=\"\" width=\"135\" height=\"300\" srcset=\"https:\/\/janze-athletisme.fr\/wordpress\/wp-content\/uploads\/2026\/02\/WhatsApp-Image-2026-02-01-at-11.41.54-135x300.jpeg 135w, https:\/\/janze-athletisme.fr\/wordpress\/wp-content\/uploads\/2026\/02\/WhatsApp-Image-2026-02-01-at-11.41.54-462x1024.jpeg 462w, https:\/\/janze-athletisme.fr\/wordpress\/wp-content\/uploads\/2026\/02\/WhatsApp-Image-2026-02-01-at-11.41.54-768x1703.jpeg 768w, https:\/\/janze-athletisme.fr\/wordpress\/wp-content\/uploads\/2026\/02\/WhatsApp-Image-2026-02-01-at-11.41.54-693x1536.jpeg 693w, https:\/\/janze-athletisme.fr\/wordpress\/wp-content\/uploads\/2026\/02\/WhatsApp-Image-2026-02-01-at-11.41.54.jpeg 920w\" sizes=\"auto, (max-width: 135px) 100vw, 135px\" \/><\/a> <a href=\"https:\/\/janze-athletisme.fr\/wordpress\/wp-content\/uploads\/2026\/02\/WhatsApp-Image-2026-02-01-at-11.41.55.jpeg\"><img loading=\"lazy\" decoding=\"async\" class=\"alignnone size-medium wp-image-30042\" src=\"https:\/\/janze-athletisme.fr\/wordpress\/wp-content\/uploads\/2026\/02\/WhatsApp-Image-2026-02-01-at-11.41.55-135x300.jpeg\" alt=\"\" width=\"135\" height=\"300\" srcset=\"https:\/\/janze-athletisme.fr\/wordpress\/wp-content\/uploads\/2026\/02\/WhatsApp-Image-2026-02-01-at-11.41.55-135x300.jpeg 135w, https:\/\/janze-athletisme.fr\/wordpress\/wp-content\/uploads\/2026\/02\/WhatsApp-Image-2026-02-01-at-11.41.55-462x1024.jpeg 462w, https:\/\/janze-athletisme.fr\/wordpress\/wp-content\/uploads\/2026\/02\/WhatsApp-Image-2026-02-01-at-11.41.55-768x1703.jpeg 768w, https:\/\/janze-athletisme.fr\/wordpress\/wp-content\/uploads\/2026\/02\/WhatsApp-Image-2026-02-01-at-11.41.55-693x1536.jpeg 693w, https:\/\/janze-athletisme.fr\/wordpress\/wp-content\/uploads\/2026\/02\/WhatsApp-Image-2026-02-01-at-11.41.55.jpeg 920w\" sizes=\"auto, (max-width: 135px) 100vw, 135px\" \/><\/a> <a href=\"https:\/\/janze-athletisme.fr\/wordpress\/wp-content\/uploads\/2026\/02\/WhatsApp-Image-2026-02-01-at-11.41.55a.jpeg\"><img loading=\"lazy\" decoding=\"async\" class=\"alignnone size-medium wp-image-30043\" src=\"https:\/\/janze-athletisme.fr\/wordpress\/wp-content\/uploads\/2026\/02\/WhatsApp-Image-2026-02-01-at-11.41.55a-135x300.jpeg\" alt=\"\" width=\"135\" height=\"300\" srcset=\"https:\/\/janze-athletisme.fr\/wordpress\/wp-content\/uploads\/2026\/02\/WhatsApp-Image-2026-02-01-at-11.41.55a-135x300.jpeg 135w, https:\/\/janze-athletisme.fr\/wordpress\/wp-content\/uploads\/2026\/02\/WhatsApp-Image-2026-02-01-at-11.41.55a-462x1024.jpeg 462w, https:\/\/janze-athletisme.fr\/wordpress\/wp-content\/uploads\/2026\/02\/WhatsApp-Image-2026-02-01-at-11.41.55a-768x1703.jpeg 768w, https:\/\/janze-athletisme.fr\/wordpress\/wp-content\/uploads\/2026\/02\/WhatsApp-Image-2026-02-01-at-11.41.55a-693x1536.jpeg 693w, https:\/\/janze-athletisme.fr\/wordpress\/wp-content\/uploads\/2026\/02\/WhatsApp-Image-2026-02-01-at-11.41.55a.jpeg 920w\" sizes=\"auto, (max-width: 135px) 100vw, 135px\" \/><\/a> <a href=\"https:\/\/janze-athletisme.fr\/wordpress\/wp-content\/uploads\/2026\/02\/WhatsApp-Image-2026-02-01-at-11.41.59.jpeg\"><img loading=\"lazy\" decoding=\"async\" class=\"alignnone size-medium wp-image-30044\" src=\"https:\/\/janze-athletisme.fr\/wordpress\/wp-content\/uploads\/2026\/02\/WhatsApp-Image-2026-02-01-at-11.41.59-135x300.jpeg\" alt=\"\" width=\"135\" height=\"300\" srcset=\"https:\/\/janze-athletisme.fr\/wordpress\/wp-content\/uploads\/2026\/02\/WhatsApp-Image-2026-02-01-at-11.41.59-135x300.jpeg 135w, https:\/\/janze-athletisme.fr\/wordpress\/wp-content\/uploads\/2026\/02\/WhatsApp-Image-2026-02-01-at-11.41.59-462x1024.jpeg 462w, https:\/\/janze-athletisme.fr\/wordpress\/wp-content\/uploads\/2026\/02\/WhatsApp-Image-2026-02-01-at-11.41.59-768x1703.jpeg 768w, https:\/\/janze-athletisme.fr\/wordpress\/wp-content\/uploads\/2026\/02\/WhatsApp-Image-2026-02-01-at-11.41.59-693x1536.jpeg 693w, https:\/\/janze-athletisme.fr\/wordpress\/wp-content\/uploads\/2026\/02\/WhatsApp-Image-2026-02-01-at-11.41.59.jpeg 920w\" sizes=\"auto, (max-width: 135px) 100vw, 135px\" \/><\/a> <a href=\"https:\/\/janze-athletisme.fr\/wordpress\/wp-content\/uploads\/2026\/02\/WhatsApp-Image-2026-02-01-at-11.42.00zzz.jpeg\"><img loading=\"lazy\" decoding=\"async\" class=\"alignnone size-medium wp-image-30045\" src=\"https:\/\/janze-athletisme.fr\/wordpress\/wp-content\/uploads\/2026\/02\/WhatsApp-Image-2026-02-01-at-11.42.00zzz-135x300.jpeg\" alt=\"\" width=\"135\" height=\"300\" srcset=\"https:\/\/janze-athletisme.fr\/wordpress\/wp-content\/uploads\/2026\/02\/WhatsApp-Image-2026-02-01-at-11.42.00zzz-135x300.jpeg 135w, https:\/\/janze-athletisme.fr\/wordpress\/wp-content\/uploads\/2026\/02\/WhatsApp-Image-2026-02-01-at-11.42.00zzz-462x1024.jpeg 462w, https:\/\/janze-athletisme.fr\/wordpress\/wp-content\/uploads\/2026\/02\/WhatsApp-Image-2026-02-01-at-11.42.00zzz-768x1703.jpeg 768w, https:\/\/janze-athletisme.fr\/wordpress\/wp-content\/uploads\/2026\/02\/WhatsApp-Image-2026-02-01-at-11.42.00zzz-693x1536.jpeg 693w, https:\/\/janze-athletisme.fr\/wordpress\/wp-content\/uploads\/2026\/02\/WhatsApp-Image-2026-02-01-at-11.42.00zzz.jpeg 920w\" sizes=\"auto, (max-width: 135px) 100vw, 135px\" \/><\/a> <a href=\"https:\/\/janze-athletisme.fr\/wordpress\/wp-content\/uploads\/2026\/02\/WhatsApp-Image-2026-02-01-at-11.42.00zzzz.jpeg\"><img loading=\"lazy\" decoding=\"async\" class=\"alignnone size-medium wp-image-30046\" src=\"https:\/\/janze-athletisme.fr\/wordpress\/wp-content\/uploads\/2026\/02\/WhatsApp-Image-2026-02-01-at-11.42.00zzzz-135x300.jpeg\" alt=\"\" width=\"135\" height=\"300\" srcset=\"https:\/\/janze-athletisme.fr\/wordpress\/wp-content\/uploads\/2026\/02\/WhatsApp-Image-2026-02-01-at-11.42.00zzzz-135x300.jpeg 135w, https:\/\/janze-athletisme.fr\/wordpress\/wp-content\/uploads\/2026\/02\/WhatsApp-Image-2026-02-01-at-11.42.00zzzz-462x1024.jpeg 462w, https:\/\/janze-athletisme.fr\/wordpress\/wp-content\/uploads\/2026\/02\/WhatsApp-Image-2026-02-01-at-11.42.00zzzz-768x1703.jpeg 768w, https:\/\/janze-athletisme.fr\/wordpress\/wp-content\/uploads\/2026\/02\/WhatsApp-Image-2026-02-01-at-11.42.00zzzz-693x1536.jpeg 693w, https:\/\/janze-athletisme.fr\/wordpress\/wp-content\/uploads\/2026\/02\/WhatsApp-Image-2026-02-01-at-11.42.00zzzz.jpeg 920w\" sizes=\"auto, (max-width: 135px) 100vw, 135px\" \/><\/a> <a href=\"https:\/\/janze-athletisme.fr\/wordpress\/wp-content\/uploads\/2026\/02\/WhatsApp-Image-2026-02-01-at-11.42.01aa.jpeg\"><img loading=\"lazy\" decoding=\"async\" class=\"alignnone size-medium wp-image-30047\" src=\"https:\/\/janze-athletisme.fr\/wordpress\/wp-content\/uploads\/2026\/02\/WhatsApp-Image-2026-02-01-at-11.42.01aa-135x300.jpeg\" alt=\"\" width=\"135\" height=\"300\" srcset=\"https:\/\/janze-athletisme.fr\/wordpress\/wp-content\/uploads\/2026\/02\/WhatsApp-Image-2026-02-01-at-11.42.01aa-135x300.jpeg 135w, https:\/\/janze-athletisme.fr\/wordpress\/wp-content\/uploads\/2026\/02\/WhatsApp-Image-2026-02-01-at-11.42.01aa-462x1024.jpeg 462w, https:\/\/janze-athletisme.fr\/wordpress\/wp-content\/uploads\/2026\/02\/WhatsApp-Image-2026-02-01-at-11.42.01aa-768x1703.jpeg 768w, https:\/\/janze-athletisme.fr\/wordpress\/wp-content\/uploads\/2026\/02\/WhatsApp-Image-2026-02-01-at-11.42.01aa-693x1536.jpeg 693w, https:\/\/janze-athletisme.fr\/wordpress\/wp-content\/uploads\/2026\/02\/WhatsApp-Image-2026-02-01-at-11.42.01aa.jpeg 920w\" sizes=\"auto, (max-width: 135px) 100vw, 135px\" \/><\/a> <a href=\"https:\/\/janze-athletisme.fr\/wordpress\/wp-content\/uploads\/2026\/02\/WhatsApp-Image-2026-02-01-at-11.42.01aaa.jpeg\"><img loading=\"lazy\" decoding=\"async\" class=\"alignnone size-medium wp-image-30048\" src=\"https:\/\/janze-athletisme.fr\/wordpress\/wp-content\/uploads\/2026\/02\/WhatsApp-Image-2026-02-01-at-11.42.01aaa-135x300.jpeg\" alt=\"\" width=\"135\" height=\"300\" srcset=\"https:\/\/janze-athletisme.fr\/wordpress\/wp-content\/uploads\/2026\/02\/WhatsApp-Image-2026-02-01-at-11.42.01aaa-135x300.jpeg 135w, https:\/\/janze-athletisme.fr\/wordpress\/wp-content\/uploads\/2026\/02\/WhatsApp-Image-2026-02-01-at-11.42.01aaa-462x1024.jpeg 462w, https:\/\/janze-athletisme.fr\/wordpress\/wp-content\/uploads\/2026\/02\/WhatsApp-Image-2026-02-01-at-11.42.01aaa-768x1703.jpeg 768w, https:\/\/janze-athletisme.fr\/wordpress\/wp-content\/uploads\/2026\/02\/WhatsApp-Image-2026-02-01-at-11.42.01aaa-693x1536.jpeg 693w, https:\/\/janze-athletisme.fr\/wordpress\/wp-content\/uploads\/2026\/02\/WhatsApp-Image-2026-02-01-at-11.42.01aaa.jpeg 920w\" sizes=\"auto, (max-width: 135px) 100vw, 135px\" \/><\/a> <a href=\"https:\/\/janze-athletisme.fr\/wordpress\/wp-content\/uploads\/2026\/02\/WhatsApp-Image-2026-02-01-at-11.42.01z.jpeg\"><img loading=\"lazy\" decoding=\"async\" class=\"alignnone size-medium wp-image-30049\" src=\"https:\/\/janze-athletisme.fr\/wordpress\/wp-content\/uploads\/2026\/02\/WhatsApp-Image-2026-02-01-at-11.42.01z-135x300.jpeg\" alt=\"\" width=\"135\" height=\"300\" srcset=\"https:\/\/janze-athletisme.fr\/wordpress\/wp-content\/uploads\/2026\/02\/WhatsApp-Image-2026-02-01-at-11.42.01z-135x300.jpeg 135w, https:\/\/janze-athletisme.fr\/wordpress\/wp-content\/uploads\/2026\/02\/WhatsApp-Image-2026-02-01-at-11.42.01z-462x1024.jpeg 462w, https:\/\/janze-athletisme.fr\/wordpress\/wp-content\/uploads\/2026\/02\/WhatsApp-Image-2026-02-01-at-11.42.01z-768x1703.jpeg 768w, https:\/\/janze-athletisme.fr\/wordpress\/wp-content\/uploads\/2026\/02\/WhatsApp-Image-2026-02-01-at-11.42.01z-693x1536.jpeg 693w, https:\/\/janze-athletisme.fr\/wordpress\/wp-content\/uploads\/2026\/02\/WhatsApp-Image-2026-02-01-at-11.42.01z.jpeg 920w\" sizes=\"auto, (max-width: 135px) 100vw, 135px\" \/><\/a> <a href=\"https:\/\/janze-athletisme.fr\/wordpress\/wp-content\/uploads\/2026\/02\/WhatsApp-Image-2026-02-01-at-11.42.01zz.jpeg\"><img loading=\"lazy\" decoding=\"async\" class=\"alignnone size-medium wp-image-30050\" src=\"https:\/\/janze-athletisme.fr\/wordpress\/wp-content\/uploads\/2026\/02\/WhatsApp-Image-2026-02-01-at-11.42.01zz-135x300.jpeg\" alt=\"\" width=\"135\" height=\"300\" srcset=\"https:\/\/janze-athletisme.fr\/wordpress\/wp-content\/uploads\/2026\/02\/WhatsApp-Image-2026-02-01-at-11.42.01zz-135x300.jpeg 135w, https:\/\/janze-athletisme.fr\/wordpress\/wp-content\/uploads\/2026\/02\/WhatsApp-Image-2026-02-01-at-11.42.01zz-462x1024.jpeg 462w, https:\/\/janze-athletisme.fr\/wordpress\/wp-content\/uploads\/2026\/02\/WhatsApp-Image-2026-02-01-at-11.42.01zz-768x1703.jpeg 768w, https:\/\/janze-athletisme.fr\/wordpress\/wp-content\/uploads\/2026\/02\/WhatsApp-Image-2026-02-01-at-11.42.01zz-693x1536.jpeg 693w, https:\/\/janze-athletisme.fr\/wordpress\/wp-content\/uploads\/2026\/02\/WhatsApp-Image-2026-02-01-at-11.42.01zz.jpeg 920w\" sizes=\"auto, (max-width: 135px) 100vw, 135px\" \/><\/a> <a href=\"https:\/\/janze-athletisme.fr\/wordpress\/wp-content\/uploads\/2026\/02\/WhatsApp-Image-2026-02-01-at-11.42.02.jpeg\"><img loading=\"lazy\" decoding=\"async\" class=\"alignnone size-medium wp-image-30051\" src=\"https:\/\/janze-athletisme.fr\/wordpress\/wp-content\/uploads\/2026\/02\/WhatsApp-Image-2026-02-01-at-11.42.02-135x300.jpeg\" alt=\"\" width=\"135\" height=\"300\" srcset=\"https:\/\/janze-athletisme.fr\/wordpress\/wp-content\/uploads\/2026\/02\/WhatsApp-Image-2026-02-01-at-11.42.02-135x300.jpeg 135w, https:\/\/janze-athletisme.fr\/wordpress\/wp-content\/uploads\/2026\/02\/WhatsApp-Image-2026-02-01-at-11.42.02-462x1024.jpeg 462w, https:\/\/janze-athletisme.fr\/wordpress\/wp-content\/uploads\/2026\/02\/WhatsApp-Image-2026-02-01-at-11.42.02-768x1703.jpeg 768w, https:\/\/janze-athletisme.fr\/wordpress\/wp-content\/uploads\/2026\/02\/WhatsApp-Image-2026-02-01-at-11.42.02-693x1536.jpeg 693w, https:\/\/janze-athletisme.fr\/wordpress\/wp-content\/uploads\/2026\/02\/WhatsApp-Image-2026-02-01-at-11.42.02.jpeg 920w\" sizes=\"auto, (max-width: 135px) 100vw, 135px\" \/><\/a> <a href=\"https:\/\/janze-athletisme.fr\/wordpress\/wp-content\/uploads\/2026\/02\/WhatsApp-Image-2026-02-01-at-11.42.02a.jpeg\"><img loading=\"lazy\" decoding=\"async\" class=\"alignnone size-medium wp-image-30052\" src=\"https:\/\/janze-athletisme.fr\/wordpress\/wp-content\/uploads\/2026\/02\/WhatsApp-Image-2026-02-01-at-11.42.02a-135x300.jpeg\" alt=\"\" width=\"135\" height=\"300\" srcset=\"https:\/\/janze-athletisme.fr\/wordpress\/wp-content\/uploads\/2026\/02\/WhatsApp-Image-2026-02-01-at-11.42.02a-135x300.jpeg 135w, https:\/\/janze-athletisme.fr\/wordpress\/wp-content\/uploads\/2026\/02\/WhatsApp-Image-2026-02-01-at-11.42.02a-462x1024.jpeg 462w, https:\/\/janze-athletisme.fr\/wordpress\/wp-content\/uploads\/2026\/02\/WhatsApp-Image-2026-02-01-at-11.42.02a-768x1703.jpeg 768w, https:\/\/janze-athletisme.fr\/wordpress\/wp-content\/uploads\/2026\/02\/WhatsApp-Image-2026-02-01-at-11.42.02a-693x1536.jpeg 693w, https:\/\/janze-athletisme.fr\/wordpress\/wp-content\/uploads\/2026\/02\/WhatsApp-Image-2026-02-01-at-11.42.02a.jpeg 920w\" sizes=\"auto, (max-width: 135px) 100vw, 135px\" \/><\/a> <a href=\"https:\/\/janze-athletisme.fr\/wordpress\/wp-content\/uploads\/2026\/02\/WhatsApp-Image-2026-02-01-at-11.42.02o.jpeg\"><img loading=\"lazy\" decoding=\"async\" class=\"alignnone size-medium wp-image-30053\" src=\"https:\/\/janze-athletisme.fr\/wordpress\/wp-content\/uploads\/2026\/02\/WhatsApp-Image-2026-02-01-at-11.42.02o-135x300.jpeg\" alt=\"\" width=\"135\" height=\"300\" srcset=\"https:\/\/janze-athletisme.fr\/wordpress\/wp-content\/uploads\/2026\/02\/WhatsApp-Image-2026-02-01-at-11.42.02o-135x300.jpeg 135w, https:\/\/janze-athletisme.fr\/wordpress\/wp-content\/uploads\/2026\/02\/WhatsApp-Image-2026-02-01-at-11.42.02o-462x1024.jpeg 462w, https:\/\/janze-athletisme.fr\/wordpress\/wp-content\/uploads\/2026\/02\/WhatsApp-Image-2026-02-01-at-11.42.02o-768x1703.jpeg 768w, https:\/\/janze-athletisme.fr\/wordpress\/wp-content\/uploads\/2026\/02\/WhatsApp-Image-2026-02-01-at-11.42.02o-693x1536.jpeg 693w, https:\/\/janze-athletisme.fr\/wordpress\/wp-content\/uploads\/2026\/02\/WhatsApp-Image-2026-02-01-at-11.42.02o.jpeg 920w\" sizes=\"auto, (max-width: 135px) 100vw, 135px\" \/><\/a> <a href=\"https:\/\/janze-athletisme.fr\/wordpress\/wp-content\/uploads\/2026\/02\/WhatsApp-Image-2026-02-01-at-11.42.03.jpeg\"><img loading=\"lazy\" decoding=\"async\" class=\"alignnone size-medium wp-image-30054\" src=\"https:\/\/janze-athletisme.fr\/wordpress\/wp-content\/uploads\/2026\/02\/WhatsApp-Image-2026-02-01-at-11.42.03-135x300.jpeg\" alt=\"\" width=\"135\" height=\"300\" srcset=\"https:\/\/janze-athletisme.fr\/wordpress\/wp-content\/uploads\/2026\/02\/WhatsApp-Image-2026-02-01-at-11.42.03-135x300.jpeg 135w, https:\/\/janze-athletisme.fr\/wordpress\/wp-content\/uploads\/2026\/02\/WhatsApp-Image-2026-02-01-at-11.42.03-462x1024.jpeg 462w, https:\/\/janze-athletisme.fr\/wordpress\/wp-content\/uploads\/2026\/02\/WhatsApp-Image-2026-02-01-at-11.42.03-768x1703.jpeg 768w, https:\/\/janze-athletisme.fr\/wordpress\/wp-content\/uploads\/2026\/02\/WhatsApp-Image-2026-02-01-at-11.42.03-693x1536.jpeg 693w, https:\/\/janze-athletisme.fr\/wordpress\/wp-content\/uploads\/2026\/02\/WhatsApp-Image-2026-02-01-at-11.42.03.jpeg 920w\" sizes=\"auto, (max-width: 135px) 100vw, 135px\" \/><\/a> <a href=\"https:\/\/janze-athletisme.fr\/wordpress\/wp-content\/uploads\/2026\/02\/WhatsApp-Image-2026-02-01-at-11.42.04.jpeg\"><img loading=\"lazy\" decoding=\"async\" class=\"alignnone size-medium wp-image-30055\" src=\"https:\/\/janze-athletisme.fr\/wordpress\/wp-content\/uploads\/2026\/02\/WhatsApp-Image-2026-02-01-at-11.42.04-135x300.jpeg\" alt=\"\" width=\"135\" height=\"300\" srcset=\"https:\/\/janze-athletisme.fr\/wordpress\/wp-content\/uploads\/2026\/02\/WhatsApp-Image-2026-02-01-at-11.42.04-135x300.jpeg 135w, https:\/\/janze-athletisme.fr\/wordpress\/wp-content\/uploads\/2026\/02\/WhatsApp-Image-2026-02-01-at-11.42.04-462x1024.jpeg 462w, https:\/\/janze-athletisme.fr\/wordpress\/wp-content\/uploads\/2026\/02\/WhatsApp-Image-2026-02-01-at-11.42.04-768x1703.jpeg 768w, https:\/\/janze-athletisme.fr\/wordpress\/wp-content\/uploads\/2026\/02\/WhatsApp-Image-2026-02-01-at-11.42.04-693x1536.jpeg 693w, https:\/\/janze-athletisme.fr\/wordpress\/wp-content\/uploads\/2026\/02\/WhatsApp-Image-2026-02-01-at-11.42.04.jpeg 920w\" sizes=\"auto, (max-width: 135px) 100vw, 135px\" \/><\/a> <a href=\"https:\/\/janze-athletisme.fr\/wordpress\/wp-content\/uploads\/2026\/02\/WhatsApp-Image-2026-02-01-at-11.42.04b.jpeg\"><img loading=\"lazy\" decoding=\"async\" class=\"alignnone size-medium wp-image-30056\" src=\"https:\/\/janze-athletisme.fr\/wordpress\/wp-content\/uploads\/2026\/02\/WhatsApp-Image-2026-02-01-at-11.42.04b-135x300.jpeg\" alt=\"\" width=\"135\" height=\"300\" srcset=\"https:\/\/janze-athletisme.fr\/wordpress\/wp-content\/uploads\/2026\/02\/WhatsApp-Image-2026-02-01-at-11.42.04b-135x300.jpeg 135w, https:\/\/janze-athletisme.fr\/wordpress\/wp-content\/uploads\/2026\/02\/WhatsApp-Image-2026-02-01-at-11.42.04b-462x1024.jpeg 462w, https:\/\/janze-athletisme.fr\/wordpress\/wp-content\/uploads\/2026\/02\/WhatsApp-Image-2026-02-01-at-11.42.04b-768x1703.jpeg 768w, https:\/\/janze-athletisme.fr\/wordpress\/wp-content\/uploads\/2026\/02\/WhatsApp-Image-2026-02-01-at-11.42.04b-693x1536.jpeg 693w, https:\/\/janze-athletisme.fr\/wordpress\/wp-content\/uploads\/2026\/02\/WhatsApp-Image-2026-02-01-at-11.42.04b.jpeg 920w\" sizes=\"auto, (max-width: 135px) 100vw, 135px\" \/><\/a> <a href=\"https:\/\/janze-athletisme.fr\/wordpress\/wp-content\/uploads\/2026\/02\/WhatsApp-Image-2026-02-01-at-12.49.20.jpeg\"><img loading=\"lazy\" decoding=\"async\" class=\"alignnone size-medium wp-image-30057\" src=\"https:\/\/janze-athletisme.fr\/wordpress\/wp-content\/uploads\/2026\/02\/WhatsApp-Image-2026-02-01-at-12.49.20-225x300.jpeg\" alt=\"\" width=\"225\" height=\"300\" srcset=\"https:\/\/janze-athletisme.fr\/wordpress\/wp-content\/uploads\/2026\/02\/WhatsApp-Image-2026-02-01-at-12.49.20-225x300.jpeg 225w, https:\/\/janze-athletisme.fr\/wordpress\/wp-content\/uploads\/2026\/02\/WhatsApp-Image-2026-02-01-at-12.49.20-768x1024.jpeg 768w, https:\/\/janze-athletisme.fr\/wordpress\/wp-content\/uploads\/2026\/02\/WhatsApp-Image-2026-02-01-at-12.49.20-1152x1536.jpeg 1152w, https:\/\/janze-athletisme.fr\/wordpress\/wp-content\/uploads\/2026\/02\/WhatsApp-Image-2026-02-01-at-12.49.20.jpeg 1536w\" sizes=\"auto, (max-width: 225px) 100vw, 225px\" \/><\/a> <a href=\"https:\/\/janze-athletisme.fr\/wordpress\/wp-content\/uploads\/2026\/02\/WhatsApp-Image-2026-02-01-at-a.jpeg\"><img loading=\"lazy\" decoding=\"async\" class=\"alignnone size-medium wp-image-30058\" src=\"https:\/\/janze-athletisme.fr\/wordpress\/wp-content\/uploads\/2026\/02\/WhatsApp-Image-2026-02-01-at-a-210x300.jpeg\" alt=\"\" width=\"210\" height=\"300\" srcset=\"https:\/\/janze-athletisme.fr\/wordpress\/wp-content\/uploads\/2026\/02\/WhatsApp-Image-2026-02-01-at-a-210x300.jpeg 210w, https:\/\/janze-athletisme.fr\/wordpress\/wp-content\/uploads\/2026\/02\/WhatsApp-Image-2026-02-01-at-a-717x1024.jpeg 717w, https:\/\/janze-athletisme.fr\/wordpress\/wp-content\/uploads\/2026\/02\/WhatsApp-Image-2026-02-01-at-a-768x1097.jpeg 768w, https:\/\/janze-athletisme.fr\/wordpress\/wp-content\/uploads\/2026\/02\/WhatsApp-Image-2026-02-01-at-a-1075x1536.jpeg 1075w, https:\/\/janze-athletisme.fr\/wordpress\/wp-content\/uploads\/2026\/02\/WhatsApp-Image-2026-02-01-at-a.jpeg 1243w\" sizes=\"auto, (max-width: 210px) 100vw, 210px\" \/><\/a><a href=\"https:\/\/janze-athletisme.fr\/wordpress\/wp-content\/uploads\/2026\/02\/WhatsApp-Image-2026-02-01-at-11.41.56.jpeg\"><img loading=\"lazy\" decoding=\"async\" class=\"alignnone size-medium wp-image-30059\" src=\"https:\/\/janze-athletisme.fr\/wordpress\/wp-content\/uploads\/2026\/02\/WhatsApp-Image-2026-02-01-at-11.41.56-135x300.jpeg\" alt=\"\" width=\"135\" height=\"300\" srcset=\"https:\/\/janze-athletisme.fr\/wordpress\/wp-content\/uploads\/2026\/02\/WhatsApp-Image-2026-02-01-at-11.41.56-135x300.jpeg 135w, https:\/\/janze-athletisme.fr\/wordpress\/wp-content\/uploads\/2026\/02\/WhatsApp-Image-2026-02-01-at-11.41.56-462x1024.jpeg 462w, https:\/\/janze-athletisme.fr\/wordpress\/wp-content\/uploads\/2026\/02\/WhatsApp-Image-2026-02-01-at-11.41.56-768x1703.jpeg 768w, https:\/\/janze-athletisme.fr\/wordpress\/wp-content\/uploads\/2026\/02\/WhatsApp-Image-2026-02-01-at-11.41.56-693x1536.jpeg 693w, https:\/\/janze-athletisme.fr\/wordpress\/wp-content\/uploads\/2026\/02\/WhatsApp-Image-2026-02-01-at-11.41.56.jpeg 920w\" sizes=\"auto, (max-width: 135px) 100vw, 135px\" \/><\/a><\/p>\n<p><a href=\"https:\/\/janze-athletisme.fr\/wordpress\/wp-content\/uploads\/2026\/02\/WhatsApp-Image-2026-02-01-at-10.11.21.jpeg\"><img loading=\"lazy\" decoding=\"async\" class=\" wp-image-30060 aligncenter\" src=\"https:\/\/janze-athletisme.fr\/wordpress\/wp-content\/uploads\/2026\/02\/WhatsApp-Image-2026-02-01-at-10.11.21-300x169.jpeg\" alt=\"\" width=\"591\" height=\"333\" srcset=\"https:\/\/janze-athletisme.fr\/wordpress\/wp-content\/uploads\/2026\/02\/WhatsApp-Image-2026-02-01-at-10.11.21-300x169.jpeg 300w, https:\/\/janze-athletisme.fr\/wordpress\/wp-content\/uploads\/2026\/02\/WhatsApp-Image-2026-02-01-at-10.11.21-1024x576.jpeg 1024w, https:\/\/janze-athletisme.fr\/wordpress\/wp-content\/uploads\/2026\/02\/WhatsApp-Image-2026-02-01-at-10.11.21-768x432.jpeg 768w, https:\/\/janze-athletisme.fr\/wordpress\/wp-content\/uploads\/2026\/02\/WhatsApp-Image-2026-02-01-at-10.11.21-1536x864.jpeg 1536w, https:\/\/janze-athletisme.fr\/wordpress\/wp-content\/uploads\/2026\/02\/WhatsApp-Image-2026-02-01-at-10.11.21.jpeg 1600w\" sizes=\"auto, (max-width: 591px) 100vw, 591px\" \/><\/a><\/p>\n<p>&nbsp;<\/p>\n<p>&nbsp;<\/p>\n<div style=\"width: 478px;\" class=\"wp-video\"><video class=\"wp-video-shortcode\" id=\"video-30031-1\" width=\"478\" height=\"850\" preload=\"metadata\" controls=\"controls\"><source type=\"video\/mp4\" src=\"https:\/\/janze-athletisme.fr\/wordpress\/wp-content\/uploads\/2026\/02\/video-franck.mp4?_=1\" \/><a href=\"https:\/\/janze-athletisme.fr\/wordpress\/wp-content\/uploads\/2026\/02\/video-franck.mp4\">https:\/\/janze-athletisme.fr\/wordpress\/wp-content\/uploads\/2026\/02\/video-franck.mp4<\/a><\/video><\/div>\n<p>&nbsp;<\/p>\n<p><a href=\"https:\/\/janze-athletisme.fr\/wordpress\/wp-content\/uploads\/2026\/02\/Screenshot-2026-02-07-at-11-24-34-Resultats-Le-10-km-de-Guichen-2026-35580-Guichen.png\"><img loading=\"lazy\" decoding=\"async\" class=\"wp-image-30062 aligncenter\" src=\"https:\/\/janze-athletisme.fr\/wordpress\/wp-content\/uploads\/2026\/02\/Screenshot-2026-02-07-at-11-24-34-Resultats-Le-10-km-de-Guichen-2026-35580-Guichen-300x132.png\" alt=\"\" width=\"1130\" height=\"497\" srcset=\"https:\/\/janze-athletisme.fr\/wordpress\/wp-content\/uploads\/2026\/02\/Screenshot-2026-02-07-at-11-24-34-Resultats-Le-10-km-de-Guichen-2026-35580-Guichen-300x132.png 300w, https:\/\/janze-athletisme.fr\/wordpress\/wp-content\/uploads\/2026\/02\/Screenshot-2026-02-07-at-11-24-34-Resultats-Le-10-km-de-Guichen-2026-35580-Guichen-1024x450.png 1024w, https:\/\/janze-athletisme.fr\/wordpress\/wp-content\/uploads\/2026\/02\/Screenshot-2026-02-07-at-11-24-34-Resultats-Le-10-km-de-Guichen-2026-35580-Guichen-768x337.png 768w, https:\/\/janze-athletisme.fr\/wordpress\/wp-content\/uploads\/2026\/02\/Screenshot-2026-02-07-at-11-24-34-Resultats-Le-10-km-de-Guichen-2026-35580-Guichen.png 1391w\" sizes=\"auto, (max-width: 1130px) 100vw, 1130px\" \/><\/a><\/p>\n<p>&nbsp;<\/p>\n<p><span style=\"color: #000000;\">Beaucoup trop nombreux ! et oui, d\u00e9sol\u00e9 mais trop c&rsquo;est trop !!! sur le m\u00eame week-end nous avions le cross \u00e0 Carnac, Betton et Guichen ! alors tant pis, j&rsquo;ai fais mon fain\u00e9ant et un bon vieux copi\u00e9-coll\u00e9 pour afficher vos r\u00e9sultats.<\/span><\/p>\n<p><span style=\"color: #000000;\">Tous engag\u00e9s sur le 10km. Tous, non ! car une coureuse r\u00e9siste encore et toujours \u00e0 l&rsquo;envahissant 10km ! isabelle \u00e9tait la seule repr\u00e9sentante sur le 5km. Pour le coup, elle a bien fait car s&rsquo;en tire tr\u00e8s bien avec une 30\u00e8me place au scratch f\u00e9minin sur 90 \u00ab\u00a0finicheuses\u00a0\u00bb ! son chrono: 28mn45 et, padam !!!! 2\u00e8me place en M3 ! Bravo Isa, beau podium et content de te revoir avec le maillot orange.<\/span><\/p>\n<p><span style=\"color: #000000;\">Quant au 10km, pas moins de 27 arrivants, hommes et femmes confondus. Le classement du jour revenant \u00e0 Ga\u00ebtan avec une 3\u00e8me place au scratch, bravo champion ! le chrono du jour c&rsquo;est pour Gabin avec un RP \u00e9tabli d\u00e9sormais \u00e0 34&rsquo;45. Pr\u00e8s d&rsquo;1mn de gagn\u00e9, \u00e7a commence \u00e0a ller vite, tr\u00e8s vite, impressionnant !<\/span><\/p>\n<p><span style=\"color: #000000;\">Bravo \u00e0 tous les autres, il me faudrait quelques articles pour glisser un mot sympa \u00e0 tout le monde mais on va laisser un peu de place au cross&#8230;et oui, je sais et je n&rsquo;ai toujours pas eu le temps de faire mon article sur les cat\u00e9gories adultes avec mes photos et celles de Christophe.\u00a0<\/span><\/p>\n","protected":false},"excerpt":{"rendered":"<p>10km de Guichen &nbsp; &nbsp; &nbsp; &nbsp; &nbsp; Beaucoup trop nombreux ! et oui, d\u00e9sol\u00e9 mais trop c&rsquo;est trop !!! sur le m\u00eame week-end nous avions le cross \u00e0 Carnac, Betton et Guichen ! alors tant pis, j&rsquo;ai fais mon fain\u00e9ant et un bon vieux copi\u00e9-coll\u00e9 pour afficher vos r\u00e9sultats. Tous engag\u00e9s sur le 10km. [&hellip;]<\/p>\n","protected":false},"author":8,"featured_media":30032,"comment_status":"open","ping_status":"open","sticky":false,"template":"","format":"aside","meta":{"_uag_custom_page_level_css":"","site-sidebar-layout":"default","site-content-layout":"","ast-site-content-layout":"default","site-content-style":"default","site-sidebar-style":"default","ast-global-header-display":"","ast-banner-title-visibility":"","ast-main-header-display":"","ast-hfb-above-header-display":"","ast-hfb-below-header-display":"","ast-hfb-mobile-header-display":"","site-post-title":"","ast-breadcrumbs-content":"","ast-featured-img":"","footer-sml-layout":"","ast-disable-related-posts":"","theme-transparent-header-meta":"default","adv-header-id-meta":"","stick-header-meta":"","header-above-stick-meta":"","header-main-stick-meta":"","header-below-stick-meta":"","astra-migrate-meta-layouts":"set","ast-page-background-enabled":"default","ast-page-background-meta":{"desktop":{"background-color":"var(--ast-global-color-4)","background-image":"","background-repeat":"repeat","background-position":"center center","background-size":"auto","background-attachment":"scroll","background-type":"","background-media":"","overlay-type":"","overlay-color":"","overlay-opacity":"","overlay-gradient":""},"tablet":{"background-color":"","background-image":"","background-repeat":"repeat","background-position":"center center","background-size":"auto","background-attachment":"scroll","background-type":"","background-media":"","overlay-type":"","overlay-color":"","overlay-opacity":"","overlay-gradient":""},"mobile":{"background-color":"","background-image":"","background-repeat":"repeat","background-position":"center center","background-size":"auto","background-attachment":"scroll","background-type":"","background-media":"","overlay-type":"","overlay-color":"","overlay-opacity":"","overlay-gradient":""}},"ast-content-background-meta":{"desktop":{"background-color":"var(--ast-global-color-5)","background-image":"","background-repeat":"repeat","background-position":"center center","background-size":"auto","background-attachment":"scroll","background-type":"","background-media":"","overlay-type":"","overlay-color":"","overlay-opacity":"","overlay-gradient":""},"tablet":{"background-color":"var(--ast-global-color-5)","background-image":"","background-repeat":"repeat","background-position":"center center","background-size":"auto","background-attachment":"scroll","background-type":"","background-media":"","overlay-type":"","overlay-color":"","overlay-opacity":"","overlay-gradient":""},"mobile":{"background-color":"var(--ast-global-color-5)","background-image":"","background-repeat":"repeat","background-position":"center center","background-size":"auto","background-attachment":"scroll","background-type":"","background-media":"","overlay-type":"","overlay-color":"","overlay-opacity":"","overlay-gradient":""}},"footnotes":""},"categories":[6],"tags":[],"class_list":["post-30031","post","type-post","status-publish","format-aside","has-post-thumbnail","hentry","category-sections","post_format-post-format-aside"],"yoast_head":"<!-- This site is optimized with the Yoast SEO plugin v27.4 - https:\/\/yoast.com\/product\/yoast-seo-wordpress\/ -->\n<title>Guichen: une sortie exceptionnelle du Hors-satde ! - Janz\u00e9 Athl\u00e9tisme<\/title>\n<meta name=\"robots\" content=\"index, follow, max-snippet:-1, max-image-preview:large, max-video-preview:-1\" \/>\n<link rel=\"canonical\" href=\"https:\/\/janze-athletisme.fr\/wordpress\/guichen-une-sortie-exceptionnelle-du-hors-satde\/\" \/>\n<meta property=\"og:locale\" content=\"fr_FR\" \/>\n<meta property=\"og:type\" content=\"article\" \/>\n<meta property=\"og:title\" content=\"Guichen: une sortie exceptionnelle du Hors-satde ! - Janz\u00e9 Athl\u00e9tisme\" \/>\n<meta property=\"og:description\" content=\"10km de Guichen &nbsp; &nbsp; &nbsp; &nbsp; &nbsp; Beaucoup trop nombreux ! et oui, d\u00e9sol\u00e9 mais trop c&rsquo;est trop !!! sur le m\u00eame week-end nous avions le cross \u00e0 Carnac, Betton et Guichen ! alors tant pis, j&rsquo;ai fais mon fain\u00e9ant et un bon vieux copi\u00e9-coll\u00e9 pour afficher vos r\u00e9sultats. Tous engag\u00e9s sur le 10km. [&hellip;]\" \/>\n<meta property=\"og:url\" content=\"https:\/\/janze-athletisme.fr\/wordpress\/guichen-une-sortie-exceptionnelle-du-hors-satde\/\" \/>\n<meta property=\"og:site_name\" content=\"Janz\u00e9 Athl\u00e9tisme\" \/>\n<meta property=\"article:publisher\" content=\"https:\/\/www.facebook.com\/groups\/1007964579346590\" \/>\n<meta property=\"article:published_time\" content=\"2026-02-07T10:37:42+00:00\" \/>\n<meta property=\"og:image\" content=\"https:\/\/janze-athletisme.fr\/wordpress\/wp-content\/uploads\/2026\/02\/AfficheV2.jpeg\" \/>\n\t<meta property=\"og:image:width\" content=\"1131\" \/>\n\t<meta property=\"og:image:height\" content=\"1600\" \/>\n\t<meta property=\"og:image:type\" content=\"image\/jpeg\" \/>\n<meta name=\"author\" content=\"Jean-Marie Jouzel\" \/>\n<meta name=\"twitter:card\" content=\"summary_large_image\" \/>\n<meta name=\"twitter:label1\" content=\"\u00c9crit par\" \/>\n\t<meta name=\"twitter:data1\" content=\"Jean-Marie Jouzel\" \/>\n\t<meta name=\"twitter:label2\" content=\"Dur\u00e9e de lecture estim\u00e9e\" \/>\n\t<meta name=\"twitter:data2\" content=\"8 minutes\" \/>\n<script type=\"application\/ld+json\" class=\"yoast-schema-graph\">{\"@context\":\"https:\\\/\\\/schema.org\",\"@graph\":[{\"@type\":\"Article\",\"@id\":\"https:\\\/\\\/janze-athletisme.fr\\\/wordpress\\\/guichen-une-sortie-exceptionnelle-du-hors-satde\\\/#article\",\"isPartOf\":{\"@id\":\"https:\\\/\\\/janze-athletisme.fr\\\/wordpress\\\/guichen-une-sortie-exceptionnelle-du-hors-satde\\\/\"},\"author\":{\"name\":\"Jean-Marie Jouzel\",\"@id\":\"https:\\\/\\\/janze-athletisme.fr\\\/wordpress\\\/#\\\/schema\\\/person\\\/e27efa3d49687b81c679eb0b5c4973e9\"},\"headline\":\"Guichen: une sortie exceptionnelle du Hors-satde !\",\"datePublished\":\"2026-02-07T10:37:42+00:00\",\"mainEntityOfPage\":{\"@id\":\"https:\\\/\\\/janze-athletisme.fr\\\/wordpress\\\/guichen-une-sortie-exceptionnelle-du-hors-satde\\\/\"},\"wordCount\":257,\"commentCount\":0,\"publisher\":{\"@id\":\"https:\\\/\\\/janze-athletisme.fr\\\/wordpress\\\/#organization\"},\"image\":{\"@id\":\"https:\\\/\\\/janze-athletisme.fr\\\/wordpress\\\/guichen-une-sortie-exceptionnelle-du-hors-satde\\\/#primaryimage\"},\"thumbnailUrl\":\"https:\\\/\\\/janze-athletisme.fr\\\/wordpress\\\/wp-content\\\/uploads\\\/2026\\\/02\\\/AfficheV2.jpeg\",\"articleSection\":[\"Le club au jour le jour\"],\"inLanguage\":\"fr-FR\",\"potentialAction\":[{\"@type\":\"CommentAction\",\"name\":\"Comment\",\"target\":[\"https:\\\/\\\/janze-athletisme.fr\\\/wordpress\\\/guichen-une-sortie-exceptionnelle-du-hors-satde\\\/#respond\"]}]},{\"@type\":\"WebPage\",\"@id\":\"https:\\\/\\\/janze-athletisme.fr\\\/wordpress\\\/guichen-une-sortie-exceptionnelle-du-hors-satde\\\/\",\"url\":\"https:\\\/\\\/janze-athletisme.fr\\\/wordpress\\\/guichen-une-sortie-exceptionnelle-du-hors-satde\\\/\",\"name\":\"Guichen: une sortie exceptionnelle du Hors-satde ! - Janz\u00e9 Athl\u00e9tisme\",\"isPartOf\":{\"@id\":\"https:\\\/\\\/janze-athletisme.fr\\\/wordpress\\\/#website\"},\"primaryImageOfPage\":{\"@id\":\"https:\\\/\\\/janze-athletisme.fr\\\/wordpress\\\/guichen-une-sortie-exceptionnelle-du-hors-satde\\\/#primaryimage\"},\"image\":{\"@id\":\"https:\\\/\\\/janze-athletisme.fr\\\/wordpress\\\/guichen-une-sortie-exceptionnelle-du-hors-satde\\\/#primaryimage\"},\"thumbnailUrl\":\"https:\\\/\\\/janze-athletisme.fr\\\/wordpress\\\/wp-content\\\/uploads\\\/2026\\\/02\\\/AfficheV2.jpeg\",\"datePublished\":\"2026-02-07T10:37:42+00:00\",\"breadcrumb\":{\"@id\":\"https:\\\/\\\/janze-athletisme.fr\\\/wordpress\\\/guichen-une-sortie-exceptionnelle-du-hors-satde\\\/#breadcrumb\"},\"inLanguage\":\"fr-FR\",\"potentialAction\":[{\"@type\":\"ReadAction\",\"target\":[\"https:\\\/\\\/janze-athletisme.fr\\\/wordpress\\\/guichen-une-sortie-exceptionnelle-du-hors-satde\\\/\"]}]},{\"@type\":\"ImageObject\",\"inLanguage\":\"fr-FR\",\"@id\":\"https:\\\/\\\/janze-athletisme.fr\\\/wordpress\\\/guichen-une-sortie-exceptionnelle-du-hors-satde\\\/#primaryimage\",\"url\":\"https:\\\/\\\/janze-athletisme.fr\\\/wordpress\\\/wp-content\\\/uploads\\\/2026\\\/02\\\/AfficheV2.jpeg\",\"contentUrl\":\"https:\\\/\\\/janze-athletisme.fr\\\/wordpress\\\/wp-content\\\/uploads\\\/2026\\\/02\\\/AfficheV2.jpeg\",\"width\":1131,\"height\":1600},{\"@type\":\"BreadcrumbList\",\"@id\":\"https:\\\/\\\/janze-athletisme.fr\\\/wordpress\\\/guichen-une-sortie-exceptionnelle-du-hors-satde\\\/#breadcrumb\",\"itemListElement\":[{\"@type\":\"ListItem\",\"position\":1,\"name\":\"Accueil\",\"item\":\"https:\\\/\\\/janze-athletisme.fr\\\/wordpress\\\/\"},{\"@type\":\"ListItem\",\"position\":2,\"name\":\"Guichen: une sortie exceptionnelle du Hors-satde !\"}]},{\"@type\":\"WebSite\",\"@id\":\"https:\\\/\\\/janze-athletisme.fr\\\/wordpress\\\/#website\",\"url\":\"https:\\\/\\\/janze-athletisme.fr\\\/wordpress\\\/\",\"name\":\"Janz\u00e9 Athl\u00e9tisme\",\"description\":\"Pays de La Roche aux F\u00e9es\",\"publisher\":{\"@id\":\"https:\\\/\\\/janze-athletisme.fr\\\/wordpress\\\/#organization\"},\"potentialAction\":[{\"@type\":\"SearchAction\",\"target\":{\"@type\":\"EntryPoint\",\"urlTemplate\":\"https:\\\/\\\/janze-athletisme.fr\\\/wordpress\\\/?s={search_term_string}\"},\"query-input\":{\"@type\":\"PropertyValueSpecification\",\"valueRequired\":true,\"valueName\":\"search_term_string\"}}],\"inLanguage\":\"fr-FR\"},{\"@type\":\"Organization\",\"@id\":\"https:\\\/\\\/janze-athletisme.fr\\\/wordpress\\\/#organization\",\"name\":\"Janz\u00e9 Athl\u00e9tisme\",\"url\":\"https:\\\/\\\/janze-athletisme.fr\\\/wordpress\\\/\",\"logo\":{\"@type\":\"ImageObject\",\"inLanguage\":\"fr-FR\",\"@id\":\"https:\\\/\\\/janze-athletisme.fr\\\/wordpress\\\/#\\\/schema\\\/logo\\\/image\\\/\",\"url\":\"https:\\\/\\\/janze-athletisme.fr\\\/wordpress\\\/wp-content\\\/uploads\\\/2015\\\/03\\\/logo-full1.jpg\",\"contentUrl\":\"https:\\\/\\\/janze-athletisme.fr\\\/wordpress\\\/wp-content\\\/uploads\\\/2015\\\/03\\\/logo-full1.jpg\",\"width\":437,\"height\":205,\"caption\":\"Janz\u00e9 Athl\u00e9tisme\"},\"image\":{\"@id\":\"https:\\\/\\\/janze-athletisme.fr\\\/wordpress\\\/#\\\/schema\\\/logo\\\/image\\\/\"},\"sameAs\":[\"https:\\\/\\\/www.facebook.com\\\/groups\\\/1007964579346590\"]},{\"@type\":\"Person\",\"@id\":\"https:\\\/\\\/janze-athletisme.fr\\\/wordpress\\\/#\\\/schema\\\/person\\\/e27efa3d49687b81c679eb0b5c4973e9\",\"name\":\"Jean-Marie Jouzel\",\"image\":{\"@type\":\"ImageObject\",\"inLanguage\":\"fr-FR\",\"@id\":\"https:\\\/\\\/secure.gravatar.com\\\/avatar\\\/6aaee532914ad5ae9d6b4c13c953c6689456493b17979b560cf8fd0c344930ab?s=96&d=mm&r=g\",\"url\":\"https:\\\/\\\/secure.gravatar.com\\\/avatar\\\/6aaee532914ad5ae9d6b4c13c953c6689456493b17979b560cf8fd0c344930ab?s=96&d=mm&r=g\",\"contentUrl\":\"https:\\\/\\\/secure.gravatar.com\\\/avatar\\\/6aaee532914ad5ae9d6b4c13c953c6689456493b17979b560cf8fd0c344930ab?s=96&d=mm&r=g\",\"caption\":\"Jean-Marie Jouzel\"},\"url\":\"https:\\\/\\\/janze-athletisme.fr\\\/wordpress\\\/author\\\/jmjouzel\\\/\"}]}<\/script>\n<!-- \/ Yoast SEO plugin. -->","yoast_head_json":{"title":"Guichen: une sortie exceptionnelle du Hors-satde ! - Janz\u00e9 Athl\u00e9tisme","robots":{"index":"index","follow":"follow","max-snippet":"max-snippet:-1","max-image-preview":"max-image-preview:large","max-video-preview":"max-video-preview:-1"},"canonical":"https:\/\/janze-athletisme.fr\/wordpress\/guichen-une-sortie-exceptionnelle-du-hors-satde\/","og_locale":"fr_FR","og_type":"article","og_title":"Guichen: une sortie exceptionnelle du Hors-satde ! - Janz\u00e9 Athl\u00e9tisme","og_description":"10km de Guichen &nbsp; &nbsp; &nbsp; &nbsp; &nbsp; Beaucoup trop nombreux ! et oui, d\u00e9sol\u00e9 mais trop c&rsquo;est trop !!! sur le m\u00eame week-end nous avions le cross \u00e0 Carnac, Betton et Guichen ! alors tant pis, j&rsquo;ai fais mon fain\u00e9ant et un bon vieux copi\u00e9-coll\u00e9 pour afficher vos r\u00e9sultats. Tous engag\u00e9s sur le 10km. [&hellip;]","og_url":"https:\/\/janze-athletisme.fr\/wordpress\/guichen-une-sortie-exceptionnelle-du-hors-satde\/","og_site_name":"Janz\u00e9 Athl\u00e9tisme","article_publisher":"https:\/\/www.facebook.com\/groups\/1007964579346590","article_published_time":"2026-02-07T10:37:42+00:00","og_image":[{"width":1131,"height":1600,"url":"https:\/\/janze-athletisme.fr\/wordpress\/wp-content\/uploads\/2026\/02\/AfficheV2.jpeg","type":"image\/jpeg"}],"author":"Jean-Marie Jouzel","twitter_card":"summary_large_image","twitter_misc":{"\u00c9crit par":"Jean-Marie Jouzel","Dur\u00e9e de lecture estim\u00e9e":"8 minutes"},"schema":{"@context":"https:\/\/schema.org","@graph":[{"@type":"Article","@id":"https:\/\/janze-athletisme.fr\/wordpress\/guichen-une-sortie-exceptionnelle-du-hors-satde\/#article","isPartOf":{"@id":"https:\/\/janze-athletisme.fr\/wordpress\/guichen-une-sortie-exceptionnelle-du-hors-satde\/"},"author":{"name":"Jean-Marie Jouzel","@id":"https:\/\/janze-athletisme.fr\/wordpress\/#\/schema\/person\/e27efa3d49687b81c679eb0b5c4973e9"},"headline":"Guichen: une sortie exceptionnelle du Hors-satde !","datePublished":"2026-02-07T10:37:42+00:00","mainEntityOfPage":{"@id":"https:\/\/janze-athletisme.fr\/wordpress\/guichen-une-sortie-exceptionnelle-du-hors-satde\/"},"wordCount":257,"commentCount":0,"publisher":{"@id":"https:\/\/janze-athletisme.fr\/wordpress\/#organization"},"image":{"@id":"https:\/\/janze-athletisme.fr\/wordpress\/guichen-une-sortie-exceptionnelle-du-hors-satde\/#primaryimage"},"thumbnailUrl":"https:\/\/janze-athletisme.fr\/wordpress\/wp-content\/uploads\/2026\/02\/AfficheV2.jpeg","articleSection":["Le club au jour le jour"],"inLanguage":"fr-FR","potentialAction":[{"@type":"CommentAction","name":"Comment","target":["https:\/\/janze-athletisme.fr\/wordpress\/guichen-une-sortie-exceptionnelle-du-hors-satde\/#respond"]}]},{"@type":"WebPage","@id":"https:\/\/janze-athletisme.fr\/wordpress\/guichen-une-sortie-exceptionnelle-du-hors-satde\/","url":"https:\/\/janze-athletisme.fr\/wordpress\/guichen-une-sortie-exceptionnelle-du-hors-satde\/","name":"Guichen: une sortie exceptionnelle du Hors-satde ! - Janz\u00e9 Athl\u00e9tisme","isPartOf":{"@id":"https:\/\/janze-athletisme.fr\/wordpress\/#website"},"primaryImageOfPage":{"@id":"https:\/\/janze-athletisme.fr\/wordpress\/guichen-une-sortie-exceptionnelle-du-hors-satde\/#primaryimage"},"image":{"@id":"https:\/\/janze-athletisme.fr\/wordpress\/guichen-une-sortie-exceptionnelle-du-hors-satde\/#primaryimage"},"thumbnailUrl":"https:\/\/janze-athletisme.fr\/wordpress\/wp-content\/uploads\/2026\/02\/AfficheV2.jpeg","datePublished":"2026-02-07T10:37:42+00:00","breadcrumb":{"@id":"https:\/\/janze-athletisme.fr\/wordpress\/guichen-une-sortie-exceptionnelle-du-hors-satde\/#breadcrumb"},"inLanguage":"fr-FR","potentialAction":[{"@type":"ReadAction","target":["https:\/\/janze-athletisme.fr\/wordpress\/guichen-une-sortie-exceptionnelle-du-hors-satde\/"]}]},{"@type":"ImageObject","inLanguage":"fr-FR","@id":"https:\/\/janze-athletisme.fr\/wordpress\/guichen-une-sortie-exceptionnelle-du-hors-satde\/#primaryimage","url":"https:\/\/janze-athletisme.fr\/wordpress\/wp-content\/uploads\/2026\/02\/AfficheV2.jpeg","contentUrl":"https:\/\/janze-athletisme.fr\/wordpress\/wp-content\/uploads\/2026\/02\/AfficheV2.jpeg","width":1131,"height":1600},{"@type":"BreadcrumbList","@id":"https:\/\/janze-athletisme.fr\/wordpress\/guichen-une-sortie-exceptionnelle-du-hors-satde\/#breadcrumb","itemListElement":[{"@type":"ListItem","position":1,"name":"Accueil","item":"https:\/\/janze-athletisme.fr\/wordpress\/"},{"@type":"ListItem","position":2,"name":"Guichen: une sortie exceptionnelle du Hors-satde !"}]},{"@type":"WebSite","@id":"https:\/\/janze-athletisme.fr\/wordpress\/#website","url":"https:\/\/janze-athletisme.fr\/wordpress\/","name":"Janz\u00e9 Athl\u00e9tisme","description":"Pays de La Roche aux F\u00e9es","publisher":{"@id":"https:\/\/janze-athletisme.fr\/wordpress\/#organization"},"potentialAction":[{"@type":"SearchAction","target":{"@type":"EntryPoint","urlTemplate":"https:\/\/janze-athletisme.fr\/wordpress\/?s={search_term_string}"},"query-input":{"@type":"PropertyValueSpecification","valueRequired":true,"valueName":"search_term_string"}}],"inLanguage":"fr-FR"},{"@type":"Organization","@id":"https:\/\/janze-athletisme.fr\/wordpress\/#organization","name":"Janz\u00e9 Athl\u00e9tisme","url":"https:\/\/janze-athletisme.fr\/wordpress\/","logo":{"@type":"ImageObject","inLanguage":"fr-FR","@id":"https:\/\/janze-athletisme.fr\/wordpress\/#\/schema\/logo\/image\/","url":"https:\/\/janze-athletisme.fr\/wordpress\/wp-content\/uploads\/2015\/03\/logo-full1.jpg","contentUrl":"https:\/\/janze-athletisme.fr\/wordpress\/wp-content\/uploads\/2015\/03\/logo-full1.jpg","width":437,"height":205,"caption":"Janz\u00e9 Athl\u00e9tisme"},"image":{"@id":"https:\/\/janze-athletisme.fr\/wordpress\/#\/schema\/logo\/image\/"},"sameAs":["https:\/\/www.facebook.com\/groups\/1007964579346590"]},{"@type":"Person","@id":"https:\/\/janze-athletisme.fr\/wordpress\/#\/schema\/person\/e27efa3d49687b81c679eb0b5c4973e9","name":"Jean-Marie Jouzel","image":{"@type":"ImageObject","inLanguage":"fr-FR","@id":"https:\/\/secure.gravatar.com\/avatar\/6aaee532914ad5ae9d6b4c13c953c6689456493b17979b560cf8fd0c344930ab?s=96&d=mm&r=g","url":"https:\/\/secure.gravatar.com\/avatar\/6aaee532914ad5ae9d6b4c13c953c6689456493b17979b560cf8fd0c344930ab?s=96&d=mm&r=g","contentUrl":"https:\/\/secure.gravatar.com\/avatar\/6aaee532914ad5ae9d6b4c13c953c6689456493b17979b560cf8fd0c344930ab?s=96&d=mm&r=g","caption":"Jean-Marie Jouzel"},"url":"https:\/\/janze-athletisme.fr\/wordpress\/author\/jmjouzel\/"}]}},"uagb_featured_image_src":{"full":["https:\/\/janze-athletisme.fr\/wordpress\/wp-content\/uploads\/2026\/02\/AfficheV2.jpeg",1131,1600,false],"thumbnail":["https:\/\/janze-athletisme.fr\/wordpress\/wp-content\/uploads\/2026\/02\/AfficheV2-150x150.jpeg",150,150,true],"medium":["https:\/\/janze-athletisme.fr\/wordpress\/wp-content\/uploads\/2026\/02\/AfficheV2-212x300.jpeg",212,300,true],"medium_large":["https:\/\/janze-athletisme.fr\/wordpress\/wp-content\/uploads\/2026\/02\/AfficheV2-768x1086.jpeg",768,1086,true],"large":["https:\/\/janze-athletisme.fr\/wordpress\/wp-content\/uploads\/2026\/02\/AfficheV2-724x1024.jpeg",724,1024,true],"1536x1536":["https:\/\/janze-athletisme.fr\/wordpress\/wp-content\/uploads\/2026\/02\/AfficheV2-1086x1536.jpeg",1086,1536,true],"2048x2048":["https:\/\/janze-athletisme.fr\/wordpress\/wp-content\/uploads\/2026\/02\/AfficheV2.jpeg",1131,1600,false]},"uagb_author_info":{"display_name":"Jean-Marie Jouzel","author_link":"https:\/\/janze-athletisme.fr\/wordpress\/author\/jmjouzel\/"},"uagb_comment_info":0,"uagb_excerpt":"10km de Guichen &nbsp; &nbsp; &nbsp; &nbsp; &nbsp; Beaucoup trop nombreux ! et oui, d\u00e9sol\u00e9 mais trop c&rsquo;est trop !!! sur le m\u00eame week-end nous avions le cross \u00e0 Carnac, Betton et Guichen ! alors tant pis, j&rsquo;ai fais mon fain\u00e9ant et un bon vieux copi\u00e9-coll\u00e9 pour afficher vos r\u00e9sultats. Tous engag\u00e9s sur le 10km.\u2026","_links":{"self":[{"href":"https:\/\/janze-athletisme.fr\/wordpress\/wp-json\/wp\/v2\/posts\/30031","targetHints":{"allow":["GET"]}}],"collection":[{"href":"https:\/\/janze-athletisme.fr\/wordpress\/wp-json\/wp\/v2\/posts"}],"about":[{"href":"https:\/\/janze-athletisme.fr\/wordpress\/wp-json\/wp\/v2\/types\/post"}],"author":[{"embeddable":true,"href":"https:\/\/janze-athletisme.fr\/wordpress\/wp-json\/wp\/v2\/users\/8"}],"replies":[{"embeddable":true,"href":"https:\/\/janze-athletisme.fr\/wordpress\/wp-json\/wp\/v2\/comments?post=30031"}],"version-history":[{"count":2,"href":"https:\/\/janze-athletisme.fr\/wordpress\/wp-json\/wp\/v2\/posts\/30031\/revisions"}],"predecessor-version":[{"id":30064,"href":"https:\/\/janze-athletisme.fr\/wordpress\/wp-json\/wp\/v2\/posts\/30031\/revisions\/30064"}],"wp:featuredmedia":[{"embeddable":true,"href":"https:\/\/janze-athletisme.fr\/wordpress\/wp-json\/wp\/v2\/media\/30032"}],"wp:attachment":[{"href":"https:\/\/janze-athletisme.fr\/wordpress\/wp-json\/wp\/v2\/media?parent=30031"}],"wp:term":[{"taxonomy":"category","embeddable":true,"href":"https:\/\/janze-athletisme.fr\/wordpress\/wp-json\/wp\/v2\/categories?post=30031"},{"taxonomy":"post_tag","embeddable":true,"href":"https:\/\/janze-athletisme.fr\/wordpress\/wp-json\/wp\/v2\/tags?post=30031"}],"curies":[{"name":"wp","href":"https:\/\/api.w.org\/{rel}","templated":true}]}}