{"id":29802,"date":"2026-02-02T23:31:38","date_gmt":"2026-02-02T22:31:38","guid":{"rendered":"https:\/\/janze-athletisme.fr\/wordpress\/?p=29802"},"modified":"2026-02-03T16:38:55","modified_gmt":"2026-02-03T15:38:55","slug":"un-spectacle-denfer-au-festival-de-la-boue","status":"publish","type":"post","link":"https:\/\/janze-athletisme.fr\/wordpress\/un-spectacle-denfer-au-festival-de-la-boue\/","title":{"rendered":"Un spectacle d&rsquo;enfer au festival de la boue"},"content":{"rendered":"<p><span style=\"font-family: verdana, geneva, sans-serif;font-size: 18pt\"><b>Championnat r\u00e9gional de cross, Carnac, dimanche 1er f\u00e9vrier<\/b><\/span><\/p>\n<p><span style=\"font-family: verdana, geneva, sans-serif;font-size: 12pt\">Ils ont \u00e9t\u00e9 les premiers h\u00e9ros du jour. Ils ont pav\u00e9 la voie royale. La voie de la boue, la voie du cross, un boulevard pour les as de la gadoue. Merci aux Masters. \u00ab\u00a0In luto vero\u00a0\u00bb (\u00ab\u00a0dans la boue le vrai\u00a0\u00bb), comme on dit \u00ab\u00a0in vino veritas\u00a0\u00bb. Gr\u00e2ce \u00e0 eux, le champ soudain noir est devenu champ d&rsquo;honneur.<\/span><\/p>\n<p><span style=\"font-family: verdana, geneva, sans-serif;font-size: 12pt\">Bon, on se calme, mais c&rsquo;est vrai quand m\u00eame que, gr\u00e2ce \u00e0 nos 300 valeureux masters, on a su tr\u00e8s vite o\u00f9 \u00e9tait le parcours : il suffisait de suivre la tranch\u00e9e boueuse. Comme les 300 spartiates au d\u00e9fil\u00e9 des Thermopyles ont \u00e9crit leurs noms dans le sable avec du sang, nos 300 masters bretons (de mani\u00e8re plus pacifique) ont inscrit leurs pas dans une boue imm\u00e9moriale, inscrite depuis l&rsquo;an pass\u00e9 au patrimoine mondial de l&rsquo;Unesco.<\/span><\/p>\n<p><span style=\"font-family: verdana, geneva, sans-serif;font-size: 12pt\">Marie Bouchard, dans le Ouest-France de ce lundi 2 f\u00e9vrier, \u00e9voque avec plaisir un \u00ab\u00a0festival de boue\u00a0\u00bb. Elle y a \u00e9t\u00e9 \u00e0 l&rsquo;aise, comme Beno\u00eet Fanouill\u00e8re : elle a donc appr\u00e9ci\u00e9. Ce n&rsquo;a pas \u00e9t\u00e9 le cas de tout le monde. Les pistards de type \u00ab\u00a0pousseurs\u00a0\u00bb ont \u00e9t\u00e9 davantage \u00e0 la peine. La prime \u00e9tait \u00e0 la puissance ou aux petits gabarits plus \u00e0 l&rsquo;aise dans la mont\u00e9e de genou l\u00e9g\u00e8re que dans la pouss\u00e9e franche.<\/span><\/p>\n<p><span style=\"font-family: verdana, geneva, sans-serif;font-size: 12pt\">N&#8217;emp\u00eache qu&rsquo;on a v\u00e9cu un tr\u00e8s beau cross r\u00e9gional, tr\u00e8s spectaculaire, et dont on peut sortir tr\u00e8s fier quand on y a particip\u00e9 comme athl\u00e8te. On sort grandi de ce genre d&rsquo;\u00e9preuve.<\/span><\/p>\n<p><span style=\"font-family: verdana, geneva, sans-serif;font-size: 12pt\">Les Pr\u00e9-France, \u00e0 Evreux dimanche 15 f\u00e9vrier, auront lieu en grande partie sur un hippodrome, donc a priori une terre plus tass\u00e9e que la p\u00e2ture de Carnac. M\u00eame s&rsquo;il pleut beaucoup, le r\u00e9pondant ne sera pas le m\u00eame, et nos coureurs \u00e0 la physiologie plus adapt\u00e9e \u00e0 la piste ou \u00e0 des terrains moins glissants pourront y exprimer davantage leurs qualit\u00e9s.<\/span><\/p>\n<p><span style=\"font-family: verdana, geneva, sans-serif;font-size: 14pt\"><b>Les masters : re\u00e7us 4 sur 7<\/b><\/span><\/p>\n<p><a href=\"https:\/\/janze-athletisme.fr\/wordpress\/wp-content\/uploads\/2026\/02\/Lequipe-Masters-Carnac-cross-BZH-01fev2026.jpg\"><img loading=\"lazy\" decoding=\"async\" class=\"alignnone wp-image-29837\" src=\"https:\/\/janze-athletisme.fr\/wordpress\/wp-content\/uploads\/2026\/02\/Lequipe-Masters-Carnac-cross-BZH-01fev2026-300x200.jpg\" alt=\"\" width=\"401\" height=\"267\" srcset=\"https:\/\/janze-athletisme.fr\/wordpress\/wp-content\/uploads\/2026\/02\/Lequipe-Masters-Carnac-cross-BZH-01fev2026-300x200.jpg 300w, https:\/\/janze-athletisme.fr\/wordpress\/wp-content\/uploads\/2026\/02\/Lequipe-Masters-Carnac-cross-BZH-01fev2026-1024x683.jpg 1024w, https:\/\/janze-athletisme.fr\/wordpress\/wp-content\/uploads\/2026\/02\/Lequipe-Masters-Carnac-cross-BZH-01fev2026-768x512.jpg 768w, https:\/\/janze-athletisme.fr\/wordpress\/wp-content\/uploads\/2026\/02\/Lequipe-Masters-Carnac-cross-BZH-01fev2026.jpg 1500w\" sizes=\"auto, (max-width: 401px) 100vw, 401px\" \/> <\/a><\/p>\n<p><span style=\"font-family: verdana, geneva, sans-serif;font-size: 12pt\">Mention donc \u00e0 nos masters. Il semble qu&rsquo;ils soient finalement quatre qualifi\u00e9s individuels (<strong>Sliman<\/strong> Habis, <strong>Micka\u00ebl<\/strong> Piquet, <strong>Samuel<\/strong> Bergeon, <strong>Julien<\/strong> Roussel), ce qui au bout du champ nous fera une \u00e9quipe \u00e0 \u00c9vreux. Dommage que <strong>Fabien<\/strong> Letort ait oubli\u00e9 de lacer plus serr\u00e9es ses chaussures (seul incident du genre de la journ\u00e9e, on progresse !) : nous aurions eu cinq qualifi\u00e9s&#8230; <strong>Denis<\/strong> Caillaud et <strong>Cyrille<\/strong> Jolivel sont un peu plus loin mais n&rsquo;ont pas d\u00e9m\u00e9rit\u00e9 et se sont bien battus. Ils peuvent \u00eatre fiers de leur parcours.<\/span><\/p>\n<p><a href=\"https:\/\/janze-athletisme.fr\/wordpress\/wp-content\/uploads\/2026\/02\/Resultats-Masters-H.png\"><img loading=\"lazy\" decoding=\"async\" class=\"alignnone wp-image-29852\" src=\"https:\/\/janze-athletisme.fr\/wordpress\/wp-content\/uploads\/2026\/02\/Resultats-Masters-H-300x89.png\" alt=\"\" width=\"461\" height=\"137\" srcset=\"https:\/\/janze-athletisme.fr\/wordpress\/wp-content\/uploads\/2026\/02\/Resultats-Masters-H-300x89.png 300w, https:\/\/janze-athletisme.fr\/wordpress\/wp-content\/uploads\/2026\/02\/Resultats-Masters-H-1024x304.png 1024w, https:\/\/janze-athletisme.fr\/wordpress\/wp-content\/uploads\/2026\/02\/Resultats-Masters-H-768x228.png 768w, https:\/\/janze-athletisme.fr\/wordpress\/wp-content\/uploads\/2026\/02\/Resultats-Masters-H.png 1237w\" sizes=\"auto, (max-width: 461px) 100vw, 461px\" \/><\/a><\/p>\n<p><a href=\"https:\/\/janze-athletisme.fr\/wordpress\/wp-content\/uploads\/2026\/02\/Charles-Delys-BZH-Carnac-1erfev2026.jpg\"><img loading=\"lazy\" decoding=\"async\" class=\"alignnone size-medium wp-image-29820\" src=\"https:\/\/janze-athletisme.fr\/wordpress\/wp-content\/uploads\/2026\/02\/Charles-Delys-BZH-Carnac-1erfev2026-200x300.jpg\" alt=\"\" width=\"200\" height=\"300\" srcset=\"https:\/\/janze-athletisme.fr\/wordpress\/wp-content\/uploads\/2026\/02\/Charles-Delys-BZH-Carnac-1erfev2026-200x300.jpg 200w, https:\/\/janze-athletisme.fr\/wordpress\/wp-content\/uploads\/2026\/02\/Charles-Delys-BZH-Carnac-1erfev2026-683x1024.jpg 683w, https:\/\/janze-athletisme.fr\/wordpress\/wp-content\/uploads\/2026\/02\/Charles-Delys-BZH-Carnac-1erfev2026-768x1152.jpg 768w, https:\/\/janze-athletisme.fr\/wordpress\/wp-content\/uploads\/2026\/02\/Charles-Delys-BZH-Carnac-1erfev2026.jpg 1000w\" sizes=\"auto, (max-width: 200px) 100vw, 200px\" \/><\/a> <a href=\"https:\/\/janze-athletisme.fr\/wordpress\/wp-content\/uploads\/2026\/02\/Cyrille-Jolivel-1erfev2026-1.jpg\"><img loading=\"lazy\" decoding=\"async\" class=\"alignnone size-medium wp-image-29821\" src=\"https:\/\/janze-athletisme.fr\/wordpress\/wp-content\/uploads\/2026\/02\/Cyrille-Jolivel-1erfev2026-1-200x300.jpg\" alt=\"\" width=\"200\" height=\"300\" srcset=\"https:\/\/janze-athletisme.fr\/wordpress\/wp-content\/uploads\/2026\/02\/Cyrille-Jolivel-1erfev2026-1-200x300.jpg 200w, https:\/\/janze-athletisme.fr\/wordpress\/wp-content\/uploads\/2026\/02\/Cyrille-Jolivel-1erfev2026-1-682x1024.jpg 682w, https:\/\/janze-athletisme.fr\/wordpress\/wp-content\/uploads\/2026\/02\/Cyrille-Jolivel-1erfev2026-1-768x1153.jpg 768w, https:\/\/janze-athletisme.fr\/wordpress\/wp-content\/uploads\/2026\/02\/Cyrille-Jolivel-1erfev2026-1.jpg 1000w\" sizes=\"auto, (max-width: 200px) 100vw, 200px\" \/><\/a> <a href=\"https:\/\/janze-athletisme.fr\/wordpress\/wp-content\/uploads\/2026\/02\/Cyrille-Jolivel-1erfev2026-3.jpg\"><img loading=\"lazy\" decoding=\"async\" class=\"alignnone size-medium wp-image-29822\" src=\"https:\/\/janze-athletisme.fr\/wordpress\/wp-content\/uploads\/2026\/02\/Cyrille-Jolivel-1erfev2026-3-200x300.jpg\" alt=\"\" width=\"200\" height=\"300\" srcset=\"https:\/\/janze-athletisme.fr\/wordpress\/wp-content\/uploads\/2026\/02\/Cyrille-Jolivel-1erfev2026-3-200x300.jpg 200w, https:\/\/janze-athletisme.fr\/wordpress\/wp-content\/uploads\/2026\/02\/Cyrille-Jolivel-1erfev2026-3-683x1024.jpg 683w, https:\/\/janze-athletisme.fr\/wordpress\/wp-content\/uploads\/2026\/02\/Cyrille-Jolivel-1erfev2026-3-768x1152.jpg 768w, https:\/\/janze-athletisme.fr\/wordpress\/wp-content\/uploads\/2026\/02\/Cyrille-Jolivel-1erfev2026-3.jpg 1000w\" sizes=\"auto, (max-width: 200px) 100vw, 200px\" \/><\/a> <a href=\"https:\/\/janze-athletisme.fr\/wordpress\/wp-content\/uploads\/2026\/02\/Cyrille-Jolivel-1erfev2026-5.jpg\"><img loading=\"lazy\" decoding=\"async\" class=\"alignnone size-medium wp-image-29823\" src=\"https:\/\/janze-athletisme.fr\/wordpress\/wp-content\/uploads\/2026\/02\/Cyrille-Jolivel-1erfev2026-5-200x300.jpg\" alt=\"\" width=\"200\" height=\"300\" srcset=\"https:\/\/janze-athletisme.fr\/wordpress\/wp-content\/uploads\/2026\/02\/Cyrille-Jolivel-1erfev2026-5-200x300.jpg 200w, https:\/\/janze-athletisme.fr\/wordpress\/wp-content\/uploads\/2026\/02\/Cyrille-Jolivel-1erfev2026-5-683x1024.jpg 683w, https:\/\/janze-athletisme.fr\/wordpress\/wp-content\/uploads\/2026\/02\/Cyrille-Jolivel-1erfev2026-5-768x1152.jpg 768w, https:\/\/janze-athletisme.fr\/wordpress\/wp-content\/uploads\/2026\/02\/Cyrille-Jolivel-1erfev2026-5.jpg 1000w\" sizes=\"auto, (max-width: 200px) 100vw, 200px\" \/><\/a><\/p>\n<p><a href=\"https:\/\/janze-athletisme.fr\/wordpress\/wp-content\/uploads\/2026\/02\/Denis-Caillaud-1erfev2026-2.jpg\"><img loading=\"lazy\" decoding=\"async\" class=\"alignnone size-medium wp-image-29824\" src=\"https:\/\/janze-athletisme.fr\/wordpress\/wp-content\/uploads\/2026\/02\/Denis-Caillaud-1erfev2026-2-200x300.jpg\" alt=\"\" width=\"200\" height=\"300\" srcset=\"https:\/\/janze-athletisme.fr\/wordpress\/wp-content\/uploads\/2026\/02\/Denis-Caillaud-1erfev2026-2-200x300.jpg 200w, https:\/\/janze-athletisme.fr\/wordpress\/wp-content\/uploads\/2026\/02\/Denis-Caillaud-1erfev2026-2-683x1024.jpg 683w, https:\/\/janze-athletisme.fr\/wordpress\/wp-content\/uploads\/2026\/02\/Denis-Caillaud-1erfev2026-2-768x1152.jpg 768w, https:\/\/janze-athletisme.fr\/wordpress\/wp-content\/uploads\/2026\/02\/Denis-Caillaud-1erfev2026-2.jpg 1000w\" sizes=\"auto, (max-width: 200px) 100vw, 200px\" \/><\/a> <a href=\"https:\/\/janze-athletisme.fr\/wordpress\/wp-content\/uploads\/2026\/02\/Denis-Caillaud-1erfev2026-5.jpg\"><img loading=\"lazy\" decoding=\"async\" class=\"alignnone size-medium wp-image-29825\" src=\"https:\/\/janze-athletisme.fr\/wordpress\/wp-content\/uploads\/2026\/02\/Denis-Caillaud-1erfev2026-5-200x300.jpg\" alt=\"\" width=\"200\" height=\"300\" srcset=\"https:\/\/janze-athletisme.fr\/wordpress\/wp-content\/uploads\/2026\/02\/Denis-Caillaud-1erfev2026-5-200x300.jpg 200w, https:\/\/janze-athletisme.fr\/wordpress\/wp-content\/uploads\/2026\/02\/Denis-Caillaud-1erfev2026-5-683x1024.jpg 683w, https:\/\/janze-athletisme.fr\/wordpress\/wp-content\/uploads\/2026\/02\/Denis-Caillaud-1erfev2026-5-768x1152.jpg 768w, https:\/\/janze-athletisme.fr\/wordpress\/wp-content\/uploads\/2026\/02\/Denis-Caillaud-1erfev2026-5.jpg 1000w\" sizes=\"auto, (max-width: 200px) 100vw, 200px\" \/><\/a> <a href=\"https:\/\/janze-athletisme.fr\/wordpress\/wp-content\/uploads\/2026\/02\/Denis-Caillaud-1erfev2026-7.jpg\"><img loading=\"lazy\" decoding=\"async\" class=\"alignnone size-medium wp-image-29826\" src=\"https:\/\/janze-athletisme.fr\/wordpress\/wp-content\/uploads\/2026\/02\/Denis-Caillaud-1erfev2026-7-200x300.jpg\" alt=\"\" width=\"200\" height=\"300\" srcset=\"https:\/\/janze-athletisme.fr\/wordpress\/wp-content\/uploads\/2026\/02\/Denis-Caillaud-1erfev2026-7-200x300.jpg 200w, https:\/\/janze-athletisme.fr\/wordpress\/wp-content\/uploads\/2026\/02\/Denis-Caillaud-1erfev2026-7-683x1024.jpg 683w, https:\/\/janze-athletisme.fr\/wordpress\/wp-content\/uploads\/2026\/02\/Denis-Caillaud-1erfev2026-7-768x1151.jpg 768w, https:\/\/janze-athletisme.fr\/wordpress\/wp-content\/uploads\/2026\/02\/Denis-Caillaud-1erfev2026-7.jpg 1000w\" sizes=\"auto, (max-width: 200px) 100vw, 200px\" \/><\/a> <a href=\"https:\/\/janze-athletisme.fr\/wordpress\/wp-content\/uploads\/2026\/02\/Denis-Caillaud-1erfev2026-10.jpg\"><img loading=\"lazy\" decoding=\"async\" class=\"alignnone size-medium wp-image-29827\" src=\"https:\/\/janze-athletisme.fr\/wordpress\/wp-content\/uploads\/2026\/02\/Denis-Caillaud-1erfev2026-10-200x300.jpg\" alt=\"\" width=\"200\" height=\"300\" srcset=\"https:\/\/janze-athletisme.fr\/wordpress\/wp-content\/uploads\/2026\/02\/Denis-Caillaud-1erfev2026-10-200x300.jpg 200w, https:\/\/janze-athletisme.fr\/wordpress\/wp-content\/uploads\/2026\/02\/Denis-Caillaud-1erfev2026-10-683x1024.jpg 683w, https:\/\/janze-athletisme.fr\/wordpress\/wp-content\/uploads\/2026\/02\/Denis-Caillaud-1erfev2026-10-768x1152.jpg 768w, https:\/\/janze-athletisme.fr\/wordpress\/wp-content\/uploads\/2026\/02\/Denis-Caillaud-1erfev2026-10.jpg 1000w\" sizes=\"auto, (max-width: 200px) 100vw, 200px\" \/><\/a><\/p>\n<p><a href=\"https:\/\/janze-athletisme.fr\/wordpress\/wp-content\/uploads\/2026\/02\/Fabien-Letort-1erfev2026-1-1.jpg\"><img loading=\"lazy\" decoding=\"async\" class=\"alignnone size-medium wp-image-29828\" src=\"https:\/\/janze-athletisme.fr\/wordpress\/wp-content\/uploads\/2026\/02\/Fabien-Letort-1erfev2026-1-1-200x300.jpg\" alt=\"\" width=\"200\" height=\"300\" srcset=\"https:\/\/janze-athletisme.fr\/wordpress\/wp-content\/uploads\/2026\/02\/Fabien-Letort-1erfev2026-1-1-200x300.jpg 200w, https:\/\/janze-athletisme.fr\/wordpress\/wp-content\/uploads\/2026\/02\/Fabien-Letort-1erfev2026-1-1-683x1024.jpg 683w, https:\/\/janze-athletisme.fr\/wordpress\/wp-content\/uploads\/2026\/02\/Fabien-Letort-1erfev2026-1-1-768x1152.jpg 768w, https:\/\/janze-athletisme.fr\/wordpress\/wp-content\/uploads\/2026\/02\/Fabien-Letort-1erfev2026-1-1.jpg 1000w\" sizes=\"auto, (max-width: 200px) 100vw, 200px\" \/><\/a> <a href=\"https:\/\/janze-athletisme.fr\/wordpress\/wp-content\/uploads\/2026\/02\/Fabien-Letort-1erfev2026-4.jpg\"><img loading=\"lazy\" decoding=\"async\" class=\"alignnone size-medium wp-image-29829\" src=\"https:\/\/janze-athletisme.fr\/wordpress\/wp-content\/uploads\/2026\/02\/Fabien-Letort-1erfev2026-4-200x300.jpg\" alt=\"\" width=\"200\" height=\"300\" srcset=\"https:\/\/janze-athletisme.fr\/wordpress\/wp-content\/uploads\/2026\/02\/Fabien-Letort-1erfev2026-4-200x300.jpg 200w, https:\/\/janze-athletisme.fr\/wordpress\/wp-content\/uploads\/2026\/02\/Fabien-Letort-1erfev2026-4-683x1024.jpg 683w, https:\/\/janze-athletisme.fr\/wordpress\/wp-content\/uploads\/2026\/02\/Fabien-Letort-1erfev2026-4-768x1152.jpg 768w, https:\/\/janze-athletisme.fr\/wordpress\/wp-content\/uploads\/2026\/02\/Fabien-Letort-1erfev2026-4.jpg 1000w\" sizes=\"auto, (max-width: 200px) 100vw, 200px\" \/><\/a> <a href=\"https:\/\/janze-athletisme.fr\/wordpress\/wp-content\/uploads\/2026\/02\/Fabien-Letort-1erfev2026-7.jpg\"><img loading=\"lazy\" decoding=\"async\" class=\"alignnone size-medium wp-image-29830\" src=\"https:\/\/janze-athletisme.fr\/wordpress\/wp-content\/uploads\/2026\/02\/Fabien-Letort-1erfev2026-7-200x300.jpg\" alt=\"\" width=\"200\" height=\"300\" srcset=\"https:\/\/janze-athletisme.fr\/wordpress\/wp-content\/uploads\/2026\/02\/Fabien-Letort-1erfev2026-7-200x300.jpg 200w, https:\/\/janze-athletisme.fr\/wordpress\/wp-content\/uploads\/2026\/02\/Fabien-Letort-1erfev2026-7-683x1024.jpg 683w, https:\/\/janze-athletisme.fr\/wordpress\/wp-content\/uploads\/2026\/02\/Fabien-Letort-1erfev2026-7-768x1151.jpg 768w, https:\/\/janze-athletisme.fr\/wordpress\/wp-content\/uploads\/2026\/02\/Fabien-Letort-1erfev2026-7.jpg 1000w\" sizes=\"auto, (max-width: 200px) 100vw, 200px\" \/><\/a> <a href=\"https:\/\/janze-athletisme.fr\/wordpress\/wp-content\/uploads\/2026\/02\/Fabien-Letort-1erfev2026-8.jpg\"><img loading=\"lazy\" decoding=\"async\" class=\"alignnone size-medium wp-image-29831\" src=\"https:\/\/janze-athletisme.fr\/wordpress\/wp-content\/uploads\/2026\/02\/Fabien-Letort-1erfev2026-8-200x300.jpg\" alt=\"\" width=\"200\" height=\"300\" srcset=\"https:\/\/janze-athletisme.fr\/wordpress\/wp-content\/uploads\/2026\/02\/Fabien-Letort-1erfev2026-8-200x300.jpg 200w, https:\/\/janze-athletisme.fr\/wordpress\/wp-content\/uploads\/2026\/02\/Fabien-Letort-1erfev2026-8-683x1024.jpg 683w, https:\/\/janze-athletisme.fr\/wordpress\/wp-content\/uploads\/2026\/02\/Fabien-Letort-1erfev2026-8-768x1152.jpg 768w, https:\/\/janze-athletisme.fr\/wordpress\/wp-content\/uploads\/2026\/02\/Fabien-Letort-1erfev2026-8.jpg 1000w\" sizes=\"auto, (max-width: 200px) 100vw, 200px\" \/><\/a><\/p>\n<p><a href=\"https:\/\/janze-athletisme.fr\/wordpress\/wp-content\/uploads\/2026\/02\/Julien-Roussel-1erfev2026-2.jpg\"><img loading=\"lazy\" decoding=\"async\" class=\"alignnone size-medium wp-image-29832\" src=\"https:\/\/janze-athletisme.fr\/wordpress\/wp-content\/uploads\/2026\/02\/Julien-Roussel-1erfev2026-2-300x200.jpg\" alt=\"\" width=\"300\" height=\"200\" srcset=\"https:\/\/janze-athletisme.fr\/wordpress\/wp-content\/uploads\/2026\/02\/Julien-Roussel-1erfev2026-2-300x200.jpg 300w, https:\/\/janze-athletisme.fr\/wordpress\/wp-content\/uploads\/2026\/02\/Julien-Roussel-1erfev2026-2-1024x683.jpg 1024w, https:\/\/janze-athletisme.fr\/wordpress\/wp-content\/uploads\/2026\/02\/Julien-Roussel-1erfev2026-2-768x512.jpg 768w, https:\/\/janze-athletisme.fr\/wordpress\/wp-content\/uploads\/2026\/02\/Julien-Roussel-1erfev2026-2.jpg 1500w\" sizes=\"auto, (max-width: 300px) 100vw, 300px\" \/><\/a> <a href=\"https:\/\/janze-athletisme.fr\/wordpress\/wp-content\/uploads\/2026\/02\/Julien-Roussel-1erfev2026-8.jpg\"><img loading=\"lazy\" decoding=\"async\" class=\"alignnone size-medium wp-image-29834\" src=\"https:\/\/janze-athletisme.fr\/wordpress\/wp-content\/uploads\/2026\/02\/Julien-Roussel-1erfev2026-8-200x300.jpg\" alt=\"\" width=\"200\" height=\"300\" srcset=\"https:\/\/janze-athletisme.fr\/wordpress\/wp-content\/uploads\/2026\/02\/Julien-Roussel-1erfev2026-8-200x300.jpg 200w, https:\/\/janze-athletisme.fr\/wordpress\/wp-content\/uploads\/2026\/02\/Julien-Roussel-1erfev2026-8-683x1024.jpg 683w, https:\/\/janze-athletisme.fr\/wordpress\/wp-content\/uploads\/2026\/02\/Julien-Roussel-1erfev2026-8-768x1152.jpg 768w, https:\/\/janze-athletisme.fr\/wordpress\/wp-content\/uploads\/2026\/02\/Julien-Roussel-1erfev2026-8.jpg 1000w\" sizes=\"auto, (max-width: 200px) 100vw, 200px\" \/><\/a> <a href=\"https:\/\/janze-athletisme.fr\/wordpress\/wp-content\/uploads\/2026\/02\/Julien-Roussel-1erfev2026-10.jpg\"><img loading=\"lazy\" decoding=\"async\" class=\"alignnone size-medium wp-image-29835\" src=\"https:\/\/janze-athletisme.fr\/wordpress\/wp-content\/uploads\/2026\/02\/Julien-Roussel-1erfev2026-10-300x300.jpg\" alt=\"\" width=\"300\" height=\"300\" srcset=\"https:\/\/janze-athletisme.fr\/wordpress\/wp-content\/uploads\/2026\/02\/Julien-Roussel-1erfev2026-10-300x300.jpg 300w, https:\/\/janze-athletisme.fr\/wordpress\/wp-content\/uploads\/2026\/02\/Julien-Roussel-1erfev2026-10-1024x1024.jpg 1024w, https:\/\/janze-athletisme.fr\/wordpress\/wp-content\/uploads\/2026\/02\/Julien-Roussel-1erfev2026-10-150x150.jpg 150w, https:\/\/janze-athletisme.fr\/wordpress\/wp-content\/uploads\/2026\/02\/Julien-Roussel-1erfev2026-10-768x768.jpg 768w, https:\/\/janze-athletisme.fr\/wordpress\/wp-content\/uploads\/2026\/02\/Julien-Roussel-1erfev2026-10.jpg 1200w\" sizes=\"auto, (max-width: 300px) 100vw, 300px\" \/><\/a><\/p>\n<p><a href=\"https:\/\/janze-athletisme.fr\/wordpress\/wp-content\/uploads\/2026\/02\/Julien-Roussel-1erfev2026-12.jpg\"><img loading=\"lazy\" decoding=\"async\" class=\"alignnone size-medium wp-image-29836\" src=\"https:\/\/janze-athletisme.fr\/wordpress\/wp-content\/uploads\/2026\/02\/Julien-Roussel-1erfev2026-12-200x300.jpg\" alt=\"\" width=\"200\" height=\"300\" srcset=\"https:\/\/janze-athletisme.fr\/wordpress\/wp-content\/uploads\/2026\/02\/Julien-Roussel-1erfev2026-12-200x300.jpg 200w, https:\/\/janze-athletisme.fr\/wordpress\/wp-content\/uploads\/2026\/02\/Julien-Roussel-1erfev2026-12-683x1024.jpg 683w, https:\/\/janze-athletisme.fr\/wordpress\/wp-content\/uploads\/2026\/02\/Julien-Roussel-1erfev2026-12-768x1151.jpg 768w, https:\/\/janze-athletisme.fr\/wordpress\/wp-content\/uploads\/2026\/02\/Julien-Roussel-1erfev2026-12.jpg 1000w\" sizes=\"auto, (max-width: 200px) 100vw, 200px\" \/><\/a> <a href=\"https:\/\/janze-athletisme.fr\/wordpress\/wp-content\/uploads\/2026\/02\/Mickael-Piquet-1erfev2026-2.jpg\"><img loading=\"lazy\" decoding=\"async\" class=\"alignnone size-medium wp-image-29838\" src=\"https:\/\/janze-athletisme.fr\/wordpress\/wp-content\/uploads\/2026\/02\/Mickael-Piquet-1erfev2026-2-200x300.jpg\" alt=\"\" width=\"200\" height=\"300\" srcset=\"https:\/\/janze-athletisme.fr\/wordpress\/wp-content\/uploads\/2026\/02\/Mickael-Piquet-1erfev2026-2-200x300.jpg 200w, https:\/\/janze-athletisme.fr\/wordpress\/wp-content\/uploads\/2026\/02\/Mickael-Piquet-1erfev2026-2-683x1024.jpg 683w, https:\/\/janze-athletisme.fr\/wordpress\/wp-content\/uploads\/2026\/02\/Mickael-Piquet-1erfev2026-2-768x1152.jpg 768w, https:\/\/janze-athletisme.fr\/wordpress\/wp-content\/uploads\/2026\/02\/Mickael-Piquet-1erfev2026-2.jpg 1000w\" sizes=\"auto, (max-width: 200px) 100vw, 200px\" \/> <\/a><a href=\"https:\/\/janze-athletisme.fr\/wordpress\/wp-content\/uploads\/2026\/02\/Mickael-Piquet-1erfev2026-3.jpg\"><img loading=\"lazy\" decoding=\"async\" class=\"alignnone size-medium wp-image-29839\" src=\"https:\/\/janze-athletisme.fr\/wordpress\/wp-content\/uploads\/2026\/02\/Mickael-Piquet-1erfev2026-3-300x300.jpg\" alt=\"\" width=\"300\" height=\"300\" srcset=\"https:\/\/janze-athletisme.fr\/wordpress\/wp-content\/uploads\/2026\/02\/Mickael-Piquet-1erfev2026-3-300x300.jpg 300w, https:\/\/janze-athletisme.fr\/wordpress\/wp-content\/uploads\/2026\/02\/Mickael-Piquet-1erfev2026-3-150x150.jpg 150w, https:\/\/janze-athletisme.fr\/wordpress\/wp-content\/uploads\/2026\/02\/Mickael-Piquet-1erfev2026-3-768x768.jpg 768w, https:\/\/janze-athletisme.fr\/wordpress\/wp-content\/uploads\/2026\/02\/Mickael-Piquet-1erfev2026-3.jpg 1000w\" sizes=\"auto, (max-width: 300px) 100vw, 300px\" \/><\/a><\/p>\n<p><a href=\"https:\/\/janze-athletisme.fr\/wordpress\/wp-content\/uploads\/2026\/02\/Mickael-Piquet-1erfev2026-7.jpg\"><img loading=\"lazy\" decoding=\"async\" class=\"alignnone size-medium wp-image-29840\" src=\"https:\/\/janze-athletisme.fr\/wordpress\/wp-content\/uploads\/2026\/02\/Mickael-Piquet-1erfev2026-7-200x300.jpg\" alt=\"\" width=\"200\" height=\"300\" srcset=\"https:\/\/janze-athletisme.fr\/wordpress\/wp-content\/uploads\/2026\/02\/Mickael-Piquet-1erfev2026-7-200x300.jpg 200w, https:\/\/janze-athletisme.fr\/wordpress\/wp-content\/uploads\/2026\/02\/Mickael-Piquet-1erfev2026-7-683x1024.jpg 683w, https:\/\/janze-athletisme.fr\/wordpress\/wp-content\/uploads\/2026\/02\/Mickael-Piquet-1erfev2026-7-768x1152.jpg 768w, https:\/\/janze-athletisme.fr\/wordpress\/wp-content\/uploads\/2026\/02\/Mickael-Piquet-1erfev2026-7.jpg 1000w\" sizes=\"auto, (max-width: 200px) 100vw, 200px\" \/><\/a> <a href=\"https:\/\/janze-athletisme.fr\/wordpress\/wp-content\/uploads\/2026\/02\/Samuel-Bergeon-1erfev2026-2.jpg\"><img loading=\"lazy\" decoding=\"async\" class=\"alignnone size-medium wp-image-29841\" src=\"https:\/\/janze-athletisme.fr\/wordpress\/wp-content\/uploads\/2026\/02\/Samuel-Bergeon-1erfev2026-2-200x300.jpg\" alt=\"\" width=\"200\" height=\"300\" srcset=\"https:\/\/janze-athletisme.fr\/wordpress\/wp-content\/uploads\/2026\/02\/Samuel-Bergeon-1erfev2026-2-200x300.jpg 200w, https:\/\/janze-athletisme.fr\/wordpress\/wp-content\/uploads\/2026\/02\/Samuel-Bergeon-1erfev2026-2-683x1024.jpg 683w, https:\/\/janze-athletisme.fr\/wordpress\/wp-content\/uploads\/2026\/02\/Samuel-Bergeon-1erfev2026-2-768x1152.jpg 768w, https:\/\/janze-athletisme.fr\/wordpress\/wp-content\/uploads\/2026\/02\/Samuel-Bergeon-1erfev2026-2.jpg 1000w\" sizes=\"auto, (max-width: 200px) 100vw, 200px\" \/><\/a> <a href=\"https:\/\/janze-athletisme.fr\/wordpress\/wp-content\/uploads\/2026\/02\/Samuel-Bergeon-1erfev2026-4.jpg\"><img loading=\"lazy\" decoding=\"async\" class=\"alignnone size-medium wp-image-29842\" src=\"https:\/\/janze-athletisme.fr\/wordpress\/wp-content\/uploads\/2026\/02\/Samuel-Bergeon-1erfev2026-4-300x300.jpg\" alt=\"\" width=\"300\" height=\"300\" srcset=\"https:\/\/janze-athletisme.fr\/wordpress\/wp-content\/uploads\/2026\/02\/Samuel-Bergeon-1erfev2026-4-300x300.jpg 300w, https:\/\/janze-athletisme.fr\/wordpress\/wp-content\/uploads\/2026\/02\/Samuel-Bergeon-1erfev2026-4-150x150.jpg 150w, https:\/\/janze-athletisme.fr\/wordpress\/wp-content\/uploads\/2026\/02\/Samuel-Bergeon-1erfev2026-4-768x768.jpg 768w, https:\/\/janze-athletisme.fr\/wordpress\/wp-content\/uploads\/2026\/02\/Samuel-Bergeon-1erfev2026-4.jpg 1000w\" sizes=\"auto, (max-width: 300px) 100vw, 300px\" \/><\/a><\/p>\n<p><a href=\"https:\/\/janze-athletisme.fr\/wordpress\/wp-content\/uploads\/2026\/02\/Samuel-Bergeon-1erfev2026-6.jpg\"><img loading=\"lazy\" decoding=\"async\" class=\"alignnone size-medium wp-image-29843\" src=\"https:\/\/janze-athletisme.fr\/wordpress\/wp-content\/uploads\/2026\/02\/Samuel-Bergeon-1erfev2026-6-300x300.jpg\" alt=\"\" width=\"300\" height=\"300\" srcset=\"https:\/\/janze-athletisme.fr\/wordpress\/wp-content\/uploads\/2026\/02\/Samuel-Bergeon-1erfev2026-6-300x300.jpg 300w, https:\/\/janze-athletisme.fr\/wordpress\/wp-content\/uploads\/2026\/02\/Samuel-Bergeon-1erfev2026-6-150x150.jpg 150w, https:\/\/janze-athletisme.fr\/wordpress\/wp-content\/uploads\/2026\/02\/Samuel-Bergeon-1erfev2026-6-768x768.jpg 768w, https:\/\/janze-athletisme.fr\/wordpress\/wp-content\/uploads\/2026\/02\/Samuel-Bergeon-1erfev2026-6.jpg 1000w\" sizes=\"auto, (max-width: 300px) 100vw, 300px\" \/><\/a> <a href=\"https:\/\/janze-athletisme.fr\/wordpress\/wp-content\/uploads\/2026\/02\/Sliman-Habis-1erfev2026-1.jpg\"><img loading=\"lazy\" decoding=\"async\" class=\"alignnone size-medium wp-image-29844\" src=\"https:\/\/janze-athletisme.fr\/wordpress\/wp-content\/uploads\/2026\/02\/Sliman-Habis-1erfev2026-1-300x300.jpg\" alt=\"\" width=\"300\" height=\"300\" srcset=\"https:\/\/janze-athletisme.fr\/wordpress\/wp-content\/uploads\/2026\/02\/Sliman-Habis-1erfev2026-1-300x300.jpg 300w, https:\/\/janze-athletisme.fr\/wordpress\/wp-content\/uploads\/2026\/02\/Sliman-Habis-1erfev2026-1-150x150.jpg 150w, https:\/\/janze-athletisme.fr\/wordpress\/wp-content\/uploads\/2026\/02\/Sliman-Habis-1erfev2026-1-768x768.jpg 768w, https:\/\/janze-athletisme.fr\/wordpress\/wp-content\/uploads\/2026\/02\/Sliman-Habis-1erfev2026-1.jpg 1000w\" sizes=\"auto, (max-width: 300px) 100vw, 300px\" \/><\/a> <a href=\"https:\/\/janze-athletisme.fr\/wordpress\/wp-content\/uploads\/2026\/02\/Sliman-Habis-1erfev2026-4.jpg\"><img loading=\"lazy\" decoding=\"async\" class=\"alignnone size-medium wp-image-29845\" src=\"https:\/\/janze-athletisme.fr\/wordpress\/wp-content\/uploads\/2026\/02\/Sliman-Habis-1erfev2026-4-200x300.jpg\" alt=\"\" width=\"200\" height=\"300\" srcset=\"https:\/\/janze-athletisme.fr\/wordpress\/wp-content\/uploads\/2026\/02\/Sliman-Habis-1erfev2026-4-200x300.jpg 200w, https:\/\/janze-athletisme.fr\/wordpress\/wp-content\/uploads\/2026\/02\/Sliman-Habis-1erfev2026-4-683x1024.jpg 683w, https:\/\/janze-athletisme.fr\/wordpress\/wp-content\/uploads\/2026\/02\/Sliman-Habis-1erfev2026-4-768x1152.jpg 768w, https:\/\/janze-athletisme.fr\/wordpress\/wp-content\/uploads\/2026\/02\/Sliman-Habis-1erfev2026-4.jpg 1000w\" sizes=\"auto, (max-width: 200px) 100vw, 200px\" \/><\/a><\/p>\n<p><a href=\"https:\/\/janze-athletisme.fr\/wordpress\/wp-content\/uploads\/2026\/02\/Sliman-Habis-1erfev2026-7.jpg\"><img loading=\"lazy\" decoding=\"async\" class=\"alignnone size-medium wp-image-29846\" src=\"https:\/\/janze-athletisme.fr\/wordpress\/wp-content\/uploads\/2026\/02\/Sliman-Habis-1erfev2026-7-200x300.jpg\" alt=\"\" width=\"200\" height=\"300\" srcset=\"https:\/\/janze-athletisme.fr\/wordpress\/wp-content\/uploads\/2026\/02\/Sliman-Habis-1erfev2026-7-200x300.jpg 200w, https:\/\/janze-athletisme.fr\/wordpress\/wp-content\/uploads\/2026\/02\/Sliman-Habis-1erfev2026-7-683x1024.jpg 683w, https:\/\/janze-athletisme.fr\/wordpress\/wp-content\/uploads\/2026\/02\/Sliman-Habis-1erfev2026-7-768x1152.jpg 768w, https:\/\/janze-athletisme.fr\/wordpress\/wp-content\/uploads\/2026\/02\/Sliman-Habis-1erfev2026-7.jpg 1000w\" sizes=\"auto, (max-width: 200px) 100vw, 200px\" \/><\/a> <a href=\"https:\/\/janze-athletisme.fr\/wordpress\/wp-content\/uploads\/2026\/02\/Sliman-Habis-1erfev2026-8.jpg\"><img loading=\"lazy\" decoding=\"async\" class=\"alignnone size-medium wp-image-29847\" src=\"https:\/\/janze-athletisme.fr\/wordpress\/wp-content\/uploads\/2026\/02\/Sliman-Habis-1erfev2026-8-200x300.jpg\" alt=\"\" width=\"200\" height=\"300\" srcset=\"https:\/\/janze-athletisme.fr\/wordpress\/wp-content\/uploads\/2026\/02\/Sliman-Habis-1erfev2026-8-200x300.jpg 200w, https:\/\/janze-athletisme.fr\/wordpress\/wp-content\/uploads\/2026\/02\/Sliman-Habis-1erfev2026-8-683x1024.jpg 683w, https:\/\/janze-athletisme.fr\/wordpress\/wp-content\/uploads\/2026\/02\/Sliman-Habis-1erfev2026-8-768x1152.jpg 768w, https:\/\/janze-athletisme.fr\/wordpress\/wp-content\/uploads\/2026\/02\/Sliman-Habis-1erfev2026-8.jpg 1000w\" sizes=\"auto, (max-width: 200px) 100vw, 200px\" \/><\/a> <a href=\"https:\/\/janze-athletisme.fr\/wordpress\/wp-content\/uploads\/2026\/02\/Julien-Roussel-1erfev2026-4-1.jpg\"><img loading=\"lazy\" decoding=\"async\" class=\"alignnone wp-image-29848\" src=\"https:\/\/janze-athletisme.fr\/wordpress\/wp-content\/uploads\/2026\/02\/Julien-Roussel-1erfev2026-4-1-300x200.jpg\" alt=\"\" width=\"398\" height=\"265\" srcset=\"https:\/\/janze-athletisme.fr\/wordpress\/wp-content\/uploads\/2026\/02\/Julien-Roussel-1erfev2026-4-1-300x200.jpg 300w, https:\/\/janze-athletisme.fr\/wordpress\/wp-content\/uploads\/2026\/02\/Julien-Roussel-1erfev2026-4-1-1024x683.jpg 1024w, https:\/\/janze-athletisme.fr\/wordpress\/wp-content\/uploads\/2026\/02\/Julien-Roussel-1erfev2026-4-1-768x512.jpg 768w, https:\/\/janze-athletisme.fr\/wordpress\/wp-content\/uploads\/2026\/02\/Julien-Roussel-1erfev2026-4-1.jpg 1500w\" sizes=\"auto, (max-width: 398px) 100vw, 398px\" \/>*<\/a><\/p>\n","protected":false},"excerpt":{"rendered":"<p>Championnat r\u00e9gional de cross, Carnac, dimanche 1er f\u00e9vrier Ils ont \u00e9t\u00e9 les premiers h\u00e9ros du jour. Ils ont pav\u00e9 la voie royale. La voie de la boue, la voie du cross, un boulevard pour les as de la gadoue. Merci aux Masters. \u00ab\u00a0In luto vero\u00a0\u00bb (\u00ab\u00a0dans la boue le vrai\u00a0\u00bb), comme on dit \u00ab\u00a0in vino [&hellip;]<\/p>\n","protected":false},"author":12,"featured_media":29849,"comment_status":"open","ping_status":"open","sticky":false,"template":"","format":"aside","meta":{"_uag_custom_page_level_css":"","site-sidebar-layout":"default","site-content-layout":"","ast-site-content-layout":"default","site-content-style":"default","site-sidebar-style":"default","ast-global-header-display":"","ast-banner-title-visibility":"","ast-main-header-display":"","ast-hfb-above-header-display":"","ast-hfb-below-header-display":"","ast-hfb-mobile-header-display":"","site-post-title":"","ast-breadcrumbs-content":"","ast-featured-img":"","footer-sml-layout":"","ast-disable-related-posts":"","theme-transparent-header-meta":"default","adv-header-id-meta":"","stick-header-meta":"","header-above-stick-meta":"","header-main-stick-meta":"","header-below-stick-meta":"","astra-migrate-meta-layouts":"set","ast-page-background-enabled":"default","ast-page-background-meta":{"desktop":{"background-color":"var(--ast-global-color-4)","background-image":"","background-repeat":"repeat","background-position":"center center","background-size":"auto","background-attachment":"scroll","background-type":"","background-media":"","overlay-type":"","overlay-color":"","overlay-opacity":"","overlay-gradient":""},"tablet":{"background-color":"","background-image":"","background-repeat":"repeat","background-position":"center center","background-size":"auto","background-attachment":"scroll","background-type":"","background-media":"","overlay-type":"","overlay-color":"","overlay-opacity":"","overlay-gradient":""},"mobile":{"background-color":"","background-image":"","background-repeat":"repeat","background-position":"center center","background-size":"auto","background-attachment":"scroll","background-type":"","background-media":"","overlay-type":"","overlay-color":"","overlay-opacity":"","overlay-gradient":""}},"ast-content-background-meta":{"desktop":{"background-color":"var(--ast-global-color-5)","background-image":"","background-repeat":"repeat","background-position":"center center","background-size":"auto","background-attachment":"scroll","background-type":"","background-media":"","overlay-type":"","overlay-color":"","overlay-opacity":"","overlay-gradient":""},"tablet":{"background-color":"var(--ast-global-color-5)","background-image":"","background-repeat":"repeat","background-position":"center center","background-size":"auto","background-attachment":"scroll","background-type":"","background-media":"","overlay-type":"","overlay-color":"","overlay-opacity":"","overlay-gradient":""},"mobile":{"background-color":"var(--ast-global-color-5)","background-image":"","background-repeat":"repeat","background-position":"center center","background-size":"auto","background-attachment":"scroll","background-type":"","background-media":"","overlay-type":"","overlay-color":"","overlay-opacity":"","overlay-gradient":""}},"footnotes":""},"categories":[6],"tags":[],"class_list":["post-29802","post","type-post","status-publish","format-aside","has-post-thumbnail","hentry","category-sections","post_format-post-format-aside"],"yoast_head":"<!-- This site is optimized with the Yoast SEO plugin v27.4 - https:\/\/yoast.com\/product\/yoast-seo-wordpress\/ -->\n<title>Un spectacle d&#039;enfer au festival de la boue - Janz\u00e9 Athl\u00e9tisme<\/title>\n<meta name=\"robots\" content=\"index, follow, max-snippet:-1, max-image-preview:large, max-video-preview:-1\" \/>\n<link rel=\"canonical\" href=\"https:\/\/janze-athletisme.fr\/wordpress\/un-spectacle-denfer-au-festival-de-la-boue\/\" \/>\n<meta property=\"og:locale\" content=\"fr_FR\" \/>\n<meta property=\"og:type\" content=\"article\" \/>\n<meta property=\"og:title\" content=\"Un spectacle d&#039;enfer au festival de la boue - Janz\u00e9 Athl\u00e9tisme\" \/>\n<meta property=\"og:description\" content=\"Championnat r\u00e9gional de cross, Carnac, dimanche 1er f\u00e9vrier Ils ont \u00e9t\u00e9 les premiers h\u00e9ros du jour. Ils ont pav\u00e9 la voie royale. La voie de la boue, la voie du cross, un boulevard pour les as de la gadoue. Merci aux Masters. \u00ab\u00a0In luto vero\u00a0\u00bb (\u00ab\u00a0dans la boue le vrai\u00a0\u00bb), comme on dit \u00ab\u00a0in vino [&hellip;]\" \/>\n<meta property=\"og:url\" content=\"https:\/\/janze-athletisme.fr\/wordpress\/un-spectacle-denfer-au-festival-de-la-boue\/\" \/>\n<meta property=\"og:site_name\" content=\"Janz\u00e9 Athl\u00e9tisme\" \/>\n<meta property=\"article:publisher\" content=\"https:\/\/www.facebook.com\/groups\/1007964579346590\" \/>\n<meta property=\"article:published_time\" content=\"2026-02-02T22:31:38+00:00\" \/>\n<meta property=\"article:modified_time\" content=\"2026-02-03T15:38:55+00:00\" \/>\n<meta property=\"og:image\" content=\"https:\/\/janze-athletisme.fr\/wordpress\/wp-content\/uploads\/2026\/02\/Sliman-Habis-1erfev2026-8-1-e1770071484975.jpg\" \/>\n\t<meta property=\"og:image:width\" content=\"1000\" \/>\n\t<meta property=\"og:image:height\" content=\"1053\" \/>\n\t<meta property=\"og:image:type\" content=\"image\/jpeg\" \/>\n<meta name=\"author\" content=\"Laurent Meunier\" \/>\n<meta name=\"twitter:card\" content=\"summary_large_image\" \/>\n<meta name=\"twitter:label1\" content=\"\u00c9crit par\" \/>\n\t<meta name=\"twitter:data1\" content=\"Laurent Meunier\" \/>\n\t<meta name=\"twitter:label2\" content=\"Dur\u00e9e de lecture estim\u00e9e\" \/>\n\t<meta name=\"twitter:data2\" content=\"9 minutes\" \/>\n<script type=\"application\/ld+json\" class=\"yoast-schema-graph\">{\"@context\":\"https:\\\/\\\/schema.org\",\"@graph\":[{\"@type\":\"Article\",\"@id\":\"https:\\\/\\\/janze-athletisme.fr\\\/wordpress\\\/un-spectacle-denfer-au-festival-de-la-boue\\\/#article\",\"isPartOf\":{\"@id\":\"https:\\\/\\\/janze-athletisme.fr\\\/wordpress\\\/un-spectacle-denfer-au-festival-de-la-boue\\\/\"},\"author\":{\"name\":\"Laurent Meunier\",\"@id\":\"https:\\\/\\\/janze-athletisme.fr\\\/wordpress\\\/#\\\/schema\\\/person\\\/c7b063dcfa6234c041d4d9b26cc2ea03\"},\"headline\":\"Un spectacle d&rsquo;enfer au festival de la boue\",\"datePublished\":\"2026-02-02T22:31:38+00:00\",\"dateModified\":\"2026-02-03T15:38:55+00:00\",\"mainEntityOfPage\":{\"@id\":\"https:\\\/\\\/janze-athletisme.fr\\\/wordpress\\\/un-spectacle-denfer-au-festival-de-la-boue\\\/\"},\"wordCount\":447,\"commentCount\":0,\"publisher\":{\"@id\":\"https:\\\/\\\/janze-athletisme.fr\\\/wordpress\\\/#organization\"},\"image\":{\"@id\":\"https:\\\/\\\/janze-athletisme.fr\\\/wordpress\\\/un-spectacle-denfer-au-festival-de-la-boue\\\/#primaryimage\"},\"thumbnailUrl\":\"https:\\\/\\\/janze-athletisme.fr\\\/wordpress\\\/wp-content\\\/uploads\\\/2026\\\/02\\\/Sliman-Habis-1erfev2026-8-1-e1770071484975.jpg\",\"articleSection\":[\"Le club au jour le jour\"],\"inLanguage\":\"fr-FR\",\"potentialAction\":[{\"@type\":\"CommentAction\",\"name\":\"Comment\",\"target\":[\"https:\\\/\\\/janze-athletisme.fr\\\/wordpress\\\/un-spectacle-denfer-au-festival-de-la-boue\\\/#respond\"]}]},{\"@type\":\"WebPage\",\"@id\":\"https:\\\/\\\/janze-athletisme.fr\\\/wordpress\\\/un-spectacle-denfer-au-festival-de-la-boue\\\/\",\"url\":\"https:\\\/\\\/janze-athletisme.fr\\\/wordpress\\\/un-spectacle-denfer-au-festival-de-la-boue\\\/\",\"name\":\"Un spectacle d'enfer au festival de la boue - Janz\u00e9 Athl\u00e9tisme\",\"isPartOf\":{\"@id\":\"https:\\\/\\\/janze-athletisme.fr\\\/wordpress\\\/#website\"},\"primaryImageOfPage\":{\"@id\":\"https:\\\/\\\/janze-athletisme.fr\\\/wordpress\\\/un-spectacle-denfer-au-festival-de-la-boue\\\/#primaryimage\"},\"image\":{\"@id\":\"https:\\\/\\\/janze-athletisme.fr\\\/wordpress\\\/un-spectacle-denfer-au-festival-de-la-boue\\\/#primaryimage\"},\"thumbnailUrl\":\"https:\\\/\\\/janze-athletisme.fr\\\/wordpress\\\/wp-content\\\/uploads\\\/2026\\\/02\\\/Sliman-Habis-1erfev2026-8-1-e1770071484975.jpg\",\"datePublished\":\"2026-02-02T22:31:38+00:00\",\"dateModified\":\"2026-02-03T15:38:55+00:00\",\"breadcrumb\":{\"@id\":\"https:\\\/\\\/janze-athletisme.fr\\\/wordpress\\\/un-spectacle-denfer-au-festival-de-la-boue\\\/#breadcrumb\"},\"inLanguage\":\"fr-FR\",\"potentialAction\":[{\"@type\":\"ReadAction\",\"target\":[\"https:\\\/\\\/janze-athletisme.fr\\\/wordpress\\\/un-spectacle-denfer-au-festival-de-la-boue\\\/\"]}]},{\"@type\":\"ImageObject\",\"inLanguage\":\"fr-FR\",\"@id\":\"https:\\\/\\\/janze-athletisme.fr\\\/wordpress\\\/un-spectacle-denfer-au-festival-de-la-boue\\\/#primaryimage\",\"url\":\"https:\\\/\\\/janze-athletisme.fr\\\/wordpress\\\/wp-content\\\/uploads\\\/2026\\\/02\\\/Sliman-Habis-1erfev2026-8-1-e1770071484975.jpg\",\"contentUrl\":\"https:\\\/\\\/janze-athletisme.fr\\\/wordpress\\\/wp-content\\\/uploads\\\/2026\\\/02\\\/Sliman-Habis-1erfev2026-8-1-e1770071484975.jpg\",\"width\":1000,\"height\":1053},{\"@type\":\"BreadcrumbList\",\"@id\":\"https:\\\/\\\/janze-athletisme.fr\\\/wordpress\\\/un-spectacle-denfer-au-festival-de-la-boue\\\/#breadcrumb\",\"itemListElement\":[{\"@type\":\"ListItem\",\"position\":1,\"name\":\"Accueil\",\"item\":\"https:\\\/\\\/janze-athletisme.fr\\\/wordpress\\\/\"},{\"@type\":\"ListItem\",\"position\":2,\"name\":\"Un spectacle d&rsquo;enfer au festival de la boue\"}]},{\"@type\":\"WebSite\",\"@id\":\"https:\\\/\\\/janze-athletisme.fr\\\/wordpress\\\/#website\",\"url\":\"https:\\\/\\\/janze-athletisme.fr\\\/wordpress\\\/\",\"name\":\"Janz\u00e9 Athl\u00e9tisme\",\"description\":\"Pays de La Roche aux F\u00e9es\",\"publisher\":{\"@id\":\"https:\\\/\\\/janze-athletisme.fr\\\/wordpress\\\/#organization\"},\"potentialAction\":[{\"@type\":\"SearchAction\",\"target\":{\"@type\":\"EntryPoint\",\"urlTemplate\":\"https:\\\/\\\/janze-athletisme.fr\\\/wordpress\\\/?s={search_term_string}\"},\"query-input\":{\"@type\":\"PropertyValueSpecification\",\"valueRequired\":true,\"valueName\":\"search_term_string\"}}],\"inLanguage\":\"fr-FR\"},{\"@type\":\"Organization\",\"@id\":\"https:\\\/\\\/janze-athletisme.fr\\\/wordpress\\\/#organization\",\"name\":\"Janz\u00e9 Athl\u00e9tisme\",\"url\":\"https:\\\/\\\/janze-athletisme.fr\\\/wordpress\\\/\",\"logo\":{\"@type\":\"ImageObject\",\"inLanguage\":\"fr-FR\",\"@id\":\"https:\\\/\\\/janze-athletisme.fr\\\/wordpress\\\/#\\\/schema\\\/logo\\\/image\\\/\",\"url\":\"https:\\\/\\\/janze-athletisme.fr\\\/wordpress\\\/wp-content\\\/uploads\\\/2015\\\/03\\\/logo-full1.jpg\",\"contentUrl\":\"https:\\\/\\\/janze-athletisme.fr\\\/wordpress\\\/wp-content\\\/uploads\\\/2015\\\/03\\\/logo-full1.jpg\",\"width\":437,\"height\":205,\"caption\":\"Janz\u00e9 Athl\u00e9tisme\"},\"image\":{\"@id\":\"https:\\\/\\\/janze-athletisme.fr\\\/wordpress\\\/#\\\/schema\\\/logo\\\/image\\\/\"},\"sameAs\":[\"https:\\\/\\\/www.facebook.com\\\/groups\\\/1007964579346590\"]},{\"@type\":\"Person\",\"@id\":\"https:\\\/\\\/janze-athletisme.fr\\\/wordpress\\\/#\\\/schema\\\/person\\\/c7b063dcfa6234c041d4d9b26cc2ea03\",\"name\":\"Laurent Meunier\",\"image\":{\"@type\":\"ImageObject\",\"inLanguage\":\"fr-FR\",\"@id\":\"https:\\\/\\\/secure.gravatar.com\\\/avatar\\\/dd25d581ad7c3349090f2fa6a9adb6bfa287e6a5dd8a5216a092727cd8749034?s=96&d=mm&r=g\",\"url\":\"https:\\\/\\\/secure.gravatar.com\\\/avatar\\\/dd25d581ad7c3349090f2fa6a9adb6bfa287e6a5dd8a5216a092727cd8749034?s=96&d=mm&r=g\",\"contentUrl\":\"https:\\\/\\\/secure.gravatar.com\\\/avatar\\\/dd25d581ad7c3349090f2fa6a9adb6bfa287e6a5dd8a5216a092727cd8749034?s=96&d=mm&r=g\",\"caption\":\"Laurent Meunier\"},\"url\":\"https:\\\/\\\/janze-athletisme.fr\\\/wordpress\\\/author\\\/laurent-meunier35\\\/\"}]}<\/script>\n<!-- \/ Yoast SEO plugin. -->","yoast_head_json":{"title":"Un spectacle d'enfer au festival de la boue - Janz\u00e9 Athl\u00e9tisme","robots":{"index":"index","follow":"follow","max-snippet":"max-snippet:-1","max-image-preview":"max-image-preview:large","max-video-preview":"max-video-preview:-1"},"canonical":"https:\/\/janze-athletisme.fr\/wordpress\/un-spectacle-denfer-au-festival-de-la-boue\/","og_locale":"fr_FR","og_type":"article","og_title":"Un spectacle d'enfer au festival de la boue - Janz\u00e9 Athl\u00e9tisme","og_description":"Championnat r\u00e9gional de cross, Carnac, dimanche 1er f\u00e9vrier Ils ont \u00e9t\u00e9 les premiers h\u00e9ros du jour. Ils ont pav\u00e9 la voie royale. La voie de la boue, la voie du cross, un boulevard pour les as de la gadoue. Merci aux Masters. \u00ab\u00a0In luto vero\u00a0\u00bb (\u00ab\u00a0dans la boue le vrai\u00a0\u00bb), comme on dit \u00ab\u00a0in vino [&hellip;]","og_url":"https:\/\/janze-athletisme.fr\/wordpress\/un-spectacle-denfer-au-festival-de-la-boue\/","og_site_name":"Janz\u00e9 Athl\u00e9tisme","article_publisher":"https:\/\/www.facebook.com\/groups\/1007964579346590","article_published_time":"2026-02-02T22:31:38+00:00","article_modified_time":"2026-02-03T15:38:55+00:00","og_image":[{"width":1000,"height":1053,"url":"https:\/\/janze-athletisme.fr\/wordpress\/wp-content\/uploads\/2026\/02\/Sliman-Habis-1erfev2026-8-1-e1770071484975.jpg","type":"image\/jpeg"}],"author":"Laurent Meunier","twitter_card":"summary_large_image","twitter_misc":{"\u00c9crit par":"Laurent Meunier","Dur\u00e9e de lecture estim\u00e9e":"9 minutes"},"schema":{"@context":"https:\/\/schema.org","@graph":[{"@type":"Article","@id":"https:\/\/janze-athletisme.fr\/wordpress\/un-spectacle-denfer-au-festival-de-la-boue\/#article","isPartOf":{"@id":"https:\/\/janze-athletisme.fr\/wordpress\/un-spectacle-denfer-au-festival-de-la-boue\/"},"author":{"name":"Laurent Meunier","@id":"https:\/\/janze-athletisme.fr\/wordpress\/#\/schema\/person\/c7b063dcfa6234c041d4d9b26cc2ea03"},"headline":"Un spectacle d&rsquo;enfer au festival de la boue","datePublished":"2026-02-02T22:31:38+00:00","dateModified":"2026-02-03T15:38:55+00:00","mainEntityOfPage":{"@id":"https:\/\/janze-athletisme.fr\/wordpress\/un-spectacle-denfer-au-festival-de-la-boue\/"},"wordCount":447,"commentCount":0,"publisher":{"@id":"https:\/\/janze-athletisme.fr\/wordpress\/#organization"},"image":{"@id":"https:\/\/janze-athletisme.fr\/wordpress\/un-spectacle-denfer-au-festival-de-la-boue\/#primaryimage"},"thumbnailUrl":"https:\/\/janze-athletisme.fr\/wordpress\/wp-content\/uploads\/2026\/02\/Sliman-Habis-1erfev2026-8-1-e1770071484975.jpg","articleSection":["Le club au jour le jour"],"inLanguage":"fr-FR","potentialAction":[{"@type":"CommentAction","name":"Comment","target":["https:\/\/janze-athletisme.fr\/wordpress\/un-spectacle-denfer-au-festival-de-la-boue\/#respond"]}]},{"@type":"WebPage","@id":"https:\/\/janze-athletisme.fr\/wordpress\/un-spectacle-denfer-au-festival-de-la-boue\/","url":"https:\/\/janze-athletisme.fr\/wordpress\/un-spectacle-denfer-au-festival-de-la-boue\/","name":"Un spectacle d'enfer au festival de la boue - Janz\u00e9 Athl\u00e9tisme","isPartOf":{"@id":"https:\/\/janze-athletisme.fr\/wordpress\/#website"},"primaryImageOfPage":{"@id":"https:\/\/janze-athletisme.fr\/wordpress\/un-spectacle-denfer-au-festival-de-la-boue\/#primaryimage"},"image":{"@id":"https:\/\/janze-athletisme.fr\/wordpress\/un-spectacle-denfer-au-festival-de-la-boue\/#primaryimage"},"thumbnailUrl":"https:\/\/janze-athletisme.fr\/wordpress\/wp-content\/uploads\/2026\/02\/Sliman-Habis-1erfev2026-8-1-e1770071484975.jpg","datePublished":"2026-02-02T22:31:38+00:00","dateModified":"2026-02-03T15:38:55+00:00","breadcrumb":{"@id":"https:\/\/janze-athletisme.fr\/wordpress\/un-spectacle-denfer-au-festival-de-la-boue\/#breadcrumb"},"inLanguage":"fr-FR","potentialAction":[{"@type":"ReadAction","target":["https:\/\/janze-athletisme.fr\/wordpress\/un-spectacle-denfer-au-festival-de-la-boue\/"]}]},{"@type":"ImageObject","inLanguage":"fr-FR","@id":"https:\/\/janze-athletisme.fr\/wordpress\/un-spectacle-denfer-au-festival-de-la-boue\/#primaryimage","url":"https:\/\/janze-athletisme.fr\/wordpress\/wp-content\/uploads\/2026\/02\/Sliman-Habis-1erfev2026-8-1-e1770071484975.jpg","contentUrl":"https:\/\/janze-athletisme.fr\/wordpress\/wp-content\/uploads\/2026\/02\/Sliman-Habis-1erfev2026-8-1-e1770071484975.jpg","width":1000,"height":1053},{"@type":"BreadcrumbList","@id":"https:\/\/janze-athletisme.fr\/wordpress\/un-spectacle-denfer-au-festival-de-la-boue\/#breadcrumb","itemListElement":[{"@type":"ListItem","position":1,"name":"Accueil","item":"https:\/\/janze-athletisme.fr\/wordpress\/"},{"@type":"ListItem","position":2,"name":"Un spectacle d&rsquo;enfer au festival de la boue"}]},{"@type":"WebSite","@id":"https:\/\/janze-athletisme.fr\/wordpress\/#website","url":"https:\/\/janze-athletisme.fr\/wordpress\/","name":"Janz\u00e9 Athl\u00e9tisme","description":"Pays de La Roche aux F\u00e9es","publisher":{"@id":"https:\/\/janze-athletisme.fr\/wordpress\/#organization"},"potentialAction":[{"@type":"SearchAction","target":{"@type":"EntryPoint","urlTemplate":"https:\/\/janze-athletisme.fr\/wordpress\/?s={search_term_string}"},"query-input":{"@type":"PropertyValueSpecification","valueRequired":true,"valueName":"search_term_string"}}],"inLanguage":"fr-FR"},{"@type":"Organization","@id":"https:\/\/janze-athletisme.fr\/wordpress\/#organization","name":"Janz\u00e9 Athl\u00e9tisme","url":"https:\/\/janze-athletisme.fr\/wordpress\/","logo":{"@type":"ImageObject","inLanguage":"fr-FR","@id":"https:\/\/janze-athletisme.fr\/wordpress\/#\/schema\/logo\/image\/","url":"https:\/\/janze-athletisme.fr\/wordpress\/wp-content\/uploads\/2015\/03\/logo-full1.jpg","contentUrl":"https:\/\/janze-athletisme.fr\/wordpress\/wp-content\/uploads\/2015\/03\/logo-full1.jpg","width":437,"height":205,"caption":"Janz\u00e9 Athl\u00e9tisme"},"image":{"@id":"https:\/\/janze-athletisme.fr\/wordpress\/#\/schema\/logo\/image\/"},"sameAs":["https:\/\/www.facebook.com\/groups\/1007964579346590"]},{"@type":"Person","@id":"https:\/\/janze-athletisme.fr\/wordpress\/#\/schema\/person\/c7b063dcfa6234c041d4d9b26cc2ea03","name":"Laurent Meunier","image":{"@type":"ImageObject","inLanguage":"fr-FR","@id":"https:\/\/secure.gravatar.com\/avatar\/dd25d581ad7c3349090f2fa6a9adb6bfa287e6a5dd8a5216a092727cd8749034?s=96&d=mm&r=g","url":"https:\/\/secure.gravatar.com\/avatar\/dd25d581ad7c3349090f2fa6a9adb6bfa287e6a5dd8a5216a092727cd8749034?s=96&d=mm&r=g","contentUrl":"https:\/\/secure.gravatar.com\/avatar\/dd25d581ad7c3349090f2fa6a9adb6bfa287e6a5dd8a5216a092727cd8749034?s=96&d=mm&r=g","caption":"Laurent Meunier"},"url":"https:\/\/janze-athletisme.fr\/wordpress\/author\/laurent-meunier35\/"}]}},"uagb_featured_image_src":{"full":["https:\/\/janze-athletisme.fr\/wordpress\/wp-content\/uploads\/2026\/02\/Sliman-Habis-1erfev2026-8-1-e1770071484975.jpg",1000,1053,false],"thumbnail":["https:\/\/janze-athletisme.fr\/wordpress\/wp-content\/uploads\/2026\/02\/Sliman-Habis-1erfev2026-8-1-e1770071484975-150x150.jpg",150,150,true],"medium":["https:\/\/janze-athletisme.fr\/wordpress\/wp-content\/uploads\/2026\/02\/Sliman-Habis-1erfev2026-8-1-e1770071484975-285x300.jpg",285,300,true],"medium_large":["https:\/\/janze-athletisme.fr\/wordpress\/wp-content\/uploads\/2026\/02\/Sliman-Habis-1erfev2026-8-1-e1770071484975-768x809.jpg",768,809,true],"large":["https:\/\/janze-athletisme.fr\/wordpress\/wp-content\/uploads\/2026\/02\/Sliman-Habis-1erfev2026-8-1-e1770071484975-972x1024.jpg",972,1024,true],"1536x1536":["https:\/\/janze-athletisme.fr\/wordpress\/wp-content\/uploads\/2026\/02\/Sliman-Habis-1erfev2026-8-1-e1770071484975.jpg",1000,1053,false],"2048x2048":["https:\/\/janze-athletisme.fr\/wordpress\/wp-content\/uploads\/2026\/02\/Sliman-Habis-1erfev2026-8-1-e1770071484975.jpg",1000,1053,false]},"uagb_author_info":{"display_name":"Laurent Meunier","author_link":"https:\/\/janze-athletisme.fr\/wordpress\/author\/laurent-meunier35\/"},"uagb_comment_info":0,"uagb_excerpt":"Championnat r\u00e9gional de cross, Carnac, dimanche 1er f\u00e9vrier Ils ont \u00e9t\u00e9 les premiers h\u00e9ros du jour. Ils ont pav\u00e9 la voie royale. La voie de la boue, la voie du cross, un boulevard pour les as de la gadoue. Merci aux Masters. \u00ab\u00a0In luto vero\u00a0\u00bb (\u00ab\u00a0dans la boue le vrai\u00a0\u00bb), comme on dit \u00ab\u00a0in vino\u2026","_links":{"self":[{"href":"https:\/\/janze-athletisme.fr\/wordpress\/wp-json\/wp\/v2\/posts\/29802","targetHints":{"allow":["GET"]}}],"collection":[{"href":"https:\/\/janze-athletisme.fr\/wordpress\/wp-json\/wp\/v2\/posts"}],"about":[{"href":"https:\/\/janze-athletisme.fr\/wordpress\/wp-json\/wp\/v2\/types\/post"}],"author":[{"embeddable":true,"href":"https:\/\/janze-athletisme.fr\/wordpress\/wp-json\/wp\/v2\/users\/12"}],"replies":[{"embeddable":true,"href":"https:\/\/janze-athletisme.fr\/wordpress\/wp-json\/wp\/v2\/comments?post=29802"}],"version-history":[{"count":11,"href":"https:\/\/janze-athletisme.fr\/wordpress\/wp-json\/wp\/v2\/posts\/29802\/revisions"}],"predecessor-version":[{"id":29865,"href":"https:\/\/janze-athletisme.fr\/wordpress\/wp-json\/wp\/v2\/posts\/29802\/revisions\/29865"}],"wp:featuredmedia":[{"embeddable":true,"href":"https:\/\/janze-athletisme.fr\/wordpress\/wp-json\/wp\/v2\/media\/29849"}],"wp:attachment":[{"href":"https:\/\/janze-athletisme.fr\/wordpress\/wp-json\/wp\/v2\/media?parent=29802"}],"wp:term":[{"taxonomy":"category","embeddable":true,"href":"https:\/\/janze-athletisme.fr\/wordpress\/wp-json\/wp\/v2\/categories?post=29802"},{"taxonomy":"post_tag","embeddable":true,"href":"https:\/\/janze-athletisme.fr\/wordpress\/wp-json\/wp\/v2\/tags?post=29802"}],"curies":[{"name":"wp","href":"https:\/\/api.w.org\/{rel}","templated":true}]}}