{"id":29674,"date":"2026-01-29T22:48:11","date_gmt":"2026-01-29T21:48:11","guid":{"rendered":"https:\/\/janze-athletisme.fr\/wordpress\/?p=29674"},"modified":"2026-01-29T22:52:10","modified_gmt":"2026-01-29T21:52:10","slug":"15-records-battus-depuis-le-debut-de-la-saison","status":"publish","type":"post","link":"https:\/\/janze-athletisme.fr\/wordpress\/15-records-battus-depuis-le-debut-de-la-saison\/","title":{"rendered":"15 records battus depuis le d\u00e9but de la saison"},"content":{"rendered":"<p><span style=\"font-family: verdana, geneva, sans-serif;font-size: 18pt\"><b>Records du club au 26 janvier 2026<\/b><\/span><\/p>\n<p><span style=\"font-family: verdana, geneva, sans-serif;font-size: 12pt\"><b>Manu<\/b> Estevon compile, saison apr\u00e8s saison, les records du club. Il tient \u00e0 jour les annales et r\u00e9guli\u00e8rement nous fait des points sur les records battus. Depuis quelques ann\u00e9es, il a beaucoup de travail. On se souvient par exemple que l&rsquo;an pass\u00e9, sur la saison 2024-2025, a \u00e9t\u00e9 battu le record des records, avec 53 records battus dans la saison.<\/span><\/p>\n<p><span style=\"font-family: verdana, geneva, sans-serif;font-size: 12pt\">Il a refait un point au sortir des Bretagne en salle, au soir du 25 janvier, et la pente est de nouveau dans le sens de la mont\u00e9e, avec un nombre de records d\u00e9j\u00e0 importants pour cette \u00e9poque de l&rsquo;ann\u00e9e (15).<\/span><\/p>\n<table style=\"height: 1206px;width: 85.3923%;border-style: solid;border-color: #c42f2f;background-color: #d4b21e\" border=\"1\" width=\"85.3923%\" cellspacing=\"0\" cellpadding=\"4\">\n<tbody>\n<tr valign=\"TOP\">\n<td style=\"width: 23.2605%\" width=\"29%\"><span style=\"font-family: Verdana, sans-serif\"><span style=\"font-size: large\"><b>Athl\u00e8te<\/b><\/span><\/span><\/td>\n<td style=\"width: 22.6755%\" width=\"24%\">\n<p align=\"CENTER\"><span style=\"font-family: Verdana, sans-serif\"><span style=\"font-size: large\"><b>\u00c9preuve<\/b><\/span><\/span><\/p>\n<\/td>\n<td style=\"width: 16.8926%\" width=\"23%\">\n<p align=\"CENTER\"><span style=\"font-family: Verdana, sans-serif\"><span style=\"font-size: large\"><b>Performance<\/b><\/span><\/span><\/p>\n<\/td>\n<td style=\"width: 23.6321%\" width=\"24%\">\n<p align=\"CENTER\"><span style=\"font-family: Verdana, sans-serif\"><span style=\"font-size: large\"><b>Date<\/b><\/span><\/span><\/p>\n<\/td>\n<\/tr>\n<tr valign=\"TOP\">\n<td style=\"width: 23.2605%\" width=\"29%\"><span style=\"font-family: Verdana, sans-serif\"><b>Justine<\/b> Bourgault<\/span><\/td>\n<td style=\"width: 22.6755%\" width=\"24%\">\n<p align=\"CENTER\"><span style=\"font-family: Verdana, sans-serif\">200m CAF<\/span><\/p>\n<\/td>\n<td style=\"width: 16.8926%\" width=\"23%\">\n<p align=\"CENTER\"><span style=\"font-family: Verdana, sans-serif\">26&Prime;93<\/span><\/p>\n<\/td>\n<td style=\"width: 23.6321%\" width=\"24%\">\n<p align=\"CENTER\"><span style=\"font-family: Verdana, sans-serif\">27\/11\/2025<\/span><\/p>\n<\/td>\n<\/tr>\n<tr valign=\"TOP\">\n<td style=\"width: 23.2605%\" width=\"29%\"><span style=\"font-family: Verdana, sans-serif\"><b>Ma\u00eblys<\/b> Renoult<\/span><\/td>\n<td style=\"width: 22.6755%\" width=\"24%\">\n<p align=\"CENTER\"><span style=\"font-family: Verdana, sans-serif\">400m CAF<\/span><\/p>\n<\/td>\n<td style=\"width: 16.8926%\" width=\"23%\">\n<p align=\"CENTER\"><span style=\"font-family: Verdana, sans-serif\">62&Prime;73<\/span><\/p>\n<\/td>\n<td style=\"width: 23.6321%\" width=\"24%\">\n<p align=\"CENTER\"><span style=\"font-family: Verdana, sans-serif\">25\/01\/2026<\/span><\/p>\n<\/td>\n<\/tr>\n<tr valign=\"TOP\">\n<td style=\"width: 23.2605%\" width=\"29%\"><span style=\"font-family: Verdana, sans-serif\"><b>Justine<\/b> Bourgault<\/span><\/td>\n<td style=\"width: 22.6755%\" width=\"24%\">\n<p align=\"CENTER\"><span style=\"font-family: Verdana, sans-serif\">Triple saut CAF<\/span><\/p>\n<\/td>\n<td style=\"width: 16.8926%\" width=\"23%\">\n<p align=\"CENTER\"><span style=\"font-family: Verdana, sans-serif\">11m20<\/span><\/p>\n<\/td>\n<td style=\"width: 23.6321%\" width=\"24%\">\n<p align=\"CENTER\"><span style=\"font-family: Verdana, sans-serif\">24\/01\/2026<\/span><\/p>\n<\/td>\n<\/tr>\n<tr valign=\"TOP\">\n<td style=\"width: 23.2605%\" width=\"29%\"><span style=\"font-family: Verdana, sans-serif\"><b>Camille<\/b> Roger<\/span><\/td>\n<td style=\"width: 22.6755%\" width=\"24%\">\n<p align=\"CENTER\"><span style=\"font-family: Verdana, sans-serif\">60m SEF<\/span><\/p>\n<\/td>\n<td style=\"width: 16.8926%\" width=\"23%\">\n<p align=\"CENTER\"><span style=\"font-family: Verdana, sans-serif\">9&Prime;18<\/span><\/p>\n<\/td>\n<td style=\"width: 23.6321%\" width=\"24%\">\n<p align=\"CENTER\"><span style=\"font-family: Verdana, sans-serif\">11\/01\/2026<\/span><\/p>\n<\/td>\n<\/tr>\n<tr valign=\"TOP\">\n<td style=\"width: 23.2605%\" width=\"29%\" height=\"16\"><span style=\"font-family: Verdana, sans-serif\"><b>Axel<\/b> Herv\u00e9<\/span><\/td>\n<td style=\"width: 22.6755%\" width=\"24%\">\n<p align=\"CENTER\"><span style=\"font-family: Verdana, sans-serif\">50m haies BEM (65)<\/span><\/p>\n<\/td>\n<td style=\"width: 16.8926%\" width=\"23%\">\n<p align=\"CENTER\"><span style=\"font-family: Verdana, sans-serif\">8&Prime;03<\/span><\/p>\n<\/td>\n<td style=\"width: 23.6321%\" width=\"24%\">\n<p align=\"CENTER\"><span style=\"font-family: Verdana, sans-serif\">10\/01\/2026<\/span><\/p>\n<\/td>\n<\/tr>\n<tr valign=\"TOP\">\n<td style=\"width: 23.2605%\" width=\"29%\"><span style=\"font-family: Verdana, sans-serif\"><b>Mathis<\/b> Montagne<\/span><\/td>\n<td style=\"width: 22.6755%\" width=\"24%\">\n<p align=\"CENTER\"><span style=\"font-family: Verdana, sans-serif\">50m haies MIM (84)<\/span><\/p>\n<\/td>\n<td style=\"width: 16.8926%\" width=\"23%\">\n<p align=\"CENTER\"><span style=\"font-family: Verdana, sans-serif\">7&Prime;77<\/span><\/p>\n<\/td>\n<td style=\"width: 23.6321%\" width=\"24%\">\n<p align=\"CENTER\"><span style=\"font-family: Verdana, sans-serif\">29\/11\/2025<\/span><\/p>\n<\/td>\n<\/tr>\n<tr valign=\"TOP\">\n<td style=\"width: 23.2605%\" width=\"29%\"><span style=\"font-family: Verdana, sans-serif\"><b>Esteban<\/b> Fleury<\/span><\/td>\n<td style=\"width: 22.6755%\" width=\"24%\">\n<p align=\"CENTER\"><span style=\"font-family: Verdana, sans-serif\">Disque CAM (1,5kg)<\/span><\/p>\n<\/td>\n<td style=\"width: 16.8926%\" width=\"23%\">\n<p align=\"CENTER\"><span style=\"font-family: Verdana, sans-serif\">33m04<\/span><\/p>\n<\/td>\n<td style=\"width: 23.6321%\" width=\"24%\">\n<p align=\"CENTER\"><span style=\"font-family: Verdana, sans-serif\">28\/09\/2025<\/span><\/p>\n<\/td>\n<\/tr>\n<tr valign=\"TOP\">\n<td style=\"width: 23.2605%\" width=\"29%\"><span style=\"font-family: Verdana, sans-serif\"><b>Sayhann<\/b> Ksouda-Lain\u00e9<\/span><\/td>\n<td style=\"width: 22.6755%\" width=\"24%\">\n<p align=\"CENTER\"><span style=\"font-family: Verdana, sans-serif\">Marteau CAM (5kg)<\/span><\/p>\n<\/td>\n<td style=\"width: 16.8926%\" width=\"23%\">\n<p align=\"CENTER\"><span style=\"font-family: Verdana, sans-serif\">27m48<\/span><\/p>\n<\/td>\n<td style=\"width: 23.6321%\" width=\"24%\">\n<p align=\"CENTER\"><span style=\"font-family: Verdana, sans-serif\">19\/10\/2025<\/span><\/p>\n<\/td>\n<\/tr>\n<tr valign=\"TOP\">\n<td style=\"width: 23.2605%\" width=\"29%\"><span style=\"font-family: Verdana, sans-serif\"><b>Sayhann<\/b> Ksouda-Lain\u00e9<\/span><\/td>\n<td style=\"width: 22.6755%\" width=\"24%\">\n<p align=\"CENTER\"><span style=\"font-family: Verdana, sans-serif\">Hauteur CAM<\/span><\/p>\n<\/td>\n<td style=\"width: 16.8926%\" width=\"23%\">\n<p align=\"CENTER\"><span style=\"font-family: Verdana, sans-serif\">1m83<\/span><\/p>\n<\/td>\n<td style=\"width: 23.6321%\" width=\"24%\">\n<p align=\"CENTER\"><span style=\"font-family: Verdana, sans-serif\">24\/01\/2026<\/span><\/p>\n<\/td>\n<\/tr>\n<tr valign=\"TOP\">\n<td style=\"width: 23.2605%\" width=\"29%\"><span style=\"font-family: Verdana, sans-serif\"><b>Esteban<\/b> Bouillaux<\/span><\/td>\n<td style=\"width: 22.6755%\" width=\"24%\">\n<p align=\"CENTER\"><span style=\"font-family: Verdana, sans-serif\">3000m JUM<\/span><\/p>\n<\/td>\n<td style=\"width: 16.8926%\" width=\"23%\">\n<p align=\"CENTER\"><span style=\"font-family: Verdana, sans-serif\">9&rsquo;27&Prime;23<\/span><\/p>\n<\/td>\n<td style=\"width: 23.6321%\" width=\"24%\">\n<p align=\"CENTER\"><span style=\"font-family: Verdana, sans-serif\">13\/12\/2025<\/span><\/p>\n<\/td>\n<\/tr>\n<tr valign=\"TOP\">\n<td style=\"width: 23.2605%\" width=\"29%\"><span style=\"font-family: Verdana, sans-serif\"><b>B\u00e9renger<\/b> Tardif<\/span><\/td>\n<td style=\"width: 22.6755%\" width=\"24%\">\n<p align=\"CENTER\"><span style=\"font-family: Verdana, sans-serif\">Perche JUM<\/span><\/p>\n<\/td>\n<td style=\"width: 16.8926%\" width=\"23%\">\n<p align=\"CENTER\"><span style=\"font-family: Verdana, sans-serif\">3m37<\/span><\/p>\n<\/td>\n<td style=\"width: 23.6321%\" width=\"24%\">\n<p align=\"CENTER\"><span style=\"font-family: Verdana, sans-serif\">24\/01\/2026<\/span><\/p>\n<\/td>\n<\/tr>\n<tr valign=\"TOP\">\n<td style=\"width: 23.2605%\" width=\"29%\"><span style=\"font-family: Verdana, sans-serif\"><b>Basile<\/b> Chevrel<\/span><\/td>\n<td style=\"width: 22.6755%\" width=\"24%\">\n<p align=\"CENTER\"><span style=\"font-family: Verdana, sans-serif\">3000m ESM<\/span><\/p>\n<\/td>\n<td style=\"width: 16.8926%\" width=\"23%\">\n<p align=\"CENTER\"><span style=\"font-family: Verdana, sans-serif\">8&rsquo;28&Prime;31<\/span><\/p>\n<\/td>\n<td style=\"width: 23.6321%\" width=\"24%\">\n<p align=\"CENTER\"><span style=\"font-family: Verdana, sans-serif\">17\/01\/2026<\/span><\/p>\n<\/td>\n<\/tr>\n<tr>\n<td style=\"width: 86.4607%\" colspan=\"4\" valign=\"TOP\" width=\"100%\">\n<p align=\"RIGHT\"><span style=\"font-family: Verdana, sans-serif\"><span style=\"font-size: large\"><b>Toutes cat\u00e9gories<\/b><\/span><\/span><\/p>\n<\/td>\n<\/tr>\n<tr valign=\"TOP\">\n<td style=\"width: 23.2605%\" width=\"29%\"><span style=\"font-family: Verdana, sans-serif\"><b>Justine<\/b> Bourgault<\/span><\/td>\n<td style=\"width: 22.6755%\" width=\"24%\">\n<p align=\"CENTER\"><span style=\"font-family: Verdana, sans-serif\">200m Femmes<\/span><\/p>\n<\/td>\n<td style=\"width: 16.8926%\" width=\"23%\">\n<p align=\"CENTER\"><span style=\"font-family: Verdana, sans-serif\">26&Prime;93<\/span><\/p>\n<\/td>\n<td style=\"width: 23.6321%\" width=\"24%\">\n<p align=\"CENTER\"><span style=\"font-family: Verdana, sans-serif\">27\/11\/2025<\/span><\/p>\n<\/td>\n<\/tr>\n<tr valign=\"TOP\">\n<td style=\"width: 23.2605%\" width=\"29%\"><span style=\"font-family: Verdana, sans-serif\"><b>B\u00e9renger<\/b> Tardif<\/span><\/td>\n<td style=\"width: 22.6755%\" width=\"24%\">\n<p align=\"CENTER\"><span style=\"font-family: Verdana, sans-serif\">Perche Hommes<\/span><\/p>\n<\/td>\n<td style=\"width: 16.8926%\" width=\"23%\">\n<p align=\"CENTER\"><span style=\"font-family: Verdana, sans-serif\">3m37<\/span><\/p>\n<\/td>\n<td style=\"width: 23.6321%\" width=\"24%\">\n<p align=\"CENTER\"><span style=\"font-family: Verdana, sans-serif\">24\/01\/2026<\/span><\/p>\n<\/td>\n<\/tr>\n<tr valign=\"TOP\">\n<td style=\"width: 23.2605%\" width=\"29%\"><span style=\"font-family: Verdana, sans-serif\"><b>Basile<\/b> Chevrel<\/span><\/td>\n<td style=\"width: 22.6755%\" width=\"24%\">\n<p align=\"CENTER\"><span style=\"font-family: Verdana, sans-serif\">3000m Hommes<\/span><\/p>\n<\/td>\n<td style=\"width: 16.8926%\" width=\"23%\">\n<p align=\"CENTER\"><span style=\"font-family: Verdana, sans-serif\">8&rsquo;28&Prime;31<\/span><\/p>\n<\/td>\n<td style=\"width: 23.6321%\" width=\"24%\">\n<p align=\"CENTER\"><span style=\"font-family: Verdana, sans-serif\">17\/01\/2026<\/span><\/p>\n<\/td>\n<\/tr>\n<\/tbody>\n<\/table>\n<p><a href=\"https:\/\/janze-athletisme.fr\/wordpress\/wp-content\/uploads\/2026\/01\/IMG_9001.jpg\"><img loading=\"lazy\" decoding=\"async\" class=\"alignnone wp-image-29675\" src=\"https:\/\/janze-athletisme.fr\/wordpress\/wp-content\/uploads\/2026\/01\/IMG_9001-200x300.jpg\" alt=\"\" width=\"197\" height=\"296\" srcset=\"https:\/\/janze-athletisme.fr\/wordpress\/wp-content\/uploads\/2026\/01\/IMG_9001-200x300.jpg 200w, https:\/\/janze-athletisme.fr\/wordpress\/wp-content\/uploads\/2026\/01\/IMG_9001-683x1024.jpg 683w, https:\/\/janze-athletisme.fr\/wordpress\/wp-content\/uploads\/2026\/01\/IMG_9001-768x1151.jpg 768w, https:\/\/janze-athletisme.fr\/wordpress\/wp-content\/uploads\/2026\/01\/IMG_9001.jpg 1000w\" sizes=\"auto, (max-width: 197px) 100vw, 197px\" \/> <\/a><a href=\"https:\/\/janze-athletisme.fr\/wordpress\/wp-content\/uploads\/2026\/01\/IMG_9529.jpg\"><img loading=\"lazy\" decoding=\"async\" class=\"alignnone wp-image-29676\" src=\"https:\/\/janze-athletisme.fr\/wordpress\/wp-content\/uploads\/2026\/01\/IMG_9529-300x300.jpg\" alt=\"\" width=\"293\" height=\"293\" srcset=\"https:\/\/janze-athletisme.fr\/wordpress\/wp-content\/uploads\/2026\/01\/IMG_9529-300x300.jpg 300w, https:\/\/janze-athletisme.fr\/wordpress\/wp-content\/uploads\/2026\/01\/IMG_9529-150x150.jpg 150w, https:\/\/janze-athletisme.fr\/wordpress\/wp-content\/uploads\/2026\/01\/IMG_9529-768x768.jpg 768w, https:\/\/janze-athletisme.fr\/wordpress\/wp-content\/uploads\/2026\/01\/IMG_9529.jpg 1000w\" sizes=\"auto, (max-width: 293px) 100vw, 293px\" \/><\/a><a href=\"https:\/\/janze-athletisme.fr\/wordpress\/wp-content\/uploads\/2026\/01\/IMG_8697.jpg\"> <img loading=\"lazy\" decoding=\"async\" class=\"alignnone wp-image-29677\" src=\"https:\/\/janze-athletisme.fr\/wordpress\/wp-content\/uploads\/2026\/01\/IMG_8697-300x300.jpg\" alt=\"\" width=\"292\" height=\"292\" srcset=\"https:\/\/janze-athletisme.fr\/wordpress\/wp-content\/uploads\/2026\/01\/IMG_8697-300x300.jpg 300w, https:\/\/janze-athletisme.fr\/wordpress\/wp-content\/uploads\/2026\/01\/IMG_8697-150x150.jpg 150w, https:\/\/janze-athletisme.fr\/wordpress\/wp-content\/uploads\/2026\/01\/IMG_8697-768x768.jpg 768w, https:\/\/janze-athletisme.fr\/wordpress\/wp-content\/uploads\/2026\/01\/IMG_8697.jpg 1000w\" sizes=\"auto, (max-width: 292px) 100vw, 292px\" \/>\u00a0<\/a><\/p>\n<p><a href=\"https:\/\/janze-athletisme.fr\/wordpress\/wp-content\/uploads\/2026\/01\/Esteban-4juil2025-5.jpg\"><img loading=\"lazy\" decoding=\"async\" class=\"alignnone wp-image-29678\" src=\"https:\/\/janze-athletisme.fr\/wordpress\/wp-content\/uploads\/2026\/01\/Esteban-4juil2025-5-300x300.jpg\" alt=\"\" width=\"290\" height=\"290\" srcset=\"https:\/\/janze-athletisme.fr\/wordpress\/wp-content\/uploads\/2026\/01\/Esteban-4juil2025-5-300x300.jpg 300w, https:\/\/janze-athletisme.fr\/wordpress\/wp-content\/uploads\/2026\/01\/Esteban-4juil2025-5-150x150.jpg 150w, https:\/\/janze-athletisme.fr\/wordpress\/wp-content\/uploads\/2026\/01\/Esteban-4juil2025-5-768x768.jpg 768w, https:\/\/janze-athletisme.fr\/wordpress\/wp-content\/uploads\/2026\/01\/Esteban-4juil2025-5.jpg 1000w\" sizes=\"auto, (max-width: 290px) 100vw, 290px\" \/> <\/a><a href=\"https:\/\/janze-athletisme.fr\/wordpress\/wp-content\/uploads\/2026\/01\/DSC_6908.jpg\"><img loading=\"lazy\" decoding=\"async\" class=\"alignnone wp-image-29679\" src=\"https:\/\/janze-athletisme.fr\/wordpress\/wp-content\/uploads\/2026\/01\/DSC_6908-300x300.jpg\" alt=\"\" width=\"289\" height=\"289\" srcset=\"https:\/\/janze-athletisme.fr\/wordpress\/wp-content\/uploads\/2026\/01\/DSC_6908-300x300.jpg 300w, https:\/\/janze-athletisme.fr\/wordpress\/wp-content\/uploads\/2026\/01\/DSC_6908-150x150.jpg 150w, https:\/\/janze-athletisme.fr\/wordpress\/wp-content\/uploads\/2026\/01\/DSC_6908-768x768.jpg 768w, https:\/\/janze-athletisme.fr\/wordpress\/wp-content\/uploads\/2026\/01\/DSC_6908.jpg 1000w\" sizes=\"auto, (max-width: 289px) 100vw, 289px\" \/><\/a><a href=\"https:\/\/janze-athletisme.fr\/wordpress\/wp-content\/uploads\/2026\/01\/Berenger-perche-7mai2023.jpg\"> <img loading=\"lazy\" decoding=\"async\" class=\"alignnone wp-image-29680\" src=\"https:\/\/janze-athletisme.fr\/wordpress\/wp-content\/uploads\/2026\/01\/Berenger-perche-7mai2023-207x300.jpg\" alt=\"\" width=\"202\" height=\"293\" srcset=\"https:\/\/janze-athletisme.fr\/wordpress\/wp-content\/uploads\/2026\/01\/Berenger-perche-7mai2023-207x300.jpg 207w, https:\/\/janze-athletisme.fr\/wordpress\/wp-content\/uploads\/2026\/01\/Berenger-perche-7mai2023-708x1024.jpg 708w, https:\/\/janze-athletisme.fr\/wordpress\/wp-content\/uploads\/2026\/01\/Berenger-perche-7mai2023-768x1111.jpg 768w, https:\/\/janze-athletisme.fr\/wordpress\/wp-content\/uploads\/2026\/01\/Berenger-perche-7mai2023.jpg 1000w\" sizes=\"auto, (max-width: 202px) 100vw, 202px\" \/><\/a><\/p>\n<p><em><span style=\"font-family: verdana, geneva, sans-serif;font-size: 12pt\">Quelques uns et unes de nos record-wo-men 2025\/2026 : Justine, Sayhann, Ma\u00eblys, Esteban F, Basile et B\u00e9renger (merci \u00e0 L\u00e9na\u00efc Renault pour les trois premi\u00e8res vues, prises ce WE \u00e0 Robert-Poirier. Les trois autres sont des archives LM). Vous pouvez retrouver la page des records <a href=\"https:\/\/janze-athletisme.fr\/wordpress\/competitions_records-du-club\/\">ICI<\/a>.<\/span><\/em><\/p>\n","protected":false},"excerpt":{"rendered":"<p>Records du club au 26 janvier 2026 Manu Estevon compile, saison apr\u00e8s saison, les records du club. Il tient \u00e0 jour les annales et r\u00e9guli\u00e8rement nous fait des points sur les records battus. Depuis quelques ann\u00e9es, il a beaucoup de travail. On se souvient par exemple que l&rsquo;an pass\u00e9, sur la saison 2024-2025, a \u00e9t\u00e9 [&hellip;]<\/p>\n","protected":false},"author":12,"featured_media":29676,"comment_status":"open","ping_status":"open","sticky":false,"template":"","format":"aside","meta":{"_uag_custom_page_level_css":"","site-sidebar-layout":"default","site-content-layout":"","ast-site-content-layout":"default","site-content-style":"default","site-sidebar-style":"default","ast-global-header-display":"","ast-banner-title-visibility":"","ast-main-header-display":"","ast-hfb-above-header-display":"","ast-hfb-below-header-display":"","ast-hfb-mobile-header-display":"","site-post-title":"","ast-breadcrumbs-content":"","ast-featured-img":"","footer-sml-layout":"","ast-disable-related-posts":"","theme-transparent-header-meta":"default","adv-header-id-meta":"","stick-header-meta":"","header-above-stick-meta":"","header-main-stick-meta":"","header-below-stick-meta":"","astra-migrate-meta-layouts":"set","ast-page-background-enabled":"default","ast-page-background-meta":{"desktop":{"background-color":"var(--ast-global-color-4)","background-image":"","background-repeat":"repeat","background-position":"center center","background-size":"auto","background-attachment":"scroll","background-type":"","background-media":"","overlay-type":"","overlay-color":"","overlay-opacity":"","overlay-gradient":""},"tablet":{"background-color":"","background-image":"","background-repeat":"repeat","background-position":"center center","background-size":"auto","background-attachment":"scroll","background-type":"","background-media":"","overlay-type":"","overlay-color":"","overlay-opacity":"","overlay-gradient":""},"mobile":{"background-color":"","background-image":"","background-repeat":"repeat","background-position":"center center","background-size":"auto","background-attachment":"scroll","background-type":"","background-media":"","overlay-type":"","overlay-color":"","overlay-opacity":"","overlay-gradient":""}},"ast-content-background-meta":{"desktop":{"background-color":"var(--ast-global-color-5)","background-image":"","background-repeat":"repeat","background-position":"center center","background-size":"auto","background-attachment":"scroll","background-type":"","background-media":"","overlay-type":"","overlay-color":"","overlay-opacity":"","overlay-gradient":""},"tablet":{"background-color":"var(--ast-global-color-5)","background-image":"","background-repeat":"repeat","background-position":"center center","background-size":"auto","background-attachment":"scroll","background-type":"","background-media":"","overlay-type":"","overlay-color":"","overlay-opacity":"","overlay-gradient":""},"mobile":{"background-color":"var(--ast-global-color-5)","background-image":"","background-repeat":"repeat","background-position":"center center","background-size":"auto","background-attachment":"scroll","background-type":"","background-media":"","overlay-type":"","overlay-color":"","overlay-opacity":"","overlay-gradient":""}},"footnotes":""},"categories":[6],"tags":[],"class_list":["post-29674","post","type-post","status-publish","format-aside","has-post-thumbnail","hentry","category-sections","post_format-post-format-aside"],"yoast_head":"<!-- This site is optimized with the Yoast SEO plugin v27.4 - https:\/\/yoast.com\/product\/yoast-seo-wordpress\/ -->\n<title>15 records battus depuis le d\u00e9but de la saison - Janz\u00e9 Athl\u00e9tisme<\/title>\n<meta name=\"robots\" content=\"index, follow, max-snippet:-1, max-image-preview:large, max-video-preview:-1\" \/>\n<link rel=\"canonical\" href=\"https:\/\/janze-athletisme.fr\/wordpress\/15-records-battus-depuis-le-debut-de-la-saison\/\" \/>\n<meta property=\"og:locale\" content=\"fr_FR\" \/>\n<meta property=\"og:type\" content=\"article\" \/>\n<meta property=\"og:title\" content=\"15 records battus depuis le d\u00e9but de la saison - Janz\u00e9 Athl\u00e9tisme\" \/>\n<meta property=\"og:description\" content=\"Records du club au 26 janvier 2026 Manu Estevon compile, saison apr\u00e8s saison, les records du club. Il tient \u00e0 jour les annales et r\u00e9guli\u00e8rement nous fait des points sur les records battus. Depuis quelques ann\u00e9es, il a beaucoup de travail. On se souvient par exemple que l&rsquo;an pass\u00e9, sur la saison 2024-2025, a \u00e9t\u00e9 [&hellip;]\" \/>\n<meta property=\"og:url\" content=\"https:\/\/janze-athletisme.fr\/wordpress\/15-records-battus-depuis-le-debut-de-la-saison\/\" \/>\n<meta property=\"og:site_name\" content=\"Janz\u00e9 Athl\u00e9tisme\" \/>\n<meta property=\"article:publisher\" content=\"https:\/\/www.facebook.com\/groups\/1007964579346590\" \/>\n<meta property=\"article:published_time\" content=\"2026-01-29T21:48:11+00:00\" \/>\n<meta property=\"article:modified_time\" content=\"2026-01-29T21:52:10+00:00\" \/>\n<meta property=\"og:image\" content=\"https:\/\/janze-athletisme.fr\/wordpress\/wp-content\/uploads\/2026\/01\/IMG_9529.jpg\" \/>\n\t<meta property=\"og:image:width\" content=\"1000\" \/>\n\t<meta property=\"og:image:height\" content=\"1000\" \/>\n\t<meta property=\"og:image:type\" content=\"image\/jpeg\" \/>\n<meta name=\"author\" content=\"Laurent Meunier\" \/>\n<meta name=\"twitter:card\" content=\"summary_large_image\" \/>\n<meta name=\"twitter:label1\" content=\"\u00c9crit par\" \/>\n\t<meta name=\"twitter:data1\" content=\"Laurent Meunier\" \/>\n\t<meta name=\"twitter:label2\" content=\"Dur\u00e9e de lecture estim\u00e9e\" \/>\n\t<meta name=\"twitter:data2\" content=\"3 minutes\" \/>\n<script type=\"application\/ld+json\" class=\"yoast-schema-graph\">{\"@context\":\"https:\\\/\\\/schema.org\",\"@graph\":[{\"@type\":\"Article\",\"@id\":\"https:\\\/\\\/janze-athletisme.fr\\\/wordpress\\\/15-records-battus-depuis-le-debut-de-la-saison\\\/#article\",\"isPartOf\":{\"@id\":\"https:\\\/\\\/janze-athletisme.fr\\\/wordpress\\\/15-records-battus-depuis-le-debut-de-la-saison\\\/\"},\"author\":{\"name\":\"Laurent Meunier\",\"@id\":\"https:\\\/\\\/janze-athletisme.fr\\\/wordpress\\\/#\\\/schema\\\/person\\\/c7b063dcfa6234c041d4d9b26cc2ea03\"},\"headline\":\"15 records battus depuis le d\u00e9but de la saison\",\"datePublished\":\"2026-01-29T21:48:11+00:00\",\"dateModified\":\"2026-01-29T21:52:10+00:00\",\"mainEntityOfPage\":{\"@id\":\"https:\\\/\\\/janze-athletisme.fr\\\/wordpress\\\/15-records-battus-depuis-le-debut-de-la-saison\\\/\"},\"wordCount\":249,\"commentCount\":0,\"publisher\":{\"@id\":\"https:\\\/\\\/janze-athletisme.fr\\\/wordpress\\\/#organization\"},\"image\":{\"@id\":\"https:\\\/\\\/janze-athletisme.fr\\\/wordpress\\\/15-records-battus-depuis-le-debut-de-la-saison\\\/#primaryimage\"},\"thumbnailUrl\":\"https:\\\/\\\/janze-athletisme.fr\\\/wordpress\\\/wp-content\\\/uploads\\\/2026\\\/01\\\/IMG_9529.jpg\",\"articleSection\":[\"Le club au jour le jour\"],\"inLanguage\":\"fr-FR\",\"potentialAction\":[{\"@type\":\"CommentAction\",\"name\":\"Comment\",\"target\":[\"https:\\\/\\\/janze-athletisme.fr\\\/wordpress\\\/15-records-battus-depuis-le-debut-de-la-saison\\\/#respond\"]}]},{\"@type\":\"WebPage\",\"@id\":\"https:\\\/\\\/janze-athletisme.fr\\\/wordpress\\\/15-records-battus-depuis-le-debut-de-la-saison\\\/\",\"url\":\"https:\\\/\\\/janze-athletisme.fr\\\/wordpress\\\/15-records-battus-depuis-le-debut-de-la-saison\\\/\",\"name\":\"15 records battus depuis le d\u00e9but de la saison - Janz\u00e9 Athl\u00e9tisme\",\"isPartOf\":{\"@id\":\"https:\\\/\\\/janze-athletisme.fr\\\/wordpress\\\/#website\"},\"primaryImageOfPage\":{\"@id\":\"https:\\\/\\\/janze-athletisme.fr\\\/wordpress\\\/15-records-battus-depuis-le-debut-de-la-saison\\\/#primaryimage\"},\"image\":{\"@id\":\"https:\\\/\\\/janze-athletisme.fr\\\/wordpress\\\/15-records-battus-depuis-le-debut-de-la-saison\\\/#primaryimage\"},\"thumbnailUrl\":\"https:\\\/\\\/janze-athletisme.fr\\\/wordpress\\\/wp-content\\\/uploads\\\/2026\\\/01\\\/IMG_9529.jpg\",\"datePublished\":\"2026-01-29T21:48:11+00:00\",\"dateModified\":\"2026-01-29T21:52:10+00:00\",\"breadcrumb\":{\"@id\":\"https:\\\/\\\/janze-athletisme.fr\\\/wordpress\\\/15-records-battus-depuis-le-debut-de-la-saison\\\/#breadcrumb\"},\"inLanguage\":\"fr-FR\",\"potentialAction\":[{\"@type\":\"ReadAction\",\"target\":[\"https:\\\/\\\/janze-athletisme.fr\\\/wordpress\\\/15-records-battus-depuis-le-debut-de-la-saison\\\/\"]}]},{\"@type\":\"ImageObject\",\"inLanguage\":\"fr-FR\",\"@id\":\"https:\\\/\\\/janze-athletisme.fr\\\/wordpress\\\/15-records-battus-depuis-le-debut-de-la-saison\\\/#primaryimage\",\"url\":\"https:\\\/\\\/janze-athletisme.fr\\\/wordpress\\\/wp-content\\\/uploads\\\/2026\\\/01\\\/IMG_9529.jpg\",\"contentUrl\":\"https:\\\/\\\/janze-athletisme.fr\\\/wordpress\\\/wp-content\\\/uploads\\\/2026\\\/01\\\/IMG_9529.jpg\",\"width\":1000,\"height\":1000},{\"@type\":\"BreadcrumbList\",\"@id\":\"https:\\\/\\\/janze-athletisme.fr\\\/wordpress\\\/15-records-battus-depuis-le-debut-de-la-saison\\\/#breadcrumb\",\"itemListElement\":[{\"@type\":\"ListItem\",\"position\":1,\"name\":\"Accueil\",\"item\":\"https:\\\/\\\/janze-athletisme.fr\\\/wordpress\\\/\"},{\"@type\":\"ListItem\",\"position\":2,\"name\":\"15 records battus depuis le d\u00e9but de la saison\"}]},{\"@type\":\"WebSite\",\"@id\":\"https:\\\/\\\/janze-athletisme.fr\\\/wordpress\\\/#website\",\"url\":\"https:\\\/\\\/janze-athletisme.fr\\\/wordpress\\\/\",\"name\":\"Janz\u00e9 Athl\u00e9tisme\",\"description\":\"Pays de La Roche aux F\u00e9es\",\"publisher\":{\"@id\":\"https:\\\/\\\/janze-athletisme.fr\\\/wordpress\\\/#organization\"},\"potentialAction\":[{\"@type\":\"SearchAction\",\"target\":{\"@type\":\"EntryPoint\",\"urlTemplate\":\"https:\\\/\\\/janze-athletisme.fr\\\/wordpress\\\/?s={search_term_string}\"},\"query-input\":{\"@type\":\"PropertyValueSpecification\",\"valueRequired\":true,\"valueName\":\"search_term_string\"}}],\"inLanguage\":\"fr-FR\"},{\"@type\":\"Organization\",\"@id\":\"https:\\\/\\\/janze-athletisme.fr\\\/wordpress\\\/#organization\",\"name\":\"Janz\u00e9 Athl\u00e9tisme\",\"url\":\"https:\\\/\\\/janze-athletisme.fr\\\/wordpress\\\/\",\"logo\":{\"@type\":\"ImageObject\",\"inLanguage\":\"fr-FR\",\"@id\":\"https:\\\/\\\/janze-athletisme.fr\\\/wordpress\\\/#\\\/schema\\\/logo\\\/image\\\/\",\"url\":\"https:\\\/\\\/janze-athletisme.fr\\\/wordpress\\\/wp-content\\\/uploads\\\/2015\\\/03\\\/logo-full1.jpg\",\"contentUrl\":\"https:\\\/\\\/janze-athletisme.fr\\\/wordpress\\\/wp-content\\\/uploads\\\/2015\\\/03\\\/logo-full1.jpg\",\"width\":437,\"height\":205,\"caption\":\"Janz\u00e9 Athl\u00e9tisme\"},\"image\":{\"@id\":\"https:\\\/\\\/janze-athletisme.fr\\\/wordpress\\\/#\\\/schema\\\/logo\\\/image\\\/\"},\"sameAs\":[\"https:\\\/\\\/www.facebook.com\\\/groups\\\/1007964579346590\"]},{\"@type\":\"Person\",\"@id\":\"https:\\\/\\\/janze-athletisme.fr\\\/wordpress\\\/#\\\/schema\\\/person\\\/c7b063dcfa6234c041d4d9b26cc2ea03\",\"name\":\"Laurent Meunier\",\"image\":{\"@type\":\"ImageObject\",\"inLanguage\":\"fr-FR\",\"@id\":\"https:\\\/\\\/secure.gravatar.com\\\/avatar\\\/dd25d581ad7c3349090f2fa6a9adb6bfa287e6a5dd8a5216a092727cd8749034?s=96&d=mm&r=g\",\"url\":\"https:\\\/\\\/secure.gravatar.com\\\/avatar\\\/dd25d581ad7c3349090f2fa6a9adb6bfa287e6a5dd8a5216a092727cd8749034?s=96&d=mm&r=g\",\"contentUrl\":\"https:\\\/\\\/secure.gravatar.com\\\/avatar\\\/dd25d581ad7c3349090f2fa6a9adb6bfa287e6a5dd8a5216a092727cd8749034?s=96&d=mm&r=g\",\"caption\":\"Laurent Meunier\"},\"url\":\"https:\\\/\\\/janze-athletisme.fr\\\/wordpress\\\/author\\\/laurent-meunier35\\\/\"}]}<\/script>\n<!-- \/ Yoast SEO plugin. -->","yoast_head_json":{"title":"15 records battus depuis le d\u00e9but de la saison - Janz\u00e9 Athl\u00e9tisme","robots":{"index":"index","follow":"follow","max-snippet":"max-snippet:-1","max-image-preview":"max-image-preview:large","max-video-preview":"max-video-preview:-1"},"canonical":"https:\/\/janze-athletisme.fr\/wordpress\/15-records-battus-depuis-le-debut-de-la-saison\/","og_locale":"fr_FR","og_type":"article","og_title":"15 records battus depuis le d\u00e9but de la saison - Janz\u00e9 Athl\u00e9tisme","og_description":"Records du club au 26 janvier 2026 Manu Estevon compile, saison apr\u00e8s saison, les records du club. Il tient \u00e0 jour les annales et r\u00e9guli\u00e8rement nous fait des points sur les records battus. Depuis quelques ann\u00e9es, il a beaucoup de travail. On se souvient par exemple que l&rsquo;an pass\u00e9, sur la saison 2024-2025, a \u00e9t\u00e9 [&hellip;]","og_url":"https:\/\/janze-athletisme.fr\/wordpress\/15-records-battus-depuis-le-debut-de-la-saison\/","og_site_name":"Janz\u00e9 Athl\u00e9tisme","article_publisher":"https:\/\/www.facebook.com\/groups\/1007964579346590","article_published_time":"2026-01-29T21:48:11+00:00","article_modified_time":"2026-01-29T21:52:10+00:00","og_image":[{"width":1000,"height":1000,"url":"https:\/\/janze-athletisme.fr\/wordpress\/wp-content\/uploads\/2026\/01\/IMG_9529.jpg","type":"image\/jpeg"}],"author":"Laurent Meunier","twitter_card":"summary_large_image","twitter_misc":{"\u00c9crit par":"Laurent Meunier","Dur\u00e9e de lecture estim\u00e9e":"3 minutes"},"schema":{"@context":"https:\/\/schema.org","@graph":[{"@type":"Article","@id":"https:\/\/janze-athletisme.fr\/wordpress\/15-records-battus-depuis-le-debut-de-la-saison\/#article","isPartOf":{"@id":"https:\/\/janze-athletisme.fr\/wordpress\/15-records-battus-depuis-le-debut-de-la-saison\/"},"author":{"name":"Laurent Meunier","@id":"https:\/\/janze-athletisme.fr\/wordpress\/#\/schema\/person\/c7b063dcfa6234c041d4d9b26cc2ea03"},"headline":"15 records battus depuis le d\u00e9but de la saison","datePublished":"2026-01-29T21:48:11+00:00","dateModified":"2026-01-29T21:52:10+00:00","mainEntityOfPage":{"@id":"https:\/\/janze-athletisme.fr\/wordpress\/15-records-battus-depuis-le-debut-de-la-saison\/"},"wordCount":249,"commentCount":0,"publisher":{"@id":"https:\/\/janze-athletisme.fr\/wordpress\/#organization"},"image":{"@id":"https:\/\/janze-athletisme.fr\/wordpress\/15-records-battus-depuis-le-debut-de-la-saison\/#primaryimage"},"thumbnailUrl":"https:\/\/janze-athletisme.fr\/wordpress\/wp-content\/uploads\/2026\/01\/IMG_9529.jpg","articleSection":["Le club au jour le jour"],"inLanguage":"fr-FR","potentialAction":[{"@type":"CommentAction","name":"Comment","target":["https:\/\/janze-athletisme.fr\/wordpress\/15-records-battus-depuis-le-debut-de-la-saison\/#respond"]}]},{"@type":"WebPage","@id":"https:\/\/janze-athletisme.fr\/wordpress\/15-records-battus-depuis-le-debut-de-la-saison\/","url":"https:\/\/janze-athletisme.fr\/wordpress\/15-records-battus-depuis-le-debut-de-la-saison\/","name":"15 records battus depuis le d\u00e9but de la saison - Janz\u00e9 Athl\u00e9tisme","isPartOf":{"@id":"https:\/\/janze-athletisme.fr\/wordpress\/#website"},"primaryImageOfPage":{"@id":"https:\/\/janze-athletisme.fr\/wordpress\/15-records-battus-depuis-le-debut-de-la-saison\/#primaryimage"},"image":{"@id":"https:\/\/janze-athletisme.fr\/wordpress\/15-records-battus-depuis-le-debut-de-la-saison\/#primaryimage"},"thumbnailUrl":"https:\/\/janze-athletisme.fr\/wordpress\/wp-content\/uploads\/2026\/01\/IMG_9529.jpg","datePublished":"2026-01-29T21:48:11+00:00","dateModified":"2026-01-29T21:52:10+00:00","breadcrumb":{"@id":"https:\/\/janze-athletisme.fr\/wordpress\/15-records-battus-depuis-le-debut-de-la-saison\/#breadcrumb"},"inLanguage":"fr-FR","potentialAction":[{"@type":"ReadAction","target":["https:\/\/janze-athletisme.fr\/wordpress\/15-records-battus-depuis-le-debut-de-la-saison\/"]}]},{"@type":"ImageObject","inLanguage":"fr-FR","@id":"https:\/\/janze-athletisme.fr\/wordpress\/15-records-battus-depuis-le-debut-de-la-saison\/#primaryimage","url":"https:\/\/janze-athletisme.fr\/wordpress\/wp-content\/uploads\/2026\/01\/IMG_9529.jpg","contentUrl":"https:\/\/janze-athletisme.fr\/wordpress\/wp-content\/uploads\/2026\/01\/IMG_9529.jpg","width":1000,"height":1000},{"@type":"BreadcrumbList","@id":"https:\/\/janze-athletisme.fr\/wordpress\/15-records-battus-depuis-le-debut-de-la-saison\/#breadcrumb","itemListElement":[{"@type":"ListItem","position":1,"name":"Accueil","item":"https:\/\/janze-athletisme.fr\/wordpress\/"},{"@type":"ListItem","position":2,"name":"15 records battus depuis le d\u00e9but de la saison"}]},{"@type":"WebSite","@id":"https:\/\/janze-athletisme.fr\/wordpress\/#website","url":"https:\/\/janze-athletisme.fr\/wordpress\/","name":"Janz\u00e9 Athl\u00e9tisme","description":"Pays de La Roche aux F\u00e9es","publisher":{"@id":"https:\/\/janze-athletisme.fr\/wordpress\/#organization"},"potentialAction":[{"@type":"SearchAction","target":{"@type":"EntryPoint","urlTemplate":"https:\/\/janze-athletisme.fr\/wordpress\/?s={search_term_string}"},"query-input":{"@type":"PropertyValueSpecification","valueRequired":true,"valueName":"search_term_string"}}],"inLanguage":"fr-FR"},{"@type":"Organization","@id":"https:\/\/janze-athletisme.fr\/wordpress\/#organization","name":"Janz\u00e9 Athl\u00e9tisme","url":"https:\/\/janze-athletisme.fr\/wordpress\/","logo":{"@type":"ImageObject","inLanguage":"fr-FR","@id":"https:\/\/janze-athletisme.fr\/wordpress\/#\/schema\/logo\/image\/","url":"https:\/\/janze-athletisme.fr\/wordpress\/wp-content\/uploads\/2015\/03\/logo-full1.jpg","contentUrl":"https:\/\/janze-athletisme.fr\/wordpress\/wp-content\/uploads\/2015\/03\/logo-full1.jpg","width":437,"height":205,"caption":"Janz\u00e9 Athl\u00e9tisme"},"image":{"@id":"https:\/\/janze-athletisme.fr\/wordpress\/#\/schema\/logo\/image\/"},"sameAs":["https:\/\/www.facebook.com\/groups\/1007964579346590"]},{"@type":"Person","@id":"https:\/\/janze-athletisme.fr\/wordpress\/#\/schema\/person\/c7b063dcfa6234c041d4d9b26cc2ea03","name":"Laurent Meunier","image":{"@type":"ImageObject","inLanguage":"fr-FR","@id":"https:\/\/secure.gravatar.com\/avatar\/dd25d581ad7c3349090f2fa6a9adb6bfa287e6a5dd8a5216a092727cd8749034?s=96&d=mm&r=g","url":"https:\/\/secure.gravatar.com\/avatar\/dd25d581ad7c3349090f2fa6a9adb6bfa287e6a5dd8a5216a092727cd8749034?s=96&d=mm&r=g","contentUrl":"https:\/\/secure.gravatar.com\/avatar\/dd25d581ad7c3349090f2fa6a9adb6bfa287e6a5dd8a5216a092727cd8749034?s=96&d=mm&r=g","caption":"Laurent Meunier"},"url":"https:\/\/janze-athletisme.fr\/wordpress\/author\/laurent-meunier35\/"}]}},"uagb_featured_image_src":{"full":["https:\/\/janze-athletisme.fr\/wordpress\/wp-content\/uploads\/2026\/01\/IMG_9529.jpg",1000,1000,false],"thumbnail":["https:\/\/janze-athletisme.fr\/wordpress\/wp-content\/uploads\/2026\/01\/IMG_9529-150x150.jpg",150,150,true],"medium":["https:\/\/janze-athletisme.fr\/wordpress\/wp-content\/uploads\/2026\/01\/IMG_9529-300x300.jpg",300,300,true],"medium_large":["https:\/\/janze-athletisme.fr\/wordpress\/wp-content\/uploads\/2026\/01\/IMG_9529-768x768.jpg",768,768,true],"large":["https:\/\/janze-athletisme.fr\/wordpress\/wp-content\/uploads\/2026\/01\/IMG_9529.jpg",1000,1000,false],"1536x1536":["https:\/\/janze-athletisme.fr\/wordpress\/wp-content\/uploads\/2026\/01\/IMG_9529.jpg",1000,1000,false],"2048x2048":["https:\/\/janze-athletisme.fr\/wordpress\/wp-content\/uploads\/2026\/01\/IMG_9529.jpg",1000,1000,false]},"uagb_author_info":{"display_name":"Laurent Meunier","author_link":"https:\/\/janze-athletisme.fr\/wordpress\/author\/laurent-meunier35\/"},"uagb_comment_info":0,"uagb_excerpt":"Records du club au 26 janvier 2026 Manu Estevon compile, saison apr\u00e8s saison, les records du club. Il tient \u00e0 jour les annales et r\u00e9guli\u00e8rement nous fait des points sur les records battus. Depuis quelques ann\u00e9es, il a beaucoup de travail. On se souvient par exemple que l&rsquo;an pass\u00e9, sur la saison 2024-2025, a \u00e9t\u00e9\u2026","_links":{"self":[{"href":"https:\/\/janze-athletisme.fr\/wordpress\/wp-json\/wp\/v2\/posts\/29674","targetHints":{"allow":["GET"]}}],"collection":[{"href":"https:\/\/janze-athletisme.fr\/wordpress\/wp-json\/wp\/v2\/posts"}],"about":[{"href":"https:\/\/janze-athletisme.fr\/wordpress\/wp-json\/wp\/v2\/types\/post"}],"author":[{"embeddable":true,"href":"https:\/\/janze-athletisme.fr\/wordpress\/wp-json\/wp\/v2\/users\/12"}],"replies":[{"embeddable":true,"href":"https:\/\/janze-athletisme.fr\/wordpress\/wp-json\/wp\/v2\/comments?post=29674"}],"version-history":[{"count":3,"href":"https:\/\/janze-athletisme.fr\/wordpress\/wp-json\/wp\/v2\/posts\/29674\/revisions"}],"predecessor-version":[{"id":29683,"href":"https:\/\/janze-athletisme.fr\/wordpress\/wp-json\/wp\/v2\/posts\/29674\/revisions\/29683"}],"wp:featuredmedia":[{"embeddable":true,"href":"https:\/\/janze-athletisme.fr\/wordpress\/wp-json\/wp\/v2\/media\/29676"}],"wp:attachment":[{"href":"https:\/\/janze-athletisme.fr\/wordpress\/wp-json\/wp\/v2\/media?parent=29674"}],"wp:term":[{"taxonomy":"category","embeddable":true,"href":"https:\/\/janze-athletisme.fr\/wordpress\/wp-json\/wp\/v2\/categories?post=29674"},{"taxonomy":"post_tag","embeddable":true,"href":"https:\/\/janze-athletisme.fr\/wordpress\/wp-json\/wp\/v2\/tags?post=29674"}],"curies":[{"name":"wp","href":"https:\/\/api.w.org\/{rel}","templated":true}]}}