{"id":29660,"date":"2026-01-28T22:56:18","date_gmt":"2026-01-28T21:56:18","guid":{"rendered":"https:\/\/janze-athletisme.fr\/wordpress\/?p=29660"},"modified":"2026-01-29T23:45:15","modified_gmt":"2026-01-29T22:45:15","slug":"58-inscrits-de-leac-pour-le-championnat-de-bretagne-de-cross-a-carnac","status":"publish","type":"post","link":"https:\/\/janze-athletisme.fr\/wordpress\/58-inscrits-de-leac-pour-le-championnat-de-bretagne-de-cross-a-carnac\/","title":{"rendered":"58 inscrits de l&rsquo;EAC pour le championnat de Bretagne de cross \u00e0 Carnac"},"content":{"rendered":"<div>\n<p><strong><span style=\"font-family: verdana, geneva, sans-serif;font-size: 18pt\">Championnat de Bretagne de cross, Carnac, dimanche 1er f\u00e9vrier<\/span><\/strong><\/p>\n<\/div>\n<div><strong><span style=\"font-family: verdana, geneva, sans-serif;font-size: 12pt\">BENJAMINES<\/span><\/strong><\/div>\n<div><span style=\"font-family: verdana, geneva, sans-serif;font-size: 12pt\"><strong>Cl\u00e9mentine<\/strong> Caillaud, <strong>Ema<\/strong> Lemi\u00e8re<\/span><\/div>\n<div><strong><span style=\"font-family: verdana, geneva, sans-serif;font-size: 12pt\">CADETTES<\/span><\/strong><\/div>\n<div><span style=\"font-family: verdana, geneva, sans-serif;font-size: 12pt\">Emeline Briens, <strong>Camille<\/strong> Danet, <strong>Rose<\/strong> Meyer-Blanchot, <strong>Louna<\/strong> Perrin, Juliette Sutter<\/span><\/div>\n<div><strong><span style=\"font-family: verdana, geneva, sans-serif;font-size: 12pt\">CROSS COURT F<\/span><\/strong><\/div>\n<div><span style=\"font-family: verdana, geneva, sans-serif;font-size: 12pt\">Tiphanie Lecomte<\/span><\/div>\n<div><strong><span style=\"font-family: verdana, geneva, sans-serif;font-size: 12pt\">CROSS LONG F<\/span><\/strong><\/div>\n<div><span style=\"font-family: verdana, geneva, sans-serif;font-size: 12pt\">Virginie Balluet, Sol\u00e8ne Cerclet, <strong>C\u00e9line<\/strong> Hazard, Elsa Mah\u00e9, Agathe Michel<\/span><\/div>\n<div><strong><span style=\"font-family: verdana, geneva, sans-serif;font-size: 12pt\">JUNIORS FILLES<\/span><\/strong><\/div>\n<div><span style=\"font-family: verdana, geneva, sans-serif;font-size: 12pt\"><strong>Lucie<\/strong> Gadby, <strong>Bertille<\/strong> Louaisil, <strong>Faustine<\/strong> Louaisil, <strong>Jeanne<\/strong> Richard, <strong>L\u00e9a<\/strong> Robert<\/span><\/div>\n<div><strong><span style=\"font-family: verdana, geneva, sans-serif;font-size: 12pt\">MINIMES FILLES<\/span><\/strong><\/div>\n<div><span style=\"font-family: verdana, geneva, sans-serif;font-size: 12pt\"><strong>Kessy<\/strong> Brillet, Anna Lindrec, Rose Mah\u00e9, <strong>Nina<\/strong> Rocher<\/span><\/div>\n<div><strong><span style=\"font-family: verdana, geneva, sans-serif;font-size: 12pt\">BENJAMINS<\/span><\/strong><\/div>\n<div><span style=\"font-family: verdana, geneva, sans-serif;font-size: 12pt\"><strong>Antonin<\/strong> Heinry<\/span><\/div>\n<div><strong><span style=\"font-family: verdana, geneva, sans-serif;font-size: 12pt\">CADETS<\/span><\/strong><\/div>\n<div><span style=\"font-family: verdana, geneva, sans-serif;font-size: 12pt\"><strong>Ewen<\/strong> Caillaud, Noah Delahaye, <strong>Mathys<\/strong> Riot, <strong>Gabin<\/strong> Roussel<\/span><\/div>\n<div><strong><span style=\"font-family: verdana, geneva, sans-serif;font-size: 12pt\">CROSS COURT H<\/span><\/strong><\/div>\n<div><span style=\"font-family: verdana, geneva, sans-serif;font-size: 12pt\"><strong>Micka\u00ebl<\/strong> Balluet, Alexandre Berger, <strong>Gildas<\/strong> Bonnier, <strong>Dylan<\/strong> Deniau, <strong>Julien<\/strong> Godet, <strong>Mathieu<\/strong> Henry, <strong>Jean-Marie<\/strong> Jouzel, <strong>Romain<\/strong> Le Goff, <strong>Lo\u00efc<\/strong> Someil<\/span><\/div>\n<div><strong><span style=\"font-family: verdana, geneva, sans-serif;font-size: 12pt\">CROSS LONG H<\/span><\/strong><\/div>\n<div><span style=\"font-family: verdana, geneva, sans-serif;font-size: 12pt\"><strong>Paul<\/strong> Azuelos, Pierre-Xavier Bouvier, <strong>Fred<\/strong> Breut, <strong>Mathis<\/strong> Houssais, S\u00e9bastien Kern\u00e9\u00efs, <strong>Donovan<\/strong> Rouxel<\/span><\/div>\n<div><strong><span style=\"font-family: verdana, geneva, sans-serif;font-size: 12pt\">JUNIORS HOMMES<\/span><\/strong><\/div>\n<div><span style=\"font-family: verdana, geneva, sans-serif;font-size: 12pt\"><strong>Noah<\/strong> Barill\u00e9, <strong>Emilio<\/strong> Berthou, <strong>T\u00e9o<\/strong> Bonnier, <strong>Rapha\u00ebl<\/strong> Bou\u00e9<\/span><\/div>\n<div><strong><span style=\"font-family: verdana, geneva, sans-serif;font-size: 12pt\">MASTERS<\/span><\/strong><\/div>\n<div><span style=\"font-family: verdana, geneva, sans-serif;font-size: 12pt\">Samuel Bergeon, <strong>Denis<\/strong> Caillaud, <strong>Sliman<\/strong> Habis, Cyrille Jolivel, Fabien Letort, <strong>Micka\u00ebl<\/strong> Piquet, <strong>Julien<\/strong> Roussel<\/span><\/div>\n<div><strong><span style=\"font-family: verdana, geneva, sans-serif;font-size: 12pt\">MINIMES HOMMES<\/span><\/strong><\/div>\n<div><span style=\"font-family: verdana, geneva, sans-serif;font-size: 12pt\"><strong>Paul<\/strong> Bourgault, <strong>Eliott<\/strong> Giroult, <strong>Lucas<\/strong> Guiheux, L\u00e9o Letort, <strong>Kelyan<\/strong> Rooy.<\/span><\/div>\n<div><\/div>\n<div>\n<table style=\"width: 34.6657%;border-collapse: collapse;border-style: dashed;border-color: #bf7b28;background-color: #edda2d\">\n<tbody>\n<tr>\n<td style=\"width: 11.749%\"><em><span style=\"font-family: verdana, geneva, sans-serif;font-size: 12pt\"><strong>Janz\u00e9<\/strong> = 41<\/span><\/em><\/td>\n<td style=\"width: 11.749%\"><em><span style=\"font-family: verdana, geneva, sans-serif;font-size: 12pt\">Cesson = 9<\/span><\/em><\/td>\n<td style=\"width: 11.1676%\"><em><span style=\"font-family: verdana, geneva, sans-serif;font-size: 12pt\">Bain = 8<\/span><\/em><\/td>\n<\/tr>\n<\/tbody>\n<\/table>\n<\/div>\n<div><em><span style=\"font-family: verdana, geneva, sans-serif;font-size: 12pt\">Les horaires et le parcours :<\/span><\/em><\/div>\n<div><\/div>\n<div><a href=\"https:\/\/janze-athletisme.fr\/wordpress\/wp-content\/uploads\/2026\/01\/Horaires.png\"><img loading=\"lazy\" decoding=\"async\" class=\"alignnone wp-image-29662\" src=\"https:\/\/janze-athletisme.fr\/wordpress\/wp-content\/uploads\/2026\/01\/Horaires-244x300.png\" alt=\"\" width=\"390\" height=\"480\" srcset=\"https:\/\/janze-athletisme.fr\/wordpress\/wp-content\/uploads\/2026\/01\/Horaires-244x300.png 244w, https:\/\/janze-athletisme.fr\/wordpress\/wp-content\/uploads\/2026\/01\/Horaires.png 746w\" sizes=\"auto, (max-width: 390px) 100vw, 390px\" \/><\/a> \u00a0<a href=\"https:\/\/janze-athletisme.fr\/wordpress\/wp-content\/uploads\/2026\/01\/Parcours-bis.png\"><img loading=\"lazy\" decoding=\"async\" class=\"alignnone wp-image-29664\" src=\"https:\/\/janze-athletisme.fr\/wordpress\/wp-content\/uploads\/2026\/01\/Parcours-bis-212x300.png\" alt=\"\" width=\"344\" height=\"487\" srcset=\"https:\/\/janze-athletisme.fr\/wordpress\/wp-content\/uploads\/2026\/01\/Parcours-bis-212x300.png 212w, https:\/\/janze-athletisme.fr\/wordpress\/wp-content\/uploads\/2026\/01\/Parcours-bis.png 663w\" sizes=\"auto, (max-width: 344px) 100vw, 344px\" \/><\/a><\/div>\n","protected":false},"excerpt":{"rendered":"<p>Championnat de Bretagne de cross, Carnac, dimanche 1er f\u00e9vrier BENJAMINES Cl\u00e9mentine Caillaud, Ema Lemi\u00e8re CADETTES Emeline Briens, Camille Danet, Rose Meyer-Blanchot, Louna Perrin, Juliette Sutter CROSS COURT F Tiphanie Lecomte CROSS LONG F Virginie Balluet, Sol\u00e8ne Cerclet, C\u00e9line Hazard, Elsa Mah\u00e9, Agathe Michel JUNIORS FILLES Lucie Gadby, Bertille Louaisil, Faustine Louaisil, Jeanne Richard, L\u00e9a Robert [&hellip;]<\/p>\n","protected":false},"author":12,"featured_media":29667,"comment_status":"open","ping_status":"open","sticky":false,"template":"","format":"aside","meta":{"_uag_custom_page_level_css":"","site-sidebar-layout":"default","site-content-layout":"","ast-site-content-layout":"default","site-content-style":"default","site-sidebar-style":"default","ast-global-header-display":"","ast-banner-title-visibility":"","ast-main-header-display":"","ast-hfb-above-header-display":"","ast-hfb-below-header-display":"","ast-hfb-mobile-header-display":"","site-post-title":"","ast-breadcrumbs-content":"","ast-featured-img":"","footer-sml-layout":"","ast-disable-related-posts":"","theme-transparent-header-meta":"default","adv-header-id-meta":"","stick-header-meta":"","header-above-stick-meta":"","header-main-stick-meta":"","header-below-stick-meta":"","astra-migrate-meta-layouts":"set","ast-page-background-enabled":"default","ast-page-background-meta":{"desktop":{"background-color":"var(--ast-global-color-4)","background-image":"","background-repeat":"repeat","background-position":"center center","background-size":"auto","background-attachment":"scroll","background-type":"","background-media":"","overlay-type":"","overlay-color":"","overlay-opacity":"","overlay-gradient":""},"tablet":{"background-color":"","background-image":"","background-repeat":"repeat","background-position":"center center","background-size":"auto","background-attachment":"scroll","background-type":"","background-media":"","overlay-type":"","overlay-color":"","overlay-opacity":"","overlay-gradient":""},"mobile":{"background-color":"","background-image":"","background-repeat":"repeat","background-position":"center center","background-size":"auto","background-attachment":"scroll","background-type":"","background-media":"","overlay-type":"","overlay-color":"","overlay-opacity":"","overlay-gradient":""}},"ast-content-background-meta":{"desktop":{"background-color":"var(--ast-global-color-5)","background-image":"","background-repeat":"repeat","background-position":"center center","background-size":"auto","background-attachment":"scroll","background-type":"","background-media":"","overlay-type":"","overlay-color":"","overlay-opacity":"","overlay-gradient":""},"tablet":{"background-color":"var(--ast-global-color-5)","background-image":"","background-repeat":"repeat","background-position":"center center","background-size":"auto","background-attachment":"scroll","background-type":"","background-media":"","overlay-type":"","overlay-color":"","overlay-opacity":"","overlay-gradient":""},"mobile":{"background-color":"var(--ast-global-color-5)","background-image":"","background-repeat":"repeat","background-position":"center center","background-size":"auto","background-attachment":"scroll","background-type":"","background-media":"","overlay-type":"","overlay-color":"","overlay-opacity":"","overlay-gradient":""}},"footnotes":""},"categories":[6],"tags":[],"class_list":["post-29660","post","type-post","status-publish","format-aside","has-post-thumbnail","hentry","category-sections","post_format-post-format-aside"],"yoast_head":"<!-- This site is optimized with the Yoast SEO plugin v27.4 - https:\/\/yoast.com\/product\/yoast-seo-wordpress\/ -->\n<title>58 inscrits de l&#039;EAC pour le championnat de Bretagne de cross \u00e0 Carnac - Janz\u00e9 Athl\u00e9tisme<\/title>\n<meta name=\"robots\" content=\"index, follow, max-snippet:-1, max-image-preview:large, max-video-preview:-1\" \/>\n<link rel=\"canonical\" href=\"https:\/\/janze-athletisme.fr\/wordpress\/58-inscrits-de-leac-pour-le-championnat-de-bretagne-de-cross-a-carnac\/\" \/>\n<meta property=\"og:locale\" content=\"fr_FR\" \/>\n<meta property=\"og:type\" content=\"article\" \/>\n<meta property=\"og:title\" content=\"58 inscrits de l&#039;EAC pour le championnat de Bretagne de cross \u00e0 Carnac - Janz\u00e9 Athl\u00e9tisme\" \/>\n<meta property=\"og:description\" content=\"Championnat de Bretagne de cross, Carnac, dimanche 1er f\u00e9vrier BENJAMINES Cl\u00e9mentine Caillaud, Ema Lemi\u00e8re CADETTES Emeline Briens, Camille Danet, Rose Meyer-Blanchot, Louna Perrin, Juliette Sutter CROSS COURT F Tiphanie Lecomte CROSS LONG F Virginie Balluet, Sol\u00e8ne Cerclet, C\u00e9line Hazard, Elsa Mah\u00e9, Agathe Michel JUNIORS FILLES Lucie Gadby, Bertille Louaisil, Faustine Louaisil, Jeanne Richard, L\u00e9a Robert [&hellip;]\" \/>\n<meta property=\"og:url\" content=\"https:\/\/janze-athletisme.fr\/wordpress\/58-inscrits-de-leac-pour-le-championnat-de-bretagne-de-cross-a-carnac\/\" \/>\n<meta property=\"og:site_name\" content=\"Janz\u00e9 Athl\u00e9tisme\" \/>\n<meta property=\"article:publisher\" content=\"https:\/\/www.facebook.com\/groups\/1007964579346590\" \/>\n<meta property=\"article:published_time\" content=\"2026-01-28T21:56:18+00:00\" \/>\n<meta property=\"article:modified_time\" content=\"2026-01-29T22:45:15+00:00\" \/>\n<meta property=\"og:image\" content=\"https:\/\/janze-athletisme.fr\/wordpress\/wp-content\/uploads\/2026\/01\/Mathis-Houssais-18janv2026-5.jpg\" \/>\n\t<meta property=\"og:image:width\" content=\"1000\" \/>\n\t<meta property=\"og:image:height\" content=\"1000\" \/>\n\t<meta property=\"og:image:type\" content=\"image\/jpeg\" \/>\n<meta name=\"author\" content=\"Laurent Meunier\" \/>\n<meta name=\"twitter:card\" content=\"summary_large_image\" \/>\n<meta name=\"twitter:label1\" content=\"\u00c9crit par\" \/>\n\t<meta name=\"twitter:data1\" content=\"Laurent Meunier\" \/>\n\t<meta name=\"twitter:label2\" content=\"Dur\u00e9e de lecture estim\u00e9e\" \/>\n\t<meta name=\"twitter:data2\" content=\"2 minutes\" \/>\n<script type=\"application\/ld+json\" class=\"yoast-schema-graph\">{\"@context\":\"https:\\\/\\\/schema.org\",\"@graph\":[{\"@type\":\"Article\",\"@id\":\"https:\\\/\\\/janze-athletisme.fr\\\/wordpress\\\/58-inscrits-de-leac-pour-le-championnat-de-bretagne-de-cross-a-carnac\\\/#article\",\"isPartOf\":{\"@id\":\"https:\\\/\\\/janze-athletisme.fr\\\/wordpress\\\/58-inscrits-de-leac-pour-le-championnat-de-bretagne-de-cross-a-carnac\\\/\"},\"author\":{\"name\":\"Laurent Meunier\",\"@id\":\"https:\\\/\\\/janze-athletisme.fr\\\/wordpress\\\/#\\\/schema\\\/person\\\/c7b063dcfa6234c041d4d9b26cc2ea03\"},\"headline\":\"58 inscrits de l&rsquo;EAC pour le championnat de Bretagne de cross \u00e0 Carnac\",\"datePublished\":\"2026-01-28T21:56:18+00:00\",\"dateModified\":\"2026-01-29T22:45:15+00:00\",\"mainEntityOfPage\":{\"@id\":\"https:\\\/\\\/janze-athletisme.fr\\\/wordpress\\\/58-inscrits-de-leac-pour-le-championnat-de-bretagne-de-cross-a-carnac\\\/\"},\"wordCount\":185,\"commentCount\":0,\"publisher\":{\"@id\":\"https:\\\/\\\/janze-athletisme.fr\\\/wordpress\\\/#organization\"},\"image\":{\"@id\":\"https:\\\/\\\/janze-athletisme.fr\\\/wordpress\\\/58-inscrits-de-leac-pour-le-championnat-de-bretagne-de-cross-a-carnac\\\/#primaryimage\"},\"thumbnailUrl\":\"https:\\\/\\\/janze-athletisme.fr\\\/wordpress\\\/wp-content\\\/uploads\\\/2026\\\/01\\\/Mathis-Houssais-18janv2026-5.jpg\",\"articleSection\":[\"Le club au jour le jour\"],\"inLanguage\":\"fr-FR\",\"potentialAction\":[{\"@type\":\"CommentAction\",\"name\":\"Comment\",\"target\":[\"https:\\\/\\\/janze-athletisme.fr\\\/wordpress\\\/58-inscrits-de-leac-pour-le-championnat-de-bretagne-de-cross-a-carnac\\\/#respond\"]}]},{\"@type\":\"WebPage\",\"@id\":\"https:\\\/\\\/janze-athletisme.fr\\\/wordpress\\\/58-inscrits-de-leac-pour-le-championnat-de-bretagne-de-cross-a-carnac\\\/\",\"url\":\"https:\\\/\\\/janze-athletisme.fr\\\/wordpress\\\/58-inscrits-de-leac-pour-le-championnat-de-bretagne-de-cross-a-carnac\\\/\",\"name\":\"58 inscrits de l'EAC pour le championnat de Bretagne de cross \u00e0 Carnac - Janz\u00e9 Athl\u00e9tisme\",\"isPartOf\":{\"@id\":\"https:\\\/\\\/janze-athletisme.fr\\\/wordpress\\\/#website\"},\"primaryImageOfPage\":{\"@id\":\"https:\\\/\\\/janze-athletisme.fr\\\/wordpress\\\/58-inscrits-de-leac-pour-le-championnat-de-bretagne-de-cross-a-carnac\\\/#primaryimage\"},\"image\":{\"@id\":\"https:\\\/\\\/janze-athletisme.fr\\\/wordpress\\\/58-inscrits-de-leac-pour-le-championnat-de-bretagne-de-cross-a-carnac\\\/#primaryimage\"},\"thumbnailUrl\":\"https:\\\/\\\/janze-athletisme.fr\\\/wordpress\\\/wp-content\\\/uploads\\\/2026\\\/01\\\/Mathis-Houssais-18janv2026-5.jpg\",\"datePublished\":\"2026-01-28T21:56:18+00:00\",\"dateModified\":\"2026-01-29T22:45:15+00:00\",\"breadcrumb\":{\"@id\":\"https:\\\/\\\/janze-athletisme.fr\\\/wordpress\\\/58-inscrits-de-leac-pour-le-championnat-de-bretagne-de-cross-a-carnac\\\/#breadcrumb\"},\"inLanguage\":\"fr-FR\",\"potentialAction\":[{\"@type\":\"ReadAction\",\"target\":[\"https:\\\/\\\/janze-athletisme.fr\\\/wordpress\\\/58-inscrits-de-leac-pour-le-championnat-de-bretagne-de-cross-a-carnac\\\/\"]}]},{\"@type\":\"ImageObject\",\"inLanguage\":\"fr-FR\",\"@id\":\"https:\\\/\\\/janze-athletisme.fr\\\/wordpress\\\/58-inscrits-de-leac-pour-le-championnat-de-bretagne-de-cross-a-carnac\\\/#primaryimage\",\"url\":\"https:\\\/\\\/janze-athletisme.fr\\\/wordpress\\\/wp-content\\\/uploads\\\/2026\\\/01\\\/Mathis-Houssais-18janv2026-5.jpg\",\"contentUrl\":\"https:\\\/\\\/janze-athletisme.fr\\\/wordpress\\\/wp-content\\\/uploads\\\/2026\\\/01\\\/Mathis-Houssais-18janv2026-5.jpg\",\"width\":1000,\"height\":1000},{\"@type\":\"BreadcrumbList\",\"@id\":\"https:\\\/\\\/janze-athletisme.fr\\\/wordpress\\\/58-inscrits-de-leac-pour-le-championnat-de-bretagne-de-cross-a-carnac\\\/#breadcrumb\",\"itemListElement\":[{\"@type\":\"ListItem\",\"position\":1,\"name\":\"Accueil\",\"item\":\"https:\\\/\\\/janze-athletisme.fr\\\/wordpress\\\/\"},{\"@type\":\"ListItem\",\"position\":2,\"name\":\"58 inscrits de l&rsquo;EAC pour le championnat de Bretagne de cross \u00e0 Carnac\"}]},{\"@type\":\"WebSite\",\"@id\":\"https:\\\/\\\/janze-athletisme.fr\\\/wordpress\\\/#website\",\"url\":\"https:\\\/\\\/janze-athletisme.fr\\\/wordpress\\\/\",\"name\":\"Janz\u00e9 Athl\u00e9tisme\",\"description\":\"Pays de La Roche aux F\u00e9es\",\"publisher\":{\"@id\":\"https:\\\/\\\/janze-athletisme.fr\\\/wordpress\\\/#organization\"},\"potentialAction\":[{\"@type\":\"SearchAction\",\"target\":{\"@type\":\"EntryPoint\",\"urlTemplate\":\"https:\\\/\\\/janze-athletisme.fr\\\/wordpress\\\/?s={search_term_string}\"},\"query-input\":{\"@type\":\"PropertyValueSpecification\",\"valueRequired\":true,\"valueName\":\"search_term_string\"}}],\"inLanguage\":\"fr-FR\"},{\"@type\":\"Organization\",\"@id\":\"https:\\\/\\\/janze-athletisme.fr\\\/wordpress\\\/#organization\",\"name\":\"Janz\u00e9 Athl\u00e9tisme\",\"url\":\"https:\\\/\\\/janze-athletisme.fr\\\/wordpress\\\/\",\"logo\":{\"@type\":\"ImageObject\",\"inLanguage\":\"fr-FR\",\"@id\":\"https:\\\/\\\/janze-athletisme.fr\\\/wordpress\\\/#\\\/schema\\\/logo\\\/image\\\/\",\"url\":\"https:\\\/\\\/janze-athletisme.fr\\\/wordpress\\\/wp-content\\\/uploads\\\/2015\\\/03\\\/logo-full1.jpg\",\"contentUrl\":\"https:\\\/\\\/janze-athletisme.fr\\\/wordpress\\\/wp-content\\\/uploads\\\/2015\\\/03\\\/logo-full1.jpg\",\"width\":437,\"height\":205,\"caption\":\"Janz\u00e9 Athl\u00e9tisme\"},\"image\":{\"@id\":\"https:\\\/\\\/janze-athletisme.fr\\\/wordpress\\\/#\\\/schema\\\/logo\\\/image\\\/\"},\"sameAs\":[\"https:\\\/\\\/www.facebook.com\\\/groups\\\/1007964579346590\"]},{\"@type\":\"Person\",\"@id\":\"https:\\\/\\\/janze-athletisme.fr\\\/wordpress\\\/#\\\/schema\\\/person\\\/c7b063dcfa6234c041d4d9b26cc2ea03\",\"name\":\"Laurent Meunier\",\"image\":{\"@type\":\"ImageObject\",\"inLanguage\":\"fr-FR\",\"@id\":\"https:\\\/\\\/secure.gravatar.com\\\/avatar\\\/dd25d581ad7c3349090f2fa6a9adb6bfa287e6a5dd8a5216a092727cd8749034?s=96&d=mm&r=g\",\"url\":\"https:\\\/\\\/secure.gravatar.com\\\/avatar\\\/dd25d581ad7c3349090f2fa6a9adb6bfa287e6a5dd8a5216a092727cd8749034?s=96&d=mm&r=g\",\"contentUrl\":\"https:\\\/\\\/secure.gravatar.com\\\/avatar\\\/dd25d581ad7c3349090f2fa6a9adb6bfa287e6a5dd8a5216a092727cd8749034?s=96&d=mm&r=g\",\"caption\":\"Laurent Meunier\"},\"url\":\"https:\\\/\\\/janze-athletisme.fr\\\/wordpress\\\/author\\\/laurent-meunier35\\\/\"}]}<\/script>\n<!-- \/ Yoast SEO plugin. -->","yoast_head_json":{"title":"58 inscrits de l'EAC pour le championnat de Bretagne de cross \u00e0 Carnac - Janz\u00e9 Athl\u00e9tisme","robots":{"index":"index","follow":"follow","max-snippet":"max-snippet:-1","max-image-preview":"max-image-preview:large","max-video-preview":"max-video-preview:-1"},"canonical":"https:\/\/janze-athletisme.fr\/wordpress\/58-inscrits-de-leac-pour-le-championnat-de-bretagne-de-cross-a-carnac\/","og_locale":"fr_FR","og_type":"article","og_title":"58 inscrits de l'EAC pour le championnat de Bretagne de cross \u00e0 Carnac - Janz\u00e9 Athl\u00e9tisme","og_description":"Championnat de Bretagne de cross, Carnac, dimanche 1er f\u00e9vrier BENJAMINES Cl\u00e9mentine Caillaud, Ema Lemi\u00e8re CADETTES Emeline Briens, Camille Danet, Rose Meyer-Blanchot, Louna Perrin, Juliette Sutter CROSS COURT F Tiphanie Lecomte CROSS LONG F Virginie Balluet, Sol\u00e8ne Cerclet, C\u00e9line Hazard, Elsa Mah\u00e9, Agathe Michel JUNIORS FILLES Lucie Gadby, Bertille Louaisil, Faustine Louaisil, Jeanne Richard, L\u00e9a Robert [&hellip;]","og_url":"https:\/\/janze-athletisme.fr\/wordpress\/58-inscrits-de-leac-pour-le-championnat-de-bretagne-de-cross-a-carnac\/","og_site_name":"Janz\u00e9 Athl\u00e9tisme","article_publisher":"https:\/\/www.facebook.com\/groups\/1007964579346590","article_published_time":"2026-01-28T21:56:18+00:00","article_modified_time":"2026-01-29T22:45:15+00:00","og_image":[{"width":1000,"height":1000,"url":"https:\/\/janze-athletisme.fr\/wordpress\/wp-content\/uploads\/2026\/01\/Mathis-Houssais-18janv2026-5.jpg","type":"image\/jpeg"}],"author":"Laurent Meunier","twitter_card":"summary_large_image","twitter_misc":{"\u00c9crit par":"Laurent Meunier","Dur\u00e9e de lecture estim\u00e9e":"2 minutes"},"schema":{"@context":"https:\/\/schema.org","@graph":[{"@type":"Article","@id":"https:\/\/janze-athletisme.fr\/wordpress\/58-inscrits-de-leac-pour-le-championnat-de-bretagne-de-cross-a-carnac\/#article","isPartOf":{"@id":"https:\/\/janze-athletisme.fr\/wordpress\/58-inscrits-de-leac-pour-le-championnat-de-bretagne-de-cross-a-carnac\/"},"author":{"name":"Laurent Meunier","@id":"https:\/\/janze-athletisme.fr\/wordpress\/#\/schema\/person\/c7b063dcfa6234c041d4d9b26cc2ea03"},"headline":"58 inscrits de l&rsquo;EAC pour le championnat de Bretagne de cross \u00e0 Carnac","datePublished":"2026-01-28T21:56:18+00:00","dateModified":"2026-01-29T22:45:15+00:00","mainEntityOfPage":{"@id":"https:\/\/janze-athletisme.fr\/wordpress\/58-inscrits-de-leac-pour-le-championnat-de-bretagne-de-cross-a-carnac\/"},"wordCount":185,"commentCount":0,"publisher":{"@id":"https:\/\/janze-athletisme.fr\/wordpress\/#organization"},"image":{"@id":"https:\/\/janze-athletisme.fr\/wordpress\/58-inscrits-de-leac-pour-le-championnat-de-bretagne-de-cross-a-carnac\/#primaryimage"},"thumbnailUrl":"https:\/\/janze-athletisme.fr\/wordpress\/wp-content\/uploads\/2026\/01\/Mathis-Houssais-18janv2026-5.jpg","articleSection":["Le club au jour le jour"],"inLanguage":"fr-FR","potentialAction":[{"@type":"CommentAction","name":"Comment","target":["https:\/\/janze-athletisme.fr\/wordpress\/58-inscrits-de-leac-pour-le-championnat-de-bretagne-de-cross-a-carnac\/#respond"]}]},{"@type":"WebPage","@id":"https:\/\/janze-athletisme.fr\/wordpress\/58-inscrits-de-leac-pour-le-championnat-de-bretagne-de-cross-a-carnac\/","url":"https:\/\/janze-athletisme.fr\/wordpress\/58-inscrits-de-leac-pour-le-championnat-de-bretagne-de-cross-a-carnac\/","name":"58 inscrits de l'EAC pour le championnat de Bretagne de cross \u00e0 Carnac - Janz\u00e9 Athl\u00e9tisme","isPartOf":{"@id":"https:\/\/janze-athletisme.fr\/wordpress\/#website"},"primaryImageOfPage":{"@id":"https:\/\/janze-athletisme.fr\/wordpress\/58-inscrits-de-leac-pour-le-championnat-de-bretagne-de-cross-a-carnac\/#primaryimage"},"image":{"@id":"https:\/\/janze-athletisme.fr\/wordpress\/58-inscrits-de-leac-pour-le-championnat-de-bretagne-de-cross-a-carnac\/#primaryimage"},"thumbnailUrl":"https:\/\/janze-athletisme.fr\/wordpress\/wp-content\/uploads\/2026\/01\/Mathis-Houssais-18janv2026-5.jpg","datePublished":"2026-01-28T21:56:18+00:00","dateModified":"2026-01-29T22:45:15+00:00","breadcrumb":{"@id":"https:\/\/janze-athletisme.fr\/wordpress\/58-inscrits-de-leac-pour-le-championnat-de-bretagne-de-cross-a-carnac\/#breadcrumb"},"inLanguage":"fr-FR","potentialAction":[{"@type":"ReadAction","target":["https:\/\/janze-athletisme.fr\/wordpress\/58-inscrits-de-leac-pour-le-championnat-de-bretagne-de-cross-a-carnac\/"]}]},{"@type":"ImageObject","inLanguage":"fr-FR","@id":"https:\/\/janze-athletisme.fr\/wordpress\/58-inscrits-de-leac-pour-le-championnat-de-bretagne-de-cross-a-carnac\/#primaryimage","url":"https:\/\/janze-athletisme.fr\/wordpress\/wp-content\/uploads\/2026\/01\/Mathis-Houssais-18janv2026-5.jpg","contentUrl":"https:\/\/janze-athletisme.fr\/wordpress\/wp-content\/uploads\/2026\/01\/Mathis-Houssais-18janv2026-5.jpg","width":1000,"height":1000},{"@type":"BreadcrumbList","@id":"https:\/\/janze-athletisme.fr\/wordpress\/58-inscrits-de-leac-pour-le-championnat-de-bretagne-de-cross-a-carnac\/#breadcrumb","itemListElement":[{"@type":"ListItem","position":1,"name":"Accueil","item":"https:\/\/janze-athletisme.fr\/wordpress\/"},{"@type":"ListItem","position":2,"name":"58 inscrits de l&rsquo;EAC pour le championnat de Bretagne de cross \u00e0 Carnac"}]},{"@type":"WebSite","@id":"https:\/\/janze-athletisme.fr\/wordpress\/#website","url":"https:\/\/janze-athletisme.fr\/wordpress\/","name":"Janz\u00e9 Athl\u00e9tisme","description":"Pays de La Roche aux F\u00e9es","publisher":{"@id":"https:\/\/janze-athletisme.fr\/wordpress\/#organization"},"potentialAction":[{"@type":"SearchAction","target":{"@type":"EntryPoint","urlTemplate":"https:\/\/janze-athletisme.fr\/wordpress\/?s={search_term_string}"},"query-input":{"@type":"PropertyValueSpecification","valueRequired":true,"valueName":"search_term_string"}}],"inLanguage":"fr-FR"},{"@type":"Organization","@id":"https:\/\/janze-athletisme.fr\/wordpress\/#organization","name":"Janz\u00e9 Athl\u00e9tisme","url":"https:\/\/janze-athletisme.fr\/wordpress\/","logo":{"@type":"ImageObject","inLanguage":"fr-FR","@id":"https:\/\/janze-athletisme.fr\/wordpress\/#\/schema\/logo\/image\/","url":"https:\/\/janze-athletisme.fr\/wordpress\/wp-content\/uploads\/2015\/03\/logo-full1.jpg","contentUrl":"https:\/\/janze-athletisme.fr\/wordpress\/wp-content\/uploads\/2015\/03\/logo-full1.jpg","width":437,"height":205,"caption":"Janz\u00e9 Athl\u00e9tisme"},"image":{"@id":"https:\/\/janze-athletisme.fr\/wordpress\/#\/schema\/logo\/image\/"},"sameAs":["https:\/\/www.facebook.com\/groups\/1007964579346590"]},{"@type":"Person","@id":"https:\/\/janze-athletisme.fr\/wordpress\/#\/schema\/person\/c7b063dcfa6234c041d4d9b26cc2ea03","name":"Laurent Meunier","image":{"@type":"ImageObject","inLanguage":"fr-FR","@id":"https:\/\/secure.gravatar.com\/avatar\/dd25d581ad7c3349090f2fa6a9adb6bfa287e6a5dd8a5216a092727cd8749034?s=96&d=mm&r=g","url":"https:\/\/secure.gravatar.com\/avatar\/dd25d581ad7c3349090f2fa6a9adb6bfa287e6a5dd8a5216a092727cd8749034?s=96&d=mm&r=g","contentUrl":"https:\/\/secure.gravatar.com\/avatar\/dd25d581ad7c3349090f2fa6a9adb6bfa287e6a5dd8a5216a092727cd8749034?s=96&d=mm&r=g","caption":"Laurent Meunier"},"url":"https:\/\/janze-athletisme.fr\/wordpress\/author\/laurent-meunier35\/"}]}},"uagb_featured_image_src":{"full":["https:\/\/janze-athletisme.fr\/wordpress\/wp-content\/uploads\/2026\/01\/Mathis-Houssais-18janv2026-5.jpg",1000,1000,false],"thumbnail":["https:\/\/janze-athletisme.fr\/wordpress\/wp-content\/uploads\/2026\/01\/Mathis-Houssais-18janv2026-5-150x150.jpg",150,150,true],"medium":["https:\/\/janze-athletisme.fr\/wordpress\/wp-content\/uploads\/2026\/01\/Mathis-Houssais-18janv2026-5-300x300.jpg",300,300,true],"medium_large":["https:\/\/janze-athletisme.fr\/wordpress\/wp-content\/uploads\/2026\/01\/Mathis-Houssais-18janv2026-5-768x768.jpg",768,768,true],"large":["https:\/\/janze-athletisme.fr\/wordpress\/wp-content\/uploads\/2026\/01\/Mathis-Houssais-18janv2026-5.jpg",1000,1000,false],"1536x1536":["https:\/\/janze-athletisme.fr\/wordpress\/wp-content\/uploads\/2026\/01\/Mathis-Houssais-18janv2026-5.jpg",1000,1000,false],"2048x2048":["https:\/\/janze-athletisme.fr\/wordpress\/wp-content\/uploads\/2026\/01\/Mathis-Houssais-18janv2026-5.jpg",1000,1000,false]},"uagb_author_info":{"display_name":"Laurent Meunier","author_link":"https:\/\/janze-athletisme.fr\/wordpress\/author\/laurent-meunier35\/"},"uagb_comment_info":0,"uagb_excerpt":"Championnat de Bretagne de cross, Carnac, dimanche 1er f\u00e9vrier BENJAMINES Cl\u00e9mentine Caillaud, Ema Lemi\u00e8re CADETTES Emeline Briens, Camille Danet, Rose Meyer-Blanchot, Louna Perrin, Juliette Sutter CROSS COURT F Tiphanie Lecomte CROSS LONG F Virginie Balluet, Sol\u00e8ne Cerclet, C\u00e9line Hazard, Elsa Mah\u00e9, Agathe Michel JUNIORS FILLES Lucie Gadby, Bertille Louaisil, Faustine Louaisil, Jeanne Richard, L\u00e9a Robert\u2026","_links":{"self":[{"href":"https:\/\/janze-athletisme.fr\/wordpress\/wp-json\/wp\/v2\/posts\/29660","targetHints":{"allow":["GET"]}}],"collection":[{"href":"https:\/\/janze-athletisme.fr\/wordpress\/wp-json\/wp\/v2\/posts"}],"about":[{"href":"https:\/\/janze-athletisme.fr\/wordpress\/wp-json\/wp\/v2\/types\/post"}],"author":[{"embeddable":true,"href":"https:\/\/janze-athletisme.fr\/wordpress\/wp-json\/wp\/v2\/users\/12"}],"replies":[{"embeddable":true,"href":"https:\/\/janze-athletisme.fr\/wordpress\/wp-json\/wp\/v2\/comments?post=29660"}],"version-history":[{"count":8,"href":"https:\/\/janze-athletisme.fr\/wordpress\/wp-json\/wp\/v2\/posts\/29660\/revisions"}],"predecessor-version":[{"id":29759,"href":"https:\/\/janze-athletisme.fr\/wordpress\/wp-json\/wp\/v2\/posts\/29660\/revisions\/29759"}],"wp:featuredmedia":[{"embeddable":true,"href":"https:\/\/janze-athletisme.fr\/wordpress\/wp-json\/wp\/v2\/media\/29667"}],"wp:attachment":[{"href":"https:\/\/janze-athletisme.fr\/wordpress\/wp-json\/wp\/v2\/media?parent=29660"}],"wp:term":[{"taxonomy":"category","embeddable":true,"href":"https:\/\/janze-athletisme.fr\/wordpress\/wp-json\/wp\/v2\/categories?post=29660"},{"taxonomy":"post_tag","embeddable":true,"href":"https:\/\/janze-athletisme.fr\/wordpress\/wp-json\/wp\/v2\/tags?post=29660"}],"curies":[{"name":"wp","href":"https:\/\/api.w.org\/{rel}","templated":true}]}}