{"id":29515,"date":"2026-01-21T18:57:04","date_gmt":"2026-01-21T17:57:04","guid":{"rendered":"https:\/\/janze-athletisme.fr\/wordpress\/?p=29515"},"modified":"2026-01-28T18:24:28","modified_gmt":"2026-01-28T17:24:28","slug":"colloque-nutrition-les-bases-de-lalimentation","status":"publish","type":"post","link":"https:\/\/janze-athletisme.fr\/wordpress\/colloque-nutrition-les-bases-de-lalimentation\/","title":{"rendered":"Colloque Nutrition \u201cLes bases de l\u2019alimentation\u201d"},"content":{"rendered":"<p>Le Club Janz\u00e9 Athl\u00e9tisme vous propose une intervention<strong> NUTRITION \u201cLes bases de l\u2019alimentation\u201d<\/strong><\/p>\n<ol>\n<li>le <span style=\"text-decoration: underline;\"><strong>mercredi 28 janvier 2026 au foyer du stade Louis Lecoq de 19h \u00e0 20h30<\/strong><\/span><\/li>\n<\/ol>\n<p>Ce colloque sera anim\u00e9 par <strong>Ma\u00eblla Tailly Rebillard<\/strong>, Di\u00e9t\u00e9ticienne. Sp\u00e9cialiste de la Nutrition des sportifs.<\/p>\n<p>Th\u00e8me:\u00a0<strong>Apporter les fondamentaux nutritionnels pour comprendre comment bien s\u2019alimenter au quotidien et optimiser la sant\u00e9, la performance et le plaisir de manger.<\/strong><\/p>\n<p>Points abord\u00e9s :<\/p>\n<p style=\"text-align: left;\">\u00a0 \u00a0 \u00a0 \u00a0 \u00a0 &#8211; Les grands principes de l\u2019\u00e9quilibre alimentaire<\/p>\n<p style=\"text-align: left;\">\u00a0 \u00a0 \u00a0 \u00a0 \u00a0 &#8211; Les r\u00f4les des macronutriments : glucides \/ prot\u00e9ines \/ lipides<\/p>\n<p style=\"text-align: left;\">\u00a0 \u00a0 \u00a0 \u00a0 \u00a0 &#8211; Les cl\u00e9s d\u2019un apport en micronutriments suffisant<\/p>\n<p style=\"text-align: left;\">\u00a0 \u00a0 \u00a0 \u00a0 \u00a0 &#8211; L\u2019hydratation au quotidien : besoins, rep\u00e8res, erreurs fr\u00e9quentes<\/p>\n<p style=\"text-align: left;\">\u00a0 \u00a0 \u00a0 \u00a0 \u00a0 &#8211; La composition des diff\u00e9rents repas<\/p>\n<p style=\"text-align: left;\">\u00a0 \u00a0 \u00a0 \u00a0 \u00a0 \u00a0&#8211; L\u2019importance du plaisir, de la vari\u00e9t\u00e9 et de l\u2019\u00e9coute des sensations<\/p>\n<p><strong>Cette intervention est accessible \u00e0 tous les athl\u00e8tes du club <\/strong>.<\/p>\n<p>Afin d\u2019\u00eatre \u00e0 l\u2019aise dans le foyer et pour permettre des \u00e9changes plus faciles, le nombre de participants est limit\u00e9 \u00e0 30 personnes.<\/p>\n<p>En fonction du nombre de demande, nous proposerons une seconde session si n\u00e9cessaire.<\/p>\n<p>Un sondage pour l&rsquo;inscription est mis en place via le Groupe WhatsApp du club \u00ab\u00a0JA communaut\u00e9\u00a0\u00bb.<\/p>\n<p><a href=\"https:\/\/janze-athletisme.fr\/wordpress\/wp-content\/uploads\/2026\/01\/Screenshot_20260121_212916_WhatsApp.jpg\"><img loading=\"lazy\" decoding=\"async\" class=\"alignnone size-full wp-image-29524\" src=\"https:\/\/janze-athletisme.fr\/wordpress\/wp-content\/uploads\/2026\/01\/Screenshot_20260121_212916_WhatsApp.jpg\" alt=\"\" width=\"1080\" height=\"2162\" srcset=\"https:\/\/janze-athletisme.fr\/wordpress\/wp-content\/uploads\/2026\/01\/Screenshot_20260121_212916_WhatsApp.jpg 1080w, https:\/\/janze-athletisme.fr\/wordpress\/wp-content\/uploads\/2026\/01\/Screenshot_20260121_212916_WhatsApp-150x300.jpg 150w, https:\/\/janze-athletisme.fr\/wordpress\/wp-content\/uploads\/2026\/01\/Screenshot_20260121_212916_WhatsApp-512x1024.jpg 512w, https:\/\/janze-athletisme.fr\/wordpress\/wp-content\/uploads\/2026\/01\/Screenshot_20260121_212916_WhatsApp-768x1537.jpg 768w, https:\/\/janze-athletisme.fr\/wordpress\/wp-content\/uploads\/2026\/01\/Screenshot_20260121_212916_WhatsApp-767x1536.jpg 767w, https:\/\/janze-athletisme.fr\/wordpress\/wp-content\/uploads\/2026\/01\/Screenshot_20260121_212916_WhatsApp-1023x2048.jpg 1023w\" sizes=\"auto, (max-width: 1080px) 100vw, 1080px\" \/><\/a><\/p>\n","protected":false},"excerpt":{"rendered":"<p>Le Club Janz\u00e9 Athl\u00e9tisme vous propose une intervention NUTRITION \u201cLes bases de l\u2019alimentation\u201d le mercredi 28 janvier 2026 au foyer du stade Louis Lecoq de 19h \u00e0 20h30 Ce colloque sera anim\u00e9 par Ma\u00eblla Tailly Rebillard, Di\u00e9t\u00e9ticienne. Sp\u00e9cialiste de la Nutrition des sportifs. Th\u00e8me:\u00a0Apporter les fondamentaux nutritionnels pour comprendre comment bien s\u2019alimenter au quotidien et [&hellip;]<\/p>\n","protected":false},"author":9,"featured_media":29518,"comment_status":"open","ping_status":"open","sticky":false,"template":"","format":"aside","meta":{"_uag_custom_page_level_css":"","site-sidebar-layout":"default","site-content-layout":"","ast-site-content-layout":"default","site-content-style":"default","site-sidebar-style":"default","ast-global-header-display":"","ast-banner-title-visibility":"","ast-main-header-display":"","ast-hfb-above-header-display":"","ast-hfb-below-header-display":"","ast-hfb-mobile-header-display":"","site-post-title":"","ast-breadcrumbs-content":"","ast-featured-img":"","footer-sml-layout":"","ast-disable-related-posts":"","theme-transparent-header-meta":"default","adv-header-id-meta":"","stick-header-meta":"","header-above-stick-meta":"","header-main-stick-meta":"","header-below-stick-meta":"","astra-migrate-meta-layouts":"set","ast-page-background-enabled":"default","ast-page-background-meta":{"desktop":{"background-color":"var(--ast-global-color-4)","background-image":"","background-repeat":"repeat","background-position":"center center","background-size":"auto","background-attachment":"scroll","background-type":"","background-media":"","overlay-type":"","overlay-color":"","overlay-opacity":"","overlay-gradient":""},"tablet":{"background-color":"","background-image":"","background-repeat":"repeat","background-position":"center center","background-size":"auto","background-attachment":"scroll","background-type":"","background-media":"","overlay-type":"","overlay-color":"","overlay-opacity":"","overlay-gradient":""},"mobile":{"background-color":"","background-image":"","background-repeat":"repeat","background-position":"center center","background-size":"auto","background-attachment":"scroll","background-type":"","background-media":"","overlay-type":"","overlay-color":"","overlay-opacity":"","overlay-gradient":""}},"ast-content-background-meta":{"desktop":{"background-color":"var(--ast-global-color-5)","background-image":"","background-repeat":"repeat","background-position":"center center","background-size":"auto","background-attachment":"scroll","background-type":"","background-media":"","overlay-type":"","overlay-color":"","overlay-opacity":"","overlay-gradient":""},"tablet":{"background-color":"var(--ast-global-color-5)","background-image":"","background-repeat":"repeat","background-position":"center center","background-size":"auto","background-attachment":"scroll","background-type":"","background-media":"","overlay-type":"","overlay-color":"","overlay-opacity":"","overlay-gradient":""},"mobile":{"background-color":"var(--ast-global-color-5)","background-image":"","background-repeat":"repeat","background-position":"center center","background-size":"auto","background-attachment":"scroll","background-type":"","background-media":"","overlay-type":"","overlay-color":"","overlay-opacity":"","overlay-gradient":""}},"footnotes":""},"categories":[6],"tags":[],"class_list":["post-29515","post","type-post","status-publish","format-aside","has-post-thumbnail","hentry","category-sections","post_format-post-format-aside"],"yoast_head":"<!-- This site is optimized with the Yoast SEO plugin v27.5 - https:\/\/yoast.com\/product\/yoast-seo-wordpress\/ -->\n<title>Colloque Nutrition \u201cLes bases de l\u2019alimentation\u201d - Janz\u00e9 Athl\u00e9tisme<\/title>\n<meta name=\"robots\" content=\"index, follow, max-snippet:-1, max-image-preview:large, max-video-preview:-1\" \/>\n<link rel=\"canonical\" href=\"https:\/\/janze-athletisme.fr\/wordpress\/colloque-nutrition-les-bases-de-lalimentation\/\" \/>\n<meta property=\"og:locale\" content=\"fr_FR\" \/>\n<meta property=\"og:type\" content=\"article\" \/>\n<meta property=\"og:title\" content=\"Colloque Nutrition \u201cLes bases de l\u2019alimentation\u201d - Janz\u00e9 Athl\u00e9tisme\" \/>\n<meta property=\"og:description\" content=\"Le Club Janz\u00e9 Athl\u00e9tisme vous propose une intervention NUTRITION \u201cLes bases de l\u2019alimentation\u201d le mercredi 28 janvier 2026 au foyer du stade Louis Lecoq de 19h \u00e0 20h30 Ce colloque sera anim\u00e9 par Ma\u00eblla Tailly Rebillard, Di\u00e9t\u00e9ticienne. Sp\u00e9cialiste de la Nutrition des sportifs. Th\u00e8me:\u00a0Apporter les fondamentaux nutritionnels pour comprendre comment bien s\u2019alimenter au quotidien et [&hellip;]\" \/>\n<meta property=\"og:url\" content=\"https:\/\/janze-athletisme.fr\/wordpress\/colloque-nutrition-les-bases-de-lalimentation\/\" \/>\n<meta property=\"og:site_name\" content=\"Janz\u00e9 Athl\u00e9tisme\" \/>\n<meta property=\"article:publisher\" content=\"https:\/\/www.facebook.com\/groups\/1007964579346590\" \/>\n<meta property=\"article:published_time\" content=\"2026-01-21T17:57:04+00:00\" \/>\n<meta property=\"article:modified_time\" content=\"2026-01-28T17:24:28+00:00\" \/>\n<meta property=\"og:image\" content=\"https:\/\/janze-athletisme.fr\/wordpress\/wp-content\/uploads\/2026\/01\/nutrition-sport.png\" \/>\n\t<meta property=\"og:image:width\" content=\"493\" \/>\n\t<meta property=\"og:image:height\" content=\"498\" \/>\n\t<meta property=\"og:image:type\" content=\"image\/png\" \/>\n<meta name=\"author\" content=\"Franck Le Charpentier\" \/>\n<meta name=\"twitter:card\" content=\"summary_large_image\" \/>\n<meta name=\"twitter:label1\" content=\"\u00c9crit par\" \/>\n\t<meta name=\"twitter:data1\" content=\"Franck Le Charpentier\" \/>\n\t<meta name=\"twitter:label2\" content=\"Dur\u00e9e de lecture estim\u00e9e\" \/>\n\t<meta name=\"twitter:data2\" content=\"2 minutes\" \/>\n<script type=\"application\/ld+json\" class=\"yoast-schema-graph\">{\"@context\":\"https:\\\/\\\/schema.org\",\"@graph\":[{\"@type\":\"Article\",\"@id\":\"https:\\\/\\\/janze-athletisme.fr\\\/wordpress\\\/colloque-nutrition-les-bases-de-lalimentation\\\/#article\",\"isPartOf\":{\"@id\":\"https:\\\/\\\/janze-athletisme.fr\\\/wordpress\\\/colloque-nutrition-les-bases-de-lalimentation\\\/\"},\"author\":{\"name\":\"Franck Le Charpentier\",\"@id\":\"https:\\\/\\\/janze-athletisme.fr\\\/wordpress\\\/#\\\/schema\\\/person\\\/ad234bf8b030bd31c125b82a1ec33854\"},\"headline\":\"Colloque Nutrition \u201cLes bases de l\u2019alimentation\u201d\",\"datePublished\":\"2026-01-21T17:57:04+00:00\",\"dateModified\":\"2026-01-28T17:24:28+00:00\",\"mainEntityOfPage\":{\"@id\":\"https:\\\/\\\/janze-athletisme.fr\\\/wordpress\\\/colloque-nutrition-les-bases-de-lalimentation\\\/\"},\"wordCount\":205,\"commentCount\":0,\"publisher\":{\"@id\":\"https:\\\/\\\/janze-athletisme.fr\\\/wordpress\\\/#organization\"},\"image\":{\"@id\":\"https:\\\/\\\/janze-athletisme.fr\\\/wordpress\\\/colloque-nutrition-les-bases-de-lalimentation\\\/#primaryimage\"},\"thumbnailUrl\":\"https:\\\/\\\/janze-athletisme.fr\\\/wordpress\\\/wp-content\\\/uploads\\\/2026\\\/01\\\/nutrition-sport.png\",\"articleSection\":[\"Le club au jour le jour\"],\"inLanguage\":\"fr-FR\",\"potentialAction\":[{\"@type\":\"CommentAction\",\"name\":\"Comment\",\"target\":[\"https:\\\/\\\/janze-athletisme.fr\\\/wordpress\\\/colloque-nutrition-les-bases-de-lalimentation\\\/#respond\"]}]},{\"@type\":\"WebPage\",\"@id\":\"https:\\\/\\\/janze-athletisme.fr\\\/wordpress\\\/colloque-nutrition-les-bases-de-lalimentation\\\/\",\"url\":\"https:\\\/\\\/janze-athletisme.fr\\\/wordpress\\\/colloque-nutrition-les-bases-de-lalimentation\\\/\",\"name\":\"Colloque Nutrition \u201cLes bases de l\u2019alimentation\u201d - Janz\u00e9 Athl\u00e9tisme\",\"isPartOf\":{\"@id\":\"https:\\\/\\\/janze-athletisme.fr\\\/wordpress\\\/#website\"},\"primaryImageOfPage\":{\"@id\":\"https:\\\/\\\/janze-athletisme.fr\\\/wordpress\\\/colloque-nutrition-les-bases-de-lalimentation\\\/#primaryimage\"},\"image\":{\"@id\":\"https:\\\/\\\/janze-athletisme.fr\\\/wordpress\\\/colloque-nutrition-les-bases-de-lalimentation\\\/#primaryimage\"},\"thumbnailUrl\":\"https:\\\/\\\/janze-athletisme.fr\\\/wordpress\\\/wp-content\\\/uploads\\\/2026\\\/01\\\/nutrition-sport.png\",\"datePublished\":\"2026-01-21T17:57:04+00:00\",\"dateModified\":\"2026-01-28T17:24:28+00:00\",\"breadcrumb\":{\"@id\":\"https:\\\/\\\/janze-athletisme.fr\\\/wordpress\\\/colloque-nutrition-les-bases-de-lalimentation\\\/#breadcrumb\"},\"inLanguage\":\"fr-FR\",\"potentialAction\":[{\"@type\":\"ReadAction\",\"target\":[\"https:\\\/\\\/janze-athletisme.fr\\\/wordpress\\\/colloque-nutrition-les-bases-de-lalimentation\\\/\"]}]},{\"@type\":\"ImageObject\",\"inLanguage\":\"fr-FR\",\"@id\":\"https:\\\/\\\/janze-athletisme.fr\\\/wordpress\\\/colloque-nutrition-les-bases-de-lalimentation\\\/#primaryimage\",\"url\":\"https:\\\/\\\/janze-athletisme.fr\\\/wordpress\\\/wp-content\\\/uploads\\\/2026\\\/01\\\/nutrition-sport.png\",\"contentUrl\":\"https:\\\/\\\/janze-athletisme.fr\\\/wordpress\\\/wp-content\\\/uploads\\\/2026\\\/01\\\/nutrition-sport.png\",\"width\":493,\"height\":498},{\"@type\":\"BreadcrumbList\",\"@id\":\"https:\\\/\\\/janze-athletisme.fr\\\/wordpress\\\/colloque-nutrition-les-bases-de-lalimentation\\\/#breadcrumb\",\"itemListElement\":[{\"@type\":\"ListItem\",\"position\":1,\"name\":\"Accueil\",\"item\":\"https:\\\/\\\/janze-athletisme.fr\\\/wordpress\\\/\"},{\"@type\":\"ListItem\",\"position\":2,\"name\":\"Colloque Nutrition \u201cLes bases de l\u2019alimentation\u201d\"}]},{\"@type\":\"WebSite\",\"@id\":\"https:\\\/\\\/janze-athletisme.fr\\\/wordpress\\\/#website\",\"url\":\"https:\\\/\\\/janze-athletisme.fr\\\/wordpress\\\/\",\"name\":\"Janz\u00e9 Athl\u00e9tisme\",\"description\":\"Pays de La Roche aux F\u00e9es\",\"publisher\":{\"@id\":\"https:\\\/\\\/janze-athletisme.fr\\\/wordpress\\\/#organization\"},\"potentialAction\":[{\"@type\":\"SearchAction\",\"target\":{\"@type\":\"EntryPoint\",\"urlTemplate\":\"https:\\\/\\\/janze-athletisme.fr\\\/wordpress\\\/?s={search_term_string}\"},\"query-input\":{\"@type\":\"PropertyValueSpecification\",\"valueRequired\":true,\"valueName\":\"search_term_string\"}}],\"inLanguage\":\"fr-FR\"},{\"@type\":\"Organization\",\"@id\":\"https:\\\/\\\/janze-athletisme.fr\\\/wordpress\\\/#organization\",\"name\":\"Janz\u00e9 Athl\u00e9tisme\",\"url\":\"https:\\\/\\\/janze-athletisme.fr\\\/wordpress\\\/\",\"logo\":{\"@type\":\"ImageObject\",\"inLanguage\":\"fr-FR\",\"@id\":\"https:\\\/\\\/janze-athletisme.fr\\\/wordpress\\\/#\\\/schema\\\/logo\\\/image\\\/\",\"url\":\"https:\\\/\\\/janze-athletisme.fr\\\/wordpress\\\/wp-content\\\/uploads\\\/2015\\\/03\\\/logo-full1.jpg\",\"contentUrl\":\"https:\\\/\\\/janze-athletisme.fr\\\/wordpress\\\/wp-content\\\/uploads\\\/2015\\\/03\\\/logo-full1.jpg\",\"width\":437,\"height\":205,\"caption\":\"Janz\u00e9 Athl\u00e9tisme\"},\"image\":{\"@id\":\"https:\\\/\\\/janze-athletisme.fr\\\/wordpress\\\/#\\\/schema\\\/logo\\\/image\\\/\"},\"sameAs\":[\"https:\\\/\\\/www.facebook.com\\\/groups\\\/1007964579346590\"]},{\"@type\":\"Person\",\"@id\":\"https:\\\/\\\/janze-athletisme.fr\\\/wordpress\\\/#\\\/schema\\\/person\\\/ad234bf8b030bd31c125b82a1ec33854\",\"name\":\"Franck Le Charpentier\",\"image\":{\"@type\":\"ImageObject\",\"inLanguage\":\"fr-FR\",\"@id\":\"https:\\\/\\\/secure.gravatar.com\\\/avatar\\\/fc189bc59f11679dc3da275ba96286a31423dc69df2d485d065331065a446964?s=96&d=mm&r=g\",\"url\":\"https:\\\/\\\/secure.gravatar.com\\\/avatar\\\/fc189bc59f11679dc3da275ba96286a31423dc69df2d485d065331065a446964?s=96&d=mm&r=g\",\"contentUrl\":\"https:\\\/\\\/secure.gravatar.com\\\/avatar\\\/fc189bc59f11679dc3da275ba96286a31423dc69df2d485d065331065a446964?s=96&d=mm&r=g\",\"caption\":\"Franck Le Charpentier\"},\"url\":\"https:\\\/\\\/janze-athletisme.fr\\\/wordpress\\\/author\\\/francklec\\\/\"}]}<\/script>\n<!-- \/ Yoast SEO plugin. -->","yoast_head_json":{"title":"Colloque Nutrition \u201cLes bases de l\u2019alimentation\u201d - Janz\u00e9 Athl\u00e9tisme","robots":{"index":"index","follow":"follow","max-snippet":"max-snippet:-1","max-image-preview":"max-image-preview:large","max-video-preview":"max-video-preview:-1"},"canonical":"https:\/\/janze-athletisme.fr\/wordpress\/colloque-nutrition-les-bases-de-lalimentation\/","og_locale":"fr_FR","og_type":"article","og_title":"Colloque Nutrition \u201cLes bases de l\u2019alimentation\u201d - Janz\u00e9 Athl\u00e9tisme","og_description":"Le Club Janz\u00e9 Athl\u00e9tisme vous propose une intervention NUTRITION \u201cLes bases de l\u2019alimentation\u201d le mercredi 28 janvier 2026 au foyer du stade Louis Lecoq de 19h \u00e0 20h30 Ce colloque sera anim\u00e9 par Ma\u00eblla Tailly Rebillard, Di\u00e9t\u00e9ticienne. Sp\u00e9cialiste de la Nutrition des sportifs. Th\u00e8me:\u00a0Apporter les fondamentaux nutritionnels pour comprendre comment bien s\u2019alimenter au quotidien et [&hellip;]","og_url":"https:\/\/janze-athletisme.fr\/wordpress\/colloque-nutrition-les-bases-de-lalimentation\/","og_site_name":"Janz\u00e9 Athl\u00e9tisme","article_publisher":"https:\/\/www.facebook.com\/groups\/1007964579346590","article_published_time":"2026-01-21T17:57:04+00:00","article_modified_time":"2026-01-28T17:24:28+00:00","og_image":[{"width":493,"height":498,"url":"https:\/\/janze-athletisme.fr\/wordpress\/wp-content\/uploads\/2026\/01\/nutrition-sport.png","type":"image\/png"}],"author":"Franck Le Charpentier","twitter_card":"summary_large_image","twitter_misc":{"\u00c9crit par":"Franck Le Charpentier","Dur\u00e9e de lecture estim\u00e9e":"2 minutes"},"schema":{"@context":"https:\/\/schema.org","@graph":[{"@type":"Article","@id":"https:\/\/janze-athletisme.fr\/wordpress\/colloque-nutrition-les-bases-de-lalimentation\/#article","isPartOf":{"@id":"https:\/\/janze-athletisme.fr\/wordpress\/colloque-nutrition-les-bases-de-lalimentation\/"},"author":{"name":"Franck Le Charpentier","@id":"https:\/\/janze-athletisme.fr\/wordpress\/#\/schema\/person\/ad234bf8b030bd31c125b82a1ec33854"},"headline":"Colloque Nutrition \u201cLes bases de l\u2019alimentation\u201d","datePublished":"2026-01-21T17:57:04+00:00","dateModified":"2026-01-28T17:24:28+00:00","mainEntityOfPage":{"@id":"https:\/\/janze-athletisme.fr\/wordpress\/colloque-nutrition-les-bases-de-lalimentation\/"},"wordCount":205,"commentCount":0,"publisher":{"@id":"https:\/\/janze-athletisme.fr\/wordpress\/#organization"},"image":{"@id":"https:\/\/janze-athletisme.fr\/wordpress\/colloque-nutrition-les-bases-de-lalimentation\/#primaryimage"},"thumbnailUrl":"https:\/\/janze-athletisme.fr\/wordpress\/wp-content\/uploads\/2026\/01\/nutrition-sport.png","articleSection":["Le club au jour le jour"],"inLanguage":"fr-FR","potentialAction":[{"@type":"CommentAction","name":"Comment","target":["https:\/\/janze-athletisme.fr\/wordpress\/colloque-nutrition-les-bases-de-lalimentation\/#respond"]}]},{"@type":"WebPage","@id":"https:\/\/janze-athletisme.fr\/wordpress\/colloque-nutrition-les-bases-de-lalimentation\/","url":"https:\/\/janze-athletisme.fr\/wordpress\/colloque-nutrition-les-bases-de-lalimentation\/","name":"Colloque Nutrition \u201cLes bases de l\u2019alimentation\u201d - Janz\u00e9 Athl\u00e9tisme","isPartOf":{"@id":"https:\/\/janze-athletisme.fr\/wordpress\/#website"},"primaryImageOfPage":{"@id":"https:\/\/janze-athletisme.fr\/wordpress\/colloque-nutrition-les-bases-de-lalimentation\/#primaryimage"},"image":{"@id":"https:\/\/janze-athletisme.fr\/wordpress\/colloque-nutrition-les-bases-de-lalimentation\/#primaryimage"},"thumbnailUrl":"https:\/\/janze-athletisme.fr\/wordpress\/wp-content\/uploads\/2026\/01\/nutrition-sport.png","datePublished":"2026-01-21T17:57:04+00:00","dateModified":"2026-01-28T17:24:28+00:00","breadcrumb":{"@id":"https:\/\/janze-athletisme.fr\/wordpress\/colloque-nutrition-les-bases-de-lalimentation\/#breadcrumb"},"inLanguage":"fr-FR","potentialAction":[{"@type":"ReadAction","target":["https:\/\/janze-athletisme.fr\/wordpress\/colloque-nutrition-les-bases-de-lalimentation\/"]}]},{"@type":"ImageObject","inLanguage":"fr-FR","@id":"https:\/\/janze-athletisme.fr\/wordpress\/colloque-nutrition-les-bases-de-lalimentation\/#primaryimage","url":"https:\/\/janze-athletisme.fr\/wordpress\/wp-content\/uploads\/2026\/01\/nutrition-sport.png","contentUrl":"https:\/\/janze-athletisme.fr\/wordpress\/wp-content\/uploads\/2026\/01\/nutrition-sport.png","width":493,"height":498},{"@type":"BreadcrumbList","@id":"https:\/\/janze-athletisme.fr\/wordpress\/colloque-nutrition-les-bases-de-lalimentation\/#breadcrumb","itemListElement":[{"@type":"ListItem","position":1,"name":"Accueil","item":"https:\/\/janze-athletisme.fr\/wordpress\/"},{"@type":"ListItem","position":2,"name":"Colloque Nutrition \u201cLes bases de l\u2019alimentation\u201d"}]},{"@type":"WebSite","@id":"https:\/\/janze-athletisme.fr\/wordpress\/#website","url":"https:\/\/janze-athletisme.fr\/wordpress\/","name":"Janz\u00e9 Athl\u00e9tisme","description":"Pays de La Roche aux F\u00e9es","publisher":{"@id":"https:\/\/janze-athletisme.fr\/wordpress\/#organization"},"potentialAction":[{"@type":"SearchAction","target":{"@type":"EntryPoint","urlTemplate":"https:\/\/janze-athletisme.fr\/wordpress\/?s={search_term_string}"},"query-input":{"@type":"PropertyValueSpecification","valueRequired":true,"valueName":"search_term_string"}}],"inLanguage":"fr-FR"},{"@type":"Organization","@id":"https:\/\/janze-athletisme.fr\/wordpress\/#organization","name":"Janz\u00e9 Athl\u00e9tisme","url":"https:\/\/janze-athletisme.fr\/wordpress\/","logo":{"@type":"ImageObject","inLanguage":"fr-FR","@id":"https:\/\/janze-athletisme.fr\/wordpress\/#\/schema\/logo\/image\/","url":"https:\/\/janze-athletisme.fr\/wordpress\/wp-content\/uploads\/2015\/03\/logo-full1.jpg","contentUrl":"https:\/\/janze-athletisme.fr\/wordpress\/wp-content\/uploads\/2015\/03\/logo-full1.jpg","width":437,"height":205,"caption":"Janz\u00e9 Athl\u00e9tisme"},"image":{"@id":"https:\/\/janze-athletisme.fr\/wordpress\/#\/schema\/logo\/image\/"},"sameAs":["https:\/\/www.facebook.com\/groups\/1007964579346590"]},{"@type":"Person","@id":"https:\/\/janze-athletisme.fr\/wordpress\/#\/schema\/person\/ad234bf8b030bd31c125b82a1ec33854","name":"Franck Le Charpentier","image":{"@type":"ImageObject","inLanguage":"fr-FR","@id":"https:\/\/secure.gravatar.com\/avatar\/fc189bc59f11679dc3da275ba96286a31423dc69df2d485d065331065a446964?s=96&d=mm&r=g","url":"https:\/\/secure.gravatar.com\/avatar\/fc189bc59f11679dc3da275ba96286a31423dc69df2d485d065331065a446964?s=96&d=mm&r=g","contentUrl":"https:\/\/secure.gravatar.com\/avatar\/fc189bc59f11679dc3da275ba96286a31423dc69df2d485d065331065a446964?s=96&d=mm&r=g","caption":"Franck Le Charpentier"},"url":"https:\/\/janze-athletisme.fr\/wordpress\/author\/francklec\/"}]}},"uagb_featured_image_src":{"full":["https:\/\/janze-athletisme.fr\/wordpress\/wp-content\/uploads\/2026\/01\/nutrition-sport.png",493,498,false],"thumbnail":["https:\/\/janze-athletisme.fr\/wordpress\/wp-content\/uploads\/2026\/01\/nutrition-sport-150x150.png",150,150,true],"medium":["https:\/\/janze-athletisme.fr\/wordpress\/wp-content\/uploads\/2026\/01\/nutrition-sport-297x300.png",297,300,true],"medium_large":["https:\/\/janze-athletisme.fr\/wordpress\/wp-content\/uploads\/2026\/01\/nutrition-sport.png",493,498,false],"large":["https:\/\/janze-athletisme.fr\/wordpress\/wp-content\/uploads\/2026\/01\/nutrition-sport.png",493,498,false],"1536x1536":["https:\/\/janze-athletisme.fr\/wordpress\/wp-content\/uploads\/2026\/01\/nutrition-sport.png",493,498,false],"2048x2048":["https:\/\/janze-athletisme.fr\/wordpress\/wp-content\/uploads\/2026\/01\/nutrition-sport.png",493,498,false]},"uagb_author_info":{"display_name":"Franck Le Charpentier","author_link":"https:\/\/janze-athletisme.fr\/wordpress\/author\/francklec\/"},"uagb_comment_info":0,"uagb_excerpt":"Le Club Janz\u00e9 Athl\u00e9tisme vous propose une intervention NUTRITION \u201cLes bases de l\u2019alimentation\u201d le mercredi 28 janvier 2026 au foyer du stade Louis Lecoq de 19h \u00e0 20h30 Ce colloque sera anim\u00e9 par Ma\u00eblla Tailly Rebillard, Di\u00e9t\u00e9ticienne. Sp\u00e9cialiste de la Nutrition des sportifs. Th\u00e8me:\u00a0Apporter les fondamentaux nutritionnels pour comprendre comment bien s\u2019alimenter au quotidien et\u2026","_links":{"self":[{"href":"https:\/\/janze-athletisme.fr\/wordpress\/wp-json\/wp\/v2\/posts\/29515","targetHints":{"allow":["GET"]}}],"collection":[{"href":"https:\/\/janze-athletisme.fr\/wordpress\/wp-json\/wp\/v2\/posts"}],"about":[{"href":"https:\/\/janze-athletisme.fr\/wordpress\/wp-json\/wp\/v2\/types\/post"}],"author":[{"embeddable":true,"href":"https:\/\/janze-athletisme.fr\/wordpress\/wp-json\/wp\/v2\/users\/9"}],"replies":[{"embeddable":true,"href":"https:\/\/janze-athletisme.fr\/wordpress\/wp-json\/wp\/v2\/comments?post=29515"}],"version-history":[{"count":7,"href":"https:\/\/janze-athletisme.fr\/wordpress\/wp-json\/wp\/v2\/posts\/29515\/revisions"}],"predecessor-version":[{"id":29526,"href":"https:\/\/janze-athletisme.fr\/wordpress\/wp-json\/wp\/v2\/posts\/29515\/revisions\/29526"}],"wp:featuredmedia":[{"embeddable":true,"href":"https:\/\/janze-athletisme.fr\/wordpress\/wp-json\/wp\/v2\/media\/29518"}],"wp:attachment":[{"href":"https:\/\/janze-athletisme.fr\/wordpress\/wp-json\/wp\/v2\/media?parent=29515"}],"wp:term":[{"taxonomy":"category","embeddable":true,"href":"https:\/\/janze-athletisme.fr\/wordpress\/wp-json\/wp\/v2\/categories?post=29515"},{"taxonomy":"post_tag","embeddable":true,"href":"https:\/\/janze-athletisme.fr\/wordpress\/wp-json\/wp\/v2\/tags?post=29515"}],"curies":[{"name":"wp","href":"https:\/\/api.w.org\/{rel}","templated":true}]}}