{"id":29459,"date":"2026-01-19T18:39:56","date_gmt":"2026-01-19T17:39:56","guid":{"rendered":"https:\/\/janze-athletisme.fr\/wordpress\/?p=29459"},"modified":"2026-01-19T18:40:41","modified_gmt":"2026-01-19T17:40:41","slug":"la-marche-nordique-au-cross-du-mans","status":"publish","type":"post","link":"https:\/\/janze-athletisme.fr\/wordpress\/la-marche-nordique-au-cross-du-mans\/","title":{"rendered":"La Marche nordique au cross du Mans"},"content":{"rendered":"<div class=\"gl_quoted\">\n<p><strong><span style=\"font-family: verdana, geneva, sans-serif;font-size: 18pt\">Cross Ouest-France, Le Mans, samedi 17 janvier<\/span><\/strong><\/p>\n<p><span style=\"font-family: verdana, geneva, sans-serif;font-size: 12pt\">Ludovic Dr\u00e9an nous envoie ce message, suite \u00e0 la sortie du groupe des comp\u00e9titeurs de la marche nordique au Mans, \u00e0 l&rsquo;occasion du cross du quotidien le plus vendu de France (et de loin) :<\/span><\/p>\n<p><span style=\"font-family: verdana, geneva, sans-serif;font-size: 12pt\">\u00ab\u00a0<em>Ce week-end, les marcheurs de Janz\u00e9 \u2014 Palmyre, Karine, Pierre et Ludovic \u2014 se sont joints aux marcheurs de Bain de Bretagne \u2014 Mireille, Philippe et Yvon \u2014 pour participer \u00e0 la Marche Nordique Comp\u00e9tition Nature du Cross Ouest-France au Mans. <\/em><\/span><em><span style=\"font-family: verdana, geneva, sans-serif;font-size: 12pt\">Cette marche de 13 km, encadr\u00e9e par des juges, compte parmi les \u00e9preuves du Marche Nordique Tour 2026.<\/span><\/em><br \/>\n<span style=\"font-family: verdana, geneva, sans-serif;font-size: 12pt\"><em>F\u00e9licitations \u00e0 toutes et tous pour cette belle performance, avec aucune p\u00e9nalit\u00e9 \u00e0 d\u00e9plorer !\u00a0\u00bb<\/em><\/span><\/p>\n<p><a href=\"https:\/\/janze-athletisme.fr\/wordpress\/wp-content\/uploads\/2026\/01\/IMG-20260117-WA0001.jpg\"><img loading=\"lazy\" decoding=\"async\" class=\"alignnone wp-image-29460\" src=\"https:\/\/janze-athletisme.fr\/wordpress\/wp-content\/uploads\/2026\/01\/IMG-20260117-WA0001-300x225.jpg\" alt=\"\" width=\"417\" height=\"313\" srcset=\"https:\/\/janze-athletisme.fr\/wordpress\/wp-content\/uploads\/2026\/01\/IMG-20260117-WA0001-300x225.jpg 300w, https:\/\/janze-athletisme.fr\/wordpress\/wp-content\/uploads\/2026\/01\/IMG-20260117-WA0001-768x576.jpg 768w, https:\/\/janze-athletisme.fr\/wordpress\/wp-content\/uploads\/2026\/01\/IMG-20260117-WA0001.jpg 1024w\" sizes=\"auto, (max-width: 417px) 100vw, 417px\" \/><\/a> <a href=\"https:\/\/janze-athletisme.fr\/wordpress\/wp-content\/uploads\/2026\/01\/IMG20260117125146.jpg\"><img loading=\"lazy\" decoding=\"async\" class=\"alignnone wp-image-29461\" src=\"https:\/\/janze-athletisme.fr\/wordpress\/wp-content\/uploads\/2026\/01\/IMG20260117125146-300x300.jpg\" alt=\"\" width=\"313\" height=\"313\" srcset=\"https:\/\/janze-athletisme.fr\/wordpress\/wp-content\/uploads\/2026\/01\/IMG20260117125146-300x300.jpg 300w, https:\/\/janze-athletisme.fr\/wordpress\/wp-content\/uploads\/2026\/01\/IMG20260117125146-150x150.jpg 150w, https:\/\/janze-athletisme.fr\/wordpress\/wp-content\/uploads\/2026\/01\/IMG20260117125146-768x768.jpg 768w, https:\/\/janze-athletisme.fr\/wordpress\/wp-content\/uploads\/2026\/01\/IMG20260117125146.jpg 1000w\" sizes=\"auto, (max-width: 313px) 100vw, 313px\" \/><\/a><\/p>\n<p><span style=\"font-family: verdana, geneva, sans-serif;font-size: 14pt\"><strong>Classement des participants<\/strong><\/span><br \/>\n<span style=\"text-decoration: underline\"><span style=\"font-family: verdana, geneva, sans-serif;font-size: 12pt\">Janz\u00e9 :<\/span><\/span><\/p>\n<ul>\n<li><span style=\"font-family: verdana, geneva, sans-serif;font-size: 12pt\"><strong>Ludovic<\/strong> Dr\u00e9an : 126\u1d49\/361 (chrono : 01:34:49)\u00a0 \u00a0<\/span><\/li>\n<li><span style=\"font-family: verdana, geneva, sans-serif;font-size: 12pt\"><strong>Pierre<\/strong> Houget : 157\u1d49\/361 (01:36:18)<\/span><\/li>\n<li><span style=\"font-family: verdana, geneva, sans-serif;font-size: 12pt\"><strong>Karine<\/strong> Pennec : 210\u1d49\/361 (01:40:29)<\/span><\/li>\n<li><span style=\"font-family: verdana, geneva, sans-serif;font-size: 12pt\"><strong>Palmyre<\/strong> Houget : 285\u1d49\/361 (01:45:08)<\/span><\/li>\n<\/ul>\n<p><span style=\"text-decoration: underline\"><span style=\"font-family: verdana, geneva, sans-serif;font-size: 12pt\">Bain de Bretagne :<\/span><\/span><\/p>\n<ul>\n<li><span style=\"font-family: verdana, geneva, sans-serif;font-size: 12pt\">Philippe Chevallier : 21\u1d49\/361 (01:24:26)<\/span><\/li>\n<li><span style=\"font-family: verdana, geneva, sans-serif;font-size: 12pt\">Yvon Morin : 22\u1d49\/361 (01:24:39)<\/span><\/li>\n<li><span style=\"font-family: verdana, geneva, sans-serif;font-size: 12pt\">Mireille Cadorel : 228\u1d49\/361 (01:41:17)<\/span><\/li>\n<\/ul>\n<\/div>\n","protected":false},"excerpt":{"rendered":"<p>Cross Ouest-France, Le Mans, samedi 17 janvier Ludovic Dr\u00e9an nous envoie ce message, suite \u00e0 la sortie du groupe des comp\u00e9titeurs de la marche nordique au Mans, \u00e0 l&rsquo;occasion du cross du quotidien le plus vendu de France (et de loin) : \u00ab\u00a0Ce week-end, les marcheurs de Janz\u00e9 \u2014 Palmyre, Karine, Pierre et Ludovic \u2014 [&hellip;]<\/p>\n","protected":false},"author":12,"featured_media":29461,"comment_status":"open","ping_status":"open","sticky":false,"template":"","format":"aside","meta":{"_uag_custom_page_level_css":"","site-sidebar-layout":"default","site-content-layout":"","ast-site-content-layout":"default","site-content-style":"default","site-sidebar-style":"default","ast-global-header-display":"","ast-banner-title-visibility":"","ast-main-header-display":"","ast-hfb-above-header-display":"","ast-hfb-below-header-display":"","ast-hfb-mobile-header-display":"","site-post-title":"","ast-breadcrumbs-content":"","ast-featured-img":"","footer-sml-layout":"","ast-disable-related-posts":"","theme-transparent-header-meta":"default","adv-header-id-meta":"","stick-header-meta":"","header-above-stick-meta":"","header-main-stick-meta":"","header-below-stick-meta":"","astra-migrate-meta-layouts":"set","ast-page-background-enabled":"default","ast-page-background-meta":{"desktop":{"background-color":"var(--ast-global-color-4)","background-image":"","background-repeat":"repeat","background-position":"center center","background-size":"auto","background-attachment":"scroll","background-type":"","background-media":"","overlay-type":"","overlay-color":"","overlay-opacity":"","overlay-gradient":""},"tablet":{"background-color":"","background-image":"","background-repeat":"repeat","background-position":"center center","background-size":"auto","background-attachment":"scroll","background-type":"","background-media":"","overlay-type":"","overlay-color":"","overlay-opacity":"","overlay-gradient":""},"mobile":{"background-color":"","background-image":"","background-repeat":"repeat","background-position":"center center","background-size":"auto","background-attachment":"scroll","background-type":"","background-media":"","overlay-type":"","overlay-color":"","overlay-opacity":"","overlay-gradient":""}},"ast-content-background-meta":{"desktop":{"background-color":"var(--ast-global-color-5)","background-image":"","background-repeat":"repeat","background-position":"center center","background-size":"auto","background-attachment":"scroll","background-type":"","background-media":"","overlay-type":"","overlay-color":"","overlay-opacity":"","overlay-gradient":""},"tablet":{"background-color":"var(--ast-global-color-5)","background-image":"","background-repeat":"repeat","background-position":"center center","background-size":"auto","background-attachment":"scroll","background-type":"","background-media":"","overlay-type":"","overlay-color":"","overlay-opacity":"","overlay-gradient":""},"mobile":{"background-color":"var(--ast-global-color-5)","background-image":"","background-repeat":"repeat","background-position":"center center","background-size":"auto","background-attachment":"scroll","background-type":"","background-media":"","overlay-type":"","overlay-color":"","overlay-opacity":"","overlay-gradient":""}},"footnotes":""},"categories":[6],"tags":[],"class_list":["post-29459","post","type-post","status-publish","format-aside","has-post-thumbnail","hentry","category-sections","post_format-post-format-aside"],"yoast_head":"<!-- This site is optimized with the Yoast SEO plugin v27.4 - https:\/\/yoast.com\/product\/yoast-seo-wordpress\/ -->\n<title>La Marche nordique au cross du Mans - Janz\u00e9 Athl\u00e9tisme<\/title>\n<meta name=\"robots\" content=\"index, follow, max-snippet:-1, max-image-preview:large, max-video-preview:-1\" \/>\n<link rel=\"canonical\" href=\"https:\/\/janze-athletisme.fr\/wordpress\/la-marche-nordique-au-cross-du-mans\/\" \/>\n<meta property=\"og:locale\" content=\"fr_FR\" \/>\n<meta property=\"og:type\" content=\"article\" \/>\n<meta property=\"og:title\" content=\"La Marche nordique au cross du Mans - Janz\u00e9 Athl\u00e9tisme\" \/>\n<meta property=\"og:description\" content=\"Cross Ouest-France, Le Mans, samedi 17 janvier Ludovic Dr\u00e9an nous envoie ce message, suite \u00e0 la sortie du groupe des comp\u00e9titeurs de la marche nordique au Mans, \u00e0 l&rsquo;occasion du cross du quotidien le plus vendu de France (et de loin) : \u00ab\u00a0Ce week-end, les marcheurs de Janz\u00e9 \u2014 Palmyre, Karine, Pierre et Ludovic \u2014 [&hellip;]\" \/>\n<meta property=\"og:url\" content=\"https:\/\/janze-athletisme.fr\/wordpress\/la-marche-nordique-au-cross-du-mans\/\" \/>\n<meta property=\"og:site_name\" content=\"Janz\u00e9 Athl\u00e9tisme\" \/>\n<meta property=\"article:publisher\" content=\"https:\/\/www.facebook.com\/groups\/1007964579346590\" \/>\n<meta property=\"article:published_time\" content=\"2026-01-19T17:39:56+00:00\" \/>\n<meta property=\"article:modified_time\" content=\"2026-01-19T17:40:41+00:00\" \/>\n<meta property=\"og:image\" content=\"https:\/\/janze-athletisme.fr\/wordpress\/wp-content\/uploads\/2026\/01\/IMG20260117125146.jpg\" \/>\n\t<meta property=\"og:image:width\" content=\"1000\" \/>\n\t<meta property=\"og:image:height\" content=\"1000\" \/>\n\t<meta property=\"og:image:type\" content=\"image\/jpeg\" \/>\n<meta name=\"author\" content=\"Laurent Meunier\" \/>\n<meta name=\"twitter:card\" content=\"summary_large_image\" \/>\n<meta name=\"twitter:label1\" content=\"\u00c9crit par\" \/>\n\t<meta name=\"twitter:data1\" content=\"Laurent Meunier\" \/>\n\t<meta name=\"twitter:label2\" content=\"Dur\u00e9e de lecture estim\u00e9e\" \/>\n\t<meta name=\"twitter:data2\" content=\"2 minutes\" \/>\n<script type=\"application\/ld+json\" class=\"yoast-schema-graph\">{\"@context\":\"https:\\\/\\\/schema.org\",\"@graph\":[{\"@type\":\"Article\",\"@id\":\"https:\\\/\\\/janze-athletisme.fr\\\/wordpress\\\/la-marche-nordique-au-cross-du-mans\\\/#article\",\"isPartOf\":{\"@id\":\"https:\\\/\\\/janze-athletisme.fr\\\/wordpress\\\/la-marche-nordique-au-cross-du-mans\\\/\"},\"author\":{\"name\":\"Laurent Meunier\",\"@id\":\"https:\\\/\\\/janze-athletisme.fr\\\/wordpress\\\/#\\\/schema\\\/person\\\/c7b063dcfa6234c041d4d9b26cc2ea03\"},\"headline\":\"La Marche nordique au cross du Mans\",\"datePublished\":\"2026-01-19T17:39:56+00:00\",\"dateModified\":\"2026-01-19T17:40:41+00:00\",\"mainEntityOfPage\":{\"@id\":\"https:\\\/\\\/janze-athletisme.fr\\\/wordpress\\\/la-marche-nordique-au-cross-du-mans\\\/\"},\"wordCount\":140,\"commentCount\":0,\"publisher\":{\"@id\":\"https:\\\/\\\/janze-athletisme.fr\\\/wordpress\\\/#organization\"},\"image\":{\"@id\":\"https:\\\/\\\/janze-athletisme.fr\\\/wordpress\\\/la-marche-nordique-au-cross-du-mans\\\/#primaryimage\"},\"thumbnailUrl\":\"https:\\\/\\\/janze-athletisme.fr\\\/wordpress\\\/wp-content\\\/uploads\\\/2026\\\/01\\\/IMG20260117125146.jpg\",\"articleSection\":[\"Le club au jour le jour\"],\"inLanguage\":\"fr-FR\",\"potentialAction\":[{\"@type\":\"CommentAction\",\"name\":\"Comment\",\"target\":[\"https:\\\/\\\/janze-athletisme.fr\\\/wordpress\\\/la-marche-nordique-au-cross-du-mans\\\/#respond\"]}]},{\"@type\":\"WebPage\",\"@id\":\"https:\\\/\\\/janze-athletisme.fr\\\/wordpress\\\/la-marche-nordique-au-cross-du-mans\\\/\",\"url\":\"https:\\\/\\\/janze-athletisme.fr\\\/wordpress\\\/la-marche-nordique-au-cross-du-mans\\\/\",\"name\":\"La Marche nordique au cross du Mans - Janz\u00e9 Athl\u00e9tisme\",\"isPartOf\":{\"@id\":\"https:\\\/\\\/janze-athletisme.fr\\\/wordpress\\\/#website\"},\"primaryImageOfPage\":{\"@id\":\"https:\\\/\\\/janze-athletisme.fr\\\/wordpress\\\/la-marche-nordique-au-cross-du-mans\\\/#primaryimage\"},\"image\":{\"@id\":\"https:\\\/\\\/janze-athletisme.fr\\\/wordpress\\\/la-marche-nordique-au-cross-du-mans\\\/#primaryimage\"},\"thumbnailUrl\":\"https:\\\/\\\/janze-athletisme.fr\\\/wordpress\\\/wp-content\\\/uploads\\\/2026\\\/01\\\/IMG20260117125146.jpg\",\"datePublished\":\"2026-01-19T17:39:56+00:00\",\"dateModified\":\"2026-01-19T17:40:41+00:00\",\"breadcrumb\":{\"@id\":\"https:\\\/\\\/janze-athletisme.fr\\\/wordpress\\\/la-marche-nordique-au-cross-du-mans\\\/#breadcrumb\"},\"inLanguage\":\"fr-FR\",\"potentialAction\":[{\"@type\":\"ReadAction\",\"target\":[\"https:\\\/\\\/janze-athletisme.fr\\\/wordpress\\\/la-marche-nordique-au-cross-du-mans\\\/\"]}]},{\"@type\":\"ImageObject\",\"inLanguage\":\"fr-FR\",\"@id\":\"https:\\\/\\\/janze-athletisme.fr\\\/wordpress\\\/la-marche-nordique-au-cross-du-mans\\\/#primaryimage\",\"url\":\"https:\\\/\\\/janze-athletisme.fr\\\/wordpress\\\/wp-content\\\/uploads\\\/2026\\\/01\\\/IMG20260117125146.jpg\",\"contentUrl\":\"https:\\\/\\\/janze-athletisme.fr\\\/wordpress\\\/wp-content\\\/uploads\\\/2026\\\/01\\\/IMG20260117125146.jpg\",\"width\":1000,\"height\":1000},{\"@type\":\"BreadcrumbList\",\"@id\":\"https:\\\/\\\/janze-athletisme.fr\\\/wordpress\\\/la-marche-nordique-au-cross-du-mans\\\/#breadcrumb\",\"itemListElement\":[{\"@type\":\"ListItem\",\"position\":1,\"name\":\"Accueil\",\"item\":\"https:\\\/\\\/janze-athletisme.fr\\\/wordpress\\\/\"},{\"@type\":\"ListItem\",\"position\":2,\"name\":\"La Marche nordique au cross du Mans\"}]},{\"@type\":\"WebSite\",\"@id\":\"https:\\\/\\\/janze-athletisme.fr\\\/wordpress\\\/#website\",\"url\":\"https:\\\/\\\/janze-athletisme.fr\\\/wordpress\\\/\",\"name\":\"Janz\u00e9 Athl\u00e9tisme\",\"description\":\"Pays de La Roche aux F\u00e9es\",\"publisher\":{\"@id\":\"https:\\\/\\\/janze-athletisme.fr\\\/wordpress\\\/#organization\"},\"potentialAction\":[{\"@type\":\"SearchAction\",\"target\":{\"@type\":\"EntryPoint\",\"urlTemplate\":\"https:\\\/\\\/janze-athletisme.fr\\\/wordpress\\\/?s={search_term_string}\"},\"query-input\":{\"@type\":\"PropertyValueSpecification\",\"valueRequired\":true,\"valueName\":\"search_term_string\"}}],\"inLanguage\":\"fr-FR\"},{\"@type\":\"Organization\",\"@id\":\"https:\\\/\\\/janze-athletisme.fr\\\/wordpress\\\/#organization\",\"name\":\"Janz\u00e9 Athl\u00e9tisme\",\"url\":\"https:\\\/\\\/janze-athletisme.fr\\\/wordpress\\\/\",\"logo\":{\"@type\":\"ImageObject\",\"inLanguage\":\"fr-FR\",\"@id\":\"https:\\\/\\\/janze-athletisme.fr\\\/wordpress\\\/#\\\/schema\\\/logo\\\/image\\\/\",\"url\":\"https:\\\/\\\/janze-athletisme.fr\\\/wordpress\\\/wp-content\\\/uploads\\\/2015\\\/03\\\/logo-full1.jpg\",\"contentUrl\":\"https:\\\/\\\/janze-athletisme.fr\\\/wordpress\\\/wp-content\\\/uploads\\\/2015\\\/03\\\/logo-full1.jpg\",\"width\":437,\"height\":205,\"caption\":\"Janz\u00e9 Athl\u00e9tisme\"},\"image\":{\"@id\":\"https:\\\/\\\/janze-athletisme.fr\\\/wordpress\\\/#\\\/schema\\\/logo\\\/image\\\/\"},\"sameAs\":[\"https:\\\/\\\/www.facebook.com\\\/groups\\\/1007964579346590\"]},{\"@type\":\"Person\",\"@id\":\"https:\\\/\\\/janze-athletisme.fr\\\/wordpress\\\/#\\\/schema\\\/person\\\/c7b063dcfa6234c041d4d9b26cc2ea03\",\"name\":\"Laurent Meunier\",\"image\":{\"@type\":\"ImageObject\",\"inLanguage\":\"fr-FR\",\"@id\":\"https:\\\/\\\/secure.gravatar.com\\\/avatar\\\/dd25d581ad7c3349090f2fa6a9adb6bfa287e6a5dd8a5216a092727cd8749034?s=96&d=mm&r=g\",\"url\":\"https:\\\/\\\/secure.gravatar.com\\\/avatar\\\/dd25d581ad7c3349090f2fa6a9adb6bfa287e6a5dd8a5216a092727cd8749034?s=96&d=mm&r=g\",\"contentUrl\":\"https:\\\/\\\/secure.gravatar.com\\\/avatar\\\/dd25d581ad7c3349090f2fa6a9adb6bfa287e6a5dd8a5216a092727cd8749034?s=96&d=mm&r=g\",\"caption\":\"Laurent Meunier\"},\"url\":\"https:\\\/\\\/janze-athletisme.fr\\\/wordpress\\\/author\\\/laurent-meunier35\\\/\"}]}<\/script>\n<!-- \/ Yoast SEO plugin. -->","yoast_head_json":{"title":"La Marche nordique au cross du Mans - Janz\u00e9 Athl\u00e9tisme","robots":{"index":"index","follow":"follow","max-snippet":"max-snippet:-1","max-image-preview":"max-image-preview:large","max-video-preview":"max-video-preview:-1"},"canonical":"https:\/\/janze-athletisme.fr\/wordpress\/la-marche-nordique-au-cross-du-mans\/","og_locale":"fr_FR","og_type":"article","og_title":"La Marche nordique au cross du Mans - Janz\u00e9 Athl\u00e9tisme","og_description":"Cross Ouest-France, Le Mans, samedi 17 janvier Ludovic Dr\u00e9an nous envoie ce message, suite \u00e0 la sortie du groupe des comp\u00e9titeurs de la marche nordique au Mans, \u00e0 l&rsquo;occasion du cross du quotidien le plus vendu de France (et de loin) : \u00ab\u00a0Ce week-end, les marcheurs de Janz\u00e9 \u2014 Palmyre, Karine, Pierre et Ludovic \u2014 [&hellip;]","og_url":"https:\/\/janze-athletisme.fr\/wordpress\/la-marche-nordique-au-cross-du-mans\/","og_site_name":"Janz\u00e9 Athl\u00e9tisme","article_publisher":"https:\/\/www.facebook.com\/groups\/1007964579346590","article_published_time":"2026-01-19T17:39:56+00:00","article_modified_time":"2026-01-19T17:40:41+00:00","og_image":[{"width":1000,"height":1000,"url":"https:\/\/janze-athletisme.fr\/wordpress\/wp-content\/uploads\/2026\/01\/IMG20260117125146.jpg","type":"image\/jpeg"}],"author":"Laurent Meunier","twitter_card":"summary_large_image","twitter_misc":{"\u00c9crit par":"Laurent Meunier","Dur\u00e9e de lecture estim\u00e9e":"2 minutes"},"schema":{"@context":"https:\/\/schema.org","@graph":[{"@type":"Article","@id":"https:\/\/janze-athletisme.fr\/wordpress\/la-marche-nordique-au-cross-du-mans\/#article","isPartOf":{"@id":"https:\/\/janze-athletisme.fr\/wordpress\/la-marche-nordique-au-cross-du-mans\/"},"author":{"name":"Laurent Meunier","@id":"https:\/\/janze-athletisme.fr\/wordpress\/#\/schema\/person\/c7b063dcfa6234c041d4d9b26cc2ea03"},"headline":"La Marche nordique au cross du Mans","datePublished":"2026-01-19T17:39:56+00:00","dateModified":"2026-01-19T17:40:41+00:00","mainEntityOfPage":{"@id":"https:\/\/janze-athletisme.fr\/wordpress\/la-marche-nordique-au-cross-du-mans\/"},"wordCount":140,"commentCount":0,"publisher":{"@id":"https:\/\/janze-athletisme.fr\/wordpress\/#organization"},"image":{"@id":"https:\/\/janze-athletisme.fr\/wordpress\/la-marche-nordique-au-cross-du-mans\/#primaryimage"},"thumbnailUrl":"https:\/\/janze-athletisme.fr\/wordpress\/wp-content\/uploads\/2026\/01\/IMG20260117125146.jpg","articleSection":["Le club au jour le jour"],"inLanguage":"fr-FR","potentialAction":[{"@type":"CommentAction","name":"Comment","target":["https:\/\/janze-athletisme.fr\/wordpress\/la-marche-nordique-au-cross-du-mans\/#respond"]}]},{"@type":"WebPage","@id":"https:\/\/janze-athletisme.fr\/wordpress\/la-marche-nordique-au-cross-du-mans\/","url":"https:\/\/janze-athletisme.fr\/wordpress\/la-marche-nordique-au-cross-du-mans\/","name":"La Marche nordique au cross du Mans - Janz\u00e9 Athl\u00e9tisme","isPartOf":{"@id":"https:\/\/janze-athletisme.fr\/wordpress\/#website"},"primaryImageOfPage":{"@id":"https:\/\/janze-athletisme.fr\/wordpress\/la-marche-nordique-au-cross-du-mans\/#primaryimage"},"image":{"@id":"https:\/\/janze-athletisme.fr\/wordpress\/la-marche-nordique-au-cross-du-mans\/#primaryimage"},"thumbnailUrl":"https:\/\/janze-athletisme.fr\/wordpress\/wp-content\/uploads\/2026\/01\/IMG20260117125146.jpg","datePublished":"2026-01-19T17:39:56+00:00","dateModified":"2026-01-19T17:40:41+00:00","breadcrumb":{"@id":"https:\/\/janze-athletisme.fr\/wordpress\/la-marche-nordique-au-cross-du-mans\/#breadcrumb"},"inLanguage":"fr-FR","potentialAction":[{"@type":"ReadAction","target":["https:\/\/janze-athletisme.fr\/wordpress\/la-marche-nordique-au-cross-du-mans\/"]}]},{"@type":"ImageObject","inLanguage":"fr-FR","@id":"https:\/\/janze-athletisme.fr\/wordpress\/la-marche-nordique-au-cross-du-mans\/#primaryimage","url":"https:\/\/janze-athletisme.fr\/wordpress\/wp-content\/uploads\/2026\/01\/IMG20260117125146.jpg","contentUrl":"https:\/\/janze-athletisme.fr\/wordpress\/wp-content\/uploads\/2026\/01\/IMG20260117125146.jpg","width":1000,"height":1000},{"@type":"BreadcrumbList","@id":"https:\/\/janze-athletisme.fr\/wordpress\/la-marche-nordique-au-cross-du-mans\/#breadcrumb","itemListElement":[{"@type":"ListItem","position":1,"name":"Accueil","item":"https:\/\/janze-athletisme.fr\/wordpress\/"},{"@type":"ListItem","position":2,"name":"La Marche nordique au cross du Mans"}]},{"@type":"WebSite","@id":"https:\/\/janze-athletisme.fr\/wordpress\/#website","url":"https:\/\/janze-athletisme.fr\/wordpress\/","name":"Janz\u00e9 Athl\u00e9tisme","description":"Pays de La Roche aux F\u00e9es","publisher":{"@id":"https:\/\/janze-athletisme.fr\/wordpress\/#organization"},"potentialAction":[{"@type":"SearchAction","target":{"@type":"EntryPoint","urlTemplate":"https:\/\/janze-athletisme.fr\/wordpress\/?s={search_term_string}"},"query-input":{"@type":"PropertyValueSpecification","valueRequired":true,"valueName":"search_term_string"}}],"inLanguage":"fr-FR"},{"@type":"Organization","@id":"https:\/\/janze-athletisme.fr\/wordpress\/#organization","name":"Janz\u00e9 Athl\u00e9tisme","url":"https:\/\/janze-athletisme.fr\/wordpress\/","logo":{"@type":"ImageObject","inLanguage":"fr-FR","@id":"https:\/\/janze-athletisme.fr\/wordpress\/#\/schema\/logo\/image\/","url":"https:\/\/janze-athletisme.fr\/wordpress\/wp-content\/uploads\/2015\/03\/logo-full1.jpg","contentUrl":"https:\/\/janze-athletisme.fr\/wordpress\/wp-content\/uploads\/2015\/03\/logo-full1.jpg","width":437,"height":205,"caption":"Janz\u00e9 Athl\u00e9tisme"},"image":{"@id":"https:\/\/janze-athletisme.fr\/wordpress\/#\/schema\/logo\/image\/"},"sameAs":["https:\/\/www.facebook.com\/groups\/1007964579346590"]},{"@type":"Person","@id":"https:\/\/janze-athletisme.fr\/wordpress\/#\/schema\/person\/c7b063dcfa6234c041d4d9b26cc2ea03","name":"Laurent Meunier","image":{"@type":"ImageObject","inLanguage":"fr-FR","@id":"https:\/\/secure.gravatar.com\/avatar\/dd25d581ad7c3349090f2fa6a9adb6bfa287e6a5dd8a5216a092727cd8749034?s=96&d=mm&r=g","url":"https:\/\/secure.gravatar.com\/avatar\/dd25d581ad7c3349090f2fa6a9adb6bfa287e6a5dd8a5216a092727cd8749034?s=96&d=mm&r=g","contentUrl":"https:\/\/secure.gravatar.com\/avatar\/dd25d581ad7c3349090f2fa6a9adb6bfa287e6a5dd8a5216a092727cd8749034?s=96&d=mm&r=g","caption":"Laurent Meunier"},"url":"https:\/\/janze-athletisme.fr\/wordpress\/author\/laurent-meunier35\/"}]}},"uagb_featured_image_src":{"full":["https:\/\/janze-athletisme.fr\/wordpress\/wp-content\/uploads\/2026\/01\/IMG20260117125146.jpg",1000,1000,false],"thumbnail":["https:\/\/janze-athletisme.fr\/wordpress\/wp-content\/uploads\/2026\/01\/IMG20260117125146-150x150.jpg",150,150,true],"medium":["https:\/\/janze-athletisme.fr\/wordpress\/wp-content\/uploads\/2026\/01\/IMG20260117125146-300x300.jpg",300,300,true],"medium_large":["https:\/\/janze-athletisme.fr\/wordpress\/wp-content\/uploads\/2026\/01\/IMG20260117125146-768x768.jpg",768,768,true],"large":["https:\/\/janze-athletisme.fr\/wordpress\/wp-content\/uploads\/2026\/01\/IMG20260117125146.jpg",1000,1000,false],"1536x1536":["https:\/\/janze-athletisme.fr\/wordpress\/wp-content\/uploads\/2026\/01\/IMG20260117125146.jpg",1000,1000,false],"2048x2048":["https:\/\/janze-athletisme.fr\/wordpress\/wp-content\/uploads\/2026\/01\/IMG20260117125146.jpg",1000,1000,false]},"uagb_author_info":{"display_name":"Laurent Meunier","author_link":"https:\/\/janze-athletisme.fr\/wordpress\/author\/laurent-meunier35\/"},"uagb_comment_info":0,"uagb_excerpt":"Cross Ouest-France, Le Mans, samedi 17 janvier Ludovic Dr\u00e9an nous envoie ce message, suite \u00e0 la sortie du groupe des comp\u00e9titeurs de la marche nordique au Mans, \u00e0 l&rsquo;occasion du cross du quotidien le plus vendu de France (et de loin) : \u00ab\u00a0Ce week-end, les marcheurs de Janz\u00e9 \u2014 Palmyre, Karine, Pierre et Ludovic \u2014\u2026","_links":{"self":[{"href":"https:\/\/janze-athletisme.fr\/wordpress\/wp-json\/wp\/v2\/posts\/29459","targetHints":{"allow":["GET"]}}],"collection":[{"href":"https:\/\/janze-athletisme.fr\/wordpress\/wp-json\/wp\/v2\/posts"}],"about":[{"href":"https:\/\/janze-athletisme.fr\/wordpress\/wp-json\/wp\/v2\/types\/post"}],"author":[{"embeddable":true,"href":"https:\/\/janze-athletisme.fr\/wordpress\/wp-json\/wp\/v2\/users\/12"}],"replies":[{"embeddable":true,"href":"https:\/\/janze-athletisme.fr\/wordpress\/wp-json\/wp\/v2\/comments?post=29459"}],"version-history":[{"count":2,"href":"https:\/\/janze-athletisme.fr\/wordpress\/wp-json\/wp\/v2\/posts\/29459\/revisions"}],"predecessor-version":[{"id":29463,"href":"https:\/\/janze-athletisme.fr\/wordpress\/wp-json\/wp\/v2\/posts\/29459\/revisions\/29463"}],"wp:featuredmedia":[{"embeddable":true,"href":"https:\/\/janze-athletisme.fr\/wordpress\/wp-json\/wp\/v2\/media\/29461"}],"wp:attachment":[{"href":"https:\/\/janze-athletisme.fr\/wordpress\/wp-json\/wp\/v2\/media?parent=29459"}],"wp:term":[{"taxonomy":"category","embeddable":true,"href":"https:\/\/janze-athletisme.fr\/wordpress\/wp-json\/wp\/v2\/categories?post=29459"},{"taxonomy":"post_tag","embeddable":true,"href":"https:\/\/janze-athletisme.fr\/wordpress\/wp-json\/wp\/v2\/tags?post=29459"}],"curies":[{"name":"wp","href":"https:\/\/api.w.org\/{rel}","templated":true}]}}