{"id":29439,"date":"2026-01-18T21:25:44","date_gmt":"2026-01-18T20:25:44","guid":{"rendered":"https:\/\/janze-athletisme.fr\/wordpress\/?p=29439"},"modified":"2026-01-19T22:43:49","modified_gmt":"2026-01-19T21:43:49","slug":"departementaux-de-cross-deux-podiums-pour-rose-et-les-minimes-filles","status":"publish","type":"post","link":"https:\/\/janze-athletisme.fr\/wordpress\/departementaux-de-cross-deux-podiums-pour-rose-et-les-minimes-filles\/","title":{"rendered":"D\u00e9partementaux de cross : deux podiums, pour Rose et les Minimes filles"},"content":{"rendered":"<p><span style=\"font-size: 18pt\"><strong><span style=\"font-family: verdana, geneva, sans-serif\">Championnat d&rsquo;Ille-et-Vilaine de cross, Saint-Onen-La-Chapelle, dimanche 18 janvier<\/span><\/strong><\/span><\/p>\n<p><span style=\"font-family: verdana, geneva, sans-serif;font-size: 12pt\">Que c&rsquo;est difficile de briller en Ille-et-Vilaine dans le domaine du cross, tellement nous avons de clubs experts dans le domaine : le HBA, l&rsquo;EAPB, l&rsquo;Athl\u00e9 Pays de Foug\u00e8res, l&rsquo;AC Br\u00e9tilien, le Stade Rennais&#8230; Voici plusieurs ann\u00e9es que l&rsquo;EAC essaie de se hisser au niveau requis, et y parvient sur la marge, notamment dans les jeunes cat\u00e9gories, mais il est toujours difficile, \u00e0 l&rsquo;heure de dresser le bilan, de savoir de quel c\u00f4t\u00e9 penche la balance.<\/span><\/p>\n<p><span style=\"font-family: verdana, geneva, sans-serif;font-size: 12pt\">L&rsquo;an pass\u00e9, nous \u00e9tions revenus de Foug\u00e8res avec cinq podiums (quatre par \u00e9quipes et un individuel), c&rsquo;\u00e9tait bien, les jeunes avaient montr\u00e9 la voie, et on pouvait se dire que nous \u00e9tions sur la bonne pente. 59 athl\u00e8tes s&rsquo;\u00e9taient qualifi\u00e9s pour les R\u00e9gionaux de Brest.<\/span><\/p>\n<p><span style=\"font-family: verdana, geneva, sans-serif;font-size: 12pt\">Cette ann\u00e9e, nous ne revenons de Saint-Onen qu&rsquo;avec deux podiums et 55 qualifi\u00e9s. C&rsquo;est bien, c&rsquo;est d\u00e9j\u00e0 bien, avec notamment des progr\u00e8s sensibles et \u00e0 noter chez les \u00c9lites, Hommes et femmes, o\u00f9 les deux \u00e9quipes se qualifient ais\u00e9ment, ainsi que chez les Masters Hommes, mais nos jeunes cat\u00e9gories, un peu moins performantes (beaucoup de cadets et juniors par exemple sont 1\u00e8re ann\u00e9e), ne permettent pas de remplir le tableau d&rsquo;honneur avec le m\u00eame brio que l&rsquo;an pass\u00e9. Sans parler des absents, bless\u00e9s ou malades.<\/span><\/p>\n<p><span style=\"font-family: verdana, geneva, sans-serif;font-size: 12pt\">On va donc \u00eatre optimistes et regarder le nombre de nos inscrits (79), le nombre de nos finishers (71), le nombre de tops 20 (12) ou de tops 30 (21) et trouver mati\u00e8re \u00e0 esp\u00e9rer pour les prochains tours. En cross, la v\u00e9rit\u00e9 d&rsquo;un jour n&rsquo;est jamais la v\u00e9rit\u00e9 de toujours, et on va continuer \u00e0 bosser pour que la balance, dans quinze jours, \u00e0 Carnac, penche du bon c\u00f4t\u00e9.<\/span><\/p>\n<p><span style=\"font-family: verdana, geneva, sans-serif;font-size: 12pt\">Voici le lien photo de <strong>Denis<\/strong> Caillaud, <a href=\"https:\/\/photos.app.goo.gl\/EvTd4S6iTWo9NB5o7\">ICI<\/a>. Merci Denis.<\/span><\/p>\n<p><a href=\"https:\/\/janze-athletisme.fr\/wordpress\/wp-content\/uploads\/2026\/01\/Rose-2e-St-Onen-18janv2025.jpg\">\u00a0<\/a><a href=\"https:\/\/janze-athletisme.fr\/wordpress\/wp-content\/uploads\/2026\/01\/Equipe-MIF-18janv2025-1.jpg\"><img loading=\"lazy\" decoding=\"async\" class=\"alignnone wp-image-29441\" src=\"https:\/\/janze-athletisme.fr\/wordpress\/wp-content\/uploads\/2026\/01\/Equipe-MIF-18janv2025-1-300x300.jpg\" alt=\"\" width=\"294\" height=\"294\" srcset=\"https:\/\/janze-athletisme.fr\/wordpress\/wp-content\/uploads\/2026\/01\/Equipe-MIF-18janv2025-1-300x300.jpg 300w, https:\/\/janze-athletisme.fr\/wordpress\/wp-content\/uploads\/2026\/01\/Equipe-MIF-18janv2025-1-150x150.jpg 150w, https:\/\/janze-athletisme.fr\/wordpress\/wp-content\/uploads\/2026\/01\/Equipe-MIF-18janv2025-1-768x768.jpg 768w, https:\/\/janze-athletisme.fr\/wordpress\/wp-content\/uploads\/2026\/01\/Equipe-MIF-18janv2025-1.jpg 1000w\" sizes=\"auto, (max-width: 294px) 100vw, 294px\" \/>\u00a0<\/a><a href=\"https:\/\/janze-athletisme.fr\/wordpress\/wp-content\/uploads\/2026\/01\/DSC_3205.jpg\"><img loading=\"lazy\" decoding=\"async\" class=\"alignnone  wp-image-29491\" src=\"https:\/\/janze-athletisme.fr\/wordpress\/wp-content\/uploads\/2026\/01\/DSC_3205-300x300.jpg\" alt=\"\" width=\"295\" height=\"295\" srcset=\"https:\/\/janze-athletisme.fr\/wordpress\/wp-content\/uploads\/2026\/01\/DSC_3205-300x300.jpg 300w, https:\/\/janze-athletisme.fr\/wordpress\/wp-content\/uploads\/2026\/01\/DSC_3205-150x150.jpg 150w, https:\/\/janze-athletisme.fr\/wordpress\/wp-content\/uploads\/2026\/01\/DSC_3205-768x768.jpg 768w, https:\/\/janze-athletisme.fr\/wordpress\/wp-content\/uploads\/2026\/01\/DSC_3205.jpg 1000w\" sizes=\"auto, (max-width: 295px) 100vw, 295px\" \/>\u00a0<\/a><a href=\"https:\/\/janze-athletisme.fr\/wordpress\/wp-content\/uploads\/2026\/01\/DSC_3210.jpg\"><img loading=\"lazy\" decoding=\"async\" class=\"alignnone  wp-image-29492\" src=\"https:\/\/janze-athletisme.fr\/wordpress\/wp-content\/uploads\/2026\/01\/DSC_3210-200x300.jpg\" alt=\"\" width=\"198\" height=\"297\" srcset=\"https:\/\/janze-athletisme.fr\/wordpress\/wp-content\/uploads\/2026\/01\/DSC_3210-200x300.jpg 200w, https:\/\/janze-athletisme.fr\/wordpress\/wp-content\/uploads\/2026\/01\/DSC_3210-683x1024.jpg 683w, https:\/\/janze-athletisme.fr\/wordpress\/wp-content\/uploads\/2026\/01\/DSC_3210-768x1152.jpg 768w, https:\/\/janze-athletisme.fr\/wordpress\/wp-content\/uploads\/2026\/01\/DSC_3210.jpg 1000w\" sizes=\"auto, (max-width: 198px) 100vw, 198px\" \/><\/a><\/p>\n<p><a href=\"https:\/\/janze-athletisme.fr\/wordpress\/wp-content\/uploads\/2026\/01\/Rose-2e-St-Onen-18janv2025.jpg\"><img loading=\"lazy\" decoding=\"async\" class=\"alignnone wp-image-29440\" src=\"https:\/\/janze-athletisme.fr\/wordpress\/wp-content\/uploads\/2026\/01\/Rose-2e-St-Onen-18janv2025-300x200.jpg\" alt=\"\" width=\"416\" height=\"278\" srcset=\"https:\/\/janze-athletisme.fr\/wordpress\/wp-content\/uploads\/2026\/01\/Rose-2e-St-Onen-18janv2025-300x200.jpg 300w, https:\/\/janze-athletisme.fr\/wordpress\/wp-content\/uploads\/2026\/01\/Rose-2e-St-Onen-18janv2025-1024x683.jpg 1024w, https:\/\/janze-athletisme.fr\/wordpress\/wp-content\/uploads\/2026\/01\/Rose-2e-St-Onen-18janv2025-768x512.jpg 768w, https:\/\/janze-athletisme.fr\/wordpress\/wp-content\/uploads\/2026\/01\/Rose-2e-St-Onen-18janv2025.jpg 1500w\" sizes=\"auto, (max-width: 416px) 100vw, 416px\" \/> <\/a><a href=\"https:\/\/janze-athletisme.fr\/wordpress\/wp-content\/uploads\/2026\/01\/DSC_3205.jpg\">\u00a0<\/a><a href=\"https:\/\/janze-athletisme.fr\/wordpress\/wp-content\/uploads\/2026\/01\/DSC_3210.jpg\">\u00a0\u00a0<\/a><a href=\"https:\/\/janze-athletisme.fr\/wordpress\/wp-content\/uploads\/2026\/01\/Classement-equipes-MIF.png\"><img loading=\"lazy\" decoding=\"async\" class=\"alignnone  wp-image-29493\" src=\"https:\/\/janze-athletisme.fr\/wordpress\/wp-content\/uploads\/2026\/01\/Classement-equipes-MIF-300x226.png\" alt=\"\" width=\"369\" height=\"278\" srcset=\"https:\/\/janze-athletisme.fr\/wordpress\/wp-content\/uploads\/2026\/01\/Classement-equipes-MIF-300x226.png 300w, https:\/\/janze-athletisme.fr\/wordpress\/wp-content\/uploads\/2026\/01\/Classement-equipes-MIF.png 632w\" sizes=\"auto, (max-width: 369px) 100vw, 369px\" \/><\/a><\/p>\n<p><em><span style=\"font-family: verdana, geneva, sans-serif\">Les deux podiums du jour : <strong>Rose<\/strong> Mah\u00e9 et les minimes filles. Avec une \u00e9quipe embl\u00e9matique, puisqu&rsquo;on y trouve une Bainaise (Rose), une Cessonnaise (<strong>Anna<\/strong> Lindrec), et, parmi les deux Janz\u00e9ennes, une demi-fondeuse (<strong>Nina<\/strong> Rocher) et une sprinteuse\/sauteuse (<strong>No\u00e9mie<\/strong> Leroux). Absente \u00e0 Saint-Onen, <strong>Kessy<\/strong> Brillet (Janz\u00e9) se joindra \u00e0 l&rsquo;\u00e9quipe pour Carnac.<\/span><\/em><\/p>\n","protected":false},"excerpt":{"rendered":"<p>Championnat d&rsquo;Ille-et-Vilaine de cross, Saint-Onen-La-Chapelle, dimanche 18 janvier Que c&rsquo;est difficile de briller en Ille-et-Vilaine dans le domaine du cross, tellement nous avons de clubs experts dans le domaine : le HBA, l&rsquo;EAPB, l&rsquo;Athl\u00e9 Pays de Foug\u00e8res, l&rsquo;AC Br\u00e9tilien, le Stade Rennais&#8230; Voici plusieurs ann\u00e9es que l&rsquo;EAC essaie de se hisser au niveau requis, et [&hellip;]<\/p>\n","protected":false},"author":12,"featured_media":29441,"comment_status":"open","ping_status":"open","sticky":false,"template":"","format":"aside","meta":{"_uag_custom_page_level_css":"","site-sidebar-layout":"default","site-content-layout":"","ast-site-content-layout":"default","site-content-style":"default","site-sidebar-style":"default","ast-global-header-display":"","ast-banner-title-visibility":"","ast-main-header-display":"","ast-hfb-above-header-display":"","ast-hfb-below-header-display":"","ast-hfb-mobile-header-display":"","site-post-title":"","ast-breadcrumbs-content":"","ast-featured-img":"","footer-sml-layout":"","ast-disable-related-posts":"","theme-transparent-header-meta":"default","adv-header-id-meta":"","stick-header-meta":"","header-above-stick-meta":"","header-main-stick-meta":"","header-below-stick-meta":"","astra-migrate-meta-layouts":"set","ast-page-background-enabled":"default","ast-page-background-meta":{"desktop":{"background-color":"var(--ast-global-color-4)","background-image":"","background-repeat":"repeat","background-position":"center center","background-size":"auto","background-attachment":"scroll","background-type":"","background-media":"","overlay-type":"","overlay-color":"","overlay-opacity":"","overlay-gradient":""},"tablet":{"background-color":"","background-image":"","background-repeat":"repeat","background-position":"center center","background-size":"auto","background-attachment":"scroll","background-type":"","background-media":"","overlay-type":"","overlay-color":"","overlay-opacity":"","overlay-gradient":""},"mobile":{"background-color":"","background-image":"","background-repeat":"repeat","background-position":"center center","background-size":"auto","background-attachment":"scroll","background-type":"","background-media":"","overlay-type":"","overlay-color":"","overlay-opacity":"","overlay-gradient":""}},"ast-content-background-meta":{"desktop":{"background-color":"var(--ast-global-color-5)","background-image":"","background-repeat":"repeat","background-position":"center center","background-size":"auto","background-attachment":"scroll","background-type":"","background-media":"","overlay-type":"","overlay-color":"","overlay-opacity":"","overlay-gradient":""},"tablet":{"background-color":"var(--ast-global-color-5)","background-image":"","background-repeat":"repeat","background-position":"center center","background-size":"auto","background-attachment":"scroll","background-type":"","background-media":"","overlay-type":"","overlay-color":"","overlay-opacity":"","overlay-gradient":""},"mobile":{"background-color":"var(--ast-global-color-5)","background-image":"","background-repeat":"repeat","background-position":"center center","background-size":"auto","background-attachment":"scroll","background-type":"","background-media":"","overlay-type":"","overlay-color":"","overlay-opacity":"","overlay-gradient":""}},"footnotes":""},"categories":[6],"tags":[],"class_list":["post-29439","post","type-post","status-publish","format-aside","has-post-thumbnail","hentry","category-sections","post_format-post-format-aside"],"yoast_head":"<!-- This site is optimized with the Yoast SEO plugin v27.4 - https:\/\/yoast.com\/product\/yoast-seo-wordpress\/ -->\n<title>D\u00e9partementaux de cross : deux podiums, pour Rose et les Minimes filles - Janz\u00e9 Athl\u00e9tisme<\/title>\n<meta name=\"robots\" content=\"index, follow, max-snippet:-1, max-image-preview:large, max-video-preview:-1\" \/>\n<link rel=\"canonical\" href=\"https:\/\/janze-athletisme.fr\/wordpress\/departementaux-de-cross-deux-podiums-pour-rose-et-les-minimes-filles\/\" \/>\n<meta property=\"og:locale\" content=\"fr_FR\" \/>\n<meta property=\"og:type\" content=\"article\" \/>\n<meta property=\"og:title\" content=\"D\u00e9partementaux de cross : deux podiums, pour Rose et les Minimes filles - Janz\u00e9 Athl\u00e9tisme\" \/>\n<meta property=\"og:description\" content=\"Championnat d&rsquo;Ille-et-Vilaine de cross, Saint-Onen-La-Chapelle, dimanche 18 janvier Que c&rsquo;est difficile de briller en Ille-et-Vilaine dans le domaine du cross, tellement nous avons de clubs experts dans le domaine : le HBA, l&rsquo;EAPB, l&rsquo;Athl\u00e9 Pays de Foug\u00e8res, l&rsquo;AC Br\u00e9tilien, le Stade Rennais&#8230; Voici plusieurs ann\u00e9es que l&rsquo;EAC essaie de se hisser au niveau requis, et [&hellip;]\" \/>\n<meta property=\"og:url\" content=\"https:\/\/janze-athletisme.fr\/wordpress\/departementaux-de-cross-deux-podiums-pour-rose-et-les-minimes-filles\/\" \/>\n<meta property=\"og:site_name\" content=\"Janz\u00e9 Athl\u00e9tisme\" \/>\n<meta property=\"article:publisher\" content=\"https:\/\/www.facebook.com\/groups\/1007964579346590\" \/>\n<meta property=\"article:published_time\" content=\"2026-01-18T20:25:44+00:00\" \/>\n<meta property=\"article:modified_time\" content=\"2026-01-19T21:43:49+00:00\" \/>\n<meta property=\"og:image\" content=\"https:\/\/janze-athletisme.fr\/wordpress\/wp-content\/uploads\/2026\/01\/Equipe-MIF-18janv2025-1.jpg\" \/>\n\t<meta property=\"og:image:width\" content=\"1000\" \/>\n\t<meta property=\"og:image:height\" content=\"1000\" \/>\n\t<meta property=\"og:image:type\" content=\"image\/jpeg\" \/>\n<meta name=\"author\" content=\"Laurent Meunier\" \/>\n<meta name=\"twitter:card\" content=\"summary_large_image\" \/>\n<meta name=\"twitter:label1\" content=\"\u00c9crit par\" \/>\n\t<meta name=\"twitter:data1\" content=\"Laurent Meunier\" \/>\n\t<meta name=\"twitter:label2\" content=\"Dur\u00e9e de lecture estim\u00e9e\" \/>\n\t<meta name=\"twitter:data2\" content=\"3 minutes\" \/>\n<script type=\"application\/ld+json\" class=\"yoast-schema-graph\">{\"@context\":\"https:\\\/\\\/schema.org\",\"@graph\":[{\"@type\":\"Article\",\"@id\":\"https:\\\/\\\/janze-athletisme.fr\\\/wordpress\\\/departementaux-de-cross-deux-podiums-pour-rose-et-les-minimes-filles\\\/#article\",\"isPartOf\":{\"@id\":\"https:\\\/\\\/janze-athletisme.fr\\\/wordpress\\\/departementaux-de-cross-deux-podiums-pour-rose-et-les-minimes-filles\\\/\"},\"author\":{\"name\":\"Laurent Meunier\",\"@id\":\"https:\\\/\\\/janze-athletisme.fr\\\/wordpress\\\/#\\\/schema\\\/person\\\/c7b063dcfa6234c041d4d9b26cc2ea03\"},\"headline\":\"D\u00e9partementaux de cross : deux podiums, pour Rose et les Minimes filles\",\"datePublished\":\"2026-01-18T20:25:44+00:00\",\"dateModified\":\"2026-01-19T21:43:49+00:00\",\"mainEntityOfPage\":{\"@id\":\"https:\\\/\\\/janze-athletisme.fr\\\/wordpress\\\/departementaux-de-cross-deux-podiums-pour-rose-et-les-minimes-filles\\\/\"},\"wordCount\":386,\"commentCount\":0,\"publisher\":{\"@id\":\"https:\\\/\\\/janze-athletisme.fr\\\/wordpress\\\/#organization\"},\"image\":{\"@id\":\"https:\\\/\\\/janze-athletisme.fr\\\/wordpress\\\/departementaux-de-cross-deux-podiums-pour-rose-et-les-minimes-filles\\\/#primaryimage\"},\"thumbnailUrl\":\"https:\\\/\\\/janze-athletisme.fr\\\/wordpress\\\/wp-content\\\/uploads\\\/2026\\\/01\\\/Equipe-MIF-18janv2025-1.jpg\",\"articleSection\":[\"Le club au jour le jour\"],\"inLanguage\":\"fr-FR\",\"potentialAction\":[{\"@type\":\"CommentAction\",\"name\":\"Comment\",\"target\":[\"https:\\\/\\\/janze-athletisme.fr\\\/wordpress\\\/departementaux-de-cross-deux-podiums-pour-rose-et-les-minimes-filles\\\/#respond\"]}]},{\"@type\":\"WebPage\",\"@id\":\"https:\\\/\\\/janze-athletisme.fr\\\/wordpress\\\/departementaux-de-cross-deux-podiums-pour-rose-et-les-minimes-filles\\\/\",\"url\":\"https:\\\/\\\/janze-athletisme.fr\\\/wordpress\\\/departementaux-de-cross-deux-podiums-pour-rose-et-les-minimes-filles\\\/\",\"name\":\"D\u00e9partementaux de cross : deux podiums, pour Rose et les Minimes filles - Janz\u00e9 Athl\u00e9tisme\",\"isPartOf\":{\"@id\":\"https:\\\/\\\/janze-athletisme.fr\\\/wordpress\\\/#website\"},\"primaryImageOfPage\":{\"@id\":\"https:\\\/\\\/janze-athletisme.fr\\\/wordpress\\\/departementaux-de-cross-deux-podiums-pour-rose-et-les-minimes-filles\\\/#primaryimage\"},\"image\":{\"@id\":\"https:\\\/\\\/janze-athletisme.fr\\\/wordpress\\\/departementaux-de-cross-deux-podiums-pour-rose-et-les-minimes-filles\\\/#primaryimage\"},\"thumbnailUrl\":\"https:\\\/\\\/janze-athletisme.fr\\\/wordpress\\\/wp-content\\\/uploads\\\/2026\\\/01\\\/Equipe-MIF-18janv2025-1.jpg\",\"datePublished\":\"2026-01-18T20:25:44+00:00\",\"dateModified\":\"2026-01-19T21:43:49+00:00\",\"breadcrumb\":{\"@id\":\"https:\\\/\\\/janze-athletisme.fr\\\/wordpress\\\/departementaux-de-cross-deux-podiums-pour-rose-et-les-minimes-filles\\\/#breadcrumb\"},\"inLanguage\":\"fr-FR\",\"potentialAction\":[{\"@type\":\"ReadAction\",\"target\":[\"https:\\\/\\\/janze-athletisme.fr\\\/wordpress\\\/departementaux-de-cross-deux-podiums-pour-rose-et-les-minimes-filles\\\/\"]}]},{\"@type\":\"ImageObject\",\"inLanguage\":\"fr-FR\",\"@id\":\"https:\\\/\\\/janze-athletisme.fr\\\/wordpress\\\/departementaux-de-cross-deux-podiums-pour-rose-et-les-minimes-filles\\\/#primaryimage\",\"url\":\"https:\\\/\\\/janze-athletisme.fr\\\/wordpress\\\/wp-content\\\/uploads\\\/2026\\\/01\\\/Equipe-MIF-18janv2025-1.jpg\",\"contentUrl\":\"https:\\\/\\\/janze-athletisme.fr\\\/wordpress\\\/wp-content\\\/uploads\\\/2026\\\/01\\\/Equipe-MIF-18janv2025-1.jpg\",\"width\":1000,\"height\":1000},{\"@type\":\"BreadcrumbList\",\"@id\":\"https:\\\/\\\/janze-athletisme.fr\\\/wordpress\\\/departementaux-de-cross-deux-podiums-pour-rose-et-les-minimes-filles\\\/#breadcrumb\",\"itemListElement\":[{\"@type\":\"ListItem\",\"position\":1,\"name\":\"Accueil\",\"item\":\"https:\\\/\\\/janze-athletisme.fr\\\/wordpress\\\/\"},{\"@type\":\"ListItem\",\"position\":2,\"name\":\"D\u00e9partementaux de cross : deux podiums, pour Rose et les Minimes filles\"}]},{\"@type\":\"WebSite\",\"@id\":\"https:\\\/\\\/janze-athletisme.fr\\\/wordpress\\\/#website\",\"url\":\"https:\\\/\\\/janze-athletisme.fr\\\/wordpress\\\/\",\"name\":\"Janz\u00e9 Athl\u00e9tisme\",\"description\":\"Pays de La Roche aux F\u00e9es\",\"publisher\":{\"@id\":\"https:\\\/\\\/janze-athletisme.fr\\\/wordpress\\\/#organization\"},\"potentialAction\":[{\"@type\":\"SearchAction\",\"target\":{\"@type\":\"EntryPoint\",\"urlTemplate\":\"https:\\\/\\\/janze-athletisme.fr\\\/wordpress\\\/?s={search_term_string}\"},\"query-input\":{\"@type\":\"PropertyValueSpecification\",\"valueRequired\":true,\"valueName\":\"search_term_string\"}}],\"inLanguage\":\"fr-FR\"},{\"@type\":\"Organization\",\"@id\":\"https:\\\/\\\/janze-athletisme.fr\\\/wordpress\\\/#organization\",\"name\":\"Janz\u00e9 Athl\u00e9tisme\",\"url\":\"https:\\\/\\\/janze-athletisme.fr\\\/wordpress\\\/\",\"logo\":{\"@type\":\"ImageObject\",\"inLanguage\":\"fr-FR\",\"@id\":\"https:\\\/\\\/janze-athletisme.fr\\\/wordpress\\\/#\\\/schema\\\/logo\\\/image\\\/\",\"url\":\"https:\\\/\\\/janze-athletisme.fr\\\/wordpress\\\/wp-content\\\/uploads\\\/2015\\\/03\\\/logo-full1.jpg\",\"contentUrl\":\"https:\\\/\\\/janze-athletisme.fr\\\/wordpress\\\/wp-content\\\/uploads\\\/2015\\\/03\\\/logo-full1.jpg\",\"width\":437,\"height\":205,\"caption\":\"Janz\u00e9 Athl\u00e9tisme\"},\"image\":{\"@id\":\"https:\\\/\\\/janze-athletisme.fr\\\/wordpress\\\/#\\\/schema\\\/logo\\\/image\\\/\"},\"sameAs\":[\"https:\\\/\\\/www.facebook.com\\\/groups\\\/1007964579346590\"]},{\"@type\":\"Person\",\"@id\":\"https:\\\/\\\/janze-athletisme.fr\\\/wordpress\\\/#\\\/schema\\\/person\\\/c7b063dcfa6234c041d4d9b26cc2ea03\",\"name\":\"Laurent Meunier\",\"image\":{\"@type\":\"ImageObject\",\"inLanguage\":\"fr-FR\",\"@id\":\"https:\\\/\\\/secure.gravatar.com\\\/avatar\\\/dd25d581ad7c3349090f2fa6a9adb6bfa287e6a5dd8a5216a092727cd8749034?s=96&d=mm&r=g\",\"url\":\"https:\\\/\\\/secure.gravatar.com\\\/avatar\\\/dd25d581ad7c3349090f2fa6a9adb6bfa287e6a5dd8a5216a092727cd8749034?s=96&d=mm&r=g\",\"contentUrl\":\"https:\\\/\\\/secure.gravatar.com\\\/avatar\\\/dd25d581ad7c3349090f2fa6a9adb6bfa287e6a5dd8a5216a092727cd8749034?s=96&d=mm&r=g\",\"caption\":\"Laurent Meunier\"},\"url\":\"https:\\\/\\\/janze-athletisme.fr\\\/wordpress\\\/author\\\/laurent-meunier35\\\/\"}]}<\/script>\n<!-- \/ Yoast SEO plugin. -->","yoast_head_json":{"title":"D\u00e9partementaux de cross : deux podiums, pour Rose et les Minimes filles - Janz\u00e9 Athl\u00e9tisme","robots":{"index":"index","follow":"follow","max-snippet":"max-snippet:-1","max-image-preview":"max-image-preview:large","max-video-preview":"max-video-preview:-1"},"canonical":"https:\/\/janze-athletisme.fr\/wordpress\/departementaux-de-cross-deux-podiums-pour-rose-et-les-minimes-filles\/","og_locale":"fr_FR","og_type":"article","og_title":"D\u00e9partementaux de cross : deux podiums, pour Rose et les Minimes filles - Janz\u00e9 Athl\u00e9tisme","og_description":"Championnat d&rsquo;Ille-et-Vilaine de cross, Saint-Onen-La-Chapelle, dimanche 18 janvier Que c&rsquo;est difficile de briller en Ille-et-Vilaine dans le domaine du cross, tellement nous avons de clubs experts dans le domaine : le HBA, l&rsquo;EAPB, l&rsquo;Athl\u00e9 Pays de Foug\u00e8res, l&rsquo;AC Br\u00e9tilien, le Stade Rennais&#8230; Voici plusieurs ann\u00e9es que l&rsquo;EAC essaie de se hisser au niveau requis, et [&hellip;]","og_url":"https:\/\/janze-athletisme.fr\/wordpress\/departementaux-de-cross-deux-podiums-pour-rose-et-les-minimes-filles\/","og_site_name":"Janz\u00e9 Athl\u00e9tisme","article_publisher":"https:\/\/www.facebook.com\/groups\/1007964579346590","article_published_time":"2026-01-18T20:25:44+00:00","article_modified_time":"2026-01-19T21:43:49+00:00","og_image":[{"width":1000,"height":1000,"url":"https:\/\/janze-athletisme.fr\/wordpress\/wp-content\/uploads\/2026\/01\/Equipe-MIF-18janv2025-1.jpg","type":"image\/jpeg"}],"author":"Laurent Meunier","twitter_card":"summary_large_image","twitter_misc":{"\u00c9crit par":"Laurent Meunier","Dur\u00e9e de lecture estim\u00e9e":"3 minutes"},"schema":{"@context":"https:\/\/schema.org","@graph":[{"@type":"Article","@id":"https:\/\/janze-athletisme.fr\/wordpress\/departementaux-de-cross-deux-podiums-pour-rose-et-les-minimes-filles\/#article","isPartOf":{"@id":"https:\/\/janze-athletisme.fr\/wordpress\/departementaux-de-cross-deux-podiums-pour-rose-et-les-minimes-filles\/"},"author":{"name":"Laurent Meunier","@id":"https:\/\/janze-athletisme.fr\/wordpress\/#\/schema\/person\/c7b063dcfa6234c041d4d9b26cc2ea03"},"headline":"D\u00e9partementaux de cross : deux podiums, pour Rose et les Minimes filles","datePublished":"2026-01-18T20:25:44+00:00","dateModified":"2026-01-19T21:43:49+00:00","mainEntityOfPage":{"@id":"https:\/\/janze-athletisme.fr\/wordpress\/departementaux-de-cross-deux-podiums-pour-rose-et-les-minimes-filles\/"},"wordCount":386,"commentCount":0,"publisher":{"@id":"https:\/\/janze-athletisme.fr\/wordpress\/#organization"},"image":{"@id":"https:\/\/janze-athletisme.fr\/wordpress\/departementaux-de-cross-deux-podiums-pour-rose-et-les-minimes-filles\/#primaryimage"},"thumbnailUrl":"https:\/\/janze-athletisme.fr\/wordpress\/wp-content\/uploads\/2026\/01\/Equipe-MIF-18janv2025-1.jpg","articleSection":["Le club au jour le jour"],"inLanguage":"fr-FR","potentialAction":[{"@type":"CommentAction","name":"Comment","target":["https:\/\/janze-athletisme.fr\/wordpress\/departementaux-de-cross-deux-podiums-pour-rose-et-les-minimes-filles\/#respond"]}]},{"@type":"WebPage","@id":"https:\/\/janze-athletisme.fr\/wordpress\/departementaux-de-cross-deux-podiums-pour-rose-et-les-minimes-filles\/","url":"https:\/\/janze-athletisme.fr\/wordpress\/departementaux-de-cross-deux-podiums-pour-rose-et-les-minimes-filles\/","name":"D\u00e9partementaux de cross : deux podiums, pour Rose et les Minimes filles - Janz\u00e9 Athl\u00e9tisme","isPartOf":{"@id":"https:\/\/janze-athletisme.fr\/wordpress\/#website"},"primaryImageOfPage":{"@id":"https:\/\/janze-athletisme.fr\/wordpress\/departementaux-de-cross-deux-podiums-pour-rose-et-les-minimes-filles\/#primaryimage"},"image":{"@id":"https:\/\/janze-athletisme.fr\/wordpress\/departementaux-de-cross-deux-podiums-pour-rose-et-les-minimes-filles\/#primaryimage"},"thumbnailUrl":"https:\/\/janze-athletisme.fr\/wordpress\/wp-content\/uploads\/2026\/01\/Equipe-MIF-18janv2025-1.jpg","datePublished":"2026-01-18T20:25:44+00:00","dateModified":"2026-01-19T21:43:49+00:00","breadcrumb":{"@id":"https:\/\/janze-athletisme.fr\/wordpress\/departementaux-de-cross-deux-podiums-pour-rose-et-les-minimes-filles\/#breadcrumb"},"inLanguage":"fr-FR","potentialAction":[{"@type":"ReadAction","target":["https:\/\/janze-athletisme.fr\/wordpress\/departementaux-de-cross-deux-podiums-pour-rose-et-les-minimes-filles\/"]}]},{"@type":"ImageObject","inLanguage":"fr-FR","@id":"https:\/\/janze-athletisme.fr\/wordpress\/departementaux-de-cross-deux-podiums-pour-rose-et-les-minimes-filles\/#primaryimage","url":"https:\/\/janze-athletisme.fr\/wordpress\/wp-content\/uploads\/2026\/01\/Equipe-MIF-18janv2025-1.jpg","contentUrl":"https:\/\/janze-athletisme.fr\/wordpress\/wp-content\/uploads\/2026\/01\/Equipe-MIF-18janv2025-1.jpg","width":1000,"height":1000},{"@type":"BreadcrumbList","@id":"https:\/\/janze-athletisme.fr\/wordpress\/departementaux-de-cross-deux-podiums-pour-rose-et-les-minimes-filles\/#breadcrumb","itemListElement":[{"@type":"ListItem","position":1,"name":"Accueil","item":"https:\/\/janze-athletisme.fr\/wordpress\/"},{"@type":"ListItem","position":2,"name":"D\u00e9partementaux de cross : deux podiums, pour Rose et les Minimes filles"}]},{"@type":"WebSite","@id":"https:\/\/janze-athletisme.fr\/wordpress\/#website","url":"https:\/\/janze-athletisme.fr\/wordpress\/","name":"Janz\u00e9 Athl\u00e9tisme","description":"Pays de La Roche aux F\u00e9es","publisher":{"@id":"https:\/\/janze-athletisme.fr\/wordpress\/#organization"},"potentialAction":[{"@type":"SearchAction","target":{"@type":"EntryPoint","urlTemplate":"https:\/\/janze-athletisme.fr\/wordpress\/?s={search_term_string}"},"query-input":{"@type":"PropertyValueSpecification","valueRequired":true,"valueName":"search_term_string"}}],"inLanguage":"fr-FR"},{"@type":"Organization","@id":"https:\/\/janze-athletisme.fr\/wordpress\/#organization","name":"Janz\u00e9 Athl\u00e9tisme","url":"https:\/\/janze-athletisme.fr\/wordpress\/","logo":{"@type":"ImageObject","inLanguage":"fr-FR","@id":"https:\/\/janze-athletisme.fr\/wordpress\/#\/schema\/logo\/image\/","url":"https:\/\/janze-athletisme.fr\/wordpress\/wp-content\/uploads\/2015\/03\/logo-full1.jpg","contentUrl":"https:\/\/janze-athletisme.fr\/wordpress\/wp-content\/uploads\/2015\/03\/logo-full1.jpg","width":437,"height":205,"caption":"Janz\u00e9 Athl\u00e9tisme"},"image":{"@id":"https:\/\/janze-athletisme.fr\/wordpress\/#\/schema\/logo\/image\/"},"sameAs":["https:\/\/www.facebook.com\/groups\/1007964579346590"]},{"@type":"Person","@id":"https:\/\/janze-athletisme.fr\/wordpress\/#\/schema\/person\/c7b063dcfa6234c041d4d9b26cc2ea03","name":"Laurent Meunier","image":{"@type":"ImageObject","inLanguage":"fr-FR","@id":"https:\/\/secure.gravatar.com\/avatar\/dd25d581ad7c3349090f2fa6a9adb6bfa287e6a5dd8a5216a092727cd8749034?s=96&d=mm&r=g","url":"https:\/\/secure.gravatar.com\/avatar\/dd25d581ad7c3349090f2fa6a9adb6bfa287e6a5dd8a5216a092727cd8749034?s=96&d=mm&r=g","contentUrl":"https:\/\/secure.gravatar.com\/avatar\/dd25d581ad7c3349090f2fa6a9adb6bfa287e6a5dd8a5216a092727cd8749034?s=96&d=mm&r=g","caption":"Laurent Meunier"},"url":"https:\/\/janze-athletisme.fr\/wordpress\/author\/laurent-meunier35\/"}]}},"uagb_featured_image_src":{"full":["https:\/\/janze-athletisme.fr\/wordpress\/wp-content\/uploads\/2026\/01\/Equipe-MIF-18janv2025-1.jpg",1000,1000,false],"thumbnail":["https:\/\/janze-athletisme.fr\/wordpress\/wp-content\/uploads\/2026\/01\/Equipe-MIF-18janv2025-1-150x150.jpg",150,150,true],"medium":["https:\/\/janze-athletisme.fr\/wordpress\/wp-content\/uploads\/2026\/01\/Equipe-MIF-18janv2025-1-300x300.jpg",300,300,true],"medium_large":["https:\/\/janze-athletisme.fr\/wordpress\/wp-content\/uploads\/2026\/01\/Equipe-MIF-18janv2025-1-768x768.jpg",768,768,true],"large":["https:\/\/janze-athletisme.fr\/wordpress\/wp-content\/uploads\/2026\/01\/Equipe-MIF-18janv2025-1.jpg",1000,1000,false],"1536x1536":["https:\/\/janze-athletisme.fr\/wordpress\/wp-content\/uploads\/2026\/01\/Equipe-MIF-18janv2025-1.jpg",1000,1000,false],"2048x2048":["https:\/\/janze-athletisme.fr\/wordpress\/wp-content\/uploads\/2026\/01\/Equipe-MIF-18janv2025-1.jpg",1000,1000,false]},"uagb_author_info":{"display_name":"Laurent Meunier","author_link":"https:\/\/janze-athletisme.fr\/wordpress\/author\/laurent-meunier35\/"},"uagb_comment_info":0,"uagb_excerpt":"Championnat d&rsquo;Ille-et-Vilaine de cross, Saint-Onen-La-Chapelle, dimanche 18 janvier Que c&rsquo;est difficile de briller en Ille-et-Vilaine dans le domaine du cross, tellement nous avons de clubs experts dans le domaine : le HBA, l&rsquo;EAPB, l&rsquo;Athl\u00e9 Pays de Foug\u00e8res, l&rsquo;AC Br\u00e9tilien, le Stade Rennais&#8230; Voici plusieurs ann\u00e9es que l&rsquo;EAC essaie de se hisser au niveau requis, et\u2026","_links":{"self":[{"href":"https:\/\/janze-athletisme.fr\/wordpress\/wp-json\/wp\/v2\/posts\/29439","targetHints":{"allow":["GET"]}}],"collection":[{"href":"https:\/\/janze-athletisme.fr\/wordpress\/wp-json\/wp\/v2\/posts"}],"about":[{"href":"https:\/\/janze-athletisme.fr\/wordpress\/wp-json\/wp\/v2\/types\/post"}],"author":[{"embeddable":true,"href":"https:\/\/janze-athletisme.fr\/wordpress\/wp-json\/wp\/v2\/users\/12"}],"replies":[{"embeddable":true,"href":"https:\/\/janze-athletisme.fr\/wordpress\/wp-json\/wp\/v2\/comments?post=29439"}],"version-history":[{"count":10,"href":"https:\/\/janze-athletisme.fr\/wordpress\/wp-json\/wp\/v2\/posts\/29439\/revisions"}],"predecessor-version":[{"id":29494,"href":"https:\/\/janze-athletisme.fr\/wordpress\/wp-json\/wp\/v2\/posts\/29439\/revisions\/29494"}],"wp:featuredmedia":[{"embeddable":true,"href":"https:\/\/janze-athletisme.fr\/wordpress\/wp-json\/wp\/v2\/media\/29441"}],"wp:attachment":[{"href":"https:\/\/janze-athletisme.fr\/wordpress\/wp-json\/wp\/v2\/media?parent=29439"}],"wp:term":[{"taxonomy":"category","embeddable":true,"href":"https:\/\/janze-athletisme.fr\/wordpress\/wp-json\/wp\/v2\/categories?post=29439"},{"taxonomy":"post_tag","embeddable":true,"href":"https:\/\/janze-athletisme.fr\/wordpress\/wp-json\/wp\/v2\/tags?post=29439"}],"curies":[{"name":"wp","href":"https:\/\/api.w.org\/{rel}","templated":true}]}}