{"id":29428,"date":"2026-01-18T21:46:55","date_gmt":"2026-01-18T20:46:55","guid":{"rendered":"https:\/\/janze-athletisme.fr\/wordpress\/?p=29428"},"modified":"2026-01-18T21:46:55","modified_gmt":"2026-01-18T20:46:55","slug":"st-onen-la-chapelle-les-seniors-et-masters-resume-et-resultats","status":"publish","type":"post","link":"https:\/\/janze-athletisme.fr\/wordpress\/st-onen-la-chapelle-les-seniors-et-masters-resume-et-resultats\/","title":{"rendered":"St Onen-La-Chapelle: Les s\u00e9niors et masters, r\u00e9sum\u00e9 et r\u00e9sultats !"},"content":{"rendered":"<h1 style=\"text-align: center;\"><span style=\"color: #800000; font-family: comic sans ms, sans-serif;\">Cross d\u00e9partemental<\/span><\/h1>\n<h1 style=\"text-align: center;\"><span style=\"color: #800000; font-family: comic sans ms, sans-serif;\">S\u00e9niors et Masters<\/span><\/h1>\n<p>&nbsp;<\/p>\n<p><span style=\"color: #000000;\">Journ\u00e9e exceptionnelle, toutes les cat\u00e9gories sont repr\u00e9sent\u00e9es, une vraie sortie club !<\/span><\/p>\n<p><span style=\"color: #000000;\">Pour ma part, vous aurez droit aux cat\u00e9gories adultes, \u00e0 savoir les s\u00e9niors, masters hommes et femmes. Mes photos, ainsi que celles de Christophe Gallut arrivent sous peu. Et oui, dur de courir et prendre des photos ! le temps de r\u00e9cup\u00e9rer celles de Gildas, Franck ou Denis et vous aurez de quoi r\u00eaver !!!<\/span><\/p>\n<p><span style=\"color: #000000;\">Laurent se fera une joie de vous parler des jeunes dans plusieurs articles \u00e0 suivre sous peu.<\/span><\/p>\n<p><span style=\"color: #000000;\">On ne le dira jamais assez, le cross, c&rsquo;est keskya de mieux dans la course \u00e0 pied. Plusieurs marches pour arriver au sommet.\u00a0 4 \u00e9tapes pour y arriver: d\u00e9partementaux, r\u00e9gionaux, inters et finale du championnat de France, le Graal ultime !!! finger in the nose !<\/span><\/p>\n<p><span style=\"color: #000000;\">Un parcours vari\u00e9, d\u00e9j\u00e0 connu de nos athl\u00e8tes car l&rsquo;EAPB avec St Onen avait d\u00e9j\u00e0 accueilli les d\u00e9partementaux il y a deux ans. Des mont\u00e9es, des descentes, des virages, du plat avec un tour d&rsquo;\u00e9tang sur le dur et de la boue (of course) mais pas plus que \u00e7a, on a connu plus gras ! et comme j&rsquo;ai eu la chance et l&rsquo;honneur de chausser les pointes, je vous livre mon ressenti !<\/span><\/p>\n<p><strong><span style=\"color: #800000;\">Course Elites Femme<\/span><\/strong><\/p>\n<p><span style=\"color: #000000;\">C&rsquo;est vrai qu&rsquo;on a connu des contingents plus importants, des absentes comme Lou ou Maryse mais l&rsquo;EAC \u00e9tait bien l\u00e0. En meneuse, une Tiphaine en tr\u00e8s grande forme qui a jou\u00e9 les premier r\u00f4les toute la course, bien remise apr\u00e8s une derni\u00e8re saison compliqu\u00e9e physiquement. Bien encourag\u00e9e par Mathieu, sa 7\u00e8me place a un go\u00fbt de victoire ! la championne d\u00e9partementale Laure Bertrand \u00e9tait quand m\u00eame un peu forte aujourd&rsquo;hui&#8230;Saluons \u00e9galement le retour de Sol\u00e8ne, pas encore \u00e0 son meilleure niveau mais 4 mois apr\u00e8s sa derni\u00e8re grossesse, sa performance est \u00e0 souligner ! Toujours avec le sourire, Virginie tient la drag\u00e9e haute aux p&rsquo;tites jeunes et nullement \u00e9mouss\u00e9e apr\u00e8s l&rsquo;Ultratrail du Jura, elle galope aussi vite que sur les montagnes, s\u00e9rieuse dans sa gestion de course, l&rsquo;exp\u00e9rience aidant. Tout pr\u00e8s derri\u00e8re, voil\u00e0 C\u00e9line notre 1\u00e8re janz\u00e9enne, All\u00e9luia ! \u00e9galement \u00e0 l&rsquo;aise sur un format comme le cross alors qu&rsquo;elle a tendance \u00e0 se sp\u00e9cialiser sur le trail. Ca reste de la boue en tout cas. Agathe ferme la marche mais elle terminera courageusement sa course. C&rsquo;est toujours formateur de se confronter \u00e0 la difficult\u00e9 et la souffrance, c&rsquo;est bon pour le mental tout \u00e7a !!!<\/span><\/p>\n<p><span style=\"color: #000000;\">Cerise sur la g\u00e2teau jaune et rouge de l&rsquo;EAC, 7\u00e8me place qualificative pour les championnats du monde de Bretagne ! tout le monde repart !!! nous aurons donc la chance de revoir ces dames dans 15 jours. Tremblez Laure Bertrand et autre Maryse Le Gallo!!!<\/span><\/p>\n<p><strong><span style=\"color: #800000;\">Course Masters Hommes<\/span><\/strong><\/p>\n<p><span style=\"color: #000000;\">Bon allez, soyons objectif, ce sont eux les plus beaux !!! quel magnifique ballet que ces proth\u00e8ses bien huil\u00e9es, ces grincements d&rsquo;articulation, merci l&rsquo;arthrose ! les proth\u00e8ses dentaires qui volent lors de rugueux contacts, honneur et gloire \u00e0 nos anciens qui ont ouvert la grande boucle et pr\u00e9par\u00e9 le terrain pour les Elites femmes et hommes. De rien ! Plus nombreux que les femmes mais quelques absents notoires comme Seb L\u00e9v\u00eaque ou Wilfrid; certains malheureusement diminu\u00e9s physiquement comme Guy qui sera contraint \u00e0 l&rsquo;abandon et Micka\u00ebl \u00ab\u00a0Keulkeul\u00a0\u00bb Balluet qui rate la qualif&rsquo; pour 2 malheureuses places. Slimane, Fabien et Micka\u00ebl Piquet ont tenu leur rang, on les savait en forme, ils n&rsquo;ont pas d\u00e9\u00e7u ! Samuel Bergeon est un peu en de\u00e7a de son niveau mais \u00e7a passe, tout comme Julien qui assure, le fiston ayant montr\u00e9 la voie en cadet. Ca passe \u00e9galement pour Cyril et Denis, ce dernier apr\u00e8s un cross des Picaous d\u00e9cevant a montr\u00e9 un esprit revanchard et se qualifie brillamment. Concernant ma course, bah pas de qualif&rsquo; mais content quand m\u00eame d&rsquo;avoir couru avec les copains et d&rsquo;avoir mis 45 secondes \u00e0 Bruno Rageau de l&rsquo;HBA qui m&rsquo;avait souffl\u00e9 ma place pour les qualifs&rsquo; il y a deux ans, sans rancune, va ! Une belle course de Lo\u00efc qui fait mieux qu&rsquo;il y a deux ans sur le m\u00eame parcours, une course s\u00e9rieuse et r\u00e9guli\u00e8re. Dommage pour S\u00e9bastien du BBA qui malheureusement abandonnera comme Guy. A charge de revanche !<\/span><\/p>\n<p><span style=\"color: #000000;\">Pour les Masters, une \u00e9quipe de qualifi\u00e9e sur deux. De justesse mais \u00e7a passe ! 13\u00e8me sur 13 qualifiables, gloups ! 25 sur 29 pour la deuxi\u00e8me \u00e9quipe.<\/span><\/p>\n<p>&nbsp;<\/p>\n<p style=\"text-align: left;\"><strong><span style=\"color: #800000;\">Course Elites Hommes<\/span><\/strong><\/p>\n<p><span style=\"color: #000000;\">On les attendait au tournant ! un gros contingent, 11 athl\u00e8tes, de la densit\u00e9 ! pas de Micka\u00ebl Auroy par contre lui aussi bless\u00e9 et Basile reparti aux States. Beaucoup de petits nouveaux et n\u00e9ophytes sur la sp\u00e9cialit\u00e9. Perso j&rsquo;esp\u00e9rais un pensionnaire de l&rsquo;EAC dans le top 20, Mathys finira 17\u00e8me au scratch ! Un peu d\u00e9\u00e7u par sa 4\u00e8me place Espoir et une arriv\u00e9e au sprint un peu d\u00e9cousue&#8230;au vu du niveau devant, cela rel\u00e8ve de l&rsquo;exploit ! pour info, c&rsquo;est Jawad Abdelmoula, un triathl\u00e8te dor\u00e9navant \u00e0 l&rsquo;EAPB qui remportera le championnat, athl\u00e8te bien connu \u00e0 Janz\u00e9 car il a \u00e9t\u00e9 le parrain de la course Les Toqu\u00e9s de Janz\u00e9. Un gars super sympa et abordable par ailleurs ! Membre de l&rsquo;\u00e9quipe du Maroc de triathlon, il a particip\u00e9 aux JO de Paris. Et oui, il y a du niveau sur les cross ! Seb Kerneis lui aussi a tenu son rang et rentre dans le top 30 ! quant \u00e0 Paul Azuelos, pour son tout 1er cross, il termine 42\u00e8me et m\u00eame pas plus fatigu\u00e9 que \u00e7a ! content de son exp\u00e9rience, on l&rsquo;attendra au tournant \u00e0 Carnac maintenant qu&rsquo;il voit ce qu&rsquo;il y a \u00e0 faire !!! il avait brill\u00e9 \u00e9galement au cross de Janz\u00e9, Donovan assure \u00e9galement et a bien mouill\u00e9 le maillot (comme tous les participants d&rsquo;ailleurs).<\/span><\/p>\n<p><span style=\"color: #000000;\">Et voil\u00e0 Mathieu suivi de pr\u00e8s par Ga\u00ebtan, n\u00e9ophyte lui aussi qui d\u00e9couvre la discipline \u00e9galement. Pas Mathieu qui en vieux briscard a voulu montrer \u00e0 Tiphanie que les pointes ne lui faisaient pas peur ! qualifi\u00e9 en individuel, Fred a su se mobiliser et surfer sur sa bonne forme du moment, qualif propre et nette ! deux pensionnaires du BBA: Pierre-Xavier et Alexandre qu&rsquo;on retrouve chaque fois avec plaisir, c&rsquo;est aussi \u00e7a l&rsquo;EAC. Pour 15 secondes et 15 places, \u00e7a ne passe pas malheureusement pour Julien, 1er cross depuis le coll\u00e8ge ! content malgr\u00e9 tout de l&rsquo;exp\u00e9rience. Dommage \u00e9galement pour Dylan et Romain mais soyez fier de votre perf les gars, vous laissez du monde derri\u00e8re vous. Pas grave, on ira voir les copains \u00e0 Carnac !<\/span><\/p>\n<p><span style=\"color: #000000;\">Une \u00e9quipe sur deux de qualifi\u00e9e mais \u00e0 noter ce qu&rsquo;on attendait et esp\u00e9rait, 7\u00e8me \u00e9quipe ! \u00e0 savoir que l&rsquo;HBA avait 3 \u00e9quipes devant (deux seulement de qualifi\u00e9es, question de r\u00e8glement) et l&rsquo;EAPB qui comptait deux \u00e9quipes. On ajoute Foug\u00e8res et voil\u00e0 l&rsquo;EAC 3\u00e8me club Elites du d\u00e9partement ! 6\u00e8me \u00e9quipe sur 14 \u00e9quipes qualifi\u00e9es. <\/span><\/p>\n<p><span style=\"color: #000000;\">Certes, il y a du monde et de la densit\u00e9 chez ces clubs mais nous y arrivons et allons y arriver&#8230;27\u00e8me sur 33, notre \u00e9quipe 2 n&rsquo;a pas \u00e0 rougir. Patience et travail, apr\u00e8s plusieurs ann\u00e9es de disette en cross, les cat\u00e9gories adultes rel\u00e8vent la t\u00eate et commencent \u00e0 faire parler ! et pour une fois, les vieux ont de meilleurs r\u00e9sultats d&rsquo;ensembles que les jeunes, \u00e7a change ! Je sais pas vous mais je verrai bien Jawad avec un maillot jaune ! rigolez mais pour la petite histoire, il a failli venir chez nous il y a plusieurs ann\u00e9es de cela&#8230;<\/span><\/p>\n<p><span style=\"color: #000000;\">Allez, il faut bien r\u00eaver un peu, quoique si tu es rapide, sympa, pas manchot avec des pointes ou un tartan, viens rejoindre la team EAC, tu verras on rigole bien aussi\u00a0 !<\/span><\/p>\n<p><span style=\"color: #000000;\">RDV \u00e0 Carnac dimanche 1er f\u00e9vrier pour les Championnats du monde de Bretagne de cross ! Force et honneur !!!<\/span><\/p>\n<p><span style=\"font-family: comic sans ms, sans-serif; color: #000000;\"><strong>Ah et oui j&rsquo;allais oublier, tous les r\u00e9sultats de la journ\u00e9e ici:<\/strong><\/span>\u00a0<strong><span style=\"color: #ff0000; font-size: 18pt;\"><a style=\"color: #ff0000;\" href=\"https:\/\/direct.athle.fr\/asp.net\/main.lives\/direct.aspx?competition=310631&amp;fbclid=PAdGRleAPZpnBleHRuA2FlbQIxMQBzcnRjBmFwcF9pZA8xMjQwMjQ1NzQyODc0MTQAAaewdH5j2ikOtKcfJ4hyMGt0IHZ-NiWtSJ-Zx4R9sL_MUXmLUzPhfDzVWepSfA_aem_sk2bLoxAUsRBAVX8UXbf6A\">clic<\/a><\/span><\/strong><\/p>\n","protected":false},"excerpt":{"rendered":"<p>Cross d\u00e9partemental S\u00e9niors et Masters &nbsp; Journ\u00e9e exceptionnelle, toutes les cat\u00e9gories sont repr\u00e9sent\u00e9es, une vraie sortie club ! Pour ma part, vous aurez droit aux cat\u00e9gories adultes, \u00e0 savoir les s\u00e9niors, masters hommes et femmes. Mes photos, ainsi que celles de Christophe Gallut arrivent sous peu. Et oui, dur de courir et prendre des photos [&hellip;]<\/p>\n","protected":false},"author":8,"featured_media":29429,"comment_status":"open","ping_status":"open","sticky":false,"template":"","format":"aside","meta":{"_uag_custom_page_level_css":"","site-sidebar-layout":"default","site-content-layout":"","ast-site-content-layout":"default","site-content-style":"default","site-sidebar-style":"default","ast-global-header-display":"","ast-banner-title-visibility":"","ast-main-header-display":"","ast-hfb-above-header-display":"","ast-hfb-below-header-display":"","ast-hfb-mobile-header-display":"","site-post-title":"","ast-breadcrumbs-content":"","ast-featured-img":"","footer-sml-layout":"","ast-disable-related-posts":"","theme-transparent-header-meta":"default","adv-header-id-meta":"","stick-header-meta":"","header-above-stick-meta":"","header-main-stick-meta":"","header-below-stick-meta":"","astra-migrate-meta-layouts":"set","ast-page-background-enabled":"default","ast-page-background-meta":{"desktop":{"background-color":"var(--ast-global-color-4)","background-image":"","background-repeat":"repeat","background-position":"center center","background-size":"auto","background-attachment":"scroll","background-type":"","background-media":"","overlay-type":"","overlay-color":"","overlay-opacity":"","overlay-gradient":""},"tablet":{"background-color":"","background-image":"","background-repeat":"repeat","background-position":"center center","background-size":"auto","background-attachment":"scroll","background-type":"","background-media":"","overlay-type":"","overlay-color":"","overlay-opacity":"","overlay-gradient":""},"mobile":{"background-color":"","background-image":"","background-repeat":"repeat","background-position":"center center","background-size":"auto","background-attachment":"scroll","background-type":"","background-media":"","overlay-type":"","overlay-color":"","overlay-opacity":"","overlay-gradient":""}},"ast-content-background-meta":{"desktop":{"background-color":"var(--ast-global-color-5)","background-image":"","background-repeat":"repeat","background-position":"center center","background-size":"auto","background-attachment":"scroll","background-type":"","background-media":"","overlay-type":"","overlay-color":"","overlay-opacity":"","overlay-gradient":""},"tablet":{"background-color":"var(--ast-global-color-5)","background-image":"","background-repeat":"repeat","background-position":"center center","background-size":"auto","background-attachment":"scroll","background-type":"","background-media":"","overlay-type":"","overlay-color":"","overlay-opacity":"","overlay-gradient":""},"mobile":{"background-color":"var(--ast-global-color-5)","background-image":"","background-repeat":"repeat","background-position":"center center","background-size":"auto","background-attachment":"scroll","background-type":"","background-media":"","overlay-type":"","overlay-color":"","overlay-opacity":"","overlay-gradient":""}},"footnotes":""},"categories":[6],"tags":[],"class_list":["post-29428","post","type-post","status-publish","format-aside","has-post-thumbnail","hentry","category-sections","post_format-post-format-aside"],"yoast_head":"<!-- This site is optimized with the Yoast SEO plugin v27.5 - https:\/\/yoast.com\/product\/yoast-seo-wordpress\/ -->\n<title>St Onen-La-Chapelle: Les s\u00e9niors et masters, r\u00e9sum\u00e9 et r\u00e9sultats ! - Janz\u00e9 Athl\u00e9tisme<\/title>\n<meta name=\"robots\" content=\"index, follow, max-snippet:-1, max-image-preview:large, max-video-preview:-1\" \/>\n<link rel=\"canonical\" href=\"https:\/\/janze-athletisme.fr\/wordpress\/st-onen-la-chapelle-les-seniors-et-masters-resume-et-resultats\/\" \/>\n<meta property=\"og:locale\" content=\"fr_FR\" \/>\n<meta property=\"og:type\" content=\"article\" \/>\n<meta property=\"og:title\" content=\"St Onen-La-Chapelle: Les s\u00e9niors et masters, r\u00e9sum\u00e9 et r\u00e9sultats ! - Janz\u00e9 Athl\u00e9tisme\" \/>\n<meta property=\"og:description\" content=\"Cross d\u00e9partemental S\u00e9niors et Masters &nbsp; Journ\u00e9e exceptionnelle, toutes les cat\u00e9gories sont repr\u00e9sent\u00e9es, une vraie sortie club ! Pour ma part, vous aurez droit aux cat\u00e9gories adultes, \u00e0 savoir les s\u00e9niors, masters hommes et femmes. Mes photos, ainsi que celles de Christophe Gallut arrivent sous peu. Et oui, dur de courir et prendre des photos [&hellip;]\" \/>\n<meta property=\"og:url\" content=\"https:\/\/janze-athletisme.fr\/wordpress\/st-onen-la-chapelle-les-seniors-et-masters-resume-et-resultats\/\" \/>\n<meta property=\"og:site_name\" content=\"Janz\u00e9 Athl\u00e9tisme\" \/>\n<meta property=\"article:publisher\" content=\"https:\/\/www.facebook.com\/groups\/1007964579346590\" \/>\n<meta property=\"article:published_time\" content=\"2026-01-18T20:46:55+00:00\" \/>\n<meta property=\"og:image\" content=\"https:\/\/janze-athletisme.fr\/wordpress\/wp-content\/uploads\/2026\/01\/WhatsApp-Image-2026-01-18-at-18.12.54.jpeg\" \/>\n\t<meta property=\"og:image:width\" content=\"1600\" \/>\n\t<meta property=\"og:image:height\" content=\"901\" \/>\n\t<meta property=\"og:image:type\" content=\"image\/jpeg\" \/>\n<meta name=\"author\" content=\"Jean-Marie Jouzel\" \/>\n<meta name=\"twitter:card\" content=\"summary_large_image\" \/>\n<meta name=\"twitter:label1\" content=\"\u00c9crit par\" \/>\n\t<meta name=\"twitter:data1\" content=\"Jean-Marie Jouzel\" \/>\n\t<meta name=\"twitter:label2\" content=\"Dur\u00e9e de lecture estim\u00e9e\" \/>\n\t<meta name=\"twitter:data2\" content=\"7 minutes\" \/>\n<script type=\"application\/ld+json\" class=\"yoast-schema-graph\">{\"@context\":\"https:\\\/\\\/schema.org\",\"@graph\":[{\"@type\":\"Article\",\"@id\":\"https:\\\/\\\/janze-athletisme.fr\\\/wordpress\\\/st-onen-la-chapelle-les-seniors-et-masters-resume-et-resultats\\\/#article\",\"isPartOf\":{\"@id\":\"https:\\\/\\\/janze-athletisme.fr\\\/wordpress\\\/st-onen-la-chapelle-les-seniors-et-masters-resume-et-resultats\\\/\"},\"author\":{\"name\":\"Jean-Marie Jouzel\",\"@id\":\"https:\\\/\\\/janze-athletisme.fr\\\/wordpress\\\/#\\\/schema\\\/person\\\/e27efa3d49687b81c679eb0b5c4973e9\"},\"headline\":\"St Onen-La-Chapelle: Les s\u00e9niors et masters, r\u00e9sum\u00e9 et r\u00e9sultats !\",\"datePublished\":\"2026-01-18T20:46:55+00:00\",\"mainEntityOfPage\":{\"@id\":\"https:\\\/\\\/janze-athletisme.fr\\\/wordpress\\\/st-onen-la-chapelle-les-seniors-et-masters-resume-et-resultats\\\/\"},\"wordCount\":1391,\"commentCount\":0,\"publisher\":{\"@id\":\"https:\\\/\\\/janze-athletisme.fr\\\/wordpress\\\/#organization\"},\"image\":{\"@id\":\"https:\\\/\\\/janze-athletisme.fr\\\/wordpress\\\/st-onen-la-chapelle-les-seniors-et-masters-resume-et-resultats\\\/#primaryimage\"},\"thumbnailUrl\":\"https:\\\/\\\/janze-athletisme.fr\\\/wordpress\\\/wp-content\\\/uploads\\\/2026\\\/01\\\/WhatsApp-Image-2026-01-18-at-18.12.54.jpeg\",\"articleSection\":[\"Le club au jour le jour\"],\"inLanguage\":\"fr-FR\",\"potentialAction\":[{\"@type\":\"CommentAction\",\"name\":\"Comment\",\"target\":[\"https:\\\/\\\/janze-athletisme.fr\\\/wordpress\\\/st-onen-la-chapelle-les-seniors-et-masters-resume-et-resultats\\\/#respond\"]}]},{\"@type\":\"WebPage\",\"@id\":\"https:\\\/\\\/janze-athletisme.fr\\\/wordpress\\\/st-onen-la-chapelle-les-seniors-et-masters-resume-et-resultats\\\/\",\"url\":\"https:\\\/\\\/janze-athletisme.fr\\\/wordpress\\\/st-onen-la-chapelle-les-seniors-et-masters-resume-et-resultats\\\/\",\"name\":\"St Onen-La-Chapelle: Les s\u00e9niors et masters, r\u00e9sum\u00e9 et r\u00e9sultats ! - Janz\u00e9 Athl\u00e9tisme\",\"isPartOf\":{\"@id\":\"https:\\\/\\\/janze-athletisme.fr\\\/wordpress\\\/#website\"},\"primaryImageOfPage\":{\"@id\":\"https:\\\/\\\/janze-athletisme.fr\\\/wordpress\\\/st-onen-la-chapelle-les-seniors-et-masters-resume-et-resultats\\\/#primaryimage\"},\"image\":{\"@id\":\"https:\\\/\\\/janze-athletisme.fr\\\/wordpress\\\/st-onen-la-chapelle-les-seniors-et-masters-resume-et-resultats\\\/#primaryimage\"},\"thumbnailUrl\":\"https:\\\/\\\/janze-athletisme.fr\\\/wordpress\\\/wp-content\\\/uploads\\\/2026\\\/01\\\/WhatsApp-Image-2026-01-18-at-18.12.54.jpeg\",\"datePublished\":\"2026-01-18T20:46:55+00:00\",\"breadcrumb\":{\"@id\":\"https:\\\/\\\/janze-athletisme.fr\\\/wordpress\\\/st-onen-la-chapelle-les-seniors-et-masters-resume-et-resultats\\\/#breadcrumb\"},\"inLanguage\":\"fr-FR\",\"potentialAction\":[{\"@type\":\"ReadAction\",\"target\":[\"https:\\\/\\\/janze-athletisme.fr\\\/wordpress\\\/st-onen-la-chapelle-les-seniors-et-masters-resume-et-resultats\\\/\"]}]},{\"@type\":\"ImageObject\",\"inLanguage\":\"fr-FR\",\"@id\":\"https:\\\/\\\/janze-athletisme.fr\\\/wordpress\\\/st-onen-la-chapelle-les-seniors-et-masters-resume-et-resultats\\\/#primaryimage\",\"url\":\"https:\\\/\\\/janze-athletisme.fr\\\/wordpress\\\/wp-content\\\/uploads\\\/2026\\\/01\\\/WhatsApp-Image-2026-01-18-at-18.12.54.jpeg\",\"contentUrl\":\"https:\\\/\\\/janze-athletisme.fr\\\/wordpress\\\/wp-content\\\/uploads\\\/2026\\\/01\\\/WhatsApp-Image-2026-01-18-at-18.12.54.jpeg\",\"width\":1600,\"height\":901},{\"@type\":\"BreadcrumbList\",\"@id\":\"https:\\\/\\\/janze-athletisme.fr\\\/wordpress\\\/st-onen-la-chapelle-les-seniors-et-masters-resume-et-resultats\\\/#breadcrumb\",\"itemListElement\":[{\"@type\":\"ListItem\",\"position\":1,\"name\":\"Accueil\",\"item\":\"https:\\\/\\\/janze-athletisme.fr\\\/wordpress\\\/\"},{\"@type\":\"ListItem\",\"position\":2,\"name\":\"St Onen-La-Chapelle: Les s\u00e9niors et masters, r\u00e9sum\u00e9 et r\u00e9sultats !\"}]},{\"@type\":\"WebSite\",\"@id\":\"https:\\\/\\\/janze-athletisme.fr\\\/wordpress\\\/#website\",\"url\":\"https:\\\/\\\/janze-athletisme.fr\\\/wordpress\\\/\",\"name\":\"Janz\u00e9 Athl\u00e9tisme\",\"description\":\"Pays de La Roche aux F\u00e9es\",\"publisher\":{\"@id\":\"https:\\\/\\\/janze-athletisme.fr\\\/wordpress\\\/#organization\"},\"potentialAction\":[{\"@type\":\"SearchAction\",\"target\":{\"@type\":\"EntryPoint\",\"urlTemplate\":\"https:\\\/\\\/janze-athletisme.fr\\\/wordpress\\\/?s={search_term_string}\"},\"query-input\":{\"@type\":\"PropertyValueSpecification\",\"valueRequired\":true,\"valueName\":\"search_term_string\"}}],\"inLanguage\":\"fr-FR\"},{\"@type\":\"Organization\",\"@id\":\"https:\\\/\\\/janze-athletisme.fr\\\/wordpress\\\/#organization\",\"name\":\"Janz\u00e9 Athl\u00e9tisme\",\"url\":\"https:\\\/\\\/janze-athletisme.fr\\\/wordpress\\\/\",\"logo\":{\"@type\":\"ImageObject\",\"inLanguage\":\"fr-FR\",\"@id\":\"https:\\\/\\\/janze-athletisme.fr\\\/wordpress\\\/#\\\/schema\\\/logo\\\/image\\\/\",\"url\":\"https:\\\/\\\/janze-athletisme.fr\\\/wordpress\\\/wp-content\\\/uploads\\\/2015\\\/03\\\/logo-full1.jpg\",\"contentUrl\":\"https:\\\/\\\/janze-athletisme.fr\\\/wordpress\\\/wp-content\\\/uploads\\\/2015\\\/03\\\/logo-full1.jpg\",\"width\":437,\"height\":205,\"caption\":\"Janz\u00e9 Athl\u00e9tisme\"},\"image\":{\"@id\":\"https:\\\/\\\/janze-athletisme.fr\\\/wordpress\\\/#\\\/schema\\\/logo\\\/image\\\/\"},\"sameAs\":[\"https:\\\/\\\/www.facebook.com\\\/groups\\\/1007964579346590\"]},{\"@type\":\"Person\",\"@id\":\"https:\\\/\\\/janze-athletisme.fr\\\/wordpress\\\/#\\\/schema\\\/person\\\/e27efa3d49687b81c679eb0b5c4973e9\",\"name\":\"Jean-Marie Jouzel\",\"image\":{\"@type\":\"ImageObject\",\"inLanguage\":\"fr-FR\",\"@id\":\"https:\\\/\\\/secure.gravatar.com\\\/avatar\\\/6aaee532914ad5ae9d6b4c13c953c6689456493b17979b560cf8fd0c344930ab?s=96&d=mm&r=g\",\"url\":\"https:\\\/\\\/secure.gravatar.com\\\/avatar\\\/6aaee532914ad5ae9d6b4c13c953c6689456493b17979b560cf8fd0c344930ab?s=96&d=mm&r=g\",\"contentUrl\":\"https:\\\/\\\/secure.gravatar.com\\\/avatar\\\/6aaee532914ad5ae9d6b4c13c953c6689456493b17979b560cf8fd0c344930ab?s=96&d=mm&r=g\",\"caption\":\"Jean-Marie Jouzel\"},\"url\":\"https:\\\/\\\/janze-athletisme.fr\\\/wordpress\\\/author\\\/jmjouzel\\\/\"}]}<\/script>\n<!-- \/ Yoast SEO plugin. -->","yoast_head_json":{"title":"St Onen-La-Chapelle: Les s\u00e9niors et masters, r\u00e9sum\u00e9 et r\u00e9sultats ! - Janz\u00e9 Athl\u00e9tisme","robots":{"index":"index","follow":"follow","max-snippet":"max-snippet:-1","max-image-preview":"max-image-preview:large","max-video-preview":"max-video-preview:-1"},"canonical":"https:\/\/janze-athletisme.fr\/wordpress\/st-onen-la-chapelle-les-seniors-et-masters-resume-et-resultats\/","og_locale":"fr_FR","og_type":"article","og_title":"St Onen-La-Chapelle: Les s\u00e9niors et masters, r\u00e9sum\u00e9 et r\u00e9sultats ! - Janz\u00e9 Athl\u00e9tisme","og_description":"Cross d\u00e9partemental S\u00e9niors et Masters &nbsp; Journ\u00e9e exceptionnelle, toutes les cat\u00e9gories sont repr\u00e9sent\u00e9es, une vraie sortie club ! Pour ma part, vous aurez droit aux cat\u00e9gories adultes, \u00e0 savoir les s\u00e9niors, masters hommes et femmes. Mes photos, ainsi que celles de Christophe Gallut arrivent sous peu. Et oui, dur de courir et prendre des photos [&hellip;]","og_url":"https:\/\/janze-athletisme.fr\/wordpress\/st-onen-la-chapelle-les-seniors-et-masters-resume-et-resultats\/","og_site_name":"Janz\u00e9 Athl\u00e9tisme","article_publisher":"https:\/\/www.facebook.com\/groups\/1007964579346590","article_published_time":"2026-01-18T20:46:55+00:00","og_image":[{"width":1600,"height":901,"url":"https:\/\/janze-athletisme.fr\/wordpress\/wp-content\/uploads\/2026\/01\/WhatsApp-Image-2026-01-18-at-18.12.54.jpeg","type":"image\/jpeg"}],"author":"Jean-Marie Jouzel","twitter_card":"summary_large_image","twitter_misc":{"\u00c9crit par":"Jean-Marie Jouzel","Dur\u00e9e de lecture estim\u00e9e":"7 minutes"},"schema":{"@context":"https:\/\/schema.org","@graph":[{"@type":"Article","@id":"https:\/\/janze-athletisme.fr\/wordpress\/st-onen-la-chapelle-les-seniors-et-masters-resume-et-resultats\/#article","isPartOf":{"@id":"https:\/\/janze-athletisme.fr\/wordpress\/st-onen-la-chapelle-les-seniors-et-masters-resume-et-resultats\/"},"author":{"name":"Jean-Marie Jouzel","@id":"https:\/\/janze-athletisme.fr\/wordpress\/#\/schema\/person\/e27efa3d49687b81c679eb0b5c4973e9"},"headline":"St Onen-La-Chapelle: Les s\u00e9niors et masters, r\u00e9sum\u00e9 et r\u00e9sultats !","datePublished":"2026-01-18T20:46:55+00:00","mainEntityOfPage":{"@id":"https:\/\/janze-athletisme.fr\/wordpress\/st-onen-la-chapelle-les-seniors-et-masters-resume-et-resultats\/"},"wordCount":1391,"commentCount":0,"publisher":{"@id":"https:\/\/janze-athletisme.fr\/wordpress\/#organization"},"image":{"@id":"https:\/\/janze-athletisme.fr\/wordpress\/st-onen-la-chapelle-les-seniors-et-masters-resume-et-resultats\/#primaryimage"},"thumbnailUrl":"https:\/\/janze-athletisme.fr\/wordpress\/wp-content\/uploads\/2026\/01\/WhatsApp-Image-2026-01-18-at-18.12.54.jpeg","articleSection":["Le club au jour le jour"],"inLanguage":"fr-FR","potentialAction":[{"@type":"CommentAction","name":"Comment","target":["https:\/\/janze-athletisme.fr\/wordpress\/st-onen-la-chapelle-les-seniors-et-masters-resume-et-resultats\/#respond"]}]},{"@type":"WebPage","@id":"https:\/\/janze-athletisme.fr\/wordpress\/st-onen-la-chapelle-les-seniors-et-masters-resume-et-resultats\/","url":"https:\/\/janze-athletisme.fr\/wordpress\/st-onen-la-chapelle-les-seniors-et-masters-resume-et-resultats\/","name":"St Onen-La-Chapelle: Les s\u00e9niors et masters, r\u00e9sum\u00e9 et r\u00e9sultats ! - Janz\u00e9 Athl\u00e9tisme","isPartOf":{"@id":"https:\/\/janze-athletisme.fr\/wordpress\/#website"},"primaryImageOfPage":{"@id":"https:\/\/janze-athletisme.fr\/wordpress\/st-onen-la-chapelle-les-seniors-et-masters-resume-et-resultats\/#primaryimage"},"image":{"@id":"https:\/\/janze-athletisme.fr\/wordpress\/st-onen-la-chapelle-les-seniors-et-masters-resume-et-resultats\/#primaryimage"},"thumbnailUrl":"https:\/\/janze-athletisme.fr\/wordpress\/wp-content\/uploads\/2026\/01\/WhatsApp-Image-2026-01-18-at-18.12.54.jpeg","datePublished":"2026-01-18T20:46:55+00:00","breadcrumb":{"@id":"https:\/\/janze-athletisme.fr\/wordpress\/st-onen-la-chapelle-les-seniors-et-masters-resume-et-resultats\/#breadcrumb"},"inLanguage":"fr-FR","potentialAction":[{"@type":"ReadAction","target":["https:\/\/janze-athletisme.fr\/wordpress\/st-onen-la-chapelle-les-seniors-et-masters-resume-et-resultats\/"]}]},{"@type":"ImageObject","inLanguage":"fr-FR","@id":"https:\/\/janze-athletisme.fr\/wordpress\/st-onen-la-chapelle-les-seniors-et-masters-resume-et-resultats\/#primaryimage","url":"https:\/\/janze-athletisme.fr\/wordpress\/wp-content\/uploads\/2026\/01\/WhatsApp-Image-2026-01-18-at-18.12.54.jpeg","contentUrl":"https:\/\/janze-athletisme.fr\/wordpress\/wp-content\/uploads\/2026\/01\/WhatsApp-Image-2026-01-18-at-18.12.54.jpeg","width":1600,"height":901},{"@type":"BreadcrumbList","@id":"https:\/\/janze-athletisme.fr\/wordpress\/st-onen-la-chapelle-les-seniors-et-masters-resume-et-resultats\/#breadcrumb","itemListElement":[{"@type":"ListItem","position":1,"name":"Accueil","item":"https:\/\/janze-athletisme.fr\/wordpress\/"},{"@type":"ListItem","position":2,"name":"St Onen-La-Chapelle: Les s\u00e9niors et masters, r\u00e9sum\u00e9 et r\u00e9sultats !"}]},{"@type":"WebSite","@id":"https:\/\/janze-athletisme.fr\/wordpress\/#website","url":"https:\/\/janze-athletisme.fr\/wordpress\/","name":"Janz\u00e9 Athl\u00e9tisme","description":"Pays de La Roche aux F\u00e9es","publisher":{"@id":"https:\/\/janze-athletisme.fr\/wordpress\/#organization"},"potentialAction":[{"@type":"SearchAction","target":{"@type":"EntryPoint","urlTemplate":"https:\/\/janze-athletisme.fr\/wordpress\/?s={search_term_string}"},"query-input":{"@type":"PropertyValueSpecification","valueRequired":true,"valueName":"search_term_string"}}],"inLanguage":"fr-FR"},{"@type":"Organization","@id":"https:\/\/janze-athletisme.fr\/wordpress\/#organization","name":"Janz\u00e9 Athl\u00e9tisme","url":"https:\/\/janze-athletisme.fr\/wordpress\/","logo":{"@type":"ImageObject","inLanguage":"fr-FR","@id":"https:\/\/janze-athletisme.fr\/wordpress\/#\/schema\/logo\/image\/","url":"https:\/\/janze-athletisme.fr\/wordpress\/wp-content\/uploads\/2015\/03\/logo-full1.jpg","contentUrl":"https:\/\/janze-athletisme.fr\/wordpress\/wp-content\/uploads\/2015\/03\/logo-full1.jpg","width":437,"height":205,"caption":"Janz\u00e9 Athl\u00e9tisme"},"image":{"@id":"https:\/\/janze-athletisme.fr\/wordpress\/#\/schema\/logo\/image\/"},"sameAs":["https:\/\/www.facebook.com\/groups\/1007964579346590"]},{"@type":"Person","@id":"https:\/\/janze-athletisme.fr\/wordpress\/#\/schema\/person\/e27efa3d49687b81c679eb0b5c4973e9","name":"Jean-Marie Jouzel","image":{"@type":"ImageObject","inLanguage":"fr-FR","@id":"https:\/\/secure.gravatar.com\/avatar\/6aaee532914ad5ae9d6b4c13c953c6689456493b17979b560cf8fd0c344930ab?s=96&d=mm&r=g","url":"https:\/\/secure.gravatar.com\/avatar\/6aaee532914ad5ae9d6b4c13c953c6689456493b17979b560cf8fd0c344930ab?s=96&d=mm&r=g","contentUrl":"https:\/\/secure.gravatar.com\/avatar\/6aaee532914ad5ae9d6b4c13c953c6689456493b17979b560cf8fd0c344930ab?s=96&d=mm&r=g","caption":"Jean-Marie Jouzel"},"url":"https:\/\/janze-athletisme.fr\/wordpress\/author\/jmjouzel\/"}]}},"uagb_featured_image_src":{"full":["https:\/\/janze-athletisme.fr\/wordpress\/wp-content\/uploads\/2026\/01\/WhatsApp-Image-2026-01-18-at-18.12.54.jpeg",1600,901,false],"thumbnail":["https:\/\/janze-athletisme.fr\/wordpress\/wp-content\/uploads\/2026\/01\/WhatsApp-Image-2026-01-18-at-18.12.54-150x150.jpeg",150,150,true],"medium":["https:\/\/janze-athletisme.fr\/wordpress\/wp-content\/uploads\/2026\/01\/WhatsApp-Image-2026-01-18-at-18.12.54-300x169.jpeg",300,169,true],"medium_large":["https:\/\/janze-athletisme.fr\/wordpress\/wp-content\/uploads\/2026\/01\/WhatsApp-Image-2026-01-18-at-18.12.54-768x432.jpeg",768,432,true],"large":["https:\/\/janze-athletisme.fr\/wordpress\/wp-content\/uploads\/2026\/01\/WhatsApp-Image-2026-01-18-at-18.12.54-1024x577.jpeg",1024,577,true],"1536x1536":["https:\/\/janze-athletisme.fr\/wordpress\/wp-content\/uploads\/2026\/01\/WhatsApp-Image-2026-01-18-at-18.12.54-1536x865.jpeg",1536,865,true],"2048x2048":["https:\/\/janze-athletisme.fr\/wordpress\/wp-content\/uploads\/2026\/01\/WhatsApp-Image-2026-01-18-at-18.12.54.jpeg",1600,901,false]},"uagb_author_info":{"display_name":"Jean-Marie Jouzel","author_link":"https:\/\/janze-athletisme.fr\/wordpress\/author\/jmjouzel\/"},"uagb_comment_info":0,"uagb_excerpt":"Cross d\u00e9partemental S\u00e9niors et Masters &nbsp; Journ\u00e9e exceptionnelle, toutes les cat\u00e9gories sont repr\u00e9sent\u00e9es, une vraie sortie club ! Pour ma part, vous aurez droit aux cat\u00e9gories adultes, \u00e0 savoir les s\u00e9niors, masters hommes et femmes. Mes photos, ainsi que celles de Christophe Gallut arrivent sous peu. Et oui, dur de courir et prendre des photos\u2026","_links":{"self":[{"href":"https:\/\/janze-athletisme.fr\/wordpress\/wp-json\/wp\/v2\/posts\/29428","targetHints":{"allow":["GET"]}}],"collection":[{"href":"https:\/\/janze-athletisme.fr\/wordpress\/wp-json\/wp\/v2\/posts"}],"about":[{"href":"https:\/\/janze-athletisme.fr\/wordpress\/wp-json\/wp\/v2\/types\/post"}],"author":[{"embeddable":true,"href":"https:\/\/janze-athletisme.fr\/wordpress\/wp-json\/wp\/v2\/users\/8"}],"replies":[{"embeddable":true,"href":"https:\/\/janze-athletisme.fr\/wordpress\/wp-json\/wp\/v2\/comments?post=29428"}],"version-history":[{"count":3,"href":"https:\/\/janze-athletisme.fr\/wordpress\/wp-json\/wp\/v2\/posts\/29428\/revisions"}],"predecessor-version":[{"id":29445,"href":"https:\/\/janze-athletisme.fr\/wordpress\/wp-json\/wp\/v2\/posts\/29428\/revisions\/29445"}],"wp:featuredmedia":[{"embeddable":true,"href":"https:\/\/janze-athletisme.fr\/wordpress\/wp-json\/wp\/v2\/media\/29429"}],"wp:attachment":[{"href":"https:\/\/janze-athletisme.fr\/wordpress\/wp-json\/wp\/v2\/media?parent=29428"}],"wp:term":[{"taxonomy":"category","embeddable":true,"href":"https:\/\/janze-athletisme.fr\/wordpress\/wp-json\/wp\/v2\/categories?post=29428"},{"taxonomy":"post_tag","embeddable":true,"href":"https:\/\/janze-athletisme.fr\/wordpress\/wp-json\/wp\/v2\/tags?post=29428"}],"curies":[{"name":"wp","href":"https:\/\/api.w.org\/{rel}","templated":true}]}}