{"id":29409,"date":"2026-01-17T00:01:47","date_gmt":"2026-01-16T23:01:47","guid":{"rendered":"https:\/\/janze-athletisme.fr\/wordpress\/?p=29409"},"modified":"2026-01-17T19:30:39","modified_gmt":"2026-01-17T18:30:39","slug":"lheure-est-venue-de-chanter-dans-la-boue","status":"publish","type":"post","link":"https:\/\/janze-athletisme.fr\/wordpress\/lheure-est-venue-de-chanter-dans-la-boue\/","title":{"rendered":"L&rsquo;heure est venue de chanter dans la boue"},"content":{"rendered":"<p><span style=\"font-family: verdana, geneva, sans-serif;font-size: 18pt\"><b>Championnat d&rsquo;Ille-et-Vilaine de cross, dimanche 18 janvier, Saint-Onen-La-Chapelle<\/b><\/span><\/p>\n<p><span style=\"font-family: verdana, geneva, sans-serif;font-size: 12pt\">C&rsquo;est le grand moment attendu depuis un moment par les chantres des labours, les rossignols des talus, les hirondelles des foss\u00e9s, les magiciens de la boue&#8230; Tout ce que l&rsquo;Ille et Vilaine compte comme amoureux du cross va converger ce dimanche vers Saint-Onen-La-Chapelle pour le premier grand rendez-vous de l&rsquo;hiver vou\u00e9 aux sp\u00e9cialistes de la gadoue.<\/span><\/p>\n<p><span style=\"font-family: verdana, geneva, sans-serif;font-size: 12pt\">Les adeptes des chemins de traverse vont pouvoir enfin lib\u00e9rer leur motricit\u00e9 v\u00e9loce dans des sprints effr\u00e9n\u00e9s vers le premier virage, celui de tous les dangers&#8230; Le parcours va \u00eatre humide, il faudra avoir bien attach\u00e9 les chaussures et avoir de gros clous de 15 ou de 18 pour n\u00e9gocier les virages sans glisser. Le parcours de Saint-Onen est un vrai et beau parcours de cross, exigeant, et favorisant les polyvalents, capables \u00e0 la fois d&rsquo;\u00eatre puissants et v\u00e9loces, fort mentalement et affut\u00e9s physiquement.<\/span><\/p>\n<p><span style=\"font-size: 14pt;font-family: verdana, geneva, sans-serif\"><b>De belles promesses pour l&rsquo;EAC<\/b><\/span><\/p>\n<p><span style=\"font-family: verdana, geneva, sans-serif;font-size: 12pt\">L&rsquo;EAC y sera en nombre, avec 79 inscrits (57 Janz\u00e9ens, 10 Bainais, 12 Cessonnais), et a quelques arguments \u00e0 faire valoir, individuellement et collectivement, avec quelques \u00e9quipes costaudes. On ne va pas mettre la pression sur les jeunes \u00e9paules en citant des noms, mais, dans les 16 cat\u00e9gories en lice, ils sont pr\u00e8s d&rsquo;une quinzaine \u00e0 pouvoir faire un top 10 et plusieurs \u00e0 pouvoir finir dans les trois premiers.<\/span><\/p>\n<p><span style=\"font-family: verdana, geneva, sans-serif;font-size: 12pt\">Il faudra juste penser \u00e0 mod\u00e9rer l&rsquo;enthousiasme du d\u00e9part pour s&rsquo;inscrire dans la dur\u00e9e. C&rsquo;est <span style=\"text-decoration: underline\">le principe du cross : courir vite longtemps dans des conditions difficiles, \u00eatre capable de partir rapidement tout en se m\u00e9nageant, puis de relancer et de finir fort<\/span>. Nos athl\u00e8tes se sont tous pr\u00e9par\u00e9s pour cela, \u00e0 Brie, \u00e0 Panc\u00e9, \u00e0 Martign\u00e9-Ferchaud, \u00e0 la Jaroussais&#8230; Tous ne sont pas encore au meilleur de leur forme, mais tous sont pr\u00eats \u00e0 fournir ce premier effort violent, marquant le coup d&rsquo;envoi d&rsquo;une campagne qui devrait mener les plus talentueux (et\/ou les plus travailleurs) jusqu&rsquo;\u00e0 Carhaix d\u00e9but mars pour l&rsquo;apoth\u00e9ose finale nationale.<\/span><\/p>\n<p><span style=\"font-size: 14pt;font-family: verdana, geneva, sans-serif\"><b>Les effectifs en pr\u00e9sence<\/b><\/span><\/p>\n<p><span style=\"font-family: verdana, geneva, sans-serif;font-size: 12pt\">1358 athl\u00e8tes br\u00e9tilliens sont engag\u00e9s, r\u00e9partis ainsi : 111 POF (dont 5 EAC), 98 BEF (3), 84 MIF (5), 50 CAF (6), 36 JUF (5), 18 ESF (0), 59 SEF (3), 45 MAF (2), 96 POM (5), 98 BEM (6), 86 MIM (6), 82 CAM (4), 59 JUM (5), 50 ESM (1), 147 SEM (7) et 237 MAM (16).<\/span><\/p>\n<p><span style=\"font-family: verdana, geneva, sans-serif;font-size: 12pt\">Plusieurs de nos \u00e9quipes (MIF, CAF, JUF, BEM, JUM) doivent pouvoir monter sur la boite. D&rsquo;autres ne seront pas loin, avec peut-\u00eatre, pour la premi\u00e8re fois, une \u00e9quipe SEM susceptible de s&rsquo;approcher du podium, ou au moins de jouer les premiers r\u00f4les (avec <strong>Mathis<\/strong> Houssais, <strong>Paul<\/strong> Azuelos, <strong>Donovan<\/strong> Rouxel, <strong>Mathieu<\/strong> Henry, <strong>Ga\u00ebtan<\/strong> Clouard &#8212; et les renforts M0 <strong>S\u00e9bastien<\/strong> Kern\u00e9\u00efs, <strong>Fred<\/strong> Breut&#8230;) Ce serait formidable et la cons\u00e9cration d&rsquo;une v\u00e9ritable \u00e9cole de cross (pour l&rsquo;essentiel janz\u00e9enne) et d&rsquo;un long travail de fond.<\/span><\/p>\n<p><span style=\"font-family: verdana, geneva, sans-serif;font-size: 12pt\">N&rsquo;h\u00e9sitez pas \u00e0 aller encourager tous nos athl\u00e8tes : Saint-Onen, c&rsquo;est loin, mais \u00e7a promet d&rsquo;\u00eatre bien. Et la m\u00e9t\u00e9o va \u00eatre favorable : douce et m\u00eame ensoleill\u00e9e dans l&rsquo;apr\u00e8s-midi.<\/span><\/p>\n<p><span style=\"font-size: 14pt;font-family: verdana, geneva, sans-serif\"><b>Une pens\u00e9e pour les absents<\/b><\/span><\/p>\n<p><span style=\"font-size: 12pt;font-family: verdana, geneva, sans-serif\">Quelques uns vont faire d\u00e9faut, et non des moindres, en raison de blessures, de maladies ou d&rsquo;\u00e9tudes au bout du monde : <b>Maryse<\/b> Veyer, <b>Wilfrid<\/b> Lebreton et <strong>Micka\u00ebl<\/strong> Auroy, qui adorent le cross et sont malheureux d&rsquo;avoir d\u00fb d\u00e9cliner ; <b>Elsa<\/b> Mah\u00e9, en convalescence apr\u00e8s une douleur au genou et qui s&rsquo;est sentie encore trop juste ; <b>Jules<\/b> Mottais, un minime au talent brut prometteur qui va manquer \u00e0 ses copains ; <b>Lou<\/b> Gaspais, qui va manquer aussi \u00e0 son \u00e9quipe ; <b>Basile<\/b> Chevrel, reparti aux States, et enfin <b>L\u00e9o<\/b> Guiheux, brillant vainqueur junior au cross de Janz\u00e9, dont on attendait avec impatience la confrontation avec Eden Chomaud et Noa Hamon, mais qui h\u00e9las r\u00e9sorbe avec peine une fracture de fatigue mal venue. Tous ceux qui restent, et, on l&rsquo;a vu, ils sont nombreux, vont essayer de faire oublier ces grands absents. <\/span><\/p>\n<p><span style=\"font-family: verdana, geneva, sans-serif;font-size: 12pt\">Le lien vers les inscrits est <a href=\"https:\/\/www.athle.fr\/bases\/liste.aspx?frmpostback=true&amp;frmbase=qualifies&amp;frmmode=1&amp;frmespace=1033&amp;frmsaison=32&amp;frmcompetition=43905&amp;frmepreuve=&amp;frmetat=&amp;frmcategorie=&amp;frmsexe=&amp;frmtri=&amp;frmclub=&amp;frmligue=&amp;frmdepartement=\">ICI<\/a>.<\/span><\/p>\n<p><a href=\"https:\/\/janze-athletisme.fr\/wordpress\/wp-content\/uploads\/2026\/01\/Horaires-Saint-Onen-1.png\"><img loading=\"lazy\" decoding=\"async\" class=\"alignnone wp-image-29410\" src=\"https:\/\/janze-athletisme.fr\/wordpress\/wp-content\/uploads\/2026\/01\/Horaires-Saint-Onen-1-293x300.png\" alt=\"\" width=\"296\" height=\"303\" srcset=\"https:\/\/janze-athletisme.fr\/wordpress\/wp-content\/uploads\/2026\/01\/Horaires-Saint-Onen-1-293x300.png 293w, https:\/\/janze-athletisme.fr\/wordpress\/wp-content\/uploads\/2026\/01\/Horaires-Saint-Onen-1.png 749w\" sizes=\"auto, (max-width: 296px) 100vw, 296px\" \/><\/a> <a href=\"https:\/\/janze-athletisme.fr\/wordpress\/wp-content\/uploads\/2026\/01\/Parcours-Saint-Onen-1.png\"><img loading=\"lazy\" decoding=\"async\" class=\"alignnone wp-image-29411\" src=\"https:\/\/janze-athletisme.fr\/wordpress\/wp-content\/uploads\/2026\/01\/Parcours-Saint-Onen-1-298x300.png\" alt=\"\" width=\"302\" height=\"304\" srcset=\"https:\/\/janze-athletisme.fr\/wordpress\/wp-content\/uploads\/2026\/01\/Parcours-Saint-Onen-1-298x300.png 298w, https:\/\/janze-athletisme.fr\/wordpress\/wp-content\/uploads\/2026\/01\/Parcours-Saint-Onen-1-150x150.png 150w, https:\/\/janze-athletisme.fr\/wordpress\/wp-content\/uploads\/2026\/01\/Parcours-Saint-Onen-1.png 742w\" sizes=\"auto, (max-width: 302px) 100vw, 302px\" \/><\/a><\/p>\n","protected":false},"excerpt":{"rendered":"<p>Championnat d&rsquo;Ille-et-Vilaine de cross, dimanche 18 janvier, Saint-Onen-La-Chapelle C&rsquo;est le grand moment attendu depuis un moment par les chantres des labours, les rossignols des talus, les hirondelles des foss\u00e9s, les magiciens de la boue&#8230; Tout ce que l&rsquo;Ille et Vilaine compte comme amoureux du cross va converger ce dimanche vers Saint-Onen-La-Chapelle pour le premier grand [&hellip;]<\/p>\n","protected":false},"author":12,"featured_media":29412,"comment_status":"open","ping_status":"open","sticky":false,"template":"","format":"aside","meta":{"_uag_custom_page_level_css":"","site-sidebar-layout":"default","site-content-layout":"","ast-site-content-layout":"default","site-content-style":"default","site-sidebar-style":"default","ast-global-header-display":"","ast-banner-title-visibility":"","ast-main-header-display":"","ast-hfb-above-header-display":"","ast-hfb-below-header-display":"","ast-hfb-mobile-header-display":"","site-post-title":"","ast-breadcrumbs-content":"","ast-featured-img":"","footer-sml-layout":"","ast-disable-related-posts":"","theme-transparent-header-meta":"default","adv-header-id-meta":"","stick-header-meta":"","header-above-stick-meta":"","header-main-stick-meta":"","header-below-stick-meta":"","astra-migrate-meta-layouts":"set","ast-page-background-enabled":"default","ast-page-background-meta":{"desktop":{"background-color":"var(--ast-global-color-4)","background-image":"","background-repeat":"repeat","background-position":"center center","background-size":"auto","background-attachment":"scroll","background-type":"","background-media":"","overlay-type":"","overlay-color":"","overlay-opacity":"","overlay-gradient":""},"tablet":{"background-color":"","background-image":"","background-repeat":"repeat","background-position":"center center","background-size":"auto","background-attachment":"scroll","background-type":"","background-media":"","overlay-type":"","overlay-color":"","overlay-opacity":"","overlay-gradient":""},"mobile":{"background-color":"","background-image":"","background-repeat":"repeat","background-position":"center center","background-size":"auto","background-attachment":"scroll","background-type":"","background-media":"","overlay-type":"","overlay-color":"","overlay-opacity":"","overlay-gradient":""}},"ast-content-background-meta":{"desktop":{"background-color":"var(--ast-global-color-5)","background-image":"","background-repeat":"repeat","background-position":"center center","background-size":"auto","background-attachment":"scroll","background-type":"","background-media":"","overlay-type":"","overlay-color":"","overlay-opacity":"","overlay-gradient":""},"tablet":{"background-color":"var(--ast-global-color-5)","background-image":"","background-repeat":"repeat","background-position":"center center","background-size":"auto","background-attachment":"scroll","background-type":"","background-media":"","overlay-type":"","overlay-color":"","overlay-opacity":"","overlay-gradient":""},"mobile":{"background-color":"var(--ast-global-color-5)","background-image":"","background-repeat":"repeat","background-position":"center center","background-size":"auto","background-attachment":"scroll","background-type":"","background-media":"","overlay-type":"","overlay-color":"","overlay-opacity":"","overlay-gradient":""}},"footnotes":""},"categories":[6],"tags":[],"class_list":["post-29409","post","type-post","status-publish","format-aside","has-post-thumbnail","hentry","category-sections","post_format-post-format-aside"],"yoast_head":"<!-- This site is optimized with the Yoast SEO plugin v27.4 - https:\/\/yoast.com\/product\/yoast-seo-wordpress\/ -->\n<title>L&#039;heure est venue de chanter dans la boue - Janz\u00e9 Athl\u00e9tisme<\/title>\n<meta name=\"robots\" content=\"index, follow, max-snippet:-1, max-image-preview:large, max-video-preview:-1\" \/>\n<link rel=\"canonical\" href=\"https:\/\/janze-athletisme.fr\/wordpress\/lheure-est-venue-de-chanter-dans-la-boue\/\" \/>\n<meta property=\"og:locale\" content=\"fr_FR\" \/>\n<meta property=\"og:type\" content=\"article\" \/>\n<meta property=\"og:title\" content=\"L&#039;heure est venue de chanter dans la boue - Janz\u00e9 Athl\u00e9tisme\" \/>\n<meta property=\"og:description\" content=\"Championnat d&rsquo;Ille-et-Vilaine de cross, dimanche 18 janvier, Saint-Onen-La-Chapelle C&rsquo;est le grand moment attendu depuis un moment par les chantres des labours, les rossignols des talus, les hirondelles des foss\u00e9s, les magiciens de la boue&#8230; Tout ce que l&rsquo;Ille et Vilaine compte comme amoureux du cross va converger ce dimanche vers Saint-Onen-La-Chapelle pour le premier grand [&hellip;]\" \/>\n<meta property=\"og:url\" content=\"https:\/\/janze-athletisme.fr\/wordpress\/lheure-est-venue-de-chanter-dans-la-boue\/\" \/>\n<meta property=\"og:site_name\" content=\"Janz\u00e9 Athl\u00e9tisme\" \/>\n<meta property=\"article:publisher\" content=\"https:\/\/www.facebook.com\/groups\/1007964579346590\" \/>\n<meta property=\"article:published_time\" content=\"2026-01-16T23:01:47+00:00\" \/>\n<meta property=\"article:modified_time\" content=\"2026-01-17T18:30:39+00:00\" \/>\n<meta property=\"og:image\" content=\"https:\/\/janze-athletisme.fr\/wordpress\/wp-content\/uploads\/2026\/01\/DSC_2175.jpg\" \/>\n\t<meta property=\"og:image:width\" content=\"1000\" \/>\n\t<meta property=\"og:image:height\" content=\"1000\" \/>\n\t<meta property=\"og:image:type\" content=\"image\/jpeg\" \/>\n<meta name=\"author\" content=\"Laurent Meunier\" \/>\n<meta name=\"twitter:card\" content=\"summary_large_image\" \/>\n<meta name=\"twitter:label1\" content=\"\u00c9crit par\" \/>\n\t<meta name=\"twitter:data1\" content=\"Laurent Meunier\" \/>\n\t<meta name=\"twitter:label2\" content=\"Dur\u00e9e de lecture estim\u00e9e\" \/>\n\t<meta name=\"twitter:data2\" content=\"4 minutes\" \/>\n<script type=\"application\/ld+json\" class=\"yoast-schema-graph\">{\"@context\":\"https:\\\/\\\/schema.org\",\"@graph\":[{\"@type\":\"Article\",\"@id\":\"https:\\\/\\\/janze-athletisme.fr\\\/wordpress\\\/lheure-est-venue-de-chanter-dans-la-boue\\\/#article\",\"isPartOf\":{\"@id\":\"https:\\\/\\\/janze-athletisme.fr\\\/wordpress\\\/lheure-est-venue-de-chanter-dans-la-boue\\\/\"},\"author\":{\"name\":\"Laurent Meunier\",\"@id\":\"https:\\\/\\\/janze-athletisme.fr\\\/wordpress\\\/#\\\/schema\\\/person\\\/c7b063dcfa6234c041d4d9b26cc2ea03\"},\"headline\":\"L&rsquo;heure est venue de chanter dans la boue\",\"datePublished\":\"2026-01-16T23:01:47+00:00\",\"dateModified\":\"2026-01-17T18:30:39+00:00\",\"mainEntityOfPage\":{\"@id\":\"https:\\\/\\\/janze-athletisme.fr\\\/wordpress\\\/lheure-est-venue-de-chanter-dans-la-boue\\\/\"},\"wordCount\":681,\"commentCount\":0,\"publisher\":{\"@id\":\"https:\\\/\\\/janze-athletisme.fr\\\/wordpress\\\/#organization\"},\"image\":{\"@id\":\"https:\\\/\\\/janze-athletisme.fr\\\/wordpress\\\/lheure-est-venue-de-chanter-dans-la-boue\\\/#primaryimage\"},\"thumbnailUrl\":\"https:\\\/\\\/janze-athletisme.fr\\\/wordpress\\\/wp-content\\\/uploads\\\/2026\\\/01\\\/DSC_2175.jpg\",\"articleSection\":[\"Le club au jour le jour\"],\"inLanguage\":\"fr-FR\",\"potentialAction\":[{\"@type\":\"CommentAction\",\"name\":\"Comment\",\"target\":[\"https:\\\/\\\/janze-athletisme.fr\\\/wordpress\\\/lheure-est-venue-de-chanter-dans-la-boue\\\/#respond\"]}]},{\"@type\":\"WebPage\",\"@id\":\"https:\\\/\\\/janze-athletisme.fr\\\/wordpress\\\/lheure-est-venue-de-chanter-dans-la-boue\\\/\",\"url\":\"https:\\\/\\\/janze-athletisme.fr\\\/wordpress\\\/lheure-est-venue-de-chanter-dans-la-boue\\\/\",\"name\":\"L'heure est venue de chanter dans la boue - Janz\u00e9 Athl\u00e9tisme\",\"isPartOf\":{\"@id\":\"https:\\\/\\\/janze-athletisme.fr\\\/wordpress\\\/#website\"},\"primaryImageOfPage\":{\"@id\":\"https:\\\/\\\/janze-athletisme.fr\\\/wordpress\\\/lheure-est-venue-de-chanter-dans-la-boue\\\/#primaryimage\"},\"image\":{\"@id\":\"https:\\\/\\\/janze-athletisme.fr\\\/wordpress\\\/lheure-est-venue-de-chanter-dans-la-boue\\\/#primaryimage\"},\"thumbnailUrl\":\"https:\\\/\\\/janze-athletisme.fr\\\/wordpress\\\/wp-content\\\/uploads\\\/2026\\\/01\\\/DSC_2175.jpg\",\"datePublished\":\"2026-01-16T23:01:47+00:00\",\"dateModified\":\"2026-01-17T18:30:39+00:00\",\"breadcrumb\":{\"@id\":\"https:\\\/\\\/janze-athletisme.fr\\\/wordpress\\\/lheure-est-venue-de-chanter-dans-la-boue\\\/#breadcrumb\"},\"inLanguage\":\"fr-FR\",\"potentialAction\":[{\"@type\":\"ReadAction\",\"target\":[\"https:\\\/\\\/janze-athletisme.fr\\\/wordpress\\\/lheure-est-venue-de-chanter-dans-la-boue\\\/\"]}]},{\"@type\":\"ImageObject\",\"inLanguage\":\"fr-FR\",\"@id\":\"https:\\\/\\\/janze-athletisme.fr\\\/wordpress\\\/lheure-est-venue-de-chanter-dans-la-boue\\\/#primaryimage\",\"url\":\"https:\\\/\\\/janze-athletisme.fr\\\/wordpress\\\/wp-content\\\/uploads\\\/2026\\\/01\\\/DSC_2175.jpg\",\"contentUrl\":\"https:\\\/\\\/janze-athletisme.fr\\\/wordpress\\\/wp-content\\\/uploads\\\/2026\\\/01\\\/DSC_2175.jpg\",\"width\":1000,\"height\":1000},{\"@type\":\"BreadcrumbList\",\"@id\":\"https:\\\/\\\/janze-athletisme.fr\\\/wordpress\\\/lheure-est-venue-de-chanter-dans-la-boue\\\/#breadcrumb\",\"itemListElement\":[{\"@type\":\"ListItem\",\"position\":1,\"name\":\"Accueil\",\"item\":\"https:\\\/\\\/janze-athletisme.fr\\\/wordpress\\\/\"},{\"@type\":\"ListItem\",\"position\":2,\"name\":\"L&rsquo;heure est venue de chanter dans la boue\"}]},{\"@type\":\"WebSite\",\"@id\":\"https:\\\/\\\/janze-athletisme.fr\\\/wordpress\\\/#website\",\"url\":\"https:\\\/\\\/janze-athletisme.fr\\\/wordpress\\\/\",\"name\":\"Janz\u00e9 Athl\u00e9tisme\",\"description\":\"Pays de La Roche aux F\u00e9es\",\"publisher\":{\"@id\":\"https:\\\/\\\/janze-athletisme.fr\\\/wordpress\\\/#organization\"},\"potentialAction\":[{\"@type\":\"SearchAction\",\"target\":{\"@type\":\"EntryPoint\",\"urlTemplate\":\"https:\\\/\\\/janze-athletisme.fr\\\/wordpress\\\/?s={search_term_string}\"},\"query-input\":{\"@type\":\"PropertyValueSpecification\",\"valueRequired\":true,\"valueName\":\"search_term_string\"}}],\"inLanguage\":\"fr-FR\"},{\"@type\":\"Organization\",\"@id\":\"https:\\\/\\\/janze-athletisme.fr\\\/wordpress\\\/#organization\",\"name\":\"Janz\u00e9 Athl\u00e9tisme\",\"url\":\"https:\\\/\\\/janze-athletisme.fr\\\/wordpress\\\/\",\"logo\":{\"@type\":\"ImageObject\",\"inLanguage\":\"fr-FR\",\"@id\":\"https:\\\/\\\/janze-athletisme.fr\\\/wordpress\\\/#\\\/schema\\\/logo\\\/image\\\/\",\"url\":\"https:\\\/\\\/janze-athletisme.fr\\\/wordpress\\\/wp-content\\\/uploads\\\/2015\\\/03\\\/logo-full1.jpg\",\"contentUrl\":\"https:\\\/\\\/janze-athletisme.fr\\\/wordpress\\\/wp-content\\\/uploads\\\/2015\\\/03\\\/logo-full1.jpg\",\"width\":437,\"height\":205,\"caption\":\"Janz\u00e9 Athl\u00e9tisme\"},\"image\":{\"@id\":\"https:\\\/\\\/janze-athletisme.fr\\\/wordpress\\\/#\\\/schema\\\/logo\\\/image\\\/\"},\"sameAs\":[\"https:\\\/\\\/www.facebook.com\\\/groups\\\/1007964579346590\"]},{\"@type\":\"Person\",\"@id\":\"https:\\\/\\\/janze-athletisme.fr\\\/wordpress\\\/#\\\/schema\\\/person\\\/c7b063dcfa6234c041d4d9b26cc2ea03\",\"name\":\"Laurent Meunier\",\"image\":{\"@type\":\"ImageObject\",\"inLanguage\":\"fr-FR\",\"@id\":\"https:\\\/\\\/secure.gravatar.com\\\/avatar\\\/dd25d581ad7c3349090f2fa6a9adb6bfa287e6a5dd8a5216a092727cd8749034?s=96&d=mm&r=g\",\"url\":\"https:\\\/\\\/secure.gravatar.com\\\/avatar\\\/dd25d581ad7c3349090f2fa6a9adb6bfa287e6a5dd8a5216a092727cd8749034?s=96&d=mm&r=g\",\"contentUrl\":\"https:\\\/\\\/secure.gravatar.com\\\/avatar\\\/dd25d581ad7c3349090f2fa6a9adb6bfa287e6a5dd8a5216a092727cd8749034?s=96&d=mm&r=g\",\"caption\":\"Laurent Meunier\"},\"url\":\"https:\\\/\\\/janze-athletisme.fr\\\/wordpress\\\/author\\\/laurent-meunier35\\\/\"}]}<\/script>\n<!-- \/ Yoast SEO plugin. -->","yoast_head_json":{"title":"L'heure est venue de chanter dans la boue - Janz\u00e9 Athl\u00e9tisme","robots":{"index":"index","follow":"follow","max-snippet":"max-snippet:-1","max-image-preview":"max-image-preview:large","max-video-preview":"max-video-preview:-1"},"canonical":"https:\/\/janze-athletisme.fr\/wordpress\/lheure-est-venue-de-chanter-dans-la-boue\/","og_locale":"fr_FR","og_type":"article","og_title":"L'heure est venue de chanter dans la boue - Janz\u00e9 Athl\u00e9tisme","og_description":"Championnat d&rsquo;Ille-et-Vilaine de cross, dimanche 18 janvier, Saint-Onen-La-Chapelle C&rsquo;est le grand moment attendu depuis un moment par les chantres des labours, les rossignols des talus, les hirondelles des foss\u00e9s, les magiciens de la boue&#8230; Tout ce que l&rsquo;Ille et Vilaine compte comme amoureux du cross va converger ce dimanche vers Saint-Onen-La-Chapelle pour le premier grand [&hellip;]","og_url":"https:\/\/janze-athletisme.fr\/wordpress\/lheure-est-venue-de-chanter-dans-la-boue\/","og_site_name":"Janz\u00e9 Athl\u00e9tisme","article_publisher":"https:\/\/www.facebook.com\/groups\/1007964579346590","article_published_time":"2026-01-16T23:01:47+00:00","article_modified_time":"2026-01-17T18:30:39+00:00","og_image":[{"width":1000,"height":1000,"url":"https:\/\/janze-athletisme.fr\/wordpress\/wp-content\/uploads\/2026\/01\/DSC_2175.jpg","type":"image\/jpeg"}],"author":"Laurent Meunier","twitter_card":"summary_large_image","twitter_misc":{"\u00c9crit par":"Laurent Meunier","Dur\u00e9e de lecture estim\u00e9e":"4 minutes"},"schema":{"@context":"https:\/\/schema.org","@graph":[{"@type":"Article","@id":"https:\/\/janze-athletisme.fr\/wordpress\/lheure-est-venue-de-chanter-dans-la-boue\/#article","isPartOf":{"@id":"https:\/\/janze-athletisme.fr\/wordpress\/lheure-est-venue-de-chanter-dans-la-boue\/"},"author":{"name":"Laurent Meunier","@id":"https:\/\/janze-athletisme.fr\/wordpress\/#\/schema\/person\/c7b063dcfa6234c041d4d9b26cc2ea03"},"headline":"L&rsquo;heure est venue de chanter dans la boue","datePublished":"2026-01-16T23:01:47+00:00","dateModified":"2026-01-17T18:30:39+00:00","mainEntityOfPage":{"@id":"https:\/\/janze-athletisme.fr\/wordpress\/lheure-est-venue-de-chanter-dans-la-boue\/"},"wordCount":681,"commentCount":0,"publisher":{"@id":"https:\/\/janze-athletisme.fr\/wordpress\/#organization"},"image":{"@id":"https:\/\/janze-athletisme.fr\/wordpress\/lheure-est-venue-de-chanter-dans-la-boue\/#primaryimage"},"thumbnailUrl":"https:\/\/janze-athletisme.fr\/wordpress\/wp-content\/uploads\/2026\/01\/DSC_2175.jpg","articleSection":["Le club au jour le jour"],"inLanguage":"fr-FR","potentialAction":[{"@type":"CommentAction","name":"Comment","target":["https:\/\/janze-athletisme.fr\/wordpress\/lheure-est-venue-de-chanter-dans-la-boue\/#respond"]}]},{"@type":"WebPage","@id":"https:\/\/janze-athletisme.fr\/wordpress\/lheure-est-venue-de-chanter-dans-la-boue\/","url":"https:\/\/janze-athletisme.fr\/wordpress\/lheure-est-venue-de-chanter-dans-la-boue\/","name":"L'heure est venue de chanter dans la boue - Janz\u00e9 Athl\u00e9tisme","isPartOf":{"@id":"https:\/\/janze-athletisme.fr\/wordpress\/#website"},"primaryImageOfPage":{"@id":"https:\/\/janze-athletisme.fr\/wordpress\/lheure-est-venue-de-chanter-dans-la-boue\/#primaryimage"},"image":{"@id":"https:\/\/janze-athletisme.fr\/wordpress\/lheure-est-venue-de-chanter-dans-la-boue\/#primaryimage"},"thumbnailUrl":"https:\/\/janze-athletisme.fr\/wordpress\/wp-content\/uploads\/2026\/01\/DSC_2175.jpg","datePublished":"2026-01-16T23:01:47+00:00","dateModified":"2026-01-17T18:30:39+00:00","breadcrumb":{"@id":"https:\/\/janze-athletisme.fr\/wordpress\/lheure-est-venue-de-chanter-dans-la-boue\/#breadcrumb"},"inLanguage":"fr-FR","potentialAction":[{"@type":"ReadAction","target":["https:\/\/janze-athletisme.fr\/wordpress\/lheure-est-venue-de-chanter-dans-la-boue\/"]}]},{"@type":"ImageObject","inLanguage":"fr-FR","@id":"https:\/\/janze-athletisme.fr\/wordpress\/lheure-est-venue-de-chanter-dans-la-boue\/#primaryimage","url":"https:\/\/janze-athletisme.fr\/wordpress\/wp-content\/uploads\/2026\/01\/DSC_2175.jpg","contentUrl":"https:\/\/janze-athletisme.fr\/wordpress\/wp-content\/uploads\/2026\/01\/DSC_2175.jpg","width":1000,"height":1000},{"@type":"BreadcrumbList","@id":"https:\/\/janze-athletisme.fr\/wordpress\/lheure-est-venue-de-chanter-dans-la-boue\/#breadcrumb","itemListElement":[{"@type":"ListItem","position":1,"name":"Accueil","item":"https:\/\/janze-athletisme.fr\/wordpress\/"},{"@type":"ListItem","position":2,"name":"L&rsquo;heure est venue de chanter dans la boue"}]},{"@type":"WebSite","@id":"https:\/\/janze-athletisme.fr\/wordpress\/#website","url":"https:\/\/janze-athletisme.fr\/wordpress\/","name":"Janz\u00e9 Athl\u00e9tisme","description":"Pays de La Roche aux F\u00e9es","publisher":{"@id":"https:\/\/janze-athletisme.fr\/wordpress\/#organization"},"potentialAction":[{"@type":"SearchAction","target":{"@type":"EntryPoint","urlTemplate":"https:\/\/janze-athletisme.fr\/wordpress\/?s={search_term_string}"},"query-input":{"@type":"PropertyValueSpecification","valueRequired":true,"valueName":"search_term_string"}}],"inLanguage":"fr-FR"},{"@type":"Organization","@id":"https:\/\/janze-athletisme.fr\/wordpress\/#organization","name":"Janz\u00e9 Athl\u00e9tisme","url":"https:\/\/janze-athletisme.fr\/wordpress\/","logo":{"@type":"ImageObject","inLanguage":"fr-FR","@id":"https:\/\/janze-athletisme.fr\/wordpress\/#\/schema\/logo\/image\/","url":"https:\/\/janze-athletisme.fr\/wordpress\/wp-content\/uploads\/2015\/03\/logo-full1.jpg","contentUrl":"https:\/\/janze-athletisme.fr\/wordpress\/wp-content\/uploads\/2015\/03\/logo-full1.jpg","width":437,"height":205,"caption":"Janz\u00e9 Athl\u00e9tisme"},"image":{"@id":"https:\/\/janze-athletisme.fr\/wordpress\/#\/schema\/logo\/image\/"},"sameAs":["https:\/\/www.facebook.com\/groups\/1007964579346590"]},{"@type":"Person","@id":"https:\/\/janze-athletisme.fr\/wordpress\/#\/schema\/person\/c7b063dcfa6234c041d4d9b26cc2ea03","name":"Laurent Meunier","image":{"@type":"ImageObject","inLanguage":"fr-FR","@id":"https:\/\/secure.gravatar.com\/avatar\/dd25d581ad7c3349090f2fa6a9adb6bfa287e6a5dd8a5216a092727cd8749034?s=96&d=mm&r=g","url":"https:\/\/secure.gravatar.com\/avatar\/dd25d581ad7c3349090f2fa6a9adb6bfa287e6a5dd8a5216a092727cd8749034?s=96&d=mm&r=g","contentUrl":"https:\/\/secure.gravatar.com\/avatar\/dd25d581ad7c3349090f2fa6a9adb6bfa287e6a5dd8a5216a092727cd8749034?s=96&d=mm&r=g","caption":"Laurent Meunier"},"url":"https:\/\/janze-athletisme.fr\/wordpress\/author\/laurent-meunier35\/"}]}},"uagb_featured_image_src":{"full":["https:\/\/janze-athletisme.fr\/wordpress\/wp-content\/uploads\/2026\/01\/DSC_2175.jpg",1000,1000,false],"thumbnail":["https:\/\/janze-athletisme.fr\/wordpress\/wp-content\/uploads\/2026\/01\/DSC_2175-150x150.jpg",150,150,true],"medium":["https:\/\/janze-athletisme.fr\/wordpress\/wp-content\/uploads\/2026\/01\/DSC_2175-300x300.jpg",300,300,true],"medium_large":["https:\/\/janze-athletisme.fr\/wordpress\/wp-content\/uploads\/2026\/01\/DSC_2175-768x768.jpg",768,768,true],"large":["https:\/\/janze-athletisme.fr\/wordpress\/wp-content\/uploads\/2026\/01\/DSC_2175.jpg",1000,1000,false],"1536x1536":["https:\/\/janze-athletisme.fr\/wordpress\/wp-content\/uploads\/2026\/01\/DSC_2175.jpg",1000,1000,false],"2048x2048":["https:\/\/janze-athletisme.fr\/wordpress\/wp-content\/uploads\/2026\/01\/DSC_2175.jpg",1000,1000,false]},"uagb_author_info":{"display_name":"Laurent Meunier","author_link":"https:\/\/janze-athletisme.fr\/wordpress\/author\/laurent-meunier35\/"},"uagb_comment_info":0,"uagb_excerpt":"Championnat d&rsquo;Ille-et-Vilaine de cross, dimanche 18 janvier, Saint-Onen-La-Chapelle C&rsquo;est le grand moment attendu depuis un moment par les chantres des labours, les rossignols des talus, les hirondelles des foss\u00e9s, les magiciens de la boue&#8230; Tout ce que l&rsquo;Ille et Vilaine compte comme amoureux du cross va converger ce dimanche vers Saint-Onen-La-Chapelle pour le premier grand\u2026","_links":{"self":[{"href":"https:\/\/janze-athletisme.fr\/wordpress\/wp-json\/wp\/v2\/posts\/29409","targetHints":{"allow":["GET"]}}],"collection":[{"href":"https:\/\/janze-athletisme.fr\/wordpress\/wp-json\/wp\/v2\/posts"}],"about":[{"href":"https:\/\/janze-athletisme.fr\/wordpress\/wp-json\/wp\/v2\/types\/post"}],"author":[{"embeddable":true,"href":"https:\/\/janze-athletisme.fr\/wordpress\/wp-json\/wp\/v2\/users\/12"}],"replies":[{"embeddable":true,"href":"https:\/\/janze-athletisme.fr\/wordpress\/wp-json\/wp\/v2\/comments?post=29409"}],"version-history":[{"count":10,"href":"https:\/\/janze-athletisme.fr\/wordpress\/wp-json\/wp\/v2\/posts\/29409\/revisions"}],"predecessor-version":[{"id":29426,"href":"https:\/\/janze-athletisme.fr\/wordpress\/wp-json\/wp\/v2\/posts\/29409\/revisions\/29426"}],"wp:featuredmedia":[{"embeddable":true,"href":"https:\/\/janze-athletisme.fr\/wordpress\/wp-json\/wp\/v2\/media\/29412"}],"wp:attachment":[{"href":"https:\/\/janze-athletisme.fr\/wordpress\/wp-json\/wp\/v2\/media?parent=29409"}],"wp:term":[{"taxonomy":"category","embeddable":true,"href":"https:\/\/janze-athletisme.fr\/wordpress\/wp-json\/wp\/v2\/categories?post=29409"},{"taxonomy":"post_tag","embeddable":true,"href":"https:\/\/janze-athletisme.fr\/wordpress\/wp-json\/wp\/v2\/tags?post=29409"}],"curies":[{"name":"wp","href":"https:\/\/api.w.org\/{rel}","templated":true}]}}