{"id":29271,"date":"2026-01-03T18:51:53","date_gmt":"2026-01-03T17:51:53","guid":{"rendered":"https:\/\/janze-athletisme.fr\/wordpress\/?p=29271"},"modified":"2026-01-05T21:29:55","modified_gmt":"2026-01-05T20:29:55","slug":"prepa-cross-de-tous-les-cotes","status":"publish","type":"post","link":"https:\/\/janze-athletisme.fr\/wordpress\/prepa-cross-de-tous-les-cotes\/","title":{"rendered":"Pr\u00e9pa cross de tous les c\u00f4t\u00e9s"},"content":{"rendered":"<p><span style=\"font-family: verdana, geneva, sans-serif\">A quinze jours maintenant du cross d\u00e9partemental de Saint-Onen, le dimanche 18 janvier, les athl\u00e8tes int\u00e9ress\u00e9s par le cross, apr\u00e8s du repos et une reprise sur du foncier, de la renfo et des allures m\u00e9dianes, ont enclench\u00e9 le compte \u00e0 rebours et commenc\u00e9 \u00e0 travailler l&rsquo;intensit\u00e9. Ce samedi matin, le groupe hors-stade de Franck \u00e9tait \u00e0 Brie et le groupe demi-fond \/ cross jeunes dans le bois de la Jaroussais, pour des s\u00e9ances \u00e0 allure soutenue.<\/span><\/p>\n<p><span style=\"font-family: verdana, geneva, sans-serif\">Pour samedi prochain, rapprochez-vous de vos r\u00e9f\u00e9rents respectifs. <\/span><span style=\"font-family: verdana, geneva, sans-serif\">Le groupe jeunes sera \u00e0 Panc\u00e9, pour une s\u00e9ance collective, avec pointes, ouverte aux poussins\/poussines (des chaussures pourront leur \u00eatre pr\u00eat\u00e9es). RV \u00e0 10h sur place (parking du Clos-Chenot).<\/span><\/p>\n<p><a href=\"https:\/\/janze-athletisme.fr\/wordpress\/wp-content\/uploads\/2026\/01\/Sortie-Janze-La-Jaroussais-le-3jan2026.jpg\"><img loading=\"lazy\" decoding=\"async\" class=\"alignnone wp-image-29275\" src=\"https:\/\/janze-athletisme.fr\/wordpress\/wp-content\/uploads\/2026\/01\/Sortie-Janze-La-Jaroussais-le-3jan2026-300x200.jpg\" alt=\"\" width=\"596\" height=\"397\" srcset=\"https:\/\/janze-athletisme.fr\/wordpress\/wp-content\/uploads\/2026\/01\/Sortie-Janze-La-Jaroussais-le-3jan2026-300x200.jpg 300w, https:\/\/janze-athletisme.fr\/wordpress\/wp-content\/uploads\/2026\/01\/Sortie-Janze-La-Jaroussais-le-3jan2026-1024x683.jpg 1024w, https:\/\/janze-athletisme.fr\/wordpress\/wp-content\/uploads\/2026\/01\/Sortie-Janze-La-Jaroussais-le-3jan2026-768x512.jpg 768w, https:\/\/janze-athletisme.fr\/wordpress\/wp-content\/uploads\/2026\/01\/Sortie-Janze-La-Jaroussais-le-3jan2026.jpg 1500w\" sizes=\"auto, (max-width: 596px) 100vw, 596px\" \/><\/a><\/p>\n<p><em><span style=\"font-family: verdana, geneva, sans-serif\">Merci \u00e0 B\u00e9renger Tardif et Virginie Balluet pour la photo (manque la famille Robert, L\u00e9a, Lucie et Cl\u00e9ment, d\u00e9j\u00e0 partis trottiner).<\/span><\/em><\/p>\n<p><strong><span style=\"font-family: verdana, geneva, sans-serif;font-size: 14pt\">Saint-Onen : horaires et parcours<\/span><\/strong><\/p>\n<p><a href=\"https:\/\/janze-athletisme.fr\/wordpress\/wp-content\/uploads\/2026\/01\/Horaires-Saint-Onen.png\"><img loading=\"lazy\" decoding=\"async\" class=\"alignnone size-medium wp-image-29272\" src=\"https:\/\/janze-athletisme.fr\/wordpress\/wp-content\/uploads\/2026\/01\/Horaires-Saint-Onen-293x300.png\" alt=\"\" width=\"293\" height=\"300\" srcset=\"https:\/\/janze-athletisme.fr\/wordpress\/wp-content\/uploads\/2026\/01\/Horaires-Saint-Onen-293x300.png 293w, https:\/\/janze-athletisme.fr\/wordpress\/wp-content\/uploads\/2026\/01\/Horaires-Saint-Onen.png 749w\" sizes=\"auto, (max-width: 293px) 100vw, 293px\" \/> <\/a><a href=\"https:\/\/janze-athletisme.fr\/wordpress\/wp-content\/uploads\/2026\/01\/Parcours-Saint-Onen.png\"><img loading=\"lazy\" decoding=\"async\" class=\"alignnone wp-image-29273\" src=\"https:\/\/janze-athletisme.fr\/wordpress\/wp-content\/uploads\/2026\/01\/Parcours-Saint-Onen-298x300.png\" alt=\"\" width=\"299\" height=\"301\" srcset=\"https:\/\/janze-athletisme.fr\/wordpress\/wp-content\/uploads\/2026\/01\/Parcours-Saint-Onen-298x300.png 298w, https:\/\/janze-athletisme.fr\/wordpress\/wp-content\/uploads\/2026\/01\/Parcours-Saint-Onen-150x150.png 150w, https:\/\/janze-athletisme.fr\/wordpress\/wp-content\/uploads\/2026\/01\/Parcours-Saint-Onen.png 742w\" sizes=\"auto, (max-width: 299px) 100vw, 299px\" \/><\/a><\/p>\n<p><em><span style=\"font-family: verdana, geneva, sans-serif\">Pour les inscriptions, Mathieu a ouvert un google form. Voici le lien :<a href=\"https:\/\/forms.gle\/jKSfT5x5QiEU4KWy9\"> https:\/\/forms.gle\/jKSfT5x5QiEU4KWy9<\/a><\/span><\/em><\/p>\n","protected":false},"excerpt":{"rendered":"<p>A quinze jours maintenant du cross d\u00e9partemental de Saint-Onen, le dimanche 18 janvier, les athl\u00e8tes int\u00e9ress\u00e9s par le cross, apr\u00e8s du repos et une reprise sur du foncier, de la renfo et des allures m\u00e9dianes, ont enclench\u00e9 le compte \u00e0 rebours et commenc\u00e9 \u00e0 travailler l&rsquo;intensit\u00e9. Ce samedi matin, le groupe hors-stade de Franck \u00e9tait [&hellip;]<\/p>\n","protected":false},"author":12,"featured_media":29275,"comment_status":"open","ping_status":"open","sticky":false,"template":"","format":"aside","meta":{"_uag_custom_page_level_css":"","site-sidebar-layout":"default","site-content-layout":"","ast-site-content-layout":"default","site-content-style":"default","site-sidebar-style":"default","ast-global-header-display":"","ast-banner-title-visibility":"","ast-main-header-display":"","ast-hfb-above-header-display":"","ast-hfb-below-header-display":"","ast-hfb-mobile-header-display":"","site-post-title":"","ast-breadcrumbs-content":"","ast-featured-img":"","footer-sml-layout":"","ast-disable-related-posts":"","theme-transparent-header-meta":"default","adv-header-id-meta":"","stick-header-meta":"","header-above-stick-meta":"","header-main-stick-meta":"","header-below-stick-meta":"","astra-migrate-meta-layouts":"set","ast-page-background-enabled":"default","ast-page-background-meta":{"desktop":{"background-color":"var(--ast-global-color-4)","background-image":"","background-repeat":"repeat","background-position":"center center","background-size":"auto","background-attachment":"scroll","background-type":"","background-media":"","overlay-type":"","overlay-color":"","overlay-opacity":"","overlay-gradient":""},"tablet":{"background-color":"","background-image":"","background-repeat":"repeat","background-position":"center center","background-size":"auto","background-attachment":"scroll","background-type":"","background-media":"","overlay-type":"","overlay-color":"","overlay-opacity":"","overlay-gradient":""},"mobile":{"background-color":"","background-image":"","background-repeat":"repeat","background-position":"center center","background-size":"auto","background-attachment":"scroll","background-type":"","background-media":"","overlay-type":"","overlay-color":"","overlay-opacity":"","overlay-gradient":""}},"ast-content-background-meta":{"desktop":{"background-color":"var(--ast-global-color-5)","background-image":"","background-repeat":"repeat","background-position":"center center","background-size":"auto","background-attachment":"scroll","background-type":"","background-media":"","overlay-type":"","overlay-color":"","overlay-opacity":"","overlay-gradient":""},"tablet":{"background-color":"var(--ast-global-color-5)","background-image":"","background-repeat":"repeat","background-position":"center center","background-size":"auto","background-attachment":"scroll","background-type":"","background-media":"","overlay-type":"","overlay-color":"","overlay-opacity":"","overlay-gradient":""},"mobile":{"background-color":"var(--ast-global-color-5)","background-image":"","background-repeat":"repeat","background-position":"center center","background-size":"auto","background-attachment":"scroll","background-type":"","background-media":"","overlay-type":"","overlay-color":"","overlay-opacity":"","overlay-gradient":""}},"footnotes":""},"categories":[6],"tags":[],"class_list":["post-29271","post","type-post","status-publish","format-aside","has-post-thumbnail","hentry","category-sections","post_format-post-format-aside"],"yoast_head":"<!-- This site is optimized with the Yoast SEO plugin v27.4 - https:\/\/yoast.com\/product\/yoast-seo-wordpress\/ -->\n<title>Pr\u00e9pa cross de tous les c\u00f4t\u00e9s - Janz\u00e9 Athl\u00e9tisme<\/title>\n<meta name=\"robots\" content=\"index, follow, max-snippet:-1, max-image-preview:large, max-video-preview:-1\" \/>\n<link rel=\"canonical\" href=\"https:\/\/janze-athletisme.fr\/wordpress\/prepa-cross-de-tous-les-cotes\/\" \/>\n<meta property=\"og:locale\" content=\"fr_FR\" \/>\n<meta property=\"og:type\" content=\"article\" \/>\n<meta property=\"og:title\" content=\"Pr\u00e9pa cross de tous les c\u00f4t\u00e9s - Janz\u00e9 Athl\u00e9tisme\" \/>\n<meta property=\"og:description\" content=\"A quinze jours maintenant du cross d\u00e9partemental de Saint-Onen, le dimanche 18 janvier, les athl\u00e8tes int\u00e9ress\u00e9s par le cross, apr\u00e8s du repos et une reprise sur du foncier, de la renfo et des allures m\u00e9dianes, ont enclench\u00e9 le compte \u00e0 rebours et commenc\u00e9 \u00e0 travailler l&rsquo;intensit\u00e9. Ce samedi matin, le groupe hors-stade de Franck \u00e9tait [&hellip;]\" \/>\n<meta property=\"og:url\" content=\"https:\/\/janze-athletisme.fr\/wordpress\/prepa-cross-de-tous-les-cotes\/\" \/>\n<meta property=\"og:site_name\" content=\"Janz\u00e9 Athl\u00e9tisme\" \/>\n<meta property=\"article:publisher\" content=\"https:\/\/www.facebook.com\/groups\/1007964579346590\" \/>\n<meta property=\"article:published_time\" content=\"2026-01-03T17:51:53+00:00\" \/>\n<meta property=\"article:modified_time\" content=\"2026-01-05T20:29:55+00:00\" \/>\n<meta property=\"og:image\" content=\"https:\/\/janze-athletisme.fr\/wordpress\/wp-content\/uploads\/2026\/01\/Sortie-Janze-La-Jaroussais-le-3jan2026.jpg\" \/>\n\t<meta property=\"og:image:width\" content=\"1500\" \/>\n\t<meta property=\"og:image:height\" content=\"1000\" \/>\n\t<meta property=\"og:image:type\" content=\"image\/jpeg\" \/>\n<meta name=\"author\" content=\"Laurent Meunier\" \/>\n<meta name=\"twitter:card\" content=\"summary_large_image\" \/>\n<meta name=\"twitter:label1\" content=\"\u00c9crit par\" \/>\n\t<meta name=\"twitter:data1\" content=\"Laurent Meunier\" \/>\n\t<meta name=\"twitter:label2\" content=\"Dur\u00e9e de lecture estim\u00e9e\" \/>\n\t<meta name=\"twitter:data2\" content=\"2 minutes\" \/>\n<script type=\"application\/ld+json\" class=\"yoast-schema-graph\">{\"@context\":\"https:\\\/\\\/schema.org\",\"@graph\":[{\"@type\":\"Article\",\"@id\":\"https:\\\/\\\/janze-athletisme.fr\\\/wordpress\\\/prepa-cross-de-tous-les-cotes\\\/#article\",\"isPartOf\":{\"@id\":\"https:\\\/\\\/janze-athletisme.fr\\\/wordpress\\\/prepa-cross-de-tous-les-cotes\\\/\"},\"author\":{\"name\":\"Laurent Meunier\",\"@id\":\"https:\\\/\\\/janze-athletisme.fr\\\/wordpress\\\/#\\\/schema\\\/person\\\/c7b063dcfa6234c041d4d9b26cc2ea03\"},\"headline\":\"Pr\u00e9pa cross de tous les c\u00f4t\u00e9s\",\"datePublished\":\"2026-01-03T17:51:53+00:00\",\"dateModified\":\"2026-01-05T20:29:55+00:00\",\"mainEntityOfPage\":{\"@id\":\"https:\\\/\\\/janze-athletisme.fr\\\/wordpress\\\/prepa-cross-de-tous-les-cotes\\\/\"},\"wordCount\":175,\"commentCount\":0,\"publisher\":{\"@id\":\"https:\\\/\\\/janze-athletisme.fr\\\/wordpress\\\/#organization\"},\"image\":{\"@id\":\"https:\\\/\\\/janze-athletisme.fr\\\/wordpress\\\/prepa-cross-de-tous-les-cotes\\\/#primaryimage\"},\"thumbnailUrl\":\"https:\\\/\\\/janze-athletisme.fr\\\/wordpress\\\/wp-content\\\/uploads\\\/2026\\\/01\\\/Sortie-Janze-La-Jaroussais-le-3jan2026.jpg\",\"articleSection\":[\"Le club au jour le jour\"],\"inLanguage\":\"fr-FR\",\"potentialAction\":[{\"@type\":\"CommentAction\",\"name\":\"Comment\",\"target\":[\"https:\\\/\\\/janze-athletisme.fr\\\/wordpress\\\/prepa-cross-de-tous-les-cotes\\\/#respond\"]}]},{\"@type\":\"WebPage\",\"@id\":\"https:\\\/\\\/janze-athletisme.fr\\\/wordpress\\\/prepa-cross-de-tous-les-cotes\\\/\",\"url\":\"https:\\\/\\\/janze-athletisme.fr\\\/wordpress\\\/prepa-cross-de-tous-les-cotes\\\/\",\"name\":\"Pr\u00e9pa cross de tous les c\u00f4t\u00e9s - Janz\u00e9 Athl\u00e9tisme\",\"isPartOf\":{\"@id\":\"https:\\\/\\\/janze-athletisme.fr\\\/wordpress\\\/#website\"},\"primaryImageOfPage\":{\"@id\":\"https:\\\/\\\/janze-athletisme.fr\\\/wordpress\\\/prepa-cross-de-tous-les-cotes\\\/#primaryimage\"},\"image\":{\"@id\":\"https:\\\/\\\/janze-athletisme.fr\\\/wordpress\\\/prepa-cross-de-tous-les-cotes\\\/#primaryimage\"},\"thumbnailUrl\":\"https:\\\/\\\/janze-athletisme.fr\\\/wordpress\\\/wp-content\\\/uploads\\\/2026\\\/01\\\/Sortie-Janze-La-Jaroussais-le-3jan2026.jpg\",\"datePublished\":\"2026-01-03T17:51:53+00:00\",\"dateModified\":\"2026-01-05T20:29:55+00:00\",\"breadcrumb\":{\"@id\":\"https:\\\/\\\/janze-athletisme.fr\\\/wordpress\\\/prepa-cross-de-tous-les-cotes\\\/#breadcrumb\"},\"inLanguage\":\"fr-FR\",\"potentialAction\":[{\"@type\":\"ReadAction\",\"target\":[\"https:\\\/\\\/janze-athletisme.fr\\\/wordpress\\\/prepa-cross-de-tous-les-cotes\\\/\"]}]},{\"@type\":\"ImageObject\",\"inLanguage\":\"fr-FR\",\"@id\":\"https:\\\/\\\/janze-athletisme.fr\\\/wordpress\\\/prepa-cross-de-tous-les-cotes\\\/#primaryimage\",\"url\":\"https:\\\/\\\/janze-athletisme.fr\\\/wordpress\\\/wp-content\\\/uploads\\\/2026\\\/01\\\/Sortie-Janze-La-Jaroussais-le-3jan2026.jpg\",\"contentUrl\":\"https:\\\/\\\/janze-athletisme.fr\\\/wordpress\\\/wp-content\\\/uploads\\\/2026\\\/01\\\/Sortie-Janze-La-Jaroussais-le-3jan2026.jpg\",\"width\":1500,\"height\":1000},{\"@type\":\"BreadcrumbList\",\"@id\":\"https:\\\/\\\/janze-athletisme.fr\\\/wordpress\\\/prepa-cross-de-tous-les-cotes\\\/#breadcrumb\",\"itemListElement\":[{\"@type\":\"ListItem\",\"position\":1,\"name\":\"Accueil\",\"item\":\"https:\\\/\\\/janze-athletisme.fr\\\/wordpress\\\/\"},{\"@type\":\"ListItem\",\"position\":2,\"name\":\"Pr\u00e9pa cross de tous les c\u00f4t\u00e9s\"}]},{\"@type\":\"WebSite\",\"@id\":\"https:\\\/\\\/janze-athletisme.fr\\\/wordpress\\\/#website\",\"url\":\"https:\\\/\\\/janze-athletisme.fr\\\/wordpress\\\/\",\"name\":\"Janz\u00e9 Athl\u00e9tisme\",\"description\":\"Pays de La Roche aux F\u00e9es\",\"publisher\":{\"@id\":\"https:\\\/\\\/janze-athletisme.fr\\\/wordpress\\\/#organization\"},\"potentialAction\":[{\"@type\":\"SearchAction\",\"target\":{\"@type\":\"EntryPoint\",\"urlTemplate\":\"https:\\\/\\\/janze-athletisme.fr\\\/wordpress\\\/?s={search_term_string}\"},\"query-input\":{\"@type\":\"PropertyValueSpecification\",\"valueRequired\":true,\"valueName\":\"search_term_string\"}}],\"inLanguage\":\"fr-FR\"},{\"@type\":\"Organization\",\"@id\":\"https:\\\/\\\/janze-athletisme.fr\\\/wordpress\\\/#organization\",\"name\":\"Janz\u00e9 Athl\u00e9tisme\",\"url\":\"https:\\\/\\\/janze-athletisme.fr\\\/wordpress\\\/\",\"logo\":{\"@type\":\"ImageObject\",\"inLanguage\":\"fr-FR\",\"@id\":\"https:\\\/\\\/janze-athletisme.fr\\\/wordpress\\\/#\\\/schema\\\/logo\\\/image\\\/\",\"url\":\"https:\\\/\\\/janze-athletisme.fr\\\/wordpress\\\/wp-content\\\/uploads\\\/2015\\\/03\\\/logo-full1.jpg\",\"contentUrl\":\"https:\\\/\\\/janze-athletisme.fr\\\/wordpress\\\/wp-content\\\/uploads\\\/2015\\\/03\\\/logo-full1.jpg\",\"width\":437,\"height\":205,\"caption\":\"Janz\u00e9 Athl\u00e9tisme\"},\"image\":{\"@id\":\"https:\\\/\\\/janze-athletisme.fr\\\/wordpress\\\/#\\\/schema\\\/logo\\\/image\\\/\"},\"sameAs\":[\"https:\\\/\\\/www.facebook.com\\\/groups\\\/1007964579346590\"]},{\"@type\":\"Person\",\"@id\":\"https:\\\/\\\/janze-athletisme.fr\\\/wordpress\\\/#\\\/schema\\\/person\\\/c7b063dcfa6234c041d4d9b26cc2ea03\",\"name\":\"Laurent Meunier\",\"image\":{\"@type\":\"ImageObject\",\"inLanguage\":\"fr-FR\",\"@id\":\"https:\\\/\\\/secure.gravatar.com\\\/avatar\\\/dd25d581ad7c3349090f2fa6a9adb6bfa287e6a5dd8a5216a092727cd8749034?s=96&d=mm&r=g\",\"url\":\"https:\\\/\\\/secure.gravatar.com\\\/avatar\\\/dd25d581ad7c3349090f2fa6a9adb6bfa287e6a5dd8a5216a092727cd8749034?s=96&d=mm&r=g\",\"contentUrl\":\"https:\\\/\\\/secure.gravatar.com\\\/avatar\\\/dd25d581ad7c3349090f2fa6a9adb6bfa287e6a5dd8a5216a092727cd8749034?s=96&d=mm&r=g\",\"caption\":\"Laurent Meunier\"},\"url\":\"https:\\\/\\\/janze-athletisme.fr\\\/wordpress\\\/author\\\/laurent-meunier35\\\/\"}]}<\/script>\n<!-- \/ Yoast SEO plugin. -->","yoast_head_json":{"title":"Pr\u00e9pa cross de tous les c\u00f4t\u00e9s - Janz\u00e9 Athl\u00e9tisme","robots":{"index":"index","follow":"follow","max-snippet":"max-snippet:-1","max-image-preview":"max-image-preview:large","max-video-preview":"max-video-preview:-1"},"canonical":"https:\/\/janze-athletisme.fr\/wordpress\/prepa-cross-de-tous-les-cotes\/","og_locale":"fr_FR","og_type":"article","og_title":"Pr\u00e9pa cross de tous les c\u00f4t\u00e9s - Janz\u00e9 Athl\u00e9tisme","og_description":"A quinze jours maintenant du cross d\u00e9partemental de Saint-Onen, le dimanche 18 janvier, les athl\u00e8tes int\u00e9ress\u00e9s par le cross, apr\u00e8s du repos et une reprise sur du foncier, de la renfo et des allures m\u00e9dianes, ont enclench\u00e9 le compte \u00e0 rebours et commenc\u00e9 \u00e0 travailler l&rsquo;intensit\u00e9. Ce samedi matin, le groupe hors-stade de Franck \u00e9tait [&hellip;]","og_url":"https:\/\/janze-athletisme.fr\/wordpress\/prepa-cross-de-tous-les-cotes\/","og_site_name":"Janz\u00e9 Athl\u00e9tisme","article_publisher":"https:\/\/www.facebook.com\/groups\/1007964579346590","article_published_time":"2026-01-03T17:51:53+00:00","article_modified_time":"2026-01-05T20:29:55+00:00","og_image":[{"width":1500,"height":1000,"url":"https:\/\/janze-athletisme.fr\/wordpress\/wp-content\/uploads\/2026\/01\/Sortie-Janze-La-Jaroussais-le-3jan2026.jpg","type":"image\/jpeg"}],"author":"Laurent Meunier","twitter_card":"summary_large_image","twitter_misc":{"\u00c9crit par":"Laurent Meunier","Dur\u00e9e de lecture estim\u00e9e":"2 minutes"},"schema":{"@context":"https:\/\/schema.org","@graph":[{"@type":"Article","@id":"https:\/\/janze-athletisme.fr\/wordpress\/prepa-cross-de-tous-les-cotes\/#article","isPartOf":{"@id":"https:\/\/janze-athletisme.fr\/wordpress\/prepa-cross-de-tous-les-cotes\/"},"author":{"name":"Laurent Meunier","@id":"https:\/\/janze-athletisme.fr\/wordpress\/#\/schema\/person\/c7b063dcfa6234c041d4d9b26cc2ea03"},"headline":"Pr\u00e9pa cross de tous les c\u00f4t\u00e9s","datePublished":"2026-01-03T17:51:53+00:00","dateModified":"2026-01-05T20:29:55+00:00","mainEntityOfPage":{"@id":"https:\/\/janze-athletisme.fr\/wordpress\/prepa-cross-de-tous-les-cotes\/"},"wordCount":175,"commentCount":0,"publisher":{"@id":"https:\/\/janze-athletisme.fr\/wordpress\/#organization"},"image":{"@id":"https:\/\/janze-athletisme.fr\/wordpress\/prepa-cross-de-tous-les-cotes\/#primaryimage"},"thumbnailUrl":"https:\/\/janze-athletisme.fr\/wordpress\/wp-content\/uploads\/2026\/01\/Sortie-Janze-La-Jaroussais-le-3jan2026.jpg","articleSection":["Le club au jour le jour"],"inLanguage":"fr-FR","potentialAction":[{"@type":"CommentAction","name":"Comment","target":["https:\/\/janze-athletisme.fr\/wordpress\/prepa-cross-de-tous-les-cotes\/#respond"]}]},{"@type":"WebPage","@id":"https:\/\/janze-athletisme.fr\/wordpress\/prepa-cross-de-tous-les-cotes\/","url":"https:\/\/janze-athletisme.fr\/wordpress\/prepa-cross-de-tous-les-cotes\/","name":"Pr\u00e9pa cross de tous les c\u00f4t\u00e9s - Janz\u00e9 Athl\u00e9tisme","isPartOf":{"@id":"https:\/\/janze-athletisme.fr\/wordpress\/#website"},"primaryImageOfPage":{"@id":"https:\/\/janze-athletisme.fr\/wordpress\/prepa-cross-de-tous-les-cotes\/#primaryimage"},"image":{"@id":"https:\/\/janze-athletisme.fr\/wordpress\/prepa-cross-de-tous-les-cotes\/#primaryimage"},"thumbnailUrl":"https:\/\/janze-athletisme.fr\/wordpress\/wp-content\/uploads\/2026\/01\/Sortie-Janze-La-Jaroussais-le-3jan2026.jpg","datePublished":"2026-01-03T17:51:53+00:00","dateModified":"2026-01-05T20:29:55+00:00","breadcrumb":{"@id":"https:\/\/janze-athletisme.fr\/wordpress\/prepa-cross-de-tous-les-cotes\/#breadcrumb"},"inLanguage":"fr-FR","potentialAction":[{"@type":"ReadAction","target":["https:\/\/janze-athletisme.fr\/wordpress\/prepa-cross-de-tous-les-cotes\/"]}]},{"@type":"ImageObject","inLanguage":"fr-FR","@id":"https:\/\/janze-athletisme.fr\/wordpress\/prepa-cross-de-tous-les-cotes\/#primaryimage","url":"https:\/\/janze-athletisme.fr\/wordpress\/wp-content\/uploads\/2026\/01\/Sortie-Janze-La-Jaroussais-le-3jan2026.jpg","contentUrl":"https:\/\/janze-athletisme.fr\/wordpress\/wp-content\/uploads\/2026\/01\/Sortie-Janze-La-Jaroussais-le-3jan2026.jpg","width":1500,"height":1000},{"@type":"BreadcrumbList","@id":"https:\/\/janze-athletisme.fr\/wordpress\/prepa-cross-de-tous-les-cotes\/#breadcrumb","itemListElement":[{"@type":"ListItem","position":1,"name":"Accueil","item":"https:\/\/janze-athletisme.fr\/wordpress\/"},{"@type":"ListItem","position":2,"name":"Pr\u00e9pa cross de tous les c\u00f4t\u00e9s"}]},{"@type":"WebSite","@id":"https:\/\/janze-athletisme.fr\/wordpress\/#website","url":"https:\/\/janze-athletisme.fr\/wordpress\/","name":"Janz\u00e9 Athl\u00e9tisme","description":"Pays de La Roche aux F\u00e9es","publisher":{"@id":"https:\/\/janze-athletisme.fr\/wordpress\/#organization"},"potentialAction":[{"@type":"SearchAction","target":{"@type":"EntryPoint","urlTemplate":"https:\/\/janze-athletisme.fr\/wordpress\/?s={search_term_string}"},"query-input":{"@type":"PropertyValueSpecification","valueRequired":true,"valueName":"search_term_string"}}],"inLanguage":"fr-FR"},{"@type":"Organization","@id":"https:\/\/janze-athletisme.fr\/wordpress\/#organization","name":"Janz\u00e9 Athl\u00e9tisme","url":"https:\/\/janze-athletisme.fr\/wordpress\/","logo":{"@type":"ImageObject","inLanguage":"fr-FR","@id":"https:\/\/janze-athletisme.fr\/wordpress\/#\/schema\/logo\/image\/","url":"https:\/\/janze-athletisme.fr\/wordpress\/wp-content\/uploads\/2015\/03\/logo-full1.jpg","contentUrl":"https:\/\/janze-athletisme.fr\/wordpress\/wp-content\/uploads\/2015\/03\/logo-full1.jpg","width":437,"height":205,"caption":"Janz\u00e9 Athl\u00e9tisme"},"image":{"@id":"https:\/\/janze-athletisme.fr\/wordpress\/#\/schema\/logo\/image\/"},"sameAs":["https:\/\/www.facebook.com\/groups\/1007964579346590"]},{"@type":"Person","@id":"https:\/\/janze-athletisme.fr\/wordpress\/#\/schema\/person\/c7b063dcfa6234c041d4d9b26cc2ea03","name":"Laurent Meunier","image":{"@type":"ImageObject","inLanguage":"fr-FR","@id":"https:\/\/secure.gravatar.com\/avatar\/dd25d581ad7c3349090f2fa6a9adb6bfa287e6a5dd8a5216a092727cd8749034?s=96&d=mm&r=g","url":"https:\/\/secure.gravatar.com\/avatar\/dd25d581ad7c3349090f2fa6a9adb6bfa287e6a5dd8a5216a092727cd8749034?s=96&d=mm&r=g","contentUrl":"https:\/\/secure.gravatar.com\/avatar\/dd25d581ad7c3349090f2fa6a9adb6bfa287e6a5dd8a5216a092727cd8749034?s=96&d=mm&r=g","caption":"Laurent Meunier"},"url":"https:\/\/janze-athletisme.fr\/wordpress\/author\/laurent-meunier35\/"}]}},"uagb_featured_image_src":{"full":["https:\/\/janze-athletisme.fr\/wordpress\/wp-content\/uploads\/2026\/01\/Sortie-Janze-La-Jaroussais-le-3jan2026.jpg",1500,1000,false],"thumbnail":["https:\/\/janze-athletisme.fr\/wordpress\/wp-content\/uploads\/2026\/01\/Sortie-Janze-La-Jaroussais-le-3jan2026-150x150.jpg",150,150,true],"medium":["https:\/\/janze-athletisme.fr\/wordpress\/wp-content\/uploads\/2026\/01\/Sortie-Janze-La-Jaroussais-le-3jan2026-300x200.jpg",300,200,true],"medium_large":["https:\/\/janze-athletisme.fr\/wordpress\/wp-content\/uploads\/2026\/01\/Sortie-Janze-La-Jaroussais-le-3jan2026-768x512.jpg",768,512,true],"large":["https:\/\/janze-athletisme.fr\/wordpress\/wp-content\/uploads\/2026\/01\/Sortie-Janze-La-Jaroussais-le-3jan2026-1024x683.jpg",1024,683,true],"1536x1536":["https:\/\/janze-athletisme.fr\/wordpress\/wp-content\/uploads\/2026\/01\/Sortie-Janze-La-Jaroussais-le-3jan2026.jpg",1500,1000,false],"2048x2048":["https:\/\/janze-athletisme.fr\/wordpress\/wp-content\/uploads\/2026\/01\/Sortie-Janze-La-Jaroussais-le-3jan2026.jpg",1500,1000,false]},"uagb_author_info":{"display_name":"Laurent Meunier","author_link":"https:\/\/janze-athletisme.fr\/wordpress\/author\/laurent-meunier35\/"},"uagb_comment_info":0,"uagb_excerpt":"A quinze jours maintenant du cross d\u00e9partemental de Saint-Onen, le dimanche 18 janvier, les athl\u00e8tes int\u00e9ress\u00e9s par le cross, apr\u00e8s du repos et une reprise sur du foncier, de la renfo et des allures m\u00e9dianes, ont enclench\u00e9 le compte \u00e0 rebours et commenc\u00e9 \u00e0 travailler l&rsquo;intensit\u00e9. Ce samedi matin, le groupe hors-stade de Franck \u00e9tait\u2026","_links":{"self":[{"href":"https:\/\/janze-athletisme.fr\/wordpress\/wp-json\/wp\/v2\/posts\/29271","targetHints":{"allow":["GET"]}}],"collection":[{"href":"https:\/\/janze-athletisme.fr\/wordpress\/wp-json\/wp\/v2\/posts"}],"about":[{"href":"https:\/\/janze-athletisme.fr\/wordpress\/wp-json\/wp\/v2\/types\/post"}],"author":[{"embeddable":true,"href":"https:\/\/janze-athletisme.fr\/wordpress\/wp-json\/wp\/v2\/users\/12"}],"replies":[{"embeddable":true,"href":"https:\/\/janze-athletisme.fr\/wordpress\/wp-json\/wp\/v2\/comments?post=29271"}],"version-history":[{"count":8,"href":"https:\/\/janze-athletisme.fr\/wordpress\/wp-json\/wp\/v2\/posts\/29271\/revisions"}],"predecessor-version":[{"id":29287,"href":"https:\/\/janze-athletisme.fr\/wordpress\/wp-json\/wp\/v2\/posts\/29271\/revisions\/29287"}],"wp:featuredmedia":[{"embeddable":true,"href":"https:\/\/janze-athletisme.fr\/wordpress\/wp-json\/wp\/v2\/media\/29275"}],"wp:attachment":[{"href":"https:\/\/janze-athletisme.fr\/wordpress\/wp-json\/wp\/v2\/media?parent=29271"}],"wp:term":[{"taxonomy":"category","embeddable":true,"href":"https:\/\/janze-athletisme.fr\/wordpress\/wp-json\/wp\/v2\/categories?post=29271"},{"taxonomy":"post_tag","embeddable":true,"href":"https:\/\/janze-athletisme.fr\/wordpress\/wp-json\/wp\/v2\/tags?post=29271"}],"curies":[{"name":"wp","href":"https:\/\/api.w.org\/{rel}","templated":true}]}}