{"id":29261,"date":"2025-12-31T10:53:06","date_gmt":"2025-12-31T09:53:06","guid":{"rendered":"https:\/\/janze-athletisme.fr\/wordpress\/?p=29261"},"modified":"2026-01-02T13:06:24","modified_gmt":"2026-01-02T12:06:24","slug":"galette-des-rois-du-club","status":"publish","type":"post","link":"https:\/\/janze-athletisme.fr\/wordpress\/galette-des-rois-du-club\/","title":{"rendered":"Galette des Rois du Club"},"content":{"rendered":"<h1 style=\"text-align: center;\"><span style=\"font-family: comic sans ms, sans-serif; color: #003366;\">Les membres du CA de Janz\u00e9 athl\u00e9tisme sont heureux de vous convier \u00e0 la traditionnelle galette des rois du club<\/span><\/h1>\n<p>&nbsp;<\/p>\n<h1 style=\"text-align: center;\"><span style=\"color: #ff0000; font-family: comic sans ms, sans-serif;\">Vendredi 16 janvier <\/span><\/h1>\n<h1 style=\"text-align: center;\"><\/h1>\n<h1 style=\"text-align: center;\"><span style=\"color: #ff0000; font-family: comic sans ms, sans-serif;\">Foyer du stade<\/span><\/h1>\n<p>&nbsp;<\/p>\n<h1 style=\"text-align: center;\"><span style=\"color: #ff0000; font-family: comic sans ms, sans-serif;\">18h45<\/span><\/h1>\n<p>&nbsp;<\/p>\n<h1 style=\"text-align: center;\"><span style=\"font-family: comic sans ms, sans-serif; color: #003366;\">Nous comptons sur votre pr\u00e9sence pour passer ce bon moment de convivialit\u00e9 !<\/span><\/h1>\n<h1 style=\"text-align: center;\"><\/h1>\n<h1 style=\"text-align: center;\"><\/h1>\n","protected":false},"excerpt":{"rendered":"<p>Les membres du CA de Janz\u00e9 athl\u00e9tisme sont heureux de vous convier \u00e0 la traditionnelle galette des rois du club &nbsp; Vendredi 16 janvier Foyer du stade &nbsp; 18h45 &nbsp; Nous comptons sur votre pr\u00e9sence pour passer ce bon moment de convivialit\u00e9 !<\/p>\n","protected":false},"author":8,"featured_media":29265,"comment_status":"open","ping_status":"open","sticky":false,"template":"","format":"aside","meta":{"_uag_custom_page_level_css":"","site-sidebar-layout":"default","site-content-layout":"","ast-site-content-layout":"default","site-content-style":"default","site-sidebar-style":"default","ast-global-header-display":"","ast-banner-title-visibility":"","ast-main-header-display":"","ast-hfb-above-header-display":"","ast-hfb-below-header-display":"","ast-hfb-mobile-header-display":"","site-post-title":"","ast-breadcrumbs-content":"","ast-featured-img":"","footer-sml-layout":"","ast-disable-related-posts":"","theme-transparent-header-meta":"default","adv-header-id-meta":"","stick-header-meta":"","header-above-stick-meta":"","header-main-stick-meta":"","header-below-stick-meta":"","astra-migrate-meta-layouts":"set","ast-page-background-enabled":"default","ast-page-background-meta":{"desktop":{"background-color":"var(--ast-global-color-4)","background-image":"","background-repeat":"repeat","background-position":"center center","background-size":"auto","background-attachment":"scroll","background-type":"","background-media":"","overlay-type":"","overlay-color":"","overlay-opacity":"","overlay-gradient":""},"tablet":{"background-color":"","background-image":"","background-repeat":"repeat","background-position":"center center","background-size":"auto","background-attachment":"scroll","background-type":"","background-media":"","overlay-type":"","overlay-color":"","overlay-opacity":"","overlay-gradient":""},"mobile":{"background-color":"","background-image":"","background-repeat":"repeat","background-position":"center center","background-size":"auto","background-attachment":"scroll","background-type":"","background-media":"","overlay-type":"","overlay-color":"","overlay-opacity":"","overlay-gradient":""}},"ast-content-background-meta":{"desktop":{"background-color":"var(--ast-global-color-5)","background-image":"","background-repeat":"repeat","background-position":"center center","background-size":"auto","background-attachment":"scroll","background-type":"","background-media":"","overlay-type":"","overlay-color":"","overlay-opacity":"","overlay-gradient":""},"tablet":{"background-color":"var(--ast-global-color-5)","background-image":"","background-repeat":"repeat","background-position":"center center","background-size":"auto","background-attachment":"scroll","background-type":"","background-media":"","overlay-type":"","overlay-color":"","overlay-opacity":"","overlay-gradient":""},"mobile":{"background-color":"var(--ast-global-color-5)","background-image":"","background-repeat":"repeat","background-position":"center center","background-size":"auto","background-attachment":"scroll","background-type":"","background-media":"","overlay-type":"","overlay-color":"","overlay-opacity":"","overlay-gradient":""}},"footnotes":""},"categories":[6],"tags":[],"class_list":["post-29261","post","type-post","status-publish","format-aside","has-post-thumbnail","hentry","category-sections","post_format-post-format-aside"],"yoast_head":"<!-- This site is optimized with the Yoast SEO plugin v27.4 - https:\/\/yoast.com\/product\/yoast-seo-wordpress\/ -->\n<title>Galette des Rois du Club - Janz\u00e9 Athl\u00e9tisme<\/title>\n<meta name=\"robots\" content=\"index, follow, max-snippet:-1, max-image-preview:large, max-video-preview:-1\" \/>\n<link rel=\"canonical\" href=\"https:\/\/janze-athletisme.fr\/wordpress\/galette-des-rois-du-club\/\" \/>\n<meta property=\"og:locale\" content=\"fr_FR\" \/>\n<meta property=\"og:type\" content=\"article\" \/>\n<meta property=\"og:title\" content=\"Galette des Rois du Club - Janz\u00e9 Athl\u00e9tisme\" \/>\n<meta property=\"og:description\" content=\"Les membres du CA de Janz\u00e9 athl\u00e9tisme sont heureux de vous convier \u00e0 la traditionnelle galette des rois du club &nbsp; Vendredi 16 janvier Foyer du stade &nbsp; 18h45 &nbsp; Nous comptons sur votre pr\u00e9sence pour passer ce bon moment de convivialit\u00e9 !\" \/>\n<meta property=\"og:url\" content=\"https:\/\/janze-athletisme.fr\/wordpress\/galette-des-rois-du-club\/\" \/>\n<meta property=\"og:site_name\" content=\"Janz\u00e9 Athl\u00e9tisme\" \/>\n<meta property=\"article:publisher\" content=\"https:\/\/www.facebook.com\/groups\/1007964579346590\" \/>\n<meta property=\"article:published_time\" content=\"2025-12-31T09:53:06+00:00\" \/>\n<meta property=\"article:modified_time\" content=\"2026-01-02T12:06:24+00:00\" \/>\n<meta property=\"og:image\" content=\"https:\/\/janze-athletisme.fr\/wordpress\/wp-content\/uploads\/2025\/12\/Sans-titre-7.jpg\" \/>\n\t<meta property=\"og:image:width\" content=\"225\" \/>\n\t<meta property=\"og:image:height\" content=\"225\" \/>\n\t<meta property=\"og:image:type\" content=\"image\/jpeg\" \/>\n<meta name=\"author\" content=\"Jean-Marie Jouzel\" \/>\n<meta name=\"twitter:card\" content=\"summary_large_image\" \/>\n<meta name=\"twitter:label1\" content=\"\u00c9crit par\" \/>\n\t<meta name=\"twitter:data1\" content=\"Jean-Marie Jouzel\" \/>\n\t<meta name=\"twitter:label2\" content=\"Dur\u00e9e de lecture estim\u00e9e\" \/>\n\t<meta name=\"twitter:data2\" content=\"1 minute\" \/>\n<script type=\"application\/ld+json\" class=\"yoast-schema-graph\">{\"@context\":\"https:\\\/\\\/schema.org\",\"@graph\":[{\"@type\":\"Article\",\"@id\":\"https:\\\/\\\/janze-athletisme.fr\\\/wordpress\\\/galette-des-rois-du-club\\\/#article\",\"isPartOf\":{\"@id\":\"https:\\\/\\\/janze-athletisme.fr\\\/wordpress\\\/galette-des-rois-du-club\\\/\"},\"author\":{\"name\":\"Jean-Marie Jouzel\",\"@id\":\"https:\\\/\\\/janze-athletisme.fr\\\/wordpress\\\/#\\\/schema\\\/person\\\/e27efa3d49687b81c679eb0b5c4973e9\"},\"headline\":\"Galette des Rois du Club\",\"datePublished\":\"2025-12-31T09:53:06+00:00\",\"dateModified\":\"2026-01-02T12:06:24+00:00\",\"mainEntityOfPage\":{\"@id\":\"https:\\\/\\\/janze-athletisme.fr\\\/wordpress\\\/galette-des-rois-du-club\\\/\"},\"wordCount\":47,\"commentCount\":0,\"publisher\":{\"@id\":\"https:\\\/\\\/janze-athletisme.fr\\\/wordpress\\\/#organization\"},\"image\":{\"@id\":\"https:\\\/\\\/janze-athletisme.fr\\\/wordpress\\\/galette-des-rois-du-club\\\/#primaryimage\"},\"thumbnailUrl\":\"https:\\\/\\\/janze-athletisme.fr\\\/wordpress\\\/wp-content\\\/uploads\\\/2025\\\/12\\\/Sans-titre-7.jpg\",\"articleSection\":[\"Le club au jour le jour\"],\"inLanguage\":\"fr-FR\",\"potentialAction\":[{\"@type\":\"CommentAction\",\"name\":\"Comment\",\"target\":[\"https:\\\/\\\/janze-athletisme.fr\\\/wordpress\\\/galette-des-rois-du-club\\\/#respond\"]}]},{\"@type\":\"WebPage\",\"@id\":\"https:\\\/\\\/janze-athletisme.fr\\\/wordpress\\\/galette-des-rois-du-club\\\/\",\"url\":\"https:\\\/\\\/janze-athletisme.fr\\\/wordpress\\\/galette-des-rois-du-club\\\/\",\"name\":\"Galette des Rois du Club - Janz\u00e9 Athl\u00e9tisme\",\"isPartOf\":{\"@id\":\"https:\\\/\\\/janze-athletisme.fr\\\/wordpress\\\/#website\"},\"primaryImageOfPage\":{\"@id\":\"https:\\\/\\\/janze-athletisme.fr\\\/wordpress\\\/galette-des-rois-du-club\\\/#primaryimage\"},\"image\":{\"@id\":\"https:\\\/\\\/janze-athletisme.fr\\\/wordpress\\\/galette-des-rois-du-club\\\/#primaryimage\"},\"thumbnailUrl\":\"https:\\\/\\\/janze-athletisme.fr\\\/wordpress\\\/wp-content\\\/uploads\\\/2025\\\/12\\\/Sans-titre-7.jpg\",\"datePublished\":\"2025-12-31T09:53:06+00:00\",\"dateModified\":\"2026-01-02T12:06:24+00:00\",\"breadcrumb\":{\"@id\":\"https:\\\/\\\/janze-athletisme.fr\\\/wordpress\\\/galette-des-rois-du-club\\\/#breadcrumb\"},\"inLanguage\":\"fr-FR\",\"potentialAction\":[{\"@type\":\"ReadAction\",\"target\":[\"https:\\\/\\\/janze-athletisme.fr\\\/wordpress\\\/galette-des-rois-du-club\\\/\"]}]},{\"@type\":\"ImageObject\",\"inLanguage\":\"fr-FR\",\"@id\":\"https:\\\/\\\/janze-athletisme.fr\\\/wordpress\\\/galette-des-rois-du-club\\\/#primaryimage\",\"url\":\"https:\\\/\\\/janze-athletisme.fr\\\/wordpress\\\/wp-content\\\/uploads\\\/2025\\\/12\\\/Sans-titre-7.jpg\",\"contentUrl\":\"https:\\\/\\\/janze-athletisme.fr\\\/wordpress\\\/wp-content\\\/uploads\\\/2025\\\/12\\\/Sans-titre-7.jpg\",\"width\":225,\"height\":225},{\"@type\":\"BreadcrumbList\",\"@id\":\"https:\\\/\\\/janze-athletisme.fr\\\/wordpress\\\/galette-des-rois-du-club\\\/#breadcrumb\",\"itemListElement\":[{\"@type\":\"ListItem\",\"position\":1,\"name\":\"Accueil\",\"item\":\"https:\\\/\\\/janze-athletisme.fr\\\/wordpress\\\/\"},{\"@type\":\"ListItem\",\"position\":2,\"name\":\"Galette des Rois du Club\"}]},{\"@type\":\"WebSite\",\"@id\":\"https:\\\/\\\/janze-athletisme.fr\\\/wordpress\\\/#website\",\"url\":\"https:\\\/\\\/janze-athletisme.fr\\\/wordpress\\\/\",\"name\":\"Janz\u00e9 Athl\u00e9tisme\",\"description\":\"Pays de La Roche aux F\u00e9es\",\"publisher\":{\"@id\":\"https:\\\/\\\/janze-athletisme.fr\\\/wordpress\\\/#organization\"},\"potentialAction\":[{\"@type\":\"SearchAction\",\"target\":{\"@type\":\"EntryPoint\",\"urlTemplate\":\"https:\\\/\\\/janze-athletisme.fr\\\/wordpress\\\/?s={search_term_string}\"},\"query-input\":{\"@type\":\"PropertyValueSpecification\",\"valueRequired\":true,\"valueName\":\"search_term_string\"}}],\"inLanguage\":\"fr-FR\"},{\"@type\":\"Organization\",\"@id\":\"https:\\\/\\\/janze-athletisme.fr\\\/wordpress\\\/#organization\",\"name\":\"Janz\u00e9 Athl\u00e9tisme\",\"url\":\"https:\\\/\\\/janze-athletisme.fr\\\/wordpress\\\/\",\"logo\":{\"@type\":\"ImageObject\",\"inLanguage\":\"fr-FR\",\"@id\":\"https:\\\/\\\/janze-athletisme.fr\\\/wordpress\\\/#\\\/schema\\\/logo\\\/image\\\/\",\"url\":\"https:\\\/\\\/janze-athletisme.fr\\\/wordpress\\\/wp-content\\\/uploads\\\/2015\\\/03\\\/logo-full1.jpg\",\"contentUrl\":\"https:\\\/\\\/janze-athletisme.fr\\\/wordpress\\\/wp-content\\\/uploads\\\/2015\\\/03\\\/logo-full1.jpg\",\"width\":437,\"height\":205,\"caption\":\"Janz\u00e9 Athl\u00e9tisme\"},\"image\":{\"@id\":\"https:\\\/\\\/janze-athletisme.fr\\\/wordpress\\\/#\\\/schema\\\/logo\\\/image\\\/\"},\"sameAs\":[\"https:\\\/\\\/www.facebook.com\\\/groups\\\/1007964579346590\"]},{\"@type\":\"Person\",\"@id\":\"https:\\\/\\\/janze-athletisme.fr\\\/wordpress\\\/#\\\/schema\\\/person\\\/e27efa3d49687b81c679eb0b5c4973e9\",\"name\":\"Jean-Marie Jouzel\",\"image\":{\"@type\":\"ImageObject\",\"inLanguage\":\"fr-FR\",\"@id\":\"https:\\\/\\\/secure.gravatar.com\\\/avatar\\\/6aaee532914ad5ae9d6b4c13c953c6689456493b17979b560cf8fd0c344930ab?s=96&d=mm&r=g\",\"url\":\"https:\\\/\\\/secure.gravatar.com\\\/avatar\\\/6aaee532914ad5ae9d6b4c13c953c6689456493b17979b560cf8fd0c344930ab?s=96&d=mm&r=g\",\"contentUrl\":\"https:\\\/\\\/secure.gravatar.com\\\/avatar\\\/6aaee532914ad5ae9d6b4c13c953c6689456493b17979b560cf8fd0c344930ab?s=96&d=mm&r=g\",\"caption\":\"Jean-Marie Jouzel\"},\"url\":\"https:\\\/\\\/janze-athletisme.fr\\\/wordpress\\\/author\\\/jmjouzel\\\/\"}]}<\/script>\n<!-- \/ Yoast SEO plugin. -->","yoast_head_json":{"title":"Galette des Rois du Club - Janz\u00e9 Athl\u00e9tisme","robots":{"index":"index","follow":"follow","max-snippet":"max-snippet:-1","max-image-preview":"max-image-preview:large","max-video-preview":"max-video-preview:-1"},"canonical":"https:\/\/janze-athletisme.fr\/wordpress\/galette-des-rois-du-club\/","og_locale":"fr_FR","og_type":"article","og_title":"Galette des Rois du Club - Janz\u00e9 Athl\u00e9tisme","og_description":"Les membres du CA de Janz\u00e9 athl\u00e9tisme sont heureux de vous convier \u00e0 la traditionnelle galette des rois du club &nbsp; Vendredi 16 janvier Foyer du stade &nbsp; 18h45 &nbsp; Nous comptons sur votre pr\u00e9sence pour passer ce bon moment de convivialit\u00e9 !","og_url":"https:\/\/janze-athletisme.fr\/wordpress\/galette-des-rois-du-club\/","og_site_name":"Janz\u00e9 Athl\u00e9tisme","article_publisher":"https:\/\/www.facebook.com\/groups\/1007964579346590","article_published_time":"2025-12-31T09:53:06+00:00","article_modified_time":"2026-01-02T12:06:24+00:00","og_image":[{"width":225,"height":225,"url":"https:\/\/janze-athletisme.fr\/wordpress\/wp-content\/uploads\/2025\/12\/Sans-titre-7.jpg","type":"image\/jpeg"}],"author":"Jean-Marie Jouzel","twitter_card":"summary_large_image","twitter_misc":{"\u00c9crit par":"Jean-Marie Jouzel","Dur\u00e9e de lecture estim\u00e9e":"1 minute"},"schema":{"@context":"https:\/\/schema.org","@graph":[{"@type":"Article","@id":"https:\/\/janze-athletisme.fr\/wordpress\/galette-des-rois-du-club\/#article","isPartOf":{"@id":"https:\/\/janze-athletisme.fr\/wordpress\/galette-des-rois-du-club\/"},"author":{"name":"Jean-Marie Jouzel","@id":"https:\/\/janze-athletisme.fr\/wordpress\/#\/schema\/person\/e27efa3d49687b81c679eb0b5c4973e9"},"headline":"Galette des Rois du Club","datePublished":"2025-12-31T09:53:06+00:00","dateModified":"2026-01-02T12:06:24+00:00","mainEntityOfPage":{"@id":"https:\/\/janze-athletisme.fr\/wordpress\/galette-des-rois-du-club\/"},"wordCount":47,"commentCount":0,"publisher":{"@id":"https:\/\/janze-athletisme.fr\/wordpress\/#organization"},"image":{"@id":"https:\/\/janze-athletisme.fr\/wordpress\/galette-des-rois-du-club\/#primaryimage"},"thumbnailUrl":"https:\/\/janze-athletisme.fr\/wordpress\/wp-content\/uploads\/2025\/12\/Sans-titre-7.jpg","articleSection":["Le club au jour le jour"],"inLanguage":"fr-FR","potentialAction":[{"@type":"CommentAction","name":"Comment","target":["https:\/\/janze-athletisme.fr\/wordpress\/galette-des-rois-du-club\/#respond"]}]},{"@type":"WebPage","@id":"https:\/\/janze-athletisme.fr\/wordpress\/galette-des-rois-du-club\/","url":"https:\/\/janze-athletisme.fr\/wordpress\/galette-des-rois-du-club\/","name":"Galette des Rois du Club - Janz\u00e9 Athl\u00e9tisme","isPartOf":{"@id":"https:\/\/janze-athletisme.fr\/wordpress\/#website"},"primaryImageOfPage":{"@id":"https:\/\/janze-athletisme.fr\/wordpress\/galette-des-rois-du-club\/#primaryimage"},"image":{"@id":"https:\/\/janze-athletisme.fr\/wordpress\/galette-des-rois-du-club\/#primaryimage"},"thumbnailUrl":"https:\/\/janze-athletisme.fr\/wordpress\/wp-content\/uploads\/2025\/12\/Sans-titre-7.jpg","datePublished":"2025-12-31T09:53:06+00:00","dateModified":"2026-01-02T12:06:24+00:00","breadcrumb":{"@id":"https:\/\/janze-athletisme.fr\/wordpress\/galette-des-rois-du-club\/#breadcrumb"},"inLanguage":"fr-FR","potentialAction":[{"@type":"ReadAction","target":["https:\/\/janze-athletisme.fr\/wordpress\/galette-des-rois-du-club\/"]}]},{"@type":"ImageObject","inLanguage":"fr-FR","@id":"https:\/\/janze-athletisme.fr\/wordpress\/galette-des-rois-du-club\/#primaryimage","url":"https:\/\/janze-athletisme.fr\/wordpress\/wp-content\/uploads\/2025\/12\/Sans-titre-7.jpg","contentUrl":"https:\/\/janze-athletisme.fr\/wordpress\/wp-content\/uploads\/2025\/12\/Sans-titre-7.jpg","width":225,"height":225},{"@type":"BreadcrumbList","@id":"https:\/\/janze-athletisme.fr\/wordpress\/galette-des-rois-du-club\/#breadcrumb","itemListElement":[{"@type":"ListItem","position":1,"name":"Accueil","item":"https:\/\/janze-athletisme.fr\/wordpress\/"},{"@type":"ListItem","position":2,"name":"Galette des Rois du Club"}]},{"@type":"WebSite","@id":"https:\/\/janze-athletisme.fr\/wordpress\/#website","url":"https:\/\/janze-athletisme.fr\/wordpress\/","name":"Janz\u00e9 Athl\u00e9tisme","description":"Pays de La Roche aux F\u00e9es","publisher":{"@id":"https:\/\/janze-athletisme.fr\/wordpress\/#organization"},"potentialAction":[{"@type":"SearchAction","target":{"@type":"EntryPoint","urlTemplate":"https:\/\/janze-athletisme.fr\/wordpress\/?s={search_term_string}"},"query-input":{"@type":"PropertyValueSpecification","valueRequired":true,"valueName":"search_term_string"}}],"inLanguage":"fr-FR"},{"@type":"Organization","@id":"https:\/\/janze-athletisme.fr\/wordpress\/#organization","name":"Janz\u00e9 Athl\u00e9tisme","url":"https:\/\/janze-athletisme.fr\/wordpress\/","logo":{"@type":"ImageObject","inLanguage":"fr-FR","@id":"https:\/\/janze-athletisme.fr\/wordpress\/#\/schema\/logo\/image\/","url":"https:\/\/janze-athletisme.fr\/wordpress\/wp-content\/uploads\/2015\/03\/logo-full1.jpg","contentUrl":"https:\/\/janze-athletisme.fr\/wordpress\/wp-content\/uploads\/2015\/03\/logo-full1.jpg","width":437,"height":205,"caption":"Janz\u00e9 Athl\u00e9tisme"},"image":{"@id":"https:\/\/janze-athletisme.fr\/wordpress\/#\/schema\/logo\/image\/"},"sameAs":["https:\/\/www.facebook.com\/groups\/1007964579346590"]},{"@type":"Person","@id":"https:\/\/janze-athletisme.fr\/wordpress\/#\/schema\/person\/e27efa3d49687b81c679eb0b5c4973e9","name":"Jean-Marie Jouzel","image":{"@type":"ImageObject","inLanguage":"fr-FR","@id":"https:\/\/secure.gravatar.com\/avatar\/6aaee532914ad5ae9d6b4c13c953c6689456493b17979b560cf8fd0c344930ab?s=96&d=mm&r=g","url":"https:\/\/secure.gravatar.com\/avatar\/6aaee532914ad5ae9d6b4c13c953c6689456493b17979b560cf8fd0c344930ab?s=96&d=mm&r=g","contentUrl":"https:\/\/secure.gravatar.com\/avatar\/6aaee532914ad5ae9d6b4c13c953c6689456493b17979b560cf8fd0c344930ab?s=96&d=mm&r=g","caption":"Jean-Marie Jouzel"},"url":"https:\/\/janze-athletisme.fr\/wordpress\/author\/jmjouzel\/"}]}},"uagb_featured_image_src":{"full":["https:\/\/janze-athletisme.fr\/wordpress\/wp-content\/uploads\/2025\/12\/Sans-titre-7.jpg",225,225,false],"thumbnail":["https:\/\/janze-athletisme.fr\/wordpress\/wp-content\/uploads\/2025\/12\/Sans-titre-7-150x150.jpg",150,150,true],"medium":["https:\/\/janze-athletisme.fr\/wordpress\/wp-content\/uploads\/2025\/12\/Sans-titre-7.jpg",225,225,false],"medium_large":["https:\/\/janze-athletisme.fr\/wordpress\/wp-content\/uploads\/2025\/12\/Sans-titre-7.jpg",225,225,false],"large":["https:\/\/janze-athletisme.fr\/wordpress\/wp-content\/uploads\/2025\/12\/Sans-titre-7.jpg",225,225,false],"1536x1536":["https:\/\/janze-athletisme.fr\/wordpress\/wp-content\/uploads\/2025\/12\/Sans-titre-7.jpg",225,225,false],"2048x2048":["https:\/\/janze-athletisme.fr\/wordpress\/wp-content\/uploads\/2025\/12\/Sans-titre-7.jpg",225,225,false]},"uagb_author_info":{"display_name":"Jean-Marie Jouzel","author_link":"https:\/\/janze-athletisme.fr\/wordpress\/author\/jmjouzel\/"},"uagb_comment_info":0,"uagb_excerpt":"Les membres du CA de Janz\u00e9 athl\u00e9tisme sont heureux de vous convier \u00e0 la traditionnelle galette des rois du club &nbsp; Vendredi 16 janvier Foyer du stade &nbsp; 18h45 &nbsp; Nous comptons sur votre pr\u00e9sence pour passer ce bon moment de convivialit\u00e9 !","_links":{"self":[{"href":"https:\/\/janze-athletisme.fr\/wordpress\/wp-json\/wp\/v2\/posts\/29261","targetHints":{"allow":["GET"]}}],"collection":[{"href":"https:\/\/janze-athletisme.fr\/wordpress\/wp-json\/wp\/v2\/posts"}],"about":[{"href":"https:\/\/janze-athletisme.fr\/wordpress\/wp-json\/wp\/v2\/types\/post"}],"author":[{"embeddable":true,"href":"https:\/\/janze-athletisme.fr\/wordpress\/wp-json\/wp\/v2\/users\/8"}],"replies":[{"embeddable":true,"href":"https:\/\/janze-athletisme.fr\/wordpress\/wp-json\/wp\/v2\/comments?post=29261"}],"version-history":[{"count":2,"href":"https:\/\/janze-athletisme.fr\/wordpress\/wp-json\/wp\/v2\/posts\/29261\/revisions"}],"predecessor-version":[{"id":29266,"href":"https:\/\/janze-athletisme.fr\/wordpress\/wp-json\/wp\/v2\/posts\/29261\/revisions\/29266"}],"wp:featuredmedia":[{"embeddable":true,"href":"https:\/\/janze-athletisme.fr\/wordpress\/wp-json\/wp\/v2\/media\/29265"}],"wp:attachment":[{"href":"https:\/\/janze-athletisme.fr\/wordpress\/wp-json\/wp\/v2\/media?parent=29261"}],"wp:term":[{"taxonomy":"category","embeddable":true,"href":"https:\/\/janze-athletisme.fr\/wordpress\/wp-json\/wp\/v2\/categories?post=29261"},{"taxonomy":"post_tag","embeddable":true,"href":"https:\/\/janze-athletisme.fr\/wordpress\/wp-json\/wp\/v2\/tags?post=29261"}],"curies":[{"name":"wp","href":"https:\/\/api.w.org\/{rel}","templated":true}]}}