{"id":29226,"date":"2025-12-21T21:31:56","date_gmt":"2025-12-21T20:31:56","guid":{"rendered":"https:\/\/janze-athletisme.fr\/wordpress\/?p=29226"},"modified":"2025-12-21T21:33:35","modified_gmt":"2025-12-21T20:33:35","slug":"meeting-du-club-2026-premiere-reunion-le-14-janvier","status":"publish","type":"post","link":"https:\/\/janze-athletisme.fr\/wordpress\/meeting-du-club-2026-premiere-reunion-le-14-janvier\/","title":{"rendered":"Meeting du club 2026, premi\u00e8re r\u00e9union le 14 janvier"},"content":{"rendered":"<div id=\"message\">\n<div dir=\"ltr\"><span style=\"font-family: verdana, geneva, sans-serif;font-size: 12pt\">A peine en a-t&rsquo;on fini avec le cross local, qui fut une belle r\u00e9ussite, que le club r\u00e9fl\u00e9chit d\u00e9j\u00e0 \u00e0 son prochain \u00e9v\u00e8nement athl\u00e9, le meeting de Janz\u00e9, dont on va f\u00eater cette ann\u00e9e la quatri\u00e8me \u00e9dition. <strong>Mathieu<\/strong> Henry est aux commandes et, d\u00e9sormais r\u00f4d\u00e9, s&rsquo;y prend de plus en plus t\u00f4t pour s&rsquo;assurer que tout se mette bien en place, dans un partage amont des responsabilit\u00e9s&#8230;<\/span><\/div>\n<div dir=\"ltr\"><span style=\"font-family: verdana, geneva, sans-serif;font-size: 12pt\">Voici le mot qu&rsquo;il a adress\u00e9 :<\/span><\/div>\n<div dir=\"ltr\"><span style=\"font-family: verdana, geneva, sans-serif;font-size: 12pt\">\u00ab\u00a0<em>Comme vous le savez, nous organisons un meeting annuel depuis quelques ann\u00e9es. Afin que cet \u00e9v\u00e9nement soit une r\u00e9ussite cette ann\u00e9e encore, je vous convie \u00e0 une r\u00e9union le <span style=\"text-decoration: underline\"><strong>mercredi 14 janvier \u00e0 19h00<\/strong><\/span> au foyer du stade.<\/em><\/span><br \/>\n<em><span style=\"font-family: verdana, geneva, sans-serif;font-size: 12pt\">J\u2019essaierai de mettre en place une visioconf\u00e9rence pour ceux qui ne peuvent pas se d\u00e9placer.<\/span><\/em><br \/>\n<em><span style=\"font-family: verdana, geneva, sans-serif;font-size: 12pt\">Par ailleurs, je vous invite \u00e0 rejoindre le groupe WhatsApp d\u00e9di\u00e9 \u00e0 l&rsquo;organisation via ce lien : <a href=\"https:\/\/chat.whatsapp.com\/JrOMG6Y2dm40CAYl6CxjF7\" target=\"_blank\" rel=\"noopener\">https:\/\/chat.whatsapp.com\/JrOMG6Y2dm40CAYl6CxjF7<\/a><\/span><\/em><br \/>\n<em><span style=\"font-family: verdana, geneva, sans-serif;font-size: 12pt\">Bonne journ\u00e9e \u00e0 tous.<\/span><\/em><\/p>\n<div><em><span style=\"font-family: verdana, geneva, sans-serif;font-size: 12pt\">Bonne f\u00eate de fin d&rsquo;ann\u00e9e !<\/span><\/em><\/div>\n<div><span style=\"font-family: verdana, geneva, sans-serif;font-size: 12pt\"><em>Mathieu<\/em>\u00ab\u00a0<\/span><\/div>\n<\/div>\n<\/div>\n","protected":false},"excerpt":{"rendered":"<p>A peine en a-t&rsquo;on fini avec le cross local, qui fut une belle r\u00e9ussite, que le club r\u00e9fl\u00e9chit d\u00e9j\u00e0 \u00e0 son prochain \u00e9v\u00e8nement athl\u00e9, le meeting de Janz\u00e9, dont on va f\u00eater cette ann\u00e9e la quatri\u00e8me \u00e9dition. Mathieu Henry est aux commandes et, d\u00e9sormais r\u00f4d\u00e9, s&rsquo;y prend de plus en plus t\u00f4t pour s&rsquo;assurer que [&hellip;]<\/p>\n","protected":false},"author":12,"featured_media":29228,"comment_status":"open","ping_status":"open","sticky":false,"template":"","format":"aside","meta":{"_uag_custom_page_level_css":"","site-sidebar-layout":"default","site-content-layout":"","ast-site-content-layout":"default","site-content-style":"default","site-sidebar-style":"default","ast-global-header-display":"","ast-banner-title-visibility":"","ast-main-header-display":"","ast-hfb-above-header-display":"","ast-hfb-below-header-display":"","ast-hfb-mobile-header-display":"","site-post-title":"","ast-breadcrumbs-content":"","ast-featured-img":"","footer-sml-layout":"","ast-disable-related-posts":"","theme-transparent-header-meta":"default","adv-header-id-meta":"","stick-header-meta":"","header-above-stick-meta":"","header-main-stick-meta":"","header-below-stick-meta":"","astra-migrate-meta-layouts":"set","ast-page-background-enabled":"default","ast-page-background-meta":{"desktop":{"background-color":"var(--ast-global-color-4)","background-image":"","background-repeat":"repeat","background-position":"center center","background-size":"auto","background-attachment":"scroll","background-type":"","background-media":"","overlay-type":"","overlay-color":"","overlay-opacity":"","overlay-gradient":""},"tablet":{"background-color":"","background-image":"","background-repeat":"repeat","background-position":"center center","background-size":"auto","background-attachment":"scroll","background-type":"","background-media":"","overlay-type":"","overlay-color":"","overlay-opacity":"","overlay-gradient":""},"mobile":{"background-color":"","background-image":"","background-repeat":"repeat","background-position":"center center","background-size":"auto","background-attachment":"scroll","background-type":"","background-media":"","overlay-type":"","overlay-color":"","overlay-opacity":"","overlay-gradient":""}},"ast-content-background-meta":{"desktop":{"background-color":"var(--ast-global-color-5)","background-image":"","background-repeat":"repeat","background-position":"center center","background-size":"auto","background-attachment":"scroll","background-type":"","background-media":"","overlay-type":"","overlay-color":"","overlay-opacity":"","overlay-gradient":""},"tablet":{"background-color":"var(--ast-global-color-5)","background-image":"","background-repeat":"repeat","background-position":"center center","background-size":"auto","background-attachment":"scroll","background-type":"","background-media":"","overlay-type":"","overlay-color":"","overlay-opacity":"","overlay-gradient":""},"mobile":{"background-color":"var(--ast-global-color-5)","background-image":"","background-repeat":"repeat","background-position":"center center","background-size":"auto","background-attachment":"scroll","background-type":"","background-media":"","overlay-type":"","overlay-color":"","overlay-opacity":"","overlay-gradient":""}},"footnotes":""},"categories":[6],"tags":[],"class_list":["post-29226","post","type-post","status-publish","format-aside","has-post-thumbnail","hentry","category-sections","post_format-post-format-aside"],"yoast_head":"<!-- This site is optimized with the Yoast SEO plugin v27.4 - https:\/\/yoast.com\/product\/yoast-seo-wordpress\/ -->\n<title>Meeting du club 2026, premi\u00e8re r\u00e9union le 14 janvier - Janz\u00e9 Athl\u00e9tisme<\/title>\n<meta name=\"robots\" content=\"index, follow, max-snippet:-1, max-image-preview:large, max-video-preview:-1\" \/>\n<link rel=\"canonical\" href=\"https:\/\/janze-athletisme.fr\/wordpress\/meeting-du-club-2026-premiere-reunion-le-14-janvier\/\" \/>\n<meta property=\"og:locale\" content=\"fr_FR\" \/>\n<meta property=\"og:type\" content=\"article\" \/>\n<meta property=\"og:title\" content=\"Meeting du club 2026, premi\u00e8re r\u00e9union le 14 janvier - Janz\u00e9 Athl\u00e9tisme\" \/>\n<meta property=\"og:description\" content=\"A peine en a-t&rsquo;on fini avec le cross local, qui fut une belle r\u00e9ussite, que le club r\u00e9fl\u00e9chit d\u00e9j\u00e0 \u00e0 son prochain \u00e9v\u00e8nement athl\u00e9, le meeting de Janz\u00e9, dont on va f\u00eater cette ann\u00e9e la quatri\u00e8me \u00e9dition. Mathieu Henry est aux commandes et, d\u00e9sormais r\u00f4d\u00e9, s&rsquo;y prend de plus en plus t\u00f4t pour s&rsquo;assurer que [&hellip;]\" \/>\n<meta property=\"og:url\" content=\"https:\/\/janze-athletisme.fr\/wordpress\/meeting-du-club-2026-premiere-reunion-le-14-janvier\/\" \/>\n<meta property=\"og:site_name\" content=\"Janz\u00e9 Athl\u00e9tisme\" \/>\n<meta property=\"article:publisher\" content=\"https:\/\/www.facebook.com\/groups\/1007964579346590\" \/>\n<meta property=\"article:published_time\" content=\"2025-12-21T20:31:56+00:00\" \/>\n<meta property=\"article:modified_time\" content=\"2025-12-21T20:33:35+00:00\" \/>\n<meta property=\"og:image\" content=\"https:\/\/janze-athletisme.fr\/wordpress\/wp-content\/uploads\/2025\/12\/DSC_8235.jpg\" \/>\n\t<meta property=\"og:image:width\" content=\"1200\" \/>\n\t<meta property=\"og:image:height\" content=\"1200\" \/>\n\t<meta property=\"og:image:type\" content=\"image\/jpeg\" \/>\n<meta name=\"author\" content=\"Laurent Meunier\" \/>\n<meta name=\"twitter:card\" content=\"summary_large_image\" \/>\n<meta name=\"twitter:label1\" content=\"\u00c9crit par\" \/>\n\t<meta name=\"twitter:data1\" content=\"Laurent Meunier\" \/>\n\t<meta name=\"twitter:label2\" content=\"Dur\u00e9e de lecture estim\u00e9e\" \/>\n\t<meta name=\"twitter:data2\" content=\"1 minute\" \/>\n<script type=\"application\/ld+json\" class=\"yoast-schema-graph\">{\"@context\":\"https:\\\/\\\/schema.org\",\"@graph\":[{\"@type\":\"Article\",\"@id\":\"https:\\\/\\\/janze-athletisme.fr\\\/wordpress\\\/meeting-du-club-2026-premiere-reunion-le-14-janvier\\\/#article\",\"isPartOf\":{\"@id\":\"https:\\\/\\\/janze-athletisme.fr\\\/wordpress\\\/meeting-du-club-2026-premiere-reunion-le-14-janvier\\\/\"},\"author\":{\"name\":\"Laurent Meunier\",\"@id\":\"https:\\\/\\\/janze-athletisme.fr\\\/wordpress\\\/#\\\/schema\\\/person\\\/c7b063dcfa6234c041d4d9b26cc2ea03\"},\"headline\":\"Meeting du club 2026, premi\u00e8re r\u00e9union le 14 janvier\",\"datePublished\":\"2025-12-21T20:31:56+00:00\",\"dateModified\":\"2025-12-21T20:33:35+00:00\",\"mainEntityOfPage\":{\"@id\":\"https:\\\/\\\/janze-athletisme.fr\\\/wordpress\\\/meeting-du-club-2026-premiere-reunion-le-14-janvier\\\/\"},\"wordCount\":193,\"commentCount\":1,\"publisher\":{\"@id\":\"https:\\\/\\\/janze-athletisme.fr\\\/wordpress\\\/#organization\"},\"image\":{\"@id\":\"https:\\\/\\\/janze-athletisme.fr\\\/wordpress\\\/meeting-du-club-2026-premiere-reunion-le-14-janvier\\\/#primaryimage\"},\"thumbnailUrl\":\"https:\\\/\\\/janze-athletisme.fr\\\/wordpress\\\/wp-content\\\/uploads\\\/2025\\\/12\\\/DSC_8235.jpg\",\"articleSection\":[\"Le club au jour le jour\"],\"inLanguage\":\"fr-FR\",\"potentialAction\":[{\"@type\":\"CommentAction\",\"name\":\"Comment\",\"target\":[\"https:\\\/\\\/janze-athletisme.fr\\\/wordpress\\\/meeting-du-club-2026-premiere-reunion-le-14-janvier\\\/#respond\"]}]},{\"@type\":\"WebPage\",\"@id\":\"https:\\\/\\\/janze-athletisme.fr\\\/wordpress\\\/meeting-du-club-2026-premiere-reunion-le-14-janvier\\\/\",\"url\":\"https:\\\/\\\/janze-athletisme.fr\\\/wordpress\\\/meeting-du-club-2026-premiere-reunion-le-14-janvier\\\/\",\"name\":\"Meeting du club 2026, premi\u00e8re r\u00e9union le 14 janvier - Janz\u00e9 Athl\u00e9tisme\",\"isPartOf\":{\"@id\":\"https:\\\/\\\/janze-athletisme.fr\\\/wordpress\\\/#website\"},\"primaryImageOfPage\":{\"@id\":\"https:\\\/\\\/janze-athletisme.fr\\\/wordpress\\\/meeting-du-club-2026-premiere-reunion-le-14-janvier\\\/#primaryimage\"},\"image\":{\"@id\":\"https:\\\/\\\/janze-athletisme.fr\\\/wordpress\\\/meeting-du-club-2026-premiere-reunion-le-14-janvier\\\/#primaryimage\"},\"thumbnailUrl\":\"https:\\\/\\\/janze-athletisme.fr\\\/wordpress\\\/wp-content\\\/uploads\\\/2025\\\/12\\\/DSC_8235.jpg\",\"datePublished\":\"2025-12-21T20:31:56+00:00\",\"dateModified\":\"2025-12-21T20:33:35+00:00\",\"breadcrumb\":{\"@id\":\"https:\\\/\\\/janze-athletisme.fr\\\/wordpress\\\/meeting-du-club-2026-premiere-reunion-le-14-janvier\\\/#breadcrumb\"},\"inLanguage\":\"fr-FR\",\"potentialAction\":[{\"@type\":\"ReadAction\",\"target\":[\"https:\\\/\\\/janze-athletisme.fr\\\/wordpress\\\/meeting-du-club-2026-premiere-reunion-le-14-janvier\\\/\"]}]},{\"@type\":\"ImageObject\",\"inLanguage\":\"fr-FR\",\"@id\":\"https:\\\/\\\/janze-athletisme.fr\\\/wordpress\\\/meeting-du-club-2026-premiere-reunion-le-14-janvier\\\/#primaryimage\",\"url\":\"https:\\\/\\\/janze-athletisme.fr\\\/wordpress\\\/wp-content\\\/uploads\\\/2025\\\/12\\\/DSC_8235.jpg\",\"contentUrl\":\"https:\\\/\\\/janze-athletisme.fr\\\/wordpress\\\/wp-content\\\/uploads\\\/2025\\\/12\\\/DSC_8235.jpg\",\"width\":1200,\"height\":1200},{\"@type\":\"BreadcrumbList\",\"@id\":\"https:\\\/\\\/janze-athletisme.fr\\\/wordpress\\\/meeting-du-club-2026-premiere-reunion-le-14-janvier\\\/#breadcrumb\",\"itemListElement\":[{\"@type\":\"ListItem\",\"position\":1,\"name\":\"Accueil\",\"item\":\"https:\\\/\\\/janze-athletisme.fr\\\/wordpress\\\/\"},{\"@type\":\"ListItem\",\"position\":2,\"name\":\"Meeting du club 2026, premi\u00e8re r\u00e9union le 14 janvier\"}]},{\"@type\":\"WebSite\",\"@id\":\"https:\\\/\\\/janze-athletisme.fr\\\/wordpress\\\/#website\",\"url\":\"https:\\\/\\\/janze-athletisme.fr\\\/wordpress\\\/\",\"name\":\"Janz\u00e9 Athl\u00e9tisme\",\"description\":\"Pays de La Roche aux F\u00e9es\",\"publisher\":{\"@id\":\"https:\\\/\\\/janze-athletisme.fr\\\/wordpress\\\/#organization\"},\"potentialAction\":[{\"@type\":\"SearchAction\",\"target\":{\"@type\":\"EntryPoint\",\"urlTemplate\":\"https:\\\/\\\/janze-athletisme.fr\\\/wordpress\\\/?s={search_term_string}\"},\"query-input\":{\"@type\":\"PropertyValueSpecification\",\"valueRequired\":true,\"valueName\":\"search_term_string\"}}],\"inLanguage\":\"fr-FR\"},{\"@type\":\"Organization\",\"@id\":\"https:\\\/\\\/janze-athletisme.fr\\\/wordpress\\\/#organization\",\"name\":\"Janz\u00e9 Athl\u00e9tisme\",\"url\":\"https:\\\/\\\/janze-athletisme.fr\\\/wordpress\\\/\",\"logo\":{\"@type\":\"ImageObject\",\"inLanguage\":\"fr-FR\",\"@id\":\"https:\\\/\\\/janze-athletisme.fr\\\/wordpress\\\/#\\\/schema\\\/logo\\\/image\\\/\",\"url\":\"https:\\\/\\\/janze-athletisme.fr\\\/wordpress\\\/wp-content\\\/uploads\\\/2015\\\/03\\\/logo-full1.jpg\",\"contentUrl\":\"https:\\\/\\\/janze-athletisme.fr\\\/wordpress\\\/wp-content\\\/uploads\\\/2015\\\/03\\\/logo-full1.jpg\",\"width\":437,\"height\":205,\"caption\":\"Janz\u00e9 Athl\u00e9tisme\"},\"image\":{\"@id\":\"https:\\\/\\\/janze-athletisme.fr\\\/wordpress\\\/#\\\/schema\\\/logo\\\/image\\\/\"},\"sameAs\":[\"https:\\\/\\\/www.facebook.com\\\/groups\\\/1007964579346590\"]},{\"@type\":\"Person\",\"@id\":\"https:\\\/\\\/janze-athletisme.fr\\\/wordpress\\\/#\\\/schema\\\/person\\\/c7b063dcfa6234c041d4d9b26cc2ea03\",\"name\":\"Laurent Meunier\",\"image\":{\"@type\":\"ImageObject\",\"inLanguage\":\"fr-FR\",\"@id\":\"https:\\\/\\\/secure.gravatar.com\\\/avatar\\\/dd25d581ad7c3349090f2fa6a9adb6bfa287e6a5dd8a5216a092727cd8749034?s=96&d=mm&r=g\",\"url\":\"https:\\\/\\\/secure.gravatar.com\\\/avatar\\\/dd25d581ad7c3349090f2fa6a9adb6bfa287e6a5dd8a5216a092727cd8749034?s=96&d=mm&r=g\",\"contentUrl\":\"https:\\\/\\\/secure.gravatar.com\\\/avatar\\\/dd25d581ad7c3349090f2fa6a9adb6bfa287e6a5dd8a5216a092727cd8749034?s=96&d=mm&r=g\",\"caption\":\"Laurent Meunier\"},\"url\":\"https:\\\/\\\/janze-athletisme.fr\\\/wordpress\\\/author\\\/laurent-meunier35\\\/\"}]}<\/script>\n<!-- \/ Yoast SEO plugin. -->","yoast_head_json":{"title":"Meeting du club 2026, premi\u00e8re r\u00e9union le 14 janvier - Janz\u00e9 Athl\u00e9tisme","robots":{"index":"index","follow":"follow","max-snippet":"max-snippet:-1","max-image-preview":"max-image-preview:large","max-video-preview":"max-video-preview:-1"},"canonical":"https:\/\/janze-athletisme.fr\/wordpress\/meeting-du-club-2026-premiere-reunion-le-14-janvier\/","og_locale":"fr_FR","og_type":"article","og_title":"Meeting du club 2026, premi\u00e8re r\u00e9union le 14 janvier - Janz\u00e9 Athl\u00e9tisme","og_description":"A peine en a-t&rsquo;on fini avec le cross local, qui fut une belle r\u00e9ussite, que le club r\u00e9fl\u00e9chit d\u00e9j\u00e0 \u00e0 son prochain \u00e9v\u00e8nement athl\u00e9, le meeting de Janz\u00e9, dont on va f\u00eater cette ann\u00e9e la quatri\u00e8me \u00e9dition. Mathieu Henry est aux commandes et, d\u00e9sormais r\u00f4d\u00e9, s&rsquo;y prend de plus en plus t\u00f4t pour s&rsquo;assurer que [&hellip;]","og_url":"https:\/\/janze-athletisme.fr\/wordpress\/meeting-du-club-2026-premiere-reunion-le-14-janvier\/","og_site_name":"Janz\u00e9 Athl\u00e9tisme","article_publisher":"https:\/\/www.facebook.com\/groups\/1007964579346590","article_published_time":"2025-12-21T20:31:56+00:00","article_modified_time":"2025-12-21T20:33:35+00:00","og_image":[{"width":1200,"height":1200,"url":"https:\/\/janze-athletisme.fr\/wordpress\/wp-content\/uploads\/2025\/12\/DSC_8235.jpg","type":"image\/jpeg"}],"author":"Laurent Meunier","twitter_card":"summary_large_image","twitter_misc":{"\u00c9crit par":"Laurent Meunier","Dur\u00e9e de lecture estim\u00e9e":"1 minute"},"schema":{"@context":"https:\/\/schema.org","@graph":[{"@type":"Article","@id":"https:\/\/janze-athletisme.fr\/wordpress\/meeting-du-club-2026-premiere-reunion-le-14-janvier\/#article","isPartOf":{"@id":"https:\/\/janze-athletisme.fr\/wordpress\/meeting-du-club-2026-premiere-reunion-le-14-janvier\/"},"author":{"name":"Laurent Meunier","@id":"https:\/\/janze-athletisme.fr\/wordpress\/#\/schema\/person\/c7b063dcfa6234c041d4d9b26cc2ea03"},"headline":"Meeting du club 2026, premi\u00e8re r\u00e9union le 14 janvier","datePublished":"2025-12-21T20:31:56+00:00","dateModified":"2025-12-21T20:33:35+00:00","mainEntityOfPage":{"@id":"https:\/\/janze-athletisme.fr\/wordpress\/meeting-du-club-2026-premiere-reunion-le-14-janvier\/"},"wordCount":193,"commentCount":1,"publisher":{"@id":"https:\/\/janze-athletisme.fr\/wordpress\/#organization"},"image":{"@id":"https:\/\/janze-athletisme.fr\/wordpress\/meeting-du-club-2026-premiere-reunion-le-14-janvier\/#primaryimage"},"thumbnailUrl":"https:\/\/janze-athletisme.fr\/wordpress\/wp-content\/uploads\/2025\/12\/DSC_8235.jpg","articleSection":["Le club au jour le jour"],"inLanguage":"fr-FR","potentialAction":[{"@type":"CommentAction","name":"Comment","target":["https:\/\/janze-athletisme.fr\/wordpress\/meeting-du-club-2026-premiere-reunion-le-14-janvier\/#respond"]}]},{"@type":"WebPage","@id":"https:\/\/janze-athletisme.fr\/wordpress\/meeting-du-club-2026-premiere-reunion-le-14-janvier\/","url":"https:\/\/janze-athletisme.fr\/wordpress\/meeting-du-club-2026-premiere-reunion-le-14-janvier\/","name":"Meeting du club 2026, premi\u00e8re r\u00e9union le 14 janvier - Janz\u00e9 Athl\u00e9tisme","isPartOf":{"@id":"https:\/\/janze-athletisme.fr\/wordpress\/#website"},"primaryImageOfPage":{"@id":"https:\/\/janze-athletisme.fr\/wordpress\/meeting-du-club-2026-premiere-reunion-le-14-janvier\/#primaryimage"},"image":{"@id":"https:\/\/janze-athletisme.fr\/wordpress\/meeting-du-club-2026-premiere-reunion-le-14-janvier\/#primaryimage"},"thumbnailUrl":"https:\/\/janze-athletisme.fr\/wordpress\/wp-content\/uploads\/2025\/12\/DSC_8235.jpg","datePublished":"2025-12-21T20:31:56+00:00","dateModified":"2025-12-21T20:33:35+00:00","breadcrumb":{"@id":"https:\/\/janze-athletisme.fr\/wordpress\/meeting-du-club-2026-premiere-reunion-le-14-janvier\/#breadcrumb"},"inLanguage":"fr-FR","potentialAction":[{"@type":"ReadAction","target":["https:\/\/janze-athletisme.fr\/wordpress\/meeting-du-club-2026-premiere-reunion-le-14-janvier\/"]}]},{"@type":"ImageObject","inLanguage":"fr-FR","@id":"https:\/\/janze-athletisme.fr\/wordpress\/meeting-du-club-2026-premiere-reunion-le-14-janvier\/#primaryimage","url":"https:\/\/janze-athletisme.fr\/wordpress\/wp-content\/uploads\/2025\/12\/DSC_8235.jpg","contentUrl":"https:\/\/janze-athletisme.fr\/wordpress\/wp-content\/uploads\/2025\/12\/DSC_8235.jpg","width":1200,"height":1200},{"@type":"BreadcrumbList","@id":"https:\/\/janze-athletisme.fr\/wordpress\/meeting-du-club-2026-premiere-reunion-le-14-janvier\/#breadcrumb","itemListElement":[{"@type":"ListItem","position":1,"name":"Accueil","item":"https:\/\/janze-athletisme.fr\/wordpress\/"},{"@type":"ListItem","position":2,"name":"Meeting du club 2026, premi\u00e8re r\u00e9union le 14 janvier"}]},{"@type":"WebSite","@id":"https:\/\/janze-athletisme.fr\/wordpress\/#website","url":"https:\/\/janze-athletisme.fr\/wordpress\/","name":"Janz\u00e9 Athl\u00e9tisme","description":"Pays de La Roche aux F\u00e9es","publisher":{"@id":"https:\/\/janze-athletisme.fr\/wordpress\/#organization"},"potentialAction":[{"@type":"SearchAction","target":{"@type":"EntryPoint","urlTemplate":"https:\/\/janze-athletisme.fr\/wordpress\/?s={search_term_string}"},"query-input":{"@type":"PropertyValueSpecification","valueRequired":true,"valueName":"search_term_string"}}],"inLanguage":"fr-FR"},{"@type":"Organization","@id":"https:\/\/janze-athletisme.fr\/wordpress\/#organization","name":"Janz\u00e9 Athl\u00e9tisme","url":"https:\/\/janze-athletisme.fr\/wordpress\/","logo":{"@type":"ImageObject","inLanguage":"fr-FR","@id":"https:\/\/janze-athletisme.fr\/wordpress\/#\/schema\/logo\/image\/","url":"https:\/\/janze-athletisme.fr\/wordpress\/wp-content\/uploads\/2015\/03\/logo-full1.jpg","contentUrl":"https:\/\/janze-athletisme.fr\/wordpress\/wp-content\/uploads\/2015\/03\/logo-full1.jpg","width":437,"height":205,"caption":"Janz\u00e9 Athl\u00e9tisme"},"image":{"@id":"https:\/\/janze-athletisme.fr\/wordpress\/#\/schema\/logo\/image\/"},"sameAs":["https:\/\/www.facebook.com\/groups\/1007964579346590"]},{"@type":"Person","@id":"https:\/\/janze-athletisme.fr\/wordpress\/#\/schema\/person\/c7b063dcfa6234c041d4d9b26cc2ea03","name":"Laurent Meunier","image":{"@type":"ImageObject","inLanguage":"fr-FR","@id":"https:\/\/secure.gravatar.com\/avatar\/dd25d581ad7c3349090f2fa6a9adb6bfa287e6a5dd8a5216a092727cd8749034?s=96&d=mm&r=g","url":"https:\/\/secure.gravatar.com\/avatar\/dd25d581ad7c3349090f2fa6a9adb6bfa287e6a5dd8a5216a092727cd8749034?s=96&d=mm&r=g","contentUrl":"https:\/\/secure.gravatar.com\/avatar\/dd25d581ad7c3349090f2fa6a9adb6bfa287e6a5dd8a5216a092727cd8749034?s=96&d=mm&r=g","caption":"Laurent Meunier"},"url":"https:\/\/janze-athletisme.fr\/wordpress\/author\/laurent-meunier35\/"}]}},"uagb_featured_image_src":{"full":["https:\/\/janze-athletisme.fr\/wordpress\/wp-content\/uploads\/2025\/12\/DSC_8235.jpg",1200,1200,false],"thumbnail":["https:\/\/janze-athletisme.fr\/wordpress\/wp-content\/uploads\/2025\/12\/DSC_8235-150x150.jpg",150,150,true],"medium":["https:\/\/janze-athletisme.fr\/wordpress\/wp-content\/uploads\/2025\/12\/DSC_8235-300x300.jpg",300,300,true],"medium_large":["https:\/\/janze-athletisme.fr\/wordpress\/wp-content\/uploads\/2025\/12\/DSC_8235-768x768.jpg",768,768,true],"large":["https:\/\/janze-athletisme.fr\/wordpress\/wp-content\/uploads\/2025\/12\/DSC_8235-1024x1024.jpg",1024,1024,true],"1536x1536":["https:\/\/janze-athletisme.fr\/wordpress\/wp-content\/uploads\/2025\/12\/DSC_8235.jpg",1200,1200,false],"2048x2048":["https:\/\/janze-athletisme.fr\/wordpress\/wp-content\/uploads\/2025\/12\/DSC_8235.jpg",1200,1200,false]},"uagb_author_info":{"display_name":"Laurent Meunier","author_link":"https:\/\/janze-athletisme.fr\/wordpress\/author\/laurent-meunier35\/"},"uagb_comment_info":1,"uagb_excerpt":"A peine en a-t&rsquo;on fini avec le cross local, qui fut une belle r\u00e9ussite, que le club r\u00e9fl\u00e9chit d\u00e9j\u00e0 \u00e0 son prochain \u00e9v\u00e8nement athl\u00e9, le meeting de Janz\u00e9, dont on va f\u00eater cette ann\u00e9e la quatri\u00e8me \u00e9dition. Mathieu Henry est aux commandes et, d\u00e9sormais r\u00f4d\u00e9, s&rsquo;y prend de plus en plus t\u00f4t pour s&rsquo;assurer que\u2026","_links":{"self":[{"href":"https:\/\/janze-athletisme.fr\/wordpress\/wp-json\/wp\/v2\/posts\/29226","targetHints":{"allow":["GET"]}}],"collection":[{"href":"https:\/\/janze-athletisme.fr\/wordpress\/wp-json\/wp\/v2\/posts"}],"about":[{"href":"https:\/\/janze-athletisme.fr\/wordpress\/wp-json\/wp\/v2\/types\/post"}],"author":[{"embeddable":true,"href":"https:\/\/janze-athletisme.fr\/wordpress\/wp-json\/wp\/v2\/users\/12"}],"replies":[{"embeddable":true,"href":"https:\/\/janze-athletisme.fr\/wordpress\/wp-json\/wp\/v2\/comments?post=29226"}],"version-history":[{"count":3,"href":"https:\/\/janze-athletisme.fr\/wordpress\/wp-json\/wp\/v2\/posts\/29226\/revisions"}],"predecessor-version":[{"id":29230,"href":"https:\/\/janze-athletisme.fr\/wordpress\/wp-json\/wp\/v2\/posts\/29226\/revisions\/29230"}],"wp:featuredmedia":[{"embeddable":true,"href":"https:\/\/janze-athletisme.fr\/wordpress\/wp-json\/wp\/v2\/media\/29228"}],"wp:attachment":[{"href":"https:\/\/janze-athletisme.fr\/wordpress\/wp-json\/wp\/v2\/media?parent=29226"}],"wp:term":[{"taxonomy":"category","embeddable":true,"href":"https:\/\/janze-athletisme.fr\/wordpress\/wp-json\/wp\/v2\/categories?post=29226"},{"taxonomy":"post_tag","embeddable":true,"href":"https:\/\/janze-athletisme.fr\/wordpress\/wp-json\/wp\/v2\/tags?post=29226"}],"curies":[{"name":"wp","href":"https:\/\/api.w.org\/{rel}","templated":true}]}}