{"id":29198,"date":"2025-12-17T21:03:10","date_gmt":"2025-12-17T20:03:10","guid":{"rendered":"https:\/\/janze-athletisme.fr\/wordpress\/?p=29198"},"modified":"2025-12-17T21:21:45","modified_gmt":"2025-12-17T20:21:45","slug":"ils-se-rechauffent-au-feu-de-lindoor","status":"publish","type":"post","link":"https:\/\/janze-athletisme.fr\/wordpress\/ils-se-rechauffent-au-feu-de-lindoor\/","title":{"rendered":"Ils se r\u00e9chauffent au feu de l&rsquo;indoor"},"content":{"rendered":"<p><span style=\"font-family: Verdana, sans-serif;font-size: 12pt\"><i>Un m\u00e9lange de la terre et du feu, voici ce qu&rsquo;est notre club quand arrive la saison hivernale. D&rsquo;un c\u00f4t\u00e9 le cross, de l&rsquo;autre l&rsquo;indoor.<\/i><\/span><\/p>\n<p><span style=\"font-family: Verdana, sans-serif;font-size: 12pt\"><i>Pourquoi associer la salle au feu ? Pas seulement \u00e0 cause de la couleur dominante des \u00e9crins Robert-Poirier \u00e0 Rennes ou Maryvonne-Dupureur \u00e0 Saint-Brieuc, mais aussi parce que l&rsquo;explosivit\u00e9 des athl\u00e8tes qui concourent en salle, leur tonicit\u00e9, s&rsquo;apparentent davantage \u00e0 cet \u00e9l\u00e9ment que ceux qui pratiquent le cross, o\u00f9 domine le ventilatoire et l&rsquo;adaptation au sol collant (m\u00eame si la puissance musculaire y est aussi fondamentale).<\/i><\/span><\/p>\n<p><span style=\"font-family: Verdana, sans-serif;font-size: 12pt\"><i>Bref, pendant qu&rsquo;une grande partie du club \u00e9tait \u00e0 la terre ce samedi, une autre petite partie \u00e9tait au feu pour le meeting de Saint-Brieuc (sur deux jours) et le championnat de Bretagne des \u00e9preuves combin\u00e9es \u00e0 Rennes le dimanche.<\/i><\/span><\/p>\n<p><span style=\"font-family: Verdana, sans-serif;font-size: 18pt\"><b>Meeting de Saint-Brieuc, samedi 13 et dimanche 14 d\u00e9cembre<\/b><\/span><\/p>\n<p><span style=\"font-family: Verdana, sans-serif;font-size: 12pt\">Le meeting de Saint-Brieuc, dans la salle Maryvonne-Dupureur, a eu lieu sur deux jours, avec pour l&rsquo;essentiel de belles perfs cessonnaises : Marie Duvigneau 7&Prime;87 au 60m SEF (perf de niveau N4 !), Lola Foeillet 8&Prime;08 au 60m et 26&Prime;64 au 200m JUF, Lucie Duvigneau 8&Prime;30 au 60m JUF, L\u00e9a Hourmant 8&Prime;64 au 60m JUF, Fran\u00e7ois Chevalier 7&Prime;38 au 60m et 50&Prime;45 sur 400m JUM, Maxence Mezzafonte 7&Prime;64 au 60m ESM, Paul Laurain 7&Prime;65 au 60m SEM et Robin Legouable 2&rsquo;03&Prime;94 sur 800m ESM.<\/span><\/p>\n<p><span style=\"font-family: Verdana, sans-serif;font-size: 12pt\">Mais nous avions aussi un Janz\u00e9en de pr\u00e9sent (tous les demi-fondeurs n&rsquo;\u00e9taient donc pas tous au cross de Janz\u00e9), avec <b>Esteban<\/b> Bouillaux, auteur d&rsquo;un excellent 9&rsquo;21&Prime;50 en finale B du 3000m (il bat d&rsquo;ailleurs son record absolu : 9&rsquo;22&Prime;47 le 29 mai dernier \u00e0 Pac\u00e9). Il se sentait bien et son choix est donc le bon.<\/span><\/p>\n<p><span style=\"font-family: Verdana, sans-serif;font-size: 12pt\">Tous les r\u00e9sultats sont <a href=\"https:\/\/www.athle.fr\/competitions\/695846897846952831308831680843705837\">ICI<\/a> et <a href=\"https:\/\/www.athle.fr\/competitions\/235846876843754849879843504834729831\">ICI<\/a>.<\/span><\/p>\n<p><span style=\"font-family: verdana, geneva, sans-serif;font-size: 18pt\"><b>Championnat de Bretagne des \u00e9preuves combin\u00e9es indoor, salle Robert-Poirier, samedi 13 et dimanche 14 d\u00e9cembre<\/b><\/span><\/p>\n<p><span style=\"font-family: Verdana, sans-serif;font-size: 12pt\">Nous avions quatre repr\u00e9sentants de l&rsquo;EAC \u00e0 ces Bretagne indoor d&rsquo;\u00e9preuves combin\u00e9es : Sterenn Tanguy, de retour de ses \u00e9tudes \u00e0 Lyon pour l&rsquo;occasion, Yoann Devaud, tous les deux pour Cesson, et deux cadettes de Janz\u00e9 Athl\u00e9 : <b>Sharleen<\/b> Bourdin et <b>L\u00e9a<\/b> Th\u00e9odin.<\/span><\/p>\n<p><span style=\"font-family: Verdana, sans-serif;font-size: 12pt\">Le niveau \u00e9tait tr\u00e8s bon et notre quatuor est dans le second peloton, en d\u00e9pit n\u00e9anmoins de belles perfs, tr\u00e8s encourageantes : 2 766 points pour Sterenn au Pentathlon JUF (avec notamment 9&Prime;79 au 60m haies) et 3 954 points pour Yoann \u00e0 l&rsquo;heptathlon SEM (avec notamment 7&Prime;52 au 60m, 6m28 \u00e0 la longueur, 1m81 en hauteur et 11m30 au poids de 7kg).<\/span><\/p>\n<p><span style=\"font-family: Verdana, sans-serif;font-size: 12pt\">La meilleure perf de Sharleen est sur le 60m haies (11&Prime;38) et celles de L\u00e9a en hauteur (1m43), en longueur (4m82) et sur le 800m (excellent 2&rsquo;39&Prime;74) + un total de belle facture sur les cinq \u00e9preuves (2 344 points). <\/span><\/p>\n<p><span style=\"font-family: Verdana, sans-serif;font-size: 12pt\">Tous les r\u00e9sultats sont <a href=\"https:\/\/www.athle.fr\/competitions\/408846894846334843875843392828702834\">ICI<\/a>.<\/span><\/p>\n<p><a href=\"https:\/\/janze-athletisme.fr\/wordpress\/wp-content\/uploads\/2025\/12\/DSC_7351-1.jpg\"><img loading=\"lazy\" decoding=\"async\" class=\"alignnone  wp-image-29201\" src=\"https:\/\/janze-athletisme.fr\/wordpress\/wp-content\/uploads\/2025\/12\/DSC_7351-1-300x300.jpg\" alt=\"\" width=\"265\" height=\"265\" srcset=\"https:\/\/janze-athletisme.fr\/wordpress\/wp-content\/uploads\/2025\/12\/DSC_7351-1-300x300.jpg 300w, https:\/\/janze-athletisme.fr\/wordpress\/wp-content\/uploads\/2025\/12\/DSC_7351-1-150x150.jpg 150w, https:\/\/janze-athletisme.fr\/wordpress\/wp-content\/uploads\/2025\/12\/DSC_7351-1-768x768.jpg 768w, https:\/\/janze-athletisme.fr\/wordpress\/wp-content\/uploads\/2025\/12\/DSC_7351-1.jpg 1000w\" sizes=\"auto, (max-width: 265px) 100vw, 265px\" \/> <\/a><a href=\"https:\/\/janze-athletisme.fr\/wordpress\/wp-content\/uploads\/2025\/12\/Sharleen-15juin2025-7.jpg\"><img loading=\"lazy\" decoding=\"async\" class=\"alignnone  wp-image-29212\" src=\"https:\/\/janze-athletisme.fr\/wordpress\/wp-content\/uploads\/2025\/12\/Sharleen-15juin2025-7-300x300.jpg\" alt=\"\" width=\"265\" height=\"265\" srcset=\"https:\/\/janze-athletisme.fr\/wordpress\/wp-content\/uploads\/2025\/12\/Sharleen-15juin2025-7-300x300.jpg 300w, https:\/\/janze-athletisme.fr\/wordpress\/wp-content\/uploads\/2025\/12\/Sharleen-15juin2025-7-1024x1024.jpg 1024w, https:\/\/janze-athletisme.fr\/wordpress\/wp-content\/uploads\/2025\/12\/Sharleen-15juin2025-7-150x150.jpg 150w, https:\/\/janze-athletisme.fr\/wordpress\/wp-content\/uploads\/2025\/12\/Sharleen-15juin2025-7-768x768.jpg 768w, https:\/\/janze-athletisme.fr\/wordpress\/wp-content\/uploads\/2025\/12\/Sharleen-15juin2025-7.jpg 1200w\" sizes=\"auto, (max-width: 265px) 100vw, 265px\" \/><\/a> <a href=\"https:\/\/janze-athletisme.fr\/wordpress\/wp-content\/uploads\/2025\/12\/Esteban-Bouillaux-26juin2022-3.jpg\"><img loading=\"lazy\" decoding=\"async\" class=\"alignnone  wp-image-29213\" src=\"https:\/\/janze-athletisme.fr\/wordpress\/wp-content\/uploads\/2025\/12\/Esteban-Bouillaux-26juin2022-3-300x300.jpg\" alt=\"\" width=\"264\" height=\"264\" srcset=\"https:\/\/janze-athletisme.fr\/wordpress\/wp-content\/uploads\/2025\/12\/Esteban-Bouillaux-26juin2022-3-300x300.jpg 300w, https:\/\/janze-athletisme.fr\/wordpress\/wp-content\/uploads\/2025\/12\/Esteban-Bouillaux-26juin2022-3-150x150.jpg 150w, https:\/\/janze-athletisme.fr\/wordpress\/wp-content\/uploads\/2025\/12\/Esteban-Bouillaux-26juin2022-3-768x768.jpg 768w, https:\/\/janze-athletisme.fr\/wordpress\/wp-content\/uploads\/2025\/12\/Esteban-Bouillaux-26juin2022-3.jpg 1000w\" sizes=\"auto, (max-width: 264px) 100vw, 264px\" \/>\u00a0<\/a><\/p>\n<p><span style=\"font-family: verdana, geneva, sans-serif;font-size: 12pt\"><em>L\u00e9a, Sharleen et Esteban, nos trois repr\u00e9sentants en salle du week-end (images d&rsquo;archives).<\/em><\/span><\/p>\n","protected":false},"excerpt":{"rendered":"<p>Un m\u00e9lange de la terre et du feu, voici ce qu&rsquo;est notre club quand arrive la saison hivernale. D&rsquo;un c\u00f4t\u00e9 le cross, de l&rsquo;autre l&rsquo;indoor. Pourquoi associer la salle au feu ? Pas seulement \u00e0 cause de la couleur dominante des \u00e9crins Robert-Poirier \u00e0 Rennes ou Maryvonne-Dupureur \u00e0 Saint-Brieuc, mais aussi parce que l&rsquo;explosivit\u00e9 des [&hellip;]<\/p>\n","protected":false},"author":12,"featured_media":29211,"comment_status":"open","ping_status":"open","sticky":false,"template":"","format":"aside","meta":{"_uag_custom_page_level_css":"","site-sidebar-layout":"default","site-content-layout":"","ast-site-content-layout":"default","site-content-style":"default","site-sidebar-style":"default","ast-global-header-display":"","ast-banner-title-visibility":"","ast-main-header-display":"","ast-hfb-above-header-display":"","ast-hfb-below-header-display":"","ast-hfb-mobile-header-display":"","site-post-title":"","ast-breadcrumbs-content":"","ast-featured-img":"","footer-sml-layout":"","ast-disable-related-posts":"","theme-transparent-header-meta":"default","adv-header-id-meta":"","stick-header-meta":"","header-above-stick-meta":"","header-main-stick-meta":"","header-below-stick-meta":"","astra-migrate-meta-layouts":"set","ast-page-background-enabled":"default","ast-page-background-meta":{"desktop":{"background-color":"var(--ast-global-color-4)","background-image":"","background-repeat":"repeat","background-position":"center center","background-size":"auto","background-attachment":"scroll","background-type":"","background-media":"","overlay-type":"","overlay-color":"","overlay-opacity":"","overlay-gradient":""},"tablet":{"background-color":"","background-image":"","background-repeat":"repeat","background-position":"center center","background-size":"auto","background-attachment":"scroll","background-type":"","background-media":"","overlay-type":"","overlay-color":"","overlay-opacity":"","overlay-gradient":""},"mobile":{"background-color":"","background-image":"","background-repeat":"repeat","background-position":"center center","background-size":"auto","background-attachment":"scroll","background-type":"","background-media":"","overlay-type":"","overlay-color":"","overlay-opacity":"","overlay-gradient":""}},"ast-content-background-meta":{"desktop":{"background-color":"var(--ast-global-color-5)","background-image":"","background-repeat":"repeat","background-position":"center center","background-size":"auto","background-attachment":"scroll","background-type":"","background-media":"","overlay-type":"","overlay-color":"","overlay-opacity":"","overlay-gradient":""},"tablet":{"background-color":"var(--ast-global-color-5)","background-image":"","background-repeat":"repeat","background-position":"center center","background-size":"auto","background-attachment":"scroll","background-type":"","background-media":"","overlay-type":"","overlay-color":"","overlay-opacity":"","overlay-gradient":""},"mobile":{"background-color":"var(--ast-global-color-5)","background-image":"","background-repeat":"repeat","background-position":"center center","background-size":"auto","background-attachment":"scroll","background-type":"","background-media":"","overlay-type":"","overlay-color":"","overlay-opacity":"","overlay-gradient":""}},"footnotes":""},"categories":[6],"tags":[],"class_list":["post-29198","post","type-post","status-publish","format-aside","has-post-thumbnail","hentry","category-sections","post_format-post-format-aside"],"yoast_head":"<!-- This site is optimized with the Yoast SEO plugin v27.4 - https:\/\/yoast.com\/product\/yoast-seo-wordpress\/ -->\n<title>Ils se r\u00e9chauffent au feu de l&#039;indoor - Janz\u00e9 Athl\u00e9tisme<\/title>\n<meta name=\"robots\" content=\"index, follow, max-snippet:-1, max-image-preview:large, max-video-preview:-1\" \/>\n<link rel=\"canonical\" href=\"https:\/\/janze-athletisme.fr\/wordpress\/ils-se-rechauffent-au-feu-de-lindoor\/\" \/>\n<meta property=\"og:locale\" content=\"fr_FR\" \/>\n<meta property=\"og:type\" content=\"article\" \/>\n<meta property=\"og:title\" content=\"Ils se r\u00e9chauffent au feu de l&#039;indoor - Janz\u00e9 Athl\u00e9tisme\" \/>\n<meta property=\"og:description\" content=\"Un m\u00e9lange de la terre et du feu, voici ce qu&rsquo;est notre club quand arrive la saison hivernale. D&rsquo;un c\u00f4t\u00e9 le cross, de l&rsquo;autre l&rsquo;indoor. Pourquoi associer la salle au feu ? Pas seulement \u00e0 cause de la couleur dominante des \u00e9crins Robert-Poirier \u00e0 Rennes ou Maryvonne-Dupureur \u00e0 Saint-Brieuc, mais aussi parce que l&rsquo;explosivit\u00e9 des [&hellip;]\" \/>\n<meta property=\"og:url\" content=\"https:\/\/janze-athletisme.fr\/wordpress\/ils-se-rechauffent-au-feu-de-lindoor\/\" \/>\n<meta property=\"og:site_name\" content=\"Janz\u00e9 Athl\u00e9tisme\" \/>\n<meta property=\"article:publisher\" content=\"https:\/\/www.facebook.com\/groups\/1007964579346590\" \/>\n<meta property=\"article:published_time\" content=\"2025-12-17T20:03:10+00:00\" \/>\n<meta property=\"article:modified_time\" content=\"2025-12-17T20:21:45+00:00\" \/>\n<meta property=\"og:image\" content=\"https:\/\/janze-athletisme.fr\/wordpress\/wp-content\/uploads\/2025\/12\/DSC_2682-e1766002633329.jpg\" \/>\n\t<meta property=\"og:image:width\" content=\"1568\" \/>\n\t<meta property=\"og:image:height\" content=\"1493\" \/>\n\t<meta property=\"og:image:type\" content=\"image\/jpeg\" \/>\n<meta name=\"author\" content=\"Laurent Meunier\" \/>\n<meta name=\"twitter:card\" content=\"summary_large_image\" \/>\n<meta name=\"twitter:label1\" content=\"\u00c9crit par\" \/>\n\t<meta name=\"twitter:data1\" content=\"Laurent Meunier\" \/>\n\t<meta name=\"twitter:label2\" content=\"Dur\u00e9e de lecture estim\u00e9e\" \/>\n\t<meta name=\"twitter:data2\" content=\"4 minutes\" \/>\n<script type=\"application\/ld+json\" class=\"yoast-schema-graph\">{\"@context\":\"https:\\\/\\\/schema.org\",\"@graph\":[{\"@type\":\"Article\",\"@id\":\"https:\\\/\\\/janze-athletisme.fr\\\/wordpress\\\/ils-se-rechauffent-au-feu-de-lindoor\\\/#article\",\"isPartOf\":{\"@id\":\"https:\\\/\\\/janze-athletisme.fr\\\/wordpress\\\/ils-se-rechauffent-au-feu-de-lindoor\\\/\"},\"author\":{\"name\":\"Laurent Meunier\",\"@id\":\"https:\\\/\\\/janze-athletisme.fr\\\/wordpress\\\/#\\\/schema\\\/person\\\/c7b063dcfa6234c041d4d9b26cc2ea03\"},\"headline\":\"Ils se r\u00e9chauffent au feu de l&rsquo;indoor\",\"datePublished\":\"2025-12-17T20:03:10+00:00\",\"dateModified\":\"2025-12-17T20:21:45+00:00\",\"mainEntityOfPage\":{\"@id\":\"https:\\\/\\\/janze-athletisme.fr\\\/wordpress\\\/ils-se-rechauffent-au-feu-de-lindoor\\\/\"},\"wordCount\":472,\"commentCount\":0,\"publisher\":{\"@id\":\"https:\\\/\\\/janze-athletisme.fr\\\/wordpress\\\/#organization\"},\"image\":{\"@id\":\"https:\\\/\\\/janze-athletisme.fr\\\/wordpress\\\/ils-se-rechauffent-au-feu-de-lindoor\\\/#primaryimage\"},\"thumbnailUrl\":\"https:\\\/\\\/janze-athletisme.fr\\\/wordpress\\\/wp-content\\\/uploads\\\/2025\\\/12\\\/DSC_2682-e1766002633329.jpg\",\"articleSection\":[\"Le club au jour le jour\"],\"inLanguage\":\"fr-FR\",\"potentialAction\":[{\"@type\":\"CommentAction\",\"name\":\"Comment\",\"target\":[\"https:\\\/\\\/janze-athletisme.fr\\\/wordpress\\\/ils-se-rechauffent-au-feu-de-lindoor\\\/#respond\"]}]},{\"@type\":\"WebPage\",\"@id\":\"https:\\\/\\\/janze-athletisme.fr\\\/wordpress\\\/ils-se-rechauffent-au-feu-de-lindoor\\\/\",\"url\":\"https:\\\/\\\/janze-athletisme.fr\\\/wordpress\\\/ils-se-rechauffent-au-feu-de-lindoor\\\/\",\"name\":\"Ils se r\u00e9chauffent au feu de l'indoor - Janz\u00e9 Athl\u00e9tisme\",\"isPartOf\":{\"@id\":\"https:\\\/\\\/janze-athletisme.fr\\\/wordpress\\\/#website\"},\"primaryImageOfPage\":{\"@id\":\"https:\\\/\\\/janze-athletisme.fr\\\/wordpress\\\/ils-se-rechauffent-au-feu-de-lindoor\\\/#primaryimage\"},\"image\":{\"@id\":\"https:\\\/\\\/janze-athletisme.fr\\\/wordpress\\\/ils-se-rechauffent-au-feu-de-lindoor\\\/#primaryimage\"},\"thumbnailUrl\":\"https:\\\/\\\/janze-athletisme.fr\\\/wordpress\\\/wp-content\\\/uploads\\\/2025\\\/12\\\/DSC_2682-e1766002633329.jpg\",\"datePublished\":\"2025-12-17T20:03:10+00:00\",\"dateModified\":\"2025-12-17T20:21:45+00:00\",\"breadcrumb\":{\"@id\":\"https:\\\/\\\/janze-athletisme.fr\\\/wordpress\\\/ils-se-rechauffent-au-feu-de-lindoor\\\/#breadcrumb\"},\"inLanguage\":\"fr-FR\",\"potentialAction\":[{\"@type\":\"ReadAction\",\"target\":[\"https:\\\/\\\/janze-athletisme.fr\\\/wordpress\\\/ils-se-rechauffent-au-feu-de-lindoor\\\/\"]}]},{\"@type\":\"ImageObject\",\"inLanguage\":\"fr-FR\",\"@id\":\"https:\\\/\\\/janze-athletisme.fr\\\/wordpress\\\/ils-se-rechauffent-au-feu-de-lindoor\\\/#primaryimage\",\"url\":\"https:\\\/\\\/janze-athletisme.fr\\\/wordpress\\\/wp-content\\\/uploads\\\/2025\\\/12\\\/DSC_2682-e1766002633329.jpg\",\"contentUrl\":\"https:\\\/\\\/janze-athletisme.fr\\\/wordpress\\\/wp-content\\\/uploads\\\/2025\\\/12\\\/DSC_2682-e1766002633329.jpg\",\"width\":1568,\"height\":1493},{\"@type\":\"BreadcrumbList\",\"@id\":\"https:\\\/\\\/janze-athletisme.fr\\\/wordpress\\\/ils-se-rechauffent-au-feu-de-lindoor\\\/#breadcrumb\",\"itemListElement\":[{\"@type\":\"ListItem\",\"position\":1,\"name\":\"Accueil\",\"item\":\"https:\\\/\\\/janze-athletisme.fr\\\/wordpress\\\/\"},{\"@type\":\"ListItem\",\"position\":2,\"name\":\"Ils se r\u00e9chauffent au feu de l&rsquo;indoor\"}]},{\"@type\":\"WebSite\",\"@id\":\"https:\\\/\\\/janze-athletisme.fr\\\/wordpress\\\/#website\",\"url\":\"https:\\\/\\\/janze-athletisme.fr\\\/wordpress\\\/\",\"name\":\"Janz\u00e9 Athl\u00e9tisme\",\"description\":\"Pays de La Roche aux F\u00e9es\",\"publisher\":{\"@id\":\"https:\\\/\\\/janze-athletisme.fr\\\/wordpress\\\/#organization\"},\"potentialAction\":[{\"@type\":\"SearchAction\",\"target\":{\"@type\":\"EntryPoint\",\"urlTemplate\":\"https:\\\/\\\/janze-athletisme.fr\\\/wordpress\\\/?s={search_term_string}\"},\"query-input\":{\"@type\":\"PropertyValueSpecification\",\"valueRequired\":true,\"valueName\":\"search_term_string\"}}],\"inLanguage\":\"fr-FR\"},{\"@type\":\"Organization\",\"@id\":\"https:\\\/\\\/janze-athletisme.fr\\\/wordpress\\\/#organization\",\"name\":\"Janz\u00e9 Athl\u00e9tisme\",\"url\":\"https:\\\/\\\/janze-athletisme.fr\\\/wordpress\\\/\",\"logo\":{\"@type\":\"ImageObject\",\"inLanguage\":\"fr-FR\",\"@id\":\"https:\\\/\\\/janze-athletisme.fr\\\/wordpress\\\/#\\\/schema\\\/logo\\\/image\\\/\",\"url\":\"https:\\\/\\\/janze-athletisme.fr\\\/wordpress\\\/wp-content\\\/uploads\\\/2015\\\/03\\\/logo-full1.jpg\",\"contentUrl\":\"https:\\\/\\\/janze-athletisme.fr\\\/wordpress\\\/wp-content\\\/uploads\\\/2015\\\/03\\\/logo-full1.jpg\",\"width\":437,\"height\":205,\"caption\":\"Janz\u00e9 Athl\u00e9tisme\"},\"image\":{\"@id\":\"https:\\\/\\\/janze-athletisme.fr\\\/wordpress\\\/#\\\/schema\\\/logo\\\/image\\\/\"},\"sameAs\":[\"https:\\\/\\\/www.facebook.com\\\/groups\\\/1007964579346590\"]},{\"@type\":\"Person\",\"@id\":\"https:\\\/\\\/janze-athletisme.fr\\\/wordpress\\\/#\\\/schema\\\/person\\\/c7b063dcfa6234c041d4d9b26cc2ea03\",\"name\":\"Laurent Meunier\",\"image\":{\"@type\":\"ImageObject\",\"inLanguage\":\"fr-FR\",\"@id\":\"https:\\\/\\\/secure.gravatar.com\\\/avatar\\\/dd25d581ad7c3349090f2fa6a9adb6bfa287e6a5dd8a5216a092727cd8749034?s=96&d=mm&r=g\",\"url\":\"https:\\\/\\\/secure.gravatar.com\\\/avatar\\\/dd25d581ad7c3349090f2fa6a9adb6bfa287e6a5dd8a5216a092727cd8749034?s=96&d=mm&r=g\",\"contentUrl\":\"https:\\\/\\\/secure.gravatar.com\\\/avatar\\\/dd25d581ad7c3349090f2fa6a9adb6bfa287e6a5dd8a5216a092727cd8749034?s=96&d=mm&r=g\",\"caption\":\"Laurent Meunier\"},\"url\":\"https:\\\/\\\/janze-athletisme.fr\\\/wordpress\\\/author\\\/laurent-meunier35\\\/\"}]}<\/script>\n<!-- \/ Yoast SEO plugin. -->","yoast_head_json":{"title":"Ils se r\u00e9chauffent au feu de l'indoor - Janz\u00e9 Athl\u00e9tisme","robots":{"index":"index","follow":"follow","max-snippet":"max-snippet:-1","max-image-preview":"max-image-preview:large","max-video-preview":"max-video-preview:-1"},"canonical":"https:\/\/janze-athletisme.fr\/wordpress\/ils-se-rechauffent-au-feu-de-lindoor\/","og_locale":"fr_FR","og_type":"article","og_title":"Ils se r\u00e9chauffent au feu de l'indoor - Janz\u00e9 Athl\u00e9tisme","og_description":"Un m\u00e9lange de la terre et du feu, voici ce qu&rsquo;est notre club quand arrive la saison hivernale. D&rsquo;un c\u00f4t\u00e9 le cross, de l&rsquo;autre l&rsquo;indoor. Pourquoi associer la salle au feu ? Pas seulement \u00e0 cause de la couleur dominante des \u00e9crins Robert-Poirier \u00e0 Rennes ou Maryvonne-Dupureur \u00e0 Saint-Brieuc, mais aussi parce que l&rsquo;explosivit\u00e9 des [&hellip;]","og_url":"https:\/\/janze-athletisme.fr\/wordpress\/ils-se-rechauffent-au-feu-de-lindoor\/","og_site_name":"Janz\u00e9 Athl\u00e9tisme","article_publisher":"https:\/\/www.facebook.com\/groups\/1007964579346590","article_published_time":"2025-12-17T20:03:10+00:00","article_modified_time":"2025-12-17T20:21:45+00:00","og_image":[{"width":1568,"height":1493,"url":"https:\/\/janze-athletisme.fr\/wordpress\/wp-content\/uploads\/2025\/12\/DSC_2682-e1766002633329.jpg","type":"image\/jpeg"}],"author":"Laurent Meunier","twitter_card":"summary_large_image","twitter_misc":{"\u00c9crit par":"Laurent Meunier","Dur\u00e9e de lecture estim\u00e9e":"4 minutes"},"schema":{"@context":"https:\/\/schema.org","@graph":[{"@type":"Article","@id":"https:\/\/janze-athletisme.fr\/wordpress\/ils-se-rechauffent-au-feu-de-lindoor\/#article","isPartOf":{"@id":"https:\/\/janze-athletisme.fr\/wordpress\/ils-se-rechauffent-au-feu-de-lindoor\/"},"author":{"name":"Laurent Meunier","@id":"https:\/\/janze-athletisme.fr\/wordpress\/#\/schema\/person\/c7b063dcfa6234c041d4d9b26cc2ea03"},"headline":"Ils se r\u00e9chauffent au feu de l&rsquo;indoor","datePublished":"2025-12-17T20:03:10+00:00","dateModified":"2025-12-17T20:21:45+00:00","mainEntityOfPage":{"@id":"https:\/\/janze-athletisme.fr\/wordpress\/ils-se-rechauffent-au-feu-de-lindoor\/"},"wordCount":472,"commentCount":0,"publisher":{"@id":"https:\/\/janze-athletisme.fr\/wordpress\/#organization"},"image":{"@id":"https:\/\/janze-athletisme.fr\/wordpress\/ils-se-rechauffent-au-feu-de-lindoor\/#primaryimage"},"thumbnailUrl":"https:\/\/janze-athletisme.fr\/wordpress\/wp-content\/uploads\/2025\/12\/DSC_2682-e1766002633329.jpg","articleSection":["Le club au jour le jour"],"inLanguage":"fr-FR","potentialAction":[{"@type":"CommentAction","name":"Comment","target":["https:\/\/janze-athletisme.fr\/wordpress\/ils-se-rechauffent-au-feu-de-lindoor\/#respond"]}]},{"@type":"WebPage","@id":"https:\/\/janze-athletisme.fr\/wordpress\/ils-se-rechauffent-au-feu-de-lindoor\/","url":"https:\/\/janze-athletisme.fr\/wordpress\/ils-se-rechauffent-au-feu-de-lindoor\/","name":"Ils se r\u00e9chauffent au feu de l'indoor - Janz\u00e9 Athl\u00e9tisme","isPartOf":{"@id":"https:\/\/janze-athletisme.fr\/wordpress\/#website"},"primaryImageOfPage":{"@id":"https:\/\/janze-athletisme.fr\/wordpress\/ils-se-rechauffent-au-feu-de-lindoor\/#primaryimage"},"image":{"@id":"https:\/\/janze-athletisme.fr\/wordpress\/ils-se-rechauffent-au-feu-de-lindoor\/#primaryimage"},"thumbnailUrl":"https:\/\/janze-athletisme.fr\/wordpress\/wp-content\/uploads\/2025\/12\/DSC_2682-e1766002633329.jpg","datePublished":"2025-12-17T20:03:10+00:00","dateModified":"2025-12-17T20:21:45+00:00","breadcrumb":{"@id":"https:\/\/janze-athletisme.fr\/wordpress\/ils-se-rechauffent-au-feu-de-lindoor\/#breadcrumb"},"inLanguage":"fr-FR","potentialAction":[{"@type":"ReadAction","target":["https:\/\/janze-athletisme.fr\/wordpress\/ils-se-rechauffent-au-feu-de-lindoor\/"]}]},{"@type":"ImageObject","inLanguage":"fr-FR","@id":"https:\/\/janze-athletisme.fr\/wordpress\/ils-se-rechauffent-au-feu-de-lindoor\/#primaryimage","url":"https:\/\/janze-athletisme.fr\/wordpress\/wp-content\/uploads\/2025\/12\/DSC_2682-e1766002633329.jpg","contentUrl":"https:\/\/janze-athletisme.fr\/wordpress\/wp-content\/uploads\/2025\/12\/DSC_2682-e1766002633329.jpg","width":1568,"height":1493},{"@type":"BreadcrumbList","@id":"https:\/\/janze-athletisme.fr\/wordpress\/ils-se-rechauffent-au-feu-de-lindoor\/#breadcrumb","itemListElement":[{"@type":"ListItem","position":1,"name":"Accueil","item":"https:\/\/janze-athletisme.fr\/wordpress\/"},{"@type":"ListItem","position":2,"name":"Ils se r\u00e9chauffent au feu de l&rsquo;indoor"}]},{"@type":"WebSite","@id":"https:\/\/janze-athletisme.fr\/wordpress\/#website","url":"https:\/\/janze-athletisme.fr\/wordpress\/","name":"Janz\u00e9 Athl\u00e9tisme","description":"Pays de La Roche aux F\u00e9es","publisher":{"@id":"https:\/\/janze-athletisme.fr\/wordpress\/#organization"},"potentialAction":[{"@type":"SearchAction","target":{"@type":"EntryPoint","urlTemplate":"https:\/\/janze-athletisme.fr\/wordpress\/?s={search_term_string}"},"query-input":{"@type":"PropertyValueSpecification","valueRequired":true,"valueName":"search_term_string"}}],"inLanguage":"fr-FR"},{"@type":"Organization","@id":"https:\/\/janze-athletisme.fr\/wordpress\/#organization","name":"Janz\u00e9 Athl\u00e9tisme","url":"https:\/\/janze-athletisme.fr\/wordpress\/","logo":{"@type":"ImageObject","inLanguage":"fr-FR","@id":"https:\/\/janze-athletisme.fr\/wordpress\/#\/schema\/logo\/image\/","url":"https:\/\/janze-athletisme.fr\/wordpress\/wp-content\/uploads\/2015\/03\/logo-full1.jpg","contentUrl":"https:\/\/janze-athletisme.fr\/wordpress\/wp-content\/uploads\/2015\/03\/logo-full1.jpg","width":437,"height":205,"caption":"Janz\u00e9 Athl\u00e9tisme"},"image":{"@id":"https:\/\/janze-athletisme.fr\/wordpress\/#\/schema\/logo\/image\/"},"sameAs":["https:\/\/www.facebook.com\/groups\/1007964579346590"]},{"@type":"Person","@id":"https:\/\/janze-athletisme.fr\/wordpress\/#\/schema\/person\/c7b063dcfa6234c041d4d9b26cc2ea03","name":"Laurent Meunier","image":{"@type":"ImageObject","inLanguage":"fr-FR","@id":"https:\/\/secure.gravatar.com\/avatar\/dd25d581ad7c3349090f2fa6a9adb6bfa287e6a5dd8a5216a092727cd8749034?s=96&d=mm&r=g","url":"https:\/\/secure.gravatar.com\/avatar\/dd25d581ad7c3349090f2fa6a9adb6bfa287e6a5dd8a5216a092727cd8749034?s=96&d=mm&r=g","contentUrl":"https:\/\/secure.gravatar.com\/avatar\/dd25d581ad7c3349090f2fa6a9adb6bfa287e6a5dd8a5216a092727cd8749034?s=96&d=mm&r=g","caption":"Laurent Meunier"},"url":"https:\/\/janze-athletisme.fr\/wordpress\/author\/laurent-meunier35\/"}]}},"uagb_featured_image_src":{"full":["https:\/\/janze-athletisme.fr\/wordpress\/wp-content\/uploads\/2025\/12\/DSC_2682-e1766002633329.jpg",1568,1493,false],"thumbnail":["https:\/\/janze-athletisme.fr\/wordpress\/wp-content\/uploads\/2025\/12\/DSC_2682-e1766002633329-150x150.jpg",150,150,true],"medium":["https:\/\/janze-athletisme.fr\/wordpress\/wp-content\/uploads\/2025\/12\/DSC_2682-e1766002633329-300x286.jpg",300,286,true],"medium_large":["https:\/\/janze-athletisme.fr\/wordpress\/wp-content\/uploads\/2025\/12\/DSC_2682-e1766002633329-768x731.jpg",768,731,true],"large":["https:\/\/janze-athletisme.fr\/wordpress\/wp-content\/uploads\/2025\/12\/DSC_2682-e1766002633329-1024x975.jpg",1024,975,true],"1536x1536":["https:\/\/janze-athletisme.fr\/wordpress\/wp-content\/uploads\/2025\/12\/DSC_2682-e1766002633329-1536x1463.jpg",1536,1463,true],"2048x2048":["https:\/\/janze-athletisme.fr\/wordpress\/wp-content\/uploads\/2025\/12\/DSC_2682-2048x1365.jpg",2048,1365,true]},"uagb_author_info":{"display_name":"Laurent Meunier","author_link":"https:\/\/janze-athletisme.fr\/wordpress\/author\/laurent-meunier35\/"},"uagb_comment_info":0,"uagb_excerpt":"Un m\u00e9lange de la terre et du feu, voici ce qu&rsquo;est notre club quand arrive la saison hivernale. D&rsquo;un c\u00f4t\u00e9 le cross, de l&rsquo;autre l&rsquo;indoor. Pourquoi associer la salle au feu ? Pas seulement \u00e0 cause de la couleur dominante des \u00e9crins Robert-Poirier \u00e0 Rennes ou Maryvonne-Dupureur \u00e0 Saint-Brieuc, mais aussi parce que l&rsquo;explosivit\u00e9 des\u2026","_links":{"self":[{"href":"https:\/\/janze-athletisme.fr\/wordpress\/wp-json\/wp\/v2\/posts\/29198","targetHints":{"allow":["GET"]}}],"collection":[{"href":"https:\/\/janze-athletisme.fr\/wordpress\/wp-json\/wp\/v2\/posts"}],"about":[{"href":"https:\/\/janze-athletisme.fr\/wordpress\/wp-json\/wp\/v2\/types\/post"}],"author":[{"embeddable":true,"href":"https:\/\/janze-athletisme.fr\/wordpress\/wp-json\/wp\/v2\/users\/12"}],"replies":[{"embeddable":true,"href":"https:\/\/janze-athletisme.fr\/wordpress\/wp-json\/wp\/v2\/comments?post=29198"}],"version-history":[{"count":4,"href":"https:\/\/janze-athletisme.fr\/wordpress\/wp-json\/wp\/v2\/posts\/29198\/revisions"}],"predecessor-version":[{"id":29214,"href":"https:\/\/janze-athletisme.fr\/wordpress\/wp-json\/wp\/v2\/posts\/29198\/revisions\/29214"}],"wp:featuredmedia":[{"embeddable":true,"href":"https:\/\/janze-athletisme.fr\/wordpress\/wp-json\/wp\/v2\/media\/29211"}],"wp:attachment":[{"href":"https:\/\/janze-athletisme.fr\/wordpress\/wp-json\/wp\/v2\/media?parent=29198"}],"wp:term":[{"taxonomy":"category","embeddable":true,"href":"https:\/\/janze-athletisme.fr\/wordpress\/wp-json\/wp\/v2\/categories?post=29198"},{"taxonomy":"post_tag","embeddable":true,"href":"https:\/\/janze-athletisme.fr\/wordpress\/wp-json\/wp\/v2\/tags?post=29198"}],"curies":[{"name":"wp","href":"https:\/\/api.w.org\/{rel}","templated":true}]}}