{"id":29162,"date":"2025-12-16T19:35:19","date_gmt":"2025-12-16T18:35:19","guid":{"rendered":"https:\/\/janze-athletisme.fr\/wordpress\/?p=29162"},"modified":"2025-12-17T22:45:16","modified_gmt":"2025-12-17T21:45:16","slug":"elites-et-masters-femmes-une-belle-equipe-a-venir","status":"publish","type":"post","link":"https:\/\/janze-athletisme.fr\/wordpress\/elites-et-masters-femmes-une-belle-equipe-a-venir\/","title":{"rendered":"\u00c9lites et Masters femmes : une belle \u00e9quipe \u00e0 venir"},"content":{"rendered":"<p><span style=\"font-size: 18pt;font-family: verdana, geneva, sans-serif\"><b>Cross de Janz\u00e9, samedi 13 d\u00e9cembre<\/b><\/span><\/p>\n<p><span style=\"font-size: 12pt;font-family: verdana, geneva, sans-serif\">On aura beaucoup parl\u00e9 de ce cross de Janz\u00e9, mais ce n&rsquo;est pas n&rsquo;importe quel cross, c&rsquo;est le n\u00f4tre, organis\u00e9 par le club. Et ce n&rsquo;est pas tous les jours non plus qu&rsquo;on a 97 licenci\u00e9s \u00e0 \u00eatre class\u00e9s dans une m\u00eame comp\u00e9tition. Est-ce m\u00eame jamais arriv\u00e9 ? Sans parler des 30 coureurs et coureuses du club associ\u00e9 de Bain et des quelques dizaines de b\u00e9n\u00e9voles, qui, \u00e0 un titre ou \u00e0 un autre, ont donn\u00e9 un coup de main&#8230; Il \u00e9tait donc normal de s&rsquo;attarder et d&rsquo;en profiter pour faire un tour d&rsquo;horizon de nos forces \u00e0 quelques semaines du D\u00e9partemental de cross, \u00e0 Saint-Onen-La-Chapelle, le dimanche 18 janvier prochain, ouvert pour rappel \u00e0 partir de la cat\u00e9gorie PO.<\/span><\/p>\n<p><span style=\"font-size: 12pt;font-family: verdana, geneva, sans-serif\">On a donc fait le tour des b\u00e9n\u00e9voles, des EA-PO, des BE-MI, des CA-JU, des \u00c9lites et Masters Hommes. Reste \u00e0 ne pas oublier les \u00c9lites et Masters Femmes. Le peloton \u00e9tant un peu moins cons\u00e9quent que celui des hommes, on y avait rassembl\u00e9 les cadettes, les juniors, les espoirs, les seniors et les masters, occasion pour ces diff\u00e9rentes cat\u00e9gories de se jauger \u00e0 l&rsquo;aune d&rsquo;une In\u00e8s Lucas, d\u00e9sormais senior, au sommet de son art et brillante vainqueure sans rivale. Elle sera probablement l&rsquo;une des favorites \u00e0 Saint-Onen dans la cat\u00e9gorie reine.<\/span><\/p>\n<p><span style=\"font-size: 12pt;font-family: verdana, geneva, sans-serif\">On a d\u00e9j\u00e0 \u00e9voqu\u00e9 les CAF et les JUF : elles \u00e9taient plus nombreuses que nos \u00c9lites. C&rsquo;est un probl\u00e8me d&rsquo;ailleurs : hormis Virginie Balluet, excellente et motiv\u00e9e comme jamais pour le cross, et une nouvelle venue, Laura Leroy, qui montre des qualit\u00e9s probantes pour la discipline, nos autres seniors et masters F sont peu nombreuses et, pour celles qui \u00e9taient l\u00e0, encore en d\u00e9couverte&#8230; Agathe Michel, Ana\u00efs Bruneau et Karine Janvier sont des battantes et ont fait preuve de courage mais ont encore \u00e0 travailler pour surmonter sans souffrance les exigences de cette discipline.<\/span><\/p>\n<p><span style=\"font-size: 12pt;font-family: verdana, geneva, sans-serif\">Les r\u00e9sultats : <\/span><span style=\"font-size: 12pt;font-family: verdana, geneva, sans-serif\">Chlo\u00e9 Juvin (qui n&rsquo;est plus licenci\u00e9e h\u00e9las) est 21e de la course ESF \/ SEF \/ M0F, <strong>Laura<\/strong> Leroy 25e, <strong>Agathe<\/strong> Michel 28e et <strong>Ana\u00efs<\/strong> Bruneau 30e (sur 32 class\u00e9es). Chez les Masters 1 \u00e0 6, <strong>Virginie<\/strong> Balluet est 4e et <strong>Karine<\/strong> Janvier 10e (sur 10 class\u00e9es)&#8230; C&rsquo;est tr\u00e8s bien, mais o<\/span><span style=\"font-family: verdana, geneva, sans-serif;font-size: 12pt\">n attend maintenant avec impatience le retour de <b>C\u00e9line<\/b> Hazard, d&rsquo;<strong>H\u00e9l\u00e8ne<\/strong> Gu\u00e9ry (?) et de <b>Maryse <\/b>Veyer pour \u00e9toffer cette \u00e9quipe Janz\u00e9enne, m\u00eame si <b>Lou<\/b> Gaspais et<b> Elsa<\/b> Mah\u00e9 vont lui apporter tr\u00e8s vite leur plus-value, sans oublier les cheffes de file de tout le groupe, <b>Tiphanie <\/b>Lecomte, <strong>Solenn<\/strong> Cerclet, et les autres Cessonnaises (<b>Delphine<\/b> Lebret, <b>Laura<\/b> Louis)&#8230; Si tout se passe bien, nous aurons deux \u00e9quipes class\u00e9es le 18 janvier chez les \u00c9lites et Masters Femmes.<\/span><\/p>\n<p><a href=\"https:\/\/janze-athletisme.fr\/wordpress\/wp-content\/uploads\/2025\/12\/DSC_2209-rotated.jpg\"><img loading=\"lazy\" decoding=\"async\" class=\"alignnone wp-image-29164\" src=\"https:\/\/janze-athletisme.fr\/wordpress\/wp-content\/uploads\/2025\/12\/DSC_2209-200x300.jpg\" alt=\"\" width=\"177\" height=\"266\" srcset=\"https:\/\/janze-athletisme.fr\/wordpress\/wp-content\/uploads\/2025\/12\/DSC_2209-200x300.jpg 200w, https:\/\/janze-athletisme.fr\/wordpress\/wp-content\/uploads\/2025\/12\/DSC_2209-683x1024.jpg 683w, https:\/\/janze-athletisme.fr\/wordpress\/wp-content\/uploads\/2025\/12\/DSC_2209-768x1152.jpg 768w, https:\/\/janze-athletisme.fr\/wordpress\/wp-content\/uploads\/2025\/12\/DSC_2209-rotated.jpg 1000w\" sizes=\"auto, (max-width: 177px) 100vw, 177px\" \/><\/a> <a href=\"https:\/\/janze-athletisme.fr\/wordpress\/wp-content\/uploads\/2025\/12\/DSC_2211-rotated.jpg\"><img loading=\"lazy\" decoding=\"async\" class=\"alignnone wp-image-29165\" src=\"https:\/\/janze-athletisme.fr\/wordpress\/wp-content\/uploads\/2025\/12\/DSC_2211-200x300.jpg\" alt=\"\" width=\"178\" height=\"267\" srcset=\"https:\/\/janze-athletisme.fr\/wordpress\/wp-content\/uploads\/2025\/12\/DSC_2211-200x300.jpg 200w, https:\/\/janze-athletisme.fr\/wordpress\/wp-content\/uploads\/2025\/12\/DSC_2211-683x1024.jpg 683w, https:\/\/janze-athletisme.fr\/wordpress\/wp-content\/uploads\/2025\/12\/DSC_2211-768x1152.jpg 768w, https:\/\/janze-athletisme.fr\/wordpress\/wp-content\/uploads\/2025\/12\/DSC_2211-rotated.jpg 1000w\" sizes=\"auto, (max-width: 178px) 100vw, 178px\" \/><\/a> <a href=\"https:\/\/janze-athletisme.fr\/wordpress\/wp-content\/uploads\/2025\/12\/DSC_2220.jpg\"><img loading=\"lazy\" decoding=\"async\" class=\"alignnone wp-image-29166\" src=\"https:\/\/janze-athletisme.fr\/wordpress\/wp-content\/uploads\/2025\/12\/DSC_2220-300x300.jpg\" alt=\"\" width=\"270\" height=\"270\" srcset=\"https:\/\/janze-athletisme.fr\/wordpress\/wp-content\/uploads\/2025\/12\/DSC_2220-300x300.jpg 300w, https:\/\/janze-athletisme.fr\/wordpress\/wp-content\/uploads\/2025\/12\/DSC_2220-150x150.jpg 150w, https:\/\/janze-athletisme.fr\/wordpress\/wp-content\/uploads\/2025\/12\/DSC_2220-768x768.jpg 768w, https:\/\/janze-athletisme.fr\/wordpress\/wp-content\/uploads\/2025\/12\/DSC_2220.jpg 1000w\" sizes=\"auto, (max-width: 270px) 100vw, 270px\" \/><\/a> <a href=\"https:\/\/janze-athletisme.fr\/wordpress\/wp-content\/uploads\/2025\/12\/DSC_2223.jpg\"><img loading=\"lazy\" decoding=\"async\" class=\"alignnone wp-image-29167\" src=\"https:\/\/janze-athletisme.fr\/wordpress\/wp-content\/uploads\/2025\/12\/DSC_2223-200x300.jpg\" alt=\"\" width=\"180\" height=\"270\" srcset=\"https:\/\/janze-athletisme.fr\/wordpress\/wp-content\/uploads\/2025\/12\/DSC_2223-200x300.jpg 200w, https:\/\/janze-athletisme.fr\/wordpress\/wp-content\/uploads\/2025\/12\/DSC_2223-683x1024.jpg 683w, https:\/\/janze-athletisme.fr\/wordpress\/wp-content\/uploads\/2025\/12\/DSC_2223-768x1152.jpg 768w, https:\/\/janze-athletisme.fr\/wordpress\/wp-content\/uploads\/2025\/12\/DSC_2223.jpg 1000w\" sizes=\"auto, (max-width: 180px) 100vw, 180px\" \/><\/a><\/p>\n<p><a href=\"https:\/\/janze-athletisme.fr\/wordpress\/wp-content\/uploads\/2025\/12\/DSC_2235.jpg\"><img loading=\"lazy\" decoding=\"async\" class=\"alignnone wp-image-29168\" src=\"https:\/\/janze-athletisme.fr\/wordpress\/wp-content\/uploads\/2025\/12\/DSC_2235-200x300.jpg\" alt=\"\" width=\"172\" height=\"258\" srcset=\"https:\/\/janze-athletisme.fr\/wordpress\/wp-content\/uploads\/2025\/12\/DSC_2235-200x300.jpg 200w, https:\/\/janze-athletisme.fr\/wordpress\/wp-content\/uploads\/2025\/12\/DSC_2235-683x1024.jpg 683w, https:\/\/janze-athletisme.fr\/wordpress\/wp-content\/uploads\/2025\/12\/DSC_2235-768x1152.jpg 768w, https:\/\/janze-athletisme.fr\/wordpress\/wp-content\/uploads\/2025\/12\/DSC_2235.jpg 1000w\" sizes=\"auto, (max-width: 172px) 100vw, 172px\" \/><\/a> <a href=\"https:\/\/janze-athletisme.fr\/wordpress\/wp-content\/uploads\/2025\/12\/DSC_2240.jpg\"><img loading=\"lazy\" decoding=\"async\" class=\"alignnone wp-image-29169\" src=\"https:\/\/janze-athletisme.fr\/wordpress\/wp-content\/uploads\/2025\/12\/DSC_2240-200x300.jpg\" alt=\"\" width=\"173\" height=\"260\" srcset=\"https:\/\/janze-athletisme.fr\/wordpress\/wp-content\/uploads\/2025\/12\/DSC_2240-200x300.jpg 200w, https:\/\/janze-athletisme.fr\/wordpress\/wp-content\/uploads\/2025\/12\/DSC_2240-683x1024.jpg 683w, https:\/\/janze-athletisme.fr\/wordpress\/wp-content\/uploads\/2025\/12\/DSC_2240-768x1152.jpg 768w, https:\/\/janze-athletisme.fr\/wordpress\/wp-content\/uploads\/2025\/12\/DSC_2240.jpg 1000w\" sizes=\"auto, (max-width: 173px) 100vw, 173px\" \/><\/a> <a href=\"https:\/\/janze-athletisme.fr\/wordpress\/wp-content\/uploads\/2025\/12\/DSC_2245.jpg\"><img loading=\"lazy\" decoding=\"async\" class=\"alignnone wp-image-29170\" src=\"https:\/\/janze-athletisme.fr\/wordpress\/wp-content\/uploads\/2025\/12\/DSC_2245-300x300.jpg\" alt=\"\" width=\"288\" height=\"288\" srcset=\"https:\/\/janze-athletisme.fr\/wordpress\/wp-content\/uploads\/2025\/12\/DSC_2245-300x300.jpg 300w, https:\/\/janze-athletisme.fr\/wordpress\/wp-content\/uploads\/2025\/12\/DSC_2245-150x150.jpg 150w, https:\/\/janze-athletisme.fr\/wordpress\/wp-content\/uploads\/2025\/12\/DSC_2245-768x768.jpg 768w, https:\/\/janze-athletisme.fr\/wordpress\/wp-content\/uploads\/2025\/12\/DSC_2245.jpg 1000w\" sizes=\"auto, (max-width: 288px) 100vw, 288px\" \/><\/a> <a href=\"https:\/\/janze-athletisme.fr\/wordpress\/wp-content\/uploads\/2025\/12\/DSC_2247.jpg\"><img loading=\"lazy\" decoding=\"async\" class=\"alignnone wp-image-29171\" src=\"https:\/\/janze-athletisme.fr\/wordpress\/wp-content\/uploads\/2025\/12\/DSC_2247-200x300.jpg\" alt=\"\" width=\"171\" height=\"257\" srcset=\"https:\/\/janze-athletisme.fr\/wordpress\/wp-content\/uploads\/2025\/12\/DSC_2247-200x300.jpg 200w, https:\/\/janze-athletisme.fr\/wordpress\/wp-content\/uploads\/2025\/12\/DSC_2247-683x1024.jpg 683w, https:\/\/janze-athletisme.fr\/wordpress\/wp-content\/uploads\/2025\/12\/DSC_2247-768x1152.jpg 768w, https:\/\/janze-athletisme.fr\/wordpress\/wp-content\/uploads\/2025\/12\/DSC_2247.jpg 1000w\" sizes=\"auto, (max-width: 171px) 100vw, 171px\" \/><\/a><\/p>\n<p><a href=\"https:\/\/janze-athletisme.fr\/wordpress\/wp-content\/uploads\/2025\/12\/DSC_2260.jpg\"><img loading=\"lazy\" decoding=\"async\" class=\"alignnone wp-image-29172\" src=\"https:\/\/janze-athletisme.fr\/wordpress\/wp-content\/uploads\/2025\/12\/DSC_2260-300x300.jpg\" alt=\"\" width=\"261\" height=\"261\" srcset=\"https:\/\/janze-athletisme.fr\/wordpress\/wp-content\/uploads\/2025\/12\/DSC_2260-300x300.jpg 300w, https:\/\/janze-athletisme.fr\/wordpress\/wp-content\/uploads\/2025\/12\/DSC_2260-150x150.jpg 150w, https:\/\/janze-athletisme.fr\/wordpress\/wp-content\/uploads\/2025\/12\/DSC_2260-768x768.jpg 768w, https:\/\/janze-athletisme.fr\/wordpress\/wp-content\/uploads\/2025\/12\/DSC_2260.jpg 1000w\" sizes=\"auto, (max-width: 261px) 100vw, 261px\" \/><\/a> <a href=\"https:\/\/janze-athletisme.fr\/wordpress\/wp-content\/uploads\/2025\/12\/DSC_2270.jpg\"><img loading=\"lazy\" decoding=\"async\" class=\"alignnone wp-image-29175\" src=\"https:\/\/janze-athletisme.fr\/wordpress\/wp-content\/uploads\/2025\/12\/DSC_2270-200x300.jpg\" alt=\"\" width=\"174\" height=\"261\" srcset=\"https:\/\/janze-athletisme.fr\/wordpress\/wp-content\/uploads\/2025\/12\/DSC_2270-200x300.jpg 200w, https:\/\/janze-athletisme.fr\/wordpress\/wp-content\/uploads\/2025\/12\/DSC_2270-683x1024.jpg 683w, https:\/\/janze-athletisme.fr\/wordpress\/wp-content\/uploads\/2025\/12\/DSC_2270-768x1152.jpg 768w, https:\/\/janze-athletisme.fr\/wordpress\/wp-content\/uploads\/2025\/12\/DSC_2270.jpg 1000w\" sizes=\"auto, (max-width: 174px) 100vw, 174px\" \/><\/a> <a href=\"https:\/\/janze-athletisme.fr\/wordpress\/wp-content\/uploads\/2025\/12\/DSC_2279.jpg\"><img loading=\"lazy\" decoding=\"async\" class=\"alignnone wp-image-29173\" src=\"https:\/\/janze-athletisme.fr\/wordpress\/wp-content\/uploads\/2025\/12\/DSC_2279-200x300.jpg\" alt=\"\" width=\"147\" height=\"221\" srcset=\"https:\/\/janze-athletisme.fr\/wordpress\/wp-content\/uploads\/2025\/12\/DSC_2279-200x300.jpg 200w, https:\/\/janze-athletisme.fr\/wordpress\/wp-content\/uploads\/2025\/12\/DSC_2279-683x1024.jpg 683w, https:\/\/janze-athletisme.fr\/wordpress\/wp-content\/uploads\/2025\/12\/DSC_2279-768x1152.jpg 768w, https:\/\/janze-athletisme.fr\/wordpress\/wp-content\/uploads\/2025\/12\/DSC_2279-1024x1536.jpg 1024w, https:\/\/janze-athletisme.fr\/wordpress\/wp-content\/uploads\/2025\/12\/DSC_2279.jpg 1200w\" sizes=\"auto, (max-width: 147px) 100vw, 147px\" \/><\/a> <a href=\"https:\/\/janze-athletisme.fr\/wordpress\/wp-content\/uploads\/2025\/12\/DSC_2284.jpg\"><img loading=\"lazy\" decoding=\"async\" class=\"alignnone wp-image-29174\" src=\"https:\/\/janze-athletisme.fr\/wordpress\/wp-content\/uploads\/2025\/12\/DSC_2284-300x300.jpg\" alt=\"\" width=\"223\" height=\"223\" srcset=\"https:\/\/janze-athletisme.fr\/wordpress\/wp-content\/uploads\/2025\/12\/DSC_2284-300x300.jpg 300w, https:\/\/janze-athletisme.fr\/wordpress\/wp-content\/uploads\/2025\/12\/DSC_2284-150x150.jpg 150w, https:\/\/janze-athletisme.fr\/wordpress\/wp-content\/uploads\/2025\/12\/DSC_2284-768x768.jpg 768w, https:\/\/janze-athletisme.fr\/wordpress\/wp-content\/uploads\/2025\/12\/DSC_2284.jpg 1000w\" sizes=\"auto, (max-width: 223px) 100vw, 223px\" \/><\/a><\/p>\n<p><a href=\"https:\/\/janze-athletisme.fr\/wordpress\/wp-content\/uploads\/2025\/12\/DSC_1902.jpg\"><img loading=\"lazy\" decoding=\"async\" class=\"alignnone wp-image-29176\" src=\"https:\/\/janze-athletisme.fr\/wordpress\/wp-content\/uploads\/2025\/12\/DSC_1902-300x300.jpg\" alt=\"\" width=\"253\" height=\"253\" srcset=\"https:\/\/janze-athletisme.fr\/wordpress\/wp-content\/uploads\/2025\/12\/DSC_1902-300x300.jpg 300w, https:\/\/janze-athletisme.fr\/wordpress\/wp-content\/uploads\/2025\/12\/DSC_1902-150x150.jpg 150w, https:\/\/janze-athletisme.fr\/wordpress\/wp-content\/uploads\/2025\/12\/DSC_1902-768x768.jpg 768w, https:\/\/janze-athletisme.fr\/wordpress\/wp-content\/uploads\/2025\/12\/DSC_1902.jpg 1000w\" sizes=\"auto, (max-width: 253px) 100vw, 253px\" \/> <\/a><a href=\"https:\/\/janze-athletisme.fr\/wordpress\/wp-content\/uploads\/2025\/12\/DSC_1936.jpg\"><img loading=\"lazy\" decoding=\"async\" class=\"alignnone wp-image-29177\" src=\"https:\/\/janze-athletisme.fr\/wordpress\/wp-content\/uploads\/2025\/12\/DSC_1936-300x300.jpg\" alt=\"\" width=\"253\" height=\"253\" srcset=\"https:\/\/janze-athletisme.fr\/wordpress\/wp-content\/uploads\/2025\/12\/DSC_1936-300x300.jpg 300w, https:\/\/janze-athletisme.fr\/wordpress\/wp-content\/uploads\/2025\/12\/DSC_1936-150x150.jpg 150w, https:\/\/janze-athletisme.fr\/wordpress\/wp-content\/uploads\/2025\/12\/DSC_1936-768x768.jpg 768w, https:\/\/janze-athletisme.fr\/wordpress\/wp-content\/uploads\/2025\/12\/DSC_1936.jpg 1000w\" sizes=\"auto, (max-width: 253px) 100vw, 253px\" \/><\/a><a href=\"https:\/\/janze-athletisme.fr\/wordpress\/wp-content\/uploads\/2025\/12\/DSC_2375.jpg\"> <img loading=\"lazy\" decoding=\"async\" class=\"alignnone size-medium wp-image-29178\" src=\"https:\/\/janze-athletisme.fr\/wordpress\/wp-content\/uploads\/2025\/12\/DSC_2375-300x200.jpg\" alt=\"\" width=\"300\" height=\"200\" srcset=\"https:\/\/janze-athletisme.fr\/wordpress\/wp-content\/uploads\/2025\/12\/DSC_2375-300x200.jpg 300w, https:\/\/janze-athletisme.fr\/wordpress\/wp-content\/uploads\/2025\/12\/DSC_2375-1024x683.jpg 1024w, https:\/\/janze-athletisme.fr\/wordpress\/wp-content\/uploads\/2025\/12\/DSC_2375-768x512.jpg 768w, https:\/\/janze-athletisme.fr\/wordpress\/wp-content\/uploads\/2025\/12\/DSC_2375.jpg 1500w\" sizes=\"auto, (max-width: 300px) 100vw, 300px\" \/><\/a><\/p>\n<p><em><span style=\"font-family: verdana, geneva, sans-serif\">Et, pour rappel, voici <a href=\"https:\/\/photos.app.goo.gl\/P8qH7VmmvLrPxH9v7\">ICI<\/a> la galerie de <b>Denis <\/b>Caillaud et <a href=\"https:\/\/drive.google.com\/drive\/folders\/1ty_Yf5DOGmzLvKZChxuxiQCEVnihYDjZ?usp=drive_link\">ICI<\/a> la galerie de <b>Dorian<\/b> Delaunay. Merci \u00e0 eux. Et voici celles des miennes qui ne sont pas parues sur le site (merci Denis pour la galerie), <a href=\"https:\/\/photos.app.goo.gl\/3TKMQVLk8MyDUG1K6\">ICI<\/a>.<\/span><\/em><\/p>\n","protected":false},"excerpt":{"rendered":"<p>Cross de Janz\u00e9, samedi 13 d\u00e9cembre On aura beaucoup parl\u00e9 de ce cross de Janz\u00e9, mais ce n&rsquo;est pas n&rsquo;importe quel cross, c&rsquo;est le n\u00f4tre, organis\u00e9 par le club. Et ce n&rsquo;est pas tous les jours non plus qu&rsquo;on a 97 licenci\u00e9s \u00e0 \u00eatre class\u00e9s dans une m\u00eame comp\u00e9tition. Est-ce m\u00eame jamais arriv\u00e9 ? Sans [&hellip;]<\/p>\n","protected":false},"author":12,"featured_media":29172,"comment_status":"open","ping_status":"open","sticky":false,"template":"","format":"aside","meta":{"_uag_custom_page_level_css":"","site-sidebar-layout":"default","site-content-layout":"","ast-site-content-layout":"default","site-content-style":"default","site-sidebar-style":"default","ast-global-header-display":"","ast-banner-title-visibility":"","ast-main-header-display":"","ast-hfb-above-header-display":"","ast-hfb-below-header-display":"","ast-hfb-mobile-header-display":"","site-post-title":"","ast-breadcrumbs-content":"","ast-featured-img":"","footer-sml-layout":"","ast-disable-related-posts":"","theme-transparent-header-meta":"default","adv-header-id-meta":"","stick-header-meta":"","header-above-stick-meta":"","header-main-stick-meta":"","header-below-stick-meta":"","astra-migrate-meta-layouts":"set","ast-page-background-enabled":"default","ast-page-background-meta":{"desktop":{"background-color":"var(--ast-global-color-4)","background-image":"","background-repeat":"repeat","background-position":"center center","background-size":"auto","background-attachment":"scroll","background-type":"","background-media":"","overlay-type":"","overlay-color":"","overlay-opacity":"","overlay-gradient":""},"tablet":{"background-color":"","background-image":"","background-repeat":"repeat","background-position":"center center","background-size":"auto","background-attachment":"scroll","background-type":"","background-media":"","overlay-type":"","overlay-color":"","overlay-opacity":"","overlay-gradient":""},"mobile":{"background-color":"","background-image":"","background-repeat":"repeat","background-position":"center center","background-size":"auto","background-attachment":"scroll","background-type":"","background-media":"","overlay-type":"","overlay-color":"","overlay-opacity":"","overlay-gradient":""}},"ast-content-background-meta":{"desktop":{"background-color":"var(--ast-global-color-5)","background-image":"","background-repeat":"repeat","background-position":"center center","background-size":"auto","background-attachment":"scroll","background-type":"","background-media":"","overlay-type":"","overlay-color":"","overlay-opacity":"","overlay-gradient":""},"tablet":{"background-color":"var(--ast-global-color-5)","background-image":"","background-repeat":"repeat","background-position":"center center","background-size":"auto","background-attachment":"scroll","background-type":"","background-media":"","overlay-type":"","overlay-color":"","overlay-opacity":"","overlay-gradient":""},"mobile":{"background-color":"var(--ast-global-color-5)","background-image":"","background-repeat":"repeat","background-position":"center center","background-size":"auto","background-attachment":"scroll","background-type":"","background-media":"","overlay-type":"","overlay-color":"","overlay-opacity":"","overlay-gradient":""}},"footnotes":""},"categories":[6],"tags":[],"class_list":["post-29162","post","type-post","status-publish","format-aside","has-post-thumbnail","hentry","category-sections","post_format-post-format-aside"],"yoast_head":"<!-- This site is optimized with the Yoast SEO plugin v27.4 - https:\/\/yoast.com\/product\/yoast-seo-wordpress\/ -->\n<title>\u00c9lites et Masters femmes : une belle \u00e9quipe \u00e0 venir - Janz\u00e9 Athl\u00e9tisme<\/title>\n<meta name=\"robots\" content=\"index, follow, max-snippet:-1, max-image-preview:large, max-video-preview:-1\" \/>\n<link rel=\"canonical\" href=\"https:\/\/janze-athletisme.fr\/wordpress\/elites-et-masters-femmes-une-belle-equipe-a-venir\/\" \/>\n<meta property=\"og:locale\" content=\"fr_FR\" \/>\n<meta property=\"og:type\" content=\"article\" \/>\n<meta property=\"og:title\" content=\"\u00c9lites et Masters femmes : une belle \u00e9quipe \u00e0 venir - Janz\u00e9 Athl\u00e9tisme\" \/>\n<meta property=\"og:description\" content=\"Cross de Janz\u00e9, samedi 13 d\u00e9cembre On aura beaucoup parl\u00e9 de ce cross de Janz\u00e9, mais ce n&rsquo;est pas n&rsquo;importe quel cross, c&rsquo;est le n\u00f4tre, organis\u00e9 par le club. Et ce n&rsquo;est pas tous les jours non plus qu&rsquo;on a 97 licenci\u00e9s \u00e0 \u00eatre class\u00e9s dans une m\u00eame comp\u00e9tition. Est-ce m\u00eame jamais arriv\u00e9 ? Sans [&hellip;]\" \/>\n<meta property=\"og:url\" content=\"https:\/\/janze-athletisme.fr\/wordpress\/elites-et-masters-femmes-une-belle-equipe-a-venir\/\" \/>\n<meta property=\"og:site_name\" content=\"Janz\u00e9 Athl\u00e9tisme\" \/>\n<meta property=\"article:publisher\" content=\"https:\/\/www.facebook.com\/groups\/1007964579346590\" \/>\n<meta property=\"article:published_time\" content=\"2025-12-16T18:35:19+00:00\" \/>\n<meta property=\"article:modified_time\" content=\"2025-12-17T21:45:16+00:00\" \/>\n<meta property=\"og:image\" content=\"https:\/\/janze-athletisme.fr\/wordpress\/wp-content\/uploads\/2025\/12\/DSC_2260.jpg\" \/>\n\t<meta property=\"og:image:width\" content=\"1000\" \/>\n\t<meta property=\"og:image:height\" content=\"1000\" \/>\n\t<meta property=\"og:image:type\" content=\"image\/jpeg\" \/>\n<meta name=\"author\" content=\"Laurent Meunier\" \/>\n<meta name=\"twitter:card\" content=\"summary_large_image\" \/>\n<meta name=\"twitter:label1\" content=\"\u00c9crit par\" \/>\n\t<meta name=\"twitter:data1\" content=\"Laurent Meunier\" \/>\n\t<meta name=\"twitter:label2\" content=\"Dur\u00e9e de lecture estim\u00e9e\" \/>\n\t<meta name=\"twitter:data2\" content=\"6 minutes\" \/>\n<script type=\"application\/ld+json\" class=\"yoast-schema-graph\">{\"@context\":\"https:\\\/\\\/schema.org\",\"@graph\":[{\"@type\":\"Article\",\"@id\":\"https:\\\/\\\/janze-athletisme.fr\\\/wordpress\\\/elites-et-masters-femmes-une-belle-equipe-a-venir\\\/#article\",\"isPartOf\":{\"@id\":\"https:\\\/\\\/janze-athletisme.fr\\\/wordpress\\\/elites-et-masters-femmes-une-belle-equipe-a-venir\\\/\"},\"author\":{\"name\":\"Laurent Meunier\",\"@id\":\"https:\\\/\\\/janze-athletisme.fr\\\/wordpress\\\/#\\\/schema\\\/person\\\/c7b063dcfa6234c041d4d9b26cc2ea03\"},\"headline\":\"\u00c9lites et Masters femmes : une belle \u00e9quipe \u00e0 venir\",\"datePublished\":\"2025-12-16T18:35:19+00:00\",\"dateModified\":\"2025-12-17T21:45:16+00:00\",\"mainEntityOfPage\":{\"@id\":\"https:\\\/\\\/janze-athletisme.fr\\\/wordpress\\\/elites-et-masters-femmes-une-belle-equipe-a-venir\\\/\"},\"wordCount\":521,\"commentCount\":0,\"publisher\":{\"@id\":\"https:\\\/\\\/janze-athletisme.fr\\\/wordpress\\\/#organization\"},\"image\":{\"@id\":\"https:\\\/\\\/janze-athletisme.fr\\\/wordpress\\\/elites-et-masters-femmes-une-belle-equipe-a-venir\\\/#primaryimage\"},\"thumbnailUrl\":\"https:\\\/\\\/janze-athletisme.fr\\\/wordpress\\\/wp-content\\\/uploads\\\/2025\\\/12\\\/DSC_2260.jpg\",\"articleSection\":[\"Le club au jour le jour\"],\"inLanguage\":\"fr-FR\",\"potentialAction\":[{\"@type\":\"CommentAction\",\"name\":\"Comment\",\"target\":[\"https:\\\/\\\/janze-athletisme.fr\\\/wordpress\\\/elites-et-masters-femmes-une-belle-equipe-a-venir\\\/#respond\"]}]},{\"@type\":\"WebPage\",\"@id\":\"https:\\\/\\\/janze-athletisme.fr\\\/wordpress\\\/elites-et-masters-femmes-une-belle-equipe-a-venir\\\/\",\"url\":\"https:\\\/\\\/janze-athletisme.fr\\\/wordpress\\\/elites-et-masters-femmes-une-belle-equipe-a-venir\\\/\",\"name\":\"\u00c9lites et Masters femmes : une belle \u00e9quipe \u00e0 venir - Janz\u00e9 Athl\u00e9tisme\",\"isPartOf\":{\"@id\":\"https:\\\/\\\/janze-athletisme.fr\\\/wordpress\\\/#website\"},\"primaryImageOfPage\":{\"@id\":\"https:\\\/\\\/janze-athletisme.fr\\\/wordpress\\\/elites-et-masters-femmes-une-belle-equipe-a-venir\\\/#primaryimage\"},\"image\":{\"@id\":\"https:\\\/\\\/janze-athletisme.fr\\\/wordpress\\\/elites-et-masters-femmes-une-belle-equipe-a-venir\\\/#primaryimage\"},\"thumbnailUrl\":\"https:\\\/\\\/janze-athletisme.fr\\\/wordpress\\\/wp-content\\\/uploads\\\/2025\\\/12\\\/DSC_2260.jpg\",\"datePublished\":\"2025-12-16T18:35:19+00:00\",\"dateModified\":\"2025-12-17T21:45:16+00:00\",\"breadcrumb\":{\"@id\":\"https:\\\/\\\/janze-athletisme.fr\\\/wordpress\\\/elites-et-masters-femmes-une-belle-equipe-a-venir\\\/#breadcrumb\"},\"inLanguage\":\"fr-FR\",\"potentialAction\":[{\"@type\":\"ReadAction\",\"target\":[\"https:\\\/\\\/janze-athletisme.fr\\\/wordpress\\\/elites-et-masters-femmes-une-belle-equipe-a-venir\\\/\"]}]},{\"@type\":\"ImageObject\",\"inLanguage\":\"fr-FR\",\"@id\":\"https:\\\/\\\/janze-athletisme.fr\\\/wordpress\\\/elites-et-masters-femmes-une-belle-equipe-a-venir\\\/#primaryimage\",\"url\":\"https:\\\/\\\/janze-athletisme.fr\\\/wordpress\\\/wp-content\\\/uploads\\\/2025\\\/12\\\/DSC_2260.jpg\",\"contentUrl\":\"https:\\\/\\\/janze-athletisme.fr\\\/wordpress\\\/wp-content\\\/uploads\\\/2025\\\/12\\\/DSC_2260.jpg\",\"width\":1000,\"height\":1000},{\"@type\":\"BreadcrumbList\",\"@id\":\"https:\\\/\\\/janze-athletisme.fr\\\/wordpress\\\/elites-et-masters-femmes-une-belle-equipe-a-venir\\\/#breadcrumb\",\"itemListElement\":[{\"@type\":\"ListItem\",\"position\":1,\"name\":\"Accueil\",\"item\":\"https:\\\/\\\/janze-athletisme.fr\\\/wordpress\\\/\"},{\"@type\":\"ListItem\",\"position\":2,\"name\":\"\u00c9lites et Masters femmes : une belle \u00e9quipe \u00e0 venir\"}]},{\"@type\":\"WebSite\",\"@id\":\"https:\\\/\\\/janze-athletisme.fr\\\/wordpress\\\/#website\",\"url\":\"https:\\\/\\\/janze-athletisme.fr\\\/wordpress\\\/\",\"name\":\"Janz\u00e9 Athl\u00e9tisme\",\"description\":\"Pays de La Roche aux F\u00e9es\",\"publisher\":{\"@id\":\"https:\\\/\\\/janze-athletisme.fr\\\/wordpress\\\/#organization\"},\"potentialAction\":[{\"@type\":\"SearchAction\",\"target\":{\"@type\":\"EntryPoint\",\"urlTemplate\":\"https:\\\/\\\/janze-athletisme.fr\\\/wordpress\\\/?s={search_term_string}\"},\"query-input\":{\"@type\":\"PropertyValueSpecification\",\"valueRequired\":true,\"valueName\":\"search_term_string\"}}],\"inLanguage\":\"fr-FR\"},{\"@type\":\"Organization\",\"@id\":\"https:\\\/\\\/janze-athletisme.fr\\\/wordpress\\\/#organization\",\"name\":\"Janz\u00e9 Athl\u00e9tisme\",\"url\":\"https:\\\/\\\/janze-athletisme.fr\\\/wordpress\\\/\",\"logo\":{\"@type\":\"ImageObject\",\"inLanguage\":\"fr-FR\",\"@id\":\"https:\\\/\\\/janze-athletisme.fr\\\/wordpress\\\/#\\\/schema\\\/logo\\\/image\\\/\",\"url\":\"https:\\\/\\\/janze-athletisme.fr\\\/wordpress\\\/wp-content\\\/uploads\\\/2015\\\/03\\\/logo-full1.jpg\",\"contentUrl\":\"https:\\\/\\\/janze-athletisme.fr\\\/wordpress\\\/wp-content\\\/uploads\\\/2015\\\/03\\\/logo-full1.jpg\",\"width\":437,\"height\":205,\"caption\":\"Janz\u00e9 Athl\u00e9tisme\"},\"image\":{\"@id\":\"https:\\\/\\\/janze-athletisme.fr\\\/wordpress\\\/#\\\/schema\\\/logo\\\/image\\\/\"},\"sameAs\":[\"https:\\\/\\\/www.facebook.com\\\/groups\\\/1007964579346590\"]},{\"@type\":\"Person\",\"@id\":\"https:\\\/\\\/janze-athletisme.fr\\\/wordpress\\\/#\\\/schema\\\/person\\\/c7b063dcfa6234c041d4d9b26cc2ea03\",\"name\":\"Laurent Meunier\",\"image\":{\"@type\":\"ImageObject\",\"inLanguage\":\"fr-FR\",\"@id\":\"https:\\\/\\\/secure.gravatar.com\\\/avatar\\\/dd25d581ad7c3349090f2fa6a9adb6bfa287e6a5dd8a5216a092727cd8749034?s=96&d=mm&r=g\",\"url\":\"https:\\\/\\\/secure.gravatar.com\\\/avatar\\\/dd25d581ad7c3349090f2fa6a9adb6bfa287e6a5dd8a5216a092727cd8749034?s=96&d=mm&r=g\",\"contentUrl\":\"https:\\\/\\\/secure.gravatar.com\\\/avatar\\\/dd25d581ad7c3349090f2fa6a9adb6bfa287e6a5dd8a5216a092727cd8749034?s=96&d=mm&r=g\",\"caption\":\"Laurent Meunier\"},\"url\":\"https:\\\/\\\/janze-athletisme.fr\\\/wordpress\\\/author\\\/laurent-meunier35\\\/\"}]}<\/script>\n<!-- \/ Yoast SEO plugin. -->","yoast_head_json":{"title":"\u00c9lites et Masters femmes : une belle \u00e9quipe \u00e0 venir - Janz\u00e9 Athl\u00e9tisme","robots":{"index":"index","follow":"follow","max-snippet":"max-snippet:-1","max-image-preview":"max-image-preview:large","max-video-preview":"max-video-preview:-1"},"canonical":"https:\/\/janze-athletisme.fr\/wordpress\/elites-et-masters-femmes-une-belle-equipe-a-venir\/","og_locale":"fr_FR","og_type":"article","og_title":"\u00c9lites et Masters femmes : une belle \u00e9quipe \u00e0 venir - Janz\u00e9 Athl\u00e9tisme","og_description":"Cross de Janz\u00e9, samedi 13 d\u00e9cembre On aura beaucoup parl\u00e9 de ce cross de Janz\u00e9, mais ce n&rsquo;est pas n&rsquo;importe quel cross, c&rsquo;est le n\u00f4tre, organis\u00e9 par le club. Et ce n&rsquo;est pas tous les jours non plus qu&rsquo;on a 97 licenci\u00e9s \u00e0 \u00eatre class\u00e9s dans une m\u00eame comp\u00e9tition. Est-ce m\u00eame jamais arriv\u00e9 ? Sans [&hellip;]","og_url":"https:\/\/janze-athletisme.fr\/wordpress\/elites-et-masters-femmes-une-belle-equipe-a-venir\/","og_site_name":"Janz\u00e9 Athl\u00e9tisme","article_publisher":"https:\/\/www.facebook.com\/groups\/1007964579346590","article_published_time":"2025-12-16T18:35:19+00:00","article_modified_time":"2025-12-17T21:45:16+00:00","og_image":[{"width":1000,"height":1000,"url":"https:\/\/janze-athletisme.fr\/wordpress\/wp-content\/uploads\/2025\/12\/DSC_2260.jpg","type":"image\/jpeg"}],"author":"Laurent Meunier","twitter_card":"summary_large_image","twitter_misc":{"\u00c9crit par":"Laurent Meunier","Dur\u00e9e de lecture estim\u00e9e":"6 minutes"},"schema":{"@context":"https:\/\/schema.org","@graph":[{"@type":"Article","@id":"https:\/\/janze-athletisme.fr\/wordpress\/elites-et-masters-femmes-une-belle-equipe-a-venir\/#article","isPartOf":{"@id":"https:\/\/janze-athletisme.fr\/wordpress\/elites-et-masters-femmes-une-belle-equipe-a-venir\/"},"author":{"name":"Laurent Meunier","@id":"https:\/\/janze-athletisme.fr\/wordpress\/#\/schema\/person\/c7b063dcfa6234c041d4d9b26cc2ea03"},"headline":"\u00c9lites et Masters femmes : une belle \u00e9quipe \u00e0 venir","datePublished":"2025-12-16T18:35:19+00:00","dateModified":"2025-12-17T21:45:16+00:00","mainEntityOfPage":{"@id":"https:\/\/janze-athletisme.fr\/wordpress\/elites-et-masters-femmes-une-belle-equipe-a-venir\/"},"wordCount":521,"commentCount":0,"publisher":{"@id":"https:\/\/janze-athletisme.fr\/wordpress\/#organization"},"image":{"@id":"https:\/\/janze-athletisme.fr\/wordpress\/elites-et-masters-femmes-une-belle-equipe-a-venir\/#primaryimage"},"thumbnailUrl":"https:\/\/janze-athletisme.fr\/wordpress\/wp-content\/uploads\/2025\/12\/DSC_2260.jpg","articleSection":["Le club au jour le jour"],"inLanguage":"fr-FR","potentialAction":[{"@type":"CommentAction","name":"Comment","target":["https:\/\/janze-athletisme.fr\/wordpress\/elites-et-masters-femmes-une-belle-equipe-a-venir\/#respond"]}]},{"@type":"WebPage","@id":"https:\/\/janze-athletisme.fr\/wordpress\/elites-et-masters-femmes-une-belle-equipe-a-venir\/","url":"https:\/\/janze-athletisme.fr\/wordpress\/elites-et-masters-femmes-une-belle-equipe-a-venir\/","name":"\u00c9lites et Masters femmes : une belle \u00e9quipe \u00e0 venir - Janz\u00e9 Athl\u00e9tisme","isPartOf":{"@id":"https:\/\/janze-athletisme.fr\/wordpress\/#website"},"primaryImageOfPage":{"@id":"https:\/\/janze-athletisme.fr\/wordpress\/elites-et-masters-femmes-une-belle-equipe-a-venir\/#primaryimage"},"image":{"@id":"https:\/\/janze-athletisme.fr\/wordpress\/elites-et-masters-femmes-une-belle-equipe-a-venir\/#primaryimage"},"thumbnailUrl":"https:\/\/janze-athletisme.fr\/wordpress\/wp-content\/uploads\/2025\/12\/DSC_2260.jpg","datePublished":"2025-12-16T18:35:19+00:00","dateModified":"2025-12-17T21:45:16+00:00","breadcrumb":{"@id":"https:\/\/janze-athletisme.fr\/wordpress\/elites-et-masters-femmes-une-belle-equipe-a-venir\/#breadcrumb"},"inLanguage":"fr-FR","potentialAction":[{"@type":"ReadAction","target":["https:\/\/janze-athletisme.fr\/wordpress\/elites-et-masters-femmes-une-belle-equipe-a-venir\/"]}]},{"@type":"ImageObject","inLanguage":"fr-FR","@id":"https:\/\/janze-athletisme.fr\/wordpress\/elites-et-masters-femmes-une-belle-equipe-a-venir\/#primaryimage","url":"https:\/\/janze-athletisme.fr\/wordpress\/wp-content\/uploads\/2025\/12\/DSC_2260.jpg","contentUrl":"https:\/\/janze-athletisme.fr\/wordpress\/wp-content\/uploads\/2025\/12\/DSC_2260.jpg","width":1000,"height":1000},{"@type":"BreadcrumbList","@id":"https:\/\/janze-athletisme.fr\/wordpress\/elites-et-masters-femmes-une-belle-equipe-a-venir\/#breadcrumb","itemListElement":[{"@type":"ListItem","position":1,"name":"Accueil","item":"https:\/\/janze-athletisme.fr\/wordpress\/"},{"@type":"ListItem","position":2,"name":"\u00c9lites et Masters femmes : une belle \u00e9quipe \u00e0 venir"}]},{"@type":"WebSite","@id":"https:\/\/janze-athletisme.fr\/wordpress\/#website","url":"https:\/\/janze-athletisme.fr\/wordpress\/","name":"Janz\u00e9 Athl\u00e9tisme","description":"Pays de La Roche aux F\u00e9es","publisher":{"@id":"https:\/\/janze-athletisme.fr\/wordpress\/#organization"},"potentialAction":[{"@type":"SearchAction","target":{"@type":"EntryPoint","urlTemplate":"https:\/\/janze-athletisme.fr\/wordpress\/?s={search_term_string}"},"query-input":{"@type":"PropertyValueSpecification","valueRequired":true,"valueName":"search_term_string"}}],"inLanguage":"fr-FR"},{"@type":"Organization","@id":"https:\/\/janze-athletisme.fr\/wordpress\/#organization","name":"Janz\u00e9 Athl\u00e9tisme","url":"https:\/\/janze-athletisme.fr\/wordpress\/","logo":{"@type":"ImageObject","inLanguage":"fr-FR","@id":"https:\/\/janze-athletisme.fr\/wordpress\/#\/schema\/logo\/image\/","url":"https:\/\/janze-athletisme.fr\/wordpress\/wp-content\/uploads\/2015\/03\/logo-full1.jpg","contentUrl":"https:\/\/janze-athletisme.fr\/wordpress\/wp-content\/uploads\/2015\/03\/logo-full1.jpg","width":437,"height":205,"caption":"Janz\u00e9 Athl\u00e9tisme"},"image":{"@id":"https:\/\/janze-athletisme.fr\/wordpress\/#\/schema\/logo\/image\/"},"sameAs":["https:\/\/www.facebook.com\/groups\/1007964579346590"]},{"@type":"Person","@id":"https:\/\/janze-athletisme.fr\/wordpress\/#\/schema\/person\/c7b063dcfa6234c041d4d9b26cc2ea03","name":"Laurent Meunier","image":{"@type":"ImageObject","inLanguage":"fr-FR","@id":"https:\/\/secure.gravatar.com\/avatar\/dd25d581ad7c3349090f2fa6a9adb6bfa287e6a5dd8a5216a092727cd8749034?s=96&d=mm&r=g","url":"https:\/\/secure.gravatar.com\/avatar\/dd25d581ad7c3349090f2fa6a9adb6bfa287e6a5dd8a5216a092727cd8749034?s=96&d=mm&r=g","contentUrl":"https:\/\/secure.gravatar.com\/avatar\/dd25d581ad7c3349090f2fa6a9adb6bfa287e6a5dd8a5216a092727cd8749034?s=96&d=mm&r=g","caption":"Laurent Meunier"},"url":"https:\/\/janze-athletisme.fr\/wordpress\/author\/laurent-meunier35\/"}]}},"uagb_featured_image_src":{"full":["https:\/\/janze-athletisme.fr\/wordpress\/wp-content\/uploads\/2025\/12\/DSC_2260.jpg",1000,1000,false],"thumbnail":["https:\/\/janze-athletisme.fr\/wordpress\/wp-content\/uploads\/2025\/12\/DSC_2260-150x150.jpg",150,150,true],"medium":["https:\/\/janze-athletisme.fr\/wordpress\/wp-content\/uploads\/2025\/12\/DSC_2260-300x300.jpg",300,300,true],"medium_large":["https:\/\/janze-athletisme.fr\/wordpress\/wp-content\/uploads\/2025\/12\/DSC_2260-768x768.jpg",768,768,true],"large":["https:\/\/janze-athletisme.fr\/wordpress\/wp-content\/uploads\/2025\/12\/DSC_2260.jpg",1000,1000,false],"1536x1536":["https:\/\/janze-athletisme.fr\/wordpress\/wp-content\/uploads\/2025\/12\/DSC_2260.jpg",1000,1000,false],"2048x2048":["https:\/\/janze-athletisme.fr\/wordpress\/wp-content\/uploads\/2025\/12\/DSC_2260.jpg",1000,1000,false]},"uagb_author_info":{"display_name":"Laurent Meunier","author_link":"https:\/\/janze-athletisme.fr\/wordpress\/author\/laurent-meunier35\/"},"uagb_comment_info":0,"uagb_excerpt":"Cross de Janz\u00e9, samedi 13 d\u00e9cembre On aura beaucoup parl\u00e9 de ce cross de Janz\u00e9, mais ce n&rsquo;est pas n&rsquo;importe quel cross, c&rsquo;est le n\u00f4tre, organis\u00e9 par le club. Et ce n&rsquo;est pas tous les jours non plus qu&rsquo;on a 97 licenci\u00e9s \u00e0 \u00eatre class\u00e9s dans une m\u00eame comp\u00e9tition. Est-ce m\u00eame jamais arriv\u00e9 ? Sans\u2026","_links":{"self":[{"href":"https:\/\/janze-athletisme.fr\/wordpress\/wp-json\/wp\/v2\/posts\/29162","targetHints":{"allow":["GET"]}}],"collection":[{"href":"https:\/\/janze-athletisme.fr\/wordpress\/wp-json\/wp\/v2\/posts"}],"about":[{"href":"https:\/\/janze-athletisme.fr\/wordpress\/wp-json\/wp\/v2\/types\/post"}],"author":[{"embeddable":true,"href":"https:\/\/janze-athletisme.fr\/wordpress\/wp-json\/wp\/v2\/users\/12"}],"replies":[{"embeddable":true,"href":"https:\/\/janze-athletisme.fr\/wordpress\/wp-json\/wp\/v2\/comments?post=29162"}],"version-history":[{"count":10,"href":"https:\/\/janze-athletisme.fr\/wordpress\/wp-json\/wp\/v2\/posts\/29162\/revisions"}],"predecessor-version":[{"id":29216,"href":"https:\/\/janze-athletisme.fr\/wordpress\/wp-json\/wp\/v2\/posts\/29162\/revisions\/29216"}],"wp:featuredmedia":[{"embeddable":true,"href":"https:\/\/janze-athletisme.fr\/wordpress\/wp-json\/wp\/v2\/media\/29172"}],"wp:attachment":[{"href":"https:\/\/janze-athletisme.fr\/wordpress\/wp-json\/wp\/v2\/media?parent=29162"}],"wp:term":[{"taxonomy":"category","embeddable":true,"href":"https:\/\/janze-athletisme.fr\/wordpress\/wp-json\/wp\/v2\/categories?post=29162"},{"taxonomy":"post_tag","embeddable":true,"href":"https:\/\/janze-athletisme.fr\/wordpress\/wp-json\/wp\/v2\/tags?post=29162"}],"curies":[{"name":"wp","href":"https:\/\/api.w.org\/{rel}","templated":true}]}}