{"id":28855,"date":"2025-12-11T12:51:33","date_gmt":"2025-12-11T11:51:33","guid":{"rendered":"https:\/\/janze-athletisme.fr\/wordpress\/?p=28855"},"modified":"2025-12-13T18:10:31","modified_gmt":"2025-12-13T17:10:31","slug":"leo-et-raphael-sur-le-podium-junior-du-cross-academique-unss","status":"publish","type":"post","link":"https:\/\/janze-athletisme.fr\/wordpress\/leo-et-raphael-sur-le-podium-junior-du-cross-academique-unss\/","title":{"rendered":"L\u00e9o et Rapha\u00ebl sur le podium junior du cross acad\u00e9mique UNSS"},"content":{"rendered":"<p><span style=\"font-family: Verdana, sans-serif;font-size: 18pt\"><b>Championnat de Bretagne UNSS, Quimper, mercredi 11 d\u00e9cembre<\/b><\/span><\/p>\n<p><span style=\"font-family: Verdana, sans-serif\"><b>L\u00e9o<\/b> Gui<span style=\"font-family: verdana, geneva, sans-serif\">heux 2e au scratch et 2e junior, <b>Rapha\u00ebl<\/b> Bou\u00e9 6e au scratch (sur 231 class\u00e9s) et 3e junior du Bretagne de cross UNSS. Yes, \u00e7a c&rsquo;est de la perf ! Avec la 2e place de Rose Mah\u00e9 \u00e0 Nort-sur-Erdre la veille, au championnat de France UGSEL, ce sont de gros r\u00e9sultats qui nous arrivent l\u00e0. Bravo !<\/span><\/span><\/p>\n<p><span style=\"font-family: verdana, geneva, sans-serif\">On peut aussi saluer <b>Bertille <\/b>Louaisil, \u00e9galement du lyc\u00e9e Jean-Brito de Bain, 32e au scratch (sur 160 class\u00e9es) et 11e junior fille, et <b>Nina <\/b>Rocher 40e (sur 203 class\u00e9es) en MIF avec coll\u00e8ge La Roche aux F\u00e9es de Retiers. Deux tr\u00e8s beaux r\u00e9sultats \u00e9galement. Nous n&rsquo;avions que quatre repr\u00e9sentants, mais ils ont fait fort tous les quatre. Top !<\/span><\/p>\n<p><span style=\"font-family: verdana, geneva, sans-serif\">Les championnats de France se d\u00e9rouleront \u00e0 Aix-Les-Bains entre le 3 et le 5 f\u00e9vrier : nous serons en pleine saison FFA et il est peu probable que nos jeunes y seront, mais cette rampe de lancement UNSS a \u00e9t\u00e9 parfaite pour se remettre dans le bain, et au passage briller.<\/span><\/p>\n<p><em><span style=\"font-family: verdana, geneva, sans-serif\">Les r\u00e9sultats des CAM\/JUM sont <a href=\"https:\/\/drive.google.com\/drive\/folders\/1ZlLvfKKJ21TQGpphNlLyeTntLWT0S2On\">ICI<\/a>. Ceux des CAF\/JUF <a href=\"https:\/\/drive.google.com\/drive\/folders\/1ZlLvfKKJ21TQGpphNlLyeTntLWT0S2On\">ICI<\/a>, et ceux des MIF <a href=\"https:\/\/drive.google.com\/drive\/folders\/1ZlLvfKKJ21TQGpphNlLyeTntLWT0S2On\">ICI<\/a>.<\/span><\/em><\/p>\n<p><a href=\"https:\/\/janze-athletisme.fr\/wordpress\/wp-content\/uploads\/2025\/12\/Rapha-Leo-DR-DC-29nov2025.jpg\"><img loading=\"lazy\" decoding=\"async\" class=\"alignnone size-medium wp-image-28856\" src=\"https:\/\/janze-athletisme.fr\/wordpress\/wp-content\/uploads\/2025\/12\/Rapha-Leo-DR-DC-29nov2025-300x225.jpg\" alt=\"\" width=\"300\" height=\"225\" srcset=\"https:\/\/janze-athletisme.fr\/wordpress\/wp-content\/uploads\/2025\/12\/Rapha-Leo-DR-DC-29nov2025-300x225.jpg 300w, https:\/\/janze-athletisme.fr\/wordpress\/wp-content\/uploads\/2025\/12\/Rapha-Leo-DR-DC-29nov2025-1024x769.jpg 1024w, https:\/\/janze-athletisme.fr\/wordpress\/wp-content\/uploads\/2025\/12\/Rapha-Leo-DR-DC-29nov2025-768x577.jpg 768w, https:\/\/janze-athletisme.fr\/wordpress\/wp-content\/uploads\/2025\/12\/Rapha-Leo-DR-DC-29nov2025.jpg 1261w\" sizes=\"auto, (max-width: 300px) 100vw, 300px\" \/> <\/a><a href=\"https:\/\/janze-athletisme.fr\/wordpress\/wp-content\/uploads\/2025\/12\/Bertille-avec-Rapha-Leo-DR-DC-29nov2025.jpg\"><img loading=\"lazy\" decoding=\"async\" class=\"alignnone size-medium wp-image-28857\" src=\"https:\/\/janze-athletisme.fr\/wordpress\/wp-content\/uploads\/2025\/12\/Bertille-avec-Rapha-Leo-DR-DC-29nov2025-300x225.jpg\" alt=\"\" width=\"300\" height=\"225\" srcset=\"https:\/\/janze-athletisme.fr\/wordpress\/wp-content\/uploads\/2025\/12\/Bertille-avec-Rapha-Leo-DR-DC-29nov2025-300x225.jpg 300w, https:\/\/janze-athletisme.fr\/wordpress\/wp-content\/uploads\/2025\/12\/Bertille-avec-Rapha-Leo-DR-DC-29nov2025-1024x769.jpg 1024w, https:\/\/janze-athletisme.fr\/wordpress\/wp-content\/uploads\/2025\/12\/Bertille-avec-Rapha-Leo-DR-DC-29nov2025-768x577.jpg 768w, https:\/\/janze-athletisme.fr\/wordpress\/wp-content\/uploads\/2025\/12\/Bertille-avec-Rapha-Leo-DR-DC-29nov2025.jpg 1261w\" sizes=\"auto, (max-width: 300px) 100vw, 300px\" \/> <\/a><a href=\"https:\/\/janze-athletisme.fr\/wordpress\/wp-content\/uploads\/2025\/12\/Nina-Rocher-DR-DC-29nov2025.jpg\"><img loading=\"lazy\" decoding=\"async\" class=\"alignnone wp-image-28858\" src=\"https:\/\/janze-athletisme.fr\/wordpress\/wp-content\/uploads\/2025\/12\/Nina-Rocher-DR-DC-29nov2025-225x300.jpg\" alt=\"\" width=\"170\" height=\"226\" srcset=\"https:\/\/janze-athletisme.fr\/wordpress\/wp-content\/uploads\/2025\/12\/Nina-Rocher-DR-DC-29nov2025-225x300.jpg 225w, https:\/\/janze-athletisme.fr\/wordpress\/wp-content\/uploads\/2025\/12\/Nina-Rocher-DR-DC-29nov2025.jpg 711w\" sizes=\"auto, (max-width: 170px) 100vw, 170px\" \/><\/a><\/p>\n<p><em><span style=\"font-size: 10pt;font-family: verdana, geneva, sans-serif\">Merci \u00e0 Denis Caillaud pour ces magnifiques photos prises lors d&rsquo;une s\u00e9ance de pr\u00e9pa cross, \u00e0 Panc\u00e9, le 29 novembre dernier.<\/span><\/em><\/p>\n<p><a href=\"https:\/\/janze-athletisme.fr\/wordpress\/wp-content\/uploads\/2025\/12\/Leo-2e.jpg\"><img loading=\"lazy\" decoding=\"async\" class=\"alignnone size-medium wp-image-28884\" src=\"https:\/\/janze-athletisme.fr\/wordpress\/wp-content\/uploads\/2025\/12\/Leo-2e-200x300.jpg\" alt=\"\" width=\"200\" height=\"300\" srcset=\"https:\/\/janze-athletisme.fr\/wordpress\/wp-content\/uploads\/2025\/12\/Leo-2e-200x300.jpg 200w, https:\/\/janze-athletisme.fr\/wordpress\/wp-content\/uploads\/2025\/12\/Leo-2e-683x1024.jpg 683w, https:\/\/janze-athletisme.fr\/wordpress\/wp-content\/uploads\/2025\/12\/Leo-2e-768x1152.jpg 768w, https:\/\/janze-athletisme.fr\/wordpress\/wp-content\/uploads\/2025\/12\/Leo-2e.jpg 1000w\" sizes=\"auto, (max-width: 200px) 100vw, 200px\" \/><\/a><\/p>\n<p><span style=\"font-family: verdana, geneva, sans-serif\"><em><span style=\"font-size: 10pt\">La m\u00e9daille de L\u00e9o, amen\u00e9e au cross de Janz\u00e9 le 13 d\u00e9cembre.<\/span><\/em><\/span><\/p>\n","protected":false},"excerpt":{"rendered":"<p>Championnat de Bretagne UNSS, Quimper, mercredi 11 d\u00e9cembre L\u00e9o Guiheux 2e au scratch et 2e junior, Rapha\u00ebl Bou\u00e9 6e au scratch (sur 231 class\u00e9s) et 3e junior du Bretagne de cross UNSS. Yes, \u00e7a c&rsquo;est de la perf ! Avec la 2e place de Rose Mah\u00e9 \u00e0 Nort-sur-Erdre la veille, au championnat de France UGSEL, [&hellip;]<\/p>\n","protected":false},"author":12,"featured_media":28856,"comment_status":"open","ping_status":"open","sticky":false,"template":"","format":"aside","meta":{"_uag_custom_page_level_css":"","site-sidebar-layout":"default","site-content-layout":"","ast-site-content-layout":"default","site-content-style":"default","site-sidebar-style":"default","ast-global-header-display":"","ast-banner-title-visibility":"","ast-main-header-display":"","ast-hfb-above-header-display":"","ast-hfb-below-header-display":"","ast-hfb-mobile-header-display":"","site-post-title":"","ast-breadcrumbs-content":"","ast-featured-img":"","footer-sml-layout":"","ast-disable-related-posts":"","theme-transparent-header-meta":"default","adv-header-id-meta":"","stick-header-meta":"","header-above-stick-meta":"","header-main-stick-meta":"","header-below-stick-meta":"","astra-migrate-meta-layouts":"set","ast-page-background-enabled":"default","ast-page-background-meta":{"desktop":{"background-color":"var(--ast-global-color-4)","background-image":"","background-repeat":"repeat","background-position":"center center","background-size":"auto","background-attachment":"scroll","background-type":"","background-media":"","overlay-type":"","overlay-color":"","overlay-opacity":"","overlay-gradient":""},"tablet":{"background-color":"","background-image":"","background-repeat":"repeat","background-position":"center center","background-size":"auto","background-attachment":"scroll","background-type":"","background-media":"","overlay-type":"","overlay-color":"","overlay-opacity":"","overlay-gradient":""},"mobile":{"background-color":"","background-image":"","background-repeat":"repeat","background-position":"center center","background-size":"auto","background-attachment":"scroll","background-type":"","background-media":"","overlay-type":"","overlay-color":"","overlay-opacity":"","overlay-gradient":""}},"ast-content-background-meta":{"desktop":{"background-color":"var(--ast-global-color-5)","background-image":"","background-repeat":"repeat","background-position":"center center","background-size":"auto","background-attachment":"scroll","background-type":"","background-media":"","overlay-type":"","overlay-color":"","overlay-opacity":"","overlay-gradient":""},"tablet":{"background-color":"var(--ast-global-color-5)","background-image":"","background-repeat":"repeat","background-position":"center center","background-size":"auto","background-attachment":"scroll","background-type":"","background-media":"","overlay-type":"","overlay-color":"","overlay-opacity":"","overlay-gradient":""},"mobile":{"background-color":"var(--ast-global-color-5)","background-image":"","background-repeat":"repeat","background-position":"center center","background-size":"auto","background-attachment":"scroll","background-type":"","background-media":"","overlay-type":"","overlay-color":"","overlay-opacity":"","overlay-gradient":""}},"footnotes":""},"categories":[6],"tags":[],"class_list":["post-28855","post","type-post","status-publish","format-aside","has-post-thumbnail","hentry","category-sections","post_format-post-format-aside"],"yoast_head":"<!-- This site is optimized with the Yoast SEO plugin v27.4 - https:\/\/yoast.com\/product\/yoast-seo-wordpress\/ -->\n<title>L\u00e9o et Rapha\u00ebl sur le podium junior du cross acad\u00e9mique UNSS - Janz\u00e9 Athl\u00e9tisme<\/title>\n<meta name=\"robots\" content=\"index, follow, max-snippet:-1, max-image-preview:large, max-video-preview:-1\" \/>\n<link rel=\"canonical\" href=\"https:\/\/janze-athletisme.fr\/wordpress\/leo-et-raphael-sur-le-podium-junior-du-cross-academique-unss\/\" \/>\n<meta property=\"og:locale\" content=\"fr_FR\" \/>\n<meta property=\"og:type\" content=\"article\" \/>\n<meta property=\"og:title\" content=\"L\u00e9o et Rapha\u00ebl sur le podium junior du cross acad\u00e9mique UNSS - Janz\u00e9 Athl\u00e9tisme\" \/>\n<meta property=\"og:description\" content=\"Championnat de Bretagne UNSS, Quimper, mercredi 11 d\u00e9cembre L\u00e9o Guiheux 2e au scratch et 2e junior, Rapha\u00ebl Bou\u00e9 6e au scratch (sur 231 class\u00e9s) et 3e junior du Bretagne de cross UNSS. Yes, \u00e7a c&rsquo;est de la perf ! Avec la 2e place de Rose Mah\u00e9 \u00e0 Nort-sur-Erdre la veille, au championnat de France UGSEL, [&hellip;]\" \/>\n<meta property=\"og:url\" content=\"https:\/\/janze-athletisme.fr\/wordpress\/leo-et-raphael-sur-le-podium-junior-du-cross-academique-unss\/\" \/>\n<meta property=\"og:site_name\" content=\"Janz\u00e9 Athl\u00e9tisme\" \/>\n<meta property=\"article:publisher\" content=\"https:\/\/www.facebook.com\/groups\/1007964579346590\" \/>\n<meta property=\"article:published_time\" content=\"2025-12-11T11:51:33+00:00\" \/>\n<meta property=\"article:modified_time\" content=\"2025-12-13T17:10:31+00:00\" \/>\n<meta property=\"og:image\" content=\"https:\/\/janze-athletisme.fr\/wordpress\/wp-content\/uploads\/2025\/12\/Rapha-Leo-DR-DC-29nov2025.jpg\" \/>\n\t<meta property=\"og:image:width\" content=\"1261\" \/>\n\t<meta property=\"og:image:height\" content=\"947\" \/>\n\t<meta property=\"og:image:type\" content=\"image\/jpeg\" \/>\n<meta name=\"author\" content=\"Laurent Meunier\" \/>\n<meta name=\"twitter:card\" content=\"summary_large_image\" \/>\n<meta name=\"twitter:label1\" content=\"\u00c9crit par\" \/>\n\t<meta name=\"twitter:data1\" content=\"Laurent Meunier\" \/>\n\t<meta name=\"twitter:label2\" content=\"Dur\u00e9e de lecture estim\u00e9e\" \/>\n\t<meta name=\"twitter:data2\" content=\"3 minutes\" \/>\n<script type=\"application\/ld+json\" class=\"yoast-schema-graph\">{\"@context\":\"https:\\\/\\\/schema.org\",\"@graph\":[{\"@type\":\"Article\",\"@id\":\"https:\\\/\\\/janze-athletisme.fr\\\/wordpress\\\/leo-et-raphael-sur-le-podium-junior-du-cross-academique-unss\\\/#article\",\"isPartOf\":{\"@id\":\"https:\\\/\\\/janze-athletisme.fr\\\/wordpress\\\/leo-et-raphael-sur-le-podium-junior-du-cross-academique-unss\\\/\"},\"author\":{\"name\":\"Laurent Meunier\",\"@id\":\"https:\\\/\\\/janze-athletisme.fr\\\/wordpress\\\/#\\\/schema\\\/person\\\/c7b063dcfa6234c041d4d9b26cc2ea03\"},\"headline\":\"L\u00e9o et Rapha\u00ebl sur le podium junior du cross acad\u00e9mique UNSS\",\"datePublished\":\"2025-12-11T11:51:33+00:00\",\"dateModified\":\"2025-12-13T17:10:31+00:00\",\"mainEntityOfPage\":{\"@id\":\"https:\\\/\\\/janze-athletisme.fr\\\/wordpress\\\/leo-et-raphael-sur-le-podium-junior-du-cross-academique-unss\\\/\"},\"wordCount\":249,\"commentCount\":1,\"publisher\":{\"@id\":\"https:\\\/\\\/janze-athletisme.fr\\\/wordpress\\\/#organization\"},\"image\":{\"@id\":\"https:\\\/\\\/janze-athletisme.fr\\\/wordpress\\\/leo-et-raphael-sur-le-podium-junior-du-cross-academique-unss\\\/#primaryimage\"},\"thumbnailUrl\":\"https:\\\/\\\/janze-athletisme.fr\\\/wordpress\\\/wp-content\\\/uploads\\\/2025\\\/12\\\/Rapha-Leo-DR-DC-29nov2025.jpg\",\"articleSection\":[\"Le club au jour le jour\"],\"inLanguage\":\"fr-FR\",\"potentialAction\":[{\"@type\":\"CommentAction\",\"name\":\"Comment\",\"target\":[\"https:\\\/\\\/janze-athletisme.fr\\\/wordpress\\\/leo-et-raphael-sur-le-podium-junior-du-cross-academique-unss\\\/#respond\"]}]},{\"@type\":\"WebPage\",\"@id\":\"https:\\\/\\\/janze-athletisme.fr\\\/wordpress\\\/leo-et-raphael-sur-le-podium-junior-du-cross-academique-unss\\\/\",\"url\":\"https:\\\/\\\/janze-athletisme.fr\\\/wordpress\\\/leo-et-raphael-sur-le-podium-junior-du-cross-academique-unss\\\/\",\"name\":\"L\u00e9o et Rapha\u00ebl sur le podium junior du cross acad\u00e9mique UNSS - Janz\u00e9 Athl\u00e9tisme\",\"isPartOf\":{\"@id\":\"https:\\\/\\\/janze-athletisme.fr\\\/wordpress\\\/#website\"},\"primaryImageOfPage\":{\"@id\":\"https:\\\/\\\/janze-athletisme.fr\\\/wordpress\\\/leo-et-raphael-sur-le-podium-junior-du-cross-academique-unss\\\/#primaryimage\"},\"image\":{\"@id\":\"https:\\\/\\\/janze-athletisme.fr\\\/wordpress\\\/leo-et-raphael-sur-le-podium-junior-du-cross-academique-unss\\\/#primaryimage\"},\"thumbnailUrl\":\"https:\\\/\\\/janze-athletisme.fr\\\/wordpress\\\/wp-content\\\/uploads\\\/2025\\\/12\\\/Rapha-Leo-DR-DC-29nov2025.jpg\",\"datePublished\":\"2025-12-11T11:51:33+00:00\",\"dateModified\":\"2025-12-13T17:10:31+00:00\",\"breadcrumb\":{\"@id\":\"https:\\\/\\\/janze-athletisme.fr\\\/wordpress\\\/leo-et-raphael-sur-le-podium-junior-du-cross-academique-unss\\\/#breadcrumb\"},\"inLanguage\":\"fr-FR\",\"potentialAction\":[{\"@type\":\"ReadAction\",\"target\":[\"https:\\\/\\\/janze-athletisme.fr\\\/wordpress\\\/leo-et-raphael-sur-le-podium-junior-du-cross-academique-unss\\\/\"]}]},{\"@type\":\"ImageObject\",\"inLanguage\":\"fr-FR\",\"@id\":\"https:\\\/\\\/janze-athletisme.fr\\\/wordpress\\\/leo-et-raphael-sur-le-podium-junior-du-cross-academique-unss\\\/#primaryimage\",\"url\":\"https:\\\/\\\/janze-athletisme.fr\\\/wordpress\\\/wp-content\\\/uploads\\\/2025\\\/12\\\/Rapha-Leo-DR-DC-29nov2025.jpg\",\"contentUrl\":\"https:\\\/\\\/janze-athletisme.fr\\\/wordpress\\\/wp-content\\\/uploads\\\/2025\\\/12\\\/Rapha-Leo-DR-DC-29nov2025.jpg\",\"width\":1261,\"height\":947},{\"@type\":\"BreadcrumbList\",\"@id\":\"https:\\\/\\\/janze-athletisme.fr\\\/wordpress\\\/leo-et-raphael-sur-le-podium-junior-du-cross-academique-unss\\\/#breadcrumb\",\"itemListElement\":[{\"@type\":\"ListItem\",\"position\":1,\"name\":\"Accueil\",\"item\":\"https:\\\/\\\/janze-athletisme.fr\\\/wordpress\\\/\"},{\"@type\":\"ListItem\",\"position\":2,\"name\":\"L\u00e9o et Rapha\u00ebl sur le podium junior du cross acad\u00e9mique UNSS\"}]},{\"@type\":\"WebSite\",\"@id\":\"https:\\\/\\\/janze-athletisme.fr\\\/wordpress\\\/#website\",\"url\":\"https:\\\/\\\/janze-athletisme.fr\\\/wordpress\\\/\",\"name\":\"Janz\u00e9 Athl\u00e9tisme\",\"description\":\"Pays de La Roche aux F\u00e9es\",\"publisher\":{\"@id\":\"https:\\\/\\\/janze-athletisme.fr\\\/wordpress\\\/#organization\"},\"potentialAction\":[{\"@type\":\"SearchAction\",\"target\":{\"@type\":\"EntryPoint\",\"urlTemplate\":\"https:\\\/\\\/janze-athletisme.fr\\\/wordpress\\\/?s={search_term_string}\"},\"query-input\":{\"@type\":\"PropertyValueSpecification\",\"valueRequired\":true,\"valueName\":\"search_term_string\"}}],\"inLanguage\":\"fr-FR\"},{\"@type\":\"Organization\",\"@id\":\"https:\\\/\\\/janze-athletisme.fr\\\/wordpress\\\/#organization\",\"name\":\"Janz\u00e9 Athl\u00e9tisme\",\"url\":\"https:\\\/\\\/janze-athletisme.fr\\\/wordpress\\\/\",\"logo\":{\"@type\":\"ImageObject\",\"inLanguage\":\"fr-FR\",\"@id\":\"https:\\\/\\\/janze-athletisme.fr\\\/wordpress\\\/#\\\/schema\\\/logo\\\/image\\\/\",\"url\":\"https:\\\/\\\/janze-athletisme.fr\\\/wordpress\\\/wp-content\\\/uploads\\\/2015\\\/03\\\/logo-full1.jpg\",\"contentUrl\":\"https:\\\/\\\/janze-athletisme.fr\\\/wordpress\\\/wp-content\\\/uploads\\\/2015\\\/03\\\/logo-full1.jpg\",\"width\":437,\"height\":205,\"caption\":\"Janz\u00e9 Athl\u00e9tisme\"},\"image\":{\"@id\":\"https:\\\/\\\/janze-athletisme.fr\\\/wordpress\\\/#\\\/schema\\\/logo\\\/image\\\/\"},\"sameAs\":[\"https:\\\/\\\/www.facebook.com\\\/groups\\\/1007964579346590\"]},{\"@type\":\"Person\",\"@id\":\"https:\\\/\\\/janze-athletisme.fr\\\/wordpress\\\/#\\\/schema\\\/person\\\/c7b063dcfa6234c041d4d9b26cc2ea03\",\"name\":\"Laurent Meunier\",\"image\":{\"@type\":\"ImageObject\",\"inLanguage\":\"fr-FR\",\"@id\":\"https:\\\/\\\/secure.gravatar.com\\\/avatar\\\/dd25d581ad7c3349090f2fa6a9adb6bfa287e6a5dd8a5216a092727cd8749034?s=96&d=mm&r=g\",\"url\":\"https:\\\/\\\/secure.gravatar.com\\\/avatar\\\/dd25d581ad7c3349090f2fa6a9adb6bfa287e6a5dd8a5216a092727cd8749034?s=96&d=mm&r=g\",\"contentUrl\":\"https:\\\/\\\/secure.gravatar.com\\\/avatar\\\/dd25d581ad7c3349090f2fa6a9adb6bfa287e6a5dd8a5216a092727cd8749034?s=96&d=mm&r=g\",\"caption\":\"Laurent Meunier\"},\"url\":\"https:\\\/\\\/janze-athletisme.fr\\\/wordpress\\\/author\\\/laurent-meunier35\\\/\"}]}<\/script>\n<!-- \/ Yoast SEO plugin. -->","yoast_head_json":{"title":"L\u00e9o et Rapha\u00ebl sur le podium junior du cross acad\u00e9mique UNSS - Janz\u00e9 Athl\u00e9tisme","robots":{"index":"index","follow":"follow","max-snippet":"max-snippet:-1","max-image-preview":"max-image-preview:large","max-video-preview":"max-video-preview:-1"},"canonical":"https:\/\/janze-athletisme.fr\/wordpress\/leo-et-raphael-sur-le-podium-junior-du-cross-academique-unss\/","og_locale":"fr_FR","og_type":"article","og_title":"L\u00e9o et Rapha\u00ebl sur le podium junior du cross acad\u00e9mique UNSS - Janz\u00e9 Athl\u00e9tisme","og_description":"Championnat de Bretagne UNSS, Quimper, mercredi 11 d\u00e9cembre L\u00e9o Guiheux 2e au scratch et 2e junior, Rapha\u00ebl Bou\u00e9 6e au scratch (sur 231 class\u00e9s) et 3e junior du Bretagne de cross UNSS. Yes, \u00e7a c&rsquo;est de la perf ! Avec la 2e place de Rose Mah\u00e9 \u00e0 Nort-sur-Erdre la veille, au championnat de France UGSEL, [&hellip;]","og_url":"https:\/\/janze-athletisme.fr\/wordpress\/leo-et-raphael-sur-le-podium-junior-du-cross-academique-unss\/","og_site_name":"Janz\u00e9 Athl\u00e9tisme","article_publisher":"https:\/\/www.facebook.com\/groups\/1007964579346590","article_published_time":"2025-12-11T11:51:33+00:00","article_modified_time":"2025-12-13T17:10:31+00:00","og_image":[{"width":1261,"height":947,"url":"https:\/\/janze-athletisme.fr\/wordpress\/wp-content\/uploads\/2025\/12\/Rapha-Leo-DR-DC-29nov2025.jpg","type":"image\/jpeg"}],"author":"Laurent Meunier","twitter_card":"summary_large_image","twitter_misc":{"\u00c9crit par":"Laurent Meunier","Dur\u00e9e de lecture estim\u00e9e":"3 minutes"},"schema":{"@context":"https:\/\/schema.org","@graph":[{"@type":"Article","@id":"https:\/\/janze-athletisme.fr\/wordpress\/leo-et-raphael-sur-le-podium-junior-du-cross-academique-unss\/#article","isPartOf":{"@id":"https:\/\/janze-athletisme.fr\/wordpress\/leo-et-raphael-sur-le-podium-junior-du-cross-academique-unss\/"},"author":{"name":"Laurent Meunier","@id":"https:\/\/janze-athletisme.fr\/wordpress\/#\/schema\/person\/c7b063dcfa6234c041d4d9b26cc2ea03"},"headline":"L\u00e9o et Rapha\u00ebl sur le podium junior du cross acad\u00e9mique UNSS","datePublished":"2025-12-11T11:51:33+00:00","dateModified":"2025-12-13T17:10:31+00:00","mainEntityOfPage":{"@id":"https:\/\/janze-athletisme.fr\/wordpress\/leo-et-raphael-sur-le-podium-junior-du-cross-academique-unss\/"},"wordCount":249,"commentCount":1,"publisher":{"@id":"https:\/\/janze-athletisme.fr\/wordpress\/#organization"},"image":{"@id":"https:\/\/janze-athletisme.fr\/wordpress\/leo-et-raphael-sur-le-podium-junior-du-cross-academique-unss\/#primaryimage"},"thumbnailUrl":"https:\/\/janze-athletisme.fr\/wordpress\/wp-content\/uploads\/2025\/12\/Rapha-Leo-DR-DC-29nov2025.jpg","articleSection":["Le club au jour le jour"],"inLanguage":"fr-FR","potentialAction":[{"@type":"CommentAction","name":"Comment","target":["https:\/\/janze-athletisme.fr\/wordpress\/leo-et-raphael-sur-le-podium-junior-du-cross-academique-unss\/#respond"]}]},{"@type":"WebPage","@id":"https:\/\/janze-athletisme.fr\/wordpress\/leo-et-raphael-sur-le-podium-junior-du-cross-academique-unss\/","url":"https:\/\/janze-athletisme.fr\/wordpress\/leo-et-raphael-sur-le-podium-junior-du-cross-academique-unss\/","name":"L\u00e9o et Rapha\u00ebl sur le podium junior du cross acad\u00e9mique UNSS - Janz\u00e9 Athl\u00e9tisme","isPartOf":{"@id":"https:\/\/janze-athletisme.fr\/wordpress\/#website"},"primaryImageOfPage":{"@id":"https:\/\/janze-athletisme.fr\/wordpress\/leo-et-raphael-sur-le-podium-junior-du-cross-academique-unss\/#primaryimage"},"image":{"@id":"https:\/\/janze-athletisme.fr\/wordpress\/leo-et-raphael-sur-le-podium-junior-du-cross-academique-unss\/#primaryimage"},"thumbnailUrl":"https:\/\/janze-athletisme.fr\/wordpress\/wp-content\/uploads\/2025\/12\/Rapha-Leo-DR-DC-29nov2025.jpg","datePublished":"2025-12-11T11:51:33+00:00","dateModified":"2025-12-13T17:10:31+00:00","breadcrumb":{"@id":"https:\/\/janze-athletisme.fr\/wordpress\/leo-et-raphael-sur-le-podium-junior-du-cross-academique-unss\/#breadcrumb"},"inLanguage":"fr-FR","potentialAction":[{"@type":"ReadAction","target":["https:\/\/janze-athletisme.fr\/wordpress\/leo-et-raphael-sur-le-podium-junior-du-cross-academique-unss\/"]}]},{"@type":"ImageObject","inLanguage":"fr-FR","@id":"https:\/\/janze-athletisme.fr\/wordpress\/leo-et-raphael-sur-le-podium-junior-du-cross-academique-unss\/#primaryimage","url":"https:\/\/janze-athletisme.fr\/wordpress\/wp-content\/uploads\/2025\/12\/Rapha-Leo-DR-DC-29nov2025.jpg","contentUrl":"https:\/\/janze-athletisme.fr\/wordpress\/wp-content\/uploads\/2025\/12\/Rapha-Leo-DR-DC-29nov2025.jpg","width":1261,"height":947},{"@type":"BreadcrumbList","@id":"https:\/\/janze-athletisme.fr\/wordpress\/leo-et-raphael-sur-le-podium-junior-du-cross-academique-unss\/#breadcrumb","itemListElement":[{"@type":"ListItem","position":1,"name":"Accueil","item":"https:\/\/janze-athletisme.fr\/wordpress\/"},{"@type":"ListItem","position":2,"name":"L\u00e9o et Rapha\u00ebl sur le podium junior du cross acad\u00e9mique UNSS"}]},{"@type":"WebSite","@id":"https:\/\/janze-athletisme.fr\/wordpress\/#website","url":"https:\/\/janze-athletisme.fr\/wordpress\/","name":"Janz\u00e9 Athl\u00e9tisme","description":"Pays de La Roche aux F\u00e9es","publisher":{"@id":"https:\/\/janze-athletisme.fr\/wordpress\/#organization"},"potentialAction":[{"@type":"SearchAction","target":{"@type":"EntryPoint","urlTemplate":"https:\/\/janze-athletisme.fr\/wordpress\/?s={search_term_string}"},"query-input":{"@type":"PropertyValueSpecification","valueRequired":true,"valueName":"search_term_string"}}],"inLanguage":"fr-FR"},{"@type":"Organization","@id":"https:\/\/janze-athletisme.fr\/wordpress\/#organization","name":"Janz\u00e9 Athl\u00e9tisme","url":"https:\/\/janze-athletisme.fr\/wordpress\/","logo":{"@type":"ImageObject","inLanguage":"fr-FR","@id":"https:\/\/janze-athletisme.fr\/wordpress\/#\/schema\/logo\/image\/","url":"https:\/\/janze-athletisme.fr\/wordpress\/wp-content\/uploads\/2015\/03\/logo-full1.jpg","contentUrl":"https:\/\/janze-athletisme.fr\/wordpress\/wp-content\/uploads\/2015\/03\/logo-full1.jpg","width":437,"height":205,"caption":"Janz\u00e9 Athl\u00e9tisme"},"image":{"@id":"https:\/\/janze-athletisme.fr\/wordpress\/#\/schema\/logo\/image\/"},"sameAs":["https:\/\/www.facebook.com\/groups\/1007964579346590"]},{"@type":"Person","@id":"https:\/\/janze-athletisme.fr\/wordpress\/#\/schema\/person\/c7b063dcfa6234c041d4d9b26cc2ea03","name":"Laurent Meunier","image":{"@type":"ImageObject","inLanguage":"fr-FR","@id":"https:\/\/secure.gravatar.com\/avatar\/dd25d581ad7c3349090f2fa6a9adb6bfa287e6a5dd8a5216a092727cd8749034?s=96&d=mm&r=g","url":"https:\/\/secure.gravatar.com\/avatar\/dd25d581ad7c3349090f2fa6a9adb6bfa287e6a5dd8a5216a092727cd8749034?s=96&d=mm&r=g","contentUrl":"https:\/\/secure.gravatar.com\/avatar\/dd25d581ad7c3349090f2fa6a9adb6bfa287e6a5dd8a5216a092727cd8749034?s=96&d=mm&r=g","caption":"Laurent Meunier"},"url":"https:\/\/janze-athletisme.fr\/wordpress\/author\/laurent-meunier35\/"}]}},"uagb_featured_image_src":{"full":["https:\/\/janze-athletisme.fr\/wordpress\/wp-content\/uploads\/2025\/12\/Rapha-Leo-DR-DC-29nov2025.jpg",1261,947,false],"thumbnail":["https:\/\/janze-athletisme.fr\/wordpress\/wp-content\/uploads\/2025\/12\/Rapha-Leo-DR-DC-29nov2025-150x150.jpg",150,150,true],"medium":["https:\/\/janze-athletisme.fr\/wordpress\/wp-content\/uploads\/2025\/12\/Rapha-Leo-DR-DC-29nov2025-300x225.jpg",300,225,true],"medium_large":["https:\/\/janze-athletisme.fr\/wordpress\/wp-content\/uploads\/2025\/12\/Rapha-Leo-DR-DC-29nov2025-768x577.jpg",768,577,true],"large":["https:\/\/janze-athletisme.fr\/wordpress\/wp-content\/uploads\/2025\/12\/Rapha-Leo-DR-DC-29nov2025-1024x769.jpg",1024,769,true],"1536x1536":["https:\/\/janze-athletisme.fr\/wordpress\/wp-content\/uploads\/2025\/12\/Rapha-Leo-DR-DC-29nov2025.jpg",1261,947,false],"2048x2048":["https:\/\/janze-athletisme.fr\/wordpress\/wp-content\/uploads\/2025\/12\/Rapha-Leo-DR-DC-29nov2025.jpg",1261,947,false]},"uagb_author_info":{"display_name":"Laurent Meunier","author_link":"https:\/\/janze-athletisme.fr\/wordpress\/author\/laurent-meunier35\/"},"uagb_comment_info":1,"uagb_excerpt":"Championnat de Bretagne UNSS, Quimper, mercredi 11 d\u00e9cembre L\u00e9o Guiheux 2e au scratch et 2e junior, Rapha\u00ebl Bou\u00e9 6e au scratch (sur 231 class\u00e9s) et 3e junior du Bretagne de cross UNSS. Yes, \u00e7a c&rsquo;est de la perf ! Avec la 2e place de Rose Mah\u00e9 \u00e0 Nort-sur-Erdre la veille, au championnat de France UGSEL,\u2026","_links":{"self":[{"href":"https:\/\/janze-athletisme.fr\/wordpress\/wp-json\/wp\/v2\/posts\/28855","targetHints":{"allow":["GET"]}}],"collection":[{"href":"https:\/\/janze-athletisme.fr\/wordpress\/wp-json\/wp\/v2\/posts"}],"about":[{"href":"https:\/\/janze-athletisme.fr\/wordpress\/wp-json\/wp\/v2\/types\/post"}],"author":[{"embeddable":true,"href":"https:\/\/janze-athletisme.fr\/wordpress\/wp-json\/wp\/v2\/users\/12"}],"replies":[{"embeddable":true,"href":"https:\/\/janze-athletisme.fr\/wordpress\/wp-json\/wp\/v2\/comments?post=28855"}],"version-history":[{"count":3,"href":"https:\/\/janze-athletisme.fr\/wordpress\/wp-json\/wp\/v2\/posts\/28855\/revisions"}],"predecessor-version":[{"id":28885,"href":"https:\/\/janze-athletisme.fr\/wordpress\/wp-json\/wp\/v2\/posts\/28855\/revisions\/28885"}],"wp:featuredmedia":[{"embeddable":true,"href":"https:\/\/janze-athletisme.fr\/wordpress\/wp-json\/wp\/v2\/media\/28856"}],"wp:attachment":[{"href":"https:\/\/janze-athletisme.fr\/wordpress\/wp-json\/wp\/v2\/media?parent=28855"}],"wp:term":[{"taxonomy":"category","embeddable":true,"href":"https:\/\/janze-athletisme.fr\/wordpress\/wp-json\/wp\/v2\/categories?post=28855"},{"taxonomy":"post_tag","embeddable":true,"href":"https:\/\/janze-athletisme.fr\/wordpress\/wp-json\/wp\/v2\/tags?post=28855"}],"curies":[{"name":"wp","href":"https:\/\/api.w.org\/{rel}","templated":true}]}}