{"id":26968,"date":"2025-08-20T11:17:55","date_gmt":"2025-08-20T09:17:55","guid":{"rendered":"https:\/\/janze-athletisme.fr\/wordpress\/?p=26968"},"modified":"2025-08-20T11:25:48","modified_gmt":"2025-08-20T09:25:48","slug":"marie-duvigneau-6e-francaise-sur-400m-haies","status":"publish","type":"post","link":"https:\/\/janze-athletisme.fr\/wordpress\/marie-duvigneau-6e-francaise-sur-400m-haies\/","title":{"rendered":"Marie Duvigneau 6e fran\u00e7aise sur 400m haies !"},"content":{"rendered":"<p><span style=\"font-size: 18pt\"><b><span style=\"font-family: Verdana, sans-serif\">Championnat de France Elites, Talence, 1er au 3 ao\u00fbt<\/span><\/b><\/span><\/p>\n<p><span style=\"font-size: 12pt\"><span style=\"font-family: Verdana, sans-serif\">Nous avions laiss\u00e9 <\/span><span style=\"font-family: Verdana, sans-serif\"><b>Enzo<\/b><\/span><span style=\"font-family: Verdana, sans-serif\"> Paccini, <\/span><span style=\"font-family: Verdana, sans-serif\"><b>Jules<\/b><\/span><span style=\"font-family: Verdana, sans-serif\"> Le Dorven et Lucie Duvigneau (Cesson) le WE des 17\/19 juillet \u00e0 Saint-\u00c9tienne, pour les championnats de France des jeunes (U18, U20, U23). On vous a dit leur r\u00e9sultat au poids, javelot et sur 400m (<a href=\"https:\/\/janze-athletisme.fr\/wordpress\/entre-deception-et-satisfaction-detre-la-pour-enzo-et-jules\/\">ICI<\/a>). Il restait encore \u00e0 disputer les championnats de France \u00c9lites le WE des 1\/3 ao\u00fbt \u00e0 Talence, avec Marie Duvigneau, cette fois, pour repr\u00e9senter l&rsquo;EAC (sa partie Cesson), qualifi\u00e9e sur 400m et 400m haies.<\/span><\/span><\/p>\n<p><span style=\"font-family: Verdana, sans-serif;font-size: 12pt\">Sa derni\u00e8re r\u00e9p\u00e9tition, le WE pr\u00e9c\u00e9dent, \u00e0 Thonon-les-Bains, avait \u00e9t\u00e9 une bonne rampe de lancement (55&Prime;30 en s\u00e9ries, 54&Prime;48 en finale sur le 400m et 59&Prime;96 en s\u00e9ries du 400m haies), et on imaginait que Marie allait battre ses records \u00e0 Talence (53&Prime;44 le 13\/07\/2024 \u00e0 &#8230; Talence, et 58&Prime;59 \u00e0 Pac\u00e9 le 29 mai 2025), m\u00eame si sa disqualification en finale du 400m haies \u00e0 Thonon introduisait un petit doute, jamais bon \u00e0 ce niveau.<\/span><\/p>\n<p><span style=\"font-family: Verdana, sans-serif;font-size: 14pt\"><b>7 courses en 9 jours !<\/b><\/span><\/p>\n<p><span style=\"font-family: Verdana, sans-serif;font-size: 12pt\">Et, de fait, \u00e0 Talence, le vendredi 1er ao\u00fbt, avec 54&Prime;91, elle reste \u00e0 distance de son record sur le 400m (7e de sa s\u00e9rie et non qualifi\u00e9e pour la finale). Dommage, parce qu&rsquo;avec son chrono de 2024, elle aurait flirt\u00e9 avec le podium national&#8230; Elle se r\u00e9tablit le samedi, avec un beau 58&Prime;81 en s\u00e9ries du 400m haies (4e de sa s\u00e9rie et qualifi\u00e9e). H\u00e9las, en finale, tous les efforts consentis, avec sept courses en neuf jours, ont \u00e9t\u00e9 pay\u00e9s cash, et Marie termine 6e en 60&Prime;51.<\/span><\/p>\n<p><span style=\"font-family: Verdana, sans-serif;font-size: 12pt\">Bon, soyons honn\u00eate : une 6e place nationale aux championnats de France \u00c9lites, \u00e7a reste un r\u00e9sultat de tr\u00e8s haut niveau, et cette exp\u00e9rience sur 400m haies, entam\u00e9e cette ann\u00e9e, est tr\u00e8s prometteuse. Il est tr\u00e8s probable qu&rsquo;on retrouvera Marie en finale de cette discipline dans les ann\u00e9es \u00e0 venir. Elle a un potentiel \u00e9norme et a acquis cette ann\u00e9e plein d&rsquo;exp\u00e9rience.<\/span><\/p>\n<p><span style=\"font-family: Verdana, sans-serif;font-size: 12pt\">Son aventure, en plein c\u0153ur de l&rsquo;\u00e9t\u00e9, \u00e9tant pass\u00e9e un peu inaper\u00e7ue, il \u00e9tait justice de mettre en lumi\u00e8re notre championne, m\u00eame avec retard.<\/span><\/p>\n<p><span style=\"font-family: Verdana, sans-serif;font-size: 12pt\">Bravo Marie ! Tout le club est (tr\u00e8s) fier de toi.<\/span><\/p>\n<p><a href=\"https:\/\/janze-athletisme.fr\/wordpress\/wp-content\/uploads\/2025\/08\/Marie-ambianceuse-28avril2024-2.jpg\"><img loading=\"lazy\" decoding=\"async\" class=\"alignnone wp-image-26969\" src=\"https:\/\/janze-athletisme.fr\/wordpress\/wp-content\/uploads\/2025\/08\/Marie-ambianceuse-28avril2024-2-300x200.jpg\" alt=\"\" width=\"299\" height=\"199\" srcset=\"https:\/\/janze-athletisme.fr\/wordpress\/wp-content\/uploads\/2025\/08\/Marie-ambianceuse-28avril2024-2-300x200.jpg 300w, https:\/\/janze-athletisme.fr\/wordpress\/wp-content\/uploads\/2025\/08\/Marie-ambianceuse-28avril2024-2-1024x683.jpg 1024w, https:\/\/janze-athletisme.fr\/wordpress\/wp-content\/uploads\/2025\/08\/Marie-ambianceuse-28avril2024-2-768x512.jpg 768w, https:\/\/janze-athletisme.fr\/wordpress\/wp-content\/uploads\/2025\/08\/Marie-ambianceuse-28avril2024-2.jpg 1500w\" sizes=\"auto, (max-width: 299px) 100vw, 299px\" \/> <\/a><a href=\"https:\/\/janze-athletisme.fr\/wordpress\/wp-content\/uploads\/2025\/08\/Marie-D-6janv2024-2.jpg\"><img loading=\"lazy\" decoding=\"async\" class=\"alignnone wp-image-26970\" src=\"https:\/\/janze-athletisme.fr\/wordpress\/wp-content\/uploads\/2025\/08\/Marie-D-6janv2024-2-300x300.jpg\" alt=\"\" width=\"199\" height=\"199\" srcset=\"https:\/\/janze-athletisme.fr\/wordpress\/wp-content\/uploads\/2025\/08\/Marie-D-6janv2024-2-300x300.jpg 300w, https:\/\/janze-athletisme.fr\/wordpress\/wp-content\/uploads\/2025\/08\/Marie-D-6janv2024-2-1024x1024.jpg 1024w, https:\/\/janze-athletisme.fr\/wordpress\/wp-content\/uploads\/2025\/08\/Marie-D-6janv2024-2-150x150.jpg 150w, https:\/\/janze-athletisme.fr\/wordpress\/wp-content\/uploads\/2025\/08\/Marie-D-6janv2024-2-768x768.jpg 768w, https:\/\/janze-athletisme.fr\/wordpress\/wp-content\/uploads\/2025\/08\/Marie-D-6janv2024-2.jpg 1200w\" sizes=\"auto, (max-width: 199px) 100vw, 199px\" \/> <\/a><a href=\"https:\/\/janze-athletisme.fr\/wordpress\/wp-content\/uploads\/2025\/08\/Marie-Medley-court-finale-19oct2024-11.jpg\"><img loading=\"lazy\" decoding=\"async\" class=\"alignnone wp-image-26971\" src=\"https:\/\/janze-athletisme.fr\/wordpress\/wp-content\/uploads\/2025\/08\/Marie-Medley-court-finale-19oct2024-11-300x300.jpg\" alt=\"\" width=\"200\" height=\"200\" srcset=\"https:\/\/janze-athletisme.fr\/wordpress\/wp-content\/uploads\/2025\/08\/Marie-Medley-court-finale-19oct2024-11-300x300.jpg 300w, https:\/\/janze-athletisme.fr\/wordpress\/wp-content\/uploads\/2025\/08\/Marie-Medley-court-finale-19oct2024-11-1024x1024.jpg 1024w, https:\/\/janze-athletisme.fr\/wordpress\/wp-content\/uploads\/2025\/08\/Marie-Medley-court-finale-19oct2024-11-150x150.jpg 150w, https:\/\/janze-athletisme.fr\/wordpress\/wp-content\/uploads\/2025\/08\/Marie-Medley-court-finale-19oct2024-11-768x768.jpg 768w, https:\/\/janze-athletisme.fr\/wordpress\/wp-content\/uploads\/2025\/08\/Marie-Medley-court-finale-19oct2024-11.jpg 1200w\" sizes=\"auto, (max-width: 200px) 100vw, 200px\" \/> <\/a><a href=\"https:\/\/janze-athletisme.fr\/wordpress\/wp-content\/uploads\/2025\/08\/Marie-D-6janv2024-1.jpg\"><img loading=\"lazy\" decoding=\"async\" class=\"alignnone wp-image-26972\" src=\"https:\/\/janze-athletisme.fr\/wordpress\/wp-content\/uploads\/2025\/08\/Marie-D-6janv2024-1-200x300.jpg\" alt=\"\" width=\"134\" height=\"201\" srcset=\"https:\/\/janze-athletisme.fr\/wordpress\/wp-content\/uploads\/2025\/08\/Marie-D-6janv2024-1-200x300.jpg 200w, https:\/\/janze-athletisme.fr\/wordpress\/wp-content\/uploads\/2025\/08\/Marie-D-6janv2024-1-684x1024.jpg 684w, https:\/\/janze-athletisme.fr\/wordpress\/wp-content\/uploads\/2025\/08\/Marie-D-6janv2024-1-768x1150.jpg 768w, https:\/\/janze-athletisme.fr\/wordpress\/wp-content\/uploads\/2025\/08\/Marie-D-6janv2024-1.jpg 1000w\" sizes=\"auto, (max-width: 134px) 100vw, 134px\" \/><\/a><\/p>\n<p><em>(Images d&rsquo;archives)<\/em><\/p>\n","protected":false},"excerpt":{"rendered":"<p>Championnat de France Elites, Talence, 1er au 3 ao\u00fbt Nous avions laiss\u00e9 Enzo Paccini, Jules Le Dorven et Lucie Duvigneau (Cesson) le WE des 17\/19 juillet \u00e0 Saint-\u00c9tienne, pour les championnats de France des jeunes (U18, U20, U23). On vous a dit leur r\u00e9sultat au poids, javelot et sur 400m (ICI). Il restait encore \u00e0 [&hellip;]<\/p>\n","protected":false},"author":12,"featured_media":26973,"comment_status":"open","ping_status":"open","sticky":false,"template":"","format":"aside","meta":{"_uag_custom_page_level_css":"","site-sidebar-layout":"default","site-content-layout":"","ast-site-content-layout":"default","site-content-style":"default","site-sidebar-style":"default","ast-global-header-display":"","ast-banner-title-visibility":"","ast-main-header-display":"","ast-hfb-above-header-display":"","ast-hfb-below-header-display":"","ast-hfb-mobile-header-display":"","site-post-title":"","ast-breadcrumbs-content":"","ast-featured-img":"","footer-sml-layout":"","ast-disable-related-posts":"","theme-transparent-header-meta":"default","adv-header-id-meta":"","stick-header-meta":"","header-above-stick-meta":"","header-main-stick-meta":"","header-below-stick-meta":"","astra-migrate-meta-layouts":"set","ast-page-background-enabled":"default","ast-page-background-meta":{"desktop":{"background-color":"var(--ast-global-color-4)","background-image":"","background-repeat":"repeat","background-position":"center center","background-size":"auto","background-attachment":"scroll","background-type":"","background-media":"","overlay-type":"","overlay-color":"","overlay-opacity":"","overlay-gradient":""},"tablet":{"background-color":"","background-image":"","background-repeat":"repeat","background-position":"center center","background-size":"auto","background-attachment":"scroll","background-type":"","background-media":"","overlay-type":"","overlay-color":"","overlay-opacity":"","overlay-gradient":""},"mobile":{"background-color":"","background-image":"","background-repeat":"repeat","background-position":"center center","background-size":"auto","background-attachment":"scroll","background-type":"","background-media":"","overlay-type":"","overlay-color":"","overlay-opacity":"","overlay-gradient":""}},"ast-content-background-meta":{"desktop":{"background-color":"var(--ast-global-color-5)","background-image":"","background-repeat":"repeat","background-position":"center center","background-size":"auto","background-attachment":"scroll","background-type":"","background-media":"","overlay-type":"","overlay-color":"","overlay-opacity":"","overlay-gradient":""},"tablet":{"background-color":"var(--ast-global-color-5)","background-image":"","background-repeat":"repeat","background-position":"center center","background-size":"auto","background-attachment":"scroll","background-type":"","background-media":"","overlay-type":"","overlay-color":"","overlay-opacity":"","overlay-gradient":""},"mobile":{"background-color":"var(--ast-global-color-5)","background-image":"","background-repeat":"repeat","background-position":"center center","background-size":"auto","background-attachment":"scroll","background-type":"","background-media":"","overlay-type":"","overlay-color":"","overlay-opacity":"","overlay-gradient":""}},"footnotes":""},"categories":[6],"tags":[],"class_list":["post-26968","post","type-post","status-publish","format-aside","has-post-thumbnail","hentry","category-sections","post_format-post-format-aside"],"yoast_head":"<!-- This site is optimized with the Yoast SEO plugin v27.5 - https:\/\/yoast.com\/product\/yoast-seo-wordpress\/ -->\n<title>Marie Duvigneau 6e fran\u00e7aise sur 400m haies ! - Janz\u00e9 Athl\u00e9tisme<\/title>\n<meta name=\"robots\" content=\"index, follow, max-snippet:-1, max-image-preview:large, max-video-preview:-1\" \/>\n<link rel=\"canonical\" href=\"https:\/\/janze-athletisme.fr\/wordpress\/marie-duvigneau-6e-francaise-sur-400m-haies\/\" \/>\n<meta property=\"og:locale\" content=\"fr_FR\" \/>\n<meta property=\"og:type\" content=\"article\" \/>\n<meta property=\"og:title\" content=\"Marie Duvigneau 6e fran\u00e7aise sur 400m haies ! - Janz\u00e9 Athl\u00e9tisme\" \/>\n<meta property=\"og:description\" content=\"Championnat de France Elites, Talence, 1er au 3 ao\u00fbt Nous avions laiss\u00e9 Enzo Paccini, Jules Le Dorven et Lucie Duvigneau (Cesson) le WE des 17\/19 juillet \u00e0 Saint-\u00c9tienne, pour les championnats de France des jeunes (U18, U20, U23). On vous a dit leur r\u00e9sultat au poids, javelot et sur 400m (ICI). Il restait encore \u00e0 [&hellip;]\" \/>\n<meta property=\"og:url\" content=\"https:\/\/janze-athletisme.fr\/wordpress\/marie-duvigneau-6e-francaise-sur-400m-haies\/\" \/>\n<meta property=\"og:site_name\" content=\"Janz\u00e9 Athl\u00e9tisme\" \/>\n<meta property=\"article:publisher\" content=\"https:\/\/www.facebook.com\/groups\/1007964579346590\" \/>\n<meta property=\"article:published_time\" content=\"2025-08-20T09:17:55+00:00\" \/>\n<meta property=\"article:modified_time\" content=\"2025-08-20T09:25:48+00:00\" \/>\n<meta property=\"og:image\" content=\"https:\/\/janze-athletisme.fr\/wordpress\/wp-content\/uploads\/2025\/08\/Marie-D-6janv2024-2-1.jpg\" \/>\n\t<meta property=\"og:image:width\" content=\"1200\" \/>\n\t<meta property=\"og:image:height\" content=\"1200\" \/>\n\t<meta property=\"og:image:type\" content=\"image\/jpeg\" \/>\n<meta name=\"author\" content=\"Laurent Meunier\" \/>\n<meta name=\"twitter:card\" content=\"summary_large_image\" \/>\n<meta name=\"twitter:label1\" content=\"\u00c9crit par\" \/>\n\t<meta name=\"twitter:data1\" content=\"Laurent Meunier\" \/>\n\t<meta name=\"twitter:label2\" content=\"Dur\u00e9e de lecture estim\u00e9e\" \/>\n\t<meta name=\"twitter:data2\" content=\"3 minutes\" \/>\n<script type=\"application\/ld+json\" class=\"yoast-schema-graph\">{\"@context\":\"https:\\\/\\\/schema.org\",\"@graph\":[{\"@type\":\"Article\",\"@id\":\"https:\\\/\\\/janze-athletisme.fr\\\/wordpress\\\/marie-duvigneau-6e-francaise-sur-400m-haies\\\/#article\",\"isPartOf\":{\"@id\":\"https:\\\/\\\/janze-athletisme.fr\\\/wordpress\\\/marie-duvigneau-6e-francaise-sur-400m-haies\\\/\"},\"author\":{\"name\":\"Laurent Meunier\",\"@id\":\"https:\\\/\\\/janze-athletisme.fr\\\/wordpress\\\/#\\\/schema\\\/person\\\/c7b063dcfa6234c041d4d9b26cc2ea03\"},\"headline\":\"Marie Duvigneau 6e fran\u00e7aise sur 400m haies !\",\"datePublished\":\"2025-08-20T09:17:55+00:00\",\"dateModified\":\"2025-08-20T09:25:48+00:00\",\"mainEntityOfPage\":{\"@id\":\"https:\\\/\\\/janze-athletisme.fr\\\/wordpress\\\/marie-duvigneau-6e-francaise-sur-400m-haies\\\/\"},\"wordCount\":375,\"commentCount\":0,\"publisher\":{\"@id\":\"https:\\\/\\\/janze-athletisme.fr\\\/wordpress\\\/#organization\"},\"image\":{\"@id\":\"https:\\\/\\\/janze-athletisme.fr\\\/wordpress\\\/marie-duvigneau-6e-francaise-sur-400m-haies\\\/#primaryimage\"},\"thumbnailUrl\":\"https:\\\/\\\/janze-athletisme.fr\\\/wordpress\\\/wp-content\\\/uploads\\\/2025\\\/08\\\/Marie-D-6janv2024-2-1.jpg\",\"articleSection\":[\"Le club au jour le jour\"],\"inLanguage\":\"fr-FR\",\"potentialAction\":[{\"@type\":\"CommentAction\",\"name\":\"Comment\",\"target\":[\"https:\\\/\\\/janze-athletisme.fr\\\/wordpress\\\/marie-duvigneau-6e-francaise-sur-400m-haies\\\/#respond\"]}]},{\"@type\":\"WebPage\",\"@id\":\"https:\\\/\\\/janze-athletisme.fr\\\/wordpress\\\/marie-duvigneau-6e-francaise-sur-400m-haies\\\/\",\"url\":\"https:\\\/\\\/janze-athletisme.fr\\\/wordpress\\\/marie-duvigneau-6e-francaise-sur-400m-haies\\\/\",\"name\":\"Marie Duvigneau 6e fran\u00e7aise sur 400m haies ! - Janz\u00e9 Athl\u00e9tisme\",\"isPartOf\":{\"@id\":\"https:\\\/\\\/janze-athletisme.fr\\\/wordpress\\\/#website\"},\"primaryImageOfPage\":{\"@id\":\"https:\\\/\\\/janze-athletisme.fr\\\/wordpress\\\/marie-duvigneau-6e-francaise-sur-400m-haies\\\/#primaryimage\"},\"image\":{\"@id\":\"https:\\\/\\\/janze-athletisme.fr\\\/wordpress\\\/marie-duvigneau-6e-francaise-sur-400m-haies\\\/#primaryimage\"},\"thumbnailUrl\":\"https:\\\/\\\/janze-athletisme.fr\\\/wordpress\\\/wp-content\\\/uploads\\\/2025\\\/08\\\/Marie-D-6janv2024-2-1.jpg\",\"datePublished\":\"2025-08-20T09:17:55+00:00\",\"dateModified\":\"2025-08-20T09:25:48+00:00\",\"breadcrumb\":{\"@id\":\"https:\\\/\\\/janze-athletisme.fr\\\/wordpress\\\/marie-duvigneau-6e-francaise-sur-400m-haies\\\/#breadcrumb\"},\"inLanguage\":\"fr-FR\",\"potentialAction\":[{\"@type\":\"ReadAction\",\"target\":[\"https:\\\/\\\/janze-athletisme.fr\\\/wordpress\\\/marie-duvigneau-6e-francaise-sur-400m-haies\\\/\"]}]},{\"@type\":\"ImageObject\",\"inLanguage\":\"fr-FR\",\"@id\":\"https:\\\/\\\/janze-athletisme.fr\\\/wordpress\\\/marie-duvigneau-6e-francaise-sur-400m-haies\\\/#primaryimage\",\"url\":\"https:\\\/\\\/janze-athletisme.fr\\\/wordpress\\\/wp-content\\\/uploads\\\/2025\\\/08\\\/Marie-D-6janv2024-2-1.jpg\",\"contentUrl\":\"https:\\\/\\\/janze-athletisme.fr\\\/wordpress\\\/wp-content\\\/uploads\\\/2025\\\/08\\\/Marie-D-6janv2024-2-1.jpg\",\"width\":1200,\"height\":1200},{\"@type\":\"BreadcrumbList\",\"@id\":\"https:\\\/\\\/janze-athletisme.fr\\\/wordpress\\\/marie-duvigneau-6e-francaise-sur-400m-haies\\\/#breadcrumb\",\"itemListElement\":[{\"@type\":\"ListItem\",\"position\":1,\"name\":\"Accueil\",\"item\":\"https:\\\/\\\/janze-athletisme.fr\\\/wordpress\\\/\"},{\"@type\":\"ListItem\",\"position\":2,\"name\":\"Marie Duvigneau 6e fran\u00e7aise sur 400m haies !\"}]},{\"@type\":\"WebSite\",\"@id\":\"https:\\\/\\\/janze-athletisme.fr\\\/wordpress\\\/#website\",\"url\":\"https:\\\/\\\/janze-athletisme.fr\\\/wordpress\\\/\",\"name\":\"Janz\u00e9 Athl\u00e9tisme\",\"description\":\"Pays de La Roche aux F\u00e9es\",\"publisher\":{\"@id\":\"https:\\\/\\\/janze-athletisme.fr\\\/wordpress\\\/#organization\"},\"potentialAction\":[{\"@type\":\"SearchAction\",\"target\":{\"@type\":\"EntryPoint\",\"urlTemplate\":\"https:\\\/\\\/janze-athletisme.fr\\\/wordpress\\\/?s={search_term_string}\"},\"query-input\":{\"@type\":\"PropertyValueSpecification\",\"valueRequired\":true,\"valueName\":\"search_term_string\"}}],\"inLanguage\":\"fr-FR\"},{\"@type\":\"Organization\",\"@id\":\"https:\\\/\\\/janze-athletisme.fr\\\/wordpress\\\/#organization\",\"name\":\"Janz\u00e9 Athl\u00e9tisme\",\"url\":\"https:\\\/\\\/janze-athletisme.fr\\\/wordpress\\\/\",\"logo\":{\"@type\":\"ImageObject\",\"inLanguage\":\"fr-FR\",\"@id\":\"https:\\\/\\\/janze-athletisme.fr\\\/wordpress\\\/#\\\/schema\\\/logo\\\/image\\\/\",\"url\":\"https:\\\/\\\/janze-athletisme.fr\\\/wordpress\\\/wp-content\\\/uploads\\\/2015\\\/03\\\/logo-full1.jpg\",\"contentUrl\":\"https:\\\/\\\/janze-athletisme.fr\\\/wordpress\\\/wp-content\\\/uploads\\\/2015\\\/03\\\/logo-full1.jpg\",\"width\":437,\"height\":205,\"caption\":\"Janz\u00e9 Athl\u00e9tisme\"},\"image\":{\"@id\":\"https:\\\/\\\/janze-athletisme.fr\\\/wordpress\\\/#\\\/schema\\\/logo\\\/image\\\/\"},\"sameAs\":[\"https:\\\/\\\/www.facebook.com\\\/groups\\\/1007964579346590\"]},{\"@type\":\"Person\",\"@id\":\"https:\\\/\\\/janze-athletisme.fr\\\/wordpress\\\/#\\\/schema\\\/person\\\/c7b063dcfa6234c041d4d9b26cc2ea03\",\"name\":\"Laurent Meunier\",\"image\":{\"@type\":\"ImageObject\",\"inLanguage\":\"fr-FR\",\"@id\":\"https:\\\/\\\/secure.gravatar.com\\\/avatar\\\/dd25d581ad7c3349090f2fa6a9adb6bfa287e6a5dd8a5216a092727cd8749034?s=96&d=mm&r=g\",\"url\":\"https:\\\/\\\/secure.gravatar.com\\\/avatar\\\/dd25d581ad7c3349090f2fa6a9adb6bfa287e6a5dd8a5216a092727cd8749034?s=96&d=mm&r=g\",\"contentUrl\":\"https:\\\/\\\/secure.gravatar.com\\\/avatar\\\/dd25d581ad7c3349090f2fa6a9adb6bfa287e6a5dd8a5216a092727cd8749034?s=96&d=mm&r=g\",\"caption\":\"Laurent Meunier\"},\"url\":\"https:\\\/\\\/janze-athletisme.fr\\\/wordpress\\\/author\\\/laurent-meunier35\\\/\"}]}<\/script>\n<!-- \/ Yoast SEO plugin. -->","yoast_head_json":{"title":"Marie Duvigneau 6e fran\u00e7aise sur 400m haies ! - Janz\u00e9 Athl\u00e9tisme","robots":{"index":"index","follow":"follow","max-snippet":"max-snippet:-1","max-image-preview":"max-image-preview:large","max-video-preview":"max-video-preview:-1"},"canonical":"https:\/\/janze-athletisme.fr\/wordpress\/marie-duvigneau-6e-francaise-sur-400m-haies\/","og_locale":"fr_FR","og_type":"article","og_title":"Marie Duvigneau 6e fran\u00e7aise sur 400m haies ! - Janz\u00e9 Athl\u00e9tisme","og_description":"Championnat de France Elites, Talence, 1er au 3 ao\u00fbt Nous avions laiss\u00e9 Enzo Paccini, Jules Le Dorven et Lucie Duvigneau (Cesson) le WE des 17\/19 juillet \u00e0 Saint-\u00c9tienne, pour les championnats de France des jeunes (U18, U20, U23). On vous a dit leur r\u00e9sultat au poids, javelot et sur 400m (ICI). Il restait encore \u00e0 [&hellip;]","og_url":"https:\/\/janze-athletisme.fr\/wordpress\/marie-duvigneau-6e-francaise-sur-400m-haies\/","og_site_name":"Janz\u00e9 Athl\u00e9tisme","article_publisher":"https:\/\/www.facebook.com\/groups\/1007964579346590","article_published_time":"2025-08-20T09:17:55+00:00","article_modified_time":"2025-08-20T09:25:48+00:00","og_image":[{"width":1200,"height":1200,"url":"https:\/\/janze-athletisme.fr\/wordpress\/wp-content\/uploads\/2025\/08\/Marie-D-6janv2024-2-1.jpg","type":"image\/jpeg"}],"author":"Laurent Meunier","twitter_card":"summary_large_image","twitter_misc":{"\u00c9crit par":"Laurent Meunier","Dur\u00e9e de lecture estim\u00e9e":"3 minutes"},"schema":{"@context":"https:\/\/schema.org","@graph":[{"@type":"Article","@id":"https:\/\/janze-athletisme.fr\/wordpress\/marie-duvigneau-6e-francaise-sur-400m-haies\/#article","isPartOf":{"@id":"https:\/\/janze-athletisme.fr\/wordpress\/marie-duvigneau-6e-francaise-sur-400m-haies\/"},"author":{"name":"Laurent Meunier","@id":"https:\/\/janze-athletisme.fr\/wordpress\/#\/schema\/person\/c7b063dcfa6234c041d4d9b26cc2ea03"},"headline":"Marie Duvigneau 6e fran\u00e7aise sur 400m haies !","datePublished":"2025-08-20T09:17:55+00:00","dateModified":"2025-08-20T09:25:48+00:00","mainEntityOfPage":{"@id":"https:\/\/janze-athletisme.fr\/wordpress\/marie-duvigneau-6e-francaise-sur-400m-haies\/"},"wordCount":375,"commentCount":0,"publisher":{"@id":"https:\/\/janze-athletisme.fr\/wordpress\/#organization"},"image":{"@id":"https:\/\/janze-athletisme.fr\/wordpress\/marie-duvigneau-6e-francaise-sur-400m-haies\/#primaryimage"},"thumbnailUrl":"https:\/\/janze-athletisme.fr\/wordpress\/wp-content\/uploads\/2025\/08\/Marie-D-6janv2024-2-1.jpg","articleSection":["Le club au jour le jour"],"inLanguage":"fr-FR","potentialAction":[{"@type":"CommentAction","name":"Comment","target":["https:\/\/janze-athletisme.fr\/wordpress\/marie-duvigneau-6e-francaise-sur-400m-haies\/#respond"]}]},{"@type":"WebPage","@id":"https:\/\/janze-athletisme.fr\/wordpress\/marie-duvigneau-6e-francaise-sur-400m-haies\/","url":"https:\/\/janze-athletisme.fr\/wordpress\/marie-duvigneau-6e-francaise-sur-400m-haies\/","name":"Marie Duvigneau 6e fran\u00e7aise sur 400m haies ! - Janz\u00e9 Athl\u00e9tisme","isPartOf":{"@id":"https:\/\/janze-athletisme.fr\/wordpress\/#website"},"primaryImageOfPage":{"@id":"https:\/\/janze-athletisme.fr\/wordpress\/marie-duvigneau-6e-francaise-sur-400m-haies\/#primaryimage"},"image":{"@id":"https:\/\/janze-athletisme.fr\/wordpress\/marie-duvigneau-6e-francaise-sur-400m-haies\/#primaryimage"},"thumbnailUrl":"https:\/\/janze-athletisme.fr\/wordpress\/wp-content\/uploads\/2025\/08\/Marie-D-6janv2024-2-1.jpg","datePublished":"2025-08-20T09:17:55+00:00","dateModified":"2025-08-20T09:25:48+00:00","breadcrumb":{"@id":"https:\/\/janze-athletisme.fr\/wordpress\/marie-duvigneau-6e-francaise-sur-400m-haies\/#breadcrumb"},"inLanguage":"fr-FR","potentialAction":[{"@type":"ReadAction","target":["https:\/\/janze-athletisme.fr\/wordpress\/marie-duvigneau-6e-francaise-sur-400m-haies\/"]}]},{"@type":"ImageObject","inLanguage":"fr-FR","@id":"https:\/\/janze-athletisme.fr\/wordpress\/marie-duvigneau-6e-francaise-sur-400m-haies\/#primaryimage","url":"https:\/\/janze-athletisme.fr\/wordpress\/wp-content\/uploads\/2025\/08\/Marie-D-6janv2024-2-1.jpg","contentUrl":"https:\/\/janze-athletisme.fr\/wordpress\/wp-content\/uploads\/2025\/08\/Marie-D-6janv2024-2-1.jpg","width":1200,"height":1200},{"@type":"BreadcrumbList","@id":"https:\/\/janze-athletisme.fr\/wordpress\/marie-duvigneau-6e-francaise-sur-400m-haies\/#breadcrumb","itemListElement":[{"@type":"ListItem","position":1,"name":"Accueil","item":"https:\/\/janze-athletisme.fr\/wordpress\/"},{"@type":"ListItem","position":2,"name":"Marie Duvigneau 6e fran\u00e7aise sur 400m haies !"}]},{"@type":"WebSite","@id":"https:\/\/janze-athletisme.fr\/wordpress\/#website","url":"https:\/\/janze-athletisme.fr\/wordpress\/","name":"Janz\u00e9 Athl\u00e9tisme","description":"Pays de La Roche aux F\u00e9es","publisher":{"@id":"https:\/\/janze-athletisme.fr\/wordpress\/#organization"},"potentialAction":[{"@type":"SearchAction","target":{"@type":"EntryPoint","urlTemplate":"https:\/\/janze-athletisme.fr\/wordpress\/?s={search_term_string}"},"query-input":{"@type":"PropertyValueSpecification","valueRequired":true,"valueName":"search_term_string"}}],"inLanguage":"fr-FR"},{"@type":"Organization","@id":"https:\/\/janze-athletisme.fr\/wordpress\/#organization","name":"Janz\u00e9 Athl\u00e9tisme","url":"https:\/\/janze-athletisme.fr\/wordpress\/","logo":{"@type":"ImageObject","inLanguage":"fr-FR","@id":"https:\/\/janze-athletisme.fr\/wordpress\/#\/schema\/logo\/image\/","url":"https:\/\/janze-athletisme.fr\/wordpress\/wp-content\/uploads\/2015\/03\/logo-full1.jpg","contentUrl":"https:\/\/janze-athletisme.fr\/wordpress\/wp-content\/uploads\/2015\/03\/logo-full1.jpg","width":437,"height":205,"caption":"Janz\u00e9 Athl\u00e9tisme"},"image":{"@id":"https:\/\/janze-athletisme.fr\/wordpress\/#\/schema\/logo\/image\/"},"sameAs":["https:\/\/www.facebook.com\/groups\/1007964579346590"]},{"@type":"Person","@id":"https:\/\/janze-athletisme.fr\/wordpress\/#\/schema\/person\/c7b063dcfa6234c041d4d9b26cc2ea03","name":"Laurent Meunier","image":{"@type":"ImageObject","inLanguage":"fr-FR","@id":"https:\/\/secure.gravatar.com\/avatar\/dd25d581ad7c3349090f2fa6a9adb6bfa287e6a5dd8a5216a092727cd8749034?s=96&d=mm&r=g","url":"https:\/\/secure.gravatar.com\/avatar\/dd25d581ad7c3349090f2fa6a9adb6bfa287e6a5dd8a5216a092727cd8749034?s=96&d=mm&r=g","contentUrl":"https:\/\/secure.gravatar.com\/avatar\/dd25d581ad7c3349090f2fa6a9adb6bfa287e6a5dd8a5216a092727cd8749034?s=96&d=mm&r=g","caption":"Laurent Meunier"},"url":"https:\/\/janze-athletisme.fr\/wordpress\/author\/laurent-meunier35\/"}]}},"uagb_featured_image_src":{"full":["https:\/\/janze-athletisme.fr\/wordpress\/wp-content\/uploads\/2025\/08\/Marie-D-6janv2024-2-1.jpg",1200,1200,false],"thumbnail":["https:\/\/janze-athletisme.fr\/wordpress\/wp-content\/uploads\/2025\/08\/Marie-D-6janv2024-2-1-150x150.jpg",150,150,true],"medium":["https:\/\/janze-athletisme.fr\/wordpress\/wp-content\/uploads\/2025\/08\/Marie-D-6janv2024-2-1-300x300.jpg",300,300,true],"medium_large":["https:\/\/janze-athletisme.fr\/wordpress\/wp-content\/uploads\/2025\/08\/Marie-D-6janv2024-2-1-768x768.jpg",768,768,true],"large":["https:\/\/janze-athletisme.fr\/wordpress\/wp-content\/uploads\/2025\/08\/Marie-D-6janv2024-2-1-1024x1024.jpg",1024,1024,true],"1536x1536":["https:\/\/janze-athletisme.fr\/wordpress\/wp-content\/uploads\/2025\/08\/Marie-D-6janv2024-2-1.jpg",1200,1200,false],"2048x2048":["https:\/\/janze-athletisme.fr\/wordpress\/wp-content\/uploads\/2025\/08\/Marie-D-6janv2024-2-1.jpg",1200,1200,false]},"uagb_author_info":{"display_name":"Laurent Meunier","author_link":"https:\/\/janze-athletisme.fr\/wordpress\/author\/laurent-meunier35\/"},"uagb_comment_info":0,"uagb_excerpt":"Championnat de France Elites, Talence, 1er au 3 ao\u00fbt Nous avions laiss\u00e9 Enzo Paccini, Jules Le Dorven et Lucie Duvigneau (Cesson) le WE des 17\/19 juillet \u00e0 Saint-\u00c9tienne, pour les championnats de France des jeunes (U18, U20, U23). On vous a dit leur r\u00e9sultat au poids, javelot et sur 400m (ICI). Il restait encore \u00e0\u2026","_links":{"self":[{"href":"https:\/\/janze-athletisme.fr\/wordpress\/wp-json\/wp\/v2\/posts\/26968","targetHints":{"allow":["GET"]}}],"collection":[{"href":"https:\/\/janze-athletisme.fr\/wordpress\/wp-json\/wp\/v2\/posts"}],"about":[{"href":"https:\/\/janze-athletisme.fr\/wordpress\/wp-json\/wp\/v2\/types\/post"}],"author":[{"embeddable":true,"href":"https:\/\/janze-athletisme.fr\/wordpress\/wp-json\/wp\/v2\/users\/12"}],"replies":[{"embeddable":true,"href":"https:\/\/janze-athletisme.fr\/wordpress\/wp-json\/wp\/v2\/comments?post=26968"}],"version-history":[{"count":3,"href":"https:\/\/janze-athletisme.fr\/wordpress\/wp-json\/wp\/v2\/posts\/26968\/revisions"}],"predecessor-version":[{"id":26976,"href":"https:\/\/janze-athletisme.fr\/wordpress\/wp-json\/wp\/v2\/posts\/26968\/revisions\/26976"}],"wp:featuredmedia":[{"embeddable":true,"href":"https:\/\/janze-athletisme.fr\/wordpress\/wp-json\/wp\/v2\/media\/26973"}],"wp:attachment":[{"href":"https:\/\/janze-athletisme.fr\/wordpress\/wp-json\/wp\/v2\/media?parent=26968"}],"wp:term":[{"taxonomy":"category","embeddable":true,"href":"https:\/\/janze-athletisme.fr\/wordpress\/wp-json\/wp\/v2\/categories?post=26968"},{"taxonomy":"post_tag","embeddable":true,"href":"https:\/\/janze-athletisme.fr\/wordpress\/wp-json\/wp\/v2\/tags?post=26968"}],"curies":[{"name":"wp","href":"https:\/\/api.w.org\/{rel}","templated":true}]}}