{"id":26956,"date":"2025-08-18T15:41:08","date_gmt":"2025-08-18T13:41:08","guid":{"rendered":"https:\/\/janze-athletisme.fr\/wordpress\/?p=26956"},"modified":"2025-08-18T15:42:08","modified_gmt":"2025-08-18T13:42:08","slug":"la-page-des-records-de-leac-est-desormais-a-jour","status":"publish","type":"post","link":"https:\/\/janze-athletisme.fr\/wordpress\/la-page-des-records-de-leac-est-desormais-a-jour\/","title":{"rendered":"La page des records de l\u2019EAC est d\u00e9sormais \u00e0 jour"},"content":{"rendered":"<p data-start=\"129\" data-end=\"338\">La page des <strong data-start=\"141\" data-end=\"161\">records de l\u2019EAC<\/strong> est d\u00e9sormais \u00e0 jour<\/p>\n<p data-start=\"129\" data-end=\"338\">Pas moins de <strong data-start=\"204\" data-end=\"228\">72 records am\u00e9lior\u00e9s<\/strong> cette ann\u00e9e<\/p>\n<p data-start=\"340\" data-end=\"554\">Un immense <strong data-start=\"351\" data-end=\"372\">MERCI \u00e0 S\u00e9bastien<\/strong> pour le travail colossal r\u00e9alis\u00e9 sur cette actualisation ainsi qu\u2019\u00e0 <strong data-start=\"444\" data-end=\"464\">Emmanuel Est\u00e9von<\/strong> pour le boulot tout aussi impressionnant sur la mise \u00e0 jour des <strong data-start=\"529\" data-end=\"549\">records de Janz\u00e9<\/strong><\/p>\n<p data-start=\"556\" data-end=\"669\">Retrouvez tous les records ici :<\/p>\n<div class=\"header\"><\/div>\n<p>Records de l&rsquo;EAC (depuis 2009) &#8211; date de la derni\u00e8re performance prise en compte : 31\/07\/25<\/p>\n<p>En gras : les records am\u00e9lior\u00e9s durant la saison pr\u00e9c\u00e9dente.<\/p>\n<table border=\"1\" cellspacing=\"1\" cellpadding=\"1\" align=\"left\">\n<thead>\n<tr>\n<th scope=\"col\"><\/th>\n<th scope=\"col\">Femmes<\/th>\n<th scope=\"col\">Hommes<\/th>\n<\/tr>\n<\/thead>\n<tbody>\n<tr>\n<th scope=\"row\">Minimes<\/th>\n<td><a href=\"https:\/\/accesson.fr\/records-mif\">MIF<\/a><\/td>\n<td><a href=\"http:\/\/accesson.fr\/records-mim\">MIM<\/a><\/td>\n<\/tr>\n<tr>\n<th scope=\"row\">Cadets<\/th>\n<td><a href=\"https:\/\/accesson.fr\/records-caf\">CAF<\/a><\/td>\n<td><a href=\"http:\/\/accesson.fr\/records-cam\">CAM<\/a><\/td>\n<\/tr>\n<tr>\n<th scope=\"row\">Juniors<\/th>\n<td><a href=\"http:\/\/accesson.fr\/records-juf\">JUF<\/a><\/td>\n<td><a href=\"http:\/\/accesson.fr\/records-jum\">JUM<\/a><\/td>\n<\/tr>\n<tr>\n<th scope=\"row\">Espoirs<\/th>\n<td><a href=\"http:\/\/accesson.fr\/records-esf\">ESF<\/a><\/td>\n<td><a href=\"http:\/\/accesson.fr\/records-esm\">ESM<\/a><\/td>\n<\/tr>\n<tr>\n<th scope=\"row\">Seniors<\/th>\n<td><a href=\"https:\/\/accesson.fr\/records-sef\">SEF<\/a><\/td>\n<td><a href=\"http:\/\/accesson.fr\/records-sem\">SEM<\/a><\/td>\n<\/tr>\n<tr>\n<th scope=\"row\">Masters<\/th>\n<td><a href=\"https:\/\/accesson.fr\/records-vef\">VEF<\/a><\/td>\n<td><a href=\"http:\/\/accesson.fr\/records-vem\">VEM<\/a><\/td>\n<\/tr>\n<tr>\n<th colspan=\"3\" scope=\"row\"><\/th>\n<\/tr>\n<tr>\n<th scope=\"row\">Relais<\/th>\n<td colspan=\"2\" rowspan=\"1\"><a href=\"https:\/\/accesson.fr\/records-relais\">Equipe<\/a><\/td>\n<\/tr>\n<tr>\n<th scope=\"row\">Interclubs<\/th>\n<td colspan=\"2\"><a href=\"https:\/\/accesson.fr\/interclubs\">Equipe<\/a><\/td>\n<\/tr>\n<\/tbody>\n<\/table>\n<p>&nbsp;<\/p>\n<p>&nbsp;<\/p>\n<p data-start=\"556\" data-end=\"669\"><br data-start=\"629\" data-end=\"632\" \/>\ud83d\udc49 <a href=\"https:\/\/janze-athletisme.fr\/wordpress\/wp-content\/uploads\/2025\/07\/RECORDS-JANZE-ATHLE-sur-PISTE-au-10-juillet-2025.pdf\">[Lien vers les records de Janz\u00e9]<\/a><\/p>\n","protected":false},"excerpt":{"rendered":"<p>La page des records de l\u2019EAC est d\u00e9sormais \u00e0 jour Pas moins de 72 records am\u00e9lior\u00e9s cette ann\u00e9e Un immense MERCI \u00e0 S\u00e9bastien pour le travail colossal r\u00e9alis\u00e9 sur cette actualisation ainsi qu\u2019\u00e0 Emmanuel Est\u00e9von pour le boulot tout aussi impressionnant sur la mise \u00e0 jour des records de Janz\u00e9 Retrouvez tous les records ici [&hellip;]<\/p>\n","protected":false},"author":11,"featured_media":26960,"comment_status":"open","ping_status":"open","sticky":false,"template":"","format":"aside","meta":{"_uag_custom_page_level_css":"","site-sidebar-layout":"default","site-content-layout":"","ast-site-content-layout":"default","site-content-style":"default","site-sidebar-style":"default","ast-global-header-display":"","ast-banner-title-visibility":"","ast-main-header-display":"","ast-hfb-above-header-display":"","ast-hfb-below-header-display":"","ast-hfb-mobile-header-display":"","site-post-title":"","ast-breadcrumbs-content":"","ast-featured-img":"","footer-sml-layout":"","ast-disable-related-posts":"","theme-transparent-header-meta":"default","adv-header-id-meta":"","stick-header-meta":"","header-above-stick-meta":"","header-main-stick-meta":"","header-below-stick-meta":"","astra-migrate-meta-layouts":"set","ast-page-background-enabled":"default","ast-page-background-meta":{"desktop":{"background-color":"var(--ast-global-color-4)","background-image":"","background-repeat":"repeat","background-position":"center center","background-size":"auto","background-attachment":"scroll","background-type":"","background-media":"","overlay-type":"","overlay-color":"","overlay-opacity":"","overlay-gradient":""},"tablet":{"background-color":"","background-image":"","background-repeat":"repeat","background-position":"center center","background-size":"auto","background-attachment":"scroll","background-type":"","background-media":"","overlay-type":"","overlay-color":"","overlay-opacity":"","overlay-gradient":""},"mobile":{"background-color":"","background-image":"","background-repeat":"repeat","background-position":"center center","background-size":"auto","background-attachment":"scroll","background-type":"","background-media":"","overlay-type":"","overlay-color":"","overlay-opacity":"","overlay-gradient":""}},"ast-content-background-meta":{"desktop":{"background-color":"var(--ast-global-color-5)","background-image":"","background-repeat":"repeat","background-position":"center center","background-size":"auto","background-attachment":"scroll","background-type":"","background-media":"","overlay-type":"","overlay-color":"","overlay-opacity":"","overlay-gradient":""},"tablet":{"background-color":"var(--ast-global-color-5)","background-image":"","background-repeat":"repeat","background-position":"center center","background-size":"auto","background-attachment":"scroll","background-type":"","background-media":"","overlay-type":"","overlay-color":"","overlay-opacity":"","overlay-gradient":""},"mobile":{"background-color":"var(--ast-global-color-5)","background-image":"","background-repeat":"repeat","background-position":"center center","background-size":"auto","background-attachment":"scroll","background-type":"","background-media":"","overlay-type":"","overlay-color":"","overlay-opacity":"","overlay-gradient":""}},"footnotes":""},"categories":[6],"tags":[],"class_list":["post-26956","post","type-post","status-publish","format-aside","has-post-thumbnail","hentry","category-sections","post_format-post-format-aside"],"yoast_head":"<!-- This site is optimized with the Yoast SEO plugin v27.5 - https:\/\/yoast.com\/product\/yoast-seo-wordpress\/ -->\n<title>La page des records de l\u2019EAC est d\u00e9sormais \u00e0 jour - Janz\u00e9 Athl\u00e9tisme<\/title>\n<meta name=\"robots\" content=\"index, follow, max-snippet:-1, max-image-preview:large, max-video-preview:-1\" \/>\n<link rel=\"canonical\" href=\"https:\/\/janze-athletisme.fr\/wordpress\/la-page-des-records-de-leac-est-desormais-a-jour\/\" \/>\n<meta property=\"og:locale\" content=\"fr_FR\" \/>\n<meta property=\"og:type\" content=\"article\" \/>\n<meta property=\"og:title\" content=\"La page des records de l\u2019EAC est d\u00e9sormais \u00e0 jour - Janz\u00e9 Athl\u00e9tisme\" \/>\n<meta property=\"og:description\" content=\"La page des records de l\u2019EAC est d\u00e9sormais \u00e0 jour Pas moins de 72 records am\u00e9lior\u00e9s cette ann\u00e9e Un immense MERCI \u00e0 S\u00e9bastien pour le travail colossal r\u00e9alis\u00e9 sur cette actualisation ainsi qu\u2019\u00e0 Emmanuel Est\u00e9von pour le boulot tout aussi impressionnant sur la mise \u00e0 jour des records de Janz\u00e9 Retrouvez tous les records ici [&hellip;]\" \/>\n<meta property=\"og:url\" content=\"https:\/\/janze-athletisme.fr\/wordpress\/la-page-des-records-de-leac-est-desormais-a-jour\/\" \/>\n<meta property=\"og:site_name\" content=\"Janz\u00e9 Athl\u00e9tisme\" \/>\n<meta property=\"article:publisher\" content=\"https:\/\/www.facebook.com\/groups\/1007964579346590\" \/>\n<meta property=\"article:published_time\" content=\"2025-08-18T13:41:08+00:00\" \/>\n<meta property=\"article:modified_time\" content=\"2025-08-18T13:42:08+00:00\" \/>\n<meta property=\"og:image\" content=\"https:\/\/janze-athletisme.fr\/wordpress\/wp-content\/uploads\/2025\/08\/Merci-Sebastion-pour-le-boulot-monstrueux-2-1.png\" \/>\n\t<meta property=\"og:image:width\" content=\"1080\" \/>\n\t<meta property=\"og:image:height\" content=\"1350\" \/>\n\t<meta property=\"og:image:type\" content=\"image\/png\" \/>\n<meta name=\"author\" content=\"Mathieu Henry\" \/>\n<meta name=\"twitter:card\" content=\"summary_large_image\" \/>\n<meta name=\"twitter:label1\" content=\"\u00c9crit par\" \/>\n\t<meta name=\"twitter:data1\" content=\"Mathieu Henry\" \/>\n\t<meta name=\"twitter:label2\" content=\"Dur\u00e9e de lecture estim\u00e9e\" \/>\n\t<meta name=\"twitter:data2\" content=\"1 minute\" \/>\n<script type=\"application\/ld+json\" class=\"yoast-schema-graph\">{\"@context\":\"https:\\\/\\\/schema.org\",\"@graph\":[{\"@type\":\"Article\",\"@id\":\"https:\\\/\\\/janze-athletisme.fr\\\/wordpress\\\/la-page-des-records-de-leac-est-desormais-a-jour\\\/#article\",\"isPartOf\":{\"@id\":\"https:\\\/\\\/janze-athletisme.fr\\\/wordpress\\\/la-page-des-records-de-leac-est-desormais-a-jour\\\/\"},\"author\":{\"name\":\"Mathieu Henry\",\"@id\":\"https:\\\/\\\/janze-athletisme.fr\\\/wordpress\\\/#\\\/schema\\\/person\\\/18fefdd57ab54de1e0b2b03ce255394c\"},\"headline\":\"La page des records de l\u2019EAC est d\u00e9sormais \u00e0 jour\",\"datePublished\":\"2025-08-18T13:41:08+00:00\",\"dateModified\":\"2025-08-18T13:42:08+00:00\",\"mainEntityOfPage\":{\"@id\":\"https:\\\/\\\/janze-athletisme.fr\\\/wordpress\\\/la-page-des-records-de-leac-est-desormais-a-jour\\\/\"},\"wordCount\":130,\"commentCount\":0,\"publisher\":{\"@id\":\"https:\\\/\\\/janze-athletisme.fr\\\/wordpress\\\/#organization\"},\"image\":{\"@id\":\"https:\\\/\\\/janze-athletisme.fr\\\/wordpress\\\/la-page-des-records-de-leac-est-desormais-a-jour\\\/#primaryimage\"},\"thumbnailUrl\":\"https:\\\/\\\/janze-athletisme.fr\\\/wordpress\\\/wp-content\\\/uploads\\\/2025\\\/08\\\/Merci-Sebastion-pour-le-boulot-monstrueux-2-1.png\",\"articleSection\":[\"Le club au jour le jour\"],\"inLanguage\":\"fr-FR\",\"potentialAction\":[{\"@type\":\"CommentAction\",\"name\":\"Comment\",\"target\":[\"https:\\\/\\\/janze-athletisme.fr\\\/wordpress\\\/la-page-des-records-de-leac-est-desormais-a-jour\\\/#respond\"]}]},{\"@type\":\"WebPage\",\"@id\":\"https:\\\/\\\/janze-athletisme.fr\\\/wordpress\\\/la-page-des-records-de-leac-est-desormais-a-jour\\\/\",\"url\":\"https:\\\/\\\/janze-athletisme.fr\\\/wordpress\\\/la-page-des-records-de-leac-est-desormais-a-jour\\\/\",\"name\":\"La page des records de l\u2019EAC est d\u00e9sormais \u00e0 jour - Janz\u00e9 Athl\u00e9tisme\",\"isPartOf\":{\"@id\":\"https:\\\/\\\/janze-athletisme.fr\\\/wordpress\\\/#website\"},\"primaryImageOfPage\":{\"@id\":\"https:\\\/\\\/janze-athletisme.fr\\\/wordpress\\\/la-page-des-records-de-leac-est-desormais-a-jour\\\/#primaryimage\"},\"image\":{\"@id\":\"https:\\\/\\\/janze-athletisme.fr\\\/wordpress\\\/la-page-des-records-de-leac-est-desormais-a-jour\\\/#primaryimage\"},\"thumbnailUrl\":\"https:\\\/\\\/janze-athletisme.fr\\\/wordpress\\\/wp-content\\\/uploads\\\/2025\\\/08\\\/Merci-Sebastion-pour-le-boulot-monstrueux-2-1.png\",\"datePublished\":\"2025-08-18T13:41:08+00:00\",\"dateModified\":\"2025-08-18T13:42:08+00:00\",\"breadcrumb\":{\"@id\":\"https:\\\/\\\/janze-athletisme.fr\\\/wordpress\\\/la-page-des-records-de-leac-est-desormais-a-jour\\\/#breadcrumb\"},\"inLanguage\":\"fr-FR\",\"potentialAction\":[{\"@type\":\"ReadAction\",\"target\":[\"https:\\\/\\\/janze-athletisme.fr\\\/wordpress\\\/la-page-des-records-de-leac-est-desormais-a-jour\\\/\"]}]},{\"@type\":\"ImageObject\",\"inLanguage\":\"fr-FR\",\"@id\":\"https:\\\/\\\/janze-athletisme.fr\\\/wordpress\\\/la-page-des-records-de-leac-est-desormais-a-jour\\\/#primaryimage\",\"url\":\"https:\\\/\\\/janze-athletisme.fr\\\/wordpress\\\/wp-content\\\/uploads\\\/2025\\\/08\\\/Merci-Sebastion-pour-le-boulot-monstrueux-2-1.png\",\"contentUrl\":\"https:\\\/\\\/janze-athletisme.fr\\\/wordpress\\\/wp-content\\\/uploads\\\/2025\\\/08\\\/Merci-Sebastion-pour-le-boulot-monstrueux-2-1.png\",\"width\":1080,\"height\":1350},{\"@type\":\"BreadcrumbList\",\"@id\":\"https:\\\/\\\/janze-athletisme.fr\\\/wordpress\\\/la-page-des-records-de-leac-est-desormais-a-jour\\\/#breadcrumb\",\"itemListElement\":[{\"@type\":\"ListItem\",\"position\":1,\"name\":\"Accueil\",\"item\":\"https:\\\/\\\/janze-athletisme.fr\\\/wordpress\\\/\"},{\"@type\":\"ListItem\",\"position\":2,\"name\":\"La page des records de l\u2019EAC est d\u00e9sormais \u00e0 jour\"}]},{\"@type\":\"WebSite\",\"@id\":\"https:\\\/\\\/janze-athletisme.fr\\\/wordpress\\\/#website\",\"url\":\"https:\\\/\\\/janze-athletisme.fr\\\/wordpress\\\/\",\"name\":\"Janz\u00e9 Athl\u00e9tisme\",\"description\":\"Pays de La Roche aux F\u00e9es\",\"publisher\":{\"@id\":\"https:\\\/\\\/janze-athletisme.fr\\\/wordpress\\\/#organization\"},\"potentialAction\":[{\"@type\":\"SearchAction\",\"target\":{\"@type\":\"EntryPoint\",\"urlTemplate\":\"https:\\\/\\\/janze-athletisme.fr\\\/wordpress\\\/?s={search_term_string}\"},\"query-input\":{\"@type\":\"PropertyValueSpecification\",\"valueRequired\":true,\"valueName\":\"search_term_string\"}}],\"inLanguage\":\"fr-FR\"},{\"@type\":\"Organization\",\"@id\":\"https:\\\/\\\/janze-athletisme.fr\\\/wordpress\\\/#organization\",\"name\":\"Janz\u00e9 Athl\u00e9tisme\",\"url\":\"https:\\\/\\\/janze-athletisme.fr\\\/wordpress\\\/\",\"logo\":{\"@type\":\"ImageObject\",\"inLanguage\":\"fr-FR\",\"@id\":\"https:\\\/\\\/janze-athletisme.fr\\\/wordpress\\\/#\\\/schema\\\/logo\\\/image\\\/\",\"url\":\"https:\\\/\\\/janze-athletisme.fr\\\/wordpress\\\/wp-content\\\/uploads\\\/2015\\\/03\\\/logo-full1.jpg\",\"contentUrl\":\"https:\\\/\\\/janze-athletisme.fr\\\/wordpress\\\/wp-content\\\/uploads\\\/2015\\\/03\\\/logo-full1.jpg\",\"width\":437,\"height\":205,\"caption\":\"Janz\u00e9 Athl\u00e9tisme\"},\"image\":{\"@id\":\"https:\\\/\\\/janze-athletisme.fr\\\/wordpress\\\/#\\\/schema\\\/logo\\\/image\\\/\"},\"sameAs\":[\"https:\\\/\\\/www.facebook.com\\\/groups\\\/1007964579346590\"]},{\"@type\":\"Person\",\"@id\":\"https:\\\/\\\/janze-athletisme.fr\\\/wordpress\\\/#\\\/schema\\\/person\\\/18fefdd57ab54de1e0b2b03ce255394c\",\"name\":\"Mathieu Henry\",\"image\":{\"@type\":\"ImageObject\",\"inLanguage\":\"fr-FR\",\"@id\":\"https:\\\/\\\/secure.gravatar.com\\\/avatar\\\/e40c9603c4663261ec2699b75966809103fea0f6b606ac4b27fd3f4ff80d3e64?s=96&d=mm&r=g\",\"url\":\"https:\\\/\\\/secure.gravatar.com\\\/avatar\\\/e40c9603c4663261ec2699b75966809103fea0f6b606ac4b27fd3f4ff80d3e64?s=96&d=mm&r=g\",\"contentUrl\":\"https:\\\/\\\/secure.gravatar.com\\\/avatar\\\/e40c9603c4663261ec2699b75966809103fea0f6b606ac4b27fd3f4ff80d3e64?s=96&d=mm&r=g\",\"caption\":\"Mathieu Henry\"},\"url\":\"https:\\\/\\\/janze-athletisme.fr\\\/wordpress\\\/author\\\/mhenry35150\\\/\"}]}<\/script>\n<!-- \/ Yoast SEO plugin. -->","yoast_head_json":{"title":"La page des records de l\u2019EAC est d\u00e9sormais \u00e0 jour - Janz\u00e9 Athl\u00e9tisme","robots":{"index":"index","follow":"follow","max-snippet":"max-snippet:-1","max-image-preview":"max-image-preview:large","max-video-preview":"max-video-preview:-1"},"canonical":"https:\/\/janze-athletisme.fr\/wordpress\/la-page-des-records-de-leac-est-desormais-a-jour\/","og_locale":"fr_FR","og_type":"article","og_title":"La page des records de l\u2019EAC est d\u00e9sormais \u00e0 jour - Janz\u00e9 Athl\u00e9tisme","og_description":"La page des records de l\u2019EAC est d\u00e9sormais \u00e0 jour Pas moins de 72 records am\u00e9lior\u00e9s cette ann\u00e9e Un immense MERCI \u00e0 S\u00e9bastien pour le travail colossal r\u00e9alis\u00e9 sur cette actualisation ainsi qu\u2019\u00e0 Emmanuel Est\u00e9von pour le boulot tout aussi impressionnant sur la mise \u00e0 jour des records de Janz\u00e9 Retrouvez tous les records ici [&hellip;]","og_url":"https:\/\/janze-athletisme.fr\/wordpress\/la-page-des-records-de-leac-est-desormais-a-jour\/","og_site_name":"Janz\u00e9 Athl\u00e9tisme","article_publisher":"https:\/\/www.facebook.com\/groups\/1007964579346590","article_published_time":"2025-08-18T13:41:08+00:00","article_modified_time":"2025-08-18T13:42:08+00:00","og_image":[{"width":1080,"height":1350,"url":"https:\/\/janze-athletisme.fr\/wordpress\/wp-content\/uploads\/2025\/08\/Merci-Sebastion-pour-le-boulot-monstrueux-2-1.png","type":"image\/png"}],"author":"Mathieu Henry","twitter_card":"summary_large_image","twitter_misc":{"\u00c9crit par":"Mathieu Henry","Dur\u00e9e de lecture estim\u00e9e":"1 minute"},"schema":{"@context":"https:\/\/schema.org","@graph":[{"@type":"Article","@id":"https:\/\/janze-athletisme.fr\/wordpress\/la-page-des-records-de-leac-est-desormais-a-jour\/#article","isPartOf":{"@id":"https:\/\/janze-athletisme.fr\/wordpress\/la-page-des-records-de-leac-est-desormais-a-jour\/"},"author":{"name":"Mathieu Henry","@id":"https:\/\/janze-athletisme.fr\/wordpress\/#\/schema\/person\/18fefdd57ab54de1e0b2b03ce255394c"},"headline":"La page des records de l\u2019EAC est d\u00e9sormais \u00e0 jour","datePublished":"2025-08-18T13:41:08+00:00","dateModified":"2025-08-18T13:42:08+00:00","mainEntityOfPage":{"@id":"https:\/\/janze-athletisme.fr\/wordpress\/la-page-des-records-de-leac-est-desormais-a-jour\/"},"wordCount":130,"commentCount":0,"publisher":{"@id":"https:\/\/janze-athletisme.fr\/wordpress\/#organization"},"image":{"@id":"https:\/\/janze-athletisme.fr\/wordpress\/la-page-des-records-de-leac-est-desormais-a-jour\/#primaryimage"},"thumbnailUrl":"https:\/\/janze-athletisme.fr\/wordpress\/wp-content\/uploads\/2025\/08\/Merci-Sebastion-pour-le-boulot-monstrueux-2-1.png","articleSection":["Le club au jour le jour"],"inLanguage":"fr-FR","potentialAction":[{"@type":"CommentAction","name":"Comment","target":["https:\/\/janze-athletisme.fr\/wordpress\/la-page-des-records-de-leac-est-desormais-a-jour\/#respond"]}]},{"@type":"WebPage","@id":"https:\/\/janze-athletisme.fr\/wordpress\/la-page-des-records-de-leac-est-desormais-a-jour\/","url":"https:\/\/janze-athletisme.fr\/wordpress\/la-page-des-records-de-leac-est-desormais-a-jour\/","name":"La page des records de l\u2019EAC est d\u00e9sormais \u00e0 jour - Janz\u00e9 Athl\u00e9tisme","isPartOf":{"@id":"https:\/\/janze-athletisme.fr\/wordpress\/#website"},"primaryImageOfPage":{"@id":"https:\/\/janze-athletisme.fr\/wordpress\/la-page-des-records-de-leac-est-desormais-a-jour\/#primaryimage"},"image":{"@id":"https:\/\/janze-athletisme.fr\/wordpress\/la-page-des-records-de-leac-est-desormais-a-jour\/#primaryimage"},"thumbnailUrl":"https:\/\/janze-athletisme.fr\/wordpress\/wp-content\/uploads\/2025\/08\/Merci-Sebastion-pour-le-boulot-monstrueux-2-1.png","datePublished":"2025-08-18T13:41:08+00:00","dateModified":"2025-08-18T13:42:08+00:00","breadcrumb":{"@id":"https:\/\/janze-athletisme.fr\/wordpress\/la-page-des-records-de-leac-est-desormais-a-jour\/#breadcrumb"},"inLanguage":"fr-FR","potentialAction":[{"@type":"ReadAction","target":["https:\/\/janze-athletisme.fr\/wordpress\/la-page-des-records-de-leac-est-desormais-a-jour\/"]}]},{"@type":"ImageObject","inLanguage":"fr-FR","@id":"https:\/\/janze-athletisme.fr\/wordpress\/la-page-des-records-de-leac-est-desormais-a-jour\/#primaryimage","url":"https:\/\/janze-athletisme.fr\/wordpress\/wp-content\/uploads\/2025\/08\/Merci-Sebastion-pour-le-boulot-monstrueux-2-1.png","contentUrl":"https:\/\/janze-athletisme.fr\/wordpress\/wp-content\/uploads\/2025\/08\/Merci-Sebastion-pour-le-boulot-monstrueux-2-1.png","width":1080,"height":1350},{"@type":"BreadcrumbList","@id":"https:\/\/janze-athletisme.fr\/wordpress\/la-page-des-records-de-leac-est-desormais-a-jour\/#breadcrumb","itemListElement":[{"@type":"ListItem","position":1,"name":"Accueil","item":"https:\/\/janze-athletisme.fr\/wordpress\/"},{"@type":"ListItem","position":2,"name":"La page des records de l\u2019EAC est d\u00e9sormais \u00e0 jour"}]},{"@type":"WebSite","@id":"https:\/\/janze-athletisme.fr\/wordpress\/#website","url":"https:\/\/janze-athletisme.fr\/wordpress\/","name":"Janz\u00e9 Athl\u00e9tisme","description":"Pays de La Roche aux F\u00e9es","publisher":{"@id":"https:\/\/janze-athletisme.fr\/wordpress\/#organization"},"potentialAction":[{"@type":"SearchAction","target":{"@type":"EntryPoint","urlTemplate":"https:\/\/janze-athletisme.fr\/wordpress\/?s={search_term_string}"},"query-input":{"@type":"PropertyValueSpecification","valueRequired":true,"valueName":"search_term_string"}}],"inLanguage":"fr-FR"},{"@type":"Organization","@id":"https:\/\/janze-athletisme.fr\/wordpress\/#organization","name":"Janz\u00e9 Athl\u00e9tisme","url":"https:\/\/janze-athletisme.fr\/wordpress\/","logo":{"@type":"ImageObject","inLanguage":"fr-FR","@id":"https:\/\/janze-athletisme.fr\/wordpress\/#\/schema\/logo\/image\/","url":"https:\/\/janze-athletisme.fr\/wordpress\/wp-content\/uploads\/2015\/03\/logo-full1.jpg","contentUrl":"https:\/\/janze-athletisme.fr\/wordpress\/wp-content\/uploads\/2015\/03\/logo-full1.jpg","width":437,"height":205,"caption":"Janz\u00e9 Athl\u00e9tisme"},"image":{"@id":"https:\/\/janze-athletisme.fr\/wordpress\/#\/schema\/logo\/image\/"},"sameAs":["https:\/\/www.facebook.com\/groups\/1007964579346590"]},{"@type":"Person","@id":"https:\/\/janze-athletisme.fr\/wordpress\/#\/schema\/person\/18fefdd57ab54de1e0b2b03ce255394c","name":"Mathieu Henry","image":{"@type":"ImageObject","inLanguage":"fr-FR","@id":"https:\/\/secure.gravatar.com\/avatar\/e40c9603c4663261ec2699b75966809103fea0f6b606ac4b27fd3f4ff80d3e64?s=96&d=mm&r=g","url":"https:\/\/secure.gravatar.com\/avatar\/e40c9603c4663261ec2699b75966809103fea0f6b606ac4b27fd3f4ff80d3e64?s=96&d=mm&r=g","contentUrl":"https:\/\/secure.gravatar.com\/avatar\/e40c9603c4663261ec2699b75966809103fea0f6b606ac4b27fd3f4ff80d3e64?s=96&d=mm&r=g","caption":"Mathieu Henry"},"url":"https:\/\/janze-athletisme.fr\/wordpress\/author\/mhenry35150\/"}]}},"uagb_featured_image_src":{"full":["https:\/\/janze-athletisme.fr\/wordpress\/wp-content\/uploads\/2025\/08\/Merci-Sebastion-pour-le-boulot-monstrueux-2-1.png",1080,1350,false],"thumbnail":["https:\/\/janze-athletisme.fr\/wordpress\/wp-content\/uploads\/2025\/08\/Merci-Sebastion-pour-le-boulot-monstrueux-2-1.png",120,150,false],"medium":["https:\/\/janze-athletisme.fr\/wordpress\/wp-content\/uploads\/2025\/08\/Merci-Sebastion-pour-le-boulot-monstrueux-2-1-240x300.png",240,300,true],"medium_large":["https:\/\/janze-athletisme.fr\/wordpress\/wp-content\/uploads\/2025\/08\/Merci-Sebastion-pour-le-boulot-monstrueux-2-1.png",768,960,false],"large":["https:\/\/janze-athletisme.fr\/wordpress\/wp-content\/uploads\/2025\/08\/Merci-Sebastion-pour-le-boulot-monstrueux-2-1.png",819,1024,false],"1536x1536":["https:\/\/janze-athletisme.fr\/wordpress\/wp-content\/uploads\/2025\/08\/Merci-Sebastion-pour-le-boulot-monstrueux-2-1.png",1080,1350,false],"2048x2048":["https:\/\/janze-athletisme.fr\/wordpress\/wp-content\/uploads\/2025\/08\/Merci-Sebastion-pour-le-boulot-monstrueux-2-1.png",1080,1350,false]},"uagb_author_info":{"display_name":"Mathieu Henry","author_link":"https:\/\/janze-athletisme.fr\/wordpress\/author\/mhenry35150\/"},"uagb_comment_info":0,"uagb_excerpt":"La page des records de l\u2019EAC est d\u00e9sormais \u00e0 jour Pas moins de 72 records am\u00e9lior\u00e9s cette ann\u00e9e Un immense MERCI \u00e0 S\u00e9bastien pour le travail colossal r\u00e9alis\u00e9 sur cette actualisation ainsi qu\u2019\u00e0 Emmanuel Est\u00e9von pour le boulot tout aussi impressionnant sur la mise \u00e0 jour des records de Janz\u00e9 Retrouvez tous les records ici\u2026","_links":{"self":[{"href":"https:\/\/janze-athletisme.fr\/wordpress\/wp-json\/wp\/v2\/posts\/26956","targetHints":{"allow":["GET"]}}],"collection":[{"href":"https:\/\/janze-athletisme.fr\/wordpress\/wp-json\/wp\/v2\/posts"}],"about":[{"href":"https:\/\/janze-athletisme.fr\/wordpress\/wp-json\/wp\/v2\/types\/post"}],"author":[{"embeddable":true,"href":"https:\/\/janze-athletisme.fr\/wordpress\/wp-json\/wp\/v2\/users\/11"}],"replies":[{"embeddable":true,"href":"https:\/\/janze-athletisme.fr\/wordpress\/wp-json\/wp\/v2\/comments?post=26956"}],"version-history":[{"count":1,"href":"https:\/\/janze-athletisme.fr\/wordpress\/wp-json\/wp\/v2\/posts\/26956\/revisions"}],"predecessor-version":[{"id":26961,"href":"https:\/\/janze-athletisme.fr\/wordpress\/wp-json\/wp\/v2\/posts\/26956\/revisions\/26961"}],"wp:featuredmedia":[{"embeddable":true,"href":"https:\/\/janze-athletisme.fr\/wordpress\/wp-json\/wp\/v2\/media\/26960"}],"wp:attachment":[{"href":"https:\/\/janze-athletisme.fr\/wordpress\/wp-json\/wp\/v2\/media?parent=26956"}],"wp:term":[{"taxonomy":"category","embeddable":true,"href":"https:\/\/janze-athletisme.fr\/wordpress\/wp-json\/wp\/v2\/categories?post=26956"},{"taxonomy":"post_tag","embeddable":true,"href":"https:\/\/janze-athletisme.fr\/wordpress\/wp-json\/wp\/v2\/tags?post=26956"}],"curies":[{"name":"wp","href":"https:\/\/api.w.org\/{rel}","templated":true}]}}