{"id":26926,"date":"2025-08-06T12:17:24","date_gmt":"2025-08-06T10:17:24","guid":{"rendered":"https:\/\/janze-athletisme.fr\/wordpress\/?p=26926"},"modified":"2025-08-06T12:17:24","modified_gmt":"2025-08-06T10:17:24","slug":"100-jours-pour-traverser-leurope-le-nouveau-defi-fou-de-serge","status":"publish","type":"post","link":"https:\/\/janze-athletisme.fr\/wordpress\/100-jours-pour-traverser-leurope-le-nouveau-defi-fou-de-serge\/","title":{"rendered":"100 jours pour traverser l&rsquo;Europe: le nouveau d\u00e9fi fou de Serge !"},"content":{"rendered":"<h1 style=\"text-align: center;\"><span style=\"color: #800000; font-family: comic sans ms, sans-serif;\">Trans Europe<\/span><\/h1>\n<h1 style=\"text-align: center;\"><span style=\"color: #800000; font-family: comic sans ms, sans-serif;\">Courir pour Hugo<\/span><\/h1>\n<p>&nbsp;<\/p>\n<p><span style=\"color: #000000;\">Serge est un homme de d\u00e9fi, de performance mais aussi et avant tout c&rsquo;est un sportif de haut niveau au grand coeur.<\/span><\/p>\n<p><span style=\"color: #000000;\">Parrain avec Claudio Cap\u00e9o de l&rsquo;association Courir pour Hugo, il nous a d\u00e9j\u00e0 bluff\u00e9 dans le pass\u00e9 avec la travers\u00e9e de l&rsquo;Australie: 3685 km parcourus !<\/span><\/p>\n<p><span style=\"color: #000000;\">Cette fois, il tentera de battre le record de travers\u00e9e de l&rsquo;Europe, <span style=\"color: #ff0000;\">10000 km en moins de 100 jours<\/span> ! sacr\u00e9 trail&#8230;<\/span><\/p>\n<p><span style=\"color: #000000;\">D\u00e9part pr\u00e9vu le <strong>24 juin 2026<\/strong> de l&rsquo;Institut Gustave Roussy \u00e0 Villejuif (94), il tentera afin de battre le record de la distance et envisage pour atteindre son objectif de parcourir 101 km par jour dans un premier temps avant de passer \u00e0 102 km au bout de 3800 km.<\/span><\/p>\n<p><span style=\"color: #000000;\">N&rsquo;h\u00e9sitez pas \u00e0 faire un bout de chemin avec lui, m\u00eame quelques km, vous serez les bienvenus ! le parcours complet vous sera d\u00e9voil\u00e9 sous peu.<\/span><\/p>\n<p><span style=\"color: #000000;\">Parcourant la France, le Luxembourg, l&rsquo;Espagne, la Belgique et la Suisse, il ralliera dans ces pays 5 villes \u00e9tapes (Dinard, Luxembourg ville, Barcelone, Bruxelles et Montreux) afin d&rsquo;offrir 5 sas de d\u00e9compression pour les enfants hospitalis\u00e9s victimes du cancer. Il animera par ailleurs \u00e0 chaque \u00e9tape des conf\u00e9rences dont une pr\u00e9vue sur son parcours \u00e0 Janz\u00e9, vers le<strong> 14 juillet<\/strong> au bout de 2123 km de course.<\/span><\/p>\n<p><span style=\"color: #000000;\">Il sera \u00e9galement accompagn\u00e9 par une logistique impressionnante avec pas moins de 20 personnes dont sa compagne Christine, des membres de sa famille et des amis.<\/span><\/p>\n<p><span style=\"color: #000000;\"> Pr\u00e8s de 53 000 euros de budget pour cette aventure altruiste hors-norme !<\/span><\/p>\n<p><span style=\"color: #000000;\">Vous pouvez retrouver sur le site de Serge toutes les infos sur son association ainsi que les d\u00e9tails de la Trans Europe:<\/span>\u00a0<strong><span style=\"font-size: 18pt; color: #ff0000; font-family: comic sans ms, sans-serif;\"><a style=\"color: #ff0000;\" href=\"https:\/\/serge-georgelin.wixsite.com\/courir-pour-hugo?fbclid=IwY2xjawMAA9xleHRuA2FlbQIxMABicmlkETBkbzdLNTBnZ3gza2M3Q2drAR61LtI6YsP2-MYcfC9_bwWVpvlhgdmrMIfNmQaRsksJaaf-WF59BSqvB4c3rw_aem_N0Lc4AisVsc7FTYBciEtNQ\">CLIC<\/a><\/span><\/strong><\/p>\n<p><span style=\"color: #000000;\">La pr\u00e9sentation de la trans Europe\u00a0 <strong><span style=\"font-family: comic sans ms, sans-serif; color: #ff0000; font-size: 18pt;\"><a style=\"color: #ff0000;\" href=\"https:\/\/serge-georgelin.wixsite.com\/courir-pour-hugo\/epreuve-france-europe-2026\">re-clic<\/a><\/span><\/strong>\u00a0et le \u00ab\u00a0tizeur\u00a0\u00bb de la course !<\/span>\u00a0<span style=\"color: #ff0000; font-family: comic sans ms, sans-serif; font-size: 18pt;\"><strong><a style=\"color: #ff0000;\" href=\"https:\/\/youtu.be\/AIf1i6mDmsA?feature=shared\">Ici<\/a><\/strong><\/span><\/p>\n<p><span style=\"color: #000000;\">Bravo encore champion et surtout, merci pour ton engagement et ton exemplarit\u00e9 ! le terme champion prend ici toute sa dimension.<\/span><\/p>\n<p><span style=\"color: #000000;\">A suivre !!!<\/span><\/p>\n","protected":false},"excerpt":{"rendered":"<p>Trans Europe Courir pour Hugo &nbsp; Serge est un homme de d\u00e9fi, de performance mais aussi et avant tout c&rsquo;est un sportif de haut niveau au grand coeur. Parrain avec Claudio Cap\u00e9o de l&rsquo;association Courir pour Hugo, il nous a d\u00e9j\u00e0 bluff\u00e9 dans le pass\u00e9 avec la travers\u00e9e de l&rsquo;Australie: 3685 km parcourus ! Cette [&hellip;]<\/p>\n","protected":false},"author":8,"featured_media":26928,"comment_status":"open","ping_status":"open","sticky":false,"template":"","format":"aside","meta":{"_uag_custom_page_level_css":"","site-sidebar-layout":"default","site-content-layout":"","ast-site-content-layout":"default","site-content-style":"default","site-sidebar-style":"default","ast-global-header-display":"","ast-banner-title-visibility":"","ast-main-header-display":"","ast-hfb-above-header-display":"","ast-hfb-below-header-display":"","ast-hfb-mobile-header-display":"","site-post-title":"","ast-breadcrumbs-content":"","ast-featured-img":"","footer-sml-layout":"","ast-disable-related-posts":"","theme-transparent-header-meta":"default","adv-header-id-meta":"","stick-header-meta":"","header-above-stick-meta":"","header-main-stick-meta":"","header-below-stick-meta":"","astra-migrate-meta-layouts":"set","ast-page-background-enabled":"default","ast-page-background-meta":{"desktop":{"background-color":"var(--ast-global-color-4)","background-image":"","background-repeat":"repeat","background-position":"center center","background-size":"auto","background-attachment":"scroll","background-type":"","background-media":"","overlay-type":"","overlay-color":"","overlay-opacity":"","overlay-gradient":""},"tablet":{"background-color":"","background-image":"","background-repeat":"repeat","background-position":"center center","background-size":"auto","background-attachment":"scroll","background-type":"","background-media":"","overlay-type":"","overlay-color":"","overlay-opacity":"","overlay-gradient":""},"mobile":{"background-color":"","background-image":"","background-repeat":"repeat","background-position":"center center","background-size":"auto","background-attachment":"scroll","background-type":"","background-media":"","overlay-type":"","overlay-color":"","overlay-opacity":"","overlay-gradient":""}},"ast-content-background-meta":{"desktop":{"background-color":"var(--ast-global-color-5)","background-image":"","background-repeat":"repeat","background-position":"center center","background-size":"auto","background-attachment":"scroll","background-type":"","background-media":"","overlay-type":"","overlay-color":"","overlay-opacity":"","overlay-gradient":""},"tablet":{"background-color":"var(--ast-global-color-5)","background-image":"","background-repeat":"repeat","background-position":"center center","background-size":"auto","background-attachment":"scroll","background-type":"","background-media":"","overlay-type":"","overlay-color":"","overlay-opacity":"","overlay-gradient":""},"mobile":{"background-color":"var(--ast-global-color-5)","background-image":"","background-repeat":"repeat","background-position":"center center","background-size":"auto","background-attachment":"scroll","background-type":"","background-media":"","overlay-type":"","overlay-color":"","overlay-opacity":"","overlay-gradient":""}},"footnotes":""},"categories":[6],"tags":[],"class_list":["post-26926","post","type-post","status-publish","format-aside","has-post-thumbnail","hentry","category-sections","post_format-post-format-aside"],"yoast_head":"<!-- This site is optimized with the Yoast SEO plugin v27.5 - https:\/\/yoast.com\/product\/yoast-seo-wordpress\/ -->\n<title>100 jours pour traverser l&#039;Europe: le nouveau d\u00e9fi fou de Serge ! - Janz\u00e9 Athl\u00e9tisme<\/title>\n<meta name=\"robots\" content=\"index, follow, max-snippet:-1, max-image-preview:large, max-video-preview:-1\" \/>\n<link rel=\"canonical\" href=\"https:\/\/janze-athletisme.fr\/wordpress\/100-jours-pour-traverser-leurope-le-nouveau-defi-fou-de-serge\/\" \/>\n<meta property=\"og:locale\" content=\"fr_FR\" \/>\n<meta property=\"og:type\" content=\"article\" \/>\n<meta property=\"og:title\" content=\"100 jours pour traverser l&#039;Europe: le nouveau d\u00e9fi fou de Serge ! - Janz\u00e9 Athl\u00e9tisme\" \/>\n<meta property=\"og:description\" content=\"Trans Europe Courir pour Hugo &nbsp; Serge est un homme de d\u00e9fi, de performance mais aussi et avant tout c&rsquo;est un sportif de haut niveau au grand coeur. Parrain avec Claudio Cap\u00e9o de l&rsquo;association Courir pour Hugo, il nous a d\u00e9j\u00e0 bluff\u00e9 dans le pass\u00e9 avec la travers\u00e9e de l&rsquo;Australie: 3685 km parcourus ! Cette [&hellip;]\" \/>\n<meta property=\"og:url\" content=\"https:\/\/janze-athletisme.fr\/wordpress\/100-jours-pour-traverser-leurope-le-nouveau-defi-fou-de-serge\/\" \/>\n<meta property=\"og:site_name\" content=\"Janz\u00e9 Athl\u00e9tisme\" \/>\n<meta property=\"article:publisher\" content=\"https:\/\/www.facebook.com\/groups\/1007964579346590\" \/>\n<meta property=\"article:published_time\" content=\"2025-08-06T10:17:24+00:00\" \/>\n<meta property=\"og:image\" content=\"https:\/\/janze-athletisme.fr\/wordpress\/wp-content\/uploads\/2025\/08\/Sans-titre.png\" \/>\n\t<meta property=\"og:image:width\" content=\"225\" \/>\n\t<meta property=\"og:image:height\" content=\"225\" \/>\n\t<meta property=\"og:image:type\" content=\"image\/png\" \/>\n<meta name=\"author\" content=\"Jean-Marie Jouzel\" \/>\n<meta name=\"twitter:card\" content=\"summary_large_image\" \/>\n<meta name=\"twitter:label1\" content=\"\u00c9crit par\" \/>\n\t<meta name=\"twitter:data1\" content=\"Jean-Marie Jouzel\" \/>\n\t<meta name=\"twitter:label2\" content=\"Dur\u00e9e de lecture estim\u00e9e\" \/>\n\t<meta name=\"twitter:data2\" content=\"2 minutes\" \/>\n<script type=\"application\/ld+json\" class=\"yoast-schema-graph\">{\"@context\":\"https:\\\/\\\/schema.org\",\"@graph\":[{\"@type\":\"Article\",\"@id\":\"https:\\\/\\\/janze-athletisme.fr\\\/wordpress\\\/100-jours-pour-traverser-leurope-le-nouveau-defi-fou-de-serge\\\/#article\",\"isPartOf\":{\"@id\":\"https:\\\/\\\/janze-athletisme.fr\\\/wordpress\\\/100-jours-pour-traverser-leurope-le-nouveau-defi-fou-de-serge\\\/\"},\"author\":{\"name\":\"Jean-Marie Jouzel\",\"@id\":\"https:\\\/\\\/janze-athletisme.fr\\\/wordpress\\\/#\\\/schema\\\/person\\\/e27efa3d49687b81c679eb0b5c4973e9\"},\"headline\":\"100 jours pour traverser l&rsquo;Europe: le nouveau d\u00e9fi fou de Serge !\",\"datePublished\":\"2025-08-06T10:17:24+00:00\",\"mainEntityOfPage\":{\"@id\":\"https:\\\/\\\/janze-athletisme.fr\\\/wordpress\\\/100-jours-pour-traverser-leurope-le-nouveau-defi-fou-de-serge\\\/\"},\"wordCount\":329,\"commentCount\":0,\"publisher\":{\"@id\":\"https:\\\/\\\/janze-athletisme.fr\\\/wordpress\\\/#organization\"},\"image\":{\"@id\":\"https:\\\/\\\/janze-athletisme.fr\\\/wordpress\\\/100-jours-pour-traverser-leurope-le-nouveau-defi-fou-de-serge\\\/#primaryimage\"},\"thumbnailUrl\":\"https:\\\/\\\/janze-athletisme.fr\\\/wordpress\\\/wp-content\\\/uploads\\\/2025\\\/08\\\/Sans-titre.png\",\"articleSection\":[\"Le club au jour le jour\"],\"inLanguage\":\"fr-FR\",\"potentialAction\":[{\"@type\":\"CommentAction\",\"name\":\"Comment\",\"target\":[\"https:\\\/\\\/janze-athletisme.fr\\\/wordpress\\\/100-jours-pour-traverser-leurope-le-nouveau-defi-fou-de-serge\\\/#respond\"]}]},{\"@type\":\"WebPage\",\"@id\":\"https:\\\/\\\/janze-athletisme.fr\\\/wordpress\\\/100-jours-pour-traverser-leurope-le-nouveau-defi-fou-de-serge\\\/\",\"url\":\"https:\\\/\\\/janze-athletisme.fr\\\/wordpress\\\/100-jours-pour-traverser-leurope-le-nouveau-defi-fou-de-serge\\\/\",\"name\":\"100 jours pour traverser l'Europe: le nouveau d\u00e9fi fou de Serge ! - Janz\u00e9 Athl\u00e9tisme\",\"isPartOf\":{\"@id\":\"https:\\\/\\\/janze-athletisme.fr\\\/wordpress\\\/#website\"},\"primaryImageOfPage\":{\"@id\":\"https:\\\/\\\/janze-athletisme.fr\\\/wordpress\\\/100-jours-pour-traverser-leurope-le-nouveau-defi-fou-de-serge\\\/#primaryimage\"},\"image\":{\"@id\":\"https:\\\/\\\/janze-athletisme.fr\\\/wordpress\\\/100-jours-pour-traverser-leurope-le-nouveau-defi-fou-de-serge\\\/#primaryimage\"},\"thumbnailUrl\":\"https:\\\/\\\/janze-athletisme.fr\\\/wordpress\\\/wp-content\\\/uploads\\\/2025\\\/08\\\/Sans-titre.png\",\"datePublished\":\"2025-08-06T10:17:24+00:00\",\"breadcrumb\":{\"@id\":\"https:\\\/\\\/janze-athletisme.fr\\\/wordpress\\\/100-jours-pour-traverser-leurope-le-nouveau-defi-fou-de-serge\\\/#breadcrumb\"},\"inLanguage\":\"fr-FR\",\"potentialAction\":[{\"@type\":\"ReadAction\",\"target\":[\"https:\\\/\\\/janze-athletisme.fr\\\/wordpress\\\/100-jours-pour-traverser-leurope-le-nouveau-defi-fou-de-serge\\\/\"]}]},{\"@type\":\"ImageObject\",\"inLanguage\":\"fr-FR\",\"@id\":\"https:\\\/\\\/janze-athletisme.fr\\\/wordpress\\\/100-jours-pour-traverser-leurope-le-nouveau-defi-fou-de-serge\\\/#primaryimage\",\"url\":\"https:\\\/\\\/janze-athletisme.fr\\\/wordpress\\\/wp-content\\\/uploads\\\/2025\\\/08\\\/Sans-titre.png\",\"contentUrl\":\"https:\\\/\\\/janze-athletisme.fr\\\/wordpress\\\/wp-content\\\/uploads\\\/2025\\\/08\\\/Sans-titre.png\",\"width\":225,\"height\":225},{\"@type\":\"BreadcrumbList\",\"@id\":\"https:\\\/\\\/janze-athletisme.fr\\\/wordpress\\\/100-jours-pour-traverser-leurope-le-nouveau-defi-fou-de-serge\\\/#breadcrumb\",\"itemListElement\":[{\"@type\":\"ListItem\",\"position\":1,\"name\":\"Accueil\",\"item\":\"https:\\\/\\\/janze-athletisme.fr\\\/wordpress\\\/\"},{\"@type\":\"ListItem\",\"position\":2,\"name\":\"100 jours pour traverser l&rsquo;Europe: le nouveau d\u00e9fi fou de Serge !\"}]},{\"@type\":\"WebSite\",\"@id\":\"https:\\\/\\\/janze-athletisme.fr\\\/wordpress\\\/#website\",\"url\":\"https:\\\/\\\/janze-athletisme.fr\\\/wordpress\\\/\",\"name\":\"Janz\u00e9 Athl\u00e9tisme\",\"description\":\"Pays de La Roche aux F\u00e9es\",\"publisher\":{\"@id\":\"https:\\\/\\\/janze-athletisme.fr\\\/wordpress\\\/#organization\"},\"potentialAction\":[{\"@type\":\"SearchAction\",\"target\":{\"@type\":\"EntryPoint\",\"urlTemplate\":\"https:\\\/\\\/janze-athletisme.fr\\\/wordpress\\\/?s={search_term_string}\"},\"query-input\":{\"@type\":\"PropertyValueSpecification\",\"valueRequired\":true,\"valueName\":\"search_term_string\"}}],\"inLanguage\":\"fr-FR\"},{\"@type\":\"Organization\",\"@id\":\"https:\\\/\\\/janze-athletisme.fr\\\/wordpress\\\/#organization\",\"name\":\"Janz\u00e9 Athl\u00e9tisme\",\"url\":\"https:\\\/\\\/janze-athletisme.fr\\\/wordpress\\\/\",\"logo\":{\"@type\":\"ImageObject\",\"inLanguage\":\"fr-FR\",\"@id\":\"https:\\\/\\\/janze-athletisme.fr\\\/wordpress\\\/#\\\/schema\\\/logo\\\/image\\\/\",\"url\":\"https:\\\/\\\/janze-athletisme.fr\\\/wordpress\\\/wp-content\\\/uploads\\\/2015\\\/03\\\/logo-full1.jpg\",\"contentUrl\":\"https:\\\/\\\/janze-athletisme.fr\\\/wordpress\\\/wp-content\\\/uploads\\\/2015\\\/03\\\/logo-full1.jpg\",\"width\":437,\"height\":205,\"caption\":\"Janz\u00e9 Athl\u00e9tisme\"},\"image\":{\"@id\":\"https:\\\/\\\/janze-athletisme.fr\\\/wordpress\\\/#\\\/schema\\\/logo\\\/image\\\/\"},\"sameAs\":[\"https:\\\/\\\/www.facebook.com\\\/groups\\\/1007964579346590\"]},{\"@type\":\"Person\",\"@id\":\"https:\\\/\\\/janze-athletisme.fr\\\/wordpress\\\/#\\\/schema\\\/person\\\/e27efa3d49687b81c679eb0b5c4973e9\",\"name\":\"Jean-Marie Jouzel\",\"image\":{\"@type\":\"ImageObject\",\"inLanguage\":\"fr-FR\",\"@id\":\"https:\\\/\\\/secure.gravatar.com\\\/avatar\\\/6aaee532914ad5ae9d6b4c13c953c6689456493b17979b560cf8fd0c344930ab?s=96&d=mm&r=g\",\"url\":\"https:\\\/\\\/secure.gravatar.com\\\/avatar\\\/6aaee532914ad5ae9d6b4c13c953c6689456493b17979b560cf8fd0c344930ab?s=96&d=mm&r=g\",\"contentUrl\":\"https:\\\/\\\/secure.gravatar.com\\\/avatar\\\/6aaee532914ad5ae9d6b4c13c953c6689456493b17979b560cf8fd0c344930ab?s=96&d=mm&r=g\",\"caption\":\"Jean-Marie Jouzel\"},\"url\":\"https:\\\/\\\/janze-athletisme.fr\\\/wordpress\\\/author\\\/jmjouzel\\\/\"}]}<\/script>\n<!-- \/ Yoast SEO plugin. -->","yoast_head_json":{"title":"100 jours pour traverser l'Europe: le nouveau d\u00e9fi fou de Serge ! - Janz\u00e9 Athl\u00e9tisme","robots":{"index":"index","follow":"follow","max-snippet":"max-snippet:-1","max-image-preview":"max-image-preview:large","max-video-preview":"max-video-preview:-1"},"canonical":"https:\/\/janze-athletisme.fr\/wordpress\/100-jours-pour-traverser-leurope-le-nouveau-defi-fou-de-serge\/","og_locale":"fr_FR","og_type":"article","og_title":"100 jours pour traverser l'Europe: le nouveau d\u00e9fi fou de Serge ! - Janz\u00e9 Athl\u00e9tisme","og_description":"Trans Europe Courir pour Hugo &nbsp; Serge est un homme de d\u00e9fi, de performance mais aussi et avant tout c&rsquo;est un sportif de haut niveau au grand coeur. Parrain avec Claudio Cap\u00e9o de l&rsquo;association Courir pour Hugo, il nous a d\u00e9j\u00e0 bluff\u00e9 dans le pass\u00e9 avec la travers\u00e9e de l&rsquo;Australie: 3685 km parcourus ! Cette [&hellip;]","og_url":"https:\/\/janze-athletisme.fr\/wordpress\/100-jours-pour-traverser-leurope-le-nouveau-defi-fou-de-serge\/","og_site_name":"Janz\u00e9 Athl\u00e9tisme","article_publisher":"https:\/\/www.facebook.com\/groups\/1007964579346590","article_published_time":"2025-08-06T10:17:24+00:00","og_image":[{"width":225,"height":225,"url":"https:\/\/janze-athletisme.fr\/wordpress\/wp-content\/uploads\/2025\/08\/Sans-titre.png","type":"image\/png"}],"author":"Jean-Marie Jouzel","twitter_card":"summary_large_image","twitter_misc":{"\u00c9crit par":"Jean-Marie Jouzel","Dur\u00e9e de lecture estim\u00e9e":"2 minutes"},"schema":{"@context":"https:\/\/schema.org","@graph":[{"@type":"Article","@id":"https:\/\/janze-athletisme.fr\/wordpress\/100-jours-pour-traverser-leurope-le-nouveau-defi-fou-de-serge\/#article","isPartOf":{"@id":"https:\/\/janze-athletisme.fr\/wordpress\/100-jours-pour-traverser-leurope-le-nouveau-defi-fou-de-serge\/"},"author":{"name":"Jean-Marie Jouzel","@id":"https:\/\/janze-athletisme.fr\/wordpress\/#\/schema\/person\/e27efa3d49687b81c679eb0b5c4973e9"},"headline":"100 jours pour traverser l&rsquo;Europe: le nouveau d\u00e9fi fou de Serge !","datePublished":"2025-08-06T10:17:24+00:00","mainEntityOfPage":{"@id":"https:\/\/janze-athletisme.fr\/wordpress\/100-jours-pour-traverser-leurope-le-nouveau-defi-fou-de-serge\/"},"wordCount":329,"commentCount":0,"publisher":{"@id":"https:\/\/janze-athletisme.fr\/wordpress\/#organization"},"image":{"@id":"https:\/\/janze-athletisme.fr\/wordpress\/100-jours-pour-traverser-leurope-le-nouveau-defi-fou-de-serge\/#primaryimage"},"thumbnailUrl":"https:\/\/janze-athletisme.fr\/wordpress\/wp-content\/uploads\/2025\/08\/Sans-titre.png","articleSection":["Le club au jour le jour"],"inLanguage":"fr-FR","potentialAction":[{"@type":"CommentAction","name":"Comment","target":["https:\/\/janze-athletisme.fr\/wordpress\/100-jours-pour-traverser-leurope-le-nouveau-defi-fou-de-serge\/#respond"]}]},{"@type":"WebPage","@id":"https:\/\/janze-athletisme.fr\/wordpress\/100-jours-pour-traverser-leurope-le-nouveau-defi-fou-de-serge\/","url":"https:\/\/janze-athletisme.fr\/wordpress\/100-jours-pour-traverser-leurope-le-nouveau-defi-fou-de-serge\/","name":"100 jours pour traverser l'Europe: le nouveau d\u00e9fi fou de Serge ! - Janz\u00e9 Athl\u00e9tisme","isPartOf":{"@id":"https:\/\/janze-athletisme.fr\/wordpress\/#website"},"primaryImageOfPage":{"@id":"https:\/\/janze-athletisme.fr\/wordpress\/100-jours-pour-traverser-leurope-le-nouveau-defi-fou-de-serge\/#primaryimage"},"image":{"@id":"https:\/\/janze-athletisme.fr\/wordpress\/100-jours-pour-traverser-leurope-le-nouveau-defi-fou-de-serge\/#primaryimage"},"thumbnailUrl":"https:\/\/janze-athletisme.fr\/wordpress\/wp-content\/uploads\/2025\/08\/Sans-titre.png","datePublished":"2025-08-06T10:17:24+00:00","breadcrumb":{"@id":"https:\/\/janze-athletisme.fr\/wordpress\/100-jours-pour-traverser-leurope-le-nouveau-defi-fou-de-serge\/#breadcrumb"},"inLanguage":"fr-FR","potentialAction":[{"@type":"ReadAction","target":["https:\/\/janze-athletisme.fr\/wordpress\/100-jours-pour-traverser-leurope-le-nouveau-defi-fou-de-serge\/"]}]},{"@type":"ImageObject","inLanguage":"fr-FR","@id":"https:\/\/janze-athletisme.fr\/wordpress\/100-jours-pour-traverser-leurope-le-nouveau-defi-fou-de-serge\/#primaryimage","url":"https:\/\/janze-athletisme.fr\/wordpress\/wp-content\/uploads\/2025\/08\/Sans-titre.png","contentUrl":"https:\/\/janze-athletisme.fr\/wordpress\/wp-content\/uploads\/2025\/08\/Sans-titre.png","width":225,"height":225},{"@type":"BreadcrumbList","@id":"https:\/\/janze-athletisme.fr\/wordpress\/100-jours-pour-traverser-leurope-le-nouveau-defi-fou-de-serge\/#breadcrumb","itemListElement":[{"@type":"ListItem","position":1,"name":"Accueil","item":"https:\/\/janze-athletisme.fr\/wordpress\/"},{"@type":"ListItem","position":2,"name":"100 jours pour traverser l&rsquo;Europe: le nouveau d\u00e9fi fou de Serge !"}]},{"@type":"WebSite","@id":"https:\/\/janze-athletisme.fr\/wordpress\/#website","url":"https:\/\/janze-athletisme.fr\/wordpress\/","name":"Janz\u00e9 Athl\u00e9tisme","description":"Pays de La Roche aux F\u00e9es","publisher":{"@id":"https:\/\/janze-athletisme.fr\/wordpress\/#organization"},"potentialAction":[{"@type":"SearchAction","target":{"@type":"EntryPoint","urlTemplate":"https:\/\/janze-athletisme.fr\/wordpress\/?s={search_term_string}"},"query-input":{"@type":"PropertyValueSpecification","valueRequired":true,"valueName":"search_term_string"}}],"inLanguage":"fr-FR"},{"@type":"Organization","@id":"https:\/\/janze-athletisme.fr\/wordpress\/#organization","name":"Janz\u00e9 Athl\u00e9tisme","url":"https:\/\/janze-athletisme.fr\/wordpress\/","logo":{"@type":"ImageObject","inLanguage":"fr-FR","@id":"https:\/\/janze-athletisme.fr\/wordpress\/#\/schema\/logo\/image\/","url":"https:\/\/janze-athletisme.fr\/wordpress\/wp-content\/uploads\/2015\/03\/logo-full1.jpg","contentUrl":"https:\/\/janze-athletisme.fr\/wordpress\/wp-content\/uploads\/2015\/03\/logo-full1.jpg","width":437,"height":205,"caption":"Janz\u00e9 Athl\u00e9tisme"},"image":{"@id":"https:\/\/janze-athletisme.fr\/wordpress\/#\/schema\/logo\/image\/"},"sameAs":["https:\/\/www.facebook.com\/groups\/1007964579346590"]},{"@type":"Person","@id":"https:\/\/janze-athletisme.fr\/wordpress\/#\/schema\/person\/e27efa3d49687b81c679eb0b5c4973e9","name":"Jean-Marie Jouzel","image":{"@type":"ImageObject","inLanguage":"fr-FR","@id":"https:\/\/secure.gravatar.com\/avatar\/6aaee532914ad5ae9d6b4c13c953c6689456493b17979b560cf8fd0c344930ab?s=96&d=mm&r=g","url":"https:\/\/secure.gravatar.com\/avatar\/6aaee532914ad5ae9d6b4c13c953c6689456493b17979b560cf8fd0c344930ab?s=96&d=mm&r=g","contentUrl":"https:\/\/secure.gravatar.com\/avatar\/6aaee532914ad5ae9d6b4c13c953c6689456493b17979b560cf8fd0c344930ab?s=96&d=mm&r=g","caption":"Jean-Marie Jouzel"},"url":"https:\/\/janze-athletisme.fr\/wordpress\/author\/jmjouzel\/"}]}},"uagb_featured_image_src":{"full":["https:\/\/janze-athletisme.fr\/wordpress\/wp-content\/uploads\/2025\/08\/Sans-titre.png",225,225,false],"thumbnail":["https:\/\/janze-athletisme.fr\/wordpress\/wp-content\/uploads\/2025\/08\/Sans-titre-150x150.png",150,150,true],"medium":["https:\/\/janze-athletisme.fr\/wordpress\/wp-content\/uploads\/2025\/08\/Sans-titre.png",225,225,false],"medium_large":["https:\/\/janze-athletisme.fr\/wordpress\/wp-content\/uploads\/2025\/08\/Sans-titre.png",225,225,false],"large":["https:\/\/janze-athletisme.fr\/wordpress\/wp-content\/uploads\/2025\/08\/Sans-titre.png",225,225,false],"1536x1536":["https:\/\/janze-athletisme.fr\/wordpress\/wp-content\/uploads\/2025\/08\/Sans-titre.png",225,225,false],"2048x2048":["https:\/\/janze-athletisme.fr\/wordpress\/wp-content\/uploads\/2025\/08\/Sans-titre.png",225,225,false]},"uagb_author_info":{"display_name":"Jean-Marie Jouzel","author_link":"https:\/\/janze-athletisme.fr\/wordpress\/author\/jmjouzel\/"},"uagb_comment_info":0,"uagb_excerpt":"Trans Europe Courir pour Hugo &nbsp; Serge est un homme de d\u00e9fi, de performance mais aussi et avant tout c&rsquo;est un sportif de haut niveau au grand coeur. Parrain avec Claudio Cap\u00e9o de l&rsquo;association Courir pour Hugo, il nous a d\u00e9j\u00e0 bluff\u00e9 dans le pass\u00e9 avec la travers\u00e9e de l&rsquo;Australie: 3685 km parcourus ! Cette\u2026","_links":{"self":[{"href":"https:\/\/janze-athletisme.fr\/wordpress\/wp-json\/wp\/v2\/posts\/26926","targetHints":{"allow":["GET"]}}],"collection":[{"href":"https:\/\/janze-athletisme.fr\/wordpress\/wp-json\/wp\/v2\/posts"}],"about":[{"href":"https:\/\/janze-athletisme.fr\/wordpress\/wp-json\/wp\/v2\/types\/post"}],"author":[{"embeddable":true,"href":"https:\/\/janze-athletisme.fr\/wordpress\/wp-json\/wp\/v2\/users\/8"}],"replies":[{"embeddable":true,"href":"https:\/\/janze-athletisme.fr\/wordpress\/wp-json\/wp\/v2\/comments?post=26926"}],"version-history":[{"count":1,"href":"https:\/\/janze-athletisme.fr\/wordpress\/wp-json\/wp\/v2\/posts\/26926\/revisions"}],"predecessor-version":[{"id":26929,"href":"https:\/\/janze-athletisme.fr\/wordpress\/wp-json\/wp\/v2\/posts\/26926\/revisions\/26929"}],"wp:featuredmedia":[{"embeddable":true,"href":"https:\/\/janze-athletisme.fr\/wordpress\/wp-json\/wp\/v2\/media\/26928"}],"wp:attachment":[{"href":"https:\/\/janze-athletisme.fr\/wordpress\/wp-json\/wp\/v2\/media?parent=26926"}],"wp:term":[{"taxonomy":"category","embeddable":true,"href":"https:\/\/janze-athletisme.fr\/wordpress\/wp-json\/wp\/v2\/categories?post=26926"},{"taxonomy":"post_tag","embeddable":true,"href":"https:\/\/janze-athletisme.fr\/wordpress\/wp-json\/wp\/v2\/tags?post=26926"}],"curies":[{"name":"wp","href":"https:\/\/api.w.org\/{rel}","templated":true}]}}