{"id":26922,"date":"2025-08-05T10:25:36","date_gmt":"2025-08-05T08:25:36","guid":{"rendered":"https:\/\/janze-athletisme.fr\/wordpress\/?p=26922"},"modified":"2025-08-05T10:25:36","modified_gmt":"2025-08-05T08:25:36","slug":"portraits-de-benevoles-laurent-meunier","status":"publish","type":"post","link":"https:\/\/janze-athletisme.fr\/wordpress\/portraits-de-benevoles-laurent-meunier\/","title":{"rendered":"Portraits de b\u00e9n\u00e9voles \u2013 Laurent Meunier"},"content":{"rendered":"<h1 style=\"text-align: center;\" data-start=\"125\" data-end=\"220\"><span style=\"font-family: 'times new roman', times, serif;\">Portraits de b\u00e9n\u00e9voles \u2013 \u00c0 la rencontre de celles et ceux qui font vivre Janz\u00e9 Athl\u00e9<\/span><\/h1>\n<p>&nbsp;<\/p>\n<p data-start=\"222\" data-end=\"566\"><span style=\"font-family: 'times new roman', times, serif;\">Un club, ce n\u2019est pas seulement des athl\u00e8tes et des performances : c\u2019est avant tout des <strong data-start=\"310\" data-end=\"379\">b\u00e9n\u00e9voles qui donnent de leur temps, leur \u00e9nergie et leur passion<\/strong> pour faire avancer la vie du groupe.<\/span><br data-start=\"416\" data-end=\"419\" \/><span style=\"font-family: 'times new roman', times, serif;\">Avec cette s\u00e9rie de portraits, nous avons voulu <strong data-start=\"467\" data-end=\"563\">mettre en lumi\u00e8re ces femmes et ces hommes qui, souvent dans l\u2019ombre, font vivre Janz\u00e9 Athl\u00e9<\/strong>.<\/span><\/p>\n<p data-start=\"568\" data-end=\"772\"><span style=\"font-family: 'times new roman', times, serif;\">Ces rencontres, c\u2019est l\u2019occasion de d\u00e9couvrir <strong data-start=\"614\" data-end=\"699\">leurs parcours, leurs motivations, leurs souvenirs et leur vision de l\u2019athl\u00e9tisme<\/strong>.<\/span><br data-start=\"700\" data-end=\"703\" \/><span style=\"font-family: 'times new roman', times, serif;\">Parce que sans eux, le club ne serait pas ce qu\u2019il est aujourd\u2019hui.<\/span><\/p>\n<h1 data-start=\"779\" data-end=\"841\"><\/h1>\n<h1 data-start=\"779\" data-end=\"841\"><span style=\"font-family: 'times new roman', times, serif;\"><strong data-start=\"781\" data-end=\"839\">Portrait n\u00b01 : Laurent Meunier, entra\u00eeneur demi-fond<\/strong><\/span><\/h1>\n<h3 data-start=\"843\" data-end=\"908\"><span style=\"font-family: 'times new roman', times, serif;\"><strong data-start=\"847\" data-end=\"906\">Un coach qui m\u00e8ne ses jeunes aux championnats de France<\/strong><\/span><\/h3>\n<p data-start=\"909\" data-end=\"1179\"><span style=\"font-family: 'times new roman', times, serif;\">Cette saison, Laurent a accompagn\u00e9 son groupe demi-fond vers de <strong data-start=\"973\" data-end=\"997\">tr\u00e8s beaux r\u00e9sultats<\/strong>, dont plusieurs qualifications aux championnats de France. Mais derri\u00e8re ces succ\u00e8s, <strong data-start=\"1083\" data-end=\"1177\">qui est vraiment Laurent, cet entra\u00eeneur passionn\u00e9 qui consacre tant de temps aux jeunes ?<\/strong><\/span><\/p>\n<h2 data-start=\"1186\" data-end=\"1212\"><span style=\"font-family: 'times new roman', times, serif;\"><strong data-start=\"1189\" data-end=\"1210\">Qui est Laurent ?<\/strong><\/span><\/h2>\n<p data-start=\"1213\" data-end=\"1459\"><span style=\"font-family: 'times new roman', times, serif;\">Laurent Meunier, bient\u00f4t \u00e0 la retraite, travaille \u00e0 <strong data-start=\"1265\" data-end=\"1285\">Rennes M\u00e9tropole<\/strong> dans le domaine de l\u2019am\u00e9nagement et de l\u2019urbanisme.<\/span><br data-start=\"1337\" data-end=\"1340\" \/><span style=\"font-family: 'times new roman', times, serif;\">Il a rejoint <strong data-start=\"1353\" data-end=\"1376\">Janz\u00e9 Athl\u00e9 en 2012<\/strong> pour suivre sa fille La\u00efs, inscrite en \u00e9veil athl\u00e9\u2026 et il n\u2019est jamais reparti !<\/span><\/p>\n<h2 data-start=\"1466\" data-end=\"1512\"><span style=\"font-family: 'times new roman', times, serif;\"><strong data-start=\"1469\" data-end=\"1510\">Un amoureux d\u2019athl\u00e9 depuis le coll\u00e8ge<\/strong><\/span><\/h2>\n<p data-start=\"1513\" data-end=\"1803\"><span style=\"font-family: 'times new roman', times, serif;\">Laurent a d\u00e9couvert l\u2019athl\u00e9tisme <strong data-start=\"1546\" data-end=\"1560\">au coll\u00e8ge<\/strong>, en saut en hauteur, avant de se tourner vers la course. Tr\u00e8s vite, il se fait remarquer :<\/span><br data-start=\"1651\" data-end=\"1654\" \/><span style=\"font-family: 'times new roman', times, serif;\">43\u1d49 Fran\u00e7ais sur 1200m en minime<\/span><br data-start=\"1688\" data-end=\"1691\" \/><span style=\"font-family: 'times new roman', times, serif;\">Finaliste national au 4x1000m cadets avec l\u2019Entente des Mauges<\/span><br data-start=\"1755\" data-end=\"1758\" \/><span style=\"font-family: 'times new roman', times, serif;\">Un solide niveau r\u00e9gional jusqu\u2019en junior<\/span><\/p>\n<p data-start=\"1805\" data-end=\"1933\"><span style=\"font-family: 'times new roman', times, serif;\">Apr\u00e8s un long arr\u00eat, il reprend la course sur route dans les ann\u00e9es 90, avant de passer naturellement du c\u00f4t\u00e9 des entra\u00eeneurs.<\/span><\/p>\n<p data-start=\"1935\" data-end=\"2058\"><span style=\"font-family: 'times new roman', times, serif;\"><em data-start=\"1938\" data-end=\"2056\">\u00ab J\u2019ai toujours eu envie de comprendre comment l\u2019entra\u00eenement fonctionne. Alors transmettre, c\u2019\u00e9tait une \u00e9vidence. \u00bb<\/em><\/span><\/p>\n<h2 data-start=\"2065\" data-end=\"2102\"><span style=\"font-family: 'times new roman', times, serif;\"><strong data-start=\"2068\" data-end=\"2100\">Son r\u00f4le au club aujourd\u2019hui<\/strong><\/span><\/h2>\n<p data-start=\"2103\" data-end=\"2267\"><span style=\"font-family: 'times new roman', times, serif;\">Laurent, c\u2019est :<\/span><br data-start=\"2119\" data-end=\"2122\" \/><span style=\"font-family: 'times new roman', times, serif;\"><strong data-start=\"2124\" data-end=\"2164\">Entra\u00eeneur demi-fond pour les jeunes<\/strong><\/span><br data-start=\"2164\" data-end=\"2167\" \/><span style=\"font-family: 'times new roman', times, serif;\"><strong data-start=\"2169\" data-end=\"2195\">Juge de temps en temps<\/strong><\/span><br data-start=\"2195\" data-end=\"2198\" \/><span style=\"font-family: 'times new roman', times, serif;\"><strong data-start=\"2200\" data-end=\"2233\">Co-animateur du site Internet<\/strong><\/span><br data-start=\"2233\" data-end=\"2236\" \/><span style=\"font-family: 'times new roman', times, serif;\"><strong data-start=\"2238\" data-end=\"2265\">Ancien membre du bureau<\/strong><\/span><\/p>\n<p data-start=\"2269\" data-end=\"2427\"><span style=\"font-family: 'times new roman', times, serif;\">En 2024, il a consacr\u00e9 pr\u00e8s de <strong data-start=\"2300\" data-end=\"2322\">800 heures au club<\/strong> : entra\u00eenements, comp\u00e9titions, pr\u00e9paration des s\u00e9ances, communication\u2026 Un vrai pilier de Janz\u00e9 Athl\u00e9 !<\/span><\/p>\n<h2 data-start=\"2434\" data-end=\"2460\"><span style=\"font-family: 'times new roman', times, serif;\"><strong data-start=\"2437\" data-end=\"2458\">Ses moments forts<\/strong><\/span><\/h2>\n<p data-start=\"2461\" data-end=\"2751\"><span style=\"font-family: 'times new roman', times, serif;\">Parmi ses souvenirs marquants :<\/span><br data-start=\"2492\" data-end=\"2495\" \/><span style=\"font-family: 'times new roman', times, serif;\">Les R\u00e9gionaux minimes 2023 \u00e0 Redon : <em data-start=\"2534\" data-end=\"2612\">\u00ab Tous mes jeunes ont battu leur record le m\u00eame jour, c\u2019\u00e9tait incroyable ! \u00bb<\/em><\/span><br data-start=\"2612\" data-end=\"2615\" \/><span style=\"font-family: 'times new roman', times, serif;\">Les Pr\u00e9-France de cross, avec les qualifs \u00e0 la cl\u00e9<\/span><br data-start=\"2667\" data-end=\"2670\" \/><span style=\"font-family: 'times new roman', times, serif;\">Les voyages pour les championnats de France : Carhaix, Saint-Omer, Le Garric\u2026<\/span><\/p>\n<p data-start=\"2753\" data-end=\"2856\"><span style=\"font-family: 'times new roman', times, serif;\"><em data-start=\"2756\" data-end=\"2854\">\u00ab J\u2019adore aussi accompagner les d\u00e9butants. Leur plaisir vaut largement celui des comp\u00e9titeurs. \u00bb<\/em><\/span><\/p>\n<h2 data-start=\"2863\" data-end=\"2897\"><span style=\"font-family: 'times new roman', times, serif;\"><strong data-start=\"2866\" data-end=\"2895\">Sa vision de l\u2019athl\u00e9tisme<\/strong><\/span><\/h2>\n<p data-start=\"2898\" data-end=\"3009\"><span style=\"font-family: 'times new roman', times, serif;\">Pour Laurent, l\u2019athl\u00e9, c\u2019est <strong data-start=\"2927\" data-end=\"3005\">un sport o\u00f9 la performance individuelle s\u2019appuie sur la force du collectif<\/strong> :<\/span><\/p>\n<blockquote data-start=\"3010\" data-end=\"3087\">\n<p data-start=\"3012\" data-end=\"3087\"><span style=\"font-family: 'times new roman', times, serif;\"><em data-start=\"3012\" data-end=\"3085\">\u00ab On est plus fort tout seul, mais on va beaucoup plus loin ensemble. \u00bb<\/em><\/span><\/p>\n<\/blockquote>\n<p data-start=\"3089\" data-end=\"3358\"><span style=\"font-family: 'times new roman', times, serif;\">Il constate un <strong data-start=\"3104\" data-end=\"3144\">niveau jamais vu en demi-fond breton<\/strong> et voit dans la formation des entra\u00eeneurs un atout majeur pour l\u2019avenir.<\/span><br data-start=\"3217\" data-end=\"3220\" \/><span style=\"font-family: 'times new roman', times, serif;\">Ses priorit\u00e9s pour les clubs :<\/span><br data-start=\"3250\" data-end=\"3253\" \/><span style=\"font-family: 'times new roman', times, serif;\">Structurer et fid\u00e9liser les b\u00e9n\u00e9voles<\/span><br data-start=\"3292\" data-end=\"3295\" \/><span style=\"font-family: 'times new roman', times, serif;\">Cr\u00e9er du plaisir pour attirer de nouveaux jeunes et adultes<\/span><\/p>\n<h3 data-start=\"3365\" data-end=\"3392\"><span style=\"font-family: 'times new roman', times, serif;\"><strong data-start=\"3369\" data-end=\"3390\">Sa phrase f\u00e9tiche<\/strong><\/span><\/h3>\n<blockquote data-start=\"3393\" data-end=\"3483\">\n<p data-start=\"3395\" data-end=\"3483\"><span style=\"font-family: 'times new roman', times, serif;\"><em data-start=\"3395\" data-end=\"3481\">\u00ab L\u2019athl\u00e8te est un homme qui fait reculer les murs de sa prison. \u00bb \u2013 Antoine Blondin<\/em><\/span><\/p>\n<\/blockquote>\n<h2 data-start=\"3490\" data-end=\"3514\"><span style=\"font-family: 'times new roman', times, serif;\"><strong data-start=\"3493\" data-end=\"3512\">Merci Laurent !<\/strong><\/span><\/h2>\n<p data-start=\"3515\" data-end=\"3602\"><span style=\"font-family: 'times new roman', times, serif;\">Pour ton temps, ton \u00e9nergie et ta passion, qui font briller Janz\u00e9 Athl\u00e9 au quotidien.<\/span><\/p>\n","protected":false},"excerpt":{"rendered":"<p>Portraits de b\u00e9n\u00e9voles \u2013 \u00c0 la rencontre de celles et ceux qui font vivre Janz\u00e9 Athl\u00e9 &nbsp; Un club, ce n\u2019est pas seulement des athl\u00e8tes et des performances : c\u2019est avant tout des b\u00e9n\u00e9voles qui donnent de leur temps, leur \u00e9nergie et leur passion pour faire avancer la vie du groupe.Avec cette s\u00e9rie de portraits, [&hellip;]<\/p>\n","protected":false},"author":11,"featured_media":26923,"comment_status":"open","ping_status":"open","sticky":false,"template":"","format":"aside","meta":{"_uag_custom_page_level_css":"","site-sidebar-layout":"default","site-content-layout":"","ast-site-content-layout":"default","site-content-style":"default","site-sidebar-style":"default","ast-global-header-display":"","ast-banner-title-visibility":"","ast-main-header-display":"","ast-hfb-above-header-display":"","ast-hfb-below-header-display":"","ast-hfb-mobile-header-display":"","site-post-title":"","ast-breadcrumbs-content":"","ast-featured-img":"","footer-sml-layout":"","ast-disable-related-posts":"","theme-transparent-header-meta":"default","adv-header-id-meta":"","stick-header-meta":"","header-above-stick-meta":"","header-main-stick-meta":"","header-below-stick-meta":"","astra-migrate-meta-layouts":"set","ast-page-background-enabled":"default","ast-page-background-meta":{"desktop":{"background-color":"var(--ast-global-color-4)","background-image":"","background-repeat":"repeat","background-position":"center center","background-size":"auto","background-attachment":"scroll","background-type":"","background-media":"","overlay-type":"","overlay-color":"","overlay-opacity":"","overlay-gradient":""},"tablet":{"background-color":"","background-image":"","background-repeat":"repeat","background-position":"center center","background-size":"auto","background-attachment":"scroll","background-type":"","background-media":"","overlay-type":"","overlay-color":"","overlay-opacity":"","overlay-gradient":""},"mobile":{"background-color":"","background-image":"","background-repeat":"repeat","background-position":"center center","background-size":"auto","background-attachment":"scroll","background-type":"","background-media":"","overlay-type":"","overlay-color":"","overlay-opacity":"","overlay-gradient":""}},"ast-content-background-meta":{"desktop":{"background-color":"var(--ast-global-color-5)","background-image":"","background-repeat":"repeat","background-position":"center center","background-size":"auto","background-attachment":"scroll","background-type":"","background-media":"","overlay-type":"","overlay-color":"","overlay-opacity":"","overlay-gradient":""},"tablet":{"background-color":"var(--ast-global-color-5)","background-image":"","background-repeat":"repeat","background-position":"center center","background-size":"auto","background-attachment":"scroll","background-type":"","background-media":"","overlay-type":"","overlay-color":"","overlay-opacity":"","overlay-gradient":""},"mobile":{"background-color":"var(--ast-global-color-5)","background-image":"","background-repeat":"repeat","background-position":"center center","background-size":"auto","background-attachment":"scroll","background-type":"","background-media":"","overlay-type":"","overlay-color":"","overlay-opacity":"","overlay-gradient":""}},"footnotes":""},"categories":[6],"tags":[],"class_list":["post-26922","post","type-post","status-publish","format-aside","has-post-thumbnail","hentry","category-sections","post_format-post-format-aside"],"yoast_head":"<!-- This site is optimized with the Yoast SEO plugin v27.5 - https:\/\/yoast.com\/product\/yoast-seo-wordpress\/ -->\n<title>Portraits de b\u00e9n\u00e9voles \u2013 Laurent Meunier - Janz\u00e9 Athl\u00e9tisme<\/title>\n<meta name=\"robots\" content=\"index, follow, max-snippet:-1, max-image-preview:large, max-video-preview:-1\" \/>\n<link rel=\"canonical\" href=\"https:\/\/janze-athletisme.fr\/wordpress\/portraits-de-benevoles-laurent-meunier\/\" \/>\n<meta property=\"og:locale\" content=\"fr_FR\" \/>\n<meta property=\"og:type\" content=\"article\" \/>\n<meta property=\"og:title\" content=\"Portraits de b\u00e9n\u00e9voles \u2013 Laurent Meunier - Janz\u00e9 Athl\u00e9tisme\" \/>\n<meta property=\"og:description\" content=\"Portraits de b\u00e9n\u00e9voles \u2013 \u00c0 la rencontre de celles et ceux qui font vivre Janz\u00e9 Athl\u00e9 &nbsp; Un club, ce n\u2019est pas seulement des athl\u00e8tes et des performances : c\u2019est avant tout des b\u00e9n\u00e9voles qui donnent de leur temps, leur \u00e9nergie et leur passion pour faire avancer la vie du groupe.Avec cette s\u00e9rie de portraits, [&hellip;]\" \/>\n<meta property=\"og:url\" content=\"https:\/\/janze-athletisme.fr\/wordpress\/portraits-de-benevoles-laurent-meunier\/\" \/>\n<meta property=\"og:site_name\" content=\"Janz\u00e9 Athl\u00e9tisme\" \/>\n<meta property=\"article:publisher\" content=\"https:\/\/www.facebook.com\/groups\/1007964579346590\" \/>\n<meta property=\"article:published_time\" content=\"2025-08-05T08:25:36+00:00\" \/>\n<meta property=\"og:image\" content=\"https:\/\/janze-athletisme.fr\/wordpress\/wp-content\/uploads\/2025\/08\/IMG_9192.jpg\" \/>\n\t<meta property=\"og:image:width\" content=\"376\" \/>\n\t<meta property=\"og:image:height\" content=\"723\" \/>\n\t<meta property=\"og:image:type\" content=\"image\/jpeg\" \/>\n<meta name=\"author\" content=\"Mathieu Henry\" \/>\n<meta name=\"twitter:card\" content=\"summary_large_image\" \/>\n<meta name=\"twitter:label1\" content=\"\u00c9crit par\" \/>\n\t<meta name=\"twitter:data1\" content=\"Mathieu Henry\" \/>\n\t<meta name=\"twitter:label2\" content=\"Dur\u00e9e de lecture estim\u00e9e\" \/>\n\t<meta name=\"twitter:data2\" content=\"3 minutes\" \/>\n<script type=\"application\/ld+json\" class=\"yoast-schema-graph\">{\"@context\":\"https:\\\/\\\/schema.org\",\"@graph\":[{\"@type\":\"Article\",\"@id\":\"https:\\\/\\\/janze-athletisme.fr\\\/wordpress\\\/portraits-de-benevoles-laurent-meunier\\\/#article\",\"isPartOf\":{\"@id\":\"https:\\\/\\\/janze-athletisme.fr\\\/wordpress\\\/portraits-de-benevoles-laurent-meunier\\\/\"},\"author\":{\"name\":\"Mathieu Henry\",\"@id\":\"https:\\\/\\\/janze-athletisme.fr\\\/wordpress\\\/#\\\/schema\\\/person\\\/18fefdd57ab54de1e0b2b03ce255394c\"},\"headline\":\"Portraits de b\u00e9n\u00e9voles \u2013 Laurent Meunier\",\"datePublished\":\"2025-08-05T08:25:36+00:00\",\"mainEntityOfPage\":{\"@id\":\"https:\\\/\\\/janze-athletisme.fr\\\/wordpress\\\/portraits-de-benevoles-laurent-meunier\\\/\"},\"wordCount\":578,\"commentCount\":1,\"publisher\":{\"@id\":\"https:\\\/\\\/janze-athletisme.fr\\\/wordpress\\\/#organization\"},\"image\":{\"@id\":\"https:\\\/\\\/janze-athletisme.fr\\\/wordpress\\\/portraits-de-benevoles-laurent-meunier\\\/#primaryimage\"},\"thumbnailUrl\":\"https:\\\/\\\/janze-athletisme.fr\\\/wordpress\\\/wp-content\\\/uploads\\\/2025\\\/08\\\/IMG_9192.jpg\",\"articleSection\":[\"Le club au jour le jour\"],\"inLanguage\":\"fr-FR\",\"potentialAction\":[{\"@type\":\"CommentAction\",\"name\":\"Comment\",\"target\":[\"https:\\\/\\\/janze-athletisme.fr\\\/wordpress\\\/portraits-de-benevoles-laurent-meunier\\\/#respond\"]}]},{\"@type\":\"WebPage\",\"@id\":\"https:\\\/\\\/janze-athletisme.fr\\\/wordpress\\\/portraits-de-benevoles-laurent-meunier\\\/\",\"url\":\"https:\\\/\\\/janze-athletisme.fr\\\/wordpress\\\/portraits-de-benevoles-laurent-meunier\\\/\",\"name\":\"Portraits de b\u00e9n\u00e9voles \u2013 Laurent Meunier - Janz\u00e9 Athl\u00e9tisme\",\"isPartOf\":{\"@id\":\"https:\\\/\\\/janze-athletisme.fr\\\/wordpress\\\/#website\"},\"primaryImageOfPage\":{\"@id\":\"https:\\\/\\\/janze-athletisme.fr\\\/wordpress\\\/portraits-de-benevoles-laurent-meunier\\\/#primaryimage\"},\"image\":{\"@id\":\"https:\\\/\\\/janze-athletisme.fr\\\/wordpress\\\/portraits-de-benevoles-laurent-meunier\\\/#primaryimage\"},\"thumbnailUrl\":\"https:\\\/\\\/janze-athletisme.fr\\\/wordpress\\\/wp-content\\\/uploads\\\/2025\\\/08\\\/IMG_9192.jpg\",\"datePublished\":\"2025-08-05T08:25:36+00:00\",\"breadcrumb\":{\"@id\":\"https:\\\/\\\/janze-athletisme.fr\\\/wordpress\\\/portraits-de-benevoles-laurent-meunier\\\/#breadcrumb\"},\"inLanguage\":\"fr-FR\",\"potentialAction\":[{\"@type\":\"ReadAction\",\"target\":[\"https:\\\/\\\/janze-athletisme.fr\\\/wordpress\\\/portraits-de-benevoles-laurent-meunier\\\/\"]}]},{\"@type\":\"ImageObject\",\"inLanguage\":\"fr-FR\",\"@id\":\"https:\\\/\\\/janze-athletisme.fr\\\/wordpress\\\/portraits-de-benevoles-laurent-meunier\\\/#primaryimage\",\"url\":\"https:\\\/\\\/janze-athletisme.fr\\\/wordpress\\\/wp-content\\\/uploads\\\/2025\\\/08\\\/IMG_9192.jpg\",\"contentUrl\":\"https:\\\/\\\/janze-athletisme.fr\\\/wordpress\\\/wp-content\\\/uploads\\\/2025\\\/08\\\/IMG_9192.jpg\",\"width\":376,\"height\":723},{\"@type\":\"BreadcrumbList\",\"@id\":\"https:\\\/\\\/janze-athletisme.fr\\\/wordpress\\\/portraits-de-benevoles-laurent-meunier\\\/#breadcrumb\",\"itemListElement\":[{\"@type\":\"ListItem\",\"position\":1,\"name\":\"Accueil\",\"item\":\"https:\\\/\\\/janze-athletisme.fr\\\/wordpress\\\/\"},{\"@type\":\"ListItem\",\"position\":2,\"name\":\"Portraits de b\u00e9n\u00e9voles \u2013 Laurent Meunier\"}]},{\"@type\":\"WebSite\",\"@id\":\"https:\\\/\\\/janze-athletisme.fr\\\/wordpress\\\/#website\",\"url\":\"https:\\\/\\\/janze-athletisme.fr\\\/wordpress\\\/\",\"name\":\"Janz\u00e9 Athl\u00e9tisme\",\"description\":\"Pays de La Roche aux F\u00e9es\",\"publisher\":{\"@id\":\"https:\\\/\\\/janze-athletisme.fr\\\/wordpress\\\/#organization\"},\"potentialAction\":[{\"@type\":\"SearchAction\",\"target\":{\"@type\":\"EntryPoint\",\"urlTemplate\":\"https:\\\/\\\/janze-athletisme.fr\\\/wordpress\\\/?s={search_term_string}\"},\"query-input\":{\"@type\":\"PropertyValueSpecification\",\"valueRequired\":true,\"valueName\":\"search_term_string\"}}],\"inLanguage\":\"fr-FR\"},{\"@type\":\"Organization\",\"@id\":\"https:\\\/\\\/janze-athletisme.fr\\\/wordpress\\\/#organization\",\"name\":\"Janz\u00e9 Athl\u00e9tisme\",\"url\":\"https:\\\/\\\/janze-athletisme.fr\\\/wordpress\\\/\",\"logo\":{\"@type\":\"ImageObject\",\"inLanguage\":\"fr-FR\",\"@id\":\"https:\\\/\\\/janze-athletisme.fr\\\/wordpress\\\/#\\\/schema\\\/logo\\\/image\\\/\",\"url\":\"https:\\\/\\\/janze-athletisme.fr\\\/wordpress\\\/wp-content\\\/uploads\\\/2015\\\/03\\\/logo-full1.jpg\",\"contentUrl\":\"https:\\\/\\\/janze-athletisme.fr\\\/wordpress\\\/wp-content\\\/uploads\\\/2015\\\/03\\\/logo-full1.jpg\",\"width\":437,\"height\":205,\"caption\":\"Janz\u00e9 Athl\u00e9tisme\"},\"image\":{\"@id\":\"https:\\\/\\\/janze-athletisme.fr\\\/wordpress\\\/#\\\/schema\\\/logo\\\/image\\\/\"},\"sameAs\":[\"https:\\\/\\\/www.facebook.com\\\/groups\\\/1007964579346590\"]},{\"@type\":\"Person\",\"@id\":\"https:\\\/\\\/janze-athletisme.fr\\\/wordpress\\\/#\\\/schema\\\/person\\\/18fefdd57ab54de1e0b2b03ce255394c\",\"name\":\"Mathieu Henry\",\"image\":{\"@type\":\"ImageObject\",\"inLanguage\":\"fr-FR\",\"@id\":\"https:\\\/\\\/secure.gravatar.com\\\/avatar\\\/e40c9603c4663261ec2699b75966809103fea0f6b606ac4b27fd3f4ff80d3e64?s=96&d=mm&r=g\",\"url\":\"https:\\\/\\\/secure.gravatar.com\\\/avatar\\\/e40c9603c4663261ec2699b75966809103fea0f6b606ac4b27fd3f4ff80d3e64?s=96&d=mm&r=g\",\"contentUrl\":\"https:\\\/\\\/secure.gravatar.com\\\/avatar\\\/e40c9603c4663261ec2699b75966809103fea0f6b606ac4b27fd3f4ff80d3e64?s=96&d=mm&r=g\",\"caption\":\"Mathieu Henry\"},\"url\":\"https:\\\/\\\/janze-athletisme.fr\\\/wordpress\\\/author\\\/mhenry35150\\\/\"}]}<\/script>\n<!-- \/ Yoast SEO plugin. -->","yoast_head_json":{"title":"Portraits de b\u00e9n\u00e9voles \u2013 Laurent Meunier - Janz\u00e9 Athl\u00e9tisme","robots":{"index":"index","follow":"follow","max-snippet":"max-snippet:-1","max-image-preview":"max-image-preview:large","max-video-preview":"max-video-preview:-1"},"canonical":"https:\/\/janze-athletisme.fr\/wordpress\/portraits-de-benevoles-laurent-meunier\/","og_locale":"fr_FR","og_type":"article","og_title":"Portraits de b\u00e9n\u00e9voles \u2013 Laurent Meunier - Janz\u00e9 Athl\u00e9tisme","og_description":"Portraits de b\u00e9n\u00e9voles \u2013 \u00c0 la rencontre de celles et ceux qui font vivre Janz\u00e9 Athl\u00e9 &nbsp; Un club, ce n\u2019est pas seulement des athl\u00e8tes et des performances : c\u2019est avant tout des b\u00e9n\u00e9voles qui donnent de leur temps, leur \u00e9nergie et leur passion pour faire avancer la vie du groupe.Avec cette s\u00e9rie de portraits, [&hellip;]","og_url":"https:\/\/janze-athletisme.fr\/wordpress\/portraits-de-benevoles-laurent-meunier\/","og_site_name":"Janz\u00e9 Athl\u00e9tisme","article_publisher":"https:\/\/www.facebook.com\/groups\/1007964579346590","article_published_time":"2025-08-05T08:25:36+00:00","og_image":[{"width":376,"height":723,"url":"https:\/\/janze-athletisme.fr\/wordpress\/wp-content\/uploads\/2025\/08\/IMG_9192.jpg","type":"image\/jpeg"}],"author":"Mathieu Henry","twitter_card":"summary_large_image","twitter_misc":{"\u00c9crit par":"Mathieu Henry","Dur\u00e9e de lecture estim\u00e9e":"3 minutes"},"schema":{"@context":"https:\/\/schema.org","@graph":[{"@type":"Article","@id":"https:\/\/janze-athletisme.fr\/wordpress\/portraits-de-benevoles-laurent-meunier\/#article","isPartOf":{"@id":"https:\/\/janze-athletisme.fr\/wordpress\/portraits-de-benevoles-laurent-meunier\/"},"author":{"name":"Mathieu Henry","@id":"https:\/\/janze-athletisme.fr\/wordpress\/#\/schema\/person\/18fefdd57ab54de1e0b2b03ce255394c"},"headline":"Portraits de b\u00e9n\u00e9voles \u2013 Laurent Meunier","datePublished":"2025-08-05T08:25:36+00:00","mainEntityOfPage":{"@id":"https:\/\/janze-athletisme.fr\/wordpress\/portraits-de-benevoles-laurent-meunier\/"},"wordCount":578,"commentCount":1,"publisher":{"@id":"https:\/\/janze-athletisme.fr\/wordpress\/#organization"},"image":{"@id":"https:\/\/janze-athletisme.fr\/wordpress\/portraits-de-benevoles-laurent-meunier\/#primaryimage"},"thumbnailUrl":"https:\/\/janze-athletisme.fr\/wordpress\/wp-content\/uploads\/2025\/08\/IMG_9192.jpg","articleSection":["Le club au jour le jour"],"inLanguage":"fr-FR","potentialAction":[{"@type":"CommentAction","name":"Comment","target":["https:\/\/janze-athletisme.fr\/wordpress\/portraits-de-benevoles-laurent-meunier\/#respond"]}]},{"@type":"WebPage","@id":"https:\/\/janze-athletisme.fr\/wordpress\/portraits-de-benevoles-laurent-meunier\/","url":"https:\/\/janze-athletisme.fr\/wordpress\/portraits-de-benevoles-laurent-meunier\/","name":"Portraits de b\u00e9n\u00e9voles \u2013 Laurent Meunier - Janz\u00e9 Athl\u00e9tisme","isPartOf":{"@id":"https:\/\/janze-athletisme.fr\/wordpress\/#website"},"primaryImageOfPage":{"@id":"https:\/\/janze-athletisme.fr\/wordpress\/portraits-de-benevoles-laurent-meunier\/#primaryimage"},"image":{"@id":"https:\/\/janze-athletisme.fr\/wordpress\/portraits-de-benevoles-laurent-meunier\/#primaryimage"},"thumbnailUrl":"https:\/\/janze-athletisme.fr\/wordpress\/wp-content\/uploads\/2025\/08\/IMG_9192.jpg","datePublished":"2025-08-05T08:25:36+00:00","breadcrumb":{"@id":"https:\/\/janze-athletisme.fr\/wordpress\/portraits-de-benevoles-laurent-meunier\/#breadcrumb"},"inLanguage":"fr-FR","potentialAction":[{"@type":"ReadAction","target":["https:\/\/janze-athletisme.fr\/wordpress\/portraits-de-benevoles-laurent-meunier\/"]}]},{"@type":"ImageObject","inLanguage":"fr-FR","@id":"https:\/\/janze-athletisme.fr\/wordpress\/portraits-de-benevoles-laurent-meunier\/#primaryimage","url":"https:\/\/janze-athletisme.fr\/wordpress\/wp-content\/uploads\/2025\/08\/IMG_9192.jpg","contentUrl":"https:\/\/janze-athletisme.fr\/wordpress\/wp-content\/uploads\/2025\/08\/IMG_9192.jpg","width":376,"height":723},{"@type":"BreadcrumbList","@id":"https:\/\/janze-athletisme.fr\/wordpress\/portraits-de-benevoles-laurent-meunier\/#breadcrumb","itemListElement":[{"@type":"ListItem","position":1,"name":"Accueil","item":"https:\/\/janze-athletisme.fr\/wordpress\/"},{"@type":"ListItem","position":2,"name":"Portraits de b\u00e9n\u00e9voles \u2013 Laurent Meunier"}]},{"@type":"WebSite","@id":"https:\/\/janze-athletisme.fr\/wordpress\/#website","url":"https:\/\/janze-athletisme.fr\/wordpress\/","name":"Janz\u00e9 Athl\u00e9tisme","description":"Pays de La Roche aux F\u00e9es","publisher":{"@id":"https:\/\/janze-athletisme.fr\/wordpress\/#organization"},"potentialAction":[{"@type":"SearchAction","target":{"@type":"EntryPoint","urlTemplate":"https:\/\/janze-athletisme.fr\/wordpress\/?s={search_term_string}"},"query-input":{"@type":"PropertyValueSpecification","valueRequired":true,"valueName":"search_term_string"}}],"inLanguage":"fr-FR"},{"@type":"Organization","@id":"https:\/\/janze-athletisme.fr\/wordpress\/#organization","name":"Janz\u00e9 Athl\u00e9tisme","url":"https:\/\/janze-athletisme.fr\/wordpress\/","logo":{"@type":"ImageObject","inLanguage":"fr-FR","@id":"https:\/\/janze-athletisme.fr\/wordpress\/#\/schema\/logo\/image\/","url":"https:\/\/janze-athletisme.fr\/wordpress\/wp-content\/uploads\/2015\/03\/logo-full1.jpg","contentUrl":"https:\/\/janze-athletisme.fr\/wordpress\/wp-content\/uploads\/2015\/03\/logo-full1.jpg","width":437,"height":205,"caption":"Janz\u00e9 Athl\u00e9tisme"},"image":{"@id":"https:\/\/janze-athletisme.fr\/wordpress\/#\/schema\/logo\/image\/"},"sameAs":["https:\/\/www.facebook.com\/groups\/1007964579346590"]},{"@type":"Person","@id":"https:\/\/janze-athletisme.fr\/wordpress\/#\/schema\/person\/18fefdd57ab54de1e0b2b03ce255394c","name":"Mathieu Henry","image":{"@type":"ImageObject","inLanguage":"fr-FR","@id":"https:\/\/secure.gravatar.com\/avatar\/e40c9603c4663261ec2699b75966809103fea0f6b606ac4b27fd3f4ff80d3e64?s=96&d=mm&r=g","url":"https:\/\/secure.gravatar.com\/avatar\/e40c9603c4663261ec2699b75966809103fea0f6b606ac4b27fd3f4ff80d3e64?s=96&d=mm&r=g","contentUrl":"https:\/\/secure.gravatar.com\/avatar\/e40c9603c4663261ec2699b75966809103fea0f6b606ac4b27fd3f4ff80d3e64?s=96&d=mm&r=g","caption":"Mathieu Henry"},"url":"https:\/\/janze-athletisme.fr\/wordpress\/author\/mhenry35150\/"}]}},"uagb_featured_image_src":{"full":["https:\/\/janze-athletisme.fr\/wordpress\/wp-content\/uploads\/2025\/08\/IMG_9192.jpg",376,723,false],"thumbnail":["https:\/\/janze-athletisme.fr\/wordpress\/wp-content\/uploads\/2025\/08\/IMG_9192-150x150.jpg",150,150,true],"medium":["https:\/\/janze-athletisme.fr\/wordpress\/wp-content\/uploads\/2025\/08\/IMG_9192-156x300.jpg",156,300,true],"medium_large":["https:\/\/janze-athletisme.fr\/wordpress\/wp-content\/uploads\/2025\/08\/IMG_9192.jpg",376,723,false],"large":["https:\/\/janze-athletisme.fr\/wordpress\/wp-content\/uploads\/2025\/08\/IMG_9192.jpg",376,723,false],"1536x1536":["https:\/\/janze-athletisme.fr\/wordpress\/wp-content\/uploads\/2025\/08\/IMG_9192.jpg",376,723,false],"2048x2048":["https:\/\/janze-athletisme.fr\/wordpress\/wp-content\/uploads\/2025\/08\/IMG_9192.jpg",376,723,false]},"uagb_author_info":{"display_name":"Mathieu Henry","author_link":"https:\/\/janze-athletisme.fr\/wordpress\/author\/mhenry35150\/"},"uagb_comment_info":1,"uagb_excerpt":"Portraits de b\u00e9n\u00e9voles \u2013 \u00c0 la rencontre de celles et ceux qui font vivre Janz\u00e9 Athl\u00e9 &nbsp; Un club, ce n\u2019est pas seulement des athl\u00e8tes et des performances : c\u2019est avant tout des b\u00e9n\u00e9voles qui donnent de leur temps, leur \u00e9nergie et leur passion pour faire avancer la vie du groupe.Avec cette s\u00e9rie de portraits,\u2026","_links":{"self":[{"href":"https:\/\/janze-athletisme.fr\/wordpress\/wp-json\/wp\/v2\/posts\/26922","targetHints":{"allow":["GET"]}}],"collection":[{"href":"https:\/\/janze-athletisme.fr\/wordpress\/wp-json\/wp\/v2\/posts"}],"about":[{"href":"https:\/\/janze-athletisme.fr\/wordpress\/wp-json\/wp\/v2\/types\/post"}],"author":[{"embeddable":true,"href":"https:\/\/janze-athletisme.fr\/wordpress\/wp-json\/wp\/v2\/users\/11"}],"replies":[{"embeddable":true,"href":"https:\/\/janze-athletisme.fr\/wordpress\/wp-json\/wp\/v2\/comments?post=26922"}],"version-history":[{"count":1,"href":"https:\/\/janze-athletisme.fr\/wordpress\/wp-json\/wp\/v2\/posts\/26922\/revisions"}],"predecessor-version":[{"id":26924,"href":"https:\/\/janze-athletisme.fr\/wordpress\/wp-json\/wp\/v2\/posts\/26922\/revisions\/26924"}],"wp:featuredmedia":[{"embeddable":true,"href":"https:\/\/janze-athletisme.fr\/wordpress\/wp-json\/wp\/v2\/media\/26923"}],"wp:attachment":[{"href":"https:\/\/janze-athletisme.fr\/wordpress\/wp-json\/wp\/v2\/media?parent=26922"}],"wp:term":[{"taxonomy":"category","embeddable":true,"href":"https:\/\/janze-athletisme.fr\/wordpress\/wp-json\/wp\/v2\/categories?post=26922"},{"taxonomy":"post_tag","embeddable":true,"href":"https:\/\/janze-athletisme.fr\/wordpress\/wp-json\/wp\/v2\/tags?post=26922"}],"curies":[{"name":"wp","href":"https:\/\/api.w.org\/{rel}","templated":true}]}}