{"id":26914,"date":"2025-08-03T11:29:45","date_gmt":"2025-08-03T09:29:45","guid":{"rendered":"https:\/\/janze-athletisme.fr\/wordpress\/?p=26914"},"modified":"2025-08-03T11:29:45","modified_gmt":"2025-08-03T09:29:45","slug":"venez-faire-de-lathletisme","status":"publish","type":"post","link":"https:\/\/janze-athletisme.fr\/wordpress\/venez-faire-de-lathletisme\/","title":{"rendered":"Venez faire de l\u2019athl\u00e9tisme !"},"content":{"rendered":"<p data-start=\"111\" data-end=\"212\"><strong data-start=\"111\" data-end=\"154\">EN COLLABORATION AVEC LA VILLE DE JANZ\u00c9<\/strong><br data-start=\"154\" data-end=\"157\" \/><strong data-start=\"157\" data-end=\"210\">Dimanche 10 ao\u00fbt : Venez faire de l\u2019athl\u00e9tisme !<\/strong><\/p>\n<p data-start=\"214\" data-end=\"295\">Rien de mieux qu\u2019un moment sportif pour une reprise en douceur\u2026 et en famille !<\/p>\n<p data-start=\"297\" data-end=\"468\">Dans le cadre des <strong data-start=\"315\" data-end=\"337\">Dimanches Sportifs<\/strong> propos\u00e9s par la Ville de Janz\u00e9, du <strong data-start=\"373\" data-end=\"405\">20 juillet au 24 ao\u00fbt inclus<\/strong>, profitez d\u2019une animation gratuites proposer par le club de Janz\u00e9 Athl\u00e9tisme pour bouger et vous amuser.<\/p>\n<p data-start=\"470\" data-end=\"568\">\ud83d\udccd <strong data-start=\"473\" data-end=\"483\">Lieu :<\/strong> Cour de la Ferme de l\u2019Yve<br data-start=\"509\" data-end=\"512\" \/>\ud83d\udcc5 <strong data-start=\"515\" data-end=\"525\">Date :<\/strong> Dimanche 10 ao\u00fbt<br data-start=\"542\" data-end=\"545\" \/>\ud83c\udfc3 <strong data-start=\"548\" data-end=\"566\">Au programme :<\/strong><\/p>\n<ul data-start=\"569\" data-end=\"719\">\n<li data-start=\"569\" data-end=\"618\">\n<p data-start=\"571\" data-end=\"618\"><strong data-start=\"571\" data-end=\"590\">10h00 \u2013 11h00 :<\/strong> s\u00e9ance sportive dynamique<\/p>\n<\/li>\n<li data-start=\"619\" data-end=\"719\">\n<p data-start=\"621\" data-end=\"719\"><strong data-start=\"621\" data-end=\"640\">11h15 \u2013 12h15 :<\/strong> d\u00e9couverte ludique, accessible \u00e0 tous, id\u00e9ale en famille (enfants bienvenus)<\/p>\n<\/li>\n<\/ul>\n<p data-start=\"721\" data-end=\"818\">Ces activit\u00e9s sont <strong data-start=\"740\" data-end=\"753\">gratuites<\/strong> et <strong data-start=\"757\" data-end=\"776\">ouvertes \u00e0 tous<\/strong>.<\/p>\n<p data-start=\"820\" data-end=\"880\">Venez d\u00e9couvrir, essayer et partager un moment convivial !<\/p>\n","protected":false},"excerpt":{"rendered":"<p>EN COLLABORATION AVEC LA VILLE DE JANZ\u00c9Dimanche 10 ao\u00fbt : Venez faire de l\u2019athl\u00e9tisme ! Rien de mieux qu\u2019un moment sportif pour une reprise en douceur\u2026 et en famille ! Dans le cadre des Dimanches Sportifs propos\u00e9s par la Ville de Janz\u00e9, du 20 juillet au 24 ao\u00fbt inclus, profitez d\u2019une animation gratuites proposer par [&hellip;]<\/p>\n","protected":false},"author":11,"featured_media":26915,"comment_status":"open","ping_status":"open","sticky":false,"template":"","format":"aside","meta":{"_uag_custom_page_level_css":"","site-sidebar-layout":"default","site-content-layout":"","ast-site-content-layout":"default","site-content-style":"default","site-sidebar-style":"default","ast-global-header-display":"","ast-banner-title-visibility":"","ast-main-header-display":"","ast-hfb-above-header-display":"","ast-hfb-below-header-display":"","ast-hfb-mobile-header-display":"","site-post-title":"","ast-breadcrumbs-content":"","ast-featured-img":"","footer-sml-layout":"","ast-disable-related-posts":"","theme-transparent-header-meta":"default","adv-header-id-meta":"","stick-header-meta":"","header-above-stick-meta":"","header-main-stick-meta":"","header-below-stick-meta":"","astra-migrate-meta-layouts":"set","ast-page-background-enabled":"default","ast-page-background-meta":{"desktop":{"background-color":"var(--ast-global-color-4)","background-image":"","background-repeat":"repeat","background-position":"center center","background-size":"auto","background-attachment":"scroll","background-type":"","background-media":"","overlay-type":"","overlay-color":"","overlay-opacity":"","overlay-gradient":""},"tablet":{"background-color":"","background-image":"","background-repeat":"repeat","background-position":"center center","background-size":"auto","background-attachment":"scroll","background-type":"","background-media":"","overlay-type":"","overlay-color":"","overlay-opacity":"","overlay-gradient":""},"mobile":{"background-color":"","background-image":"","background-repeat":"repeat","background-position":"center center","background-size":"auto","background-attachment":"scroll","background-type":"","background-media":"","overlay-type":"","overlay-color":"","overlay-opacity":"","overlay-gradient":""}},"ast-content-background-meta":{"desktop":{"background-color":"var(--ast-global-color-5)","background-image":"","background-repeat":"repeat","background-position":"center center","background-size":"auto","background-attachment":"scroll","background-type":"","background-media":"","overlay-type":"","overlay-color":"","overlay-opacity":"","overlay-gradient":""},"tablet":{"background-color":"var(--ast-global-color-5)","background-image":"","background-repeat":"repeat","background-position":"center center","background-size":"auto","background-attachment":"scroll","background-type":"","background-media":"","overlay-type":"","overlay-color":"","overlay-opacity":"","overlay-gradient":""},"mobile":{"background-color":"var(--ast-global-color-5)","background-image":"","background-repeat":"repeat","background-position":"center center","background-size":"auto","background-attachment":"scroll","background-type":"","background-media":"","overlay-type":"","overlay-color":"","overlay-opacity":"","overlay-gradient":""}},"footnotes":""},"categories":[6],"tags":[],"class_list":["post-26914","post","type-post","status-publish","format-aside","has-post-thumbnail","hentry","category-sections","post_format-post-format-aside"],"yoast_head":"<!-- This site is optimized with the Yoast SEO plugin v27.5 - https:\/\/yoast.com\/product\/yoast-seo-wordpress\/ -->\n<title>Venez faire de l\u2019athl\u00e9tisme ! - Janz\u00e9 Athl\u00e9tisme<\/title>\n<meta name=\"robots\" content=\"index, follow, max-snippet:-1, max-image-preview:large, max-video-preview:-1\" \/>\n<link rel=\"canonical\" href=\"https:\/\/janze-athletisme.fr\/wordpress\/venez-faire-de-lathletisme\/\" \/>\n<meta property=\"og:locale\" content=\"fr_FR\" \/>\n<meta property=\"og:type\" content=\"article\" \/>\n<meta property=\"og:title\" content=\"Venez faire de l\u2019athl\u00e9tisme ! - Janz\u00e9 Athl\u00e9tisme\" \/>\n<meta property=\"og:description\" content=\"EN COLLABORATION AVEC LA VILLE DE JANZ\u00c9Dimanche 10 ao\u00fbt : Venez faire de l\u2019athl\u00e9tisme ! Rien de mieux qu\u2019un moment sportif pour une reprise en douceur\u2026 et en famille ! Dans le cadre des Dimanches Sportifs propos\u00e9s par la Ville de Janz\u00e9, du 20 juillet au 24 ao\u00fbt inclus, profitez d\u2019une animation gratuites proposer par [&hellip;]\" \/>\n<meta property=\"og:url\" content=\"https:\/\/janze-athletisme.fr\/wordpress\/venez-faire-de-lathletisme\/\" \/>\n<meta property=\"og:site_name\" content=\"Janz\u00e9 Athl\u00e9tisme\" \/>\n<meta property=\"article:publisher\" content=\"https:\/\/www.facebook.com\/groups\/1007964579346590\" \/>\n<meta property=\"article:published_time\" content=\"2025-08-03T09:29:45+00:00\" \/>\n<meta property=\"og:image\" content=\"https:\/\/janze-athletisme.fr\/wordpress\/wp-content\/uploads\/2025\/08\/flyer_estyvales_0.jpeg\" \/>\n\t<meta property=\"og:image:width\" content=\"339\" \/>\n\t<meta property=\"og:image:height\" content=\"480\" \/>\n\t<meta property=\"og:image:type\" content=\"image\/jpeg\" \/>\n<meta name=\"author\" content=\"Mathieu Henry\" \/>\n<meta name=\"twitter:card\" content=\"summary_large_image\" \/>\n<meta name=\"twitter:label1\" content=\"\u00c9crit par\" \/>\n\t<meta name=\"twitter:data1\" content=\"Mathieu Henry\" \/>\n\t<meta name=\"twitter:label2\" content=\"Dur\u00e9e de lecture estim\u00e9e\" \/>\n\t<meta name=\"twitter:data2\" content=\"1 minute\" \/>\n<script type=\"application\/ld+json\" class=\"yoast-schema-graph\">{\"@context\":\"https:\\\/\\\/schema.org\",\"@graph\":[{\"@type\":\"Article\",\"@id\":\"https:\\\/\\\/janze-athletisme.fr\\\/wordpress\\\/venez-faire-de-lathletisme\\\/#article\",\"isPartOf\":{\"@id\":\"https:\\\/\\\/janze-athletisme.fr\\\/wordpress\\\/venez-faire-de-lathletisme\\\/\"},\"author\":{\"name\":\"Mathieu Henry\",\"@id\":\"https:\\\/\\\/janze-athletisme.fr\\\/wordpress\\\/#\\\/schema\\\/person\\\/18fefdd57ab54de1e0b2b03ce255394c\"},\"headline\":\"Venez faire de l\u2019athl\u00e9tisme !\",\"datePublished\":\"2025-08-03T09:29:45+00:00\",\"mainEntityOfPage\":{\"@id\":\"https:\\\/\\\/janze-athletisme.fr\\\/wordpress\\\/venez-faire-de-lathletisme\\\/\"},\"wordCount\":124,\"commentCount\":0,\"publisher\":{\"@id\":\"https:\\\/\\\/janze-athletisme.fr\\\/wordpress\\\/#organization\"},\"image\":{\"@id\":\"https:\\\/\\\/janze-athletisme.fr\\\/wordpress\\\/venez-faire-de-lathletisme\\\/#primaryimage\"},\"thumbnailUrl\":\"https:\\\/\\\/janze-athletisme.fr\\\/wordpress\\\/wp-content\\\/uploads\\\/2025\\\/08\\\/flyer_estyvales_0.jpeg\",\"articleSection\":[\"Le club au jour le jour\"],\"inLanguage\":\"fr-FR\",\"potentialAction\":[{\"@type\":\"CommentAction\",\"name\":\"Comment\",\"target\":[\"https:\\\/\\\/janze-athletisme.fr\\\/wordpress\\\/venez-faire-de-lathletisme\\\/#respond\"]}]},{\"@type\":\"WebPage\",\"@id\":\"https:\\\/\\\/janze-athletisme.fr\\\/wordpress\\\/venez-faire-de-lathletisme\\\/\",\"url\":\"https:\\\/\\\/janze-athletisme.fr\\\/wordpress\\\/venez-faire-de-lathletisme\\\/\",\"name\":\"Venez faire de l\u2019athl\u00e9tisme ! - Janz\u00e9 Athl\u00e9tisme\",\"isPartOf\":{\"@id\":\"https:\\\/\\\/janze-athletisme.fr\\\/wordpress\\\/#website\"},\"primaryImageOfPage\":{\"@id\":\"https:\\\/\\\/janze-athletisme.fr\\\/wordpress\\\/venez-faire-de-lathletisme\\\/#primaryimage\"},\"image\":{\"@id\":\"https:\\\/\\\/janze-athletisme.fr\\\/wordpress\\\/venez-faire-de-lathletisme\\\/#primaryimage\"},\"thumbnailUrl\":\"https:\\\/\\\/janze-athletisme.fr\\\/wordpress\\\/wp-content\\\/uploads\\\/2025\\\/08\\\/flyer_estyvales_0.jpeg\",\"datePublished\":\"2025-08-03T09:29:45+00:00\",\"breadcrumb\":{\"@id\":\"https:\\\/\\\/janze-athletisme.fr\\\/wordpress\\\/venez-faire-de-lathletisme\\\/#breadcrumb\"},\"inLanguage\":\"fr-FR\",\"potentialAction\":[{\"@type\":\"ReadAction\",\"target\":[\"https:\\\/\\\/janze-athletisme.fr\\\/wordpress\\\/venez-faire-de-lathletisme\\\/\"]}]},{\"@type\":\"ImageObject\",\"inLanguage\":\"fr-FR\",\"@id\":\"https:\\\/\\\/janze-athletisme.fr\\\/wordpress\\\/venez-faire-de-lathletisme\\\/#primaryimage\",\"url\":\"https:\\\/\\\/janze-athletisme.fr\\\/wordpress\\\/wp-content\\\/uploads\\\/2025\\\/08\\\/flyer_estyvales_0.jpeg\",\"contentUrl\":\"https:\\\/\\\/janze-athletisme.fr\\\/wordpress\\\/wp-content\\\/uploads\\\/2025\\\/08\\\/flyer_estyvales_0.jpeg\",\"width\":339,\"height\":480},{\"@type\":\"BreadcrumbList\",\"@id\":\"https:\\\/\\\/janze-athletisme.fr\\\/wordpress\\\/venez-faire-de-lathletisme\\\/#breadcrumb\",\"itemListElement\":[{\"@type\":\"ListItem\",\"position\":1,\"name\":\"Accueil\",\"item\":\"https:\\\/\\\/janze-athletisme.fr\\\/wordpress\\\/\"},{\"@type\":\"ListItem\",\"position\":2,\"name\":\"Venez faire de l\u2019athl\u00e9tisme !\"}]},{\"@type\":\"WebSite\",\"@id\":\"https:\\\/\\\/janze-athletisme.fr\\\/wordpress\\\/#website\",\"url\":\"https:\\\/\\\/janze-athletisme.fr\\\/wordpress\\\/\",\"name\":\"Janz\u00e9 Athl\u00e9tisme\",\"description\":\"Pays de La Roche aux F\u00e9es\",\"publisher\":{\"@id\":\"https:\\\/\\\/janze-athletisme.fr\\\/wordpress\\\/#organization\"},\"potentialAction\":[{\"@type\":\"SearchAction\",\"target\":{\"@type\":\"EntryPoint\",\"urlTemplate\":\"https:\\\/\\\/janze-athletisme.fr\\\/wordpress\\\/?s={search_term_string}\"},\"query-input\":{\"@type\":\"PropertyValueSpecification\",\"valueRequired\":true,\"valueName\":\"search_term_string\"}}],\"inLanguage\":\"fr-FR\"},{\"@type\":\"Organization\",\"@id\":\"https:\\\/\\\/janze-athletisme.fr\\\/wordpress\\\/#organization\",\"name\":\"Janz\u00e9 Athl\u00e9tisme\",\"url\":\"https:\\\/\\\/janze-athletisme.fr\\\/wordpress\\\/\",\"logo\":{\"@type\":\"ImageObject\",\"inLanguage\":\"fr-FR\",\"@id\":\"https:\\\/\\\/janze-athletisme.fr\\\/wordpress\\\/#\\\/schema\\\/logo\\\/image\\\/\",\"url\":\"https:\\\/\\\/janze-athletisme.fr\\\/wordpress\\\/wp-content\\\/uploads\\\/2015\\\/03\\\/logo-full1.jpg\",\"contentUrl\":\"https:\\\/\\\/janze-athletisme.fr\\\/wordpress\\\/wp-content\\\/uploads\\\/2015\\\/03\\\/logo-full1.jpg\",\"width\":437,\"height\":205,\"caption\":\"Janz\u00e9 Athl\u00e9tisme\"},\"image\":{\"@id\":\"https:\\\/\\\/janze-athletisme.fr\\\/wordpress\\\/#\\\/schema\\\/logo\\\/image\\\/\"},\"sameAs\":[\"https:\\\/\\\/www.facebook.com\\\/groups\\\/1007964579346590\"]},{\"@type\":\"Person\",\"@id\":\"https:\\\/\\\/janze-athletisme.fr\\\/wordpress\\\/#\\\/schema\\\/person\\\/18fefdd57ab54de1e0b2b03ce255394c\",\"name\":\"Mathieu Henry\",\"image\":{\"@type\":\"ImageObject\",\"inLanguage\":\"fr-FR\",\"@id\":\"https:\\\/\\\/secure.gravatar.com\\\/avatar\\\/e40c9603c4663261ec2699b75966809103fea0f6b606ac4b27fd3f4ff80d3e64?s=96&d=mm&r=g\",\"url\":\"https:\\\/\\\/secure.gravatar.com\\\/avatar\\\/e40c9603c4663261ec2699b75966809103fea0f6b606ac4b27fd3f4ff80d3e64?s=96&d=mm&r=g\",\"contentUrl\":\"https:\\\/\\\/secure.gravatar.com\\\/avatar\\\/e40c9603c4663261ec2699b75966809103fea0f6b606ac4b27fd3f4ff80d3e64?s=96&d=mm&r=g\",\"caption\":\"Mathieu Henry\"},\"url\":\"https:\\\/\\\/janze-athletisme.fr\\\/wordpress\\\/author\\\/mhenry35150\\\/\"}]}<\/script>\n<!-- \/ Yoast SEO plugin. -->","yoast_head_json":{"title":"Venez faire de l\u2019athl\u00e9tisme ! - Janz\u00e9 Athl\u00e9tisme","robots":{"index":"index","follow":"follow","max-snippet":"max-snippet:-1","max-image-preview":"max-image-preview:large","max-video-preview":"max-video-preview:-1"},"canonical":"https:\/\/janze-athletisme.fr\/wordpress\/venez-faire-de-lathletisme\/","og_locale":"fr_FR","og_type":"article","og_title":"Venez faire de l\u2019athl\u00e9tisme ! - Janz\u00e9 Athl\u00e9tisme","og_description":"EN COLLABORATION AVEC LA VILLE DE JANZ\u00c9Dimanche 10 ao\u00fbt : Venez faire de l\u2019athl\u00e9tisme ! Rien de mieux qu\u2019un moment sportif pour une reprise en douceur\u2026 et en famille ! Dans le cadre des Dimanches Sportifs propos\u00e9s par la Ville de Janz\u00e9, du 20 juillet au 24 ao\u00fbt inclus, profitez d\u2019une animation gratuites proposer par [&hellip;]","og_url":"https:\/\/janze-athletisme.fr\/wordpress\/venez-faire-de-lathletisme\/","og_site_name":"Janz\u00e9 Athl\u00e9tisme","article_publisher":"https:\/\/www.facebook.com\/groups\/1007964579346590","article_published_time":"2025-08-03T09:29:45+00:00","og_image":[{"width":339,"height":480,"url":"https:\/\/janze-athletisme.fr\/wordpress\/wp-content\/uploads\/2025\/08\/flyer_estyvales_0.jpeg","type":"image\/jpeg"}],"author":"Mathieu Henry","twitter_card":"summary_large_image","twitter_misc":{"\u00c9crit par":"Mathieu Henry","Dur\u00e9e de lecture estim\u00e9e":"1 minute"},"schema":{"@context":"https:\/\/schema.org","@graph":[{"@type":"Article","@id":"https:\/\/janze-athletisme.fr\/wordpress\/venez-faire-de-lathletisme\/#article","isPartOf":{"@id":"https:\/\/janze-athletisme.fr\/wordpress\/venez-faire-de-lathletisme\/"},"author":{"name":"Mathieu Henry","@id":"https:\/\/janze-athletisme.fr\/wordpress\/#\/schema\/person\/18fefdd57ab54de1e0b2b03ce255394c"},"headline":"Venez faire de l\u2019athl\u00e9tisme !","datePublished":"2025-08-03T09:29:45+00:00","mainEntityOfPage":{"@id":"https:\/\/janze-athletisme.fr\/wordpress\/venez-faire-de-lathletisme\/"},"wordCount":124,"commentCount":0,"publisher":{"@id":"https:\/\/janze-athletisme.fr\/wordpress\/#organization"},"image":{"@id":"https:\/\/janze-athletisme.fr\/wordpress\/venez-faire-de-lathletisme\/#primaryimage"},"thumbnailUrl":"https:\/\/janze-athletisme.fr\/wordpress\/wp-content\/uploads\/2025\/08\/flyer_estyvales_0.jpeg","articleSection":["Le club au jour le jour"],"inLanguage":"fr-FR","potentialAction":[{"@type":"CommentAction","name":"Comment","target":["https:\/\/janze-athletisme.fr\/wordpress\/venez-faire-de-lathletisme\/#respond"]}]},{"@type":"WebPage","@id":"https:\/\/janze-athletisme.fr\/wordpress\/venez-faire-de-lathletisme\/","url":"https:\/\/janze-athletisme.fr\/wordpress\/venez-faire-de-lathletisme\/","name":"Venez faire de l\u2019athl\u00e9tisme ! - Janz\u00e9 Athl\u00e9tisme","isPartOf":{"@id":"https:\/\/janze-athletisme.fr\/wordpress\/#website"},"primaryImageOfPage":{"@id":"https:\/\/janze-athletisme.fr\/wordpress\/venez-faire-de-lathletisme\/#primaryimage"},"image":{"@id":"https:\/\/janze-athletisme.fr\/wordpress\/venez-faire-de-lathletisme\/#primaryimage"},"thumbnailUrl":"https:\/\/janze-athletisme.fr\/wordpress\/wp-content\/uploads\/2025\/08\/flyer_estyvales_0.jpeg","datePublished":"2025-08-03T09:29:45+00:00","breadcrumb":{"@id":"https:\/\/janze-athletisme.fr\/wordpress\/venez-faire-de-lathletisme\/#breadcrumb"},"inLanguage":"fr-FR","potentialAction":[{"@type":"ReadAction","target":["https:\/\/janze-athletisme.fr\/wordpress\/venez-faire-de-lathletisme\/"]}]},{"@type":"ImageObject","inLanguage":"fr-FR","@id":"https:\/\/janze-athletisme.fr\/wordpress\/venez-faire-de-lathletisme\/#primaryimage","url":"https:\/\/janze-athletisme.fr\/wordpress\/wp-content\/uploads\/2025\/08\/flyer_estyvales_0.jpeg","contentUrl":"https:\/\/janze-athletisme.fr\/wordpress\/wp-content\/uploads\/2025\/08\/flyer_estyvales_0.jpeg","width":339,"height":480},{"@type":"BreadcrumbList","@id":"https:\/\/janze-athletisme.fr\/wordpress\/venez-faire-de-lathletisme\/#breadcrumb","itemListElement":[{"@type":"ListItem","position":1,"name":"Accueil","item":"https:\/\/janze-athletisme.fr\/wordpress\/"},{"@type":"ListItem","position":2,"name":"Venez faire de l\u2019athl\u00e9tisme !"}]},{"@type":"WebSite","@id":"https:\/\/janze-athletisme.fr\/wordpress\/#website","url":"https:\/\/janze-athletisme.fr\/wordpress\/","name":"Janz\u00e9 Athl\u00e9tisme","description":"Pays de La Roche aux F\u00e9es","publisher":{"@id":"https:\/\/janze-athletisme.fr\/wordpress\/#organization"},"potentialAction":[{"@type":"SearchAction","target":{"@type":"EntryPoint","urlTemplate":"https:\/\/janze-athletisme.fr\/wordpress\/?s={search_term_string}"},"query-input":{"@type":"PropertyValueSpecification","valueRequired":true,"valueName":"search_term_string"}}],"inLanguage":"fr-FR"},{"@type":"Organization","@id":"https:\/\/janze-athletisme.fr\/wordpress\/#organization","name":"Janz\u00e9 Athl\u00e9tisme","url":"https:\/\/janze-athletisme.fr\/wordpress\/","logo":{"@type":"ImageObject","inLanguage":"fr-FR","@id":"https:\/\/janze-athletisme.fr\/wordpress\/#\/schema\/logo\/image\/","url":"https:\/\/janze-athletisme.fr\/wordpress\/wp-content\/uploads\/2015\/03\/logo-full1.jpg","contentUrl":"https:\/\/janze-athletisme.fr\/wordpress\/wp-content\/uploads\/2015\/03\/logo-full1.jpg","width":437,"height":205,"caption":"Janz\u00e9 Athl\u00e9tisme"},"image":{"@id":"https:\/\/janze-athletisme.fr\/wordpress\/#\/schema\/logo\/image\/"},"sameAs":["https:\/\/www.facebook.com\/groups\/1007964579346590"]},{"@type":"Person","@id":"https:\/\/janze-athletisme.fr\/wordpress\/#\/schema\/person\/18fefdd57ab54de1e0b2b03ce255394c","name":"Mathieu Henry","image":{"@type":"ImageObject","inLanguage":"fr-FR","@id":"https:\/\/secure.gravatar.com\/avatar\/e40c9603c4663261ec2699b75966809103fea0f6b606ac4b27fd3f4ff80d3e64?s=96&d=mm&r=g","url":"https:\/\/secure.gravatar.com\/avatar\/e40c9603c4663261ec2699b75966809103fea0f6b606ac4b27fd3f4ff80d3e64?s=96&d=mm&r=g","contentUrl":"https:\/\/secure.gravatar.com\/avatar\/e40c9603c4663261ec2699b75966809103fea0f6b606ac4b27fd3f4ff80d3e64?s=96&d=mm&r=g","caption":"Mathieu Henry"},"url":"https:\/\/janze-athletisme.fr\/wordpress\/author\/mhenry35150\/"}]}},"uagb_featured_image_src":{"full":["https:\/\/janze-athletisme.fr\/wordpress\/wp-content\/uploads\/2025\/08\/flyer_estyvales_0.jpeg",339,480,false],"thumbnail":["https:\/\/janze-athletisme.fr\/wordpress\/wp-content\/uploads\/2025\/08\/flyer_estyvales_0-150x150.jpeg",150,150,true],"medium":["https:\/\/janze-athletisme.fr\/wordpress\/wp-content\/uploads\/2025\/08\/flyer_estyvales_0-212x300.jpeg",212,300,true],"medium_large":["https:\/\/janze-athletisme.fr\/wordpress\/wp-content\/uploads\/2025\/08\/flyer_estyvales_0.jpeg",339,480,false],"large":["https:\/\/janze-athletisme.fr\/wordpress\/wp-content\/uploads\/2025\/08\/flyer_estyvales_0.jpeg",339,480,false],"1536x1536":["https:\/\/janze-athletisme.fr\/wordpress\/wp-content\/uploads\/2025\/08\/flyer_estyvales_0.jpeg",339,480,false],"2048x2048":["https:\/\/janze-athletisme.fr\/wordpress\/wp-content\/uploads\/2025\/08\/flyer_estyvales_0.jpeg",339,480,false]},"uagb_author_info":{"display_name":"Mathieu Henry","author_link":"https:\/\/janze-athletisme.fr\/wordpress\/author\/mhenry35150\/"},"uagb_comment_info":0,"uagb_excerpt":"EN COLLABORATION AVEC LA VILLE DE JANZ\u00c9Dimanche 10 ao\u00fbt : Venez faire de l\u2019athl\u00e9tisme ! Rien de mieux qu\u2019un moment sportif pour une reprise en douceur\u2026 et en famille ! Dans le cadre des Dimanches Sportifs propos\u00e9s par la Ville de Janz\u00e9, du 20 juillet au 24 ao\u00fbt inclus, profitez d\u2019une animation gratuites proposer par\u2026","_links":{"self":[{"href":"https:\/\/janze-athletisme.fr\/wordpress\/wp-json\/wp\/v2\/posts\/26914","targetHints":{"allow":["GET"]}}],"collection":[{"href":"https:\/\/janze-athletisme.fr\/wordpress\/wp-json\/wp\/v2\/posts"}],"about":[{"href":"https:\/\/janze-athletisme.fr\/wordpress\/wp-json\/wp\/v2\/types\/post"}],"author":[{"embeddable":true,"href":"https:\/\/janze-athletisme.fr\/wordpress\/wp-json\/wp\/v2\/users\/11"}],"replies":[{"embeddable":true,"href":"https:\/\/janze-athletisme.fr\/wordpress\/wp-json\/wp\/v2\/comments?post=26914"}],"version-history":[{"count":1,"href":"https:\/\/janze-athletisme.fr\/wordpress\/wp-json\/wp\/v2\/posts\/26914\/revisions"}],"predecessor-version":[{"id":26916,"href":"https:\/\/janze-athletisme.fr\/wordpress\/wp-json\/wp\/v2\/posts\/26914\/revisions\/26916"}],"wp:featuredmedia":[{"embeddable":true,"href":"https:\/\/janze-athletisme.fr\/wordpress\/wp-json\/wp\/v2\/media\/26915"}],"wp:attachment":[{"href":"https:\/\/janze-athletisme.fr\/wordpress\/wp-json\/wp\/v2\/media?parent=26914"}],"wp:term":[{"taxonomy":"category","embeddable":true,"href":"https:\/\/janze-athletisme.fr\/wordpress\/wp-json\/wp\/v2\/categories?post=26914"},{"taxonomy":"post_tag","embeddable":true,"href":"https:\/\/janze-athletisme.fr\/wordpress\/wp-json\/wp\/v2\/tags?post=26914"}],"curies":[{"name":"wp","href":"https:\/\/api.w.org\/{rel}","templated":true}]}}