{"id":26900,"date":"2025-08-06T11:40:50","date_gmt":"2025-08-06T09:40:50","guid":{"rendered":"https:\/\/janze-athletisme.fr\/wordpress\/?p=26900"},"modified":"2025-08-06T11:40:50","modified_gmt":"2025-08-06T09:40:50","slug":"grindelwald-suisse-les-coureurs-fantastiques-aux-portes-de-lexploit","status":"publish","type":"post","link":"https:\/\/janze-athletisme.fr\/wordpress\/grindelwald-suisse-les-coureurs-fantastiques-aux-portes-de-lexploit\/","title":{"rendered":"Grindelwald (Suisse): les coureurs fantastiques, aux portes de l&rsquo;exploit !"},"content":{"rendered":"<h1 style=\"text-align: center;\"><span style=\"color: #800000; font-family: comic sans ms, sans-serif;\">Eiger Ultra Trail<\/span><\/h1>\n<p>&nbsp;<\/p>\n<figure id=\"attachment_26902\" aria-describedby=\"caption-attachment-26902\" style=\"width: 233px\" class=\"wp-caption aligncenter\"><a href=\"https:\/\/janze-athletisme.fr\/wordpress\/wp-content\/uploads\/2025\/07\/Sans-titre-6.jpg\"><img loading=\"lazy\" decoding=\"async\" class=\"wp-image-26902\" src=\"https:\/\/janze-athletisme.fr\/wordpress\/wp-content\/uploads\/2025\/07\/Sans-titre-6-146x300.jpg\" alt=\"\" width=\"233\" height=\"479\" srcset=\"https:\/\/janze-athletisme.fr\/wordpress\/wp-content\/uploads\/2025\/07\/Sans-titre-6-146x300.jpg 146w, https:\/\/janze-athletisme.fr\/wordpress\/wp-content\/uploads\/2025\/07\/Sans-titre-6-498x1024.jpg 498w, https:\/\/janze-athletisme.fr\/wordpress\/wp-content\/uploads\/2025\/07\/Sans-titre-6-768x1581.jpg 768w, https:\/\/janze-athletisme.fr\/wordpress\/wp-content\/uploads\/2025\/07\/Sans-titre-6-746x1536.jpg 746w, https:\/\/janze-athletisme.fr\/wordpress\/wp-content\/uploads\/2025\/07\/Sans-titre-6.jpg 995w\" sizes=\"auto, (max-width: 233px) 100vw, 233px\" \/><\/a><figcaption id=\"caption-attachment-26902\" class=\"wp-caption-text\">Fier de nos couleurs, le maillot de Janz\u00e9 voyage bien !<\/figcaption><\/figure>\n<p>&nbsp;<\/p>\n<p><span style=\"color: #000000;\">On sait que lorsque Serge fait quelque chose, il ne les fait pas \u00e0 moiti\u00e9, m\u00eame si sur cette course, il n&rsquo;a parcouru que 260 km !!! ouais je sais, pas terrible ! aid\u00e9 pour cela par son compagnon de route Nicolas. Une course de 271 km et 16000m de d\u00e9nivel\u00e9 positif, \u00e7a pique un peu les yeux et les jambes quand on voit \u00e7a !<\/span><\/p>\n<p><span style=\"color: #000000;\">Pas de chance en effet, course arr\u00eat\u00e9e pour cause d&rsquo;orage, si pr\u00e8s du but, alors que le physique et le mental \u00e9taient l\u00e0, il n&rsquo;en reste pas moins qu&rsquo;il ne doit pas y avoir beaucoup de coureurs de Janz\u00e9 \u00e0 avoir d\u00e9j\u00e0 parcouru cette distance&#8230;4 jours de course et seulement 4h19 de sommeil, gloups !<\/span><\/p>\n<p><span style=\"color: #000000;\">Pas de tableau avec r\u00e9sultats et classement officiel donc mais l&rsquo;exploit ne pouvait \u00eatre pass\u00e9 sous silence, par respect pour la performance.<\/span><\/p>\n<p><span style=\"color: #000000;\">Une course \u00e0 parcourir en \u00e9quipe de 2 ou 3 personnes, des paysages magnifiques ! \u00e7a change un peu de l&rsquo;UTMB, m\u00eame si l&rsquo;Eiger Trail fait parti de l&rsquo;UTMB world Tour, qui sait, un nouveau projet pour Serge ? <\/span><\/p>\n<p><span style=\"color: #000000;\">En a attendant, vous pourrez le retrouver dans un d\u00e9fi encore plus fou: la Trans-Europe, une course de 10000km \u00e0 travers 5 pays \u00e0 faire en moins de 100 jours, en juin 2026, save the date !!!\u00a0<\/span><\/p>\n<p><span style=\"color: #000000;\">A suivre dans un prochain article o\u00f9 on vous dira tout !<\/span><\/p>\n<p>&nbsp;<\/p>\n","protected":false},"excerpt":{"rendered":"<p>Eiger Ultra Trail &nbsp; &nbsp; On sait que lorsque Serge fait quelque chose, il ne les fait pas \u00e0 moiti\u00e9, m\u00eame si sur cette course, il n&rsquo;a parcouru que 260 km !!! ouais je sais, pas terrible ! aid\u00e9 pour cela par son compagnon de route Nicolas. Une course de 271 km et 16000m de [&hellip;]<\/p>\n","protected":false},"author":8,"featured_media":26901,"comment_status":"open","ping_status":"open","sticky":false,"template":"","format":"aside","meta":{"_uag_custom_page_level_css":"","site-sidebar-layout":"default","site-content-layout":"","ast-site-content-layout":"default","site-content-style":"default","site-sidebar-style":"default","ast-global-header-display":"","ast-banner-title-visibility":"","ast-main-header-display":"","ast-hfb-above-header-display":"","ast-hfb-below-header-display":"","ast-hfb-mobile-header-display":"","site-post-title":"","ast-breadcrumbs-content":"","ast-featured-img":"","footer-sml-layout":"","ast-disable-related-posts":"","theme-transparent-header-meta":"default","adv-header-id-meta":"","stick-header-meta":"","header-above-stick-meta":"","header-main-stick-meta":"","header-below-stick-meta":"","astra-migrate-meta-layouts":"set","ast-page-background-enabled":"default","ast-page-background-meta":{"desktop":{"background-color":"var(--ast-global-color-4)","background-image":"","background-repeat":"repeat","background-position":"center center","background-size":"auto","background-attachment":"scroll","background-type":"","background-media":"","overlay-type":"","overlay-color":"","overlay-opacity":"","overlay-gradient":""},"tablet":{"background-color":"","background-image":"","background-repeat":"repeat","background-position":"center center","background-size":"auto","background-attachment":"scroll","background-type":"","background-media":"","overlay-type":"","overlay-color":"","overlay-opacity":"","overlay-gradient":""},"mobile":{"background-color":"","background-image":"","background-repeat":"repeat","background-position":"center center","background-size":"auto","background-attachment":"scroll","background-type":"","background-media":"","overlay-type":"","overlay-color":"","overlay-opacity":"","overlay-gradient":""}},"ast-content-background-meta":{"desktop":{"background-color":"var(--ast-global-color-5)","background-image":"","background-repeat":"repeat","background-position":"center center","background-size":"auto","background-attachment":"scroll","background-type":"","background-media":"","overlay-type":"","overlay-color":"","overlay-opacity":"","overlay-gradient":""},"tablet":{"background-color":"var(--ast-global-color-5)","background-image":"","background-repeat":"repeat","background-position":"center center","background-size":"auto","background-attachment":"scroll","background-type":"","background-media":"","overlay-type":"","overlay-color":"","overlay-opacity":"","overlay-gradient":""},"mobile":{"background-color":"var(--ast-global-color-5)","background-image":"","background-repeat":"repeat","background-position":"center center","background-size":"auto","background-attachment":"scroll","background-type":"","background-media":"","overlay-type":"","overlay-color":"","overlay-opacity":"","overlay-gradient":""}},"footnotes":""},"categories":[6],"tags":[],"class_list":["post-26900","post","type-post","status-publish","format-aside","has-post-thumbnail","hentry","category-sections","post_format-post-format-aside"],"yoast_head":"<!-- This site is optimized with the Yoast SEO plugin v27.5 - https:\/\/yoast.com\/product\/yoast-seo-wordpress\/ -->\n<title>Grindelwald (Suisse): les coureurs fantastiques, aux portes de l&#039;exploit ! - Janz\u00e9 Athl\u00e9tisme<\/title>\n<meta name=\"robots\" content=\"index, follow, max-snippet:-1, max-image-preview:large, max-video-preview:-1\" \/>\n<link rel=\"canonical\" href=\"https:\/\/janze-athletisme.fr\/wordpress\/grindelwald-suisse-les-coureurs-fantastiques-aux-portes-de-lexploit\/\" \/>\n<meta property=\"og:locale\" content=\"fr_FR\" \/>\n<meta property=\"og:type\" content=\"article\" \/>\n<meta property=\"og:title\" content=\"Grindelwald (Suisse): les coureurs fantastiques, aux portes de l&#039;exploit ! - Janz\u00e9 Athl\u00e9tisme\" \/>\n<meta property=\"og:description\" content=\"Eiger Ultra Trail &nbsp; &nbsp; On sait que lorsque Serge fait quelque chose, il ne les fait pas \u00e0 moiti\u00e9, m\u00eame si sur cette course, il n&rsquo;a parcouru que 260 km !!! ouais je sais, pas terrible ! aid\u00e9 pour cela par son compagnon de route Nicolas. Une course de 271 km et 16000m de [&hellip;]\" \/>\n<meta property=\"og:url\" content=\"https:\/\/janze-athletisme.fr\/wordpress\/grindelwald-suisse-les-coureurs-fantastiques-aux-portes-de-lexploit\/\" \/>\n<meta property=\"og:site_name\" content=\"Janz\u00e9 Athl\u00e9tisme\" \/>\n<meta property=\"article:publisher\" content=\"https:\/\/www.facebook.com\/groups\/1007964579346590\" \/>\n<meta property=\"article:published_time\" content=\"2025-08-06T09:40:50+00:00\" \/>\n<meta property=\"og:image\" content=\"https:\/\/janze-athletisme.fr\/wordpress\/wp-content\/uploads\/2025\/07\/images.png\" \/>\n\t<meta property=\"og:image:width\" content=\"224\" \/>\n\t<meta property=\"og:image:height\" content=\"225\" \/>\n\t<meta property=\"og:image:type\" content=\"image\/png\" \/>\n<meta name=\"author\" content=\"Jean-Marie Jouzel\" \/>\n<meta name=\"twitter:card\" content=\"summary_large_image\" \/>\n<meta name=\"twitter:label1\" content=\"\u00c9crit par\" \/>\n\t<meta name=\"twitter:data1\" content=\"Jean-Marie Jouzel\" \/>\n\t<meta name=\"twitter:label2\" content=\"Dur\u00e9e de lecture estim\u00e9e\" \/>\n\t<meta name=\"twitter:data2\" content=\"2 minutes\" \/>\n<script type=\"application\/ld+json\" class=\"yoast-schema-graph\">{\"@context\":\"https:\\\/\\\/schema.org\",\"@graph\":[{\"@type\":\"Article\",\"@id\":\"https:\\\/\\\/janze-athletisme.fr\\\/wordpress\\\/grindelwald-suisse-les-coureurs-fantastiques-aux-portes-de-lexploit\\\/#article\",\"isPartOf\":{\"@id\":\"https:\\\/\\\/janze-athletisme.fr\\\/wordpress\\\/grindelwald-suisse-les-coureurs-fantastiques-aux-portes-de-lexploit\\\/\"},\"author\":{\"name\":\"Jean-Marie Jouzel\",\"@id\":\"https:\\\/\\\/janze-athletisme.fr\\\/wordpress\\\/#\\\/schema\\\/person\\\/e27efa3d49687b81c679eb0b5c4973e9\"},\"headline\":\"Grindelwald (Suisse): les coureurs fantastiques, aux portes de l&rsquo;exploit !\",\"datePublished\":\"2025-08-06T09:40:50+00:00\",\"mainEntityOfPage\":{\"@id\":\"https:\\\/\\\/janze-athletisme.fr\\\/wordpress\\\/grindelwald-suisse-les-coureurs-fantastiques-aux-portes-de-lexploit\\\/\"},\"wordCount\":261,\"commentCount\":0,\"publisher\":{\"@id\":\"https:\\\/\\\/janze-athletisme.fr\\\/wordpress\\\/#organization\"},\"image\":{\"@id\":\"https:\\\/\\\/janze-athletisme.fr\\\/wordpress\\\/grindelwald-suisse-les-coureurs-fantastiques-aux-portes-de-lexploit\\\/#primaryimage\"},\"thumbnailUrl\":\"https:\\\/\\\/janze-athletisme.fr\\\/wordpress\\\/wp-content\\\/uploads\\\/2025\\\/07\\\/images.png\",\"articleSection\":[\"Le club au jour le jour\"],\"inLanguage\":\"fr-FR\",\"potentialAction\":[{\"@type\":\"CommentAction\",\"name\":\"Comment\",\"target\":[\"https:\\\/\\\/janze-athletisme.fr\\\/wordpress\\\/grindelwald-suisse-les-coureurs-fantastiques-aux-portes-de-lexploit\\\/#respond\"]}]},{\"@type\":\"WebPage\",\"@id\":\"https:\\\/\\\/janze-athletisme.fr\\\/wordpress\\\/grindelwald-suisse-les-coureurs-fantastiques-aux-portes-de-lexploit\\\/\",\"url\":\"https:\\\/\\\/janze-athletisme.fr\\\/wordpress\\\/grindelwald-suisse-les-coureurs-fantastiques-aux-portes-de-lexploit\\\/\",\"name\":\"Grindelwald (Suisse): les coureurs fantastiques, aux portes de l'exploit ! - Janz\u00e9 Athl\u00e9tisme\",\"isPartOf\":{\"@id\":\"https:\\\/\\\/janze-athletisme.fr\\\/wordpress\\\/#website\"},\"primaryImageOfPage\":{\"@id\":\"https:\\\/\\\/janze-athletisme.fr\\\/wordpress\\\/grindelwald-suisse-les-coureurs-fantastiques-aux-portes-de-lexploit\\\/#primaryimage\"},\"image\":{\"@id\":\"https:\\\/\\\/janze-athletisme.fr\\\/wordpress\\\/grindelwald-suisse-les-coureurs-fantastiques-aux-portes-de-lexploit\\\/#primaryimage\"},\"thumbnailUrl\":\"https:\\\/\\\/janze-athletisme.fr\\\/wordpress\\\/wp-content\\\/uploads\\\/2025\\\/07\\\/images.png\",\"datePublished\":\"2025-08-06T09:40:50+00:00\",\"breadcrumb\":{\"@id\":\"https:\\\/\\\/janze-athletisme.fr\\\/wordpress\\\/grindelwald-suisse-les-coureurs-fantastiques-aux-portes-de-lexploit\\\/#breadcrumb\"},\"inLanguage\":\"fr-FR\",\"potentialAction\":[{\"@type\":\"ReadAction\",\"target\":[\"https:\\\/\\\/janze-athletisme.fr\\\/wordpress\\\/grindelwald-suisse-les-coureurs-fantastiques-aux-portes-de-lexploit\\\/\"]}]},{\"@type\":\"ImageObject\",\"inLanguage\":\"fr-FR\",\"@id\":\"https:\\\/\\\/janze-athletisme.fr\\\/wordpress\\\/grindelwald-suisse-les-coureurs-fantastiques-aux-portes-de-lexploit\\\/#primaryimage\",\"url\":\"https:\\\/\\\/janze-athletisme.fr\\\/wordpress\\\/wp-content\\\/uploads\\\/2025\\\/07\\\/images.png\",\"contentUrl\":\"https:\\\/\\\/janze-athletisme.fr\\\/wordpress\\\/wp-content\\\/uploads\\\/2025\\\/07\\\/images.png\",\"width\":224,\"height\":225},{\"@type\":\"BreadcrumbList\",\"@id\":\"https:\\\/\\\/janze-athletisme.fr\\\/wordpress\\\/grindelwald-suisse-les-coureurs-fantastiques-aux-portes-de-lexploit\\\/#breadcrumb\",\"itemListElement\":[{\"@type\":\"ListItem\",\"position\":1,\"name\":\"Accueil\",\"item\":\"https:\\\/\\\/janze-athletisme.fr\\\/wordpress\\\/\"},{\"@type\":\"ListItem\",\"position\":2,\"name\":\"Grindelwald (Suisse): les coureurs fantastiques, aux portes de l&rsquo;exploit !\"}]},{\"@type\":\"WebSite\",\"@id\":\"https:\\\/\\\/janze-athletisme.fr\\\/wordpress\\\/#website\",\"url\":\"https:\\\/\\\/janze-athletisme.fr\\\/wordpress\\\/\",\"name\":\"Janz\u00e9 Athl\u00e9tisme\",\"description\":\"Pays de La Roche aux F\u00e9es\",\"publisher\":{\"@id\":\"https:\\\/\\\/janze-athletisme.fr\\\/wordpress\\\/#organization\"},\"potentialAction\":[{\"@type\":\"SearchAction\",\"target\":{\"@type\":\"EntryPoint\",\"urlTemplate\":\"https:\\\/\\\/janze-athletisme.fr\\\/wordpress\\\/?s={search_term_string}\"},\"query-input\":{\"@type\":\"PropertyValueSpecification\",\"valueRequired\":true,\"valueName\":\"search_term_string\"}}],\"inLanguage\":\"fr-FR\"},{\"@type\":\"Organization\",\"@id\":\"https:\\\/\\\/janze-athletisme.fr\\\/wordpress\\\/#organization\",\"name\":\"Janz\u00e9 Athl\u00e9tisme\",\"url\":\"https:\\\/\\\/janze-athletisme.fr\\\/wordpress\\\/\",\"logo\":{\"@type\":\"ImageObject\",\"inLanguage\":\"fr-FR\",\"@id\":\"https:\\\/\\\/janze-athletisme.fr\\\/wordpress\\\/#\\\/schema\\\/logo\\\/image\\\/\",\"url\":\"https:\\\/\\\/janze-athletisme.fr\\\/wordpress\\\/wp-content\\\/uploads\\\/2015\\\/03\\\/logo-full1.jpg\",\"contentUrl\":\"https:\\\/\\\/janze-athletisme.fr\\\/wordpress\\\/wp-content\\\/uploads\\\/2015\\\/03\\\/logo-full1.jpg\",\"width\":437,\"height\":205,\"caption\":\"Janz\u00e9 Athl\u00e9tisme\"},\"image\":{\"@id\":\"https:\\\/\\\/janze-athletisme.fr\\\/wordpress\\\/#\\\/schema\\\/logo\\\/image\\\/\"},\"sameAs\":[\"https:\\\/\\\/www.facebook.com\\\/groups\\\/1007964579346590\"]},{\"@type\":\"Person\",\"@id\":\"https:\\\/\\\/janze-athletisme.fr\\\/wordpress\\\/#\\\/schema\\\/person\\\/e27efa3d49687b81c679eb0b5c4973e9\",\"name\":\"Jean-Marie Jouzel\",\"image\":{\"@type\":\"ImageObject\",\"inLanguage\":\"fr-FR\",\"@id\":\"https:\\\/\\\/secure.gravatar.com\\\/avatar\\\/6aaee532914ad5ae9d6b4c13c953c6689456493b17979b560cf8fd0c344930ab?s=96&d=mm&r=g\",\"url\":\"https:\\\/\\\/secure.gravatar.com\\\/avatar\\\/6aaee532914ad5ae9d6b4c13c953c6689456493b17979b560cf8fd0c344930ab?s=96&d=mm&r=g\",\"contentUrl\":\"https:\\\/\\\/secure.gravatar.com\\\/avatar\\\/6aaee532914ad5ae9d6b4c13c953c6689456493b17979b560cf8fd0c344930ab?s=96&d=mm&r=g\",\"caption\":\"Jean-Marie Jouzel\"},\"url\":\"https:\\\/\\\/janze-athletisme.fr\\\/wordpress\\\/author\\\/jmjouzel\\\/\"}]}<\/script>\n<!-- \/ Yoast SEO plugin. -->","yoast_head_json":{"title":"Grindelwald (Suisse): les coureurs fantastiques, aux portes de l'exploit ! - Janz\u00e9 Athl\u00e9tisme","robots":{"index":"index","follow":"follow","max-snippet":"max-snippet:-1","max-image-preview":"max-image-preview:large","max-video-preview":"max-video-preview:-1"},"canonical":"https:\/\/janze-athletisme.fr\/wordpress\/grindelwald-suisse-les-coureurs-fantastiques-aux-portes-de-lexploit\/","og_locale":"fr_FR","og_type":"article","og_title":"Grindelwald (Suisse): les coureurs fantastiques, aux portes de l'exploit ! - Janz\u00e9 Athl\u00e9tisme","og_description":"Eiger Ultra Trail &nbsp; &nbsp; On sait que lorsque Serge fait quelque chose, il ne les fait pas \u00e0 moiti\u00e9, m\u00eame si sur cette course, il n&rsquo;a parcouru que 260 km !!! ouais je sais, pas terrible ! aid\u00e9 pour cela par son compagnon de route Nicolas. Une course de 271 km et 16000m de [&hellip;]","og_url":"https:\/\/janze-athletisme.fr\/wordpress\/grindelwald-suisse-les-coureurs-fantastiques-aux-portes-de-lexploit\/","og_site_name":"Janz\u00e9 Athl\u00e9tisme","article_publisher":"https:\/\/www.facebook.com\/groups\/1007964579346590","article_published_time":"2025-08-06T09:40:50+00:00","og_image":[{"width":224,"height":225,"url":"https:\/\/janze-athletisme.fr\/wordpress\/wp-content\/uploads\/2025\/07\/images.png","type":"image\/png"}],"author":"Jean-Marie Jouzel","twitter_card":"summary_large_image","twitter_misc":{"\u00c9crit par":"Jean-Marie Jouzel","Dur\u00e9e de lecture estim\u00e9e":"2 minutes"},"schema":{"@context":"https:\/\/schema.org","@graph":[{"@type":"Article","@id":"https:\/\/janze-athletisme.fr\/wordpress\/grindelwald-suisse-les-coureurs-fantastiques-aux-portes-de-lexploit\/#article","isPartOf":{"@id":"https:\/\/janze-athletisme.fr\/wordpress\/grindelwald-suisse-les-coureurs-fantastiques-aux-portes-de-lexploit\/"},"author":{"name":"Jean-Marie Jouzel","@id":"https:\/\/janze-athletisme.fr\/wordpress\/#\/schema\/person\/e27efa3d49687b81c679eb0b5c4973e9"},"headline":"Grindelwald (Suisse): les coureurs fantastiques, aux portes de l&rsquo;exploit !","datePublished":"2025-08-06T09:40:50+00:00","mainEntityOfPage":{"@id":"https:\/\/janze-athletisme.fr\/wordpress\/grindelwald-suisse-les-coureurs-fantastiques-aux-portes-de-lexploit\/"},"wordCount":261,"commentCount":0,"publisher":{"@id":"https:\/\/janze-athletisme.fr\/wordpress\/#organization"},"image":{"@id":"https:\/\/janze-athletisme.fr\/wordpress\/grindelwald-suisse-les-coureurs-fantastiques-aux-portes-de-lexploit\/#primaryimage"},"thumbnailUrl":"https:\/\/janze-athletisme.fr\/wordpress\/wp-content\/uploads\/2025\/07\/images.png","articleSection":["Le club au jour le jour"],"inLanguage":"fr-FR","potentialAction":[{"@type":"CommentAction","name":"Comment","target":["https:\/\/janze-athletisme.fr\/wordpress\/grindelwald-suisse-les-coureurs-fantastiques-aux-portes-de-lexploit\/#respond"]}]},{"@type":"WebPage","@id":"https:\/\/janze-athletisme.fr\/wordpress\/grindelwald-suisse-les-coureurs-fantastiques-aux-portes-de-lexploit\/","url":"https:\/\/janze-athletisme.fr\/wordpress\/grindelwald-suisse-les-coureurs-fantastiques-aux-portes-de-lexploit\/","name":"Grindelwald (Suisse): les coureurs fantastiques, aux portes de l'exploit ! - Janz\u00e9 Athl\u00e9tisme","isPartOf":{"@id":"https:\/\/janze-athletisme.fr\/wordpress\/#website"},"primaryImageOfPage":{"@id":"https:\/\/janze-athletisme.fr\/wordpress\/grindelwald-suisse-les-coureurs-fantastiques-aux-portes-de-lexploit\/#primaryimage"},"image":{"@id":"https:\/\/janze-athletisme.fr\/wordpress\/grindelwald-suisse-les-coureurs-fantastiques-aux-portes-de-lexploit\/#primaryimage"},"thumbnailUrl":"https:\/\/janze-athletisme.fr\/wordpress\/wp-content\/uploads\/2025\/07\/images.png","datePublished":"2025-08-06T09:40:50+00:00","breadcrumb":{"@id":"https:\/\/janze-athletisme.fr\/wordpress\/grindelwald-suisse-les-coureurs-fantastiques-aux-portes-de-lexploit\/#breadcrumb"},"inLanguage":"fr-FR","potentialAction":[{"@type":"ReadAction","target":["https:\/\/janze-athletisme.fr\/wordpress\/grindelwald-suisse-les-coureurs-fantastiques-aux-portes-de-lexploit\/"]}]},{"@type":"ImageObject","inLanguage":"fr-FR","@id":"https:\/\/janze-athletisme.fr\/wordpress\/grindelwald-suisse-les-coureurs-fantastiques-aux-portes-de-lexploit\/#primaryimage","url":"https:\/\/janze-athletisme.fr\/wordpress\/wp-content\/uploads\/2025\/07\/images.png","contentUrl":"https:\/\/janze-athletisme.fr\/wordpress\/wp-content\/uploads\/2025\/07\/images.png","width":224,"height":225},{"@type":"BreadcrumbList","@id":"https:\/\/janze-athletisme.fr\/wordpress\/grindelwald-suisse-les-coureurs-fantastiques-aux-portes-de-lexploit\/#breadcrumb","itemListElement":[{"@type":"ListItem","position":1,"name":"Accueil","item":"https:\/\/janze-athletisme.fr\/wordpress\/"},{"@type":"ListItem","position":2,"name":"Grindelwald (Suisse): les coureurs fantastiques, aux portes de l&rsquo;exploit !"}]},{"@type":"WebSite","@id":"https:\/\/janze-athletisme.fr\/wordpress\/#website","url":"https:\/\/janze-athletisme.fr\/wordpress\/","name":"Janz\u00e9 Athl\u00e9tisme","description":"Pays de La Roche aux F\u00e9es","publisher":{"@id":"https:\/\/janze-athletisme.fr\/wordpress\/#organization"},"potentialAction":[{"@type":"SearchAction","target":{"@type":"EntryPoint","urlTemplate":"https:\/\/janze-athletisme.fr\/wordpress\/?s={search_term_string}"},"query-input":{"@type":"PropertyValueSpecification","valueRequired":true,"valueName":"search_term_string"}}],"inLanguage":"fr-FR"},{"@type":"Organization","@id":"https:\/\/janze-athletisme.fr\/wordpress\/#organization","name":"Janz\u00e9 Athl\u00e9tisme","url":"https:\/\/janze-athletisme.fr\/wordpress\/","logo":{"@type":"ImageObject","inLanguage":"fr-FR","@id":"https:\/\/janze-athletisme.fr\/wordpress\/#\/schema\/logo\/image\/","url":"https:\/\/janze-athletisme.fr\/wordpress\/wp-content\/uploads\/2015\/03\/logo-full1.jpg","contentUrl":"https:\/\/janze-athletisme.fr\/wordpress\/wp-content\/uploads\/2015\/03\/logo-full1.jpg","width":437,"height":205,"caption":"Janz\u00e9 Athl\u00e9tisme"},"image":{"@id":"https:\/\/janze-athletisme.fr\/wordpress\/#\/schema\/logo\/image\/"},"sameAs":["https:\/\/www.facebook.com\/groups\/1007964579346590"]},{"@type":"Person","@id":"https:\/\/janze-athletisme.fr\/wordpress\/#\/schema\/person\/e27efa3d49687b81c679eb0b5c4973e9","name":"Jean-Marie Jouzel","image":{"@type":"ImageObject","inLanguage":"fr-FR","@id":"https:\/\/secure.gravatar.com\/avatar\/6aaee532914ad5ae9d6b4c13c953c6689456493b17979b560cf8fd0c344930ab?s=96&d=mm&r=g","url":"https:\/\/secure.gravatar.com\/avatar\/6aaee532914ad5ae9d6b4c13c953c6689456493b17979b560cf8fd0c344930ab?s=96&d=mm&r=g","contentUrl":"https:\/\/secure.gravatar.com\/avatar\/6aaee532914ad5ae9d6b4c13c953c6689456493b17979b560cf8fd0c344930ab?s=96&d=mm&r=g","caption":"Jean-Marie Jouzel"},"url":"https:\/\/janze-athletisme.fr\/wordpress\/author\/jmjouzel\/"}]}},"uagb_featured_image_src":{"full":["https:\/\/janze-athletisme.fr\/wordpress\/wp-content\/uploads\/2025\/07\/images.png",224,225,false],"thumbnail":["https:\/\/janze-athletisme.fr\/wordpress\/wp-content\/uploads\/2025\/07\/images-150x150.png",150,150,true],"medium":["https:\/\/janze-athletisme.fr\/wordpress\/wp-content\/uploads\/2025\/07\/images.png",224,225,false],"medium_large":["https:\/\/janze-athletisme.fr\/wordpress\/wp-content\/uploads\/2025\/07\/images.png",224,225,false],"large":["https:\/\/janze-athletisme.fr\/wordpress\/wp-content\/uploads\/2025\/07\/images.png",224,225,false],"1536x1536":["https:\/\/janze-athletisme.fr\/wordpress\/wp-content\/uploads\/2025\/07\/images.png",224,225,false],"2048x2048":["https:\/\/janze-athletisme.fr\/wordpress\/wp-content\/uploads\/2025\/07\/images.png",224,225,false]},"uagb_author_info":{"display_name":"Jean-Marie Jouzel","author_link":"https:\/\/janze-athletisme.fr\/wordpress\/author\/jmjouzel\/"},"uagb_comment_info":0,"uagb_excerpt":"Eiger Ultra Trail &nbsp; &nbsp; On sait que lorsque Serge fait quelque chose, il ne les fait pas \u00e0 moiti\u00e9, m\u00eame si sur cette course, il n&rsquo;a parcouru que 260 km !!! ouais je sais, pas terrible ! aid\u00e9 pour cela par son compagnon de route Nicolas. Une course de 271 km et 16000m de\u2026","_links":{"self":[{"href":"https:\/\/janze-athletisme.fr\/wordpress\/wp-json\/wp\/v2\/posts\/26900","targetHints":{"allow":["GET"]}}],"collection":[{"href":"https:\/\/janze-athletisme.fr\/wordpress\/wp-json\/wp\/v2\/posts"}],"about":[{"href":"https:\/\/janze-athletisme.fr\/wordpress\/wp-json\/wp\/v2\/types\/post"}],"author":[{"embeddable":true,"href":"https:\/\/janze-athletisme.fr\/wordpress\/wp-json\/wp\/v2\/users\/8"}],"replies":[{"embeddable":true,"href":"https:\/\/janze-athletisme.fr\/wordpress\/wp-json\/wp\/v2\/comments?post=26900"}],"version-history":[{"count":2,"href":"https:\/\/janze-athletisme.fr\/wordpress\/wp-json\/wp\/v2\/posts\/26900\/revisions"}],"predecessor-version":[{"id":26925,"href":"https:\/\/janze-athletisme.fr\/wordpress\/wp-json\/wp\/v2\/posts\/26900\/revisions\/26925"}],"wp:featuredmedia":[{"embeddable":true,"href":"https:\/\/janze-athletisme.fr\/wordpress\/wp-json\/wp\/v2\/media\/26901"}],"wp:attachment":[{"href":"https:\/\/janze-athletisme.fr\/wordpress\/wp-json\/wp\/v2\/media?parent=26900"}],"wp:term":[{"taxonomy":"category","embeddable":true,"href":"https:\/\/janze-athletisme.fr\/wordpress\/wp-json\/wp\/v2\/categories?post=26900"},{"taxonomy":"post_tag","embeddable":true,"href":"https:\/\/janze-athletisme.fr\/wordpress\/wp-json\/wp\/v2\/tags?post=26900"}],"curies":[{"name":"wp","href":"https:\/\/api.w.org\/{rel}","templated":true}]}}