{"id":26871,"date":"2025-07-22T11:59:25","date_gmt":"2025-07-22T09:59:25","guid":{"rendered":"https:\/\/janze-athletisme.fr\/wordpress\/?p=26871"},"modified":"2025-07-22T11:59:25","modified_gmt":"2025-07-22T09:59:25","slug":"curvy-aicha-autant-a-laise-sur-piste-que-sur-les-chemins","status":"publish","type":"post","link":"https:\/\/janze-athletisme.fr\/wordpress\/curvy-aicha-autant-a-laise-sur-piste-que-sur-les-chemins\/","title":{"rendered":"Curvy: A\u00efcha autant \u00e0 l&rsquo;aise sur piste que sur les chemins !"},"content":{"rendered":"<h1 style=\"text-align: center;\"><span style=\"font-family: comic sans ms, sans-serif; color: #800000;\">10 km de Curvy<\/span><\/h1>\n<p>&nbsp;<\/p>\n<p><a href=\"https:\/\/janze-athletisme.fr\/wordpress\/wp-content\/uploads\/2025\/07\/519412976_2379639035766405_8151822371201058526_n.jpg\"><img loading=\"lazy\" decoding=\"async\" class=\"wp-image-26872 aligncenter\" src=\"https:\/\/janze-athletisme.fr\/wordpress\/wp-content\/uploads\/2025\/07\/519412976_2379639035766405_8151822371201058526_n-225x300.jpg\" alt=\"\" width=\"374\" height=\"499\" srcset=\"https:\/\/janze-athletisme.fr\/wordpress\/wp-content\/uploads\/2025\/07\/519412976_2379639035766405_8151822371201058526_n-225x300.jpg 225w, https:\/\/janze-athletisme.fr\/wordpress\/wp-content\/uploads\/2025\/07\/519412976_2379639035766405_8151822371201058526_n.jpg 450w\" sizes=\"auto, (max-width: 374px) 100vw, 374px\" \/><\/a><\/p>\n<p>&nbsp;<\/p>\n<p><span style=\"color: #000000;\">Apr\u00e8s Maryse, championne&#8230;voici A\u00efcha, autre championne ! elle continue elle aussi, m\u00eame loin de son club de cumuler les perfs. Cette fois sur 10km, sur les chemins de Lorraine. Un chrono dont certains messieurs r\u00eaveraient ! <\/span><\/p>\n<p><span style=\"color: #000000;\">Bravo championne !<\/span><\/p>\n<p><span style=\"color: #000000;\">A noter \u00e9galement sur sa lanc\u00e9e qu&rsquo;A\u00efcha avait particip\u00e9 \u00e0 un <strong>3000m<\/strong> le 11 juillet avec ses anciennes copines de club de l&rsquo;A2M. Un chrono en <strong>11&rsquo;41<\/strong>. A noter la pr\u00e9sence de sa fille pour la soutenir ainsi que son coach Roland Simonet !<\/span><\/p>\n<p><em><span style=\"color: #000000;\">\u00a0\u00bb 3000m, hier soir \u00e0 l&rsquo;A2M, termin\u00e9s en 11&rsquo;41 avec une \u00e9quipe f\u00e9minine de choc <span class=\"html-span xexx8yu xyri2b x18d9i69 x1c1uobl x1hl2dhg x16tdsg8 x1vvkbs x3nfvp2 x1j61x8r x1fcty0u xdj266r xat24cr xm2jcoa x1mpyi22 xxymvpz xlup9mm x1kky2od\"><img loading=\"lazy\" decoding=\"async\" class=\"xz74otr x15mokao x1ga7v0g x16uus16 xbiv7yw\" src=\"https:\/\/static.xx.fbcdn.net\/images\/emoji.php\/v9\/t40\/1\/16\/1f4a5.png\" alt=\"\ud83d\udca5\" width=\"16\" height=\"16\" \/><\/span> : <span class=\"html-span xdj266r x14z9mp xat24cr x1lziwak xexx8yu xyri2b x18d9i69 x1c1uobl x1hl2dhg x16tdsg8 x1vvkbs\"><a class=\"x1i10hfl xjbqb8w x1ejq31n x18oe1m7 x1sy0etr xstzfhl x972fbf x10w94by x1qhh985 x14e42zd x9f619 x1ypdohk xt0psk2 xe8uvvx xdj266r x14z9mp xat24cr x1lziwak xexx8yu xyri2b x18d9i69 x1c1uobl x16tdsg8 x1hl2dhg xggy1nq x1a2a7pz xkrqix3 x1sur9pj x1fey0fg x1s688f\" style=\"color: #000000;\" tabindex=\"0\" role=\"link\" href=\"https:\/\/www.facebook.com\/ejacquot1?__cft__[0]=AZXMYxS6IRlYNzH316eI-vEXWAP74iEDCmJPUqrNISY_luelytkPaWHKqUuow72e5ycTM9UQJw48eB7GMEOn34osML1ul6hqdywscK8FWy2NagOvN-hZkXZM3sAl-nYTS-3caK0m1kalo5aeVrtNn85BuN_0QEfQ4W9mMb2Is9HJYA&amp;__tn__=-]K-R\"><span class=\"xt0psk2\"><span class=\"xjp7ctv\">Emilie Jacquot-Claude<\/span><\/span><\/a><\/span> <span class=\"html-span xdj266r x14z9mp xat24cr x1lziwak xexx8yu xyri2b x18d9i69 x1c1uobl x1hl2dhg x16tdsg8 x1vvkbs\"><a class=\"x1i10hfl xjbqb8w x1ejq31n x18oe1m7 x1sy0etr xstzfhl x972fbf x10w94by x1qhh985 x14e42zd x9f619 x1ypdohk xt0psk2 xe8uvvx xdj266r x14z9mp xat24cr x1lziwak xexx8yu xyri2b x18d9i69 x1c1uobl x16tdsg8 x1hl2dhg xggy1nq x1a2a7pz xkrqix3 x1sur9pj x1fey0fg x1s688f\" style=\"color: #000000;\" tabindex=\"0\" role=\"link\" href=\"https:\/\/www.facebook.com\/pauline.weber.790?__cft__[0]=AZXMYxS6IRlYNzH316eI-vEXWAP74iEDCmJPUqrNISY_luelytkPaWHKqUuow72e5ycTM9UQJw48eB7GMEOn34osML1ul6hqdywscK8FWy2NagOvN-hZkXZM3sAl-nYTS-3caK0m1kalo5aeVrtNn85BuN_0QEfQ4W9mMb2Is9HJYA&amp;__tn__=-]K-R\"><span class=\"xt0psk2\"><span class=\"xjp7ctv\">Pauline Weber Ferrari<\/span><\/span><\/a><\/span>, Daisy Colibry, Camille. C&rsquo;\u00e9tait dur, mais je suis fi\u00e8re ! Un moment fort, marqu\u00e9 par la pr\u00e9sence de ma fille, Fodil Lopez Maeva pour la premi\u00e8re fois, venue m&rsquo;encourager <span class=\"html-span xexx8yu xyri2b x18d9i69 x1c1uobl x1hl2dhg x16tdsg8 x1vvkbs x3nfvp2 x1j61x8r x1fcty0u xdj266r xat24cr xm2jcoa x1mpyi22 xxymvpz xlup9mm x1kky2od\"><img loading=\"lazy\" decoding=\"async\" class=\"xz74otr x15mokao x1ga7v0g x16uus16 xbiv7yw\" src=\"https:\/\/static.xx.fbcdn.net\/images\/emoji.php\/v9\/t73\/1\/16\/1f979.png\" alt=\"\ud83e\udd79\" width=\"16\" height=\"16\" \/><\/span><span class=\"html-span xexx8yu xyri2b x18d9i69 x1c1uobl x1hl2dhg x16tdsg8 x1vvkbs x3nfvp2 x1j61x8r x1fcty0u xdj266r xat24cr xm2jcoa x1mpyi22 xxymvpz xlup9mm x1kky2od\"><img loading=\"lazy\" decoding=\"async\" class=\"xz74otr x15mokao x1ga7v0g x16uus16 xbiv7yw\" src=\"https:\/\/static.xx.fbcdn.net\/images\/emoji.php\/v9\/t6c\/1\/16\/2764.png\" alt=\"\u2764\ufe0f\" width=\"16\" height=\"16\" \/><\/span> dans une course sur piste. Bravo \u00e0 toutes les filles qui ont couru avec moi, ce fut une fiert\u00e9. Merci \u00e0 elle, merci \u00e0 Roland Simonet mon coatch et \u00e0 mes amis de l&rsquo;A2M, et \u00e0 tous ceux qui m&rsquo;ont soutenu dans cette belle aventure humaine et sportive <span class=\"html-span xexx8yu xyri2b x18d9i69 x1c1uobl x1hl2dhg x16tdsg8 x1vvkbs x3nfvp2 x1j61x8r x1fcty0u xdj266r xat24cr xm2jcoa x1mpyi22 xxymvpz xlup9mm x1kky2od\"><img loading=\"lazy\" decoding=\"async\" class=\"xz74otr x15mokao x1ga7v0g x16uus16 xbiv7yw\" src=\"https:\/\/static.xx.fbcdn.net\/images\/emoji.php\/v9\/te9\/1\/16\/1f4aa_1f3fd.png\" alt=\"\ud83d\udcaa\ud83c\udffd\" width=\"16\" height=\"16\" \/><\/span>.\u00a0\u00bb<\/span><\/em><\/p>\n<figure id=\"attachment_26874\" aria-describedby=\"caption-attachment-26874\" style=\"width: 316px\" class=\"wp-caption alignright\"><a href=\"https:\/\/janze-athletisme.fr\/wordpress\/wp-content\/uploads\/2025\/07\/518327265_3216433505172807_1110001184075898425_n.jpg\"><img loading=\"lazy\" decoding=\"async\" class=\"wp-image-26874\" src=\"https:\/\/janze-athletisme.fr\/wordpress\/wp-content\/uploads\/2025\/07\/518327265_3216433505172807_1110001184075898425_n-222x300.jpg\" alt=\"\" width=\"316\" height=\"427\" srcset=\"https:\/\/janze-athletisme.fr\/wordpress\/wp-content\/uploads\/2025\/07\/518327265_3216433505172807_1110001184075898425_n-222x300.jpg 222w, https:\/\/janze-athletisme.fr\/wordpress\/wp-content\/uploads\/2025\/07\/518327265_3216433505172807_1110001184075898425_n.jpg 526w\" sizes=\"auto, (max-width: 316px) 100vw, 316px\" \/><\/a><figcaption id=\"caption-attachment-26874\" class=\"wp-caption-text\">Une dream team de charme et de choc !<\/figcaption><\/figure>\n<figure id=\"attachment_26875\" aria-describedby=\"caption-attachment-26875\" style=\"width: 341px\" class=\"wp-caption alignleft\"><a href=\"https:\/\/janze-athletisme.fr\/wordpress\/wp-content\/uploads\/2025\/07\/518294714_2377670112629964_8114452312203523631_n.jpg\"><img loading=\"lazy\" decoding=\"async\" class=\"wp-image-26875\" src=\"https:\/\/janze-athletisme.fr\/wordpress\/wp-content\/uploads\/2025\/07\/518294714_2377670112629964_8114452312203523631_n-225x300.jpg\" alt=\"\" width=\"341\" height=\"454\" srcset=\"https:\/\/janze-athletisme.fr\/wordpress\/wp-content\/uploads\/2025\/07\/518294714_2377670112629964_8114452312203523631_n-225x300.jpg 225w, https:\/\/janze-athletisme.fr\/wordpress\/wp-content\/uploads\/2025\/07\/518294714_2377670112629964_8114452312203523631_n.jpg 450w\" sizes=\"auto, (max-width: 341px) 100vw, 341px\" \/><\/a><figcaption id=\"caption-attachment-26875\" class=\"wp-caption-text\">A\u00efcha \u00e0 l&rsquo;\u00e9coute des conseils de son coach, un peu dissip\u00e9e on dirait !<\/figcaption><\/figure>\n<p>&nbsp;<\/p>\n<table style=\"border-collapse: collapse; width: 100%; height: 106px;\">\n<tbody>\n<tr style=\"height: 53px;\">\n<td style=\"width: 16.6667%; text-align: center; height: 53px;\"><span style=\"color: #000000;\">Distance<\/span><\/td>\n<td style=\"width: 16.6667%; text-align: center; height: 53px;\"><span style=\"color: #000000;\">Classement<\/span><\/td>\n<td style=\"width: 16.6667%; text-align: center; height: 53px;\"><span style=\"color: #000000;\">Nom<\/span><\/td>\n<td style=\"width: 16.6667%; text-align: center; height: 53px;\"><span style=\"color: #000000;\">Temps<\/span><\/td>\n<td style=\"width: 16.6667%; text-align: center; height: 53px;\"><span style=\"color: #000000;\">Classement cat\u00e9gorie<\/span><\/td>\n<td style=\"width: 16.6667%; text-align: center; height: 53px;\"><span style=\"color: #000000;\">Classement femme<\/span><\/td>\n<\/tr>\n<tr style=\"height: 53px;\">\n<td style=\"width: 16.6667%; text-align: center; height: 53px;\"><span style=\"color: #000000;\">10 km<\/span><\/td>\n<td style=\"width: 16.6667%; text-align: center; height: 53px;\"><span style=\"color: #000000;\">44\/410<\/span><\/td>\n<td style=\"width: 16.6667%; text-align: center; height: 53px;\"><span style=\"color: #000000;\">A\u00efcha Omrani<\/span><\/td>\n<td style=\"width: 16.6667%; text-align: center; height: 53px;\"><span style=\"color: #000000;\">41&rsquo;47<\/span><\/td>\n<td style=\"width: 16.6667%; text-align: center; height: 53px;\"><span style=\"color: #ff6600;\"><strong>1\u00e8re M4F<\/strong><\/span><\/td>\n<td style=\"width: 16.6667%; text-align: center; height: 53px;\"><span style=\"color: #993300;\"><strong>3\/118<\/strong><\/span><\/td>\n<\/tr>\n<\/tbody>\n<\/table>\n","protected":false},"excerpt":{"rendered":"<p>10 km de Curvy &nbsp; &nbsp; Apr\u00e8s Maryse, championne&#8230;voici A\u00efcha, autre championne ! elle continue elle aussi, m\u00eame loin de son club de cumuler les perfs. Cette fois sur 10km, sur les chemins de Lorraine. Un chrono dont certains messieurs r\u00eaveraient ! Bravo championne ! A noter \u00e9galement sur sa lanc\u00e9e qu&rsquo;A\u00efcha avait particip\u00e9 \u00e0 [&hellip;]<\/p>\n","protected":false},"author":8,"featured_media":26873,"comment_status":"open","ping_status":"open","sticky":false,"template":"","format":"aside","meta":{"_uag_custom_page_level_css":"","site-sidebar-layout":"default","site-content-layout":"","ast-site-content-layout":"default","site-content-style":"default","site-sidebar-style":"default","ast-global-header-display":"","ast-banner-title-visibility":"","ast-main-header-display":"","ast-hfb-above-header-display":"","ast-hfb-below-header-display":"","ast-hfb-mobile-header-display":"","site-post-title":"","ast-breadcrumbs-content":"","ast-featured-img":"","footer-sml-layout":"","ast-disable-related-posts":"","theme-transparent-header-meta":"default","adv-header-id-meta":"","stick-header-meta":"","header-above-stick-meta":"","header-main-stick-meta":"","header-below-stick-meta":"","astra-migrate-meta-layouts":"set","ast-page-background-enabled":"default","ast-page-background-meta":{"desktop":{"background-color":"var(--ast-global-color-4)","background-image":"","background-repeat":"repeat","background-position":"center center","background-size":"auto","background-attachment":"scroll","background-type":"","background-media":"","overlay-type":"","overlay-color":"","overlay-opacity":"","overlay-gradient":""},"tablet":{"background-color":"","background-image":"","background-repeat":"repeat","background-position":"center center","background-size":"auto","background-attachment":"scroll","background-type":"","background-media":"","overlay-type":"","overlay-color":"","overlay-opacity":"","overlay-gradient":""},"mobile":{"background-color":"","background-image":"","background-repeat":"repeat","background-position":"center center","background-size":"auto","background-attachment":"scroll","background-type":"","background-media":"","overlay-type":"","overlay-color":"","overlay-opacity":"","overlay-gradient":""}},"ast-content-background-meta":{"desktop":{"background-color":"var(--ast-global-color-5)","background-image":"","background-repeat":"repeat","background-position":"center center","background-size":"auto","background-attachment":"scroll","background-type":"","background-media":"","overlay-type":"","overlay-color":"","overlay-opacity":"","overlay-gradient":""},"tablet":{"background-color":"var(--ast-global-color-5)","background-image":"","background-repeat":"repeat","background-position":"center center","background-size":"auto","background-attachment":"scroll","background-type":"","background-media":"","overlay-type":"","overlay-color":"","overlay-opacity":"","overlay-gradient":""},"mobile":{"background-color":"var(--ast-global-color-5)","background-image":"","background-repeat":"repeat","background-position":"center center","background-size":"auto","background-attachment":"scroll","background-type":"","background-media":"","overlay-type":"","overlay-color":"","overlay-opacity":"","overlay-gradient":""}},"footnotes":""},"categories":[6],"tags":[],"class_list":["post-26871","post","type-post","status-publish","format-aside","has-post-thumbnail","hentry","category-sections","post_format-post-format-aside"],"yoast_head":"<!-- This site is optimized with the Yoast SEO plugin v27.5 - https:\/\/yoast.com\/product\/yoast-seo-wordpress\/ -->\n<title>Curvy: A\u00efcha autant \u00e0 l&#039;aise sur piste que sur les chemins ! - Janz\u00e9 Athl\u00e9tisme<\/title>\n<meta name=\"robots\" content=\"index, follow, max-snippet:-1, max-image-preview:large, max-video-preview:-1\" \/>\n<link rel=\"canonical\" href=\"https:\/\/janze-athletisme.fr\/wordpress\/curvy-aicha-autant-a-laise-sur-piste-que-sur-les-chemins\/\" \/>\n<meta property=\"og:locale\" content=\"fr_FR\" \/>\n<meta property=\"og:type\" content=\"article\" \/>\n<meta property=\"og:title\" content=\"Curvy: A\u00efcha autant \u00e0 l&#039;aise sur piste que sur les chemins ! - Janz\u00e9 Athl\u00e9tisme\" \/>\n<meta property=\"og:description\" content=\"10 km de Curvy &nbsp; &nbsp; Apr\u00e8s Maryse, championne&#8230;voici A\u00efcha, autre championne ! elle continue elle aussi, m\u00eame loin de son club de cumuler les perfs. Cette fois sur 10km, sur les chemins de Lorraine. Un chrono dont certains messieurs r\u00eaveraient ! Bravo championne ! A noter \u00e9galement sur sa lanc\u00e9e qu&rsquo;A\u00efcha avait particip\u00e9 \u00e0 [&hellip;]\" \/>\n<meta property=\"og:url\" content=\"https:\/\/janze-athletisme.fr\/wordpress\/curvy-aicha-autant-a-laise-sur-piste-que-sur-les-chemins\/\" \/>\n<meta property=\"og:site_name\" content=\"Janz\u00e9 Athl\u00e9tisme\" \/>\n<meta property=\"article:publisher\" content=\"https:\/\/www.facebook.com\/groups\/1007964579346590\" \/>\n<meta property=\"article:published_time\" content=\"2025-07-22T09:59:25+00:00\" \/>\n<meta property=\"og:image\" content=\"https:\/\/janze-athletisme.fr\/wordpress\/wp-content\/uploads\/2025\/07\/10km-cuvry-1-212x300-1.png\" \/>\n\t<meta property=\"og:image:width\" content=\"212\" \/>\n\t<meta property=\"og:image:height\" content=\"300\" \/>\n\t<meta property=\"og:image:type\" content=\"image\/png\" \/>\n<meta name=\"author\" content=\"Jean-Marie Jouzel\" \/>\n<meta name=\"twitter:card\" content=\"summary_large_image\" \/>\n<meta name=\"twitter:label1\" content=\"\u00c9crit par\" \/>\n\t<meta name=\"twitter:data1\" content=\"Jean-Marie Jouzel\" \/>\n\t<meta name=\"twitter:label2\" content=\"Dur\u00e9e de lecture estim\u00e9e\" \/>\n\t<meta name=\"twitter:data2\" content=\"3 minutes\" \/>\n<script type=\"application\/ld+json\" class=\"yoast-schema-graph\">{\"@context\":\"https:\\\/\\\/schema.org\",\"@graph\":[{\"@type\":\"Article\",\"@id\":\"https:\\\/\\\/janze-athletisme.fr\\\/wordpress\\\/curvy-aicha-autant-a-laise-sur-piste-que-sur-les-chemins\\\/#article\",\"isPartOf\":{\"@id\":\"https:\\\/\\\/janze-athletisme.fr\\\/wordpress\\\/curvy-aicha-autant-a-laise-sur-piste-que-sur-les-chemins\\\/\"},\"author\":{\"name\":\"Jean-Marie Jouzel\",\"@id\":\"https:\\\/\\\/janze-athletisme.fr\\\/wordpress\\\/#\\\/schema\\\/person\\\/e27efa3d49687b81c679eb0b5c4973e9\"},\"headline\":\"Curvy: A\u00efcha autant \u00e0 l&rsquo;aise sur piste que sur les chemins !\",\"datePublished\":\"2025-07-22T09:59:25+00:00\",\"mainEntityOfPage\":{\"@id\":\"https:\\\/\\\/janze-athletisme.fr\\\/wordpress\\\/curvy-aicha-autant-a-laise-sur-piste-que-sur-les-chemins\\\/\"},\"wordCount\":258,\"commentCount\":0,\"publisher\":{\"@id\":\"https:\\\/\\\/janze-athletisme.fr\\\/wordpress\\\/#organization\"},\"image\":{\"@id\":\"https:\\\/\\\/janze-athletisme.fr\\\/wordpress\\\/curvy-aicha-autant-a-laise-sur-piste-que-sur-les-chemins\\\/#primaryimage\"},\"thumbnailUrl\":\"https:\\\/\\\/janze-athletisme.fr\\\/wordpress\\\/wp-content\\\/uploads\\\/2025\\\/07\\\/10km-cuvry-1-212x300-1.png\",\"articleSection\":[\"Le club au jour le jour\"],\"inLanguage\":\"fr-FR\",\"potentialAction\":[{\"@type\":\"CommentAction\",\"name\":\"Comment\",\"target\":[\"https:\\\/\\\/janze-athletisme.fr\\\/wordpress\\\/curvy-aicha-autant-a-laise-sur-piste-que-sur-les-chemins\\\/#respond\"]}]},{\"@type\":\"WebPage\",\"@id\":\"https:\\\/\\\/janze-athletisme.fr\\\/wordpress\\\/curvy-aicha-autant-a-laise-sur-piste-que-sur-les-chemins\\\/\",\"url\":\"https:\\\/\\\/janze-athletisme.fr\\\/wordpress\\\/curvy-aicha-autant-a-laise-sur-piste-que-sur-les-chemins\\\/\",\"name\":\"Curvy: A\u00efcha autant \u00e0 l'aise sur piste que sur les chemins ! - Janz\u00e9 Athl\u00e9tisme\",\"isPartOf\":{\"@id\":\"https:\\\/\\\/janze-athletisme.fr\\\/wordpress\\\/#website\"},\"primaryImageOfPage\":{\"@id\":\"https:\\\/\\\/janze-athletisme.fr\\\/wordpress\\\/curvy-aicha-autant-a-laise-sur-piste-que-sur-les-chemins\\\/#primaryimage\"},\"image\":{\"@id\":\"https:\\\/\\\/janze-athletisme.fr\\\/wordpress\\\/curvy-aicha-autant-a-laise-sur-piste-que-sur-les-chemins\\\/#primaryimage\"},\"thumbnailUrl\":\"https:\\\/\\\/janze-athletisme.fr\\\/wordpress\\\/wp-content\\\/uploads\\\/2025\\\/07\\\/10km-cuvry-1-212x300-1.png\",\"datePublished\":\"2025-07-22T09:59:25+00:00\",\"breadcrumb\":{\"@id\":\"https:\\\/\\\/janze-athletisme.fr\\\/wordpress\\\/curvy-aicha-autant-a-laise-sur-piste-que-sur-les-chemins\\\/#breadcrumb\"},\"inLanguage\":\"fr-FR\",\"potentialAction\":[{\"@type\":\"ReadAction\",\"target\":[\"https:\\\/\\\/janze-athletisme.fr\\\/wordpress\\\/curvy-aicha-autant-a-laise-sur-piste-que-sur-les-chemins\\\/\"]}]},{\"@type\":\"ImageObject\",\"inLanguage\":\"fr-FR\",\"@id\":\"https:\\\/\\\/janze-athletisme.fr\\\/wordpress\\\/curvy-aicha-autant-a-laise-sur-piste-que-sur-les-chemins\\\/#primaryimage\",\"url\":\"https:\\\/\\\/janze-athletisme.fr\\\/wordpress\\\/wp-content\\\/uploads\\\/2025\\\/07\\\/10km-cuvry-1-212x300-1.png\",\"contentUrl\":\"https:\\\/\\\/janze-athletisme.fr\\\/wordpress\\\/wp-content\\\/uploads\\\/2025\\\/07\\\/10km-cuvry-1-212x300-1.png\",\"width\":212,\"height\":300},{\"@type\":\"BreadcrumbList\",\"@id\":\"https:\\\/\\\/janze-athletisme.fr\\\/wordpress\\\/curvy-aicha-autant-a-laise-sur-piste-que-sur-les-chemins\\\/#breadcrumb\",\"itemListElement\":[{\"@type\":\"ListItem\",\"position\":1,\"name\":\"Accueil\",\"item\":\"https:\\\/\\\/janze-athletisme.fr\\\/wordpress\\\/\"},{\"@type\":\"ListItem\",\"position\":2,\"name\":\"Curvy: A\u00efcha autant \u00e0 l&rsquo;aise sur piste que sur les chemins !\"}]},{\"@type\":\"WebSite\",\"@id\":\"https:\\\/\\\/janze-athletisme.fr\\\/wordpress\\\/#website\",\"url\":\"https:\\\/\\\/janze-athletisme.fr\\\/wordpress\\\/\",\"name\":\"Janz\u00e9 Athl\u00e9tisme\",\"description\":\"Pays de La Roche aux F\u00e9es\",\"publisher\":{\"@id\":\"https:\\\/\\\/janze-athletisme.fr\\\/wordpress\\\/#organization\"},\"potentialAction\":[{\"@type\":\"SearchAction\",\"target\":{\"@type\":\"EntryPoint\",\"urlTemplate\":\"https:\\\/\\\/janze-athletisme.fr\\\/wordpress\\\/?s={search_term_string}\"},\"query-input\":{\"@type\":\"PropertyValueSpecification\",\"valueRequired\":true,\"valueName\":\"search_term_string\"}}],\"inLanguage\":\"fr-FR\"},{\"@type\":\"Organization\",\"@id\":\"https:\\\/\\\/janze-athletisme.fr\\\/wordpress\\\/#organization\",\"name\":\"Janz\u00e9 Athl\u00e9tisme\",\"url\":\"https:\\\/\\\/janze-athletisme.fr\\\/wordpress\\\/\",\"logo\":{\"@type\":\"ImageObject\",\"inLanguage\":\"fr-FR\",\"@id\":\"https:\\\/\\\/janze-athletisme.fr\\\/wordpress\\\/#\\\/schema\\\/logo\\\/image\\\/\",\"url\":\"https:\\\/\\\/janze-athletisme.fr\\\/wordpress\\\/wp-content\\\/uploads\\\/2015\\\/03\\\/logo-full1.jpg\",\"contentUrl\":\"https:\\\/\\\/janze-athletisme.fr\\\/wordpress\\\/wp-content\\\/uploads\\\/2015\\\/03\\\/logo-full1.jpg\",\"width\":437,\"height\":205,\"caption\":\"Janz\u00e9 Athl\u00e9tisme\"},\"image\":{\"@id\":\"https:\\\/\\\/janze-athletisme.fr\\\/wordpress\\\/#\\\/schema\\\/logo\\\/image\\\/\"},\"sameAs\":[\"https:\\\/\\\/www.facebook.com\\\/groups\\\/1007964579346590\"]},{\"@type\":\"Person\",\"@id\":\"https:\\\/\\\/janze-athletisme.fr\\\/wordpress\\\/#\\\/schema\\\/person\\\/e27efa3d49687b81c679eb0b5c4973e9\",\"name\":\"Jean-Marie Jouzel\",\"image\":{\"@type\":\"ImageObject\",\"inLanguage\":\"fr-FR\",\"@id\":\"https:\\\/\\\/secure.gravatar.com\\\/avatar\\\/6aaee532914ad5ae9d6b4c13c953c6689456493b17979b560cf8fd0c344930ab?s=96&d=mm&r=g\",\"url\":\"https:\\\/\\\/secure.gravatar.com\\\/avatar\\\/6aaee532914ad5ae9d6b4c13c953c6689456493b17979b560cf8fd0c344930ab?s=96&d=mm&r=g\",\"contentUrl\":\"https:\\\/\\\/secure.gravatar.com\\\/avatar\\\/6aaee532914ad5ae9d6b4c13c953c6689456493b17979b560cf8fd0c344930ab?s=96&d=mm&r=g\",\"caption\":\"Jean-Marie Jouzel\"},\"url\":\"https:\\\/\\\/janze-athletisme.fr\\\/wordpress\\\/author\\\/jmjouzel\\\/\"}]}<\/script>\n<!-- \/ Yoast SEO plugin. -->","yoast_head_json":{"title":"Curvy: A\u00efcha autant \u00e0 l'aise sur piste que sur les chemins ! - Janz\u00e9 Athl\u00e9tisme","robots":{"index":"index","follow":"follow","max-snippet":"max-snippet:-1","max-image-preview":"max-image-preview:large","max-video-preview":"max-video-preview:-1"},"canonical":"https:\/\/janze-athletisme.fr\/wordpress\/curvy-aicha-autant-a-laise-sur-piste-que-sur-les-chemins\/","og_locale":"fr_FR","og_type":"article","og_title":"Curvy: A\u00efcha autant \u00e0 l'aise sur piste que sur les chemins ! - Janz\u00e9 Athl\u00e9tisme","og_description":"10 km de Curvy &nbsp; &nbsp; Apr\u00e8s Maryse, championne&#8230;voici A\u00efcha, autre championne ! elle continue elle aussi, m\u00eame loin de son club de cumuler les perfs. Cette fois sur 10km, sur les chemins de Lorraine. Un chrono dont certains messieurs r\u00eaveraient ! Bravo championne ! A noter \u00e9galement sur sa lanc\u00e9e qu&rsquo;A\u00efcha avait particip\u00e9 \u00e0 [&hellip;]","og_url":"https:\/\/janze-athletisme.fr\/wordpress\/curvy-aicha-autant-a-laise-sur-piste-que-sur-les-chemins\/","og_site_name":"Janz\u00e9 Athl\u00e9tisme","article_publisher":"https:\/\/www.facebook.com\/groups\/1007964579346590","article_published_time":"2025-07-22T09:59:25+00:00","og_image":[{"width":212,"height":300,"url":"https:\/\/janze-athletisme.fr\/wordpress\/wp-content\/uploads\/2025\/07\/10km-cuvry-1-212x300-1.png","type":"image\/png"}],"author":"Jean-Marie Jouzel","twitter_card":"summary_large_image","twitter_misc":{"\u00c9crit par":"Jean-Marie Jouzel","Dur\u00e9e de lecture estim\u00e9e":"3 minutes"},"schema":{"@context":"https:\/\/schema.org","@graph":[{"@type":"Article","@id":"https:\/\/janze-athletisme.fr\/wordpress\/curvy-aicha-autant-a-laise-sur-piste-que-sur-les-chemins\/#article","isPartOf":{"@id":"https:\/\/janze-athletisme.fr\/wordpress\/curvy-aicha-autant-a-laise-sur-piste-que-sur-les-chemins\/"},"author":{"name":"Jean-Marie Jouzel","@id":"https:\/\/janze-athletisme.fr\/wordpress\/#\/schema\/person\/e27efa3d49687b81c679eb0b5c4973e9"},"headline":"Curvy: A\u00efcha autant \u00e0 l&rsquo;aise sur piste que sur les chemins !","datePublished":"2025-07-22T09:59:25+00:00","mainEntityOfPage":{"@id":"https:\/\/janze-athletisme.fr\/wordpress\/curvy-aicha-autant-a-laise-sur-piste-que-sur-les-chemins\/"},"wordCount":258,"commentCount":0,"publisher":{"@id":"https:\/\/janze-athletisme.fr\/wordpress\/#organization"},"image":{"@id":"https:\/\/janze-athletisme.fr\/wordpress\/curvy-aicha-autant-a-laise-sur-piste-que-sur-les-chemins\/#primaryimage"},"thumbnailUrl":"https:\/\/janze-athletisme.fr\/wordpress\/wp-content\/uploads\/2025\/07\/10km-cuvry-1-212x300-1.png","articleSection":["Le club au jour le jour"],"inLanguage":"fr-FR","potentialAction":[{"@type":"CommentAction","name":"Comment","target":["https:\/\/janze-athletisme.fr\/wordpress\/curvy-aicha-autant-a-laise-sur-piste-que-sur-les-chemins\/#respond"]}]},{"@type":"WebPage","@id":"https:\/\/janze-athletisme.fr\/wordpress\/curvy-aicha-autant-a-laise-sur-piste-que-sur-les-chemins\/","url":"https:\/\/janze-athletisme.fr\/wordpress\/curvy-aicha-autant-a-laise-sur-piste-que-sur-les-chemins\/","name":"Curvy: A\u00efcha autant \u00e0 l'aise sur piste que sur les chemins ! - Janz\u00e9 Athl\u00e9tisme","isPartOf":{"@id":"https:\/\/janze-athletisme.fr\/wordpress\/#website"},"primaryImageOfPage":{"@id":"https:\/\/janze-athletisme.fr\/wordpress\/curvy-aicha-autant-a-laise-sur-piste-que-sur-les-chemins\/#primaryimage"},"image":{"@id":"https:\/\/janze-athletisme.fr\/wordpress\/curvy-aicha-autant-a-laise-sur-piste-que-sur-les-chemins\/#primaryimage"},"thumbnailUrl":"https:\/\/janze-athletisme.fr\/wordpress\/wp-content\/uploads\/2025\/07\/10km-cuvry-1-212x300-1.png","datePublished":"2025-07-22T09:59:25+00:00","breadcrumb":{"@id":"https:\/\/janze-athletisme.fr\/wordpress\/curvy-aicha-autant-a-laise-sur-piste-que-sur-les-chemins\/#breadcrumb"},"inLanguage":"fr-FR","potentialAction":[{"@type":"ReadAction","target":["https:\/\/janze-athletisme.fr\/wordpress\/curvy-aicha-autant-a-laise-sur-piste-que-sur-les-chemins\/"]}]},{"@type":"ImageObject","inLanguage":"fr-FR","@id":"https:\/\/janze-athletisme.fr\/wordpress\/curvy-aicha-autant-a-laise-sur-piste-que-sur-les-chemins\/#primaryimage","url":"https:\/\/janze-athletisme.fr\/wordpress\/wp-content\/uploads\/2025\/07\/10km-cuvry-1-212x300-1.png","contentUrl":"https:\/\/janze-athletisme.fr\/wordpress\/wp-content\/uploads\/2025\/07\/10km-cuvry-1-212x300-1.png","width":212,"height":300},{"@type":"BreadcrumbList","@id":"https:\/\/janze-athletisme.fr\/wordpress\/curvy-aicha-autant-a-laise-sur-piste-que-sur-les-chemins\/#breadcrumb","itemListElement":[{"@type":"ListItem","position":1,"name":"Accueil","item":"https:\/\/janze-athletisme.fr\/wordpress\/"},{"@type":"ListItem","position":2,"name":"Curvy: A\u00efcha autant \u00e0 l&rsquo;aise sur piste que sur les chemins !"}]},{"@type":"WebSite","@id":"https:\/\/janze-athletisme.fr\/wordpress\/#website","url":"https:\/\/janze-athletisme.fr\/wordpress\/","name":"Janz\u00e9 Athl\u00e9tisme","description":"Pays de La Roche aux F\u00e9es","publisher":{"@id":"https:\/\/janze-athletisme.fr\/wordpress\/#organization"},"potentialAction":[{"@type":"SearchAction","target":{"@type":"EntryPoint","urlTemplate":"https:\/\/janze-athletisme.fr\/wordpress\/?s={search_term_string}"},"query-input":{"@type":"PropertyValueSpecification","valueRequired":true,"valueName":"search_term_string"}}],"inLanguage":"fr-FR"},{"@type":"Organization","@id":"https:\/\/janze-athletisme.fr\/wordpress\/#organization","name":"Janz\u00e9 Athl\u00e9tisme","url":"https:\/\/janze-athletisme.fr\/wordpress\/","logo":{"@type":"ImageObject","inLanguage":"fr-FR","@id":"https:\/\/janze-athletisme.fr\/wordpress\/#\/schema\/logo\/image\/","url":"https:\/\/janze-athletisme.fr\/wordpress\/wp-content\/uploads\/2015\/03\/logo-full1.jpg","contentUrl":"https:\/\/janze-athletisme.fr\/wordpress\/wp-content\/uploads\/2015\/03\/logo-full1.jpg","width":437,"height":205,"caption":"Janz\u00e9 Athl\u00e9tisme"},"image":{"@id":"https:\/\/janze-athletisme.fr\/wordpress\/#\/schema\/logo\/image\/"},"sameAs":["https:\/\/www.facebook.com\/groups\/1007964579346590"]},{"@type":"Person","@id":"https:\/\/janze-athletisme.fr\/wordpress\/#\/schema\/person\/e27efa3d49687b81c679eb0b5c4973e9","name":"Jean-Marie Jouzel","image":{"@type":"ImageObject","inLanguage":"fr-FR","@id":"https:\/\/secure.gravatar.com\/avatar\/6aaee532914ad5ae9d6b4c13c953c6689456493b17979b560cf8fd0c344930ab?s=96&d=mm&r=g","url":"https:\/\/secure.gravatar.com\/avatar\/6aaee532914ad5ae9d6b4c13c953c6689456493b17979b560cf8fd0c344930ab?s=96&d=mm&r=g","contentUrl":"https:\/\/secure.gravatar.com\/avatar\/6aaee532914ad5ae9d6b4c13c953c6689456493b17979b560cf8fd0c344930ab?s=96&d=mm&r=g","caption":"Jean-Marie Jouzel"},"url":"https:\/\/janze-athletisme.fr\/wordpress\/author\/jmjouzel\/"}]}},"uagb_featured_image_src":{"full":["https:\/\/janze-athletisme.fr\/wordpress\/wp-content\/uploads\/2025\/07\/10km-cuvry-1-212x300-1.png",212,300,false],"thumbnail":["https:\/\/janze-athletisme.fr\/wordpress\/wp-content\/uploads\/2025\/07\/10km-cuvry-1-212x300-1-150x150.png",150,150,true],"medium":["https:\/\/janze-athletisme.fr\/wordpress\/wp-content\/uploads\/2025\/07\/10km-cuvry-1-212x300-1.png",212,300,false],"medium_large":["https:\/\/janze-athletisme.fr\/wordpress\/wp-content\/uploads\/2025\/07\/10km-cuvry-1-212x300-1.png",212,300,false],"large":["https:\/\/janze-athletisme.fr\/wordpress\/wp-content\/uploads\/2025\/07\/10km-cuvry-1-212x300-1.png",212,300,false],"1536x1536":["https:\/\/janze-athletisme.fr\/wordpress\/wp-content\/uploads\/2025\/07\/10km-cuvry-1-212x300-1.png",212,300,false],"2048x2048":["https:\/\/janze-athletisme.fr\/wordpress\/wp-content\/uploads\/2025\/07\/10km-cuvry-1-212x300-1.png",212,300,false]},"uagb_author_info":{"display_name":"Jean-Marie Jouzel","author_link":"https:\/\/janze-athletisme.fr\/wordpress\/author\/jmjouzel\/"},"uagb_comment_info":0,"uagb_excerpt":"10 km de Curvy &nbsp; &nbsp; Apr\u00e8s Maryse, championne&#8230;voici A\u00efcha, autre championne ! elle continue elle aussi, m\u00eame loin de son club de cumuler les perfs. Cette fois sur 10km, sur les chemins de Lorraine. Un chrono dont certains messieurs r\u00eaveraient ! Bravo championne ! A noter \u00e9galement sur sa lanc\u00e9e qu&rsquo;A\u00efcha avait particip\u00e9 \u00e0\u2026","_links":{"self":[{"href":"https:\/\/janze-athletisme.fr\/wordpress\/wp-json\/wp\/v2\/posts\/26871","targetHints":{"allow":["GET"]}}],"collection":[{"href":"https:\/\/janze-athletisme.fr\/wordpress\/wp-json\/wp\/v2\/posts"}],"about":[{"href":"https:\/\/janze-athletisme.fr\/wordpress\/wp-json\/wp\/v2\/types\/post"}],"author":[{"embeddable":true,"href":"https:\/\/janze-athletisme.fr\/wordpress\/wp-json\/wp\/v2\/users\/8"}],"replies":[{"embeddable":true,"href":"https:\/\/janze-athletisme.fr\/wordpress\/wp-json\/wp\/v2\/comments?post=26871"}],"version-history":[{"count":1,"href":"https:\/\/janze-athletisme.fr\/wordpress\/wp-json\/wp\/v2\/posts\/26871\/revisions"}],"predecessor-version":[{"id":26876,"href":"https:\/\/janze-athletisme.fr\/wordpress\/wp-json\/wp\/v2\/posts\/26871\/revisions\/26876"}],"wp:featuredmedia":[{"embeddable":true,"href":"https:\/\/janze-athletisme.fr\/wordpress\/wp-json\/wp\/v2\/media\/26873"}],"wp:attachment":[{"href":"https:\/\/janze-athletisme.fr\/wordpress\/wp-json\/wp\/v2\/media?parent=26871"}],"wp:term":[{"taxonomy":"category","embeddable":true,"href":"https:\/\/janze-athletisme.fr\/wordpress\/wp-json\/wp\/v2\/categories?post=26871"},{"taxonomy":"post_tag","embeddable":true,"href":"https:\/\/janze-athletisme.fr\/wordpress\/wp-json\/wp\/v2\/tags?post=26871"}],"curies":[{"name":"wp","href":"https:\/\/api.w.org\/{rel}","templated":true}]}}