{"id":26868,"date":"2025-07-30T14:23:21","date_gmt":"2025-07-30T12:23:21","guid":{"rendered":"https:\/\/janze-athletisme.fr\/wordpress\/?p=26868"},"modified":"2025-07-30T14:24:43","modified_gmt":"2025-07-30T12:24:43","slug":"vannes-lultramarin-suite-et-fin","status":"publish","type":"post","link":"https:\/\/janze-athletisme.fr\/wordpress\/vannes-lultramarin-suite-et-fin\/","title":{"rendered":"Vannes: l&rsquo;ultramarin, suite et fin !"},"content":{"rendered":"<h1 style=\"text-align: center;\"><span style=\"color: #800000; font-family: comic sans ms, sans-serif;\">Ultramarin<\/span><\/h1>\n<p>&nbsp;<\/p>\n<p><span style=\"color: #000000;\">On vous avait tenu en haleine avec le r\u00e9cit d&rsquo;Erwan sur le v\u00e9cu de son premier ultratrail. La richesse et l&rsquo;intensit\u00e9 de son t\u00e9moignage valait bien un article \u00e0 lui tout seul.<\/span><\/p>\n<p><span style=\"color: #000000;\">Place \u00e0 Jean-Marc, Ludovic, Beno\u00eet, Xavier, Denis et moi-m\u00eame pour cl\u00f4turer cette 20\u00e8me \u00e9dition m\u00e9morable \u00e0 tout niveau. Commen\u00e7ons par Ludo qui certes, n&rsquo;\u00e9tait pas sur le Grand Raid mais les 70km du R\u00e9veil des Ducs ne sont pas \u00e0 la port\u00e9e du premier venu et il serait pr\u00e9somptueux de prendre cette distance \u00e0 la l\u00e9g\u00e8re. Cette course a elle aussi connu son lot d&rsquo;abandons. Xavier malheureusement y a \u00e9t\u00e9 contraint sur le 56km, on lui souhaite un bon r\u00e9tablissement et surtout bonne chance pour sa prochaine tentative, allez ! on ne l\u00e2che rien, courage !!!<\/span><\/p>\n<p><span style=\"color: #000000;\">Ludovic \u00e0 su tenir la distance en restant tr\u00e8s r\u00e9gulier tant au niveau de son allure que de son classement g\u00e9n\u00e9ral. Sur la m\u00eame course, Beno\u00eet s&rsquo;illustre \u00e9galement ! fin de course difficile mais il s&rsquo;est accroch\u00e9 et est lui aussi finisher.<\/span><\/p>\n<p><span style=\"color: #000000;\">Un peu dans le dur sur la fin de son parcours, Denis assure l&rsquo;essentiel brillamment sur une distance qu&rsquo;il affectionne avec en prime une 1\u00e8re place en M5 !!!<\/span><\/p>\n<p><span style=\"color: #000000;\">Place au Grand Raid et ses 175 km ! un peu plus court cela dit cette ann\u00e9e avec ses 171 km en kilom\u00e9trage r\u00e9el, bouhhh, bande de nuls !!!<\/span><\/p>\n<p><span style=\"color: #000000;\"> Jean-Marc a frapp\u00e9 fort et apr\u00e8s une pr\u00e9pa digne d&rsquo;un Kilian ou Fran\u00e7ois, il marque les esprits avec un temps canon et une tr\u00e8s belle place au classement g\u00e9n\u00e9ral. Fin de course o\u00f9 malheureusement il se blessera \u00e0 la cheville mais rien de m\u00e9chant, on serre les dents, la douleur n&rsquo;est qu&rsquo;une information !!! <\/span><\/p>\n<p><span style=\"color: #000000;\">Jean-Marc a eu la gentillesse d&rsquo;\u00e9crire quelques mots sur son exp\u00e9rience: <em>\u00a0\u00bb Apr\u00e8s 4 mois de pr\u00e9paration intensive, me voil\u00e0 enfin dans le vif du sujet. Maison lou\u00e9e pour accueillir tous les copains et la famille. J&rsquo;avais la pression avec un objectif fix\u00e9 par toutes les personnes pr\u00e9sentes pour m&rsquo;encourager: arriver pour l&rsquo;heure de l&rsquo;ap\u00e9ro !!! on a les objectifs qu&rsquo;on peut&#8230;Me voil\u00e0 au d\u00e9part dans le sas 3, j&rsquo;aime bien \u00eatre au milieu du paquet, pas de pression;Apr\u00e8s avoir souhait\u00e9 une bonne course \u00e0 Erwan et Jean-Marie, c&rsquo;est parti pour l&rsquo;aventure et une sacr\u00e9e ballade. 875\u00e8me au premier ravito, je suis pass\u00e9 par quelques p\u00e9riodes de doutes et de stress. Douleur au genou \u00e0 partir du 60\u00e8me km et petite entorse au 160\u00e8me, j&rsquo;ai malgr\u00e9 tout progressivement grappill\u00e9 des places tout au long du parcours pour finalement terminer 143\u00e8me en 23h15. C&rsquo;\u00e9tait une exp\u00e9rience folle !!! j&rsquo;ai vraiment red\u00e9couvert le Golf du Morbihan, un moment suspendu avec \u00e9norm\u00e9ment d&rsquo;\u00e9motions et un soutien sans faille de ma famille et des amis qui m&rsquo;ont port\u00e9s jusqu&rsquo;\u00e0 l&rsquo;arriv\u00e9e et l&rsquo;ap\u00e9ro&#8230;\u00a0\u00bb.<\/em><\/span><\/p>\n<p><span style=\"color: #000000;\">Pour ma part, sentiment mitig\u00e9 car j&rsquo;esp\u00e9rais faire au moins aussi bien qu&rsquo;en 2024 avec un chrono en 24h mais l&rsquo;ultra n&rsquo;est pas une science exacte&#8230;part sas 5 avec un pote de lyc\u00e9e rencontr\u00e9 sur place, j&rsquo;ai perdu beaucoup de temps et d&rsquo;\u00e9nergie pour remonter. Petit bout de chemin avec Erwan, on se perd de vu mais pas pour longtemps. Je croise \u00e9galement Basile qui encourage son p\u00e8re, sympa, ses cris me boostent ! Jean-Marc est juste devant, je le croise vite fait lorsqu&rsquo;il repart, on s&rsquo;encourage, j&rsquo;ai encore la forme mais je ne le reverrais plus ! Gros coup de mou au 40\u00e8me, un de mes plus mauvais souvenir de course o\u00f9 je suis \u00e9puis\u00e9 litt\u00e9ralement, m&rsquo;endormant sur les pelouses des r\u00e9sidences (tr\u00e8s belles d&rsquo;ailleurs) 15mn tous les 2 \u00e0 3km, j&rsquo;ai envisag\u00e9 abandonn\u00e9 car n&rsquo;envisageait pas faire encore 130 km dans ces conditions. J&rsquo;aurai d\u00fb mang\u00e9 mes p\u00e2tes avant le d\u00e9part mais estomac nou\u00e9, j&rsquo;ai zapp\u00e9&#8230; Allong\u00e9 sur le banc r\u00e9serv\u00e9 aux abandons, je recroise Erwan qui repart en essayant de m&rsquo;encourager. J&rsquo;ai ensuite eu un d\u00e9clic et me suis mis aussi \u00e0 penser \u00e0 ma femme et mon fils Corentin qui devaient m&rsquo;attendre au petit matin avec une bouteille de citronnade ! reparti tant bien que mal \u00e0 la 1400\u00e8me place, je repart tant bien que mal, le soutien de ma famille (et la citronnade) me fait un bien fou ! je retrouve petit \u00e0 petit mes jambes en acc\u00e9l\u00e9rant petit \u00e0 petit la cadence, malgr\u00e9 une chaleur \u00e9prouvante le samedi. Je retrouve Erwan et Christophe, un ancien du club, autour du 140\u00e8me km. Dans le dur, ils termineront au forceps ! bravo et respect les gars. Encourag\u00e9s comme il se doit par la Team Charpentier !!! belle surprise de les retrouver, leurs encouragements me reboostent \u00e0 nouveau. Je termine en trombe avec parfois des pointes \u00e0 4mn au kilo, merci le renfo et la PPG !!! au final, je gagne pr\u00e8s de 900 places ! bref, je perds 4h sur l&rsquo;ann\u00e9e derni\u00e8re mais consid\u00e8re cette course comme une victoire et une des plus satisfaisante sur le plan personnel. Mais apr\u00e8s 5 \u00e9ditions de l&rsquo;Ultramarin, on va quand m\u00eame changer un peu l&rsquo;ann\u00e9e prochaine !!! m\u00eame si cette \u00e9preuve reste une course magique sur un parcours magnifique.\u00a0\u00bb<\/span><\/p>\n<p>&nbsp;<\/p>\n<table style=\"border-collapse: collapse; width: 100%;\">\n<tbody>\n<tr>\n<td style=\"width: 20%; text-align: center;\"><strong><span style=\"color: #000000;\">Distance\/D\u00e9nivel\u00e9<\/span><\/strong><\/td>\n<td style=\"width: 20%; text-align: center;\"><strong><span style=\"color: #000000;\">Classement<\/span><\/strong><\/td>\n<td style=\"width: 20%; text-align: center;\"><strong><span style=\"color: #000000;\">Nom<\/span><\/strong><\/td>\n<td style=\"width: 20%; text-align: center;\"><strong><span style=\"color: #000000;\">Temps<\/span><\/strong><\/td>\n<td style=\"width: 20%; text-align: center;\"><strong><span style=\"color: #000000;\">Classement cat\u00e9gorie<\/span><\/strong><\/td>\n<\/tr>\n<tr>\n<td style=\"width: 20%; text-align: center;\"><span style=\"color: #000000;\">34 km\/173m D+<\/span><\/td>\n<td style=\"width: 20%; text-align: center;\"><span style=\"color: #000000;\">107\/1912<\/span><\/td>\n<td style=\"width: 20%; text-align: center;\"><span style=\"color: #000000;\">Denis Palussi\u00e8re<\/span><\/td>\n<td style=\"width: 20%; text-align: center;\"><span style=\"color: #000000;\">2h55&rsquo;48<\/span><\/td>\n<td style=\"width: 20%; text-align: center;\"><span style=\"color: #ff6600;\"><strong>1er M5<\/strong><\/span><\/td>\n<\/tr>\n<tr>\n<td style=\"width: 20%; text-align: center;\"><span style=\"color: #000000;\">70 km\/500m D+<\/span><\/td>\n<td style=\"width: 20%; text-align: center;\"><span style=\"color: #000000;\">263\/1170<\/span><\/td>\n<td style=\"width: 20%; text-align: center;\"><span style=\"color: #000000;\">Beno\u00eet Evano<\/span><\/td>\n<td style=\"width: 20%; text-align: center;\"><span style=\"color: #000000;\">8h05&rsquo;57<\/span><\/td>\n<td style=\"width: 20%; text-align: center;\"><span style=\"color: #000000;\">21\u00e8me M2<\/span><\/td>\n<\/tr>\n<tr>\n<td style=\"width: 20%; text-align: center;\"><span style=\"color: #000000;\">70 km\/500m D+<\/span><\/td>\n<td style=\"width: 20%; text-align: center;\"><span style=\"color: #000000;\">984\/1170<\/span><\/td>\n<td style=\"width: 20%; text-align: center;\"><span style=\"color: #000000;\">Ludovic Maudieu<\/span><\/td>\n<td style=\"width: 20%; text-align: center;\"><span style=\"color: #000000;\">10h37&rsquo;26<\/span><\/td>\n<td style=\"width: 20%; text-align: center;\"><span style=\"color: #000000;\">103\u00e8me M2<\/span><\/td>\n<\/tr>\n<tr>\n<td style=\"width: 20%; text-align: center;\"><span style=\"color: #000000;\">175 km\/1340m D+<\/span><\/td>\n<td style=\"width: 20%; text-align: center;\"><span style=\"color: #000000;\">143\/1249<\/span><\/td>\n<td style=\"width: 20%; text-align: center;\"><span style=\"color: #000000;\">Jean-Marc Chevrel<\/span><\/td>\n<td style=\"width: 20%; text-align: center;\"><span style=\"color: #000000;\">23h15&rsquo;31<\/span><\/td>\n<td style=\"width: 20%; text-align: center;\"><span style=\"color: #000000;\">7\u00e8me M3<\/span><\/td>\n<\/tr>\n<tr>\n<td style=\"width: 20%; text-align: center;\"><span style=\"color: #000000;\">175 km\/1340m D+<\/span><\/td>\n<td style=\"width: 20%; text-align: center;\"><span style=\"color: #000000;\">517\/1249<\/span><\/td>\n<td style=\"width: 20%; text-align: center;\"><span style=\"color: #000000;\">Jean-Marie Jouzel<\/span><\/td>\n<td style=\"width: 20%; text-align: center;\"><span style=\"color: #000000;\">28h36&rsquo;54<\/span><\/td>\n<td style=\"width: 20%; text-align: center;\"><span style=\"color: #000000;\">76\u00e8me M3<\/span><\/td>\n<\/tr>\n<tr>\n<td style=\"width: 20%; text-align: center;\"><span style=\"color: #000000;\">175 km\/1340m D+<\/span><\/td>\n<td style=\"width: 20%; text-align: center;\"><span style=\"color: #000000;\">565\/1249<\/span><\/td>\n<td style=\"width: 20%; text-align: center;\"><span style=\"color: #000000;\">Erwan Josset<\/span><\/td>\n<td style=\"width: 20%; text-align: center;\"><span style=\"color: #000000;\">29h12&rsquo;07<\/span><\/td>\n<td style=\"width: 20%; text-align: center;\"><span style=\"color: #000000;\">78\u00e8me M1<\/span><\/td>\n<\/tr>\n<\/tbody>\n<\/table>\n","protected":false},"excerpt":{"rendered":"<p>Ultramarin &nbsp; On vous avait tenu en haleine avec le r\u00e9cit d&rsquo;Erwan sur le v\u00e9cu de son premier ultratrail. La richesse et l&rsquo;intensit\u00e9 de son t\u00e9moignage valait bien un article \u00e0 lui tout seul. Place \u00e0 Jean-Marc, Ludovic, Beno\u00eet, Xavier, Denis et moi-m\u00eame pour cl\u00f4turer cette 20\u00e8me \u00e9dition m\u00e9morable \u00e0 tout niveau. Commen\u00e7ons par Ludo [&hellip;]<\/p>\n","protected":false},"author":8,"featured_media":26234,"comment_status":"open","ping_status":"open","sticky":false,"template":"","format":"aside","meta":{"_uag_custom_page_level_css":"","site-sidebar-layout":"default","site-content-layout":"","ast-site-content-layout":"default","site-content-style":"default","site-sidebar-style":"default","ast-global-header-display":"","ast-banner-title-visibility":"","ast-main-header-display":"","ast-hfb-above-header-display":"","ast-hfb-below-header-display":"","ast-hfb-mobile-header-display":"","site-post-title":"","ast-breadcrumbs-content":"","ast-featured-img":"","footer-sml-layout":"","ast-disable-related-posts":"","theme-transparent-header-meta":"default","adv-header-id-meta":"","stick-header-meta":"","header-above-stick-meta":"","header-main-stick-meta":"","header-below-stick-meta":"","astra-migrate-meta-layouts":"set","ast-page-background-enabled":"default","ast-page-background-meta":{"desktop":{"background-color":"var(--ast-global-color-4)","background-image":"","background-repeat":"repeat","background-position":"center center","background-size":"auto","background-attachment":"scroll","background-type":"","background-media":"","overlay-type":"","overlay-color":"","overlay-opacity":"","overlay-gradient":""},"tablet":{"background-color":"","background-image":"","background-repeat":"repeat","background-position":"center center","background-size":"auto","background-attachment":"scroll","background-type":"","background-media":"","overlay-type":"","overlay-color":"","overlay-opacity":"","overlay-gradient":""},"mobile":{"background-color":"","background-image":"","background-repeat":"repeat","background-position":"center center","background-size":"auto","background-attachment":"scroll","background-type":"","background-media":"","overlay-type":"","overlay-color":"","overlay-opacity":"","overlay-gradient":""}},"ast-content-background-meta":{"desktop":{"background-color":"var(--ast-global-color-5)","background-image":"","background-repeat":"repeat","background-position":"center center","background-size":"auto","background-attachment":"scroll","background-type":"","background-media":"","overlay-type":"","overlay-color":"","overlay-opacity":"","overlay-gradient":""},"tablet":{"background-color":"var(--ast-global-color-5)","background-image":"","background-repeat":"repeat","background-position":"center center","background-size":"auto","background-attachment":"scroll","background-type":"","background-media":"","overlay-type":"","overlay-color":"","overlay-opacity":"","overlay-gradient":""},"mobile":{"background-color":"var(--ast-global-color-5)","background-image":"","background-repeat":"repeat","background-position":"center center","background-size":"auto","background-attachment":"scroll","background-type":"","background-media":"","overlay-type":"","overlay-color":"","overlay-opacity":"","overlay-gradient":""}},"footnotes":""},"categories":[6],"tags":[],"class_list":["post-26868","post","type-post","status-publish","format-aside","has-post-thumbnail","hentry","category-sections","post_format-post-format-aside"],"yoast_head":"<!-- This site is optimized with the Yoast SEO plugin v27.5 - https:\/\/yoast.com\/product\/yoast-seo-wordpress\/ -->\n<title>Vannes: l&#039;ultramarin, suite et fin ! - Janz\u00e9 Athl\u00e9tisme<\/title>\n<meta name=\"robots\" content=\"index, follow, max-snippet:-1, max-image-preview:large, max-video-preview:-1\" \/>\n<link rel=\"canonical\" href=\"https:\/\/janze-athletisme.fr\/wordpress\/vannes-lultramarin-suite-et-fin\/\" \/>\n<meta property=\"og:locale\" content=\"fr_FR\" \/>\n<meta property=\"og:type\" content=\"article\" \/>\n<meta property=\"og:title\" content=\"Vannes: l&#039;ultramarin, suite et fin ! - Janz\u00e9 Athl\u00e9tisme\" \/>\n<meta property=\"og:description\" content=\"Ultramarin &nbsp; On vous avait tenu en haleine avec le r\u00e9cit d&rsquo;Erwan sur le v\u00e9cu de son premier ultratrail. La richesse et l&rsquo;intensit\u00e9 de son t\u00e9moignage valait bien un article \u00e0 lui tout seul. Place \u00e0 Jean-Marc, Ludovic, Beno\u00eet, Xavier, Denis et moi-m\u00eame pour cl\u00f4turer cette 20\u00e8me \u00e9dition m\u00e9morable \u00e0 tout niveau. Commen\u00e7ons par Ludo [&hellip;]\" \/>\n<meta property=\"og:url\" content=\"https:\/\/janze-athletisme.fr\/wordpress\/vannes-lultramarin-suite-et-fin\/\" \/>\n<meta property=\"og:site_name\" content=\"Janz\u00e9 Athl\u00e9tisme\" \/>\n<meta property=\"article:publisher\" content=\"https:\/\/www.facebook.com\/groups\/1007964579346590\" \/>\n<meta property=\"article:published_time\" content=\"2025-07-30T12:23:21+00:00\" \/>\n<meta property=\"article:modified_time\" content=\"2025-07-30T12:24:43+00:00\" \/>\n<meta property=\"og:image\" content=\"https:\/\/janze-athletisme.fr\/wordpress\/wp-content\/uploads\/2025\/06\/affiche-2025.jpeg\" \/>\n\t<meta property=\"og:image:width\" content=\"1131\" \/>\n\t<meta property=\"og:image:height\" content=\"1600\" \/>\n\t<meta property=\"og:image:type\" content=\"image\/jpeg\" \/>\n<meta name=\"author\" content=\"Jean-Marie Jouzel\" \/>\n<meta name=\"twitter:card\" content=\"summary_large_image\" \/>\n<meta name=\"twitter:label1\" content=\"\u00c9crit par\" \/>\n\t<meta name=\"twitter:data1\" content=\"Jean-Marie Jouzel\" \/>\n\t<meta name=\"twitter:label2\" content=\"Dur\u00e9e de lecture estim\u00e9e\" \/>\n\t<meta name=\"twitter:data2\" content=\"5 minutes\" \/>\n<script type=\"application\/ld+json\" class=\"yoast-schema-graph\">{\"@context\":\"https:\\\/\\\/schema.org\",\"@graph\":[{\"@type\":\"Article\",\"@id\":\"https:\\\/\\\/janze-athletisme.fr\\\/wordpress\\\/vannes-lultramarin-suite-et-fin\\\/#article\",\"isPartOf\":{\"@id\":\"https:\\\/\\\/janze-athletisme.fr\\\/wordpress\\\/vannes-lultramarin-suite-et-fin\\\/\"},\"author\":{\"name\":\"Jean-Marie Jouzel\",\"@id\":\"https:\\\/\\\/janze-athletisme.fr\\\/wordpress\\\/#\\\/schema\\\/person\\\/e27efa3d49687b81c679eb0b5c4973e9\"},\"headline\":\"Vannes: l&rsquo;ultramarin, suite et fin !\",\"datePublished\":\"2025-07-30T12:23:21+00:00\",\"dateModified\":\"2025-07-30T12:24:43+00:00\",\"mainEntityOfPage\":{\"@id\":\"https:\\\/\\\/janze-athletisme.fr\\\/wordpress\\\/vannes-lultramarin-suite-et-fin\\\/\"},\"wordCount\":981,\"commentCount\":0,\"publisher\":{\"@id\":\"https:\\\/\\\/janze-athletisme.fr\\\/wordpress\\\/#organization\"},\"image\":{\"@id\":\"https:\\\/\\\/janze-athletisme.fr\\\/wordpress\\\/vannes-lultramarin-suite-et-fin\\\/#primaryimage\"},\"thumbnailUrl\":\"https:\\\/\\\/janze-athletisme.fr\\\/wordpress\\\/wp-content\\\/uploads\\\/2025\\\/06\\\/affiche-2025.jpeg\",\"articleSection\":[\"Le club au jour le jour\"],\"inLanguage\":\"fr-FR\",\"potentialAction\":[{\"@type\":\"CommentAction\",\"name\":\"Comment\",\"target\":[\"https:\\\/\\\/janze-athletisme.fr\\\/wordpress\\\/vannes-lultramarin-suite-et-fin\\\/#respond\"]}]},{\"@type\":\"WebPage\",\"@id\":\"https:\\\/\\\/janze-athletisme.fr\\\/wordpress\\\/vannes-lultramarin-suite-et-fin\\\/\",\"url\":\"https:\\\/\\\/janze-athletisme.fr\\\/wordpress\\\/vannes-lultramarin-suite-et-fin\\\/\",\"name\":\"Vannes: l'ultramarin, suite et fin ! - Janz\u00e9 Athl\u00e9tisme\",\"isPartOf\":{\"@id\":\"https:\\\/\\\/janze-athletisme.fr\\\/wordpress\\\/#website\"},\"primaryImageOfPage\":{\"@id\":\"https:\\\/\\\/janze-athletisme.fr\\\/wordpress\\\/vannes-lultramarin-suite-et-fin\\\/#primaryimage\"},\"image\":{\"@id\":\"https:\\\/\\\/janze-athletisme.fr\\\/wordpress\\\/vannes-lultramarin-suite-et-fin\\\/#primaryimage\"},\"thumbnailUrl\":\"https:\\\/\\\/janze-athletisme.fr\\\/wordpress\\\/wp-content\\\/uploads\\\/2025\\\/06\\\/affiche-2025.jpeg\",\"datePublished\":\"2025-07-30T12:23:21+00:00\",\"dateModified\":\"2025-07-30T12:24:43+00:00\",\"breadcrumb\":{\"@id\":\"https:\\\/\\\/janze-athletisme.fr\\\/wordpress\\\/vannes-lultramarin-suite-et-fin\\\/#breadcrumb\"},\"inLanguage\":\"fr-FR\",\"potentialAction\":[{\"@type\":\"ReadAction\",\"target\":[\"https:\\\/\\\/janze-athletisme.fr\\\/wordpress\\\/vannes-lultramarin-suite-et-fin\\\/\"]}]},{\"@type\":\"ImageObject\",\"inLanguage\":\"fr-FR\",\"@id\":\"https:\\\/\\\/janze-athletisme.fr\\\/wordpress\\\/vannes-lultramarin-suite-et-fin\\\/#primaryimage\",\"url\":\"https:\\\/\\\/janze-athletisme.fr\\\/wordpress\\\/wp-content\\\/uploads\\\/2025\\\/06\\\/affiche-2025.jpeg\",\"contentUrl\":\"https:\\\/\\\/janze-athletisme.fr\\\/wordpress\\\/wp-content\\\/uploads\\\/2025\\\/06\\\/affiche-2025.jpeg\",\"width\":1131,\"height\":1600},{\"@type\":\"BreadcrumbList\",\"@id\":\"https:\\\/\\\/janze-athletisme.fr\\\/wordpress\\\/vannes-lultramarin-suite-et-fin\\\/#breadcrumb\",\"itemListElement\":[{\"@type\":\"ListItem\",\"position\":1,\"name\":\"Accueil\",\"item\":\"https:\\\/\\\/janze-athletisme.fr\\\/wordpress\\\/\"},{\"@type\":\"ListItem\",\"position\":2,\"name\":\"Vannes: l&rsquo;ultramarin, suite et fin !\"}]},{\"@type\":\"WebSite\",\"@id\":\"https:\\\/\\\/janze-athletisme.fr\\\/wordpress\\\/#website\",\"url\":\"https:\\\/\\\/janze-athletisme.fr\\\/wordpress\\\/\",\"name\":\"Janz\u00e9 Athl\u00e9tisme\",\"description\":\"Pays de La Roche aux F\u00e9es\",\"publisher\":{\"@id\":\"https:\\\/\\\/janze-athletisme.fr\\\/wordpress\\\/#organization\"},\"potentialAction\":[{\"@type\":\"SearchAction\",\"target\":{\"@type\":\"EntryPoint\",\"urlTemplate\":\"https:\\\/\\\/janze-athletisme.fr\\\/wordpress\\\/?s={search_term_string}\"},\"query-input\":{\"@type\":\"PropertyValueSpecification\",\"valueRequired\":true,\"valueName\":\"search_term_string\"}}],\"inLanguage\":\"fr-FR\"},{\"@type\":\"Organization\",\"@id\":\"https:\\\/\\\/janze-athletisme.fr\\\/wordpress\\\/#organization\",\"name\":\"Janz\u00e9 Athl\u00e9tisme\",\"url\":\"https:\\\/\\\/janze-athletisme.fr\\\/wordpress\\\/\",\"logo\":{\"@type\":\"ImageObject\",\"inLanguage\":\"fr-FR\",\"@id\":\"https:\\\/\\\/janze-athletisme.fr\\\/wordpress\\\/#\\\/schema\\\/logo\\\/image\\\/\",\"url\":\"https:\\\/\\\/janze-athletisme.fr\\\/wordpress\\\/wp-content\\\/uploads\\\/2015\\\/03\\\/logo-full1.jpg\",\"contentUrl\":\"https:\\\/\\\/janze-athletisme.fr\\\/wordpress\\\/wp-content\\\/uploads\\\/2015\\\/03\\\/logo-full1.jpg\",\"width\":437,\"height\":205,\"caption\":\"Janz\u00e9 Athl\u00e9tisme\"},\"image\":{\"@id\":\"https:\\\/\\\/janze-athletisme.fr\\\/wordpress\\\/#\\\/schema\\\/logo\\\/image\\\/\"},\"sameAs\":[\"https:\\\/\\\/www.facebook.com\\\/groups\\\/1007964579346590\"]},{\"@type\":\"Person\",\"@id\":\"https:\\\/\\\/janze-athletisme.fr\\\/wordpress\\\/#\\\/schema\\\/person\\\/e27efa3d49687b81c679eb0b5c4973e9\",\"name\":\"Jean-Marie Jouzel\",\"image\":{\"@type\":\"ImageObject\",\"inLanguage\":\"fr-FR\",\"@id\":\"https:\\\/\\\/secure.gravatar.com\\\/avatar\\\/6aaee532914ad5ae9d6b4c13c953c6689456493b17979b560cf8fd0c344930ab?s=96&d=mm&r=g\",\"url\":\"https:\\\/\\\/secure.gravatar.com\\\/avatar\\\/6aaee532914ad5ae9d6b4c13c953c6689456493b17979b560cf8fd0c344930ab?s=96&d=mm&r=g\",\"contentUrl\":\"https:\\\/\\\/secure.gravatar.com\\\/avatar\\\/6aaee532914ad5ae9d6b4c13c953c6689456493b17979b560cf8fd0c344930ab?s=96&d=mm&r=g\",\"caption\":\"Jean-Marie Jouzel\"},\"url\":\"https:\\\/\\\/janze-athletisme.fr\\\/wordpress\\\/author\\\/jmjouzel\\\/\"}]}<\/script>\n<!-- \/ Yoast SEO plugin. -->","yoast_head_json":{"title":"Vannes: l'ultramarin, suite et fin ! - Janz\u00e9 Athl\u00e9tisme","robots":{"index":"index","follow":"follow","max-snippet":"max-snippet:-1","max-image-preview":"max-image-preview:large","max-video-preview":"max-video-preview:-1"},"canonical":"https:\/\/janze-athletisme.fr\/wordpress\/vannes-lultramarin-suite-et-fin\/","og_locale":"fr_FR","og_type":"article","og_title":"Vannes: l'ultramarin, suite et fin ! - Janz\u00e9 Athl\u00e9tisme","og_description":"Ultramarin &nbsp; On vous avait tenu en haleine avec le r\u00e9cit d&rsquo;Erwan sur le v\u00e9cu de son premier ultratrail. La richesse et l&rsquo;intensit\u00e9 de son t\u00e9moignage valait bien un article \u00e0 lui tout seul. Place \u00e0 Jean-Marc, Ludovic, Beno\u00eet, Xavier, Denis et moi-m\u00eame pour cl\u00f4turer cette 20\u00e8me \u00e9dition m\u00e9morable \u00e0 tout niveau. Commen\u00e7ons par Ludo [&hellip;]","og_url":"https:\/\/janze-athletisme.fr\/wordpress\/vannes-lultramarin-suite-et-fin\/","og_site_name":"Janz\u00e9 Athl\u00e9tisme","article_publisher":"https:\/\/www.facebook.com\/groups\/1007964579346590","article_published_time":"2025-07-30T12:23:21+00:00","article_modified_time":"2025-07-30T12:24:43+00:00","og_image":[{"width":1131,"height":1600,"url":"https:\/\/janze-athletisme.fr\/wordpress\/wp-content\/uploads\/2025\/06\/affiche-2025.jpeg","type":"image\/jpeg"}],"author":"Jean-Marie Jouzel","twitter_card":"summary_large_image","twitter_misc":{"\u00c9crit par":"Jean-Marie Jouzel","Dur\u00e9e de lecture estim\u00e9e":"5 minutes"},"schema":{"@context":"https:\/\/schema.org","@graph":[{"@type":"Article","@id":"https:\/\/janze-athletisme.fr\/wordpress\/vannes-lultramarin-suite-et-fin\/#article","isPartOf":{"@id":"https:\/\/janze-athletisme.fr\/wordpress\/vannes-lultramarin-suite-et-fin\/"},"author":{"name":"Jean-Marie Jouzel","@id":"https:\/\/janze-athletisme.fr\/wordpress\/#\/schema\/person\/e27efa3d49687b81c679eb0b5c4973e9"},"headline":"Vannes: l&rsquo;ultramarin, suite et fin !","datePublished":"2025-07-30T12:23:21+00:00","dateModified":"2025-07-30T12:24:43+00:00","mainEntityOfPage":{"@id":"https:\/\/janze-athletisme.fr\/wordpress\/vannes-lultramarin-suite-et-fin\/"},"wordCount":981,"commentCount":0,"publisher":{"@id":"https:\/\/janze-athletisme.fr\/wordpress\/#organization"},"image":{"@id":"https:\/\/janze-athletisme.fr\/wordpress\/vannes-lultramarin-suite-et-fin\/#primaryimage"},"thumbnailUrl":"https:\/\/janze-athletisme.fr\/wordpress\/wp-content\/uploads\/2025\/06\/affiche-2025.jpeg","articleSection":["Le club au jour le jour"],"inLanguage":"fr-FR","potentialAction":[{"@type":"CommentAction","name":"Comment","target":["https:\/\/janze-athletisme.fr\/wordpress\/vannes-lultramarin-suite-et-fin\/#respond"]}]},{"@type":"WebPage","@id":"https:\/\/janze-athletisme.fr\/wordpress\/vannes-lultramarin-suite-et-fin\/","url":"https:\/\/janze-athletisme.fr\/wordpress\/vannes-lultramarin-suite-et-fin\/","name":"Vannes: l'ultramarin, suite et fin ! - Janz\u00e9 Athl\u00e9tisme","isPartOf":{"@id":"https:\/\/janze-athletisme.fr\/wordpress\/#website"},"primaryImageOfPage":{"@id":"https:\/\/janze-athletisme.fr\/wordpress\/vannes-lultramarin-suite-et-fin\/#primaryimage"},"image":{"@id":"https:\/\/janze-athletisme.fr\/wordpress\/vannes-lultramarin-suite-et-fin\/#primaryimage"},"thumbnailUrl":"https:\/\/janze-athletisme.fr\/wordpress\/wp-content\/uploads\/2025\/06\/affiche-2025.jpeg","datePublished":"2025-07-30T12:23:21+00:00","dateModified":"2025-07-30T12:24:43+00:00","breadcrumb":{"@id":"https:\/\/janze-athletisme.fr\/wordpress\/vannes-lultramarin-suite-et-fin\/#breadcrumb"},"inLanguage":"fr-FR","potentialAction":[{"@type":"ReadAction","target":["https:\/\/janze-athletisme.fr\/wordpress\/vannes-lultramarin-suite-et-fin\/"]}]},{"@type":"ImageObject","inLanguage":"fr-FR","@id":"https:\/\/janze-athletisme.fr\/wordpress\/vannes-lultramarin-suite-et-fin\/#primaryimage","url":"https:\/\/janze-athletisme.fr\/wordpress\/wp-content\/uploads\/2025\/06\/affiche-2025.jpeg","contentUrl":"https:\/\/janze-athletisme.fr\/wordpress\/wp-content\/uploads\/2025\/06\/affiche-2025.jpeg","width":1131,"height":1600},{"@type":"BreadcrumbList","@id":"https:\/\/janze-athletisme.fr\/wordpress\/vannes-lultramarin-suite-et-fin\/#breadcrumb","itemListElement":[{"@type":"ListItem","position":1,"name":"Accueil","item":"https:\/\/janze-athletisme.fr\/wordpress\/"},{"@type":"ListItem","position":2,"name":"Vannes: l&rsquo;ultramarin, suite et fin !"}]},{"@type":"WebSite","@id":"https:\/\/janze-athletisme.fr\/wordpress\/#website","url":"https:\/\/janze-athletisme.fr\/wordpress\/","name":"Janz\u00e9 Athl\u00e9tisme","description":"Pays de La Roche aux F\u00e9es","publisher":{"@id":"https:\/\/janze-athletisme.fr\/wordpress\/#organization"},"potentialAction":[{"@type":"SearchAction","target":{"@type":"EntryPoint","urlTemplate":"https:\/\/janze-athletisme.fr\/wordpress\/?s={search_term_string}"},"query-input":{"@type":"PropertyValueSpecification","valueRequired":true,"valueName":"search_term_string"}}],"inLanguage":"fr-FR"},{"@type":"Organization","@id":"https:\/\/janze-athletisme.fr\/wordpress\/#organization","name":"Janz\u00e9 Athl\u00e9tisme","url":"https:\/\/janze-athletisme.fr\/wordpress\/","logo":{"@type":"ImageObject","inLanguage":"fr-FR","@id":"https:\/\/janze-athletisme.fr\/wordpress\/#\/schema\/logo\/image\/","url":"https:\/\/janze-athletisme.fr\/wordpress\/wp-content\/uploads\/2015\/03\/logo-full1.jpg","contentUrl":"https:\/\/janze-athletisme.fr\/wordpress\/wp-content\/uploads\/2015\/03\/logo-full1.jpg","width":437,"height":205,"caption":"Janz\u00e9 Athl\u00e9tisme"},"image":{"@id":"https:\/\/janze-athletisme.fr\/wordpress\/#\/schema\/logo\/image\/"},"sameAs":["https:\/\/www.facebook.com\/groups\/1007964579346590"]},{"@type":"Person","@id":"https:\/\/janze-athletisme.fr\/wordpress\/#\/schema\/person\/e27efa3d49687b81c679eb0b5c4973e9","name":"Jean-Marie Jouzel","image":{"@type":"ImageObject","inLanguage":"fr-FR","@id":"https:\/\/secure.gravatar.com\/avatar\/6aaee532914ad5ae9d6b4c13c953c6689456493b17979b560cf8fd0c344930ab?s=96&d=mm&r=g","url":"https:\/\/secure.gravatar.com\/avatar\/6aaee532914ad5ae9d6b4c13c953c6689456493b17979b560cf8fd0c344930ab?s=96&d=mm&r=g","contentUrl":"https:\/\/secure.gravatar.com\/avatar\/6aaee532914ad5ae9d6b4c13c953c6689456493b17979b560cf8fd0c344930ab?s=96&d=mm&r=g","caption":"Jean-Marie Jouzel"},"url":"https:\/\/janze-athletisme.fr\/wordpress\/author\/jmjouzel\/"}]}},"uagb_featured_image_src":{"full":["https:\/\/janze-athletisme.fr\/wordpress\/wp-content\/uploads\/2025\/06\/affiche-2025.jpeg",1131,1600,false],"thumbnail":["https:\/\/janze-athletisme.fr\/wordpress\/wp-content\/uploads\/2025\/06\/affiche-2025-150x150.jpeg",150,150,true],"medium":["https:\/\/janze-athletisme.fr\/wordpress\/wp-content\/uploads\/2025\/06\/affiche-2025-212x300.jpeg",212,300,true],"medium_large":["https:\/\/janze-athletisme.fr\/wordpress\/wp-content\/uploads\/2025\/06\/affiche-2025-768x1086.jpeg",768,1086,true],"large":["https:\/\/janze-athletisme.fr\/wordpress\/wp-content\/uploads\/2025\/06\/affiche-2025-724x1024.jpeg",724,1024,true],"1536x1536":["https:\/\/janze-athletisme.fr\/wordpress\/wp-content\/uploads\/2025\/06\/affiche-2025-1086x1536.jpeg",1086,1536,true],"2048x2048":["https:\/\/janze-athletisme.fr\/wordpress\/wp-content\/uploads\/2025\/06\/affiche-2025.jpeg",1131,1600,false]},"uagb_author_info":{"display_name":"Jean-Marie Jouzel","author_link":"https:\/\/janze-athletisme.fr\/wordpress\/author\/jmjouzel\/"},"uagb_comment_info":0,"uagb_excerpt":"Ultramarin &nbsp; On vous avait tenu en haleine avec le r\u00e9cit d&rsquo;Erwan sur le v\u00e9cu de son premier ultratrail. La richesse et l&rsquo;intensit\u00e9 de son t\u00e9moignage valait bien un article \u00e0 lui tout seul. Place \u00e0 Jean-Marc, Ludovic, Beno\u00eet, Xavier, Denis et moi-m\u00eame pour cl\u00f4turer cette 20\u00e8me \u00e9dition m\u00e9morable \u00e0 tout niveau. Commen\u00e7ons par Ludo\u2026","_links":{"self":[{"href":"https:\/\/janze-athletisme.fr\/wordpress\/wp-json\/wp\/v2\/posts\/26868","targetHints":{"allow":["GET"]}}],"collection":[{"href":"https:\/\/janze-athletisme.fr\/wordpress\/wp-json\/wp\/v2\/posts"}],"about":[{"href":"https:\/\/janze-athletisme.fr\/wordpress\/wp-json\/wp\/v2\/types\/post"}],"author":[{"embeddable":true,"href":"https:\/\/janze-athletisme.fr\/wordpress\/wp-json\/wp\/v2\/users\/8"}],"replies":[{"embeddable":true,"href":"https:\/\/janze-athletisme.fr\/wordpress\/wp-json\/wp\/v2\/comments?post=26868"}],"version-history":[{"count":4,"href":"https:\/\/janze-athletisme.fr\/wordpress\/wp-json\/wp\/v2\/posts\/26868\/revisions"}],"predecessor-version":[{"id":26906,"href":"https:\/\/janze-athletisme.fr\/wordpress\/wp-json\/wp\/v2\/posts\/26868\/revisions\/26906"}],"wp:featuredmedia":[{"embeddable":true,"href":"https:\/\/janze-athletisme.fr\/wordpress\/wp-json\/wp\/v2\/media\/26234"}],"wp:attachment":[{"href":"https:\/\/janze-athletisme.fr\/wordpress\/wp-json\/wp\/v2\/media?parent=26868"}],"wp:term":[{"taxonomy":"category","embeddable":true,"href":"https:\/\/janze-athletisme.fr\/wordpress\/wp-json\/wp\/v2\/categories?post=26868"},{"taxonomy":"post_tag","embeddable":true,"href":"https:\/\/janze-athletisme.fr\/wordpress\/wp-json\/wp\/v2\/tags?post=26868"}],"curies":[{"name":"wp","href":"https:\/\/api.w.org\/{rel}","templated":true}]}}