{"id":26581,"date":"2025-07-11T21:23:13","date_gmt":"2025-07-11T19:23:13","guid":{"rendered":"https:\/\/janze-athletisme.fr\/wordpress\/?p=26581"},"modified":"2025-07-13T19:18:33","modified_gmt":"2025-07-13T17:18:33","slug":"justine-et-rose-a-lens-avec-la-bretagne","status":"publish","type":"post","link":"https:\/\/janze-athletisme.fr\/wordpress\/justine-et-rose-a-lens-avec-la-bretagne\/","title":{"rendered":"Justine, Rose (et Esteban) \u00e0 Lens avec la Bretagne"},"content":{"rendered":"<p><span style=\"font-family: Verdana, sans-serif\"><span style=\"font-size: x-large\"><b>Coupe des Ligues Minimes, Lens, 14 juillet<\/b><\/span><\/span><\/p>\n<p><span style=\"font-family: verdana, geneva, sans-serif;font-size: 12pt\">Nous aurons cette ann\u00e9e deux repr\u00e9sentantes de l&rsquo;EAC en finale de la Coupe de France des Ligues U16, \u00e0 Lens, disput\u00e9e traditionnellement le 14 juillet. Elles succ\u00e8deront \u00e0 <b>Quentin <\/b>Planchenault, s\u00e9lectionn\u00e9 avec la Bretagne il y a deux ans sur 120m, et \u00e0 <b>Jules<\/b> Le Dorven s\u00e9lectionn\u00e9 l&rsquo;an pass\u00e9 sur javelot.<\/span><\/p>\n<p><span style=\"font-family: verdana, geneva, sans-serif;font-size: 12pt\">Voici la pr\u00e9sentation que fait la f\u00e9d\u00e9ration de l&rsquo;\u00e9v\u00e8nement (<a href=\"https:\/\/www.athle.fr\/asp.net\/main.news\/news.aspx?newsid=21552\">ICI<\/a>).<\/span><\/p>\n<p><span style=\"font-family: verdana, geneva, sans-serif;font-size: 12pt\"><b>Justine<\/b> Bourgault disputera la longueur et Rose Mah\u00e9 (Bain) le 1000m. H\u00e9las, elles seront toutes deux en finale 2 et ne seront pas directement \u00e0 la bagarre pour la gagne. Mais ce n&rsquo;est pas grave, il faut donner son maximum, et autant que possible essayer de finir premi\u00e8re Bretonne (elles sont deux s\u00e9lectionn\u00e9es par \u00e9preuve et c&rsquo;est tr\u00e8s serr\u00e9).<\/span><\/p>\n<p><span style=\"font-family: verdana, geneva, sans-serif;font-size: 12pt\">A voir <a href=\"https:\/\/bases.athle.fr\/asp.net\/liste.aspx?frmbase=directs&amp;frmmode=1&amp;frmcompetition=302347&amp;frmepreuve=fe769637-57e8-4d56-9279-f59c756413b9\">ICI<\/a> pour Rose et <a href=\"https:\/\/bases.athle.fr\/asp.net\/liste.aspx?frmbase=directs&amp;frmmode=1&amp;frmcompetition=302347&amp;frmepreuve=ec655b78-44bc-47e8-aa11-b782370461fd\">ICI <\/a>pour Justine.<\/span><\/p>\n<p><span style=\"font-family: verdana, geneva, sans-serif;font-size: 12pt\"><strong>Esteban<\/strong> Fleury sera du voyage \u00e9galement en tant que jeune juge. Comme ils partent d\u00e8s ce vendredi, on ne les verra pas au meeting de Janz\u00e9, mais ils nous donneront tous les trois leurs impressions \u00e0 leur retour.<\/span><\/p>\n<p><span style=\"font-family: Verdana, sans-serif;font-size: 14pt\"><b>Justine et Rose s\u00e9lectionn\u00e9es au stage Horizons<\/b><\/span><\/p>\n<p><span style=\"font-family: verdana, geneva, sans-serif;font-size: 12pt\">L&rsquo;un ne va pas n\u00e9cessairement avec l&rsquo;autre (Jules l&rsquo;a fait, pas Quentin), mais Justine et Rose ont \u00e9t\u00e9 s\u00e9lectionn\u00e9es \u00e9galement pour le stage Horizons, qui se d\u00e9roulera \u00e0 Alen\u00e7on du lundi 25 au samedi 30 ao\u00fbt. Rassemblement des meilleurs Bretons, Normands, Lig\u00e9riens et Centrais de leur cat\u00e9gorie d&rsquo;\u00e2ge, il permet aux encadrements des ligues en question une revue d&rsquo;effectifs \u00e0 un instant T.<\/span><\/p>\n<p><span style=\"font-family: verdana, geneva, sans-serif;font-size: 12pt\">Le dispositif a fait ses preuves : il renforce la coh\u00e9sion d&rsquo;une cat\u00e9gorie d&rsquo;\u00e2ge, permet aux jeunes de s&rsquo;inscrire dans une trajectoire de haut niveau, les fid\u00e9lise et permet \u00e9ventuellement des orientations ou r\u00e9-orientations.<\/span><\/p>\n<p><span style=\"font-family: verdana, geneva, sans-serif;font-size: 12pt\">Ce sera une excellente fa\u00e7on pour elles de reprendre activement pour la rentr\u00e9e de septembre.<\/span><\/p>\n<p><a href=\"https:\/\/janze-athletisme.fr\/wordpress\/wp-content\/uploads\/2025\/07\/Justine-10mai2025-1.jpg\"><img loading=\"lazy\" decoding=\"async\" class=\"alignnone wp-image-26583\" src=\"https:\/\/janze-athletisme.fr\/wordpress\/wp-content\/uploads\/2025\/07\/Justine-10mai2025-1-300x200.jpg\" alt=\"\" width=\"393\" height=\"262\" srcset=\"https:\/\/janze-athletisme.fr\/wordpress\/wp-content\/uploads\/2025\/07\/Justine-10mai2025-1-300x200.jpg 300w, https:\/\/janze-athletisme.fr\/wordpress\/wp-content\/uploads\/2025\/07\/Justine-10mai2025-1-1024x683.jpg 1024w, https:\/\/janze-athletisme.fr\/wordpress\/wp-content\/uploads\/2025\/07\/Justine-10mai2025-1-768x512.jpg 768w, https:\/\/janze-athletisme.fr\/wordpress\/wp-content\/uploads\/2025\/07\/Justine-10mai2025-1-1536x1024.jpg 1536w, https:\/\/janze-athletisme.fr\/wordpress\/wp-content\/uploads\/2025\/07\/Justine-10mai2025-1.jpg 1800w\" sizes=\"auto, (max-width: 393px) 100vw, 393px\" \/><\/a><a href=\"https:\/\/janze-athletisme.fr\/wordpress\/wp-content\/uploads\/2025\/07\/DSC_8275.jpg\"> <img loading=\"lazy\" decoding=\"async\" class=\"alignnone wp-image-26584\" src=\"https:\/\/janze-athletisme.fr\/wordpress\/wp-content\/uploads\/2025\/07\/DSC_8275-300x200.jpg\" alt=\"\" width=\"398\" height=\"265\" srcset=\"https:\/\/janze-athletisme.fr\/wordpress\/wp-content\/uploads\/2025\/07\/DSC_8275-300x200.jpg 300w, https:\/\/janze-athletisme.fr\/wordpress\/wp-content\/uploads\/2025\/07\/DSC_8275-1024x683.jpg 1024w, https:\/\/janze-athletisme.fr\/wordpress\/wp-content\/uploads\/2025\/07\/DSC_8275-768x512.jpg 768w, https:\/\/janze-athletisme.fr\/wordpress\/wp-content\/uploads\/2025\/07\/DSC_8275.jpg 1500w\" sizes=\"auto, (max-width: 398px) 100vw, 398px\" \/><\/a><\/p>\n<p><em><span style=\"font-family: verdana, geneva, sans-serif;font-size: 12pt\">Ci-dessus, Justine et Rose (archives 2025), et ci-dessous Jules lors du stage Horizons 2024.<\/span><\/em><\/p>\n<p><a href=\"https:\/\/janze-athletisme.fr\/wordpress\/wp-content\/uploads\/2025\/07\/Jules-Coupe-de-la-LIgue-2024.png\"><img loading=\"lazy\" decoding=\"async\" class=\"alignnone wp-image-26716\" src=\"https:\/\/janze-athletisme.fr\/wordpress\/wp-content\/uploads\/2025\/07\/Jules-Coupe-de-la-LIgue-2024-300x115.png\" alt=\"\" width=\"569\" height=\"218\" srcset=\"https:\/\/janze-athletisme.fr\/wordpress\/wp-content\/uploads\/2025\/07\/Jules-Coupe-de-la-LIgue-2024-300x115.png 300w, https:\/\/janze-athletisme.fr\/wordpress\/wp-content\/uploads\/2025\/07\/Jules-Coupe-de-la-LIgue-2024-1024x393.png 1024w, https:\/\/janze-athletisme.fr\/wordpress\/wp-content\/uploads\/2025\/07\/Jules-Coupe-de-la-LIgue-2024-768x295.png 768w, https:\/\/janze-athletisme.fr\/wordpress\/wp-content\/uploads\/2025\/07\/Jules-Coupe-de-la-LIgue-2024.png 1042w\" sizes=\"auto, (max-width: 569px) 100vw, 569px\" \/> <\/a><a href=\"https:\/\/janze-athletisme.fr\/wordpress\/wp-content\/uploads\/2025\/07\/Minima-stage-Horizons.png\"><img loading=\"lazy\" decoding=\"async\" class=\"alignnone size-medium wp-image-26717\" src=\"https:\/\/janze-athletisme.fr\/wordpress\/wp-content\/uploads\/2025\/07\/Minima-stage-Horizons-219x300.png\" alt=\"\" width=\"219\" height=\"300\" srcset=\"https:\/\/janze-athletisme.fr\/wordpress\/wp-content\/uploads\/2025\/07\/Minima-stage-Horizons-219x300.png 219w, https:\/\/janze-athletisme.fr\/wordpress\/wp-content\/uploads\/2025\/07\/Minima-stage-Horizons.png 637w\" sizes=\"auto, (max-width: 219px) 100vw, 219px\" \/><\/a><\/p>\n","protected":false},"excerpt":{"rendered":"<p>Coupe des Ligues Minimes, Lens, 14 juillet Nous aurons cette ann\u00e9e deux repr\u00e9sentantes de l&rsquo;EAC en finale de la Coupe de France des Ligues U16, \u00e0 Lens, disput\u00e9e traditionnellement le 14 juillet. Elles succ\u00e8deront \u00e0 Quentin Planchenault, s\u00e9lectionn\u00e9 avec la Bretagne il y a deux ans sur 120m, et \u00e0 Jules Le Dorven s\u00e9lectionn\u00e9 l&rsquo;an [&hellip;]<\/p>\n","protected":false},"author":12,"featured_media":26718,"comment_status":"open","ping_status":"open","sticky":false,"template":"","format":"aside","meta":{"_uag_custom_page_level_css":"","site-sidebar-layout":"default","site-content-layout":"","ast-site-content-layout":"default","site-content-style":"default","site-sidebar-style":"default","ast-global-header-display":"","ast-banner-title-visibility":"","ast-main-header-display":"","ast-hfb-above-header-display":"","ast-hfb-below-header-display":"","ast-hfb-mobile-header-display":"","site-post-title":"","ast-breadcrumbs-content":"","ast-featured-img":"","footer-sml-layout":"","ast-disable-related-posts":"","theme-transparent-header-meta":"default","adv-header-id-meta":"","stick-header-meta":"","header-above-stick-meta":"","header-main-stick-meta":"","header-below-stick-meta":"","astra-migrate-meta-layouts":"set","ast-page-background-enabled":"default","ast-page-background-meta":{"desktop":{"background-color":"var(--ast-global-color-4)","background-image":"","background-repeat":"repeat","background-position":"center center","background-size":"auto","background-attachment":"scroll","background-type":"","background-media":"","overlay-type":"","overlay-color":"","overlay-opacity":"","overlay-gradient":""},"tablet":{"background-color":"","background-image":"","background-repeat":"repeat","background-position":"center center","background-size":"auto","background-attachment":"scroll","background-type":"","background-media":"","overlay-type":"","overlay-color":"","overlay-opacity":"","overlay-gradient":""},"mobile":{"background-color":"","background-image":"","background-repeat":"repeat","background-position":"center center","background-size":"auto","background-attachment":"scroll","background-type":"","background-media":"","overlay-type":"","overlay-color":"","overlay-opacity":"","overlay-gradient":""}},"ast-content-background-meta":{"desktop":{"background-color":"var(--ast-global-color-5)","background-image":"","background-repeat":"repeat","background-position":"center center","background-size":"auto","background-attachment":"scroll","background-type":"","background-media":"","overlay-type":"","overlay-color":"","overlay-opacity":"","overlay-gradient":""},"tablet":{"background-color":"var(--ast-global-color-5)","background-image":"","background-repeat":"repeat","background-position":"center center","background-size":"auto","background-attachment":"scroll","background-type":"","background-media":"","overlay-type":"","overlay-color":"","overlay-opacity":"","overlay-gradient":""},"mobile":{"background-color":"var(--ast-global-color-5)","background-image":"","background-repeat":"repeat","background-position":"center center","background-size":"auto","background-attachment":"scroll","background-type":"","background-media":"","overlay-type":"","overlay-color":"","overlay-opacity":"","overlay-gradient":""}},"footnotes":""},"categories":[6],"tags":[],"class_list":["post-26581","post","type-post","status-publish","format-aside","has-post-thumbnail","hentry","category-sections","post_format-post-format-aside"],"yoast_head":"<!-- This site is optimized with the Yoast SEO plugin v27.5 - https:\/\/yoast.com\/product\/yoast-seo-wordpress\/ -->\n<title>Justine, Rose (et Esteban) \u00e0 Lens avec la Bretagne - Janz\u00e9 Athl\u00e9tisme<\/title>\n<meta name=\"robots\" content=\"index, follow, max-snippet:-1, max-image-preview:large, max-video-preview:-1\" \/>\n<link rel=\"canonical\" href=\"https:\/\/janze-athletisme.fr\/wordpress\/justine-et-rose-a-lens-avec-la-bretagne\/\" \/>\n<meta property=\"og:locale\" content=\"fr_FR\" \/>\n<meta property=\"og:type\" content=\"article\" \/>\n<meta property=\"og:title\" content=\"Justine, Rose (et Esteban) \u00e0 Lens avec la Bretagne - Janz\u00e9 Athl\u00e9tisme\" \/>\n<meta property=\"og:description\" content=\"Coupe des Ligues Minimes, Lens, 14 juillet Nous aurons cette ann\u00e9e deux repr\u00e9sentantes de l&rsquo;EAC en finale de la Coupe de France des Ligues U16, \u00e0 Lens, disput\u00e9e traditionnellement le 14 juillet. Elles succ\u00e8deront \u00e0 Quentin Planchenault, s\u00e9lectionn\u00e9 avec la Bretagne il y a deux ans sur 120m, et \u00e0 Jules Le Dorven s\u00e9lectionn\u00e9 l&rsquo;an [&hellip;]\" \/>\n<meta property=\"og:url\" content=\"https:\/\/janze-athletisme.fr\/wordpress\/justine-et-rose-a-lens-avec-la-bretagne\/\" \/>\n<meta property=\"og:site_name\" content=\"Janz\u00e9 Athl\u00e9tisme\" \/>\n<meta property=\"article:publisher\" content=\"https:\/\/www.facebook.com\/groups\/1007964579346590\" \/>\n<meta property=\"article:published_time\" content=\"2025-07-11T19:23:13+00:00\" \/>\n<meta property=\"article:modified_time\" content=\"2025-07-13T17:18:33+00:00\" \/>\n<meta property=\"og:image\" content=\"https:\/\/janze-athletisme.fr\/wordpress\/wp-content\/uploads\/2025\/07\/Esteban-Justine-Rose-a-Lens.jpg\" \/>\n\t<meta property=\"og:image:width\" content=\"1200\" \/>\n\t<meta property=\"og:image:height\" content=\"1200\" \/>\n\t<meta property=\"og:image:type\" content=\"image\/jpeg\" \/>\n<meta name=\"author\" content=\"Laurent Meunier\" \/>\n<meta name=\"twitter:card\" content=\"summary_large_image\" \/>\n<meta name=\"twitter:label1\" content=\"\u00c9crit par\" \/>\n\t<meta name=\"twitter:data1\" content=\"Laurent Meunier\" \/>\n\t<meta name=\"twitter:label2\" content=\"Dur\u00e9e de lecture estim\u00e9e\" \/>\n\t<meta name=\"twitter:data2\" content=\"3 minutes\" \/>\n<script type=\"application\/ld+json\" class=\"yoast-schema-graph\">{\"@context\":\"https:\\\/\\\/schema.org\",\"@graph\":[{\"@type\":\"Article\",\"@id\":\"https:\\\/\\\/janze-athletisme.fr\\\/wordpress\\\/justine-et-rose-a-lens-avec-la-bretagne\\\/#article\",\"isPartOf\":{\"@id\":\"https:\\\/\\\/janze-athletisme.fr\\\/wordpress\\\/justine-et-rose-a-lens-avec-la-bretagne\\\/\"},\"author\":{\"name\":\"Laurent Meunier\",\"@id\":\"https:\\\/\\\/janze-athletisme.fr\\\/wordpress\\\/#\\\/schema\\\/person\\\/c7b063dcfa6234c041d4d9b26cc2ea03\"},\"headline\":\"Justine, Rose (et Esteban) \u00e0 Lens avec la Bretagne\",\"datePublished\":\"2025-07-11T19:23:13+00:00\",\"dateModified\":\"2025-07-13T17:18:33+00:00\",\"mainEntityOfPage\":{\"@id\":\"https:\\\/\\\/janze-athletisme.fr\\\/wordpress\\\/justine-et-rose-a-lens-avec-la-bretagne\\\/\"},\"wordCount\":345,\"commentCount\":0,\"publisher\":{\"@id\":\"https:\\\/\\\/janze-athletisme.fr\\\/wordpress\\\/#organization\"},\"image\":{\"@id\":\"https:\\\/\\\/janze-athletisme.fr\\\/wordpress\\\/justine-et-rose-a-lens-avec-la-bretagne\\\/#primaryimage\"},\"thumbnailUrl\":\"https:\\\/\\\/janze-athletisme.fr\\\/wordpress\\\/wp-content\\\/uploads\\\/2025\\\/07\\\/Esteban-Justine-Rose-a-Lens.jpg\",\"articleSection\":[\"Le club au jour le jour\"],\"inLanguage\":\"fr-FR\",\"potentialAction\":[{\"@type\":\"CommentAction\",\"name\":\"Comment\",\"target\":[\"https:\\\/\\\/janze-athletisme.fr\\\/wordpress\\\/justine-et-rose-a-lens-avec-la-bretagne\\\/#respond\"]}]},{\"@type\":\"WebPage\",\"@id\":\"https:\\\/\\\/janze-athletisme.fr\\\/wordpress\\\/justine-et-rose-a-lens-avec-la-bretagne\\\/\",\"url\":\"https:\\\/\\\/janze-athletisme.fr\\\/wordpress\\\/justine-et-rose-a-lens-avec-la-bretagne\\\/\",\"name\":\"Justine, Rose (et Esteban) \u00e0 Lens avec la Bretagne - Janz\u00e9 Athl\u00e9tisme\",\"isPartOf\":{\"@id\":\"https:\\\/\\\/janze-athletisme.fr\\\/wordpress\\\/#website\"},\"primaryImageOfPage\":{\"@id\":\"https:\\\/\\\/janze-athletisme.fr\\\/wordpress\\\/justine-et-rose-a-lens-avec-la-bretagne\\\/#primaryimage\"},\"image\":{\"@id\":\"https:\\\/\\\/janze-athletisme.fr\\\/wordpress\\\/justine-et-rose-a-lens-avec-la-bretagne\\\/#primaryimage\"},\"thumbnailUrl\":\"https:\\\/\\\/janze-athletisme.fr\\\/wordpress\\\/wp-content\\\/uploads\\\/2025\\\/07\\\/Esteban-Justine-Rose-a-Lens.jpg\",\"datePublished\":\"2025-07-11T19:23:13+00:00\",\"dateModified\":\"2025-07-13T17:18:33+00:00\",\"breadcrumb\":{\"@id\":\"https:\\\/\\\/janze-athletisme.fr\\\/wordpress\\\/justine-et-rose-a-lens-avec-la-bretagne\\\/#breadcrumb\"},\"inLanguage\":\"fr-FR\",\"potentialAction\":[{\"@type\":\"ReadAction\",\"target\":[\"https:\\\/\\\/janze-athletisme.fr\\\/wordpress\\\/justine-et-rose-a-lens-avec-la-bretagne\\\/\"]}]},{\"@type\":\"ImageObject\",\"inLanguage\":\"fr-FR\",\"@id\":\"https:\\\/\\\/janze-athletisme.fr\\\/wordpress\\\/justine-et-rose-a-lens-avec-la-bretagne\\\/#primaryimage\",\"url\":\"https:\\\/\\\/janze-athletisme.fr\\\/wordpress\\\/wp-content\\\/uploads\\\/2025\\\/07\\\/Esteban-Justine-Rose-a-Lens.jpg\",\"contentUrl\":\"https:\\\/\\\/janze-athletisme.fr\\\/wordpress\\\/wp-content\\\/uploads\\\/2025\\\/07\\\/Esteban-Justine-Rose-a-Lens.jpg\",\"width\":1200,\"height\":1200},{\"@type\":\"BreadcrumbList\",\"@id\":\"https:\\\/\\\/janze-athletisme.fr\\\/wordpress\\\/justine-et-rose-a-lens-avec-la-bretagne\\\/#breadcrumb\",\"itemListElement\":[{\"@type\":\"ListItem\",\"position\":1,\"name\":\"Accueil\",\"item\":\"https:\\\/\\\/janze-athletisme.fr\\\/wordpress\\\/\"},{\"@type\":\"ListItem\",\"position\":2,\"name\":\"Justine, Rose (et Esteban) \u00e0 Lens avec la Bretagne\"}]},{\"@type\":\"WebSite\",\"@id\":\"https:\\\/\\\/janze-athletisme.fr\\\/wordpress\\\/#website\",\"url\":\"https:\\\/\\\/janze-athletisme.fr\\\/wordpress\\\/\",\"name\":\"Janz\u00e9 Athl\u00e9tisme\",\"description\":\"Pays de La Roche aux F\u00e9es\",\"publisher\":{\"@id\":\"https:\\\/\\\/janze-athletisme.fr\\\/wordpress\\\/#organization\"},\"potentialAction\":[{\"@type\":\"SearchAction\",\"target\":{\"@type\":\"EntryPoint\",\"urlTemplate\":\"https:\\\/\\\/janze-athletisme.fr\\\/wordpress\\\/?s={search_term_string}\"},\"query-input\":{\"@type\":\"PropertyValueSpecification\",\"valueRequired\":true,\"valueName\":\"search_term_string\"}}],\"inLanguage\":\"fr-FR\"},{\"@type\":\"Organization\",\"@id\":\"https:\\\/\\\/janze-athletisme.fr\\\/wordpress\\\/#organization\",\"name\":\"Janz\u00e9 Athl\u00e9tisme\",\"url\":\"https:\\\/\\\/janze-athletisme.fr\\\/wordpress\\\/\",\"logo\":{\"@type\":\"ImageObject\",\"inLanguage\":\"fr-FR\",\"@id\":\"https:\\\/\\\/janze-athletisme.fr\\\/wordpress\\\/#\\\/schema\\\/logo\\\/image\\\/\",\"url\":\"https:\\\/\\\/janze-athletisme.fr\\\/wordpress\\\/wp-content\\\/uploads\\\/2015\\\/03\\\/logo-full1.jpg\",\"contentUrl\":\"https:\\\/\\\/janze-athletisme.fr\\\/wordpress\\\/wp-content\\\/uploads\\\/2015\\\/03\\\/logo-full1.jpg\",\"width\":437,\"height\":205,\"caption\":\"Janz\u00e9 Athl\u00e9tisme\"},\"image\":{\"@id\":\"https:\\\/\\\/janze-athletisme.fr\\\/wordpress\\\/#\\\/schema\\\/logo\\\/image\\\/\"},\"sameAs\":[\"https:\\\/\\\/www.facebook.com\\\/groups\\\/1007964579346590\"]},{\"@type\":\"Person\",\"@id\":\"https:\\\/\\\/janze-athletisme.fr\\\/wordpress\\\/#\\\/schema\\\/person\\\/c7b063dcfa6234c041d4d9b26cc2ea03\",\"name\":\"Laurent Meunier\",\"image\":{\"@type\":\"ImageObject\",\"inLanguage\":\"fr-FR\",\"@id\":\"https:\\\/\\\/secure.gravatar.com\\\/avatar\\\/dd25d581ad7c3349090f2fa6a9adb6bfa287e6a5dd8a5216a092727cd8749034?s=96&d=mm&r=g\",\"url\":\"https:\\\/\\\/secure.gravatar.com\\\/avatar\\\/dd25d581ad7c3349090f2fa6a9adb6bfa287e6a5dd8a5216a092727cd8749034?s=96&d=mm&r=g\",\"contentUrl\":\"https:\\\/\\\/secure.gravatar.com\\\/avatar\\\/dd25d581ad7c3349090f2fa6a9adb6bfa287e6a5dd8a5216a092727cd8749034?s=96&d=mm&r=g\",\"caption\":\"Laurent Meunier\"},\"url\":\"https:\\\/\\\/janze-athletisme.fr\\\/wordpress\\\/author\\\/laurent-meunier35\\\/\"}]}<\/script>\n<!-- \/ Yoast SEO plugin. -->","yoast_head_json":{"title":"Justine, Rose (et Esteban) \u00e0 Lens avec la Bretagne - Janz\u00e9 Athl\u00e9tisme","robots":{"index":"index","follow":"follow","max-snippet":"max-snippet:-1","max-image-preview":"max-image-preview:large","max-video-preview":"max-video-preview:-1"},"canonical":"https:\/\/janze-athletisme.fr\/wordpress\/justine-et-rose-a-lens-avec-la-bretagne\/","og_locale":"fr_FR","og_type":"article","og_title":"Justine, Rose (et Esteban) \u00e0 Lens avec la Bretagne - Janz\u00e9 Athl\u00e9tisme","og_description":"Coupe des Ligues Minimes, Lens, 14 juillet Nous aurons cette ann\u00e9e deux repr\u00e9sentantes de l&rsquo;EAC en finale de la Coupe de France des Ligues U16, \u00e0 Lens, disput\u00e9e traditionnellement le 14 juillet. Elles succ\u00e8deront \u00e0 Quentin Planchenault, s\u00e9lectionn\u00e9 avec la Bretagne il y a deux ans sur 120m, et \u00e0 Jules Le Dorven s\u00e9lectionn\u00e9 l&rsquo;an [&hellip;]","og_url":"https:\/\/janze-athletisme.fr\/wordpress\/justine-et-rose-a-lens-avec-la-bretagne\/","og_site_name":"Janz\u00e9 Athl\u00e9tisme","article_publisher":"https:\/\/www.facebook.com\/groups\/1007964579346590","article_published_time":"2025-07-11T19:23:13+00:00","article_modified_time":"2025-07-13T17:18:33+00:00","og_image":[{"width":1200,"height":1200,"url":"https:\/\/janze-athletisme.fr\/wordpress\/wp-content\/uploads\/2025\/07\/Esteban-Justine-Rose-a-Lens.jpg","type":"image\/jpeg"}],"author":"Laurent Meunier","twitter_card":"summary_large_image","twitter_misc":{"\u00c9crit par":"Laurent Meunier","Dur\u00e9e de lecture estim\u00e9e":"3 minutes"},"schema":{"@context":"https:\/\/schema.org","@graph":[{"@type":"Article","@id":"https:\/\/janze-athletisme.fr\/wordpress\/justine-et-rose-a-lens-avec-la-bretagne\/#article","isPartOf":{"@id":"https:\/\/janze-athletisme.fr\/wordpress\/justine-et-rose-a-lens-avec-la-bretagne\/"},"author":{"name":"Laurent Meunier","@id":"https:\/\/janze-athletisme.fr\/wordpress\/#\/schema\/person\/c7b063dcfa6234c041d4d9b26cc2ea03"},"headline":"Justine, Rose (et Esteban) \u00e0 Lens avec la Bretagne","datePublished":"2025-07-11T19:23:13+00:00","dateModified":"2025-07-13T17:18:33+00:00","mainEntityOfPage":{"@id":"https:\/\/janze-athletisme.fr\/wordpress\/justine-et-rose-a-lens-avec-la-bretagne\/"},"wordCount":345,"commentCount":0,"publisher":{"@id":"https:\/\/janze-athletisme.fr\/wordpress\/#organization"},"image":{"@id":"https:\/\/janze-athletisme.fr\/wordpress\/justine-et-rose-a-lens-avec-la-bretagne\/#primaryimage"},"thumbnailUrl":"https:\/\/janze-athletisme.fr\/wordpress\/wp-content\/uploads\/2025\/07\/Esteban-Justine-Rose-a-Lens.jpg","articleSection":["Le club au jour le jour"],"inLanguage":"fr-FR","potentialAction":[{"@type":"CommentAction","name":"Comment","target":["https:\/\/janze-athletisme.fr\/wordpress\/justine-et-rose-a-lens-avec-la-bretagne\/#respond"]}]},{"@type":"WebPage","@id":"https:\/\/janze-athletisme.fr\/wordpress\/justine-et-rose-a-lens-avec-la-bretagne\/","url":"https:\/\/janze-athletisme.fr\/wordpress\/justine-et-rose-a-lens-avec-la-bretagne\/","name":"Justine, Rose (et Esteban) \u00e0 Lens avec la Bretagne - Janz\u00e9 Athl\u00e9tisme","isPartOf":{"@id":"https:\/\/janze-athletisme.fr\/wordpress\/#website"},"primaryImageOfPage":{"@id":"https:\/\/janze-athletisme.fr\/wordpress\/justine-et-rose-a-lens-avec-la-bretagne\/#primaryimage"},"image":{"@id":"https:\/\/janze-athletisme.fr\/wordpress\/justine-et-rose-a-lens-avec-la-bretagne\/#primaryimage"},"thumbnailUrl":"https:\/\/janze-athletisme.fr\/wordpress\/wp-content\/uploads\/2025\/07\/Esteban-Justine-Rose-a-Lens.jpg","datePublished":"2025-07-11T19:23:13+00:00","dateModified":"2025-07-13T17:18:33+00:00","breadcrumb":{"@id":"https:\/\/janze-athletisme.fr\/wordpress\/justine-et-rose-a-lens-avec-la-bretagne\/#breadcrumb"},"inLanguage":"fr-FR","potentialAction":[{"@type":"ReadAction","target":["https:\/\/janze-athletisme.fr\/wordpress\/justine-et-rose-a-lens-avec-la-bretagne\/"]}]},{"@type":"ImageObject","inLanguage":"fr-FR","@id":"https:\/\/janze-athletisme.fr\/wordpress\/justine-et-rose-a-lens-avec-la-bretagne\/#primaryimage","url":"https:\/\/janze-athletisme.fr\/wordpress\/wp-content\/uploads\/2025\/07\/Esteban-Justine-Rose-a-Lens.jpg","contentUrl":"https:\/\/janze-athletisme.fr\/wordpress\/wp-content\/uploads\/2025\/07\/Esteban-Justine-Rose-a-Lens.jpg","width":1200,"height":1200},{"@type":"BreadcrumbList","@id":"https:\/\/janze-athletisme.fr\/wordpress\/justine-et-rose-a-lens-avec-la-bretagne\/#breadcrumb","itemListElement":[{"@type":"ListItem","position":1,"name":"Accueil","item":"https:\/\/janze-athletisme.fr\/wordpress\/"},{"@type":"ListItem","position":2,"name":"Justine, Rose (et Esteban) \u00e0 Lens avec la Bretagne"}]},{"@type":"WebSite","@id":"https:\/\/janze-athletisme.fr\/wordpress\/#website","url":"https:\/\/janze-athletisme.fr\/wordpress\/","name":"Janz\u00e9 Athl\u00e9tisme","description":"Pays de La Roche aux F\u00e9es","publisher":{"@id":"https:\/\/janze-athletisme.fr\/wordpress\/#organization"},"potentialAction":[{"@type":"SearchAction","target":{"@type":"EntryPoint","urlTemplate":"https:\/\/janze-athletisme.fr\/wordpress\/?s={search_term_string}"},"query-input":{"@type":"PropertyValueSpecification","valueRequired":true,"valueName":"search_term_string"}}],"inLanguage":"fr-FR"},{"@type":"Organization","@id":"https:\/\/janze-athletisme.fr\/wordpress\/#organization","name":"Janz\u00e9 Athl\u00e9tisme","url":"https:\/\/janze-athletisme.fr\/wordpress\/","logo":{"@type":"ImageObject","inLanguage":"fr-FR","@id":"https:\/\/janze-athletisme.fr\/wordpress\/#\/schema\/logo\/image\/","url":"https:\/\/janze-athletisme.fr\/wordpress\/wp-content\/uploads\/2015\/03\/logo-full1.jpg","contentUrl":"https:\/\/janze-athletisme.fr\/wordpress\/wp-content\/uploads\/2015\/03\/logo-full1.jpg","width":437,"height":205,"caption":"Janz\u00e9 Athl\u00e9tisme"},"image":{"@id":"https:\/\/janze-athletisme.fr\/wordpress\/#\/schema\/logo\/image\/"},"sameAs":["https:\/\/www.facebook.com\/groups\/1007964579346590"]},{"@type":"Person","@id":"https:\/\/janze-athletisme.fr\/wordpress\/#\/schema\/person\/c7b063dcfa6234c041d4d9b26cc2ea03","name":"Laurent Meunier","image":{"@type":"ImageObject","inLanguage":"fr-FR","@id":"https:\/\/secure.gravatar.com\/avatar\/dd25d581ad7c3349090f2fa6a9adb6bfa287e6a5dd8a5216a092727cd8749034?s=96&d=mm&r=g","url":"https:\/\/secure.gravatar.com\/avatar\/dd25d581ad7c3349090f2fa6a9adb6bfa287e6a5dd8a5216a092727cd8749034?s=96&d=mm&r=g","contentUrl":"https:\/\/secure.gravatar.com\/avatar\/dd25d581ad7c3349090f2fa6a9adb6bfa287e6a5dd8a5216a092727cd8749034?s=96&d=mm&r=g","caption":"Laurent Meunier"},"url":"https:\/\/janze-athletisme.fr\/wordpress\/author\/laurent-meunier35\/"}]}},"uagb_featured_image_src":{"full":["https:\/\/janze-athletisme.fr\/wordpress\/wp-content\/uploads\/2025\/07\/Esteban-Justine-Rose-a-Lens.jpg",1200,1200,false],"thumbnail":["https:\/\/janze-athletisme.fr\/wordpress\/wp-content\/uploads\/2025\/07\/Esteban-Justine-Rose-a-Lens-150x150.jpg",150,150,true],"medium":["https:\/\/janze-athletisme.fr\/wordpress\/wp-content\/uploads\/2025\/07\/Esteban-Justine-Rose-a-Lens-300x300.jpg",300,300,true],"medium_large":["https:\/\/janze-athletisme.fr\/wordpress\/wp-content\/uploads\/2025\/07\/Esteban-Justine-Rose-a-Lens-768x768.jpg",768,768,true],"large":["https:\/\/janze-athletisme.fr\/wordpress\/wp-content\/uploads\/2025\/07\/Esteban-Justine-Rose-a-Lens-1024x1024.jpg",1024,1024,true],"1536x1536":["https:\/\/janze-athletisme.fr\/wordpress\/wp-content\/uploads\/2025\/07\/Esteban-Justine-Rose-a-Lens.jpg",1200,1200,false],"2048x2048":["https:\/\/janze-athletisme.fr\/wordpress\/wp-content\/uploads\/2025\/07\/Esteban-Justine-Rose-a-Lens.jpg",1200,1200,false]},"uagb_author_info":{"display_name":"Laurent Meunier","author_link":"https:\/\/janze-athletisme.fr\/wordpress\/author\/laurent-meunier35\/"},"uagb_comment_info":0,"uagb_excerpt":"Coupe des Ligues Minimes, Lens, 14 juillet Nous aurons cette ann\u00e9e deux repr\u00e9sentantes de l&rsquo;EAC en finale de la Coupe de France des Ligues U16, \u00e0 Lens, disput\u00e9e traditionnellement le 14 juillet. Elles succ\u00e8deront \u00e0 Quentin Planchenault, s\u00e9lectionn\u00e9 avec la Bretagne il y a deux ans sur 120m, et \u00e0 Jules Le Dorven s\u00e9lectionn\u00e9 l&rsquo;an\u2026","_links":{"self":[{"href":"https:\/\/janze-athletisme.fr\/wordpress\/wp-json\/wp\/v2\/posts\/26581","targetHints":{"allow":["GET"]}}],"collection":[{"href":"https:\/\/janze-athletisme.fr\/wordpress\/wp-json\/wp\/v2\/posts"}],"about":[{"href":"https:\/\/janze-athletisme.fr\/wordpress\/wp-json\/wp\/v2\/types\/post"}],"author":[{"embeddable":true,"href":"https:\/\/janze-athletisme.fr\/wordpress\/wp-json\/wp\/v2\/users\/12"}],"replies":[{"embeddable":true,"href":"https:\/\/janze-athletisme.fr\/wordpress\/wp-json\/wp\/v2\/comments?post=26581"}],"version-history":[{"count":8,"href":"https:\/\/janze-athletisme.fr\/wordpress\/wp-json\/wp\/v2\/posts\/26581\/revisions"}],"predecessor-version":[{"id":26721,"href":"https:\/\/janze-athletisme.fr\/wordpress\/wp-json\/wp\/v2\/posts\/26581\/revisions\/26721"}],"wp:featuredmedia":[{"embeddable":true,"href":"https:\/\/janze-athletisme.fr\/wordpress\/wp-json\/wp\/v2\/media\/26718"}],"wp:attachment":[{"href":"https:\/\/janze-athletisme.fr\/wordpress\/wp-json\/wp\/v2\/media?parent=26581"}],"wp:term":[{"taxonomy":"category","embeddable":true,"href":"https:\/\/janze-athletisme.fr\/wordpress\/wp-json\/wp\/v2\/categories?post=26581"},{"taxonomy":"post_tag","embeddable":true,"href":"https:\/\/janze-athletisme.fr\/wordpress\/wp-json\/wp\/v2\/tags?post=26581"}],"curies":[{"name":"wp","href":"https:\/\/api.w.org\/{rel}","templated":true}]}}