{"id":26513,"date":"2025-07-09T23:58:54","date_gmt":"2025-07-09T21:58:54","guid":{"rendered":"https:\/\/janze-athletisme.fr\/wordpress\/?p=26513"},"modified":"2025-07-11T21:32:58","modified_gmt":"2025-07-11T19:32:58","slug":"obernai-la-decouverte-du-tres-haut-niveau-pour-nos-minimes","status":"publish","type":"post","link":"https:\/\/janze-athletisme.fr\/wordpress\/obernai-la-decouverte-du-tres-haut-niveau-pour-nos-minimes\/","title":{"rendered":"Obernai : la d\u00e9couverte du (tr\u00e8s) haut niveau pour nos minimes"},"content":{"rendered":"<p><span style=\"font-family: Verdana, sans-serif\"><span style=\"font-size: x-large\"><b>Pointes d&rsquo;or U16 2025, Obernai, samedi 5 &amp; dimanche 6 juillet<\/b><\/span><\/span><\/p>\n<p><span style=\"font-family: verdana, geneva, sans-serif;font-size: 12pt\">Les filles en avaient r\u00eav\u00e9, mais il a fallu retomber sur terre. Le haut niveau, c&rsquo;est encore plus de travail, toujours plus de travail. L&rsquo;aventure n\u00e9anmoins valait le coup d&rsquo;\u00eatre tent\u00e9e. C&rsquo;est de l&rsquo;exp\u00e9rience acquise pour les ann\u00e9es \u00e0 venir. Et puis quel plaisir de voir sur la fiche FFA d&rsquo;une gamine de quinze ans Val de Reuil, Dreux, Lens, Obernai&#8230; Ce n&rsquo;est pas encore Londres, Berlin, Rome et Stockholm, mais c&rsquo;est d\u00e9j\u00e0 pas mal : tous ces paysages, c&rsquo;est autant de marges qui font tenir les pages d&rsquo;un beau r\u00e9cit de voyage.<\/span><\/p>\n<p><span style=\"font-family: verdana, geneva, sans-serif;font-size: 12pt\">Elles \u00e9taient cinq \u00e0 faire partie du club ferm\u00e9 des invit\u00e9s d&rsquo;Obernai : <b>Justine<\/b> Bourgault pour la finale des Pointes d&rsquo;or (les 100 meilleurs U16 nationaux sur une combinaison de trois \u00e9preuves), et les quatre relayeuses du 800\/200\/200\/800m, dont on se souvient qu&rsquo;elles nous avaient \u00e9pat\u00e9 \u00e0 Monfort le 6 juin lors de leur round de qualification (<a href=\"https:\/\/janze-athletisme.fr\/wordpress\/relais-8-2-2-8-les-filles-ont-fait-forte-impression\/\">ICI<\/a>).<\/span><\/p>\n<p><span style=\"font-family: Verdana, sans-serif\"><span style=\"font-size: large\"><b>Un relais in\u00e9dit pour le 800\/200\/200\/800m<\/b><\/span><\/span><\/p>\n<p><span style=\"font-family: verdana, geneva, sans-serif;font-size: 12pt\"><b>Louise <\/b>Th\u00e9odin, licenci\u00e9e pour l&rsquo;occasion, a remplac\u00e9 <b>Rose<\/b> Meyer-Blanchot, partie en vacances. Elle a pass\u00e9 le t\u00e9moin \u00e0 sa soeur <b>L\u00e9a<\/b> Th\u00e9odin (qui a remplac\u00e9 Justine). <b>Alice<\/b> Bou\u00e9 a pris le relais et <b>Rose <\/b>Mah\u00e9 a conclu. On esp\u00e9rait que les filles r\u00e9it\u00e8reraient la performance de Montfort (5&rsquo;50&Prime;94), mais le premier relais \u00e9tant parti vite, Louise s&rsquo;est trouv\u00e9e entra\u00een\u00e9e sur un rythme tr\u00e8s rapide (30&Prime; au 200m, 73&Prime; au 400m) et a eu du mal \u00e0 finir (2&rsquo;40, contre 2&rsquo;36 pour Rose MB \u00e0 Montfort). L\u00e9a et Alice ont assur\u00e9 (58&Prime; \u00e0 toutes les deux) et Rose M a fait ce qu&rsquo;elle a pu pour recoller \u00e0 ses adversaires (2&rsquo;21).<\/span><\/p>\n<p><span style=\"font-family: verdana, geneva, sans-serif;font-size: 12pt\">Le chrono final est un peu d\u00e9cevant (5&rsquo;59&Prime;54), et sur les deux finales le relais est 17e (o\u00f9 il \u00e9tait arriv\u00e9e avec la 12e perf nationale), mais l&rsquo;exp\u00e9rience reste tr\u00e8s riche, les filles se sont investies \u00e0 fond, et Louise Th\u00e9odin a montr\u00e9 des qualit\u00e9s tr\u00e8s prometteuses de demi-fondeuse. On en redemande !<\/span><\/p>\n<p><span style=\"font-family: Verdana, sans-serif\"><span style=\"font-size: large\"><b>Justine au combat mais en-de\u00e7a de son record<\/b><\/span><\/span><\/p>\n<p><span style=\"font-family: verdana, geneva, sans-serif;font-size: 12pt\">Idem pour Justine. Apr\u00e8s avoir fait 116 points au triathlon le 10 mai \u00e0 Saint-Malo, 120 points le 24 mai \u00e0 Dreux, 114 le 16 juin \u00e0 Redon, 115 \u00e0 Lens le 18 juin, puis 121 le 22 juin, de nouveau \u00e0 Redon (son record), elle reste en retrait \u00e0 Obernai, signant, avec 113 points, une 72e place qui parait bien lointaine. Mais comment la bl\u00e2mer apr\u00e8s un tel \u00e9t\u00e9 \u00e0 un tel niveau de performance ? Elle a vu ses concurrentes, elles sont humanis\u00e9es d\u00e9sormais, et on peut \u00eatre s\u00fbr que Justine aura envie de rego\u00fbter le plus vite possible \u00e0 ce niveau de performance.<\/span><\/p>\n<p><span style=\"font-family: verdana, geneva, sans-serif;font-size: 12pt\">Donc le bilan demeure excellent. Les filles ont m\u00e9rit\u00e9 d&rsquo;\u00eatre l\u00e0, avec des performances de qualification exceptionnelles, et surtout elles ont appris. C&rsquo;est la le\u00e7on du week-end.<\/span><\/p>\n<p><span style=\"font-family: verdana, geneva, sans-serif;font-size: 12pt\">Tous les r\u00e9sultats sont <a href=\"https:\/\/bases.athle.fr\/asp.net\/liste.aspx?frmbase=resultats&amp;frmmode=1&amp;frmespace=0&amp;frmcompetition=302344\">ICI<\/a>. Et on trouvera <a href=\"https:\/\/www.athle.fr\/asp.net\/main.news\/news.aspx?newsid=21534\">ICI<\/a> le compte-rendu paru sur le site de la FFA.<\/span><\/p>\n<p><a href=\"https:\/\/janze-athletisme.fr\/wordpress\/wp-content\/uploads\/2025\/07\/DSC_8221.jpg\"><img loading=\"lazy\" decoding=\"async\" class=\"alignnone wp-image-26514\" src=\"https:\/\/janze-athletisme.fr\/wordpress\/wp-content\/uploads\/2025\/07\/DSC_8221-300x300.jpg\" alt=\"\" width=\"267\" height=\"267\" srcset=\"https:\/\/janze-athletisme.fr\/wordpress\/wp-content\/uploads\/2025\/07\/DSC_8221-300x300.jpg 300w, https:\/\/janze-athletisme.fr\/wordpress\/wp-content\/uploads\/2025\/07\/DSC_8221-1024x1024.jpg 1024w, https:\/\/janze-athletisme.fr\/wordpress\/wp-content\/uploads\/2025\/07\/DSC_8221-150x150.jpg 150w, https:\/\/janze-athletisme.fr\/wordpress\/wp-content\/uploads\/2025\/07\/DSC_8221-768x768.jpg 768w, https:\/\/janze-athletisme.fr\/wordpress\/wp-content\/uploads\/2025\/07\/DSC_8221.jpg 1200w\" sizes=\"auto, (max-width: 267px) 100vw, 267px\" \/> <\/a><a href=\"https:\/\/janze-athletisme.fr\/wordpress\/wp-content\/uploads\/2025\/07\/DSC_8220.jpg\"><img loading=\"lazy\" decoding=\"async\" class=\"alignnone wp-image-26515\" src=\"https:\/\/janze-athletisme.fr\/wordpress\/wp-content\/uploads\/2025\/07\/DSC_8220-300x300.jpg\" alt=\"\" width=\"267\" height=\"267\" srcset=\"https:\/\/janze-athletisme.fr\/wordpress\/wp-content\/uploads\/2025\/07\/DSC_8220-300x300.jpg 300w, https:\/\/janze-athletisme.fr\/wordpress\/wp-content\/uploads\/2025\/07\/DSC_8220-1024x1024.jpg 1024w, https:\/\/janze-athletisme.fr\/wordpress\/wp-content\/uploads\/2025\/07\/DSC_8220-150x150.jpg 150w, https:\/\/janze-athletisme.fr\/wordpress\/wp-content\/uploads\/2025\/07\/DSC_8220-768x768.jpg 768w, https:\/\/janze-athletisme.fr\/wordpress\/wp-content\/uploads\/2025\/07\/DSC_8220.jpg 1200w\" sizes=\"auto, (max-width: 267px) 100vw, 267px\" \/><\/a><a href=\"https:\/\/janze-athletisme.fr\/wordpress\/wp-content\/uploads\/2025\/07\/DSC_8235.jpg\"> <img loading=\"lazy\" decoding=\"async\" class=\"alignnone wp-image-26516\" src=\"https:\/\/janze-athletisme.fr\/wordpress\/wp-content\/uploads\/2025\/07\/DSC_8235-300x300.jpg\" alt=\"\" width=\"266\" height=\"266\" srcset=\"https:\/\/janze-athletisme.fr\/wordpress\/wp-content\/uploads\/2025\/07\/DSC_8235-300x300.jpg 300w, https:\/\/janze-athletisme.fr\/wordpress\/wp-content\/uploads\/2025\/07\/DSC_8235-1024x1024.jpg 1024w, https:\/\/janze-athletisme.fr\/wordpress\/wp-content\/uploads\/2025\/07\/DSC_8235-150x150.jpg 150w, https:\/\/janze-athletisme.fr\/wordpress\/wp-content\/uploads\/2025\/07\/DSC_8235-768x768.jpg 768w, https:\/\/janze-athletisme.fr\/wordpress\/wp-content\/uploads\/2025\/07\/DSC_8235.jpg 1200w\" sizes=\"auto, (max-width: 266px) 100vw, 266px\" \/>\u00a0<\/a><\/p>\n<p><a href=\"https:\/\/janze-athletisme.fr\/wordpress\/wp-content\/uploads\/2025\/07\/DSC_8229.jpg\"><img loading=\"lazy\" decoding=\"async\" class=\"alignnone wp-image-26517\" src=\"https:\/\/janze-athletisme.fr\/wordpress\/wp-content\/uploads\/2025\/07\/DSC_8229-300x300.jpg\" alt=\"\" width=\"266\" height=\"266\" srcset=\"https:\/\/janze-athletisme.fr\/wordpress\/wp-content\/uploads\/2025\/07\/DSC_8229-300x300.jpg 300w, https:\/\/janze-athletisme.fr\/wordpress\/wp-content\/uploads\/2025\/07\/DSC_8229-1024x1024.jpg 1024w, https:\/\/janze-athletisme.fr\/wordpress\/wp-content\/uploads\/2025\/07\/DSC_8229-150x150.jpg 150w, https:\/\/janze-athletisme.fr\/wordpress\/wp-content\/uploads\/2025\/07\/DSC_8229-768x768.jpg 768w, https:\/\/janze-athletisme.fr\/wordpress\/wp-content\/uploads\/2025\/07\/DSC_8229.jpg 1200w\" sizes=\"auto, (max-width: 266px) 100vw, 266px\" \/> <\/a><a href=\"https:\/\/janze-athletisme.fr\/wordpress\/wp-content\/uploads\/2025\/07\/DSC_8248-1.jpg\"><img loading=\"lazy\" decoding=\"async\" class=\"alignnone wp-image-26519\" src=\"https:\/\/janze-athletisme.fr\/wordpress\/wp-content\/uploads\/2025\/07\/DSC_8248-1-300x300.jpg\" alt=\"\" width=\"267\" height=\"267\" srcset=\"https:\/\/janze-athletisme.fr\/wordpress\/wp-content\/uploads\/2025\/07\/DSC_8248-1-300x300.jpg 300w, https:\/\/janze-athletisme.fr\/wordpress\/wp-content\/uploads\/2025\/07\/DSC_8248-1-1024x1024.jpg 1024w, https:\/\/janze-athletisme.fr\/wordpress\/wp-content\/uploads\/2025\/07\/DSC_8248-1-150x150.jpg 150w, https:\/\/janze-athletisme.fr\/wordpress\/wp-content\/uploads\/2025\/07\/DSC_8248-1-768x768.jpg 768w, https:\/\/janze-athletisme.fr\/wordpress\/wp-content\/uploads\/2025\/07\/DSC_8248-1-1536x1536.jpg 1536w, https:\/\/janze-athletisme.fr\/wordpress\/wp-content\/uploads\/2025\/07\/DSC_8248-1-2048x2048.jpg 2048w\" sizes=\"auto, (max-width: 267px) 100vw, 267px\" \/><\/a><a href=\"https:\/\/janze-athletisme.fr\/wordpress\/wp-content\/uploads\/2025\/07\/DSC_8241.jpg\"> <img loading=\"lazy\" decoding=\"async\" class=\"alignnone wp-image-26520\" src=\"https:\/\/janze-athletisme.fr\/wordpress\/wp-content\/uploads\/2025\/07\/DSC_8241-300x300.jpg\" alt=\"\" width=\"268\" height=\"268\" srcset=\"https:\/\/janze-athletisme.fr\/wordpress\/wp-content\/uploads\/2025\/07\/DSC_8241-300x300.jpg 300w, https:\/\/janze-athletisme.fr\/wordpress\/wp-content\/uploads\/2025\/07\/DSC_8241-1024x1024.jpg 1024w, https:\/\/janze-athletisme.fr\/wordpress\/wp-content\/uploads\/2025\/07\/DSC_8241-150x150.jpg 150w, https:\/\/janze-athletisme.fr\/wordpress\/wp-content\/uploads\/2025\/07\/DSC_8241-768x768.jpg 768w, https:\/\/janze-athletisme.fr\/wordpress\/wp-content\/uploads\/2025\/07\/DSC_8241.jpg 1200w\" sizes=\"auto, (max-width: 268px) 100vw, 268px\" \/><\/a><\/p>\n<p><span style=\"font-family: verdana, geneva, sans-serif\">L&rsquo;installation le samedi, le concours de Justine et de Nelly (qui, avec sa coach Camille, a fait le voyage avec nous depuis Vitr\u00e9)&#8230;<\/span><\/p>\n<p><a href=\"https:\/\/janze-athletisme.fr\/wordpress\/wp-content\/uploads\/2025\/07\/DSC_8232.jpg\"><img loading=\"lazy\" decoding=\"async\" class=\"alignnone wp-image-26522\" src=\"https:\/\/janze-athletisme.fr\/wordpress\/wp-content\/uploads\/2025\/07\/DSC_8232-200x300.jpg\" alt=\"\" width=\"166\" height=\"249\" srcset=\"https:\/\/janze-athletisme.fr\/wordpress\/wp-content\/uploads\/2025\/07\/DSC_8232-200x300.jpg 200w, https:\/\/janze-athletisme.fr\/wordpress\/wp-content\/uploads\/2025\/07\/DSC_8232-683x1024.jpg 683w, https:\/\/janze-athletisme.fr\/wordpress\/wp-content\/uploads\/2025\/07\/DSC_8232-768x1152.jpg 768w, https:\/\/janze-athletisme.fr\/wordpress\/wp-content\/uploads\/2025\/07\/DSC_8232.jpg 1000w\" sizes=\"auto, (max-width: 166px) 100vw, 166px\" \/> <\/a><a href=\"https:\/\/janze-athletisme.fr\/wordpress\/wp-content\/uploads\/2025\/07\/DSC_8254.jpg\"><img loading=\"lazy\" decoding=\"async\" class=\"alignnone wp-image-26523\" src=\"https:\/\/janze-athletisme.fr\/wordpress\/wp-content\/uploads\/2025\/07\/DSC_8254-300x300.jpg\" alt=\"\" width=\"250\" height=\"250\" srcset=\"https:\/\/janze-athletisme.fr\/wordpress\/wp-content\/uploads\/2025\/07\/DSC_8254-300x300.jpg 300w, https:\/\/janze-athletisme.fr\/wordpress\/wp-content\/uploads\/2025\/07\/DSC_8254-1024x1024.jpg 1024w, https:\/\/janze-athletisme.fr\/wordpress\/wp-content\/uploads\/2025\/07\/DSC_8254-150x150.jpg 150w, https:\/\/janze-athletisme.fr\/wordpress\/wp-content\/uploads\/2025\/07\/DSC_8254-768x768.jpg 768w, https:\/\/janze-athletisme.fr\/wordpress\/wp-content\/uploads\/2025\/07\/DSC_8254.jpg 1200w\" sizes=\"auto, (max-width: 250px) 100vw, 250px\" \/>\u00a0<\/a><a href=\"https:\/\/janze-athletisme.fr\/wordpress\/wp-content\/uploads\/2025\/07\/DSC_8218.jpg\"><img loading=\"lazy\" decoding=\"async\" class=\"alignnone wp-image-26521\" src=\"https:\/\/janze-athletisme.fr\/wordpress\/wp-content\/uploads\/2025\/07\/DSC_8218-300x200.jpg\" alt=\"\" width=\"373\" height=\"248\" srcset=\"https:\/\/janze-athletisme.fr\/wordpress\/wp-content\/uploads\/2025\/07\/DSC_8218-300x200.jpg 300w, https:\/\/janze-athletisme.fr\/wordpress\/wp-content\/uploads\/2025\/07\/DSC_8218-1024x683.jpg 1024w, https:\/\/janze-athletisme.fr\/wordpress\/wp-content\/uploads\/2025\/07\/DSC_8218-768x512.jpg 768w, https:\/\/janze-athletisme.fr\/wordpress\/wp-content\/uploads\/2025\/07\/DSC_8218.jpg 1500w\" sizes=\"auto, (max-width: 373px) 100vw, 373px\" \/><\/a><\/p>\n<p><a href=\"https:\/\/janze-athletisme.fr\/wordpress\/wp-content\/uploads\/2025\/07\/DSC_8262.jpg\"><img loading=\"lazy\" decoding=\"async\" class=\"alignnone wp-image-26524\" src=\"https:\/\/janze-athletisme.fr\/wordpress\/wp-content\/uploads\/2025\/07\/DSC_8262-300x300.jpg\" alt=\"\" width=\"244\" height=\"244\" srcset=\"https:\/\/janze-athletisme.fr\/wordpress\/wp-content\/uploads\/2025\/07\/DSC_8262-300x300.jpg 300w, https:\/\/janze-athletisme.fr\/wordpress\/wp-content\/uploads\/2025\/07\/DSC_8262-1024x1024.jpg 1024w, https:\/\/janze-athletisme.fr\/wordpress\/wp-content\/uploads\/2025\/07\/DSC_8262-150x150.jpg 150w, https:\/\/janze-athletisme.fr\/wordpress\/wp-content\/uploads\/2025\/07\/DSC_8262-768x768.jpg 768w, https:\/\/janze-athletisme.fr\/wordpress\/wp-content\/uploads\/2025\/07\/DSC_8262.jpg 1200w\" sizes=\"auto, (max-width: 244px) 100vw, 244px\" \/><\/a> <a href=\"https:\/\/janze-athletisme.fr\/wordpress\/wp-content\/uploads\/2025\/07\/DSC_8263.jpg\"><img loading=\"lazy\" decoding=\"async\" class=\"alignnone wp-image-26525\" src=\"https:\/\/janze-athletisme.fr\/wordpress\/wp-content\/uploads\/2025\/07\/DSC_8263-300x300.jpg\" alt=\"\" width=\"244\" height=\"244\" srcset=\"https:\/\/janze-athletisme.fr\/wordpress\/wp-content\/uploads\/2025\/07\/DSC_8263-300x300.jpg 300w, https:\/\/janze-athletisme.fr\/wordpress\/wp-content\/uploads\/2025\/07\/DSC_8263-1024x1024.jpg 1024w, https:\/\/janze-athletisme.fr\/wordpress\/wp-content\/uploads\/2025\/07\/DSC_8263-150x150.jpg 150w, https:\/\/janze-athletisme.fr\/wordpress\/wp-content\/uploads\/2025\/07\/DSC_8263-768x768.jpg 768w, https:\/\/janze-athletisme.fr\/wordpress\/wp-content\/uploads\/2025\/07\/DSC_8263.jpg 1200w\" sizes=\"auto, (max-width: 244px) 100vw, 244px\" \/><\/a> <a href=\"https:\/\/janze-athletisme.fr\/wordpress\/wp-content\/uploads\/2025\/07\/DSC_8267.jpg\"><img loading=\"lazy\" decoding=\"async\" class=\"alignnone size-medium wp-image-26526\" src=\"https:\/\/janze-athletisme.fr\/wordpress\/wp-content\/uploads\/2025\/07\/DSC_8267-300x200.jpg\" alt=\"\" width=\"300\" height=\"200\" srcset=\"https:\/\/janze-athletisme.fr\/wordpress\/wp-content\/uploads\/2025\/07\/DSC_8267-300x200.jpg 300w, https:\/\/janze-athletisme.fr\/wordpress\/wp-content\/uploads\/2025\/07\/DSC_8267-1024x683.jpg 1024w, https:\/\/janze-athletisme.fr\/wordpress\/wp-content\/uploads\/2025\/07\/DSC_8267-768x512.jpg 768w, https:\/\/janze-athletisme.fr\/wordpress\/wp-content\/uploads\/2025\/07\/DSC_8267.jpg 1500w\" sizes=\"auto, (max-width: 300px) 100vw, 300px\" \/><\/a><\/p>\n<p><span style=\"font-family: verdana, geneva, sans-serif\">puis le concours de longueur, pendant que le relais se pr\u00e9pare, puis se lance&#8230;<\/span><\/p>\n<p><a href=\"https:\/\/janze-athletisme.fr\/wordpress\/wp-content\/uploads\/2025\/07\/DSC_8268.jpg\"><img loading=\"lazy\" decoding=\"async\" class=\"alignnone wp-image-26527\" src=\"https:\/\/janze-athletisme.fr\/wordpress\/wp-content\/uploads\/2025\/07\/DSC_8268-300x300.jpg\" alt=\"\" width=\"289\" height=\"289\" srcset=\"https:\/\/janze-athletisme.fr\/wordpress\/wp-content\/uploads\/2025\/07\/DSC_8268-300x300.jpg 300w, https:\/\/janze-athletisme.fr\/wordpress\/wp-content\/uploads\/2025\/07\/DSC_8268-1024x1024.jpg 1024w, https:\/\/janze-athletisme.fr\/wordpress\/wp-content\/uploads\/2025\/07\/DSC_8268-150x150.jpg 150w, https:\/\/janze-athletisme.fr\/wordpress\/wp-content\/uploads\/2025\/07\/DSC_8268-768x768.jpg 768w, https:\/\/janze-athletisme.fr\/wordpress\/wp-content\/uploads\/2025\/07\/DSC_8268.jpg 1200w\" sizes=\"auto, (max-width: 289px) 100vw, 289px\" \/><\/a> <a href=\"https:\/\/janze-athletisme.fr\/wordpress\/wp-content\/uploads\/2025\/07\/DSC_8274.jpg\"><img loading=\"lazy\" decoding=\"async\" class=\"alignnone wp-image-26528\" src=\"https:\/\/janze-athletisme.fr\/wordpress\/wp-content\/uploads\/2025\/07\/DSC_8274-200x300.jpg\" alt=\"\" width=\"195\" height=\"293\" srcset=\"https:\/\/janze-athletisme.fr\/wordpress\/wp-content\/uploads\/2025\/07\/DSC_8274-200x300.jpg 200w, https:\/\/janze-athletisme.fr\/wordpress\/wp-content\/uploads\/2025\/07\/DSC_8274-683x1024.jpg 683w, https:\/\/janze-athletisme.fr\/wordpress\/wp-content\/uploads\/2025\/07\/DSC_8274-768x1151.jpg 768w, https:\/\/janze-athletisme.fr\/wordpress\/wp-content\/uploads\/2025\/07\/DSC_8274.jpg 1000w\" sizes=\"auto, (max-width: 195px) 100vw, 195px\" \/><\/a> <a href=\"https:\/\/janze-athletisme.fr\/wordpress\/wp-content\/uploads\/2025\/07\/DSC_8277.jpg\"><img loading=\"lazy\" decoding=\"async\" class=\"alignnone wp-image-26529\" src=\"https:\/\/janze-athletisme.fr\/wordpress\/wp-content\/uploads\/2025\/07\/DSC_8277-300x300.jpg\" alt=\"\" width=\"294\" height=\"294\" srcset=\"https:\/\/janze-athletisme.fr\/wordpress\/wp-content\/uploads\/2025\/07\/DSC_8277-300x300.jpg 300w, https:\/\/janze-athletisme.fr\/wordpress\/wp-content\/uploads\/2025\/07\/DSC_8277-1024x1024.jpg 1024w, https:\/\/janze-athletisme.fr\/wordpress\/wp-content\/uploads\/2025\/07\/DSC_8277-150x150.jpg 150w, https:\/\/janze-athletisme.fr\/wordpress\/wp-content\/uploads\/2025\/07\/DSC_8277-768x768.jpg 768w, https:\/\/janze-athletisme.fr\/wordpress\/wp-content\/uploads\/2025\/07\/DSC_8277.jpg 1200w\" sizes=\"auto, (max-width: 294px) 100vw, 294px\" \/><\/a><\/p>\n<p><span style=\"font-family: verdana, geneva, sans-serif\">Moment d\u00e9tente le soir&#8230;<\/span><\/p>\n<p><a href=\"https:\/\/janze-athletisme.fr\/wordpress\/wp-content\/uploads\/2025\/07\/DSC_8283.jpg\"><img loading=\"lazy\" decoding=\"async\" class=\"alignnone wp-image-26530\" src=\"https:\/\/janze-athletisme.fr\/wordpress\/wp-content\/uploads\/2025\/07\/DSC_8283-300x200.jpg\" alt=\"\" width=\"231\" height=\"154\" srcset=\"https:\/\/janze-athletisme.fr\/wordpress\/wp-content\/uploads\/2025\/07\/DSC_8283-300x200.jpg 300w, https:\/\/janze-athletisme.fr\/wordpress\/wp-content\/uploads\/2025\/07\/DSC_8283-1024x683.jpg 1024w, https:\/\/janze-athletisme.fr\/wordpress\/wp-content\/uploads\/2025\/07\/DSC_8283-768x512.jpg 768w, https:\/\/janze-athletisme.fr\/wordpress\/wp-content\/uploads\/2025\/07\/DSC_8283.jpg 1200w\" sizes=\"auto, (max-width: 231px) 100vw, 231px\" \/><\/a> <a href=\"https:\/\/janze-athletisme.fr\/wordpress\/wp-content\/uploads\/2025\/07\/DSC_8287.jpg\"><img loading=\"lazy\" decoding=\"async\" class=\"alignnone size-medium wp-image-26531\" src=\"https:\/\/janze-athletisme.fr\/wordpress\/wp-content\/uploads\/2025\/07\/DSC_8287-300x200.jpg\" alt=\"\" width=\"300\" height=\"200\" srcset=\"https:\/\/janze-athletisme.fr\/wordpress\/wp-content\/uploads\/2025\/07\/DSC_8287-300x200.jpg 300w, https:\/\/janze-athletisme.fr\/wordpress\/wp-content\/uploads\/2025\/07\/DSC_8287-1024x683.jpg 1024w, https:\/\/janze-athletisme.fr\/wordpress\/wp-content\/uploads\/2025\/07\/DSC_8287-768x512.jpg 768w, https:\/\/janze-athletisme.fr\/wordpress\/wp-content\/uploads\/2025\/07\/DSC_8287.jpg 1500w\" sizes=\"auto, (max-width: 300px) 100vw, 300px\" \/> <\/a><a href=\"https:\/\/janze-athletisme.fr\/wordpress\/wp-content\/uploads\/2025\/07\/DSC_8308.jpg\"><img loading=\"lazy\" decoding=\"async\" class=\"alignnone wp-image-26532\" src=\"https:\/\/janze-athletisme.fr\/wordpress\/wp-content\/uploads\/2025\/07\/DSC_8308-300x200.jpg\" alt=\"\" width=\"246\" height=\"164\" srcset=\"https:\/\/janze-athletisme.fr\/wordpress\/wp-content\/uploads\/2025\/07\/DSC_8308-300x200.jpg 300w, https:\/\/janze-athletisme.fr\/wordpress\/wp-content\/uploads\/2025\/07\/DSC_8308-1024x683.jpg 1024w, https:\/\/janze-athletisme.fr\/wordpress\/wp-content\/uploads\/2025\/07\/DSC_8308-768x512.jpg 768w, https:\/\/janze-athletisme.fr\/wordpress\/wp-content\/uploads\/2025\/07\/DSC_8308.jpg 1500w\" sizes=\"auto, (max-width: 246px) 100vw, 246px\" \/><\/a><\/p>\n<p><a href=\"https:\/\/janze-athletisme.fr\/wordpress\/wp-content\/uploads\/2025\/07\/DSC_8303.jpg\"><img loading=\"lazy\" decoding=\"async\" class=\"alignnone wp-image-26533\" src=\"https:\/\/janze-athletisme.fr\/wordpress\/wp-content\/uploads\/2025\/07\/DSC_8303-300x200.jpg\" alt=\"\" width=\"251\" height=\"167\" srcset=\"https:\/\/janze-athletisme.fr\/wordpress\/wp-content\/uploads\/2025\/07\/DSC_8303-300x200.jpg 300w, https:\/\/janze-athletisme.fr\/wordpress\/wp-content\/uploads\/2025\/07\/DSC_8303-1024x683.jpg 1024w, https:\/\/janze-athletisme.fr\/wordpress\/wp-content\/uploads\/2025\/07\/DSC_8303-768x512.jpg 768w, https:\/\/janze-athletisme.fr\/wordpress\/wp-content\/uploads\/2025\/07\/DSC_8303.jpg 1500w\" sizes=\"auto, (max-width: 251px) 100vw, 251px\" \/><\/a> <a href=\"https:\/\/janze-athletisme.fr\/wordpress\/wp-content\/uploads\/2025\/07\/DSC_8304.jpg\"><img loading=\"lazy\" decoding=\"async\" class=\"alignnone wp-image-26534\" src=\"https:\/\/janze-athletisme.fr\/wordpress\/wp-content\/uploads\/2025\/07\/DSC_8304-300x200.jpg\" alt=\"\" width=\"269\" height=\"179\" srcset=\"https:\/\/janze-athletisme.fr\/wordpress\/wp-content\/uploads\/2025\/07\/DSC_8304-300x200.jpg 300w, https:\/\/janze-athletisme.fr\/wordpress\/wp-content\/uploads\/2025\/07\/DSC_8304-1024x683.jpg 1024w, https:\/\/janze-athletisme.fr\/wordpress\/wp-content\/uploads\/2025\/07\/DSC_8304-768x512.jpg 768w, https:\/\/janze-athletisme.fr\/wordpress\/wp-content\/uploads\/2025\/07\/DSC_8304.jpg 1500w\" sizes=\"auto, (max-width: 269px) 100vw, 269px\" \/> <\/a><a href=\"https:\/\/janze-athletisme.fr\/wordpress\/wp-content\/uploads\/2025\/07\/DSC_8312-1.jpg\"><img loading=\"lazy\" decoding=\"async\" class=\"alignnone wp-image-26536\" src=\"https:\/\/janze-athletisme.fr\/wordpress\/wp-content\/uploads\/2025\/07\/DSC_8312-1-300x200.jpg\" alt=\"\" width=\"257\" height=\"171\" srcset=\"https:\/\/janze-athletisme.fr\/wordpress\/wp-content\/uploads\/2025\/07\/DSC_8312-1-300x200.jpg 300w, https:\/\/janze-athletisme.fr\/wordpress\/wp-content\/uploads\/2025\/07\/DSC_8312-1-1024x683.jpg 1024w, https:\/\/janze-athletisme.fr\/wordpress\/wp-content\/uploads\/2025\/07\/DSC_8312-1-768x512.jpg 768w, https:\/\/janze-athletisme.fr\/wordpress\/wp-content\/uploads\/2025\/07\/DSC_8312-1.jpg 1500w\" sizes=\"auto, (max-width: 257px) 100vw, 257px\" \/><\/a><\/p>\n<p><span style=\"font-family: verdana, geneva, sans-serif\">puis journ\u00e9e du dimanche avec les 80m et 80m haies, et un d\u00e9tour par Obernai, tr\u00e8s jolie ville.<\/span><\/p>\n<p><a href=\"https:\/\/janze-athletisme.fr\/wordpress\/wp-content\/uploads\/2025\/07\/DSC_8318.jpg\"><img loading=\"lazy\" decoding=\"async\" class=\"alignnone wp-image-26537\" src=\"https:\/\/janze-athletisme.fr\/wordpress\/wp-content\/uploads\/2025\/07\/DSC_8318-300x300.jpg\" alt=\"\" width=\"258\" height=\"258\" srcset=\"https:\/\/janze-athletisme.fr\/wordpress\/wp-content\/uploads\/2025\/07\/DSC_8318-300x300.jpg 300w, https:\/\/janze-athletisme.fr\/wordpress\/wp-content\/uploads\/2025\/07\/DSC_8318-1024x1024.jpg 1024w, https:\/\/janze-athletisme.fr\/wordpress\/wp-content\/uploads\/2025\/07\/DSC_8318-150x150.jpg 150w, https:\/\/janze-athletisme.fr\/wordpress\/wp-content\/uploads\/2025\/07\/DSC_8318-768x768.jpg 768w, https:\/\/janze-athletisme.fr\/wordpress\/wp-content\/uploads\/2025\/07\/DSC_8318.jpg 1200w\" sizes=\"auto, (max-width: 258px) 100vw, 258px\" \/><\/a> <a href=\"https:\/\/janze-athletisme.fr\/wordpress\/wp-content\/uploads\/2025\/07\/DSC_8327.jpg\"><img loading=\"lazy\" decoding=\"async\" class=\"alignnone wp-image-26538\" src=\"https:\/\/janze-athletisme.fr\/wordpress\/wp-content\/uploads\/2025\/07\/DSC_8327-300x300.jpg\" alt=\"\" width=\"259\" height=\"259\" srcset=\"https:\/\/janze-athletisme.fr\/wordpress\/wp-content\/uploads\/2025\/07\/DSC_8327-300x300.jpg 300w, https:\/\/janze-athletisme.fr\/wordpress\/wp-content\/uploads\/2025\/07\/DSC_8327-1024x1024.jpg 1024w, https:\/\/janze-athletisme.fr\/wordpress\/wp-content\/uploads\/2025\/07\/DSC_8327-150x150.jpg 150w, https:\/\/janze-athletisme.fr\/wordpress\/wp-content\/uploads\/2025\/07\/DSC_8327-768x768.jpg 768w, https:\/\/janze-athletisme.fr\/wordpress\/wp-content\/uploads\/2025\/07\/DSC_8327.jpg 1200w\" sizes=\"auto, (max-width: 259px) 100vw, 259px\" \/> <\/a><a href=\"https:\/\/janze-athletisme.fr\/wordpress\/wp-content\/uploads\/2025\/07\/DSC_8376.jpg\"><img loading=\"lazy\" decoding=\"async\" class=\"alignnone wp-image-26539\" src=\"https:\/\/janze-athletisme.fr\/wordpress\/wp-content\/uploads\/2025\/07\/DSC_8376-300x300.jpg\" alt=\"\" width=\"258\" height=\"258\" srcset=\"https:\/\/janze-athletisme.fr\/wordpress\/wp-content\/uploads\/2025\/07\/DSC_8376-300x300.jpg 300w, https:\/\/janze-athletisme.fr\/wordpress\/wp-content\/uploads\/2025\/07\/DSC_8376-1024x1024.jpg 1024w, https:\/\/janze-athletisme.fr\/wordpress\/wp-content\/uploads\/2025\/07\/DSC_8376-150x150.jpg 150w, https:\/\/janze-athletisme.fr\/wordpress\/wp-content\/uploads\/2025\/07\/DSC_8376-768x768.jpg 768w, https:\/\/janze-athletisme.fr\/wordpress\/wp-content\/uploads\/2025\/07\/DSC_8376.jpg 1200w\" sizes=\"auto, (max-width: 258px) 100vw, 258px\" \/><\/a><\/p>\n<p><a href=\"https:\/\/janze-athletisme.fr\/wordpress\/wp-content\/uploads\/2025\/07\/DSC_8332.jpg\"><img loading=\"lazy\" decoding=\"async\" class=\"alignnone wp-image-26540\" src=\"https:\/\/janze-athletisme.fr\/wordpress\/wp-content\/uploads\/2025\/07\/DSC_8332-300x200.jpg\" alt=\"\" width=\"281\" height=\"187\" srcset=\"https:\/\/janze-athletisme.fr\/wordpress\/wp-content\/uploads\/2025\/07\/DSC_8332-300x200.jpg 300w, https:\/\/janze-athletisme.fr\/wordpress\/wp-content\/uploads\/2025\/07\/DSC_8332-1024x683.jpg 1024w, https:\/\/janze-athletisme.fr\/wordpress\/wp-content\/uploads\/2025\/07\/DSC_8332-768x512.jpg 768w, https:\/\/janze-athletisme.fr\/wordpress\/wp-content\/uploads\/2025\/07\/DSC_8332.jpg 1500w\" sizes=\"auto, (max-width: 281px) 100vw, 281px\" \/><\/a> <a href=\"https:\/\/janze-athletisme.fr\/wordpress\/wp-content\/uploads\/2025\/07\/DSC_8342.jpg\"><img loading=\"lazy\" decoding=\"async\" class=\"alignnone wp-image-26541\" src=\"https:\/\/janze-athletisme.fr\/wordpress\/wp-content\/uploads\/2025\/07\/DSC_8342-300x200.jpg\" alt=\"\" width=\"287\" height=\"191\" srcset=\"https:\/\/janze-athletisme.fr\/wordpress\/wp-content\/uploads\/2025\/07\/DSC_8342-300x200.jpg 300w, https:\/\/janze-athletisme.fr\/wordpress\/wp-content\/uploads\/2025\/07\/DSC_8342-1024x683.jpg 1024w, https:\/\/janze-athletisme.fr\/wordpress\/wp-content\/uploads\/2025\/07\/DSC_8342-768x512.jpg 768w, https:\/\/janze-athletisme.fr\/wordpress\/wp-content\/uploads\/2025\/07\/DSC_8342.jpg 1500w\" sizes=\"auto, (max-width: 287px) 100vw, 287px\" \/><\/a> <a href=\"https:\/\/janze-athletisme.fr\/wordpress\/wp-content\/uploads\/2025\/07\/DSC_8343.jpg\"><img loading=\"lazy\" decoding=\"async\" class=\"alignnone wp-image-26542\" src=\"https:\/\/janze-athletisme.fr\/wordpress\/wp-content\/uploads\/2025\/07\/DSC_8343-300x300.jpg\" alt=\"\" width=\"206\" height=\"206\" srcset=\"https:\/\/janze-athletisme.fr\/wordpress\/wp-content\/uploads\/2025\/07\/DSC_8343-300x300.jpg 300w, https:\/\/janze-athletisme.fr\/wordpress\/wp-content\/uploads\/2025\/07\/DSC_8343-1024x1024.jpg 1024w, https:\/\/janze-athletisme.fr\/wordpress\/wp-content\/uploads\/2025\/07\/DSC_8343-150x150.jpg 150w, https:\/\/janze-athletisme.fr\/wordpress\/wp-content\/uploads\/2025\/07\/DSC_8343-768x768.jpg 768w, https:\/\/janze-athletisme.fr\/wordpress\/wp-content\/uploads\/2025\/07\/DSC_8343.jpg 1200w\" sizes=\"auto, (max-width: 206px) 100vw, 206px\" \/><\/a><\/p>\n<p><a href=\"https:\/\/janze-athletisme.fr\/wordpress\/wp-content\/uploads\/2025\/07\/DSC_8348.jpg\"><img loading=\"lazy\" decoding=\"async\" class=\"alignnone size-medium wp-image-26543\" src=\"https:\/\/janze-athletisme.fr\/wordpress\/wp-content\/uploads\/2025\/07\/DSC_8348-300x200.jpg\" alt=\"\" width=\"300\" height=\"200\" srcset=\"https:\/\/janze-athletisme.fr\/wordpress\/wp-content\/uploads\/2025\/07\/DSC_8348-300x200.jpg 300w, https:\/\/janze-athletisme.fr\/wordpress\/wp-content\/uploads\/2025\/07\/DSC_8348-1024x683.jpg 1024w, https:\/\/janze-athletisme.fr\/wordpress\/wp-content\/uploads\/2025\/07\/DSC_8348-768x512.jpg 768w, https:\/\/janze-athletisme.fr\/wordpress\/wp-content\/uploads\/2025\/07\/DSC_8348.jpg 1500w\" sizes=\"auto, (max-width: 300px) 100vw, 300px\" \/><\/a>\u00a0<a href=\"https:\/\/janze-athletisme.fr\/wordpress\/wp-content\/uploads\/2025\/07\/DSC_8359.jpg\"><img loading=\"lazy\" decoding=\"async\" class=\"alignnone size-medium wp-image-26544\" src=\"https:\/\/janze-athletisme.fr\/wordpress\/wp-content\/uploads\/2025\/07\/DSC_8359-300x200.jpg\" alt=\"\" width=\"300\" height=\"200\" srcset=\"https:\/\/janze-athletisme.fr\/wordpress\/wp-content\/uploads\/2025\/07\/DSC_8359-300x200.jpg 300w, https:\/\/janze-athletisme.fr\/wordpress\/wp-content\/uploads\/2025\/07\/DSC_8359-1024x683.jpg 1024w, https:\/\/janze-athletisme.fr\/wordpress\/wp-content\/uploads\/2025\/07\/DSC_8359-768x512.jpg 768w, https:\/\/janze-athletisme.fr\/wordpress\/wp-content\/uploads\/2025\/07\/DSC_8359.jpg 1500w\" sizes=\"auto, (max-width: 300px) 100vw, 300px\" \/><\/a> <a href=\"https:\/\/janze-athletisme.fr\/wordpress\/wp-content\/uploads\/2025\/07\/DSC_8371.jpg\"><img loading=\"lazy\" decoding=\"async\" class=\"alignnone wp-image-26545\" src=\"https:\/\/janze-athletisme.fr\/wordpress\/wp-content\/uploads\/2025\/07\/DSC_8371-300x300.jpg\" alt=\"\" width=\"172\" height=\"172\" srcset=\"https:\/\/janze-athletisme.fr\/wordpress\/wp-content\/uploads\/2025\/07\/DSC_8371-300x300.jpg 300w, https:\/\/janze-athletisme.fr\/wordpress\/wp-content\/uploads\/2025\/07\/DSC_8371-150x150.jpg 150w, https:\/\/janze-athletisme.fr\/wordpress\/wp-content\/uploads\/2025\/07\/DSC_8371-768x768.jpg 768w, https:\/\/janze-athletisme.fr\/wordpress\/wp-content\/uploads\/2025\/07\/DSC_8371.jpg 1000w\" sizes=\"auto, (max-width: 172px) 100vw, 172px\" \/><\/a><\/p>\n","protected":false},"excerpt":{"rendered":"<p>Pointes d&rsquo;or U16 2025, Obernai, samedi 5 &amp; dimanche 6 juillet Les filles en avaient r\u00eav\u00e9, mais il a fallu retomber sur terre. Le haut niveau, c&rsquo;est encore plus de travail, toujours plus de travail. L&rsquo;aventure n\u00e9anmoins valait le coup d&rsquo;\u00eatre tent\u00e9e. C&rsquo;est de l&rsquo;exp\u00e9rience acquise pour les ann\u00e9es \u00e0 venir. Et puis quel plaisir [&hellip;]<\/p>\n","protected":false},"author":12,"featured_media":26516,"comment_status":"open","ping_status":"open","sticky":false,"template":"","format":"aside","meta":{"_uag_custom_page_level_css":"","site-sidebar-layout":"default","site-content-layout":"","ast-site-content-layout":"default","site-content-style":"default","site-sidebar-style":"default","ast-global-header-display":"","ast-banner-title-visibility":"","ast-main-header-display":"","ast-hfb-above-header-display":"","ast-hfb-below-header-display":"","ast-hfb-mobile-header-display":"","site-post-title":"","ast-breadcrumbs-content":"","ast-featured-img":"","footer-sml-layout":"","ast-disable-related-posts":"","theme-transparent-header-meta":"default","adv-header-id-meta":"","stick-header-meta":"","header-above-stick-meta":"","header-main-stick-meta":"","header-below-stick-meta":"","astra-migrate-meta-layouts":"set","ast-page-background-enabled":"default","ast-page-background-meta":{"desktop":{"background-color":"var(--ast-global-color-4)","background-image":"","background-repeat":"repeat","background-position":"center center","background-size":"auto","background-attachment":"scroll","background-type":"","background-media":"","overlay-type":"","overlay-color":"","overlay-opacity":"","overlay-gradient":""},"tablet":{"background-color":"","background-image":"","background-repeat":"repeat","background-position":"center center","background-size":"auto","background-attachment":"scroll","background-type":"","background-media":"","overlay-type":"","overlay-color":"","overlay-opacity":"","overlay-gradient":""},"mobile":{"background-color":"","background-image":"","background-repeat":"repeat","background-position":"center center","background-size":"auto","background-attachment":"scroll","background-type":"","background-media":"","overlay-type":"","overlay-color":"","overlay-opacity":"","overlay-gradient":""}},"ast-content-background-meta":{"desktop":{"background-color":"var(--ast-global-color-5)","background-image":"","background-repeat":"repeat","background-position":"center center","background-size":"auto","background-attachment":"scroll","background-type":"","background-media":"","overlay-type":"","overlay-color":"","overlay-opacity":"","overlay-gradient":""},"tablet":{"background-color":"var(--ast-global-color-5)","background-image":"","background-repeat":"repeat","background-position":"center center","background-size":"auto","background-attachment":"scroll","background-type":"","background-media":"","overlay-type":"","overlay-color":"","overlay-opacity":"","overlay-gradient":""},"mobile":{"background-color":"var(--ast-global-color-5)","background-image":"","background-repeat":"repeat","background-position":"center center","background-size":"auto","background-attachment":"scroll","background-type":"","background-media":"","overlay-type":"","overlay-color":"","overlay-opacity":"","overlay-gradient":""}},"footnotes":""},"categories":[6],"tags":[],"class_list":["post-26513","post","type-post","status-publish","format-aside","has-post-thumbnail","hentry","category-sections","post_format-post-format-aside"],"yoast_head":"<!-- This site is optimized with the Yoast SEO plugin v27.4 - https:\/\/yoast.com\/product\/yoast-seo-wordpress\/ -->\n<title>Obernai : la d\u00e9couverte du (tr\u00e8s) haut niveau pour nos minimes - Janz\u00e9 Athl\u00e9tisme<\/title>\n<meta name=\"robots\" content=\"index, follow, max-snippet:-1, max-image-preview:large, max-video-preview:-1\" \/>\n<link rel=\"canonical\" href=\"https:\/\/janze-athletisme.fr\/wordpress\/obernai-la-decouverte-du-tres-haut-niveau-pour-nos-minimes\/\" \/>\n<meta property=\"og:locale\" content=\"fr_FR\" \/>\n<meta property=\"og:type\" content=\"article\" \/>\n<meta property=\"og:title\" content=\"Obernai : la d\u00e9couverte du (tr\u00e8s) haut niveau pour nos minimes - Janz\u00e9 Athl\u00e9tisme\" \/>\n<meta property=\"og:description\" content=\"Pointes d&rsquo;or U16 2025, Obernai, samedi 5 &amp; dimanche 6 juillet Les filles en avaient r\u00eav\u00e9, mais il a fallu retomber sur terre. Le haut niveau, c&rsquo;est encore plus de travail, toujours plus de travail. L&rsquo;aventure n\u00e9anmoins valait le coup d&rsquo;\u00eatre tent\u00e9e. C&rsquo;est de l&rsquo;exp\u00e9rience acquise pour les ann\u00e9es \u00e0 venir. Et puis quel plaisir [&hellip;]\" \/>\n<meta property=\"og:url\" content=\"https:\/\/janze-athletisme.fr\/wordpress\/obernai-la-decouverte-du-tres-haut-niveau-pour-nos-minimes\/\" \/>\n<meta property=\"og:site_name\" content=\"Janz\u00e9 Athl\u00e9tisme\" \/>\n<meta property=\"article:publisher\" content=\"https:\/\/www.facebook.com\/groups\/1007964579346590\" \/>\n<meta property=\"article:published_time\" content=\"2025-07-09T21:58:54+00:00\" \/>\n<meta property=\"article:modified_time\" content=\"2025-07-11T19:32:58+00:00\" \/>\n<meta property=\"og:image\" content=\"https:\/\/janze-athletisme.fr\/wordpress\/wp-content\/uploads\/2025\/07\/DSC_8235.jpg\" \/>\n\t<meta property=\"og:image:width\" content=\"1200\" \/>\n\t<meta property=\"og:image:height\" content=\"1200\" \/>\n\t<meta property=\"og:image:type\" content=\"image\/jpeg\" \/>\n<meta name=\"author\" content=\"Laurent Meunier\" \/>\n<meta name=\"twitter:card\" content=\"summary_large_image\" \/>\n<meta name=\"twitter:label1\" content=\"\u00c9crit par\" \/>\n\t<meta name=\"twitter:data1\" content=\"Laurent Meunier\" \/>\n\t<meta name=\"twitter:label2\" content=\"Dur\u00e9e de lecture estim\u00e9e\" \/>\n\t<meta name=\"twitter:data2\" content=\"9 minutes\" \/>\n<script type=\"application\/ld+json\" class=\"yoast-schema-graph\">{\"@context\":\"https:\\\/\\\/schema.org\",\"@graph\":[{\"@type\":\"Article\",\"@id\":\"https:\\\/\\\/janze-athletisme.fr\\\/wordpress\\\/obernai-la-decouverte-du-tres-haut-niveau-pour-nos-minimes\\\/#article\",\"isPartOf\":{\"@id\":\"https:\\\/\\\/janze-athletisme.fr\\\/wordpress\\\/obernai-la-decouverte-du-tres-haut-niveau-pour-nos-minimes\\\/\"},\"author\":{\"name\":\"Laurent Meunier\",\"@id\":\"https:\\\/\\\/janze-athletisme.fr\\\/wordpress\\\/#\\\/schema\\\/person\\\/c7b063dcfa6234c041d4d9b26cc2ea03\"},\"headline\":\"Obernai : la d\u00e9couverte du (tr\u00e8s) haut niveau pour nos minimes\",\"datePublished\":\"2025-07-09T21:58:54+00:00\",\"dateModified\":\"2025-07-11T19:32:58+00:00\",\"mainEntityOfPage\":{\"@id\":\"https:\\\/\\\/janze-athletisme.fr\\\/wordpress\\\/obernai-la-decouverte-du-tres-haut-niveau-pour-nos-minimes\\\/\"},\"wordCount\":582,\"commentCount\":0,\"publisher\":{\"@id\":\"https:\\\/\\\/janze-athletisme.fr\\\/wordpress\\\/#organization\"},\"image\":{\"@id\":\"https:\\\/\\\/janze-athletisme.fr\\\/wordpress\\\/obernai-la-decouverte-du-tres-haut-niveau-pour-nos-minimes\\\/#primaryimage\"},\"thumbnailUrl\":\"https:\\\/\\\/janze-athletisme.fr\\\/wordpress\\\/wp-content\\\/uploads\\\/2025\\\/07\\\/DSC_8235.jpg\",\"articleSection\":[\"Le club au jour le jour\"],\"inLanguage\":\"fr-FR\",\"potentialAction\":[{\"@type\":\"CommentAction\",\"name\":\"Comment\",\"target\":[\"https:\\\/\\\/janze-athletisme.fr\\\/wordpress\\\/obernai-la-decouverte-du-tres-haut-niveau-pour-nos-minimes\\\/#respond\"]}]},{\"@type\":\"WebPage\",\"@id\":\"https:\\\/\\\/janze-athletisme.fr\\\/wordpress\\\/obernai-la-decouverte-du-tres-haut-niveau-pour-nos-minimes\\\/\",\"url\":\"https:\\\/\\\/janze-athletisme.fr\\\/wordpress\\\/obernai-la-decouverte-du-tres-haut-niveau-pour-nos-minimes\\\/\",\"name\":\"Obernai : la d\u00e9couverte du (tr\u00e8s) haut niveau pour nos minimes - Janz\u00e9 Athl\u00e9tisme\",\"isPartOf\":{\"@id\":\"https:\\\/\\\/janze-athletisme.fr\\\/wordpress\\\/#website\"},\"primaryImageOfPage\":{\"@id\":\"https:\\\/\\\/janze-athletisme.fr\\\/wordpress\\\/obernai-la-decouverte-du-tres-haut-niveau-pour-nos-minimes\\\/#primaryimage\"},\"image\":{\"@id\":\"https:\\\/\\\/janze-athletisme.fr\\\/wordpress\\\/obernai-la-decouverte-du-tres-haut-niveau-pour-nos-minimes\\\/#primaryimage\"},\"thumbnailUrl\":\"https:\\\/\\\/janze-athletisme.fr\\\/wordpress\\\/wp-content\\\/uploads\\\/2025\\\/07\\\/DSC_8235.jpg\",\"datePublished\":\"2025-07-09T21:58:54+00:00\",\"dateModified\":\"2025-07-11T19:32:58+00:00\",\"breadcrumb\":{\"@id\":\"https:\\\/\\\/janze-athletisme.fr\\\/wordpress\\\/obernai-la-decouverte-du-tres-haut-niveau-pour-nos-minimes\\\/#breadcrumb\"},\"inLanguage\":\"fr-FR\",\"potentialAction\":[{\"@type\":\"ReadAction\",\"target\":[\"https:\\\/\\\/janze-athletisme.fr\\\/wordpress\\\/obernai-la-decouverte-du-tres-haut-niveau-pour-nos-minimes\\\/\"]}]},{\"@type\":\"ImageObject\",\"inLanguage\":\"fr-FR\",\"@id\":\"https:\\\/\\\/janze-athletisme.fr\\\/wordpress\\\/obernai-la-decouverte-du-tres-haut-niveau-pour-nos-minimes\\\/#primaryimage\",\"url\":\"https:\\\/\\\/janze-athletisme.fr\\\/wordpress\\\/wp-content\\\/uploads\\\/2025\\\/07\\\/DSC_8235.jpg\",\"contentUrl\":\"https:\\\/\\\/janze-athletisme.fr\\\/wordpress\\\/wp-content\\\/uploads\\\/2025\\\/07\\\/DSC_8235.jpg\",\"width\":1200,\"height\":1200},{\"@type\":\"BreadcrumbList\",\"@id\":\"https:\\\/\\\/janze-athletisme.fr\\\/wordpress\\\/obernai-la-decouverte-du-tres-haut-niveau-pour-nos-minimes\\\/#breadcrumb\",\"itemListElement\":[{\"@type\":\"ListItem\",\"position\":1,\"name\":\"Accueil\",\"item\":\"https:\\\/\\\/janze-athletisme.fr\\\/wordpress\\\/\"},{\"@type\":\"ListItem\",\"position\":2,\"name\":\"Obernai : la d\u00e9couverte du (tr\u00e8s) haut niveau pour nos minimes\"}]},{\"@type\":\"WebSite\",\"@id\":\"https:\\\/\\\/janze-athletisme.fr\\\/wordpress\\\/#website\",\"url\":\"https:\\\/\\\/janze-athletisme.fr\\\/wordpress\\\/\",\"name\":\"Janz\u00e9 Athl\u00e9tisme\",\"description\":\"Pays de La Roche aux F\u00e9es\",\"publisher\":{\"@id\":\"https:\\\/\\\/janze-athletisme.fr\\\/wordpress\\\/#organization\"},\"potentialAction\":[{\"@type\":\"SearchAction\",\"target\":{\"@type\":\"EntryPoint\",\"urlTemplate\":\"https:\\\/\\\/janze-athletisme.fr\\\/wordpress\\\/?s={search_term_string}\"},\"query-input\":{\"@type\":\"PropertyValueSpecification\",\"valueRequired\":true,\"valueName\":\"search_term_string\"}}],\"inLanguage\":\"fr-FR\"},{\"@type\":\"Organization\",\"@id\":\"https:\\\/\\\/janze-athletisme.fr\\\/wordpress\\\/#organization\",\"name\":\"Janz\u00e9 Athl\u00e9tisme\",\"url\":\"https:\\\/\\\/janze-athletisme.fr\\\/wordpress\\\/\",\"logo\":{\"@type\":\"ImageObject\",\"inLanguage\":\"fr-FR\",\"@id\":\"https:\\\/\\\/janze-athletisme.fr\\\/wordpress\\\/#\\\/schema\\\/logo\\\/image\\\/\",\"url\":\"https:\\\/\\\/janze-athletisme.fr\\\/wordpress\\\/wp-content\\\/uploads\\\/2015\\\/03\\\/logo-full1.jpg\",\"contentUrl\":\"https:\\\/\\\/janze-athletisme.fr\\\/wordpress\\\/wp-content\\\/uploads\\\/2015\\\/03\\\/logo-full1.jpg\",\"width\":437,\"height\":205,\"caption\":\"Janz\u00e9 Athl\u00e9tisme\"},\"image\":{\"@id\":\"https:\\\/\\\/janze-athletisme.fr\\\/wordpress\\\/#\\\/schema\\\/logo\\\/image\\\/\"},\"sameAs\":[\"https:\\\/\\\/www.facebook.com\\\/groups\\\/1007964579346590\"]},{\"@type\":\"Person\",\"@id\":\"https:\\\/\\\/janze-athletisme.fr\\\/wordpress\\\/#\\\/schema\\\/person\\\/c7b063dcfa6234c041d4d9b26cc2ea03\",\"name\":\"Laurent Meunier\",\"image\":{\"@type\":\"ImageObject\",\"inLanguage\":\"fr-FR\",\"@id\":\"https:\\\/\\\/secure.gravatar.com\\\/avatar\\\/dd25d581ad7c3349090f2fa6a9adb6bfa287e6a5dd8a5216a092727cd8749034?s=96&d=mm&r=g\",\"url\":\"https:\\\/\\\/secure.gravatar.com\\\/avatar\\\/dd25d581ad7c3349090f2fa6a9adb6bfa287e6a5dd8a5216a092727cd8749034?s=96&d=mm&r=g\",\"contentUrl\":\"https:\\\/\\\/secure.gravatar.com\\\/avatar\\\/dd25d581ad7c3349090f2fa6a9adb6bfa287e6a5dd8a5216a092727cd8749034?s=96&d=mm&r=g\",\"caption\":\"Laurent Meunier\"},\"url\":\"https:\\\/\\\/janze-athletisme.fr\\\/wordpress\\\/author\\\/laurent-meunier35\\\/\"}]}<\/script>\n<!-- \/ Yoast SEO plugin. -->","yoast_head_json":{"title":"Obernai : la d\u00e9couverte du (tr\u00e8s) haut niveau pour nos minimes - Janz\u00e9 Athl\u00e9tisme","robots":{"index":"index","follow":"follow","max-snippet":"max-snippet:-1","max-image-preview":"max-image-preview:large","max-video-preview":"max-video-preview:-1"},"canonical":"https:\/\/janze-athletisme.fr\/wordpress\/obernai-la-decouverte-du-tres-haut-niveau-pour-nos-minimes\/","og_locale":"fr_FR","og_type":"article","og_title":"Obernai : la d\u00e9couverte du (tr\u00e8s) haut niveau pour nos minimes - Janz\u00e9 Athl\u00e9tisme","og_description":"Pointes d&rsquo;or U16 2025, Obernai, samedi 5 &amp; dimanche 6 juillet Les filles en avaient r\u00eav\u00e9, mais il a fallu retomber sur terre. Le haut niveau, c&rsquo;est encore plus de travail, toujours plus de travail. L&rsquo;aventure n\u00e9anmoins valait le coup d&rsquo;\u00eatre tent\u00e9e. C&rsquo;est de l&rsquo;exp\u00e9rience acquise pour les ann\u00e9es \u00e0 venir. Et puis quel plaisir [&hellip;]","og_url":"https:\/\/janze-athletisme.fr\/wordpress\/obernai-la-decouverte-du-tres-haut-niveau-pour-nos-minimes\/","og_site_name":"Janz\u00e9 Athl\u00e9tisme","article_publisher":"https:\/\/www.facebook.com\/groups\/1007964579346590","article_published_time":"2025-07-09T21:58:54+00:00","article_modified_time":"2025-07-11T19:32:58+00:00","og_image":[{"width":1200,"height":1200,"url":"https:\/\/janze-athletisme.fr\/wordpress\/wp-content\/uploads\/2025\/07\/DSC_8235.jpg","type":"image\/jpeg"}],"author":"Laurent Meunier","twitter_card":"summary_large_image","twitter_misc":{"\u00c9crit par":"Laurent Meunier","Dur\u00e9e de lecture estim\u00e9e":"9 minutes"},"schema":{"@context":"https:\/\/schema.org","@graph":[{"@type":"Article","@id":"https:\/\/janze-athletisme.fr\/wordpress\/obernai-la-decouverte-du-tres-haut-niveau-pour-nos-minimes\/#article","isPartOf":{"@id":"https:\/\/janze-athletisme.fr\/wordpress\/obernai-la-decouverte-du-tres-haut-niveau-pour-nos-minimes\/"},"author":{"name":"Laurent Meunier","@id":"https:\/\/janze-athletisme.fr\/wordpress\/#\/schema\/person\/c7b063dcfa6234c041d4d9b26cc2ea03"},"headline":"Obernai : la d\u00e9couverte du (tr\u00e8s) haut niveau pour nos minimes","datePublished":"2025-07-09T21:58:54+00:00","dateModified":"2025-07-11T19:32:58+00:00","mainEntityOfPage":{"@id":"https:\/\/janze-athletisme.fr\/wordpress\/obernai-la-decouverte-du-tres-haut-niveau-pour-nos-minimes\/"},"wordCount":582,"commentCount":0,"publisher":{"@id":"https:\/\/janze-athletisme.fr\/wordpress\/#organization"},"image":{"@id":"https:\/\/janze-athletisme.fr\/wordpress\/obernai-la-decouverte-du-tres-haut-niveau-pour-nos-minimes\/#primaryimage"},"thumbnailUrl":"https:\/\/janze-athletisme.fr\/wordpress\/wp-content\/uploads\/2025\/07\/DSC_8235.jpg","articleSection":["Le club au jour le jour"],"inLanguage":"fr-FR","potentialAction":[{"@type":"CommentAction","name":"Comment","target":["https:\/\/janze-athletisme.fr\/wordpress\/obernai-la-decouverte-du-tres-haut-niveau-pour-nos-minimes\/#respond"]}]},{"@type":"WebPage","@id":"https:\/\/janze-athletisme.fr\/wordpress\/obernai-la-decouverte-du-tres-haut-niveau-pour-nos-minimes\/","url":"https:\/\/janze-athletisme.fr\/wordpress\/obernai-la-decouverte-du-tres-haut-niveau-pour-nos-minimes\/","name":"Obernai : la d\u00e9couverte du (tr\u00e8s) haut niveau pour nos minimes - Janz\u00e9 Athl\u00e9tisme","isPartOf":{"@id":"https:\/\/janze-athletisme.fr\/wordpress\/#website"},"primaryImageOfPage":{"@id":"https:\/\/janze-athletisme.fr\/wordpress\/obernai-la-decouverte-du-tres-haut-niveau-pour-nos-minimes\/#primaryimage"},"image":{"@id":"https:\/\/janze-athletisme.fr\/wordpress\/obernai-la-decouverte-du-tres-haut-niveau-pour-nos-minimes\/#primaryimage"},"thumbnailUrl":"https:\/\/janze-athletisme.fr\/wordpress\/wp-content\/uploads\/2025\/07\/DSC_8235.jpg","datePublished":"2025-07-09T21:58:54+00:00","dateModified":"2025-07-11T19:32:58+00:00","breadcrumb":{"@id":"https:\/\/janze-athletisme.fr\/wordpress\/obernai-la-decouverte-du-tres-haut-niveau-pour-nos-minimes\/#breadcrumb"},"inLanguage":"fr-FR","potentialAction":[{"@type":"ReadAction","target":["https:\/\/janze-athletisme.fr\/wordpress\/obernai-la-decouverte-du-tres-haut-niveau-pour-nos-minimes\/"]}]},{"@type":"ImageObject","inLanguage":"fr-FR","@id":"https:\/\/janze-athletisme.fr\/wordpress\/obernai-la-decouverte-du-tres-haut-niveau-pour-nos-minimes\/#primaryimage","url":"https:\/\/janze-athletisme.fr\/wordpress\/wp-content\/uploads\/2025\/07\/DSC_8235.jpg","contentUrl":"https:\/\/janze-athletisme.fr\/wordpress\/wp-content\/uploads\/2025\/07\/DSC_8235.jpg","width":1200,"height":1200},{"@type":"BreadcrumbList","@id":"https:\/\/janze-athletisme.fr\/wordpress\/obernai-la-decouverte-du-tres-haut-niveau-pour-nos-minimes\/#breadcrumb","itemListElement":[{"@type":"ListItem","position":1,"name":"Accueil","item":"https:\/\/janze-athletisme.fr\/wordpress\/"},{"@type":"ListItem","position":2,"name":"Obernai : la d\u00e9couverte du (tr\u00e8s) haut niveau pour nos minimes"}]},{"@type":"WebSite","@id":"https:\/\/janze-athletisme.fr\/wordpress\/#website","url":"https:\/\/janze-athletisme.fr\/wordpress\/","name":"Janz\u00e9 Athl\u00e9tisme","description":"Pays de La Roche aux F\u00e9es","publisher":{"@id":"https:\/\/janze-athletisme.fr\/wordpress\/#organization"},"potentialAction":[{"@type":"SearchAction","target":{"@type":"EntryPoint","urlTemplate":"https:\/\/janze-athletisme.fr\/wordpress\/?s={search_term_string}"},"query-input":{"@type":"PropertyValueSpecification","valueRequired":true,"valueName":"search_term_string"}}],"inLanguage":"fr-FR"},{"@type":"Organization","@id":"https:\/\/janze-athletisme.fr\/wordpress\/#organization","name":"Janz\u00e9 Athl\u00e9tisme","url":"https:\/\/janze-athletisme.fr\/wordpress\/","logo":{"@type":"ImageObject","inLanguage":"fr-FR","@id":"https:\/\/janze-athletisme.fr\/wordpress\/#\/schema\/logo\/image\/","url":"https:\/\/janze-athletisme.fr\/wordpress\/wp-content\/uploads\/2015\/03\/logo-full1.jpg","contentUrl":"https:\/\/janze-athletisme.fr\/wordpress\/wp-content\/uploads\/2015\/03\/logo-full1.jpg","width":437,"height":205,"caption":"Janz\u00e9 Athl\u00e9tisme"},"image":{"@id":"https:\/\/janze-athletisme.fr\/wordpress\/#\/schema\/logo\/image\/"},"sameAs":["https:\/\/www.facebook.com\/groups\/1007964579346590"]},{"@type":"Person","@id":"https:\/\/janze-athletisme.fr\/wordpress\/#\/schema\/person\/c7b063dcfa6234c041d4d9b26cc2ea03","name":"Laurent Meunier","image":{"@type":"ImageObject","inLanguage":"fr-FR","@id":"https:\/\/secure.gravatar.com\/avatar\/dd25d581ad7c3349090f2fa6a9adb6bfa287e6a5dd8a5216a092727cd8749034?s=96&d=mm&r=g","url":"https:\/\/secure.gravatar.com\/avatar\/dd25d581ad7c3349090f2fa6a9adb6bfa287e6a5dd8a5216a092727cd8749034?s=96&d=mm&r=g","contentUrl":"https:\/\/secure.gravatar.com\/avatar\/dd25d581ad7c3349090f2fa6a9adb6bfa287e6a5dd8a5216a092727cd8749034?s=96&d=mm&r=g","caption":"Laurent Meunier"},"url":"https:\/\/janze-athletisme.fr\/wordpress\/author\/laurent-meunier35\/"}]}},"uagb_featured_image_src":{"full":["https:\/\/janze-athletisme.fr\/wordpress\/wp-content\/uploads\/2025\/07\/DSC_8235.jpg",1200,1200,false],"thumbnail":["https:\/\/janze-athletisme.fr\/wordpress\/wp-content\/uploads\/2025\/07\/DSC_8235-150x150.jpg",150,150,true],"medium":["https:\/\/janze-athletisme.fr\/wordpress\/wp-content\/uploads\/2025\/07\/DSC_8235-300x300.jpg",300,300,true],"medium_large":["https:\/\/janze-athletisme.fr\/wordpress\/wp-content\/uploads\/2025\/07\/DSC_8235-768x768.jpg",768,768,true],"large":["https:\/\/janze-athletisme.fr\/wordpress\/wp-content\/uploads\/2025\/07\/DSC_8235-1024x1024.jpg",1024,1024,true],"1536x1536":["https:\/\/janze-athletisme.fr\/wordpress\/wp-content\/uploads\/2025\/07\/DSC_8235.jpg",1200,1200,false],"2048x2048":["https:\/\/janze-athletisme.fr\/wordpress\/wp-content\/uploads\/2025\/07\/DSC_8235.jpg",1200,1200,false]},"uagb_author_info":{"display_name":"Laurent Meunier","author_link":"https:\/\/janze-athletisme.fr\/wordpress\/author\/laurent-meunier35\/"},"uagb_comment_info":0,"uagb_excerpt":"Pointes d&rsquo;or U16 2025, Obernai, samedi 5 &amp; dimanche 6 juillet Les filles en avaient r\u00eav\u00e9, mais il a fallu retomber sur terre. Le haut niveau, c&rsquo;est encore plus de travail, toujours plus de travail. L&rsquo;aventure n\u00e9anmoins valait le coup d&rsquo;\u00eatre tent\u00e9e. C&rsquo;est de l&rsquo;exp\u00e9rience acquise pour les ann\u00e9es \u00e0 venir. Et puis quel plaisir\u2026","_links":{"self":[{"href":"https:\/\/janze-athletisme.fr\/wordpress\/wp-json\/wp\/v2\/posts\/26513","targetHints":{"allow":["GET"]}}],"collection":[{"href":"https:\/\/janze-athletisme.fr\/wordpress\/wp-json\/wp\/v2\/posts"}],"about":[{"href":"https:\/\/janze-athletisme.fr\/wordpress\/wp-json\/wp\/v2\/types\/post"}],"author":[{"embeddable":true,"href":"https:\/\/janze-athletisme.fr\/wordpress\/wp-json\/wp\/v2\/users\/12"}],"replies":[{"embeddable":true,"href":"https:\/\/janze-athletisme.fr\/wordpress\/wp-json\/wp\/v2\/comments?post=26513"}],"version-history":[{"count":8,"href":"https:\/\/janze-athletisme.fr\/wordpress\/wp-json\/wp\/v2\/posts\/26513\/revisions"}],"predecessor-version":[{"id":26592,"href":"https:\/\/janze-athletisme.fr\/wordpress\/wp-json\/wp\/v2\/posts\/26513\/revisions\/26592"}],"wp:featuredmedia":[{"embeddable":true,"href":"https:\/\/janze-athletisme.fr\/wordpress\/wp-json\/wp\/v2\/media\/26516"}],"wp:attachment":[{"href":"https:\/\/janze-athletisme.fr\/wordpress\/wp-json\/wp\/v2\/media?parent=26513"}],"wp:term":[{"taxonomy":"category","embeddable":true,"href":"https:\/\/janze-athletisme.fr\/wordpress\/wp-json\/wp\/v2\/categories?post=26513"},{"taxonomy":"post_tag","embeddable":true,"href":"https:\/\/janze-athletisme.fr\/wordpress\/wp-json\/wp\/v2\/tags?post=26513"}],"curies":[{"name":"wp","href":"https:\/\/api.w.org\/{rel}","templated":true}]}}