{"id":26458,"date":"2025-07-08T12:00:00","date_gmt":"2025-07-08T10:00:00","guid":{"rendered":"https:\/\/janze-athletisme.fr\/wordpress\/?p=26458"},"modified":"2025-07-11T21:48:35","modified_gmt":"2025-07-11T19:48:35","slug":"les-traileurs-bretons-font-sensation","status":"publish","type":"post","link":"https:\/\/janze-athletisme.fr\/wordpress\/les-traileurs-bretons-font-sensation\/","title":{"rendered":"Les traileurs bretons font sensation"},"content":{"rendered":"\n<p><em><strong>Championnat de France de Course en Montagne, Val d\u2019Is\u00e8re,&nbsp; le 6 juillet 2024<\/strong><\/em><\/p>\n\n\n\n<h4>Le r\u00e9veil matinal en vaut le coup !<\/h4>\n<p><span style=\"font-weight: 400\">L&rsquo;alarme a sonn\u00e9 t\u00f4t ce matin ! L\u00e9ger coup de pression ! Petit d\u00e9jeuner pris, affaires rassembl\u00e9es, nous sommes pr\u00eats \u00e0 partir : direction Val d&rsquo;Is\u00e8re. \u00c9tonnamment, le trajet \u00e9tait plus calme, chacun \u00e9tait d\u00e9j\u00e0 concentr\u00e9. Arriv\u00e9s \u00e0 la station, le stress commence \u00e0 monter (comme nous dans quelques instants d&rsquo;ailleurs). Nous sommes ensuite partis \u00e0 l&rsquo;\u00e9chauffement. La premi\u00e8re course de la journ\u00e9e \u00e9tait celle des cadets. C&rsquo;est donc sous un beau soleil que nos deux Janz\u00e9ens se sont \u00e9lanc\u00e9s. Apr\u00e8s avoir arpent\u00e9 les reliefs alpins,<\/span><b> Rapha\u00ebl<\/b><span style=\"font-weight: 400\"> Bou\u00e9 et<\/span><b> L\u00e9o<\/b><span style=\"font-weight: 400\"> Guiheux finissent respectivement 23e et 38e ! Nous pouvons \u00e9galement saluer les performances des deux autres Bretons pr\u00e9sents sur la m\u00eame course : Firmin Mignon-Onfray (8e) et Th\u00e9o Blanchard (9e). Bravo les gars !<\/span><\/p>\n<p><span style=\"font-weight: 400\">\u00c0 9h00, c&rsquo;\u00e9tait au tour des cadettes et des juniors F de s&rsquo;\u00e9lancer sur le m\u00eame parcours que les cadets : 6,2 km et 449 m de D+. Notons la tr\u00e8s belle performance d<\/span><b>&lsquo;Elsa<\/b><span style=\"font-weight: 400\"> Mah\u00e9, 14e Junior ! <\/span><b>Cl\u00e9mence<\/b><span style=\"font-weight: 400\"> Lamoureux finit quant \u00e0 elle 35e cadette.<\/span><\/p>\n<p><span style=\"font-weight: 400\">Le parcours \u00e9tait exigeant et technique. Une vraie d\u00e9couverte pour des Bretons !<\/span><\/p>\n<h4>La team BZH impressionne !<\/h4>\n<p><span style=\"font-weight: 400\">Au-del\u00e0 de ses belles performances, la d\u00e9l\u00e9gation bretonne est venue en force. Le drapeau flottait haut dans le ciel de Val d&rsquo;Is\u00e8re ! La coh\u00e9sion de groupe impressionne m\u00eame les montagnards du coin. Tous v\u00eatus d&rsquo;une belle veste floqu\u00e9e \u00ab\u00a0Bretagne\u00a0\u00bb, c&rsquo;est s\u00fbr que \u00e7a claque ! Attendez surtout de nous voir tous dans les bains froids apr\u00e8s notre course ou alors monopoliser le stand de massages (oups !). Avant de repartir, impossible de ne pas brandir nos superbes pancartes dont la plus c\u00e9l\u00e8bre restera la \u00ab\u00a0oui oui galette\u00a0\u00bb. Apr\u00e8s une belle photo, l&rsquo;heure du d\u00e9part avait sonn\u00e9 !<\/span><\/p>\n<figure id=\"attachment_26459\" aria-describedby=\"caption-attachment-26459\" style=\"width: 225px\" class=\"wp-caption alignleft\"><img loading=\"lazy\" decoding=\"async\" class=\"size-medium wp-image-26459\" src=\"https:\/\/janze-athletisme.fr\/wordpress\/wp-content\/uploads\/2025\/07\/IMG_7638-1-225x300.jpg\" alt=\"\" width=\"225\" height=\"300\" srcset=\"https:\/\/janze-athletisme.fr\/wordpress\/wp-content\/uploads\/2025\/07\/IMG_7638-1-225x300.jpg 225w, https:\/\/janze-athletisme.fr\/wordpress\/wp-content\/uploads\/2025\/07\/IMG_7638-1-768x1024.jpg 768w, https:\/\/janze-athletisme.fr\/wordpress\/wp-content\/uploads\/2025\/07\/IMG_7638-1-1152x1536.jpg 1152w, https:\/\/janze-athletisme.fr\/wordpress\/wp-content\/uploads\/2025\/07\/IMG_7638-1-1536x2048.jpg 1536w, https:\/\/janze-athletisme.fr\/wordpress\/wp-content\/uploads\/2025\/07\/IMG_7638-1-scaled.jpg 1920w\" sizes=\"auto, (max-width: 225px) 100vw, 225px\" \/><figcaption id=\"caption-attachment-26459\" class=\"wp-caption-text\"><em>DR Photos P\u00e9lagie Olivier<\/em><\/figcaption><\/figure>\n<p><a href=\"https:\/\/janze-athletisme.fr\/wordpress\/wp-content\/uploads\/2025\/07\/IMG_7685-1-scaled.jpg\"><img loading=\"lazy\" decoding=\"async\" class=\"alignleft size-medium wp-image-26460\" src=\"https:\/\/janze-athletisme.fr\/wordpress\/wp-content\/uploads\/2025\/07\/IMG_7685-1-225x300.jpg\" alt=\"\" width=\"225\" height=\"300\" srcset=\"https:\/\/janze-athletisme.fr\/wordpress\/wp-content\/uploads\/2025\/07\/IMG_7685-1-225x300.jpg 225w, https:\/\/janze-athletisme.fr\/wordpress\/wp-content\/uploads\/2025\/07\/IMG_7685-1-768x1024.jpg 768w, https:\/\/janze-athletisme.fr\/wordpress\/wp-content\/uploads\/2025\/07\/IMG_7685-1-1152x1536.jpg 1152w, https:\/\/janze-athletisme.fr\/wordpress\/wp-content\/uploads\/2025\/07\/IMG_7685-1-1536x2048.jpg 1536w, https:\/\/janze-athletisme.fr\/wordpress\/wp-content\/uploads\/2025\/07\/IMG_7685-1-scaled.jpg 1920w\" sizes=\"auto, (max-width: 225px) 100vw, 225px\" \/><\/a><\/p>\n<p>\u00a0<\/p>\n<h4>Bye-bye la montagne, direction la Bretagne !<\/h4>\n<p><span style=\"font-weight: 400\">Pour faire passer le temps sur le trajet du retour : petit bac, blind test, mais \u00e9galement karaok\u00e9 ! L&rsquo;ambiance a tenu jusqu&rsquo;au bout ! Arriv\u00e9s \u00e0 Janz\u00e9 vers 00h10, le moment de se dire au revoir \u00e9tait venu. Mais pas d&rsquo;inqui\u00e9tude, une partie des Janz\u00e9ens va vite les revoir. En effet, dans moins de trois semaines, presque toute la Team BZH va se retrouver \u00e0 l&rsquo;occasion du Trail des Gabizos (dans les Pyr\u00e9n\u00e9es), superbe r\u00e9compense du challenge OTT (Ouest Trail Tour) ! Mais attention, la Team change de couleurs et de nom ! Place d\u00e9sormais \u00e0 la Team OTT&#8230; une affaire \u00e0 suivre !<\/span><\/p>\n<p><span style=\"font-weight: 400\">Pour terminer, je tiens \u00e0 remercier P\u00e9lagie Olivier (EAPB) et Cl\u00e9ment Bajon (Directeur de la Ligue de Bretagne) pour la gestion de l&rsquo;organisation et leur accompagnement tout le long de ce super week-end.<\/span><\/p>\n","protected":false},"excerpt":{"rendered":"<p>Championnat de France de Course en Montagne, Val d\u2019Is\u00e8re,&nbsp; le 6 juillet 2024 Le r\u00e9veil matinal en vaut le coup ! L&rsquo;alarme a sonn\u00e9 t\u00f4t ce matin ! L\u00e9ger coup de pression ! Petit d\u00e9jeuner pris, affaires rassembl\u00e9es, nous sommes pr\u00eats \u00e0 partir : direction Val d&rsquo;Is\u00e8re. \u00c9tonnamment, le trajet \u00e9tait plus calme, chacun \u00e9tait [&hellip;]<\/p>\n","protected":false},"author":16,"featured_media":26460,"comment_status":"open","ping_status":"open","sticky":false,"template":"","format":"aside","meta":{"_uag_custom_page_level_css":"","site-sidebar-layout":"default","site-content-layout":"","ast-site-content-layout":"default","site-content-style":"default","site-sidebar-style":"default","ast-global-header-display":"","ast-banner-title-visibility":"","ast-main-header-display":"","ast-hfb-above-header-display":"","ast-hfb-below-header-display":"","ast-hfb-mobile-header-display":"","site-post-title":"","ast-breadcrumbs-content":"","ast-featured-img":"","footer-sml-layout":"","ast-disable-related-posts":"","theme-transparent-header-meta":"","adv-header-id-meta":"","stick-header-meta":"","header-above-stick-meta":"","header-main-stick-meta":"","header-below-stick-meta":"","astra-migrate-meta-layouts":"set","ast-page-background-enabled":"default","ast-page-background-meta":{"desktop":{"background-color":"var(--ast-global-color-4)","background-image":"","background-repeat":"repeat","background-position":"center center","background-size":"auto","background-attachment":"scroll","background-type":"","background-media":"","overlay-type":"","overlay-color":"","overlay-opacity":"","overlay-gradient":""},"tablet":{"background-color":"","background-image":"","background-repeat":"repeat","background-position":"center center","background-size":"auto","background-attachment":"scroll","background-type":"","background-media":"","overlay-type":"","overlay-color":"","overlay-opacity":"","overlay-gradient":""},"mobile":{"background-color":"","background-image":"","background-repeat":"repeat","background-position":"center center","background-size":"auto","background-attachment":"scroll","background-type":"","background-media":"","overlay-type":"","overlay-color":"","overlay-opacity":"","overlay-gradient":""}},"ast-content-background-meta":{"desktop":{"background-color":"var(--ast-global-color-5)","background-image":"","background-repeat":"repeat","background-position":"center center","background-size":"auto","background-attachment":"scroll","background-type":"","background-media":"","overlay-type":"","overlay-color":"","overlay-opacity":"","overlay-gradient":""},"tablet":{"background-color":"var(--ast-global-color-5)","background-image":"","background-repeat":"repeat","background-position":"center center","background-size":"auto","background-attachment":"scroll","background-type":"","background-media":"","overlay-type":"","overlay-color":"","overlay-opacity":"","overlay-gradient":""},"mobile":{"background-color":"var(--ast-global-color-5)","background-image":"","background-repeat":"repeat","background-position":"center center","background-size":"auto","background-attachment":"scroll","background-type":"","background-media":"","overlay-type":"","overlay-color":"","overlay-opacity":"","overlay-gradient":""}},"footnotes":""},"categories":[6],"tags":[],"class_list":["post-26458","post","type-post","status-publish","format-aside","has-post-thumbnail","hentry","category-sections","post_format-post-format-aside"],"yoast_head":"<!-- This site is optimized with the Yoast SEO plugin v27.4 - https:\/\/yoast.com\/product\/yoast-seo-wordpress\/ -->\n<title>Les traileurs bretons font sensation - Janz\u00e9 Athl\u00e9tisme<\/title>\n<meta name=\"robots\" content=\"index, follow, max-snippet:-1, max-image-preview:large, max-video-preview:-1\" \/>\n<link rel=\"canonical\" href=\"https:\/\/janze-athletisme.fr\/wordpress\/les-traileurs-bretons-font-sensation\/\" \/>\n<meta property=\"og:locale\" content=\"fr_FR\" \/>\n<meta property=\"og:type\" content=\"article\" \/>\n<meta property=\"og:title\" content=\"Les traileurs bretons font sensation - Janz\u00e9 Athl\u00e9tisme\" \/>\n<meta property=\"og:description\" content=\"Championnat de France de Course en Montagne, Val d\u2019Is\u00e8re,&nbsp; le 6 juillet 2024 Le r\u00e9veil matinal en vaut le coup ! L&rsquo;alarme a sonn\u00e9 t\u00f4t ce matin ! L\u00e9ger coup de pression ! Petit d\u00e9jeuner pris, affaires rassembl\u00e9es, nous sommes pr\u00eats \u00e0 partir : direction Val d&rsquo;Is\u00e8re. \u00c9tonnamment, le trajet \u00e9tait plus calme, chacun \u00e9tait [&hellip;]\" \/>\n<meta property=\"og:url\" content=\"https:\/\/janze-athletisme.fr\/wordpress\/les-traileurs-bretons-font-sensation\/\" \/>\n<meta property=\"og:site_name\" content=\"Janz\u00e9 Athl\u00e9tisme\" \/>\n<meta property=\"article:publisher\" content=\"https:\/\/www.facebook.com\/groups\/1007964579346590\" \/>\n<meta property=\"article:published_time\" content=\"2025-07-08T10:00:00+00:00\" \/>\n<meta property=\"article:modified_time\" content=\"2025-07-11T19:48:35+00:00\" \/>\n<meta property=\"og:image\" content=\"https:\/\/janze-athletisme.fr\/wordpress\/wp-content\/uploads\/2025\/07\/IMG_7685-1-scaled.jpg\" \/>\n\t<meta property=\"og:image:width\" content=\"1920\" \/>\n\t<meta property=\"og:image:height\" content=\"2560\" \/>\n\t<meta property=\"og:image:type\" content=\"image\/jpeg\" \/>\n<meta name=\"author\" content=\"Cl\u00e9mence Lamoureux\" \/>\n<meta name=\"twitter:card\" content=\"summary_large_image\" \/>\n<meta name=\"twitter:label1\" content=\"\u00c9crit par\" \/>\n\t<meta name=\"twitter:data1\" content=\"Cl\u00e9mence Lamoureux\" \/>\n\t<meta name=\"twitter:label2\" content=\"Dur\u00e9e de lecture estim\u00e9e\" \/>\n\t<meta name=\"twitter:data2\" content=\"3 minutes\" \/>\n<script type=\"application\/ld+json\" class=\"yoast-schema-graph\">{\"@context\":\"https:\\\/\\\/schema.org\",\"@graph\":[{\"@type\":\"Article\",\"@id\":\"https:\\\/\\\/janze-athletisme.fr\\\/wordpress\\\/les-traileurs-bretons-font-sensation\\\/#article\",\"isPartOf\":{\"@id\":\"https:\\\/\\\/janze-athletisme.fr\\\/wordpress\\\/les-traileurs-bretons-font-sensation\\\/\"},\"author\":{\"name\":\"Cl\u00e9mence Lamoureux\",\"@id\":\"https:\\\/\\\/janze-athletisme.fr\\\/wordpress\\\/#\\\/schema\\\/person\\\/4707bca3b9bd242cfc91073093f5d321\"},\"headline\":\"Les traileurs bretons font sensation\",\"datePublished\":\"2025-07-08T10:00:00+00:00\",\"dateModified\":\"2025-07-11T19:48:35+00:00\",\"mainEntityOfPage\":{\"@id\":\"https:\\\/\\\/janze-athletisme.fr\\\/wordpress\\\/les-traileurs-bretons-font-sensation\\\/\"},\"wordCount\":497,\"commentCount\":1,\"publisher\":{\"@id\":\"https:\\\/\\\/janze-athletisme.fr\\\/wordpress\\\/#organization\"},\"image\":{\"@id\":\"https:\\\/\\\/janze-athletisme.fr\\\/wordpress\\\/les-traileurs-bretons-font-sensation\\\/#primaryimage\"},\"thumbnailUrl\":\"https:\\\/\\\/janze-athletisme.fr\\\/wordpress\\\/wp-content\\\/uploads\\\/2025\\\/07\\\/IMG_7685-1-scaled.jpg\",\"articleSection\":[\"Le club au jour le jour\"],\"inLanguage\":\"fr-FR\",\"potentialAction\":[{\"@type\":\"CommentAction\",\"name\":\"Comment\",\"target\":[\"https:\\\/\\\/janze-athletisme.fr\\\/wordpress\\\/les-traileurs-bretons-font-sensation\\\/#respond\"]}]},{\"@type\":\"WebPage\",\"@id\":\"https:\\\/\\\/janze-athletisme.fr\\\/wordpress\\\/les-traileurs-bretons-font-sensation\\\/\",\"url\":\"https:\\\/\\\/janze-athletisme.fr\\\/wordpress\\\/les-traileurs-bretons-font-sensation\\\/\",\"name\":\"Les traileurs bretons font sensation - Janz\u00e9 Athl\u00e9tisme\",\"isPartOf\":{\"@id\":\"https:\\\/\\\/janze-athletisme.fr\\\/wordpress\\\/#website\"},\"primaryImageOfPage\":{\"@id\":\"https:\\\/\\\/janze-athletisme.fr\\\/wordpress\\\/les-traileurs-bretons-font-sensation\\\/#primaryimage\"},\"image\":{\"@id\":\"https:\\\/\\\/janze-athletisme.fr\\\/wordpress\\\/les-traileurs-bretons-font-sensation\\\/#primaryimage\"},\"thumbnailUrl\":\"https:\\\/\\\/janze-athletisme.fr\\\/wordpress\\\/wp-content\\\/uploads\\\/2025\\\/07\\\/IMG_7685-1-scaled.jpg\",\"datePublished\":\"2025-07-08T10:00:00+00:00\",\"dateModified\":\"2025-07-11T19:48:35+00:00\",\"breadcrumb\":{\"@id\":\"https:\\\/\\\/janze-athletisme.fr\\\/wordpress\\\/les-traileurs-bretons-font-sensation\\\/#breadcrumb\"},\"inLanguage\":\"fr-FR\",\"potentialAction\":[{\"@type\":\"ReadAction\",\"target\":[\"https:\\\/\\\/janze-athletisme.fr\\\/wordpress\\\/les-traileurs-bretons-font-sensation\\\/\"]}]},{\"@type\":\"ImageObject\",\"inLanguage\":\"fr-FR\",\"@id\":\"https:\\\/\\\/janze-athletisme.fr\\\/wordpress\\\/les-traileurs-bretons-font-sensation\\\/#primaryimage\",\"url\":\"https:\\\/\\\/janze-athletisme.fr\\\/wordpress\\\/wp-content\\\/uploads\\\/2025\\\/07\\\/IMG_7685-1-scaled.jpg\",\"contentUrl\":\"https:\\\/\\\/janze-athletisme.fr\\\/wordpress\\\/wp-content\\\/uploads\\\/2025\\\/07\\\/IMG_7685-1-scaled.jpg\",\"width\":1920,\"height\":2560},{\"@type\":\"BreadcrumbList\",\"@id\":\"https:\\\/\\\/janze-athletisme.fr\\\/wordpress\\\/les-traileurs-bretons-font-sensation\\\/#breadcrumb\",\"itemListElement\":[{\"@type\":\"ListItem\",\"position\":1,\"name\":\"Accueil\",\"item\":\"https:\\\/\\\/janze-athletisme.fr\\\/wordpress\\\/\"},{\"@type\":\"ListItem\",\"position\":2,\"name\":\"Les traileurs bretons font sensation\"}]},{\"@type\":\"WebSite\",\"@id\":\"https:\\\/\\\/janze-athletisme.fr\\\/wordpress\\\/#website\",\"url\":\"https:\\\/\\\/janze-athletisme.fr\\\/wordpress\\\/\",\"name\":\"Janz\u00e9 Athl\u00e9tisme\",\"description\":\"Pays de La Roche aux F\u00e9es\",\"publisher\":{\"@id\":\"https:\\\/\\\/janze-athletisme.fr\\\/wordpress\\\/#organization\"},\"potentialAction\":[{\"@type\":\"SearchAction\",\"target\":{\"@type\":\"EntryPoint\",\"urlTemplate\":\"https:\\\/\\\/janze-athletisme.fr\\\/wordpress\\\/?s={search_term_string}\"},\"query-input\":{\"@type\":\"PropertyValueSpecification\",\"valueRequired\":true,\"valueName\":\"search_term_string\"}}],\"inLanguage\":\"fr-FR\"},{\"@type\":\"Organization\",\"@id\":\"https:\\\/\\\/janze-athletisme.fr\\\/wordpress\\\/#organization\",\"name\":\"Janz\u00e9 Athl\u00e9tisme\",\"url\":\"https:\\\/\\\/janze-athletisme.fr\\\/wordpress\\\/\",\"logo\":{\"@type\":\"ImageObject\",\"inLanguage\":\"fr-FR\",\"@id\":\"https:\\\/\\\/janze-athletisme.fr\\\/wordpress\\\/#\\\/schema\\\/logo\\\/image\\\/\",\"url\":\"https:\\\/\\\/janze-athletisme.fr\\\/wordpress\\\/wp-content\\\/uploads\\\/2015\\\/03\\\/logo-full1.jpg\",\"contentUrl\":\"https:\\\/\\\/janze-athletisme.fr\\\/wordpress\\\/wp-content\\\/uploads\\\/2015\\\/03\\\/logo-full1.jpg\",\"width\":437,\"height\":205,\"caption\":\"Janz\u00e9 Athl\u00e9tisme\"},\"image\":{\"@id\":\"https:\\\/\\\/janze-athletisme.fr\\\/wordpress\\\/#\\\/schema\\\/logo\\\/image\\\/\"},\"sameAs\":[\"https:\\\/\\\/www.facebook.com\\\/groups\\\/1007964579346590\"]},{\"@type\":\"Person\",\"@id\":\"https:\\\/\\\/janze-athletisme.fr\\\/wordpress\\\/#\\\/schema\\\/person\\\/4707bca3b9bd242cfc91073093f5d321\",\"name\":\"Cl\u00e9mence Lamoureux\",\"image\":{\"@type\":\"ImageObject\",\"inLanguage\":\"fr-FR\",\"@id\":\"https:\\\/\\\/secure.gravatar.com\\\/avatar\\\/2f18cd2c2b1f1ecd39cf606db6318645f0da8312adbd720f109c332fd7adeb7d?s=96&d=mm&r=g\",\"url\":\"https:\\\/\\\/secure.gravatar.com\\\/avatar\\\/2f18cd2c2b1f1ecd39cf606db6318645f0da8312adbd720f109c332fd7adeb7d?s=96&d=mm&r=g\",\"contentUrl\":\"https:\\\/\\\/secure.gravatar.com\\\/avatar\\\/2f18cd2c2b1f1ecd39cf606db6318645f0da8312adbd720f109c332fd7adeb7d?s=96&d=mm&r=g\",\"caption\":\"Cl\u00e9mence Lamoureux\"},\"url\":\"https:\\\/\\\/janze-athletisme.fr\\\/wordpress\\\/author\\\/clem_lamoureux35\\\/\"}]}<\/script>\n<!-- \/ Yoast SEO plugin. -->","yoast_head_json":{"title":"Les traileurs bretons font sensation - Janz\u00e9 Athl\u00e9tisme","robots":{"index":"index","follow":"follow","max-snippet":"max-snippet:-1","max-image-preview":"max-image-preview:large","max-video-preview":"max-video-preview:-1"},"canonical":"https:\/\/janze-athletisme.fr\/wordpress\/les-traileurs-bretons-font-sensation\/","og_locale":"fr_FR","og_type":"article","og_title":"Les traileurs bretons font sensation - Janz\u00e9 Athl\u00e9tisme","og_description":"Championnat de France de Course en Montagne, Val d\u2019Is\u00e8re,&nbsp; le 6 juillet 2024 Le r\u00e9veil matinal en vaut le coup ! L&rsquo;alarme a sonn\u00e9 t\u00f4t ce matin ! L\u00e9ger coup de pression ! Petit d\u00e9jeuner pris, affaires rassembl\u00e9es, nous sommes pr\u00eats \u00e0 partir : direction Val d&rsquo;Is\u00e8re. \u00c9tonnamment, le trajet \u00e9tait plus calme, chacun \u00e9tait [&hellip;]","og_url":"https:\/\/janze-athletisme.fr\/wordpress\/les-traileurs-bretons-font-sensation\/","og_site_name":"Janz\u00e9 Athl\u00e9tisme","article_publisher":"https:\/\/www.facebook.com\/groups\/1007964579346590","article_published_time":"2025-07-08T10:00:00+00:00","article_modified_time":"2025-07-11T19:48:35+00:00","og_image":[{"width":1920,"height":2560,"url":"https:\/\/janze-athletisme.fr\/wordpress\/wp-content\/uploads\/2025\/07\/IMG_7685-1-scaled.jpg","type":"image\/jpeg"}],"author":"Cl\u00e9mence Lamoureux","twitter_card":"summary_large_image","twitter_misc":{"\u00c9crit par":"Cl\u00e9mence Lamoureux","Dur\u00e9e de lecture estim\u00e9e":"3 minutes"},"schema":{"@context":"https:\/\/schema.org","@graph":[{"@type":"Article","@id":"https:\/\/janze-athletisme.fr\/wordpress\/les-traileurs-bretons-font-sensation\/#article","isPartOf":{"@id":"https:\/\/janze-athletisme.fr\/wordpress\/les-traileurs-bretons-font-sensation\/"},"author":{"name":"Cl\u00e9mence Lamoureux","@id":"https:\/\/janze-athletisme.fr\/wordpress\/#\/schema\/person\/4707bca3b9bd242cfc91073093f5d321"},"headline":"Les traileurs bretons font sensation","datePublished":"2025-07-08T10:00:00+00:00","dateModified":"2025-07-11T19:48:35+00:00","mainEntityOfPage":{"@id":"https:\/\/janze-athletisme.fr\/wordpress\/les-traileurs-bretons-font-sensation\/"},"wordCount":497,"commentCount":1,"publisher":{"@id":"https:\/\/janze-athletisme.fr\/wordpress\/#organization"},"image":{"@id":"https:\/\/janze-athletisme.fr\/wordpress\/les-traileurs-bretons-font-sensation\/#primaryimage"},"thumbnailUrl":"https:\/\/janze-athletisme.fr\/wordpress\/wp-content\/uploads\/2025\/07\/IMG_7685-1-scaled.jpg","articleSection":["Le club au jour le jour"],"inLanguage":"fr-FR","potentialAction":[{"@type":"CommentAction","name":"Comment","target":["https:\/\/janze-athletisme.fr\/wordpress\/les-traileurs-bretons-font-sensation\/#respond"]}]},{"@type":"WebPage","@id":"https:\/\/janze-athletisme.fr\/wordpress\/les-traileurs-bretons-font-sensation\/","url":"https:\/\/janze-athletisme.fr\/wordpress\/les-traileurs-bretons-font-sensation\/","name":"Les traileurs bretons font sensation - Janz\u00e9 Athl\u00e9tisme","isPartOf":{"@id":"https:\/\/janze-athletisme.fr\/wordpress\/#website"},"primaryImageOfPage":{"@id":"https:\/\/janze-athletisme.fr\/wordpress\/les-traileurs-bretons-font-sensation\/#primaryimage"},"image":{"@id":"https:\/\/janze-athletisme.fr\/wordpress\/les-traileurs-bretons-font-sensation\/#primaryimage"},"thumbnailUrl":"https:\/\/janze-athletisme.fr\/wordpress\/wp-content\/uploads\/2025\/07\/IMG_7685-1-scaled.jpg","datePublished":"2025-07-08T10:00:00+00:00","dateModified":"2025-07-11T19:48:35+00:00","breadcrumb":{"@id":"https:\/\/janze-athletisme.fr\/wordpress\/les-traileurs-bretons-font-sensation\/#breadcrumb"},"inLanguage":"fr-FR","potentialAction":[{"@type":"ReadAction","target":["https:\/\/janze-athletisme.fr\/wordpress\/les-traileurs-bretons-font-sensation\/"]}]},{"@type":"ImageObject","inLanguage":"fr-FR","@id":"https:\/\/janze-athletisme.fr\/wordpress\/les-traileurs-bretons-font-sensation\/#primaryimage","url":"https:\/\/janze-athletisme.fr\/wordpress\/wp-content\/uploads\/2025\/07\/IMG_7685-1-scaled.jpg","contentUrl":"https:\/\/janze-athletisme.fr\/wordpress\/wp-content\/uploads\/2025\/07\/IMG_7685-1-scaled.jpg","width":1920,"height":2560},{"@type":"BreadcrumbList","@id":"https:\/\/janze-athletisme.fr\/wordpress\/les-traileurs-bretons-font-sensation\/#breadcrumb","itemListElement":[{"@type":"ListItem","position":1,"name":"Accueil","item":"https:\/\/janze-athletisme.fr\/wordpress\/"},{"@type":"ListItem","position":2,"name":"Les traileurs bretons font sensation"}]},{"@type":"WebSite","@id":"https:\/\/janze-athletisme.fr\/wordpress\/#website","url":"https:\/\/janze-athletisme.fr\/wordpress\/","name":"Janz\u00e9 Athl\u00e9tisme","description":"Pays de La Roche aux F\u00e9es","publisher":{"@id":"https:\/\/janze-athletisme.fr\/wordpress\/#organization"},"potentialAction":[{"@type":"SearchAction","target":{"@type":"EntryPoint","urlTemplate":"https:\/\/janze-athletisme.fr\/wordpress\/?s={search_term_string}"},"query-input":{"@type":"PropertyValueSpecification","valueRequired":true,"valueName":"search_term_string"}}],"inLanguage":"fr-FR"},{"@type":"Organization","@id":"https:\/\/janze-athletisme.fr\/wordpress\/#organization","name":"Janz\u00e9 Athl\u00e9tisme","url":"https:\/\/janze-athletisme.fr\/wordpress\/","logo":{"@type":"ImageObject","inLanguage":"fr-FR","@id":"https:\/\/janze-athletisme.fr\/wordpress\/#\/schema\/logo\/image\/","url":"https:\/\/janze-athletisme.fr\/wordpress\/wp-content\/uploads\/2015\/03\/logo-full1.jpg","contentUrl":"https:\/\/janze-athletisme.fr\/wordpress\/wp-content\/uploads\/2015\/03\/logo-full1.jpg","width":437,"height":205,"caption":"Janz\u00e9 Athl\u00e9tisme"},"image":{"@id":"https:\/\/janze-athletisme.fr\/wordpress\/#\/schema\/logo\/image\/"},"sameAs":["https:\/\/www.facebook.com\/groups\/1007964579346590"]},{"@type":"Person","@id":"https:\/\/janze-athletisme.fr\/wordpress\/#\/schema\/person\/4707bca3b9bd242cfc91073093f5d321","name":"Cl\u00e9mence Lamoureux","image":{"@type":"ImageObject","inLanguage":"fr-FR","@id":"https:\/\/secure.gravatar.com\/avatar\/2f18cd2c2b1f1ecd39cf606db6318645f0da8312adbd720f109c332fd7adeb7d?s=96&d=mm&r=g","url":"https:\/\/secure.gravatar.com\/avatar\/2f18cd2c2b1f1ecd39cf606db6318645f0da8312adbd720f109c332fd7adeb7d?s=96&d=mm&r=g","contentUrl":"https:\/\/secure.gravatar.com\/avatar\/2f18cd2c2b1f1ecd39cf606db6318645f0da8312adbd720f109c332fd7adeb7d?s=96&d=mm&r=g","caption":"Cl\u00e9mence Lamoureux"},"url":"https:\/\/janze-athletisme.fr\/wordpress\/author\/clem_lamoureux35\/"}]}},"uagb_featured_image_src":{"full":["https:\/\/janze-athletisme.fr\/wordpress\/wp-content\/uploads\/2025\/07\/IMG_7685-1-scaled.jpg",1920,2560,false],"thumbnail":["https:\/\/janze-athletisme.fr\/wordpress\/wp-content\/uploads\/2025\/07\/IMG_7685-1-150x150.jpg",150,150,true],"medium":["https:\/\/janze-athletisme.fr\/wordpress\/wp-content\/uploads\/2025\/07\/IMG_7685-1-225x300.jpg",225,300,true],"medium_large":["https:\/\/janze-athletisme.fr\/wordpress\/wp-content\/uploads\/2025\/07\/IMG_7685-1-768x1024.jpg",768,1024,true],"large":["https:\/\/janze-athletisme.fr\/wordpress\/wp-content\/uploads\/2025\/07\/IMG_7685-1-768x1024.jpg",768,1024,true],"1536x1536":["https:\/\/janze-athletisme.fr\/wordpress\/wp-content\/uploads\/2025\/07\/IMG_7685-1-1152x1536.jpg",1152,1536,true],"2048x2048":["https:\/\/janze-athletisme.fr\/wordpress\/wp-content\/uploads\/2025\/07\/IMG_7685-1-1536x2048.jpg",1536,2048,true]},"uagb_author_info":{"display_name":"Cl\u00e9mence Lamoureux","author_link":"https:\/\/janze-athletisme.fr\/wordpress\/author\/clem_lamoureux35\/"},"uagb_comment_info":1,"uagb_excerpt":"Championnat de France de Course en Montagne, Val d\u2019Is\u00e8re,&nbsp; le 6 juillet 2024 Le r\u00e9veil matinal en vaut le coup ! L&rsquo;alarme a sonn\u00e9 t\u00f4t ce matin ! L\u00e9ger coup de pression ! Petit d\u00e9jeuner pris, affaires rassembl\u00e9es, nous sommes pr\u00eats \u00e0 partir : direction Val d&rsquo;Is\u00e8re. \u00c9tonnamment, le trajet \u00e9tait plus calme, chacun \u00e9tait\u2026","_links":{"self":[{"href":"https:\/\/janze-athletisme.fr\/wordpress\/wp-json\/wp\/v2\/posts\/26458","targetHints":{"allow":["GET"]}}],"collection":[{"href":"https:\/\/janze-athletisme.fr\/wordpress\/wp-json\/wp\/v2\/posts"}],"about":[{"href":"https:\/\/janze-athletisme.fr\/wordpress\/wp-json\/wp\/v2\/types\/post"}],"author":[{"embeddable":true,"href":"https:\/\/janze-athletisme.fr\/wordpress\/wp-json\/wp\/v2\/users\/16"}],"replies":[{"embeddable":true,"href":"https:\/\/janze-athletisme.fr\/wordpress\/wp-json\/wp\/v2\/comments?post=26458"}],"version-history":[{"count":10,"href":"https:\/\/janze-athletisme.fr\/wordpress\/wp-json\/wp\/v2\/posts\/26458\/revisions"}],"predecessor-version":[{"id":26474,"href":"https:\/\/janze-athletisme.fr\/wordpress\/wp-json\/wp\/v2\/posts\/26458\/revisions\/26474"}],"wp:featuredmedia":[{"embeddable":true,"href":"https:\/\/janze-athletisme.fr\/wordpress\/wp-json\/wp\/v2\/media\/26460"}],"wp:attachment":[{"href":"https:\/\/janze-athletisme.fr\/wordpress\/wp-json\/wp\/v2\/media?parent=26458"}],"wp:term":[{"taxonomy":"category","embeddable":true,"href":"https:\/\/janze-athletisme.fr\/wordpress\/wp-json\/wp\/v2\/categories?post=26458"},{"taxonomy":"post_tag","embeddable":true,"href":"https:\/\/janze-athletisme.fr\/wordpress\/wp-json\/wp\/v2\/tags?post=26458"}],"curies":[{"name":"wp","href":"https:\/\/api.w.org\/{rel}","templated":true}]}}