{"id":26441,"date":"2025-07-08T00:02:00","date_gmt":"2025-07-07T22:02:00","guid":{"rendered":"https:\/\/janze-athletisme.fr\/wordpress\/?p=26441"},"modified":"2025-07-07T18:37:54","modified_gmt":"2025-07-07T16:37:54","slug":"des-athletes-polyvalents","status":"publish","type":"post","link":"https:\/\/janze-athletisme.fr\/wordpress\/des-athletes-polyvalents\/","title":{"rendered":"Des athl\u00e8tes polyvalents !"},"content":{"rendered":"\n<p><em><strong>Championnat de France de Course en Montagne, Val d\u2019Is\u00e8re,&nbsp; le 5 juillet 2024<\/strong><\/em><\/p>\n\n\n\n<h4>Une matin\u00e9e productive\u00a0<\/h4>\n<p>Apr\u00e8s une bonne nuit de sommeil, nous avons d\u00e9jeun\u00e9 et sommes directement partis \u00e0 la d\u00e9couverte de la for\u00eat environnante. Sur une piste cyclable sillonnant le bois, nous avons couru pas moins de 6,5 km ! Costaud, la veille de course ! Pour r\u00e9cup\u00e9rer de ses efforts, quoi de mieux qu&rsquo;un bon bain froid ! Mais attention, pas n&rsquo;importe o\u00f9&#8230; dans la rivi\u00e8re ! Une eau cristalline descendant directement des hauteurs ! Un cadre idyllique pour une bonne r\u00e9cup&rsquo; !<\/p>\n<figure id=\"attachment_26446\" aria-describedby=\"caption-attachment-26446\" style=\"width: 225px\" class=\"wp-caption alignleft\"><a href=\"https:\/\/janze-athletisme.fr\/wordpress\/wp-content\/uploads\/2025\/07\/IMG_1141-1-1-scaled-e1751895738554.jpg\"><img loading=\"lazy\" decoding=\"async\" class=\"size-medium wp-image-26446\" src=\"https:\/\/janze-athletisme.fr\/wordpress\/wp-content\/uploads\/2025\/07\/IMG_1141-1-1-scaled-e1751895738554-225x300.jpg\" alt=\"\" width=\"225\" height=\"300\" srcset=\"https:\/\/janze-athletisme.fr\/wordpress\/wp-content\/uploads\/2025\/07\/IMG_1141-1-1-scaled-e1751895738554-225x300.jpg 225w, https:\/\/janze-athletisme.fr\/wordpress\/wp-content\/uploads\/2025\/07\/IMG_1141-1-1-scaled-e1751895738554-768x1024.jpg 768w, https:\/\/janze-athletisme.fr\/wordpress\/wp-content\/uploads\/2025\/07\/IMG_1141-1-1-scaled-e1751895738554-1152x1536.jpg 1152w, https:\/\/janze-athletisme.fr\/wordpress\/wp-content\/uploads\/2025\/07\/IMG_1141-1-1-scaled-e1751895738554-1536x2048.jpg 1536w, https:\/\/janze-athletisme.fr\/wordpress\/wp-content\/uploads\/2025\/07\/IMG_1141-1-1-scaled-e1751895738554.jpg 1920w\" sizes=\"auto, (max-width: 225px) 100vw, 225px\" \/><\/a><figcaption id=\"caption-attachment-26446\" class=\"wp-caption-text\">DR Photo Elsa Mah\u00e9<\/figcaption><\/figure>\n<p>\u00a0 \u00a0 \u00a0 \u00a0 \u00a0 \u00a0 \u00a0 \u00a0<img loading=\"lazy\" decoding=\"async\" class=\"size-medium wp-image-26444 alignnone\" src=\"https:\/\/janze-athletisme.fr\/wordpress\/wp-content\/uploads\/2025\/07\/IMG_9775-1-225x300.jpg\" alt=\"\" width=\"225\" height=\"300\" srcset=\"https:\/\/janze-athletisme.fr\/wordpress\/wp-content\/uploads\/2025\/07\/IMG_9775-1-225x300.jpg 225w, https:\/\/janze-athletisme.fr\/wordpress\/wp-content\/uploads\/2025\/07\/IMG_9775-1-768x1024.jpg 768w, https:\/\/janze-athletisme.fr\/wordpress\/wp-content\/uploads\/2025\/07\/IMG_9775-1-1152x1536.jpg 1152w, https:\/\/janze-athletisme.fr\/wordpress\/wp-content\/uploads\/2025\/07\/IMG_9775-1-1536x2048.jpg 1536w, https:\/\/janze-athletisme.fr\/wordpress\/wp-content\/uploads\/2025\/07\/IMG_9775-1-scaled.jpg 1920w\" sizes=\"auto, (max-width: 225px) 100vw, 225px\" \/><\/p>\n<h4>La Team BZH en rep\u00e9rage\u00a0<\/h4>\n<p>Avec de superbes vestes offertes par la Ligue de Bretagne, nous sommes arriv\u00e9s en force \u00e0 la station de Val d&rsquo;Is\u00e8re. La d\u00e9l\u00e9gation ne passe pas inaper\u00e7ue ! Apr\u00e8s un bon pique-nique et la r\u00e9cup\u00e9ration de nos dossards, nous avons improvis\u00e9 une petite course d&rsquo;orientation. Ah non&#8230; pardon ! C&rsquo;\u00e9tait le rep\u00e9rage du parcours ! En somme : une petite randonn\u00e9e pour localiser les endroits techniques mais aussi pour admirer le paysage (et prendre quelques photos au passage !). Redescendus \u00e0 la station, nous avons pu apercevoir les athl\u00e8tes s&rsquo;\u00e9lan\u00e7ant pour le kilom\u00e8tre vertical (1000 m de D+). Impressionnant !<\/p>\n<p><img loading=\"lazy\" decoding=\"async\" class=\"size-medium wp-image-26449 alignleft\" src=\"https:\/\/janze-athletisme.fr\/wordpress\/wp-content\/uploads\/2025\/07\/IMG_7611-1-1-225x300.jpg\" alt=\"\" width=\"225\" height=\"300\" srcset=\"https:\/\/janze-athletisme.fr\/wordpress\/wp-content\/uploads\/2025\/07\/IMG_7611-1-1-225x300.jpg 225w, https:\/\/janze-athletisme.fr\/wordpress\/wp-content\/uploads\/2025\/07\/IMG_7611-1-1-768x1024.jpg 768w, https:\/\/janze-athletisme.fr\/wordpress\/wp-content\/uploads\/2025\/07\/IMG_7611-1-1-1152x1536.jpg 1152w, https:\/\/janze-athletisme.fr\/wordpress\/wp-content\/uploads\/2025\/07\/IMG_7611-1-1-1536x2048.jpg 1536w, https:\/\/janze-athletisme.fr\/wordpress\/wp-content\/uploads\/2025\/07\/IMG_7611-1-1-scaled.jpg 1920w\" sizes=\"auto, (max-width: 225px) 100vw, 225px\" \/><\/p>\n<figure id=\"attachment_26450\" aria-describedby=\"caption-attachment-26450\" style=\"width: 225px\" class=\"wp-caption alignleft\"><img loading=\"lazy\" decoding=\"async\" class=\"size-medium wp-image-26450\" src=\"https:\/\/janze-athletisme.fr\/wordpress\/wp-content\/uploads\/2025\/07\/IMG_7627-1-1-scaled-e1751895758650-225x300.jpg\" alt=\"\" width=\"225\" height=\"300\" srcset=\"https:\/\/janze-athletisme.fr\/wordpress\/wp-content\/uploads\/2025\/07\/IMG_7627-1-1-scaled-e1751895758650-225x300.jpg 225w, https:\/\/janze-athletisme.fr\/wordpress\/wp-content\/uploads\/2025\/07\/IMG_7627-1-1-scaled-e1751895758650-768x1024.jpg 768w, https:\/\/janze-athletisme.fr\/wordpress\/wp-content\/uploads\/2025\/07\/IMG_7627-1-1-scaled-e1751895758650-1152x1536.jpg 1152w, https:\/\/janze-athletisme.fr\/wordpress\/wp-content\/uploads\/2025\/07\/IMG_7627-1-1-scaled-e1751895758650-1536x2048.jpg 1536w, https:\/\/janze-athletisme.fr\/wordpress\/wp-content\/uploads\/2025\/07\/IMG_7627-1-1-scaled-e1751895758650.jpg 1920w\" sizes=\"auto, (max-width: 225px) 100vw, 225px\" \/><figcaption id=\"caption-attachment-26450\" class=\"wp-caption-text\">DR Photo (P\u00e9lagie Olivier)<\/figcaption><\/figure>\n<h4>Place \u00e0 une bonne r\u00e9cup !<\/h4>\n<p>Apr\u00e8s tous ses effort, la Team \u00e9tait fatigu\u00e9e. Mais en bonne Team, il lui restait toujours un peu d&rsquo;\u00e9nergie ! Du moins assez pour quelques sauts dans la rivi\u00e8re ! Appelez-nous pour l&rsquo;\u00e9laboration du prochain routard. Apr\u00e8s 3 spots test\u00e9s et pas moins de 3km de marche pour les rejoindre, nous sommes devenus de vrais guides touristiques !\u00a0<\/p>\n<p>De retour \u00e0 l&rsquo;auberge, nous avons d\u00een\u00e9 avant de s&rsquo;essayer \u00e0 un autre sport (pour changer) : le ping-pong ! Une petite partie de Loups-Garous pour cl\u00f4re la soir\u00e9e. Place maintenant \u00e0 une bonne nuit pour r\u00e9cup\u00e9rer des diff\u00e9rentes casquettes essay\u00e9es aujourd&rsquo;hui (traileurs, nageurs, randonneurs, mais aussi pongistes) !<\/p>\n","protected":false},"excerpt":{"rendered":"<p>Championnat de France de Course en Montagne, Val d\u2019Is\u00e8re,&nbsp; le 5 juillet 2024 Une matin\u00e9e productive\u00a0 Apr\u00e8s une bonne nuit de sommeil, nous avons d\u00e9jeun\u00e9 et sommes directement partis \u00e0 la d\u00e9couverte de la for\u00eat environnante. Sur une piste cyclable sillonnant le bois, nous avons couru pas moins de 6,5 km ! Costaud, la veille [&hellip;]<\/p>\n","protected":false},"author":16,"featured_media":26449,"comment_status":"open","ping_status":"open","sticky":false,"template":"","format":"aside","meta":{"_uag_custom_page_level_css":"","site-sidebar-layout":"default","site-content-layout":"","ast-site-content-layout":"default","site-content-style":"default","site-sidebar-style":"default","ast-global-header-display":"","ast-banner-title-visibility":"","ast-main-header-display":"","ast-hfb-above-header-display":"","ast-hfb-below-header-display":"","ast-hfb-mobile-header-display":"","site-post-title":"","ast-breadcrumbs-content":"","ast-featured-img":"","footer-sml-layout":"","ast-disable-related-posts":"","theme-transparent-header-meta":"","adv-header-id-meta":"","stick-header-meta":"","header-above-stick-meta":"","header-main-stick-meta":"","header-below-stick-meta":"","astra-migrate-meta-layouts":"set","ast-page-background-enabled":"default","ast-page-background-meta":{"desktop":{"background-color":"var(--ast-global-color-4)","background-image":"","background-repeat":"repeat","background-position":"center center","background-size":"auto","background-attachment":"scroll","background-type":"","background-media":"","overlay-type":"","overlay-color":"","overlay-opacity":"","overlay-gradient":""},"tablet":{"background-color":"","background-image":"","background-repeat":"repeat","background-position":"center center","background-size":"auto","background-attachment":"scroll","background-type":"","background-media":"","overlay-type":"","overlay-color":"","overlay-opacity":"","overlay-gradient":""},"mobile":{"background-color":"","background-image":"","background-repeat":"repeat","background-position":"center center","background-size":"auto","background-attachment":"scroll","background-type":"","background-media":"","overlay-type":"","overlay-color":"","overlay-opacity":"","overlay-gradient":""}},"ast-content-background-meta":{"desktop":{"background-color":"var(--ast-global-color-5)","background-image":"","background-repeat":"repeat","background-position":"center center","background-size":"auto","background-attachment":"scroll","background-type":"","background-media":"","overlay-type":"","overlay-color":"","overlay-opacity":"","overlay-gradient":""},"tablet":{"background-color":"var(--ast-global-color-5)","background-image":"","background-repeat":"repeat","background-position":"center center","background-size":"auto","background-attachment":"scroll","background-type":"","background-media":"","overlay-type":"","overlay-color":"","overlay-opacity":"","overlay-gradient":""},"mobile":{"background-color":"var(--ast-global-color-5)","background-image":"","background-repeat":"repeat","background-position":"center center","background-size":"auto","background-attachment":"scroll","background-type":"","background-media":"","overlay-type":"","overlay-color":"","overlay-opacity":"","overlay-gradient":""}},"footnotes":""},"categories":[6],"tags":[],"class_list":["post-26441","post","type-post","status-publish","format-aside","has-post-thumbnail","hentry","category-sections","post_format-post-format-aside"],"yoast_head":"<!-- This site is optimized with the Yoast SEO plugin v27.4 - https:\/\/yoast.com\/product\/yoast-seo-wordpress\/ -->\n<title>Des athl\u00e8tes polyvalents ! - Janz\u00e9 Athl\u00e9tisme<\/title>\n<meta name=\"robots\" content=\"index, follow, max-snippet:-1, max-image-preview:large, max-video-preview:-1\" \/>\n<link rel=\"canonical\" href=\"https:\/\/janze-athletisme.fr\/wordpress\/des-athletes-polyvalents\/\" \/>\n<meta property=\"og:locale\" content=\"fr_FR\" \/>\n<meta property=\"og:type\" content=\"article\" \/>\n<meta property=\"og:title\" content=\"Des athl\u00e8tes polyvalents ! - Janz\u00e9 Athl\u00e9tisme\" \/>\n<meta property=\"og:description\" content=\"Championnat de France de Course en Montagne, Val d\u2019Is\u00e8re,&nbsp; le 5 juillet 2024 Une matin\u00e9e productive\u00a0 Apr\u00e8s une bonne nuit de sommeil, nous avons d\u00e9jeun\u00e9 et sommes directement partis \u00e0 la d\u00e9couverte de la for\u00eat environnante. Sur une piste cyclable sillonnant le bois, nous avons couru pas moins de 6,5 km ! Costaud, la veille [&hellip;]\" \/>\n<meta property=\"og:url\" content=\"https:\/\/janze-athletisme.fr\/wordpress\/des-athletes-polyvalents\/\" \/>\n<meta property=\"og:site_name\" content=\"Janz\u00e9 Athl\u00e9tisme\" \/>\n<meta property=\"article:publisher\" content=\"https:\/\/www.facebook.com\/groups\/1007964579346590\" \/>\n<meta property=\"article:published_time\" content=\"2025-07-07T22:02:00+00:00\" \/>\n<meta property=\"og:image\" content=\"https:\/\/janze-athletisme.fr\/wordpress\/wp-content\/uploads\/2025\/07\/IMG_7611-1-1-scaled.jpg\" \/>\n\t<meta property=\"og:image:width\" content=\"1920\" \/>\n\t<meta property=\"og:image:height\" content=\"2560\" \/>\n\t<meta property=\"og:image:type\" content=\"image\/jpeg\" \/>\n<meta name=\"author\" content=\"Cl\u00e9mence Lamoureux\" \/>\n<meta name=\"twitter:card\" content=\"summary_large_image\" \/>\n<meta name=\"twitter:label1\" content=\"\u00c9crit par\" \/>\n\t<meta name=\"twitter:data1\" content=\"Cl\u00e9mence Lamoureux\" \/>\n\t<meta name=\"twitter:label2\" content=\"Dur\u00e9e de lecture estim\u00e9e\" \/>\n\t<meta name=\"twitter:data2\" content=\"3 minutes\" \/>\n<script type=\"application\/ld+json\" class=\"yoast-schema-graph\">{\"@context\":\"https:\\\/\\\/schema.org\",\"@graph\":[{\"@type\":\"Article\",\"@id\":\"https:\\\/\\\/janze-athletisme.fr\\\/wordpress\\\/des-athletes-polyvalents\\\/#article\",\"isPartOf\":{\"@id\":\"https:\\\/\\\/janze-athletisme.fr\\\/wordpress\\\/des-athletes-polyvalents\\\/\"},\"author\":{\"name\":\"Cl\u00e9mence Lamoureux\",\"@id\":\"https:\\\/\\\/janze-athletisme.fr\\\/wordpress\\\/#\\\/schema\\\/person\\\/4707bca3b9bd242cfc91073093f5d321\"},\"headline\":\"Des athl\u00e8tes polyvalents !\",\"datePublished\":\"2025-07-07T22:02:00+00:00\",\"mainEntityOfPage\":{\"@id\":\"https:\\\/\\\/janze-athletisme.fr\\\/wordpress\\\/des-athletes-polyvalents\\\/\"},\"wordCount\":360,\"commentCount\":0,\"publisher\":{\"@id\":\"https:\\\/\\\/janze-athletisme.fr\\\/wordpress\\\/#organization\"},\"image\":{\"@id\":\"https:\\\/\\\/janze-athletisme.fr\\\/wordpress\\\/des-athletes-polyvalents\\\/#primaryimage\"},\"thumbnailUrl\":\"https:\\\/\\\/janze-athletisme.fr\\\/wordpress\\\/wp-content\\\/uploads\\\/2025\\\/07\\\/IMG_7611-1-1-scaled.jpg\",\"articleSection\":[\"Le club au jour le jour\"],\"inLanguage\":\"fr-FR\",\"potentialAction\":[{\"@type\":\"CommentAction\",\"name\":\"Comment\",\"target\":[\"https:\\\/\\\/janze-athletisme.fr\\\/wordpress\\\/des-athletes-polyvalents\\\/#respond\"]}]},{\"@type\":\"WebPage\",\"@id\":\"https:\\\/\\\/janze-athletisme.fr\\\/wordpress\\\/des-athletes-polyvalents\\\/\",\"url\":\"https:\\\/\\\/janze-athletisme.fr\\\/wordpress\\\/des-athletes-polyvalents\\\/\",\"name\":\"Des athl\u00e8tes polyvalents ! - Janz\u00e9 Athl\u00e9tisme\",\"isPartOf\":{\"@id\":\"https:\\\/\\\/janze-athletisme.fr\\\/wordpress\\\/#website\"},\"primaryImageOfPage\":{\"@id\":\"https:\\\/\\\/janze-athletisme.fr\\\/wordpress\\\/des-athletes-polyvalents\\\/#primaryimage\"},\"image\":{\"@id\":\"https:\\\/\\\/janze-athletisme.fr\\\/wordpress\\\/des-athletes-polyvalents\\\/#primaryimage\"},\"thumbnailUrl\":\"https:\\\/\\\/janze-athletisme.fr\\\/wordpress\\\/wp-content\\\/uploads\\\/2025\\\/07\\\/IMG_7611-1-1-scaled.jpg\",\"datePublished\":\"2025-07-07T22:02:00+00:00\",\"breadcrumb\":{\"@id\":\"https:\\\/\\\/janze-athletisme.fr\\\/wordpress\\\/des-athletes-polyvalents\\\/#breadcrumb\"},\"inLanguage\":\"fr-FR\",\"potentialAction\":[{\"@type\":\"ReadAction\",\"target\":[\"https:\\\/\\\/janze-athletisme.fr\\\/wordpress\\\/des-athletes-polyvalents\\\/\"]}]},{\"@type\":\"ImageObject\",\"inLanguage\":\"fr-FR\",\"@id\":\"https:\\\/\\\/janze-athletisme.fr\\\/wordpress\\\/des-athletes-polyvalents\\\/#primaryimage\",\"url\":\"https:\\\/\\\/janze-athletisme.fr\\\/wordpress\\\/wp-content\\\/uploads\\\/2025\\\/07\\\/IMG_7611-1-1-scaled.jpg\",\"contentUrl\":\"https:\\\/\\\/janze-athletisme.fr\\\/wordpress\\\/wp-content\\\/uploads\\\/2025\\\/07\\\/IMG_7611-1-1-scaled.jpg\",\"width\":1920,\"height\":2560},{\"@type\":\"BreadcrumbList\",\"@id\":\"https:\\\/\\\/janze-athletisme.fr\\\/wordpress\\\/des-athletes-polyvalents\\\/#breadcrumb\",\"itemListElement\":[{\"@type\":\"ListItem\",\"position\":1,\"name\":\"Accueil\",\"item\":\"https:\\\/\\\/janze-athletisme.fr\\\/wordpress\\\/\"},{\"@type\":\"ListItem\",\"position\":2,\"name\":\"Des athl\u00e8tes polyvalents !\"}]},{\"@type\":\"WebSite\",\"@id\":\"https:\\\/\\\/janze-athletisme.fr\\\/wordpress\\\/#website\",\"url\":\"https:\\\/\\\/janze-athletisme.fr\\\/wordpress\\\/\",\"name\":\"Janz\u00e9 Athl\u00e9tisme\",\"description\":\"Pays de La Roche aux F\u00e9es\",\"publisher\":{\"@id\":\"https:\\\/\\\/janze-athletisme.fr\\\/wordpress\\\/#organization\"},\"potentialAction\":[{\"@type\":\"SearchAction\",\"target\":{\"@type\":\"EntryPoint\",\"urlTemplate\":\"https:\\\/\\\/janze-athletisme.fr\\\/wordpress\\\/?s={search_term_string}\"},\"query-input\":{\"@type\":\"PropertyValueSpecification\",\"valueRequired\":true,\"valueName\":\"search_term_string\"}}],\"inLanguage\":\"fr-FR\"},{\"@type\":\"Organization\",\"@id\":\"https:\\\/\\\/janze-athletisme.fr\\\/wordpress\\\/#organization\",\"name\":\"Janz\u00e9 Athl\u00e9tisme\",\"url\":\"https:\\\/\\\/janze-athletisme.fr\\\/wordpress\\\/\",\"logo\":{\"@type\":\"ImageObject\",\"inLanguage\":\"fr-FR\",\"@id\":\"https:\\\/\\\/janze-athletisme.fr\\\/wordpress\\\/#\\\/schema\\\/logo\\\/image\\\/\",\"url\":\"https:\\\/\\\/janze-athletisme.fr\\\/wordpress\\\/wp-content\\\/uploads\\\/2015\\\/03\\\/logo-full1.jpg\",\"contentUrl\":\"https:\\\/\\\/janze-athletisme.fr\\\/wordpress\\\/wp-content\\\/uploads\\\/2015\\\/03\\\/logo-full1.jpg\",\"width\":437,\"height\":205,\"caption\":\"Janz\u00e9 Athl\u00e9tisme\"},\"image\":{\"@id\":\"https:\\\/\\\/janze-athletisme.fr\\\/wordpress\\\/#\\\/schema\\\/logo\\\/image\\\/\"},\"sameAs\":[\"https:\\\/\\\/www.facebook.com\\\/groups\\\/1007964579346590\"]},{\"@type\":\"Person\",\"@id\":\"https:\\\/\\\/janze-athletisme.fr\\\/wordpress\\\/#\\\/schema\\\/person\\\/4707bca3b9bd242cfc91073093f5d321\",\"name\":\"Cl\u00e9mence Lamoureux\",\"image\":{\"@type\":\"ImageObject\",\"inLanguage\":\"fr-FR\",\"@id\":\"https:\\\/\\\/secure.gravatar.com\\\/avatar\\\/2f18cd2c2b1f1ecd39cf606db6318645f0da8312adbd720f109c332fd7adeb7d?s=96&d=mm&r=g\",\"url\":\"https:\\\/\\\/secure.gravatar.com\\\/avatar\\\/2f18cd2c2b1f1ecd39cf606db6318645f0da8312adbd720f109c332fd7adeb7d?s=96&d=mm&r=g\",\"contentUrl\":\"https:\\\/\\\/secure.gravatar.com\\\/avatar\\\/2f18cd2c2b1f1ecd39cf606db6318645f0da8312adbd720f109c332fd7adeb7d?s=96&d=mm&r=g\",\"caption\":\"Cl\u00e9mence Lamoureux\"},\"url\":\"https:\\\/\\\/janze-athletisme.fr\\\/wordpress\\\/author\\\/clem_lamoureux35\\\/\"}]}<\/script>\n<!-- \/ Yoast SEO plugin. -->","yoast_head_json":{"title":"Des athl\u00e8tes polyvalents ! - Janz\u00e9 Athl\u00e9tisme","robots":{"index":"index","follow":"follow","max-snippet":"max-snippet:-1","max-image-preview":"max-image-preview:large","max-video-preview":"max-video-preview:-1"},"canonical":"https:\/\/janze-athletisme.fr\/wordpress\/des-athletes-polyvalents\/","og_locale":"fr_FR","og_type":"article","og_title":"Des athl\u00e8tes polyvalents ! - Janz\u00e9 Athl\u00e9tisme","og_description":"Championnat de France de Course en Montagne, Val d\u2019Is\u00e8re,&nbsp; le 5 juillet 2024 Une matin\u00e9e productive\u00a0 Apr\u00e8s une bonne nuit de sommeil, nous avons d\u00e9jeun\u00e9 et sommes directement partis \u00e0 la d\u00e9couverte de la for\u00eat environnante. Sur une piste cyclable sillonnant le bois, nous avons couru pas moins de 6,5 km ! Costaud, la veille [&hellip;]","og_url":"https:\/\/janze-athletisme.fr\/wordpress\/des-athletes-polyvalents\/","og_site_name":"Janz\u00e9 Athl\u00e9tisme","article_publisher":"https:\/\/www.facebook.com\/groups\/1007964579346590","article_published_time":"2025-07-07T22:02:00+00:00","og_image":[{"width":1920,"height":2560,"url":"https:\/\/janze-athletisme.fr\/wordpress\/wp-content\/uploads\/2025\/07\/IMG_7611-1-1-scaled.jpg","type":"image\/jpeg"}],"author":"Cl\u00e9mence Lamoureux","twitter_card":"summary_large_image","twitter_misc":{"\u00c9crit par":"Cl\u00e9mence Lamoureux","Dur\u00e9e de lecture estim\u00e9e":"3 minutes"},"schema":{"@context":"https:\/\/schema.org","@graph":[{"@type":"Article","@id":"https:\/\/janze-athletisme.fr\/wordpress\/des-athletes-polyvalents\/#article","isPartOf":{"@id":"https:\/\/janze-athletisme.fr\/wordpress\/des-athletes-polyvalents\/"},"author":{"name":"Cl\u00e9mence Lamoureux","@id":"https:\/\/janze-athletisme.fr\/wordpress\/#\/schema\/person\/4707bca3b9bd242cfc91073093f5d321"},"headline":"Des athl\u00e8tes polyvalents !","datePublished":"2025-07-07T22:02:00+00:00","mainEntityOfPage":{"@id":"https:\/\/janze-athletisme.fr\/wordpress\/des-athletes-polyvalents\/"},"wordCount":360,"commentCount":0,"publisher":{"@id":"https:\/\/janze-athletisme.fr\/wordpress\/#organization"},"image":{"@id":"https:\/\/janze-athletisme.fr\/wordpress\/des-athletes-polyvalents\/#primaryimage"},"thumbnailUrl":"https:\/\/janze-athletisme.fr\/wordpress\/wp-content\/uploads\/2025\/07\/IMG_7611-1-1-scaled.jpg","articleSection":["Le club au jour le jour"],"inLanguage":"fr-FR","potentialAction":[{"@type":"CommentAction","name":"Comment","target":["https:\/\/janze-athletisme.fr\/wordpress\/des-athletes-polyvalents\/#respond"]}]},{"@type":"WebPage","@id":"https:\/\/janze-athletisme.fr\/wordpress\/des-athletes-polyvalents\/","url":"https:\/\/janze-athletisme.fr\/wordpress\/des-athletes-polyvalents\/","name":"Des athl\u00e8tes polyvalents ! - Janz\u00e9 Athl\u00e9tisme","isPartOf":{"@id":"https:\/\/janze-athletisme.fr\/wordpress\/#website"},"primaryImageOfPage":{"@id":"https:\/\/janze-athletisme.fr\/wordpress\/des-athletes-polyvalents\/#primaryimage"},"image":{"@id":"https:\/\/janze-athletisme.fr\/wordpress\/des-athletes-polyvalents\/#primaryimage"},"thumbnailUrl":"https:\/\/janze-athletisme.fr\/wordpress\/wp-content\/uploads\/2025\/07\/IMG_7611-1-1-scaled.jpg","datePublished":"2025-07-07T22:02:00+00:00","breadcrumb":{"@id":"https:\/\/janze-athletisme.fr\/wordpress\/des-athletes-polyvalents\/#breadcrumb"},"inLanguage":"fr-FR","potentialAction":[{"@type":"ReadAction","target":["https:\/\/janze-athletisme.fr\/wordpress\/des-athletes-polyvalents\/"]}]},{"@type":"ImageObject","inLanguage":"fr-FR","@id":"https:\/\/janze-athletisme.fr\/wordpress\/des-athletes-polyvalents\/#primaryimage","url":"https:\/\/janze-athletisme.fr\/wordpress\/wp-content\/uploads\/2025\/07\/IMG_7611-1-1-scaled.jpg","contentUrl":"https:\/\/janze-athletisme.fr\/wordpress\/wp-content\/uploads\/2025\/07\/IMG_7611-1-1-scaled.jpg","width":1920,"height":2560},{"@type":"BreadcrumbList","@id":"https:\/\/janze-athletisme.fr\/wordpress\/des-athletes-polyvalents\/#breadcrumb","itemListElement":[{"@type":"ListItem","position":1,"name":"Accueil","item":"https:\/\/janze-athletisme.fr\/wordpress\/"},{"@type":"ListItem","position":2,"name":"Des athl\u00e8tes polyvalents !"}]},{"@type":"WebSite","@id":"https:\/\/janze-athletisme.fr\/wordpress\/#website","url":"https:\/\/janze-athletisme.fr\/wordpress\/","name":"Janz\u00e9 Athl\u00e9tisme","description":"Pays de La Roche aux F\u00e9es","publisher":{"@id":"https:\/\/janze-athletisme.fr\/wordpress\/#organization"},"potentialAction":[{"@type":"SearchAction","target":{"@type":"EntryPoint","urlTemplate":"https:\/\/janze-athletisme.fr\/wordpress\/?s={search_term_string}"},"query-input":{"@type":"PropertyValueSpecification","valueRequired":true,"valueName":"search_term_string"}}],"inLanguage":"fr-FR"},{"@type":"Organization","@id":"https:\/\/janze-athletisme.fr\/wordpress\/#organization","name":"Janz\u00e9 Athl\u00e9tisme","url":"https:\/\/janze-athletisme.fr\/wordpress\/","logo":{"@type":"ImageObject","inLanguage":"fr-FR","@id":"https:\/\/janze-athletisme.fr\/wordpress\/#\/schema\/logo\/image\/","url":"https:\/\/janze-athletisme.fr\/wordpress\/wp-content\/uploads\/2015\/03\/logo-full1.jpg","contentUrl":"https:\/\/janze-athletisme.fr\/wordpress\/wp-content\/uploads\/2015\/03\/logo-full1.jpg","width":437,"height":205,"caption":"Janz\u00e9 Athl\u00e9tisme"},"image":{"@id":"https:\/\/janze-athletisme.fr\/wordpress\/#\/schema\/logo\/image\/"},"sameAs":["https:\/\/www.facebook.com\/groups\/1007964579346590"]},{"@type":"Person","@id":"https:\/\/janze-athletisme.fr\/wordpress\/#\/schema\/person\/4707bca3b9bd242cfc91073093f5d321","name":"Cl\u00e9mence Lamoureux","image":{"@type":"ImageObject","inLanguage":"fr-FR","@id":"https:\/\/secure.gravatar.com\/avatar\/2f18cd2c2b1f1ecd39cf606db6318645f0da8312adbd720f109c332fd7adeb7d?s=96&d=mm&r=g","url":"https:\/\/secure.gravatar.com\/avatar\/2f18cd2c2b1f1ecd39cf606db6318645f0da8312adbd720f109c332fd7adeb7d?s=96&d=mm&r=g","contentUrl":"https:\/\/secure.gravatar.com\/avatar\/2f18cd2c2b1f1ecd39cf606db6318645f0da8312adbd720f109c332fd7adeb7d?s=96&d=mm&r=g","caption":"Cl\u00e9mence Lamoureux"},"url":"https:\/\/janze-athletisme.fr\/wordpress\/author\/clem_lamoureux35\/"}]}},"uagb_featured_image_src":{"full":["https:\/\/janze-athletisme.fr\/wordpress\/wp-content\/uploads\/2025\/07\/IMG_7611-1-1-scaled.jpg",1920,2560,false],"thumbnail":["https:\/\/janze-athletisme.fr\/wordpress\/wp-content\/uploads\/2025\/07\/IMG_7611-1-1-150x150.jpg",150,150,true],"medium":["https:\/\/janze-athletisme.fr\/wordpress\/wp-content\/uploads\/2025\/07\/IMG_7611-1-1-225x300.jpg",225,300,true],"medium_large":["https:\/\/janze-athletisme.fr\/wordpress\/wp-content\/uploads\/2025\/07\/IMG_7611-1-1-768x1024.jpg",768,1024,true],"large":["https:\/\/janze-athletisme.fr\/wordpress\/wp-content\/uploads\/2025\/07\/IMG_7611-1-1-768x1024.jpg",768,1024,true],"1536x1536":["https:\/\/janze-athletisme.fr\/wordpress\/wp-content\/uploads\/2025\/07\/IMG_7611-1-1-1152x1536.jpg",1152,1536,true],"2048x2048":["https:\/\/janze-athletisme.fr\/wordpress\/wp-content\/uploads\/2025\/07\/IMG_7611-1-1-1536x2048.jpg",1536,2048,true]},"uagb_author_info":{"display_name":"Cl\u00e9mence Lamoureux","author_link":"https:\/\/janze-athletisme.fr\/wordpress\/author\/clem_lamoureux35\/"},"uagb_comment_info":0,"uagb_excerpt":"Championnat de France de Course en Montagne, Val d\u2019Is\u00e8re,&nbsp; le 5 juillet 2024 Une matin\u00e9e productive\u00a0 Apr\u00e8s une bonne nuit de sommeil, nous avons d\u00e9jeun\u00e9 et sommes directement partis \u00e0 la d\u00e9couverte de la for\u00eat environnante. Sur une piste cyclable sillonnant le bois, nous avons couru pas moins de 6,5 km ! Costaud, la veille\u2026","_links":{"self":[{"href":"https:\/\/janze-athletisme.fr\/wordpress\/wp-json\/wp\/v2\/posts\/26441","targetHints":{"allow":["GET"]}}],"collection":[{"href":"https:\/\/janze-athletisme.fr\/wordpress\/wp-json\/wp\/v2\/posts"}],"about":[{"href":"https:\/\/janze-athletisme.fr\/wordpress\/wp-json\/wp\/v2\/types\/post"}],"author":[{"embeddable":true,"href":"https:\/\/janze-athletisme.fr\/wordpress\/wp-json\/wp\/v2\/users\/16"}],"replies":[{"embeddable":true,"href":"https:\/\/janze-athletisme.fr\/wordpress\/wp-json\/wp\/v2\/comments?post=26441"}],"version-history":[{"count":10,"href":"https:\/\/janze-athletisme.fr\/wordpress\/wp-json\/wp\/v2\/posts\/26441\/revisions"}],"predecessor-version":[{"id":26473,"href":"https:\/\/janze-athletisme.fr\/wordpress\/wp-json\/wp\/v2\/posts\/26441\/revisions\/26473"}],"wp:featuredmedia":[{"embeddable":true,"href":"https:\/\/janze-athletisme.fr\/wordpress\/wp-json\/wp\/v2\/media\/26449"}],"wp:attachment":[{"href":"https:\/\/janze-athletisme.fr\/wordpress\/wp-json\/wp\/v2\/media?parent=26441"}],"wp:term":[{"taxonomy":"category","embeddable":true,"href":"https:\/\/janze-athletisme.fr\/wordpress\/wp-json\/wp\/v2\/categories?post=26441"},{"taxonomy":"post_tag","embeddable":true,"href":"https:\/\/janze-athletisme.fr\/wordpress\/wp-json\/wp\/v2\/tags?post=26441"}],"curies":[{"name":"wp","href":"https:\/\/api.w.org\/{rel}","templated":true}]}}