{"id":26434,"date":"2025-07-07T18:34:58","date_gmt":"2025-07-07T16:34:58","guid":{"rendered":"https:\/\/janze-athletisme.fr\/wordpress\/?p=26434"},"modified":"2025-07-07T18:34:59","modified_gmt":"2025-07-07T16:34:59","slug":"un-depart-en-grande-pompe","status":"publish","type":"post","link":"https:\/\/janze-athletisme.fr\/wordpress\/un-depart-en-grande-pompe\/","title":{"rendered":"Un d\u00e9part en grande pompe !"},"content":{"rendered":"\n<div class=\"adn ads\" data-message-id=\"#msg-a:r2414572812835904086\" data-legacy-message-id=\"197e4ce57061bbe3\">\n<div class=\"gs\">\n<div class=\"\">\n<div id=\":mn\" class=\"ii gt\">\n<div id=\":mm\" class=\"a3s aiL \">\n<div>\n<div>\n<p data-start=\"108\" data-end=\"187\"><em><strong data-start=\"108\" data-end=\"187\">Championnat de France de Course en Montagne, Val d\u2019Is\u00e8re, le 4 juillet 2025<\/strong><\/em><\/p>\n<p data-start=\"189\" data-end=\"311\">Premier jour d\u2019aventure \u00e0 la conqu\u00eate des montagnes. Rendez-vous fix\u00e9 \u00e0 9h30 \u00e0 Rennes : le moment du d\u00e9part \u00e9tait arriv\u00e9 !<\/p>\n<h4 data-start=\"313\" data-end=\"345\">Une ambiance digne de ce nom<\/h4>\n<p data-start=\"347\" data-end=\"512\">\u00c0 peine install\u00e9s dans les deux minibus sp\u00e9cialement affr\u00e9t\u00e9s pour l\u2019occasion, nous avons retrouv\u00e9 nos amis (rencontr\u00e9s durant les diff\u00e9rentes manches du challenge).<\/p>\n<p data-start=\"514\" data-end=\"696\">S\u2019en sont suivis des d\u00e9bats, des jeux, mais aussi et surtout la cr\u00e9ation de (superbes) pancartes pour honorer notre belle Bretagne. Tout cela en musique, bien s\u00fbr (karaok\u00e9 garanti) !<\/p>\n<h4 data-start=\"698\" data-end=\"721\">Direction les Alpes<\/h4>\n<p data-start=\"723\" data-end=\"947\">Apr\u00e8s une petite pause d\u00e9jeuner, nous avons repris la route. Arriv\u00e9e pr\u00e9vue \u00e0 19h45. Peu de temps apr\u00e8s avoir pass\u00e9 Lyon, nous avons aper\u00e7u les premiers reliefs. Quelques lacets plus tard, nous sommes arriv\u00e9s \u00e0 destination !<\/p>\n<h4 data-start=\"949\" data-end=\"984\">Un bon repas, un jeu et au dodo<\/h4>\n<p data-start=\"986\" data-end=\"1343\">D\u00e9sormais accoud\u00e9s autour d&rsquo;une belle table, nous avons pu profiter d&rsquo;une d\u00e9licieuse pizza avec un superbe panorama sur les montagnes. Ce festin nous a bien cal\u00e9s ! Cette fois-ci, direction l\u2019auberge pour une petite soir\u00e9e jeux de soci\u00e9t\u00e9 (loups-garous et kems). Promis, on ne s\u2019est pas couch\u00e9s tard, c\u2019est la nuit qui compte !<\/p>\n<div class=\"yj6qo\"><a href=\"https:\/\/janze-athletisme.fr\/wordpress\/wp-content\/uploads\/2025\/07\/IMG_9632-scaled.jpg\"><img loading=\"lazy\" decoding=\"async\" class=\"alignnone size-medium wp-image-26435 alignleft\" src=\"https:\/\/janze-athletisme.fr\/wordpress\/wp-content\/uploads\/2025\/07\/IMG_9632-225x300.jpg\" alt=\"\" width=\"225\" height=\"300\" srcset=\"https:\/\/janze-athletisme.fr\/wordpress\/wp-content\/uploads\/2025\/07\/IMG_9632-225x300.jpg 225w, https:\/\/janze-athletisme.fr\/wordpress\/wp-content\/uploads\/2025\/07\/IMG_9632-768x1024.jpg 768w, https:\/\/janze-athletisme.fr\/wordpress\/wp-content\/uploads\/2025\/07\/IMG_9632-1152x1536.jpg 1152w, https:\/\/janze-athletisme.fr\/wordpress\/wp-content\/uploads\/2025\/07\/IMG_9632-1536x2048.jpg 1536w, https:\/\/janze-athletisme.fr\/wordpress\/wp-content\/uploads\/2025\/07\/IMG_9632-scaled.jpg 1920w\" sizes=\"auto, (max-width: 225px) 100vw, 225px\" \/><\/a>\n<figure id=\"attachment_26439\" aria-describedby=\"caption-attachment-26439\" style=\"width: 300px\" class=\"wp-caption alignleft\"><a href=\"https:\/\/janze-athletisme.fr\/wordpress\/wp-content\/uploads\/2025\/07\/IMG_7572-1-scaled.jpeg\"><img loading=\"lazy\" decoding=\"async\" class=\"size-medium wp-image-26439\" src=\"https:\/\/janze-athletisme.fr\/wordpress\/wp-content\/uploads\/2025\/07\/IMG_7572-1-300x225.jpeg\" alt=\"\" width=\"300\" height=\"225\" srcset=\"https:\/\/janze-athletisme.fr\/wordpress\/wp-content\/uploads\/2025\/07\/IMG_7572-1-300x225.jpeg 300w, https:\/\/janze-athletisme.fr\/wordpress\/wp-content\/uploads\/2025\/07\/IMG_7572-1-1024x768.jpeg 1024w, https:\/\/janze-athletisme.fr\/wordpress\/wp-content\/uploads\/2025\/07\/IMG_7572-1-768x576.jpeg 768w, https:\/\/janze-athletisme.fr\/wordpress\/wp-content\/uploads\/2025\/07\/IMG_7572-1-1536x1152.jpeg 1536w, https:\/\/janze-athletisme.fr\/wordpress\/wp-content\/uploads\/2025\/07\/IMG_7572-1-2048x1536.jpeg 2048w\" sizes=\"auto, (max-width: 300px) 100vw, 300px\" \/><\/a><figcaption id=\"caption-attachment-26439\" class=\"wp-caption-text\">DR Photos (P\u00e9lagie Olivier)<\/figcaption><\/figure>\n<\/div>\n<div class=\"adL\">\u00a0<\/div>\n<\/div>\n<div class=\"adL\">\u00a0<\/div>\n<\/div>\n<div class=\"adL\">\u00a0<\/div>\n<\/div>\n<\/div>\n<div class=\"WhmR8e\" data-hash=\"0\">\u00a0<\/div>\n<\/div>\n<\/div>\n<div class=\"ajx\">\u00a0<\/div>\n<\/div>\n<div class=\"gA gt acV\">\n<div class=\"gB xu\">\n<div class=\"mVCoBd\">\u00a0<\/div>\n<div class=\"ip iq\">\u00a0<\/div>\n<\/div>\n<\/div>\n","protected":false},"excerpt":{"rendered":"<p>Championnat de France de Course en Montagne, Val d\u2019Is\u00e8re, le 4 juillet 2025 Premier jour d\u2019aventure \u00e0 la conqu\u00eate des montagnes. Rendez-vous fix\u00e9 \u00e0 9h30 \u00e0 Rennes : le moment du d\u00e9part \u00e9tait arriv\u00e9 ! Une ambiance digne de ce nom \u00c0 peine install\u00e9s dans les deux minibus sp\u00e9cialement affr\u00e9t\u00e9s pour l\u2019occasion, nous avons retrouv\u00e9 [&hellip;]<\/p>\n","protected":false},"author":16,"featured_media":26439,"comment_status":"open","ping_status":"open","sticky":false,"template":"","format":"aside","meta":{"_uag_custom_page_level_css":"","site-sidebar-layout":"default","site-content-layout":"","ast-site-content-layout":"default","site-content-style":"default","site-sidebar-style":"default","ast-global-header-display":"","ast-banner-title-visibility":"","ast-main-header-display":"","ast-hfb-above-header-display":"","ast-hfb-below-header-display":"","ast-hfb-mobile-header-display":"","site-post-title":"","ast-breadcrumbs-content":"","ast-featured-img":"","footer-sml-layout":"","ast-disable-related-posts":"","theme-transparent-header-meta":"","adv-header-id-meta":"","stick-header-meta":"","header-above-stick-meta":"","header-main-stick-meta":"","header-below-stick-meta":"","astra-migrate-meta-layouts":"set","ast-page-background-enabled":"default","ast-page-background-meta":{"desktop":{"background-color":"var(--ast-global-color-4)","background-image":"","background-repeat":"repeat","background-position":"center center","background-size":"auto","background-attachment":"scroll","background-type":"","background-media":"","overlay-type":"","overlay-color":"","overlay-opacity":"","overlay-gradient":""},"tablet":{"background-color":"","background-image":"","background-repeat":"repeat","background-position":"center center","background-size":"auto","background-attachment":"scroll","background-type":"","background-media":"","overlay-type":"","overlay-color":"","overlay-opacity":"","overlay-gradient":""},"mobile":{"background-color":"","background-image":"","background-repeat":"repeat","background-position":"center center","background-size":"auto","background-attachment":"scroll","background-type":"","background-media":"","overlay-type":"","overlay-color":"","overlay-opacity":"","overlay-gradient":""}},"ast-content-background-meta":{"desktop":{"background-color":"var(--ast-global-color-5)","background-image":"","background-repeat":"repeat","background-position":"center center","background-size":"auto","background-attachment":"scroll","background-type":"","background-media":"","overlay-type":"","overlay-color":"","overlay-opacity":"","overlay-gradient":""},"tablet":{"background-color":"var(--ast-global-color-5)","background-image":"","background-repeat":"repeat","background-position":"center center","background-size":"auto","background-attachment":"scroll","background-type":"","background-media":"","overlay-type":"","overlay-color":"","overlay-opacity":"","overlay-gradient":""},"mobile":{"background-color":"var(--ast-global-color-5)","background-image":"","background-repeat":"repeat","background-position":"center center","background-size":"auto","background-attachment":"scroll","background-type":"","background-media":"","overlay-type":"","overlay-color":"","overlay-opacity":"","overlay-gradient":""}},"footnotes":""},"categories":[6],"tags":[],"class_list":["post-26434","post","type-post","status-publish","format-aside","has-post-thumbnail","hentry","category-sections","post_format-post-format-aside"],"yoast_head":"<!-- This site is optimized with the Yoast SEO plugin v27.4 - https:\/\/yoast.com\/product\/yoast-seo-wordpress\/ -->\n<title>Un d\u00e9part en grande pompe ! - Janz\u00e9 Athl\u00e9tisme<\/title>\n<meta name=\"robots\" content=\"index, follow, max-snippet:-1, max-image-preview:large, max-video-preview:-1\" \/>\n<link rel=\"canonical\" href=\"https:\/\/janze-athletisme.fr\/wordpress\/un-depart-en-grande-pompe\/\" \/>\n<meta property=\"og:locale\" content=\"fr_FR\" \/>\n<meta property=\"og:type\" content=\"article\" \/>\n<meta property=\"og:title\" content=\"Un d\u00e9part en grande pompe ! - Janz\u00e9 Athl\u00e9tisme\" \/>\n<meta property=\"og:description\" content=\"Championnat de France de Course en Montagne, Val d\u2019Is\u00e8re, le 4 juillet 2025 Premier jour d\u2019aventure \u00e0 la conqu\u00eate des montagnes. Rendez-vous fix\u00e9 \u00e0 9h30 \u00e0 Rennes : le moment du d\u00e9part \u00e9tait arriv\u00e9 ! Une ambiance digne de ce nom \u00c0 peine install\u00e9s dans les deux minibus sp\u00e9cialement affr\u00e9t\u00e9s pour l\u2019occasion, nous avons retrouv\u00e9 [&hellip;]\" \/>\n<meta property=\"og:url\" content=\"https:\/\/janze-athletisme.fr\/wordpress\/un-depart-en-grande-pompe\/\" \/>\n<meta property=\"og:site_name\" content=\"Janz\u00e9 Athl\u00e9tisme\" \/>\n<meta property=\"article:publisher\" content=\"https:\/\/www.facebook.com\/groups\/1007964579346590\" \/>\n<meta property=\"article:published_time\" content=\"2025-07-07T16:34:58+00:00\" \/>\n<meta property=\"article:modified_time\" content=\"2025-07-07T16:34:59+00:00\" \/>\n<meta property=\"og:image\" content=\"https:\/\/janze-athletisme.fr\/wordpress\/wp-content\/uploads\/2025\/07\/IMG_7572-1-scaled.jpeg\" \/>\n\t<meta property=\"og:image:width\" content=\"2560\" \/>\n\t<meta property=\"og:image:height\" content=\"1920\" \/>\n\t<meta property=\"og:image:type\" content=\"image\/jpeg\" \/>\n<meta name=\"author\" content=\"Cl\u00e9mence Lamoureux\" \/>\n<meta name=\"twitter:card\" content=\"summary_large_image\" \/>\n<meta name=\"twitter:label1\" content=\"\u00c9crit par\" \/>\n\t<meta name=\"twitter:data1\" content=\"Cl\u00e9mence Lamoureux\" \/>\n\t<meta name=\"twitter:label2\" content=\"Dur\u00e9e de lecture estim\u00e9e\" \/>\n\t<meta name=\"twitter:data2\" content=\"2 minutes\" \/>\n<script type=\"application\/ld+json\" class=\"yoast-schema-graph\">{\"@context\":\"https:\\\/\\\/schema.org\",\"@graph\":[{\"@type\":\"Article\",\"@id\":\"https:\\\/\\\/janze-athletisme.fr\\\/wordpress\\\/un-depart-en-grande-pompe\\\/#article\",\"isPartOf\":{\"@id\":\"https:\\\/\\\/janze-athletisme.fr\\\/wordpress\\\/un-depart-en-grande-pompe\\\/\"},\"author\":{\"name\":\"Cl\u00e9mence Lamoureux\",\"@id\":\"https:\\\/\\\/janze-athletisme.fr\\\/wordpress\\\/#\\\/schema\\\/person\\\/4707bca3b9bd242cfc91073093f5d321\"},\"headline\":\"Un d\u00e9part en grande pompe !\",\"datePublished\":\"2025-07-07T16:34:58+00:00\",\"dateModified\":\"2025-07-07T16:34:59+00:00\",\"mainEntityOfPage\":{\"@id\":\"https:\\\/\\\/janze-athletisme.fr\\\/wordpress\\\/un-depart-en-grande-pompe\\\/\"},\"wordCount\":235,\"commentCount\":0,\"publisher\":{\"@id\":\"https:\\\/\\\/janze-athletisme.fr\\\/wordpress\\\/#organization\"},\"image\":{\"@id\":\"https:\\\/\\\/janze-athletisme.fr\\\/wordpress\\\/un-depart-en-grande-pompe\\\/#primaryimage\"},\"thumbnailUrl\":\"https:\\\/\\\/janze-athletisme.fr\\\/wordpress\\\/wp-content\\\/uploads\\\/2025\\\/07\\\/IMG_7572-1-scaled.jpeg\",\"articleSection\":[\"Le club au jour le jour\"],\"inLanguage\":\"fr-FR\",\"potentialAction\":[{\"@type\":\"CommentAction\",\"name\":\"Comment\",\"target\":[\"https:\\\/\\\/janze-athletisme.fr\\\/wordpress\\\/un-depart-en-grande-pompe\\\/#respond\"]}]},{\"@type\":\"WebPage\",\"@id\":\"https:\\\/\\\/janze-athletisme.fr\\\/wordpress\\\/un-depart-en-grande-pompe\\\/\",\"url\":\"https:\\\/\\\/janze-athletisme.fr\\\/wordpress\\\/un-depart-en-grande-pompe\\\/\",\"name\":\"Un d\u00e9part en grande pompe ! - Janz\u00e9 Athl\u00e9tisme\",\"isPartOf\":{\"@id\":\"https:\\\/\\\/janze-athletisme.fr\\\/wordpress\\\/#website\"},\"primaryImageOfPage\":{\"@id\":\"https:\\\/\\\/janze-athletisme.fr\\\/wordpress\\\/un-depart-en-grande-pompe\\\/#primaryimage\"},\"image\":{\"@id\":\"https:\\\/\\\/janze-athletisme.fr\\\/wordpress\\\/un-depart-en-grande-pompe\\\/#primaryimage\"},\"thumbnailUrl\":\"https:\\\/\\\/janze-athletisme.fr\\\/wordpress\\\/wp-content\\\/uploads\\\/2025\\\/07\\\/IMG_7572-1-scaled.jpeg\",\"datePublished\":\"2025-07-07T16:34:58+00:00\",\"dateModified\":\"2025-07-07T16:34:59+00:00\",\"breadcrumb\":{\"@id\":\"https:\\\/\\\/janze-athletisme.fr\\\/wordpress\\\/un-depart-en-grande-pompe\\\/#breadcrumb\"},\"inLanguage\":\"fr-FR\",\"potentialAction\":[{\"@type\":\"ReadAction\",\"target\":[\"https:\\\/\\\/janze-athletisme.fr\\\/wordpress\\\/un-depart-en-grande-pompe\\\/\"]}]},{\"@type\":\"ImageObject\",\"inLanguage\":\"fr-FR\",\"@id\":\"https:\\\/\\\/janze-athletisme.fr\\\/wordpress\\\/un-depart-en-grande-pompe\\\/#primaryimage\",\"url\":\"https:\\\/\\\/janze-athletisme.fr\\\/wordpress\\\/wp-content\\\/uploads\\\/2025\\\/07\\\/IMG_7572-1-scaled.jpeg\",\"contentUrl\":\"https:\\\/\\\/janze-athletisme.fr\\\/wordpress\\\/wp-content\\\/uploads\\\/2025\\\/07\\\/IMG_7572-1-scaled.jpeg\",\"width\":2560,\"height\":1920,\"caption\":\"DR Photos (P\u00e9lagie Olivier)\"},{\"@type\":\"BreadcrumbList\",\"@id\":\"https:\\\/\\\/janze-athletisme.fr\\\/wordpress\\\/un-depart-en-grande-pompe\\\/#breadcrumb\",\"itemListElement\":[{\"@type\":\"ListItem\",\"position\":1,\"name\":\"Accueil\",\"item\":\"https:\\\/\\\/janze-athletisme.fr\\\/wordpress\\\/\"},{\"@type\":\"ListItem\",\"position\":2,\"name\":\"Un d\u00e9part en grande pompe !\"}]},{\"@type\":\"WebSite\",\"@id\":\"https:\\\/\\\/janze-athletisme.fr\\\/wordpress\\\/#website\",\"url\":\"https:\\\/\\\/janze-athletisme.fr\\\/wordpress\\\/\",\"name\":\"Janz\u00e9 Athl\u00e9tisme\",\"description\":\"Pays de La Roche aux F\u00e9es\",\"publisher\":{\"@id\":\"https:\\\/\\\/janze-athletisme.fr\\\/wordpress\\\/#organization\"},\"potentialAction\":[{\"@type\":\"SearchAction\",\"target\":{\"@type\":\"EntryPoint\",\"urlTemplate\":\"https:\\\/\\\/janze-athletisme.fr\\\/wordpress\\\/?s={search_term_string}\"},\"query-input\":{\"@type\":\"PropertyValueSpecification\",\"valueRequired\":true,\"valueName\":\"search_term_string\"}}],\"inLanguage\":\"fr-FR\"},{\"@type\":\"Organization\",\"@id\":\"https:\\\/\\\/janze-athletisme.fr\\\/wordpress\\\/#organization\",\"name\":\"Janz\u00e9 Athl\u00e9tisme\",\"url\":\"https:\\\/\\\/janze-athletisme.fr\\\/wordpress\\\/\",\"logo\":{\"@type\":\"ImageObject\",\"inLanguage\":\"fr-FR\",\"@id\":\"https:\\\/\\\/janze-athletisme.fr\\\/wordpress\\\/#\\\/schema\\\/logo\\\/image\\\/\",\"url\":\"https:\\\/\\\/janze-athletisme.fr\\\/wordpress\\\/wp-content\\\/uploads\\\/2015\\\/03\\\/logo-full1.jpg\",\"contentUrl\":\"https:\\\/\\\/janze-athletisme.fr\\\/wordpress\\\/wp-content\\\/uploads\\\/2015\\\/03\\\/logo-full1.jpg\",\"width\":437,\"height\":205,\"caption\":\"Janz\u00e9 Athl\u00e9tisme\"},\"image\":{\"@id\":\"https:\\\/\\\/janze-athletisme.fr\\\/wordpress\\\/#\\\/schema\\\/logo\\\/image\\\/\"},\"sameAs\":[\"https:\\\/\\\/www.facebook.com\\\/groups\\\/1007964579346590\"]},{\"@type\":\"Person\",\"@id\":\"https:\\\/\\\/janze-athletisme.fr\\\/wordpress\\\/#\\\/schema\\\/person\\\/4707bca3b9bd242cfc91073093f5d321\",\"name\":\"Cl\u00e9mence Lamoureux\",\"image\":{\"@type\":\"ImageObject\",\"inLanguage\":\"fr-FR\",\"@id\":\"https:\\\/\\\/secure.gravatar.com\\\/avatar\\\/2f18cd2c2b1f1ecd39cf606db6318645f0da8312adbd720f109c332fd7adeb7d?s=96&d=mm&r=g\",\"url\":\"https:\\\/\\\/secure.gravatar.com\\\/avatar\\\/2f18cd2c2b1f1ecd39cf606db6318645f0da8312adbd720f109c332fd7adeb7d?s=96&d=mm&r=g\",\"contentUrl\":\"https:\\\/\\\/secure.gravatar.com\\\/avatar\\\/2f18cd2c2b1f1ecd39cf606db6318645f0da8312adbd720f109c332fd7adeb7d?s=96&d=mm&r=g\",\"caption\":\"Cl\u00e9mence Lamoureux\"},\"url\":\"https:\\\/\\\/janze-athletisme.fr\\\/wordpress\\\/author\\\/clem_lamoureux35\\\/\"}]}<\/script>\n<!-- \/ Yoast SEO plugin. -->","yoast_head_json":{"title":"Un d\u00e9part en grande pompe ! - Janz\u00e9 Athl\u00e9tisme","robots":{"index":"index","follow":"follow","max-snippet":"max-snippet:-1","max-image-preview":"max-image-preview:large","max-video-preview":"max-video-preview:-1"},"canonical":"https:\/\/janze-athletisme.fr\/wordpress\/un-depart-en-grande-pompe\/","og_locale":"fr_FR","og_type":"article","og_title":"Un d\u00e9part en grande pompe ! - Janz\u00e9 Athl\u00e9tisme","og_description":"Championnat de France de Course en Montagne, Val d\u2019Is\u00e8re, le 4 juillet 2025 Premier jour d\u2019aventure \u00e0 la conqu\u00eate des montagnes. Rendez-vous fix\u00e9 \u00e0 9h30 \u00e0 Rennes : le moment du d\u00e9part \u00e9tait arriv\u00e9 ! Une ambiance digne de ce nom \u00c0 peine install\u00e9s dans les deux minibus sp\u00e9cialement affr\u00e9t\u00e9s pour l\u2019occasion, nous avons retrouv\u00e9 [&hellip;]","og_url":"https:\/\/janze-athletisme.fr\/wordpress\/un-depart-en-grande-pompe\/","og_site_name":"Janz\u00e9 Athl\u00e9tisme","article_publisher":"https:\/\/www.facebook.com\/groups\/1007964579346590","article_published_time":"2025-07-07T16:34:58+00:00","article_modified_time":"2025-07-07T16:34:59+00:00","og_image":[{"width":2560,"height":1920,"url":"https:\/\/janze-athletisme.fr\/wordpress\/wp-content\/uploads\/2025\/07\/IMG_7572-1-scaled.jpeg","type":"image\/jpeg"}],"author":"Cl\u00e9mence Lamoureux","twitter_card":"summary_large_image","twitter_misc":{"\u00c9crit par":"Cl\u00e9mence Lamoureux","Dur\u00e9e de lecture estim\u00e9e":"2 minutes"},"schema":{"@context":"https:\/\/schema.org","@graph":[{"@type":"Article","@id":"https:\/\/janze-athletisme.fr\/wordpress\/un-depart-en-grande-pompe\/#article","isPartOf":{"@id":"https:\/\/janze-athletisme.fr\/wordpress\/un-depart-en-grande-pompe\/"},"author":{"name":"Cl\u00e9mence Lamoureux","@id":"https:\/\/janze-athletisme.fr\/wordpress\/#\/schema\/person\/4707bca3b9bd242cfc91073093f5d321"},"headline":"Un d\u00e9part en grande pompe !","datePublished":"2025-07-07T16:34:58+00:00","dateModified":"2025-07-07T16:34:59+00:00","mainEntityOfPage":{"@id":"https:\/\/janze-athletisme.fr\/wordpress\/un-depart-en-grande-pompe\/"},"wordCount":235,"commentCount":0,"publisher":{"@id":"https:\/\/janze-athletisme.fr\/wordpress\/#organization"},"image":{"@id":"https:\/\/janze-athletisme.fr\/wordpress\/un-depart-en-grande-pompe\/#primaryimage"},"thumbnailUrl":"https:\/\/janze-athletisme.fr\/wordpress\/wp-content\/uploads\/2025\/07\/IMG_7572-1-scaled.jpeg","articleSection":["Le club au jour le jour"],"inLanguage":"fr-FR","potentialAction":[{"@type":"CommentAction","name":"Comment","target":["https:\/\/janze-athletisme.fr\/wordpress\/un-depart-en-grande-pompe\/#respond"]}]},{"@type":"WebPage","@id":"https:\/\/janze-athletisme.fr\/wordpress\/un-depart-en-grande-pompe\/","url":"https:\/\/janze-athletisme.fr\/wordpress\/un-depart-en-grande-pompe\/","name":"Un d\u00e9part en grande pompe ! - Janz\u00e9 Athl\u00e9tisme","isPartOf":{"@id":"https:\/\/janze-athletisme.fr\/wordpress\/#website"},"primaryImageOfPage":{"@id":"https:\/\/janze-athletisme.fr\/wordpress\/un-depart-en-grande-pompe\/#primaryimage"},"image":{"@id":"https:\/\/janze-athletisme.fr\/wordpress\/un-depart-en-grande-pompe\/#primaryimage"},"thumbnailUrl":"https:\/\/janze-athletisme.fr\/wordpress\/wp-content\/uploads\/2025\/07\/IMG_7572-1-scaled.jpeg","datePublished":"2025-07-07T16:34:58+00:00","dateModified":"2025-07-07T16:34:59+00:00","breadcrumb":{"@id":"https:\/\/janze-athletisme.fr\/wordpress\/un-depart-en-grande-pompe\/#breadcrumb"},"inLanguage":"fr-FR","potentialAction":[{"@type":"ReadAction","target":["https:\/\/janze-athletisme.fr\/wordpress\/un-depart-en-grande-pompe\/"]}]},{"@type":"ImageObject","inLanguage":"fr-FR","@id":"https:\/\/janze-athletisme.fr\/wordpress\/un-depart-en-grande-pompe\/#primaryimage","url":"https:\/\/janze-athletisme.fr\/wordpress\/wp-content\/uploads\/2025\/07\/IMG_7572-1-scaled.jpeg","contentUrl":"https:\/\/janze-athletisme.fr\/wordpress\/wp-content\/uploads\/2025\/07\/IMG_7572-1-scaled.jpeg","width":2560,"height":1920,"caption":"DR Photos (P\u00e9lagie Olivier)"},{"@type":"BreadcrumbList","@id":"https:\/\/janze-athletisme.fr\/wordpress\/un-depart-en-grande-pompe\/#breadcrumb","itemListElement":[{"@type":"ListItem","position":1,"name":"Accueil","item":"https:\/\/janze-athletisme.fr\/wordpress\/"},{"@type":"ListItem","position":2,"name":"Un d\u00e9part en grande pompe !"}]},{"@type":"WebSite","@id":"https:\/\/janze-athletisme.fr\/wordpress\/#website","url":"https:\/\/janze-athletisme.fr\/wordpress\/","name":"Janz\u00e9 Athl\u00e9tisme","description":"Pays de La Roche aux F\u00e9es","publisher":{"@id":"https:\/\/janze-athletisme.fr\/wordpress\/#organization"},"potentialAction":[{"@type":"SearchAction","target":{"@type":"EntryPoint","urlTemplate":"https:\/\/janze-athletisme.fr\/wordpress\/?s={search_term_string}"},"query-input":{"@type":"PropertyValueSpecification","valueRequired":true,"valueName":"search_term_string"}}],"inLanguage":"fr-FR"},{"@type":"Organization","@id":"https:\/\/janze-athletisme.fr\/wordpress\/#organization","name":"Janz\u00e9 Athl\u00e9tisme","url":"https:\/\/janze-athletisme.fr\/wordpress\/","logo":{"@type":"ImageObject","inLanguage":"fr-FR","@id":"https:\/\/janze-athletisme.fr\/wordpress\/#\/schema\/logo\/image\/","url":"https:\/\/janze-athletisme.fr\/wordpress\/wp-content\/uploads\/2015\/03\/logo-full1.jpg","contentUrl":"https:\/\/janze-athletisme.fr\/wordpress\/wp-content\/uploads\/2015\/03\/logo-full1.jpg","width":437,"height":205,"caption":"Janz\u00e9 Athl\u00e9tisme"},"image":{"@id":"https:\/\/janze-athletisme.fr\/wordpress\/#\/schema\/logo\/image\/"},"sameAs":["https:\/\/www.facebook.com\/groups\/1007964579346590"]},{"@type":"Person","@id":"https:\/\/janze-athletisme.fr\/wordpress\/#\/schema\/person\/4707bca3b9bd242cfc91073093f5d321","name":"Cl\u00e9mence Lamoureux","image":{"@type":"ImageObject","inLanguage":"fr-FR","@id":"https:\/\/secure.gravatar.com\/avatar\/2f18cd2c2b1f1ecd39cf606db6318645f0da8312adbd720f109c332fd7adeb7d?s=96&d=mm&r=g","url":"https:\/\/secure.gravatar.com\/avatar\/2f18cd2c2b1f1ecd39cf606db6318645f0da8312adbd720f109c332fd7adeb7d?s=96&d=mm&r=g","contentUrl":"https:\/\/secure.gravatar.com\/avatar\/2f18cd2c2b1f1ecd39cf606db6318645f0da8312adbd720f109c332fd7adeb7d?s=96&d=mm&r=g","caption":"Cl\u00e9mence Lamoureux"},"url":"https:\/\/janze-athletisme.fr\/wordpress\/author\/clem_lamoureux35\/"}]}},"uagb_featured_image_src":{"full":["https:\/\/janze-athletisme.fr\/wordpress\/wp-content\/uploads\/2025\/07\/IMG_7572-1-scaled.jpeg",2560,1920,false],"thumbnail":["https:\/\/janze-athletisme.fr\/wordpress\/wp-content\/uploads\/2025\/07\/IMG_7572-1-150x150.jpeg",150,150,true],"medium":["https:\/\/janze-athletisme.fr\/wordpress\/wp-content\/uploads\/2025\/07\/IMG_7572-1-300x225.jpeg",300,225,true],"medium_large":["https:\/\/janze-athletisme.fr\/wordpress\/wp-content\/uploads\/2025\/07\/IMG_7572-1-768x576.jpeg",768,576,true],"large":["https:\/\/janze-athletisme.fr\/wordpress\/wp-content\/uploads\/2025\/07\/IMG_7572-1-1024x768.jpeg",1024,768,true],"1536x1536":["https:\/\/janze-athletisme.fr\/wordpress\/wp-content\/uploads\/2025\/07\/IMG_7572-1-1536x1152.jpeg",1536,1152,true],"2048x2048":["https:\/\/janze-athletisme.fr\/wordpress\/wp-content\/uploads\/2025\/07\/IMG_7572-1-2048x1536.jpeg",2048,1536,true]},"uagb_author_info":{"display_name":"Cl\u00e9mence Lamoureux","author_link":"https:\/\/janze-athletisme.fr\/wordpress\/author\/clem_lamoureux35\/"},"uagb_comment_info":0,"uagb_excerpt":"Championnat de France de Course en Montagne, Val d\u2019Is\u00e8re, le 4 juillet 2025 Premier jour d\u2019aventure \u00e0 la conqu\u00eate des montagnes. Rendez-vous fix\u00e9 \u00e0 9h30 \u00e0 Rennes : le moment du d\u00e9part \u00e9tait arriv\u00e9 ! Une ambiance digne de ce nom \u00c0 peine install\u00e9s dans les deux minibus sp\u00e9cialement affr\u00e9t\u00e9s pour l\u2019occasion, nous avons retrouv\u00e9\u2026","_links":{"self":[{"href":"https:\/\/janze-athletisme.fr\/wordpress\/wp-json\/wp\/v2\/posts\/26434","targetHints":{"allow":["GET"]}}],"collection":[{"href":"https:\/\/janze-athletisme.fr\/wordpress\/wp-json\/wp\/v2\/posts"}],"about":[{"href":"https:\/\/janze-athletisme.fr\/wordpress\/wp-json\/wp\/v2\/types\/post"}],"author":[{"embeddable":true,"href":"https:\/\/janze-athletisme.fr\/wordpress\/wp-json\/wp\/v2\/users\/16"}],"replies":[{"embeddable":true,"href":"https:\/\/janze-athletisme.fr\/wordpress\/wp-json\/wp\/v2\/comments?post=26434"}],"version-history":[{"count":5,"href":"https:\/\/janze-athletisme.fr\/wordpress\/wp-json\/wp\/v2\/posts\/26434\/revisions"}],"predecessor-version":[{"id":26472,"href":"https:\/\/janze-athletisme.fr\/wordpress\/wp-json\/wp\/v2\/posts\/26434\/revisions\/26472"}],"wp:featuredmedia":[{"embeddable":true,"href":"https:\/\/janze-athletisme.fr\/wordpress\/wp-json\/wp\/v2\/media\/26439"}],"wp:attachment":[{"href":"https:\/\/janze-athletisme.fr\/wordpress\/wp-json\/wp\/v2\/media?parent=26434"}],"wp:term":[{"taxonomy":"category","embeddable":true,"href":"https:\/\/janze-athletisme.fr\/wordpress\/wp-json\/wp\/v2\/categories?post=26434"},{"taxonomy":"post_tag","embeddable":true,"href":"https:\/\/janze-athletisme.fr\/wordpress\/wp-json\/wp\/v2\/tags?post=26434"}],"curies":[{"name":"wp","href":"https:\/\/api.w.org\/{rel}","templated":true}]}}