{"id":26411,"date":"2025-07-04T17:29:43","date_gmt":"2025-07-04T15:29:43","guid":{"rendered":"https:\/\/janze-athletisme.fr\/wordpress\/?p=26411"},"modified":"2025-07-06T23:09:10","modified_gmt":"2025-07-06T21:09:10","slug":"nos-jeunes-sont-partout-ce-week-end","status":"publish","type":"post","link":"https:\/\/janze-athletisme.fr\/wordpress\/nos-jeunes-sont-partout-ce-week-end\/","title":{"rendered":"Nos jeunes sont partout ce week-end"},"content":{"rendered":"<p><span style=\"font-family: Verdana, sans-serif\"><span style=\"font-size: x-large\"><b>Les rendez-vous du week-end<\/b><\/span><\/span><\/p>\n<p><span style=\"font-family: verdana, geneva, sans-serif;font-size: 12pt\">Pendant que certains sont \u00e0 la mer ou en montagne d\u00e9j\u00e0, ou dans des pays \u00e9trangers, que d&rsquo;autres f\u00eatent le Bac &amp; le Brevet, quelques uns de nos jeunes restent motiv\u00e9s pour s&rsquo;\u00e9prouver jusqu&rsquo;au bout sur les pistes d&rsquo;athl\u00e9 et ailleurs. A huit jours du meeting de Janz\u00e9, c&rsquo;est le moment du dernier coup de reins pour aller chercher cet \u00e9tat de forme que la canicule et la saison ramass\u00e9e n&rsquo;ont pas toujours permis d&rsquo;exprimer cet \u00e9t\u00e9 comme on l&rsquo;aurait voulu.<\/span><\/p>\n<p><span style=\"font-family: Verdana, sans-serif\"><span style=\"font-size: large\"><b>Meeting de Foug\u00e8res, vendredi 4 juillet<\/b><\/span><\/span><\/p>\n<p><span style=\"font-family: verdana, geneva, sans-serif;font-size: 12pt\"><i>Ils &amp; elles seront une bonne quinzaine : <strong>Esteban<\/strong> Fleury, <strong>Gabin<\/strong> Roussel, <strong>Quentin<\/strong> Planchenault, <strong>Faustine<\/strong> Louaisil, <strong>Camille<\/strong> Danet, <strong>L\u00e9a<\/strong> Robert, Juliette Sutter (Cesson), <strong>Ewen<\/strong> Caillaud, <strong>Mathieu<\/strong> Henry, <strong>Noah<\/strong> Barill\u00e9, Denis Caillaud (Bain), S\u00e9bastien Barill\u00e9 (Bain), Tiphanie Lecomte (Cesson), <strong>Lou<\/strong> Gaspais, Delphine Lebret (Cesson), Laura Louis (Cesson), Melvin Gallais (Cesson), S\u00e9bastien Kern\u00e9\u00efs (Cesson)&#8230; + les Juges : <strong>Christelle<\/strong> et <strong>Manu<\/strong> Estevon et <strong>Wilfrid<\/strong> Lebreton.<\/i><\/span><\/p>\n<p><span style=\"font-family: verdana, geneva, sans-serif;font-size: 12pt\">Pour le live, c&rsquo;est <a href=\"https:\/\/direct.athle.fr\/asp.net\/main.lives\/direct.aspx?competition=305998\">ICI<\/a>.<\/span><\/p>\n<p><span style=\"font-family: Verdana, sans-serif\"><span style=\"font-size: large\"><b>Finale nationale des Pointes d&rsquo;or, Obernai, 5\/6 juillet<\/b><\/span><\/span><\/p>\n<p><span style=\"font-family: verdana, geneva, sans-serif;font-size: 12pt\"><i>Une participante : <strong>Justine<\/strong> Bourgault.<\/i> A suivre <a href=\"https:\/\/direct.athle.fr\/asp.net\/main.lives\/direct.aspx?competition=302344\">ICI<\/a>.<\/span><\/p>\n<p><span style=\"font-size: 14pt\"><strong><span style=\"font-family: Verdana, sans-serif\">Finale nationale du relais 800\/200\/200\/800m minimes, Obernai, samedi 5 juillet<\/span><\/strong><\/span><\/p>\n<p><span style=\"font-family: verdana, geneva, sans-serif;font-size: 12pt\"><i>L&rsquo;\u00e9quipe filles\u00a0: <strong>Louise<\/strong> Th\u00e9odin, <strong>Alice<\/strong> Bou\u00e9, <strong>L\u00e9a<\/strong> Th\u00e9odin, Rose Mah\u00e9 (Bain).<\/i> A suivre <a href=\"https:\/\/bases.athle.fr\/asp.net\/liste.aspx?frmbase=directs&amp;frmmode=1&amp;frmcompetition=302344&amp;frmepreuve=cf035835-51d0-4109-b842-c5218ac6fdec\">ICI<\/a>.<\/span><\/p>\n<p><span style=\"font-family: Verdana, sans-serif;font-size: 14pt\"><b>Championnat de France de course en montagne, Val d&rsquo;Is\u00e8re, dimanche 6 juillet<\/b><\/span><\/p>\n<p><span style=\"font-family: verdana, geneva, sans-serif;font-size: 12pt\"><i>Ils &amp; elles seront quatre, s\u00e9lectionn\u00e9s par la Ligue de Bretagne : Elsa Mah\u00e9 (Bain), <strong>Cl\u00e9mence<\/strong> Lamoureux, <strong>L\u00e9o<\/strong> Guiheux et <strong>Rapha\u00ebl<\/strong> Bou\u00e9.<\/i><\/span><\/p>\n<p><span style=\"font-family: verdana, geneva, sans-serif;font-size: 12pt\">Pour en savoir plus sur la course des Cadets, c&rsquo;est <a href=\"https:\/\/bases.athle.fr\/asp.net\/liste.aspx?frmbase=directs&amp;frmmode=0&amp;frmcompetition=283900&amp;frmepreuve=3ff62ac7-347c-499b-b96f-664cfeeb7dcd\">ICI<\/a> (65 engag\u00e9s &#8211; 8h45 dimanche).<\/span><\/p>\n<p><span style=\"font-family: verdana, geneva, sans-serif;font-size: 12pt\">Pour celle des CAF &amp; JUF, c&rsquo;est <a href=\"https:\/\/bases.athle.fr\/asp.net\/liste.aspx?frmbase=directs&amp;frmmode=0&amp;frmcompetition=283900&amp;frmepreuve=167abec4-5a82-4544-a0a8-04278c27c5b7\">ICI<\/a> (78 engag\u00e9es &#8211; 9h dimanche).<\/span><\/p>\n<p><span style=\"font-family: verdana, geneva, sans-serif;font-size: 12pt\">Pour plus d&rsquo;info sur ce championnat, c&rsquo;est <a href=\"https:\/\/www.athle.fr\/asp.net\/main.news\/news.aspx?newsid=21521\">ICI<\/a>.<\/span><\/p>\n<p><span style=\"font-size: 12pt;font-family: verdana, geneva, sans-serif\">Bon courage \u00e0 toutes et tous !<\/span><\/p>\n","protected":false},"excerpt":{"rendered":"<p>Les rendez-vous du week-end Pendant que certains sont \u00e0 la mer ou en montagne d\u00e9j\u00e0, ou dans des pays \u00e9trangers, que d&rsquo;autres f\u00eatent le Bac &amp; le Brevet, quelques uns de nos jeunes restent motiv\u00e9s pour s&rsquo;\u00e9prouver jusqu&rsquo;au bout sur les pistes d&rsquo;athl\u00e9 et ailleurs. A huit jours du meeting de Janz\u00e9, c&rsquo;est le moment [&hellip;]<\/p>\n","protected":false},"author":12,"featured_media":26370,"comment_status":"open","ping_status":"open","sticky":false,"template":"","format":"aside","meta":{"_uag_custom_page_level_css":"","site-sidebar-layout":"default","site-content-layout":"","ast-site-content-layout":"default","site-content-style":"default","site-sidebar-style":"default","ast-global-header-display":"","ast-banner-title-visibility":"","ast-main-header-display":"","ast-hfb-above-header-display":"","ast-hfb-below-header-display":"","ast-hfb-mobile-header-display":"","site-post-title":"","ast-breadcrumbs-content":"","ast-featured-img":"","footer-sml-layout":"","ast-disable-related-posts":"","theme-transparent-header-meta":"default","adv-header-id-meta":"","stick-header-meta":"","header-above-stick-meta":"","header-main-stick-meta":"","header-below-stick-meta":"","astra-migrate-meta-layouts":"set","ast-page-background-enabled":"default","ast-page-background-meta":{"desktop":{"background-color":"var(--ast-global-color-4)","background-image":"","background-repeat":"repeat","background-position":"center center","background-size":"auto","background-attachment":"scroll","background-type":"","background-media":"","overlay-type":"","overlay-color":"","overlay-opacity":"","overlay-gradient":""},"tablet":{"background-color":"","background-image":"","background-repeat":"repeat","background-position":"center center","background-size":"auto","background-attachment":"scroll","background-type":"","background-media":"","overlay-type":"","overlay-color":"","overlay-opacity":"","overlay-gradient":""},"mobile":{"background-color":"","background-image":"","background-repeat":"repeat","background-position":"center center","background-size":"auto","background-attachment":"scroll","background-type":"","background-media":"","overlay-type":"","overlay-color":"","overlay-opacity":"","overlay-gradient":""}},"ast-content-background-meta":{"desktop":{"background-color":"var(--ast-global-color-5)","background-image":"","background-repeat":"repeat","background-position":"center center","background-size":"auto","background-attachment":"scroll","background-type":"","background-media":"","overlay-type":"","overlay-color":"","overlay-opacity":"","overlay-gradient":""},"tablet":{"background-color":"var(--ast-global-color-5)","background-image":"","background-repeat":"repeat","background-position":"center center","background-size":"auto","background-attachment":"scroll","background-type":"","background-media":"","overlay-type":"","overlay-color":"","overlay-opacity":"","overlay-gradient":""},"mobile":{"background-color":"var(--ast-global-color-5)","background-image":"","background-repeat":"repeat","background-position":"center center","background-size":"auto","background-attachment":"scroll","background-type":"","background-media":"","overlay-type":"","overlay-color":"","overlay-opacity":"","overlay-gradient":""}},"footnotes":""},"categories":[6],"tags":[],"class_list":["post-26411","post","type-post","status-publish","format-aside","has-post-thumbnail","hentry","category-sections","post_format-post-format-aside"],"yoast_head":"<!-- This site is optimized with the Yoast SEO plugin v27.5 - https:\/\/yoast.com\/product\/yoast-seo-wordpress\/ -->\n<title>Nos jeunes sont partout ce week-end - Janz\u00e9 Athl\u00e9tisme<\/title>\n<meta name=\"robots\" content=\"index, follow, max-snippet:-1, max-image-preview:large, max-video-preview:-1\" \/>\n<link rel=\"canonical\" href=\"https:\/\/janze-athletisme.fr\/wordpress\/nos-jeunes-sont-partout-ce-week-end\/\" \/>\n<meta property=\"og:locale\" content=\"fr_FR\" \/>\n<meta property=\"og:type\" content=\"article\" \/>\n<meta property=\"og:title\" content=\"Nos jeunes sont partout ce week-end - Janz\u00e9 Athl\u00e9tisme\" \/>\n<meta property=\"og:description\" content=\"Les rendez-vous du week-end Pendant que certains sont \u00e0 la mer ou en montagne d\u00e9j\u00e0, ou dans des pays \u00e9trangers, que d&rsquo;autres f\u00eatent le Bac &amp; le Brevet, quelques uns de nos jeunes restent motiv\u00e9s pour s&rsquo;\u00e9prouver jusqu&rsquo;au bout sur les pistes d&rsquo;athl\u00e9 et ailleurs. A huit jours du meeting de Janz\u00e9, c&rsquo;est le moment [&hellip;]\" \/>\n<meta property=\"og:url\" content=\"https:\/\/janze-athletisme.fr\/wordpress\/nos-jeunes-sont-partout-ce-week-end\/\" \/>\n<meta property=\"og:site_name\" content=\"Janz\u00e9 Athl\u00e9tisme\" \/>\n<meta property=\"article:publisher\" content=\"https:\/\/www.facebook.com\/groups\/1007964579346590\" \/>\n<meta property=\"article:published_time\" content=\"2025-07-04T15:29:43+00:00\" \/>\n<meta property=\"article:modified_time\" content=\"2025-07-06T21:09:10+00:00\" \/>\n<meta property=\"og:image\" content=\"https:\/\/janze-athletisme.fr\/wordpress\/wp-content\/uploads\/2025\/07\/Gabin-28juin2025-5.jpg\" \/>\n\t<meta property=\"og:image:width\" content=\"1200\" \/>\n\t<meta property=\"og:image:height\" content=\"1200\" \/>\n\t<meta property=\"og:image:type\" content=\"image\/jpeg\" \/>\n<meta name=\"author\" content=\"Laurent Meunier\" \/>\n<meta name=\"twitter:card\" content=\"summary_large_image\" \/>\n<meta name=\"twitter:label1\" content=\"\u00c9crit par\" \/>\n\t<meta name=\"twitter:data1\" content=\"Laurent Meunier\" \/>\n\t<meta name=\"twitter:label2\" content=\"Dur\u00e9e de lecture estim\u00e9e\" \/>\n\t<meta name=\"twitter:data2\" content=\"2 minutes\" \/>\n<script type=\"application\/ld+json\" class=\"yoast-schema-graph\">{\"@context\":\"https:\\\/\\\/schema.org\",\"@graph\":[{\"@type\":\"Article\",\"@id\":\"https:\\\/\\\/janze-athletisme.fr\\\/wordpress\\\/nos-jeunes-sont-partout-ce-week-end\\\/#article\",\"isPartOf\":{\"@id\":\"https:\\\/\\\/janze-athletisme.fr\\\/wordpress\\\/nos-jeunes-sont-partout-ce-week-end\\\/\"},\"author\":{\"name\":\"Laurent Meunier\",\"@id\":\"https:\\\/\\\/janze-athletisme.fr\\\/wordpress\\\/#\\\/schema\\\/person\\\/c7b063dcfa6234c041d4d9b26cc2ea03\"},\"headline\":\"Nos jeunes sont partout ce week-end\",\"datePublished\":\"2025-07-04T15:29:43+00:00\",\"dateModified\":\"2025-07-06T21:09:10+00:00\",\"mainEntityOfPage\":{\"@id\":\"https:\\\/\\\/janze-athletisme.fr\\\/wordpress\\\/nos-jeunes-sont-partout-ce-week-end\\\/\"},\"wordCount\":305,\"commentCount\":4,\"publisher\":{\"@id\":\"https:\\\/\\\/janze-athletisme.fr\\\/wordpress\\\/#organization\"},\"image\":{\"@id\":\"https:\\\/\\\/janze-athletisme.fr\\\/wordpress\\\/nos-jeunes-sont-partout-ce-week-end\\\/#primaryimage\"},\"thumbnailUrl\":\"https:\\\/\\\/janze-athletisme.fr\\\/wordpress\\\/wp-content\\\/uploads\\\/2025\\\/07\\\/Gabin-28juin2025-5.jpg\",\"articleSection\":[\"Le club au jour le jour\"],\"inLanguage\":\"fr-FR\",\"potentialAction\":[{\"@type\":\"CommentAction\",\"name\":\"Comment\",\"target\":[\"https:\\\/\\\/janze-athletisme.fr\\\/wordpress\\\/nos-jeunes-sont-partout-ce-week-end\\\/#respond\"]}]},{\"@type\":\"WebPage\",\"@id\":\"https:\\\/\\\/janze-athletisme.fr\\\/wordpress\\\/nos-jeunes-sont-partout-ce-week-end\\\/\",\"url\":\"https:\\\/\\\/janze-athletisme.fr\\\/wordpress\\\/nos-jeunes-sont-partout-ce-week-end\\\/\",\"name\":\"Nos jeunes sont partout ce week-end - Janz\u00e9 Athl\u00e9tisme\",\"isPartOf\":{\"@id\":\"https:\\\/\\\/janze-athletisme.fr\\\/wordpress\\\/#website\"},\"primaryImageOfPage\":{\"@id\":\"https:\\\/\\\/janze-athletisme.fr\\\/wordpress\\\/nos-jeunes-sont-partout-ce-week-end\\\/#primaryimage\"},\"image\":{\"@id\":\"https:\\\/\\\/janze-athletisme.fr\\\/wordpress\\\/nos-jeunes-sont-partout-ce-week-end\\\/#primaryimage\"},\"thumbnailUrl\":\"https:\\\/\\\/janze-athletisme.fr\\\/wordpress\\\/wp-content\\\/uploads\\\/2025\\\/07\\\/Gabin-28juin2025-5.jpg\",\"datePublished\":\"2025-07-04T15:29:43+00:00\",\"dateModified\":\"2025-07-06T21:09:10+00:00\",\"breadcrumb\":{\"@id\":\"https:\\\/\\\/janze-athletisme.fr\\\/wordpress\\\/nos-jeunes-sont-partout-ce-week-end\\\/#breadcrumb\"},\"inLanguage\":\"fr-FR\",\"potentialAction\":[{\"@type\":\"ReadAction\",\"target\":[\"https:\\\/\\\/janze-athletisme.fr\\\/wordpress\\\/nos-jeunes-sont-partout-ce-week-end\\\/\"]}]},{\"@type\":\"ImageObject\",\"inLanguage\":\"fr-FR\",\"@id\":\"https:\\\/\\\/janze-athletisme.fr\\\/wordpress\\\/nos-jeunes-sont-partout-ce-week-end\\\/#primaryimage\",\"url\":\"https:\\\/\\\/janze-athletisme.fr\\\/wordpress\\\/wp-content\\\/uploads\\\/2025\\\/07\\\/Gabin-28juin2025-5.jpg\",\"contentUrl\":\"https:\\\/\\\/janze-athletisme.fr\\\/wordpress\\\/wp-content\\\/uploads\\\/2025\\\/07\\\/Gabin-28juin2025-5.jpg\",\"width\":1200,\"height\":1200},{\"@type\":\"BreadcrumbList\",\"@id\":\"https:\\\/\\\/janze-athletisme.fr\\\/wordpress\\\/nos-jeunes-sont-partout-ce-week-end\\\/#breadcrumb\",\"itemListElement\":[{\"@type\":\"ListItem\",\"position\":1,\"name\":\"Accueil\",\"item\":\"https:\\\/\\\/janze-athletisme.fr\\\/wordpress\\\/\"},{\"@type\":\"ListItem\",\"position\":2,\"name\":\"Nos jeunes sont partout ce week-end\"}]},{\"@type\":\"WebSite\",\"@id\":\"https:\\\/\\\/janze-athletisme.fr\\\/wordpress\\\/#website\",\"url\":\"https:\\\/\\\/janze-athletisme.fr\\\/wordpress\\\/\",\"name\":\"Janz\u00e9 Athl\u00e9tisme\",\"description\":\"Pays de La Roche aux F\u00e9es\",\"publisher\":{\"@id\":\"https:\\\/\\\/janze-athletisme.fr\\\/wordpress\\\/#organization\"},\"potentialAction\":[{\"@type\":\"SearchAction\",\"target\":{\"@type\":\"EntryPoint\",\"urlTemplate\":\"https:\\\/\\\/janze-athletisme.fr\\\/wordpress\\\/?s={search_term_string}\"},\"query-input\":{\"@type\":\"PropertyValueSpecification\",\"valueRequired\":true,\"valueName\":\"search_term_string\"}}],\"inLanguage\":\"fr-FR\"},{\"@type\":\"Organization\",\"@id\":\"https:\\\/\\\/janze-athletisme.fr\\\/wordpress\\\/#organization\",\"name\":\"Janz\u00e9 Athl\u00e9tisme\",\"url\":\"https:\\\/\\\/janze-athletisme.fr\\\/wordpress\\\/\",\"logo\":{\"@type\":\"ImageObject\",\"inLanguage\":\"fr-FR\",\"@id\":\"https:\\\/\\\/janze-athletisme.fr\\\/wordpress\\\/#\\\/schema\\\/logo\\\/image\\\/\",\"url\":\"https:\\\/\\\/janze-athletisme.fr\\\/wordpress\\\/wp-content\\\/uploads\\\/2015\\\/03\\\/logo-full1.jpg\",\"contentUrl\":\"https:\\\/\\\/janze-athletisme.fr\\\/wordpress\\\/wp-content\\\/uploads\\\/2015\\\/03\\\/logo-full1.jpg\",\"width\":437,\"height\":205,\"caption\":\"Janz\u00e9 Athl\u00e9tisme\"},\"image\":{\"@id\":\"https:\\\/\\\/janze-athletisme.fr\\\/wordpress\\\/#\\\/schema\\\/logo\\\/image\\\/\"},\"sameAs\":[\"https:\\\/\\\/www.facebook.com\\\/groups\\\/1007964579346590\"]},{\"@type\":\"Person\",\"@id\":\"https:\\\/\\\/janze-athletisme.fr\\\/wordpress\\\/#\\\/schema\\\/person\\\/c7b063dcfa6234c041d4d9b26cc2ea03\",\"name\":\"Laurent Meunier\",\"image\":{\"@type\":\"ImageObject\",\"inLanguage\":\"fr-FR\",\"@id\":\"https:\\\/\\\/secure.gravatar.com\\\/avatar\\\/dd25d581ad7c3349090f2fa6a9adb6bfa287e6a5dd8a5216a092727cd8749034?s=96&d=mm&r=g\",\"url\":\"https:\\\/\\\/secure.gravatar.com\\\/avatar\\\/dd25d581ad7c3349090f2fa6a9adb6bfa287e6a5dd8a5216a092727cd8749034?s=96&d=mm&r=g\",\"contentUrl\":\"https:\\\/\\\/secure.gravatar.com\\\/avatar\\\/dd25d581ad7c3349090f2fa6a9adb6bfa287e6a5dd8a5216a092727cd8749034?s=96&d=mm&r=g\",\"caption\":\"Laurent Meunier\"},\"url\":\"https:\\\/\\\/janze-athletisme.fr\\\/wordpress\\\/author\\\/laurent-meunier35\\\/\"}]}<\/script>\n<!-- \/ Yoast SEO plugin. -->","yoast_head_json":{"title":"Nos jeunes sont partout ce week-end - Janz\u00e9 Athl\u00e9tisme","robots":{"index":"index","follow":"follow","max-snippet":"max-snippet:-1","max-image-preview":"max-image-preview:large","max-video-preview":"max-video-preview:-1"},"canonical":"https:\/\/janze-athletisme.fr\/wordpress\/nos-jeunes-sont-partout-ce-week-end\/","og_locale":"fr_FR","og_type":"article","og_title":"Nos jeunes sont partout ce week-end - Janz\u00e9 Athl\u00e9tisme","og_description":"Les rendez-vous du week-end Pendant que certains sont \u00e0 la mer ou en montagne d\u00e9j\u00e0, ou dans des pays \u00e9trangers, que d&rsquo;autres f\u00eatent le Bac &amp; le Brevet, quelques uns de nos jeunes restent motiv\u00e9s pour s&rsquo;\u00e9prouver jusqu&rsquo;au bout sur les pistes d&rsquo;athl\u00e9 et ailleurs. A huit jours du meeting de Janz\u00e9, c&rsquo;est le moment [&hellip;]","og_url":"https:\/\/janze-athletisme.fr\/wordpress\/nos-jeunes-sont-partout-ce-week-end\/","og_site_name":"Janz\u00e9 Athl\u00e9tisme","article_publisher":"https:\/\/www.facebook.com\/groups\/1007964579346590","article_published_time":"2025-07-04T15:29:43+00:00","article_modified_time":"2025-07-06T21:09:10+00:00","og_image":[{"width":1200,"height":1200,"url":"https:\/\/janze-athletisme.fr\/wordpress\/wp-content\/uploads\/2025\/07\/Gabin-28juin2025-5.jpg","type":"image\/jpeg"}],"author":"Laurent Meunier","twitter_card":"summary_large_image","twitter_misc":{"\u00c9crit par":"Laurent Meunier","Dur\u00e9e de lecture estim\u00e9e":"2 minutes"},"schema":{"@context":"https:\/\/schema.org","@graph":[{"@type":"Article","@id":"https:\/\/janze-athletisme.fr\/wordpress\/nos-jeunes-sont-partout-ce-week-end\/#article","isPartOf":{"@id":"https:\/\/janze-athletisme.fr\/wordpress\/nos-jeunes-sont-partout-ce-week-end\/"},"author":{"name":"Laurent Meunier","@id":"https:\/\/janze-athletisme.fr\/wordpress\/#\/schema\/person\/c7b063dcfa6234c041d4d9b26cc2ea03"},"headline":"Nos jeunes sont partout ce week-end","datePublished":"2025-07-04T15:29:43+00:00","dateModified":"2025-07-06T21:09:10+00:00","mainEntityOfPage":{"@id":"https:\/\/janze-athletisme.fr\/wordpress\/nos-jeunes-sont-partout-ce-week-end\/"},"wordCount":305,"commentCount":4,"publisher":{"@id":"https:\/\/janze-athletisme.fr\/wordpress\/#organization"},"image":{"@id":"https:\/\/janze-athletisme.fr\/wordpress\/nos-jeunes-sont-partout-ce-week-end\/#primaryimage"},"thumbnailUrl":"https:\/\/janze-athletisme.fr\/wordpress\/wp-content\/uploads\/2025\/07\/Gabin-28juin2025-5.jpg","articleSection":["Le club au jour le jour"],"inLanguage":"fr-FR","potentialAction":[{"@type":"CommentAction","name":"Comment","target":["https:\/\/janze-athletisme.fr\/wordpress\/nos-jeunes-sont-partout-ce-week-end\/#respond"]}]},{"@type":"WebPage","@id":"https:\/\/janze-athletisme.fr\/wordpress\/nos-jeunes-sont-partout-ce-week-end\/","url":"https:\/\/janze-athletisme.fr\/wordpress\/nos-jeunes-sont-partout-ce-week-end\/","name":"Nos jeunes sont partout ce week-end - Janz\u00e9 Athl\u00e9tisme","isPartOf":{"@id":"https:\/\/janze-athletisme.fr\/wordpress\/#website"},"primaryImageOfPage":{"@id":"https:\/\/janze-athletisme.fr\/wordpress\/nos-jeunes-sont-partout-ce-week-end\/#primaryimage"},"image":{"@id":"https:\/\/janze-athletisme.fr\/wordpress\/nos-jeunes-sont-partout-ce-week-end\/#primaryimage"},"thumbnailUrl":"https:\/\/janze-athletisme.fr\/wordpress\/wp-content\/uploads\/2025\/07\/Gabin-28juin2025-5.jpg","datePublished":"2025-07-04T15:29:43+00:00","dateModified":"2025-07-06T21:09:10+00:00","breadcrumb":{"@id":"https:\/\/janze-athletisme.fr\/wordpress\/nos-jeunes-sont-partout-ce-week-end\/#breadcrumb"},"inLanguage":"fr-FR","potentialAction":[{"@type":"ReadAction","target":["https:\/\/janze-athletisme.fr\/wordpress\/nos-jeunes-sont-partout-ce-week-end\/"]}]},{"@type":"ImageObject","inLanguage":"fr-FR","@id":"https:\/\/janze-athletisme.fr\/wordpress\/nos-jeunes-sont-partout-ce-week-end\/#primaryimage","url":"https:\/\/janze-athletisme.fr\/wordpress\/wp-content\/uploads\/2025\/07\/Gabin-28juin2025-5.jpg","contentUrl":"https:\/\/janze-athletisme.fr\/wordpress\/wp-content\/uploads\/2025\/07\/Gabin-28juin2025-5.jpg","width":1200,"height":1200},{"@type":"BreadcrumbList","@id":"https:\/\/janze-athletisme.fr\/wordpress\/nos-jeunes-sont-partout-ce-week-end\/#breadcrumb","itemListElement":[{"@type":"ListItem","position":1,"name":"Accueil","item":"https:\/\/janze-athletisme.fr\/wordpress\/"},{"@type":"ListItem","position":2,"name":"Nos jeunes sont partout ce week-end"}]},{"@type":"WebSite","@id":"https:\/\/janze-athletisme.fr\/wordpress\/#website","url":"https:\/\/janze-athletisme.fr\/wordpress\/","name":"Janz\u00e9 Athl\u00e9tisme","description":"Pays de La Roche aux F\u00e9es","publisher":{"@id":"https:\/\/janze-athletisme.fr\/wordpress\/#organization"},"potentialAction":[{"@type":"SearchAction","target":{"@type":"EntryPoint","urlTemplate":"https:\/\/janze-athletisme.fr\/wordpress\/?s={search_term_string}"},"query-input":{"@type":"PropertyValueSpecification","valueRequired":true,"valueName":"search_term_string"}}],"inLanguage":"fr-FR"},{"@type":"Organization","@id":"https:\/\/janze-athletisme.fr\/wordpress\/#organization","name":"Janz\u00e9 Athl\u00e9tisme","url":"https:\/\/janze-athletisme.fr\/wordpress\/","logo":{"@type":"ImageObject","inLanguage":"fr-FR","@id":"https:\/\/janze-athletisme.fr\/wordpress\/#\/schema\/logo\/image\/","url":"https:\/\/janze-athletisme.fr\/wordpress\/wp-content\/uploads\/2015\/03\/logo-full1.jpg","contentUrl":"https:\/\/janze-athletisme.fr\/wordpress\/wp-content\/uploads\/2015\/03\/logo-full1.jpg","width":437,"height":205,"caption":"Janz\u00e9 Athl\u00e9tisme"},"image":{"@id":"https:\/\/janze-athletisme.fr\/wordpress\/#\/schema\/logo\/image\/"},"sameAs":["https:\/\/www.facebook.com\/groups\/1007964579346590"]},{"@type":"Person","@id":"https:\/\/janze-athletisme.fr\/wordpress\/#\/schema\/person\/c7b063dcfa6234c041d4d9b26cc2ea03","name":"Laurent Meunier","image":{"@type":"ImageObject","inLanguage":"fr-FR","@id":"https:\/\/secure.gravatar.com\/avatar\/dd25d581ad7c3349090f2fa6a9adb6bfa287e6a5dd8a5216a092727cd8749034?s=96&d=mm&r=g","url":"https:\/\/secure.gravatar.com\/avatar\/dd25d581ad7c3349090f2fa6a9adb6bfa287e6a5dd8a5216a092727cd8749034?s=96&d=mm&r=g","contentUrl":"https:\/\/secure.gravatar.com\/avatar\/dd25d581ad7c3349090f2fa6a9adb6bfa287e6a5dd8a5216a092727cd8749034?s=96&d=mm&r=g","caption":"Laurent Meunier"},"url":"https:\/\/janze-athletisme.fr\/wordpress\/author\/laurent-meunier35\/"}]}},"uagb_featured_image_src":{"full":["https:\/\/janze-athletisme.fr\/wordpress\/wp-content\/uploads\/2025\/07\/Gabin-28juin2025-5.jpg",1200,1200,false],"thumbnail":["https:\/\/janze-athletisme.fr\/wordpress\/wp-content\/uploads\/2025\/07\/Gabin-28juin2025-5-150x150.jpg",150,150,true],"medium":["https:\/\/janze-athletisme.fr\/wordpress\/wp-content\/uploads\/2025\/07\/Gabin-28juin2025-5-300x300.jpg",300,300,true],"medium_large":["https:\/\/janze-athletisme.fr\/wordpress\/wp-content\/uploads\/2025\/07\/Gabin-28juin2025-5-768x768.jpg",768,768,true],"large":["https:\/\/janze-athletisme.fr\/wordpress\/wp-content\/uploads\/2025\/07\/Gabin-28juin2025-5-1024x1024.jpg",1024,1024,true],"1536x1536":["https:\/\/janze-athletisme.fr\/wordpress\/wp-content\/uploads\/2025\/07\/Gabin-28juin2025-5.jpg",1200,1200,false],"2048x2048":["https:\/\/janze-athletisme.fr\/wordpress\/wp-content\/uploads\/2025\/07\/Gabin-28juin2025-5.jpg",1200,1200,false]},"uagb_author_info":{"display_name":"Laurent Meunier","author_link":"https:\/\/janze-athletisme.fr\/wordpress\/author\/laurent-meunier35\/"},"uagb_comment_info":4,"uagb_excerpt":"Les rendez-vous du week-end Pendant que certains sont \u00e0 la mer ou en montagne d\u00e9j\u00e0, ou dans des pays \u00e9trangers, que d&rsquo;autres f\u00eatent le Bac &amp; le Brevet, quelques uns de nos jeunes restent motiv\u00e9s pour s&rsquo;\u00e9prouver jusqu&rsquo;au bout sur les pistes d&rsquo;athl\u00e9 et ailleurs. A huit jours du meeting de Janz\u00e9, c&rsquo;est le moment\u2026","_links":{"self":[{"href":"https:\/\/janze-athletisme.fr\/wordpress\/wp-json\/wp\/v2\/posts\/26411","targetHints":{"allow":["GET"]}}],"collection":[{"href":"https:\/\/janze-athletisme.fr\/wordpress\/wp-json\/wp\/v2\/posts"}],"about":[{"href":"https:\/\/janze-athletisme.fr\/wordpress\/wp-json\/wp\/v2\/types\/post"}],"author":[{"embeddable":true,"href":"https:\/\/janze-athletisme.fr\/wordpress\/wp-json\/wp\/v2\/users\/12"}],"replies":[{"embeddable":true,"href":"https:\/\/janze-athletisme.fr\/wordpress\/wp-json\/wp\/v2\/comments?post=26411"}],"version-history":[{"count":9,"href":"https:\/\/janze-athletisme.fr\/wordpress\/wp-json\/wp\/v2\/posts\/26411\/revisions"}],"predecessor-version":[{"id":26423,"href":"https:\/\/janze-athletisme.fr\/wordpress\/wp-json\/wp\/v2\/posts\/26411\/revisions\/26423"}],"wp:featuredmedia":[{"embeddable":true,"href":"https:\/\/janze-athletisme.fr\/wordpress\/wp-json\/wp\/v2\/media\/26370"}],"wp:attachment":[{"href":"https:\/\/janze-athletisme.fr\/wordpress\/wp-json\/wp\/v2\/media?parent=26411"}],"wp:term":[{"taxonomy":"category","embeddable":true,"href":"https:\/\/janze-athletisme.fr\/wordpress\/wp-json\/wp\/v2\/categories?post=26411"},{"taxonomy":"post_tag","embeddable":true,"href":"https:\/\/janze-athletisme.fr\/wordpress\/wp-json\/wp\/v2\/tags?post=26411"}],"curies":[{"name":"wp","href":"https:\/\/api.w.org\/{rel}","templated":true}]}}