{"id":26398,"date":"2025-07-02T12:29:07","date_gmt":"2025-07-02T10:29:07","guid":{"rendered":"https:\/\/janze-athletisme.fr\/wordpress\/?p=26398"},"modified":"2025-07-02T12:33:35","modified_gmt":"2025-07-02T10:33:35","slug":"vannes-force-et-honneur","status":"publish","type":"post","link":"https:\/\/janze-athletisme.fr\/wordpress\/vannes-force-et-honneur\/","title":{"rendered":"Vannes: Force et honneur !"},"content":{"rendered":"<h1 style=\"text-align: center;\"><span style=\"color: #800000; font-family: comic sans ms, sans-serif;\">Ultramarin<\/span><\/h1>\n<p>&nbsp;<\/p>\n<p><span style=\"color: #000000;\">Bon, d&rsquo;habitude, il est rare que je fasse plus d&rsquo;un article pour relater un \u00e9v\u00e9nement. mais quand j&rsquo;ai demand\u00e9 \u00e0 Erwan quelques lignes pour nous relater son exp\u00e9rience lors de son 1er ultratrail, emport\u00e9 par sa verve et la fougue de sa jeunesse, il nous a sortie une encyclop\u00e9die de l&rsquo;ultramarin en plusieurs tomes ! il aurait \u00e9t\u00e9 dommage donc de ne pas lui laisser le privil\u00e8ge d&rsquo;un article d\u00e9di\u00e9.\u00a0<\/span><\/p>\n<p><span style=\"color: #000000;\">A souligner pour ceux qui n&rsquo;\u00e9taient peut-\u00eatre pas sorti de chez eux apr\u00e8s le COVID qu&rsquo;Erwan a cumul\u00e9 les blessures ces derniers temps et a fait une pr\u00e9pa ultra qui n&rsquo;en \u00e9tait pas vraiment une !!! dans un second temps, je ferai \u00e9galement ainsi que Jean-Marc un petit r\u00e9cit de notre exp\u00e9rience. A noter la participation de Ludo et Beno\u00eet sur le 70km dont nous parlerons \u00e9galement plus tard avec l&rsquo;ensemble des r\u00e9sultats, marche nordique comprise. Erwan c&rsquo;est \u00e0 toi !<\/span><\/p>\n<p><em><span style=\"color: #000000;\">\u00a0\u00bb Voil\u00e0, ce week-end f\u00fbt marqu\u00e9 par mon \u00e9v\u00e9nement sportif principal de l&rsquo;ann\u00e9e &#8211; <span class=\"html-span xdj266r x14z9mp xat24cr x1lziwak xexx8yu xyri2b x18d9i69 x1c1uobl x1hl2dhg x16tdsg8 x1vvkbs\"><a class=\"x1i10hfl xjbqb8w x1ejq31n x18oe1m7 x1sy0etr xstzfhl x972fbf x10w94by x1qhh985 x14e42zd x9f619 x1ypdohk xt0psk2 xe8uvvx xdj266r x14z9mp xat24cr x1lziwak xexx8yu xyri2b x18d9i69 x1c1uobl x16tdsg8 x1hl2dhg xggy1nq x1a2a7pz xkrqix3 x1sur9pj x1fey0fg x1s688f\" style=\"color: #000000;\" tabindex=\"0\" role=\"link\" href=\"https:\/\/www.facebook.com\/UltraMarinMorbihan?__cft__[0]=AZUnQkuCMQtVfTm8PuH2atGQOTfMyL58M2Q5TrfDm_yLhLOuPlpmIqFx52-J2DdYum48KwB1TqTuaGMTPT7rubml3vGitrTF4t4LB6IsH0oaORjScLTBsrOCqyWp1RiBl3-aZskMFNkZKQlcbg3C7aDowuO0Me42cqAplh7bfmSkoA&amp;__tn__=-]K-R\"><span class=\"xt0psk2\"><span class=\"xjp7ctv\">L&rsquo;Ultra Marin<\/span><\/span><\/a><\/span> Grand Raid 175km. Avec une pr\u00e9paration plus de tronqu\u00e9e, avec que 3 semaines de pr\u00e9paration, c&rsquo;est tr\u00e8s court et une sortie longue de 24km <span class=\"html-span xexx8yu xyri2b x18d9i69 x1c1uobl x1hl2dhg x16tdsg8 x1vvkbs x3nfvp2 x1j61x8r x1fcty0u xdj266r xat24cr xm2jcoa x1mpyi22 xxymvpz xlup9mm x1kky2od\"><img loading=\"lazy\" decoding=\"async\" class=\"xz74otr x15mokao x1ga7v0g x16uus16 xbiv7yw\" src=\"https:\/\/static.xx.fbcdn.net\/images\/emoji.php\/v9\/t53\/1\/16\/1f605.png\" alt=\"\ud83d\ude05\" width=\"16\" height=\"16\" \/><\/span> c&rsquo;est vraiment plus que juste. Mes objectifs sont d&rsquo;\u00eatre finisher et occasionnellement finir en moins de 30h.<\/span><\/em><\/p>\n<div class=\"html-div xdj266r x14z9mp xat24cr x1lziwak xexx8yu xyri2b x18d9i69 x1c1uobl\" dir=\"auto\">\n<div class=\"html-div xdj266r x14z9mp xat24cr x1lziwak xexx8yu xyri2b x18d9i69 x1c1uobl\" data-ad-rendering-role=\"story_message\">\n<div id=\"_r_1f1_\" class=\"x1l90r2v x1iorvi4 x1g0dm76 xpdmqnj\" data-ad-comet-preview=\"message\" data-ad-preview=\"message\">\n<div class=\"x78zum5 xdt5ytf xz62fqu x16ldp7u\">\n<div class=\"xu06os2 x1ok221b\">\n<div class=\"html-div xdj266r x14z9mp xat24cr x1lziwak xexx8yu xyri2b x18d9i69 x1c1uobl\">\n<div class=\"x14z9mp xat24cr x1lziwak x1vvkbs xtlvy1s x126k92a\">\n<div dir=\"auto\"><em><span style=\"color: #000000;\">Vendredi 27 Juin 2025, r\u00e9veil \u00e0 4h30 car plus possible de dormir, un d\u00e9jeuner, et je pr\u00e9pare mes affaires pour affronter cette course que j&rsquo;ai s\u00fb dompter en partie (70km &#8211; Le r\u00e9veil des Ducs) l&rsquo;ann\u00e9e pass\u00e9e. Fin pr\u00eat, 12h30, nous voil\u00e0 partis avec mon tonton manu <span class=\"html-span xexx8yu xyri2b x18d9i69 x1c1uobl x1hl2dhg x16tdsg8 x1vvkbs x3nfvp2 x1j61x8r x1fcty0u xdj266r xat24cr xm2jcoa x1mpyi22 xxymvpz xlup9mm x1kky2od\"><img loading=\"lazy\" decoding=\"async\" class=\"xz74otr x15mokao x1ga7v0g x16uus16 xbiv7yw\" src=\"https:\/\/static.xx.fbcdn.net\/images\/emoji.php\/v9\/t6c\/1\/16\/2764.png\" alt=\"\u2764\ufe0f\" width=\"16\" height=\"16\" \/><\/span> qui va \u00eatre mon accompagnateur pour l&rsquo;occasion et sur que se sera tout aussi dur pour lui que pour moi. Petit arr\u00eat pour manger et on continue jusqu&rsquo;\u00e0 Vannes. 14h30, nous allons chercher mon dossard, mettre le traceur GPS sur le sac qui me servira pour la course et prendre le sac de d\u00e9lestage qui sera achemin\u00e9 par l&rsquo;organisation au milieu de la course. Sac de d\u00e9lestage d\u00e9pos\u00e9 au stade de la Rabine non loin du village de course. On boit un verre en terrasse et puis on part au logement pris pour l&rsquo;occasion pour se poser, ensuite je me mets en tenu et refais un point sur tout le matos pour voir s&rsquo;il ne me manque rien. Tout est OK, 18h, on repart au port pour voir des t\u00eates connues <span class=\"html-span xdj266r x14z9mp xat24cr x1lziwak xexx8yu xyri2b x18d9i69 x1c1uobl x1hl2dhg x16tdsg8 x1vvkbs\"><a class=\"x1i10hfl xjbqb8w x1ejq31n x18oe1m7 x1sy0etr xstzfhl x972fbf x10w94by x1qhh985 x14e42zd x9f619 x1ypdohk xt0psk2 xe8uvvx xdj266r x14z9mp xat24cr x1lziwak xexx8yu xyri2b x18d9i69 x1c1uobl x16tdsg8 x1hl2dhg xggy1nq x1a2a7pz xkrqix3 x1sur9pj x1fey0fg x1s688f\" style=\"color: #000000;\" tabindex=\"0\" role=\"link\" href=\"https:\/\/www.facebook.com\/fred.lebailly.5?__cft__[0]=AZUnQkuCMQtVfTm8PuH2atGQOTfMyL58M2Q5TrfDm_yLhLOuPlpmIqFx52-J2DdYum48KwB1TqTuaGMTPT7rubml3vGitrTF4t4LB6IsH0oaORjScLTBsrOCqyWp1RiBl3-aZskMFNkZKQlcbg3C7aDowuO0Me42cqAplh7bfmSkoA&amp;__tn__=-]K-R\"><span class=\"xt0psk2\"><span class=\"xjp7ctv\">Fred Lebailly<\/span><\/span><\/a><\/span> et sa famille et amis, Jean-Marc que je croise aussi, il y a un monde fou et on avance pas bien vite. La c\u00e9r\u00e9monie d&rsquo;ouverture commence et on en voit pas grand chose car moi je suis dans le dernier SAS tout au fond, on voit juste les parachutistes, bref, l&rsquo;essentiel est de profiter du moment pr\u00e9sent et de se concentrer pour la course.<\/span><\/em><\/div>\n<\/div>\n<div class=\"x14z9mp xat24cr x1lziwak x1vvkbs xtlvy1s x126k92a\">\n<div dir=\"auto\"><em><span style=\"color: #000000;\"><strong>Km0<\/strong> Port de Vannes, le d\u00e9part est donn\u00e9 \u00e0 19h20, je passe la ligne de d\u00e9part \u00e0 19h25, on remonte dans les petites ruelles avec un public de malade qui encourage \u00e0 tout va, quel plaisir, on reviens sur le port et je cherche <span class=\"html-span xdj266r x14z9mp xat24cr x1lziwak xexx8yu xyri2b x18d9i69 x1c1uobl x1hl2dhg x16tdsg8 x1vvkbs\"><a class=\"x1i10hfl xjbqb8w x1ejq31n x18oe1m7 x1sy0etr xstzfhl x972fbf x10w94by x1qhh985 x14e42zd x9f619 x1ypdohk xt0psk2 xe8uvvx xdj266r x14z9mp xat24cr x1lziwak xexx8yu xyri2b x18d9i69 x1c1uobl x16tdsg8 x1hl2dhg xggy1nq x1a2a7pz xkrqix3 x1sur9pj x1fey0fg x1s688f\" style=\"color: #000000;\" tabindex=\"0\" role=\"link\" href=\"https:\/\/www.facebook.com\/emmanueloyer?__cft__[0]=AZUnQkuCMQtVfTm8PuH2atGQOTfMyL58M2Q5TrfDm_yLhLOuPlpmIqFx52-J2DdYum48KwB1TqTuaGMTPT7rubml3vGitrTF4t4LB6IsH0oaORjScLTBsrOCqyWp1RiBl3-aZskMFNkZKQlcbg3C7aDowuO0Me42cqAplh7bfmSkoA&amp;__tn__=-]K-R\"><span class=\"xt0psk2\"><span class=\"xjp7ctv\">Emmanuel Oyer<\/span><\/span><\/a><\/span> , je sais qu&rsquo;il est par l\u00e0, \u00e7a y est, une tape dans la main, de l&rsquo;\u00e9motion et je file. On longe le port pour ensuite partir sur des sentiers poussi\u00e9reux en bord de mer.<\/span><\/em><\/div>\n<div dir=\"auto\"><em><span style=\"color: #000000;\">Au bout de quelques kilom\u00e8tres je vois <span class=\"html-span xdj266r x14z9mp xat24cr x1lziwak xexx8yu xyri2b x18d9i69 x1c1uobl x1hl2dhg x16tdsg8 x1vvkbs\"><a class=\"x1i10hfl xjbqb8w x1ejq31n x18oe1m7 x1sy0etr xstzfhl x972fbf x10w94by x1qhh985 x14e42zd x9f619 x1ypdohk xt0psk2 xe8uvvx xdj266r x14z9mp xat24cr x1lziwak xexx8yu xyri2b x18d9i69 x1c1uobl x16tdsg8 x1hl2dhg xggy1nq x1a2a7pz xkrqix3 x1sur9pj x1fey0fg x1s688f\" style=\"color: #000000;\" tabindex=\"0\" role=\"link\" href=\"https:\/\/www.facebook.com\/jeanmarie.jouzel?__cft__[0]=AZUnQkuCMQtVfTm8PuH2atGQOTfMyL58M2Q5TrfDm_yLhLOuPlpmIqFx52-J2DdYum48KwB1TqTuaGMTPT7rubml3vGitrTF4t4LB6IsH0oaORjScLTBsrOCqyWp1RiBl3-aZskMFNkZKQlcbg3C7aDowuO0Me42cqAplh7bfmSkoA&amp;__tn__=-]K-R\"><span class=\"xt0psk2\"><span class=\"xjp7ctv\">Jean-marie Jouzel<\/span><\/span><\/a><\/span> qui me rattrape alors qu&rsquo;il devait partir des premiers SAS, on fait un bout de chemin ensemble et me raconte qu&rsquo;au d\u00e9part il \u00e9tait avec un copain d&rsquo;\u00e9cole ( \u00e7a date \u00e7a <span class=\"html-span xexx8yu xyri2b x18d9i69 x1c1uobl x1hl2dhg x16tdsg8 x1vvkbs x3nfvp2 x1j61x8r x1fcty0u xdj266r xat24cr xm2jcoa x1mpyi22 xxymvpz xlup9mm x1kky2od\"><img loading=\"lazy\" decoding=\"async\" class=\"xz74otr x15mokao x1ga7v0g x16uus16 xbiv7yw\" src=\"https:\/\/static.xx.fbcdn.net\/images\/emoji.php\/v9\/t4f\/1\/16\/1f601.png\" alt=\"\ud83d\ude01\" width=\"16\" height=\"16\" \/><\/span>). Au bout de plusieurs kilom\u00e8tres je le laisse partir, apr\u00e8s 45m de d\u00e9part environ, les relais commencent \u00e0 arriver et nous doubler sauf que les chemins sont \u00e9troits et nous n&rsquo;allons pas \u00e0 la m\u00eame vitesse (pas une bonne id\u00e9e de les faire partir apr\u00e8s nous), donc \u00e7a pose probl\u00e8me.<\/span><\/em><\/div>\n<\/div>\n<div class=\"x14z9mp xat24cr x1lziwak x1vvkbs xtlvy1s x126k92a\">\n<div dir=\"auto\"><em><span style=\"color: #000000;\"><strong>Km 14,5<\/strong>, S\u00e9n\u00e9 Barrarac&rsquo;h, 1h36 de course, 898 \u00e8me, ravito liquide:<\/span><\/em><\/div>\n<div dir=\"auto\"><em><span style=\"color: #000000;\">J&rsquo;arrive au ravito, j&rsquo;en ai pas besoin, je fais que passer, je double bien 150 personnes. Quelques m\u00e8tres plus loin un bouchon, on devait passer dans une haie en \u00e9tant accroupi&#8230; ou passer sur le c\u00f4t\u00e9 mais les pieds dans l&rsquo;eau, le choix est vite fait, je patiente. Une fois mon tour je repars sur les chemins, je suis plut\u00f4t bien, passer les 20km je fais ce qu&rsquo;il faut pas faire, j&rsquo;acc\u00e9l\u00e8re, je rattrape m\u00eame Jean-Marc et le laisse derri\u00e8re <span class=\"html-span xexx8yu xyri2b x18d9i69 x1c1uobl x1hl2dhg x16tdsg8 x1vvkbs x3nfvp2 x1j61x8r x1fcty0u xdj266r xat24cr xm2jcoa x1mpyi22 xxymvpz xlup9mm x1kky2od\"><img loading=\"lazy\" decoding=\"async\" class=\"xz74otr x15mokao x1ga7v0g x16uus16 xbiv7yw\" src=\"https:\/\/static.xx.fbcdn.net\/images\/emoji.php\/v9\/t53\/1\/16\/1f605.png\" alt=\"\ud83d\ude05\" width=\"16\" height=\"16\" \/><\/span>, la nuit commence \u00e0 tomber&#8230;<\/span><\/em><\/div>\n<\/div>\n<div class=\"x14z9mp xat24cr x1lziwak x1vvkbs xtlvy1s x126k92a\">\n<div dir=\"auto\"><em><span style=\"color: #000000;\"><strong>Km 28,8<\/strong>, S\u00e9n\u00e9 Gymnase Cousteau, 3h13 de course, 701 \u00e8me, ravito sec, avec assistance:<\/span><\/em><\/div>\n<div dir=\"auto\"><em><span style=\"color: #000000;\">Je retrouve enfin mon manu, qui m&rsquo;avait dit par t\u00e9l\u00e9phone ou il \u00e9tait plac\u00e9, je me pose, change de chaussures (grosse erreur), et me ravitaille, on discute et il faut bien repartir, un tape dans la main et la larme a l&rsquo;\u0153il (si si j&rsquo;ai bien vu).<\/span><\/em><\/div>\n<div dir=\"auto\"><em><span style=\"color: #000000;\">Go j&rsquo;y retourne, les chemins sont pas facile, attention aux chevilles! Jean-Marc me redoubl\u00e9 dans un moment dur pour moi.<\/span><\/em><\/div>\n<\/div>\n<div class=\"x14z9mp xat24cr x1lziwak x1vvkbs xtlvy1s x126k92a\">\n<div dir=\"auto\"><em><span style=\"color: #000000;\"><strong>Km 42,5,<\/strong> Le H\u00e9zo \u00c9cole Vert Marine, 5h11 de course, 725 \u00e8me, ravito sec:<\/span><\/em><\/div>\n<div dir=\"auto\"><em><span style=\"color: #000000;\">Entre-temps on c&rsquo;\u00e9tait retrouv\u00e9 car lui aussi \u00e9tait pire que moi, on arrive au ravito et Jean-Marc (je le reverrais plus de la course, trop fort pour moi<span class=\"html-span xexx8yu xyri2b x18d9i69 x1c1uobl x1hl2dhg x16tdsg8 x1vvkbs x3nfvp2 x1j61x8r x1fcty0u xdj266r xat24cr xm2jcoa x1mpyi22 xxymvpz xlup9mm x1kky2od\"><img loading=\"lazy\" decoding=\"async\" class=\"xz74otr x15mokao x1ga7v0g x16uus16 xbiv7yw\" src=\"https:\/\/static.xx.fbcdn.net\/images\/emoji.php\/v9\/t57\/1\/16\/1f609.png\" alt=\"\ud83d\ude09\" width=\"16\" height=\"16\" \/><\/span>) partait au m\u00eame moment. Je remplis mes gourdes, prends quelques quartiers d&rsquo;oranges et recroise Jean-marie qui n&rsquo;est pas tr\u00e8s bien, rien ne passe pour lui, il y restera encore un moment, je file et essaye de l&rsquo;encourager.<\/span><\/em><\/div>\n<div dir=\"auto\"><em><span style=\"color: #000000;\">\u00c7a deviens compliqu\u00e9 physiquement, je marcherais pas mal de fois sur cette portion de route et de marais.<\/span><\/em><\/div>\n<\/div>\n<div class=\"x14z9mp xat24cr x1lziwak x1vvkbs xtlvy1s x126k92a\">\n<div dir=\"auto\"><em><span style=\"color: #000000;\"><strong>Km 58,5<\/strong> Sarzeau Salle Cosec, 7h29 de course, 705 \u00e8me, ravito chaud:<\/span><\/em><\/div>\n<div dir=\"auto\"><em><span style=\"color: #000000;\">Enfin arriv\u00e9, premi\u00e8re chose les toilettes <span class=\"html-span xexx8yu xyri2b x18d9i69 x1c1uobl x1hl2dhg x16tdsg8 x1vvkbs x3nfvp2 x1j61x8r x1fcty0u xdj266r xat24cr xm2jcoa x1mpyi22 xxymvpz xlup9mm x1kky2od\"><img loading=\"lazy\" decoding=\"async\" class=\"xz74otr x15mokao x1ga7v0g x16uus16 xbiv7yw\" src=\"https:\/\/static.xx.fbcdn.net\/images\/emoji.php\/v9\/t44\/1\/16\/1f4a9.png\" alt=\"\ud83d\udca9\" width=\"16\" height=\"16\" \/><\/span> bon se sera pas encore sur cette course <span class=\"html-span xexx8yu xyri2b x18d9i69 x1c1uobl x1hl2dhg x16tdsg8 x1vvkbs x3nfvp2 x1j61x8r x1fcty0u xdj266r xat24cr xm2jcoa x1mpyi22 xxymvpz xlup9mm x1kky2od\"><img loading=\"lazy\" decoding=\"async\" class=\"xz74otr x15mokao x1ga7v0g x16uus16 xbiv7yw\" src=\"https:\/\/static.xx.fbcdn.net\/images\/emoji.php\/v9\/ta1\/1\/16\/1f61d.png\" alt=\"\ud83d\ude1d\" width=\"16\" height=\"16\" \/><\/span><span class=\"html-span xexx8yu xyri2b x18d9i69 x1c1uobl x1hl2dhg x16tdsg8 x1vvkbs x3nfvp2 x1j61x8r x1fcty0u xdj266r xat24cr xm2jcoa x1mpyi22 xxymvpz xlup9mm x1kky2od\"><img loading=\"lazy\" decoding=\"async\" class=\"xz74otr x15mokao x1ga7v0g x16uus16 xbiv7yw\" src=\"https:\/\/static.xx.fbcdn.net\/images\/emoji.php\/v9\/t53\/1\/16\/1f605.png\" alt=\"\ud83d\ude05\" width=\"16\" height=\"16\" \/><\/span>, ensuite je rentre dans la salle, je sais pas vraiment quoi faire, je vois des podologues, l&rsquo;aubaine j&rsquo;ai mal aux pieds, les ampoules ne sont pas encore l\u00e0 mais c&rsquo;est rouge, pourquoi avoir chang\u00e9 de chaussures avant ??? Bref, la jeune fille qui s&rsquo;occupe de moi fait un super boulot, les straps auront tenu jusqu&rsquo;au bout et heureusement sinon&#8230; une fois termin\u00e9 je sors pour me ravitailler et l\u00e0 je vois juste en face de moi Christophe Magnier du club de triathlon et qui fait des s\u00e9ances d&rsquo;entra\u00eenements avec nous <span class=\"html-span xexx8yu xyri2b x18d9i69 x1c1uobl x1hl2dhg x16tdsg8 x1vvkbs x3nfvp2 x1j61x8r x1fcty0u xdj266r xat24cr xm2jcoa x1mpyi22 xxymvpz xlup9mm x1kky2od\"><img loading=\"lazy\" decoding=\"async\" class=\"xz74otr x15mokao x1ga7v0g x16uus16 xbiv7yw\" src=\"https:\/\/static.xx.fbcdn.net\/images\/emoji.php\/v9\/t55\/1\/16\/1f607.png\" alt=\"\ud83d\ude07\" width=\"16\" height=\"16\" \/><\/span> LE MESSI pour moi \u00e0 ce moment l\u00e0, on mange ensemble, alors pour moi une premi\u00e8re aussi car manger des p\u00e2tes, de la pur\u00e9e, du jambon et du fromage, tout est pass\u00e9 <span class=\"html-span xexx8yu xyri2b x18d9i69 x1c1uobl x1hl2dhg x16tdsg8 x1vvkbs x3nfvp2 x1j61x8r x1fcty0u xdj266r xat24cr xm2jcoa x1mpyi22 xxymvpz xlup9mm x1kky2od\"><img loading=\"lazy\" decoding=\"async\" class=\"xz74otr x15mokao x1ga7v0g x16uus16 xbiv7yw\" src=\"https:\/\/static.xx.fbcdn.net\/images\/emoji.php\/v9\/t4f\/1\/16\/1f601.png\" alt=\"\ud83d\ude01\" width=\"16\" height=\"16\" \/><\/span>.<\/span><\/em><\/div>\n<div dir=\"auto\"><em><span style=\"color: #000000;\">On repart gentiment apr\u00e8s qu&rsquo;il est vu sa famille \u00e0 la sortie de la salle, on alterne course et marche en mont\u00e9e pour pas se mettre dans le rouge, mais quelle intelligence, \u00e7a marche nickel, je suis beaucoup mieux. On manque de se tromper de chemins mais tout ira bien (malheureusement pas le cas de tout le monde).<\/span><\/em><\/div>\n<div dir=\"auto\"><em><span style=\"color: #000000;\">On recroisera la famille \u00e0 Christophe avant de passer sur le GR et ses chemins caillouteux dont Christophe en fera les frais avec une tr\u00e8s belle chute d\u00fb s\u00fbrement \u00e0 une semelle de chaussures beaucoup trop \u00e9paisse <span class=\"html-span xexx8yu xyri2b x18d9i69 x1c1uobl x1hl2dhg x16tdsg8 x1vvkbs x3nfvp2 x1j61x8r x1fcty0u xdj266r xat24cr xm2jcoa x1mpyi22 xxymvpz xlup9mm x1kky2od\"><img loading=\"lazy\" decoding=\"async\" class=\"xz74otr x15mokao x1ga7v0g x16uus16 xbiv7yw\" src=\"https:\/\/static.xx.fbcdn.net\/images\/emoji.php\/v9\/t53\/1\/16\/1f605.png\" alt=\"\ud83d\ude05\" width=\"16\" height=\"16\" \/><\/span> (moi je pense que c&rsquo;est la jambe, pas mont\u00e9e assez haute, chut&#8230;<span class=\"html-span xexx8yu xyri2b x18d9i69 x1c1uobl x1hl2dhg x16tdsg8 x1vvkbs x3nfvp2 x1j61x8r x1fcty0u xdj266r xat24cr xm2jcoa x1mpyi22 xxymvpz xlup9mm x1kky2od\"><img loading=\"lazy\" decoding=\"async\" class=\"xz74otr x15mokao x1ga7v0g x16uus16 xbiv7yw\" src=\"https:\/\/static.xx.fbcdn.net\/images\/emoji.php\/v9\/t1\/1\/16\/1f92b.png\" alt=\"\ud83e\udd2b\" width=\"16\" height=\"16\" \/><\/span>), le coude sera bless\u00e9 mais tout va bien, on repart avec un lev\u00e9 de soleil sous les nuages apr\u00e8s une nuit bien moite et chaude.<\/span><\/em><\/div>\n<\/div>\n<div class=\"x14z9mp xat24cr x1lziwak x1vvkbs xtlvy1s x126k92a\">\n<div dir=\"auto\"><em><span style=\"color: #000000;\"><strong>Km 74,8,<\/strong> Saint Gildas de Rhuys Plage des Govelins, 10h33 de course, 673 \u00e8me, ravito sec:<\/span><\/em><\/div>\n<div dir=\"auto\"><em><span style=\"color: #000000;\">Apr\u00e8s une partie sableuse juste avant d&rsquo;arriver, on arrive au ravitaillement, je remplis mes gourdes et me restaure avec du coca et snickers, la famille de Christophe est encore l\u00e0, on discute, je vide mes chaussures du sable accumul\u00e9, on fait des photos, et hop on repart. Dur de remettre en route mais on y va, encore du GR puis on passe dans le golf bluegrenn Rhuys Kerver ou on court tout du long, top, la suite va \u00eatre plus compliqu\u00e9 en arrivant au port du Crouesty ou on marche un peu plus jusqu&rsquo;au prochain ravitaillement&#8230;<\/span><\/em><\/div>\n<\/div>\n<div class=\"x14z9mp xat24cr x1lziwak x1vvkbs xtlvy1s x126k92a\">\n<div dir=\"auto\"><em><span style=\"color: #000000;\"><strong>Km 88,4,<\/strong> Arzon Stade Chapron, 12h33 de course, 676 \u00e8me, ravito chaud avec assistance:<\/span><\/em><\/div>\n<div dir=\"auto\"><em><span style=\"color: #000000;\">Enfin arriv\u00e9, je retrouve mon manu qui est parqu\u00e9 dans un ridicule petit espace, \u00e7a n&rsquo;est vraiment pas adapt\u00e9 leur assistance derri\u00e8re des tables&#8230;<\/span><\/em><\/div>\n<div dir=\"auto\"><em><span style=\"color: #000000;\">M\u00eame pas le temps de discuter, je prends le sac, on peux pas prendre de douche car beaucoup trop de monde, on zap, changement de chaussettes avec une cr\u00e8me antifrottements, je garde mes chaussures, j&rsquo;irai au bout avec, je m&rsquo;y suis adapt\u00e9 donc je change plus, on mange, encore une bonne pl\u00e2tr\u00e9 avec une pur\u00e9e trop liquide et pas sal\u00e9e&#8230; je redonne le sac \u00e0 Manu et on repart pour quelques kilom\u00e8tres. Au bout de quelques centaines de m\u00e8tres Christophe reprends ses anciennes chaussures qu&rsquo;il venait de changer car \u00e7a l&rsquo;aurait pas fait, heureusement la famille est pas loin <span class=\"html-span xexx8yu xyri2b x18d9i69 x1c1uobl x1hl2dhg x16tdsg8 x1vvkbs x3nfvp2 x1j61x8r x1fcty0u xdj266r xat24cr xm2jcoa x1mpyi22 xxymvpz xlup9mm x1kky2od\"><img loading=\"lazy\" decoding=\"async\" class=\"xz74otr x15mokao x1ga7v0g x16uus16 xbiv7yw\" src=\"https:\/\/static.xx.fbcdn.net\/images\/emoji.php\/v9\/t4f\/1\/16\/1f601.png\" alt=\"\ud83d\ude01\" width=\"16\" height=\"16\" \/><\/span>.<\/span><\/em><\/div>\n<\/div>\n<div class=\"x14z9mp xat24cr x1lziwak x1vvkbs xtlvy1s x126k92a\">\n<div dir=\"auto\"><em><span style=\"color: #000000;\"><strong>Km 91,8<\/strong>, Arzon Port Navalo, 13h40 de course, 654 \u00e8me, bateau:<\/span><\/em><\/div>\n<div dir=\"auto\"><em><span style=\"color: #000000;\">Pour cette partie, arriv\u00e9 au quai le chrono est stopp\u00e9 jusqu&rsquo;\u00e0 l&rsquo;autre bout de la travers\u00e9e. Le temps est toujours couvert et mieux vaut se couvrir. Une pointe \u00e0 2m15\/km \u00e7a va \u00eatre dur de battre ce record <span class=\"html-span xexx8yu xyri2b x18d9i69 x1c1uobl x1hl2dhg x16tdsg8 x1vvkbs x3nfvp2 x1j61x8r x1fcty0u xdj266r xat24cr xm2jcoa x1mpyi22 xxymvpz xlup9mm x1kky2od\"><img loading=\"lazy\" decoding=\"async\" class=\"xz74otr x15mokao x1ga7v0g x16uus16 xbiv7yw\" src=\"https:\/\/static.xx.fbcdn.net\/images\/emoji.php\/v9\/t53\/1\/16\/1f605.png\" alt=\"\ud83d\ude05\" width=\"16\" height=\"16\" \/><\/span>. La travers\u00e9e dure 15 minutes environ. Arriv\u00e9e \u00e0 Locmariaquer Le Guilvin je donne la corde \u00e0 la personne sur le quai et on peux descendre, superbe exp\u00e9rience, on remets les vestes dans les sacs et on repart. On passe le check point avec le chrono qui repart aussi, des petites rues tr\u00e8s jolies, des ostr\u00e9iculteurs avec de petites zones de d\u00e9gustation tr\u00e8s sympa, super panorama.<\/span><\/em><\/div>\n<div dir=\"auto\"><em><span style=\"color: #000000;\">Arr\u00eat pipi <span class=\"html-span xexx8yu xyri2b x18d9i69 x1c1uobl x1hl2dhg x16tdsg8 x1vvkbs x3nfvp2 x1j61x8r x1fcty0u xdj266r xat24cr xm2jcoa x1mpyi22 xxymvpz xlup9mm x1kky2od\"><img loading=\"lazy\" decoding=\"async\" class=\"xz74otr x15mokao x1ga7v0g x16uus16 xbiv7yw\" src=\"https:\/\/static.xx.fbcdn.net\/images\/emoji.php\/v9\/t4f\/1\/16\/1f601.png\" alt=\"\ud83d\ude01\" width=\"16\" height=\"16\" \/><\/span>, hop on y retourne&#8230;<\/span><\/em><\/div>\n<\/div>\n<div class=\"x14z9mp xat24cr x1lziwak x1vvkbs xtlvy1s x126k92a\">\n<div dir=\"auto\"><em><span style=\"color: #000000;\"><strong>Km 102,7<\/strong>, Crac&rsquo;h Espace des Ch\u00eanes, 14h59 de course, 635 \u00e8me, ravito chaud avec assistance:<\/span><\/em><\/div>\n<div dir=\"auto\"><em><span style=\"color: #000000;\">Arriv\u00e9 au ravito, on se restaure avec la pur\u00e9e, p\u00e2tes, jambon et fromage, on rempli les gourdes et on passe au massage qui nous feront pas trop de bien. On ressort de la salle et Christophe va \u00e0 la zone d&rsquo;assistance pour changer d&rsquo;affaires, pour moi mon manu sera retourn\u00e9 se coucher car la fatigue se fait sentir, en m\u00eame temps je ne prends plus rien dans le sac d&rsquo;assistance donc je l&rsquo;ai au t\u00e9l\u00e9phone, je le verrais plus tard, je fais des \u00e9tirements et quand Christophe sera pr\u00eat on ira, go cest repartis avec un comit\u00e9 d&rsquo;accueil au top, la famille et amis de Christophe sont venu en nombre pour l&rsquo;occasion, super chaleureux, quel plaisir <span class=\"html-span xexx8yu xyri2b x18d9i69 x1c1uobl x1hl2dhg x16tdsg8 x1vvkbs x3nfvp2 x1j61x8r x1fcty0u xdj266r xat24cr xm2jcoa x1mpyi22 xxymvpz xlup9mm x1kky2od\"><img loading=\"lazy\" decoding=\"async\" class=\"xz74otr x15mokao x1ga7v0g x16uus16 xbiv7yw\" src=\"https:\/\/static.xx.fbcdn.net\/images\/emoji.php\/v9\/t57\/1\/16\/1f609.png\" alt=\"\ud83d\ude09\" width=\"16\" height=\"16\" \/><\/span> Christophe a d\u00fb beaucoup appr\u00e9cier, les photos sont de misent <span class=\"html-span xexx8yu xyri2b x18d9i69 x1c1uobl x1hl2dhg x16tdsg8 x1vvkbs x3nfvp2 x1j61x8r x1fcty0u xdj266r xat24cr xm2jcoa x1mpyi22 xxymvpz xlup9mm x1kky2od\"><img loading=\"lazy\" decoding=\"async\" class=\"xz74otr x15mokao x1ga7v0g x16uus16 xbiv7yw\" src=\"https:\/\/static.xx.fbcdn.net\/images\/emoji.php\/v9\/tde\/1\/16\/1f4f8.png\" alt=\"\ud83d\udcf8\" width=\"16\" height=\"16\" \/><\/span>, on repart requinqu\u00e9 m\u00eame si plus tard je paierais peut-\u00eatre le massage au pied&#8230; nous revoil\u00e0 sur les routes et il commence \u00e0 faire chaud, le temps se d\u00e9couvre et on le paiera plus tard comme bien d&rsquo;autres. On alterne course et marche, Christophe est bien en marche (il galope<span class=\"html-span xexx8yu xyri2b x18d9i69 x1c1uobl x1hl2dhg x16tdsg8 x1vvkbs x3nfvp2 x1j61x8r x1fcty0u xdj266r xat24cr xm2jcoa x1mpyi22 xxymvpz xlup9mm x1kky2od\"><img loading=\"lazy\" decoding=\"async\" class=\"xz74otr x15mokao x1ga7v0g x16uus16 xbiv7yw\" src=\"https:\/\/static.xx.fbcdn.net\/images\/emoji.php\/v9\/t6c\/1\/16\/1f4aa.png\" alt=\"\ud83d\udcaa\" width=\"16\" height=\"16\" \/><\/span>) et moi en course, marcher me fait de plus en plus mal <span class=\"html-span xexx8yu xyri2b x18d9i69 x1c1uobl x1hl2dhg x16tdsg8 x1vvkbs x3nfvp2 x1j61x8r x1fcty0u xdj266r xat24cr xm2jcoa x1mpyi22 xxymvpz xlup9mm x1kky2od\"><img loading=\"lazy\" decoding=\"async\" class=\"xz74otr x15mokao x1ga7v0g x16uus16 xbiv7yw\" src=\"https:\/\/static.xx.fbcdn.net\/images\/emoji.php\/v9\/te\/1\/16\/1f622.png\" alt=\"\ud83d\ude22\" width=\"16\" height=\"16\" \/><\/span> mais je serre les dents et attends les moments de course. On alterne des passage en sous-bois <span class=\"html-span xexx8yu xyri2b x18d9i69 x1c1uobl x1hl2dhg x16tdsg8 x1vvkbs x3nfvp2 x1j61x8r x1fcty0u xdj266r xat24cr xm2jcoa x1mpyi22 xxymvpz xlup9mm x1kky2od\"><img loading=\"lazy\" decoding=\"async\" class=\"xz74otr x15mokao x1ga7v0g x16uus16 xbiv7yw\" src=\"https:\/\/static.xx.fbcdn.net\/images\/emoji.php\/v9\/t7b\/1\/16\/1f44c.png\" alt=\"\ud83d\udc4c\" width=\"16\" height=\"16\" \/><\/span>et bitume <span class=\"html-span xexx8yu xyri2b x18d9i69 x1c1uobl x1hl2dhg x16tdsg8 x1vvkbs x3nfvp2 x1j61x8r x1fcty0u xdj266r xat24cr xm2jcoa x1mpyi22 xxymvpz xlup9mm x1kky2od\"><img loading=\"lazy\" decoding=\"async\" class=\"xz74otr x15mokao x1ga7v0g x16uus16 xbiv7yw\" src=\"https:\/\/static.xx.fbcdn.net\/images\/emoji.php\/v9\/t6f\/1\/16\/1f975.png\" alt=\"\ud83e\udd75\" width=\"16\" height=\"16\" \/><\/span>, on arrive encore \u00e0 courir un peu, on arrive \u00e0 Auray, que \u00e7a grimpe i\u00e7i, maintenant le port de Saint Goustan, cadre magnifique, et avec encore un accueil chaleureux du groupe d&rsquo;une dizaine de personnes qui \u00e9tait venu pour Christophe et qui \u00e9tait d\u00e9j\u00e0 venu plus t\u00f4t dans la course, \u00e0 l&rsquo;ombre avec la vue et une tourtel <span class=\"html-span xexx8yu xyri2b x18d9i69 x1c1uobl x1hl2dhg x16tdsg8 x1vvkbs x3nfvp2 x1j61x8r x1fcty0u xdj266r xat24cr xm2jcoa x1mpyi22 xxymvpz xlup9mm x1kky2od\"><img loading=\"lazy\" decoding=\"async\" class=\"xz74otr x15mokao x1ga7v0g x16uus16 xbiv7yw\" src=\"https:\/\/static.xx.fbcdn.net\/images\/emoji.php\/v9\/ta1\/1\/16\/1f61d.png\" alt=\"\ud83d\ude1d\" width=\"16\" height=\"16\" \/><\/span> elle est pas belle la vie, merci \u00e0 eux pour m&rsquo;avoir bien accueilli et int\u00e9gr\u00e9 dans le groupe \u00e0 chaque fois que l&rsquo;on s&rsquo;est vue <span class=\"html-span xexx8yu xyri2b x18d9i69 x1c1uobl x1hl2dhg x16tdsg8 x1vvkbs x3nfvp2 x1j61x8r x1fcty0u xdj266r xat24cr xm2jcoa x1mpyi22 xxymvpz xlup9mm x1kky2od\"><img loading=\"lazy\" decoding=\"async\" class=\"xz74otr x15mokao x1ga7v0g x16uus16 xbiv7yw\" src=\"https:\/\/static.xx.fbcdn.net\/images\/emoji.php\/v9\/t6c\/1\/16\/2764.png\" alt=\"\u2764\ufe0f\" width=\"16\" height=\"16\" \/><\/span> \u00e7a fait vraiment plaisir. A un moment faut repartir, les derni\u00e8res photos et on file vers le Bono, en marchant et apr\u00e8s on ne sera plus amen\u00e9 \u00e0 courir beaucoup, l\u00e0 mon calvaire va \u00eatre tr\u00e8s long, 60km avec une douleur \u00e0 chaque pas au pied droit, bref on a tous des douleurs et Christophe avait aussi les cuisses douloureuses et s\u00fbrement autre part comme tout le monde.<\/span><\/em><\/div>\n<div dir=\"auto\"><em><span style=\"color: #000000;\">On marche vite sous l&rsquo;impulsion de Christophe entre 6 et 7km\/h, \u00e7a va vite, la preuve on double quand m\u00eame&#8230;<\/span><\/em><\/div>\n<\/div>\n<div class=\"x14z9mp xat24cr x1lziwak x1vvkbs xtlvy1s x126k92a\">\n<div dir=\"auto\"><em><span style=\"color: #000000;\"><strong>Km 117,9<\/strong>, Le Bono Le Port, 17h54 de course, 626 \u00e8me, ravito sec:<\/span><\/em><\/div>\n<div dir=\"auto\"><em><span style=\"color: #000000;\">Une fois pass\u00e9 le pont, on arrive au port et donc le ravitaillement. Il fait tr\u00e8s chaud, on mange, rempli les gourdes, mouill\u00e9 la t\u00eate, casquettes, on s&rsquo;\u00e9tire, et on repartira. On voit de plus en plus de personnes \u00e0 avoir des assistance sauvage mais avec la chaleur comment les bl\u00e2mer&#8230;nous on fait notre course et on regarde les coureurs isol\u00e9s qui essaye de se reposer \u00e0 l&rsquo;ombre.<\/span><\/em><\/div>\n<div dir=\"auto\"><em><span style=\"color: #000000;\">Je trouve que l&rsquo;on voit beaucoup trop de d\u00e9chets de coureurs sur le parcours, inadmissible&#8230;<\/span><\/em><\/div>\n<div dir=\"auto\"><em><span style=\"color: #000000;\">Les parties d&rsquo;ombres sont attendues avec impatience, on voit des coureurs nous doubler en courant sous la chaleur et marcher \u00e0 l&rsquo;ombre ???<\/span><\/em><\/div>\n<div dir=\"auto\"><em><span style=\"color: #000000;\">Dans la plupart des cas, ceux qui nous double on les retrouvent plus loin et on les redouble.<\/span><\/em><\/div>\n<\/div>\n<div class=\"x14z9mp xat24cr x1lziwak x1vvkbs xtlvy1s x126k92a\">\n<div dir=\"auto\"><em><span style=\"color: #000000;\"><strong>Km 124<\/strong>, point d&rsquo;eau (heureusement), non mentionn\u00e9, il a fait du bien vu la chaleur toujours plus forte.<\/span><\/em><\/div>\n<\/div>\n<div class=\"x14z9mp xat24cr x1lziwak x1vvkbs xtlvy1s x126k92a\">\n<div dir=\"auto\"><em><span style=\"color: #000000;\">Passage dans un tr\u00e8s joli village , on retrouvera non loin le groupe de Christophe pour une autre pause avec la fameuse tourtel <span class=\"html-span xexx8yu xyri2b x18d9i69 x1c1uobl x1hl2dhg x16tdsg8 x1vvkbs x3nfvp2 x1j61x8r x1fcty0u xdj266r xat24cr xm2jcoa x1mpyi22 xxymvpz xlup9mm x1kky2od\"><img loading=\"lazy\" decoding=\"async\" class=\"xz74otr x15mokao x1ga7v0g x16uus16 xbiv7yw\" src=\"https:\/\/static.xx.fbcdn.net\/images\/emoji.php\/v9\/t7b\/1\/16\/1f44c.png\" alt=\"\ud83d\udc4c\" width=\"16\" height=\"16\" \/><\/span>bien fra\u00eeche, les vid\u00e9os, les photos, les massages pour les cuisses de Christophe qui lui font plus de bien qu&rsquo;\u00e0 Crac&rsquo;h,<\/span><\/em><\/div>\n<div dir=\"auto\"><em><span style=\"color: #000000;\">On repart, toujours avec le soleil&#8230;<\/span><\/em><\/div>\n<div dir=\"auto\"><em><span style=\"color: #000000;\">On repasse en bord de mer avec encore des encouragements du groupe de Christophe, on voit des coureurs qui se reposent encore.<\/span><\/em><\/div>\n<div dir=\"auto\"><em><span style=\"color: #000000;\">Les kilom\u00e8tres d\u00e9filent lentement, reste quelques kilom\u00e8tres avant le prochain ravito, le bitume, les mont\u00e9es, la chaleur qui br\u00fble le short, arrive le moment o\u00f9 le corps peux plus, on est stopp\u00e9, on avance plus <span class=\"html-span xexx8yu xyri2b x18d9i69 x1c1uobl x1hl2dhg x16tdsg8 x1vvkbs x3nfvp2 x1j61x8r x1fcty0u xdj266r xat24cr xm2jcoa x1mpyi22 xxymvpz xlup9mm x1kky2od\"><img loading=\"lazy\" decoding=\"async\" class=\"xz74otr x15mokao x1ga7v0g x16uus16 xbiv7yw\" src=\"https:\/\/static.xx.fbcdn.net\/images\/emoji.php\/v9\/t40\/1\/16\/1f4a5.png\" alt=\"\ud83d\udca5\" width=\"16\" height=\"16\" \/><\/span><span class=\"html-span xexx8yu xyri2b x18d9i69 x1c1uobl x1hl2dhg x16tdsg8 x1vvkbs x3nfvp2 x1j61x8r x1fcty0u xdj266r xat24cr xm2jcoa x1mpyi22 xxymvpz xlup9mm x1kky2od\"><img loading=\"lazy\" decoding=\"async\" class=\"xz74otr x15mokao x1ga7v0g x16uus16 xbiv7yw\" src=\"https:\/\/static.xx.fbcdn.net\/images\/emoji.php\/v9\/t6f\/1\/16\/1f975.png\" alt=\"\ud83e\udd75\" width=\"16\" height=\"16\" \/><\/span>, Christophe essaye d&rsquo;appeler sa famille pour venir nous donner \u00e0 boire car l\u00e0 c&rsquo;est tr\u00e8s chaud, on se pose, il y avait un ami de Christophe qui est all\u00e9 chercher \u00e0 boire chez une habitante, super sympa, elle nous donne 2 Schweppes agrumes frais, arrive ensuite sa famille qui nous donne quelques nourritures et boissons, reste 2\/3 km avant le ravito, \u00e7a parait interminable&#8230;<\/span><\/em><\/div>\n<\/div>\n<div class=\"x14z9mp xat24cr x1lziwak x1vvkbs xtlvy1s x126k92a\">\n<div dir=\"auto\"><em><span style=\"color: #000000;\"><strong>Km 141,5<\/strong>, Baden Port Blanc, 22h39 de course, 583 \u00e8me, ravito chaud avec assistance:<\/span><\/em><\/div>\n<div dir=\"auto\"><em><span style=\"color: #000000;\">Enfin arriv\u00e9&#8230; que c&rsquo;\u00e9tait dur et long ces quelques kilom\u00e8tres, on se pose, les jambes en l&rsquo;air, l&rsquo;\u00e9quipe m\u00e9dicale viens voir Christophe car il \u00e9tait bien entam\u00e9 le vieux <span class=\"html-span xexx8yu xyri2b x18d9i69 x1c1uobl x1hl2dhg x16tdsg8 x1vvkbs x3nfvp2 x1j61x8r x1fcty0u xdj266r xat24cr xm2jcoa x1mpyi22 xxymvpz xlup9mm x1kky2od\"><img loading=\"lazy\" decoding=\"async\" class=\"xz74otr x15mokao x1ga7v0g x16uus16 xbiv7yw\" src=\"https:\/\/static.xx.fbcdn.net\/images\/emoji.php\/v9\/t53\/1\/16\/1f605.png\" alt=\"\ud83d\ude05\" width=\"16\" height=\"16\" \/><\/span> on a pris le temps, lui n&rsquo;a pas beaucoup mang\u00e9 mais s&rsquo;est requinqu\u00e9, \u00e7a fait plaisir, on va pas arr\u00eater l\u00e0 quand m\u00eame. Le groupe de Christophe nous a motiv\u00e9, conseill\u00e9, \u00e7a fait plaisir. Le pipi et on repart pour les 30 derniers kilom\u00e8tres.<\/span><\/em><\/div>\n<div dir=\"auto\"><em><span style=\"color: #000000;\">Rythme cool, heureusement le soleil d\u00e9cline et la chaleur aussi avec en plus des parties ombrag\u00e9es.<\/span><\/em><\/div>\n<div dir=\"auto\"><em><span style=\"color: #000000;\">On avance et il retrouve de la vitesse, on marche plus vite, il va mieux mon Christophe <span class=\"html-span xexx8yu xyri2b x18d9i69 x1c1uobl x1hl2dhg x16tdsg8 x1vvkbs x3nfvp2 x1j61x8r x1fcty0u xdj266r xat24cr xm2jcoa x1mpyi22 xxymvpz xlup9mm x1kky2od\"><img loading=\"lazy\" decoding=\"async\" class=\"xz74otr x15mokao x1ga7v0g x16uus16 xbiv7yw\" src=\"https:\/\/static.xx.fbcdn.net\/images\/emoji.php\/v9\/t4f\/1\/16\/1f601.png\" alt=\"\ud83d\ude01\" width=\"16\" height=\"16\" \/><\/span> \u00e7a fait plaisir, sauf \u00e0 mon pied <span class=\"html-span xexx8yu xyri2b x18d9i69 x1c1uobl x1hl2dhg x16tdsg8 x1vvkbs x3nfvp2 x1j61x8r x1fcty0u xdj266r xat24cr xm2jcoa x1mpyi22 xxymvpz xlup9mm x1kky2od\"><img loading=\"lazy\" decoding=\"async\" class=\"xz74otr x15mokao x1ga7v0g x16uus16 xbiv7yw\" src=\"https:\/\/static.xx.fbcdn.net\/images\/emoji.php\/v9\/t53\/1\/16\/1f605.png\" alt=\"\ud83d\ude05\" width=\"16\" height=\"16\" \/><\/span>. Finalement Jean-marie r\u00e9ussira \u00e0 nous rattraper, respect total, car il \u00e9tait vraiment au fond du gouffre, m\u00eame assis sur un des bancs d&rsquo;abandon sur un ravito, il a rien l\u00e2ch\u00e9 et est reparti, heureusement que sa femme et son fils \u00e9tait plus loin, \u00e7a l&rsquo;a boost\u00e9, c&rsquo;est bien pour lui <span class=\"html-span xexx8yu xyri2b x18d9i69 x1c1uobl x1hl2dhg x16tdsg8 x1vvkbs x3nfvp2 x1j61x8r x1fcty0u xdj266r xat24cr xm2jcoa x1mpyi22 xxymvpz xlup9mm x1kky2od\"><img loading=\"lazy\" decoding=\"async\" class=\"xz74otr x15mokao x1ga7v0g x16uus16 xbiv7yw\" src=\"https:\/\/static.xx.fbcdn.net\/images\/emoji.php\/v9\/t6c\/1\/16\/1f4aa.png\" alt=\"\ud83d\udcaa\" width=\"16\" height=\"16\" \/><\/span>.<\/span><\/em><\/div>\n<div dir=\"auto\"><em><span style=\"color: #000000;\">A 5 km du dernier point d&rsquo;eau, mon manu nous retrouve apr\u00e8s les avoir fait \u00e0 pied, content de le voir, mais on marche plus vite et il suis pas <span class=\"html-span xexx8yu xyri2b x18d9i69 x1c1uobl x1hl2dhg x16tdsg8 x1vvkbs x3nfvp2 x1j61x8r x1fcty0u xdj266r xat24cr xm2jcoa x1mpyi22 xxymvpz xlup9mm x1kky2od\"><img loading=\"lazy\" decoding=\"async\" class=\"xz74otr x15mokao x1ga7v0g x16uus16 xbiv7yw\" src=\"https:\/\/static.xx.fbcdn.net\/images\/emoji.php\/v9\/te\/1\/16\/1f622.png\" alt=\"\ud83d\ude22\" width=\"16\" height=\"16\" \/><\/span>, je le retrouverais plus tard dommage. Entre-temps on retrouve le groupe de Christophe pour une petite tourtel et on repart. On passe par des endroits sympa&#8230;<\/span><\/em><\/div>\n<\/div>\n<div class=\"x14z9mp xat24cr x1lziwak x1vvkbs xtlvy1s x126k92a\">\n<div dir=\"auto\"><em><span style=\"color: #000000;\"><strong>Km 151,9,<\/strong> Arradon Gilles Gahinet, 25h33 de course, 623 \u00e8me, ravito sec:<\/span><\/em><\/div>\n<div dir=\"auto\"><em><span style=\"color: #000000;\">Voil\u00e0 le dernier ravito, on reste pas longtemps, de l&rsquo;eau, des quartiers d&rsquo;oranges et on repart, on voit manu retourner \u00e0 la voiture <span class=\"html-span xexx8yu xyri2b x18d9i69 x1c1uobl x1hl2dhg x16tdsg8 x1vvkbs x3nfvp2 x1j61x8r x1fcty0u xdj266r xat24cr xm2jcoa x1mpyi22 xxymvpz xlup9mm x1kky2od\"><img loading=\"lazy\" decoding=\"async\" class=\"xz74otr x15mokao x1ga7v0g x16uus16 xbiv7yw\" src=\"https:\/\/static.xx.fbcdn.net\/images\/emoji.php\/v9\/t75\/1\/16\/1f618.png\" alt=\"\ud83d\ude18\" width=\"16\" height=\"16\" \/><\/span> on se verra avant l&rsquo;arriv\u00e9e. On file sur les 20 derniers km, de la route mais pas que, u.e partie sympa en bord de mer sur des m\u00fbrs, on recroise le groupe de Christophe <span class=\"html-span xexx8yu xyri2b x18d9i69 x1c1uobl x1hl2dhg x16tdsg8 x1vvkbs x3nfvp2 x1j61x8r x1fcty0u xdj266r xat24cr xm2jcoa x1mpyi22 xxymvpz xlup9mm x1kky2od\"><img loading=\"lazy\" decoding=\"async\" class=\"xz74otr x15mokao x1ga7v0g x16uus16 xbiv7yw\" src=\"https:\/\/static.xx.fbcdn.net\/images\/emoji.php\/v9\/tce\/1\/16\/1f600.png\" alt=\"\ud83d\ude00\" width=\"16\" height=\"16\" \/><\/span><\/span><\/em><\/div>\n<div dir=\"auto\"><em><span style=\"color: #000000;\">Un fond de bi\u00e8re pour lui et on repart, l&rsquo;invitation des pizzas \u00e0 l&rsquo;arriv\u00e9e \u00e9tait tr\u00e8s sympa et gentil, on file encore \u00e0 un bon rythme, et l\u00e0, bah comment dire, je savais que \u00e7a allait \u00eatre dur apr\u00e8s ce passage, mar\u00e9e haute, passage oblig\u00e9 dans l&rsquo;eau, on enlev\u00e9 les chaussures et on garde les chaussettes, au d\u00e9but de l&rsquo;eau aux mollets puis jusqu&rsquo;en haut des cuisses, j&rsquo;imagine les plus petits&#8230; enfin pass\u00e9 on remet les chaussures, pas top mais bon on serre les dents.<\/span><\/em><\/div>\n<div dir=\"auto\"><em><span style=\"color: #000000;\">La fin de parcours \u00e9tait plut\u00f4t difficile avec plus de d\u00e9nivel\u00e9 par rapport aux autres portions avec le m\u00eame km, la nuit est tomb\u00e9, on avance encore, la fin est interminable avec cette douleur au pied droit qui est l\u00e0 depuis tr\u00e8s longtemps, Christophe ne l\u00e2che pas son rythme, on retrouve son groupe \u00e0 10km de la fin pour une ultime tourtel et des encouragements dignes de ce nom, merci on en a vraiment besoin. L&rsquo;arriv\u00e9e se rapproche mais que c&rsquo;est long, des tours et d\u00e9tours aux a ordre de Vannes, des lignes droites poussi\u00e9reuses qui se suivent sans en voir le bout avec un balisage qui laisse beaucoup \u00e0 d\u00e9sir\u00e9 malheureusement, on voit un semblant de b\u00e2timent au loin, non c&rsquo;est encore plus, puis enfin je reconnais un peu les lieux&#8230;<\/span><\/em><\/div>\n<\/div>\n<div class=\"x14z9mp xat24cr x1lziwak x1vvkbs xtlvy1s x126k92a\">\n<div dir=\"auto\"><em><span style=\"color: #000000;\"><strong>Km 172,7<\/strong>, Pont de K\u00e9rino, 28h55 de course, 573 \u00e8me:<\/span><\/em><\/div>\n<div dir=\"auto\"><em><span style=\"color: #000000;\">On continue pareil, je sais pas comment fait Christophe pour tenir ce rythme depuis presque toute la course, respect, moi depuis quelques kilom\u00e8tres je n&rsquo;en pouvais vraiment plus mais je me disais que s&rsquo;il me l\u00e2chait alors je le reverrais plus et je finirais je sais pas quand&#8230; alors je me suis accroch\u00e9 comme j&rsquo;ai pu et au final \u00e7a l&rsquo;a fait, reste 1 kilom\u00e8tre \u00e0 peu pr\u00e8s et je vois mon manu, je laisse partir Christophe pour qu&rsquo;il passe la ligne d&rsquo;arriv\u00e9e avant moi, ce qui est tout \u00e0 fait normal et logique car c&rsquo;est lui qui a men\u00e9 notre duo 95% du temps <span class=\"html-span xexx8yu xyri2b x18d9i69 x1c1uobl x1hl2dhg x16tdsg8 x1vvkbs x3nfvp2 x1j61x8r x1fcty0u xdj266r xat24cr xm2jcoa x1mpyi22 xxymvpz xlup9mm x1kky2od\"><img loading=\"lazy\" decoding=\"async\" class=\"xz74otr x15mokao x1ga7v0g x16uus16 xbiv7yw\" src=\"https:\/\/static.xx.fbcdn.net\/images\/emoji.php\/v9\/t80\/1\/16\/1f64f.png\" alt=\"\ud83d\ude4f\" width=\"16\" height=\"16\" \/><\/span> .<\/span><\/em><\/div>\n<div dir=\"auto\"><em><span style=\"color: #000000;\">On fait tous les deux la derni\u00e8re ligne droite, manu m&rsquo;encourage tout le temps, arrive le virage \u00e0 180 degr\u00e9 et le tapis bleu pour l&rsquo;entr\u00e9e vers la cons\u00e9cration, reste 100m, on court \u00e0 petit trot et arrive enfin cette d\u00e9livrance tant attendue, sous les encouragements des gens qui sont encore pr\u00e9sents.<\/span><\/em><\/div>\n<\/div>\n<div class=\"x14z9mp xat24cr x1lziwak x1vvkbs xtlvy1s x126k92a\">\n<div dir=\"auto\"><em><span style=\"color: #000000;\"><strong>Km 175,<\/strong> Port de Vannes, 29h12m07 de course, 565 \u00e8me: Mais quelles douleurs aux pieds, serr\u00e9 comme un \u00e9tau, les ampoules par dessus, les hanches&#8230; bref j&rsquo;arr\u00eate l\u00e0 sinon on va me mettre en maison de retraite <span class=\"html-span xexx8yu xyri2b x18d9i69 x1c1uobl x1hl2dhg x16tdsg8 x1vvkbs x3nfvp2 x1j61x8r x1fcty0u xdj266r xat24cr xm2jcoa x1mpyi22 xxymvpz xlup9mm x1kky2od\"><img loading=\"lazy\" decoding=\"async\" class=\"xz74otr x15mokao x1ga7v0g x16uus16 xbiv7yw\" src=\"https:\/\/static.xx.fbcdn.net\/images\/emoji.php\/v9\/t4f\/1\/16\/1f601.png\" alt=\"\ud83d\ude01\" width=\"16\" height=\"16\" \/><\/span>.<\/span><\/em><\/div>\n<div dir=\"auto\"><em><span style=\"color: #000000;\">Le temps de prendre mon lot \u00e0 l&rsquo;arriv\u00e9e, un coupe vent et je me pose sur un transat, erreur, je tremble direct, trop froid, impossible de lever les jambes, heureusement que manu est l\u00e0, couverture de survie que je ne sais toujours pas comment la mettre <span class=\"html-span xexx8yu xyri2b x18d9i69 x1c1uobl x1hl2dhg x16tdsg8 x1vvkbs x3nfvp2 x1j61x8r x1fcty0u xdj266r xat24cr xm2jcoa x1mpyi22 xxymvpz xlup9mm x1kky2od\"><img loading=\"lazy\" decoding=\"async\" class=\"xz74otr x15mokao x1ga7v0g x16uus16 xbiv7yw\" src=\"https:\/\/static.xx.fbcdn.net\/images\/emoji.php\/v9\/t53\/1\/16\/1f605.png\" alt=\"\ud83d\ude05\" width=\"16\" height=\"16\" \/><\/span>, je d\u00e9cide de retourner \u00e0 l&rsquo;appartement pour prendre une douche chaude et dormir, en passant je remercie tant bien que mal le groupe \u00e0 Christophe qui lui est frais comme un gardon <span class=\"html-span xexx8yu xyri2b x18d9i69 x1c1uobl x1hl2dhg x16tdsg8 x1vvkbs x3nfvp2 x1j61x8r x1fcty0u xdj266r xat24cr xm2jcoa x1mpyi22 xxymvpz xlup9mm x1kky2od\"><img loading=\"lazy\" decoding=\"async\" class=\"xz74otr x15mokao x1ga7v0g x16uus16 xbiv7yw\" src=\"https:\/\/static.xx.fbcdn.net\/images\/emoji.php\/v9\/ta1\/1\/16\/1f61d.png\" alt=\"\ud83d\ude1d\" width=\"16\" height=\"16\" \/><\/span>, je suis super d\u00e9\u00e7u de ne pas pouvoir trinquer avec eux <span class=\"html-span xexx8yu xyri2b x18d9i69 x1c1uobl x1hl2dhg x16tdsg8 x1vvkbs x3nfvp2 x1j61x8r x1fcty0u xdj266r xat24cr xm2jcoa x1mpyi22 xxymvpz xlup9mm x1kky2od\"><img loading=\"lazy\" decoding=\"async\" class=\"xz74otr x15mokao x1ga7v0g x16uus16 xbiv7yw\" src=\"https:\/\/static.xx.fbcdn.net\/images\/emoji.php\/v9\/tbd\/1\/16\/1f62a.png\" alt=\"\ud83d\ude2a\" width=\"16\" height=\"16\" \/><\/span> mais il faut vraiment que je rentre car \u00e7a va pas du tout. Le temps que Manu aille chercher la voiture, je m&rsquo;assoie sur un banc \u00e0 l&rsquo;entr\u00e9e du village de course, je revois le groupe juste avant que manu arrive et on se redis quelques mots encore, voil\u00e0 retour \u00e0 l&rsquo;appartement, la douche est dure \u00e0 prendre, par contre le dodo est venu en 2 secondes <span class=\"html-span xexx8yu xyri2b x18d9i69 x1c1uobl x1hl2dhg x16tdsg8 x1vvkbs x3nfvp2 x1j61x8r x1fcty0u xdj266r xat24cr xm2jcoa x1mpyi22 xxymvpz xlup9mm x1kky2od\"><img loading=\"lazy\" decoding=\"async\" class=\"xz74otr x15mokao x1ga7v0g x16uus16 xbiv7yw\" src=\"https:\/\/static.xx.fbcdn.net\/images\/emoji.php\/v9\/t53\/1\/16\/1f605.png\" alt=\"\ud83d\ude05\" width=\"16\" height=\"16\" \/><\/span><\/span><\/em><\/div>\n<\/div>\n<div class=\"x14z9mp xat24cr x1lziwak x1vvkbs xtlvy1s x126k92a\">\n<div dir=\"auto\"><em><span style=\"color: #000000;\">Une bonne nuit de sommeil et debout, enfin je m&rsquo;accroche partout pour me relever car les douleurs <span class=\"html-span xexx8yu xyri2b x18d9i69 x1c1uobl x1hl2dhg x16tdsg8 x1vvkbs x3nfvp2 x1j61x8r x1fcty0u xdj266r xat24cr xm2jcoa x1mpyi22 xxymvpz xlup9mm x1kky2od\"><img loading=\"lazy\" decoding=\"async\" class=\"xz74otr x15mokao x1ga7v0g x16uus16 xbiv7yw\" src=\"https:\/\/static.xx.fbcdn.net\/images\/emoji.php\/v9\/t53\/1\/16\/1f605.png\" alt=\"\ud83d\ude05\" width=\"16\" height=\"16\" \/><\/span>, on se pr\u00e9pare pour partir de l&rsquo;appartement et retourner au port pour r\u00e9cup\u00e9rer le sac de d\u00e9lestage. Je regarde sur le livetrail pour savoir si les coureurs du club sont arriv\u00e9 sur la course de 70km, Beno\u00eet oui mais <span class=\"html-span xdj266r x14z9mp xat24cr x1lziwak xexx8yu xyri2b x18d9i69 x1c1uobl x1hl2dhg x16tdsg8 x1vvkbs\"><span class=\"xt0psk2\"><span class=\"xjp7ctv\">Ludo<\/span><\/span><\/span> pas encore, il devrait pas tarder, je finis par avancer pour aller \u00e0 sa rencontre, \u00e7a y est, \u00e7a a \u00e9t\u00e9 tr\u00e8s dur pour lui, respect de n&rsquo;avoir rien l\u00e2ch\u00e9, je trottine quelques m\u00e8tres avec lui pour l&rsquo;encourager et le f\u00e9liciter car il le m\u00e9rite, et puis je le laisse filer avec ses fils pour enfin rallier l&rsquo;arriv\u00e9e, bravo Ludo. Enfin je vais chercher mon sac de d\u00e9lestage et je croise plusieurs coureurs qui viennent seulement d&rsquo;arriver, les boules pour eux, moi j&rsquo;ai dormis un peu mais eux ils doivent \u00eatre cuits.<\/span><\/em><\/div>\n<\/div>\n<div class=\"x14z9mp xat24cr x1lziwak x1vvkbs xtlvy1s x126k92a\">\n<div dir=\"auto\"><em><span style=\"color: #000000;\">L&rsquo;Ultra marin se termine, j&rsquo;y ai pris beaucoup de plaisir et de douleurs, j&rsquo;en retiendrais toute l&rsquo;exp\u00e9rience acquise pour les futures \u00e9ch\u00e9ances, au final mes objectifs sont atteints, \u00eatre FINISHER et en moins de 30h <span class=\"html-span xexx8yu xyri2b x18d9i69 x1c1uobl x1hl2dhg x16tdsg8 x1vvkbs x3nfvp2 x1j61x8r x1fcty0u xdj266r xat24cr xm2jcoa x1mpyi22 xxymvpz xlup9mm x1kky2od\"><img loading=\"lazy\" decoding=\"async\" class=\"xz74otr x15mokao x1ga7v0g x16uus16 xbiv7yw\" src=\"https:\/\/static.xx.fbcdn.net\/images\/emoji.php\/v9\/t6c\/1\/16\/1f4aa.png\" alt=\"\ud83d\udcaa\" width=\"16\" height=\"16\" \/><\/span><\/span><\/em><\/div>\n<\/div>\n<div class=\"x14z9mp xat24cr x1lziwak x1vvkbs xtlvy1s x126k92a\">\n<div dir=\"auto\"><em><span style=\"color: #000000;\">On \u00e9tait 4 sur le 175km, et 2 sur le 70km et on est tous finisher, bravo \u00e0 tous.<span class=\"html-span xexx8yu xyri2b x18d9i69 x1c1uobl x1hl2dhg x16tdsg8 x1vvkbs x3nfvp2 x1j61x8r x1fcty0u xdj266r xat24cr xm2jcoa x1mpyi22 xxymvpz xlup9mm x1kky2od\"><img loading=\"lazy\" decoding=\"async\" class=\"xz74otr x15mokao x1ga7v0g x16uus16 xbiv7yw\" src=\"https:\/\/static.xx.fbcdn.net\/images\/emoji.php\/v9\/t6c\/1\/16\/1f4aa.png\" alt=\"\ud83d\udcaa\" width=\"16\" height=\"16\" \/><\/span><span class=\"html-span xexx8yu xyri2b x18d9i69 x1c1uobl x1hl2dhg x16tdsg8 x1vvkbs x3nfvp2 x1j61x8r x1fcty0u xdj266r xat24cr xm2jcoa x1mpyi22 xxymvpz xlup9mm x1kky2od\"><img loading=\"lazy\" decoding=\"async\" class=\"xz74otr x15mokao x1ga7v0g x16uus16 xbiv7yw\" src=\"https:\/\/static.xx.fbcdn.net\/images\/emoji.php\/v9\/ta1\/1\/16\/1f61d.png\" alt=\"\ud83d\ude1d\" width=\"16\" height=\"16\" \/><\/span><span class=\"html-span xexx8yu xyri2b x18d9i69 x1c1uobl x1hl2dhg x16tdsg8 x1vvkbs x3nfvp2 x1j61x8r x1fcty0u xdj266r xat24cr xm2jcoa x1mpyi22 xxymvpz xlup9mm x1kky2od\"><img loading=\"lazy\" decoding=\"async\" class=\"xz74otr x15mokao x1ga7v0g x16uus16 xbiv7yw\" src=\"https:\/\/static.xx.fbcdn.net\/images\/emoji.php\/v9\/tea\/1\/16\/1f970.png\" alt=\"\ud83e\udd70\" width=\"16\" height=\"16\" \/><\/span><\/span><\/em><\/div>\n<div dir=\"auto\"><em><span style=\"color: #000000;\">Merci les gars car on s&rsquo;est tous encourag\u00e9 motiv\u00e9 mutuellement pour arriver au but, \u00e7a reste une victoire individuelle mais pour moi aussi collective.\u00a0\u00bb<\/span><\/em><\/div>\n<div dir=\"auto\">\n<figure id=\"attachment_26399\" aria-describedby=\"caption-attachment-26399\" style=\"width: 479px\" class=\"wp-caption aligncenter\"><a href=\"https:\/\/janze-athletisme.fr\/wordpress\/wp-content\/uploads\/2025\/07\/515050680_18061858262269304_7587113330464690091_n.jpg\"><img loading=\"lazy\" decoding=\"async\" class=\"wp-image-26399\" src=\"https:\/\/janze-athletisme.fr\/wordpress\/wp-content\/uploads\/2025\/07\/515050680_18061858262269304_7587113330464690091_n-300x300.jpg\" alt=\"\" width=\"479\" height=\"479\" srcset=\"https:\/\/janze-athletisme.fr\/wordpress\/wp-content\/uploads\/2025\/07\/515050680_18061858262269304_7587113330464690091_n-300x300.jpg 300w, https:\/\/janze-athletisme.fr\/wordpress\/wp-content\/uploads\/2025\/07\/515050680_18061858262269304_7587113330464690091_n-150x150.jpg 150w, https:\/\/janze-athletisme.fr\/wordpress\/wp-content\/uploads\/2025\/07\/515050680_18061858262269304_7587113330464690091_n.jpg 600w\" sizes=\"auto, (max-width: 479px) 100vw, 479px\" \/><\/a><figcaption id=\"caption-attachment-26399\" class=\"wp-caption-text\">Erwan et Christophe, compagnons de gal\u00e8re !<\/figcaption><\/figure>\n<\/div>\n<\/div>\n<div class=\"x14z9mp xat24cr x1lziwak x1vvkbs xtlvy1s x126k92a\"><\/div>\n<\/div>\n<\/div>\n<\/div>\n<\/div>\n<\/div>\n<\/div>\n<p>&nbsp;<\/p>\n","protected":false},"excerpt":{"rendered":"<p>Ultramarin &nbsp; Bon, d&rsquo;habitude, il est rare que je fasse plus d&rsquo;un article pour relater un \u00e9v\u00e9nement. mais quand j&rsquo;ai demand\u00e9 \u00e0 Erwan quelques lignes pour nous relater son exp\u00e9rience lors de son 1er ultratrail, emport\u00e9 par sa verve et la fougue de sa jeunesse, il nous a sortie une encyclop\u00e9die de l&rsquo;ultramarin en plusieurs [&hellip;]<\/p>\n","protected":false},"author":8,"featured_media":26234,"comment_status":"open","ping_status":"open","sticky":false,"template":"","format":"aside","meta":{"_uag_custom_page_level_css":"","site-sidebar-layout":"default","site-content-layout":"","ast-site-content-layout":"default","site-content-style":"default","site-sidebar-style":"default","ast-global-header-display":"","ast-banner-title-visibility":"","ast-main-header-display":"","ast-hfb-above-header-display":"","ast-hfb-below-header-display":"","ast-hfb-mobile-header-display":"","site-post-title":"","ast-breadcrumbs-content":"","ast-featured-img":"","footer-sml-layout":"","ast-disable-related-posts":"","theme-transparent-header-meta":"default","adv-header-id-meta":"","stick-header-meta":"","header-above-stick-meta":"","header-main-stick-meta":"","header-below-stick-meta":"","astra-migrate-meta-layouts":"set","ast-page-background-enabled":"default","ast-page-background-meta":{"desktop":{"background-color":"var(--ast-global-color-4)","background-image":"","background-repeat":"repeat","background-position":"center center","background-size":"auto","background-attachment":"scroll","background-type":"","background-media":"","overlay-type":"","overlay-color":"","overlay-opacity":"","overlay-gradient":""},"tablet":{"background-color":"","background-image":"","background-repeat":"repeat","background-position":"center center","background-size":"auto","background-attachment":"scroll","background-type":"","background-media":"","overlay-type":"","overlay-color":"","overlay-opacity":"","overlay-gradient":""},"mobile":{"background-color":"","background-image":"","background-repeat":"repeat","background-position":"center center","background-size":"auto","background-attachment":"scroll","background-type":"","background-media":"","overlay-type":"","overlay-color":"","overlay-opacity":"","overlay-gradient":""}},"ast-content-background-meta":{"desktop":{"background-color":"var(--ast-global-color-5)","background-image":"","background-repeat":"repeat","background-position":"center center","background-size":"auto","background-attachment":"scroll","background-type":"","background-media":"","overlay-type":"","overlay-color":"","overlay-opacity":"","overlay-gradient":""},"tablet":{"background-color":"var(--ast-global-color-5)","background-image":"","background-repeat":"repeat","background-position":"center center","background-size":"auto","background-attachment":"scroll","background-type":"","background-media":"","overlay-type":"","overlay-color":"","overlay-opacity":"","overlay-gradient":""},"mobile":{"background-color":"var(--ast-global-color-5)","background-image":"","background-repeat":"repeat","background-position":"center center","background-size":"auto","background-attachment":"scroll","background-type":"","background-media":"","overlay-type":"","overlay-color":"","overlay-opacity":"","overlay-gradient":""}},"footnotes":""},"categories":[6],"tags":[],"class_list":["post-26398","post","type-post","status-publish","format-aside","has-post-thumbnail","hentry","category-sections","post_format-post-format-aside"],"yoast_head":"<!-- This site is optimized with the Yoast SEO plugin v27.5 - https:\/\/yoast.com\/product\/yoast-seo-wordpress\/ -->\n<title>Vannes: Force et honneur ! - Janz\u00e9 Athl\u00e9tisme<\/title>\n<meta name=\"robots\" content=\"index, follow, max-snippet:-1, max-image-preview:large, max-video-preview:-1\" \/>\n<link rel=\"canonical\" href=\"https:\/\/janze-athletisme.fr\/wordpress\/vannes-force-et-honneur\/\" \/>\n<meta property=\"og:locale\" content=\"fr_FR\" \/>\n<meta property=\"og:type\" content=\"article\" \/>\n<meta property=\"og:title\" content=\"Vannes: Force et honneur ! - Janz\u00e9 Athl\u00e9tisme\" \/>\n<meta property=\"og:description\" content=\"Ultramarin &nbsp; Bon, d&rsquo;habitude, il est rare que je fasse plus d&rsquo;un article pour relater un \u00e9v\u00e9nement. mais quand j&rsquo;ai demand\u00e9 \u00e0 Erwan quelques lignes pour nous relater son exp\u00e9rience lors de son 1er ultratrail, emport\u00e9 par sa verve et la fougue de sa jeunesse, il nous a sortie une encyclop\u00e9die de l&rsquo;ultramarin en plusieurs [&hellip;]\" \/>\n<meta property=\"og:url\" content=\"https:\/\/janze-athletisme.fr\/wordpress\/vannes-force-et-honneur\/\" \/>\n<meta property=\"og:site_name\" content=\"Janz\u00e9 Athl\u00e9tisme\" \/>\n<meta property=\"article:publisher\" content=\"https:\/\/www.facebook.com\/groups\/1007964579346590\" \/>\n<meta property=\"article:published_time\" content=\"2025-07-02T10:29:07+00:00\" \/>\n<meta property=\"article:modified_time\" content=\"2025-07-02T10:33:35+00:00\" \/>\n<meta property=\"og:image\" content=\"https:\/\/janze-athletisme.fr\/wordpress\/wp-content\/uploads\/2025\/06\/affiche-2025.jpeg\" \/>\n\t<meta property=\"og:image:width\" content=\"1131\" \/>\n\t<meta property=\"og:image:height\" content=\"1600\" \/>\n\t<meta property=\"og:image:type\" content=\"image\/jpeg\" \/>\n<meta name=\"author\" content=\"Jean-Marie Jouzel\" \/>\n<meta name=\"twitter:card\" content=\"summary_large_image\" \/>\n<meta name=\"twitter:label1\" content=\"\u00c9crit par\" \/>\n\t<meta name=\"twitter:data1\" content=\"Jean-Marie Jouzel\" \/>\n\t<meta name=\"twitter:label2\" content=\"Dur\u00e9e de lecture estim\u00e9e\" \/>\n\t<meta name=\"twitter:data2\" content=\"27 minutes\" \/>\n<script type=\"application\/ld+json\" class=\"yoast-schema-graph\">{\"@context\":\"https:\\\/\\\/schema.org\",\"@graph\":[{\"@type\":\"Article\",\"@id\":\"https:\\\/\\\/janze-athletisme.fr\\\/wordpress\\\/vannes-force-et-honneur\\\/#article\",\"isPartOf\":{\"@id\":\"https:\\\/\\\/janze-athletisme.fr\\\/wordpress\\\/vannes-force-et-honneur\\\/\"},\"author\":{\"name\":\"Jean-Marie Jouzel\",\"@id\":\"https:\\\/\\\/janze-athletisme.fr\\\/wordpress\\\/#\\\/schema\\\/person\\\/e27efa3d49687b81c679eb0b5c4973e9\"},\"headline\":\"Vannes: Force et honneur !\",\"datePublished\":\"2025-07-02T10:29:07+00:00\",\"dateModified\":\"2025-07-02T10:33:35+00:00\",\"mainEntityOfPage\":{\"@id\":\"https:\\\/\\\/janze-athletisme.fr\\\/wordpress\\\/vannes-force-et-honneur\\\/\"},\"wordCount\":3607,\"commentCount\":2,\"publisher\":{\"@id\":\"https:\\\/\\\/janze-athletisme.fr\\\/wordpress\\\/#organization\"},\"image\":{\"@id\":\"https:\\\/\\\/janze-athletisme.fr\\\/wordpress\\\/vannes-force-et-honneur\\\/#primaryimage\"},\"thumbnailUrl\":\"https:\\\/\\\/janze-athletisme.fr\\\/wordpress\\\/wp-content\\\/uploads\\\/2025\\\/06\\\/affiche-2025.jpeg\",\"articleSection\":[\"Le club au jour le jour\"],\"inLanguage\":\"fr-FR\",\"potentialAction\":[{\"@type\":\"CommentAction\",\"name\":\"Comment\",\"target\":[\"https:\\\/\\\/janze-athletisme.fr\\\/wordpress\\\/vannes-force-et-honneur\\\/#respond\"]}]},{\"@type\":\"WebPage\",\"@id\":\"https:\\\/\\\/janze-athletisme.fr\\\/wordpress\\\/vannes-force-et-honneur\\\/\",\"url\":\"https:\\\/\\\/janze-athletisme.fr\\\/wordpress\\\/vannes-force-et-honneur\\\/\",\"name\":\"Vannes: Force et honneur ! - Janz\u00e9 Athl\u00e9tisme\",\"isPartOf\":{\"@id\":\"https:\\\/\\\/janze-athletisme.fr\\\/wordpress\\\/#website\"},\"primaryImageOfPage\":{\"@id\":\"https:\\\/\\\/janze-athletisme.fr\\\/wordpress\\\/vannes-force-et-honneur\\\/#primaryimage\"},\"image\":{\"@id\":\"https:\\\/\\\/janze-athletisme.fr\\\/wordpress\\\/vannes-force-et-honneur\\\/#primaryimage\"},\"thumbnailUrl\":\"https:\\\/\\\/janze-athletisme.fr\\\/wordpress\\\/wp-content\\\/uploads\\\/2025\\\/06\\\/affiche-2025.jpeg\",\"datePublished\":\"2025-07-02T10:29:07+00:00\",\"dateModified\":\"2025-07-02T10:33:35+00:00\",\"breadcrumb\":{\"@id\":\"https:\\\/\\\/janze-athletisme.fr\\\/wordpress\\\/vannes-force-et-honneur\\\/#breadcrumb\"},\"inLanguage\":\"fr-FR\",\"potentialAction\":[{\"@type\":\"ReadAction\",\"target\":[\"https:\\\/\\\/janze-athletisme.fr\\\/wordpress\\\/vannes-force-et-honneur\\\/\"]}]},{\"@type\":\"ImageObject\",\"inLanguage\":\"fr-FR\",\"@id\":\"https:\\\/\\\/janze-athletisme.fr\\\/wordpress\\\/vannes-force-et-honneur\\\/#primaryimage\",\"url\":\"https:\\\/\\\/janze-athletisme.fr\\\/wordpress\\\/wp-content\\\/uploads\\\/2025\\\/06\\\/affiche-2025.jpeg\",\"contentUrl\":\"https:\\\/\\\/janze-athletisme.fr\\\/wordpress\\\/wp-content\\\/uploads\\\/2025\\\/06\\\/affiche-2025.jpeg\",\"width\":1131,\"height\":1600},{\"@type\":\"BreadcrumbList\",\"@id\":\"https:\\\/\\\/janze-athletisme.fr\\\/wordpress\\\/vannes-force-et-honneur\\\/#breadcrumb\",\"itemListElement\":[{\"@type\":\"ListItem\",\"position\":1,\"name\":\"Accueil\",\"item\":\"https:\\\/\\\/janze-athletisme.fr\\\/wordpress\\\/\"},{\"@type\":\"ListItem\",\"position\":2,\"name\":\"Vannes: Force et honneur !\"}]},{\"@type\":\"WebSite\",\"@id\":\"https:\\\/\\\/janze-athletisme.fr\\\/wordpress\\\/#website\",\"url\":\"https:\\\/\\\/janze-athletisme.fr\\\/wordpress\\\/\",\"name\":\"Janz\u00e9 Athl\u00e9tisme\",\"description\":\"Pays de La Roche aux F\u00e9es\",\"publisher\":{\"@id\":\"https:\\\/\\\/janze-athletisme.fr\\\/wordpress\\\/#organization\"},\"potentialAction\":[{\"@type\":\"SearchAction\",\"target\":{\"@type\":\"EntryPoint\",\"urlTemplate\":\"https:\\\/\\\/janze-athletisme.fr\\\/wordpress\\\/?s={search_term_string}\"},\"query-input\":{\"@type\":\"PropertyValueSpecification\",\"valueRequired\":true,\"valueName\":\"search_term_string\"}}],\"inLanguage\":\"fr-FR\"},{\"@type\":\"Organization\",\"@id\":\"https:\\\/\\\/janze-athletisme.fr\\\/wordpress\\\/#organization\",\"name\":\"Janz\u00e9 Athl\u00e9tisme\",\"url\":\"https:\\\/\\\/janze-athletisme.fr\\\/wordpress\\\/\",\"logo\":{\"@type\":\"ImageObject\",\"inLanguage\":\"fr-FR\",\"@id\":\"https:\\\/\\\/janze-athletisme.fr\\\/wordpress\\\/#\\\/schema\\\/logo\\\/image\\\/\",\"url\":\"https:\\\/\\\/janze-athletisme.fr\\\/wordpress\\\/wp-content\\\/uploads\\\/2015\\\/03\\\/logo-full1.jpg\",\"contentUrl\":\"https:\\\/\\\/janze-athletisme.fr\\\/wordpress\\\/wp-content\\\/uploads\\\/2015\\\/03\\\/logo-full1.jpg\",\"width\":437,\"height\":205,\"caption\":\"Janz\u00e9 Athl\u00e9tisme\"},\"image\":{\"@id\":\"https:\\\/\\\/janze-athletisme.fr\\\/wordpress\\\/#\\\/schema\\\/logo\\\/image\\\/\"},\"sameAs\":[\"https:\\\/\\\/www.facebook.com\\\/groups\\\/1007964579346590\"]},{\"@type\":\"Person\",\"@id\":\"https:\\\/\\\/janze-athletisme.fr\\\/wordpress\\\/#\\\/schema\\\/person\\\/e27efa3d49687b81c679eb0b5c4973e9\",\"name\":\"Jean-Marie Jouzel\",\"image\":{\"@type\":\"ImageObject\",\"inLanguage\":\"fr-FR\",\"@id\":\"https:\\\/\\\/secure.gravatar.com\\\/avatar\\\/6aaee532914ad5ae9d6b4c13c953c6689456493b17979b560cf8fd0c344930ab?s=96&d=mm&r=g\",\"url\":\"https:\\\/\\\/secure.gravatar.com\\\/avatar\\\/6aaee532914ad5ae9d6b4c13c953c6689456493b17979b560cf8fd0c344930ab?s=96&d=mm&r=g\",\"contentUrl\":\"https:\\\/\\\/secure.gravatar.com\\\/avatar\\\/6aaee532914ad5ae9d6b4c13c953c6689456493b17979b560cf8fd0c344930ab?s=96&d=mm&r=g\",\"caption\":\"Jean-Marie Jouzel\"},\"url\":\"https:\\\/\\\/janze-athletisme.fr\\\/wordpress\\\/author\\\/jmjouzel\\\/\"}]}<\/script>\n<!-- \/ Yoast SEO plugin. -->","yoast_head_json":{"title":"Vannes: Force et honneur ! - Janz\u00e9 Athl\u00e9tisme","robots":{"index":"index","follow":"follow","max-snippet":"max-snippet:-1","max-image-preview":"max-image-preview:large","max-video-preview":"max-video-preview:-1"},"canonical":"https:\/\/janze-athletisme.fr\/wordpress\/vannes-force-et-honneur\/","og_locale":"fr_FR","og_type":"article","og_title":"Vannes: Force et honneur ! - Janz\u00e9 Athl\u00e9tisme","og_description":"Ultramarin &nbsp; Bon, d&rsquo;habitude, il est rare que je fasse plus d&rsquo;un article pour relater un \u00e9v\u00e9nement. mais quand j&rsquo;ai demand\u00e9 \u00e0 Erwan quelques lignes pour nous relater son exp\u00e9rience lors de son 1er ultratrail, emport\u00e9 par sa verve et la fougue de sa jeunesse, il nous a sortie une encyclop\u00e9die de l&rsquo;ultramarin en plusieurs [&hellip;]","og_url":"https:\/\/janze-athletisme.fr\/wordpress\/vannes-force-et-honneur\/","og_site_name":"Janz\u00e9 Athl\u00e9tisme","article_publisher":"https:\/\/www.facebook.com\/groups\/1007964579346590","article_published_time":"2025-07-02T10:29:07+00:00","article_modified_time":"2025-07-02T10:33:35+00:00","og_image":[{"width":1131,"height":1600,"url":"https:\/\/janze-athletisme.fr\/wordpress\/wp-content\/uploads\/2025\/06\/affiche-2025.jpeg","type":"image\/jpeg"}],"author":"Jean-Marie Jouzel","twitter_card":"summary_large_image","twitter_misc":{"\u00c9crit par":"Jean-Marie Jouzel","Dur\u00e9e de lecture estim\u00e9e":"27 minutes"},"schema":{"@context":"https:\/\/schema.org","@graph":[{"@type":"Article","@id":"https:\/\/janze-athletisme.fr\/wordpress\/vannes-force-et-honneur\/#article","isPartOf":{"@id":"https:\/\/janze-athletisme.fr\/wordpress\/vannes-force-et-honneur\/"},"author":{"name":"Jean-Marie Jouzel","@id":"https:\/\/janze-athletisme.fr\/wordpress\/#\/schema\/person\/e27efa3d49687b81c679eb0b5c4973e9"},"headline":"Vannes: Force et honneur !","datePublished":"2025-07-02T10:29:07+00:00","dateModified":"2025-07-02T10:33:35+00:00","mainEntityOfPage":{"@id":"https:\/\/janze-athletisme.fr\/wordpress\/vannes-force-et-honneur\/"},"wordCount":3607,"commentCount":2,"publisher":{"@id":"https:\/\/janze-athletisme.fr\/wordpress\/#organization"},"image":{"@id":"https:\/\/janze-athletisme.fr\/wordpress\/vannes-force-et-honneur\/#primaryimage"},"thumbnailUrl":"https:\/\/janze-athletisme.fr\/wordpress\/wp-content\/uploads\/2025\/06\/affiche-2025.jpeg","articleSection":["Le club au jour le jour"],"inLanguage":"fr-FR","potentialAction":[{"@type":"CommentAction","name":"Comment","target":["https:\/\/janze-athletisme.fr\/wordpress\/vannes-force-et-honneur\/#respond"]}]},{"@type":"WebPage","@id":"https:\/\/janze-athletisme.fr\/wordpress\/vannes-force-et-honneur\/","url":"https:\/\/janze-athletisme.fr\/wordpress\/vannes-force-et-honneur\/","name":"Vannes: Force et honneur ! - Janz\u00e9 Athl\u00e9tisme","isPartOf":{"@id":"https:\/\/janze-athletisme.fr\/wordpress\/#website"},"primaryImageOfPage":{"@id":"https:\/\/janze-athletisme.fr\/wordpress\/vannes-force-et-honneur\/#primaryimage"},"image":{"@id":"https:\/\/janze-athletisme.fr\/wordpress\/vannes-force-et-honneur\/#primaryimage"},"thumbnailUrl":"https:\/\/janze-athletisme.fr\/wordpress\/wp-content\/uploads\/2025\/06\/affiche-2025.jpeg","datePublished":"2025-07-02T10:29:07+00:00","dateModified":"2025-07-02T10:33:35+00:00","breadcrumb":{"@id":"https:\/\/janze-athletisme.fr\/wordpress\/vannes-force-et-honneur\/#breadcrumb"},"inLanguage":"fr-FR","potentialAction":[{"@type":"ReadAction","target":["https:\/\/janze-athletisme.fr\/wordpress\/vannes-force-et-honneur\/"]}]},{"@type":"ImageObject","inLanguage":"fr-FR","@id":"https:\/\/janze-athletisme.fr\/wordpress\/vannes-force-et-honneur\/#primaryimage","url":"https:\/\/janze-athletisme.fr\/wordpress\/wp-content\/uploads\/2025\/06\/affiche-2025.jpeg","contentUrl":"https:\/\/janze-athletisme.fr\/wordpress\/wp-content\/uploads\/2025\/06\/affiche-2025.jpeg","width":1131,"height":1600},{"@type":"BreadcrumbList","@id":"https:\/\/janze-athletisme.fr\/wordpress\/vannes-force-et-honneur\/#breadcrumb","itemListElement":[{"@type":"ListItem","position":1,"name":"Accueil","item":"https:\/\/janze-athletisme.fr\/wordpress\/"},{"@type":"ListItem","position":2,"name":"Vannes: Force et honneur !"}]},{"@type":"WebSite","@id":"https:\/\/janze-athletisme.fr\/wordpress\/#website","url":"https:\/\/janze-athletisme.fr\/wordpress\/","name":"Janz\u00e9 Athl\u00e9tisme","description":"Pays de La Roche aux F\u00e9es","publisher":{"@id":"https:\/\/janze-athletisme.fr\/wordpress\/#organization"},"potentialAction":[{"@type":"SearchAction","target":{"@type":"EntryPoint","urlTemplate":"https:\/\/janze-athletisme.fr\/wordpress\/?s={search_term_string}"},"query-input":{"@type":"PropertyValueSpecification","valueRequired":true,"valueName":"search_term_string"}}],"inLanguage":"fr-FR"},{"@type":"Organization","@id":"https:\/\/janze-athletisme.fr\/wordpress\/#organization","name":"Janz\u00e9 Athl\u00e9tisme","url":"https:\/\/janze-athletisme.fr\/wordpress\/","logo":{"@type":"ImageObject","inLanguage":"fr-FR","@id":"https:\/\/janze-athletisme.fr\/wordpress\/#\/schema\/logo\/image\/","url":"https:\/\/janze-athletisme.fr\/wordpress\/wp-content\/uploads\/2015\/03\/logo-full1.jpg","contentUrl":"https:\/\/janze-athletisme.fr\/wordpress\/wp-content\/uploads\/2015\/03\/logo-full1.jpg","width":437,"height":205,"caption":"Janz\u00e9 Athl\u00e9tisme"},"image":{"@id":"https:\/\/janze-athletisme.fr\/wordpress\/#\/schema\/logo\/image\/"},"sameAs":["https:\/\/www.facebook.com\/groups\/1007964579346590"]},{"@type":"Person","@id":"https:\/\/janze-athletisme.fr\/wordpress\/#\/schema\/person\/e27efa3d49687b81c679eb0b5c4973e9","name":"Jean-Marie Jouzel","image":{"@type":"ImageObject","inLanguage":"fr-FR","@id":"https:\/\/secure.gravatar.com\/avatar\/6aaee532914ad5ae9d6b4c13c953c6689456493b17979b560cf8fd0c344930ab?s=96&d=mm&r=g","url":"https:\/\/secure.gravatar.com\/avatar\/6aaee532914ad5ae9d6b4c13c953c6689456493b17979b560cf8fd0c344930ab?s=96&d=mm&r=g","contentUrl":"https:\/\/secure.gravatar.com\/avatar\/6aaee532914ad5ae9d6b4c13c953c6689456493b17979b560cf8fd0c344930ab?s=96&d=mm&r=g","caption":"Jean-Marie Jouzel"},"url":"https:\/\/janze-athletisme.fr\/wordpress\/author\/jmjouzel\/"}]}},"uagb_featured_image_src":{"full":["https:\/\/janze-athletisme.fr\/wordpress\/wp-content\/uploads\/2025\/06\/affiche-2025.jpeg",1131,1600,false],"thumbnail":["https:\/\/janze-athletisme.fr\/wordpress\/wp-content\/uploads\/2025\/06\/affiche-2025-150x150.jpeg",150,150,true],"medium":["https:\/\/janze-athletisme.fr\/wordpress\/wp-content\/uploads\/2025\/06\/affiche-2025-212x300.jpeg",212,300,true],"medium_large":["https:\/\/janze-athletisme.fr\/wordpress\/wp-content\/uploads\/2025\/06\/affiche-2025-768x1086.jpeg",768,1086,true],"large":["https:\/\/janze-athletisme.fr\/wordpress\/wp-content\/uploads\/2025\/06\/affiche-2025-724x1024.jpeg",724,1024,true],"1536x1536":["https:\/\/janze-athletisme.fr\/wordpress\/wp-content\/uploads\/2025\/06\/affiche-2025-1086x1536.jpeg",1086,1536,true],"2048x2048":["https:\/\/janze-athletisme.fr\/wordpress\/wp-content\/uploads\/2025\/06\/affiche-2025.jpeg",1131,1600,false]},"uagb_author_info":{"display_name":"Jean-Marie Jouzel","author_link":"https:\/\/janze-athletisme.fr\/wordpress\/author\/jmjouzel\/"},"uagb_comment_info":2,"uagb_excerpt":"Ultramarin &nbsp; Bon, d&rsquo;habitude, il est rare que je fasse plus d&rsquo;un article pour relater un \u00e9v\u00e9nement. mais quand j&rsquo;ai demand\u00e9 \u00e0 Erwan quelques lignes pour nous relater son exp\u00e9rience lors de son 1er ultratrail, emport\u00e9 par sa verve et la fougue de sa jeunesse, il nous a sortie une encyclop\u00e9die de l&rsquo;ultramarin en plusieurs\u2026","_links":{"self":[{"href":"https:\/\/janze-athletisme.fr\/wordpress\/wp-json\/wp\/v2\/posts\/26398","targetHints":{"allow":["GET"]}}],"collection":[{"href":"https:\/\/janze-athletisme.fr\/wordpress\/wp-json\/wp\/v2\/posts"}],"about":[{"href":"https:\/\/janze-athletisme.fr\/wordpress\/wp-json\/wp\/v2\/types\/post"}],"author":[{"embeddable":true,"href":"https:\/\/janze-athletisme.fr\/wordpress\/wp-json\/wp\/v2\/users\/8"}],"replies":[{"embeddable":true,"href":"https:\/\/janze-athletisme.fr\/wordpress\/wp-json\/wp\/v2\/comments?post=26398"}],"version-history":[{"count":2,"href":"https:\/\/janze-athletisme.fr\/wordpress\/wp-json\/wp\/v2\/posts\/26398\/revisions"}],"predecessor-version":[{"id":26401,"href":"https:\/\/janze-athletisme.fr\/wordpress\/wp-json\/wp\/v2\/posts\/26398\/revisions\/26401"}],"wp:featuredmedia":[{"embeddable":true,"href":"https:\/\/janze-athletisme.fr\/wordpress\/wp-json\/wp\/v2\/media\/26234"}],"wp:attachment":[{"href":"https:\/\/janze-athletisme.fr\/wordpress\/wp-json\/wp\/v2\/media?parent=26398"}],"wp:term":[{"taxonomy":"category","embeddable":true,"href":"https:\/\/janze-athletisme.fr\/wordpress\/wp-json\/wp\/v2\/categories?post=26398"},{"taxonomy":"post_tag","embeddable":true,"href":"https:\/\/janze-athletisme.fr\/wordpress\/wp-json\/wp\/v2\/tags?post=26398"}],"curies":[{"name":"wp","href":"https:\/\/api.w.org\/{rel}","templated":true}]}}