{"id":26327,"date":"2025-06-30T23:14:40","date_gmt":"2025-06-30T21:14:40","guid":{"rendered":"https:\/\/janze-athletisme.fr\/wordpress\/?p=26327"},"modified":"2025-07-01T22:45:54","modified_gmt":"2025-07-01T20:45:54","slug":"marcher-de-sene-a-vannes-le-pied","status":"publish","type":"post","link":"https:\/\/janze-athletisme.fr\/wordpress\/marcher-de-sene-a-vannes-le-pied\/","title":{"rendered":"Marcher de S\u00e9n\u00e9 \u00e0 Vannes, le pied !"},"content":{"rendered":"<p><strong><span style=\"font-family: verdana, geneva, sans-serif;font-size: 18pt\">Marche nordique de l&rsquo;ultra-marin, entre S\u00e9n\u00e9 et Vannes, vendredi 27 juin<\/span><\/strong><\/p>\n<p><span style=\"font-family: verdana, geneva, sans-serif\"><strong>Palmyre<\/strong> et <strong>Pierre<\/strong> Houget, <strong>Karine<\/strong> Pennec et<strong> Ludovic<\/strong> Dr\u00e9an ont particip\u00e9 \u00e0 l&rsquo;Ultra-marin, en avant-premi\u00e8re, avec leurs b\u00e2tons de marche. Une belle vir\u00e9e visiblement. Et au frais, ce qui n&rsquo;est pas n\u00e9gligeable par ces temps de grosses chaleurs. Voici ce qu&rsquo;en \u00e9crit Ludovic :\u00a0<\/span><\/p>\n<p><span style=\"font-family: verdana, geneva, sans-serif\">\u00ab\u00a0<em>Le d\u00e9part de la V\u00e9n\u00e8te pour cette 20\u00e8me \u00e9dition de l&rsquo;ultra marin est donn\u00e9 \u00e0 09h00 \u00e0 l&rsquo;hippodrome de S\u00e9n\u00e9. Ce n&rsquo;est pas encore la canicule, le temps est plut\u00f4t nuageux et un l\u00e9ger crachin est m\u00eame venu nous rafraichir durant les premiers kilom\u00e8tres. Puis direction le port de Vannes en passant par les sentiers c\u00f4tiers et des paysages d&rsquo;exception sous les encouragements des spectateurs. Apr\u00e8s pr\u00e8s de 29 km et beaucoup d&rsquo;efforts, nous arrivons enfin au village de l&rsquo;Ultra Marin, lieux d&rsquo;arriv\u00e9e de toutes les courses sur le port de Vannes, o\u00f9 nous sommes accueillis par une foule de spectateurs<\/em>.\u00a0\u00bb<\/span><\/p>\n<p><a href=\"https:\/\/janze-athletisme.fr\/wordpress\/wp-content\/uploads\/2025\/06\/MN-La-Venete.png\"><img loading=\"lazy\" decoding=\"async\" class=\"alignnone size-medium wp-image-26331\" src=\"https:\/\/janze-athletisme.fr\/wordpress\/wp-content\/uploads\/2025\/06\/MN-La-Venete-300x72.png\" alt=\"\" width=\"300\" height=\"72\" srcset=\"https:\/\/janze-athletisme.fr\/wordpress\/wp-content\/uploads\/2025\/06\/MN-La-Venete-300x72.png 300w, https:\/\/janze-athletisme.fr\/wordpress\/wp-content\/uploads\/2025\/06\/MN-La-Venete.png 560w\" sizes=\"auto, (max-width: 300px) 100vw, 300px\" \/><\/a><\/p>\n<p><a href=\"https:\/\/janze-athletisme.fr\/wordpress\/wp-content\/uploads\/2025\/06\/MN-La-Venete-1.jpg\"><img loading=\"lazy\" decoding=\"async\" class=\"alignnone wp-image-26328\" src=\"https:\/\/janze-athletisme.fr\/wordpress\/wp-content\/uploads\/2025\/06\/MN-La-Venete-1-205x300.jpg\" alt=\"\" width=\"198\" height=\"290\" srcset=\"https:\/\/janze-athletisme.fr\/wordpress\/wp-content\/uploads\/2025\/06\/MN-La-Venete-1-205x300.jpg 205w, https:\/\/janze-athletisme.fr\/wordpress\/wp-content\/uploads\/2025\/06\/MN-La-Venete-1-701x1024.jpg 701w, https:\/\/janze-athletisme.fr\/wordpress\/wp-content\/uploads\/2025\/06\/MN-La-Venete-1-768x1123.jpg 768w, https:\/\/janze-athletisme.fr\/wordpress\/wp-content\/uploads\/2025\/06\/MN-La-Venete-1.jpg 953w\" sizes=\"auto, (max-width: 198px) 100vw, 198px\" \/><\/a> <a href=\"https:\/\/janze-athletisme.fr\/wordpress\/wp-content\/uploads\/2025\/06\/MN-La-Venete-2.jpg\"><img loading=\"lazy\" decoding=\"async\" class=\"alignnone wp-image-26329\" src=\"https:\/\/janze-athletisme.fr\/wordpress\/wp-content\/uploads\/2025\/06\/MN-La-Venete-2-294x300.jpg\" alt=\"\" width=\"284\" height=\"290\" srcset=\"https:\/\/janze-athletisme.fr\/wordpress\/wp-content\/uploads\/2025\/06\/MN-La-Venete-2-294x300.jpg 294w, https:\/\/janze-athletisme.fr\/wordpress\/wp-content\/uploads\/2025\/06\/MN-La-Venete-2.jpg 762w\" sizes=\"auto, (max-width: 284px) 100vw, 284px\" \/><\/a> <a href=\"https:\/\/janze-athletisme.fr\/wordpress\/wp-content\/uploads\/2025\/06\/MN-La-Venete-3.jpg\"><img loading=\"lazy\" decoding=\"async\" class=\"alignnone wp-image-26330\" src=\"https:\/\/janze-athletisme.fr\/wordpress\/wp-content\/uploads\/2025\/06\/MN-La-Venete-3-300x273.jpg\" alt=\"\" width=\"316\" height=\"288\" srcset=\"https:\/\/janze-athletisme.fr\/wordpress\/wp-content\/uploads\/2025\/06\/MN-La-Venete-3-300x273.jpg 300w, https:\/\/janze-athletisme.fr\/wordpress\/wp-content\/uploads\/2025\/06\/MN-La-Venete-3.jpg 757w\" sizes=\"auto, (max-width: 316px) 100vw, 316px\" \/><\/a><\/p>\n<p><em><span style=\"font-size: 12pt;font-family: verdana, geneva, sans-serif\">Ils sont all\u00e9s v\u00e9n\u00e9r\u00e9s la V\u00e9n\u00e8te, avec en plus de beaux r\u00e9sultats&#8230;<\/span><\/em><\/p>\n","protected":false},"excerpt":{"rendered":"<p>Marche nordique de l&rsquo;ultra-marin, entre S\u00e9n\u00e9 et Vannes, vendredi 27 juin Palmyre et Pierre Houget, Karine Pennec et Ludovic Dr\u00e9an ont particip\u00e9 \u00e0 l&rsquo;Ultra-marin, en avant-premi\u00e8re, avec leurs b\u00e2tons de marche. Une belle vir\u00e9e visiblement. Et au frais, ce qui n&rsquo;est pas n\u00e9gligeable par ces temps de grosses chaleurs. Voici ce qu&rsquo;en \u00e9crit Ludovic :\u00a0 [&hellip;]<\/p>\n","protected":false},"author":12,"featured_media":26329,"comment_status":"open","ping_status":"open","sticky":false,"template":"","format":"aside","meta":{"_uag_custom_page_level_css":"","site-sidebar-layout":"default","site-content-layout":"","ast-site-content-layout":"default","site-content-style":"default","site-sidebar-style":"default","ast-global-header-display":"","ast-banner-title-visibility":"","ast-main-header-display":"","ast-hfb-above-header-display":"","ast-hfb-below-header-display":"","ast-hfb-mobile-header-display":"","site-post-title":"","ast-breadcrumbs-content":"","ast-featured-img":"","footer-sml-layout":"","ast-disable-related-posts":"","theme-transparent-header-meta":"default","adv-header-id-meta":"","stick-header-meta":"","header-above-stick-meta":"","header-main-stick-meta":"","header-below-stick-meta":"","astra-migrate-meta-layouts":"set","ast-page-background-enabled":"default","ast-page-background-meta":{"desktop":{"background-color":"var(--ast-global-color-4)","background-image":"","background-repeat":"repeat","background-position":"center center","background-size":"auto","background-attachment":"scroll","background-type":"","background-media":"","overlay-type":"","overlay-color":"","overlay-opacity":"","overlay-gradient":""},"tablet":{"background-color":"","background-image":"","background-repeat":"repeat","background-position":"center center","background-size":"auto","background-attachment":"scroll","background-type":"","background-media":"","overlay-type":"","overlay-color":"","overlay-opacity":"","overlay-gradient":""},"mobile":{"background-color":"","background-image":"","background-repeat":"repeat","background-position":"center center","background-size":"auto","background-attachment":"scroll","background-type":"","background-media":"","overlay-type":"","overlay-color":"","overlay-opacity":"","overlay-gradient":""}},"ast-content-background-meta":{"desktop":{"background-color":"var(--ast-global-color-5)","background-image":"","background-repeat":"repeat","background-position":"center center","background-size":"auto","background-attachment":"scroll","background-type":"","background-media":"","overlay-type":"","overlay-color":"","overlay-opacity":"","overlay-gradient":""},"tablet":{"background-color":"var(--ast-global-color-5)","background-image":"","background-repeat":"repeat","background-position":"center center","background-size":"auto","background-attachment":"scroll","background-type":"","background-media":"","overlay-type":"","overlay-color":"","overlay-opacity":"","overlay-gradient":""},"mobile":{"background-color":"var(--ast-global-color-5)","background-image":"","background-repeat":"repeat","background-position":"center center","background-size":"auto","background-attachment":"scroll","background-type":"","background-media":"","overlay-type":"","overlay-color":"","overlay-opacity":"","overlay-gradient":""}},"footnotes":""},"categories":[6],"tags":[],"class_list":["post-26327","post","type-post","status-publish","format-aside","has-post-thumbnail","hentry","category-sections","post_format-post-format-aside"],"yoast_head":"<!-- This site is optimized with the Yoast SEO plugin v27.5 - https:\/\/yoast.com\/product\/yoast-seo-wordpress\/ -->\n<title>Marcher de S\u00e9n\u00e9 \u00e0 Vannes, le pied ! - Janz\u00e9 Athl\u00e9tisme<\/title>\n<meta name=\"robots\" content=\"index, follow, max-snippet:-1, max-image-preview:large, max-video-preview:-1\" \/>\n<link rel=\"canonical\" href=\"https:\/\/janze-athletisme.fr\/wordpress\/marcher-de-sene-a-vannes-le-pied\/\" \/>\n<meta property=\"og:locale\" content=\"fr_FR\" \/>\n<meta property=\"og:type\" content=\"article\" \/>\n<meta property=\"og:title\" content=\"Marcher de S\u00e9n\u00e9 \u00e0 Vannes, le pied ! - Janz\u00e9 Athl\u00e9tisme\" \/>\n<meta property=\"og:description\" content=\"Marche nordique de l&rsquo;ultra-marin, entre S\u00e9n\u00e9 et Vannes, vendredi 27 juin Palmyre et Pierre Houget, Karine Pennec et Ludovic Dr\u00e9an ont particip\u00e9 \u00e0 l&rsquo;Ultra-marin, en avant-premi\u00e8re, avec leurs b\u00e2tons de marche. Une belle vir\u00e9e visiblement. Et au frais, ce qui n&rsquo;est pas n\u00e9gligeable par ces temps de grosses chaleurs. Voici ce qu&rsquo;en \u00e9crit Ludovic :\u00a0 [&hellip;]\" \/>\n<meta property=\"og:url\" content=\"https:\/\/janze-athletisme.fr\/wordpress\/marcher-de-sene-a-vannes-le-pied\/\" \/>\n<meta property=\"og:site_name\" content=\"Janz\u00e9 Athl\u00e9tisme\" \/>\n<meta property=\"article:publisher\" content=\"https:\/\/www.facebook.com\/groups\/1007964579346590\" \/>\n<meta property=\"article:published_time\" content=\"2025-06-30T21:14:40+00:00\" \/>\n<meta property=\"article:modified_time\" content=\"2025-07-01T20:45:54+00:00\" \/>\n<meta property=\"og:image\" content=\"https:\/\/janze-athletisme.fr\/wordpress\/wp-content\/uploads\/2025\/06\/MN-La-Venete-2.jpg\" \/>\n\t<meta property=\"og:image:width\" content=\"762\" \/>\n\t<meta property=\"og:image:height\" content=\"777\" \/>\n\t<meta property=\"og:image:type\" content=\"image\/jpeg\" \/>\n<meta name=\"author\" content=\"Laurent Meunier\" \/>\n<meta name=\"twitter:card\" content=\"summary_large_image\" \/>\n<meta name=\"twitter:label1\" content=\"\u00c9crit par\" \/>\n\t<meta name=\"twitter:data1\" content=\"Laurent Meunier\" \/>\n\t<meta name=\"twitter:label2\" content=\"Dur\u00e9e de lecture estim\u00e9e\" \/>\n\t<meta name=\"twitter:data2\" content=\"2 minutes\" \/>\n<script type=\"application\/ld+json\" class=\"yoast-schema-graph\">{\"@context\":\"https:\\\/\\\/schema.org\",\"@graph\":[{\"@type\":\"Article\",\"@id\":\"https:\\\/\\\/janze-athletisme.fr\\\/wordpress\\\/marcher-de-sene-a-vannes-le-pied\\\/#article\",\"isPartOf\":{\"@id\":\"https:\\\/\\\/janze-athletisme.fr\\\/wordpress\\\/marcher-de-sene-a-vannes-le-pied\\\/\"},\"author\":{\"name\":\"Laurent Meunier\",\"@id\":\"https:\\\/\\\/janze-athletisme.fr\\\/wordpress\\\/#\\\/schema\\\/person\\\/c7b063dcfa6234c041d4d9b26cc2ea03\"},\"headline\":\"Marcher de S\u00e9n\u00e9 \u00e0 Vannes, le pied !\",\"datePublished\":\"2025-06-30T21:14:40+00:00\",\"dateModified\":\"2025-07-01T20:45:54+00:00\",\"mainEntityOfPage\":{\"@id\":\"https:\\\/\\\/janze-athletisme.fr\\\/wordpress\\\/marcher-de-sene-a-vannes-le-pied\\\/\"},\"wordCount\":205,\"commentCount\":0,\"publisher\":{\"@id\":\"https:\\\/\\\/janze-athletisme.fr\\\/wordpress\\\/#organization\"},\"image\":{\"@id\":\"https:\\\/\\\/janze-athletisme.fr\\\/wordpress\\\/marcher-de-sene-a-vannes-le-pied\\\/#primaryimage\"},\"thumbnailUrl\":\"https:\\\/\\\/janze-athletisme.fr\\\/wordpress\\\/wp-content\\\/uploads\\\/2025\\\/06\\\/MN-La-Venete-2.jpg\",\"articleSection\":[\"Le club au jour le jour\"],\"inLanguage\":\"fr-FR\",\"potentialAction\":[{\"@type\":\"CommentAction\",\"name\":\"Comment\",\"target\":[\"https:\\\/\\\/janze-athletisme.fr\\\/wordpress\\\/marcher-de-sene-a-vannes-le-pied\\\/#respond\"]}]},{\"@type\":\"WebPage\",\"@id\":\"https:\\\/\\\/janze-athletisme.fr\\\/wordpress\\\/marcher-de-sene-a-vannes-le-pied\\\/\",\"url\":\"https:\\\/\\\/janze-athletisme.fr\\\/wordpress\\\/marcher-de-sene-a-vannes-le-pied\\\/\",\"name\":\"Marcher de S\u00e9n\u00e9 \u00e0 Vannes, le pied ! - Janz\u00e9 Athl\u00e9tisme\",\"isPartOf\":{\"@id\":\"https:\\\/\\\/janze-athletisme.fr\\\/wordpress\\\/#website\"},\"primaryImageOfPage\":{\"@id\":\"https:\\\/\\\/janze-athletisme.fr\\\/wordpress\\\/marcher-de-sene-a-vannes-le-pied\\\/#primaryimage\"},\"image\":{\"@id\":\"https:\\\/\\\/janze-athletisme.fr\\\/wordpress\\\/marcher-de-sene-a-vannes-le-pied\\\/#primaryimage\"},\"thumbnailUrl\":\"https:\\\/\\\/janze-athletisme.fr\\\/wordpress\\\/wp-content\\\/uploads\\\/2025\\\/06\\\/MN-La-Venete-2.jpg\",\"datePublished\":\"2025-06-30T21:14:40+00:00\",\"dateModified\":\"2025-07-01T20:45:54+00:00\",\"breadcrumb\":{\"@id\":\"https:\\\/\\\/janze-athletisme.fr\\\/wordpress\\\/marcher-de-sene-a-vannes-le-pied\\\/#breadcrumb\"},\"inLanguage\":\"fr-FR\",\"potentialAction\":[{\"@type\":\"ReadAction\",\"target\":[\"https:\\\/\\\/janze-athletisme.fr\\\/wordpress\\\/marcher-de-sene-a-vannes-le-pied\\\/\"]}]},{\"@type\":\"ImageObject\",\"inLanguage\":\"fr-FR\",\"@id\":\"https:\\\/\\\/janze-athletisme.fr\\\/wordpress\\\/marcher-de-sene-a-vannes-le-pied\\\/#primaryimage\",\"url\":\"https:\\\/\\\/janze-athletisme.fr\\\/wordpress\\\/wp-content\\\/uploads\\\/2025\\\/06\\\/MN-La-Venete-2.jpg\",\"contentUrl\":\"https:\\\/\\\/janze-athletisme.fr\\\/wordpress\\\/wp-content\\\/uploads\\\/2025\\\/06\\\/MN-La-Venete-2.jpg\",\"width\":762,\"height\":777},{\"@type\":\"BreadcrumbList\",\"@id\":\"https:\\\/\\\/janze-athletisme.fr\\\/wordpress\\\/marcher-de-sene-a-vannes-le-pied\\\/#breadcrumb\",\"itemListElement\":[{\"@type\":\"ListItem\",\"position\":1,\"name\":\"Accueil\",\"item\":\"https:\\\/\\\/janze-athletisme.fr\\\/wordpress\\\/\"},{\"@type\":\"ListItem\",\"position\":2,\"name\":\"Marcher de S\u00e9n\u00e9 \u00e0 Vannes, le pied !\"}]},{\"@type\":\"WebSite\",\"@id\":\"https:\\\/\\\/janze-athletisme.fr\\\/wordpress\\\/#website\",\"url\":\"https:\\\/\\\/janze-athletisme.fr\\\/wordpress\\\/\",\"name\":\"Janz\u00e9 Athl\u00e9tisme\",\"description\":\"Pays de La Roche aux F\u00e9es\",\"publisher\":{\"@id\":\"https:\\\/\\\/janze-athletisme.fr\\\/wordpress\\\/#organization\"},\"potentialAction\":[{\"@type\":\"SearchAction\",\"target\":{\"@type\":\"EntryPoint\",\"urlTemplate\":\"https:\\\/\\\/janze-athletisme.fr\\\/wordpress\\\/?s={search_term_string}\"},\"query-input\":{\"@type\":\"PropertyValueSpecification\",\"valueRequired\":true,\"valueName\":\"search_term_string\"}}],\"inLanguage\":\"fr-FR\"},{\"@type\":\"Organization\",\"@id\":\"https:\\\/\\\/janze-athletisme.fr\\\/wordpress\\\/#organization\",\"name\":\"Janz\u00e9 Athl\u00e9tisme\",\"url\":\"https:\\\/\\\/janze-athletisme.fr\\\/wordpress\\\/\",\"logo\":{\"@type\":\"ImageObject\",\"inLanguage\":\"fr-FR\",\"@id\":\"https:\\\/\\\/janze-athletisme.fr\\\/wordpress\\\/#\\\/schema\\\/logo\\\/image\\\/\",\"url\":\"https:\\\/\\\/janze-athletisme.fr\\\/wordpress\\\/wp-content\\\/uploads\\\/2015\\\/03\\\/logo-full1.jpg\",\"contentUrl\":\"https:\\\/\\\/janze-athletisme.fr\\\/wordpress\\\/wp-content\\\/uploads\\\/2015\\\/03\\\/logo-full1.jpg\",\"width\":437,\"height\":205,\"caption\":\"Janz\u00e9 Athl\u00e9tisme\"},\"image\":{\"@id\":\"https:\\\/\\\/janze-athletisme.fr\\\/wordpress\\\/#\\\/schema\\\/logo\\\/image\\\/\"},\"sameAs\":[\"https:\\\/\\\/www.facebook.com\\\/groups\\\/1007964579346590\"]},{\"@type\":\"Person\",\"@id\":\"https:\\\/\\\/janze-athletisme.fr\\\/wordpress\\\/#\\\/schema\\\/person\\\/c7b063dcfa6234c041d4d9b26cc2ea03\",\"name\":\"Laurent Meunier\",\"image\":{\"@type\":\"ImageObject\",\"inLanguage\":\"fr-FR\",\"@id\":\"https:\\\/\\\/secure.gravatar.com\\\/avatar\\\/dd25d581ad7c3349090f2fa6a9adb6bfa287e6a5dd8a5216a092727cd8749034?s=96&d=mm&r=g\",\"url\":\"https:\\\/\\\/secure.gravatar.com\\\/avatar\\\/dd25d581ad7c3349090f2fa6a9adb6bfa287e6a5dd8a5216a092727cd8749034?s=96&d=mm&r=g\",\"contentUrl\":\"https:\\\/\\\/secure.gravatar.com\\\/avatar\\\/dd25d581ad7c3349090f2fa6a9adb6bfa287e6a5dd8a5216a092727cd8749034?s=96&d=mm&r=g\",\"caption\":\"Laurent Meunier\"},\"url\":\"https:\\\/\\\/janze-athletisme.fr\\\/wordpress\\\/author\\\/laurent-meunier35\\\/\"}]}<\/script>\n<!-- \/ Yoast SEO plugin. -->","yoast_head_json":{"title":"Marcher de S\u00e9n\u00e9 \u00e0 Vannes, le pied ! - Janz\u00e9 Athl\u00e9tisme","robots":{"index":"index","follow":"follow","max-snippet":"max-snippet:-1","max-image-preview":"max-image-preview:large","max-video-preview":"max-video-preview:-1"},"canonical":"https:\/\/janze-athletisme.fr\/wordpress\/marcher-de-sene-a-vannes-le-pied\/","og_locale":"fr_FR","og_type":"article","og_title":"Marcher de S\u00e9n\u00e9 \u00e0 Vannes, le pied ! - Janz\u00e9 Athl\u00e9tisme","og_description":"Marche nordique de l&rsquo;ultra-marin, entre S\u00e9n\u00e9 et Vannes, vendredi 27 juin Palmyre et Pierre Houget, Karine Pennec et Ludovic Dr\u00e9an ont particip\u00e9 \u00e0 l&rsquo;Ultra-marin, en avant-premi\u00e8re, avec leurs b\u00e2tons de marche. Une belle vir\u00e9e visiblement. Et au frais, ce qui n&rsquo;est pas n\u00e9gligeable par ces temps de grosses chaleurs. Voici ce qu&rsquo;en \u00e9crit Ludovic :\u00a0 [&hellip;]","og_url":"https:\/\/janze-athletisme.fr\/wordpress\/marcher-de-sene-a-vannes-le-pied\/","og_site_name":"Janz\u00e9 Athl\u00e9tisme","article_publisher":"https:\/\/www.facebook.com\/groups\/1007964579346590","article_published_time":"2025-06-30T21:14:40+00:00","article_modified_time":"2025-07-01T20:45:54+00:00","og_image":[{"width":762,"height":777,"url":"https:\/\/janze-athletisme.fr\/wordpress\/wp-content\/uploads\/2025\/06\/MN-La-Venete-2.jpg","type":"image\/jpeg"}],"author":"Laurent Meunier","twitter_card":"summary_large_image","twitter_misc":{"\u00c9crit par":"Laurent Meunier","Dur\u00e9e de lecture estim\u00e9e":"2 minutes"},"schema":{"@context":"https:\/\/schema.org","@graph":[{"@type":"Article","@id":"https:\/\/janze-athletisme.fr\/wordpress\/marcher-de-sene-a-vannes-le-pied\/#article","isPartOf":{"@id":"https:\/\/janze-athletisme.fr\/wordpress\/marcher-de-sene-a-vannes-le-pied\/"},"author":{"name":"Laurent Meunier","@id":"https:\/\/janze-athletisme.fr\/wordpress\/#\/schema\/person\/c7b063dcfa6234c041d4d9b26cc2ea03"},"headline":"Marcher de S\u00e9n\u00e9 \u00e0 Vannes, le pied !","datePublished":"2025-06-30T21:14:40+00:00","dateModified":"2025-07-01T20:45:54+00:00","mainEntityOfPage":{"@id":"https:\/\/janze-athletisme.fr\/wordpress\/marcher-de-sene-a-vannes-le-pied\/"},"wordCount":205,"commentCount":0,"publisher":{"@id":"https:\/\/janze-athletisme.fr\/wordpress\/#organization"},"image":{"@id":"https:\/\/janze-athletisme.fr\/wordpress\/marcher-de-sene-a-vannes-le-pied\/#primaryimage"},"thumbnailUrl":"https:\/\/janze-athletisme.fr\/wordpress\/wp-content\/uploads\/2025\/06\/MN-La-Venete-2.jpg","articleSection":["Le club au jour le jour"],"inLanguage":"fr-FR","potentialAction":[{"@type":"CommentAction","name":"Comment","target":["https:\/\/janze-athletisme.fr\/wordpress\/marcher-de-sene-a-vannes-le-pied\/#respond"]}]},{"@type":"WebPage","@id":"https:\/\/janze-athletisme.fr\/wordpress\/marcher-de-sene-a-vannes-le-pied\/","url":"https:\/\/janze-athletisme.fr\/wordpress\/marcher-de-sene-a-vannes-le-pied\/","name":"Marcher de S\u00e9n\u00e9 \u00e0 Vannes, le pied ! - Janz\u00e9 Athl\u00e9tisme","isPartOf":{"@id":"https:\/\/janze-athletisme.fr\/wordpress\/#website"},"primaryImageOfPage":{"@id":"https:\/\/janze-athletisme.fr\/wordpress\/marcher-de-sene-a-vannes-le-pied\/#primaryimage"},"image":{"@id":"https:\/\/janze-athletisme.fr\/wordpress\/marcher-de-sene-a-vannes-le-pied\/#primaryimage"},"thumbnailUrl":"https:\/\/janze-athletisme.fr\/wordpress\/wp-content\/uploads\/2025\/06\/MN-La-Venete-2.jpg","datePublished":"2025-06-30T21:14:40+00:00","dateModified":"2025-07-01T20:45:54+00:00","breadcrumb":{"@id":"https:\/\/janze-athletisme.fr\/wordpress\/marcher-de-sene-a-vannes-le-pied\/#breadcrumb"},"inLanguage":"fr-FR","potentialAction":[{"@type":"ReadAction","target":["https:\/\/janze-athletisme.fr\/wordpress\/marcher-de-sene-a-vannes-le-pied\/"]}]},{"@type":"ImageObject","inLanguage":"fr-FR","@id":"https:\/\/janze-athletisme.fr\/wordpress\/marcher-de-sene-a-vannes-le-pied\/#primaryimage","url":"https:\/\/janze-athletisme.fr\/wordpress\/wp-content\/uploads\/2025\/06\/MN-La-Venete-2.jpg","contentUrl":"https:\/\/janze-athletisme.fr\/wordpress\/wp-content\/uploads\/2025\/06\/MN-La-Venete-2.jpg","width":762,"height":777},{"@type":"BreadcrumbList","@id":"https:\/\/janze-athletisme.fr\/wordpress\/marcher-de-sene-a-vannes-le-pied\/#breadcrumb","itemListElement":[{"@type":"ListItem","position":1,"name":"Accueil","item":"https:\/\/janze-athletisme.fr\/wordpress\/"},{"@type":"ListItem","position":2,"name":"Marcher de S\u00e9n\u00e9 \u00e0 Vannes, le pied !"}]},{"@type":"WebSite","@id":"https:\/\/janze-athletisme.fr\/wordpress\/#website","url":"https:\/\/janze-athletisme.fr\/wordpress\/","name":"Janz\u00e9 Athl\u00e9tisme","description":"Pays de La Roche aux F\u00e9es","publisher":{"@id":"https:\/\/janze-athletisme.fr\/wordpress\/#organization"},"potentialAction":[{"@type":"SearchAction","target":{"@type":"EntryPoint","urlTemplate":"https:\/\/janze-athletisme.fr\/wordpress\/?s={search_term_string}"},"query-input":{"@type":"PropertyValueSpecification","valueRequired":true,"valueName":"search_term_string"}}],"inLanguage":"fr-FR"},{"@type":"Organization","@id":"https:\/\/janze-athletisme.fr\/wordpress\/#organization","name":"Janz\u00e9 Athl\u00e9tisme","url":"https:\/\/janze-athletisme.fr\/wordpress\/","logo":{"@type":"ImageObject","inLanguage":"fr-FR","@id":"https:\/\/janze-athletisme.fr\/wordpress\/#\/schema\/logo\/image\/","url":"https:\/\/janze-athletisme.fr\/wordpress\/wp-content\/uploads\/2015\/03\/logo-full1.jpg","contentUrl":"https:\/\/janze-athletisme.fr\/wordpress\/wp-content\/uploads\/2015\/03\/logo-full1.jpg","width":437,"height":205,"caption":"Janz\u00e9 Athl\u00e9tisme"},"image":{"@id":"https:\/\/janze-athletisme.fr\/wordpress\/#\/schema\/logo\/image\/"},"sameAs":["https:\/\/www.facebook.com\/groups\/1007964579346590"]},{"@type":"Person","@id":"https:\/\/janze-athletisme.fr\/wordpress\/#\/schema\/person\/c7b063dcfa6234c041d4d9b26cc2ea03","name":"Laurent Meunier","image":{"@type":"ImageObject","inLanguage":"fr-FR","@id":"https:\/\/secure.gravatar.com\/avatar\/dd25d581ad7c3349090f2fa6a9adb6bfa287e6a5dd8a5216a092727cd8749034?s=96&d=mm&r=g","url":"https:\/\/secure.gravatar.com\/avatar\/dd25d581ad7c3349090f2fa6a9adb6bfa287e6a5dd8a5216a092727cd8749034?s=96&d=mm&r=g","contentUrl":"https:\/\/secure.gravatar.com\/avatar\/dd25d581ad7c3349090f2fa6a9adb6bfa287e6a5dd8a5216a092727cd8749034?s=96&d=mm&r=g","caption":"Laurent Meunier"},"url":"https:\/\/janze-athletisme.fr\/wordpress\/author\/laurent-meunier35\/"}]}},"uagb_featured_image_src":{"full":["https:\/\/janze-athletisme.fr\/wordpress\/wp-content\/uploads\/2025\/06\/MN-La-Venete-2.jpg",762,777,false],"thumbnail":["https:\/\/janze-athletisme.fr\/wordpress\/wp-content\/uploads\/2025\/06\/MN-La-Venete-2-150x150.jpg",150,150,true],"medium":["https:\/\/janze-athletisme.fr\/wordpress\/wp-content\/uploads\/2025\/06\/MN-La-Venete-2-294x300.jpg",294,300,true],"medium_large":["https:\/\/janze-athletisme.fr\/wordpress\/wp-content\/uploads\/2025\/06\/MN-La-Venete-2.jpg",762,777,false],"large":["https:\/\/janze-athletisme.fr\/wordpress\/wp-content\/uploads\/2025\/06\/MN-La-Venete-2.jpg",762,777,false],"1536x1536":["https:\/\/janze-athletisme.fr\/wordpress\/wp-content\/uploads\/2025\/06\/MN-La-Venete-2.jpg",762,777,false],"2048x2048":["https:\/\/janze-athletisme.fr\/wordpress\/wp-content\/uploads\/2025\/06\/MN-La-Venete-2.jpg",762,777,false]},"uagb_author_info":{"display_name":"Laurent Meunier","author_link":"https:\/\/janze-athletisme.fr\/wordpress\/author\/laurent-meunier35\/"},"uagb_comment_info":0,"uagb_excerpt":"Marche nordique de l&rsquo;ultra-marin, entre S\u00e9n\u00e9 et Vannes, vendredi 27 juin Palmyre et Pierre Houget, Karine Pennec et Ludovic Dr\u00e9an ont particip\u00e9 \u00e0 l&rsquo;Ultra-marin, en avant-premi\u00e8re, avec leurs b\u00e2tons de marche. Une belle vir\u00e9e visiblement. Et au frais, ce qui n&rsquo;est pas n\u00e9gligeable par ces temps de grosses chaleurs. Voici ce qu&rsquo;en \u00e9crit Ludovic :\u00a0\u2026","_links":{"self":[{"href":"https:\/\/janze-athletisme.fr\/wordpress\/wp-json\/wp\/v2\/posts\/26327","targetHints":{"allow":["GET"]}}],"collection":[{"href":"https:\/\/janze-athletisme.fr\/wordpress\/wp-json\/wp\/v2\/posts"}],"about":[{"href":"https:\/\/janze-athletisme.fr\/wordpress\/wp-json\/wp\/v2\/types\/post"}],"author":[{"embeddable":true,"href":"https:\/\/janze-athletisme.fr\/wordpress\/wp-json\/wp\/v2\/users\/12"}],"replies":[{"embeddable":true,"href":"https:\/\/janze-athletisme.fr\/wordpress\/wp-json\/wp\/v2\/comments?post=26327"}],"version-history":[{"count":3,"href":"https:\/\/janze-athletisme.fr\/wordpress\/wp-json\/wp\/v2\/posts\/26327\/revisions"}],"predecessor-version":[{"id":26343,"href":"https:\/\/janze-athletisme.fr\/wordpress\/wp-json\/wp\/v2\/posts\/26327\/revisions\/26343"}],"wp:featuredmedia":[{"embeddable":true,"href":"https:\/\/janze-athletisme.fr\/wordpress\/wp-json\/wp\/v2\/media\/26329"}],"wp:attachment":[{"href":"https:\/\/janze-athletisme.fr\/wordpress\/wp-json\/wp\/v2\/media?parent=26327"}],"wp:term":[{"taxonomy":"category","embeddable":true,"href":"https:\/\/janze-athletisme.fr\/wordpress\/wp-json\/wp\/v2\/categories?post=26327"},{"taxonomy":"post_tag","embeddable":true,"href":"https:\/\/janze-athletisme.fr\/wordpress\/wp-json\/wp\/v2\/tags?post=26327"}],"curies":[{"name":"wp","href":"https:\/\/api.w.org\/{rel}","templated":true}]}}