{"id":25927,"date":"2025-06-15T23:38:20","date_gmt":"2025-06-15T21:38:20","guid":{"rendered":"https:\/\/janze-athletisme.fr\/wordpress\/?p=25927"},"modified":"2025-06-18T21:55:28","modified_gmt":"2025-06-18T19:55:28","slug":"departementaux-cadets-23-medailles-au-total-dont-10-titres","status":"publish","type":"post","link":"https:\/\/janze-athletisme.fr\/wordpress\/departementaux-cadets-23-medailles-au-total-dont-10-titres\/","title":{"rendered":"D\u00e9partementaux cadets &amp;+ : 23 m\u00e9dailles au total, dont 9 titres"},"content":{"rendered":"<p><span style=\"font-family: Verdana, sans-serif\"><span style=\"font-size: x-large\"><b>Championnats d&rsquo;Ille-et-Vilaine CA &amp; +, Courtemanche, dimanche 15 juin<\/b><\/span><\/span><\/p>\n<p><span style=\"font-family: Verdana, sans-serif\">Certes il manquait, dans les diff\u00e9rentes cat\u00e9gories, beaucoup des t\u00e9nors du d\u00e9partement \u00e0 ces championnats d&rsquo;Ille-et-Vilaine 2025, \u00e0 commencer par quelques uns et quelques unes des n\u00f4tres (Marie Duvigneau par exemple) : ils ont commenc\u00e9 un nouveau cycle destin\u00e9 \u00e0 les amener aux France en juillet et sont en p\u00e9riode de repos ou de travail foncier, et nos athl\u00e8tes de l&rsquo;EAC leur doivent parfois certaines de leurs m\u00e9dailles. Mais si l&rsquo;on regarde de pr\u00e8s les performances r\u00e9alis\u00e9es par les jeunes pr\u00e9sents (beaucoup de U18, U20 et U23), leur densit\u00e9 \u00e0 un bon niveau dit assez que ce ne sont pas des r\u00e9sultats au rabais.<\/span><\/p>\n<p><span style=\"font-family: Verdana, sans-serif\"><span style=\"font-size: large\"><b>53 perfs \u00e0 plus de 500 points pour 36 athl\u00e8tes pr\u00e9sents<\/b><\/span><\/span><\/p>\n<p><span style=\"font-family: Verdana, sans-serif\">53 des performances r\u00e9alis\u00e9es ce dimanche par les athl\u00e8tes de l&rsquo;EAC sont en effet \u00e0 plus de 500 points, dont 38 \u00e0 plus de 600, 11 \u00e0 plus de 700 et 6 \u00e0 plus de 800 points. Mais on y reviendra.<\/span><\/p>\n<p><span style=\"font-family: Verdana, sans-serif\">Priorit\u00e9 dans un premier temps aux m\u00e9daill\u00e9es et m\u00e9daill\u00e9s du jour. Ils viennent rejoindre les m\u00e9daill\u00e9s d&rsquo;Auray et de Montfort, ce qui nous fait un total, pour ces championnats 2025, de 24 m\u00e9dailles, dont 9 titres. Un r\u00e9sultat tout en haut du panier de ces derni\u00e8res ann\u00e9es (voir tableau ci-dessous).<\/span><\/p>\n<table style=\"width: 0%\" border=\"1\" width=\"100%\" cellspacing=\"0\" cellpadding=\"4\">\n<tbody>\n<tr>\n<td style=\"width: 10.1333%\" bgcolor=\"#ccff00\" width=\"13%\">\n<p align=\"CENTER\"><span style=\"font-family: Verdana, sans-serif\"><span style=\"font-size: large\"><i>Ann\u00e9e<\/i><\/span><\/span><\/p>\n<\/td>\n<td style=\"width: 12.5334%\" bgcolor=\"#ccff00\" width=\"13%\">\n<p align=\"CENTER\"><span style=\"font-family: Verdana, sans-serif\"><span style=\"font-size: large\"><i>Or<\/i><\/span><\/span><\/p>\n<\/td>\n<td style=\"width: 16.3333%\" bgcolor=\"#ccff00\" width=\"13%\">\n<p align=\"CENTER\"><span style=\"font-family: Verdana, sans-serif\"><span style=\"font-size: large\"><i>Argent<\/i><\/span><\/span><\/p>\n<\/td>\n<td style=\"width: 13%\" bgcolor=\"#ccff00\" width=\"13%\">\n<p align=\"CENTER\"><span style=\"font-family: Verdana, sans-serif\"><span style=\"font-size: large\"><i>Bronze<\/i><\/span><\/span><\/p>\n<\/td>\n<td style=\"width: 13%\" bgcolor=\"#ccff00\" width=\"13%\">\n<p align=\"CENTER\"><span style=\"font-family: Verdana, sans-serif\"><span style=\"font-size: large\"><i>Total<\/i><\/span><\/span><\/p>\n<\/td>\n<td style=\"width: 13%\" bgcolor=\"#ccff00\" width=\"13%\">\n<p align=\"CENTER\"><span style=\"font-family: Verdana, sans-serif\"><span style=\"font-size: large\"><i>Janz\u00e9<\/i><\/span><\/span><\/p>\n<\/td>\n<td style=\"width: 13%\" bgcolor=\"#ccff00\" width=\"13%\">\n<p align=\"CENTER\"><span style=\"font-family: Verdana, sans-serif\"><span style=\"font-size: large\"><i>Cesson<\/i><\/span><\/span><\/p>\n<\/td>\n<td style=\"width: 14.6616%\" bgcolor=\"#ccff00\" width=\"13%\">\n<p align=\"CENTER\"><span style=\"font-family: Verdana, sans-serif\"><span style=\"font-size: large\"><i>Bain<\/i><\/span><\/span><\/p>\n<\/td>\n<\/tr>\n<tr>\n<td style=\"width: 10.1333%\" bgcolor=\"#ccff00\" width=\"13%\">\n<p align=\"CENTER\"><span style=\"font-family: Verdana, sans-serif\"><b>2025<\/b><\/span><\/p>\n<\/td>\n<td style=\"width: 12.5334%\" bgcolor=\"#ccff00\" width=\"13%\">\n<p align=\"CENTER\"><span style=\"font-family: Verdana, sans-serif\">9<\/span><\/p>\n<\/td>\n<td style=\"width: 16.3333%\" bgcolor=\"#ccff00\" width=\"13%\">\n<p align=\"CENTER\"><span style=\"font-family: Verdana, sans-serif\">8<\/span><\/p>\n<\/td>\n<td style=\"width: 13%\" bgcolor=\"#ccff00\" width=\"13%\">\n<p align=\"CENTER\"><span style=\"font-family: Verdana, sans-serif\">7<\/span><\/p>\n<\/td>\n<td style=\"width: 13%\" bgcolor=\"#ccff00\" width=\"13%\">\n<p align=\"CENTER\"><span style=\"font-family: Verdana, sans-serif\"><b>23<\/b><\/span><\/p>\n<\/td>\n<td style=\"width: 13%\" bgcolor=\"#ccff00\" width=\"13%\">\n<p align=\"CENTER\"><span style=\"font-family: Verdana, sans-serif\">3\/2\/4<\/span><\/p>\n<\/td>\n<td style=\"width: 13%\" bgcolor=\"#ccff00\" width=\"13%\">\n<p align=\"CENTER\"><span style=\"font-family: Verdana, sans-serif\">4\/5\/2<\/span><\/p>\n<\/td>\n<td style=\"width: 14.6616%\" bgcolor=\"#ccff00\" width=\"13%\">\n<p align=\"CENTER\"><span style=\"font-family: Verdana, sans-serif\">2\/1\/0<\/span><\/p>\n<\/td>\n<\/tr>\n<tr>\n<td style=\"width: 10.1333%\" bgcolor=\"#ccff00\" width=\"13%\">\n<p align=\"CENTER\"><span style=\"font-family: Verdana, sans-serif\"><b>2024<\/b><\/span><\/p>\n<\/td>\n<td style=\"width: 12.5334%\" bgcolor=\"#ccff00\" width=\"13%\">\n<p align=\"CENTER\"><span style=\"font-family: Verdana, sans-serif\">6<\/span><\/p>\n<\/td>\n<td style=\"width: 16.3333%\" bgcolor=\"#ccff00\" width=\"13%\">\n<p align=\"CENTER\"><span style=\"font-family: Verdana, sans-serif\">7<\/span><\/p>\n<\/td>\n<td style=\"width: 13%\" bgcolor=\"#ccff00\" width=\"13%\">\n<p align=\"CENTER\"><span style=\"font-family: Verdana, sans-serif\">8<\/span><\/p>\n<\/td>\n<td style=\"width: 13%\" bgcolor=\"#ccff00\" width=\"13%\">\n<p align=\"CENTER\"><span style=\"font-family: Verdana, sans-serif\"><b>21<\/b><\/span><\/p>\n<\/td>\n<td style=\"width: 13%\" bgcolor=\"#ccff00\" width=\"13%\">\n<p align=\"CENTER\"><span style=\"font-family: Verdana, sans-serif\">3\/2\/7<\/span><\/p>\n<\/td>\n<td style=\"width: 13%\" bgcolor=\"#ccff00\" width=\"13%\">\n<p align=\"CENTER\"><span style=\"font-family: Verdana, sans-serif\">3\/4\/1<\/span><\/p>\n<\/td>\n<td style=\"width: 14.6616%\" bgcolor=\"#ccff00\" width=\"13%\">\n<p align=\"CENTER\"><span style=\"font-family: Verdana, sans-serif\">0\/1\/0<\/span><\/p>\n<\/td>\n<\/tr>\n<tr>\n<td style=\"width: 10.1333%\" bgcolor=\"#ccff00\" width=\"13%\">\n<p align=\"CENTER\"><span style=\"font-family: Verdana, sans-serif\"><b>2023<\/b><\/span><\/p>\n<\/td>\n<td style=\"width: 12.5334%\" bgcolor=\"#ccff00\" width=\"13%\">\n<p align=\"CENTER\"><span style=\"font-family: Verdana, sans-serif\">7<\/span><\/p>\n<\/td>\n<td style=\"width: 16.3333%\" bgcolor=\"#ccff00\" width=\"13%\">\n<p align=\"CENTER\"><span style=\"font-family: Verdana, sans-serif\">6<\/span><\/p>\n<\/td>\n<td style=\"width: 13%\" bgcolor=\"#ccff00\" width=\"13%\">\n<p align=\"CENTER\"><span style=\"font-family: Verdana, sans-serif\">10<\/span><\/p>\n<\/td>\n<td style=\"width: 13%\" bgcolor=\"#ccff00\" width=\"13%\">\n<p align=\"CENTER\"><span style=\"font-family: Verdana, sans-serif\"><b>23<\/b><\/span><\/p>\n<\/td>\n<td style=\"width: 13%\" bgcolor=\"#ccff00\" width=\"13%\">\n<p align=\"CENTER\"><span style=\"font-family: Verdana, sans-serif\">4\/4\/4<\/span><\/p>\n<\/td>\n<td style=\"width: 13%\" bgcolor=\"#ccff00\" width=\"13%\">\n<p align=\"CENTER\"><span style=\"font-family: Verdana, sans-serif\">3\/2\/5<\/span><\/p>\n<\/td>\n<td style=\"width: 14.6616%\" bgcolor=\"#ccff00\" width=\"13%\">\n<p align=\"CENTER\"><span style=\"font-family: Verdana, sans-serif\">0\/0\/1<\/span><\/p>\n<\/td>\n<\/tr>\n<tr>\n<td style=\"width: 10.1333%\" bgcolor=\"#ccff00\" width=\"13%\">\n<p align=\"CENTER\"><span style=\"font-family: Verdana, sans-serif\"><b>2022<\/b><\/span><\/p>\n<\/td>\n<td style=\"width: 12.5334%\" bgcolor=\"#ccff00\" width=\"13%\">\n<p align=\"CENTER\"><span style=\"font-family: Verdana, sans-serif\">4<\/span><\/p>\n<\/td>\n<td style=\"width: 16.3333%\" bgcolor=\"#ccff00\" width=\"13%\">\n<p align=\"CENTER\"><span style=\"font-family: Verdana, sans-serif\">5<\/span><\/p>\n<\/td>\n<td style=\"width: 13%\" bgcolor=\"#ccff00\" width=\"13%\">\n<p align=\"CENTER\"><span style=\"font-family: Verdana, sans-serif\">2<\/span><\/p>\n<\/td>\n<td style=\"width: 13%\" bgcolor=\"#ccff00\" width=\"13%\">\n<p align=\"CENTER\"><span style=\"font-family: Verdana, sans-serif\"><b>11<\/b><\/span><\/p>\n<\/td>\n<td style=\"width: 13%\" bgcolor=\"#ccff00\" width=\"13%\">\n<p align=\"CENTER\"><span style=\"font-family: Verdana, sans-serif\">1\/2\/1<\/span><\/p>\n<\/td>\n<td style=\"width: 13%\" bgcolor=\"#ccff00\" width=\"13%\">\n<p align=\"CENTER\"><span style=\"font-family: Verdana, sans-serif\">2\/3\/1<\/span><\/p>\n<\/td>\n<td style=\"width: 14.6616%\" bgcolor=\"#ccff00\" width=\"13%\">\n<p align=\"CENTER\"><span style=\"font-family: Verdana, sans-serif\">1\/0\/0<\/span><\/p>\n<\/td>\n<\/tr>\n<tr>\n<td style=\"width: 10.1333%\" bgcolor=\"#ccff00\" width=\"13%\">\n<p align=\"CENTER\"><span style=\"font-family: Verdana, sans-serif\"><b>2021<\/b><\/span><\/p>\n<\/td>\n<td style=\"width: 12.5334%\" bgcolor=\"#ccff00\" width=\"13%\">\n<p align=\"CENTER\"><span style=\"font-family: Verdana, sans-serif\">8<\/span><\/p>\n<\/td>\n<td style=\"width: 16.3333%\" bgcolor=\"#ccff00\" width=\"13%\">\n<p align=\"CENTER\"><span style=\"font-family: Verdana, sans-serif\">5<\/span><\/p>\n<\/td>\n<td style=\"width: 13%\" bgcolor=\"#ccff00\" width=\"13%\">\n<p align=\"CENTER\"><span style=\"font-family: Verdana, sans-serif\">7<\/span><\/p>\n<\/td>\n<td style=\"width: 13%\" bgcolor=\"#ccff00\" width=\"13%\">\n<p align=\"CENTER\"><span style=\"font-family: Verdana, sans-serif\"><b>20<\/b><\/span><\/p>\n<\/td>\n<td style=\"width: 13%\" bgcolor=\"#ccff00\" width=\"13%\">\n<p align=\"CENTER\"><span style=\"font-family: Verdana, sans-serif\">5\/2\/3<\/span><\/p>\n<\/td>\n<td style=\"width: 13%\" bgcolor=\"#ccff00\" width=\"13%\">\n<p align=\"CENTER\"><span style=\"font-family: Verdana, sans-serif\">3\/3\/4<\/span><\/p>\n<\/td>\n<td style=\"width: 14.6616%\" bgcolor=\"#ccff00\" width=\"13%\">\n<p align=\"CENTER\"><span style=\"font-family: Verdana, sans-serif\">0\/0\/0<\/span><\/p>\n<\/td>\n<\/tr>\n<\/tbody>\n<\/table>\n<p><span style=\"font-family: Verdana, sans-serif\">On note une petite \u00e9rosion des m\u00e9dailles janz\u00e9ennes (9 m\u00e9dailles mais pour 8 athl\u00e8tes diff\u00e9rents) et une acm\u00e9e des m\u00e9dailles cessonnaises, avec 7 des 11 m\u00e9dailles pour trois athl\u00e8tes (Lucie, Fran\u00e7ois, Tiphanie). Quant \u00e0 Bain, le plein est fait par la seule Elsa Mah\u00e9 depuis 2022 (6 m\u00e9dailles dont 3 titres).<\/span><\/p>\n<p><span style=\"font-family: Verdana, sans-serif\"><span style=\"font-size: large\"><b>Les m\u00e9dailles d\u00e9partementales 2025 pour l&rsquo;EAC<\/b><\/span><\/span><\/p>\n<table style=\"width: 79%\" border=\"1\" width=\"4369\" cellspacing=\"0\" cellpadding=\"4\">\n<tbody>\n<tr valign=\"TOP\">\n<td style=\"width: 28.8667%\" bgcolor=\"#ffff99\" width=\"1248\"><span style=\"font-family: Verdana, sans-serif\"><b>Athl\u00e8te <\/b><\/span><\/td>\n<td style=\"width: 22.4%\" bgcolor=\"#ffff99\" width=\"1419\">\n<p align=\"CENTER\"><span style=\"font-family: Verdana, sans-serif\"><b>Epreuve<\/b><\/span><\/p>\n<\/td>\n<td style=\"width: 12.0667%\" bgcolor=\"#ffff99\" width=\"590\">\n<p align=\"CENTER\"><span style=\"font-family: Verdana, sans-serif\"><b>Place <\/b><\/span><\/p>\n<\/td>\n<td style=\"width: 14.8979%\" bgcolor=\"#ffff99\" width=\"1079\">\n<p align=\"CENTER\"><span style=\"font-family: Verdana, sans-serif\"><b>Lieu &amp; date<\/b><\/span><\/p>\n<\/td>\n<\/tr>\n<tr>\n<td style=\"width: 28.8667%\" valign=\"TOP\" bgcolor=\"#ffff99\" width=\"1248\"><span style=\"font-family: Verdana, sans-serif\">Lucie Duvigneau (Cesson)<\/span><\/td>\n<td style=\"width: 22.4%\" valign=\"TOP\" bgcolor=\"#ffff99\" width=\"1419\">\n<p align=\"CENTER\"><span style=\"font-family: Verdana, sans-serif\">100m CAF<\/span><\/p>\n<\/td>\n<td style=\"width: 12.0667%\" valign=\"TOP\" bgcolor=\"#ffff99\" width=\"590\">\n<p align=\"CENTER\"><span style=\"font-family: Verdana, sans-serif\">1\u00e8re<\/span><\/p>\n<\/td>\n<td style=\"width: 14.8979%\" rowspan=\"16\" bgcolor=\"#ffff99\" width=\"1079\">\n<p align=\"CENTER\"><span style=\"font-family: Verdana, sans-serif\">Rennes 15 juin<\/span><\/p>\n<\/td>\n<\/tr>\n<tr>\n<td style=\"width: 28.8667%\" valign=\"TOP\" bgcolor=\"#ffff99\" width=\"1248\"><span style=\"font-family: Verdana, sans-serif\">Lola Foeillet (Cesson)<\/span><\/td>\n<td style=\"width: 22.4%\" valign=\"TOP\" bgcolor=\"#ffff99\" width=\"1419\">\n<p align=\"CENTER\"><span style=\"font-family: Verdana, sans-serif\">100m CAF<\/span><\/p>\n<\/td>\n<td style=\"width: 12.0667%\" valign=\"TOP\" bgcolor=\"#ffff99\" width=\"590\">\n<p align=\"CENTER\"><span style=\"font-family: Verdana, sans-serif\">3e<\/span><\/p>\n<\/td>\n<\/tr>\n<tr>\n<td style=\"width: 28.8667%\" valign=\"TOP\" bgcolor=\"#ffff99\" width=\"1248\"><span style=\"font-family: Verdana, sans-serif\">Lucie Duvigneau (Cesson)<\/span><\/td>\n<td style=\"width: 22.4%\" valign=\"TOP\" bgcolor=\"#ffff99\" width=\"1419\">\n<p align=\"CENTER\"><span style=\"font-family: Verdana, sans-serif\">200m CAF<\/span><\/p>\n<\/td>\n<td style=\"width: 12.0667%\" valign=\"TOP\" bgcolor=\"#ffff99\" width=\"590\">\n<p align=\"CENTER\"><span style=\"font-family: Verdana, sans-serif\">1\u00e8re<\/span><\/p>\n<\/td>\n<\/tr>\n<tr>\n<td style=\"width: 28.8667%\" valign=\"TOP\" bgcolor=\"#ffff99\" width=\"1248\"><span style=\"font-family: Verdana, sans-serif\"><b>Elouan<\/b> L\u00e9v\u00eaque<\/span><\/td>\n<td style=\"width: 22.4%\" valign=\"TOP\" bgcolor=\"#ffff99\" width=\"1419\">\n<p align=\"CENTER\"><span style=\"font-family: Verdana, sans-serif\">100m CAM<\/span><\/p>\n<\/td>\n<td style=\"width: 12.0667%\" valign=\"TOP\" bgcolor=\"#ffff99\" width=\"590\">\n<p align=\"CENTER\"><span style=\"font-family: Verdana, sans-serif\">3e<\/span><\/p>\n<\/td>\n<\/tr>\n<tr>\n<td style=\"width: 28.8667%\" valign=\"TOP\" bgcolor=\"#ffff99\" width=\"1248\"><span style=\"font-family: Verdana, sans-serif\">Tiphanie Lecomte (Cesson) <\/span><\/td>\n<td style=\"width: 22.4%\" valign=\"TOP\" bgcolor=\"#ffff99\" width=\"1419\">\n<p align=\"CENTER\"><span style=\"font-family: Verdana, sans-serif\">800m SEF<\/span><\/p>\n<\/td>\n<td style=\"width: 12.0667%\" valign=\"TOP\" bgcolor=\"#ffff99\" width=\"590\">\n<p align=\"CENTER\"><span style=\"font-family: Verdana, sans-serif\">2e<\/span><\/p>\n<\/td>\n<\/tr>\n<tr>\n<td style=\"width: 28.8667%\" valign=\"TOP\" bgcolor=\"#ffff99\" width=\"1248\"><span style=\"font-family: Verdana, sans-serif\">Elsa Mah\u00e9 (Bain)<\/span><\/td>\n<td style=\"width: 22.4%\" valign=\"TOP\" bgcolor=\"#ffff99\" width=\"1419\">\n<p align=\"CENTER\"><span style=\"font-family: Verdana, sans-serif\">3000m JUF<\/span><\/p>\n<\/td>\n<td style=\"width: 12.0667%\" valign=\"TOP\" bgcolor=\"#ffff99\" width=\"590\">\n<p align=\"CENTER\"><span style=\"font-family: Verdana, sans-serif\">1\u00e8re<\/span><\/p>\n<\/td>\n<\/tr>\n<tr>\n<td style=\"width: 28.8667%\" valign=\"TOP\" bgcolor=\"#ffff99\" width=\"1248\"><span style=\"font-family: Verdana, sans-serif\"><b>Manon<\/b> Le Nard<\/span><\/td>\n<td style=\"width: 22.4%\" valign=\"TOP\" bgcolor=\"#ffff99\" width=\"1419\">\n<p align=\"CENTER\"><span style=\"font-family: Verdana, sans-serif\">400m haies CAF<\/span><\/p>\n<\/td>\n<td style=\"width: 12.0667%\" valign=\"TOP\" bgcolor=\"#ffff99\" width=\"590\">\n<p align=\"CENTER\"><span style=\"font-family: Verdana, sans-serif\">3e<\/span><\/p>\n<\/td>\n<\/tr>\n<tr>\n<td style=\"width: 28.8667%\" valign=\"TOP\" bgcolor=\"#ffff99\" width=\"1248\"><span style=\"font-family: Verdana, sans-serif\">Lauriane Maurice (Cesson)<\/span><\/td>\n<td style=\"width: 22.4%\" valign=\"TOP\" bgcolor=\"#ffff99\" width=\"1419\">\n<p align=\"CENTER\"><span style=\"font-family: Verdana, sans-serif\">Hauteur SEF<\/span><\/p>\n<\/td>\n<td style=\"width: 12.0667%\" valign=\"TOP\" bgcolor=\"#ffff99\" width=\"590\">\n<p align=\"CENTER\"><span style=\"font-family: Verdana, sans-serif\">1\u00e8re<\/span><\/p>\n<\/td>\n<\/tr>\n<tr>\n<td style=\"width: 28.8667%\" valign=\"TOP\" bgcolor=\"#ffff99\" width=\"1248\"><span style=\"font-family: Verdana, sans-serif\"><b>Rapha\u00ebl<\/b> Bou\u00e9<\/span><\/td>\n<td style=\"width: 22.4%\" valign=\"TOP\" bgcolor=\"#ffff99\" width=\"1419\">\n<p align=\"CENTER\"><span style=\"font-family: Verdana, sans-serif\">3000m CAM<\/span><\/p>\n<\/td>\n<td style=\"width: 12.0667%\" valign=\"TOP\" bgcolor=\"#ffff99\" width=\"590\">\n<p align=\"CENTER\"><span style=\"font-family: Verdana, sans-serif\">2e<\/span><\/p>\n<\/td>\n<\/tr>\n<tr>\n<td style=\"width: 28.8667%\" valign=\"TOP\" bgcolor=\"#ffff99\" width=\"1248\"><span style=\"font-family: Verdana, sans-serif\">Ronan Cottereau (Cesson)<\/span><\/td>\n<td style=\"width: 22.4%\" valign=\"TOP\" bgcolor=\"#ffff99\" width=\"1419\">\n<p align=\"CENTER\"><span style=\"font-family: Verdana, sans-serif\">Poids CAM<\/span><\/p>\n<\/td>\n<td style=\"width: 12.0667%\" valign=\"TOP\" bgcolor=\"#ffff99\" width=\"590\">\n<p align=\"CENTER\"><span style=\"font-family: Verdana, sans-serif\">3e<\/span><\/p>\n<\/td>\n<\/tr>\n<tr>\n<td style=\"width: 28.8667%\" valign=\"TOP\" bgcolor=\"#ffff99\" width=\"1248\"><span style=\"font-family: Verdana, sans-serif\"><b>Jules<\/b> Le Dorven<\/span><\/td>\n<td style=\"width: 22.4%\" valign=\"TOP\" bgcolor=\"#ffff99\" width=\"1419\">\n<p align=\"CENTER\"><span style=\"font-family: Verdana, sans-serif\">Javelot CAM <\/span><\/p>\n<\/td>\n<td style=\"width: 12.0667%\" valign=\"TOP\" bgcolor=\"#ffff99\" width=\"590\">\n<p align=\"CENTER\"><span style=\"font-family: Verdana, sans-serif\">1er<\/span><\/p>\n<\/td>\n<\/tr>\n<tr>\n<td style=\"width: 28.8667%\" valign=\"TOP\" bgcolor=\"#ffff99\" width=\"1248\"><span style=\"font-family: Verdana, sans-serif\">Fran\u00e7ois Chevalier (Cesson)<\/span><\/td>\n<td style=\"width: 22.4%\" valign=\"TOP\" bgcolor=\"#ffff99\" width=\"1419\">\n<p align=\"CENTER\"><span style=\"font-family: Verdana, sans-serif\">200m JUM<\/span><\/p>\n<\/td>\n<td style=\"width: 12.0667%\" valign=\"TOP\" bgcolor=\"#ffff99\" width=\"590\">\n<p align=\"CENTER\"><span style=\"font-family: Verdana, sans-serif\">2e<\/span><\/p>\n<\/td>\n<\/tr>\n<tr>\n<td style=\"width: 28.8667%\" valign=\"TOP\" bgcolor=\"#ffff99\" width=\"1248\"><span style=\"font-family: Verdana, sans-serif\">Martin Lambard (Cesson)<\/span><\/td>\n<td style=\"width: 22.4%\" valign=\"TOP\" bgcolor=\"#ffff99\" width=\"1419\">\n<p align=\"CENTER\"><span style=\"font-family: Verdana, sans-serif\">800m SEM<\/span><\/p>\n<\/td>\n<td style=\"width: 12.0667%\" valign=\"TOP\" bgcolor=\"#ffff99\" width=\"590\">\n<p align=\"CENTER\"><span style=\"font-family: Verdana, sans-serif\">2e<\/span><\/p>\n<\/td>\n<\/tr>\n<tr>\n<td style=\"width: 28.8667%\" valign=\"TOP\" bgcolor=\"#ffff99\" width=\"1248\"><span style=\"font-family: Verdana, sans-serif\"><b>Enzo<\/b> Paccini<\/span><\/td>\n<td style=\"width: 22.4%\" valign=\"TOP\" bgcolor=\"#ffff99\" width=\"1419\">\n<p align=\"CENTER\"><span style=\"font-family: Verdana, sans-serif\">Poids SEM<\/span><\/p>\n<\/td>\n<td style=\"width: 12.0667%\" valign=\"TOP\" bgcolor=\"#ffff99\" width=\"590\">\n<p align=\"CENTER\"><span style=\"font-family: Verdana, sans-serif\">1er<\/span><\/p>\n<\/td>\n<\/tr>\n<tr>\n<td style=\"width: 28.8667%\" valign=\"TOP\" bgcolor=\"#ffff99\" width=\"1248\"><span style=\"font-family: Verdana, sans-serif\"><b>Augustin<\/b> Jouzel<\/span><\/td>\n<td style=\"width: 22.4%\" valign=\"TOP\" bgcolor=\"#ffff99\" width=\"1419\">\n<p align=\"CENTER\"><span style=\"font-family: Verdana, sans-serif\">Javelot ESM<\/span><\/p>\n<\/td>\n<td style=\"width: 12.0667%\" valign=\"TOP\" bgcolor=\"#ffff99\" width=\"590\">\n<p align=\"CENTER\"><span style=\"font-family: Verdana, sans-serif\">1er<\/span><\/p>\n<\/td>\n<\/tr>\n<tr>\n<td style=\"width: 28.8667%\" valign=\"TOP\" bgcolor=\"#ffff99\" width=\"1248\"><span style=\"font-family: Verdana, sans-serif\"><b>B\u00e9renger<\/b> Tardif<\/span><\/td>\n<td style=\"width: 22.4%\" valign=\"TOP\" bgcolor=\"#ffff99\" width=\"1419\">\n<p align=\"CENTER\"><span style=\"font-family: Verdana, sans-serif\">Perche JUM<\/span><\/p>\n<\/td>\n<td style=\"width: 12.0667%\" valign=\"TOP\" bgcolor=\"#ffff99\" width=\"590\">\n<p align=\"CENTER\"><span style=\"font-family: Verdana, sans-serif\">2e<\/span><\/p>\n<\/td>\n<\/tr>\n<tr>\n<td style=\"width: 28.8667%\" valign=\"TOP\" bgcolor=\"#ffff99\" width=\"1248\"><span style=\"font-family: Verdana, sans-serif\">Elsa Mah\u00e9 (Bain)<\/span><\/td>\n<td style=\"width: 22.4%\" valign=\"TOP\" bgcolor=\"#ffff99\" width=\"1419\">\n<p align=\"CENTER\"><span style=\"font-family: Verdana, sans-serif\">2000m steeple JUF<\/span><\/p>\n<\/td>\n<td style=\"width: 12.0667%\" valign=\"TOP\" bgcolor=\"#ffff99\" width=\"590\">\n<p align=\"CENTER\"><span style=\"font-family: Verdana, sans-serif\">1\u00e8re <\/span><\/p>\n<\/td>\n<td style=\"width: 14.8979%\" rowspan=\"2\" bgcolor=\"#ffff99\" width=\"1079\">\n<p align=\"CENTER\"><span style=\"font-family: Verdana, sans-serif\">Auray 31 mai<\/span><\/p>\n<\/td>\n<\/tr>\n<tr>\n<td style=\"width: 28.8667%\" valign=\"TOP\" bgcolor=\"#ffff99\" width=\"1248\"><span style=\"font-family: Verdana, sans-serif\"><b>Rapha\u00ebl<\/b> Bou\u00e9<\/span><\/td>\n<td style=\"width: 22.4%\" valign=\"TOP\" bgcolor=\"#ffff99\" width=\"1419\">\n<p align=\"CENTER\"><span style=\"font-family: Verdana, sans-serif\">2000m steeple CAM<\/span><\/p>\n<\/td>\n<td style=\"width: 12.0667%\" valign=\"TOP\" bgcolor=\"#ffff99\" width=\"590\">\n<p align=\"CENTER\"><span style=\"font-family: Verdana, sans-serif\">3e <\/span><\/p>\n<\/td>\n<\/tr>\n<tr>\n<td style=\"width: 28.8667%\" valign=\"TOP\" bgcolor=\"#ffff99\" width=\"1248\"><span style=\"font-family: Verdana, sans-serif\">Fran\u00e7ois Chevalier (Cesson)<\/span><\/td>\n<td style=\"width: 22.4%\" valign=\"TOP\" bgcolor=\"#ffff99\" width=\"1419\">\n<p align=\"CENTER\"><span style=\"font-family: Verdana, sans-serif\">400m JUM<\/span><\/p>\n<\/td>\n<td style=\"width: 12.0667%\" valign=\"TOP\" bgcolor=\"#ffff99\" width=\"590\">\n<p align=\"CENTER\"><span style=\"font-family: Verdana, sans-serif\">1er<\/span><\/p>\n<\/td>\n<td style=\"width: 14.8979%\" rowspan=\"5\" bgcolor=\"#ffff99\" width=\"1079\">\n<p align=\"CENTER\"><span style=\"font-family: Verdana, sans-serif\">Montfort 6 juin<\/span><\/p>\n<\/td>\n<\/tr>\n<tr>\n<td style=\"width: 28.8667%\" valign=\"TOP\" bgcolor=\"#ffff99\" width=\"1248\"><span style=\"font-family: Verdana, sans-serif\">Lucie Duvigneau (Cesson)<\/span><\/td>\n<td style=\"width: 22.4%\" valign=\"TOP\" bgcolor=\"#ffff99\" width=\"1419\">\n<p align=\"CENTER\"><span style=\"font-family: Verdana, sans-serif\">400m CAF<\/span><\/p>\n<\/td>\n<td style=\"width: 12.0667%\" valign=\"TOP\" bgcolor=\"#ffff99\" width=\"590\">\n<p align=\"CENTER\"><span style=\"font-family: Verdana, sans-serif\">2e <\/span><\/p>\n<\/td>\n<\/tr>\n<tr>\n<td style=\"width: 28.8667%\" valign=\"TOP\" bgcolor=\"#ffff99\" width=\"1248\"><span style=\"font-family: Verdana, sans-serif\">Elsa Mah\u00e9 (Bain)<\/span><\/td>\n<td style=\"width: 22.4%\" valign=\"TOP\" bgcolor=\"#ffff99\" width=\"1419\">\n<p align=\"CENTER\"><span style=\"font-family: Verdana, sans-serif\">1500m JUF<\/span><\/p>\n<\/td>\n<td style=\"width: 12.0667%\" valign=\"TOP\" bgcolor=\"#ffff99\" width=\"590\">\n<p align=\"CENTER\"><span style=\"font-family: Verdana, sans-serif\">2e<\/span><\/p>\n<\/td>\n<\/tr>\n<tr>\n<td style=\"width: 28.8667%\" valign=\"TOP\" bgcolor=\"#ffff99\" width=\"1248\"><span style=\"font-family: Verdana, sans-serif\">Tiphanie Lecomte (Cesson)<\/span><\/td>\n<td style=\"width: 22.4%\" valign=\"TOP\" bgcolor=\"#ffff99\" width=\"1419\">\n<p align=\"CENTER\"><span style=\"font-family: Verdana, sans-serif\">1500m SEF<\/span><\/p>\n<\/td>\n<td style=\"width: 12.0667%\" valign=\"TOP\" bgcolor=\"#ffff99\" width=\"590\">\n<p align=\"CENTER\"><span style=\"font-family: Verdana, sans-serif\">2e<\/span><\/p>\n<\/td>\n<\/tr>\n<tr>\n<td style=\"width: 28.8667%\" valign=\"TOP\" bgcolor=\"#ffff99\" width=\"1248\"><span style=\"font-family: Verdana, sans-serif\"><b>L\u00e9a <\/b>Robert<\/span><\/td>\n<td style=\"width: 22.4%\" valign=\"TOP\" bgcolor=\"#ffff99\" width=\"1419\">\n<p align=\"CENTER\"><span style=\"font-family: Verdana, sans-serif\">1500m CAF<\/span><\/p>\n<\/td>\n<td style=\"width: 12.0667%\" valign=\"TOP\" bgcolor=\"#ffff99\" width=\"590\">\n<p align=\"CENTER\"><span style=\"font-family: Verdana, sans-serif\">3e<\/span><\/p>\n<\/td>\n<\/tr>\n<\/tbody>\n<\/table>\n<p><span style=\"font-family: Verdana, sans-serif\">Tous les r\u00e9sultats complets de nos athl\u00e8tes sont <a href=\"https:\/\/bases.athle.fr\/asp.net\/liste.aspx?frmbase=resultats&amp;frmmode=1&amp;pardisplay=1&amp;frmespace=0&amp;frmcompetition=305528&amp;frmclub=035136\">ICI<\/a>. Et tous les podiums d\u00e9partementaux du 15 juin <a href=\"https:\/\/bases.athle.fr\/asp.net\/liste.aspx?frmbase=podiums&amp;frmmode=1&amp;frmespace=&amp;frmcompetition=305528&amp;frmposition=0\">ICI<\/a>.<\/span><\/p>\n<p><a href=\"https:\/\/janze-athletisme.fr\/wordpress\/wp-content\/uploads\/2025\/06\/Elsa-Mahe-15juin2025-1.jpg\"><img loading=\"lazy\" decoding=\"async\" class=\"alignnone wp-image-25928\" src=\"https:\/\/janze-athletisme.fr\/wordpress\/wp-content\/uploads\/2025\/06\/Elsa-Mahe-15juin2025-1-300x300.jpg\" alt=\"\" width=\"236\" height=\"236\" srcset=\"https:\/\/janze-athletisme.fr\/wordpress\/wp-content\/uploads\/2025\/06\/Elsa-Mahe-15juin2025-1-300x300.jpg 300w, https:\/\/janze-athletisme.fr\/wordpress\/wp-content\/uploads\/2025\/06\/Elsa-Mahe-15juin2025-1-1024x1024.jpg 1024w, https:\/\/janze-athletisme.fr\/wordpress\/wp-content\/uploads\/2025\/06\/Elsa-Mahe-15juin2025-1-150x150.jpg 150w, https:\/\/janze-athletisme.fr\/wordpress\/wp-content\/uploads\/2025\/06\/Elsa-Mahe-15juin2025-1-768x768.jpg 768w, https:\/\/janze-athletisme.fr\/wordpress\/wp-content\/uploads\/2025\/06\/Elsa-Mahe-15juin2025-1.jpg 1200w\" sizes=\"auto, (max-width: 236px) 100vw, 236px\" \/><\/a> <a href=\"https:\/\/janze-athletisme.fr\/wordpress\/wp-content\/uploads\/2025\/06\/Francois-Chevalier-15juin2025-1.jpg\"><img loading=\"lazy\" decoding=\"async\" class=\"alignnone wp-image-25929\" src=\"https:\/\/janze-athletisme.fr\/wordpress\/wp-content\/uploads\/2025\/06\/Francois-Chevalier-15juin2025-1-300x300.jpg\" alt=\"\" width=\"236\" height=\"236\" srcset=\"https:\/\/janze-athletisme.fr\/wordpress\/wp-content\/uploads\/2025\/06\/Francois-Chevalier-15juin2025-1-300x300.jpg 300w, https:\/\/janze-athletisme.fr\/wordpress\/wp-content\/uploads\/2025\/06\/Francois-Chevalier-15juin2025-1-1024x1024.jpg 1024w, https:\/\/janze-athletisme.fr\/wordpress\/wp-content\/uploads\/2025\/06\/Francois-Chevalier-15juin2025-1-150x150.jpg 150w, https:\/\/janze-athletisme.fr\/wordpress\/wp-content\/uploads\/2025\/06\/Francois-Chevalier-15juin2025-1-768x768.jpg 768w, https:\/\/janze-athletisme.fr\/wordpress\/wp-content\/uploads\/2025\/06\/Francois-Chevalier-15juin2025-1.jpg 1200w\" sizes=\"auto, (max-width: 236px) 100vw, 236px\" \/><\/a> <a href=\"https:\/\/janze-athletisme.fr\/wordpress\/wp-content\/uploads\/2025\/06\/Lucie-Duvigneau-15juin2025-1.jpg\"><img loading=\"lazy\" decoding=\"async\" class=\"alignnone wp-image-25930\" src=\"https:\/\/janze-athletisme.fr\/wordpress\/wp-content\/uploads\/2025\/06\/Lucie-Duvigneau-15juin2025-1-300x300.jpg\" alt=\"\" width=\"238\" height=\"238\" srcset=\"https:\/\/janze-athletisme.fr\/wordpress\/wp-content\/uploads\/2025\/06\/Lucie-Duvigneau-15juin2025-1-300x300.jpg 300w, https:\/\/janze-athletisme.fr\/wordpress\/wp-content\/uploads\/2025\/06\/Lucie-Duvigneau-15juin2025-1-1024x1024.jpg 1024w, https:\/\/janze-athletisme.fr\/wordpress\/wp-content\/uploads\/2025\/06\/Lucie-Duvigneau-15juin2025-1-150x150.jpg 150w, https:\/\/janze-athletisme.fr\/wordpress\/wp-content\/uploads\/2025\/06\/Lucie-Duvigneau-15juin2025-1-768x768.jpg 768w, https:\/\/janze-athletisme.fr\/wordpress\/wp-content\/uploads\/2025\/06\/Lucie-Duvigneau-15juin2025-1.jpg 1200w\" sizes=\"auto, (max-width: 238px) 100vw, 238px\" \/><\/a><\/p>\n<p><a href=\"https:\/\/janze-athletisme.fr\/wordpress\/wp-content\/uploads\/2025\/06\/Tiphanie-Lecomte-15juin2025-1.jpg\"><img loading=\"lazy\" decoding=\"async\" class=\"alignnone wp-image-25931\" src=\"https:\/\/janze-athletisme.fr\/wordpress\/wp-content\/uploads\/2025\/06\/Tiphanie-Lecomte-15juin2025-1-300x300.jpg\" alt=\"\" width=\"237\" height=\"237\" srcset=\"https:\/\/janze-athletisme.fr\/wordpress\/wp-content\/uploads\/2025\/06\/Tiphanie-Lecomte-15juin2025-1-300x300.jpg 300w, https:\/\/janze-athletisme.fr\/wordpress\/wp-content\/uploads\/2025\/06\/Tiphanie-Lecomte-15juin2025-1-1024x1024.jpg 1024w, https:\/\/janze-athletisme.fr\/wordpress\/wp-content\/uploads\/2025\/06\/Tiphanie-Lecomte-15juin2025-1-150x150.jpg 150w, https:\/\/janze-athletisme.fr\/wordpress\/wp-content\/uploads\/2025\/06\/Tiphanie-Lecomte-15juin2025-1-768x768.jpg 768w, https:\/\/janze-athletisme.fr\/wordpress\/wp-content\/uploads\/2025\/06\/Tiphanie-Lecomte-15juin2025-1.jpg 1200w\" sizes=\"auto, (max-width: 237px) 100vw, 237px\" \/> <\/a><a href=\"https:\/\/janze-athletisme.fr\/wordpress\/wp-content\/uploads\/2025\/06\/Raphael-15juin2025-1.jpg\"><img loading=\"lazy\" decoding=\"async\" class=\"alignnone wp-image-25999\" src=\"https:\/\/janze-athletisme.fr\/wordpress\/wp-content\/uploads\/2025\/06\/Raphael-15juin2025-1-300x300.jpg\" alt=\"\" width=\"239\" height=\"239\" srcset=\"https:\/\/janze-athletisme.fr\/wordpress\/wp-content\/uploads\/2025\/06\/Raphael-15juin2025-1-300x300.jpg 300w, https:\/\/janze-athletisme.fr\/wordpress\/wp-content\/uploads\/2025\/06\/Raphael-15juin2025-1-1024x1024.jpg 1024w, https:\/\/janze-athletisme.fr\/wordpress\/wp-content\/uploads\/2025\/06\/Raphael-15juin2025-1-150x150.jpg 150w, https:\/\/janze-athletisme.fr\/wordpress\/wp-content\/uploads\/2025\/06\/Raphael-15juin2025-1-768x768.jpg 768w, https:\/\/janze-athletisme.fr\/wordpress\/wp-content\/uploads\/2025\/06\/Raphael-15juin2025-1.jpg 1455w\" sizes=\"auto, (max-width: 239px) 100vw, 239px\" \/><\/a><\/p>\n<p><em><span style=\"font-family: verdana, geneva, sans-serif\">A eux cinq, Elsa, Fran\u00e7ois, Lucie, Tiphanie et Rapha\u00ebl ram\u00e8nent 12 des 23 m\u00e9dailles d\u00e9partementales 2025 de l&rsquo;EAC.<\/span><\/em><\/p>\n","protected":false},"excerpt":{"rendered":"<p>Championnats d&rsquo;Ille-et-Vilaine CA &amp; +, Courtemanche, dimanche 15 juin Certes il manquait, dans les diff\u00e9rentes cat\u00e9gories, beaucoup des t\u00e9nors du d\u00e9partement \u00e0 ces championnats d&rsquo;Ille-et-Vilaine 2025, \u00e0 commencer par quelques uns et quelques unes des n\u00f4tres (Marie Duvigneau par exemple) : ils ont commenc\u00e9 un nouveau cycle destin\u00e9 \u00e0 les amener aux France en juillet [&hellip;]<\/p>\n","protected":false},"author":12,"featured_media":25930,"comment_status":"open","ping_status":"open","sticky":false,"template":"","format":"aside","meta":{"_uag_custom_page_level_css":"","site-sidebar-layout":"default","site-content-layout":"","ast-site-content-layout":"default","site-content-style":"default","site-sidebar-style":"default","ast-global-header-display":"","ast-banner-title-visibility":"","ast-main-header-display":"","ast-hfb-above-header-display":"","ast-hfb-below-header-display":"","ast-hfb-mobile-header-display":"","site-post-title":"","ast-breadcrumbs-content":"","ast-featured-img":"","footer-sml-layout":"","ast-disable-related-posts":"","theme-transparent-header-meta":"default","adv-header-id-meta":"","stick-header-meta":"","header-above-stick-meta":"","header-main-stick-meta":"","header-below-stick-meta":"","astra-migrate-meta-layouts":"set","ast-page-background-enabled":"default","ast-page-background-meta":{"desktop":{"background-color":"var(--ast-global-color-4)","background-image":"","background-repeat":"repeat","background-position":"center center","background-size":"auto","background-attachment":"scroll","background-type":"","background-media":"","overlay-type":"","overlay-color":"","overlay-opacity":"","overlay-gradient":""},"tablet":{"background-color":"","background-image":"","background-repeat":"repeat","background-position":"center center","background-size":"auto","background-attachment":"scroll","background-type":"","background-media":"","overlay-type":"","overlay-color":"","overlay-opacity":"","overlay-gradient":""},"mobile":{"background-color":"","background-image":"","background-repeat":"repeat","background-position":"center center","background-size":"auto","background-attachment":"scroll","background-type":"","background-media":"","overlay-type":"","overlay-color":"","overlay-opacity":"","overlay-gradient":""}},"ast-content-background-meta":{"desktop":{"background-color":"var(--ast-global-color-5)","background-image":"","background-repeat":"repeat","background-position":"center center","background-size":"auto","background-attachment":"scroll","background-type":"","background-media":"","overlay-type":"","overlay-color":"","overlay-opacity":"","overlay-gradient":""},"tablet":{"background-color":"var(--ast-global-color-5)","background-image":"","background-repeat":"repeat","background-position":"center center","background-size":"auto","background-attachment":"scroll","background-type":"","background-media":"","overlay-type":"","overlay-color":"","overlay-opacity":"","overlay-gradient":""},"mobile":{"background-color":"var(--ast-global-color-5)","background-image":"","background-repeat":"repeat","background-position":"center center","background-size":"auto","background-attachment":"scroll","background-type":"","background-media":"","overlay-type":"","overlay-color":"","overlay-opacity":"","overlay-gradient":""}},"footnotes":""},"categories":[6],"tags":[],"class_list":["post-25927","post","type-post","status-publish","format-aside","has-post-thumbnail","hentry","category-sections","post_format-post-format-aside"],"yoast_head":"<!-- This site is optimized with the Yoast SEO plugin v27.4 - https:\/\/yoast.com\/product\/yoast-seo-wordpress\/ -->\n<title>D\u00e9partementaux cadets &amp;+ : 23 m\u00e9dailles au total, dont 9 titres - Janz\u00e9 Athl\u00e9tisme<\/title>\n<meta name=\"robots\" content=\"index, follow, max-snippet:-1, max-image-preview:large, max-video-preview:-1\" \/>\n<link rel=\"canonical\" href=\"https:\/\/janze-athletisme.fr\/wordpress\/departementaux-cadets-23-medailles-au-total-dont-10-titres\/\" \/>\n<meta property=\"og:locale\" content=\"fr_FR\" \/>\n<meta property=\"og:type\" content=\"article\" \/>\n<meta property=\"og:title\" content=\"D\u00e9partementaux cadets &amp;+ : 23 m\u00e9dailles au total, dont 9 titres - Janz\u00e9 Athl\u00e9tisme\" \/>\n<meta property=\"og:description\" content=\"Championnats d&rsquo;Ille-et-Vilaine CA &amp; +, Courtemanche, dimanche 15 juin Certes il manquait, dans les diff\u00e9rentes cat\u00e9gories, beaucoup des t\u00e9nors du d\u00e9partement \u00e0 ces championnats d&rsquo;Ille-et-Vilaine 2025, \u00e0 commencer par quelques uns et quelques unes des n\u00f4tres (Marie Duvigneau par exemple) : ils ont commenc\u00e9 un nouveau cycle destin\u00e9 \u00e0 les amener aux France en juillet [&hellip;]\" \/>\n<meta property=\"og:url\" content=\"https:\/\/janze-athletisme.fr\/wordpress\/departementaux-cadets-23-medailles-au-total-dont-10-titres\/\" \/>\n<meta property=\"og:site_name\" content=\"Janz\u00e9 Athl\u00e9tisme\" \/>\n<meta property=\"article:publisher\" content=\"https:\/\/www.facebook.com\/groups\/1007964579346590\" \/>\n<meta property=\"article:published_time\" content=\"2025-06-15T21:38:20+00:00\" \/>\n<meta property=\"article:modified_time\" content=\"2025-06-18T19:55:28+00:00\" \/>\n<meta property=\"og:image\" content=\"https:\/\/janze-athletisme.fr\/wordpress\/wp-content\/uploads\/2025\/06\/Lucie-Duvigneau-15juin2025-1.jpg\" \/>\n\t<meta property=\"og:image:width\" content=\"1200\" \/>\n\t<meta property=\"og:image:height\" content=\"1200\" \/>\n\t<meta property=\"og:image:type\" content=\"image\/jpeg\" \/>\n<meta name=\"author\" content=\"Laurent Meunier\" \/>\n<meta name=\"twitter:card\" content=\"summary_large_image\" \/>\n<meta name=\"twitter:label1\" content=\"\u00c9crit par\" \/>\n\t<meta name=\"twitter:data1\" content=\"Laurent Meunier\" \/>\n\t<meta name=\"twitter:label2\" content=\"Dur\u00e9e de lecture estim\u00e9e\" \/>\n\t<meta name=\"twitter:data2\" content=\"4 minutes\" \/>\n<script type=\"application\/ld+json\" class=\"yoast-schema-graph\">{\"@context\":\"https:\\\/\\\/schema.org\",\"@graph\":[{\"@type\":\"Article\",\"@id\":\"https:\\\/\\\/janze-athletisme.fr\\\/wordpress\\\/departementaux-cadets-23-medailles-au-total-dont-10-titres\\\/#article\",\"isPartOf\":{\"@id\":\"https:\\\/\\\/janze-athletisme.fr\\\/wordpress\\\/departementaux-cadets-23-medailles-au-total-dont-10-titres\\\/\"},\"author\":{\"name\":\"Laurent Meunier\",\"@id\":\"https:\\\/\\\/janze-athletisme.fr\\\/wordpress\\\/#\\\/schema\\\/person\\\/c7b063dcfa6234c041d4d9b26cc2ea03\"},\"headline\":\"D\u00e9partementaux cadets &amp;+ : 23 m\u00e9dailles au total, dont 9 titres\",\"datePublished\":\"2025-06-15T21:38:20+00:00\",\"dateModified\":\"2025-06-18T19:55:28+00:00\",\"mainEntityOfPage\":{\"@id\":\"https:\\\/\\\/janze-athletisme.fr\\\/wordpress\\\/departementaux-cadets-23-medailles-au-total-dont-10-titres\\\/\"},\"wordCount\":499,\"commentCount\":0,\"publisher\":{\"@id\":\"https:\\\/\\\/janze-athletisme.fr\\\/wordpress\\\/#organization\"},\"image\":{\"@id\":\"https:\\\/\\\/janze-athletisme.fr\\\/wordpress\\\/departementaux-cadets-23-medailles-au-total-dont-10-titres\\\/#primaryimage\"},\"thumbnailUrl\":\"https:\\\/\\\/janze-athletisme.fr\\\/wordpress\\\/wp-content\\\/uploads\\\/2025\\\/06\\\/Lucie-Duvigneau-15juin2025-1.jpg\",\"articleSection\":[\"Le club au jour le jour\"],\"inLanguage\":\"fr-FR\",\"potentialAction\":[{\"@type\":\"CommentAction\",\"name\":\"Comment\",\"target\":[\"https:\\\/\\\/janze-athletisme.fr\\\/wordpress\\\/departementaux-cadets-23-medailles-au-total-dont-10-titres\\\/#respond\"]}]},{\"@type\":\"WebPage\",\"@id\":\"https:\\\/\\\/janze-athletisme.fr\\\/wordpress\\\/departementaux-cadets-23-medailles-au-total-dont-10-titres\\\/\",\"url\":\"https:\\\/\\\/janze-athletisme.fr\\\/wordpress\\\/departementaux-cadets-23-medailles-au-total-dont-10-titres\\\/\",\"name\":\"D\u00e9partementaux cadets &amp;+ : 23 m\u00e9dailles au total, dont 9 titres - Janz\u00e9 Athl\u00e9tisme\",\"isPartOf\":{\"@id\":\"https:\\\/\\\/janze-athletisme.fr\\\/wordpress\\\/#website\"},\"primaryImageOfPage\":{\"@id\":\"https:\\\/\\\/janze-athletisme.fr\\\/wordpress\\\/departementaux-cadets-23-medailles-au-total-dont-10-titres\\\/#primaryimage\"},\"image\":{\"@id\":\"https:\\\/\\\/janze-athletisme.fr\\\/wordpress\\\/departementaux-cadets-23-medailles-au-total-dont-10-titres\\\/#primaryimage\"},\"thumbnailUrl\":\"https:\\\/\\\/janze-athletisme.fr\\\/wordpress\\\/wp-content\\\/uploads\\\/2025\\\/06\\\/Lucie-Duvigneau-15juin2025-1.jpg\",\"datePublished\":\"2025-06-15T21:38:20+00:00\",\"dateModified\":\"2025-06-18T19:55:28+00:00\",\"breadcrumb\":{\"@id\":\"https:\\\/\\\/janze-athletisme.fr\\\/wordpress\\\/departementaux-cadets-23-medailles-au-total-dont-10-titres\\\/#breadcrumb\"},\"inLanguage\":\"fr-FR\",\"potentialAction\":[{\"@type\":\"ReadAction\",\"target\":[\"https:\\\/\\\/janze-athletisme.fr\\\/wordpress\\\/departementaux-cadets-23-medailles-au-total-dont-10-titres\\\/\"]}]},{\"@type\":\"ImageObject\",\"inLanguage\":\"fr-FR\",\"@id\":\"https:\\\/\\\/janze-athletisme.fr\\\/wordpress\\\/departementaux-cadets-23-medailles-au-total-dont-10-titres\\\/#primaryimage\",\"url\":\"https:\\\/\\\/janze-athletisme.fr\\\/wordpress\\\/wp-content\\\/uploads\\\/2025\\\/06\\\/Lucie-Duvigneau-15juin2025-1.jpg\",\"contentUrl\":\"https:\\\/\\\/janze-athletisme.fr\\\/wordpress\\\/wp-content\\\/uploads\\\/2025\\\/06\\\/Lucie-Duvigneau-15juin2025-1.jpg\",\"width\":1200,\"height\":1200},{\"@type\":\"BreadcrumbList\",\"@id\":\"https:\\\/\\\/janze-athletisme.fr\\\/wordpress\\\/departementaux-cadets-23-medailles-au-total-dont-10-titres\\\/#breadcrumb\",\"itemListElement\":[{\"@type\":\"ListItem\",\"position\":1,\"name\":\"Accueil\",\"item\":\"https:\\\/\\\/janze-athletisme.fr\\\/wordpress\\\/\"},{\"@type\":\"ListItem\",\"position\":2,\"name\":\"D\u00e9partementaux cadets &amp;+ : 23 m\u00e9dailles au total, dont 9 titres\"}]},{\"@type\":\"WebSite\",\"@id\":\"https:\\\/\\\/janze-athletisme.fr\\\/wordpress\\\/#website\",\"url\":\"https:\\\/\\\/janze-athletisme.fr\\\/wordpress\\\/\",\"name\":\"Janz\u00e9 Athl\u00e9tisme\",\"description\":\"Pays de La Roche aux F\u00e9es\",\"publisher\":{\"@id\":\"https:\\\/\\\/janze-athletisme.fr\\\/wordpress\\\/#organization\"},\"potentialAction\":[{\"@type\":\"SearchAction\",\"target\":{\"@type\":\"EntryPoint\",\"urlTemplate\":\"https:\\\/\\\/janze-athletisme.fr\\\/wordpress\\\/?s={search_term_string}\"},\"query-input\":{\"@type\":\"PropertyValueSpecification\",\"valueRequired\":true,\"valueName\":\"search_term_string\"}}],\"inLanguage\":\"fr-FR\"},{\"@type\":\"Organization\",\"@id\":\"https:\\\/\\\/janze-athletisme.fr\\\/wordpress\\\/#organization\",\"name\":\"Janz\u00e9 Athl\u00e9tisme\",\"url\":\"https:\\\/\\\/janze-athletisme.fr\\\/wordpress\\\/\",\"logo\":{\"@type\":\"ImageObject\",\"inLanguage\":\"fr-FR\",\"@id\":\"https:\\\/\\\/janze-athletisme.fr\\\/wordpress\\\/#\\\/schema\\\/logo\\\/image\\\/\",\"url\":\"https:\\\/\\\/janze-athletisme.fr\\\/wordpress\\\/wp-content\\\/uploads\\\/2015\\\/03\\\/logo-full1.jpg\",\"contentUrl\":\"https:\\\/\\\/janze-athletisme.fr\\\/wordpress\\\/wp-content\\\/uploads\\\/2015\\\/03\\\/logo-full1.jpg\",\"width\":437,\"height\":205,\"caption\":\"Janz\u00e9 Athl\u00e9tisme\"},\"image\":{\"@id\":\"https:\\\/\\\/janze-athletisme.fr\\\/wordpress\\\/#\\\/schema\\\/logo\\\/image\\\/\"},\"sameAs\":[\"https:\\\/\\\/www.facebook.com\\\/groups\\\/1007964579346590\"]},{\"@type\":\"Person\",\"@id\":\"https:\\\/\\\/janze-athletisme.fr\\\/wordpress\\\/#\\\/schema\\\/person\\\/c7b063dcfa6234c041d4d9b26cc2ea03\",\"name\":\"Laurent Meunier\",\"image\":{\"@type\":\"ImageObject\",\"inLanguage\":\"fr-FR\",\"@id\":\"https:\\\/\\\/secure.gravatar.com\\\/avatar\\\/dd25d581ad7c3349090f2fa6a9adb6bfa287e6a5dd8a5216a092727cd8749034?s=96&d=mm&r=g\",\"url\":\"https:\\\/\\\/secure.gravatar.com\\\/avatar\\\/dd25d581ad7c3349090f2fa6a9adb6bfa287e6a5dd8a5216a092727cd8749034?s=96&d=mm&r=g\",\"contentUrl\":\"https:\\\/\\\/secure.gravatar.com\\\/avatar\\\/dd25d581ad7c3349090f2fa6a9adb6bfa287e6a5dd8a5216a092727cd8749034?s=96&d=mm&r=g\",\"caption\":\"Laurent Meunier\"},\"url\":\"https:\\\/\\\/janze-athletisme.fr\\\/wordpress\\\/author\\\/laurent-meunier35\\\/\"}]}<\/script>\n<!-- \/ Yoast SEO plugin. -->","yoast_head_json":{"title":"D\u00e9partementaux cadets &amp;+ : 23 m\u00e9dailles au total, dont 9 titres - Janz\u00e9 Athl\u00e9tisme","robots":{"index":"index","follow":"follow","max-snippet":"max-snippet:-1","max-image-preview":"max-image-preview:large","max-video-preview":"max-video-preview:-1"},"canonical":"https:\/\/janze-athletisme.fr\/wordpress\/departementaux-cadets-23-medailles-au-total-dont-10-titres\/","og_locale":"fr_FR","og_type":"article","og_title":"D\u00e9partementaux cadets &amp;+ : 23 m\u00e9dailles au total, dont 9 titres - Janz\u00e9 Athl\u00e9tisme","og_description":"Championnats d&rsquo;Ille-et-Vilaine CA &amp; +, Courtemanche, dimanche 15 juin Certes il manquait, dans les diff\u00e9rentes cat\u00e9gories, beaucoup des t\u00e9nors du d\u00e9partement \u00e0 ces championnats d&rsquo;Ille-et-Vilaine 2025, \u00e0 commencer par quelques uns et quelques unes des n\u00f4tres (Marie Duvigneau par exemple) : ils ont commenc\u00e9 un nouveau cycle destin\u00e9 \u00e0 les amener aux France en juillet [&hellip;]","og_url":"https:\/\/janze-athletisme.fr\/wordpress\/departementaux-cadets-23-medailles-au-total-dont-10-titres\/","og_site_name":"Janz\u00e9 Athl\u00e9tisme","article_publisher":"https:\/\/www.facebook.com\/groups\/1007964579346590","article_published_time":"2025-06-15T21:38:20+00:00","article_modified_time":"2025-06-18T19:55:28+00:00","og_image":[{"width":1200,"height":1200,"url":"https:\/\/janze-athletisme.fr\/wordpress\/wp-content\/uploads\/2025\/06\/Lucie-Duvigneau-15juin2025-1.jpg","type":"image\/jpeg"}],"author":"Laurent Meunier","twitter_card":"summary_large_image","twitter_misc":{"\u00c9crit par":"Laurent Meunier","Dur\u00e9e de lecture estim\u00e9e":"4 minutes"},"schema":{"@context":"https:\/\/schema.org","@graph":[{"@type":"Article","@id":"https:\/\/janze-athletisme.fr\/wordpress\/departementaux-cadets-23-medailles-au-total-dont-10-titres\/#article","isPartOf":{"@id":"https:\/\/janze-athletisme.fr\/wordpress\/departementaux-cadets-23-medailles-au-total-dont-10-titres\/"},"author":{"name":"Laurent Meunier","@id":"https:\/\/janze-athletisme.fr\/wordpress\/#\/schema\/person\/c7b063dcfa6234c041d4d9b26cc2ea03"},"headline":"D\u00e9partementaux cadets &amp;+ : 23 m\u00e9dailles au total, dont 9 titres","datePublished":"2025-06-15T21:38:20+00:00","dateModified":"2025-06-18T19:55:28+00:00","mainEntityOfPage":{"@id":"https:\/\/janze-athletisme.fr\/wordpress\/departementaux-cadets-23-medailles-au-total-dont-10-titres\/"},"wordCount":499,"commentCount":0,"publisher":{"@id":"https:\/\/janze-athletisme.fr\/wordpress\/#organization"},"image":{"@id":"https:\/\/janze-athletisme.fr\/wordpress\/departementaux-cadets-23-medailles-au-total-dont-10-titres\/#primaryimage"},"thumbnailUrl":"https:\/\/janze-athletisme.fr\/wordpress\/wp-content\/uploads\/2025\/06\/Lucie-Duvigneau-15juin2025-1.jpg","articleSection":["Le club au jour le jour"],"inLanguage":"fr-FR","potentialAction":[{"@type":"CommentAction","name":"Comment","target":["https:\/\/janze-athletisme.fr\/wordpress\/departementaux-cadets-23-medailles-au-total-dont-10-titres\/#respond"]}]},{"@type":"WebPage","@id":"https:\/\/janze-athletisme.fr\/wordpress\/departementaux-cadets-23-medailles-au-total-dont-10-titres\/","url":"https:\/\/janze-athletisme.fr\/wordpress\/departementaux-cadets-23-medailles-au-total-dont-10-titres\/","name":"D\u00e9partementaux cadets &amp;+ : 23 m\u00e9dailles au total, dont 9 titres - Janz\u00e9 Athl\u00e9tisme","isPartOf":{"@id":"https:\/\/janze-athletisme.fr\/wordpress\/#website"},"primaryImageOfPage":{"@id":"https:\/\/janze-athletisme.fr\/wordpress\/departementaux-cadets-23-medailles-au-total-dont-10-titres\/#primaryimage"},"image":{"@id":"https:\/\/janze-athletisme.fr\/wordpress\/departementaux-cadets-23-medailles-au-total-dont-10-titres\/#primaryimage"},"thumbnailUrl":"https:\/\/janze-athletisme.fr\/wordpress\/wp-content\/uploads\/2025\/06\/Lucie-Duvigneau-15juin2025-1.jpg","datePublished":"2025-06-15T21:38:20+00:00","dateModified":"2025-06-18T19:55:28+00:00","breadcrumb":{"@id":"https:\/\/janze-athletisme.fr\/wordpress\/departementaux-cadets-23-medailles-au-total-dont-10-titres\/#breadcrumb"},"inLanguage":"fr-FR","potentialAction":[{"@type":"ReadAction","target":["https:\/\/janze-athletisme.fr\/wordpress\/departementaux-cadets-23-medailles-au-total-dont-10-titres\/"]}]},{"@type":"ImageObject","inLanguage":"fr-FR","@id":"https:\/\/janze-athletisme.fr\/wordpress\/departementaux-cadets-23-medailles-au-total-dont-10-titres\/#primaryimage","url":"https:\/\/janze-athletisme.fr\/wordpress\/wp-content\/uploads\/2025\/06\/Lucie-Duvigneau-15juin2025-1.jpg","contentUrl":"https:\/\/janze-athletisme.fr\/wordpress\/wp-content\/uploads\/2025\/06\/Lucie-Duvigneau-15juin2025-1.jpg","width":1200,"height":1200},{"@type":"BreadcrumbList","@id":"https:\/\/janze-athletisme.fr\/wordpress\/departementaux-cadets-23-medailles-au-total-dont-10-titres\/#breadcrumb","itemListElement":[{"@type":"ListItem","position":1,"name":"Accueil","item":"https:\/\/janze-athletisme.fr\/wordpress\/"},{"@type":"ListItem","position":2,"name":"D\u00e9partementaux cadets &amp;+ : 23 m\u00e9dailles au total, dont 9 titres"}]},{"@type":"WebSite","@id":"https:\/\/janze-athletisme.fr\/wordpress\/#website","url":"https:\/\/janze-athletisme.fr\/wordpress\/","name":"Janz\u00e9 Athl\u00e9tisme","description":"Pays de La Roche aux F\u00e9es","publisher":{"@id":"https:\/\/janze-athletisme.fr\/wordpress\/#organization"},"potentialAction":[{"@type":"SearchAction","target":{"@type":"EntryPoint","urlTemplate":"https:\/\/janze-athletisme.fr\/wordpress\/?s={search_term_string}"},"query-input":{"@type":"PropertyValueSpecification","valueRequired":true,"valueName":"search_term_string"}}],"inLanguage":"fr-FR"},{"@type":"Organization","@id":"https:\/\/janze-athletisme.fr\/wordpress\/#organization","name":"Janz\u00e9 Athl\u00e9tisme","url":"https:\/\/janze-athletisme.fr\/wordpress\/","logo":{"@type":"ImageObject","inLanguage":"fr-FR","@id":"https:\/\/janze-athletisme.fr\/wordpress\/#\/schema\/logo\/image\/","url":"https:\/\/janze-athletisme.fr\/wordpress\/wp-content\/uploads\/2015\/03\/logo-full1.jpg","contentUrl":"https:\/\/janze-athletisme.fr\/wordpress\/wp-content\/uploads\/2015\/03\/logo-full1.jpg","width":437,"height":205,"caption":"Janz\u00e9 Athl\u00e9tisme"},"image":{"@id":"https:\/\/janze-athletisme.fr\/wordpress\/#\/schema\/logo\/image\/"},"sameAs":["https:\/\/www.facebook.com\/groups\/1007964579346590"]},{"@type":"Person","@id":"https:\/\/janze-athletisme.fr\/wordpress\/#\/schema\/person\/c7b063dcfa6234c041d4d9b26cc2ea03","name":"Laurent Meunier","image":{"@type":"ImageObject","inLanguage":"fr-FR","@id":"https:\/\/secure.gravatar.com\/avatar\/dd25d581ad7c3349090f2fa6a9adb6bfa287e6a5dd8a5216a092727cd8749034?s=96&d=mm&r=g","url":"https:\/\/secure.gravatar.com\/avatar\/dd25d581ad7c3349090f2fa6a9adb6bfa287e6a5dd8a5216a092727cd8749034?s=96&d=mm&r=g","contentUrl":"https:\/\/secure.gravatar.com\/avatar\/dd25d581ad7c3349090f2fa6a9adb6bfa287e6a5dd8a5216a092727cd8749034?s=96&d=mm&r=g","caption":"Laurent Meunier"},"url":"https:\/\/janze-athletisme.fr\/wordpress\/author\/laurent-meunier35\/"}]}},"uagb_featured_image_src":{"full":["https:\/\/janze-athletisme.fr\/wordpress\/wp-content\/uploads\/2025\/06\/Lucie-Duvigneau-15juin2025-1.jpg",1200,1200,false],"thumbnail":["https:\/\/janze-athletisme.fr\/wordpress\/wp-content\/uploads\/2025\/06\/Lucie-Duvigneau-15juin2025-1-150x150.jpg",150,150,true],"medium":["https:\/\/janze-athletisme.fr\/wordpress\/wp-content\/uploads\/2025\/06\/Lucie-Duvigneau-15juin2025-1-300x300.jpg",300,300,true],"medium_large":["https:\/\/janze-athletisme.fr\/wordpress\/wp-content\/uploads\/2025\/06\/Lucie-Duvigneau-15juin2025-1-768x768.jpg",768,768,true],"large":["https:\/\/janze-athletisme.fr\/wordpress\/wp-content\/uploads\/2025\/06\/Lucie-Duvigneau-15juin2025-1-1024x1024.jpg",1024,1024,true],"1536x1536":["https:\/\/janze-athletisme.fr\/wordpress\/wp-content\/uploads\/2025\/06\/Lucie-Duvigneau-15juin2025-1.jpg",1200,1200,false],"2048x2048":["https:\/\/janze-athletisme.fr\/wordpress\/wp-content\/uploads\/2025\/06\/Lucie-Duvigneau-15juin2025-1.jpg",1200,1200,false]},"uagb_author_info":{"display_name":"Laurent Meunier","author_link":"https:\/\/janze-athletisme.fr\/wordpress\/author\/laurent-meunier35\/"},"uagb_comment_info":0,"uagb_excerpt":"Championnats d&rsquo;Ille-et-Vilaine CA &amp; +, Courtemanche, dimanche 15 juin Certes il manquait, dans les diff\u00e9rentes cat\u00e9gories, beaucoup des t\u00e9nors du d\u00e9partement \u00e0 ces championnats d&rsquo;Ille-et-Vilaine 2025, \u00e0 commencer par quelques uns et quelques unes des n\u00f4tres (Marie Duvigneau par exemple) : ils ont commenc\u00e9 un nouveau cycle destin\u00e9 \u00e0 les amener aux France en juillet\u2026","_links":{"self":[{"href":"https:\/\/janze-athletisme.fr\/wordpress\/wp-json\/wp\/v2\/posts\/25927","targetHints":{"allow":["GET"]}}],"collection":[{"href":"https:\/\/janze-athletisme.fr\/wordpress\/wp-json\/wp\/v2\/posts"}],"about":[{"href":"https:\/\/janze-athletisme.fr\/wordpress\/wp-json\/wp\/v2\/types\/post"}],"author":[{"embeddable":true,"href":"https:\/\/janze-athletisme.fr\/wordpress\/wp-json\/wp\/v2\/users\/12"}],"replies":[{"embeddable":true,"href":"https:\/\/janze-athletisme.fr\/wordpress\/wp-json\/wp\/v2\/comments?post=25927"}],"version-history":[{"count":10,"href":"https:\/\/janze-athletisme.fr\/wordpress\/wp-json\/wp\/v2\/posts\/25927\/revisions"}],"predecessor-version":[{"id":26015,"href":"https:\/\/janze-athletisme.fr\/wordpress\/wp-json\/wp\/v2\/posts\/25927\/revisions\/26015"}],"wp:featuredmedia":[{"embeddable":true,"href":"https:\/\/janze-athletisme.fr\/wordpress\/wp-json\/wp\/v2\/media\/25930"}],"wp:attachment":[{"href":"https:\/\/janze-athletisme.fr\/wordpress\/wp-json\/wp\/v2\/media?parent=25927"}],"wp:term":[{"taxonomy":"category","embeddable":true,"href":"https:\/\/janze-athletisme.fr\/wordpress\/wp-json\/wp\/v2\/categories?post=25927"},{"taxonomy":"post_tag","embeddable":true,"href":"https:\/\/janze-athletisme.fr\/wordpress\/wp-json\/wp\/v2\/tags?post=25927"}],"curies":[{"name":"wp","href":"https:\/\/api.w.org\/{rel}","templated":true}]}}