{"id":25901,"date":"2025-06-14T09:24:29","date_gmt":"2025-06-14T07:24:29","guid":{"rendered":"https:\/\/janze-athletisme.fr\/wordpress\/?p=25901"},"modified":"2025-06-14T09:30:23","modified_gmt":"2025-06-14T07:30:23","slug":"28-perfs-a-plus-de-30-points-pour-nos-jeunes-a-redon","status":"publish","type":"post","link":"https:\/\/janze-athletisme.fr\/wordpress\/28-perfs-a-plus-de-30-points-pour-nos-jeunes-a-redon\/","title":{"rendered":"28 perfs \u00e0 plus de 30 points pour nos jeunes \u00e0 Redon"},"content":{"rendered":"<p><span style=\"font-family: Verdana, sans-serif\"><span style=\"font-size: x-large\"><b>D\u00e9partementaux U14\/U16, Redon, samedi 7 juin<\/b><\/span><\/span><\/p>\n<p><span style=\"font-family: Verdana, sans-serif\">A l&rsquo;heure o\u00f9 arrivent les championnats d&rsquo;Ille-et-Vilaine cadets et +, ce dimanche \u00e0 Courtemanche, nous nous rendons compte que nous sommes pass\u00e9s un peu vite sur ceux des benjamins\/minimes, qui ont eu lieu le samedi 7 juin \u00e0 Redon. Nous avons \u00e9voqu\u00e9 (<a href=\"https:\/\/janze-athletisme.fr\/wordpress\/redon-les-minimes-reviennent-avec-14-medailles-dont-3-titres\/\">ICI<\/a>) les 14 podiums (dont 12 pour Janz\u00e9 Athl\u00e9), mais avons pass\u00e9s sous silence une foule de r\u00e9sultats pourtant remarquables, dont la majorit\u00e9 sont Janz\u00e9ens.<\/span><\/p>\n<p><span style=\"font-family: Verdana, sans-serif\">Un petit retour donc sur les performances principales de cette journ\u00e9e. Rien qu&rsquo;en regardant celles \u00e0 plus de 30 points, il y en a d\u00e9j\u00e0 28, ce qui est plut\u00f4t excellent. Comme on ne peut citer ici les 114 performances de nos 30 jeunes, on trouvera <a href=\"https:\/\/bases.athle.fr\/asp.net\/liste.aspx?frmbase=resultats&amp;frmmode=1&amp;pardisplay=1&amp;frmespace=0&amp;frmcompetition=305707&amp;frmclub=035136\">ICI<\/a> les autres r\u00e9sultats.<\/span><\/p>\n<table style=\"width: 76.0667%;height: 2003px\" border=\"1\" width=\"100%\" cellspacing=\"0\" cellpadding=\"4\">\n<tbody>\n<tr valign=\"TOP\">\n<td style=\"width: 46.3348%\" bgcolor=\"#ffff99\" width=\"48%\"><span style=\"font-family: Verdana, sans-serif\"><b>Athl\u00e8te<\/b><\/span><\/td>\n<td style=\"text-align: center;width: 25.681%\" bgcolor=\"#ffff99\" width=\"22%\"><span style=\"font-family: Verdana, sans-serif\"><b>\u00c9preuve<\/b><\/span><\/td>\n<td style=\"text-align: center;width: 17.3348%\" bgcolor=\"#ffff99\" width=\"19%\"><span style=\"font-family: Verdana, sans-serif\"><b>Performance<\/b><\/span><\/td>\n<td style=\"text-align: center;width: 11.6494%\" bgcolor=\"#ffff99\" width=\"12%\"><span style=\"font-family: Verdana, sans-serif\"><b>Points FFA<\/b><\/span><\/td>\n<\/tr>\n<tr valign=\"TOP\">\n<td style=\"width: 46.3348%\" bgcolor=\"#ffff99\" width=\"48%\"><span style=\"font-family: Verdana, sans-serif\">Rose Mah\u00e9 (Bain)<\/span><\/td>\n<td style=\"text-align: center;width: 25.681%\" bgcolor=\"#ffff99\" width=\"22%\"><span style=\"font-family: Verdana, sans-serif\">1000m MIF<\/span><\/td>\n<td style=\"text-align: center;width: 17.3348%\" bgcolor=\"#ffff99\" width=\"19%\"><span style=\"font-family: Verdana, sans-serif\">3&rsquo;09&Prime;88<\/span><\/td>\n<td style=\"text-align: center;width: 11.6494%\" bgcolor=\"#ffff99\" width=\"12%\"><span style=\"font-family: Verdana, sans-serif\">41<\/span><\/td>\n<\/tr>\n<tr valign=\"TOP\">\n<td style=\"width: 46.3348%\" bgcolor=\"#ffff99\" width=\"48%\"><span style=\"font-family: Verdana, sans-serif\"><b>Justine<\/b> Bourgault<\/span><\/td>\n<td style=\"text-align: center;width: 25.681%\" bgcolor=\"#ffff99\" width=\"22%\"><span style=\"font-family: Verdana, sans-serif\">Triple saut MIF<\/span><\/td>\n<td style=\"text-align: center;width: 17.3348%\" bgcolor=\"#ffff99\" width=\"19%\"><span style=\"font-family: Verdana, sans-serif\">11m17<\/span><\/td>\n<td style=\"text-align: center;width: 11.6494%\" bgcolor=\"#ffff99\" width=\"12%\"><span style=\"font-family: Verdana, sans-serif\">40<\/span><\/td>\n<\/tr>\n<tr valign=\"TOP\">\n<td style=\"width: 46.3348%\" bgcolor=\"#ffff99\" width=\"48%\"><span style=\"font-family: Verdana, sans-serif\"><b>Esteban<\/b> Fleury<\/span><\/td>\n<td style=\"text-align: center;width: 25.681%\" bgcolor=\"#ffff99\" width=\"22%\"><span style=\"font-family: Verdana, sans-serif\">Disque MIM 1,2kg<\/span><\/td>\n<td style=\"text-align: center;width: 17.3348%\" bgcolor=\"#ffff99\" width=\"19%\"><span style=\"font-family: Verdana, sans-serif\">33m96<\/span><\/td>\n<td style=\"text-align: center;width: 11.6494%\" bgcolor=\"#ffff99\" width=\"12%\"><span style=\"font-family: Verdana, sans-serif\">38<\/span><\/td>\n<\/tr>\n<tr valign=\"TOP\">\n<td style=\"width: 46.3348%\" bgcolor=\"#ffff99\" width=\"48%\"><span style=\"font-family: Verdana, sans-serif\"><b>Justine<\/b> Bourgault<\/span><\/td>\n<td style=\"text-align: center;width: 25.681%\" bgcolor=\"#ffff99\" width=\"22%\"><span style=\"font-family: Verdana, sans-serif\">Longueur MIF<\/span><\/td>\n<td style=\"text-align: center;width: 17.3348%\" bgcolor=\"#ffff99\" width=\"19%\"><span style=\"font-family: Verdana, sans-serif\">4m88<\/span><\/td>\n<td style=\"text-align: center;width: 11.6494%\" bgcolor=\"#ffff99\" width=\"12%\"><span style=\"font-family: Verdana, sans-serif\">37<\/span><\/td>\n<\/tr>\n<tr valign=\"TOP\">\n<td style=\"width: 46.3348%\" bgcolor=\"#ffff99\" width=\"48%\"><span style=\"font-family: Verdana, sans-serif\"><b>Justine<\/b> Bourgault<\/span><\/td>\n<td style=\"text-align: center;width: 25.681%\" bgcolor=\"#ffff99\" width=\"22%\"><span style=\"font-family: Verdana, sans-serif\">80m MIF<\/span><\/td>\n<td style=\"text-align: center;width: 17.3348%\" bgcolor=\"#ffff99\" width=\"19%\"><span style=\"font-family: Verdana, sans-serif\">10&Prime;92<\/span><\/td>\n<td style=\"text-align: center;width: 11.6494%\" bgcolor=\"#ffff99\" width=\"12%\"><span style=\"font-family: Verdana, sans-serif\">37<\/span><\/td>\n<\/tr>\n<tr valign=\"TOP\">\n<td style=\"width: 46.3348%\" bgcolor=\"#ffff99\" width=\"48%\"><span style=\"font-family: Verdana, sans-serif\"><b>Tha\u00efs, Justine, Esteban, Sayhann<\/b><\/span><\/td>\n<td style=\"text-align: center;width: 25.681%\" bgcolor=\"#ffff99\" width=\"22%\"><span style=\"font-family: Verdana, sans-serif\">4x60m MIxte<\/span><\/td>\n<td style=\"text-align: center;width: 17.3348%\" bgcolor=\"#ffff99\" width=\"19%\"><span style=\"font-family: Verdana, sans-serif\">29&Prime;91<\/span><\/td>\n<td style=\"text-align: center;width: 11.6494%\" bgcolor=\"#ffff99\" width=\"12%\"><span style=\"font-family: Verdana, sans-serif\">36<\/span><\/td>\n<\/tr>\n<tr valign=\"TOP\">\n<td style=\"width: 46.3348%\" bgcolor=\"#ffff99\" width=\"48%\"><span style=\"font-family: Verdana, sans-serif\"><b>Esteban<\/b> Fleury<\/span><\/td>\n<td style=\"text-align: center;width: 25.681%\" bgcolor=\"#ffff99\" width=\"22%\"><span style=\"font-family: Verdana, sans-serif\">Poids MIM 4kg<\/span><\/td>\n<td style=\"text-align: center;width: 17.3348%\" bgcolor=\"#ffff99\" width=\"19%\"><span style=\"font-family: Verdana, sans-serif\">11m32<\/span><\/td>\n<td style=\"text-align: center;width: 11.6494%\" bgcolor=\"#ffff99\" width=\"12%\"><span style=\"font-family: Verdana, sans-serif\">36<\/span><\/td>\n<\/tr>\n<tr valign=\"TOP\">\n<td style=\"width: 46.3348%\" bgcolor=\"#ffff99\" width=\"48%\"><span style=\"font-family: Verdana, sans-serif\"><b>Alice<\/b> Bou\u00e9<\/span><\/td>\n<td style=\"text-align: center;width: 25.681%\" bgcolor=\"#ffff99\" width=\"22%\"><span style=\"font-family: Verdana, sans-serif\">Hauteur MIF<\/span><\/td>\n<td style=\"text-align: center;width: 17.3348%\" bgcolor=\"#ffff99\" width=\"19%\"><span style=\"font-family: Verdana, sans-serif\">1m44<\/span><\/td>\n<td style=\"text-align: center;width: 11.6494%\" bgcolor=\"#ffff99\" width=\"12%\"><span style=\"font-family: Verdana, sans-serif\">35<\/span><\/td>\n<\/tr>\n<tr valign=\"TOP\">\n<td style=\"width: 46.3348%\" bgcolor=\"#ffff99\" width=\"48%\"><span style=\"font-family: Verdana, sans-serif\"><b>Sayhann<\/b> Ksouda-Lain\u00e9<\/span><\/td>\n<td style=\"text-align: center;width: 25.681%\" bgcolor=\"#ffff99\" width=\"22%\"><span style=\"font-family: Verdana, sans-serif\">Hauteur MIM<\/span><\/td>\n<td style=\"text-align: center;width: 17.3348%\" bgcolor=\"#ffff99\" width=\"19%\"><span style=\"font-family: Verdana, sans-serif\">1m64<\/span><\/td>\n<td style=\"text-align: center;width: 11.6494%\" bgcolor=\"#ffff99\" width=\"12%\"><span style=\"font-family: Verdana, sans-serif\">35<\/span><\/td>\n<\/tr>\n<tr valign=\"TOP\">\n<td style=\"width: 46.3348%\" bgcolor=\"#ffff99\" width=\"48%\"><span style=\"font-family: Verdana, sans-serif\">Rose Mah\u00e9 (Bain)<\/span><\/td>\n<td style=\"text-align: center;width: 25.681%\" bgcolor=\"#ffff99\" width=\"22%\"><span style=\"font-family: Verdana, sans-serif\">Hauteur MIF<\/span><\/td>\n<td style=\"text-align: center;width: 17.3348%\" bgcolor=\"#ffff99\" width=\"19%\"><span style=\"font-family: Verdana, sans-serif\">1m40<\/span><\/td>\n<td style=\"text-align: center;width: 11.6494%\" bgcolor=\"#ffff99\" width=\"12%\"><span style=\"font-family: Verdana, sans-serif\">34<\/span><\/td>\n<\/tr>\n<tr valign=\"TOP\">\n<td style=\"width: 46.3348%\" bgcolor=\"#ffff99\" width=\"48%\"><span style=\"font-family: Verdana, sans-serif\">Jeanne Serraj (Cesson)<\/span><\/td>\n<td style=\"text-align: center;width: 25.681%\" bgcolor=\"#ffff99\" width=\"22%\"><span style=\"font-family: Verdana, sans-serif\">120m MIF<\/span><\/td>\n<td style=\"text-align: center;width: 17.3348%\" bgcolor=\"#ffff99\" width=\"19%\"><span style=\"font-family: Verdana, sans-serif\">16&Prime;48<\/span><\/td>\n<td style=\"text-align: center;width: 11.6494%\" bgcolor=\"#ffff99\" width=\"12%\"><span style=\"font-family: Verdana, sans-serif\">34<\/span><\/td>\n<\/tr>\n<tr valign=\"TOP\">\n<td style=\"width: 46.3348%\" bgcolor=\"#ffff99\" width=\"48%\"><span style=\"font-family: Verdana, sans-serif\"><b>Tha\u00efs<\/b> Ginguen\u00e9<\/span><\/td>\n<td style=\"text-align: center;width: 25.681%\" bgcolor=\"#ffff99\" width=\"22%\"><span style=\"font-family: Verdana, sans-serif\">Longueur MIF<\/span><\/td>\n<td style=\"text-align: center;width: 17.3348%\" bgcolor=\"#ffff99\" width=\"19%\"><span style=\"font-family: Verdana, sans-serif\">4m51<\/span><\/td>\n<td style=\"text-align: center;width: 11.6494%\" bgcolor=\"#ffff99\" width=\"12%\"><span style=\"font-family: Verdana, sans-serif\">34<\/span><\/td>\n<\/tr>\n<tr valign=\"TOP\">\n<td style=\"width: 46.3348%\" bgcolor=\"#ffff99\" width=\"48%\"><span style=\"font-family: Verdana, sans-serif\"><b>Rose<\/b> Meyer-Blanchot<\/span><\/td>\n<td style=\"text-align: center;width: 25.681%\" bgcolor=\"#ffff99\" width=\"22%\"><span style=\"font-family: Verdana, sans-serif\">2000m MIF<\/span><\/td>\n<td style=\"text-align: center;width: 17.3348%\" bgcolor=\"#ffff99\" width=\"19%\"><span style=\"font-family: Verdana, sans-serif\">7&rsquo;23&Prime;34<\/span><\/td>\n<td style=\"text-align: center;width: 11.6494%\" bgcolor=\"#ffff99\" width=\"12%\"><span style=\"font-family: Verdana, sans-serif\">34<\/span><\/td>\n<\/tr>\n<tr valign=\"TOP\">\n<td style=\"width: 46.3348%\" bgcolor=\"#ffff99\" width=\"48%\"><span style=\"font-family: Verdana, sans-serif\">Rose Mah\u00e9 (Bain)<\/span><\/td>\n<td style=\"text-align: center;width: 25.681%\" bgcolor=\"#ffff99\" width=\"22%\"><span style=\"font-family: Verdana, sans-serif\">Javelot MIF 500gr<\/span><\/td>\n<td style=\"text-align: center;width: 17.3348%\" bgcolor=\"#ffff99\" width=\"19%\"><span style=\"font-family: Verdana, sans-serif\">22m17<\/span><\/td>\n<td style=\"text-align: center;width: 11.6494%\" bgcolor=\"#ffff99\" width=\"12%\"><span style=\"font-family: Verdana, sans-serif\">33<\/span><\/td>\n<\/tr>\n<tr valign=\"TOP\">\n<td style=\"width: 46.3348%\" bgcolor=\"#ffff99\" width=\"48%\"><span style=\"font-family: Verdana, sans-serif\">Lison Mayeur (Cesson)<\/span><\/td>\n<td style=\"text-align: center;width: 25.681%\" bgcolor=\"#ffff99\" width=\"22%\"><span style=\"font-family: Verdana, sans-serif\">120m MIF<\/span><\/td>\n<td style=\"text-align: center;width: 17.3348%\" bgcolor=\"#ffff99\" width=\"19%\"><span style=\"font-family: Verdana, sans-serif\">16&Prime;66<\/span><\/td>\n<td style=\"text-align: center;width: 11.6494%\" bgcolor=\"#ffff99\" width=\"12%\"><span style=\"font-family: Verdana, sans-serif\">33<\/span><\/td>\n<\/tr>\n<tr valign=\"TOP\">\n<td style=\"width: 46.3348%\" bgcolor=\"#ffff99\" width=\"48%\"><span style=\"font-family: Verdana, sans-serif\"><b>L\u00e9a<\/b> Th\u00e9odin<\/span><\/td>\n<td style=\"text-align: center;width: 25.681%\" bgcolor=\"#ffff99\" width=\"22%\"><span style=\"font-family: Verdana, sans-serif\">Triple saut MIF<\/span><\/td>\n<td style=\"text-align: center;width: 17.3348%\" bgcolor=\"#ffff99\" width=\"19%\"><span style=\"font-family: Verdana, sans-serif\">9m82<\/span><\/td>\n<td style=\"text-align: center;width: 11.6494%\" bgcolor=\"#ffff99\" width=\"12%\"><span style=\"font-family: Verdana, sans-serif\">33<\/span><\/td>\n<\/tr>\n<tr valign=\"TOP\">\n<td style=\"width: 46.3348%\" bgcolor=\"#ffff99\" width=\"48%\"><span style=\"font-family: Verdana, sans-serif\"><b>Tha\u00efs<\/b> Ginguen\u00e9<\/span><\/td>\n<td style=\"text-align: center;width: 25.681%\" bgcolor=\"#ffff99\" width=\"22%\"><span style=\"font-family: Verdana, sans-serif\">80m MIF<\/span><\/td>\n<td style=\"text-align: center;width: 17.3348%\" bgcolor=\"#ffff99\" width=\"19%\"><span style=\"font-family: Verdana, sans-serif\">11&Prime;38<\/span><\/td>\n<td style=\"text-align: center;width: 11.6494%\" bgcolor=\"#ffff99\" width=\"12%\"><span style=\"font-family: Verdana, sans-serif\">33<\/span><\/td>\n<\/tr>\n<tr valign=\"TOP\">\n<td style=\"width: 46.3348%\" bgcolor=\"#ffff99\" width=\"48%\"><span style=\"font-family: Verdana, sans-serif\">Jeanne Serraj (Cesson)<\/span><\/td>\n<td style=\"text-align: center;width: 25.681%\" bgcolor=\"#ffff99\" width=\"22%\"><span style=\"font-family: Verdana, sans-serif\">Longueur MIF<\/span><\/td>\n<td style=\"text-align: center;width: 17.3348%\" bgcolor=\"#ffff99\" width=\"19%\"><span style=\"font-family: Verdana, sans-serif\">4m30<\/span><\/td>\n<td style=\"text-align: center;width: 11.6494%\" bgcolor=\"#ffff99\" width=\"12%\"><span style=\"font-family: Verdana, sans-serif\">32<\/span><\/td>\n<\/tr>\n<tr valign=\"TOP\">\n<td style=\"width: 46.3348%\" bgcolor=\"#ffff99\" width=\"48%\"><span style=\"font-family: Verdana, sans-serif\"><b>No\u00e9mie<\/b> Leroux<\/span><\/td>\n<td style=\"text-align: center;width: 25.681%\" bgcolor=\"#ffff99\" width=\"22%\"><span style=\"font-family: Verdana, sans-serif\">Longueur MIF<\/span><\/td>\n<td style=\"text-align: center;width: 17.3348%\" bgcolor=\"#ffff99\" width=\"19%\"><span style=\"font-family: Verdana, sans-serif\">4m26<\/span><\/td>\n<td style=\"text-align: center;width: 11.6494%\" bgcolor=\"#ffff99\" width=\"12%\"><span style=\"font-family: Verdana, sans-serif\">32<\/span><\/td>\n<\/tr>\n<tr valign=\"TOP\">\n<td style=\"width: 46.3348%\" bgcolor=\"#ffff99\" width=\"48%\"><span style=\"font-family: Verdana, sans-serif\"><b>Esteban<\/b> Fleury<\/span><\/td>\n<td style=\"text-align: center;width: 25.681%\" bgcolor=\"#ffff99\" width=\"22%\"><span style=\"font-family: Verdana, sans-serif\">100m haies MIM (0.84)<\/span><\/td>\n<td style=\"text-align: center;width: 17.3348%\" bgcolor=\"#ffff99\" width=\"19%\"><span style=\"font-family: Verdana, sans-serif\">15&Prime;43<\/span><\/td>\n<td style=\"text-align: center;width: 11.6494%\" bgcolor=\"#ffff99\" width=\"12%\"><span style=\"font-family: Verdana, sans-serif\">32<\/span><\/td>\n<\/tr>\n<tr valign=\"TOP\">\n<td style=\"width: 46.3348%\" bgcolor=\"#ffff99\" width=\"48%\"><span style=\"font-family: Verdana, sans-serif\"><b>Lucile<\/b> Aubin<\/span><\/td>\n<td style=\"text-align: center;width: 25.681%\" bgcolor=\"#ffff99\" width=\"22%\"><span style=\"font-family: Verdana, sans-serif\">80m MIF<\/span><\/td>\n<td style=\"text-align: center;width: 17.3348%\" bgcolor=\"#ffff99\" width=\"19%\"><span style=\"font-family: Verdana, sans-serif\">11&Prime;59<\/span><\/td>\n<td style=\"text-align: center;width: 11.6494%\" bgcolor=\"#ffff99\" width=\"12%\"><span style=\"font-family: Verdana, sans-serif\">31<\/span><\/td>\n<\/tr>\n<tr valign=\"TOP\">\n<td style=\"width: 46.3348%\" bgcolor=\"#ffff99\" width=\"48%\"><span style=\"font-family: Verdana, sans-serif\"><b>Alice<\/b> Bou\u00e9<\/span><\/td>\n<td style=\"text-align: center;width: 25.681%\" bgcolor=\"#ffff99\" width=\"22%\"><span style=\"font-family: Verdana, sans-serif\">200m haies MIF<\/span><\/td>\n<td style=\"text-align: center;width: 17.3348%\" bgcolor=\"#ffff99\" width=\"19%\"><span style=\"font-family: Verdana, sans-serif\">33&Prime;81<\/span><\/td>\n<td style=\"text-align: center;width: 11.6494%\" bgcolor=\"#ffff99\" width=\"12%\"><span style=\"font-family: Verdana, sans-serif\">31<\/span><\/td>\n<\/tr>\n<tr valign=\"TOP\">\n<td style=\"width: 46.3348%\" bgcolor=\"#ffff99\" width=\"48%\"><span style=\"font-family: Verdana, sans-serif\"><b>Alice<\/b> Bou\u00e9<\/span><\/td>\n<td style=\"text-align: center;width: 25.681%\" bgcolor=\"#ffff99\" width=\"22%\"><span style=\"font-family: Verdana, sans-serif\">Triple saut MIF<\/span><\/td>\n<td style=\"text-align: center;width: 17.3348%\" bgcolor=\"#ffff99\" width=\"19%\"><span style=\"font-family: Verdana, sans-serif\">9m45<\/span><\/td>\n<td style=\"text-align: center;width: 11.6494%\" bgcolor=\"#ffff99\" width=\"12%\"><span style=\"font-family: Verdana, sans-serif\">31<\/span><\/td>\n<\/tr>\n<tr valign=\"TOP\">\n<td style=\"width: 46.3348%\" bgcolor=\"#ffff99\" width=\"48%\"><span style=\"font-family: Verdana, sans-serif\"><b>Sayhann<\/b> Ksouda-Lain\u00e9<\/span><\/td>\n<td style=\"text-align: center;width: 25.681%\" bgcolor=\"#ffff99\" width=\"22%\"><span style=\"font-family: Verdana, sans-serif\">Marteau MIM 4kg<\/span><\/td>\n<td style=\"text-align: center;width: 17.3348%\" bgcolor=\"#ffff99\" width=\"19%\"><span style=\"font-family: Verdana, sans-serif\">28m73<\/span><\/td>\n<td style=\"text-align: center;width: 11.6494%\" bgcolor=\"#ffff99\" width=\"12%\"><span style=\"font-family: Verdana, sans-serif\">31<\/span><\/td>\n<\/tr>\n<tr valign=\"TOP\">\n<td style=\"width: 46.3348%\" bgcolor=\"#ffff99\" width=\"48%\"><span style=\"font-family: Verdana, sans-serif\"><b>Louane<\/b> Lepinay<\/span><\/td>\n<td style=\"text-align: center;width: 25.681%\" bgcolor=\"#ffff99\" width=\"22%\"><span style=\"font-family: Verdana, sans-serif\">50m BEF<\/span><\/td>\n<td style=\"text-align: center;width: 17.3348%\" bgcolor=\"#ffff99\" width=\"19%\"><span style=\"font-family: Verdana, sans-serif\">8&Prime;07<\/span><\/td>\n<td style=\"text-align: center;width: 11.6494%\" bgcolor=\"#ffff99\" width=\"12%\"><span style=\"font-family: Verdana, sans-serif\">30<\/span><\/td>\n<\/tr>\n<tr valign=\"TOP\">\n<td style=\"width: 46.3348%\" bgcolor=\"#ffff99\" width=\"48%\"><span style=\"font-family: Verdana, sans-serif\"><b>Natha\u00ebl<\/b> Cherruault<\/span><\/td>\n<td style=\"text-align: center;width: 25.681%\" bgcolor=\"#ffff99\" width=\"22%\"><span style=\"font-family: Verdana, sans-serif\">Poids BEM 3kg<\/span><\/td>\n<td style=\"text-align: center;width: 17.3348%\" bgcolor=\"#ffff99\" width=\"19%\"><span style=\"font-family: Verdana, sans-serif\">6m83<\/span><\/td>\n<td style=\"text-align: center;width: 11.6494%\" bgcolor=\"#ffff99\" width=\"12%\"><span style=\"font-family: Verdana, sans-serif\">30<\/span><\/td>\n<\/tr>\n<tr valign=\"TOP\">\n<td style=\"width: 46.3348%\" bgcolor=\"#ffff99\" width=\"48%\"><span style=\"font-family: Verdana, sans-serif\"><b>Antonin<\/b> Heinry<\/span><\/td>\n<td style=\"text-align: center;width: 25.681%\" bgcolor=\"#ffff99\" width=\"22%\"><span style=\"font-family: Verdana, sans-serif\">Longueur BEM<\/span><\/td>\n<td style=\"text-align: center;width: 17.3348%\" bgcolor=\"#ffff99\" width=\"19%\"><span style=\"font-family: Verdana, sans-serif\">3m83<\/span><\/td>\n<td style=\"text-align: center;width: 11.6494%\" bgcolor=\"#ffff99\" width=\"12%\"><span style=\"font-family: Verdana, sans-serif\">30<\/span><\/td>\n<\/tr>\n<tr valign=\"TOP\">\n<td style=\"width: 46.3348%\" bgcolor=\"#ffff99\" width=\"48%\"><span style=\"font-family: Verdana, sans-serif\"><b>Yanis<\/b> Leroux<\/span><\/td>\n<td style=\"text-align: center;width: 25.681%\" bgcolor=\"#ffff99\" width=\"22%\"><span style=\"font-family: Verdana, sans-serif\">50m BEM<\/span><\/td>\n<td style=\"text-align: center;width: 17.3348%\" bgcolor=\"#ffff99\" width=\"19%\"><span style=\"font-family: Verdana, sans-serif\">7&Prime;88<\/span><\/td>\n<td style=\"text-align: center;width: 11.6494%\" bgcolor=\"#ffff99\" width=\"12%\"><span style=\"font-family: Verdana, sans-serif\">30<\/span><\/td>\n<\/tr>\n<\/tbody>\n<\/table>\n<p><span style=\"font-family: verdana, geneva, sans-serif\">Pour rappel, on trouvera quelques photos de ce championnat <a href=\"https:\/\/janze-athletisme.fr\/wordpress\/redon-quelques-photos\/\">ICI<\/a>.<\/span><\/p>\n","protected":false},"excerpt":{"rendered":"<p>D\u00e9partementaux U14\/U16, Redon, samedi 7 juin A l&rsquo;heure o\u00f9 arrivent les championnats d&rsquo;Ille-et-Vilaine cadets et +, ce dimanche \u00e0 Courtemanche, nous nous rendons compte que nous sommes pass\u00e9s un peu vite sur ceux des benjamins\/minimes, qui ont eu lieu le samedi 7 juin \u00e0 Redon. Nous avons \u00e9voqu\u00e9 (ICI) les 14 podiums (dont 12 pour [&hellip;]<\/p>\n","protected":false},"author":12,"featured_media":25902,"comment_status":"open","ping_status":"open","sticky":false,"template":"","format":"aside","meta":{"_uag_custom_page_level_css":"","site-sidebar-layout":"default","site-content-layout":"","ast-site-content-layout":"default","site-content-style":"default","site-sidebar-style":"default","ast-global-header-display":"","ast-banner-title-visibility":"","ast-main-header-display":"","ast-hfb-above-header-display":"","ast-hfb-below-header-display":"","ast-hfb-mobile-header-display":"","site-post-title":"","ast-breadcrumbs-content":"","ast-featured-img":"","footer-sml-layout":"","ast-disable-related-posts":"","theme-transparent-header-meta":"default","adv-header-id-meta":"","stick-header-meta":"","header-above-stick-meta":"","header-main-stick-meta":"","header-below-stick-meta":"","astra-migrate-meta-layouts":"set","ast-page-background-enabled":"default","ast-page-background-meta":{"desktop":{"background-color":"var(--ast-global-color-4)","background-image":"","background-repeat":"repeat","background-position":"center center","background-size":"auto","background-attachment":"scroll","background-type":"","background-media":"","overlay-type":"","overlay-color":"","overlay-opacity":"","overlay-gradient":""},"tablet":{"background-color":"","background-image":"","background-repeat":"repeat","background-position":"center center","background-size":"auto","background-attachment":"scroll","background-type":"","background-media":"","overlay-type":"","overlay-color":"","overlay-opacity":"","overlay-gradient":""},"mobile":{"background-color":"","background-image":"","background-repeat":"repeat","background-position":"center center","background-size":"auto","background-attachment":"scroll","background-type":"","background-media":"","overlay-type":"","overlay-color":"","overlay-opacity":"","overlay-gradient":""}},"ast-content-background-meta":{"desktop":{"background-color":"var(--ast-global-color-5)","background-image":"","background-repeat":"repeat","background-position":"center center","background-size":"auto","background-attachment":"scroll","background-type":"","background-media":"","overlay-type":"","overlay-color":"","overlay-opacity":"","overlay-gradient":""},"tablet":{"background-color":"var(--ast-global-color-5)","background-image":"","background-repeat":"repeat","background-position":"center center","background-size":"auto","background-attachment":"scroll","background-type":"","background-media":"","overlay-type":"","overlay-color":"","overlay-opacity":"","overlay-gradient":""},"mobile":{"background-color":"var(--ast-global-color-5)","background-image":"","background-repeat":"repeat","background-position":"center center","background-size":"auto","background-attachment":"scroll","background-type":"","background-media":"","overlay-type":"","overlay-color":"","overlay-opacity":"","overlay-gradient":""}},"footnotes":""},"categories":[6],"tags":[],"class_list":["post-25901","post","type-post","status-publish","format-aside","has-post-thumbnail","hentry","category-sections","post_format-post-format-aside"],"yoast_head":"<!-- This site is optimized with the Yoast SEO plugin v27.4 - https:\/\/yoast.com\/product\/yoast-seo-wordpress\/ -->\n<title>28 perfs \u00e0 plus de 30 points pour nos jeunes \u00e0 Redon - Janz\u00e9 Athl\u00e9tisme<\/title>\n<meta name=\"robots\" content=\"index, follow, max-snippet:-1, max-image-preview:large, max-video-preview:-1\" \/>\n<link rel=\"canonical\" href=\"https:\/\/janze-athletisme.fr\/wordpress\/28-perfs-a-plus-de-30-points-pour-nos-jeunes-a-redon\/\" \/>\n<meta property=\"og:locale\" content=\"fr_FR\" \/>\n<meta property=\"og:type\" content=\"article\" \/>\n<meta property=\"og:title\" content=\"28 perfs \u00e0 plus de 30 points pour nos jeunes \u00e0 Redon - Janz\u00e9 Athl\u00e9tisme\" \/>\n<meta property=\"og:description\" content=\"D\u00e9partementaux U14\/U16, Redon, samedi 7 juin A l&rsquo;heure o\u00f9 arrivent les championnats d&rsquo;Ille-et-Vilaine cadets et +, ce dimanche \u00e0 Courtemanche, nous nous rendons compte que nous sommes pass\u00e9s un peu vite sur ceux des benjamins\/minimes, qui ont eu lieu le samedi 7 juin \u00e0 Redon. Nous avons \u00e9voqu\u00e9 (ICI) les 14 podiums (dont 12 pour [&hellip;]\" \/>\n<meta property=\"og:url\" content=\"https:\/\/janze-athletisme.fr\/wordpress\/28-perfs-a-plus-de-30-points-pour-nos-jeunes-a-redon\/\" \/>\n<meta property=\"og:site_name\" content=\"Janz\u00e9 Athl\u00e9tisme\" \/>\n<meta property=\"article:publisher\" content=\"https:\/\/www.facebook.com\/groups\/1007964579346590\" \/>\n<meta property=\"article:published_time\" content=\"2025-06-14T07:24:29+00:00\" \/>\n<meta property=\"article:modified_time\" content=\"2025-06-14T07:30:23+00:00\" \/>\n<meta property=\"og:image\" content=\"https:\/\/janze-athletisme.fr\/wordpress\/wp-content\/uploads\/2025\/06\/DSC_7118-1.jpg\" \/>\n\t<meta property=\"og:image:width\" content=\"1200\" \/>\n\t<meta property=\"og:image:height\" content=\"1200\" \/>\n\t<meta property=\"og:image:type\" content=\"image\/jpeg\" \/>\n<meta name=\"author\" content=\"Laurent Meunier\" \/>\n<meta name=\"twitter:card\" content=\"summary_large_image\" \/>\n<meta name=\"twitter:label1\" content=\"\u00c9crit par\" \/>\n\t<meta name=\"twitter:data1\" content=\"Laurent Meunier\" \/>\n\t<meta name=\"twitter:label2\" content=\"Dur\u00e9e de lecture estim\u00e9e\" \/>\n\t<meta name=\"twitter:data2\" content=\"2 minutes\" \/>\n<script type=\"application\/ld+json\" class=\"yoast-schema-graph\">{\"@context\":\"https:\\\/\\\/schema.org\",\"@graph\":[{\"@type\":\"Article\",\"@id\":\"https:\\\/\\\/janze-athletisme.fr\\\/wordpress\\\/28-perfs-a-plus-de-30-points-pour-nos-jeunes-a-redon\\\/#article\",\"isPartOf\":{\"@id\":\"https:\\\/\\\/janze-athletisme.fr\\\/wordpress\\\/28-perfs-a-plus-de-30-points-pour-nos-jeunes-a-redon\\\/\"},\"author\":{\"name\":\"Laurent Meunier\",\"@id\":\"https:\\\/\\\/janze-athletisme.fr\\\/wordpress\\\/#\\\/schema\\\/person\\\/c7b063dcfa6234c041d4d9b26cc2ea03\"},\"headline\":\"28 perfs \u00e0 plus de 30 points pour nos jeunes \u00e0 Redon\",\"datePublished\":\"2025-06-14T07:24:29+00:00\",\"dateModified\":\"2025-06-14T07:30:23+00:00\",\"mainEntityOfPage\":{\"@id\":\"https:\\\/\\\/janze-athletisme.fr\\\/wordpress\\\/28-perfs-a-plus-de-30-points-pour-nos-jeunes-a-redon\\\/\"},\"wordCount\":303,\"commentCount\":0,\"publisher\":{\"@id\":\"https:\\\/\\\/janze-athletisme.fr\\\/wordpress\\\/#organization\"},\"image\":{\"@id\":\"https:\\\/\\\/janze-athletisme.fr\\\/wordpress\\\/28-perfs-a-plus-de-30-points-pour-nos-jeunes-a-redon\\\/#primaryimage\"},\"thumbnailUrl\":\"https:\\\/\\\/janze-athletisme.fr\\\/wordpress\\\/wp-content\\\/uploads\\\/2025\\\/06\\\/DSC_7118-1.jpg\",\"articleSection\":[\"Le club au jour le jour\"],\"inLanguage\":\"fr-FR\",\"potentialAction\":[{\"@type\":\"CommentAction\",\"name\":\"Comment\",\"target\":[\"https:\\\/\\\/janze-athletisme.fr\\\/wordpress\\\/28-perfs-a-plus-de-30-points-pour-nos-jeunes-a-redon\\\/#respond\"]}]},{\"@type\":\"WebPage\",\"@id\":\"https:\\\/\\\/janze-athletisme.fr\\\/wordpress\\\/28-perfs-a-plus-de-30-points-pour-nos-jeunes-a-redon\\\/\",\"url\":\"https:\\\/\\\/janze-athletisme.fr\\\/wordpress\\\/28-perfs-a-plus-de-30-points-pour-nos-jeunes-a-redon\\\/\",\"name\":\"28 perfs \u00e0 plus de 30 points pour nos jeunes \u00e0 Redon - Janz\u00e9 Athl\u00e9tisme\",\"isPartOf\":{\"@id\":\"https:\\\/\\\/janze-athletisme.fr\\\/wordpress\\\/#website\"},\"primaryImageOfPage\":{\"@id\":\"https:\\\/\\\/janze-athletisme.fr\\\/wordpress\\\/28-perfs-a-plus-de-30-points-pour-nos-jeunes-a-redon\\\/#primaryimage\"},\"image\":{\"@id\":\"https:\\\/\\\/janze-athletisme.fr\\\/wordpress\\\/28-perfs-a-plus-de-30-points-pour-nos-jeunes-a-redon\\\/#primaryimage\"},\"thumbnailUrl\":\"https:\\\/\\\/janze-athletisme.fr\\\/wordpress\\\/wp-content\\\/uploads\\\/2025\\\/06\\\/DSC_7118-1.jpg\",\"datePublished\":\"2025-06-14T07:24:29+00:00\",\"dateModified\":\"2025-06-14T07:30:23+00:00\",\"breadcrumb\":{\"@id\":\"https:\\\/\\\/janze-athletisme.fr\\\/wordpress\\\/28-perfs-a-plus-de-30-points-pour-nos-jeunes-a-redon\\\/#breadcrumb\"},\"inLanguage\":\"fr-FR\",\"potentialAction\":[{\"@type\":\"ReadAction\",\"target\":[\"https:\\\/\\\/janze-athletisme.fr\\\/wordpress\\\/28-perfs-a-plus-de-30-points-pour-nos-jeunes-a-redon\\\/\"]}]},{\"@type\":\"ImageObject\",\"inLanguage\":\"fr-FR\",\"@id\":\"https:\\\/\\\/janze-athletisme.fr\\\/wordpress\\\/28-perfs-a-plus-de-30-points-pour-nos-jeunes-a-redon\\\/#primaryimage\",\"url\":\"https:\\\/\\\/janze-athletisme.fr\\\/wordpress\\\/wp-content\\\/uploads\\\/2025\\\/06\\\/DSC_7118-1.jpg\",\"contentUrl\":\"https:\\\/\\\/janze-athletisme.fr\\\/wordpress\\\/wp-content\\\/uploads\\\/2025\\\/06\\\/DSC_7118-1.jpg\",\"width\":1200,\"height\":1200},{\"@type\":\"BreadcrumbList\",\"@id\":\"https:\\\/\\\/janze-athletisme.fr\\\/wordpress\\\/28-perfs-a-plus-de-30-points-pour-nos-jeunes-a-redon\\\/#breadcrumb\",\"itemListElement\":[{\"@type\":\"ListItem\",\"position\":1,\"name\":\"Accueil\",\"item\":\"https:\\\/\\\/janze-athletisme.fr\\\/wordpress\\\/\"},{\"@type\":\"ListItem\",\"position\":2,\"name\":\"28 perfs \u00e0 plus de 30 points pour nos jeunes \u00e0 Redon\"}]},{\"@type\":\"WebSite\",\"@id\":\"https:\\\/\\\/janze-athletisme.fr\\\/wordpress\\\/#website\",\"url\":\"https:\\\/\\\/janze-athletisme.fr\\\/wordpress\\\/\",\"name\":\"Janz\u00e9 Athl\u00e9tisme\",\"description\":\"Pays de La Roche aux F\u00e9es\",\"publisher\":{\"@id\":\"https:\\\/\\\/janze-athletisme.fr\\\/wordpress\\\/#organization\"},\"potentialAction\":[{\"@type\":\"SearchAction\",\"target\":{\"@type\":\"EntryPoint\",\"urlTemplate\":\"https:\\\/\\\/janze-athletisme.fr\\\/wordpress\\\/?s={search_term_string}\"},\"query-input\":{\"@type\":\"PropertyValueSpecification\",\"valueRequired\":true,\"valueName\":\"search_term_string\"}}],\"inLanguage\":\"fr-FR\"},{\"@type\":\"Organization\",\"@id\":\"https:\\\/\\\/janze-athletisme.fr\\\/wordpress\\\/#organization\",\"name\":\"Janz\u00e9 Athl\u00e9tisme\",\"url\":\"https:\\\/\\\/janze-athletisme.fr\\\/wordpress\\\/\",\"logo\":{\"@type\":\"ImageObject\",\"inLanguage\":\"fr-FR\",\"@id\":\"https:\\\/\\\/janze-athletisme.fr\\\/wordpress\\\/#\\\/schema\\\/logo\\\/image\\\/\",\"url\":\"https:\\\/\\\/janze-athletisme.fr\\\/wordpress\\\/wp-content\\\/uploads\\\/2015\\\/03\\\/logo-full1.jpg\",\"contentUrl\":\"https:\\\/\\\/janze-athletisme.fr\\\/wordpress\\\/wp-content\\\/uploads\\\/2015\\\/03\\\/logo-full1.jpg\",\"width\":437,\"height\":205,\"caption\":\"Janz\u00e9 Athl\u00e9tisme\"},\"image\":{\"@id\":\"https:\\\/\\\/janze-athletisme.fr\\\/wordpress\\\/#\\\/schema\\\/logo\\\/image\\\/\"},\"sameAs\":[\"https:\\\/\\\/www.facebook.com\\\/groups\\\/1007964579346590\"]},{\"@type\":\"Person\",\"@id\":\"https:\\\/\\\/janze-athletisme.fr\\\/wordpress\\\/#\\\/schema\\\/person\\\/c7b063dcfa6234c041d4d9b26cc2ea03\",\"name\":\"Laurent Meunier\",\"image\":{\"@type\":\"ImageObject\",\"inLanguage\":\"fr-FR\",\"@id\":\"https:\\\/\\\/secure.gravatar.com\\\/avatar\\\/dd25d581ad7c3349090f2fa6a9adb6bfa287e6a5dd8a5216a092727cd8749034?s=96&d=mm&r=g\",\"url\":\"https:\\\/\\\/secure.gravatar.com\\\/avatar\\\/dd25d581ad7c3349090f2fa6a9adb6bfa287e6a5dd8a5216a092727cd8749034?s=96&d=mm&r=g\",\"contentUrl\":\"https:\\\/\\\/secure.gravatar.com\\\/avatar\\\/dd25d581ad7c3349090f2fa6a9adb6bfa287e6a5dd8a5216a092727cd8749034?s=96&d=mm&r=g\",\"caption\":\"Laurent Meunier\"},\"url\":\"https:\\\/\\\/janze-athletisme.fr\\\/wordpress\\\/author\\\/laurent-meunier35\\\/\"}]}<\/script>\n<!-- \/ Yoast SEO plugin. -->","yoast_head_json":{"title":"28 perfs \u00e0 plus de 30 points pour nos jeunes \u00e0 Redon - Janz\u00e9 Athl\u00e9tisme","robots":{"index":"index","follow":"follow","max-snippet":"max-snippet:-1","max-image-preview":"max-image-preview:large","max-video-preview":"max-video-preview:-1"},"canonical":"https:\/\/janze-athletisme.fr\/wordpress\/28-perfs-a-plus-de-30-points-pour-nos-jeunes-a-redon\/","og_locale":"fr_FR","og_type":"article","og_title":"28 perfs \u00e0 plus de 30 points pour nos jeunes \u00e0 Redon - Janz\u00e9 Athl\u00e9tisme","og_description":"D\u00e9partementaux U14\/U16, Redon, samedi 7 juin A l&rsquo;heure o\u00f9 arrivent les championnats d&rsquo;Ille-et-Vilaine cadets et +, ce dimanche \u00e0 Courtemanche, nous nous rendons compte que nous sommes pass\u00e9s un peu vite sur ceux des benjamins\/minimes, qui ont eu lieu le samedi 7 juin \u00e0 Redon. Nous avons \u00e9voqu\u00e9 (ICI) les 14 podiums (dont 12 pour [&hellip;]","og_url":"https:\/\/janze-athletisme.fr\/wordpress\/28-perfs-a-plus-de-30-points-pour-nos-jeunes-a-redon\/","og_site_name":"Janz\u00e9 Athl\u00e9tisme","article_publisher":"https:\/\/www.facebook.com\/groups\/1007964579346590","article_published_time":"2025-06-14T07:24:29+00:00","article_modified_time":"2025-06-14T07:30:23+00:00","og_image":[{"width":1200,"height":1200,"url":"https:\/\/janze-athletisme.fr\/wordpress\/wp-content\/uploads\/2025\/06\/DSC_7118-1.jpg","type":"image\/jpeg"}],"author":"Laurent Meunier","twitter_card":"summary_large_image","twitter_misc":{"\u00c9crit par":"Laurent Meunier","Dur\u00e9e de lecture estim\u00e9e":"2 minutes"},"schema":{"@context":"https:\/\/schema.org","@graph":[{"@type":"Article","@id":"https:\/\/janze-athletisme.fr\/wordpress\/28-perfs-a-plus-de-30-points-pour-nos-jeunes-a-redon\/#article","isPartOf":{"@id":"https:\/\/janze-athletisme.fr\/wordpress\/28-perfs-a-plus-de-30-points-pour-nos-jeunes-a-redon\/"},"author":{"name":"Laurent Meunier","@id":"https:\/\/janze-athletisme.fr\/wordpress\/#\/schema\/person\/c7b063dcfa6234c041d4d9b26cc2ea03"},"headline":"28 perfs \u00e0 plus de 30 points pour nos jeunes \u00e0 Redon","datePublished":"2025-06-14T07:24:29+00:00","dateModified":"2025-06-14T07:30:23+00:00","mainEntityOfPage":{"@id":"https:\/\/janze-athletisme.fr\/wordpress\/28-perfs-a-plus-de-30-points-pour-nos-jeunes-a-redon\/"},"wordCount":303,"commentCount":0,"publisher":{"@id":"https:\/\/janze-athletisme.fr\/wordpress\/#organization"},"image":{"@id":"https:\/\/janze-athletisme.fr\/wordpress\/28-perfs-a-plus-de-30-points-pour-nos-jeunes-a-redon\/#primaryimage"},"thumbnailUrl":"https:\/\/janze-athletisme.fr\/wordpress\/wp-content\/uploads\/2025\/06\/DSC_7118-1.jpg","articleSection":["Le club au jour le jour"],"inLanguage":"fr-FR","potentialAction":[{"@type":"CommentAction","name":"Comment","target":["https:\/\/janze-athletisme.fr\/wordpress\/28-perfs-a-plus-de-30-points-pour-nos-jeunes-a-redon\/#respond"]}]},{"@type":"WebPage","@id":"https:\/\/janze-athletisme.fr\/wordpress\/28-perfs-a-plus-de-30-points-pour-nos-jeunes-a-redon\/","url":"https:\/\/janze-athletisme.fr\/wordpress\/28-perfs-a-plus-de-30-points-pour-nos-jeunes-a-redon\/","name":"28 perfs \u00e0 plus de 30 points pour nos jeunes \u00e0 Redon - Janz\u00e9 Athl\u00e9tisme","isPartOf":{"@id":"https:\/\/janze-athletisme.fr\/wordpress\/#website"},"primaryImageOfPage":{"@id":"https:\/\/janze-athletisme.fr\/wordpress\/28-perfs-a-plus-de-30-points-pour-nos-jeunes-a-redon\/#primaryimage"},"image":{"@id":"https:\/\/janze-athletisme.fr\/wordpress\/28-perfs-a-plus-de-30-points-pour-nos-jeunes-a-redon\/#primaryimage"},"thumbnailUrl":"https:\/\/janze-athletisme.fr\/wordpress\/wp-content\/uploads\/2025\/06\/DSC_7118-1.jpg","datePublished":"2025-06-14T07:24:29+00:00","dateModified":"2025-06-14T07:30:23+00:00","breadcrumb":{"@id":"https:\/\/janze-athletisme.fr\/wordpress\/28-perfs-a-plus-de-30-points-pour-nos-jeunes-a-redon\/#breadcrumb"},"inLanguage":"fr-FR","potentialAction":[{"@type":"ReadAction","target":["https:\/\/janze-athletisme.fr\/wordpress\/28-perfs-a-plus-de-30-points-pour-nos-jeunes-a-redon\/"]}]},{"@type":"ImageObject","inLanguage":"fr-FR","@id":"https:\/\/janze-athletisme.fr\/wordpress\/28-perfs-a-plus-de-30-points-pour-nos-jeunes-a-redon\/#primaryimage","url":"https:\/\/janze-athletisme.fr\/wordpress\/wp-content\/uploads\/2025\/06\/DSC_7118-1.jpg","contentUrl":"https:\/\/janze-athletisme.fr\/wordpress\/wp-content\/uploads\/2025\/06\/DSC_7118-1.jpg","width":1200,"height":1200},{"@type":"BreadcrumbList","@id":"https:\/\/janze-athletisme.fr\/wordpress\/28-perfs-a-plus-de-30-points-pour-nos-jeunes-a-redon\/#breadcrumb","itemListElement":[{"@type":"ListItem","position":1,"name":"Accueil","item":"https:\/\/janze-athletisme.fr\/wordpress\/"},{"@type":"ListItem","position":2,"name":"28 perfs \u00e0 plus de 30 points pour nos jeunes \u00e0 Redon"}]},{"@type":"WebSite","@id":"https:\/\/janze-athletisme.fr\/wordpress\/#website","url":"https:\/\/janze-athletisme.fr\/wordpress\/","name":"Janz\u00e9 Athl\u00e9tisme","description":"Pays de La Roche aux F\u00e9es","publisher":{"@id":"https:\/\/janze-athletisme.fr\/wordpress\/#organization"},"potentialAction":[{"@type":"SearchAction","target":{"@type":"EntryPoint","urlTemplate":"https:\/\/janze-athletisme.fr\/wordpress\/?s={search_term_string}"},"query-input":{"@type":"PropertyValueSpecification","valueRequired":true,"valueName":"search_term_string"}}],"inLanguage":"fr-FR"},{"@type":"Organization","@id":"https:\/\/janze-athletisme.fr\/wordpress\/#organization","name":"Janz\u00e9 Athl\u00e9tisme","url":"https:\/\/janze-athletisme.fr\/wordpress\/","logo":{"@type":"ImageObject","inLanguage":"fr-FR","@id":"https:\/\/janze-athletisme.fr\/wordpress\/#\/schema\/logo\/image\/","url":"https:\/\/janze-athletisme.fr\/wordpress\/wp-content\/uploads\/2015\/03\/logo-full1.jpg","contentUrl":"https:\/\/janze-athletisme.fr\/wordpress\/wp-content\/uploads\/2015\/03\/logo-full1.jpg","width":437,"height":205,"caption":"Janz\u00e9 Athl\u00e9tisme"},"image":{"@id":"https:\/\/janze-athletisme.fr\/wordpress\/#\/schema\/logo\/image\/"},"sameAs":["https:\/\/www.facebook.com\/groups\/1007964579346590"]},{"@type":"Person","@id":"https:\/\/janze-athletisme.fr\/wordpress\/#\/schema\/person\/c7b063dcfa6234c041d4d9b26cc2ea03","name":"Laurent Meunier","image":{"@type":"ImageObject","inLanguage":"fr-FR","@id":"https:\/\/secure.gravatar.com\/avatar\/dd25d581ad7c3349090f2fa6a9adb6bfa287e6a5dd8a5216a092727cd8749034?s=96&d=mm&r=g","url":"https:\/\/secure.gravatar.com\/avatar\/dd25d581ad7c3349090f2fa6a9adb6bfa287e6a5dd8a5216a092727cd8749034?s=96&d=mm&r=g","contentUrl":"https:\/\/secure.gravatar.com\/avatar\/dd25d581ad7c3349090f2fa6a9adb6bfa287e6a5dd8a5216a092727cd8749034?s=96&d=mm&r=g","caption":"Laurent Meunier"},"url":"https:\/\/janze-athletisme.fr\/wordpress\/author\/laurent-meunier35\/"}]}},"uagb_featured_image_src":{"full":["https:\/\/janze-athletisme.fr\/wordpress\/wp-content\/uploads\/2025\/06\/DSC_7118-1.jpg",1200,1200,false],"thumbnail":["https:\/\/janze-athletisme.fr\/wordpress\/wp-content\/uploads\/2025\/06\/DSC_7118-1-150x150.jpg",150,150,true],"medium":["https:\/\/janze-athletisme.fr\/wordpress\/wp-content\/uploads\/2025\/06\/DSC_7118-1-300x300.jpg",300,300,true],"medium_large":["https:\/\/janze-athletisme.fr\/wordpress\/wp-content\/uploads\/2025\/06\/DSC_7118-1-768x768.jpg",768,768,true],"large":["https:\/\/janze-athletisme.fr\/wordpress\/wp-content\/uploads\/2025\/06\/DSC_7118-1-1024x1024.jpg",1024,1024,true],"1536x1536":["https:\/\/janze-athletisme.fr\/wordpress\/wp-content\/uploads\/2025\/06\/DSC_7118-1.jpg",1200,1200,false],"2048x2048":["https:\/\/janze-athletisme.fr\/wordpress\/wp-content\/uploads\/2025\/06\/DSC_7118-1.jpg",1200,1200,false]},"uagb_author_info":{"display_name":"Laurent Meunier","author_link":"https:\/\/janze-athletisme.fr\/wordpress\/author\/laurent-meunier35\/"},"uagb_comment_info":0,"uagb_excerpt":"D\u00e9partementaux U14\/U16, Redon, samedi 7 juin A l&rsquo;heure o\u00f9 arrivent les championnats d&rsquo;Ille-et-Vilaine cadets et +, ce dimanche \u00e0 Courtemanche, nous nous rendons compte que nous sommes pass\u00e9s un peu vite sur ceux des benjamins\/minimes, qui ont eu lieu le samedi 7 juin \u00e0 Redon. Nous avons \u00e9voqu\u00e9 (ICI) les 14 podiums (dont 12 pour\u2026","_links":{"self":[{"href":"https:\/\/janze-athletisme.fr\/wordpress\/wp-json\/wp\/v2\/posts\/25901","targetHints":{"allow":["GET"]}}],"collection":[{"href":"https:\/\/janze-athletisme.fr\/wordpress\/wp-json\/wp\/v2\/posts"}],"about":[{"href":"https:\/\/janze-athletisme.fr\/wordpress\/wp-json\/wp\/v2\/types\/post"}],"author":[{"embeddable":true,"href":"https:\/\/janze-athletisme.fr\/wordpress\/wp-json\/wp\/v2\/users\/12"}],"replies":[{"embeddable":true,"href":"https:\/\/janze-athletisme.fr\/wordpress\/wp-json\/wp\/v2\/comments?post=25901"}],"version-history":[{"count":7,"href":"https:\/\/janze-athletisme.fr\/wordpress\/wp-json\/wp\/v2\/posts\/25901\/revisions"}],"predecessor-version":[{"id":25909,"href":"https:\/\/janze-athletisme.fr\/wordpress\/wp-json\/wp\/v2\/posts\/25901\/revisions\/25909"}],"wp:featuredmedia":[{"embeddable":true,"href":"https:\/\/janze-athletisme.fr\/wordpress\/wp-json\/wp\/v2\/media\/25902"}],"wp:attachment":[{"href":"https:\/\/janze-athletisme.fr\/wordpress\/wp-json\/wp\/v2\/media?parent=25901"}],"wp:term":[{"taxonomy":"category","embeddable":true,"href":"https:\/\/janze-athletisme.fr\/wordpress\/wp-json\/wp\/v2\/categories?post=25901"},{"taxonomy":"post_tag","embeddable":true,"href":"https:\/\/janze-athletisme.fr\/wordpress\/wp-json\/wp\/v2\/tags?post=25901"}],"curies":[{"name":"wp","href":"https:\/\/api.w.org\/{rel}","templated":true}]}}