{"id":25889,"date":"2025-06-14T00:02:12","date_gmt":"2025-06-13T22:02:12","guid":{"rendered":"https:\/\/janze-athletisme.fr\/wordpress\/?p=25889"},"modified":"2025-06-13T23:27:11","modified_gmt":"2025-06-13T21:27:11","slug":"dimanche-les-departementaux-u18-et-a-courtemanche","status":"publish","type":"post","link":"https:\/\/janze-athletisme.fr\/wordpress\/dimanche-les-departementaux-u18-et-a-courtemanche\/","title":{"rendered":"Dimanche les d\u00e9partementaux U18 et + \u00e0 Courtemanche"},"content":{"rendered":"<p align=\"JUSTIFY\"><span style=\"font-family: Verdana, sans-serif\"><span style=\"font-size: x-large\"><b>D\u00e9partementaux U18 &amp; +, Courtemanche, dimanche 15 juin<\/b><\/span><\/span><\/p>\n<p align=\"JUSTIFY\"><span style=\"font-family: Verdana, sans-serif\">Nous aurons une belle d\u00e9l\u00e9gation demain dimanche pour les championnats d&rsquo;Ille-et-Vilaine des cat\u00e9gories cadets \u00e0 masters, avec 17 filles (8 Janz\u00e9ennes, 1 Bainaise, 8 Cessonnaises) et 19 gar\u00e7ons (14 Janz\u00e9ens, 5 Cessonnais). N&rsquo;h\u00e9sitez pas \u00e0 venir encourager nos athl\u00e8tes : c&rsquo;est leur derni\u00e8re occasion ce dimanche d&rsquo;entrer dans les quotas de qualification pour les R\u00e9gionaux, qui auront lieu dans quinze jours, \u00e0 Courtemanche de nouveau.<\/span><\/p>\n<table border=\"1\" width=\"100%\" cellspacing=\"0\" cellpadding=\"4\">\n<tbody>\n<tr valign=\"TOP\">\n<td width=\"50%\">\n<p align=\"JUSTIFY\"><span style=\"font-family: Verdana, sans-serif;font-size: 14pt\"><u><b>FEMMES<\/b><\/u><\/span><\/p>\n<\/td>\n<td width=\"50%\">\n<p align=\"JUSTIFY\"><span style=\"font-family: Verdana, sans-serif;font-size: 14pt\"><u><b>HOMMES<\/b><\/u><\/span><\/p>\n<\/td>\n<\/tr>\n<tr valign=\"TOP\">\n<td width=\"50%\">\n<p align=\"JUSTIFY\"><span style=\"font-family: Verdana, sans-serif\"><u><b>100m CAF<\/b><\/u><\/span><\/p>\n<p align=\"JUSTIFY\"><span style=\"font-family: Verdana, sans-serif\">Lucie Duvigneau<\/span><\/p>\n<p align=\"JUSTIFY\"><span style=\"font-family: Verdana, sans-serif\">Lola Foeillet<\/span><\/p>\n<p align=\"JUSTIFY\"><span style=\"font-family: Verdana, sans-serif\">L\u00e9a Hourmant<\/span><\/p>\n<p align=\"JUSTIFY\"><span style=\"font-family: Verdana, sans-serif\"><u><b>100m JUF<\/b><\/u><\/span><\/p>\n<p align=\"JUSTIFY\"><span style=\"font-family: Verdana, sans-serif\"><b>Lou-Ann<\/b> Bouix<\/span><\/p>\n<p align=\"JUSTIFY\"><span style=\"font-family: Verdana, sans-serif\"><u><b>100m SEF<\/b><\/u><\/span><\/p>\n<p align=\"JUSTIFY\"><span style=\"font-family: Verdana, sans-serif\">Jeanne Collineau-Cattez<\/span><\/p>\n<p align=\"JUSTIFY\"><span style=\"font-family: Verdana, sans-serif\">Laurie Huchet<\/span><\/p>\n<p align=\"JUSTIFY\"><span style=\"font-family: Verdana, sans-serif\">Lauriane Maurice<\/span><\/p>\n<p align=\"JUSTIFY\"><span style=\"font-family: Verdana, sans-serif\"><u><b>200m CAF<\/b><\/u><\/span><\/p>\n<p align=\"JUSTIFY\"><span style=\"font-family: Verdana, sans-serif\"><b>Sharleen<\/b> Bourdin<\/span><\/p>\n<p align=\"JUSTIFY\"><span style=\"font-family: Verdana, sans-serif\">Lucie Duvigneau<\/span><\/p>\n<p align=\"JUSTIFY\"><span style=\"font-family: Verdana, sans-serif\">Lola Foeillet<\/span><\/p>\n<p align=\"JUSTIFY\"><span style=\"font-family: Verdana, sans-serif\"><b>Ma\u00eblys<\/b> Renoult<\/span><\/p>\n<p align=\"JUSTIFY\"><span style=\"font-family: Verdana, sans-serif\"><u><b>200m JUF<\/b><\/u><\/span><\/p>\n<p align=\"JUSTIFY\"><span style=\"font-family: Verdana, sans-serif\"><b>Lou-Ann<\/b> Bouix<\/span><\/p>\n<p align=\"JUSTIFY\"><span style=\"font-family: Verdana, sans-serif\"><u><b>200m SEF<\/b><\/u><\/span><\/p>\n<p align=\"JUSTIFY\"><span style=\"font-family: Verdana, sans-serif\">Jeanne Collineau-Cattez<\/span><\/p>\n<p><span style=\"font-family: Verdana, sans-serif\"><u><b>100m haies CAF<\/b><\/u><\/span><\/p>\n<p><span style=\"font-family: Verdana, sans-serif\">L\u00e9a Hourmant<\/span><\/p>\n<p><span style=\"font-family: Verdana, sans-serif\"><u><b>400m haies CAF<\/b><\/u><\/span><\/p>\n<p><span style=\"font-family: Verdana, sans-serif\"><b>Manon<\/b> Le Nard<\/span><\/p>\n<p><span style=\"font-family: Verdana, sans-serif\"><u><b>Hauteur SEF<\/b><\/u><\/span><\/p>\n<p><span style=\"font-family: Verdana, sans-serif\">Lauriane Maurice<\/span><\/p>\n<p><span style=\"font-family: Verdana, sans-serif\"><u><b>Perche CAF<\/b><\/u><\/span><\/p>\n<p><span style=\"font-family: Verdana, sans-serif\"><b>Sharleen<\/b> Bourdin<\/span><\/p>\n<p><span style=\"font-family: Verdana, sans-serif\"><u><b>Longueur CAF<\/b><\/u><\/span><\/p>\n<p align=\"JUSTIFY\"><span style=\"font-family: Verdana, sans-serif\">Lola Foeillet<\/span><\/p>\n<p align=\"JUSTIFY\"><span style=\"font-family: Verdana, sans-serif\"><u><b>800m CAF<\/b><\/u><\/span><\/p>\n<p><span style=\"font-family: Verdana, sans-serif\"><b>Camille<\/b> Danet<\/span><\/p>\n<p><span style=\"font-family: Verdana, sans-serif\"><b>Cl\u00e9mence<\/b> Lamoureux<\/span><\/p>\n<p><span style=\"font-family: Verdana, sans-serif\"><b>Faustine<\/b> Louaisil<\/span><\/p>\n<p><span style=\"font-family: Verdana, sans-serif\"><b>Bertille<\/b> Louaisil<\/span><\/p>\n<p><span style=\"font-family: Verdana, sans-serif\">Juliette Sutter<\/span><\/p>\n<p><span style=\"font-family: Verdana, sans-serif\"><u><b>800m SEF<\/b><\/u><\/span><\/p>\n<p><span style=\"font-family: Verdana, sans-serif\">Tiphanie Lecomte<\/span><\/p>\n<p><span style=\"font-family: Verdana, sans-serif\"><u><b>3000m JUF<\/b><\/u><\/span><\/p>\n<p align=\"JUSTIFY\"><span style=\"font-family: Verdana, sans-serif\">Elsa Mah\u00e9<\/span><\/p>\n<p align=\"JUSTIFY\">.<\/p>\n<p align=\"JUSTIFY\"><span style=\"text-decoration: underline\"><span style=\"font-size: 14pt\"><strong>HOMMES<\/strong><\/span><\/span><\/p>\n<p><u><b>4x100m JUM<\/b><\/u><\/p>\n<p><b>Elouan<\/b> L\u00e9v\u00eaque<\/p>\n<p><b>Quentin<\/b> Planchenault<\/p>\n<p><b>B\u00e9renger<\/b> Tardif<\/p>\n<p align=\"JUSTIFY\"><strong>Thibault<\/strong> Vilay<\/p>\n<\/td>\n<td width=\"50%\"><span style=\"font-family: Verdana, sans-serif\"><b><u>100m CAM<\/u><\/b><\/span><\/p>\n<p><span style=\"font-family: Verdana, sans-serif\"><b>Julian<\/b> Chuinard<\/span><\/p>\n<p><span style=\"font-family: Verdana, sans-serif\">Ronan<b> <\/b>Cottereau<\/span><\/p>\n<p><span style=\"font-family: Verdana, sans-serif\"><b>Jules<\/b> Le Dorven<\/span><\/p>\n<p><span style=\"font-family: Verdana, sans-serif\"><b>Elouan<\/b> L\u00e9v\u00eaque<\/span><\/p>\n<p><span style=\"font-family: Verdana, sans-serif\"><b>Quentin<\/b> Planchenault<\/span><\/p>\n<p><span style=\"font-family: Verdana, sans-serif\"><u><b>100m ESM<\/b><\/u><\/span><\/p>\n<p><span style=\"font-family: Verdana, sans-serif\"><b>Ewen<\/b> Huchet<\/span><\/p>\n<p><span style=\"font-family: Verdana, sans-serif\"><b>Augustin<\/b> Jouzel<\/span><\/p>\n<p><span style=\"font-family: Verdana, sans-serif\"><u><b>100m SEM<\/b><\/u><\/span><\/p>\n<p><span style=\"font-family: Verdana, sans-serif\">Paul Laurain<\/span><\/p>\n<p><span style=\"font-family: Verdana, sans-serif\"><u><b>200m CAM<\/b><\/u><\/span><\/p>\n<p><span style=\"font-family: Verdana, sans-serif\">Ronan Cottereau<\/span><\/p>\n<p><span style=\"font-family: Verdana, sans-serif\"><b>Elouan<\/b> L\u00e9v\u00eaque<\/span><\/p>\n<p><span style=\"font-family: Verdana, sans-serif\"><b>Quentin<\/b> Planchenault<\/span><\/p>\n<p><span style=\"font-family: Verdana, sans-serif\"><u><b>200m JUM<\/b><\/u><\/span><\/p>\n<p><span style=\"font-family: Verdana, sans-serif\">Fran\u00e7ois Chevalier<\/span><\/p>\n<p><span style=\"font-family: Verdana, sans-serif\"><b>B\u00e9renger<\/b> Tardif<\/span><\/p>\n<p><span style=\"font-family: Verdana, sans-serif\"><b>Thibault<\/b> Vilay<\/span><\/p>\n<p><span style=\"font-family: Verdana, sans-serif\"><u><b>200m ESM<\/b><\/u><\/span><\/p>\n<p><span style=\"font-family: Verdana, sans-serif\"><b>Augustin<\/b> Jouzel<\/span><\/p>\n<p><span style=\"font-family: Verdana, sans-serif\"><u><b>200m SEM<\/b><\/u><\/span><\/p>\n<p align=\"JUSTIFY\"><span style=\"font-family: Verdana, sans-serif\">Paul Laurain<\/span><\/p>\n<p><span style=\"font-family: Verdana, sans-serif\"><u><b>Perche JUM<\/b><\/u><\/span><\/p>\n<p><span style=\"font-family: Verdana, sans-serif\"><b>B\u00e9renger<\/b> Tardif<\/span><\/p>\n<p><span style=\"font-family: Verdana, sans-serif\"><u><b>Longueur CAM<\/b><\/u><\/span><\/p>\n<p><span style=\"font-family: Verdana, sans-serif\"><b>Julian<\/b> Chuinard<\/span><\/p>\n<p><span style=\"font-family: Verdana, sans-serif\"><u><b>Poids CAM 5kg<\/b><\/u><\/span><\/p>\n<p><span style=\"font-family: Verdana, sans-serif\">Ronan Cottereau<\/span><\/p>\n<p><span style=\"font-family: Verdana, sans-serif\"><u><b>Poids ESM 7,26kg<\/b><\/u><\/span><\/p>\n<p><span style=\"font-family: Verdana, sans-serif\"><b>Enzo<\/b> Paccini<\/span><\/p>\n<p><span style=\"font-family: Verdana, sans-serif\"><u><b>Javelot CAM 700gr<\/b><\/u><\/span><\/p>\n<p><span style=\"font-family: Verdana, sans-serif\"><b>Jules<\/b> Le Dorven<\/span><\/p>\n<p><span style=\"font-family: Verdana, sans-serif\"><u><b>Javelot ESM 800gr<\/b><\/u><\/span><\/p>\n<p align=\"JUSTIFY\"><span style=\"font-family: Verdana, sans-serif\"><b>Augustin <\/b>Jouzel<\/span><\/p>\n<p><span style=\"font-family: Verdana, sans-serif\"><u><b>800m CAM<\/b><\/u><\/span><\/p>\n<p><span style=\"font-family: Verdana, sans-serif\"><b>L\u00e9o<\/b> Guiheux<\/span><\/p>\n<p><span style=\"font-family: Verdana, sans-serif\"><u><b>800m ESM<\/b><\/u><\/span><\/p>\n<p><span style=\"font-family: Verdana, sans-serif\">Melvin Gallais<\/span><\/p>\n<p><span style=\"font-family: Verdana, sans-serif\"><u><b>800m SEM<\/b><\/u><\/span><\/p>\n<p><span style=\"font-family: Verdana, sans-serif\"><b>Mathieu<\/b> Henry<\/span><\/p>\n<p><span style=\"font-family: Verdana, sans-serif\">Martin Lambard<\/span><\/p>\n<p><span style=\"font-family: Verdana, sans-serif\"><u><b>3000m CAM<\/b><\/u><\/span><\/p>\n<p><span style=\"font-family: Verdana, sans-serif\"><b>Noah<\/b> Barill\u00e9<\/span><\/p>\n<p><span style=\"font-family: Verdana, sans-serif\"><b>Rapha\u00ebl<\/b> Bou\u00e9<\/span><\/p>\n<p><span style=\"font-family: Verdana, sans-serif\"><b>Ewen<\/b> Caillaud<\/span><\/td>\n<\/tr>\n<\/tbody>\n<\/table>\n<p align=\"JUSTIFY\"><span style=\"font-family: Verdana, sans-serif\">Seront juges pour l&rsquo;occasion : Michelle Duvigneau (chrono \u00e9lectrique), <strong>Christelle<\/strong> et <strong>Manu<\/strong> Estevon (poids), <strong>Wilfrid<\/strong> Lebreton (courses).<\/span><\/p>\n","protected":false},"excerpt":{"rendered":"<p>D\u00e9partementaux U18 &amp; +, Courtemanche, dimanche 15 juin Nous aurons une belle d\u00e9l\u00e9gation demain dimanche pour les championnats d&rsquo;Ille-et-Vilaine des cat\u00e9gories cadets \u00e0 masters, avec 17 filles (8 Janz\u00e9ennes, 1 Bainaise, 8 Cessonnaises) et 19 gar\u00e7ons (14 Janz\u00e9ens, 5 Cessonnais). N&rsquo;h\u00e9sitez pas \u00e0 venir encourager nos athl\u00e8tes : c&rsquo;est leur derni\u00e8re occasion ce dimanche d&rsquo;entrer [&hellip;]<\/p>\n","protected":false},"author":12,"featured_media":25729,"comment_status":"open","ping_status":"open","sticky":false,"template":"","format":"aside","meta":{"_uag_custom_page_level_css":"","site-sidebar-layout":"default","site-content-layout":"","ast-site-content-layout":"default","site-content-style":"default","site-sidebar-style":"default","ast-global-header-display":"","ast-banner-title-visibility":"","ast-main-header-display":"","ast-hfb-above-header-display":"","ast-hfb-below-header-display":"","ast-hfb-mobile-header-display":"","site-post-title":"","ast-breadcrumbs-content":"","ast-featured-img":"","footer-sml-layout":"","ast-disable-related-posts":"","theme-transparent-header-meta":"default","adv-header-id-meta":"","stick-header-meta":"","header-above-stick-meta":"","header-main-stick-meta":"","header-below-stick-meta":"","astra-migrate-meta-layouts":"set","ast-page-background-enabled":"default","ast-page-background-meta":{"desktop":{"background-color":"var(--ast-global-color-4)","background-image":"","background-repeat":"repeat","background-position":"center center","background-size":"auto","background-attachment":"scroll","background-type":"","background-media":"","overlay-type":"","overlay-color":"","overlay-opacity":"","overlay-gradient":""},"tablet":{"background-color":"","background-image":"","background-repeat":"repeat","background-position":"center center","background-size":"auto","background-attachment":"scroll","background-type":"","background-media":"","overlay-type":"","overlay-color":"","overlay-opacity":"","overlay-gradient":""},"mobile":{"background-color":"","background-image":"","background-repeat":"repeat","background-position":"center center","background-size":"auto","background-attachment":"scroll","background-type":"","background-media":"","overlay-type":"","overlay-color":"","overlay-opacity":"","overlay-gradient":""}},"ast-content-background-meta":{"desktop":{"background-color":"var(--ast-global-color-5)","background-image":"","background-repeat":"repeat","background-position":"center center","background-size":"auto","background-attachment":"scroll","background-type":"","background-media":"","overlay-type":"","overlay-color":"","overlay-opacity":"","overlay-gradient":""},"tablet":{"background-color":"var(--ast-global-color-5)","background-image":"","background-repeat":"repeat","background-position":"center center","background-size":"auto","background-attachment":"scroll","background-type":"","background-media":"","overlay-type":"","overlay-color":"","overlay-opacity":"","overlay-gradient":""},"mobile":{"background-color":"var(--ast-global-color-5)","background-image":"","background-repeat":"repeat","background-position":"center center","background-size":"auto","background-attachment":"scroll","background-type":"","background-media":"","overlay-type":"","overlay-color":"","overlay-opacity":"","overlay-gradient":""}},"footnotes":""},"categories":[6],"tags":[],"class_list":["post-25889","post","type-post","status-publish","format-aside","has-post-thumbnail","hentry","category-sections","post_format-post-format-aside"],"yoast_head":"<!-- This site is optimized with the Yoast SEO plugin v27.4 - https:\/\/yoast.com\/product\/yoast-seo-wordpress\/ -->\n<title>Dimanche les d\u00e9partementaux U18 et + \u00e0 Courtemanche - Janz\u00e9 Athl\u00e9tisme<\/title>\n<meta name=\"robots\" content=\"index, follow, max-snippet:-1, max-image-preview:large, max-video-preview:-1\" \/>\n<link rel=\"canonical\" href=\"https:\/\/janze-athletisme.fr\/wordpress\/dimanche-les-departementaux-u18-et-a-courtemanche\/\" \/>\n<meta property=\"og:locale\" content=\"fr_FR\" \/>\n<meta property=\"og:type\" content=\"article\" \/>\n<meta property=\"og:title\" content=\"Dimanche les d\u00e9partementaux U18 et + \u00e0 Courtemanche - Janz\u00e9 Athl\u00e9tisme\" \/>\n<meta property=\"og:description\" content=\"D\u00e9partementaux U18 &amp; +, Courtemanche, dimanche 15 juin Nous aurons une belle d\u00e9l\u00e9gation demain dimanche pour les championnats d&rsquo;Ille-et-Vilaine des cat\u00e9gories cadets \u00e0 masters, avec 17 filles (8 Janz\u00e9ennes, 1 Bainaise, 8 Cessonnaises) et 19 gar\u00e7ons (14 Janz\u00e9ens, 5 Cessonnais). N&rsquo;h\u00e9sitez pas \u00e0 venir encourager nos athl\u00e8tes : c&rsquo;est leur derni\u00e8re occasion ce dimanche d&rsquo;entrer [&hellip;]\" \/>\n<meta property=\"og:url\" content=\"https:\/\/janze-athletisme.fr\/wordpress\/dimanche-les-departementaux-u18-et-a-courtemanche\/\" \/>\n<meta property=\"og:site_name\" content=\"Janz\u00e9 Athl\u00e9tisme\" \/>\n<meta property=\"article:publisher\" content=\"https:\/\/www.facebook.com\/groups\/1007964579346590\" \/>\n<meta property=\"article:published_time\" content=\"2025-06-13T22:02:12+00:00\" \/>\n<meta property=\"og:image\" content=\"https:\/\/janze-athletisme.fr\/wordpress\/wp-content\/uploads\/2025\/06\/DSC_6813.jpg\" \/>\n\t<meta property=\"og:image:width\" content=\"1000\" \/>\n\t<meta property=\"og:image:height\" content=\"1000\" \/>\n\t<meta property=\"og:image:type\" content=\"image\/jpeg\" \/>\n<meta name=\"author\" content=\"Laurent Meunier\" \/>\n<meta name=\"twitter:card\" content=\"summary_large_image\" \/>\n<meta name=\"twitter:label1\" content=\"\u00c9crit par\" \/>\n\t<meta name=\"twitter:data1\" content=\"Laurent Meunier\" \/>\n\t<meta name=\"twitter:label2\" content=\"Dur\u00e9e de lecture estim\u00e9e\" \/>\n\t<meta name=\"twitter:data2\" content=\"2 minutes\" \/>\n<script type=\"application\/ld+json\" class=\"yoast-schema-graph\">{\"@context\":\"https:\\\/\\\/schema.org\",\"@graph\":[{\"@type\":\"Article\",\"@id\":\"https:\\\/\\\/janze-athletisme.fr\\\/wordpress\\\/dimanche-les-departementaux-u18-et-a-courtemanche\\\/#article\",\"isPartOf\":{\"@id\":\"https:\\\/\\\/janze-athletisme.fr\\\/wordpress\\\/dimanche-les-departementaux-u18-et-a-courtemanche\\\/\"},\"author\":{\"name\":\"Laurent Meunier\",\"@id\":\"https:\\\/\\\/janze-athletisme.fr\\\/wordpress\\\/#\\\/schema\\\/person\\\/c7b063dcfa6234c041d4d9b26cc2ea03\"},\"headline\":\"Dimanche les d\u00e9partementaux U18 et + \u00e0 Courtemanche\",\"datePublished\":\"2025-06-13T22:02:12+00:00\",\"mainEntityOfPage\":{\"@id\":\"https:\\\/\\\/janze-athletisme.fr\\\/wordpress\\\/dimanche-les-departementaux-u18-et-a-courtemanche\\\/\"},\"wordCount\":308,\"commentCount\":0,\"publisher\":{\"@id\":\"https:\\\/\\\/janze-athletisme.fr\\\/wordpress\\\/#organization\"},\"image\":{\"@id\":\"https:\\\/\\\/janze-athletisme.fr\\\/wordpress\\\/dimanche-les-departementaux-u18-et-a-courtemanche\\\/#primaryimage\"},\"thumbnailUrl\":\"https:\\\/\\\/janze-athletisme.fr\\\/wordpress\\\/wp-content\\\/uploads\\\/2025\\\/06\\\/DSC_6813.jpg\",\"articleSection\":[\"Le club au jour le jour\"],\"inLanguage\":\"fr-FR\",\"potentialAction\":[{\"@type\":\"CommentAction\",\"name\":\"Comment\",\"target\":[\"https:\\\/\\\/janze-athletisme.fr\\\/wordpress\\\/dimanche-les-departementaux-u18-et-a-courtemanche\\\/#respond\"]}]},{\"@type\":\"WebPage\",\"@id\":\"https:\\\/\\\/janze-athletisme.fr\\\/wordpress\\\/dimanche-les-departementaux-u18-et-a-courtemanche\\\/\",\"url\":\"https:\\\/\\\/janze-athletisme.fr\\\/wordpress\\\/dimanche-les-departementaux-u18-et-a-courtemanche\\\/\",\"name\":\"Dimanche les d\u00e9partementaux U18 et + \u00e0 Courtemanche - Janz\u00e9 Athl\u00e9tisme\",\"isPartOf\":{\"@id\":\"https:\\\/\\\/janze-athletisme.fr\\\/wordpress\\\/#website\"},\"primaryImageOfPage\":{\"@id\":\"https:\\\/\\\/janze-athletisme.fr\\\/wordpress\\\/dimanche-les-departementaux-u18-et-a-courtemanche\\\/#primaryimage\"},\"image\":{\"@id\":\"https:\\\/\\\/janze-athletisme.fr\\\/wordpress\\\/dimanche-les-departementaux-u18-et-a-courtemanche\\\/#primaryimage\"},\"thumbnailUrl\":\"https:\\\/\\\/janze-athletisme.fr\\\/wordpress\\\/wp-content\\\/uploads\\\/2025\\\/06\\\/DSC_6813.jpg\",\"datePublished\":\"2025-06-13T22:02:12+00:00\",\"breadcrumb\":{\"@id\":\"https:\\\/\\\/janze-athletisme.fr\\\/wordpress\\\/dimanche-les-departementaux-u18-et-a-courtemanche\\\/#breadcrumb\"},\"inLanguage\":\"fr-FR\",\"potentialAction\":[{\"@type\":\"ReadAction\",\"target\":[\"https:\\\/\\\/janze-athletisme.fr\\\/wordpress\\\/dimanche-les-departementaux-u18-et-a-courtemanche\\\/\"]}]},{\"@type\":\"ImageObject\",\"inLanguage\":\"fr-FR\",\"@id\":\"https:\\\/\\\/janze-athletisme.fr\\\/wordpress\\\/dimanche-les-departementaux-u18-et-a-courtemanche\\\/#primaryimage\",\"url\":\"https:\\\/\\\/janze-athletisme.fr\\\/wordpress\\\/wp-content\\\/uploads\\\/2025\\\/06\\\/DSC_6813.jpg\",\"contentUrl\":\"https:\\\/\\\/janze-athletisme.fr\\\/wordpress\\\/wp-content\\\/uploads\\\/2025\\\/06\\\/DSC_6813.jpg\",\"width\":1000,\"height\":1000},{\"@type\":\"BreadcrumbList\",\"@id\":\"https:\\\/\\\/janze-athletisme.fr\\\/wordpress\\\/dimanche-les-departementaux-u18-et-a-courtemanche\\\/#breadcrumb\",\"itemListElement\":[{\"@type\":\"ListItem\",\"position\":1,\"name\":\"Accueil\",\"item\":\"https:\\\/\\\/janze-athletisme.fr\\\/wordpress\\\/\"},{\"@type\":\"ListItem\",\"position\":2,\"name\":\"Dimanche les d\u00e9partementaux U18 et + \u00e0 Courtemanche\"}]},{\"@type\":\"WebSite\",\"@id\":\"https:\\\/\\\/janze-athletisme.fr\\\/wordpress\\\/#website\",\"url\":\"https:\\\/\\\/janze-athletisme.fr\\\/wordpress\\\/\",\"name\":\"Janz\u00e9 Athl\u00e9tisme\",\"description\":\"Pays de La Roche aux F\u00e9es\",\"publisher\":{\"@id\":\"https:\\\/\\\/janze-athletisme.fr\\\/wordpress\\\/#organization\"},\"potentialAction\":[{\"@type\":\"SearchAction\",\"target\":{\"@type\":\"EntryPoint\",\"urlTemplate\":\"https:\\\/\\\/janze-athletisme.fr\\\/wordpress\\\/?s={search_term_string}\"},\"query-input\":{\"@type\":\"PropertyValueSpecification\",\"valueRequired\":true,\"valueName\":\"search_term_string\"}}],\"inLanguage\":\"fr-FR\"},{\"@type\":\"Organization\",\"@id\":\"https:\\\/\\\/janze-athletisme.fr\\\/wordpress\\\/#organization\",\"name\":\"Janz\u00e9 Athl\u00e9tisme\",\"url\":\"https:\\\/\\\/janze-athletisme.fr\\\/wordpress\\\/\",\"logo\":{\"@type\":\"ImageObject\",\"inLanguage\":\"fr-FR\",\"@id\":\"https:\\\/\\\/janze-athletisme.fr\\\/wordpress\\\/#\\\/schema\\\/logo\\\/image\\\/\",\"url\":\"https:\\\/\\\/janze-athletisme.fr\\\/wordpress\\\/wp-content\\\/uploads\\\/2015\\\/03\\\/logo-full1.jpg\",\"contentUrl\":\"https:\\\/\\\/janze-athletisme.fr\\\/wordpress\\\/wp-content\\\/uploads\\\/2015\\\/03\\\/logo-full1.jpg\",\"width\":437,\"height\":205,\"caption\":\"Janz\u00e9 Athl\u00e9tisme\"},\"image\":{\"@id\":\"https:\\\/\\\/janze-athletisme.fr\\\/wordpress\\\/#\\\/schema\\\/logo\\\/image\\\/\"},\"sameAs\":[\"https:\\\/\\\/www.facebook.com\\\/groups\\\/1007964579346590\"]},{\"@type\":\"Person\",\"@id\":\"https:\\\/\\\/janze-athletisme.fr\\\/wordpress\\\/#\\\/schema\\\/person\\\/c7b063dcfa6234c041d4d9b26cc2ea03\",\"name\":\"Laurent Meunier\",\"image\":{\"@type\":\"ImageObject\",\"inLanguage\":\"fr-FR\",\"@id\":\"https:\\\/\\\/secure.gravatar.com\\\/avatar\\\/dd25d581ad7c3349090f2fa6a9adb6bfa287e6a5dd8a5216a092727cd8749034?s=96&d=mm&r=g\",\"url\":\"https:\\\/\\\/secure.gravatar.com\\\/avatar\\\/dd25d581ad7c3349090f2fa6a9adb6bfa287e6a5dd8a5216a092727cd8749034?s=96&d=mm&r=g\",\"contentUrl\":\"https:\\\/\\\/secure.gravatar.com\\\/avatar\\\/dd25d581ad7c3349090f2fa6a9adb6bfa287e6a5dd8a5216a092727cd8749034?s=96&d=mm&r=g\",\"caption\":\"Laurent Meunier\"},\"url\":\"https:\\\/\\\/janze-athletisme.fr\\\/wordpress\\\/author\\\/laurent-meunier35\\\/\"}]}<\/script>\n<!-- \/ Yoast SEO plugin. -->","yoast_head_json":{"title":"Dimanche les d\u00e9partementaux U18 et + \u00e0 Courtemanche - Janz\u00e9 Athl\u00e9tisme","robots":{"index":"index","follow":"follow","max-snippet":"max-snippet:-1","max-image-preview":"max-image-preview:large","max-video-preview":"max-video-preview:-1"},"canonical":"https:\/\/janze-athletisme.fr\/wordpress\/dimanche-les-departementaux-u18-et-a-courtemanche\/","og_locale":"fr_FR","og_type":"article","og_title":"Dimanche les d\u00e9partementaux U18 et + \u00e0 Courtemanche - Janz\u00e9 Athl\u00e9tisme","og_description":"D\u00e9partementaux U18 &amp; +, Courtemanche, dimanche 15 juin Nous aurons une belle d\u00e9l\u00e9gation demain dimanche pour les championnats d&rsquo;Ille-et-Vilaine des cat\u00e9gories cadets \u00e0 masters, avec 17 filles (8 Janz\u00e9ennes, 1 Bainaise, 8 Cessonnaises) et 19 gar\u00e7ons (14 Janz\u00e9ens, 5 Cessonnais). N&rsquo;h\u00e9sitez pas \u00e0 venir encourager nos athl\u00e8tes : c&rsquo;est leur derni\u00e8re occasion ce dimanche d&rsquo;entrer [&hellip;]","og_url":"https:\/\/janze-athletisme.fr\/wordpress\/dimanche-les-departementaux-u18-et-a-courtemanche\/","og_site_name":"Janz\u00e9 Athl\u00e9tisme","article_publisher":"https:\/\/www.facebook.com\/groups\/1007964579346590","article_published_time":"2025-06-13T22:02:12+00:00","og_image":[{"width":1000,"height":1000,"url":"https:\/\/janze-athletisme.fr\/wordpress\/wp-content\/uploads\/2025\/06\/DSC_6813.jpg","type":"image\/jpeg"}],"author":"Laurent Meunier","twitter_card":"summary_large_image","twitter_misc":{"\u00c9crit par":"Laurent Meunier","Dur\u00e9e de lecture estim\u00e9e":"2 minutes"},"schema":{"@context":"https:\/\/schema.org","@graph":[{"@type":"Article","@id":"https:\/\/janze-athletisme.fr\/wordpress\/dimanche-les-departementaux-u18-et-a-courtemanche\/#article","isPartOf":{"@id":"https:\/\/janze-athletisme.fr\/wordpress\/dimanche-les-departementaux-u18-et-a-courtemanche\/"},"author":{"name":"Laurent Meunier","@id":"https:\/\/janze-athletisme.fr\/wordpress\/#\/schema\/person\/c7b063dcfa6234c041d4d9b26cc2ea03"},"headline":"Dimanche les d\u00e9partementaux U18 et + \u00e0 Courtemanche","datePublished":"2025-06-13T22:02:12+00:00","mainEntityOfPage":{"@id":"https:\/\/janze-athletisme.fr\/wordpress\/dimanche-les-departementaux-u18-et-a-courtemanche\/"},"wordCount":308,"commentCount":0,"publisher":{"@id":"https:\/\/janze-athletisme.fr\/wordpress\/#organization"},"image":{"@id":"https:\/\/janze-athletisme.fr\/wordpress\/dimanche-les-departementaux-u18-et-a-courtemanche\/#primaryimage"},"thumbnailUrl":"https:\/\/janze-athletisme.fr\/wordpress\/wp-content\/uploads\/2025\/06\/DSC_6813.jpg","articleSection":["Le club au jour le jour"],"inLanguage":"fr-FR","potentialAction":[{"@type":"CommentAction","name":"Comment","target":["https:\/\/janze-athletisme.fr\/wordpress\/dimanche-les-departementaux-u18-et-a-courtemanche\/#respond"]}]},{"@type":"WebPage","@id":"https:\/\/janze-athletisme.fr\/wordpress\/dimanche-les-departementaux-u18-et-a-courtemanche\/","url":"https:\/\/janze-athletisme.fr\/wordpress\/dimanche-les-departementaux-u18-et-a-courtemanche\/","name":"Dimanche les d\u00e9partementaux U18 et + \u00e0 Courtemanche - Janz\u00e9 Athl\u00e9tisme","isPartOf":{"@id":"https:\/\/janze-athletisme.fr\/wordpress\/#website"},"primaryImageOfPage":{"@id":"https:\/\/janze-athletisme.fr\/wordpress\/dimanche-les-departementaux-u18-et-a-courtemanche\/#primaryimage"},"image":{"@id":"https:\/\/janze-athletisme.fr\/wordpress\/dimanche-les-departementaux-u18-et-a-courtemanche\/#primaryimage"},"thumbnailUrl":"https:\/\/janze-athletisme.fr\/wordpress\/wp-content\/uploads\/2025\/06\/DSC_6813.jpg","datePublished":"2025-06-13T22:02:12+00:00","breadcrumb":{"@id":"https:\/\/janze-athletisme.fr\/wordpress\/dimanche-les-departementaux-u18-et-a-courtemanche\/#breadcrumb"},"inLanguage":"fr-FR","potentialAction":[{"@type":"ReadAction","target":["https:\/\/janze-athletisme.fr\/wordpress\/dimanche-les-departementaux-u18-et-a-courtemanche\/"]}]},{"@type":"ImageObject","inLanguage":"fr-FR","@id":"https:\/\/janze-athletisme.fr\/wordpress\/dimanche-les-departementaux-u18-et-a-courtemanche\/#primaryimage","url":"https:\/\/janze-athletisme.fr\/wordpress\/wp-content\/uploads\/2025\/06\/DSC_6813.jpg","contentUrl":"https:\/\/janze-athletisme.fr\/wordpress\/wp-content\/uploads\/2025\/06\/DSC_6813.jpg","width":1000,"height":1000},{"@type":"BreadcrumbList","@id":"https:\/\/janze-athletisme.fr\/wordpress\/dimanche-les-departementaux-u18-et-a-courtemanche\/#breadcrumb","itemListElement":[{"@type":"ListItem","position":1,"name":"Accueil","item":"https:\/\/janze-athletisme.fr\/wordpress\/"},{"@type":"ListItem","position":2,"name":"Dimanche les d\u00e9partementaux U18 et + \u00e0 Courtemanche"}]},{"@type":"WebSite","@id":"https:\/\/janze-athletisme.fr\/wordpress\/#website","url":"https:\/\/janze-athletisme.fr\/wordpress\/","name":"Janz\u00e9 Athl\u00e9tisme","description":"Pays de La Roche aux F\u00e9es","publisher":{"@id":"https:\/\/janze-athletisme.fr\/wordpress\/#organization"},"potentialAction":[{"@type":"SearchAction","target":{"@type":"EntryPoint","urlTemplate":"https:\/\/janze-athletisme.fr\/wordpress\/?s={search_term_string}"},"query-input":{"@type":"PropertyValueSpecification","valueRequired":true,"valueName":"search_term_string"}}],"inLanguage":"fr-FR"},{"@type":"Organization","@id":"https:\/\/janze-athletisme.fr\/wordpress\/#organization","name":"Janz\u00e9 Athl\u00e9tisme","url":"https:\/\/janze-athletisme.fr\/wordpress\/","logo":{"@type":"ImageObject","inLanguage":"fr-FR","@id":"https:\/\/janze-athletisme.fr\/wordpress\/#\/schema\/logo\/image\/","url":"https:\/\/janze-athletisme.fr\/wordpress\/wp-content\/uploads\/2015\/03\/logo-full1.jpg","contentUrl":"https:\/\/janze-athletisme.fr\/wordpress\/wp-content\/uploads\/2015\/03\/logo-full1.jpg","width":437,"height":205,"caption":"Janz\u00e9 Athl\u00e9tisme"},"image":{"@id":"https:\/\/janze-athletisme.fr\/wordpress\/#\/schema\/logo\/image\/"},"sameAs":["https:\/\/www.facebook.com\/groups\/1007964579346590"]},{"@type":"Person","@id":"https:\/\/janze-athletisme.fr\/wordpress\/#\/schema\/person\/c7b063dcfa6234c041d4d9b26cc2ea03","name":"Laurent Meunier","image":{"@type":"ImageObject","inLanguage":"fr-FR","@id":"https:\/\/secure.gravatar.com\/avatar\/dd25d581ad7c3349090f2fa6a9adb6bfa287e6a5dd8a5216a092727cd8749034?s=96&d=mm&r=g","url":"https:\/\/secure.gravatar.com\/avatar\/dd25d581ad7c3349090f2fa6a9adb6bfa287e6a5dd8a5216a092727cd8749034?s=96&d=mm&r=g","contentUrl":"https:\/\/secure.gravatar.com\/avatar\/dd25d581ad7c3349090f2fa6a9adb6bfa287e6a5dd8a5216a092727cd8749034?s=96&d=mm&r=g","caption":"Laurent Meunier"},"url":"https:\/\/janze-athletisme.fr\/wordpress\/author\/laurent-meunier35\/"}]}},"uagb_featured_image_src":{"full":["https:\/\/janze-athletisme.fr\/wordpress\/wp-content\/uploads\/2025\/06\/DSC_6813.jpg",1000,1000,false],"thumbnail":["https:\/\/janze-athletisme.fr\/wordpress\/wp-content\/uploads\/2025\/06\/DSC_6813-150x150.jpg",150,150,true],"medium":["https:\/\/janze-athletisme.fr\/wordpress\/wp-content\/uploads\/2025\/06\/DSC_6813-300x300.jpg",300,300,true],"medium_large":["https:\/\/janze-athletisme.fr\/wordpress\/wp-content\/uploads\/2025\/06\/DSC_6813-768x768.jpg",768,768,true],"large":["https:\/\/janze-athletisme.fr\/wordpress\/wp-content\/uploads\/2025\/06\/DSC_6813.jpg",1000,1000,false],"1536x1536":["https:\/\/janze-athletisme.fr\/wordpress\/wp-content\/uploads\/2025\/06\/DSC_6813.jpg",1000,1000,false],"2048x2048":["https:\/\/janze-athletisme.fr\/wordpress\/wp-content\/uploads\/2025\/06\/DSC_6813.jpg",1000,1000,false]},"uagb_author_info":{"display_name":"Laurent Meunier","author_link":"https:\/\/janze-athletisme.fr\/wordpress\/author\/laurent-meunier35\/"},"uagb_comment_info":0,"uagb_excerpt":"D\u00e9partementaux U18 &amp; +, Courtemanche, dimanche 15 juin Nous aurons une belle d\u00e9l\u00e9gation demain dimanche pour les championnats d&rsquo;Ille-et-Vilaine des cat\u00e9gories cadets \u00e0 masters, avec 17 filles (8 Janz\u00e9ennes, 1 Bainaise, 8 Cessonnaises) et 19 gar\u00e7ons (14 Janz\u00e9ens, 5 Cessonnais). N&rsquo;h\u00e9sitez pas \u00e0 venir encourager nos athl\u00e8tes : c&rsquo;est leur derni\u00e8re occasion ce dimanche d&rsquo;entrer\u2026","_links":{"self":[{"href":"https:\/\/janze-athletisme.fr\/wordpress\/wp-json\/wp\/v2\/posts\/25889","targetHints":{"allow":["GET"]}}],"collection":[{"href":"https:\/\/janze-athletisme.fr\/wordpress\/wp-json\/wp\/v2\/posts"}],"about":[{"href":"https:\/\/janze-athletisme.fr\/wordpress\/wp-json\/wp\/v2\/types\/post"}],"author":[{"embeddable":true,"href":"https:\/\/janze-athletisme.fr\/wordpress\/wp-json\/wp\/v2\/users\/12"}],"replies":[{"embeddable":true,"href":"https:\/\/janze-athletisme.fr\/wordpress\/wp-json\/wp\/v2\/comments?post=25889"}],"version-history":[{"count":9,"href":"https:\/\/janze-athletisme.fr\/wordpress\/wp-json\/wp\/v2\/posts\/25889\/revisions"}],"predecessor-version":[{"id":25899,"href":"https:\/\/janze-athletisme.fr\/wordpress\/wp-json\/wp\/v2\/posts\/25889\/revisions\/25899"}],"wp:featuredmedia":[{"embeddable":true,"href":"https:\/\/janze-athletisme.fr\/wordpress\/wp-json\/wp\/v2\/media\/25729"}],"wp:attachment":[{"href":"https:\/\/janze-athletisme.fr\/wordpress\/wp-json\/wp\/v2\/media?parent=25889"}],"wp:term":[{"taxonomy":"category","embeddable":true,"href":"https:\/\/janze-athletisme.fr\/wordpress\/wp-json\/wp\/v2\/categories?post=25889"},{"taxonomy":"post_tag","embeddable":true,"href":"https:\/\/janze-athletisme.fr\/wordpress\/wp-json\/wp\/v2\/tags?post=25889"}],"curies":[{"name":"wp","href":"https:\/\/api.w.org\/{rel}","templated":true}]}}