{"id":25878,"date":"2025-06-13T16:58:32","date_gmt":"2025-06-13T14:58:32","guid":{"rendered":"https:\/\/janze-athletisme.fr\/wordpress\/?p=25878"},"modified":"2025-06-16T20:11:43","modified_gmt":"2025-06-16T18:11:43","slug":"lou-et-basile-a-maisons-laffite-pour-une-soiree-record","status":"publish","type":"post","link":"https:\/\/janze-athletisme.fr\/wordpress\/lou-et-basile-a-maisons-laffite-pour-une-soiree-record\/","title":{"rendered":"Lou et Basile \u00e0 Maisons-Laffite pour une soir\u00e9e record"},"content":{"rendered":"<p><span style=\"font-size: 18pt;font-family: verdana, geneva, sans-serif\"><strong>Meeting de Maisons-Laffite, mercredi 7 juin<\/strong><\/span><\/p>\n<p><span style=\"font-family: verdana, geneva, sans-serif\">On avait jadis les meetings de Saint-Maur, le mercredi soir, pour chausser les pointes et tenter de battre son record dans d&rsquo;interminables finales (il y en avait parfois vingt pour une m\u00eame discipline de demi-fond dans la m\u00eame soir\u00e9e). Ces soir\u00e9es existent toujours, mais d&rsquo;autres lieux, en r\u00e9gion parisienne, se sont saisis du cr\u00e9neau, comme Maisons-Laffite.<\/span><\/p>\n<p><span style=\"font-family: verdana, geneva, sans-serif\"><strong>Lou<\/strong> Gaspais et <strong>Basile<\/strong> Chevrel avaient coch\u00e9 la date du 7 juin dans leur agenda, avec la mention \u00ab\u00a0soir\u00e9e record\u00a0\u00bb. Objectif atteint pour tous les deux, sachant que, les concernant, record perso = record du club (toutes cat\u00e9gories). C&rsquo;est le 4e d\u00e9j\u00e0 pour Basile en 2025 (apr\u00e8s ceux des 800m, 3000m et 10km route) et le 2e pour Lou (apr\u00e8s celui du 3000m le 18 mai dernier).<\/span><\/p>\n<p><span style=\"font-family: verdana, geneva, sans-serif\">Les chronos : 14&rsquo;54&Prime;25 pour Basile (ancien record : 14&rsquo;56&Prime;93) et 18&rsquo;23&Prime;46 pour Lou (ancien record : 18&rsquo;53&Prime;27).<\/span><\/p>\n<p><span style=\"font-family: verdana, geneva, sans-serif\">On parlait de Saint-Maur des Foss\u00e9s. <strong>Esteban<\/strong> Bouillaux y est all\u00e9 d\u00e9couvrir le lieu mythique le temps d&rsquo;un 1500m en 4&rsquo;16&Prime;27 ce mercredi 11 juin, nouveau record perso \u00e9galement (pour le record du club cadets, il faudra attendre encore : 4&rsquo;12&Prime;31 par Kewan Rio en 2019).<\/span><\/p>\n<p><span style=\"font-family: verdana, geneva, sans-serif\">Esteban est d\u00e9sormais 14e d&rsquo;un bilan r\u00e9gional CAM tr\u00e8s costaud sur 1500m, <strong>L\u00e9o<\/strong> Guiheux 17e et <strong>Rapha\u00ebl<\/strong> Bou\u00e9 29e.<\/span><\/p>\n","protected":false},"excerpt":{"rendered":"<p>Meeting de Maisons-Laffite, mercredi 7 juin On avait jadis les meetings de Saint-Maur, le mercredi soir, pour chausser les pointes et tenter de battre son record dans d&rsquo;interminables finales (il y en avait parfois vingt pour une m\u00eame discipline de demi-fond dans la m\u00eame soir\u00e9e). Ces soir\u00e9es existent toujours, mais d&rsquo;autres lieux, en r\u00e9gion parisienne, [&hellip;]<\/p>\n","protected":false},"author":12,"featured_media":25943,"comment_status":"open","ping_status":"open","sticky":false,"template":"","format":"aside","meta":{"_uag_custom_page_level_css":"","site-sidebar-layout":"default","site-content-layout":"","ast-site-content-layout":"default","site-content-style":"default","site-sidebar-style":"default","ast-global-header-display":"","ast-banner-title-visibility":"","ast-main-header-display":"","ast-hfb-above-header-display":"","ast-hfb-below-header-display":"","ast-hfb-mobile-header-display":"","site-post-title":"","ast-breadcrumbs-content":"","ast-featured-img":"","footer-sml-layout":"","ast-disable-related-posts":"","theme-transparent-header-meta":"default","adv-header-id-meta":"","stick-header-meta":"","header-above-stick-meta":"","header-main-stick-meta":"","header-below-stick-meta":"","astra-migrate-meta-layouts":"set","ast-page-background-enabled":"default","ast-page-background-meta":{"desktop":{"background-color":"var(--ast-global-color-4)","background-image":"","background-repeat":"repeat","background-position":"center center","background-size":"auto","background-attachment":"scroll","background-type":"","background-media":"","overlay-type":"","overlay-color":"","overlay-opacity":"","overlay-gradient":""},"tablet":{"background-color":"","background-image":"","background-repeat":"repeat","background-position":"center center","background-size":"auto","background-attachment":"scroll","background-type":"","background-media":"","overlay-type":"","overlay-color":"","overlay-opacity":"","overlay-gradient":""},"mobile":{"background-color":"","background-image":"","background-repeat":"repeat","background-position":"center center","background-size":"auto","background-attachment":"scroll","background-type":"","background-media":"","overlay-type":"","overlay-color":"","overlay-opacity":"","overlay-gradient":""}},"ast-content-background-meta":{"desktop":{"background-color":"var(--ast-global-color-5)","background-image":"","background-repeat":"repeat","background-position":"center center","background-size":"auto","background-attachment":"scroll","background-type":"","background-media":"","overlay-type":"","overlay-color":"","overlay-opacity":"","overlay-gradient":""},"tablet":{"background-color":"var(--ast-global-color-5)","background-image":"","background-repeat":"repeat","background-position":"center center","background-size":"auto","background-attachment":"scroll","background-type":"","background-media":"","overlay-type":"","overlay-color":"","overlay-opacity":"","overlay-gradient":""},"mobile":{"background-color":"var(--ast-global-color-5)","background-image":"","background-repeat":"repeat","background-position":"center center","background-size":"auto","background-attachment":"scroll","background-type":"","background-media":"","overlay-type":"","overlay-color":"","overlay-opacity":"","overlay-gradient":""}},"footnotes":""},"categories":[6],"tags":[],"class_list":["post-25878","post","type-post","status-publish","format-aside","has-post-thumbnail","hentry","category-sections","post_format-post-format-aside"],"yoast_head":"<!-- This site is optimized with the Yoast SEO plugin v27.4 - https:\/\/yoast.com\/product\/yoast-seo-wordpress\/ -->\n<title>Lou et Basile \u00e0 Maisons-Laffite pour une soir\u00e9e record - Janz\u00e9 Athl\u00e9tisme<\/title>\n<meta name=\"robots\" content=\"index, follow, max-snippet:-1, max-image-preview:large, max-video-preview:-1\" \/>\n<link rel=\"canonical\" href=\"https:\/\/janze-athletisme.fr\/wordpress\/lou-et-basile-a-maisons-laffite-pour-une-soiree-record\/\" \/>\n<meta property=\"og:locale\" content=\"fr_FR\" \/>\n<meta property=\"og:type\" content=\"article\" \/>\n<meta property=\"og:title\" content=\"Lou et Basile \u00e0 Maisons-Laffite pour une soir\u00e9e record - Janz\u00e9 Athl\u00e9tisme\" \/>\n<meta property=\"og:description\" content=\"Meeting de Maisons-Laffite, mercredi 7 juin On avait jadis les meetings de Saint-Maur, le mercredi soir, pour chausser les pointes et tenter de battre son record dans d&rsquo;interminables finales (il y en avait parfois vingt pour une m\u00eame discipline de demi-fond dans la m\u00eame soir\u00e9e). Ces soir\u00e9es existent toujours, mais d&rsquo;autres lieux, en r\u00e9gion parisienne, [&hellip;]\" \/>\n<meta property=\"og:url\" content=\"https:\/\/janze-athletisme.fr\/wordpress\/lou-et-basile-a-maisons-laffite-pour-une-soiree-record\/\" \/>\n<meta property=\"og:site_name\" content=\"Janz\u00e9 Athl\u00e9tisme\" \/>\n<meta property=\"article:publisher\" content=\"https:\/\/www.facebook.com\/groups\/1007964579346590\" \/>\n<meta property=\"article:published_time\" content=\"2025-06-13T14:58:32+00:00\" \/>\n<meta property=\"article:modified_time\" content=\"2025-06-16T18:11:43+00:00\" \/>\n<meta property=\"og:image\" content=\"https:\/\/janze-athletisme.fr\/wordpress\/wp-content\/uploads\/2025\/06\/Lou-18mai2025-1-DR-CR.jpg\" \/>\n\t<meta property=\"og:image:width\" content=\"1200\" \/>\n\t<meta property=\"og:image:height\" content=\"1200\" \/>\n\t<meta property=\"og:image:type\" content=\"image\/jpeg\" \/>\n<meta name=\"author\" content=\"Laurent Meunier\" \/>\n<meta name=\"twitter:card\" content=\"summary_large_image\" \/>\n<meta name=\"twitter:label1\" content=\"\u00c9crit par\" \/>\n\t<meta name=\"twitter:data1\" content=\"Laurent Meunier\" \/>\n\t<meta name=\"twitter:label2\" content=\"Dur\u00e9e de lecture estim\u00e9e\" \/>\n\t<meta name=\"twitter:data2\" content=\"2 minutes\" \/>\n<script type=\"application\/ld+json\" class=\"yoast-schema-graph\">{\"@context\":\"https:\\\/\\\/schema.org\",\"@graph\":[{\"@type\":\"Article\",\"@id\":\"https:\\\/\\\/janze-athletisme.fr\\\/wordpress\\\/lou-et-basile-a-maisons-laffite-pour-une-soiree-record\\\/#article\",\"isPartOf\":{\"@id\":\"https:\\\/\\\/janze-athletisme.fr\\\/wordpress\\\/lou-et-basile-a-maisons-laffite-pour-une-soiree-record\\\/\"},\"author\":{\"name\":\"Laurent Meunier\",\"@id\":\"https:\\\/\\\/janze-athletisme.fr\\\/wordpress\\\/#\\\/schema\\\/person\\\/c7b063dcfa6234c041d4d9b26cc2ea03\"},\"headline\":\"Lou et Basile \u00e0 Maisons-Laffite pour une soir\u00e9e record\",\"datePublished\":\"2025-06-13T14:58:32+00:00\",\"dateModified\":\"2025-06-16T18:11:43+00:00\",\"mainEntityOfPage\":{\"@id\":\"https:\\\/\\\/janze-athletisme.fr\\\/wordpress\\\/lou-et-basile-a-maisons-laffite-pour-une-soiree-record\\\/\"},\"wordCount\":227,\"commentCount\":0,\"publisher\":{\"@id\":\"https:\\\/\\\/janze-athletisme.fr\\\/wordpress\\\/#organization\"},\"image\":{\"@id\":\"https:\\\/\\\/janze-athletisme.fr\\\/wordpress\\\/lou-et-basile-a-maisons-laffite-pour-une-soiree-record\\\/#primaryimage\"},\"thumbnailUrl\":\"https:\\\/\\\/janze-athletisme.fr\\\/wordpress\\\/wp-content\\\/uploads\\\/2025\\\/06\\\/Lou-18mai2025-1-DR-CR.jpg\",\"articleSection\":[\"Le club au jour le jour\"],\"inLanguage\":\"fr-FR\",\"potentialAction\":[{\"@type\":\"CommentAction\",\"name\":\"Comment\",\"target\":[\"https:\\\/\\\/janze-athletisme.fr\\\/wordpress\\\/lou-et-basile-a-maisons-laffite-pour-une-soiree-record\\\/#respond\"]}]},{\"@type\":\"WebPage\",\"@id\":\"https:\\\/\\\/janze-athletisme.fr\\\/wordpress\\\/lou-et-basile-a-maisons-laffite-pour-une-soiree-record\\\/\",\"url\":\"https:\\\/\\\/janze-athletisme.fr\\\/wordpress\\\/lou-et-basile-a-maisons-laffite-pour-une-soiree-record\\\/\",\"name\":\"Lou et Basile \u00e0 Maisons-Laffite pour une soir\u00e9e record - Janz\u00e9 Athl\u00e9tisme\",\"isPartOf\":{\"@id\":\"https:\\\/\\\/janze-athletisme.fr\\\/wordpress\\\/#website\"},\"primaryImageOfPage\":{\"@id\":\"https:\\\/\\\/janze-athletisme.fr\\\/wordpress\\\/lou-et-basile-a-maisons-laffite-pour-une-soiree-record\\\/#primaryimage\"},\"image\":{\"@id\":\"https:\\\/\\\/janze-athletisme.fr\\\/wordpress\\\/lou-et-basile-a-maisons-laffite-pour-une-soiree-record\\\/#primaryimage\"},\"thumbnailUrl\":\"https:\\\/\\\/janze-athletisme.fr\\\/wordpress\\\/wp-content\\\/uploads\\\/2025\\\/06\\\/Lou-18mai2025-1-DR-CR.jpg\",\"datePublished\":\"2025-06-13T14:58:32+00:00\",\"dateModified\":\"2025-06-16T18:11:43+00:00\",\"breadcrumb\":{\"@id\":\"https:\\\/\\\/janze-athletisme.fr\\\/wordpress\\\/lou-et-basile-a-maisons-laffite-pour-une-soiree-record\\\/#breadcrumb\"},\"inLanguage\":\"fr-FR\",\"potentialAction\":[{\"@type\":\"ReadAction\",\"target\":[\"https:\\\/\\\/janze-athletisme.fr\\\/wordpress\\\/lou-et-basile-a-maisons-laffite-pour-une-soiree-record\\\/\"]}]},{\"@type\":\"ImageObject\",\"inLanguage\":\"fr-FR\",\"@id\":\"https:\\\/\\\/janze-athletisme.fr\\\/wordpress\\\/lou-et-basile-a-maisons-laffite-pour-une-soiree-record\\\/#primaryimage\",\"url\":\"https:\\\/\\\/janze-athletisme.fr\\\/wordpress\\\/wp-content\\\/uploads\\\/2025\\\/06\\\/Lou-18mai2025-1-DR-CR.jpg\",\"contentUrl\":\"https:\\\/\\\/janze-athletisme.fr\\\/wordpress\\\/wp-content\\\/uploads\\\/2025\\\/06\\\/Lou-18mai2025-1-DR-CR.jpg\",\"width\":1200,\"height\":1200},{\"@type\":\"BreadcrumbList\",\"@id\":\"https:\\\/\\\/janze-athletisme.fr\\\/wordpress\\\/lou-et-basile-a-maisons-laffite-pour-une-soiree-record\\\/#breadcrumb\",\"itemListElement\":[{\"@type\":\"ListItem\",\"position\":1,\"name\":\"Accueil\",\"item\":\"https:\\\/\\\/janze-athletisme.fr\\\/wordpress\\\/\"},{\"@type\":\"ListItem\",\"position\":2,\"name\":\"Lou et Basile \u00e0 Maisons-Laffite pour une soir\u00e9e record\"}]},{\"@type\":\"WebSite\",\"@id\":\"https:\\\/\\\/janze-athletisme.fr\\\/wordpress\\\/#website\",\"url\":\"https:\\\/\\\/janze-athletisme.fr\\\/wordpress\\\/\",\"name\":\"Janz\u00e9 Athl\u00e9tisme\",\"description\":\"Pays de La Roche aux F\u00e9es\",\"publisher\":{\"@id\":\"https:\\\/\\\/janze-athletisme.fr\\\/wordpress\\\/#organization\"},\"potentialAction\":[{\"@type\":\"SearchAction\",\"target\":{\"@type\":\"EntryPoint\",\"urlTemplate\":\"https:\\\/\\\/janze-athletisme.fr\\\/wordpress\\\/?s={search_term_string}\"},\"query-input\":{\"@type\":\"PropertyValueSpecification\",\"valueRequired\":true,\"valueName\":\"search_term_string\"}}],\"inLanguage\":\"fr-FR\"},{\"@type\":\"Organization\",\"@id\":\"https:\\\/\\\/janze-athletisme.fr\\\/wordpress\\\/#organization\",\"name\":\"Janz\u00e9 Athl\u00e9tisme\",\"url\":\"https:\\\/\\\/janze-athletisme.fr\\\/wordpress\\\/\",\"logo\":{\"@type\":\"ImageObject\",\"inLanguage\":\"fr-FR\",\"@id\":\"https:\\\/\\\/janze-athletisme.fr\\\/wordpress\\\/#\\\/schema\\\/logo\\\/image\\\/\",\"url\":\"https:\\\/\\\/janze-athletisme.fr\\\/wordpress\\\/wp-content\\\/uploads\\\/2015\\\/03\\\/logo-full1.jpg\",\"contentUrl\":\"https:\\\/\\\/janze-athletisme.fr\\\/wordpress\\\/wp-content\\\/uploads\\\/2015\\\/03\\\/logo-full1.jpg\",\"width\":437,\"height\":205,\"caption\":\"Janz\u00e9 Athl\u00e9tisme\"},\"image\":{\"@id\":\"https:\\\/\\\/janze-athletisme.fr\\\/wordpress\\\/#\\\/schema\\\/logo\\\/image\\\/\"},\"sameAs\":[\"https:\\\/\\\/www.facebook.com\\\/groups\\\/1007964579346590\"]},{\"@type\":\"Person\",\"@id\":\"https:\\\/\\\/janze-athletisme.fr\\\/wordpress\\\/#\\\/schema\\\/person\\\/c7b063dcfa6234c041d4d9b26cc2ea03\",\"name\":\"Laurent Meunier\",\"image\":{\"@type\":\"ImageObject\",\"inLanguage\":\"fr-FR\",\"@id\":\"https:\\\/\\\/secure.gravatar.com\\\/avatar\\\/dd25d581ad7c3349090f2fa6a9adb6bfa287e6a5dd8a5216a092727cd8749034?s=96&d=mm&r=g\",\"url\":\"https:\\\/\\\/secure.gravatar.com\\\/avatar\\\/dd25d581ad7c3349090f2fa6a9adb6bfa287e6a5dd8a5216a092727cd8749034?s=96&d=mm&r=g\",\"contentUrl\":\"https:\\\/\\\/secure.gravatar.com\\\/avatar\\\/dd25d581ad7c3349090f2fa6a9adb6bfa287e6a5dd8a5216a092727cd8749034?s=96&d=mm&r=g\",\"caption\":\"Laurent Meunier\"},\"url\":\"https:\\\/\\\/janze-athletisme.fr\\\/wordpress\\\/author\\\/laurent-meunier35\\\/\"}]}<\/script>\n<!-- \/ Yoast SEO plugin. -->","yoast_head_json":{"title":"Lou et Basile \u00e0 Maisons-Laffite pour une soir\u00e9e record - Janz\u00e9 Athl\u00e9tisme","robots":{"index":"index","follow":"follow","max-snippet":"max-snippet:-1","max-image-preview":"max-image-preview:large","max-video-preview":"max-video-preview:-1"},"canonical":"https:\/\/janze-athletisme.fr\/wordpress\/lou-et-basile-a-maisons-laffite-pour-une-soiree-record\/","og_locale":"fr_FR","og_type":"article","og_title":"Lou et Basile \u00e0 Maisons-Laffite pour une soir\u00e9e record - Janz\u00e9 Athl\u00e9tisme","og_description":"Meeting de Maisons-Laffite, mercredi 7 juin On avait jadis les meetings de Saint-Maur, le mercredi soir, pour chausser les pointes et tenter de battre son record dans d&rsquo;interminables finales (il y en avait parfois vingt pour une m\u00eame discipline de demi-fond dans la m\u00eame soir\u00e9e). Ces soir\u00e9es existent toujours, mais d&rsquo;autres lieux, en r\u00e9gion parisienne, [&hellip;]","og_url":"https:\/\/janze-athletisme.fr\/wordpress\/lou-et-basile-a-maisons-laffite-pour-une-soiree-record\/","og_site_name":"Janz\u00e9 Athl\u00e9tisme","article_publisher":"https:\/\/www.facebook.com\/groups\/1007964579346590","article_published_time":"2025-06-13T14:58:32+00:00","article_modified_time":"2025-06-16T18:11:43+00:00","og_image":[{"width":1200,"height":1200,"url":"https:\/\/janze-athletisme.fr\/wordpress\/wp-content\/uploads\/2025\/06\/Lou-18mai2025-1-DR-CR.jpg","type":"image\/jpeg"}],"author":"Laurent Meunier","twitter_card":"summary_large_image","twitter_misc":{"\u00c9crit par":"Laurent Meunier","Dur\u00e9e de lecture estim\u00e9e":"2 minutes"},"schema":{"@context":"https:\/\/schema.org","@graph":[{"@type":"Article","@id":"https:\/\/janze-athletisme.fr\/wordpress\/lou-et-basile-a-maisons-laffite-pour-une-soiree-record\/#article","isPartOf":{"@id":"https:\/\/janze-athletisme.fr\/wordpress\/lou-et-basile-a-maisons-laffite-pour-une-soiree-record\/"},"author":{"name":"Laurent Meunier","@id":"https:\/\/janze-athletisme.fr\/wordpress\/#\/schema\/person\/c7b063dcfa6234c041d4d9b26cc2ea03"},"headline":"Lou et Basile \u00e0 Maisons-Laffite pour une soir\u00e9e record","datePublished":"2025-06-13T14:58:32+00:00","dateModified":"2025-06-16T18:11:43+00:00","mainEntityOfPage":{"@id":"https:\/\/janze-athletisme.fr\/wordpress\/lou-et-basile-a-maisons-laffite-pour-une-soiree-record\/"},"wordCount":227,"commentCount":0,"publisher":{"@id":"https:\/\/janze-athletisme.fr\/wordpress\/#organization"},"image":{"@id":"https:\/\/janze-athletisme.fr\/wordpress\/lou-et-basile-a-maisons-laffite-pour-une-soiree-record\/#primaryimage"},"thumbnailUrl":"https:\/\/janze-athletisme.fr\/wordpress\/wp-content\/uploads\/2025\/06\/Lou-18mai2025-1-DR-CR.jpg","articleSection":["Le club au jour le jour"],"inLanguage":"fr-FR","potentialAction":[{"@type":"CommentAction","name":"Comment","target":["https:\/\/janze-athletisme.fr\/wordpress\/lou-et-basile-a-maisons-laffite-pour-une-soiree-record\/#respond"]}]},{"@type":"WebPage","@id":"https:\/\/janze-athletisme.fr\/wordpress\/lou-et-basile-a-maisons-laffite-pour-une-soiree-record\/","url":"https:\/\/janze-athletisme.fr\/wordpress\/lou-et-basile-a-maisons-laffite-pour-une-soiree-record\/","name":"Lou et Basile \u00e0 Maisons-Laffite pour une soir\u00e9e record - Janz\u00e9 Athl\u00e9tisme","isPartOf":{"@id":"https:\/\/janze-athletisme.fr\/wordpress\/#website"},"primaryImageOfPage":{"@id":"https:\/\/janze-athletisme.fr\/wordpress\/lou-et-basile-a-maisons-laffite-pour-une-soiree-record\/#primaryimage"},"image":{"@id":"https:\/\/janze-athletisme.fr\/wordpress\/lou-et-basile-a-maisons-laffite-pour-une-soiree-record\/#primaryimage"},"thumbnailUrl":"https:\/\/janze-athletisme.fr\/wordpress\/wp-content\/uploads\/2025\/06\/Lou-18mai2025-1-DR-CR.jpg","datePublished":"2025-06-13T14:58:32+00:00","dateModified":"2025-06-16T18:11:43+00:00","breadcrumb":{"@id":"https:\/\/janze-athletisme.fr\/wordpress\/lou-et-basile-a-maisons-laffite-pour-une-soiree-record\/#breadcrumb"},"inLanguage":"fr-FR","potentialAction":[{"@type":"ReadAction","target":["https:\/\/janze-athletisme.fr\/wordpress\/lou-et-basile-a-maisons-laffite-pour-une-soiree-record\/"]}]},{"@type":"ImageObject","inLanguage":"fr-FR","@id":"https:\/\/janze-athletisme.fr\/wordpress\/lou-et-basile-a-maisons-laffite-pour-une-soiree-record\/#primaryimage","url":"https:\/\/janze-athletisme.fr\/wordpress\/wp-content\/uploads\/2025\/06\/Lou-18mai2025-1-DR-CR.jpg","contentUrl":"https:\/\/janze-athletisme.fr\/wordpress\/wp-content\/uploads\/2025\/06\/Lou-18mai2025-1-DR-CR.jpg","width":1200,"height":1200},{"@type":"BreadcrumbList","@id":"https:\/\/janze-athletisme.fr\/wordpress\/lou-et-basile-a-maisons-laffite-pour-une-soiree-record\/#breadcrumb","itemListElement":[{"@type":"ListItem","position":1,"name":"Accueil","item":"https:\/\/janze-athletisme.fr\/wordpress\/"},{"@type":"ListItem","position":2,"name":"Lou et Basile \u00e0 Maisons-Laffite pour une soir\u00e9e record"}]},{"@type":"WebSite","@id":"https:\/\/janze-athletisme.fr\/wordpress\/#website","url":"https:\/\/janze-athletisme.fr\/wordpress\/","name":"Janz\u00e9 Athl\u00e9tisme","description":"Pays de La Roche aux F\u00e9es","publisher":{"@id":"https:\/\/janze-athletisme.fr\/wordpress\/#organization"},"potentialAction":[{"@type":"SearchAction","target":{"@type":"EntryPoint","urlTemplate":"https:\/\/janze-athletisme.fr\/wordpress\/?s={search_term_string}"},"query-input":{"@type":"PropertyValueSpecification","valueRequired":true,"valueName":"search_term_string"}}],"inLanguage":"fr-FR"},{"@type":"Organization","@id":"https:\/\/janze-athletisme.fr\/wordpress\/#organization","name":"Janz\u00e9 Athl\u00e9tisme","url":"https:\/\/janze-athletisme.fr\/wordpress\/","logo":{"@type":"ImageObject","inLanguage":"fr-FR","@id":"https:\/\/janze-athletisme.fr\/wordpress\/#\/schema\/logo\/image\/","url":"https:\/\/janze-athletisme.fr\/wordpress\/wp-content\/uploads\/2015\/03\/logo-full1.jpg","contentUrl":"https:\/\/janze-athletisme.fr\/wordpress\/wp-content\/uploads\/2015\/03\/logo-full1.jpg","width":437,"height":205,"caption":"Janz\u00e9 Athl\u00e9tisme"},"image":{"@id":"https:\/\/janze-athletisme.fr\/wordpress\/#\/schema\/logo\/image\/"},"sameAs":["https:\/\/www.facebook.com\/groups\/1007964579346590"]},{"@type":"Person","@id":"https:\/\/janze-athletisme.fr\/wordpress\/#\/schema\/person\/c7b063dcfa6234c041d4d9b26cc2ea03","name":"Laurent Meunier","image":{"@type":"ImageObject","inLanguage":"fr-FR","@id":"https:\/\/secure.gravatar.com\/avatar\/dd25d581ad7c3349090f2fa6a9adb6bfa287e6a5dd8a5216a092727cd8749034?s=96&d=mm&r=g","url":"https:\/\/secure.gravatar.com\/avatar\/dd25d581ad7c3349090f2fa6a9adb6bfa287e6a5dd8a5216a092727cd8749034?s=96&d=mm&r=g","contentUrl":"https:\/\/secure.gravatar.com\/avatar\/dd25d581ad7c3349090f2fa6a9adb6bfa287e6a5dd8a5216a092727cd8749034?s=96&d=mm&r=g","caption":"Laurent Meunier"},"url":"https:\/\/janze-athletisme.fr\/wordpress\/author\/laurent-meunier35\/"}]}},"uagb_featured_image_src":{"full":["https:\/\/janze-athletisme.fr\/wordpress\/wp-content\/uploads\/2025\/06\/Lou-18mai2025-1-DR-CR.jpg",1200,1200,false],"thumbnail":["https:\/\/janze-athletisme.fr\/wordpress\/wp-content\/uploads\/2025\/06\/Lou-18mai2025-1-DR-CR-150x150.jpg",150,150,true],"medium":["https:\/\/janze-athletisme.fr\/wordpress\/wp-content\/uploads\/2025\/06\/Lou-18mai2025-1-DR-CR-300x300.jpg",300,300,true],"medium_large":["https:\/\/janze-athletisme.fr\/wordpress\/wp-content\/uploads\/2025\/06\/Lou-18mai2025-1-DR-CR-768x768.jpg",768,768,true],"large":["https:\/\/janze-athletisme.fr\/wordpress\/wp-content\/uploads\/2025\/06\/Lou-18mai2025-1-DR-CR-1024x1024.jpg",1024,1024,true],"1536x1536":["https:\/\/janze-athletisme.fr\/wordpress\/wp-content\/uploads\/2025\/06\/Lou-18mai2025-1-DR-CR.jpg",1200,1200,false],"2048x2048":["https:\/\/janze-athletisme.fr\/wordpress\/wp-content\/uploads\/2025\/06\/Lou-18mai2025-1-DR-CR.jpg",1200,1200,false]},"uagb_author_info":{"display_name":"Laurent Meunier","author_link":"https:\/\/janze-athletisme.fr\/wordpress\/author\/laurent-meunier35\/"},"uagb_comment_info":0,"uagb_excerpt":"Meeting de Maisons-Laffite, mercredi 7 juin On avait jadis les meetings de Saint-Maur, le mercredi soir, pour chausser les pointes et tenter de battre son record dans d&rsquo;interminables finales (il y en avait parfois vingt pour une m\u00eame discipline de demi-fond dans la m\u00eame soir\u00e9e). Ces soir\u00e9es existent toujours, mais d&rsquo;autres lieux, en r\u00e9gion parisienne,\u2026","_links":{"self":[{"href":"https:\/\/janze-athletisme.fr\/wordpress\/wp-json\/wp\/v2\/posts\/25878","targetHints":{"allow":["GET"]}}],"collection":[{"href":"https:\/\/janze-athletisme.fr\/wordpress\/wp-json\/wp\/v2\/posts"}],"about":[{"href":"https:\/\/janze-athletisme.fr\/wordpress\/wp-json\/wp\/v2\/types\/post"}],"author":[{"embeddable":true,"href":"https:\/\/janze-athletisme.fr\/wordpress\/wp-json\/wp\/v2\/users\/12"}],"replies":[{"embeddable":true,"href":"https:\/\/janze-athletisme.fr\/wordpress\/wp-json\/wp\/v2\/comments?post=25878"}],"version-history":[{"count":5,"href":"https:\/\/janze-athletisme.fr\/wordpress\/wp-json\/wp\/v2\/posts\/25878\/revisions"}],"predecessor-version":[{"id":25884,"href":"https:\/\/janze-athletisme.fr\/wordpress\/wp-json\/wp\/v2\/posts\/25878\/revisions\/25884"}],"wp:featuredmedia":[{"embeddable":true,"href":"https:\/\/janze-athletisme.fr\/wordpress\/wp-json\/wp\/v2\/media\/25943"}],"wp:attachment":[{"href":"https:\/\/janze-athletisme.fr\/wordpress\/wp-json\/wp\/v2\/media?parent=25878"}],"wp:term":[{"taxonomy":"category","embeddable":true,"href":"https:\/\/janze-athletisme.fr\/wordpress\/wp-json\/wp\/v2\/categories?post=25878"},{"taxonomy":"post_tag","embeddable":true,"href":"https:\/\/janze-athletisme.fr\/wordpress\/wp-json\/wp\/v2\/tags?post=25878"}],"curies":[{"name":"wp","href":"https:\/\/api.w.org\/{rel}","templated":true}]}}