{"id":25854,"date":"2025-06-11T14:23:26","date_gmt":"2025-06-11T12:23:26","guid":{"rendered":"https:\/\/janze-athletisme.fr\/wordpress\/?p=25854"},"modified":"2025-06-11T14:23:26","modified_gmt":"2025-06-11T12:23:26","slug":"st-gelven-guerledan-quand-le-trail-devient-mythe","status":"publish","type":"post","link":"https:\/\/janze-athletisme.fr\/wordpress\/st-gelven-guerledan-quand-le-trail-devient-mythe\/","title":{"rendered":"St Gelven: Guerl\u00e9dan, quand le trail devient mythe !"},"content":{"rendered":"<h1 style=\"text-align: center;\"><span style=\"font-family: comic sans ms, sans-serif; color: #800000;\"><strong>Trail de Guerl\u00e9dan<\/strong><\/span><\/h1>\n<p>&nbsp;<\/p>\n<p><span style=\"color: #000000;\">On vous le rab\u00e2che tous les ans mais oui, le trail de Guerl\u00e9dan, c&rsquo;est le plus mythique de Bretagne ! un des plus beaux, un des plus durs aussi, bref, LE trail que tu dois faire au moins une fois dans ta vie pour tout trailer qui se respecte.<\/span><\/p>\n<p><span style=\"color: #000000;\">Place aux jeunes cette ann\u00e9e pour ouvrir le bal avec Cl\u00e9mence, Rapha\u00ebl et L\u00e9o qui d\u00e9fendaient les couleurs du club sur le trail des Korrigans, le format 8km. Comme de bien entendu, les gars sont ensemble \u00e0 l&rsquo;entra\u00eenement comme en comp\u00e8t&rsquo;, 20\u00e8me et 21\u00e8me dans le m\u00eame temps, incapable de se s\u00e9parer ces deux l\u00e0 ! Ils en ont oubli\u00e9 d&rsquo;ailleurs Cl\u00e9mence qui a d\u00fb batailler seule mais courageusement sur les sentiers incertains de Guerl\u00e9dan. Bravo les cadets !<\/span><\/p>\n<p><span style=\"color: #000000;\">Fatigu\u00e9 les vieux ? n&rsquo;oublions pas quand m\u00eame Denis Caillaud en pleine pr\u00e9pa pour l&rsquo;UTMJ. Bon c&rsquo;est vrai, c&rsquo;est pas Janz\u00e9 mais c&rsquo;est EAC et comme nous n&rsquo;avions pas de maillot orange sur le 63km, honneur donc \u00e0 Denis et au BBA ! une longue distance qu&rsquo;il commence \u00e0 appr\u00e9hender petit \u00e0 petit. L&rsquo;essentiel \u00e9tant d&rsquo;\u00eatre pr\u00eat le jour J.<\/span><\/p>\n<p><span style=\"color: #000000;\">Du orange, nous en avions quand m\u00eame sur les formats plus courts avec K\u00e9vin sur le 26, d\u00e9j\u00e0 \u00ab\u00a0finicheur\u00a0\u00bb de la derni\u00e8re \u00e9dition. Bref, un habitu\u00e9 qui conna\u00eet maintenant chaque racine ou caillou ! \u00e0 noter Jean-Marie Peltier, bien connu du club qui tra\u00eenait ses trails \u00e9galement sur la m\u00eame distance.<\/span><\/p>\n<p><span style=\"color: #000000;\">Autre distance, autre coureur de l\u00e9gende: Denis \u00ab\u00a0magic\u00a0\u00bb Palussi\u00e8re, \u00e9galement sur la m\u00eame format qu&rsquo;il affectionne, le 34 km. Il le conna\u00eet tellement bien qu&rsquo;il terminera \u00e0 une tr\u00e8s belle 2\u00e8me place en M5 ! motiv\u00e9 d&rsquo;autant plus car sa fille courait \u00e9galement sur le 9km !<\/span><\/p>\n<p><span style=\"color: #000000;\">Sur le 44 km, 4 gar\u00e7ons dans le vent, 4 janz\u00e9ens et 4 destins sur notre course mythique: Romain et Alexandre assurent l&rsquo;essentiel, K\u00e9vin \u00e9galement un peu plus loin derri\u00e8re mais sur un classement plus qu&rsquo;honorable au scratch. Plus dur pour Guillaume mais qui courageusement ira au bout de sa distance, bravo champion, c&rsquo;est aussi \u00e7a l&rsquo;esprit !!!<\/span><\/p>\n<p>&nbsp;<\/p>\n<p>&nbsp;<\/p>\n<table style=\"border-collapse: collapse; width: 100%;\">\n<tbody>\n<tr>\n<td style=\"width: 16.6667%; text-align: center;\"><strong><span style=\"color: #000000;\">Distance<\/span><\/strong><\/td>\n<td style=\"width: 16.6667%; text-align: center;\"><strong><span style=\"color: #000000;\">Classement<\/span><\/strong><\/td>\n<td style=\"width: 16.6667%; text-align: center;\"><strong><span style=\"color: #000000;\">Nom<\/span><\/strong><\/td>\n<td style=\"width: 16.6667%; text-align: center;\"><strong><span style=\"color: #000000;\">Temps<\/span><\/strong><\/td>\n<td style=\"width: 16.6667%; text-align: center;\"><strong><span style=\"color: #000000;\">Classement cat\u00e9gorie<\/span><\/strong><\/td>\n<td style=\"width: 16.6667%; text-align: center;\"><strong><span style=\"color: #000000;\">Classement femme<\/span><\/strong><\/td>\n<\/tr>\n<tr>\n<td style=\"width: 16.6667%; text-align: center;\"><span style=\"color: #000000;\">8 km<\/span><\/td>\n<td style=\"width: 16.6667%; text-align: center;\"><span style=\"color: #000000;\">20\/45<\/span><\/td>\n<td style=\"width: 16.6667%; text-align: center;\"><span style=\"color: #000000;\">L\u00e9o Guiheux<\/span><\/td>\n<td style=\"width: 16.6667%; text-align: center;\"><span style=\"color: #000000;\">50&rsquo;02<\/span><\/td>\n<td style=\"width: 16.6667%; text-align: center;\"><span style=\"color: #000000;\">19\u00e8me CA<\/span><\/td>\n<td style=\"width: 16.6667%; text-align: center;\"><span style=\"color: #000000;\">&#8211;<\/span><\/td>\n<\/tr>\n<tr>\n<td style=\"width: 16.6667%; text-align: center;\"><span style=\"color: #000000;\">8 km<\/span><\/td>\n<td style=\"width: 16.6667%; text-align: center;\"><span style=\"color: #000000;\">21\/45<\/span><\/td>\n<td style=\"width: 16.6667%; text-align: center;\"><span style=\"color: #000000;\">Rapha\u00ebl Bou\u00e9<\/span><\/td>\n<td style=\"width: 16.6667%; text-align: center;\"><span style=\"color: #000000;\">50&rsquo;02<\/span><\/td>\n<td style=\"width: 16.6667%; text-align: center;\"><span style=\"color: #000000;\">20\u00e8me CA<\/span><\/td>\n<td style=\"width: 16.6667%; text-align: center;\"><span style=\"color: #000000;\">&#8211;<\/span><\/td>\n<\/tr>\n<tr>\n<td style=\"width: 16.6667%; text-align: center;\"><span style=\"color: #000000;\">8 km<\/span><\/td>\n<td style=\"width: 16.6667%; text-align: center;\"><span style=\"color: #000000;\">38\/45<\/span><\/td>\n<td style=\"width: 16.6667%; text-align: center;\"><span style=\"color: #000000;\">Cl\u00e9mence Lamoureux<\/span><\/td>\n<td style=\"width: 16.6667%; text-align: center;\"><span style=\"color: #000000;\">1h05&rsquo;05<\/span><\/td>\n<td style=\"width: 16.6667%; text-align: center;\"><span style=\"color: #000000;\">8\u00e8me CAF<\/span><\/td>\n<td style=\"width: 16.6667%; text-align: center;\"><span style=\"color: #000000;\">8\/14<\/span><\/td>\n<\/tr>\n<tr>\n<td style=\"width: 16.6667%; text-align: center;\"><span style=\"color: #000000;\">26 km<\/span><\/td>\n<td style=\"width: 16.6667%; text-align: center;\"><span style=\"color: #000000;\">105\/736<\/span><\/td>\n<td style=\"width: 16.6667%; text-align: center;\"><span style=\"color: #000000;\">K\u00e9vin Le Moing<\/span><\/td>\n<td style=\"width: 16.6667%; text-align: center;\"><span style=\"color: #000000;\">2h35&rsquo;00<\/span><\/td>\n<td style=\"width: 16.6667%; text-align: center;\"><span style=\"color: #000000;\">18\u00e8me M0<\/span><\/td>\n<td style=\"width: 16.6667%; text-align: center;\"><\/td>\n<\/tr>\n<tr>\n<td style=\"width: 16.6667%; text-align: center;\"><span style=\"color: #000000;\">34 km<\/span><\/td>\n<td style=\"width: 16.6667%; text-align: center;\"><span style=\"color: #000000;\">178\/439<\/span><\/td>\n<td style=\"width: 16.6667%; text-align: center;\"><span style=\"color: #000000;\">Denis Palussi\u00e8re<\/span><\/td>\n<td style=\"width: 16.6667%; text-align: center;\"><span style=\"color: #000000;\">4h06&rsquo;51<\/span><\/td>\n<td style=\"width: 16.6667%; text-align: center;\"><span style=\"color: #808080;\"><strong>2\u00e8me M5<\/strong><\/span><\/td>\n<td style=\"width: 16.6667%; text-align: center;\"><span style=\"color: #000000;\">&#8211;<\/span><\/td>\n<\/tr>\n<tr>\n<td style=\"width: 16.6667%; text-align: center;\"><span style=\"color: #000000;\">44 km<\/span><\/td>\n<td style=\"width: 16.6667%; text-align: center;\"><span style=\"color: #000000;\">349\/775<\/span><\/td>\n<td style=\"width: 16.6667%; text-align: center;\"><span style=\"color: #000000;\">Romain Le Goff<\/span><\/td>\n<td style=\"width: 16.6667%; text-align: center;\"><span style=\"color: #000000;\">6h06&rsquo;56<\/span><\/td>\n<td style=\"width: 16.6667%; text-align: center;\"><span style=\"color: #000000;\">62\u00e8me M0<\/span><\/td>\n<td style=\"width: 16.6667%; text-align: center;\"><span style=\"color: #000000;\">&#8211;<\/span><\/td>\n<\/tr>\n<tr>\n<td style=\"width: 16.6667%; text-align: center;\"><span style=\"color: #000000;\">44 km<\/span><\/td>\n<td style=\"width: 16.6667%; text-align: center;\"><span style=\"color: #000000;\">397\/775<\/span><\/td>\n<td style=\"width: 16.6667%; text-align: center;\"><span style=\"color: #000000;\">Alexandre Gautier<\/span><\/td>\n<td style=\"width: 16.6667%; text-align: center;\"><span style=\"color: #000000;\">6h15&rsquo;04<\/span><\/td>\n<td style=\"width: 16.6667%; text-align: center;\"><span style=\"color: #000000;\">118\u00e8me SE<\/span><\/td>\n<td style=\"width: 16.6667%; text-align: center;\"><span style=\"color: #000000;\">&#8211;<\/span><\/td>\n<\/tr>\n<tr>\n<td style=\"width: 16.6667%; text-align: center;\"><span style=\"color: #000000;\">44 km<\/span><\/td>\n<td style=\"width: 16.6667%; text-align: center;\"><span style=\"color: #000000;\">423\/775<\/span><\/td>\n<td style=\"width: 16.6667%; text-align: center;\"><span style=\"color: #000000;\">K\u00e9vin Migeon<\/span><\/td>\n<td style=\"width: 16.6667%; text-align: center;\"><span style=\"color: #000000;\">6h17&rsquo;31<\/span><\/td>\n<td style=\"width: 16.6667%; text-align: center;\"><span style=\"color: #000000;\">59\u00e8me M2<\/span><\/td>\n<td style=\"width: 16.6667%; text-align: center;\"><span style=\"color: #000000;\">&#8211;<\/span><\/td>\n<\/tr>\n<tr>\n<td style=\"width: 16.6667%; text-align: center;\"><span style=\"color: #000000;\">44 km<\/span><\/td>\n<td style=\"width: 16.6667%; text-align: center;\"><span style=\"color: #000000;\">773\/775<\/span><\/td>\n<td style=\"width: 16.6667%; text-align: center;\"><span style=\"color: #000000;\">Guillaume Besnard<\/span><\/td>\n<td style=\"width: 16.6667%; text-align: center;\"><span style=\"color: #000000;\">7h25&rsquo;25<\/span><\/td>\n<td style=\"width: 16.6667%; text-align: center;\"><span style=\"color: #000000;\">128\u00e8me M1<\/span><\/td>\n<td style=\"width: 16.6667%; text-align: center;\"><span style=\"color: #000000;\">&#8211;<\/span><\/td>\n<\/tr>\n<tr>\n<td style=\"width: 16.6667%; text-align: center;\"><span style=\"color: #000000;\">66 km<\/span><\/td>\n<td style=\"width: 16.6667%; text-align: center;\"><span style=\"color: #000000;\">480\/716<\/span><\/td>\n<td style=\"width: 16.6667%; text-align: center;\"><span style=\"color: #000000;\">Denis Caillaud<\/span><\/td>\n<td style=\"width: 16.6667%; text-align: center;\"><span style=\"color: #000000;\">10h10&rsquo;08<\/span><\/td>\n<td style=\"width: 16.6667%; text-align: center;\"><span style=\"color: #000000;\">95\u00e8me M1<\/span><\/td>\n<td style=\"width: 16.6667%; text-align: center;\"><span style=\"color: #000000;\">&#8211;<\/span><\/td>\n<\/tr>\n<\/tbody>\n<\/table>\n","protected":false},"excerpt":{"rendered":"<p>Trail de Guerl\u00e9dan &nbsp; On vous le rab\u00e2che tous les ans mais oui, le trail de Guerl\u00e9dan, c&rsquo;est le plus mythique de Bretagne ! un des plus beaux, un des plus durs aussi, bref, LE trail que tu dois faire au moins une fois dans ta vie pour tout trailer qui se respecte. Place aux [&hellip;]<\/p>\n","protected":false},"author":8,"featured_media":25855,"comment_status":"open","ping_status":"open","sticky":false,"template":"","format":"aside","meta":{"_uag_custom_page_level_css":"","site-sidebar-layout":"default","site-content-layout":"","ast-site-content-layout":"default","site-content-style":"default","site-sidebar-style":"default","ast-global-header-display":"","ast-banner-title-visibility":"","ast-main-header-display":"","ast-hfb-above-header-display":"","ast-hfb-below-header-display":"","ast-hfb-mobile-header-display":"","site-post-title":"","ast-breadcrumbs-content":"","ast-featured-img":"","footer-sml-layout":"","ast-disable-related-posts":"","theme-transparent-header-meta":"default","adv-header-id-meta":"","stick-header-meta":"","header-above-stick-meta":"","header-main-stick-meta":"","header-below-stick-meta":"","astra-migrate-meta-layouts":"set","ast-page-background-enabled":"default","ast-page-background-meta":{"desktop":{"background-color":"var(--ast-global-color-4)","background-image":"","background-repeat":"repeat","background-position":"center center","background-size":"auto","background-attachment":"scroll","background-type":"","background-media":"","overlay-type":"","overlay-color":"","overlay-opacity":"","overlay-gradient":""},"tablet":{"background-color":"","background-image":"","background-repeat":"repeat","background-position":"center center","background-size":"auto","background-attachment":"scroll","background-type":"","background-media":"","overlay-type":"","overlay-color":"","overlay-opacity":"","overlay-gradient":""},"mobile":{"background-color":"","background-image":"","background-repeat":"repeat","background-position":"center center","background-size":"auto","background-attachment":"scroll","background-type":"","background-media":"","overlay-type":"","overlay-color":"","overlay-opacity":"","overlay-gradient":""}},"ast-content-background-meta":{"desktop":{"background-color":"var(--ast-global-color-5)","background-image":"","background-repeat":"repeat","background-position":"center center","background-size":"auto","background-attachment":"scroll","background-type":"","background-media":"","overlay-type":"","overlay-color":"","overlay-opacity":"","overlay-gradient":""},"tablet":{"background-color":"var(--ast-global-color-5)","background-image":"","background-repeat":"repeat","background-position":"center center","background-size":"auto","background-attachment":"scroll","background-type":"","background-media":"","overlay-type":"","overlay-color":"","overlay-opacity":"","overlay-gradient":""},"mobile":{"background-color":"var(--ast-global-color-5)","background-image":"","background-repeat":"repeat","background-position":"center center","background-size":"auto","background-attachment":"scroll","background-type":"","background-media":"","overlay-type":"","overlay-color":"","overlay-opacity":"","overlay-gradient":""}},"footnotes":""},"categories":[6],"tags":[],"class_list":["post-25854","post","type-post","status-publish","format-aside","has-post-thumbnail","hentry","category-sections","post_format-post-format-aside"],"yoast_head":"<!-- This site is optimized with the Yoast SEO plugin v27.4 - https:\/\/yoast.com\/product\/yoast-seo-wordpress\/ -->\n<title>St Gelven: Guerl\u00e9dan, quand le trail devient mythe ! - Janz\u00e9 Athl\u00e9tisme<\/title>\n<meta name=\"robots\" content=\"index, follow, max-snippet:-1, max-image-preview:large, max-video-preview:-1\" \/>\n<link rel=\"canonical\" href=\"https:\/\/janze-athletisme.fr\/wordpress\/st-gelven-guerledan-quand-le-trail-devient-mythe\/\" \/>\n<meta property=\"og:locale\" content=\"fr_FR\" \/>\n<meta property=\"og:type\" content=\"article\" \/>\n<meta property=\"og:title\" content=\"St Gelven: Guerl\u00e9dan, quand le trail devient mythe ! - Janz\u00e9 Athl\u00e9tisme\" \/>\n<meta property=\"og:description\" content=\"Trail de Guerl\u00e9dan &nbsp; On vous le rab\u00e2che tous les ans mais oui, le trail de Guerl\u00e9dan, c&rsquo;est le plus mythique de Bretagne ! un des plus beaux, un des plus durs aussi, bref, LE trail que tu dois faire au moins une fois dans ta vie pour tout trailer qui se respecte. Place aux [&hellip;]\" \/>\n<meta property=\"og:url\" content=\"https:\/\/janze-athletisme.fr\/wordpress\/st-gelven-guerledan-quand-le-trail-devient-mythe\/\" \/>\n<meta property=\"og:site_name\" content=\"Janz\u00e9 Athl\u00e9tisme\" \/>\n<meta property=\"article:publisher\" content=\"https:\/\/www.facebook.com\/groups\/1007964579346590\" \/>\n<meta property=\"article:published_time\" content=\"2025-06-11T12:23:26+00:00\" \/>\n<meta property=\"og:image\" content=\"https:\/\/janze-athletisme.fr\/wordpress\/wp-content\/uploads\/2025\/06\/bandeau-2025-1.jpg\" \/>\n\t<meta property=\"og:image:width\" content=\"1563\" \/>\n\t<meta property=\"og:image:height\" content=\"648\" \/>\n\t<meta property=\"og:image:type\" content=\"image\/jpeg\" \/>\n<meta name=\"author\" content=\"Jean-Marie Jouzel\" \/>\n<meta name=\"twitter:card\" content=\"summary_large_image\" \/>\n<meta name=\"twitter:label1\" content=\"\u00c9crit par\" \/>\n\t<meta name=\"twitter:data1\" content=\"Jean-Marie Jouzel\" \/>\n\t<meta name=\"twitter:label2\" content=\"Dur\u00e9e de lecture estim\u00e9e\" \/>\n\t<meta name=\"twitter:data2\" content=\"3 minutes\" \/>\n<script type=\"application\/ld+json\" class=\"yoast-schema-graph\">{\"@context\":\"https:\\\/\\\/schema.org\",\"@graph\":[{\"@type\":\"Article\",\"@id\":\"https:\\\/\\\/janze-athletisme.fr\\\/wordpress\\\/st-gelven-guerledan-quand-le-trail-devient-mythe\\\/#article\",\"isPartOf\":{\"@id\":\"https:\\\/\\\/janze-athletisme.fr\\\/wordpress\\\/st-gelven-guerledan-quand-le-trail-devient-mythe\\\/\"},\"author\":{\"name\":\"Jean-Marie Jouzel\",\"@id\":\"https:\\\/\\\/janze-athletisme.fr\\\/wordpress\\\/#\\\/schema\\\/person\\\/e27efa3d49687b81c679eb0b5c4973e9\"},\"headline\":\"St Gelven: Guerl\u00e9dan, quand le trail devient mythe !\",\"datePublished\":\"2025-06-11T12:23:26+00:00\",\"mainEntityOfPage\":{\"@id\":\"https:\\\/\\\/janze-athletisme.fr\\\/wordpress\\\/st-gelven-guerledan-quand-le-trail-devient-mythe\\\/\"},\"wordCount\":473,\"commentCount\":0,\"publisher\":{\"@id\":\"https:\\\/\\\/janze-athletisme.fr\\\/wordpress\\\/#organization\"},\"image\":{\"@id\":\"https:\\\/\\\/janze-athletisme.fr\\\/wordpress\\\/st-gelven-guerledan-quand-le-trail-devient-mythe\\\/#primaryimage\"},\"thumbnailUrl\":\"https:\\\/\\\/janze-athletisme.fr\\\/wordpress\\\/wp-content\\\/uploads\\\/2025\\\/06\\\/bandeau-2025-1.jpg\",\"articleSection\":[\"Le club au jour le jour\"],\"inLanguage\":\"fr-FR\",\"potentialAction\":[{\"@type\":\"CommentAction\",\"name\":\"Comment\",\"target\":[\"https:\\\/\\\/janze-athletisme.fr\\\/wordpress\\\/st-gelven-guerledan-quand-le-trail-devient-mythe\\\/#respond\"]}]},{\"@type\":\"WebPage\",\"@id\":\"https:\\\/\\\/janze-athletisme.fr\\\/wordpress\\\/st-gelven-guerledan-quand-le-trail-devient-mythe\\\/\",\"url\":\"https:\\\/\\\/janze-athletisme.fr\\\/wordpress\\\/st-gelven-guerledan-quand-le-trail-devient-mythe\\\/\",\"name\":\"St Gelven: Guerl\u00e9dan, quand le trail devient mythe ! - Janz\u00e9 Athl\u00e9tisme\",\"isPartOf\":{\"@id\":\"https:\\\/\\\/janze-athletisme.fr\\\/wordpress\\\/#website\"},\"primaryImageOfPage\":{\"@id\":\"https:\\\/\\\/janze-athletisme.fr\\\/wordpress\\\/st-gelven-guerledan-quand-le-trail-devient-mythe\\\/#primaryimage\"},\"image\":{\"@id\":\"https:\\\/\\\/janze-athletisme.fr\\\/wordpress\\\/st-gelven-guerledan-quand-le-trail-devient-mythe\\\/#primaryimage\"},\"thumbnailUrl\":\"https:\\\/\\\/janze-athletisme.fr\\\/wordpress\\\/wp-content\\\/uploads\\\/2025\\\/06\\\/bandeau-2025-1.jpg\",\"datePublished\":\"2025-06-11T12:23:26+00:00\",\"breadcrumb\":{\"@id\":\"https:\\\/\\\/janze-athletisme.fr\\\/wordpress\\\/st-gelven-guerledan-quand-le-trail-devient-mythe\\\/#breadcrumb\"},\"inLanguage\":\"fr-FR\",\"potentialAction\":[{\"@type\":\"ReadAction\",\"target\":[\"https:\\\/\\\/janze-athletisme.fr\\\/wordpress\\\/st-gelven-guerledan-quand-le-trail-devient-mythe\\\/\"]}]},{\"@type\":\"ImageObject\",\"inLanguage\":\"fr-FR\",\"@id\":\"https:\\\/\\\/janze-athletisme.fr\\\/wordpress\\\/st-gelven-guerledan-quand-le-trail-devient-mythe\\\/#primaryimage\",\"url\":\"https:\\\/\\\/janze-athletisme.fr\\\/wordpress\\\/wp-content\\\/uploads\\\/2025\\\/06\\\/bandeau-2025-1.jpg\",\"contentUrl\":\"https:\\\/\\\/janze-athletisme.fr\\\/wordpress\\\/wp-content\\\/uploads\\\/2025\\\/06\\\/bandeau-2025-1.jpg\",\"width\":1563,\"height\":648},{\"@type\":\"BreadcrumbList\",\"@id\":\"https:\\\/\\\/janze-athletisme.fr\\\/wordpress\\\/st-gelven-guerledan-quand-le-trail-devient-mythe\\\/#breadcrumb\",\"itemListElement\":[{\"@type\":\"ListItem\",\"position\":1,\"name\":\"Accueil\",\"item\":\"https:\\\/\\\/janze-athletisme.fr\\\/wordpress\\\/\"},{\"@type\":\"ListItem\",\"position\":2,\"name\":\"St Gelven: Guerl\u00e9dan, quand le trail devient mythe !\"}]},{\"@type\":\"WebSite\",\"@id\":\"https:\\\/\\\/janze-athletisme.fr\\\/wordpress\\\/#website\",\"url\":\"https:\\\/\\\/janze-athletisme.fr\\\/wordpress\\\/\",\"name\":\"Janz\u00e9 Athl\u00e9tisme\",\"description\":\"Pays de La Roche aux F\u00e9es\",\"publisher\":{\"@id\":\"https:\\\/\\\/janze-athletisme.fr\\\/wordpress\\\/#organization\"},\"potentialAction\":[{\"@type\":\"SearchAction\",\"target\":{\"@type\":\"EntryPoint\",\"urlTemplate\":\"https:\\\/\\\/janze-athletisme.fr\\\/wordpress\\\/?s={search_term_string}\"},\"query-input\":{\"@type\":\"PropertyValueSpecification\",\"valueRequired\":true,\"valueName\":\"search_term_string\"}}],\"inLanguage\":\"fr-FR\"},{\"@type\":\"Organization\",\"@id\":\"https:\\\/\\\/janze-athletisme.fr\\\/wordpress\\\/#organization\",\"name\":\"Janz\u00e9 Athl\u00e9tisme\",\"url\":\"https:\\\/\\\/janze-athletisme.fr\\\/wordpress\\\/\",\"logo\":{\"@type\":\"ImageObject\",\"inLanguage\":\"fr-FR\",\"@id\":\"https:\\\/\\\/janze-athletisme.fr\\\/wordpress\\\/#\\\/schema\\\/logo\\\/image\\\/\",\"url\":\"https:\\\/\\\/janze-athletisme.fr\\\/wordpress\\\/wp-content\\\/uploads\\\/2015\\\/03\\\/logo-full1.jpg\",\"contentUrl\":\"https:\\\/\\\/janze-athletisme.fr\\\/wordpress\\\/wp-content\\\/uploads\\\/2015\\\/03\\\/logo-full1.jpg\",\"width\":437,\"height\":205,\"caption\":\"Janz\u00e9 Athl\u00e9tisme\"},\"image\":{\"@id\":\"https:\\\/\\\/janze-athletisme.fr\\\/wordpress\\\/#\\\/schema\\\/logo\\\/image\\\/\"},\"sameAs\":[\"https:\\\/\\\/www.facebook.com\\\/groups\\\/1007964579346590\"]},{\"@type\":\"Person\",\"@id\":\"https:\\\/\\\/janze-athletisme.fr\\\/wordpress\\\/#\\\/schema\\\/person\\\/e27efa3d49687b81c679eb0b5c4973e9\",\"name\":\"Jean-Marie Jouzel\",\"image\":{\"@type\":\"ImageObject\",\"inLanguage\":\"fr-FR\",\"@id\":\"https:\\\/\\\/secure.gravatar.com\\\/avatar\\\/6aaee532914ad5ae9d6b4c13c953c6689456493b17979b560cf8fd0c344930ab?s=96&d=mm&r=g\",\"url\":\"https:\\\/\\\/secure.gravatar.com\\\/avatar\\\/6aaee532914ad5ae9d6b4c13c953c6689456493b17979b560cf8fd0c344930ab?s=96&d=mm&r=g\",\"contentUrl\":\"https:\\\/\\\/secure.gravatar.com\\\/avatar\\\/6aaee532914ad5ae9d6b4c13c953c6689456493b17979b560cf8fd0c344930ab?s=96&d=mm&r=g\",\"caption\":\"Jean-Marie Jouzel\"},\"url\":\"https:\\\/\\\/janze-athletisme.fr\\\/wordpress\\\/author\\\/jmjouzel\\\/\"}]}<\/script>\n<!-- \/ Yoast SEO plugin. -->","yoast_head_json":{"title":"St Gelven: Guerl\u00e9dan, quand le trail devient mythe ! - Janz\u00e9 Athl\u00e9tisme","robots":{"index":"index","follow":"follow","max-snippet":"max-snippet:-1","max-image-preview":"max-image-preview:large","max-video-preview":"max-video-preview:-1"},"canonical":"https:\/\/janze-athletisme.fr\/wordpress\/st-gelven-guerledan-quand-le-trail-devient-mythe\/","og_locale":"fr_FR","og_type":"article","og_title":"St Gelven: Guerl\u00e9dan, quand le trail devient mythe ! - Janz\u00e9 Athl\u00e9tisme","og_description":"Trail de Guerl\u00e9dan &nbsp; On vous le rab\u00e2che tous les ans mais oui, le trail de Guerl\u00e9dan, c&rsquo;est le plus mythique de Bretagne ! un des plus beaux, un des plus durs aussi, bref, LE trail que tu dois faire au moins une fois dans ta vie pour tout trailer qui se respecte. Place aux [&hellip;]","og_url":"https:\/\/janze-athletisme.fr\/wordpress\/st-gelven-guerledan-quand-le-trail-devient-mythe\/","og_site_name":"Janz\u00e9 Athl\u00e9tisme","article_publisher":"https:\/\/www.facebook.com\/groups\/1007964579346590","article_published_time":"2025-06-11T12:23:26+00:00","og_image":[{"width":1563,"height":648,"url":"https:\/\/janze-athletisme.fr\/wordpress\/wp-content\/uploads\/2025\/06\/bandeau-2025-1.jpg","type":"image\/jpeg"}],"author":"Jean-Marie Jouzel","twitter_card":"summary_large_image","twitter_misc":{"\u00c9crit par":"Jean-Marie Jouzel","Dur\u00e9e de lecture estim\u00e9e":"3 minutes"},"schema":{"@context":"https:\/\/schema.org","@graph":[{"@type":"Article","@id":"https:\/\/janze-athletisme.fr\/wordpress\/st-gelven-guerledan-quand-le-trail-devient-mythe\/#article","isPartOf":{"@id":"https:\/\/janze-athletisme.fr\/wordpress\/st-gelven-guerledan-quand-le-trail-devient-mythe\/"},"author":{"name":"Jean-Marie Jouzel","@id":"https:\/\/janze-athletisme.fr\/wordpress\/#\/schema\/person\/e27efa3d49687b81c679eb0b5c4973e9"},"headline":"St Gelven: Guerl\u00e9dan, quand le trail devient mythe !","datePublished":"2025-06-11T12:23:26+00:00","mainEntityOfPage":{"@id":"https:\/\/janze-athletisme.fr\/wordpress\/st-gelven-guerledan-quand-le-trail-devient-mythe\/"},"wordCount":473,"commentCount":0,"publisher":{"@id":"https:\/\/janze-athletisme.fr\/wordpress\/#organization"},"image":{"@id":"https:\/\/janze-athletisme.fr\/wordpress\/st-gelven-guerledan-quand-le-trail-devient-mythe\/#primaryimage"},"thumbnailUrl":"https:\/\/janze-athletisme.fr\/wordpress\/wp-content\/uploads\/2025\/06\/bandeau-2025-1.jpg","articleSection":["Le club au jour le jour"],"inLanguage":"fr-FR","potentialAction":[{"@type":"CommentAction","name":"Comment","target":["https:\/\/janze-athletisme.fr\/wordpress\/st-gelven-guerledan-quand-le-trail-devient-mythe\/#respond"]}]},{"@type":"WebPage","@id":"https:\/\/janze-athletisme.fr\/wordpress\/st-gelven-guerledan-quand-le-trail-devient-mythe\/","url":"https:\/\/janze-athletisme.fr\/wordpress\/st-gelven-guerledan-quand-le-trail-devient-mythe\/","name":"St Gelven: Guerl\u00e9dan, quand le trail devient mythe ! - Janz\u00e9 Athl\u00e9tisme","isPartOf":{"@id":"https:\/\/janze-athletisme.fr\/wordpress\/#website"},"primaryImageOfPage":{"@id":"https:\/\/janze-athletisme.fr\/wordpress\/st-gelven-guerledan-quand-le-trail-devient-mythe\/#primaryimage"},"image":{"@id":"https:\/\/janze-athletisme.fr\/wordpress\/st-gelven-guerledan-quand-le-trail-devient-mythe\/#primaryimage"},"thumbnailUrl":"https:\/\/janze-athletisme.fr\/wordpress\/wp-content\/uploads\/2025\/06\/bandeau-2025-1.jpg","datePublished":"2025-06-11T12:23:26+00:00","breadcrumb":{"@id":"https:\/\/janze-athletisme.fr\/wordpress\/st-gelven-guerledan-quand-le-trail-devient-mythe\/#breadcrumb"},"inLanguage":"fr-FR","potentialAction":[{"@type":"ReadAction","target":["https:\/\/janze-athletisme.fr\/wordpress\/st-gelven-guerledan-quand-le-trail-devient-mythe\/"]}]},{"@type":"ImageObject","inLanguage":"fr-FR","@id":"https:\/\/janze-athletisme.fr\/wordpress\/st-gelven-guerledan-quand-le-trail-devient-mythe\/#primaryimage","url":"https:\/\/janze-athletisme.fr\/wordpress\/wp-content\/uploads\/2025\/06\/bandeau-2025-1.jpg","contentUrl":"https:\/\/janze-athletisme.fr\/wordpress\/wp-content\/uploads\/2025\/06\/bandeau-2025-1.jpg","width":1563,"height":648},{"@type":"BreadcrumbList","@id":"https:\/\/janze-athletisme.fr\/wordpress\/st-gelven-guerledan-quand-le-trail-devient-mythe\/#breadcrumb","itemListElement":[{"@type":"ListItem","position":1,"name":"Accueil","item":"https:\/\/janze-athletisme.fr\/wordpress\/"},{"@type":"ListItem","position":2,"name":"St Gelven: Guerl\u00e9dan, quand le trail devient mythe !"}]},{"@type":"WebSite","@id":"https:\/\/janze-athletisme.fr\/wordpress\/#website","url":"https:\/\/janze-athletisme.fr\/wordpress\/","name":"Janz\u00e9 Athl\u00e9tisme","description":"Pays de La Roche aux F\u00e9es","publisher":{"@id":"https:\/\/janze-athletisme.fr\/wordpress\/#organization"},"potentialAction":[{"@type":"SearchAction","target":{"@type":"EntryPoint","urlTemplate":"https:\/\/janze-athletisme.fr\/wordpress\/?s={search_term_string}"},"query-input":{"@type":"PropertyValueSpecification","valueRequired":true,"valueName":"search_term_string"}}],"inLanguage":"fr-FR"},{"@type":"Organization","@id":"https:\/\/janze-athletisme.fr\/wordpress\/#organization","name":"Janz\u00e9 Athl\u00e9tisme","url":"https:\/\/janze-athletisme.fr\/wordpress\/","logo":{"@type":"ImageObject","inLanguage":"fr-FR","@id":"https:\/\/janze-athletisme.fr\/wordpress\/#\/schema\/logo\/image\/","url":"https:\/\/janze-athletisme.fr\/wordpress\/wp-content\/uploads\/2015\/03\/logo-full1.jpg","contentUrl":"https:\/\/janze-athletisme.fr\/wordpress\/wp-content\/uploads\/2015\/03\/logo-full1.jpg","width":437,"height":205,"caption":"Janz\u00e9 Athl\u00e9tisme"},"image":{"@id":"https:\/\/janze-athletisme.fr\/wordpress\/#\/schema\/logo\/image\/"},"sameAs":["https:\/\/www.facebook.com\/groups\/1007964579346590"]},{"@type":"Person","@id":"https:\/\/janze-athletisme.fr\/wordpress\/#\/schema\/person\/e27efa3d49687b81c679eb0b5c4973e9","name":"Jean-Marie Jouzel","image":{"@type":"ImageObject","inLanguage":"fr-FR","@id":"https:\/\/secure.gravatar.com\/avatar\/6aaee532914ad5ae9d6b4c13c953c6689456493b17979b560cf8fd0c344930ab?s=96&d=mm&r=g","url":"https:\/\/secure.gravatar.com\/avatar\/6aaee532914ad5ae9d6b4c13c953c6689456493b17979b560cf8fd0c344930ab?s=96&d=mm&r=g","contentUrl":"https:\/\/secure.gravatar.com\/avatar\/6aaee532914ad5ae9d6b4c13c953c6689456493b17979b560cf8fd0c344930ab?s=96&d=mm&r=g","caption":"Jean-Marie Jouzel"},"url":"https:\/\/janze-athletisme.fr\/wordpress\/author\/jmjouzel\/"}]}},"uagb_featured_image_src":{"full":["https:\/\/janze-athletisme.fr\/wordpress\/wp-content\/uploads\/2025\/06\/bandeau-2025-1.jpg",1563,648,false],"thumbnail":["https:\/\/janze-athletisme.fr\/wordpress\/wp-content\/uploads\/2025\/06\/bandeau-2025-1-150x150.jpg",150,150,true],"medium":["https:\/\/janze-athletisme.fr\/wordpress\/wp-content\/uploads\/2025\/06\/bandeau-2025-1-300x124.jpg",300,124,true],"medium_large":["https:\/\/janze-athletisme.fr\/wordpress\/wp-content\/uploads\/2025\/06\/bandeau-2025-1-768x318.jpg",768,318,true],"large":["https:\/\/janze-athletisme.fr\/wordpress\/wp-content\/uploads\/2025\/06\/bandeau-2025-1-1024x425.jpg",1024,425,true],"1536x1536":["https:\/\/janze-athletisme.fr\/wordpress\/wp-content\/uploads\/2025\/06\/bandeau-2025-1-1536x637.jpg",1536,637,true],"2048x2048":["https:\/\/janze-athletisme.fr\/wordpress\/wp-content\/uploads\/2025\/06\/bandeau-2025-1.jpg",1563,648,false]},"uagb_author_info":{"display_name":"Jean-Marie Jouzel","author_link":"https:\/\/janze-athletisme.fr\/wordpress\/author\/jmjouzel\/"},"uagb_comment_info":0,"uagb_excerpt":"Trail de Guerl\u00e9dan &nbsp; On vous le rab\u00e2che tous les ans mais oui, le trail de Guerl\u00e9dan, c&rsquo;est le plus mythique de Bretagne ! un des plus beaux, un des plus durs aussi, bref, LE trail que tu dois faire au moins une fois dans ta vie pour tout trailer qui se respecte. Place aux\u2026","_links":{"self":[{"href":"https:\/\/janze-athletisme.fr\/wordpress\/wp-json\/wp\/v2\/posts\/25854","targetHints":{"allow":["GET"]}}],"collection":[{"href":"https:\/\/janze-athletisme.fr\/wordpress\/wp-json\/wp\/v2\/posts"}],"about":[{"href":"https:\/\/janze-athletisme.fr\/wordpress\/wp-json\/wp\/v2\/types\/post"}],"author":[{"embeddable":true,"href":"https:\/\/janze-athletisme.fr\/wordpress\/wp-json\/wp\/v2\/users\/8"}],"replies":[{"embeddable":true,"href":"https:\/\/janze-athletisme.fr\/wordpress\/wp-json\/wp\/v2\/comments?post=25854"}],"version-history":[{"count":1,"href":"https:\/\/janze-athletisme.fr\/wordpress\/wp-json\/wp\/v2\/posts\/25854\/revisions"}],"predecessor-version":[{"id":25856,"href":"https:\/\/janze-athletisme.fr\/wordpress\/wp-json\/wp\/v2\/posts\/25854\/revisions\/25856"}],"wp:featuredmedia":[{"embeddable":true,"href":"https:\/\/janze-athletisme.fr\/wordpress\/wp-json\/wp\/v2\/media\/25855"}],"wp:attachment":[{"href":"https:\/\/janze-athletisme.fr\/wordpress\/wp-json\/wp\/v2\/media?parent=25854"}],"wp:term":[{"taxonomy":"category","embeddable":true,"href":"https:\/\/janze-athletisme.fr\/wordpress\/wp-json\/wp\/v2\/categories?post=25854"},{"taxonomy":"post_tag","embeddable":true,"href":"https:\/\/janze-athletisme.fr\/wordpress\/wp-json\/wp\/v2\/tags?post=25854"}],"curies":[{"name":"wp","href":"https:\/\/api.w.org\/{rel}","templated":true}]}}