{"id":25835,"date":"2025-06-10T22:42:08","date_gmt":"2025-06-10T20:42:08","guid":{"rendered":"https:\/\/janze-athletisme.fr\/wordpress\/?p=25835"},"modified":"2025-06-12T10:08:27","modified_gmt":"2025-06-12T08:08:27","slug":"a-defaut-de-piste-un-petit-stage-a-font-romeu","status":"publish","type":"post","link":"https:\/\/janze-athletisme.fr\/wordpress\/a-defaut-de-piste-un-petit-stage-a-font-romeu\/","title":{"rendered":"A d\u00e9faut de piste, un petit stage \u00e0 Font-Romeu"},"content":{"rendered":"<p><span style=\"font-family: verdana, geneva, sans-serif\">La piste n&rsquo;\u00e9tant pas dispo ces temps-ci, les encadrants se retrouvent \u00e0 devoir innover. On a donc fait le tour du Bois des corneilles, du Bois du chien puis du Bois de h\u00eatres. Les sprinteurs ont mont\u00e9 80 fois la c\u00f4te de l&rsquo;institut de formation agricole et le hors-stade a d\u00e9j\u00e0 fait trois fois le tour de Janz\u00e9. Quant aux marcheurs, ils \u00e9cument la campagne avoisinante. Il para\u00eet qu&rsquo;avec la belle m\u00e9t\u00e9o que nous avons, il n&rsquo;y en a plus pour longtemps \u00e0 patienter&#8230; En attendant, nous sommes all\u00e9s faire la s\u00e9ance du mardi \u00e0 Font-Romeu, avec quelques adeptes du demi-fond. Il a fait chaud et c&rsquo;\u00e9tait loin, mais c&rsquo;\u00e9tait bien. \u00c7a nous a chang\u00e9 un peu. En voici la preuve par l&rsquo;image.<\/span><\/p>\n<p><a href=\"https:\/\/janze-athletisme.fr\/wordpress\/wp-content\/uploads\/2025\/06\/Seance-a-Brequigny-scaled.jpg\"><img loading=\"lazy\" decoding=\"async\" class=\"alignnone wp-image-25838\" src=\"https:\/\/janze-athletisme.fr\/wordpress\/wp-content\/uploads\/2025\/06\/Seance-a-Brequigny-300x200.jpg\" alt=\"\" width=\"365\" height=\"243\" srcset=\"https:\/\/janze-athletisme.fr\/wordpress\/wp-content\/uploads\/2025\/06\/Seance-a-Brequigny-300x200.jpg 300w, https:\/\/janze-athletisme.fr\/wordpress\/wp-content\/uploads\/2025\/06\/Seance-a-Brequigny-1024x683.jpg 1024w, https:\/\/janze-athletisme.fr\/wordpress\/wp-content\/uploads\/2025\/06\/Seance-a-Brequigny-768x512.jpg 768w, https:\/\/janze-athletisme.fr\/wordpress\/wp-content\/uploads\/2025\/06\/Seance-a-Brequigny-1536x1024.jpg 1536w, https:\/\/janze-athletisme.fr\/wordpress\/wp-content\/uploads\/2025\/06\/Seance-a-Brequigny-2048x1365.jpg 2048w\" sizes=\"auto, (max-width: 365px) 100vw, 365px\" \/><\/a><\/p>\n<p><span style=\"font-family: verdana, geneva, sans-serif\">Pendant qu&rsquo;on est dans les choses plaisantes, on a omis ici de vous parler de l&rsquo;article de Ouest-France sur la vir\u00e9e de Dreux \u00e0 l&rsquo;occasion de l&rsquo;Equip&rsquo;athl\u00e9 nationale. On trouvera le lien <a href=\"https:\/\/www.ouest-france.fr\/bretagne\/janze-35150\/une-saison-brillante-pour-les-u16-du-club-dathletisme-c1049128-c49c-4af3-8321-8035c5ea3dfb\">ICI<\/a>.<\/span><\/p>\n<p><a href=\"https:\/\/janze-athletisme.fr\/wordpress\/wp-content\/uploads\/2025\/06\/Equipathle-Dreux-24-25mai2025-1.jpg\"><img loading=\"lazy\" decoding=\"async\" class=\"alignnone wp-image-25839\" src=\"https:\/\/janze-athletisme.fr\/wordpress\/wp-content\/uploads\/2025\/06\/Equipathle-Dreux-24-25mai2025-1-300x200.jpg\" alt=\"\" width=\"366\" height=\"244\" srcset=\"https:\/\/janze-athletisme.fr\/wordpress\/wp-content\/uploads\/2025\/06\/Equipathle-Dreux-24-25mai2025-1-300x200.jpg 300w, https:\/\/janze-athletisme.fr\/wordpress\/wp-content\/uploads\/2025\/06\/Equipathle-Dreux-24-25mai2025-1-1024x683.jpg 1024w, https:\/\/janze-athletisme.fr\/wordpress\/wp-content\/uploads\/2025\/06\/Equipathle-Dreux-24-25mai2025-1-768x512.jpg 768w, https:\/\/janze-athletisme.fr\/wordpress\/wp-content\/uploads\/2025\/06\/Equipathle-Dreux-24-25mai2025-1-1536x1024.jpg 1536w, https:\/\/janze-athletisme.fr\/wordpress\/wp-content\/uploads\/2025\/06\/Equipathle-Dreux-24-25mai2025-1.jpg 1800w\" sizes=\"auto, (max-width: 366px) 100vw, 366px\" \/><\/a><\/p>\n<p><span style=\"font-family: verdana, geneva, sans-serif\">Enfin, on a eu confirmation que la performance du relais minime f\u00e9minin du 800\/200\/200\/800m \u00e0 Montfort \u00e9tait une grosse performance. Voici ce quatuor 10e du bilan national et 1er du bilan breton. Elles rejoignent dans le r\u00e9cit du club le beau relais gar\u00e7ons de 2023, 9e au bilan fran\u00e7ais cette ann\u00e9e-l\u00e0, mais pour rappel 4e de la finale nationale.<\/span><\/p>\n<p><a href=\"https:\/\/janze-athletisme.fr\/wordpress\/wp-content\/uploads\/2025\/06\/Relais-8228-MIF-10e-francais.png\"><img loading=\"lazy\" decoding=\"async\" class=\"alignnone size-medium wp-image-25840\" src=\"https:\/\/janze-athletisme.fr\/wordpress\/wp-content\/uploads\/2025\/06\/Relais-8228-MIF-10e-francais-300x282.png\" alt=\"\" width=\"300\" height=\"282\" srcset=\"https:\/\/janze-athletisme.fr\/wordpress\/wp-content\/uploads\/2025\/06\/Relais-8228-MIF-10e-francais-300x282.png 300w, https:\/\/janze-athletisme.fr\/wordpress\/wp-content\/uploads\/2025\/06\/Relais-8228-MIF-10e-francais.png 682w\" sizes=\"auto, (max-width: 300px) 100vw, 300px\" \/><\/a> <a href=\"https:\/\/janze-athletisme.fr\/wordpress\/wp-content\/uploads\/2025\/06\/Relais-8228-MIF-leader-breton.png\"><img loading=\"lazy\" decoding=\"async\" class=\"alignnone wp-image-25841\" src=\"https:\/\/janze-athletisme.fr\/wordpress\/wp-content\/uploads\/2025\/06\/Relais-8228-MIF-leader-breton-300x266.png\" alt=\"\" width=\"320\" height=\"284\" srcset=\"https:\/\/janze-athletisme.fr\/wordpress\/wp-content\/uploads\/2025\/06\/Relais-8228-MIF-leader-breton-300x266.png 300w, https:\/\/janze-athletisme.fr\/wordpress\/wp-content\/uploads\/2025\/06\/Relais-8228-MIF-leader-breton.png 685w\" sizes=\"auto, (max-width: 320px) 100vw, 320px\" \/> <\/a><a href=\"https:\/\/janze-athletisme.fr\/wordpress\/wp-content\/uploads\/2025\/06\/Bilan-national-2023-relais-8-2-2-8-MIM.png\"><img loading=\"lazy\" decoding=\"async\" class=\"alignnone  wp-image-25870\" src=\"https:\/\/janze-athletisme.fr\/wordpress\/wp-content\/uploads\/2025\/06\/Bilan-national-2023-relais-8-2-2-8-MIM-300x260.png\" alt=\"\" width=\"176\" height=\"153\" srcset=\"https:\/\/janze-athletisme.fr\/wordpress\/wp-content\/uploads\/2025\/06\/Bilan-national-2023-relais-8-2-2-8-MIM-300x260.png 300w, https:\/\/janze-athletisme.fr\/wordpress\/wp-content\/uploads\/2025\/06\/Bilan-national-2023-relais-8-2-2-8-MIM.png 690w\" sizes=\"auto, (max-width: 176px) 100vw, 176px\" \/><\/a><\/p>\n","protected":false},"excerpt":{"rendered":"<p>La piste n&rsquo;\u00e9tant pas dispo ces temps-ci, les encadrants se retrouvent \u00e0 devoir innover. On a donc fait le tour du Bois des corneilles, du Bois du chien puis du Bois de h\u00eatres. Les sprinteurs ont mont\u00e9 80 fois la c\u00f4te de l&rsquo;institut de formation agricole et le hors-stade a d\u00e9j\u00e0 fait trois fois le [&hellip;]<\/p>\n","protected":false},"author":12,"featured_media":25838,"comment_status":"open","ping_status":"open","sticky":false,"template":"","format":"aside","meta":{"_uag_custom_page_level_css":"","site-sidebar-layout":"default","site-content-layout":"","ast-site-content-layout":"default","site-content-style":"default","site-sidebar-style":"default","ast-global-header-display":"","ast-banner-title-visibility":"","ast-main-header-display":"","ast-hfb-above-header-display":"","ast-hfb-below-header-display":"","ast-hfb-mobile-header-display":"","site-post-title":"","ast-breadcrumbs-content":"","ast-featured-img":"","footer-sml-layout":"","ast-disable-related-posts":"","theme-transparent-header-meta":"default","adv-header-id-meta":"","stick-header-meta":"","header-above-stick-meta":"","header-main-stick-meta":"","header-below-stick-meta":"","astra-migrate-meta-layouts":"set","ast-page-background-enabled":"default","ast-page-background-meta":{"desktop":{"background-color":"var(--ast-global-color-4)","background-image":"","background-repeat":"repeat","background-position":"center center","background-size":"auto","background-attachment":"scroll","background-type":"","background-media":"","overlay-type":"","overlay-color":"","overlay-opacity":"","overlay-gradient":""},"tablet":{"background-color":"","background-image":"","background-repeat":"repeat","background-position":"center center","background-size":"auto","background-attachment":"scroll","background-type":"","background-media":"","overlay-type":"","overlay-color":"","overlay-opacity":"","overlay-gradient":""},"mobile":{"background-color":"","background-image":"","background-repeat":"repeat","background-position":"center center","background-size":"auto","background-attachment":"scroll","background-type":"","background-media":"","overlay-type":"","overlay-color":"","overlay-opacity":"","overlay-gradient":""}},"ast-content-background-meta":{"desktop":{"background-color":"var(--ast-global-color-5)","background-image":"","background-repeat":"repeat","background-position":"center center","background-size":"auto","background-attachment":"scroll","background-type":"","background-media":"","overlay-type":"","overlay-color":"","overlay-opacity":"","overlay-gradient":""},"tablet":{"background-color":"var(--ast-global-color-5)","background-image":"","background-repeat":"repeat","background-position":"center center","background-size":"auto","background-attachment":"scroll","background-type":"","background-media":"","overlay-type":"","overlay-color":"","overlay-opacity":"","overlay-gradient":""},"mobile":{"background-color":"var(--ast-global-color-5)","background-image":"","background-repeat":"repeat","background-position":"center center","background-size":"auto","background-attachment":"scroll","background-type":"","background-media":"","overlay-type":"","overlay-color":"","overlay-opacity":"","overlay-gradient":""}},"footnotes":""},"categories":[6],"tags":[],"class_list":["post-25835","post","type-post","status-publish","format-aside","has-post-thumbnail","hentry","category-sections","post_format-post-format-aside"],"yoast_head":"<!-- This site is optimized with the Yoast SEO plugin v27.4 - https:\/\/yoast.com\/product\/yoast-seo-wordpress\/ -->\n<title>A d\u00e9faut de piste, un petit stage \u00e0 Font-Romeu - Janz\u00e9 Athl\u00e9tisme<\/title>\n<meta name=\"robots\" content=\"index, follow, max-snippet:-1, max-image-preview:large, max-video-preview:-1\" \/>\n<link rel=\"canonical\" href=\"https:\/\/janze-athletisme.fr\/wordpress\/a-defaut-de-piste-un-petit-stage-a-font-romeu\/\" \/>\n<meta property=\"og:locale\" content=\"fr_FR\" \/>\n<meta property=\"og:type\" content=\"article\" \/>\n<meta property=\"og:title\" content=\"A d\u00e9faut de piste, un petit stage \u00e0 Font-Romeu - Janz\u00e9 Athl\u00e9tisme\" \/>\n<meta property=\"og:description\" content=\"La piste n&rsquo;\u00e9tant pas dispo ces temps-ci, les encadrants se retrouvent \u00e0 devoir innover. On a donc fait le tour du Bois des corneilles, du Bois du chien puis du Bois de h\u00eatres. Les sprinteurs ont mont\u00e9 80 fois la c\u00f4te de l&rsquo;institut de formation agricole et le hors-stade a d\u00e9j\u00e0 fait trois fois le [&hellip;]\" \/>\n<meta property=\"og:url\" content=\"https:\/\/janze-athletisme.fr\/wordpress\/a-defaut-de-piste-un-petit-stage-a-font-romeu\/\" \/>\n<meta property=\"og:site_name\" content=\"Janz\u00e9 Athl\u00e9tisme\" \/>\n<meta property=\"article:publisher\" content=\"https:\/\/www.facebook.com\/groups\/1007964579346590\" \/>\n<meta property=\"article:published_time\" content=\"2025-06-10T20:42:08+00:00\" \/>\n<meta property=\"article:modified_time\" content=\"2025-06-12T08:08:27+00:00\" \/>\n<meta property=\"og:image\" content=\"https:\/\/janze-athletisme.fr\/wordpress\/wp-content\/uploads\/2025\/06\/Seance-a-Brequigny-scaled.jpg\" \/>\n\t<meta property=\"og:image:width\" content=\"2560\" \/>\n\t<meta property=\"og:image:height\" content=\"1707\" \/>\n\t<meta property=\"og:image:type\" content=\"image\/jpeg\" \/>\n<meta name=\"author\" content=\"Laurent Meunier\" \/>\n<meta name=\"twitter:card\" content=\"summary_large_image\" \/>\n<meta name=\"twitter:label1\" content=\"\u00c9crit par\" \/>\n\t<meta name=\"twitter:data1\" content=\"Laurent Meunier\" \/>\n\t<meta name=\"twitter:label2\" content=\"Dur\u00e9e de lecture estim\u00e9e\" \/>\n\t<meta name=\"twitter:data2\" content=\"3 minutes\" \/>\n<script type=\"application\/ld+json\" class=\"yoast-schema-graph\">{\"@context\":\"https:\\\/\\\/schema.org\",\"@graph\":[{\"@type\":\"Article\",\"@id\":\"https:\\\/\\\/janze-athletisme.fr\\\/wordpress\\\/a-defaut-de-piste-un-petit-stage-a-font-romeu\\\/#article\",\"isPartOf\":{\"@id\":\"https:\\\/\\\/janze-athletisme.fr\\\/wordpress\\\/a-defaut-de-piste-un-petit-stage-a-font-romeu\\\/\"},\"author\":{\"name\":\"Laurent Meunier\",\"@id\":\"https:\\\/\\\/janze-athletisme.fr\\\/wordpress\\\/#\\\/schema\\\/person\\\/c7b063dcfa6234c041d4d9b26cc2ea03\"},\"headline\":\"A d\u00e9faut de piste, un petit stage \u00e0 Font-Romeu\",\"datePublished\":\"2025-06-10T20:42:08+00:00\",\"dateModified\":\"2025-06-12T08:08:27+00:00\",\"mainEntityOfPage\":{\"@id\":\"https:\\\/\\\/janze-athletisme.fr\\\/wordpress\\\/a-defaut-de-piste-un-petit-stage-a-font-romeu\\\/\"},\"wordCount\":243,\"commentCount\":0,\"publisher\":{\"@id\":\"https:\\\/\\\/janze-athletisme.fr\\\/wordpress\\\/#organization\"},\"image\":{\"@id\":\"https:\\\/\\\/janze-athletisme.fr\\\/wordpress\\\/a-defaut-de-piste-un-petit-stage-a-font-romeu\\\/#primaryimage\"},\"thumbnailUrl\":\"https:\\\/\\\/janze-athletisme.fr\\\/wordpress\\\/wp-content\\\/uploads\\\/2025\\\/06\\\/Seance-a-Brequigny-scaled.jpg\",\"articleSection\":[\"Le club au jour le jour\"],\"inLanguage\":\"fr-FR\",\"potentialAction\":[{\"@type\":\"CommentAction\",\"name\":\"Comment\",\"target\":[\"https:\\\/\\\/janze-athletisme.fr\\\/wordpress\\\/a-defaut-de-piste-un-petit-stage-a-font-romeu\\\/#respond\"]}]},{\"@type\":\"WebPage\",\"@id\":\"https:\\\/\\\/janze-athletisme.fr\\\/wordpress\\\/a-defaut-de-piste-un-petit-stage-a-font-romeu\\\/\",\"url\":\"https:\\\/\\\/janze-athletisme.fr\\\/wordpress\\\/a-defaut-de-piste-un-petit-stage-a-font-romeu\\\/\",\"name\":\"A d\u00e9faut de piste, un petit stage \u00e0 Font-Romeu - Janz\u00e9 Athl\u00e9tisme\",\"isPartOf\":{\"@id\":\"https:\\\/\\\/janze-athletisme.fr\\\/wordpress\\\/#website\"},\"primaryImageOfPage\":{\"@id\":\"https:\\\/\\\/janze-athletisme.fr\\\/wordpress\\\/a-defaut-de-piste-un-petit-stage-a-font-romeu\\\/#primaryimage\"},\"image\":{\"@id\":\"https:\\\/\\\/janze-athletisme.fr\\\/wordpress\\\/a-defaut-de-piste-un-petit-stage-a-font-romeu\\\/#primaryimage\"},\"thumbnailUrl\":\"https:\\\/\\\/janze-athletisme.fr\\\/wordpress\\\/wp-content\\\/uploads\\\/2025\\\/06\\\/Seance-a-Brequigny-scaled.jpg\",\"datePublished\":\"2025-06-10T20:42:08+00:00\",\"dateModified\":\"2025-06-12T08:08:27+00:00\",\"breadcrumb\":{\"@id\":\"https:\\\/\\\/janze-athletisme.fr\\\/wordpress\\\/a-defaut-de-piste-un-petit-stage-a-font-romeu\\\/#breadcrumb\"},\"inLanguage\":\"fr-FR\",\"potentialAction\":[{\"@type\":\"ReadAction\",\"target\":[\"https:\\\/\\\/janze-athletisme.fr\\\/wordpress\\\/a-defaut-de-piste-un-petit-stage-a-font-romeu\\\/\"]}]},{\"@type\":\"ImageObject\",\"inLanguage\":\"fr-FR\",\"@id\":\"https:\\\/\\\/janze-athletisme.fr\\\/wordpress\\\/a-defaut-de-piste-un-petit-stage-a-font-romeu\\\/#primaryimage\",\"url\":\"https:\\\/\\\/janze-athletisme.fr\\\/wordpress\\\/wp-content\\\/uploads\\\/2025\\\/06\\\/Seance-a-Brequigny-scaled.jpg\",\"contentUrl\":\"https:\\\/\\\/janze-athletisme.fr\\\/wordpress\\\/wp-content\\\/uploads\\\/2025\\\/06\\\/Seance-a-Brequigny-scaled.jpg\",\"width\":2560,\"height\":1707},{\"@type\":\"BreadcrumbList\",\"@id\":\"https:\\\/\\\/janze-athletisme.fr\\\/wordpress\\\/a-defaut-de-piste-un-petit-stage-a-font-romeu\\\/#breadcrumb\",\"itemListElement\":[{\"@type\":\"ListItem\",\"position\":1,\"name\":\"Accueil\",\"item\":\"https:\\\/\\\/janze-athletisme.fr\\\/wordpress\\\/\"},{\"@type\":\"ListItem\",\"position\":2,\"name\":\"A d\u00e9faut de piste, un petit stage \u00e0 Font-Romeu\"}]},{\"@type\":\"WebSite\",\"@id\":\"https:\\\/\\\/janze-athletisme.fr\\\/wordpress\\\/#website\",\"url\":\"https:\\\/\\\/janze-athletisme.fr\\\/wordpress\\\/\",\"name\":\"Janz\u00e9 Athl\u00e9tisme\",\"description\":\"Pays de La Roche aux F\u00e9es\",\"publisher\":{\"@id\":\"https:\\\/\\\/janze-athletisme.fr\\\/wordpress\\\/#organization\"},\"potentialAction\":[{\"@type\":\"SearchAction\",\"target\":{\"@type\":\"EntryPoint\",\"urlTemplate\":\"https:\\\/\\\/janze-athletisme.fr\\\/wordpress\\\/?s={search_term_string}\"},\"query-input\":{\"@type\":\"PropertyValueSpecification\",\"valueRequired\":true,\"valueName\":\"search_term_string\"}}],\"inLanguage\":\"fr-FR\"},{\"@type\":\"Organization\",\"@id\":\"https:\\\/\\\/janze-athletisme.fr\\\/wordpress\\\/#organization\",\"name\":\"Janz\u00e9 Athl\u00e9tisme\",\"url\":\"https:\\\/\\\/janze-athletisme.fr\\\/wordpress\\\/\",\"logo\":{\"@type\":\"ImageObject\",\"inLanguage\":\"fr-FR\",\"@id\":\"https:\\\/\\\/janze-athletisme.fr\\\/wordpress\\\/#\\\/schema\\\/logo\\\/image\\\/\",\"url\":\"https:\\\/\\\/janze-athletisme.fr\\\/wordpress\\\/wp-content\\\/uploads\\\/2015\\\/03\\\/logo-full1.jpg\",\"contentUrl\":\"https:\\\/\\\/janze-athletisme.fr\\\/wordpress\\\/wp-content\\\/uploads\\\/2015\\\/03\\\/logo-full1.jpg\",\"width\":437,\"height\":205,\"caption\":\"Janz\u00e9 Athl\u00e9tisme\"},\"image\":{\"@id\":\"https:\\\/\\\/janze-athletisme.fr\\\/wordpress\\\/#\\\/schema\\\/logo\\\/image\\\/\"},\"sameAs\":[\"https:\\\/\\\/www.facebook.com\\\/groups\\\/1007964579346590\"]},{\"@type\":\"Person\",\"@id\":\"https:\\\/\\\/janze-athletisme.fr\\\/wordpress\\\/#\\\/schema\\\/person\\\/c7b063dcfa6234c041d4d9b26cc2ea03\",\"name\":\"Laurent Meunier\",\"image\":{\"@type\":\"ImageObject\",\"inLanguage\":\"fr-FR\",\"@id\":\"https:\\\/\\\/secure.gravatar.com\\\/avatar\\\/dd25d581ad7c3349090f2fa6a9adb6bfa287e6a5dd8a5216a092727cd8749034?s=96&d=mm&r=g\",\"url\":\"https:\\\/\\\/secure.gravatar.com\\\/avatar\\\/dd25d581ad7c3349090f2fa6a9adb6bfa287e6a5dd8a5216a092727cd8749034?s=96&d=mm&r=g\",\"contentUrl\":\"https:\\\/\\\/secure.gravatar.com\\\/avatar\\\/dd25d581ad7c3349090f2fa6a9adb6bfa287e6a5dd8a5216a092727cd8749034?s=96&d=mm&r=g\",\"caption\":\"Laurent Meunier\"},\"url\":\"https:\\\/\\\/janze-athletisme.fr\\\/wordpress\\\/author\\\/laurent-meunier35\\\/\"}]}<\/script>\n<!-- \/ Yoast SEO plugin. -->","yoast_head_json":{"title":"A d\u00e9faut de piste, un petit stage \u00e0 Font-Romeu - Janz\u00e9 Athl\u00e9tisme","robots":{"index":"index","follow":"follow","max-snippet":"max-snippet:-1","max-image-preview":"max-image-preview:large","max-video-preview":"max-video-preview:-1"},"canonical":"https:\/\/janze-athletisme.fr\/wordpress\/a-defaut-de-piste-un-petit-stage-a-font-romeu\/","og_locale":"fr_FR","og_type":"article","og_title":"A d\u00e9faut de piste, un petit stage \u00e0 Font-Romeu - Janz\u00e9 Athl\u00e9tisme","og_description":"La piste n&rsquo;\u00e9tant pas dispo ces temps-ci, les encadrants se retrouvent \u00e0 devoir innover. On a donc fait le tour du Bois des corneilles, du Bois du chien puis du Bois de h\u00eatres. Les sprinteurs ont mont\u00e9 80 fois la c\u00f4te de l&rsquo;institut de formation agricole et le hors-stade a d\u00e9j\u00e0 fait trois fois le [&hellip;]","og_url":"https:\/\/janze-athletisme.fr\/wordpress\/a-defaut-de-piste-un-petit-stage-a-font-romeu\/","og_site_name":"Janz\u00e9 Athl\u00e9tisme","article_publisher":"https:\/\/www.facebook.com\/groups\/1007964579346590","article_published_time":"2025-06-10T20:42:08+00:00","article_modified_time":"2025-06-12T08:08:27+00:00","og_image":[{"width":2560,"height":1707,"url":"https:\/\/janze-athletisme.fr\/wordpress\/wp-content\/uploads\/2025\/06\/Seance-a-Brequigny-scaled.jpg","type":"image\/jpeg"}],"author":"Laurent Meunier","twitter_card":"summary_large_image","twitter_misc":{"\u00c9crit par":"Laurent Meunier","Dur\u00e9e de lecture estim\u00e9e":"3 minutes"},"schema":{"@context":"https:\/\/schema.org","@graph":[{"@type":"Article","@id":"https:\/\/janze-athletisme.fr\/wordpress\/a-defaut-de-piste-un-petit-stage-a-font-romeu\/#article","isPartOf":{"@id":"https:\/\/janze-athletisme.fr\/wordpress\/a-defaut-de-piste-un-petit-stage-a-font-romeu\/"},"author":{"name":"Laurent Meunier","@id":"https:\/\/janze-athletisme.fr\/wordpress\/#\/schema\/person\/c7b063dcfa6234c041d4d9b26cc2ea03"},"headline":"A d\u00e9faut de piste, un petit stage \u00e0 Font-Romeu","datePublished":"2025-06-10T20:42:08+00:00","dateModified":"2025-06-12T08:08:27+00:00","mainEntityOfPage":{"@id":"https:\/\/janze-athletisme.fr\/wordpress\/a-defaut-de-piste-un-petit-stage-a-font-romeu\/"},"wordCount":243,"commentCount":0,"publisher":{"@id":"https:\/\/janze-athletisme.fr\/wordpress\/#organization"},"image":{"@id":"https:\/\/janze-athletisme.fr\/wordpress\/a-defaut-de-piste-un-petit-stage-a-font-romeu\/#primaryimage"},"thumbnailUrl":"https:\/\/janze-athletisme.fr\/wordpress\/wp-content\/uploads\/2025\/06\/Seance-a-Brequigny-scaled.jpg","articleSection":["Le club au jour le jour"],"inLanguage":"fr-FR","potentialAction":[{"@type":"CommentAction","name":"Comment","target":["https:\/\/janze-athletisme.fr\/wordpress\/a-defaut-de-piste-un-petit-stage-a-font-romeu\/#respond"]}]},{"@type":"WebPage","@id":"https:\/\/janze-athletisme.fr\/wordpress\/a-defaut-de-piste-un-petit-stage-a-font-romeu\/","url":"https:\/\/janze-athletisme.fr\/wordpress\/a-defaut-de-piste-un-petit-stage-a-font-romeu\/","name":"A d\u00e9faut de piste, un petit stage \u00e0 Font-Romeu - Janz\u00e9 Athl\u00e9tisme","isPartOf":{"@id":"https:\/\/janze-athletisme.fr\/wordpress\/#website"},"primaryImageOfPage":{"@id":"https:\/\/janze-athletisme.fr\/wordpress\/a-defaut-de-piste-un-petit-stage-a-font-romeu\/#primaryimage"},"image":{"@id":"https:\/\/janze-athletisme.fr\/wordpress\/a-defaut-de-piste-un-petit-stage-a-font-romeu\/#primaryimage"},"thumbnailUrl":"https:\/\/janze-athletisme.fr\/wordpress\/wp-content\/uploads\/2025\/06\/Seance-a-Brequigny-scaled.jpg","datePublished":"2025-06-10T20:42:08+00:00","dateModified":"2025-06-12T08:08:27+00:00","breadcrumb":{"@id":"https:\/\/janze-athletisme.fr\/wordpress\/a-defaut-de-piste-un-petit-stage-a-font-romeu\/#breadcrumb"},"inLanguage":"fr-FR","potentialAction":[{"@type":"ReadAction","target":["https:\/\/janze-athletisme.fr\/wordpress\/a-defaut-de-piste-un-petit-stage-a-font-romeu\/"]}]},{"@type":"ImageObject","inLanguage":"fr-FR","@id":"https:\/\/janze-athletisme.fr\/wordpress\/a-defaut-de-piste-un-petit-stage-a-font-romeu\/#primaryimage","url":"https:\/\/janze-athletisme.fr\/wordpress\/wp-content\/uploads\/2025\/06\/Seance-a-Brequigny-scaled.jpg","contentUrl":"https:\/\/janze-athletisme.fr\/wordpress\/wp-content\/uploads\/2025\/06\/Seance-a-Brequigny-scaled.jpg","width":2560,"height":1707},{"@type":"BreadcrumbList","@id":"https:\/\/janze-athletisme.fr\/wordpress\/a-defaut-de-piste-un-petit-stage-a-font-romeu\/#breadcrumb","itemListElement":[{"@type":"ListItem","position":1,"name":"Accueil","item":"https:\/\/janze-athletisme.fr\/wordpress\/"},{"@type":"ListItem","position":2,"name":"A d\u00e9faut de piste, un petit stage \u00e0 Font-Romeu"}]},{"@type":"WebSite","@id":"https:\/\/janze-athletisme.fr\/wordpress\/#website","url":"https:\/\/janze-athletisme.fr\/wordpress\/","name":"Janz\u00e9 Athl\u00e9tisme","description":"Pays de La Roche aux F\u00e9es","publisher":{"@id":"https:\/\/janze-athletisme.fr\/wordpress\/#organization"},"potentialAction":[{"@type":"SearchAction","target":{"@type":"EntryPoint","urlTemplate":"https:\/\/janze-athletisme.fr\/wordpress\/?s={search_term_string}"},"query-input":{"@type":"PropertyValueSpecification","valueRequired":true,"valueName":"search_term_string"}}],"inLanguage":"fr-FR"},{"@type":"Organization","@id":"https:\/\/janze-athletisme.fr\/wordpress\/#organization","name":"Janz\u00e9 Athl\u00e9tisme","url":"https:\/\/janze-athletisme.fr\/wordpress\/","logo":{"@type":"ImageObject","inLanguage":"fr-FR","@id":"https:\/\/janze-athletisme.fr\/wordpress\/#\/schema\/logo\/image\/","url":"https:\/\/janze-athletisme.fr\/wordpress\/wp-content\/uploads\/2015\/03\/logo-full1.jpg","contentUrl":"https:\/\/janze-athletisme.fr\/wordpress\/wp-content\/uploads\/2015\/03\/logo-full1.jpg","width":437,"height":205,"caption":"Janz\u00e9 Athl\u00e9tisme"},"image":{"@id":"https:\/\/janze-athletisme.fr\/wordpress\/#\/schema\/logo\/image\/"},"sameAs":["https:\/\/www.facebook.com\/groups\/1007964579346590"]},{"@type":"Person","@id":"https:\/\/janze-athletisme.fr\/wordpress\/#\/schema\/person\/c7b063dcfa6234c041d4d9b26cc2ea03","name":"Laurent Meunier","image":{"@type":"ImageObject","inLanguage":"fr-FR","@id":"https:\/\/secure.gravatar.com\/avatar\/dd25d581ad7c3349090f2fa6a9adb6bfa287e6a5dd8a5216a092727cd8749034?s=96&d=mm&r=g","url":"https:\/\/secure.gravatar.com\/avatar\/dd25d581ad7c3349090f2fa6a9adb6bfa287e6a5dd8a5216a092727cd8749034?s=96&d=mm&r=g","contentUrl":"https:\/\/secure.gravatar.com\/avatar\/dd25d581ad7c3349090f2fa6a9adb6bfa287e6a5dd8a5216a092727cd8749034?s=96&d=mm&r=g","caption":"Laurent Meunier"},"url":"https:\/\/janze-athletisme.fr\/wordpress\/author\/laurent-meunier35\/"}]}},"uagb_featured_image_src":{"full":["https:\/\/janze-athletisme.fr\/wordpress\/wp-content\/uploads\/2025\/06\/Seance-a-Brequigny-scaled.jpg",2560,1707,false],"thumbnail":["https:\/\/janze-athletisme.fr\/wordpress\/wp-content\/uploads\/2025\/06\/Seance-a-Brequigny-150x150.jpg",150,150,true],"medium":["https:\/\/janze-athletisme.fr\/wordpress\/wp-content\/uploads\/2025\/06\/Seance-a-Brequigny-300x200.jpg",300,200,true],"medium_large":["https:\/\/janze-athletisme.fr\/wordpress\/wp-content\/uploads\/2025\/06\/Seance-a-Brequigny-768x512.jpg",768,512,true],"large":["https:\/\/janze-athletisme.fr\/wordpress\/wp-content\/uploads\/2025\/06\/Seance-a-Brequigny-1024x683.jpg",1024,683,true],"1536x1536":["https:\/\/janze-athletisme.fr\/wordpress\/wp-content\/uploads\/2025\/06\/Seance-a-Brequigny-1536x1024.jpg",1536,1024,true],"2048x2048":["https:\/\/janze-athletisme.fr\/wordpress\/wp-content\/uploads\/2025\/06\/Seance-a-Brequigny-2048x1365.jpg",2048,1365,true]},"uagb_author_info":{"display_name":"Laurent Meunier","author_link":"https:\/\/janze-athletisme.fr\/wordpress\/author\/laurent-meunier35\/"},"uagb_comment_info":0,"uagb_excerpt":"La piste n&rsquo;\u00e9tant pas dispo ces temps-ci, les encadrants se retrouvent \u00e0 devoir innover. On a donc fait le tour du Bois des corneilles, du Bois du chien puis du Bois de h\u00eatres. Les sprinteurs ont mont\u00e9 80 fois la c\u00f4te de l&rsquo;institut de formation agricole et le hors-stade a d\u00e9j\u00e0 fait trois fois le\u2026","_links":{"self":[{"href":"https:\/\/janze-athletisme.fr\/wordpress\/wp-json\/wp\/v2\/posts\/25835","targetHints":{"allow":["GET"]}}],"collection":[{"href":"https:\/\/janze-athletisme.fr\/wordpress\/wp-json\/wp\/v2\/posts"}],"about":[{"href":"https:\/\/janze-athletisme.fr\/wordpress\/wp-json\/wp\/v2\/types\/post"}],"author":[{"embeddable":true,"href":"https:\/\/janze-athletisme.fr\/wordpress\/wp-json\/wp\/v2\/users\/12"}],"replies":[{"embeddable":true,"href":"https:\/\/janze-athletisme.fr\/wordpress\/wp-json\/wp\/v2\/comments?post=25835"}],"version-history":[{"count":2,"href":"https:\/\/janze-athletisme.fr\/wordpress\/wp-json\/wp\/v2\/posts\/25835\/revisions"}],"predecessor-version":[{"id":25871,"href":"https:\/\/janze-athletisme.fr\/wordpress\/wp-json\/wp\/v2\/posts\/25835\/revisions\/25871"}],"wp:featuredmedia":[{"embeddable":true,"href":"https:\/\/janze-athletisme.fr\/wordpress\/wp-json\/wp\/v2\/media\/25838"}],"wp:attachment":[{"href":"https:\/\/janze-athletisme.fr\/wordpress\/wp-json\/wp\/v2\/media?parent=25835"}],"wp:term":[{"taxonomy":"category","embeddable":true,"href":"https:\/\/janze-athletisme.fr\/wordpress\/wp-json\/wp\/v2\/categories?post=25835"},{"taxonomy":"post_tag","embeddable":true,"href":"https:\/\/janze-athletisme.fr\/wordpress\/wp-json\/wp\/v2\/tags?post=25835"}],"curies":[{"name":"wp","href":"https:\/\/api.w.org\/{rel}","templated":true}]}}