{"id":25757,"date":"2025-06-09T00:01:45","date_gmt":"2025-06-08T22:01:45","guid":{"rendered":"https:\/\/janze-athletisme.fr\/wordpress\/?p=25757"},"modified":"2025-06-09T17:25:07","modified_gmt":"2025-06-09T15:25:07","slug":"redon-les-minimes-reviennent-avec-14-medailles-dont-3-titres","status":"publish","type":"post","link":"https:\/\/janze-athletisme.fr\/wordpress\/redon-les-minimes-reviennent-avec-14-medailles-dont-3-titres\/","title":{"rendered":"Redon : les minimes reviennent avec 14 m\u00e9dailles, dont 3 titres"},"content":{"rendered":"<p><span style=\"font-family: Verdana, sans-serif\"><span style=\"font-size: x-large\"><b>Championnats d\u00e9partementaux U14\/U16 (BE\/MI), Redon, samedi 7 juin<\/b><\/span><\/span><\/p>\n<p><span style=\"font-family: Verdana, sans-serif\">30 jeunes athl\u00e8tes de l&rsquo;EAC \u00e9taient pr\u00e9sents \u00e0 Redon, ce samedi 7 juin, pour les championnats d\u00e9partementaux U14\/U16 (benjamins\/minimes). 7 benjamins\/benjamines et 23 minimes. 1 de Bain, 3 de Cesson et 26 de Janz\u00e9. Chez les plus jeunes, il n&rsquo;y a plus photo : au sein de l&rsquo;EAC, Janz\u00e9 Athl\u00e9 est sur-repr\u00e9sent\u00e9. Les r\u00e9sultats s&rsquo;en ressentent : 12 des 14 m\u00e9dailles glan\u00e9es sont pour nous (Rose Mah\u00e9 seule faisant exception). Sans doute faut-il d&rsquo;ailleurs le regretter, tant l&rsquo;\u00e9quilibre entre les sections \u00e9tait jusqu&rsquo;\u00e0 pr\u00e9sent une force.<\/span><\/p>\n<p><span style=\"font-family: Verdana, sans-serif\">Toutes ces m\u00e9dailles sont collect\u00e9es exclusivement par les minimes. Nous avons cette ann\u00e9e, avec ce groupe des 14\/15 ans, un collectif exceptionnel. <\/span><span style=\"font-family: Verdana, sans-serif\">Les benjamins\/benjamines n&rsquo;ont pas d\u00e9m\u00e9rit\u00e9 pour autant, mais leur groupe demande \u00e0 s&rsquo;\u00e9toffer, afin qu&rsquo;on ait la m\u00eame dynamique collective que chez les minimes. A cet \u00e2ge, plus qu&rsquo;\u00e0 tout autre, les individus sont port\u00e9s par le groupe.<\/span><\/p>\n<p><span style=\"font-family: Verdana, sans-serif\"><span style=\"font-size: large\"><b>Les deux relais engag\u00e9s sont sur le podium<\/b><\/span><\/span><\/p>\n<p><span style=\"font-family: Verdana, sans-serif\">Les r\u00e9sultats sont nombreux et la place dans ces pages n&rsquo;est pas extensible \u00e0 l&rsquo;infini. Nous renvoyons par cons\u00e9quent, dans un premier temps, vers le lien de la comp\u00e9tition, qu&rsquo;on trouvera <a href=\"https:\/\/bases.athle.fr\/asp.net\/liste.aspx?frmbase=resultats&amp;frmmode=1&amp;frmespace=0&amp;frmcompetition=305707\">ICI<\/a>.<\/span><\/p>\n<p><span style=\"font-family: Verdana, sans-serif\">Voici un tableau des podiums du jour. On y retrouve logiquement les leaders du groupe, d\u00e9j\u00e0 moteurs lors des R\u00e9gionaux UGSEL et de la r\u00e9cente finale nationale de l&rsquo;\u00e9quip&rsquo;athl\u00e9 \u00e0 Dreux.<\/span><\/p>\n<p><span style=\"font-family: Verdana, sans-serif\"><span style=\"font-size: large\"><b>Les m\u00e9dailles du jour<\/b><\/span><\/span><\/p>\n<table border=\"1\" width=\"100%\" cellspacing=\"0\" cellpadding=\"4\">\n<tbody>\n<tr>\n<td bgcolor=\"#ffff99\" width=\"38%\"><span style=\"font-family: Verdana, sans-serif\"><b>Athl\u00e8te<\/b><\/span><\/td>\n<td bgcolor=\"#ffff99\" width=\"24%\">\n<p align=\"CENTER\"><span style=\"font-family: Verdana, sans-serif\"><b>Epreuve<\/b><\/span><\/p>\n<\/td>\n<td bgcolor=\"#ffff99\" width=\"24%\">\n<p align=\"CENTER\"><span style=\"font-family: Verdana, sans-serif\"><b>Performance<\/b><\/span><\/p>\n<\/td>\n<td bgcolor=\"#ffff99\" width=\"14%\">\n<p align=\"CENTER\"><span style=\"font-family: Verdana, sans-serif\"><b>Place<\/b><\/span><\/p>\n<\/td>\n<\/tr>\n<tr>\n<td bgcolor=\"#ffff99\" width=\"38%\"><span style=\"font-family: Verdana, sans-serif\">Rose Mah\u00e9 (Bain)<\/span><\/td>\n<td bgcolor=\"#ffff99\" width=\"24%\">\n<p align=\"CENTER\"><span style=\"font-family: Verdana, sans-serif\">1000m MIF<\/span><\/p>\n<\/td>\n<td bgcolor=\"#ffff99\" width=\"24%\">\n<p align=\"CENTER\"><span style=\"font-family: Verdana, sans-serif\">3&rsquo;09&Prime;68<\/span><\/p>\n<\/td>\n<td bgcolor=\"#ffff99\" width=\"14%\">\n<p align=\"CENTER\"><span style=\"font-family: Verdana, sans-serif\">1\u00e8re<\/span><\/p>\n<\/td>\n<\/tr>\n<tr>\n<td bgcolor=\"#ffff99\" width=\"38%\"><span style=\"font-family: Verdana, sans-serif\"><b>Justine<\/b> Bourgault<\/span><\/td>\n<td bgcolor=\"#ffff99\" width=\"24%\">\n<p align=\"CENTER\"><span style=\"font-family: Verdana, sans-serif\">Longueur MIF<\/span><\/p>\n<\/td>\n<td bgcolor=\"#ffff99\" width=\"24%\">\n<p align=\"CENTER\"><span style=\"font-family: Verdana, sans-serif\">4m88<\/span><\/p>\n<\/td>\n<td bgcolor=\"#ffff99\" width=\"14%\">\n<p align=\"CENTER\"><span style=\"font-family: Verdana, sans-serif\">1\u00e8re<\/span><\/p>\n<\/td>\n<\/tr>\n<tr>\n<td bgcolor=\"#ffff99\" width=\"38%\"><span style=\"font-family: Verdana, sans-serif\"><b>Esteban<\/b> Fleury<\/span><\/td>\n<td bgcolor=\"#ffff99\" width=\"24%\">\n<p align=\"CENTER\"><span style=\"font-family: Verdana, sans-serif\">Poids MIM<\/span><\/p>\n<\/td>\n<td bgcolor=\"#ffff99\" width=\"24%\">\n<p align=\"CENTER\"><span style=\"font-family: Verdana, sans-serif\">11m32<\/span><\/p>\n<\/td>\n<td bgcolor=\"#ffff99\" width=\"14%\">\n<p align=\"CENTER\"><span style=\"font-family: Verdana, sans-serif\">1er<\/span><\/p>\n<\/td>\n<\/tr>\n<tr>\n<td bgcolor=\"#ffff99\" width=\"38%\"><span style=\"font-family: Verdana, sans-serif\"><b>Alice <\/b>Bou\u00e9<\/span><\/td>\n<td bgcolor=\"#ffff99\" width=\"24%\">\n<p align=\"CENTER\"><span style=\"font-family: Verdana, sans-serif\">Hauteur MIF<\/span><\/p>\n<\/td>\n<td bgcolor=\"#ffff99\" width=\"24%\">\n<p align=\"CENTER\"><span style=\"font-family: Verdana, sans-serif\">1m44<\/span><\/p>\n<\/td>\n<td bgcolor=\"#ffff99\" width=\"14%\">\n<p align=\"CENTER\"><span style=\"font-family: Verdana, sans-serif\">2e<\/span><\/p>\n<\/td>\n<\/tr>\n<tr>\n<td bgcolor=\"#ffff99\" width=\"38%\"><span style=\"font-family: Verdana, sans-serif\"><b>Justine<\/b> Bourgault<\/span><\/td>\n<td bgcolor=\"#ffff99\" width=\"24%\">\n<p align=\"CENTER\"><span style=\"font-family: Verdana, sans-serif\">Triple saut MIF<\/span><\/p>\n<\/td>\n<td bgcolor=\"#ffff99\" width=\"24%\">\n<p align=\"CENTER\"><span style=\"font-family: Verdana, sans-serif\">11m17<\/span><\/p>\n<\/td>\n<td bgcolor=\"#ffff99\" width=\"14%\">\n<p align=\"CENTER\"><span style=\"font-family: Verdana, sans-serif\">2e<\/span><\/p>\n<\/td>\n<\/tr>\n<tr>\n<td bgcolor=\"#ffff99\" width=\"38%\"><span style=\"font-family: Verdana, sans-serif\"><b>Violeta<\/b> Araya-Cottineau, <b>Lucile <\/b>Aubin, <b>L\u00e9a<\/b> Th\u00e9odin, <b>Alice<\/b> Bou\u00e9<\/span><\/td>\n<td bgcolor=\"#ffff99\" width=\"24%\">\n<p align=\"CENTER\"><span style=\"font-family: Verdana, sans-serif\">4 x 60m MIF<\/span><\/p>\n<\/td>\n<td bgcolor=\"#ffff99\" width=\"24%\">\n<p align=\"CENTER\"><span style=\"font-family: Verdana, sans-serif\">32&Prime;34<\/span><\/p>\n<\/td>\n<td bgcolor=\"#ffff99\" width=\"14%\">\n<p align=\"CENTER\"><span style=\"font-family: Verdana, sans-serif\">2e<\/span><\/p>\n<\/td>\n<\/tr>\n<tr>\n<td bgcolor=\"#ffff99\" width=\"38%\"><span style=\"font-family: Verdana, sans-serif\"><b>Gabin<\/b> Roussel<\/span><\/td>\n<td bgcolor=\"#ffff99\" width=\"24%\">\n<p align=\"CENTER\"><span style=\"font-family: Verdana, sans-serif\">2000m MIM<\/span><\/p>\n<\/td>\n<td bgcolor=\"#ffff99\" width=\"24%\">\n<p align=\"CENTER\"><span style=\"font-family: Verdana, sans-serif\">6&rsquo;48&Prime;09<\/span><\/p>\n<\/td>\n<td bgcolor=\"#ffff99\" width=\"14%\">\n<p align=\"CENTER\"><span style=\"font-family: Verdana, sans-serif\">2e<\/span><\/p>\n<\/td>\n<\/tr>\n<tr>\n<td bgcolor=\"#ffff99\" width=\"38%\"><span style=\"font-family: Verdana, sans-serif\"><b>Sayhann<\/b> Ksouda-Lain\u00e9<\/span><\/td>\n<td bgcolor=\"#ffff99\" width=\"24%\">\n<p align=\"CENTER\"><span style=\"font-family: Verdana, sans-serif\">Hauteur MIM<\/span><\/p>\n<\/td>\n<td bgcolor=\"#ffff99\" width=\"24%\">\n<p align=\"CENTER\"><span style=\"font-family: Verdana, sans-serif\">1m64<\/span><\/p>\n<\/td>\n<td bgcolor=\"#ffff99\" width=\"14%\">\n<p align=\"CENTER\"><span style=\"font-family: Verdana, sans-serif\">2e<\/span><\/p>\n<\/td>\n<\/tr>\n<tr>\n<td bgcolor=\"#ffff99\" width=\"38%\"><span style=\"font-family: Verdana, sans-serif\"><b>Esteban<\/b> Fleury<\/span><\/td>\n<td bgcolor=\"#ffff99\" width=\"24%\">\n<p align=\"CENTER\"><span style=\"font-family: Verdana, sans-serif\">Disque MIM<\/span><\/p>\n<\/td>\n<td bgcolor=\"#ffff99\" width=\"24%\">\n<p align=\"CENTER\"><span style=\"font-family: Verdana, sans-serif\">33m96<\/span><\/p>\n<\/td>\n<td bgcolor=\"#ffff99\" width=\"14%\">\n<p align=\"CENTER\"><span style=\"font-family: Verdana, sans-serif\">2e<\/span><\/p>\n<\/td>\n<\/tr>\n<tr>\n<td bgcolor=\"#ffff99\" width=\"38%\"><span style=\"font-family: Verdana, sans-serif\"><b>Alice<\/b> Bou\u00e9<\/span><\/td>\n<td bgcolor=\"#ffff99\" width=\"24%\">\n<p align=\"CENTER\"><span style=\"font-family: Verdana, sans-serif\">200m haies MIF<\/span><\/p>\n<\/td>\n<td bgcolor=\"#ffff99\" width=\"24%\">\n<p align=\"CENTER\"><span style=\"font-family: Verdana, sans-serif\">33&Prime;61<\/span><\/p>\n<\/td>\n<td bgcolor=\"#ffff99\" width=\"14%\">\n<p align=\"CENTER\"><span style=\"font-family: Verdana, sans-serif\">3e<\/span><\/p>\n<\/td>\n<\/tr>\n<tr>\n<td bgcolor=\"#ffff99\" width=\"38%\"><span style=\"font-family: Verdana, sans-serif\">Rose Mah\u00e9 (Bain)<\/span><\/td>\n<td bgcolor=\"#ffff99\" width=\"24%\">\n<p align=\"CENTER\"><span style=\"font-family: Verdana, sans-serif\">Javelot MIF<\/span><\/p>\n<\/td>\n<td bgcolor=\"#ffff99\" width=\"24%\">\n<p align=\"CENTER\"><span style=\"font-family: Verdana, sans-serif\">22m17<\/span><\/p>\n<\/td>\n<td bgcolor=\"#ffff99\" width=\"14%\">\n<p align=\"CENTER\"><span style=\"font-family: Verdana, sans-serif\">3e<\/span><\/p>\n<\/td>\n<\/tr>\n<tr>\n<td bgcolor=\"#ffff99\" width=\"38%\"><span style=\"font-family: Verdana, sans-serif\"><b>Esteban<\/b> Fleury<\/span><\/td>\n<td bgcolor=\"#ffff99\" width=\"24%\">\n<p align=\"CENTER\"><span style=\"font-family: Verdana, sans-serif\">100m haies MIM<\/span><\/p>\n<\/td>\n<td bgcolor=\"#ffff99\" width=\"24%\">\n<p align=\"CENTER\"><span style=\"font-family: Verdana, sans-serif\">15&Prime;43<\/span><\/p>\n<\/td>\n<td bgcolor=\"#ffff99\" width=\"14%\">\n<p align=\"CENTER\"><span style=\"font-family: Verdana, sans-serif\">3e<\/span><\/p>\n<\/td>\n<\/tr>\n<tr>\n<td bgcolor=\"#ffff99\" width=\"38%\"><span style=\"font-family: Verdana, sans-serif\"><b>Sayhann<\/b> Ksouda-Lain\u00e9<\/span><\/td>\n<td bgcolor=\"#ffff99\" width=\"24%\">\n<p align=\"CENTER\"><span style=\"font-family: Verdana, sans-serif\">Marteau MIM<\/span><\/p>\n<\/td>\n<td bgcolor=\"#ffff99\" width=\"24%\">\n<p align=\"CENTER\"><span style=\"font-family: Verdana, sans-serif\">28m73<\/span><\/p>\n<\/td>\n<td bgcolor=\"#ffff99\" width=\"14%\">\n<p align=\"CENTER\"><span style=\"font-family: Verdana, sans-serif\">3e<\/span><\/p>\n<\/td>\n<\/tr>\n<tr>\n<td bgcolor=\"#ffff99\" width=\"38%\"><span style=\"font-family: Verdana, sans-serif\"><b>Tha\u00efs<\/b> Ginguen\u00e9, <b>Justine<\/b> Bourgault, <b>Esteban<\/b> Fleury, <b>Sayhann<\/b> Ksouda-Lain\u00e9<\/span><\/td>\n<td bgcolor=\"#ffff99\" width=\"24%\">\n<p align=\"CENTER\"><span style=\"font-family: Verdana, sans-serif\">4x60m MI Mixte<\/span><\/p>\n<\/td>\n<td bgcolor=\"#ffff99\" width=\"24%\">\n<p align=\"CENTER\"><span style=\"font-family: Verdana, sans-serif\">29&Prime;91<\/span><\/p>\n<\/td>\n<td bgcolor=\"#ffff99\" width=\"14%\">\n<p align=\"CENTER\"><span style=\"font-family: Verdana, sans-serif\">3e<\/span><\/p>\n<\/td>\n<\/tr>\n<\/tbody>\n<\/table>\n<p><span style=\"font-family: Verdana, sans-serif\">Un grand bravo \u00e9galement \u00e0 toutes celles et ceux qui ont particip\u00e9 au rayonnement de ce collectif sans pour autant revenir avec une m\u00e9daille : les benjamines <b>Cl\u00e9mentine <\/b>Caillaud, <b>Louane<\/b> Lepinay, <b>H\u00e9lo\u00efse<\/b> Niepceron, les benjamins <b>Amaury<\/b> Beillard, <b>Natha\u00ebl<\/b> Cherruault, <b>Antonin<\/b> Heinry, <b>Yanis<\/b> Leroux, les minimes Ad\u00e8le Diraison, Lison Mayeur, Jeanne Serraj (Cesson), <b>No\u00e9mie<\/b> Leroux, <b>Rose <\/b>Meyer-Blanchot, <b>Manel<\/b> Pigeon, <b>Nina<\/b> Rocher, <b>Arthur <\/b>Boucard, <b>Paul <\/b>Bourgault, <b>Mathys<\/b> Riot, <b>Kelyan<\/b> Rooy et <b>Aaron<\/b> Sorin + un coucou sp\u00e9cial \u00e0 <b>Ana\u00efs<\/b> M\u00e9nard, h\u00e9las malade \u00e0 l&rsquo;heure de partir.<\/span><\/p>\n<p><span style=\"font-family: Verdana, sans-serif\"><span style=\"font-size: large\"><b>Un grand merci aux juges<\/b><\/span><\/span><\/p>\n<p><span style=\"font-family: Verdana, sans-serif\">Sans elles et eux, rien ne serait possible. Merci, un grand merci, \u00e0 <b>Laurine<\/b> Chevillard (hauteur matin), <b>Morgane<\/b> Mah\u00e9 (hauteur l&rsquo;apr\u00e8s-midi), <b>No\u00e9mie<\/b> Leroux (triple saut matin), <b>Karen<\/b> Rocher (triple saut apr\u00e8s-midi), <b>Micka\u00ebl <\/b>Heinry (longueur matin), <b>Yanis<\/b> Leroux (perche apr\u00e8s-midi), <b>Fran\u00e7ois <\/b>Niepceron (triple saut matin) et <b>Christophe<\/b> Fleury (disque apr\u00e8s-midi).<\/span><\/p>\n<p><span style=\"font-family: Verdana, sans-serif\">Merci \u00e9galement aux parents qui ont transport\u00e9.<\/span><\/p>\n<p><a href=\"https:\/\/janze-athletisme.fr\/wordpress\/wp-content\/uploads\/2025\/06\/DSC_7007.jpg\"><img loading=\"lazy\" decoding=\"async\" class=\"alignnone wp-image-25760\" src=\"https:\/\/janze-athletisme.fr\/wordpress\/wp-content\/uploads\/2025\/06\/DSC_7007-200x300.jpg\" alt=\"\" width=\"199\" height=\"299\" srcset=\"https:\/\/janze-athletisme.fr\/wordpress\/wp-content\/uploads\/2025\/06\/DSC_7007-200x300.jpg 200w, https:\/\/janze-athletisme.fr\/wordpress\/wp-content\/uploads\/2025\/06\/DSC_7007-683x1024.jpg 683w, https:\/\/janze-athletisme.fr\/wordpress\/wp-content\/uploads\/2025\/06\/DSC_7007-768x1152.jpg 768w, https:\/\/janze-athletisme.fr\/wordpress\/wp-content\/uploads\/2025\/06\/DSC_7007.jpg 1000w\" sizes=\"auto, (max-width: 199px) 100vw, 199px\" \/><\/a><a href=\"https:\/\/janze-athletisme.fr\/wordpress\/wp-content\/uploads\/2025\/06\/DSC_6977.jpg\"> <img loading=\"lazy\" decoding=\"async\" class=\"alignnone wp-image-25758\" src=\"https:\/\/janze-athletisme.fr\/wordpress\/wp-content\/uploads\/2025\/06\/DSC_6977-200x300.jpg\" alt=\"\" width=\"201\" height=\"302\" srcset=\"https:\/\/janze-athletisme.fr\/wordpress\/wp-content\/uploads\/2025\/06\/DSC_6977-200x300.jpg 200w, https:\/\/janze-athletisme.fr\/wordpress\/wp-content\/uploads\/2025\/06\/DSC_6977-683x1024.jpg 683w, https:\/\/janze-athletisme.fr\/wordpress\/wp-content\/uploads\/2025\/06\/DSC_6977-768x1152.jpg 768w, https:\/\/janze-athletisme.fr\/wordpress\/wp-content\/uploads\/2025\/06\/DSC_6977.jpg 1000w\" sizes=\"auto, (max-width: 201px) 100vw, 201px\" \/><\/a>\u00a0<a href=\"https:\/\/janze-athletisme.fr\/wordpress\/wp-content\/uploads\/2025\/06\/DSC_6978.jpg\"><img loading=\"lazy\" decoding=\"async\" class=\"alignnone size-medium wp-image-25759\" src=\"https:\/\/janze-athletisme.fr\/wordpress\/wp-content\/uploads\/2025\/06\/DSC_6978-300x300.jpg\" alt=\"\" width=\"300\" height=\"300\" srcset=\"https:\/\/janze-athletisme.fr\/wordpress\/wp-content\/uploads\/2025\/06\/DSC_6978-300x300.jpg 300w, https:\/\/janze-athletisme.fr\/wordpress\/wp-content\/uploads\/2025\/06\/DSC_6978-150x150.jpg 150w, https:\/\/janze-athletisme.fr\/wordpress\/wp-content\/uploads\/2025\/06\/DSC_6978-768x768.jpg 768w, https:\/\/janze-athletisme.fr\/wordpress\/wp-content\/uploads\/2025\/06\/DSC_6978.jpg 1000w\" sizes=\"auto, (max-width: 300px) 100vw, 300px\" \/> <\/a><a href=\"https:\/\/janze-athletisme.fr\/wordpress\/wp-content\/uploads\/2025\/06\/DSC_7116.jpg\"><img loading=\"lazy\" decoding=\"async\" class=\"alignnone size-medium wp-image-25762\" src=\"https:\/\/janze-athletisme.fr\/wordpress\/wp-content\/uploads\/2025\/06\/DSC_7116-200x300.jpg\" alt=\"\" width=\"200\" height=\"300\" srcset=\"https:\/\/janze-athletisme.fr\/wordpress\/wp-content\/uploads\/2025\/06\/DSC_7116-200x300.jpg 200w, https:\/\/janze-athletisme.fr\/wordpress\/wp-content\/uploads\/2025\/06\/DSC_7116-683x1024.jpg 683w, https:\/\/janze-athletisme.fr\/wordpress\/wp-content\/uploads\/2025\/06\/DSC_7116-768x1152.jpg 768w, https:\/\/janze-athletisme.fr\/wordpress\/wp-content\/uploads\/2025\/06\/DSC_7116.jpg 1000w\" sizes=\"auto, (max-width: 200px) 100vw, 200px\" \/>\u00a0<\/a><\/p>\n<p><span style=\"font-size: 10pt\"><em>Trois de nos juges de l&rsquo;apr\u00e8s-midi (nous n&rsquo;avons pas h\u00e9las de photos de Karen ni des juges du matin). Avec un coucou \u00e9galement pour nos coaches pr\u00e9sents (Mathieu, Sylvain et Laurent).<\/em><\/span><\/p>\n<p><a href=\"https:\/\/janze-athletisme.fr\/wordpress\/wp-content\/uploads\/2025\/06\/DSC_7116.jpg\">\u00a0<\/a><a href=\"https:\/\/janze-athletisme.fr\/wordpress\/wp-content\/uploads\/2025\/06\/DSC_7056.jpg\"><img loading=\"lazy\" decoding=\"async\" class=\"alignnone size-medium wp-image-25763\" src=\"https:\/\/janze-athletisme.fr\/wordpress\/wp-content\/uploads\/2025\/06\/DSC_7056-300x300.jpg\" alt=\"\" width=\"300\" height=\"300\" srcset=\"https:\/\/janze-athletisme.fr\/wordpress\/wp-content\/uploads\/2025\/06\/DSC_7056-300x300.jpg 300w, https:\/\/janze-athletisme.fr\/wordpress\/wp-content\/uploads\/2025\/06\/DSC_7056-1024x1024.jpg 1024w, https:\/\/janze-athletisme.fr\/wordpress\/wp-content\/uploads\/2025\/06\/DSC_7056-150x150.jpg 150w, https:\/\/janze-athletisme.fr\/wordpress\/wp-content\/uploads\/2025\/06\/DSC_7056-768x768.jpg 768w, https:\/\/janze-athletisme.fr\/wordpress\/wp-content\/uploads\/2025\/06\/DSC_7056.jpg 1200w\" sizes=\"auto, (max-width: 300px) 100vw, 300px\" \/><\/a><a href=\"https:\/\/janze-athletisme.fr\/wordpress\/wp-content\/uploads\/2025\/06\/DSC_7056.jpg\">\u00a0<\/a><a href=\"https:\/\/janze-athletisme.fr\/wordpress\/wp-content\/uploads\/2025\/06\/DSC_7023-1.jpg\"><img loading=\"lazy\" decoding=\"async\" class=\"alignnone size-medium wp-image-25765\" src=\"https:\/\/janze-athletisme.fr\/wordpress\/wp-content\/uploads\/2025\/06\/DSC_7023-1-300x300.jpg\" alt=\"\" width=\"300\" height=\"300\" srcset=\"https:\/\/janze-athletisme.fr\/wordpress\/wp-content\/uploads\/2025\/06\/DSC_7023-1-300x300.jpg 300w, https:\/\/janze-athletisme.fr\/wordpress\/wp-content\/uploads\/2025\/06\/DSC_7023-1-1024x1024.jpg 1024w, https:\/\/janze-athletisme.fr\/wordpress\/wp-content\/uploads\/2025\/06\/DSC_7023-1-150x150.jpg 150w, https:\/\/janze-athletisme.fr\/wordpress\/wp-content\/uploads\/2025\/06\/DSC_7023-1-768x768.jpg 768w, https:\/\/janze-athletisme.fr\/wordpress\/wp-content\/uploads\/2025\/06\/DSC_7023-1.jpg 1200w\" sizes=\"auto, (max-width: 300px) 100vw, 300px\" \/> <\/a><a href=\"https:\/\/janze-athletisme.fr\/wordpress\/wp-content\/uploads\/2025\/06\/DSC_7107.jpg\"><img loading=\"lazy\" decoding=\"async\" class=\"alignnone size-medium wp-image-25766\" src=\"https:\/\/janze-athletisme.fr\/wordpress\/wp-content\/uploads\/2025\/06\/DSC_7107-300x300.jpg\" alt=\"\" width=\"300\" height=\"300\" srcset=\"https:\/\/janze-athletisme.fr\/wordpress\/wp-content\/uploads\/2025\/06\/DSC_7107-300x300.jpg 300w, https:\/\/janze-athletisme.fr\/wordpress\/wp-content\/uploads\/2025\/06\/DSC_7107-1024x1024.jpg 1024w, https:\/\/janze-athletisme.fr\/wordpress\/wp-content\/uploads\/2025\/06\/DSC_7107-150x150.jpg 150w, https:\/\/janze-athletisme.fr\/wordpress\/wp-content\/uploads\/2025\/06\/DSC_7107-768x768.jpg 768w, https:\/\/janze-athletisme.fr\/wordpress\/wp-content\/uploads\/2025\/06\/DSC_7107.jpg 1200w\" sizes=\"auto, (max-width: 300px) 100vw, 300px\" \/><\/a><\/p>\n<p><span style=\"font-size: 10pt\"><em>Excellente journ\u00e9e pour l&rsquo;entente Janz\u00e9 \/ Bain \/ Cesson. <\/em><\/span><\/p>\n<p><span style=\"font-size: 10pt\"><em>A droite, le relais des minimes filles, excellentes 2e, et le relais mixte, non moins excellent 3e.<\/em><\/span><\/p>\n","protected":false},"excerpt":{"rendered":"<p>Championnats d\u00e9partementaux U14\/U16 (BE\/MI), Redon, samedi 7 juin 30 jeunes athl\u00e8tes de l&rsquo;EAC \u00e9taient pr\u00e9sents \u00e0 Redon, ce samedi 7 juin, pour les championnats d\u00e9partementaux U14\/U16 (benjamins\/minimes). 7 benjamins\/benjamines et 23 minimes. 1 de Bain, 3 de Cesson et 26 de Janz\u00e9. Chez les plus jeunes, il n&rsquo;y a plus photo : au sein de [&hellip;]<\/p>\n","protected":false},"author":12,"featured_media":25765,"comment_status":"open","ping_status":"open","sticky":false,"template":"","format":"aside","meta":{"_uag_custom_page_level_css":"","site-sidebar-layout":"default","site-content-layout":"","ast-site-content-layout":"default","site-content-style":"default","site-sidebar-style":"default","ast-global-header-display":"","ast-banner-title-visibility":"","ast-main-header-display":"","ast-hfb-above-header-display":"","ast-hfb-below-header-display":"","ast-hfb-mobile-header-display":"","site-post-title":"","ast-breadcrumbs-content":"","ast-featured-img":"","footer-sml-layout":"","ast-disable-related-posts":"","theme-transparent-header-meta":"default","adv-header-id-meta":"","stick-header-meta":"","header-above-stick-meta":"","header-main-stick-meta":"","header-below-stick-meta":"","astra-migrate-meta-layouts":"set","ast-page-background-enabled":"default","ast-page-background-meta":{"desktop":{"background-color":"var(--ast-global-color-4)","background-image":"","background-repeat":"repeat","background-position":"center center","background-size":"auto","background-attachment":"scroll","background-type":"","background-media":"","overlay-type":"","overlay-color":"","overlay-opacity":"","overlay-gradient":""},"tablet":{"background-color":"","background-image":"","background-repeat":"repeat","background-position":"center center","background-size":"auto","background-attachment":"scroll","background-type":"","background-media":"","overlay-type":"","overlay-color":"","overlay-opacity":"","overlay-gradient":""},"mobile":{"background-color":"","background-image":"","background-repeat":"repeat","background-position":"center center","background-size":"auto","background-attachment":"scroll","background-type":"","background-media":"","overlay-type":"","overlay-color":"","overlay-opacity":"","overlay-gradient":""}},"ast-content-background-meta":{"desktop":{"background-color":"var(--ast-global-color-5)","background-image":"","background-repeat":"repeat","background-position":"center center","background-size":"auto","background-attachment":"scroll","background-type":"","background-media":"","overlay-type":"","overlay-color":"","overlay-opacity":"","overlay-gradient":""},"tablet":{"background-color":"var(--ast-global-color-5)","background-image":"","background-repeat":"repeat","background-position":"center center","background-size":"auto","background-attachment":"scroll","background-type":"","background-media":"","overlay-type":"","overlay-color":"","overlay-opacity":"","overlay-gradient":""},"mobile":{"background-color":"var(--ast-global-color-5)","background-image":"","background-repeat":"repeat","background-position":"center center","background-size":"auto","background-attachment":"scroll","background-type":"","background-media":"","overlay-type":"","overlay-color":"","overlay-opacity":"","overlay-gradient":""}},"footnotes":""},"categories":[6],"tags":[],"class_list":["post-25757","post","type-post","status-publish","format-aside","has-post-thumbnail","hentry","category-sections","post_format-post-format-aside"],"yoast_head":"<!-- This site is optimized with the Yoast SEO plugin v27.4 - https:\/\/yoast.com\/product\/yoast-seo-wordpress\/ -->\n<title>Redon : les minimes reviennent avec 14 m\u00e9dailles, dont 3 titres - Janz\u00e9 Athl\u00e9tisme<\/title>\n<meta name=\"robots\" content=\"index, follow, max-snippet:-1, max-image-preview:large, max-video-preview:-1\" \/>\n<link rel=\"canonical\" href=\"https:\/\/janze-athletisme.fr\/wordpress\/redon-les-minimes-reviennent-avec-14-medailles-dont-3-titres\/\" \/>\n<meta property=\"og:locale\" content=\"fr_FR\" \/>\n<meta property=\"og:type\" content=\"article\" \/>\n<meta property=\"og:title\" content=\"Redon : les minimes reviennent avec 14 m\u00e9dailles, dont 3 titres - Janz\u00e9 Athl\u00e9tisme\" \/>\n<meta property=\"og:description\" content=\"Championnats d\u00e9partementaux U14\/U16 (BE\/MI), Redon, samedi 7 juin 30 jeunes athl\u00e8tes de l&rsquo;EAC \u00e9taient pr\u00e9sents \u00e0 Redon, ce samedi 7 juin, pour les championnats d\u00e9partementaux U14\/U16 (benjamins\/minimes). 7 benjamins\/benjamines et 23 minimes. 1 de Bain, 3 de Cesson et 26 de Janz\u00e9. Chez les plus jeunes, il n&rsquo;y a plus photo : au sein de [&hellip;]\" \/>\n<meta property=\"og:url\" content=\"https:\/\/janze-athletisme.fr\/wordpress\/redon-les-minimes-reviennent-avec-14-medailles-dont-3-titres\/\" \/>\n<meta property=\"og:site_name\" content=\"Janz\u00e9 Athl\u00e9tisme\" \/>\n<meta property=\"article:publisher\" content=\"https:\/\/www.facebook.com\/groups\/1007964579346590\" \/>\n<meta property=\"article:published_time\" content=\"2025-06-08T22:01:45+00:00\" \/>\n<meta property=\"article:modified_time\" content=\"2025-06-09T15:25:07+00:00\" \/>\n<meta property=\"og:image\" content=\"https:\/\/janze-athletisme.fr\/wordpress\/wp-content\/uploads\/2025\/06\/DSC_7023-1.jpg\" \/>\n\t<meta property=\"og:image:width\" content=\"1200\" \/>\n\t<meta property=\"og:image:height\" content=\"1200\" \/>\n\t<meta property=\"og:image:type\" content=\"image\/jpeg\" \/>\n<meta name=\"author\" content=\"Laurent Meunier\" \/>\n<meta name=\"twitter:card\" content=\"summary_large_image\" \/>\n<meta name=\"twitter:label1\" content=\"\u00c9crit par\" \/>\n\t<meta name=\"twitter:data1\" content=\"Laurent Meunier\" \/>\n\t<meta name=\"twitter:label2\" content=\"Dur\u00e9e de lecture estim\u00e9e\" \/>\n\t<meta name=\"twitter:data2\" content=\"5 minutes\" \/>\n<script type=\"application\/ld+json\" class=\"yoast-schema-graph\">{\"@context\":\"https:\\\/\\\/schema.org\",\"@graph\":[{\"@type\":\"Article\",\"@id\":\"https:\\\/\\\/janze-athletisme.fr\\\/wordpress\\\/redon-les-minimes-reviennent-avec-14-medailles-dont-3-titres\\\/#article\",\"isPartOf\":{\"@id\":\"https:\\\/\\\/janze-athletisme.fr\\\/wordpress\\\/redon-les-minimes-reviennent-avec-14-medailles-dont-3-titres\\\/\"},\"author\":{\"name\":\"Laurent Meunier\",\"@id\":\"https:\\\/\\\/janze-athletisme.fr\\\/wordpress\\\/#\\\/schema\\\/person\\\/c7b063dcfa6234c041d4d9b26cc2ea03\"},\"headline\":\"Redon : les minimes reviennent avec 14 m\u00e9dailles, dont 3 titres\",\"datePublished\":\"2025-06-08T22:01:45+00:00\",\"dateModified\":\"2025-06-09T15:25:07+00:00\",\"mainEntityOfPage\":{\"@id\":\"https:\\\/\\\/janze-athletisme.fr\\\/wordpress\\\/redon-les-minimes-reviennent-avec-14-medailles-dont-3-titres\\\/\"},\"wordCount\":592,\"commentCount\":1,\"publisher\":{\"@id\":\"https:\\\/\\\/janze-athletisme.fr\\\/wordpress\\\/#organization\"},\"image\":{\"@id\":\"https:\\\/\\\/janze-athletisme.fr\\\/wordpress\\\/redon-les-minimes-reviennent-avec-14-medailles-dont-3-titres\\\/#primaryimage\"},\"thumbnailUrl\":\"https:\\\/\\\/janze-athletisme.fr\\\/wordpress\\\/wp-content\\\/uploads\\\/2025\\\/06\\\/DSC_7023-1.jpg\",\"articleSection\":[\"Le club au jour le jour\"],\"inLanguage\":\"fr-FR\",\"potentialAction\":[{\"@type\":\"CommentAction\",\"name\":\"Comment\",\"target\":[\"https:\\\/\\\/janze-athletisme.fr\\\/wordpress\\\/redon-les-minimes-reviennent-avec-14-medailles-dont-3-titres\\\/#respond\"]}]},{\"@type\":\"WebPage\",\"@id\":\"https:\\\/\\\/janze-athletisme.fr\\\/wordpress\\\/redon-les-minimes-reviennent-avec-14-medailles-dont-3-titres\\\/\",\"url\":\"https:\\\/\\\/janze-athletisme.fr\\\/wordpress\\\/redon-les-minimes-reviennent-avec-14-medailles-dont-3-titres\\\/\",\"name\":\"Redon : les minimes reviennent avec 14 m\u00e9dailles, dont 3 titres - Janz\u00e9 Athl\u00e9tisme\",\"isPartOf\":{\"@id\":\"https:\\\/\\\/janze-athletisme.fr\\\/wordpress\\\/#website\"},\"primaryImageOfPage\":{\"@id\":\"https:\\\/\\\/janze-athletisme.fr\\\/wordpress\\\/redon-les-minimes-reviennent-avec-14-medailles-dont-3-titres\\\/#primaryimage\"},\"image\":{\"@id\":\"https:\\\/\\\/janze-athletisme.fr\\\/wordpress\\\/redon-les-minimes-reviennent-avec-14-medailles-dont-3-titres\\\/#primaryimage\"},\"thumbnailUrl\":\"https:\\\/\\\/janze-athletisme.fr\\\/wordpress\\\/wp-content\\\/uploads\\\/2025\\\/06\\\/DSC_7023-1.jpg\",\"datePublished\":\"2025-06-08T22:01:45+00:00\",\"dateModified\":\"2025-06-09T15:25:07+00:00\",\"breadcrumb\":{\"@id\":\"https:\\\/\\\/janze-athletisme.fr\\\/wordpress\\\/redon-les-minimes-reviennent-avec-14-medailles-dont-3-titres\\\/#breadcrumb\"},\"inLanguage\":\"fr-FR\",\"potentialAction\":[{\"@type\":\"ReadAction\",\"target\":[\"https:\\\/\\\/janze-athletisme.fr\\\/wordpress\\\/redon-les-minimes-reviennent-avec-14-medailles-dont-3-titres\\\/\"]}]},{\"@type\":\"ImageObject\",\"inLanguage\":\"fr-FR\",\"@id\":\"https:\\\/\\\/janze-athletisme.fr\\\/wordpress\\\/redon-les-minimes-reviennent-avec-14-medailles-dont-3-titres\\\/#primaryimage\",\"url\":\"https:\\\/\\\/janze-athletisme.fr\\\/wordpress\\\/wp-content\\\/uploads\\\/2025\\\/06\\\/DSC_7023-1.jpg\",\"contentUrl\":\"https:\\\/\\\/janze-athletisme.fr\\\/wordpress\\\/wp-content\\\/uploads\\\/2025\\\/06\\\/DSC_7023-1.jpg\",\"width\":1200,\"height\":1200},{\"@type\":\"BreadcrumbList\",\"@id\":\"https:\\\/\\\/janze-athletisme.fr\\\/wordpress\\\/redon-les-minimes-reviennent-avec-14-medailles-dont-3-titres\\\/#breadcrumb\",\"itemListElement\":[{\"@type\":\"ListItem\",\"position\":1,\"name\":\"Accueil\",\"item\":\"https:\\\/\\\/janze-athletisme.fr\\\/wordpress\\\/\"},{\"@type\":\"ListItem\",\"position\":2,\"name\":\"Redon : les minimes reviennent avec 14 m\u00e9dailles, dont 3 titres\"}]},{\"@type\":\"WebSite\",\"@id\":\"https:\\\/\\\/janze-athletisme.fr\\\/wordpress\\\/#website\",\"url\":\"https:\\\/\\\/janze-athletisme.fr\\\/wordpress\\\/\",\"name\":\"Janz\u00e9 Athl\u00e9tisme\",\"description\":\"Pays de La Roche aux F\u00e9es\",\"publisher\":{\"@id\":\"https:\\\/\\\/janze-athletisme.fr\\\/wordpress\\\/#organization\"},\"potentialAction\":[{\"@type\":\"SearchAction\",\"target\":{\"@type\":\"EntryPoint\",\"urlTemplate\":\"https:\\\/\\\/janze-athletisme.fr\\\/wordpress\\\/?s={search_term_string}\"},\"query-input\":{\"@type\":\"PropertyValueSpecification\",\"valueRequired\":true,\"valueName\":\"search_term_string\"}}],\"inLanguage\":\"fr-FR\"},{\"@type\":\"Organization\",\"@id\":\"https:\\\/\\\/janze-athletisme.fr\\\/wordpress\\\/#organization\",\"name\":\"Janz\u00e9 Athl\u00e9tisme\",\"url\":\"https:\\\/\\\/janze-athletisme.fr\\\/wordpress\\\/\",\"logo\":{\"@type\":\"ImageObject\",\"inLanguage\":\"fr-FR\",\"@id\":\"https:\\\/\\\/janze-athletisme.fr\\\/wordpress\\\/#\\\/schema\\\/logo\\\/image\\\/\",\"url\":\"https:\\\/\\\/janze-athletisme.fr\\\/wordpress\\\/wp-content\\\/uploads\\\/2015\\\/03\\\/logo-full1.jpg\",\"contentUrl\":\"https:\\\/\\\/janze-athletisme.fr\\\/wordpress\\\/wp-content\\\/uploads\\\/2015\\\/03\\\/logo-full1.jpg\",\"width\":437,\"height\":205,\"caption\":\"Janz\u00e9 Athl\u00e9tisme\"},\"image\":{\"@id\":\"https:\\\/\\\/janze-athletisme.fr\\\/wordpress\\\/#\\\/schema\\\/logo\\\/image\\\/\"},\"sameAs\":[\"https:\\\/\\\/www.facebook.com\\\/groups\\\/1007964579346590\"]},{\"@type\":\"Person\",\"@id\":\"https:\\\/\\\/janze-athletisme.fr\\\/wordpress\\\/#\\\/schema\\\/person\\\/c7b063dcfa6234c041d4d9b26cc2ea03\",\"name\":\"Laurent Meunier\",\"image\":{\"@type\":\"ImageObject\",\"inLanguage\":\"fr-FR\",\"@id\":\"https:\\\/\\\/secure.gravatar.com\\\/avatar\\\/dd25d581ad7c3349090f2fa6a9adb6bfa287e6a5dd8a5216a092727cd8749034?s=96&d=mm&r=g\",\"url\":\"https:\\\/\\\/secure.gravatar.com\\\/avatar\\\/dd25d581ad7c3349090f2fa6a9adb6bfa287e6a5dd8a5216a092727cd8749034?s=96&d=mm&r=g\",\"contentUrl\":\"https:\\\/\\\/secure.gravatar.com\\\/avatar\\\/dd25d581ad7c3349090f2fa6a9adb6bfa287e6a5dd8a5216a092727cd8749034?s=96&d=mm&r=g\",\"caption\":\"Laurent Meunier\"},\"url\":\"https:\\\/\\\/janze-athletisme.fr\\\/wordpress\\\/author\\\/laurent-meunier35\\\/\"}]}<\/script>\n<!-- \/ Yoast SEO plugin. -->","yoast_head_json":{"title":"Redon : les minimes reviennent avec 14 m\u00e9dailles, dont 3 titres - Janz\u00e9 Athl\u00e9tisme","robots":{"index":"index","follow":"follow","max-snippet":"max-snippet:-1","max-image-preview":"max-image-preview:large","max-video-preview":"max-video-preview:-1"},"canonical":"https:\/\/janze-athletisme.fr\/wordpress\/redon-les-minimes-reviennent-avec-14-medailles-dont-3-titres\/","og_locale":"fr_FR","og_type":"article","og_title":"Redon : les minimes reviennent avec 14 m\u00e9dailles, dont 3 titres - Janz\u00e9 Athl\u00e9tisme","og_description":"Championnats d\u00e9partementaux U14\/U16 (BE\/MI), Redon, samedi 7 juin 30 jeunes athl\u00e8tes de l&rsquo;EAC \u00e9taient pr\u00e9sents \u00e0 Redon, ce samedi 7 juin, pour les championnats d\u00e9partementaux U14\/U16 (benjamins\/minimes). 7 benjamins\/benjamines et 23 minimes. 1 de Bain, 3 de Cesson et 26 de Janz\u00e9. Chez les plus jeunes, il n&rsquo;y a plus photo : au sein de [&hellip;]","og_url":"https:\/\/janze-athletisme.fr\/wordpress\/redon-les-minimes-reviennent-avec-14-medailles-dont-3-titres\/","og_site_name":"Janz\u00e9 Athl\u00e9tisme","article_publisher":"https:\/\/www.facebook.com\/groups\/1007964579346590","article_published_time":"2025-06-08T22:01:45+00:00","article_modified_time":"2025-06-09T15:25:07+00:00","og_image":[{"width":1200,"height":1200,"url":"https:\/\/janze-athletisme.fr\/wordpress\/wp-content\/uploads\/2025\/06\/DSC_7023-1.jpg","type":"image\/jpeg"}],"author":"Laurent Meunier","twitter_card":"summary_large_image","twitter_misc":{"\u00c9crit par":"Laurent Meunier","Dur\u00e9e de lecture estim\u00e9e":"5 minutes"},"schema":{"@context":"https:\/\/schema.org","@graph":[{"@type":"Article","@id":"https:\/\/janze-athletisme.fr\/wordpress\/redon-les-minimes-reviennent-avec-14-medailles-dont-3-titres\/#article","isPartOf":{"@id":"https:\/\/janze-athletisme.fr\/wordpress\/redon-les-minimes-reviennent-avec-14-medailles-dont-3-titres\/"},"author":{"name":"Laurent Meunier","@id":"https:\/\/janze-athletisme.fr\/wordpress\/#\/schema\/person\/c7b063dcfa6234c041d4d9b26cc2ea03"},"headline":"Redon : les minimes reviennent avec 14 m\u00e9dailles, dont 3 titres","datePublished":"2025-06-08T22:01:45+00:00","dateModified":"2025-06-09T15:25:07+00:00","mainEntityOfPage":{"@id":"https:\/\/janze-athletisme.fr\/wordpress\/redon-les-minimes-reviennent-avec-14-medailles-dont-3-titres\/"},"wordCount":592,"commentCount":1,"publisher":{"@id":"https:\/\/janze-athletisme.fr\/wordpress\/#organization"},"image":{"@id":"https:\/\/janze-athletisme.fr\/wordpress\/redon-les-minimes-reviennent-avec-14-medailles-dont-3-titres\/#primaryimage"},"thumbnailUrl":"https:\/\/janze-athletisme.fr\/wordpress\/wp-content\/uploads\/2025\/06\/DSC_7023-1.jpg","articleSection":["Le club au jour le jour"],"inLanguage":"fr-FR","potentialAction":[{"@type":"CommentAction","name":"Comment","target":["https:\/\/janze-athletisme.fr\/wordpress\/redon-les-minimes-reviennent-avec-14-medailles-dont-3-titres\/#respond"]}]},{"@type":"WebPage","@id":"https:\/\/janze-athletisme.fr\/wordpress\/redon-les-minimes-reviennent-avec-14-medailles-dont-3-titres\/","url":"https:\/\/janze-athletisme.fr\/wordpress\/redon-les-minimes-reviennent-avec-14-medailles-dont-3-titres\/","name":"Redon : les minimes reviennent avec 14 m\u00e9dailles, dont 3 titres - Janz\u00e9 Athl\u00e9tisme","isPartOf":{"@id":"https:\/\/janze-athletisme.fr\/wordpress\/#website"},"primaryImageOfPage":{"@id":"https:\/\/janze-athletisme.fr\/wordpress\/redon-les-minimes-reviennent-avec-14-medailles-dont-3-titres\/#primaryimage"},"image":{"@id":"https:\/\/janze-athletisme.fr\/wordpress\/redon-les-minimes-reviennent-avec-14-medailles-dont-3-titres\/#primaryimage"},"thumbnailUrl":"https:\/\/janze-athletisme.fr\/wordpress\/wp-content\/uploads\/2025\/06\/DSC_7023-1.jpg","datePublished":"2025-06-08T22:01:45+00:00","dateModified":"2025-06-09T15:25:07+00:00","breadcrumb":{"@id":"https:\/\/janze-athletisme.fr\/wordpress\/redon-les-minimes-reviennent-avec-14-medailles-dont-3-titres\/#breadcrumb"},"inLanguage":"fr-FR","potentialAction":[{"@type":"ReadAction","target":["https:\/\/janze-athletisme.fr\/wordpress\/redon-les-minimes-reviennent-avec-14-medailles-dont-3-titres\/"]}]},{"@type":"ImageObject","inLanguage":"fr-FR","@id":"https:\/\/janze-athletisme.fr\/wordpress\/redon-les-minimes-reviennent-avec-14-medailles-dont-3-titres\/#primaryimage","url":"https:\/\/janze-athletisme.fr\/wordpress\/wp-content\/uploads\/2025\/06\/DSC_7023-1.jpg","contentUrl":"https:\/\/janze-athletisme.fr\/wordpress\/wp-content\/uploads\/2025\/06\/DSC_7023-1.jpg","width":1200,"height":1200},{"@type":"BreadcrumbList","@id":"https:\/\/janze-athletisme.fr\/wordpress\/redon-les-minimes-reviennent-avec-14-medailles-dont-3-titres\/#breadcrumb","itemListElement":[{"@type":"ListItem","position":1,"name":"Accueil","item":"https:\/\/janze-athletisme.fr\/wordpress\/"},{"@type":"ListItem","position":2,"name":"Redon : les minimes reviennent avec 14 m\u00e9dailles, dont 3 titres"}]},{"@type":"WebSite","@id":"https:\/\/janze-athletisme.fr\/wordpress\/#website","url":"https:\/\/janze-athletisme.fr\/wordpress\/","name":"Janz\u00e9 Athl\u00e9tisme","description":"Pays de La Roche aux F\u00e9es","publisher":{"@id":"https:\/\/janze-athletisme.fr\/wordpress\/#organization"},"potentialAction":[{"@type":"SearchAction","target":{"@type":"EntryPoint","urlTemplate":"https:\/\/janze-athletisme.fr\/wordpress\/?s={search_term_string}"},"query-input":{"@type":"PropertyValueSpecification","valueRequired":true,"valueName":"search_term_string"}}],"inLanguage":"fr-FR"},{"@type":"Organization","@id":"https:\/\/janze-athletisme.fr\/wordpress\/#organization","name":"Janz\u00e9 Athl\u00e9tisme","url":"https:\/\/janze-athletisme.fr\/wordpress\/","logo":{"@type":"ImageObject","inLanguage":"fr-FR","@id":"https:\/\/janze-athletisme.fr\/wordpress\/#\/schema\/logo\/image\/","url":"https:\/\/janze-athletisme.fr\/wordpress\/wp-content\/uploads\/2015\/03\/logo-full1.jpg","contentUrl":"https:\/\/janze-athletisme.fr\/wordpress\/wp-content\/uploads\/2015\/03\/logo-full1.jpg","width":437,"height":205,"caption":"Janz\u00e9 Athl\u00e9tisme"},"image":{"@id":"https:\/\/janze-athletisme.fr\/wordpress\/#\/schema\/logo\/image\/"},"sameAs":["https:\/\/www.facebook.com\/groups\/1007964579346590"]},{"@type":"Person","@id":"https:\/\/janze-athletisme.fr\/wordpress\/#\/schema\/person\/c7b063dcfa6234c041d4d9b26cc2ea03","name":"Laurent Meunier","image":{"@type":"ImageObject","inLanguage":"fr-FR","@id":"https:\/\/secure.gravatar.com\/avatar\/dd25d581ad7c3349090f2fa6a9adb6bfa287e6a5dd8a5216a092727cd8749034?s=96&d=mm&r=g","url":"https:\/\/secure.gravatar.com\/avatar\/dd25d581ad7c3349090f2fa6a9adb6bfa287e6a5dd8a5216a092727cd8749034?s=96&d=mm&r=g","contentUrl":"https:\/\/secure.gravatar.com\/avatar\/dd25d581ad7c3349090f2fa6a9adb6bfa287e6a5dd8a5216a092727cd8749034?s=96&d=mm&r=g","caption":"Laurent Meunier"},"url":"https:\/\/janze-athletisme.fr\/wordpress\/author\/laurent-meunier35\/"}]}},"uagb_featured_image_src":{"full":["https:\/\/janze-athletisme.fr\/wordpress\/wp-content\/uploads\/2025\/06\/DSC_7023-1.jpg",1200,1200,false],"thumbnail":["https:\/\/janze-athletisme.fr\/wordpress\/wp-content\/uploads\/2025\/06\/DSC_7023-1-150x150.jpg",150,150,true],"medium":["https:\/\/janze-athletisme.fr\/wordpress\/wp-content\/uploads\/2025\/06\/DSC_7023-1-300x300.jpg",300,300,true],"medium_large":["https:\/\/janze-athletisme.fr\/wordpress\/wp-content\/uploads\/2025\/06\/DSC_7023-1-768x768.jpg",768,768,true],"large":["https:\/\/janze-athletisme.fr\/wordpress\/wp-content\/uploads\/2025\/06\/DSC_7023-1-1024x1024.jpg",1024,1024,true],"1536x1536":["https:\/\/janze-athletisme.fr\/wordpress\/wp-content\/uploads\/2025\/06\/DSC_7023-1.jpg",1200,1200,false],"2048x2048":["https:\/\/janze-athletisme.fr\/wordpress\/wp-content\/uploads\/2025\/06\/DSC_7023-1.jpg",1200,1200,false]},"uagb_author_info":{"display_name":"Laurent Meunier","author_link":"https:\/\/janze-athletisme.fr\/wordpress\/author\/laurent-meunier35\/"},"uagb_comment_info":1,"uagb_excerpt":"Championnats d\u00e9partementaux U14\/U16 (BE\/MI), Redon, samedi 7 juin 30 jeunes athl\u00e8tes de l&rsquo;EAC \u00e9taient pr\u00e9sents \u00e0 Redon, ce samedi 7 juin, pour les championnats d\u00e9partementaux U14\/U16 (benjamins\/minimes). 7 benjamins\/benjamines et 23 minimes. 1 de Bain, 3 de Cesson et 26 de Janz\u00e9. Chez les plus jeunes, il n&rsquo;y a plus photo : au sein de\u2026","_links":{"self":[{"href":"https:\/\/janze-athletisme.fr\/wordpress\/wp-json\/wp\/v2\/posts\/25757","targetHints":{"allow":["GET"]}}],"collection":[{"href":"https:\/\/janze-athletisme.fr\/wordpress\/wp-json\/wp\/v2\/posts"}],"about":[{"href":"https:\/\/janze-athletisme.fr\/wordpress\/wp-json\/wp\/v2\/types\/post"}],"author":[{"embeddable":true,"href":"https:\/\/janze-athletisme.fr\/wordpress\/wp-json\/wp\/v2\/users\/12"}],"replies":[{"embeddable":true,"href":"https:\/\/janze-athletisme.fr\/wordpress\/wp-json\/wp\/v2\/comments?post=25757"}],"version-history":[{"count":5,"href":"https:\/\/janze-athletisme.fr\/wordpress\/wp-json\/wp\/v2\/posts\/25757\/revisions"}],"predecessor-version":[{"id":25782,"href":"https:\/\/janze-athletisme.fr\/wordpress\/wp-json\/wp\/v2\/posts\/25757\/revisions\/25782"}],"wp:featuredmedia":[{"embeddable":true,"href":"https:\/\/janze-athletisme.fr\/wordpress\/wp-json\/wp\/v2\/media\/25765"}],"wp:attachment":[{"href":"https:\/\/janze-athletisme.fr\/wordpress\/wp-json\/wp\/v2\/media?parent=25757"}],"wp:term":[{"taxonomy":"category","embeddable":true,"href":"https:\/\/janze-athletisme.fr\/wordpress\/wp-json\/wp\/v2\/categories?post=25757"},{"taxonomy":"post_tag","embeddable":true,"href":"https:\/\/janze-athletisme.fr\/wordpress\/wp-json\/wp\/v2\/tags?post=25757"}],"curies":[{"name":"wp","href":"https:\/\/api.w.org\/{rel}","templated":true}]}}