{"id":25712,"date":"2025-06-08T11:39:21","date_gmt":"2025-06-08T09:39:21","guid":{"rendered":"https:\/\/janze-athletisme.fr\/wordpress\/?p=25712"},"modified":"2025-06-09T00:04:30","modified_gmt":"2025-06-08T22:04:30","slug":"montfort-une-belle-soiree-pour-nos-couleurs","status":"publish","type":"post","link":"https:\/\/janze-athletisme.fr\/wordpress\/montfort-une-belle-soiree-pour-nos-couleurs\/","title":{"rendered":"Montfort : une belle soir\u00e9e pour nos couleurs"},"content":{"rendered":"<p><span style=\"font-family: Verdana, sans-serif\"><span style=\"font-size: x-large\"><b>Championnats d\u00e9partementaux du 400 et du 1500m, Montfort, vendredi 6 juin<\/b><\/span><\/span><\/p>\n<p><span style=\"font-family: Verdana, sans-serif\">Pour les cat\u00e9gories cadets \u00e0 masters, les championnats d&rsquo;Ille-et-Vilaine auront lieu dimanche prochain le 15 juin, \u00e0 Courtemanche, mais, au vu de la densit\u00e9 de la participation, le comit\u00e9 d\u00e9partemental a d\u00e9cid\u00e9 cette ann\u00e9e de disperser plusieurs \u00e9preuves, afin de soulager le programme de la journ\u00e9e et de permettre le bon d\u00e9roulement des autres courses.<\/span><\/p>\n<p><span style=\"font-family: Verdana, sans-serif\">C&rsquo;est ainsi que les 5000m JUM et JUF, le 3000m steeple JUM, et les 2000m steeple JUF et CAF\/CAM ont eu lieu le samedi 31 mai \u00e0 Auray et que, ce vendredi 6 juin, le meeting de Montfort a \u00e9t\u00e9 support des D\u00e9partementaux sur les 400 et 1500m, des cat\u00e9gories cadets\/cadettes \u00e0 seniors\/masters.<\/span><\/p>\n<p><span style=\"font-family: Verdana, sans-serif\"><span style=\"font-size: large\"><b>D\u00e9j\u00e0 7 m\u00e9dailles pour l&rsquo;EAC, dont 2 titres<\/b><\/span><\/span><\/p>\n<p><span style=\"font-family: Verdana, sans-serif\">D&rsquo;Auray, pour rappel (<a href=\"https:\/\/janze-athletisme.fr\/wordpress\/elsa-raphael-un-apprentissage-reussi-sur-le-steeple\/\">ICI<\/a>), les athl\u00e8tes de l&rsquo;EAC ont ramen\u00e9 deux m\u00e9dailles (le titre pour Elsa Mah\u00e9 sur le 2000m steeple JUF et la 3e place pour <b>Rapha\u00ebl<\/b> Bou\u00e9 sur le 2000m steeple CAM).<\/span><\/p>\n<p><span style=\"font-family: Verdana, sans-serif\">De Montfort, ils en ram\u00e8nent cinq : Fran\u00e7ois Chevalier (Cesson) titr\u00e9 sur 400m en passant pour la premi\u00e8re fois sous les 50&Prime; (49&Prime;70), Lucie Duvigneau (Cesson), favorite mais h\u00e9las battue sur 400m CAF (2e en 58&Prime;98), Elsa Mah\u00e9 (Bain) 2e du 1500m JUF en 5&rsquo;09&Prime;99, Tiphanie Lecomte (Cesson), 2e du 1500m SEF en 4&rsquo;48&Prime;32, et <b>L\u00e9a<\/b> Robert enfin 3e du 1500m CAF en 5&rsquo;05&Prime;79 (nouveau record personnel, \u00e0 quelques dixi\u00e8mes du record du club de Lou Gaspais).<\/span><\/p>\n<p><span style=\"font-family: Verdana, sans-serif\">C&rsquo;est un excellent d\u00e9but et nous sommes press\u00e9s de voir la suite de cette belle moisson dimanche prochain. Bravo \u00e0 toutes et tous.<\/span><\/p>\n<p><span style=\"font-family: Verdana, sans-serif\">Le lien vers les podiums est <a href=\"https:\/\/bases.athle.fr\/asp.net\/liste.aspx?frmbase=podiums&amp;frmmode=1&amp;frmespace=&amp;frmcompetition=308032&amp;frmposition=0\">ICI<\/a>.<\/span><\/p>\n<p><a href=\"https:\/\/janze-athletisme.fr\/wordpress\/wp-content\/uploads\/2025\/06\/Francois-Chevalier-6juin2025-3.jpg\"><img loading=\"lazy\" decoding=\"async\" class=\"alignnone wp-image-25713\" src=\"https:\/\/janze-athletisme.fr\/wordpress\/wp-content\/uploads\/2025\/06\/Francois-Chevalier-6juin2025-3-300x300.jpg\" alt=\"\" width=\"264\" height=\"264\" srcset=\"https:\/\/janze-athletisme.fr\/wordpress\/wp-content\/uploads\/2025\/06\/Francois-Chevalier-6juin2025-3-300x300.jpg 300w, https:\/\/janze-athletisme.fr\/wordpress\/wp-content\/uploads\/2025\/06\/Francois-Chevalier-6juin2025-3-1024x1024.jpg 1024w, https:\/\/janze-athletisme.fr\/wordpress\/wp-content\/uploads\/2025\/06\/Francois-Chevalier-6juin2025-3-150x150.jpg 150w, https:\/\/janze-athletisme.fr\/wordpress\/wp-content\/uploads\/2025\/06\/Francois-Chevalier-6juin2025-3-768x768.jpg 768w, https:\/\/janze-athletisme.fr\/wordpress\/wp-content\/uploads\/2025\/06\/Francois-Chevalier-6juin2025-3.jpg 1200w\" sizes=\"auto, (max-width: 264px) 100vw, 264px\" \/> <\/a><a href=\"https:\/\/janze-athletisme.fr\/wordpress\/wp-content\/uploads\/2025\/06\/Lucie-Duvigneau-6juin2025-1.jpg\"><img loading=\"lazy\" decoding=\"async\" class=\"alignnone wp-image-25714\" src=\"https:\/\/janze-athletisme.fr\/wordpress\/wp-content\/uploads\/2025\/06\/Lucie-Duvigneau-6juin2025-1-300x300.jpg\" alt=\"\" width=\"264\" height=\"264\" srcset=\"https:\/\/janze-athletisme.fr\/wordpress\/wp-content\/uploads\/2025\/06\/Lucie-Duvigneau-6juin2025-1-300x300.jpg 300w, https:\/\/janze-athletisme.fr\/wordpress\/wp-content\/uploads\/2025\/06\/Lucie-Duvigneau-6juin2025-1-1024x1024.jpg 1024w, https:\/\/janze-athletisme.fr\/wordpress\/wp-content\/uploads\/2025\/06\/Lucie-Duvigneau-6juin2025-1-150x150.jpg 150w, https:\/\/janze-athletisme.fr\/wordpress\/wp-content\/uploads\/2025\/06\/Lucie-Duvigneau-6juin2025-1-768x768.jpg 768w, https:\/\/janze-athletisme.fr\/wordpress\/wp-content\/uploads\/2025\/06\/Lucie-Duvigneau-6juin2025-1.jpg 1200w\" sizes=\"auto, (max-width: 264px) 100vw, 264px\" \/><\/a> <a href=\"https:\/\/janze-athletisme.fr\/wordpress\/wp-content\/uploads\/2025\/06\/Tiphanie-Lecomte-6juin2025-2.jpg\"><img loading=\"lazy\" decoding=\"async\" class=\"alignnone wp-image-25715\" src=\"https:\/\/janze-athletisme.fr\/wordpress\/wp-content\/uploads\/2025\/06\/Tiphanie-Lecomte-6juin2025-2-300x300.jpg\" alt=\"\" width=\"264\" height=\"264\" srcset=\"https:\/\/janze-athletisme.fr\/wordpress\/wp-content\/uploads\/2025\/06\/Tiphanie-Lecomte-6juin2025-2-300x300.jpg 300w, https:\/\/janze-athletisme.fr\/wordpress\/wp-content\/uploads\/2025\/06\/Tiphanie-Lecomte-6juin2025-2-1024x1024.jpg 1024w, https:\/\/janze-athletisme.fr\/wordpress\/wp-content\/uploads\/2025\/06\/Tiphanie-Lecomte-6juin2025-2-150x150.jpg 150w, https:\/\/janze-athletisme.fr\/wordpress\/wp-content\/uploads\/2025\/06\/Tiphanie-Lecomte-6juin2025-2-768x768.jpg 768w, https:\/\/janze-athletisme.fr\/wordpress\/wp-content\/uploads\/2025\/06\/Tiphanie-Lecomte-6juin2025-2.jpg 1200w\" sizes=\"auto, (max-width: 264px) 100vw, 264px\" \/>\u00a0<\/a><\/p>\n<p><a href=\"https:\/\/janze-athletisme.fr\/wordpress\/wp-content\/uploads\/2025\/06\/Elsa-Lea-6juin2025-3.jpg\"><img loading=\"lazy\" decoding=\"async\" class=\"alignnone wp-image-25716\" src=\"https:\/\/janze-athletisme.fr\/wordpress\/wp-content\/uploads\/2025\/06\/Elsa-Lea-6juin2025-3-300x300.jpg\" alt=\"\" width=\"265\" height=\"265\" srcset=\"https:\/\/janze-athletisme.fr\/wordpress\/wp-content\/uploads\/2025\/06\/Elsa-Lea-6juin2025-3-300x300.jpg 300w, https:\/\/janze-athletisme.fr\/wordpress\/wp-content\/uploads\/2025\/06\/Elsa-Lea-6juin2025-3-1024x1024.jpg 1024w, https:\/\/janze-athletisme.fr\/wordpress\/wp-content\/uploads\/2025\/06\/Elsa-Lea-6juin2025-3-150x150.jpg 150w, https:\/\/janze-athletisme.fr\/wordpress\/wp-content\/uploads\/2025\/06\/Elsa-Lea-6juin2025-3-768x768.jpg 768w, https:\/\/janze-athletisme.fr\/wordpress\/wp-content\/uploads\/2025\/06\/Elsa-Lea-6juin2025-3.jpg 1200w\" sizes=\"auto, (max-width: 265px) 100vw, 265px\" \/> <\/a><a href=\"https:\/\/janze-athletisme.fr\/wordpress\/wp-content\/uploads\/2025\/06\/Lea-Elsa-6juin2025-5.jpg\"><img loading=\"lazy\" decoding=\"async\" class=\"alignnone wp-image-25717\" src=\"https:\/\/janze-athletisme.fr\/wordpress\/wp-content\/uploads\/2025\/06\/Lea-Elsa-6juin2025-5-300x300.jpg\" alt=\"\" width=\"265\" height=\"265\" srcset=\"https:\/\/janze-athletisme.fr\/wordpress\/wp-content\/uploads\/2025\/06\/Lea-Elsa-6juin2025-5-300x300.jpg 300w, https:\/\/janze-athletisme.fr\/wordpress\/wp-content\/uploads\/2025\/06\/Lea-Elsa-6juin2025-5-1024x1024.jpg 1024w, https:\/\/janze-athletisme.fr\/wordpress\/wp-content\/uploads\/2025\/06\/Lea-Elsa-6juin2025-5-150x150.jpg 150w, https:\/\/janze-athletisme.fr\/wordpress\/wp-content\/uploads\/2025\/06\/Lea-Elsa-6juin2025-5-768x768.jpg 768w, https:\/\/janze-athletisme.fr\/wordpress\/wp-content\/uploads\/2025\/06\/Lea-Elsa-6juin2025-5.jpg 1200w\" sizes=\"auto, (max-width: 265px) 100vw, 265px\" \/> <\/a><a href=\"https:\/\/janze-athletisme.fr\/wordpress\/wp-content\/uploads\/2025\/06\/Lea-6juin2025-4.jpg\"><img loading=\"lazy\" decoding=\"async\" class=\"alignnone wp-image-25718\" src=\"https:\/\/janze-athletisme.fr\/wordpress\/wp-content\/uploads\/2025\/06\/Lea-6juin2025-4-300x300.jpg\" alt=\"\" width=\"265\" height=\"265\" srcset=\"https:\/\/janze-athletisme.fr\/wordpress\/wp-content\/uploads\/2025\/06\/Lea-6juin2025-4-300x300.jpg 300w, https:\/\/janze-athletisme.fr\/wordpress\/wp-content\/uploads\/2025\/06\/Lea-6juin2025-4-150x150.jpg 150w, https:\/\/janze-athletisme.fr\/wordpress\/wp-content\/uploads\/2025\/06\/Lea-6juin2025-4-768x768.jpg 768w, https:\/\/janze-athletisme.fr\/wordpress\/wp-content\/uploads\/2025\/06\/Lea-6juin2025-4.jpg 1000w\" sizes=\"auto, (max-width: 265px) 100vw, 265px\" \/><\/a><\/p>\n<p><span style=\"font-size: 10pt\"><em>Fran\u00e7ois, Lucie, Tiphanie, Elsa et L\u00e9a, les m\u00e9daill\u00e9.es EAC du jour.<\/em><\/span><\/p>\n","protected":false},"excerpt":{"rendered":"<p>Championnats d\u00e9partementaux du 400 et du 1500m, Montfort, vendredi 6 juin Pour les cat\u00e9gories cadets \u00e0 masters, les championnats d&rsquo;Ille-et-Vilaine auront lieu dimanche prochain le 15 juin, \u00e0 Courtemanche, mais, au vu de la densit\u00e9 de la participation, le comit\u00e9 d\u00e9partemental a d\u00e9cid\u00e9 cette ann\u00e9e de disperser plusieurs \u00e9preuves, afin de soulager le programme de [&hellip;]<\/p>\n","protected":false},"author":12,"featured_media":25717,"comment_status":"open","ping_status":"open","sticky":false,"template":"","format":"aside","meta":{"_uag_custom_page_level_css":"","site-sidebar-layout":"default","site-content-layout":"","ast-site-content-layout":"default","site-content-style":"default","site-sidebar-style":"default","ast-global-header-display":"","ast-banner-title-visibility":"","ast-main-header-display":"","ast-hfb-above-header-display":"","ast-hfb-below-header-display":"","ast-hfb-mobile-header-display":"","site-post-title":"","ast-breadcrumbs-content":"","ast-featured-img":"","footer-sml-layout":"","ast-disable-related-posts":"","theme-transparent-header-meta":"default","adv-header-id-meta":"","stick-header-meta":"","header-above-stick-meta":"","header-main-stick-meta":"","header-below-stick-meta":"","astra-migrate-meta-layouts":"set","ast-page-background-enabled":"default","ast-page-background-meta":{"desktop":{"background-color":"var(--ast-global-color-4)","background-image":"","background-repeat":"repeat","background-position":"center center","background-size":"auto","background-attachment":"scroll","background-type":"","background-media":"","overlay-type":"","overlay-color":"","overlay-opacity":"","overlay-gradient":""},"tablet":{"background-color":"","background-image":"","background-repeat":"repeat","background-position":"center center","background-size":"auto","background-attachment":"scroll","background-type":"","background-media":"","overlay-type":"","overlay-color":"","overlay-opacity":"","overlay-gradient":""},"mobile":{"background-color":"","background-image":"","background-repeat":"repeat","background-position":"center center","background-size":"auto","background-attachment":"scroll","background-type":"","background-media":"","overlay-type":"","overlay-color":"","overlay-opacity":"","overlay-gradient":""}},"ast-content-background-meta":{"desktop":{"background-color":"var(--ast-global-color-5)","background-image":"","background-repeat":"repeat","background-position":"center center","background-size":"auto","background-attachment":"scroll","background-type":"","background-media":"","overlay-type":"","overlay-color":"","overlay-opacity":"","overlay-gradient":""},"tablet":{"background-color":"var(--ast-global-color-5)","background-image":"","background-repeat":"repeat","background-position":"center center","background-size":"auto","background-attachment":"scroll","background-type":"","background-media":"","overlay-type":"","overlay-color":"","overlay-opacity":"","overlay-gradient":""},"mobile":{"background-color":"var(--ast-global-color-5)","background-image":"","background-repeat":"repeat","background-position":"center center","background-size":"auto","background-attachment":"scroll","background-type":"","background-media":"","overlay-type":"","overlay-color":"","overlay-opacity":"","overlay-gradient":""}},"footnotes":""},"categories":[6],"tags":[],"class_list":["post-25712","post","type-post","status-publish","format-aside","has-post-thumbnail","hentry","category-sections","post_format-post-format-aside"],"yoast_head":"<!-- This site is optimized with the Yoast SEO plugin v27.4 - https:\/\/yoast.com\/product\/yoast-seo-wordpress\/ -->\n<title>Montfort : une belle soir\u00e9e pour nos couleurs - Janz\u00e9 Athl\u00e9tisme<\/title>\n<meta name=\"robots\" content=\"index, follow, max-snippet:-1, max-image-preview:large, max-video-preview:-1\" \/>\n<link rel=\"canonical\" href=\"https:\/\/janze-athletisme.fr\/wordpress\/montfort-une-belle-soiree-pour-nos-couleurs\/\" \/>\n<meta property=\"og:locale\" content=\"fr_FR\" \/>\n<meta property=\"og:type\" content=\"article\" \/>\n<meta property=\"og:title\" content=\"Montfort : une belle soir\u00e9e pour nos couleurs - Janz\u00e9 Athl\u00e9tisme\" \/>\n<meta property=\"og:description\" content=\"Championnats d\u00e9partementaux du 400 et du 1500m, Montfort, vendredi 6 juin Pour les cat\u00e9gories cadets \u00e0 masters, les championnats d&rsquo;Ille-et-Vilaine auront lieu dimanche prochain le 15 juin, \u00e0 Courtemanche, mais, au vu de la densit\u00e9 de la participation, le comit\u00e9 d\u00e9partemental a d\u00e9cid\u00e9 cette ann\u00e9e de disperser plusieurs \u00e9preuves, afin de soulager le programme de [&hellip;]\" \/>\n<meta property=\"og:url\" content=\"https:\/\/janze-athletisme.fr\/wordpress\/montfort-une-belle-soiree-pour-nos-couleurs\/\" \/>\n<meta property=\"og:site_name\" content=\"Janz\u00e9 Athl\u00e9tisme\" \/>\n<meta property=\"article:publisher\" content=\"https:\/\/www.facebook.com\/groups\/1007964579346590\" \/>\n<meta property=\"article:published_time\" content=\"2025-06-08T09:39:21+00:00\" \/>\n<meta property=\"article:modified_time\" content=\"2025-06-08T22:04:30+00:00\" \/>\n<meta property=\"og:image\" content=\"https:\/\/janze-athletisme.fr\/wordpress\/wp-content\/uploads\/2025\/06\/Lea-Elsa-6juin2025-5.jpg\" \/>\n\t<meta property=\"og:image:width\" content=\"1200\" \/>\n\t<meta property=\"og:image:height\" content=\"1200\" \/>\n\t<meta property=\"og:image:type\" content=\"image\/jpeg\" \/>\n<meta name=\"author\" content=\"Laurent Meunier\" \/>\n<meta name=\"twitter:card\" content=\"summary_large_image\" \/>\n<meta name=\"twitter:label1\" content=\"\u00c9crit par\" \/>\n\t<meta name=\"twitter:data1\" content=\"Laurent Meunier\" \/>\n\t<meta name=\"twitter:label2\" content=\"Dur\u00e9e de lecture estim\u00e9e\" \/>\n\t<meta name=\"twitter:data2\" content=\"3 minutes\" \/>\n<script type=\"application\/ld+json\" class=\"yoast-schema-graph\">{\"@context\":\"https:\\\/\\\/schema.org\",\"@graph\":[{\"@type\":\"Article\",\"@id\":\"https:\\\/\\\/janze-athletisme.fr\\\/wordpress\\\/montfort-une-belle-soiree-pour-nos-couleurs\\\/#article\",\"isPartOf\":{\"@id\":\"https:\\\/\\\/janze-athletisme.fr\\\/wordpress\\\/montfort-une-belle-soiree-pour-nos-couleurs\\\/\"},\"author\":{\"name\":\"Laurent Meunier\",\"@id\":\"https:\\\/\\\/janze-athletisme.fr\\\/wordpress\\\/#\\\/schema\\\/person\\\/c7b063dcfa6234c041d4d9b26cc2ea03\"},\"headline\":\"Montfort : une belle soir\u00e9e pour nos couleurs\",\"datePublished\":\"2025-06-08T09:39:21+00:00\",\"dateModified\":\"2025-06-08T22:04:30+00:00\",\"mainEntityOfPage\":{\"@id\":\"https:\\\/\\\/janze-athletisme.fr\\\/wordpress\\\/montfort-une-belle-soiree-pour-nos-couleurs\\\/\"},\"wordCount\":301,\"commentCount\":0,\"publisher\":{\"@id\":\"https:\\\/\\\/janze-athletisme.fr\\\/wordpress\\\/#organization\"},\"image\":{\"@id\":\"https:\\\/\\\/janze-athletisme.fr\\\/wordpress\\\/montfort-une-belle-soiree-pour-nos-couleurs\\\/#primaryimage\"},\"thumbnailUrl\":\"https:\\\/\\\/janze-athletisme.fr\\\/wordpress\\\/wp-content\\\/uploads\\\/2025\\\/06\\\/Lea-Elsa-6juin2025-5.jpg\",\"articleSection\":[\"Le club au jour le jour\"],\"inLanguage\":\"fr-FR\",\"potentialAction\":[{\"@type\":\"CommentAction\",\"name\":\"Comment\",\"target\":[\"https:\\\/\\\/janze-athletisme.fr\\\/wordpress\\\/montfort-une-belle-soiree-pour-nos-couleurs\\\/#respond\"]}]},{\"@type\":\"WebPage\",\"@id\":\"https:\\\/\\\/janze-athletisme.fr\\\/wordpress\\\/montfort-une-belle-soiree-pour-nos-couleurs\\\/\",\"url\":\"https:\\\/\\\/janze-athletisme.fr\\\/wordpress\\\/montfort-une-belle-soiree-pour-nos-couleurs\\\/\",\"name\":\"Montfort : une belle soir\u00e9e pour nos couleurs - Janz\u00e9 Athl\u00e9tisme\",\"isPartOf\":{\"@id\":\"https:\\\/\\\/janze-athletisme.fr\\\/wordpress\\\/#website\"},\"primaryImageOfPage\":{\"@id\":\"https:\\\/\\\/janze-athletisme.fr\\\/wordpress\\\/montfort-une-belle-soiree-pour-nos-couleurs\\\/#primaryimage\"},\"image\":{\"@id\":\"https:\\\/\\\/janze-athletisme.fr\\\/wordpress\\\/montfort-une-belle-soiree-pour-nos-couleurs\\\/#primaryimage\"},\"thumbnailUrl\":\"https:\\\/\\\/janze-athletisme.fr\\\/wordpress\\\/wp-content\\\/uploads\\\/2025\\\/06\\\/Lea-Elsa-6juin2025-5.jpg\",\"datePublished\":\"2025-06-08T09:39:21+00:00\",\"dateModified\":\"2025-06-08T22:04:30+00:00\",\"breadcrumb\":{\"@id\":\"https:\\\/\\\/janze-athletisme.fr\\\/wordpress\\\/montfort-une-belle-soiree-pour-nos-couleurs\\\/#breadcrumb\"},\"inLanguage\":\"fr-FR\",\"potentialAction\":[{\"@type\":\"ReadAction\",\"target\":[\"https:\\\/\\\/janze-athletisme.fr\\\/wordpress\\\/montfort-une-belle-soiree-pour-nos-couleurs\\\/\"]}]},{\"@type\":\"ImageObject\",\"inLanguage\":\"fr-FR\",\"@id\":\"https:\\\/\\\/janze-athletisme.fr\\\/wordpress\\\/montfort-une-belle-soiree-pour-nos-couleurs\\\/#primaryimage\",\"url\":\"https:\\\/\\\/janze-athletisme.fr\\\/wordpress\\\/wp-content\\\/uploads\\\/2025\\\/06\\\/Lea-Elsa-6juin2025-5.jpg\",\"contentUrl\":\"https:\\\/\\\/janze-athletisme.fr\\\/wordpress\\\/wp-content\\\/uploads\\\/2025\\\/06\\\/Lea-Elsa-6juin2025-5.jpg\",\"width\":1200,\"height\":1200},{\"@type\":\"BreadcrumbList\",\"@id\":\"https:\\\/\\\/janze-athletisme.fr\\\/wordpress\\\/montfort-une-belle-soiree-pour-nos-couleurs\\\/#breadcrumb\",\"itemListElement\":[{\"@type\":\"ListItem\",\"position\":1,\"name\":\"Accueil\",\"item\":\"https:\\\/\\\/janze-athletisme.fr\\\/wordpress\\\/\"},{\"@type\":\"ListItem\",\"position\":2,\"name\":\"Montfort : une belle soir\u00e9e pour nos couleurs\"}]},{\"@type\":\"WebSite\",\"@id\":\"https:\\\/\\\/janze-athletisme.fr\\\/wordpress\\\/#website\",\"url\":\"https:\\\/\\\/janze-athletisme.fr\\\/wordpress\\\/\",\"name\":\"Janz\u00e9 Athl\u00e9tisme\",\"description\":\"Pays de La Roche aux F\u00e9es\",\"publisher\":{\"@id\":\"https:\\\/\\\/janze-athletisme.fr\\\/wordpress\\\/#organization\"},\"potentialAction\":[{\"@type\":\"SearchAction\",\"target\":{\"@type\":\"EntryPoint\",\"urlTemplate\":\"https:\\\/\\\/janze-athletisme.fr\\\/wordpress\\\/?s={search_term_string}\"},\"query-input\":{\"@type\":\"PropertyValueSpecification\",\"valueRequired\":true,\"valueName\":\"search_term_string\"}}],\"inLanguage\":\"fr-FR\"},{\"@type\":\"Organization\",\"@id\":\"https:\\\/\\\/janze-athletisme.fr\\\/wordpress\\\/#organization\",\"name\":\"Janz\u00e9 Athl\u00e9tisme\",\"url\":\"https:\\\/\\\/janze-athletisme.fr\\\/wordpress\\\/\",\"logo\":{\"@type\":\"ImageObject\",\"inLanguage\":\"fr-FR\",\"@id\":\"https:\\\/\\\/janze-athletisme.fr\\\/wordpress\\\/#\\\/schema\\\/logo\\\/image\\\/\",\"url\":\"https:\\\/\\\/janze-athletisme.fr\\\/wordpress\\\/wp-content\\\/uploads\\\/2015\\\/03\\\/logo-full1.jpg\",\"contentUrl\":\"https:\\\/\\\/janze-athletisme.fr\\\/wordpress\\\/wp-content\\\/uploads\\\/2015\\\/03\\\/logo-full1.jpg\",\"width\":437,\"height\":205,\"caption\":\"Janz\u00e9 Athl\u00e9tisme\"},\"image\":{\"@id\":\"https:\\\/\\\/janze-athletisme.fr\\\/wordpress\\\/#\\\/schema\\\/logo\\\/image\\\/\"},\"sameAs\":[\"https:\\\/\\\/www.facebook.com\\\/groups\\\/1007964579346590\"]},{\"@type\":\"Person\",\"@id\":\"https:\\\/\\\/janze-athletisme.fr\\\/wordpress\\\/#\\\/schema\\\/person\\\/c7b063dcfa6234c041d4d9b26cc2ea03\",\"name\":\"Laurent Meunier\",\"image\":{\"@type\":\"ImageObject\",\"inLanguage\":\"fr-FR\",\"@id\":\"https:\\\/\\\/secure.gravatar.com\\\/avatar\\\/dd25d581ad7c3349090f2fa6a9adb6bfa287e6a5dd8a5216a092727cd8749034?s=96&d=mm&r=g\",\"url\":\"https:\\\/\\\/secure.gravatar.com\\\/avatar\\\/dd25d581ad7c3349090f2fa6a9adb6bfa287e6a5dd8a5216a092727cd8749034?s=96&d=mm&r=g\",\"contentUrl\":\"https:\\\/\\\/secure.gravatar.com\\\/avatar\\\/dd25d581ad7c3349090f2fa6a9adb6bfa287e6a5dd8a5216a092727cd8749034?s=96&d=mm&r=g\",\"caption\":\"Laurent Meunier\"},\"url\":\"https:\\\/\\\/janze-athletisme.fr\\\/wordpress\\\/author\\\/laurent-meunier35\\\/\"}]}<\/script>\n<!-- \/ Yoast SEO plugin. -->","yoast_head_json":{"title":"Montfort : une belle soir\u00e9e pour nos couleurs - Janz\u00e9 Athl\u00e9tisme","robots":{"index":"index","follow":"follow","max-snippet":"max-snippet:-1","max-image-preview":"max-image-preview:large","max-video-preview":"max-video-preview:-1"},"canonical":"https:\/\/janze-athletisme.fr\/wordpress\/montfort-une-belle-soiree-pour-nos-couleurs\/","og_locale":"fr_FR","og_type":"article","og_title":"Montfort : une belle soir\u00e9e pour nos couleurs - Janz\u00e9 Athl\u00e9tisme","og_description":"Championnats d\u00e9partementaux du 400 et du 1500m, Montfort, vendredi 6 juin Pour les cat\u00e9gories cadets \u00e0 masters, les championnats d&rsquo;Ille-et-Vilaine auront lieu dimanche prochain le 15 juin, \u00e0 Courtemanche, mais, au vu de la densit\u00e9 de la participation, le comit\u00e9 d\u00e9partemental a d\u00e9cid\u00e9 cette ann\u00e9e de disperser plusieurs \u00e9preuves, afin de soulager le programme de [&hellip;]","og_url":"https:\/\/janze-athletisme.fr\/wordpress\/montfort-une-belle-soiree-pour-nos-couleurs\/","og_site_name":"Janz\u00e9 Athl\u00e9tisme","article_publisher":"https:\/\/www.facebook.com\/groups\/1007964579346590","article_published_time":"2025-06-08T09:39:21+00:00","article_modified_time":"2025-06-08T22:04:30+00:00","og_image":[{"width":1200,"height":1200,"url":"https:\/\/janze-athletisme.fr\/wordpress\/wp-content\/uploads\/2025\/06\/Lea-Elsa-6juin2025-5.jpg","type":"image\/jpeg"}],"author":"Laurent Meunier","twitter_card":"summary_large_image","twitter_misc":{"\u00c9crit par":"Laurent Meunier","Dur\u00e9e de lecture estim\u00e9e":"3 minutes"},"schema":{"@context":"https:\/\/schema.org","@graph":[{"@type":"Article","@id":"https:\/\/janze-athletisme.fr\/wordpress\/montfort-une-belle-soiree-pour-nos-couleurs\/#article","isPartOf":{"@id":"https:\/\/janze-athletisme.fr\/wordpress\/montfort-une-belle-soiree-pour-nos-couleurs\/"},"author":{"name":"Laurent Meunier","@id":"https:\/\/janze-athletisme.fr\/wordpress\/#\/schema\/person\/c7b063dcfa6234c041d4d9b26cc2ea03"},"headline":"Montfort : une belle soir\u00e9e pour nos couleurs","datePublished":"2025-06-08T09:39:21+00:00","dateModified":"2025-06-08T22:04:30+00:00","mainEntityOfPage":{"@id":"https:\/\/janze-athletisme.fr\/wordpress\/montfort-une-belle-soiree-pour-nos-couleurs\/"},"wordCount":301,"commentCount":0,"publisher":{"@id":"https:\/\/janze-athletisme.fr\/wordpress\/#organization"},"image":{"@id":"https:\/\/janze-athletisme.fr\/wordpress\/montfort-une-belle-soiree-pour-nos-couleurs\/#primaryimage"},"thumbnailUrl":"https:\/\/janze-athletisme.fr\/wordpress\/wp-content\/uploads\/2025\/06\/Lea-Elsa-6juin2025-5.jpg","articleSection":["Le club au jour le jour"],"inLanguage":"fr-FR","potentialAction":[{"@type":"CommentAction","name":"Comment","target":["https:\/\/janze-athletisme.fr\/wordpress\/montfort-une-belle-soiree-pour-nos-couleurs\/#respond"]}]},{"@type":"WebPage","@id":"https:\/\/janze-athletisme.fr\/wordpress\/montfort-une-belle-soiree-pour-nos-couleurs\/","url":"https:\/\/janze-athletisme.fr\/wordpress\/montfort-une-belle-soiree-pour-nos-couleurs\/","name":"Montfort : une belle soir\u00e9e pour nos couleurs - Janz\u00e9 Athl\u00e9tisme","isPartOf":{"@id":"https:\/\/janze-athletisme.fr\/wordpress\/#website"},"primaryImageOfPage":{"@id":"https:\/\/janze-athletisme.fr\/wordpress\/montfort-une-belle-soiree-pour-nos-couleurs\/#primaryimage"},"image":{"@id":"https:\/\/janze-athletisme.fr\/wordpress\/montfort-une-belle-soiree-pour-nos-couleurs\/#primaryimage"},"thumbnailUrl":"https:\/\/janze-athletisme.fr\/wordpress\/wp-content\/uploads\/2025\/06\/Lea-Elsa-6juin2025-5.jpg","datePublished":"2025-06-08T09:39:21+00:00","dateModified":"2025-06-08T22:04:30+00:00","breadcrumb":{"@id":"https:\/\/janze-athletisme.fr\/wordpress\/montfort-une-belle-soiree-pour-nos-couleurs\/#breadcrumb"},"inLanguage":"fr-FR","potentialAction":[{"@type":"ReadAction","target":["https:\/\/janze-athletisme.fr\/wordpress\/montfort-une-belle-soiree-pour-nos-couleurs\/"]}]},{"@type":"ImageObject","inLanguage":"fr-FR","@id":"https:\/\/janze-athletisme.fr\/wordpress\/montfort-une-belle-soiree-pour-nos-couleurs\/#primaryimage","url":"https:\/\/janze-athletisme.fr\/wordpress\/wp-content\/uploads\/2025\/06\/Lea-Elsa-6juin2025-5.jpg","contentUrl":"https:\/\/janze-athletisme.fr\/wordpress\/wp-content\/uploads\/2025\/06\/Lea-Elsa-6juin2025-5.jpg","width":1200,"height":1200},{"@type":"BreadcrumbList","@id":"https:\/\/janze-athletisme.fr\/wordpress\/montfort-une-belle-soiree-pour-nos-couleurs\/#breadcrumb","itemListElement":[{"@type":"ListItem","position":1,"name":"Accueil","item":"https:\/\/janze-athletisme.fr\/wordpress\/"},{"@type":"ListItem","position":2,"name":"Montfort : une belle soir\u00e9e pour nos couleurs"}]},{"@type":"WebSite","@id":"https:\/\/janze-athletisme.fr\/wordpress\/#website","url":"https:\/\/janze-athletisme.fr\/wordpress\/","name":"Janz\u00e9 Athl\u00e9tisme","description":"Pays de La Roche aux F\u00e9es","publisher":{"@id":"https:\/\/janze-athletisme.fr\/wordpress\/#organization"},"potentialAction":[{"@type":"SearchAction","target":{"@type":"EntryPoint","urlTemplate":"https:\/\/janze-athletisme.fr\/wordpress\/?s={search_term_string}"},"query-input":{"@type":"PropertyValueSpecification","valueRequired":true,"valueName":"search_term_string"}}],"inLanguage":"fr-FR"},{"@type":"Organization","@id":"https:\/\/janze-athletisme.fr\/wordpress\/#organization","name":"Janz\u00e9 Athl\u00e9tisme","url":"https:\/\/janze-athletisme.fr\/wordpress\/","logo":{"@type":"ImageObject","inLanguage":"fr-FR","@id":"https:\/\/janze-athletisme.fr\/wordpress\/#\/schema\/logo\/image\/","url":"https:\/\/janze-athletisme.fr\/wordpress\/wp-content\/uploads\/2015\/03\/logo-full1.jpg","contentUrl":"https:\/\/janze-athletisme.fr\/wordpress\/wp-content\/uploads\/2015\/03\/logo-full1.jpg","width":437,"height":205,"caption":"Janz\u00e9 Athl\u00e9tisme"},"image":{"@id":"https:\/\/janze-athletisme.fr\/wordpress\/#\/schema\/logo\/image\/"},"sameAs":["https:\/\/www.facebook.com\/groups\/1007964579346590"]},{"@type":"Person","@id":"https:\/\/janze-athletisme.fr\/wordpress\/#\/schema\/person\/c7b063dcfa6234c041d4d9b26cc2ea03","name":"Laurent Meunier","image":{"@type":"ImageObject","inLanguage":"fr-FR","@id":"https:\/\/secure.gravatar.com\/avatar\/dd25d581ad7c3349090f2fa6a9adb6bfa287e6a5dd8a5216a092727cd8749034?s=96&d=mm&r=g","url":"https:\/\/secure.gravatar.com\/avatar\/dd25d581ad7c3349090f2fa6a9adb6bfa287e6a5dd8a5216a092727cd8749034?s=96&d=mm&r=g","contentUrl":"https:\/\/secure.gravatar.com\/avatar\/dd25d581ad7c3349090f2fa6a9adb6bfa287e6a5dd8a5216a092727cd8749034?s=96&d=mm&r=g","caption":"Laurent Meunier"},"url":"https:\/\/janze-athletisme.fr\/wordpress\/author\/laurent-meunier35\/"}]}},"uagb_featured_image_src":{"full":["https:\/\/janze-athletisme.fr\/wordpress\/wp-content\/uploads\/2025\/06\/Lea-Elsa-6juin2025-5.jpg",1200,1200,false],"thumbnail":["https:\/\/janze-athletisme.fr\/wordpress\/wp-content\/uploads\/2025\/06\/Lea-Elsa-6juin2025-5-150x150.jpg",150,150,true],"medium":["https:\/\/janze-athletisme.fr\/wordpress\/wp-content\/uploads\/2025\/06\/Lea-Elsa-6juin2025-5-300x300.jpg",300,300,true],"medium_large":["https:\/\/janze-athletisme.fr\/wordpress\/wp-content\/uploads\/2025\/06\/Lea-Elsa-6juin2025-5-768x768.jpg",768,768,true],"large":["https:\/\/janze-athletisme.fr\/wordpress\/wp-content\/uploads\/2025\/06\/Lea-Elsa-6juin2025-5-1024x1024.jpg",1024,1024,true],"1536x1536":["https:\/\/janze-athletisme.fr\/wordpress\/wp-content\/uploads\/2025\/06\/Lea-Elsa-6juin2025-5.jpg",1200,1200,false],"2048x2048":["https:\/\/janze-athletisme.fr\/wordpress\/wp-content\/uploads\/2025\/06\/Lea-Elsa-6juin2025-5.jpg",1200,1200,false]},"uagb_author_info":{"display_name":"Laurent Meunier","author_link":"https:\/\/janze-athletisme.fr\/wordpress\/author\/laurent-meunier35\/"},"uagb_comment_info":0,"uagb_excerpt":"Championnats d\u00e9partementaux du 400 et du 1500m, Montfort, vendredi 6 juin Pour les cat\u00e9gories cadets \u00e0 masters, les championnats d&rsquo;Ille-et-Vilaine auront lieu dimanche prochain le 15 juin, \u00e0 Courtemanche, mais, au vu de la densit\u00e9 de la participation, le comit\u00e9 d\u00e9partemental a d\u00e9cid\u00e9 cette ann\u00e9e de disperser plusieurs \u00e9preuves, afin de soulager le programme de\u2026","_links":{"self":[{"href":"https:\/\/janze-athletisme.fr\/wordpress\/wp-json\/wp\/v2\/posts\/25712","targetHints":{"allow":["GET"]}}],"collection":[{"href":"https:\/\/janze-athletisme.fr\/wordpress\/wp-json\/wp\/v2\/posts"}],"about":[{"href":"https:\/\/janze-athletisme.fr\/wordpress\/wp-json\/wp\/v2\/types\/post"}],"author":[{"embeddable":true,"href":"https:\/\/janze-athletisme.fr\/wordpress\/wp-json\/wp\/v2\/users\/12"}],"replies":[{"embeddable":true,"href":"https:\/\/janze-athletisme.fr\/wordpress\/wp-json\/wp\/v2\/comments?post=25712"}],"version-history":[{"count":3,"href":"https:\/\/janze-athletisme.fr\/wordpress\/wp-json\/wp\/v2\/posts\/25712\/revisions"}],"predecessor-version":[{"id":25772,"href":"https:\/\/janze-athletisme.fr\/wordpress\/wp-json\/wp\/v2\/posts\/25712\/revisions\/25772"}],"wp:featuredmedia":[{"embeddable":true,"href":"https:\/\/janze-athletisme.fr\/wordpress\/wp-json\/wp\/v2\/media\/25717"}],"wp:attachment":[{"href":"https:\/\/janze-athletisme.fr\/wordpress\/wp-json\/wp\/v2\/media?parent=25712"}],"wp:term":[{"taxonomy":"category","embeddable":true,"href":"https:\/\/janze-athletisme.fr\/wordpress\/wp-json\/wp\/v2\/categories?post=25712"},{"taxonomy":"post_tag","embeddable":true,"href":"https:\/\/janze-athletisme.fr\/wordpress\/wp-json\/wp\/v2\/tags?post=25712"}],"curies":[{"name":"wp","href":"https:\/\/api.w.org\/{rel}","templated":true}]}}