{"id":25706,"date":"2025-06-07T16:54:07","date_gmt":"2025-06-07T14:54:07","guid":{"rendered":"https:\/\/janze-athletisme.fr\/wordpress\/?p=25706"},"modified":"2025-06-07T16:54:07","modified_gmt":"2025-06-07T14:54:07","slug":"candidature-service-civique-rentree-2025","status":"publish","type":"post","link":"https:\/\/janze-athletisme.fr\/wordpress\/candidature-service-civique-rentree-2025\/","title":{"rendered":"Candidature Service civique rentr\u00e9e 2025"},"content":{"rendered":"<h1 style=\"text-align: center;\"><span style=\"font-family: comic sans ms, sans-serif; color: #800000;\">Campagne service civique 2025-26<\/span><\/h1>\n<h3><\/h3>\n<h3 style=\"text-align: center;\"><span style=\"font-family: comic sans ms, sans-serif; color: #003366;\">Nous avons eu la chance cette ann\u00e9e de b\u00e9n\u00e9ficier des comp\u00e9tences de Jourdani comme service civique.<\/span><\/h3>\n<h3 style=\"text-align: center;\"><span style=\"font-family: comic sans ms, sans-serif; color: #003366;\">Malheureusement, son contrat se terminait fin mai et il nous faut d\u00e9j\u00e0 penser \u00e0 la rentr\u00e9e de septembre.<\/span><\/h3>\n<h3 style=\"text-align: center;\"><span style=\"font-family: comic sans ms, sans-serif;\"><span style=\"color: #003366;\">Vous trouverez sur ce lien un appel \u00e0 candidature pour la nouvelle campagne de service civique 2025-26:<\/span>\u00a0<span style=\"color: #ff0000; font-size: 18pt;\"><a style=\"color: #ff0000;\" href=\"https:\/\/www.service-civique.gouv.fr\/trouver-ma-mission\/participer-a-lanimation-et-a-lencadrement-des-adherents-dans-un-club-dathletisme-janze-35-6842f6c29cedd50937645e42\">CLIC<\/a><\/span><\/span><\/h3>\n<h3 style=\"text-align: center;\"><span style=\"font-family: comic sans ms, sans-serif; color: #003366;\">N&rsquo;h\u00e9sitez pas \u00e0 faire circuler l&rsquo;info autour de vous, si vous connaissez \u00e9ventuellement des personnes int\u00e9ress\u00e9es. <\/span><\/h3>\n<p>&nbsp;<\/p>\n<h3 style=\"text-align: center;\"><span style=\"font-family: comic sans ms, sans-serif; color: #003366;\">Pourquoi pas vous d&rsquo;ailleurs ?\u00a0<\/span><\/h3>\n","protected":false},"excerpt":{"rendered":"<p>Campagne service civique 2025-26 Nous avons eu la chance cette ann\u00e9e de b\u00e9n\u00e9ficier des comp\u00e9tences de Jourdani comme service civique. Malheureusement, son contrat se terminait fin mai et il nous faut d\u00e9j\u00e0 penser \u00e0 la rentr\u00e9e de septembre. Vous trouverez sur ce lien un appel \u00e0 candidature pour la nouvelle campagne de service civique 2025-26:\u00a0CLIC [&hellip;]<\/p>\n","protected":false},"author":8,"featured_media":25707,"comment_status":"open","ping_status":"open","sticky":false,"template":"","format":"aside","meta":{"_uag_custom_page_level_css":"","site-sidebar-layout":"default","site-content-layout":"","ast-site-content-layout":"default","site-content-style":"default","site-sidebar-style":"default","ast-global-header-display":"","ast-banner-title-visibility":"","ast-main-header-display":"","ast-hfb-above-header-display":"","ast-hfb-below-header-display":"","ast-hfb-mobile-header-display":"","site-post-title":"","ast-breadcrumbs-content":"","ast-featured-img":"","footer-sml-layout":"","ast-disable-related-posts":"","theme-transparent-header-meta":"default","adv-header-id-meta":"","stick-header-meta":"","header-above-stick-meta":"","header-main-stick-meta":"","header-below-stick-meta":"","astra-migrate-meta-layouts":"set","ast-page-background-enabled":"default","ast-page-background-meta":{"desktop":{"background-color":"var(--ast-global-color-4)","background-image":"","background-repeat":"repeat","background-position":"center center","background-size":"auto","background-attachment":"scroll","background-type":"","background-media":"","overlay-type":"","overlay-color":"","overlay-opacity":"","overlay-gradient":""},"tablet":{"background-color":"","background-image":"","background-repeat":"repeat","background-position":"center center","background-size":"auto","background-attachment":"scroll","background-type":"","background-media":"","overlay-type":"","overlay-color":"","overlay-opacity":"","overlay-gradient":""},"mobile":{"background-color":"","background-image":"","background-repeat":"repeat","background-position":"center center","background-size":"auto","background-attachment":"scroll","background-type":"","background-media":"","overlay-type":"","overlay-color":"","overlay-opacity":"","overlay-gradient":""}},"ast-content-background-meta":{"desktop":{"background-color":"var(--ast-global-color-5)","background-image":"","background-repeat":"repeat","background-position":"center center","background-size":"auto","background-attachment":"scroll","background-type":"","background-media":"","overlay-type":"","overlay-color":"","overlay-opacity":"","overlay-gradient":""},"tablet":{"background-color":"var(--ast-global-color-5)","background-image":"","background-repeat":"repeat","background-position":"center center","background-size":"auto","background-attachment":"scroll","background-type":"","background-media":"","overlay-type":"","overlay-color":"","overlay-opacity":"","overlay-gradient":""},"mobile":{"background-color":"var(--ast-global-color-5)","background-image":"","background-repeat":"repeat","background-position":"center center","background-size":"auto","background-attachment":"scroll","background-type":"","background-media":"","overlay-type":"","overlay-color":"","overlay-opacity":"","overlay-gradient":""}},"footnotes":""},"categories":[6],"tags":[],"class_list":["post-25706","post","type-post","status-publish","format-aside","has-post-thumbnail","hentry","category-sections","post_format-post-format-aside"],"yoast_head":"<!-- This site is optimized with the Yoast SEO plugin v27.4 - https:\/\/yoast.com\/product\/yoast-seo-wordpress\/ -->\n<title>Candidature Service civique rentr\u00e9e 2025 - Janz\u00e9 Athl\u00e9tisme<\/title>\n<meta name=\"robots\" content=\"index, follow, max-snippet:-1, max-image-preview:large, max-video-preview:-1\" \/>\n<link rel=\"canonical\" href=\"https:\/\/janze-athletisme.fr\/wordpress\/candidature-service-civique-rentree-2025\/\" \/>\n<meta property=\"og:locale\" content=\"fr_FR\" \/>\n<meta property=\"og:type\" content=\"article\" \/>\n<meta property=\"og:title\" content=\"Candidature Service civique rentr\u00e9e 2025 - Janz\u00e9 Athl\u00e9tisme\" \/>\n<meta property=\"og:description\" content=\"Campagne service civique 2025-26 Nous avons eu la chance cette ann\u00e9e de b\u00e9n\u00e9ficier des comp\u00e9tences de Jourdani comme service civique. Malheureusement, son contrat se terminait fin mai et il nous faut d\u00e9j\u00e0 penser \u00e0 la rentr\u00e9e de septembre. Vous trouverez sur ce lien un appel \u00e0 candidature pour la nouvelle campagne de service civique 2025-26:\u00a0CLIC [&hellip;]\" \/>\n<meta property=\"og:url\" content=\"https:\/\/janze-athletisme.fr\/wordpress\/candidature-service-civique-rentree-2025\/\" \/>\n<meta property=\"og:site_name\" content=\"Janz\u00e9 Athl\u00e9tisme\" \/>\n<meta property=\"article:publisher\" content=\"https:\/\/www.facebook.com\/groups\/1007964579346590\" \/>\n<meta property=\"article:published_time\" content=\"2025-06-07T14:54:07+00:00\" \/>\n<meta property=\"og:image\" content=\"https:\/\/janze-athletisme.fr\/wordpress\/wp-content\/uploads\/2025\/06\/Sans-titre-1.jpg\" \/>\n\t<meta property=\"og:image:width\" content=\"275\" \/>\n\t<meta property=\"og:image:height\" content=\"183\" \/>\n\t<meta property=\"og:image:type\" content=\"image\/jpeg\" \/>\n<meta name=\"author\" content=\"Jean-Marie Jouzel\" \/>\n<meta name=\"twitter:card\" content=\"summary_large_image\" \/>\n<meta name=\"twitter:label1\" content=\"\u00c9crit par\" \/>\n\t<meta name=\"twitter:data1\" content=\"Jean-Marie Jouzel\" \/>\n\t<meta name=\"twitter:label2\" content=\"Dur\u00e9e de lecture estim\u00e9e\" \/>\n\t<meta name=\"twitter:data2\" content=\"1 minute\" \/>\n<script type=\"application\/ld+json\" class=\"yoast-schema-graph\">{\"@context\":\"https:\\\/\\\/schema.org\",\"@graph\":[{\"@type\":\"Article\",\"@id\":\"https:\\\/\\\/janze-athletisme.fr\\\/wordpress\\\/candidature-service-civique-rentree-2025\\\/#article\",\"isPartOf\":{\"@id\":\"https:\\\/\\\/janze-athletisme.fr\\\/wordpress\\\/candidature-service-civique-rentree-2025\\\/\"},\"author\":{\"name\":\"Jean-Marie Jouzel\",\"@id\":\"https:\\\/\\\/janze-athletisme.fr\\\/wordpress\\\/#\\\/schema\\\/person\\\/e27efa3d49687b81c679eb0b5c4973e9\"},\"headline\":\"Candidature Service civique rentr\u00e9e 2025\",\"datePublished\":\"2025-06-07T14:54:07+00:00\",\"mainEntityOfPage\":{\"@id\":\"https:\\\/\\\/janze-athletisme.fr\\\/wordpress\\\/candidature-service-civique-rentree-2025\\\/\"},\"wordCount\":91,\"commentCount\":0,\"publisher\":{\"@id\":\"https:\\\/\\\/janze-athletisme.fr\\\/wordpress\\\/#organization\"},\"image\":{\"@id\":\"https:\\\/\\\/janze-athletisme.fr\\\/wordpress\\\/candidature-service-civique-rentree-2025\\\/#primaryimage\"},\"thumbnailUrl\":\"https:\\\/\\\/janze-athletisme.fr\\\/wordpress\\\/wp-content\\\/uploads\\\/2025\\\/06\\\/Sans-titre-1.jpg\",\"articleSection\":[\"Le club au jour le jour\"],\"inLanguage\":\"fr-FR\",\"potentialAction\":[{\"@type\":\"CommentAction\",\"name\":\"Comment\",\"target\":[\"https:\\\/\\\/janze-athletisme.fr\\\/wordpress\\\/candidature-service-civique-rentree-2025\\\/#respond\"]}]},{\"@type\":\"WebPage\",\"@id\":\"https:\\\/\\\/janze-athletisme.fr\\\/wordpress\\\/candidature-service-civique-rentree-2025\\\/\",\"url\":\"https:\\\/\\\/janze-athletisme.fr\\\/wordpress\\\/candidature-service-civique-rentree-2025\\\/\",\"name\":\"Candidature Service civique rentr\u00e9e 2025 - Janz\u00e9 Athl\u00e9tisme\",\"isPartOf\":{\"@id\":\"https:\\\/\\\/janze-athletisme.fr\\\/wordpress\\\/#website\"},\"primaryImageOfPage\":{\"@id\":\"https:\\\/\\\/janze-athletisme.fr\\\/wordpress\\\/candidature-service-civique-rentree-2025\\\/#primaryimage\"},\"image\":{\"@id\":\"https:\\\/\\\/janze-athletisme.fr\\\/wordpress\\\/candidature-service-civique-rentree-2025\\\/#primaryimage\"},\"thumbnailUrl\":\"https:\\\/\\\/janze-athletisme.fr\\\/wordpress\\\/wp-content\\\/uploads\\\/2025\\\/06\\\/Sans-titre-1.jpg\",\"datePublished\":\"2025-06-07T14:54:07+00:00\",\"breadcrumb\":{\"@id\":\"https:\\\/\\\/janze-athletisme.fr\\\/wordpress\\\/candidature-service-civique-rentree-2025\\\/#breadcrumb\"},\"inLanguage\":\"fr-FR\",\"potentialAction\":[{\"@type\":\"ReadAction\",\"target\":[\"https:\\\/\\\/janze-athletisme.fr\\\/wordpress\\\/candidature-service-civique-rentree-2025\\\/\"]}]},{\"@type\":\"ImageObject\",\"inLanguage\":\"fr-FR\",\"@id\":\"https:\\\/\\\/janze-athletisme.fr\\\/wordpress\\\/candidature-service-civique-rentree-2025\\\/#primaryimage\",\"url\":\"https:\\\/\\\/janze-athletisme.fr\\\/wordpress\\\/wp-content\\\/uploads\\\/2025\\\/06\\\/Sans-titre-1.jpg\",\"contentUrl\":\"https:\\\/\\\/janze-athletisme.fr\\\/wordpress\\\/wp-content\\\/uploads\\\/2025\\\/06\\\/Sans-titre-1.jpg\",\"width\":275,\"height\":183},{\"@type\":\"BreadcrumbList\",\"@id\":\"https:\\\/\\\/janze-athletisme.fr\\\/wordpress\\\/candidature-service-civique-rentree-2025\\\/#breadcrumb\",\"itemListElement\":[{\"@type\":\"ListItem\",\"position\":1,\"name\":\"Accueil\",\"item\":\"https:\\\/\\\/janze-athletisme.fr\\\/wordpress\\\/\"},{\"@type\":\"ListItem\",\"position\":2,\"name\":\"Candidature Service civique rentr\u00e9e 2025\"}]},{\"@type\":\"WebSite\",\"@id\":\"https:\\\/\\\/janze-athletisme.fr\\\/wordpress\\\/#website\",\"url\":\"https:\\\/\\\/janze-athletisme.fr\\\/wordpress\\\/\",\"name\":\"Janz\u00e9 Athl\u00e9tisme\",\"description\":\"Pays de La Roche aux F\u00e9es\",\"publisher\":{\"@id\":\"https:\\\/\\\/janze-athletisme.fr\\\/wordpress\\\/#organization\"},\"potentialAction\":[{\"@type\":\"SearchAction\",\"target\":{\"@type\":\"EntryPoint\",\"urlTemplate\":\"https:\\\/\\\/janze-athletisme.fr\\\/wordpress\\\/?s={search_term_string}\"},\"query-input\":{\"@type\":\"PropertyValueSpecification\",\"valueRequired\":true,\"valueName\":\"search_term_string\"}}],\"inLanguage\":\"fr-FR\"},{\"@type\":\"Organization\",\"@id\":\"https:\\\/\\\/janze-athletisme.fr\\\/wordpress\\\/#organization\",\"name\":\"Janz\u00e9 Athl\u00e9tisme\",\"url\":\"https:\\\/\\\/janze-athletisme.fr\\\/wordpress\\\/\",\"logo\":{\"@type\":\"ImageObject\",\"inLanguage\":\"fr-FR\",\"@id\":\"https:\\\/\\\/janze-athletisme.fr\\\/wordpress\\\/#\\\/schema\\\/logo\\\/image\\\/\",\"url\":\"https:\\\/\\\/janze-athletisme.fr\\\/wordpress\\\/wp-content\\\/uploads\\\/2015\\\/03\\\/logo-full1.jpg\",\"contentUrl\":\"https:\\\/\\\/janze-athletisme.fr\\\/wordpress\\\/wp-content\\\/uploads\\\/2015\\\/03\\\/logo-full1.jpg\",\"width\":437,\"height\":205,\"caption\":\"Janz\u00e9 Athl\u00e9tisme\"},\"image\":{\"@id\":\"https:\\\/\\\/janze-athletisme.fr\\\/wordpress\\\/#\\\/schema\\\/logo\\\/image\\\/\"},\"sameAs\":[\"https:\\\/\\\/www.facebook.com\\\/groups\\\/1007964579346590\"]},{\"@type\":\"Person\",\"@id\":\"https:\\\/\\\/janze-athletisme.fr\\\/wordpress\\\/#\\\/schema\\\/person\\\/e27efa3d49687b81c679eb0b5c4973e9\",\"name\":\"Jean-Marie Jouzel\",\"image\":{\"@type\":\"ImageObject\",\"inLanguage\":\"fr-FR\",\"@id\":\"https:\\\/\\\/secure.gravatar.com\\\/avatar\\\/6aaee532914ad5ae9d6b4c13c953c6689456493b17979b560cf8fd0c344930ab?s=96&d=mm&r=g\",\"url\":\"https:\\\/\\\/secure.gravatar.com\\\/avatar\\\/6aaee532914ad5ae9d6b4c13c953c6689456493b17979b560cf8fd0c344930ab?s=96&d=mm&r=g\",\"contentUrl\":\"https:\\\/\\\/secure.gravatar.com\\\/avatar\\\/6aaee532914ad5ae9d6b4c13c953c6689456493b17979b560cf8fd0c344930ab?s=96&d=mm&r=g\",\"caption\":\"Jean-Marie Jouzel\"},\"url\":\"https:\\\/\\\/janze-athletisme.fr\\\/wordpress\\\/author\\\/jmjouzel\\\/\"}]}<\/script>\n<!-- \/ Yoast SEO plugin. -->","yoast_head_json":{"title":"Candidature Service civique rentr\u00e9e 2025 - Janz\u00e9 Athl\u00e9tisme","robots":{"index":"index","follow":"follow","max-snippet":"max-snippet:-1","max-image-preview":"max-image-preview:large","max-video-preview":"max-video-preview:-1"},"canonical":"https:\/\/janze-athletisme.fr\/wordpress\/candidature-service-civique-rentree-2025\/","og_locale":"fr_FR","og_type":"article","og_title":"Candidature Service civique rentr\u00e9e 2025 - Janz\u00e9 Athl\u00e9tisme","og_description":"Campagne service civique 2025-26 Nous avons eu la chance cette ann\u00e9e de b\u00e9n\u00e9ficier des comp\u00e9tences de Jourdani comme service civique. Malheureusement, son contrat se terminait fin mai et il nous faut d\u00e9j\u00e0 penser \u00e0 la rentr\u00e9e de septembre. Vous trouverez sur ce lien un appel \u00e0 candidature pour la nouvelle campagne de service civique 2025-26:\u00a0CLIC [&hellip;]","og_url":"https:\/\/janze-athletisme.fr\/wordpress\/candidature-service-civique-rentree-2025\/","og_site_name":"Janz\u00e9 Athl\u00e9tisme","article_publisher":"https:\/\/www.facebook.com\/groups\/1007964579346590","article_published_time":"2025-06-07T14:54:07+00:00","og_image":[{"width":275,"height":183,"url":"https:\/\/janze-athletisme.fr\/wordpress\/wp-content\/uploads\/2025\/06\/Sans-titre-1.jpg","type":"image\/jpeg"}],"author":"Jean-Marie Jouzel","twitter_card":"summary_large_image","twitter_misc":{"\u00c9crit par":"Jean-Marie Jouzel","Dur\u00e9e de lecture estim\u00e9e":"1 minute"},"schema":{"@context":"https:\/\/schema.org","@graph":[{"@type":"Article","@id":"https:\/\/janze-athletisme.fr\/wordpress\/candidature-service-civique-rentree-2025\/#article","isPartOf":{"@id":"https:\/\/janze-athletisme.fr\/wordpress\/candidature-service-civique-rentree-2025\/"},"author":{"name":"Jean-Marie Jouzel","@id":"https:\/\/janze-athletisme.fr\/wordpress\/#\/schema\/person\/e27efa3d49687b81c679eb0b5c4973e9"},"headline":"Candidature Service civique rentr\u00e9e 2025","datePublished":"2025-06-07T14:54:07+00:00","mainEntityOfPage":{"@id":"https:\/\/janze-athletisme.fr\/wordpress\/candidature-service-civique-rentree-2025\/"},"wordCount":91,"commentCount":0,"publisher":{"@id":"https:\/\/janze-athletisme.fr\/wordpress\/#organization"},"image":{"@id":"https:\/\/janze-athletisme.fr\/wordpress\/candidature-service-civique-rentree-2025\/#primaryimage"},"thumbnailUrl":"https:\/\/janze-athletisme.fr\/wordpress\/wp-content\/uploads\/2025\/06\/Sans-titre-1.jpg","articleSection":["Le club au jour le jour"],"inLanguage":"fr-FR","potentialAction":[{"@type":"CommentAction","name":"Comment","target":["https:\/\/janze-athletisme.fr\/wordpress\/candidature-service-civique-rentree-2025\/#respond"]}]},{"@type":"WebPage","@id":"https:\/\/janze-athletisme.fr\/wordpress\/candidature-service-civique-rentree-2025\/","url":"https:\/\/janze-athletisme.fr\/wordpress\/candidature-service-civique-rentree-2025\/","name":"Candidature Service civique rentr\u00e9e 2025 - Janz\u00e9 Athl\u00e9tisme","isPartOf":{"@id":"https:\/\/janze-athletisme.fr\/wordpress\/#website"},"primaryImageOfPage":{"@id":"https:\/\/janze-athletisme.fr\/wordpress\/candidature-service-civique-rentree-2025\/#primaryimage"},"image":{"@id":"https:\/\/janze-athletisme.fr\/wordpress\/candidature-service-civique-rentree-2025\/#primaryimage"},"thumbnailUrl":"https:\/\/janze-athletisme.fr\/wordpress\/wp-content\/uploads\/2025\/06\/Sans-titre-1.jpg","datePublished":"2025-06-07T14:54:07+00:00","breadcrumb":{"@id":"https:\/\/janze-athletisme.fr\/wordpress\/candidature-service-civique-rentree-2025\/#breadcrumb"},"inLanguage":"fr-FR","potentialAction":[{"@type":"ReadAction","target":["https:\/\/janze-athletisme.fr\/wordpress\/candidature-service-civique-rentree-2025\/"]}]},{"@type":"ImageObject","inLanguage":"fr-FR","@id":"https:\/\/janze-athletisme.fr\/wordpress\/candidature-service-civique-rentree-2025\/#primaryimage","url":"https:\/\/janze-athletisme.fr\/wordpress\/wp-content\/uploads\/2025\/06\/Sans-titre-1.jpg","contentUrl":"https:\/\/janze-athletisme.fr\/wordpress\/wp-content\/uploads\/2025\/06\/Sans-titre-1.jpg","width":275,"height":183},{"@type":"BreadcrumbList","@id":"https:\/\/janze-athletisme.fr\/wordpress\/candidature-service-civique-rentree-2025\/#breadcrumb","itemListElement":[{"@type":"ListItem","position":1,"name":"Accueil","item":"https:\/\/janze-athletisme.fr\/wordpress\/"},{"@type":"ListItem","position":2,"name":"Candidature Service civique rentr\u00e9e 2025"}]},{"@type":"WebSite","@id":"https:\/\/janze-athletisme.fr\/wordpress\/#website","url":"https:\/\/janze-athletisme.fr\/wordpress\/","name":"Janz\u00e9 Athl\u00e9tisme","description":"Pays de La Roche aux F\u00e9es","publisher":{"@id":"https:\/\/janze-athletisme.fr\/wordpress\/#organization"},"potentialAction":[{"@type":"SearchAction","target":{"@type":"EntryPoint","urlTemplate":"https:\/\/janze-athletisme.fr\/wordpress\/?s={search_term_string}"},"query-input":{"@type":"PropertyValueSpecification","valueRequired":true,"valueName":"search_term_string"}}],"inLanguage":"fr-FR"},{"@type":"Organization","@id":"https:\/\/janze-athletisme.fr\/wordpress\/#organization","name":"Janz\u00e9 Athl\u00e9tisme","url":"https:\/\/janze-athletisme.fr\/wordpress\/","logo":{"@type":"ImageObject","inLanguage":"fr-FR","@id":"https:\/\/janze-athletisme.fr\/wordpress\/#\/schema\/logo\/image\/","url":"https:\/\/janze-athletisme.fr\/wordpress\/wp-content\/uploads\/2015\/03\/logo-full1.jpg","contentUrl":"https:\/\/janze-athletisme.fr\/wordpress\/wp-content\/uploads\/2015\/03\/logo-full1.jpg","width":437,"height":205,"caption":"Janz\u00e9 Athl\u00e9tisme"},"image":{"@id":"https:\/\/janze-athletisme.fr\/wordpress\/#\/schema\/logo\/image\/"},"sameAs":["https:\/\/www.facebook.com\/groups\/1007964579346590"]},{"@type":"Person","@id":"https:\/\/janze-athletisme.fr\/wordpress\/#\/schema\/person\/e27efa3d49687b81c679eb0b5c4973e9","name":"Jean-Marie Jouzel","image":{"@type":"ImageObject","inLanguage":"fr-FR","@id":"https:\/\/secure.gravatar.com\/avatar\/6aaee532914ad5ae9d6b4c13c953c6689456493b17979b560cf8fd0c344930ab?s=96&d=mm&r=g","url":"https:\/\/secure.gravatar.com\/avatar\/6aaee532914ad5ae9d6b4c13c953c6689456493b17979b560cf8fd0c344930ab?s=96&d=mm&r=g","contentUrl":"https:\/\/secure.gravatar.com\/avatar\/6aaee532914ad5ae9d6b4c13c953c6689456493b17979b560cf8fd0c344930ab?s=96&d=mm&r=g","caption":"Jean-Marie Jouzel"},"url":"https:\/\/janze-athletisme.fr\/wordpress\/author\/jmjouzel\/"}]}},"uagb_featured_image_src":{"full":["https:\/\/janze-athletisme.fr\/wordpress\/wp-content\/uploads\/2025\/06\/Sans-titre-1.jpg",275,183,false],"thumbnail":["https:\/\/janze-athletisme.fr\/wordpress\/wp-content\/uploads\/2025\/06\/Sans-titre-1-150x150.jpg",150,150,true],"medium":["https:\/\/janze-athletisme.fr\/wordpress\/wp-content\/uploads\/2025\/06\/Sans-titre-1.jpg",275,183,false],"medium_large":["https:\/\/janze-athletisme.fr\/wordpress\/wp-content\/uploads\/2025\/06\/Sans-titre-1.jpg",275,183,false],"large":["https:\/\/janze-athletisme.fr\/wordpress\/wp-content\/uploads\/2025\/06\/Sans-titre-1.jpg",275,183,false],"1536x1536":["https:\/\/janze-athletisme.fr\/wordpress\/wp-content\/uploads\/2025\/06\/Sans-titre-1.jpg",275,183,false],"2048x2048":["https:\/\/janze-athletisme.fr\/wordpress\/wp-content\/uploads\/2025\/06\/Sans-titre-1.jpg",275,183,false]},"uagb_author_info":{"display_name":"Jean-Marie Jouzel","author_link":"https:\/\/janze-athletisme.fr\/wordpress\/author\/jmjouzel\/"},"uagb_comment_info":0,"uagb_excerpt":"Campagne service civique 2025-26 Nous avons eu la chance cette ann\u00e9e de b\u00e9n\u00e9ficier des comp\u00e9tences de Jourdani comme service civique. Malheureusement, son contrat se terminait fin mai et il nous faut d\u00e9j\u00e0 penser \u00e0 la rentr\u00e9e de septembre. Vous trouverez sur ce lien un appel \u00e0 candidature pour la nouvelle campagne de service civique 2025-26:\u00a0CLIC\u2026","_links":{"self":[{"href":"https:\/\/janze-athletisme.fr\/wordpress\/wp-json\/wp\/v2\/posts\/25706","targetHints":{"allow":["GET"]}}],"collection":[{"href":"https:\/\/janze-athletisme.fr\/wordpress\/wp-json\/wp\/v2\/posts"}],"about":[{"href":"https:\/\/janze-athletisme.fr\/wordpress\/wp-json\/wp\/v2\/types\/post"}],"author":[{"embeddable":true,"href":"https:\/\/janze-athletisme.fr\/wordpress\/wp-json\/wp\/v2\/users\/8"}],"replies":[{"embeddable":true,"href":"https:\/\/janze-athletisme.fr\/wordpress\/wp-json\/wp\/v2\/comments?post=25706"}],"version-history":[{"count":1,"href":"https:\/\/janze-athletisme.fr\/wordpress\/wp-json\/wp\/v2\/posts\/25706\/revisions"}],"predecessor-version":[{"id":25708,"href":"https:\/\/janze-athletisme.fr\/wordpress\/wp-json\/wp\/v2\/posts\/25706\/revisions\/25708"}],"wp:featuredmedia":[{"embeddable":true,"href":"https:\/\/janze-athletisme.fr\/wordpress\/wp-json\/wp\/v2\/media\/25707"}],"wp:attachment":[{"href":"https:\/\/janze-athletisme.fr\/wordpress\/wp-json\/wp\/v2\/media?parent=25706"}],"wp:term":[{"taxonomy":"category","embeddable":true,"href":"https:\/\/janze-athletisme.fr\/wordpress\/wp-json\/wp\/v2\/categories?post=25706"},{"taxonomy":"post_tag","embeddable":true,"href":"https:\/\/janze-athletisme.fr\/wordpress\/wp-json\/wp\/v2\/tags?post=25706"}],"curies":[{"name":"wp","href":"https:\/\/api.w.org\/{rel}","templated":true}]}}