{"id":25680,"date":"2025-06-07T15:19:04","date_gmt":"2025-06-07T13:19:04","guid":{"rendered":"https:\/\/janze-athletisme.fr\/wordpress\/?p=25680"},"modified":"2025-07-10T21:00:06","modified_gmt":"2025-07-10T19:00:06","slug":"relais-8-2-2-8-les-filles-ont-fait-forte-impression","status":"publish","type":"post","link":"https:\/\/janze-athletisme.fr\/wordpress\/relais-8-2-2-8-les-filles-ont-fait-forte-impression\/","title":{"rendered":"Relais 8\/2\/2\/8 : les filles ont fait forte impression"},"content":{"rendered":"<p><span style=\"font-family: Verdana, sans-serif\"><span style=\"font-size: x-large\"><b>Meeting EAPB, Montfort-sur-Meu, vendredi 6 juin<\/b><\/span><\/span><\/p>\n<p><span style=\"font-family: Verdana, sans-serif\">Nous en avions parl\u00e9, avec Mathieu, d\u00e8s le stage de P\u00e2ques \u00e0 Pornic.<\/span><\/p>\n<p><span style=\"font-family: Verdana, sans-serif\">L&rsquo;id\u00e9e de monter un relais 800\/200\/200\/800m minimes nous trottait dans la t\u00eate. Nous \u00e9tions rest\u00e9s sur la belle impression des tentatives 2022 et 2023, avec, en particulier, en 2023, \u00e0 Toulon, une 4e place nationale de haute vol\u00e9e pour les gar\u00e7ons (<b>L\u00e9o<\/b> Guiheux, <b>Luc<\/b> de Rancourt, <b>Quentin<\/b> Planchenault, <b>Esteban<\/b> Bouillaux), en 5&rsquo;09&Prime;35, \u00e0 46 centi\u00e8mes du record d\u00e9partemental du CJF Saint-Malo (5&rsquo;08&Prime;89).<\/span><\/p>\n<p><a href=\"https:\/\/janze-athletisme.fr\/wordpress\/wp-content\/uploads\/2025\/06\/8-2-2-8-MIF-11juin2022-2.jpg\"><img loading=\"lazy\" decoding=\"async\" class=\"alignnone size-medium wp-image-25681\" src=\"https:\/\/janze-athletisme.fr\/wordpress\/wp-content\/uploads\/2025\/06\/8-2-2-8-MIF-11juin2022-2-300x218.jpg\" alt=\"\" width=\"300\" height=\"218\" srcset=\"https:\/\/janze-athletisme.fr\/wordpress\/wp-content\/uploads\/2025\/06\/8-2-2-8-MIF-11juin2022-2-300x218.jpg 300w, https:\/\/janze-athletisme.fr\/wordpress\/wp-content\/uploads\/2025\/06\/8-2-2-8-MIF-11juin2022-2-1024x746.jpg 1024w, https:\/\/janze-athletisme.fr\/wordpress\/wp-content\/uploads\/2025\/06\/8-2-2-8-MIF-11juin2022-2-768x559.jpg 768w, https:\/\/janze-athletisme.fr\/wordpress\/wp-content\/uploads\/2025\/06\/8-2-2-8-MIF-11juin2022-2-1536x1118.jpg 1536w, https:\/\/janze-athletisme.fr\/wordpress\/wp-content\/uploads\/2025\/06\/8-2-2-8-MIF-11juin2022-2.jpg 1648w\" sizes=\"auto, (max-width: 300px) 100vw, 300px\" \/> <\/a><a href=\"https:\/\/janze-athletisme.fr\/wordpress\/wp-content\/uploads\/2025\/06\/Les-8-2-2-8-Auray-29mai2023.jpg\"><img loading=\"lazy\" decoding=\"async\" class=\"alignnone wp-image-25685\" src=\"https:\/\/janze-athletisme.fr\/wordpress\/wp-content\/uploads\/2025\/06\/Les-8-2-2-8-Auray-29mai2023-300x300.jpg\" alt=\"\" width=\"217\" height=\"217\" srcset=\"https:\/\/janze-athletisme.fr\/wordpress\/wp-content\/uploads\/2025\/06\/Les-8-2-2-8-Auray-29mai2023-300x300.jpg 300w, https:\/\/janze-athletisme.fr\/wordpress\/wp-content\/uploads\/2025\/06\/Les-8-2-2-8-Auray-29mai2023-1024x1024.jpg 1024w, https:\/\/janze-athletisme.fr\/wordpress\/wp-content\/uploads\/2025\/06\/Les-8-2-2-8-Auray-29mai2023-150x150.jpg 150w, https:\/\/janze-athletisme.fr\/wordpress\/wp-content\/uploads\/2025\/06\/Les-8-2-2-8-Auray-29mai2023-768x768.jpg 768w, https:\/\/janze-athletisme.fr\/wordpress\/wp-content\/uploads\/2025\/06\/Les-8-2-2-8-Auray-29mai2023.jpg 1500w\" sizes=\"auto, (max-width: 217px) 100vw, 217px\" \/><\/a><\/p>\n<p><span style=\"font-size: 10pt\"><em>Les relais 2022 et 2023<\/em><\/span><\/p>\n<p><span style=\"font-family: Verdana, sans-serif\">Comme il n&rsquo;a pas \u00e9t\u00e9 possible de r\u00e9unir tout le monde pour Auray, le 31 mai, il a fallu patienter jusqu&rsquo;\u00e0 Montfort, ce vendredi 6 juin. La date n&rsquo;\u00e9tait pas id\u00e9ale, les d\u00e9partementaux BE-MI se d\u00e9roulant le lendemain \u00e0 Redon, ni l&rsquo;heure (la sortie du coll\u00e8ge n&rsquo;\u00e9tant qu&rsquo;\u00e0 16h50 alors que les relais \u00e9taient programm\u00e9s d\u00e8s 18h30, et sachant qu&rsquo;\u00e0 cette heure-l\u00e0 la rocade rennaise est satur\u00e9e).<\/span><\/p>\n<p><span style=\"font-family: Verdana, sans-serif\">Enfin la blessure d&rsquo;un athl\u00e8te en derni\u00e8re minute (<b>Mathis<\/b> Montagne) a failli tout remettre en cause, nous obligeant \u00e0 annuler le second relais gar\u00e7ons (<b>Arthur<\/b> Boucard, <b>Aaron<\/b> Sorin, <b>Kelyan<\/b> Rooy) pour concentrer nos forces sur le premier (<b>Gabin<\/b> Roussel, <b>Paul<\/b> Bourgault, <b>Esteban<\/b> Fleury, <b>Sayhann<\/b> Ksouda-Lain\u00e9).<\/span><\/p>\n<p><span style=\"font-family: Verdana, sans-serif\"><span style=\"font-size: large\"><b>Un relais compliqu\u00e9 \u00e0 monter&#8230;<\/b><\/span><\/span><\/p>\n<p><span style=\"font-family: Verdana, sans-serif\">Bref, sans que les conditions aient \u00e9t\u00e9 id\u00e9ales pour tenter l&rsquo;aventure, nous avons pu finalement aligner deux \u00e9quipes.<\/span><\/p>\n<p><span style=\"font-family: Verdana, sans-serif\">Le relais gar\u00e7ons r\u00e9alise un encourageant 5&rsquo;26&Prime;11 (contre 5&rsquo;20&Prime;03 pour Saint-Brieuc), avec de beaux 2&rsquo;14 pour Gabin (67&Prime;\/67&Prime;) et 2&rsquo;13 pour Sayhann (63&Prime;\/70&Prime;), et un magnifique 26&Prime; et des brouettes pour Esteban sur 200m. Paul est un peu derri\u00e8re, mais il n&rsquo;est que minime 1 et a acquis de l&rsquo;exp\u00e9rience pour l&rsquo;an prochain.<\/span><\/p>\n<p><a href=\"https:\/\/janze-athletisme.fr\/wordpress\/wp-content\/uploads\/2025\/06\/DSC_6741.jpg\"><img loading=\"lazy\" decoding=\"async\" class=\"alignnone wp-image-25686\" src=\"https:\/\/janze-athletisme.fr\/wordpress\/wp-content\/uploads\/2025\/06\/DSC_6741-300x200.jpg\" alt=\"\" width=\"342\" height=\"228\" srcset=\"https:\/\/janze-athletisme.fr\/wordpress\/wp-content\/uploads\/2025\/06\/DSC_6741-300x200.jpg 300w, https:\/\/janze-athletisme.fr\/wordpress\/wp-content\/uploads\/2025\/06\/DSC_6741-1024x683.jpg 1024w, https:\/\/janze-athletisme.fr\/wordpress\/wp-content\/uploads\/2025\/06\/DSC_6741-768x512.jpg 768w, https:\/\/janze-athletisme.fr\/wordpress\/wp-content\/uploads\/2025\/06\/DSC_6741.jpg 1500w\" sizes=\"auto, (max-width: 342px) 100vw, 342px\" \/><\/a><\/p>\n<p><a href=\"https:\/\/janze-athletisme.fr\/wordpress\/wp-content\/uploads\/2025\/06\/DSC_6745.jpg\"><img loading=\"lazy\" decoding=\"async\" class=\"alignnone wp-image-25687\" src=\"https:\/\/janze-athletisme.fr\/wordpress\/wp-content\/uploads\/2025\/06\/DSC_6745-300x300.jpg\" alt=\"\" width=\"236\" height=\"236\" srcset=\"https:\/\/janze-athletisme.fr\/wordpress\/wp-content\/uploads\/2025\/06\/DSC_6745-300x300.jpg 300w, https:\/\/janze-athletisme.fr\/wordpress\/wp-content\/uploads\/2025\/06\/DSC_6745-1024x1024.jpg 1024w, https:\/\/janze-athletisme.fr\/wordpress\/wp-content\/uploads\/2025\/06\/DSC_6745-150x150.jpg 150w, https:\/\/janze-athletisme.fr\/wordpress\/wp-content\/uploads\/2025\/06\/DSC_6745-768x768.jpg 768w, https:\/\/janze-athletisme.fr\/wordpress\/wp-content\/uploads\/2025\/06\/DSC_6745.jpg 1200w\" sizes=\"auto, (max-width: 236px) 100vw, 236px\" \/><\/a> <a href=\"https:\/\/janze-athletisme.fr\/wordpress\/wp-content\/uploads\/2025\/06\/DSC_6753.jpg\"><img loading=\"lazy\" decoding=\"async\" class=\"alignnone wp-image-25688\" src=\"https:\/\/janze-athletisme.fr\/wordpress\/wp-content\/uploads\/2025\/06\/DSC_6753-300x300.jpg\" alt=\"\" width=\"237\" height=\"237\" srcset=\"https:\/\/janze-athletisme.fr\/wordpress\/wp-content\/uploads\/2025\/06\/DSC_6753-300x300.jpg 300w, https:\/\/janze-athletisme.fr\/wordpress\/wp-content\/uploads\/2025\/06\/DSC_6753-1024x1024.jpg 1024w, https:\/\/janze-athletisme.fr\/wordpress\/wp-content\/uploads\/2025\/06\/DSC_6753-150x150.jpg 150w, https:\/\/janze-athletisme.fr\/wordpress\/wp-content\/uploads\/2025\/06\/DSC_6753-768x768.jpg 768w, https:\/\/janze-athletisme.fr\/wordpress\/wp-content\/uploads\/2025\/06\/DSC_6753.jpg 1200w\" sizes=\"auto, (max-width: 237px) 100vw, 237px\" \/><\/a> <a href=\"https:\/\/janze-athletisme.fr\/wordpress\/wp-content\/uploads\/2025\/06\/DSC_6756.jpg\"><img loading=\"lazy\" decoding=\"async\" class=\"alignnone wp-image-25689\" src=\"https:\/\/janze-athletisme.fr\/wordpress\/wp-content\/uploads\/2025\/06\/DSC_6756-300x300.jpg\" alt=\"\" width=\"238\" height=\"238\" srcset=\"https:\/\/janze-athletisme.fr\/wordpress\/wp-content\/uploads\/2025\/06\/DSC_6756-300x300.jpg 300w, https:\/\/janze-athletisme.fr\/wordpress\/wp-content\/uploads\/2025\/06\/DSC_6756-1024x1024.jpg 1024w, https:\/\/janze-athletisme.fr\/wordpress\/wp-content\/uploads\/2025\/06\/DSC_6756-150x150.jpg 150w, https:\/\/janze-athletisme.fr\/wordpress\/wp-content\/uploads\/2025\/06\/DSC_6756-768x768.jpg 768w, https:\/\/janze-athletisme.fr\/wordpress\/wp-content\/uploads\/2025\/06\/DSC_6756.jpg 1200w\" sizes=\"auto, (max-width: 238px) 100vw, 238px\" \/><\/a><\/p>\n<p><span style=\"font-size: 10pt\"><em>Le relais gar\u00e7on 2025<\/em><\/span><\/p>\n<p><span style=\"font-family: Verdana, sans-serif\">Restait \u00e0 voir en action le relais des filles.<\/span><\/p>\n<p><span style=\"font-family: Verdana, sans-serif\">L&rsquo;\u00e9quation \u00e9tait simple : Le Quimper athl\u00e9tisme de Khelia Machefer, avec 5&rsquo;53&Prime;59, \u00e9tait en t\u00eate du bilan breton, devant l&rsquo;Athl\u00e9 Pays de Foug\u00e8res d&rsquo;Ambre Mezzafonte, avec 5&rsquo;56&Prime;70.<\/span><\/p>\n<p><span style=\"font-family: Verdana, sans-serif\">La moyenne, pour le QA, c&rsquo;est deux 800m en 2&rsquo;28 et deux 200m en 28&Prime;5. Costaud !<\/span><\/p>\n<p><span style=\"font-family: Verdana, sans-serif\">Il fallait donc faire mieux, la premi\u00e8re \u00e9quipe de chaque r\u00e9gion \u00e9tant qualifi\u00e9e, puis ensuite les meilleures performances nationales, \u00e0 concurrence de 28 \u00e9quipes.<\/span><\/p>\n<p><span style=\"font-family: Verdana, sans-serif\"><span style=\"font-size: large\"><b>&#8230; mais franchement \u00e7a valait le d\u00e9tour !<\/b><\/span><\/span><\/p>\n<p><span style=\"font-family: Verdana, sans-serif\">D\u00e9j\u00e0 il fallait battre l&rsquo;EA Pays de Broc\u00e9liande d&rsquo;Emma Dayot (3&rsquo;05 sur 1000m et 6&rsquo;39 sur 2000m) et de Chlo\u00e9 Cochet (3&rsquo;13 et 7&rsquo;13), chez elle, sur son stade, devant son public. Ce qui n&rsquo;\u00e9tait pas une mince affaire.<\/span><\/p>\n<p><span style=\"font-family: Verdana, sans-serif\">Bilan : <strong>Rose<\/strong> Meyer-Blanchot fait 2&rsquo;36, <strong>Alice<\/strong> Bou\u00e9 et <strong>Justine<\/strong> Bourgault 55&Prime; \u00e0 elles deux (moyenne de 27&Prime;5), et <strong>Rose<\/strong> Mah\u00e9, du haut de ses 14 ans (minime 1)&#8230; 2&rsquo;20 !<\/span><\/p>\n<p><span style=\"font-family: Verdana, sans-serif\">Total : 5&rsquo;50&Prime;94 !!! Devant l&rsquo;EAPB, 5&rsquo;59&Prime;57 et 4e perf bretonne de l&rsquo;ann\u00e9e chez les MIF.<\/span><\/p>\n<p><span style=\"font-family: Verdana, sans-serif\">Chapeau bas les filles, c&rsquo;est une performance superbe, qui vous classe dans les dix meilleurs relais fran\u00e7ais de la saison. Excellent !<\/span><\/p>\n<p><a href=\"https:\/\/janze-athletisme.fr\/wordpress\/wp-content\/uploads\/2025\/06\/DSC_6769.jpg\"><img loading=\"lazy\" decoding=\"async\" class=\"alignnone size-medium wp-image-25690\" src=\"https:\/\/janze-athletisme.fr\/wordpress\/wp-content\/uploads\/2025\/06\/DSC_6769-300x200.jpg\" alt=\"\" width=\"300\" height=\"200\" srcset=\"https:\/\/janze-athletisme.fr\/wordpress\/wp-content\/uploads\/2025\/06\/DSC_6769-300x200.jpg 300w, https:\/\/janze-athletisme.fr\/wordpress\/wp-content\/uploads\/2025\/06\/DSC_6769-1024x683.jpg 1024w, https:\/\/janze-athletisme.fr\/wordpress\/wp-content\/uploads\/2025\/06\/DSC_6769-768x512.jpg 768w, https:\/\/janze-athletisme.fr\/wordpress\/wp-content\/uploads\/2025\/06\/DSC_6769.jpg 1500w\" sizes=\"auto, (max-width: 300px) 100vw, 300px\" \/><\/a> <a href=\"https:\/\/janze-athletisme.fr\/wordpress\/wp-content\/uploads\/2025\/06\/DSC_6772.jpg\"><img loading=\"lazy\" decoding=\"async\" class=\"alignnone wp-image-25691\" src=\"https:\/\/janze-athletisme.fr\/wordpress\/wp-content\/uploads\/2025\/06\/DSC_6772-300x300.jpg\" alt=\"\" width=\"262\" height=\"262\" srcset=\"https:\/\/janze-athletisme.fr\/wordpress\/wp-content\/uploads\/2025\/06\/DSC_6772-300x300.jpg 300w, https:\/\/janze-athletisme.fr\/wordpress\/wp-content\/uploads\/2025\/06\/DSC_6772-1024x1024.jpg 1024w, https:\/\/janze-athletisme.fr\/wordpress\/wp-content\/uploads\/2025\/06\/DSC_6772-150x150.jpg 150w, https:\/\/janze-athletisme.fr\/wordpress\/wp-content\/uploads\/2025\/06\/DSC_6772-768x768.jpg 768w, https:\/\/janze-athletisme.fr\/wordpress\/wp-content\/uploads\/2025\/06\/DSC_6772.jpg 1200w\" sizes=\"auto, (max-width: 262px) 100vw, 262px\" \/><\/a> <a href=\"https:\/\/janze-athletisme.fr\/wordpress\/wp-content\/uploads\/2025\/06\/DSC_6779.jpg\"><img loading=\"lazy\" decoding=\"async\" class=\"alignnone wp-image-25692\" src=\"https:\/\/janze-athletisme.fr\/wordpress\/wp-content\/uploads\/2025\/06\/DSC_6779-300x300.jpg\" alt=\"\" width=\"263\" height=\"263\" srcset=\"https:\/\/janze-athletisme.fr\/wordpress\/wp-content\/uploads\/2025\/06\/DSC_6779-300x300.jpg 300w, https:\/\/janze-athletisme.fr\/wordpress\/wp-content\/uploads\/2025\/06\/DSC_6779-150x150.jpg 150w, https:\/\/janze-athletisme.fr\/wordpress\/wp-content\/uploads\/2025\/06\/DSC_6779-768x768.jpg 768w, https:\/\/janze-athletisme.fr\/wordpress\/wp-content\/uploads\/2025\/06\/DSC_6779.jpg 1000w\" sizes=\"auto, (max-width: 263px) 100vw, 263px\" \/><\/a><\/p>\n<p><a href=\"https:\/\/janze-athletisme.fr\/wordpress\/wp-content\/uploads\/2025\/06\/DSC_6785.jpg\"><img loading=\"lazy\" decoding=\"async\" class=\"alignnone size-medium wp-image-25693\" src=\"https:\/\/janze-athletisme.fr\/wordpress\/wp-content\/uploads\/2025\/06\/DSC_6785-300x200.jpg\" alt=\"\" width=\"300\" height=\"200\" srcset=\"https:\/\/janze-athletisme.fr\/wordpress\/wp-content\/uploads\/2025\/06\/DSC_6785-300x200.jpg 300w, https:\/\/janze-athletisme.fr\/wordpress\/wp-content\/uploads\/2025\/06\/DSC_6785-1024x682.jpg 1024w, https:\/\/janze-athletisme.fr\/wordpress\/wp-content\/uploads\/2025\/06\/DSC_6785-768x512.jpg 768w, https:\/\/janze-athletisme.fr\/wordpress\/wp-content\/uploads\/2025\/06\/DSC_6785.jpg 1501w\" sizes=\"auto, (max-width: 300px) 100vw, 300px\" \/><\/a> <a href=\"https:\/\/janze-athletisme.fr\/wordpress\/wp-content\/uploads\/2025\/06\/DSC_6798.jpg\"><img loading=\"lazy\" decoding=\"async\" class=\"alignnone wp-image-25696\" src=\"https:\/\/janze-athletisme.fr\/wordpress\/wp-content\/uploads\/2025\/06\/DSC_6798-300x300.jpg\" alt=\"\" width=\"225\" height=\"225\" srcset=\"https:\/\/janze-athletisme.fr\/wordpress\/wp-content\/uploads\/2025\/06\/DSC_6798-300x300.jpg 300w, https:\/\/janze-athletisme.fr\/wordpress\/wp-content\/uploads\/2025\/06\/DSC_6798-1024x1024.jpg 1024w, https:\/\/janze-athletisme.fr\/wordpress\/wp-content\/uploads\/2025\/06\/DSC_6798-150x150.jpg 150w, https:\/\/janze-athletisme.fr\/wordpress\/wp-content\/uploads\/2025\/06\/DSC_6798-768x768.jpg 768w, https:\/\/janze-athletisme.fr\/wordpress\/wp-content\/uploads\/2025\/06\/DSC_6798.jpg 1200w\" sizes=\"auto, (max-width: 225px) 100vw, 225px\" \/>\u00a0<\/a><a href=\"https:\/\/janze-athletisme.fr\/wordpress\/wp-content\/uploads\/2025\/06\/DSC_6792.jpg\"><img loading=\"lazy\" decoding=\"async\" class=\"alignnone size-medium wp-image-25695\" src=\"https:\/\/janze-athletisme.fr\/wordpress\/wp-content\/uploads\/2025\/06\/DSC_6792-300x200.jpg\" alt=\"\" width=\"300\" height=\"200\" srcset=\"https:\/\/janze-athletisme.fr\/wordpress\/wp-content\/uploads\/2025\/06\/DSC_6792-300x200.jpg 300w, https:\/\/janze-athletisme.fr\/wordpress\/wp-content\/uploads\/2025\/06\/DSC_6792-1024x683.jpg 1024w, https:\/\/janze-athletisme.fr\/wordpress\/wp-content\/uploads\/2025\/06\/DSC_6792-768x512.jpg 768w, https:\/\/janze-athletisme.fr\/wordpress\/wp-content\/uploads\/2025\/06\/DSC_6792.jpg 1500w\" sizes=\"auto, (max-width: 300px) 100vw, 300px\" \/><\/a><\/p>\n<p><em><span style=\"font-size: 10pt\">Le relais filles 2025, avec leurs adversaires du jour, et leurs coaches ravis.<\/span><\/em><\/p>\n","protected":false},"excerpt":{"rendered":"<p>Meeting EAPB, Montfort-sur-Meu, vendredi 6 juin Nous en avions parl\u00e9, avec Mathieu, d\u00e8s le stage de P\u00e2ques \u00e0 Pornic. L&rsquo;id\u00e9e de monter un relais 800\/200\/200\/800m minimes nous trottait dans la t\u00eate. Nous \u00e9tions rest\u00e9s sur la belle impression des tentatives 2022 et 2023, avec, en particulier, en 2023, \u00e0 Toulon, une 4e place nationale de [&hellip;]<\/p>\n","protected":false},"author":12,"featured_media":25694,"comment_status":"open","ping_status":"open","sticky":false,"template":"","format":"aside","meta":{"_uag_custom_page_level_css":"","site-sidebar-layout":"default","site-content-layout":"","ast-site-content-layout":"default","site-content-style":"default","site-sidebar-style":"default","ast-global-header-display":"","ast-banner-title-visibility":"","ast-main-header-display":"","ast-hfb-above-header-display":"","ast-hfb-below-header-display":"","ast-hfb-mobile-header-display":"","site-post-title":"","ast-breadcrumbs-content":"","ast-featured-img":"","footer-sml-layout":"","ast-disable-related-posts":"","theme-transparent-header-meta":"default","adv-header-id-meta":"","stick-header-meta":"","header-above-stick-meta":"","header-main-stick-meta":"","header-below-stick-meta":"","astra-migrate-meta-layouts":"set","ast-page-background-enabled":"default","ast-page-background-meta":{"desktop":{"background-color":"var(--ast-global-color-4)","background-image":"","background-repeat":"repeat","background-position":"center center","background-size":"auto","background-attachment":"scroll","background-type":"","background-media":"","overlay-type":"","overlay-color":"","overlay-opacity":"","overlay-gradient":""},"tablet":{"background-color":"","background-image":"","background-repeat":"repeat","background-position":"center center","background-size":"auto","background-attachment":"scroll","background-type":"","background-media":"","overlay-type":"","overlay-color":"","overlay-opacity":"","overlay-gradient":""},"mobile":{"background-color":"","background-image":"","background-repeat":"repeat","background-position":"center center","background-size":"auto","background-attachment":"scroll","background-type":"","background-media":"","overlay-type":"","overlay-color":"","overlay-opacity":"","overlay-gradient":""}},"ast-content-background-meta":{"desktop":{"background-color":"var(--ast-global-color-5)","background-image":"","background-repeat":"repeat","background-position":"center center","background-size":"auto","background-attachment":"scroll","background-type":"","background-media":"","overlay-type":"","overlay-color":"","overlay-opacity":"","overlay-gradient":""},"tablet":{"background-color":"var(--ast-global-color-5)","background-image":"","background-repeat":"repeat","background-position":"center center","background-size":"auto","background-attachment":"scroll","background-type":"","background-media":"","overlay-type":"","overlay-color":"","overlay-opacity":"","overlay-gradient":""},"mobile":{"background-color":"var(--ast-global-color-5)","background-image":"","background-repeat":"repeat","background-position":"center center","background-size":"auto","background-attachment":"scroll","background-type":"","background-media":"","overlay-type":"","overlay-color":"","overlay-opacity":"","overlay-gradient":""}},"footnotes":""},"categories":[6],"tags":[],"class_list":["post-25680","post","type-post","status-publish","format-aside","has-post-thumbnail","hentry","category-sections","post_format-post-format-aside"],"yoast_head":"<!-- This site is optimized with the Yoast SEO plugin v27.4 - https:\/\/yoast.com\/product\/yoast-seo-wordpress\/ -->\n<title>Relais 8\/2\/2\/8 : les filles ont fait forte impression - Janz\u00e9 Athl\u00e9tisme<\/title>\n<meta name=\"robots\" content=\"index, follow, max-snippet:-1, max-image-preview:large, max-video-preview:-1\" \/>\n<link rel=\"canonical\" href=\"https:\/\/janze-athletisme.fr\/wordpress\/relais-8-2-2-8-les-filles-ont-fait-forte-impression\/\" \/>\n<meta property=\"og:locale\" content=\"fr_FR\" \/>\n<meta property=\"og:type\" content=\"article\" \/>\n<meta property=\"og:title\" content=\"Relais 8\/2\/2\/8 : les filles ont fait forte impression - Janz\u00e9 Athl\u00e9tisme\" \/>\n<meta property=\"og:description\" content=\"Meeting EAPB, Montfort-sur-Meu, vendredi 6 juin Nous en avions parl\u00e9, avec Mathieu, d\u00e8s le stage de P\u00e2ques \u00e0 Pornic. L&rsquo;id\u00e9e de monter un relais 800\/200\/200\/800m minimes nous trottait dans la t\u00eate. Nous \u00e9tions rest\u00e9s sur la belle impression des tentatives 2022 et 2023, avec, en particulier, en 2023, \u00e0 Toulon, une 4e place nationale de [&hellip;]\" \/>\n<meta property=\"og:url\" content=\"https:\/\/janze-athletisme.fr\/wordpress\/relais-8-2-2-8-les-filles-ont-fait-forte-impression\/\" \/>\n<meta property=\"og:site_name\" content=\"Janz\u00e9 Athl\u00e9tisme\" \/>\n<meta property=\"article:publisher\" content=\"https:\/\/www.facebook.com\/groups\/1007964579346590\" \/>\n<meta property=\"article:published_time\" content=\"2025-06-07T13:19:04+00:00\" \/>\n<meta property=\"article:modified_time\" content=\"2025-07-10T19:00:06+00:00\" \/>\n<meta property=\"og:image\" content=\"https:\/\/janze-athletisme.fr\/wordpress\/wp-content\/uploads\/2025\/06\/DSC_6786.jpg\" \/>\n\t<meta property=\"og:image:width\" content=\"1200\" \/>\n\t<meta property=\"og:image:height\" content=\"1200\" \/>\n\t<meta property=\"og:image:type\" content=\"image\/jpeg\" \/>\n<meta name=\"author\" content=\"Laurent Meunier\" \/>\n<meta name=\"twitter:card\" content=\"summary_large_image\" \/>\n<meta name=\"twitter:label1\" content=\"\u00c9crit par\" \/>\n\t<meta name=\"twitter:data1\" content=\"Laurent Meunier\" \/>\n\t<meta name=\"twitter:label2\" content=\"Dur\u00e9e de lecture estim\u00e9e\" \/>\n\t<meta name=\"twitter:data2\" content=\"6 minutes\" \/>\n<script type=\"application\/ld+json\" class=\"yoast-schema-graph\">{\"@context\":\"https:\\\/\\\/schema.org\",\"@graph\":[{\"@type\":\"Article\",\"@id\":\"https:\\\/\\\/janze-athletisme.fr\\\/wordpress\\\/relais-8-2-2-8-les-filles-ont-fait-forte-impression\\\/#article\",\"isPartOf\":{\"@id\":\"https:\\\/\\\/janze-athletisme.fr\\\/wordpress\\\/relais-8-2-2-8-les-filles-ont-fait-forte-impression\\\/\"},\"author\":{\"name\":\"Laurent Meunier\",\"@id\":\"https:\\\/\\\/janze-athletisme.fr\\\/wordpress\\\/#\\\/schema\\\/person\\\/c7b063dcfa6234c041d4d9b26cc2ea03\"},\"headline\":\"Relais 8\\\/2\\\/2\\\/8 : les filles ont fait forte impression\",\"datePublished\":\"2025-06-07T13:19:04+00:00\",\"dateModified\":\"2025-07-10T19:00:06+00:00\",\"mainEntityOfPage\":{\"@id\":\"https:\\\/\\\/janze-athletisme.fr\\\/wordpress\\\/relais-8-2-2-8-les-filles-ont-fait-forte-impression\\\/\"},\"wordCount\":493,\"commentCount\":0,\"publisher\":{\"@id\":\"https:\\\/\\\/janze-athletisme.fr\\\/wordpress\\\/#organization\"},\"image\":{\"@id\":\"https:\\\/\\\/janze-athletisme.fr\\\/wordpress\\\/relais-8-2-2-8-les-filles-ont-fait-forte-impression\\\/#primaryimage\"},\"thumbnailUrl\":\"https:\\\/\\\/janze-athletisme.fr\\\/wordpress\\\/wp-content\\\/uploads\\\/2025\\\/06\\\/DSC_6786.jpg\",\"articleSection\":[\"Le club au jour le jour\"],\"inLanguage\":\"fr-FR\",\"potentialAction\":[{\"@type\":\"CommentAction\",\"name\":\"Comment\",\"target\":[\"https:\\\/\\\/janze-athletisme.fr\\\/wordpress\\\/relais-8-2-2-8-les-filles-ont-fait-forte-impression\\\/#respond\"]}]},{\"@type\":\"WebPage\",\"@id\":\"https:\\\/\\\/janze-athletisme.fr\\\/wordpress\\\/relais-8-2-2-8-les-filles-ont-fait-forte-impression\\\/\",\"url\":\"https:\\\/\\\/janze-athletisme.fr\\\/wordpress\\\/relais-8-2-2-8-les-filles-ont-fait-forte-impression\\\/\",\"name\":\"Relais 8\\\/2\\\/2\\\/8 : les filles ont fait forte impression - Janz\u00e9 Athl\u00e9tisme\",\"isPartOf\":{\"@id\":\"https:\\\/\\\/janze-athletisme.fr\\\/wordpress\\\/#website\"},\"primaryImageOfPage\":{\"@id\":\"https:\\\/\\\/janze-athletisme.fr\\\/wordpress\\\/relais-8-2-2-8-les-filles-ont-fait-forte-impression\\\/#primaryimage\"},\"image\":{\"@id\":\"https:\\\/\\\/janze-athletisme.fr\\\/wordpress\\\/relais-8-2-2-8-les-filles-ont-fait-forte-impression\\\/#primaryimage\"},\"thumbnailUrl\":\"https:\\\/\\\/janze-athletisme.fr\\\/wordpress\\\/wp-content\\\/uploads\\\/2025\\\/06\\\/DSC_6786.jpg\",\"datePublished\":\"2025-06-07T13:19:04+00:00\",\"dateModified\":\"2025-07-10T19:00:06+00:00\",\"breadcrumb\":{\"@id\":\"https:\\\/\\\/janze-athletisme.fr\\\/wordpress\\\/relais-8-2-2-8-les-filles-ont-fait-forte-impression\\\/#breadcrumb\"},\"inLanguage\":\"fr-FR\",\"potentialAction\":[{\"@type\":\"ReadAction\",\"target\":[\"https:\\\/\\\/janze-athletisme.fr\\\/wordpress\\\/relais-8-2-2-8-les-filles-ont-fait-forte-impression\\\/\"]}]},{\"@type\":\"ImageObject\",\"inLanguage\":\"fr-FR\",\"@id\":\"https:\\\/\\\/janze-athletisme.fr\\\/wordpress\\\/relais-8-2-2-8-les-filles-ont-fait-forte-impression\\\/#primaryimage\",\"url\":\"https:\\\/\\\/janze-athletisme.fr\\\/wordpress\\\/wp-content\\\/uploads\\\/2025\\\/06\\\/DSC_6786.jpg\",\"contentUrl\":\"https:\\\/\\\/janze-athletisme.fr\\\/wordpress\\\/wp-content\\\/uploads\\\/2025\\\/06\\\/DSC_6786.jpg\",\"width\":1200,\"height\":1200},{\"@type\":\"BreadcrumbList\",\"@id\":\"https:\\\/\\\/janze-athletisme.fr\\\/wordpress\\\/relais-8-2-2-8-les-filles-ont-fait-forte-impression\\\/#breadcrumb\",\"itemListElement\":[{\"@type\":\"ListItem\",\"position\":1,\"name\":\"Accueil\",\"item\":\"https:\\\/\\\/janze-athletisme.fr\\\/wordpress\\\/\"},{\"@type\":\"ListItem\",\"position\":2,\"name\":\"Relais 8\\\/2\\\/2\\\/8 : les filles ont fait forte impression\"}]},{\"@type\":\"WebSite\",\"@id\":\"https:\\\/\\\/janze-athletisme.fr\\\/wordpress\\\/#website\",\"url\":\"https:\\\/\\\/janze-athletisme.fr\\\/wordpress\\\/\",\"name\":\"Janz\u00e9 Athl\u00e9tisme\",\"description\":\"Pays de La Roche aux F\u00e9es\",\"publisher\":{\"@id\":\"https:\\\/\\\/janze-athletisme.fr\\\/wordpress\\\/#organization\"},\"potentialAction\":[{\"@type\":\"SearchAction\",\"target\":{\"@type\":\"EntryPoint\",\"urlTemplate\":\"https:\\\/\\\/janze-athletisme.fr\\\/wordpress\\\/?s={search_term_string}\"},\"query-input\":{\"@type\":\"PropertyValueSpecification\",\"valueRequired\":true,\"valueName\":\"search_term_string\"}}],\"inLanguage\":\"fr-FR\"},{\"@type\":\"Organization\",\"@id\":\"https:\\\/\\\/janze-athletisme.fr\\\/wordpress\\\/#organization\",\"name\":\"Janz\u00e9 Athl\u00e9tisme\",\"url\":\"https:\\\/\\\/janze-athletisme.fr\\\/wordpress\\\/\",\"logo\":{\"@type\":\"ImageObject\",\"inLanguage\":\"fr-FR\",\"@id\":\"https:\\\/\\\/janze-athletisme.fr\\\/wordpress\\\/#\\\/schema\\\/logo\\\/image\\\/\",\"url\":\"https:\\\/\\\/janze-athletisme.fr\\\/wordpress\\\/wp-content\\\/uploads\\\/2015\\\/03\\\/logo-full1.jpg\",\"contentUrl\":\"https:\\\/\\\/janze-athletisme.fr\\\/wordpress\\\/wp-content\\\/uploads\\\/2015\\\/03\\\/logo-full1.jpg\",\"width\":437,\"height\":205,\"caption\":\"Janz\u00e9 Athl\u00e9tisme\"},\"image\":{\"@id\":\"https:\\\/\\\/janze-athletisme.fr\\\/wordpress\\\/#\\\/schema\\\/logo\\\/image\\\/\"},\"sameAs\":[\"https:\\\/\\\/www.facebook.com\\\/groups\\\/1007964579346590\"]},{\"@type\":\"Person\",\"@id\":\"https:\\\/\\\/janze-athletisme.fr\\\/wordpress\\\/#\\\/schema\\\/person\\\/c7b063dcfa6234c041d4d9b26cc2ea03\",\"name\":\"Laurent Meunier\",\"image\":{\"@type\":\"ImageObject\",\"inLanguage\":\"fr-FR\",\"@id\":\"https:\\\/\\\/secure.gravatar.com\\\/avatar\\\/dd25d581ad7c3349090f2fa6a9adb6bfa287e6a5dd8a5216a092727cd8749034?s=96&d=mm&r=g\",\"url\":\"https:\\\/\\\/secure.gravatar.com\\\/avatar\\\/dd25d581ad7c3349090f2fa6a9adb6bfa287e6a5dd8a5216a092727cd8749034?s=96&d=mm&r=g\",\"contentUrl\":\"https:\\\/\\\/secure.gravatar.com\\\/avatar\\\/dd25d581ad7c3349090f2fa6a9adb6bfa287e6a5dd8a5216a092727cd8749034?s=96&d=mm&r=g\",\"caption\":\"Laurent Meunier\"},\"url\":\"https:\\\/\\\/janze-athletisme.fr\\\/wordpress\\\/author\\\/laurent-meunier35\\\/\"}]}<\/script>\n<!-- \/ Yoast SEO plugin. -->","yoast_head_json":{"title":"Relais 8\/2\/2\/8 : les filles ont fait forte impression - Janz\u00e9 Athl\u00e9tisme","robots":{"index":"index","follow":"follow","max-snippet":"max-snippet:-1","max-image-preview":"max-image-preview:large","max-video-preview":"max-video-preview:-1"},"canonical":"https:\/\/janze-athletisme.fr\/wordpress\/relais-8-2-2-8-les-filles-ont-fait-forte-impression\/","og_locale":"fr_FR","og_type":"article","og_title":"Relais 8\/2\/2\/8 : les filles ont fait forte impression - Janz\u00e9 Athl\u00e9tisme","og_description":"Meeting EAPB, Montfort-sur-Meu, vendredi 6 juin Nous en avions parl\u00e9, avec Mathieu, d\u00e8s le stage de P\u00e2ques \u00e0 Pornic. L&rsquo;id\u00e9e de monter un relais 800\/200\/200\/800m minimes nous trottait dans la t\u00eate. Nous \u00e9tions rest\u00e9s sur la belle impression des tentatives 2022 et 2023, avec, en particulier, en 2023, \u00e0 Toulon, une 4e place nationale de [&hellip;]","og_url":"https:\/\/janze-athletisme.fr\/wordpress\/relais-8-2-2-8-les-filles-ont-fait-forte-impression\/","og_site_name":"Janz\u00e9 Athl\u00e9tisme","article_publisher":"https:\/\/www.facebook.com\/groups\/1007964579346590","article_published_time":"2025-06-07T13:19:04+00:00","article_modified_time":"2025-07-10T19:00:06+00:00","og_image":[{"width":1200,"height":1200,"url":"https:\/\/janze-athletisme.fr\/wordpress\/wp-content\/uploads\/2025\/06\/DSC_6786.jpg","type":"image\/jpeg"}],"author":"Laurent Meunier","twitter_card":"summary_large_image","twitter_misc":{"\u00c9crit par":"Laurent Meunier","Dur\u00e9e de lecture estim\u00e9e":"6 minutes"},"schema":{"@context":"https:\/\/schema.org","@graph":[{"@type":"Article","@id":"https:\/\/janze-athletisme.fr\/wordpress\/relais-8-2-2-8-les-filles-ont-fait-forte-impression\/#article","isPartOf":{"@id":"https:\/\/janze-athletisme.fr\/wordpress\/relais-8-2-2-8-les-filles-ont-fait-forte-impression\/"},"author":{"name":"Laurent Meunier","@id":"https:\/\/janze-athletisme.fr\/wordpress\/#\/schema\/person\/c7b063dcfa6234c041d4d9b26cc2ea03"},"headline":"Relais 8\/2\/2\/8 : les filles ont fait forte impression","datePublished":"2025-06-07T13:19:04+00:00","dateModified":"2025-07-10T19:00:06+00:00","mainEntityOfPage":{"@id":"https:\/\/janze-athletisme.fr\/wordpress\/relais-8-2-2-8-les-filles-ont-fait-forte-impression\/"},"wordCount":493,"commentCount":0,"publisher":{"@id":"https:\/\/janze-athletisme.fr\/wordpress\/#organization"},"image":{"@id":"https:\/\/janze-athletisme.fr\/wordpress\/relais-8-2-2-8-les-filles-ont-fait-forte-impression\/#primaryimage"},"thumbnailUrl":"https:\/\/janze-athletisme.fr\/wordpress\/wp-content\/uploads\/2025\/06\/DSC_6786.jpg","articleSection":["Le club au jour le jour"],"inLanguage":"fr-FR","potentialAction":[{"@type":"CommentAction","name":"Comment","target":["https:\/\/janze-athletisme.fr\/wordpress\/relais-8-2-2-8-les-filles-ont-fait-forte-impression\/#respond"]}]},{"@type":"WebPage","@id":"https:\/\/janze-athletisme.fr\/wordpress\/relais-8-2-2-8-les-filles-ont-fait-forte-impression\/","url":"https:\/\/janze-athletisme.fr\/wordpress\/relais-8-2-2-8-les-filles-ont-fait-forte-impression\/","name":"Relais 8\/2\/2\/8 : les filles ont fait forte impression - Janz\u00e9 Athl\u00e9tisme","isPartOf":{"@id":"https:\/\/janze-athletisme.fr\/wordpress\/#website"},"primaryImageOfPage":{"@id":"https:\/\/janze-athletisme.fr\/wordpress\/relais-8-2-2-8-les-filles-ont-fait-forte-impression\/#primaryimage"},"image":{"@id":"https:\/\/janze-athletisme.fr\/wordpress\/relais-8-2-2-8-les-filles-ont-fait-forte-impression\/#primaryimage"},"thumbnailUrl":"https:\/\/janze-athletisme.fr\/wordpress\/wp-content\/uploads\/2025\/06\/DSC_6786.jpg","datePublished":"2025-06-07T13:19:04+00:00","dateModified":"2025-07-10T19:00:06+00:00","breadcrumb":{"@id":"https:\/\/janze-athletisme.fr\/wordpress\/relais-8-2-2-8-les-filles-ont-fait-forte-impression\/#breadcrumb"},"inLanguage":"fr-FR","potentialAction":[{"@type":"ReadAction","target":["https:\/\/janze-athletisme.fr\/wordpress\/relais-8-2-2-8-les-filles-ont-fait-forte-impression\/"]}]},{"@type":"ImageObject","inLanguage":"fr-FR","@id":"https:\/\/janze-athletisme.fr\/wordpress\/relais-8-2-2-8-les-filles-ont-fait-forte-impression\/#primaryimage","url":"https:\/\/janze-athletisme.fr\/wordpress\/wp-content\/uploads\/2025\/06\/DSC_6786.jpg","contentUrl":"https:\/\/janze-athletisme.fr\/wordpress\/wp-content\/uploads\/2025\/06\/DSC_6786.jpg","width":1200,"height":1200},{"@type":"BreadcrumbList","@id":"https:\/\/janze-athletisme.fr\/wordpress\/relais-8-2-2-8-les-filles-ont-fait-forte-impression\/#breadcrumb","itemListElement":[{"@type":"ListItem","position":1,"name":"Accueil","item":"https:\/\/janze-athletisme.fr\/wordpress\/"},{"@type":"ListItem","position":2,"name":"Relais 8\/2\/2\/8 : les filles ont fait forte impression"}]},{"@type":"WebSite","@id":"https:\/\/janze-athletisme.fr\/wordpress\/#website","url":"https:\/\/janze-athletisme.fr\/wordpress\/","name":"Janz\u00e9 Athl\u00e9tisme","description":"Pays de La Roche aux F\u00e9es","publisher":{"@id":"https:\/\/janze-athletisme.fr\/wordpress\/#organization"},"potentialAction":[{"@type":"SearchAction","target":{"@type":"EntryPoint","urlTemplate":"https:\/\/janze-athletisme.fr\/wordpress\/?s={search_term_string}"},"query-input":{"@type":"PropertyValueSpecification","valueRequired":true,"valueName":"search_term_string"}}],"inLanguage":"fr-FR"},{"@type":"Organization","@id":"https:\/\/janze-athletisme.fr\/wordpress\/#organization","name":"Janz\u00e9 Athl\u00e9tisme","url":"https:\/\/janze-athletisme.fr\/wordpress\/","logo":{"@type":"ImageObject","inLanguage":"fr-FR","@id":"https:\/\/janze-athletisme.fr\/wordpress\/#\/schema\/logo\/image\/","url":"https:\/\/janze-athletisme.fr\/wordpress\/wp-content\/uploads\/2015\/03\/logo-full1.jpg","contentUrl":"https:\/\/janze-athletisme.fr\/wordpress\/wp-content\/uploads\/2015\/03\/logo-full1.jpg","width":437,"height":205,"caption":"Janz\u00e9 Athl\u00e9tisme"},"image":{"@id":"https:\/\/janze-athletisme.fr\/wordpress\/#\/schema\/logo\/image\/"},"sameAs":["https:\/\/www.facebook.com\/groups\/1007964579346590"]},{"@type":"Person","@id":"https:\/\/janze-athletisme.fr\/wordpress\/#\/schema\/person\/c7b063dcfa6234c041d4d9b26cc2ea03","name":"Laurent Meunier","image":{"@type":"ImageObject","inLanguage":"fr-FR","@id":"https:\/\/secure.gravatar.com\/avatar\/dd25d581ad7c3349090f2fa6a9adb6bfa287e6a5dd8a5216a092727cd8749034?s=96&d=mm&r=g","url":"https:\/\/secure.gravatar.com\/avatar\/dd25d581ad7c3349090f2fa6a9adb6bfa287e6a5dd8a5216a092727cd8749034?s=96&d=mm&r=g","contentUrl":"https:\/\/secure.gravatar.com\/avatar\/dd25d581ad7c3349090f2fa6a9adb6bfa287e6a5dd8a5216a092727cd8749034?s=96&d=mm&r=g","caption":"Laurent Meunier"},"url":"https:\/\/janze-athletisme.fr\/wordpress\/author\/laurent-meunier35\/"}]}},"uagb_featured_image_src":{"full":["https:\/\/janze-athletisme.fr\/wordpress\/wp-content\/uploads\/2025\/06\/DSC_6786.jpg",1200,1200,false],"thumbnail":["https:\/\/janze-athletisme.fr\/wordpress\/wp-content\/uploads\/2025\/06\/DSC_6786-150x150.jpg",150,150,true],"medium":["https:\/\/janze-athletisme.fr\/wordpress\/wp-content\/uploads\/2025\/06\/DSC_6786-300x300.jpg",300,300,true],"medium_large":["https:\/\/janze-athletisme.fr\/wordpress\/wp-content\/uploads\/2025\/06\/DSC_6786-768x768.jpg",768,768,true],"large":["https:\/\/janze-athletisme.fr\/wordpress\/wp-content\/uploads\/2025\/06\/DSC_6786-1024x1024.jpg",1024,1024,true],"1536x1536":["https:\/\/janze-athletisme.fr\/wordpress\/wp-content\/uploads\/2025\/06\/DSC_6786.jpg",1200,1200,false],"2048x2048":["https:\/\/janze-athletisme.fr\/wordpress\/wp-content\/uploads\/2025\/06\/DSC_6786.jpg",1200,1200,false]},"uagb_author_info":{"display_name":"Laurent Meunier","author_link":"https:\/\/janze-athletisme.fr\/wordpress\/author\/laurent-meunier35\/"},"uagb_comment_info":0,"uagb_excerpt":"Meeting EAPB, Montfort-sur-Meu, vendredi 6 juin Nous en avions parl\u00e9, avec Mathieu, d\u00e8s le stage de P\u00e2ques \u00e0 Pornic. L&rsquo;id\u00e9e de monter un relais 800\/200\/200\/800m minimes nous trottait dans la t\u00eate. Nous \u00e9tions rest\u00e9s sur la belle impression des tentatives 2022 et 2023, avec, en particulier, en 2023, \u00e0 Toulon, une 4e place nationale de\u2026","_links":{"self":[{"href":"https:\/\/janze-athletisme.fr\/wordpress\/wp-json\/wp\/v2\/posts\/25680","targetHints":{"allow":["GET"]}}],"collection":[{"href":"https:\/\/janze-athletisme.fr\/wordpress\/wp-json\/wp\/v2\/posts"}],"about":[{"href":"https:\/\/janze-athletisme.fr\/wordpress\/wp-json\/wp\/v2\/types\/post"}],"author":[{"embeddable":true,"href":"https:\/\/janze-athletisme.fr\/wordpress\/wp-json\/wp\/v2\/users\/12"}],"replies":[{"embeddable":true,"href":"https:\/\/janze-athletisme.fr\/wordpress\/wp-json\/wp\/v2\/comments?post=25680"}],"version-history":[{"count":10,"href":"https:\/\/janze-athletisme.fr\/wordpress\/wp-json\/wp\/v2\/posts\/25680\/revisions"}],"predecessor-version":[{"id":26578,"href":"https:\/\/janze-athletisme.fr\/wordpress\/wp-json\/wp\/v2\/posts\/25680\/revisions\/26578"}],"wp:featuredmedia":[{"embeddable":true,"href":"https:\/\/janze-athletisme.fr\/wordpress\/wp-json\/wp\/v2\/media\/25694"}],"wp:attachment":[{"href":"https:\/\/janze-athletisme.fr\/wordpress\/wp-json\/wp\/v2\/media?parent=25680"}],"wp:term":[{"taxonomy":"category","embeddable":true,"href":"https:\/\/janze-athletisme.fr\/wordpress\/wp-json\/wp\/v2\/categories?post=25680"},{"taxonomy":"post_tag","embeddable":true,"href":"https:\/\/janze-athletisme.fr\/wordpress\/wp-json\/wp\/v2\/tags?post=25680"}],"curies":[{"name":"wp","href":"https:\/\/api.w.org\/{rel}","templated":true}]}}