{"id":25677,"date":"2025-06-05T11:20:19","date_gmt":"2025-06-05T09:20:19","guid":{"rendered":"https:\/\/janze-athletisme.fr\/wordpress\/?p=25677"},"modified":"2025-06-05T11:20:19","modified_gmt":"2025-06-05T09:20:19","slug":"le-programme-du-meeting-de-janze-2025-est-enfin-la","status":"publish","type":"post","link":"https:\/\/janze-athletisme.fr\/wordpress\/le-programme-du-meeting-de-janze-2025-est-enfin-la\/","title":{"rendered":"Le programme du Meeting de Janz\u00e9 2025 est enfin l\u00e0 !"},"content":{"rendered":"<p>\ud83d\udea8 HORAIRES OFFICIELS DISPONIBLES ! \ud83d\udea8<br \/>\nLe programme du Meeting de Janz\u00e9 2025 est enfin l\u00e0 \ud83d\uddd3\ufe0f\ud83d\udd25<\/p>\n<p>\ud83d\udccd Stade Louis Lecoq \u2013 Janz\u00e9<br \/>\n\ud83d\uddd3\ufe0f Samedi 12 juillet 2025<br \/>\n\ud83d\udca5 Deux temps forts :<br \/>\n\u2022\u2060 \u2060Meeting Jeunes (ouvert aux minimes) \u00e0 partir de 13h30<br \/>\n\u2022\u2060 \u2060Meeting \u00c9lite (\u00e0 partir de cadets) d\u00e8s 14h00<br \/>\n\ud83c\udf81 100\u20ac de prime pour chaque vainqueur \u00e9lite \ud83d\udcb8<\/p>\n<p>\ud83c\udfc3\u200d\u2642\ufe0f Sprint, haies, demi-fond, concours\u2026 il y en aura pour tous les go\u00fbts !<\/p>\n<p>\u23f3 Cl\u00f4ture des inscriptions : jeudi 10 juillet \u00e0 12h<br \/>\n\ud83d\udc49 Sur le site du comit\u00e9 35 \u2013 rubrique \u00ab engag\u00e9s \u00bb<br \/>\n\ud83d\udccc Aucun engagement sur place !<\/p>\n<p>\ud83d\udce3 On vous attend nombreux en piste, en tribunes, et sur les concours \ud83e\udde1<\/p>\n<p><a href=\"https:\/\/janze-athletisme.fr\/wordpress\/wp-content\/uploads\/2025\/06\/Horaires-Meeting-Janze-2025.pdf\">Horaires Meeting Janz\u00e9 2025<\/a><\/p>\n","protected":false},"excerpt":{"rendered":"<p>\ud83d\udea8 HORAIRES OFFICIELS DISPONIBLES ! \ud83d\udea8 Le programme du Meeting de Janz\u00e9 2025 est enfin l\u00e0 \ud83d\uddd3\ufe0f\ud83d\udd25 \ud83d\udccd Stade Louis Lecoq \u2013 Janz\u00e9 \ud83d\uddd3\ufe0f Samedi 12 juillet 2025 \ud83d\udca5 Deux temps forts : \u2022\u2060 \u2060Meeting Jeunes (ouvert aux minimes) \u00e0 partir de 13h30 \u2022\u2060 \u2060Meeting \u00c9lite (\u00e0 partir de cadets) d\u00e8s 14h00 \ud83c\udf81 100\u20ac de [&hellip;]<\/p>\n","protected":false},"author":11,"featured_media":25678,"comment_status":"open","ping_status":"open","sticky":false,"template":"","format":"aside","meta":{"_uag_custom_page_level_css":"","site-sidebar-layout":"default","site-content-layout":"","ast-site-content-layout":"default","site-content-style":"default","site-sidebar-style":"default","ast-global-header-display":"","ast-banner-title-visibility":"","ast-main-header-display":"","ast-hfb-above-header-display":"","ast-hfb-below-header-display":"","ast-hfb-mobile-header-display":"","site-post-title":"","ast-breadcrumbs-content":"","ast-featured-img":"","footer-sml-layout":"","ast-disable-related-posts":"","theme-transparent-header-meta":"default","adv-header-id-meta":"","stick-header-meta":"","header-above-stick-meta":"","header-main-stick-meta":"","header-below-stick-meta":"","astra-migrate-meta-layouts":"set","ast-page-background-enabled":"default","ast-page-background-meta":{"desktop":{"background-color":"var(--ast-global-color-4)","background-image":"","background-repeat":"repeat","background-position":"center center","background-size":"auto","background-attachment":"scroll","background-type":"","background-media":"","overlay-type":"","overlay-color":"","overlay-opacity":"","overlay-gradient":""},"tablet":{"background-color":"","background-image":"","background-repeat":"repeat","background-position":"center center","background-size":"auto","background-attachment":"scroll","background-type":"","background-media":"","overlay-type":"","overlay-color":"","overlay-opacity":"","overlay-gradient":""},"mobile":{"background-color":"","background-image":"","background-repeat":"repeat","background-position":"center center","background-size":"auto","background-attachment":"scroll","background-type":"","background-media":"","overlay-type":"","overlay-color":"","overlay-opacity":"","overlay-gradient":""}},"ast-content-background-meta":{"desktop":{"background-color":"var(--ast-global-color-5)","background-image":"","background-repeat":"repeat","background-position":"center center","background-size":"auto","background-attachment":"scroll","background-type":"","background-media":"","overlay-type":"","overlay-color":"","overlay-opacity":"","overlay-gradient":""},"tablet":{"background-color":"var(--ast-global-color-5)","background-image":"","background-repeat":"repeat","background-position":"center center","background-size":"auto","background-attachment":"scroll","background-type":"","background-media":"","overlay-type":"","overlay-color":"","overlay-opacity":"","overlay-gradient":""},"mobile":{"background-color":"var(--ast-global-color-5)","background-image":"","background-repeat":"repeat","background-position":"center center","background-size":"auto","background-attachment":"scroll","background-type":"","background-media":"","overlay-type":"","overlay-color":"","overlay-opacity":"","overlay-gradient":""}},"footnotes":""},"categories":[6],"tags":[],"class_list":["post-25677","post","type-post","status-publish","format-aside","has-post-thumbnail","hentry","category-sections","post_format-post-format-aside"],"yoast_head":"<!-- This site is optimized with the Yoast SEO plugin v27.4 - https:\/\/yoast.com\/product\/yoast-seo-wordpress\/ -->\n<title>Le programme du Meeting de Janz\u00e9 2025 est enfin l\u00e0 ! - Janz\u00e9 Athl\u00e9tisme<\/title>\n<meta name=\"robots\" content=\"index, follow, max-snippet:-1, max-image-preview:large, max-video-preview:-1\" \/>\n<link rel=\"canonical\" href=\"https:\/\/janze-athletisme.fr\/wordpress\/le-programme-du-meeting-de-janze-2025-est-enfin-la\/\" \/>\n<meta property=\"og:locale\" content=\"fr_FR\" \/>\n<meta property=\"og:type\" content=\"article\" \/>\n<meta property=\"og:title\" content=\"Le programme du Meeting de Janz\u00e9 2025 est enfin l\u00e0 ! - Janz\u00e9 Athl\u00e9tisme\" \/>\n<meta property=\"og:description\" content=\"\ud83d\udea8 HORAIRES OFFICIELS DISPONIBLES ! \ud83d\udea8 Le programme du Meeting de Janz\u00e9 2025 est enfin l\u00e0 \ud83d\uddd3\ufe0f\ud83d\udd25 \ud83d\udccd Stade Louis Lecoq \u2013 Janz\u00e9 \ud83d\uddd3\ufe0f Samedi 12 juillet 2025 \ud83d\udca5 Deux temps forts : \u2022\u2060 \u2060Meeting Jeunes (ouvert aux minimes) \u00e0 partir de 13h30 \u2022\u2060 \u2060Meeting \u00c9lite (\u00e0 partir de cadets) d\u00e8s 14h00 \ud83c\udf81 100\u20ac de [&hellip;]\" \/>\n<meta property=\"og:url\" content=\"https:\/\/janze-athletisme.fr\/wordpress\/le-programme-du-meeting-de-janze-2025-est-enfin-la\/\" \/>\n<meta property=\"og:site_name\" content=\"Janz\u00e9 Athl\u00e9tisme\" \/>\n<meta property=\"article:publisher\" content=\"https:\/\/www.facebook.com\/groups\/1007964579346590\" \/>\n<meta property=\"article:published_time\" content=\"2025-06-05T09:20:19+00:00\" \/>\n<meta name=\"author\" content=\"Mathieu Henry\" \/>\n<meta name=\"twitter:card\" content=\"summary_large_image\" \/>\n<meta name=\"twitter:label1\" content=\"\u00c9crit par\" \/>\n\t<meta name=\"twitter:data1\" content=\"Mathieu Henry\" \/>\n\t<meta name=\"twitter:label2\" content=\"Dur\u00e9e de lecture estim\u00e9e\" \/>\n\t<meta name=\"twitter:data2\" content=\"1 minute\" \/>\n<script type=\"application\/ld+json\" class=\"yoast-schema-graph\">{\"@context\":\"https:\\\/\\\/schema.org\",\"@graph\":[{\"@type\":\"Article\",\"@id\":\"https:\\\/\\\/janze-athletisme.fr\\\/wordpress\\\/le-programme-du-meeting-de-janze-2025-est-enfin-la\\\/#article\",\"isPartOf\":{\"@id\":\"https:\\\/\\\/janze-athletisme.fr\\\/wordpress\\\/le-programme-du-meeting-de-janze-2025-est-enfin-la\\\/\"},\"author\":{\"name\":\"Mathieu Henry\",\"@id\":\"https:\\\/\\\/janze-athletisme.fr\\\/wordpress\\\/#\\\/schema\\\/person\\\/18fefdd57ab54de1e0b2b03ce255394c\"},\"headline\":\"Le programme du Meeting de Janz\u00e9 2025 est enfin l\u00e0 !\",\"datePublished\":\"2025-06-05T09:20:19+00:00\",\"mainEntityOfPage\":{\"@id\":\"https:\\\/\\\/janze-athletisme.fr\\\/wordpress\\\/le-programme-du-meeting-de-janze-2025-est-enfin-la\\\/\"},\"wordCount\":99,\"commentCount\":1,\"publisher\":{\"@id\":\"https:\\\/\\\/janze-athletisme.fr\\\/wordpress\\\/#organization\"},\"image\":{\"@id\":\"https:\\\/\\\/janze-athletisme.fr\\\/wordpress\\\/le-programme-du-meeting-de-janze-2025-est-enfin-la\\\/#primaryimage\"},\"thumbnailUrl\":\"https:\\\/\\\/janze-athletisme.fr\\\/wordpress\\\/wp-content\\\/uploads\\\/2025\\\/06\\\/Horaires-Meeting-Janze-2025-pdf.jpg\",\"articleSection\":[\"Le club au jour le jour\"],\"inLanguage\":\"fr-FR\",\"potentialAction\":[{\"@type\":\"CommentAction\",\"name\":\"Comment\",\"target\":[\"https:\\\/\\\/janze-athletisme.fr\\\/wordpress\\\/le-programme-du-meeting-de-janze-2025-est-enfin-la\\\/#respond\"]}]},{\"@type\":\"WebPage\",\"@id\":\"https:\\\/\\\/janze-athletisme.fr\\\/wordpress\\\/le-programme-du-meeting-de-janze-2025-est-enfin-la\\\/\",\"url\":\"https:\\\/\\\/janze-athletisme.fr\\\/wordpress\\\/le-programme-du-meeting-de-janze-2025-est-enfin-la\\\/\",\"name\":\"Le programme du Meeting de Janz\u00e9 2025 est enfin l\u00e0 ! - Janz\u00e9 Athl\u00e9tisme\",\"isPartOf\":{\"@id\":\"https:\\\/\\\/janze-athletisme.fr\\\/wordpress\\\/#website\"},\"primaryImageOfPage\":{\"@id\":\"https:\\\/\\\/janze-athletisme.fr\\\/wordpress\\\/le-programme-du-meeting-de-janze-2025-est-enfin-la\\\/#primaryimage\"},\"image\":{\"@id\":\"https:\\\/\\\/janze-athletisme.fr\\\/wordpress\\\/le-programme-du-meeting-de-janze-2025-est-enfin-la\\\/#primaryimage\"},\"thumbnailUrl\":\"https:\\\/\\\/janze-athletisme.fr\\\/wordpress\\\/wp-content\\\/uploads\\\/2025\\\/06\\\/Horaires-Meeting-Janze-2025-pdf.jpg\",\"datePublished\":\"2025-06-05T09:20:19+00:00\",\"breadcrumb\":{\"@id\":\"https:\\\/\\\/janze-athletisme.fr\\\/wordpress\\\/le-programme-du-meeting-de-janze-2025-est-enfin-la\\\/#breadcrumb\"},\"inLanguage\":\"fr-FR\",\"potentialAction\":[{\"@type\":\"ReadAction\",\"target\":[\"https:\\\/\\\/janze-athletisme.fr\\\/wordpress\\\/le-programme-du-meeting-de-janze-2025-est-enfin-la\\\/\"]}]},{\"@type\":\"ImageObject\",\"inLanguage\":\"fr-FR\",\"@id\":\"https:\\\/\\\/janze-athletisme.fr\\\/wordpress\\\/le-programme-du-meeting-de-janze-2025-est-enfin-la\\\/#primaryimage\",\"url\":\"https:\\\/\\\/janze-athletisme.fr\\\/wordpress\\\/wp-content\\\/uploads\\\/2025\\\/06\\\/Horaires-Meeting-Janze-2025-pdf.jpg\",\"contentUrl\":\"https:\\\/\\\/janze-athletisme.fr\\\/wordpress\\\/wp-content\\\/uploads\\\/2025\\\/06\\\/Horaires-Meeting-Janze-2025-pdf.jpg\"},{\"@type\":\"BreadcrumbList\",\"@id\":\"https:\\\/\\\/janze-athletisme.fr\\\/wordpress\\\/le-programme-du-meeting-de-janze-2025-est-enfin-la\\\/#breadcrumb\",\"itemListElement\":[{\"@type\":\"ListItem\",\"position\":1,\"name\":\"Accueil\",\"item\":\"https:\\\/\\\/janze-athletisme.fr\\\/wordpress\\\/\"},{\"@type\":\"ListItem\",\"position\":2,\"name\":\"Le programme du Meeting de Janz\u00e9 2025 est enfin l\u00e0 !\"}]},{\"@type\":\"WebSite\",\"@id\":\"https:\\\/\\\/janze-athletisme.fr\\\/wordpress\\\/#website\",\"url\":\"https:\\\/\\\/janze-athletisme.fr\\\/wordpress\\\/\",\"name\":\"Janz\u00e9 Athl\u00e9tisme\",\"description\":\"Pays de La Roche aux F\u00e9es\",\"publisher\":{\"@id\":\"https:\\\/\\\/janze-athletisme.fr\\\/wordpress\\\/#organization\"},\"potentialAction\":[{\"@type\":\"SearchAction\",\"target\":{\"@type\":\"EntryPoint\",\"urlTemplate\":\"https:\\\/\\\/janze-athletisme.fr\\\/wordpress\\\/?s={search_term_string}\"},\"query-input\":{\"@type\":\"PropertyValueSpecification\",\"valueRequired\":true,\"valueName\":\"search_term_string\"}}],\"inLanguage\":\"fr-FR\"},{\"@type\":\"Organization\",\"@id\":\"https:\\\/\\\/janze-athletisme.fr\\\/wordpress\\\/#organization\",\"name\":\"Janz\u00e9 Athl\u00e9tisme\",\"url\":\"https:\\\/\\\/janze-athletisme.fr\\\/wordpress\\\/\",\"logo\":{\"@type\":\"ImageObject\",\"inLanguage\":\"fr-FR\",\"@id\":\"https:\\\/\\\/janze-athletisme.fr\\\/wordpress\\\/#\\\/schema\\\/logo\\\/image\\\/\",\"url\":\"https:\\\/\\\/janze-athletisme.fr\\\/wordpress\\\/wp-content\\\/uploads\\\/2015\\\/03\\\/logo-full1.jpg\",\"contentUrl\":\"https:\\\/\\\/janze-athletisme.fr\\\/wordpress\\\/wp-content\\\/uploads\\\/2015\\\/03\\\/logo-full1.jpg\",\"width\":437,\"height\":205,\"caption\":\"Janz\u00e9 Athl\u00e9tisme\"},\"image\":{\"@id\":\"https:\\\/\\\/janze-athletisme.fr\\\/wordpress\\\/#\\\/schema\\\/logo\\\/image\\\/\"},\"sameAs\":[\"https:\\\/\\\/www.facebook.com\\\/groups\\\/1007964579346590\"]},{\"@type\":\"Person\",\"@id\":\"https:\\\/\\\/janze-athletisme.fr\\\/wordpress\\\/#\\\/schema\\\/person\\\/18fefdd57ab54de1e0b2b03ce255394c\",\"name\":\"Mathieu Henry\",\"image\":{\"@type\":\"ImageObject\",\"inLanguage\":\"fr-FR\",\"@id\":\"https:\\\/\\\/secure.gravatar.com\\\/avatar\\\/e40c9603c4663261ec2699b75966809103fea0f6b606ac4b27fd3f4ff80d3e64?s=96&d=mm&r=g\",\"url\":\"https:\\\/\\\/secure.gravatar.com\\\/avatar\\\/e40c9603c4663261ec2699b75966809103fea0f6b606ac4b27fd3f4ff80d3e64?s=96&d=mm&r=g\",\"contentUrl\":\"https:\\\/\\\/secure.gravatar.com\\\/avatar\\\/e40c9603c4663261ec2699b75966809103fea0f6b606ac4b27fd3f4ff80d3e64?s=96&d=mm&r=g\",\"caption\":\"Mathieu Henry\"},\"url\":\"https:\\\/\\\/janze-athletisme.fr\\\/wordpress\\\/author\\\/mhenry35150\\\/\"}]}<\/script>\n<!-- \/ Yoast SEO plugin. -->","yoast_head_json":{"title":"Le programme du Meeting de Janz\u00e9 2025 est enfin l\u00e0 ! - Janz\u00e9 Athl\u00e9tisme","robots":{"index":"index","follow":"follow","max-snippet":"max-snippet:-1","max-image-preview":"max-image-preview:large","max-video-preview":"max-video-preview:-1"},"canonical":"https:\/\/janze-athletisme.fr\/wordpress\/le-programme-du-meeting-de-janze-2025-est-enfin-la\/","og_locale":"fr_FR","og_type":"article","og_title":"Le programme du Meeting de Janz\u00e9 2025 est enfin l\u00e0 ! - Janz\u00e9 Athl\u00e9tisme","og_description":"\ud83d\udea8 HORAIRES OFFICIELS DISPONIBLES ! \ud83d\udea8 Le programme du Meeting de Janz\u00e9 2025 est enfin l\u00e0 \ud83d\uddd3\ufe0f\ud83d\udd25 \ud83d\udccd Stade Louis Lecoq \u2013 Janz\u00e9 \ud83d\uddd3\ufe0f Samedi 12 juillet 2025 \ud83d\udca5 Deux temps forts : \u2022\u2060 \u2060Meeting Jeunes (ouvert aux minimes) \u00e0 partir de 13h30 \u2022\u2060 \u2060Meeting \u00c9lite (\u00e0 partir de cadets) d\u00e8s 14h00 \ud83c\udf81 100\u20ac de [&hellip;]","og_url":"https:\/\/janze-athletisme.fr\/wordpress\/le-programme-du-meeting-de-janze-2025-est-enfin-la\/","og_site_name":"Janz\u00e9 Athl\u00e9tisme","article_publisher":"https:\/\/www.facebook.com\/groups\/1007964579346590","article_published_time":"2025-06-05T09:20:19+00:00","author":"Mathieu Henry","twitter_card":"summary_large_image","twitter_misc":{"\u00c9crit par":"Mathieu Henry","Dur\u00e9e de lecture estim\u00e9e":"1 minute"},"schema":{"@context":"https:\/\/schema.org","@graph":[{"@type":"Article","@id":"https:\/\/janze-athletisme.fr\/wordpress\/le-programme-du-meeting-de-janze-2025-est-enfin-la\/#article","isPartOf":{"@id":"https:\/\/janze-athletisme.fr\/wordpress\/le-programme-du-meeting-de-janze-2025-est-enfin-la\/"},"author":{"name":"Mathieu Henry","@id":"https:\/\/janze-athletisme.fr\/wordpress\/#\/schema\/person\/18fefdd57ab54de1e0b2b03ce255394c"},"headline":"Le programme du Meeting de Janz\u00e9 2025 est enfin l\u00e0 !","datePublished":"2025-06-05T09:20:19+00:00","mainEntityOfPage":{"@id":"https:\/\/janze-athletisme.fr\/wordpress\/le-programme-du-meeting-de-janze-2025-est-enfin-la\/"},"wordCount":99,"commentCount":1,"publisher":{"@id":"https:\/\/janze-athletisme.fr\/wordpress\/#organization"},"image":{"@id":"https:\/\/janze-athletisme.fr\/wordpress\/le-programme-du-meeting-de-janze-2025-est-enfin-la\/#primaryimage"},"thumbnailUrl":"https:\/\/janze-athletisme.fr\/wordpress\/wp-content\/uploads\/2025\/06\/Horaires-Meeting-Janze-2025-pdf.jpg","articleSection":["Le club au jour le jour"],"inLanguage":"fr-FR","potentialAction":[{"@type":"CommentAction","name":"Comment","target":["https:\/\/janze-athletisme.fr\/wordpress\/le-programme-du-meeting-de-janze-2025-est-enfin-la\/#respond"]}]},{"@type":"WebPage","@id":"https:\/\/janze-athletisme.fr\/wordpress\/le-programme-du-meeting-de-janze-2025-est-enfin-la\/","url":"https:\/\/janze-athletisme.fr\/wordpress\/le-programme-du-meeting-de-janze-2025-est-enfin-la\/","name":"Le programme du Meeting de Janz\u00e9 2025 est enfin l\u00e0 ! - Janz\u00e9 Athl\u00e9tisme","isPartOf":{"@id":"https:\/\/janze-athletisme.fr\/wordpress\/#website"},"primaryImageOfPage":{"@id":"https:\/\/janze-athletisme.fr\/wordpress\/le-programme-du-meeting-de-janze-2025-est-enfin-la\/#primaryimage"},"image":{"@id":"https:\/\/janze-athletisme.fr\/wordpress\/le-programme-du-meeting-de-janze-2025-est-enfin-la\/#primaryimage"},"thumbnailUrl":"https:\/\/janze-athletisme.fr\/wordpress\/wp-content\/uploads\/2025\/06\/Horaires-Meeting-Janze-2025-pdf.jpg","datePublished":"2025-06-05T09:20:19+00:00","breadcrumb":{"@id":"https:\/\/janze-athletisme.fr\/wordpress\/le-programme-du-meeting-de-janze-2025-est-enfin-la\/#breadcrumb"},"inLanguage":"fr-FR","potentialAction":[{"@type":"ReadAction","target":["https:\/\/janze-athletisme.fr\/wordpress\/le-programme-du-meeting-de-janze-2025-est-enfin-la\/"]}]},{"@type":"ImageObject","inLanguage":"fr-FR","@id":"https:\/\/janze-athletisme.fr\/wordpress\/le-programme-du-meeting-de-janze-2025-est-enfin-la\/#primaryimage","url":"https:\/\/janze-athletisme.fr\/wordpress\/wp-content\/uploads\/2025\/06\/Horaires-Meeting-Janze-2025-pdf.jpg","contentUrl":"https:\/\/janze-athletisme.fr\/wordpress\/wp-content\/uploads\/2025\/06\/Horaires-Meeting-Janze-2025-pdf.jpg"},{"@type":"BreadcrumbList","@id":"https:\/\/janze-athletisme.fr\/wordpress\/le-programme-du-meeting-de-janze-2025-est-enfin-la\/#breadcrumb","itemListElement":[{"@type":"ListItem","position":1,"name":"Accueil","item":"https:\/\/janze-athletisme.fr\/wordpress\/"},{"@type":"ListItem","position":2,"name":"Le programme du Meeting de Janz\u00e9 2025 est enfin l\u00e0 !"}]},{"@type":"WebSite","@id":"https:\/\/janze-athletisme.fr\/wordpress\/#website","url":"https:\/\/janze-athletisme.fr\/wordpress\/","name":"Janz\u00e9 Athl\u00e9tisme","description":"Pays de La Roche aux F\u00e9es","publisher":{"@id":"https:\/\/janze-athletisme.fr\/wordpress\/#organization"},"potentialAction":[{"@type":"SearchAction","target":{"@type":"EntryPoint","urlTemplate":"https:\/\/janze-athletisme.fr\/wordpress\/?s={search_term_string}"},"query-input":{"@type":"PropertyValueSpecification","valueRequired":true,"valueName":"search_term_string"}}],"inLanguage":"fr-FR"},{"@type":"Organization","@id":"https:\/\/janze-athletisme.fr\/wordpress\/#organization","name":"Janz\u00e9 Athl\u00e9tisme","url":"https:\/\/janze-athletisme.fr\/wordpress\/","logo":{"@type":"ImageObject","inLanguage":"fr-FR","@id":"https:\/\/janze-athletisme.fr\/wordpress\/#\/schema\/logo\/image\/","url":"https:\/\/janze-athletisme.fr\/wordpress\/wp-content\/uploads\/2015\/03\/logo-full1.jpg","contentUrl":"https:\/\/janze-athletisme.fr\/wordpress\/wp-content\/uploads\/2015\/03\/logo-full1.jpg","width":437,"height":205,"caption":"Janz\u00e9 Athl\u00e9tisme"},"image":{"@id":"https:\/\/janze-athletisme.fr\/wordpress\/#\/schema\/logo\/image\/"},"sameAs":["https:\/\/www.facebook.com\/groups\/1007964579346590"]},{"@type":"Person","@id":"https:\/\/janze-athletisme.fr\/wordpress\/#\/schema\/person\/18fefdd57ab54de1e0b2b03ce255394c","name":"Mathieu Henry","image":{"@type":"ImageObject","inLanguage":"fr-FR","@id":"https:\/\/secure.gravatar.com\/avatar\/e40c9603c4663261ec2699b75966809103fea0f6b606ac4b27fd3f4ff80d3e64?s=96&d=mm&r=g","url":"https:\/\/secure.gravatar.com\/avatar\/e40c9603c4663261ec2699b75966809103fea0f6b606ac4b27fd3f4ff80d3e64?s=96&d=mm&r=g","contentUrl":"https:\/\/secure.gravatar.com\/avatar\/e40c9603c4663261ec2699b75966809103fea0f6b606ac4b27fd3f4ff80d3e64?s=96&d=mm&r=g","caption":"Mathieu Henry"},"url":"https:\/\/janze-athletisme.fr\/wordpress\/author\/mhenry35150\/"}]}},"uagb_featured_image_src":{"full":["https:\/\/janze-athletisme.fr\/wordpress\/wp-content\/uploads\/2025\/06\/Horaires-Meeting-Janze-2025-pdf.jpg",1497,2117,true],"thumbnail":["https:\/\/janze-athletisme.fr\/wordpress\/wp-content\/uploads\/2025\/06\/Horaires-Meeting-Janze-2025-pdf-106x150.jpg",106,150,true],"medium":["https:\/\/janze-athletisme.fr\/wordpress\/wp-content\/uploads\/2025\/06\/Horaires-Meeting-Janze-2025-pdf-212x300.jpg",212,300,true],"medium_large":["https:\/\/janze-athletisme.fr\/wordpress\/wp-content\/uploads\/2025\/06\/Horaires-Meeting-Janze-2025-pdf.jpg",768,1086,false],"large":["https:\/\/janze-athletisme.fr\/wordpress\/wp-content\/uploads\/2025\/06\/Horaires-Meeting-Janze-2025-pdf-724x1024.jpg",724,1024,true],"1536x1536":["https:\/\/janze-athletisme.fr\/wordpress\/wp-content\/uploads\/2025\/06\/Horaires-Meeting-Janze-2025-pdf.jpg",1086,1536,false],"2048x2048":["https:\/\/janze-athletisme.fr\/wordpress\/wp-content\/uploads\/2025\/06\/Horaires-Meeting-Janze-2025-pdf.jpg",1448,2048,false]},"uagb_author_info":{"display_name":"Mathieu Henry","author_link":"https:\/\/janze-athletisme.fr\/wordpress\/author\/mhenry35150\/"},"uagb_comment_info":1,"uagb_excerpt":"\ud83d\udea8 HORAIRES OFFICIELS DISPONIBLES ! \ud83d\udea8 Le programme du Meeting de Janz\u00e9 2025 est enfin l\u00e0 \ud83d\uddd3\ufe0f\ud83d\udd25 \ud83d\udccd Stade Louis Lecoq \u2013 Janz\u00e9 \ud83d\uddd3\ufe0f Samedi 12 juillet 2025 \ud83d\udca5 Deux temps forts : \u2022\u2060 \u2060Meeting Jeunes (ouvert aux minimes) \u00e0 partir de 13h30 \u2022\u2060 \u2060Meeting \u00c9lite (\u00e0 partir de cadets) d\u00e8s 14h00 \ud83c\udf81 100\u20ac de\u2026","_links":{"self":[{"href":"https:\/\/janze-athletisme.fr\/wordpress\/wp-json\/wp\/v2\/posts\/25677","targetHints":{"allow":["GET"]}}],"collection":[{"href":"https:\/\/janze-athletisme.fr\/wordpress\/wp-json\/wp\/v2\/posts"}],"about":[{"href":"https:\/\/janze-athletisme.fr\/wordpress\/wp-json\/wp\/v2\/types\/post"}],"author":[{"embeddable":true,"href":"https:\/\/janze-athletisme.fr\/wordpress\/wp-json\/wp\/v2\/users\/11"}],"replies":[{"embeddable":true,"href":"https:\/\/janze-athletisme.fr\/wordpress\/wp-json\/wp\/v2\/comments?post=25677"}],"version-history":[{"count":1,"href":"https:\/\/janze-athletisme.fr\/wordpress\/wp-json\/wp\/v2\/posts\/25677\/revisions"}],"predecessor-version":[{"id":25679,"href":"https:\/\/janze-athletisme.fr\/wordpress\/wp-json\/wp\/v2\/posts\/25677\/revisions\/25679"}],"wp:featuredmedia":[{"embeddable":true,"href":"https:\/\/janze-athletisme.fr\/wordpress\/wp-json\/wp\/v2\/media\/25678"}],"wp:attachment":[{"href":"https:\/\/janze-athletisme.fr\/wordpress\/wp-json\/wp\/v2\/media?parent=25677"}],"wp:term":[{"taxonomy":"category","embeddable":true,"href":"https:\/\/janze-athletisme.fr\/wordpress\/wp-json\/wp\/v2\/categories?post=25677"},{"taxonomy":"post_tag","embeddable":true,"href":"https:\/\/janze-athletisme.fr\/wordpress\/wp-json\/wp\/v2\/tags?post=25677"}],"curies":[{"name":"wp","href":"https:\/\/api.w.org\/{rel}","templated":true}]}}