{"id":25643,"date":"2025-06-04T00:37:40","date_gmt":"2025-06-03T22:37:40","guid":{"rendered":"https:\/\/janze-athletisme.fr\/wordpress\/?p=25643"},"modified":"2025-06-04T11:36:49","modified_gmt":"2025-06-04T09:36:49","slug":"26-performances-du-club-dans-les-10-meilleures-perfs-bretonnes","status":"publish","type":"post","link":"https:\/\/janze-athletisme.fr\/wordpress\/26-performances-du-club-dans-les-10-meilleures-perfs-bretonnes\/","title":{"rendered":"26 performances du club dans les 10 meilleures perfs bretonnes"},"content":{"rendered":"<p><span style=\"font-family: verdana, geneva, sans-serif\"><strong><span style=\"font-size: 18pt\">Bilans bretons au 31 mai<\/span><\/strong><\/span><\/p>\n<p><span style=\"font-family: verdana, geneva, sans-serif;font-size: 12pt\">A l&rsquo;amorce d&rsquo;un mois de juin riche en comp\u00e9titions, il nous a sembl\u00e9 int\u00e9ressant de jeter un \u0153il sur les bilans bretons pour voir o\u00f9 en \u00e9taient les athl\u00e8tes EAC. Nous pensions voir appara\u00eetre une quinzaine d&rsquo;occurrence : elles sont au final 51, o\u00f9 nos athl\u00e8tes, individuellement (40) ou en relais (11), sont dans les 10 premiers Bretons\/Bretonnes. Cela montre la qualit\u00e9 de notre entente, avec Bain et Cesson. Et encore n&rsquo;avons-nous regard\u00e9 que les cat\u00e9gories jeunes (minimes \u00e0 espoirs). Si l&rsquo;on ajoute les seniors et les masters, nous devons arriver \u00e0 une soixantaine d&rsquo;occurrences. Avec la palme pour les cousines Marie et Lucie Duvigneau (Cesson), en t\u00eate des bilans bretons sur 400m haies SEF et 400m CAF.<\/span><\/p>\n<p><span style=\"font-family: verdana, geneva, sans-serif;font-size: 12pt\">Pour Janz\u00e9 Athl\u00e9, hors relais (souvent partag\u00e9s avec Cesson), mais en associant les s\u0153urs Mah\u00e9 (Bain), qui s&rsquo;entra\u00eenent avec Janz\u00e9, nous arrivons \u00e0 26 occurrences sur les 40 recens\u00e9es (3 en espoirs, 6 en juniors, 7 en cadets\/cadettes, 10 en minimes). Ces 26 performances sont le fait de 15 athl\u00e8tes diff\u00e9rents (5 diff\u00e9rents pour Cesson, par comparaison, dans les cat\u00e9gories jeunes)&#8230; Il y a donc une incontestable vitalit\u00e9 de Janz\u00e9 Athl\u00e9, qu&rsquo;on peut saluer.<\/span><\/p>\n<p><span style=\"font-size: 14pt\"><strong><span style=\"text-decoration: underline\"><span style=\"font-family: verdana, geneva, sans-serif\">Espoirs<\/span><\/span><\/strong><\/span><\/p>\n<p><span style=\"font-family: verdana, geneva, sans-serif;font-size: 12pt\"><strong>Basile<\/strong> Chevrel est 7e du bilan breton au 31 mai sur 3000m (8&rsquo;32&Prime;16), 5km route (15&rsquo;14) et 10 km route (30&rsquo;53).<\/span><\/p>\n<p><span style=\"text-decoration: underline\"><span style=\"font-size: 14pt\"><strong><span style=\"font-family: verdana, geneva, sans-serif\">Juniors<\/span><\/strong><\/span><\/span><\/p>\n<p><span style=\"font-family: verdana, geneva, sans-serif;font-size: 12pt\"><strong>Thibault<\/strong> Vilay est 7e au d\u00e9cathlon (4708 points), 8e \u00e0 la hauteur (1m78), 5e \u00e0 l&rsquo;heptathlon en salle (3608 points), <strong>B\u00e9renger<\/strong> Tardif 7e \u00e0 l&rsquo;heptathlon en salle (3165 points), Elsa Mah\u00e9 4e du 5km route (19&rsquo;00) et 5e du 2000m steeple (7&rsquo;52&Prime;58).<\/span><\/p>\n<p><span style=\"text-decoration: underline\"><span style=\"font-size: 14pt;font-family: verdana, geneva, sans-serif\"><strong>Cadets \/ cadettes<\/strong><\/span><\/span><\/p>\n<p><span style=\"font-family: verdana, geneva, sans-serif;font-size: 12pt\"><strong>Manon<\/strong> Le Nard est 6e sur 400m haies (72&Prime;85), <strong>Sharleen<\/strong> Bourdin 8e \u00e0 la perche (2m40), <strong>L\u00e9a<\/strong> Robert 9e sur 800m (2&rsquo;23&Prime;65), <strong>Esteban<\/strong> Bouillaux 5e sur 3000m (9&rsquo;22&Prime;47) et 8e sur 5km route (16&rsquo;40), <strong>Rapha\u00ebl<\/strong> Bou\u00e9 6e sur 3000m (9&rsquo;24&Prime;42) et 7e sur 2000m steeple (6&rsquo;36&Prime;80).<\/span><\/p>\n<p><span style=\"text-decoration: underline;font-size: 14pt;font-family: verdana, geneva, sans-serif\"><strong>Minimes<\/strong><\/span><\/p>\n<p><span style=\"font-family: verdana, geneva, sans-serif;font-size: 12pt\"><strong>Justine<\/strong> Bourgault est 1\u00e8re ex-aequo au triathlon (120 points), 2e au triple saut (11m36) et \u00e0 la longueur (5m13), Rose Mah\u00e9 3e sur 1000m (3&rsquo;08&Prime;96) et 10e en hauteur (1m44),\u00a0 <strong>L\u00e9a<\/strong> Th\u00e9odin 6e en hauteur (1m48), <strong>Rose<\/strong> Meyer-Blanchot 10e sur 2000m (7&rsquo;21&Prime;09), <strong>Esteban<\/strong> Fleury 3e au disque (35m49), <strong>Sayhann<\/strong> Ksouda-Lain\u00e9 8e au marteau (23m09) et 10e au pentathlon en salle (2401 points).<\/span><\/p>\n","protected":false},"excerpt":{"rendered":"<p>Bilans bretons au 31 mai A l&rsquo;amorce d&rsquo;un mois de juin riche en comp\u00e9titions, il nous a sembl\u00e9 int\u00e9ressant de jeter un \u0153il sur les bilans bretons pour voir o\u00f9 en \u00e9taient les athl\u00e8tes EAC. Nous pensions voir appara\u00eetre une quinzaine d&rsquo;occurrence : elles sont au final 51, o\u00f9 nos athl\u00e8tes, individuellement (40) ou en [&hellip;]<\/p>\n","protected":false},"author":12,"featured_media":25644,"comment_status":"open","ping_status":"open","sticky":false,"template":"","format":"aside","meta":{"_uag_custom_page_level_css":"","site-sidebar-layout":"default","site-content-layout":"","ast-site-content-layout":"default","site-content-style":"default","site-sidebar-style":"default","ast-global-header-display":"","ast-banner-title-visibility":"","ast-main-header-display":"","ast-hfb-above-header-display":"","ast-hfb-below-header-display":"","ast-hfb-mobile-header-display":"","site-post-title":"","ast-breadcrumbs-content":"","ast-featured-img":"","footer-sml-layout":"","ast-disable-related-posts":"","theme-transparent-header-meta":"default","adv-header-id-meta":"","stick-header-meta":"","header-above-stick-meta":"","header-main-stick-meta":"","header-below-stick-meta":"","astra-migrate-meta-layouts":"set","ast-page-background-enabled":"default","ast-page-background-meta":{"desktop":{"background-color":"var(--ast-global-color-4)","background-image":"","background-repeat":"repeat","background-position":"center center","background-size":"auto","background-attachment":"scroll","background-type":"","background-media":"","overlay-type":"","overlay-color":"","overlay-opacity":"","overlay-gradient":""},"tablet":{"background-color":"","background-image":"","background-repeat":"repeat","background-position":"center center","background-size":"auto","background-attachment":"scroll","background-type":"","background-media":"","overlay-type":"","overlay-color":"","overlay-opacity":"","overlay-gradient":""},"mobile":{"background-color":"","background-image":"","background-repeat":"repeat","background-position":"center center","background-size":"auto","background-attachment":"scroll","background-type":"","background-media":"","overlay-type":"","overlay-color":"","overlay-opacity":"","overlay-gradient":""}},"ast-content-background-meta":{"desktop":{"background-color":"var(--ast-global-color-5)","background-image":"","background-repeat":"repeat","background-position":"center center","background-size":"auto","background-attachment":"scroll","background-type":"","background-media":"","overlay-type":"","overlay-color":"","overlay-opacity":"","overlay-gradient":""},"tablet":{"background-color":"var(--ast-global-color-5)","background-image":"","background-repeat":"repeat","background-position":"center center","background-size":"auto","background-attachment":"scroll","background-type":"","background-media":"","overlay-type":"","overlay-color":"","overlay-opacity":"","overlay-gradient":""},"mobile":{"background-color":"var(--ast-global-color-5)","background-image":"","background-repeat":"repeat","background-position":"center center","background-size":"auto","background-attachment":"scroll","background-type":"","background-media":"","overlay-type":"","overlay-color":"","overlay-opacity":"","overlay-gradient":""}},"footnotes":""},"categories":[6],"tags":[],"class_list":["post-25643","post","type-post","status-publish","format-aside","has-post-thumbnail","hentry","category-sections","post_format-post-format-aside"],"yoast_head":"<!-- This site is optimized with the Yoast SEO plugin v27.4 - https:\/\/yoast.com\/product\/yoast-seo-wordpress\/ -->\n<title>26 performances du club dans les 10 meilleures perfs bretonnes - Janz\u00e9 Athl\u00e9tisme<\/title>\n<meta name=\"robots\" content=\"index, follow, max-snippet:-1, max-image-preview:large, max-video-preview:-1\" \/>\n<link rel=\"canonical\" href=\"https:\/\/janze-athletisme.fr\/wordpress\/26-performances-du-club-dans-les-10-meilleures-perfs-bretonnes\/\" \/>\n<meta property=\"og:locale\" content=\"fr_FR\" \/>\n<meta property=\"og:type\" content=\"article\" \/>\n<meta property=\"og:title\" content=\"26 performances du club dans les 10 meilleures perfs bretonnes - Janz\u00e9 Athl\u00e9tisme\" \/>\n<meta property=\"og:description\" content=\"Bilans bretons au 31 mai A l&rsquo;amorce d&rsquo;un mois de juin riche en comp\u00e9titions, il nous a sembl\u00e9 int\u00e9ressant de jeter un \u0153il sur les bilans bretons pour voir o\u00f9 en \u00e9taient les athl\u00e8tes EAC. Nous pensions voir appara\u00eetre une quinzaine d&rsquo;occurrence : elles sont au final 51, o\u00f9 nos athl\u00e8tes, individuellement (40) ou en [&hellip;]\" \/>\n<meta property=\"og:url\" content=\"https:\/\/janze-athletisme.fr\/wordpress\/26-performances-du-club-dans-les-10-meilleures-perfs-bretonnes\/\" \/>\n<meta property=\"og:site_name\" content=\"Janz\u00e9 Athl\u00e9tisme\" \/>\n<meta property=\"article:publisher\" content=\"https:\/\/www.facebook.com\/groups\/1007964579346590\" \/>\n<meta property=\"article:published_time\" content=\"2025-06-03T22:37:40+00:00\" \/>\n<meta property=\"article:modified_time\" content=\"2025-06-04T09:36:49+00:00\" \/>\n<meta property=\"og:image\" content=\"https:\/\/janze-athletisme.fr\/wordpress\/wp-content\/uploads\/2025\/06\/Triathlon-MIF.png\" \/>\n\t<meta property=\"og:image:width\" content=\"669\" \/>\n\t<meta property=\"og:image:height\" content=\"613\" \/>\n\t<meta property=\"og:image:type\" content=\"image\/png\" \/>\n<meta name=\"author\" content=\"Laurent Meunier\" \/>\n<meta name=\"twitter:card\" content=\"summary_large_image\" \/>\n<meta name=\"twitter:label1\" content=\"\u00c9crit par\" \/>\n\t<meta name=\"twitter:data1\" content=\"Laurent Meunier\" \/>\n\t<meta name=\"twitter:label2\" content=\"Dur\u00e9e de lecture estim\u00e9e\" \/>\n\t<meta name=\"twitter:data2\" content=\"3 minutes\" \/>\n<script type=\"application\/ld+json\" class=\"yoast-schema-graph\">{\"@context\":\"https:\\\/\\\/schema.org\",\"@graph\":[{\"@type\":\"Article\",\"@id\":\"https:\\\/\\\/janze-athletisme.fr\\\/wordpress\\\/26-performances-du-club-dans-les-10-meilleures-perfs-bretonnes\\\/#article\",\"isPartOf\":{\"@id\":\"https:\\\/\\\/janze-athletisme.fr\\\/wordpress\\\/26-performances-du-club-dans-les-10-meilleures-perfs-bretonnes\\\/\"},\"author\":{\"name\":\"Laurent Meunier\",\"@id\":\"https:\\\/\\\/janze-athletisme.fr\\\/wordpress\\\/#\\\/schema\\\/person\\\/c7b063dcfa6234c041d4d9b26cc2ea03\"},\"headline\":\"26 performances du club dans les 10 meilleures perfs bretonnes\",\"datePublished\":\"2025-06-03T22:37:40+00:00\",\"dateModified\":\"2025-06-04T09:36:49+00:00\",\"mainEntityOfPage\":{\"@id\":\"https:\\\/\\\/janze-athletisme.fr\\\/wordpress\\\/26-performances-du-club-dans-les-10-meilleures-perfs-bretonnes\\\/\"},\"wordCount\":371,\"commentCount\":0,\"publisher\":{\"@id\":\"https:\\\/\\\/janze-athletisme.fr\\\/wordpress\\\/#organization\"},\"image\":{\"@id\":\"https:\\\/\\\/janze-athletisme.fr\\\/wordpress\\\/26-performances-du-club-dans-les-10-meilleures-perfs-bretonnes\\\/#primaryimage\"},\"thumbnailUrl\":\"https:\\\/\\\/janze-athletisme.fr\\\/wordpress\\\/wp-content\\\/uploads\\\/2025\\\/06\\\/Triathlon-MIF.png\",\"articleSection\":[\"Le club au jour le jour\"],\"inLanguage\":\"fr-FR\",\"potentialAction\":[{\"@type\":\"CommentAction\",\"name\":\"Comment\",\"target\":[\"https:\\\/\\\/janze-athletisme.fr\\\/wordpress\\\/26-performances-du-club-dans-les-10-meilleures-perfs-bretonnes\\\/#respond\"]}]},{\"@type\":\"WebPage\",\"@id\":\"https:\\\/\\\/janze-athletisme.fr\\\/wordpress\\\/26-performances-du-club-dans-les-10-meilleures-perfs-bretonnes\\\/\",\"url\":\"https:\\\/\\\/janze-athletisme.fr\\\/wordpress\\\/26-performances-du-club-dans-les-10-meilleures-perfs-bretonnes\\\/\",\"name\":\"26 performances du club dans les 10 meilleures perfs bretonnes - Janz\u00e9 Athl\u00e9tisme\",\"isPartOf\":{\"@id\":\"https:\\\/\\\/janze-athletisme.fr\\\/wordpress\\\/#website\"},\"primaryImageOfPage\":{\"@id\":\"https:\\\/\\\/janze-athletisme.fr\\\/wordpress\\\/26-performances-du-club-dans-les-10-meilleures-perfs-bretonnes\\\/#primaryimage\"},\"image\":{\"@id\":\"https:\\\/\\\/janze-athletisme.fr\\\/wordpress\\\/26-performances-du-club-dans-les-10-meilleures-perfs-bretonnes\\\/#primaryimage\"},\"thumbnailUrl\":\"https:\\\/\\\/janze-athletisme.fr\\\/wordpress\\\/wp-content\\\/uploads\\\/2025\\\/06\\\/Triathlon-MIF.png\",\"datePublished\":\"2025-06-03T22:37:40+00:00\",\"dateModified\":\"2025-06-04T09:36:49+00:00\",\"breadcrumb\":{\"@id\":\"https:\\\/\\\/janze-athletisme.fr\\\/wordpress\\\/26-performances-du-club-dans-les-10-meilleures-perfs-bretonnes\\\/#breadcrumb\"},\"inLanguage\":\"fr-FR\",\"potentialAction\":[{\"@type\":\"ReadAction\",\"target\":[\"https:\\\/\\\/janze-athletisme.fr\\\/wordpress\\\/26-performances-du-club-dans-les-10-meilleures-perfs-bretonnes\\\/\"]}]},{\"@type\":\"ImageObject\",\"inLanguage\":\"fr-FR\",\"@id\":\"https:\\\/\\\/janze-athletisme.fr\\\/wordpress\\\/26-performances-du-club-dans-les-10-meilleures-perfs-bretonnes\\\/#primaryimage\",\"url\":\"https:\\\/\\\/janze-athletisme.fr\\\/wordpress\\\/wp-content\\\/uploads\\\/2025\\\/06\\\/Triathlon-MIF.png\",\"contentUrl\":\"https:\\\/\\\/janze-athletisme.fr\\\/wordpress\\\/wp-content\\\/uploads\\\/2025\\\/06\\\/Triathlon-MIF.png\",\"width\":669,\"height\":613},{\"@type\":\"BreadcrumbList\",\"@id\":\"https:\\\/\\\/janze-athletisme.fr\\\/wordpress\\\/26-performances-du-club-dans-les-10-meilleures-perfs-bretonnes\\\/#breadcrumb\",\"itemListElement\":[{\"@type\":\"ListItem\",\"position\":1,\"name\":\"Accueil\",\"item\":\"https:\\\/\\\/janze-athletisme.fr\\\/wordpress\\\/\"},{\"@type\":\"ListItem\",\"position\":2,\"name\":\"26 performances du club dans les 10 meilleures perfs bretonnes\"}]},{\"@type\":\"WebSite\",\"@id\":\"https:\\\/\\\/janze-athletisme.fr\\\/wordpress\\\/#website\",\"url\":\"https:\\\/\\\/janze-athletisme.fr\\\/wordpress\\\/\",\"name\":\"Janz\u00e9 Athl\u00e9tisme\",\"description\":\"Pays de La Roche aux F\u00e9es\",\"publisher\":{\"@id\":\"https:\\\/\\\/janze-athletisme.fr\\\/wordpress\\\/#organization\"},\"potentialAction\":[{\"@type\":\"SearchAction\",\"target\":{\"@type\":\"EntryPoint\",\"urlTemplate\":\"https:\\\/\\\/janze-athletisme.fr\\\/wordpress\\\/?s={search_term_string}\"},\"query-input\":{\"@type\":\"PropertyValueSpecification\",\"valueRequired\":true,\"valueName\":\"search_term_string\"}}],\"inLanguage\":\"fr-FR\"},{\"@type\":\"Organization\",\"@id\":\"https:\\\/\\\/janze-athletisme.fr\\\/wordpress\\\/#organization\",\"name\":\"Janz\u00e9 Athl\u00e9tisme\",\"url\":\"https:\\\/\\\/janze-athletisme.fr\\\/wordpress\\\/\",\"logo\":{\"@type\":\"ImageObject\",\"inLanguage\":\"fr-FR\",\"@id\":\"https:\\\/\\\/janze-athletisme.fr\\\/wordpress\\\/#\\\/schema\\\/logo\\\/image\\\/\",\"url\":\"https:\\\/\\\/janze-athletisme.fr\\\/wordpress\\\/wp-content\\\/uploads\\\/2015\\\/03\\\/logo-full1.jpg\",\"contentUrl\":\"https:\\\/\\\/janze-athletisme.fr\\\/wordpress\\\/wp-content\\\/uploads\\\/2015\\\/03\\\/logo-full1.jpg\",\"width\":437,\"height\":205,\"caption\":\"Janz\u00e9 Athl\u00e9tisme\"},\"image\":{\"@id\":\"https:\\\/\\\/janze-athletisme.fr\\\/wordpress\\\/#\\\/schema\\\/logo\\\/image\\\/\"},\"sameAs\":[\"https:\\\/\\\/www.facebook.com\\\/groups\\\/1007964579346590\"]},{\"@type\":\"Person\",\"@id\":\"https:\\\/\\\/janze-athletisme.fr\\\/wordpress\\\/#\\\/schema\\\/person\\\/c7b063dcfa6234c041d4d9b26cc2ea03\",\"name\":\"Laurent Meunier\",\"image\":{\"@type\":\"ImageObject\",\"inLanguage\":\"fr-FR\",\"@id\":\"https:\\\/\\\/secure.gravatar.com\\\/avatar\\\/dd25d581ad7c3349090f2fa6a9adb6bfa287e6a5dd8a5216a092727cd8749034?s=96&d=mm&r=g\",\"url\":\"https:\\\/\\\/secure.gravatar.com\\\/avatar\\\/dd25d581ad7c3349090f2fa6a9adb6bfa287e6a5dd8a5216a092727cd8749034?s=96&d=mm&r=g\",\"contentUrl\":\"https:\\\/\\\/secure.gravatar.com\\\/avatar\\\/dd25d581ad7c3349090f2fa6a9adb6bfa287e6a5dd8a5216a092727cd8749034?s=96&d=mm&r=g\",\"caption\":\"Laurent Meunier\"},\"url\":\"https:\\\/\\\/janze-athletisme.fr\\\/wordpress\\\/author\\\/laurent-meunier35\\\/\"}]}<\/script>\n<!-- \/ Yoast SEO plugin. -->","yoast_head_json":{"title":"26 performances du club dans les 10 meilleures perfs bretonnes - Janz\u00e9 Athl\u00e9tisme","robots":{"index":"index","follow":"follow","max-snippet":"max-snippet:-1","max-image-preview":"max-image-preview:large","max-video-preview":"max-video-preview:-1"},"canonical":"https:\/\/janze-athletisme.fr\/wordpress\/26-performances-du-club-dans-les-10-meilleures-perfs-bretonnes\/","og_locale":"fr_FR","og_type":"article","og_title":"26 performances du club dans les 10 meilleures perfs bretonnes - Janz\u00e9 Athl\u00e9tisme","og_description":"Bilans bretons au 31 mai A l&rsquo;amorce d&rsquo;un mois de juin riche en comp\u00e9titions, il nous a sembl\u00e9 int\u00e9ressant de jeter un \u0153il sur les bilans bretons pour voir o\u00f9 en \u00e9taient les athl\u00e8tes EAC. Nous pensions voir appara\u00eetre une quinzaine d&rsquo;occurrence : elles sont au final 51, o\u00f9 nos athl\u00e8tes, individuellement (40) ou en [&hellip;]","og_url":"https:\/\/janze-athletisme.fr\/wordpress\/26-performances-du-club-dans-les-10-meilleures-perfs-bretonnes\/","og_site_name":"Janz\u00e9 Athl\u00e9tisme","article_publisher":"https:\/\/www.facebook.com\/groups\/1007964579346590","article_published_time":"2025-06-03T22:37:40+00:00","article_modified_time":"2025-06-04T09:36:49+00:00","og_image":[{"width":669,"height":613,"url":"https:\/\/janze-athletisme.fr\/wordpress\/wp-content\/uploads\/2025\/06\/Triathlon-MIF.png","type":"image\/png"}],"author":"Laurent Meunier","twitter_card":"summary_large_image","twitter_misc":{"\u00c9crit par":"Laurent Meunier","Dur\u00e9e de lecture estim\u00e9e":"3 minutes"},"schema":{"@context":"https:\/\/schema.org","@graph":[{"@type":"Article","@id":"https:\/\/janze-athletisme.fr\/wordpress\/26-performances-du-club-dans-les-10-meilleures-perfs-bretonnes\/#article","isPartOf":{"@id":"https:\/\/janze-athletisme.fr\/wordpress\/26-performances-du-club-dans-les-10-meilleures-perfs-bretonnes\/"},"author":{"name":"Laurent Meunier","@id":"https:\/\/janze-athletisme.fr\/wordpress\/#\/schema\/person\/c7b063dcfa6234c041d4d9b26cc2ea03"},"headline":"26 performances du club dans les 10 meilleures perfs bretonnes","datePublished":"2025-06-03T22:37:40+00:00","dateModified":"2025-06-04T09:36:49+00:00","mainEntityOfPage":{"@id":"https:\/\/janze-athletisme.fr\/wordpress\/26-performances-du-club-dans-les-10-meilleures-perfs-bretonnes\/"},"wordCount":371,"commentCount":0,"publisher":{"@id":"https:\/\/janze-athletisme.fr\/wordpress\/#organization"},"image":{"@id":"https:\/\/janze-athletisme.fr\/wordpress\/26-performances-du-club-dans-les-10-meilleures-perfs-bretonnes\/#primaryimage"},"thumbnailUrl":"https:\/\/janze-athletisme.fr\/wordpress\/wp-content\/uploads\/2025\/06\/Triathlon-MIF.png","articleSection":["Le club au jour le jour"],"inLanguage":"fr-FR","potentialAction":[{"@type":"CommentAction","name":"Comment","target":["https:\/\/janze-athletisme.fr\/wordpress\/26-performances-du-club-dans-les-10-meilleures-perfs-bretonnes\/#respond"]}]},{"@type":"WebPage","@id":"https:\/\/janze-athletisme.fr\/wordpress\/26-performances-du-club-dans-les-10-meilleures-perfs-bretonnes\/","url":"https:\/\/janze-athletisme.fr\/wordpress\/26-performances-du-club-dans-les-10-meilleures-perfs-bretonnes\/","name":"26 performances du club dans les 10 meilleures perfs bretonnes - Janz\u00e9 Athl\u00e9tisme","isPartOf":{"@id":"https:\/\/janze-athletisme.fr\/wordpress\/#website"},"primaryImageOfPage":{"@id":"https:\/\/janze-athletisme.fr\/wordpress\/26-performances-du-club-dans-les-10-meilleures-perfs-bretonnes\/#primaryimage"},"image":{"@id":"https:\/\/janze-athletisme.fr\/wordpress\/26-performances-du-club-dans-les-10-meilleures-perfs-bretonnes\/#primaryimage"},"thumbnailUrl":"https:\/\/janze-athletisme.fr\/wordpress\/wp-content\/uploads\/2025\/06\/Triathlon-MIF.png","datePublished":"2025-06-03T22:37:40+00:00","dateModified":"2025-06-04T09:36:49+00:00","breadcrumb":{"@id":"https:\/\/janze-athletisme.fr\/wordpress\/26-performances-du-club-dans-les-10-meilleures-perfs-bretonnes\/#breadcrumb"},"inLanguage":"fr-FR","potentialAction":[{"@type":"ReadAction","target":["https:\/\/janze-athletisme.fr\/wordpress\/26-performances-du-club-dans-les-10-meilleures-perfs-bretonnes\/"]}]},{"@type":"ImageObject","inLanguage":"fr-FR","@id":"https:\/\/janze-athletisme.fr\/wordpress\/26-performances-du-club-dans-les-10-meilleures-perfs-bretonnes\/#primaryimage","url":"https:\/\/janze-athletisme.fr\/wordpress\/wp-content\/uploads\/2025\/06\/Triathlon-MIF.png","contentUrl":"https:\/\/janze-athletisme.fr\/wordpress\/wp-content\/uploads\/2025\/06\/Triathlon-MIF.png","width":669,"height":613},{"@type":"BreadcrumbList","@id":"https:\/\/janze-athletisme.fr\/wordpress\/26-performances-du-club-dans-les-10-meilleures-perfs-bretonnes\/#breadcrumb","itemListElement":[{"@type":"ListItem","position":1,"name":"Accueil","item":"https:\/\/janze-athletisme.fr\/wordpress\/"},{"@type":"ListItem","position":2,"name":"26 performances du club dans les 10 meilleures perfs bretonnes"}]},{"@type":"WebSite","@id":"https:\/\/janze-athletisme.fr\/wordpress\/#website","url":"https:\/\/janze-athletisme.fr\/wordpress\/","name":"Janz\u00e9 Athl\u00e9tisme","description":"Pays de La Roche aux F\u00e9es","publisher":{"@id":"https:\/\/janze-athletisme.fr\/wordpress\/#organization"},"potentialAction":[{"@type":"SearchAction","target":{"@type":"EntryPoint","urlTemplate":"https:\/\/janze-athletisme.fr\/wordpress\/?s={search_term_string}"},"query-input":{"@type":"PropertyValueSpecification","valueRequired":true,"valueName":"search_term_string"}}],"inLanguage":"fr-FR"},{"@type":"Organization","@id":"https:\/\/janze-athletisme.fr\/wordpress\/#organization","name":"Janz\u00e9 Athl\u00e9tisme","url":"https:\/\/janze-athletisme.fr\/wordpress\/","logo":{"@type":"ImageObject","inLanguage":"fr-FR","@id":"https:\/\/janze-athletisme.fr\/wordpress\/#\/schema\/logo\/image\/","url":"https:\/\/janze-athletisme.fr\/wordpress\/wp-content\/uploads\/2015\/03\/logo-full1.jpg","contentUrl":"https:\/\/janze-athletisme.fr\/wordpress\/wp-content\/uploads\/2015\/03\/logo-full1.jpg","width":437,"height":205,"caption":"Janz\u00e9 Athl\u00e9tisme"},"image":{"@id":"https:\/\/janze-athletisme.fr\/wordpress\/#\/schema\/logo\/image\/"},"sameAs":["https:\/\/www.facebook.com\/groups\/1007964579346590"]},{"@type":"Person","@id":"https:\/\/janze-athletisme.fr\/wordpress\/#\/schema\/person\/c7b063dcfa6234c041d4d9b26cc2ea03","name":"Laurent Meunier","image":{"@type":"ImageObject","inLanguage":"fr-FR","@id":"https:\/\/secure.gravatar.com\/avatar\/dd25d581ad7c3349090f2fa6a9adb6bfa287e6a5dd8a5216a092727cd8749034?s=96&d=mm&r=g","url":"https:\/\/secure.gravatar.com\/avatar\/dd25d581ad7c3349090f2fa6a9adb6bfa287e6a5dd8a5216a092727cd8749034?s=96&d=mm&r=g","contentUrl":"https:\/\/secure.gravatar.com\/avatar\/dd25d581ad7c3349090f2fa6a9adb6bfa287e6a5dd8a5216a092727cd8749034?s=96&d=mm&r=g","caption":"Laurent Meunier"},"url":"https:\/\/janze-athletisme.fr\/wordpress\/author\/laurent-meunier35\/"}]}},"uagb_featured_image_src":{"full":["https:\/\/janze-athletisme.fr\/wordpress\/wp-content\/uploads\/2025\/06\/Triathlon-MIF.png",669,613,false],"thumbnail":["https:\/\/janze-athletisme.fr\/wordpress\/wp-content\/uploads\/2025\/06\/Triathlon-MIF-150x150.png",150,150,true],"medium":["https:\/\/janze-athletisme.fr\/wordpress\/wp-content\/uploads\/2025\/06\/Triathlon-MIF-300x275.png",300,275,true],"medium_large":["https:\/\/janze-athletisme.fr\/wordpress\/wp-content\/uploads\/2025\/06\/Triathlon-MIF.png",669,613,false],"large":["https:\/\/janze-athletisme.fr\/wordpress\/wp-content\/uploads\/2025\/06\/Triathlon-MIF.png",669,613,false],"1536x1536":["https:\/\/janze-athletisme.fr\/wordpress\/wp-content\/uploads\/2025\/06\/Triathlon-MIF.png",669,613,false],"2048x2048":["https:\/\/janze-athletisme.fr\/wordpress\/wp-content\/uploads\/2025\/06\/Triathlon-MIF.png",669,613,false]},"uagb_author_info":{"display_name":"Laurent Meunier","author_link":"https:\/\/janze-athletisme.fr\/wordpress\/author\/laurent-meunier35\/"},"uagb_comment_info":0,"uagb_excerpt":"Bilans bretons au 31 mai A l&rsquo;amorce d&rsquo;un mois de juin riche en comp\u00e9titions, il nous a sembl\u00e9 int\u00e9ressant de jeter un \u0153il sur les bilans bretons pour voir o\u00f9 en \u00e9taient les athl\u00e8tes EAC. Nous pensions voir appara\u00eetre une quinzaine d&rsquo;occurrence : elles sont au final 51, o\u00f9 nos athl\u00e8tes, individuellement (40) ou en\u2026","_links":{"self":[{"href":"https:\/\/janze-athletisme.fr\/wordpress\/wp-json\/wp\/v2\/posts\/25643","targetHints":{"allow":["GET"]}}],"collection":[{"href":"https:\/\/janze-athletisme.fr\/wordpress\/wp-json\/wp\/v2\/posts"}],"about":[{"href":"https:\/\/janze-athletisme.fr\/wordpress\/wp-json\/wp\/v2\/types\/post"}],"author":[{"embeddable":true,"href":"https:\/\/janze-athletisme.fr\/wordpress\/wp-json\/wp\/v2\/users\/12"}],"replies":[{"embeddable":true,"href":"https:\/\/janze-athletisme.fr\/wordpress\/wp-json\/wp\/v2\/comments?post=25643"}],"version-history":[{"count":6,"href":"https:\/\/janze-athletisme.fr\/wordpress\/wp-json\/wp\/v2\/posts\/25643\/revisions"}],"predecessor-version":[{"id":25666,"href":"https:\/\/janze-athletisme.fr\/wordpress\/wp-json\/wp\/v2\/posts\/25643\/revisions\/25666"}],"wp:featuredmedia":[{"embeddable":true,"href":"https:\/\/janze-athletisme.fr\/wordpress\/wp-json\/wp\/v2\/media\/25644"}],"wp:attachment":[{"href":"https:\/\/janze-athletisme.fr\/wordpress\/wp-json\/wp\/v2\/media?parent=25643"}],"wp:term":[{"taxonomy":"category","embeddable":true,"href":"https:\/\/janze-athletisme.fr\/wordpress\/wp-json\/wp\/v2\/categories?post=25643"},{"taxonomy":"post_tag","embeddable":true,"href":"https:\/\/janze-athletisme.fr\/wordpress\/wp-json\/wp\/v2\/tags?post=25643"}],"curies":[{"name":"wp","href":"https:\/\/api.w.org\/{rel}","templated":true}]}}