{"id":25591,"date":"2025-06-01T18:29:47","date_gmt":"2025-06-01T16:29:47","guid":{"rendered":"https:\/\/janze-athletisme.fr\/wordpress\/?p=25591"},"modified":"2025-06-01T21:28:17","modified_gmt":"2025-06-01T19:28:17","slug":"elsa-raphael-un-apprentissage-reussi-sur-le-steeple","status":"publish","type":"post","link":"https:\/\/janze-athletisme.fr\/wordpress\/elsa-raphael-un-apprentissage-reussi-sur-le-steeple\/","title":{"rendered":"Elsa &amp; Rapha\u00ebl : un apprentissage r\u00e9ussi sur le steeple"},"content":{"rendered":"<p><span style=\"font-family: Verdana, sans-serif\"><span style=\"font-size: x-large\"><b>Meeting d&rsquo;Auray, samedi 31 mai<\/b><\/span><\/span><\/p>\n<p><span style=\"font-family: Verdana, sans-serif;font-size: 12pt\">La junior Elsa Mah\u00e9 (Bain) avait d\u00e9j\u00e0 tent\u00e9 l&rsquo;exp\u00e9rience du 2000m steeple le 30 septembre 2023, pour donner un coup de main dans le cadre d&rsquo;un Interclubs avenir. Elle en avait conserv\u00e9 une impression mitig\u00e9e, entre plaisir d&rsquo;une discipline difficile et difficult\u00e9 \u00e0 g\u00e9rer les barri\u00e8res (anticiper avant \/ relancer apr\u00e8s), et en particulier celle, redoutable, de la rivi\u00e8re (impulser suffisamment pour arriver le plus loin possible sans se trouver les deux chevilles bloqu\u00e9es en milieu de pente).<\/span><\/p>\n<p><span style=\"font-family: Verdana, sans-serif;font-size: 12pt\">Son r\u00e9sultat d&rsquo;alors \u00e9tait encourageant (8&rsquo;16&Prime;19), mais demandait confirmation&#8230; L&rsquo;occasion a donc \u00e9t\u00e9 trouv\u00e9e, \u00e0 l&rsquo;occasion du meeting d&rsquo;Auray, ce samedi 31 mai, de se tester pour de bon, en profitant de ce que les 2000m steeple \u00e9taient supports des championnats d\u00e9partementaux des quatre d\u00e9partements breton. <b>Rapha\u00ebl<\/b> Bou\u00e9, cadet, a valid\u00e9 \u00e9galement l&rsquo;id\u00e9e et l&rsquo;a rejointe dans l&rsquo;aventure. Le projet \u00e9tait de voir si une qualification pour les France \u00e9tait envisageable dans le cadre des championnats de Bretagne de la discipline le dimanche 22 juin prochain, \u00e0 Saint-Malo.<\/span><\/p>\n<p><span style=\"font-family: Verdana, sans-serif\"><span style=\"font-size: large\"><b>Deux m\u00e9dailles d\u00e9partementales<\/b><\/span><\/span><\/p>\n<p><span style=\"font-family: Verdana, sans-serif;font-size: 12pt\">Les minimas \u00e0 r\u00e9aliser : 6&rsquo;07&Prime;50 pour Rapha\u00ebl et 7&rsquo;15&Prime;00 pour Elsa (ou finir au 6 juillet dans les 20 meilleurs Fran\u00e7ais),<\/span><\/p>\n<p><span style=\"font-family: Verdana, sans-serif;font-size: 12pt\">Au bilan de la soir\u00e9e, les r\u00e9sultats sont plut\u00f4t encourageants, en d\u00e9pit d&rsquo;une technique encore tr\u00e8s perfectible sur les barri\u00e8res. Par contre, il para\u00eet illusoire d&rsquo;esp\u00e9rer une qualification directe pour les France (la marche est encore un peu haute).<\/span><\/p>\n<p><span style=\"font-family: Verdana, sans-serif;font-size: 12pt\">Rapha\u00ebl et Elsa repartent n\u00e9anmoins avec une m\u00e9daille d\u00e9partementale (dont le titre pour Elsa) et se consoleront avec le championnat de France de course en montagne le 6 juillet, \u00e0 Val d&rsquo;Is\u00e8re, dans une s\u00e9lection de la Ligue de Bretagne, o\u00f9 <b>L\u00e9o<\/b> Guiheux les accompagnera.<\/span><\/p>\n<p><a href=\"https:\/\/janze-athletisme.fr\/wordpress\/wp-content\/uploads\/2025\/06\/DSC_6731.jpg\"><img loading=\"lazy\" decoding=\"async\" class=\"alignnone wp-image-25606\" src=\"https:\/\/janze-athletisme.fr\/wordpress\/wp-content\/uploads\/2025\/06\/DSC_6731-200x300.jpg\" alt=\"\" width=\"180\" height=\"270\" srcset=\"https:\/\/janze-athletisme.fr\/wordpress\/wp-content\/uploads\/2025\/06\/DSC_6731-200x300.jpg 200w, https:\/\/janze-athletisme.fr\/wordpress\/wp-content\/uploads\/2025\/06\/DSC_6731-683x1024.jpg 683w, https:\/\/janze-athletisme.fr\/wordpress\/wp-content\/uploads\/2025\/06\/DSC_6731-768x1152.jpg 768w, https:\/\/janze-athletisme.fr\/wordpress\/wp-content\/uploads\/2025\/06\/DSC_6731.jpg 1000w\" sizes=\"auto, (max-width: 180px) 100vw, 180px\" \/> <\/a><a href=\"https:\/\/janze-athletisme.fr\/wordpress\/wp-content\/uploads\/2025\/06\/DSC_6732.jpg\"><img loading=\"lazy\" decoding=\"async\" class=\"alignnone  wp-image-25614\" src=\"https:\/\/janze-athletisme.fr\/wordpress\/wp-content\/uploads\/2025\/06\/DSC_6732-200x300.jpg\" alt=\"\" width=\"179\" height=\"269\" srcset=\"https:\/\/janze-athletisme.fr\/wordpress\/wp-content\/uploads\/2025\/06\/DSC_6732-200x300.jpg 200w, https:\/\/janze-athletisme.fr\/wordpress\/wp-content\/uploads\/2025\/06\/DSC_6732-683x1024.jpg 683w, https:\/\/janze-athletisme.fr\/wordpress\/wp-content\/uploads\/2025\/06\/DSC_6732-768x1152.jpg 768w, https:\/\/janze-athletisme.fr\/wordpress\/wp-content\/uploads\/2025\/06\/DSC_6732.jpg 1000w\" sizes=\"auto, (max-width: 179px) 100vw, 179px\" \/><\/a> <a href=\"https:\/\/janze-athletisme.fr\/wordpress\/wp-content\/uploads\/2025\/06\/DSC_6738.jpg\"><img loading=\"lazy\" decoding=\"async\" class=\"alignnone wp-image-25607\" src=\"https:\/\/janze-athletisme.fr\/wordpress\/wp-content\/uploads\/2025\/06\/DSC_6738-300x300.jpg\" alt=\"\" width=\"271\" height=\"271\" srcset=\"https:\/\/janze-athletisme.fr\/wordpress\/wp-content\/uploads\/2025\/06\/DSC_6738-300x300.jpg 300w, https:\/\/janze-athletisme.fr\/wordpress\/wp-content\/uploads\/2025\/06\/DSC_6738-1024x1024.jpg 1024w, https:\/\/janze-athletisme.fr\/wordpress\/wp-content\/uploads\/2025\/06\/DSC_6738-150x150.jpg 150w, https:\/\/janze-athletisme.fr\/wordpress\/wp-content\/uploads\/2025\/06\/DSC_6738-768x768.jpg 768w, https:\/\/janze-athletisme.fr\/wordpress\/wp-content\/uploads\/2025\/06\/DSC_6738.jpg 1200w\" sizes=\"auto, (max-width: 271px) 100vw, 271px\" \/><\/a><\/p>\n<p><span style=\"font-family: Verdana, sans-serif\"><span style=\"font-size: large\"><b>Les r\u00e9sultats du meeting d&rsquo;Auray<\/b><\/span><\/span><\/p>\n<table border=\"1\" width=\"100%\" cellspacing=\"0\" cellpadding=\"4\">\n<tbody>\n<tr valign=\"TOP\">\n<td bgcolor=\"#ffff99\" width=\"28%\"><span style=\"font-family: Verdana, sans-serif\"><b>Athl\u00e8te<\/b><\/span><\/td>\n<td bgcolor=\"#ffff99\" width=\"26%\"><span style=\"font-family: Verdana, sans-serif\"><b>Epreuve<\/b><\/span><\/td>\n<td bgcolor=\"#ffff99\" width=\"18%\">\n<p align=\"CENTER\"><span style=\"font-family: Verdana, sans-serif\"><b>Performance<\/b><\/span><\/p>\n<\/td>\n<td bgcolor=\"#ffff99\" width=\"12%\">\n<p align=\"CENTER\"><span style=\"font-family: Verdana, sans-serif\"><b>Points FFA<\/b><\/span><\/p>\n<\/td>\n<td bgcolor=\"#ffff99\" width=\"16%\">\n<p align=\"CENTER\"><span style=\"font-family: Verdana, sans-serif\"><b>Championnat 35<\/b><\/span><\/p>\n<\/td>\n<\/tr>\n<tr valign=\"TOP\">\n<td bgcolor=\"#ffff99\" width=\"28%\"><span style=\"font-family: Verdana, sans-serif\">Elsa Mah\u00e9 (Bain)<\/span><\/td>\n<td bgcolor=\"#ffff99\" width=\"26%\"><span style=\"font-family: Verdana, sans-serif\">2000m steeple JUF<\/span><\/td>\n<td bgcolor=\"#ffff99\" width=\"18%\">\n<p align=\"CENTER\"><span style=\"font-family: Verdana, sans-serif\">7&rsquo;52&Prime;68<\/span><\/p>\n<\/td>\n<td bgcolor=\"#ffff99\" width=\"12%\">\n<p align=\"CENTER\"><span style=\"font-family: Verdana, sans-serif\">746<\/span><\/p>\n<\/td>\n<td bgcolor=\"#ffff99\" width=\"16%\">\n<p align=\"CENTER\"><span style=\"font-family: Verdana, sans-serif\"><b>1\u00e8re<\/b><\/span><\/p>\n<\/td>\n<\/tr>\n<tr valign=\"TOP\">\n<td bgcolor=\"#ffff99\" width=\"28%\"><span style=\"font-family: Verdana, sans-serif\">S\u00e9bastien Kern\u00e9\u00efs (Cesson)<\/span><\/td>\n<td bgcolor=\"#ffff99\" width=\"26%\"><span style=\"font-family: Verdana, sans-serif\">3000m steeple SEM<\/span><\/td>\n<td bgcolor=\"#ffff99\" width=\"18%\">\n<p align=\"CENTER\"><span style=\"font-family: Verdana, sans-serif\">10&rsquo;05&Prime;31<\/span><\/p>\n<\/td>\n<td bgcolor=\"#ffff99\" width=\"12%\">\n<p align=\"CENTER\"><span style=\"font-family: Verdana, sans-serif\">742<\/span><\/p>\n<\/td>\n<td bgcolor=\"#ffff99\" width=\"16%\">\n<p align=\"CENTER\"><span style=\"font-family: Verdana, sans-serif\">&#8212;<\/span><\/p>\n<\/td>\n<\/tr>\n<tr valign=\"TOP\">\n<td bgcolor=\"#ffff99\" width=\"28%\"><span style=\"font-family: Verdana, sans-serif\"><b>Rapha\u00ebl<\/b> Bou\u00e9<\/span><\/td>\n<td bgcolor=\"#ffff99\" width=\"26%\"><span style=\"font-family: Verdana, sans-serif\">2000m steeple CAM<\/span><\/td>\n<td bgcolor=\"#ffff99\" width=\"18%\">\n<p align=\"CENTER\"><span style=\"font-family: Verdana, sans-serif\">6&rsquo;36&Prime;80<\/span><\/p>\n<\/td>\n<td bgcolor=\"#ffff99\" width=\"12%\">\n<p align=\"CENTER\"><span style=\"font-family: Verdana, sans-serif\">708<\/span><\/p>\n<\/td>\n<td bgcolor=\"#ffff99\" width=\"16%\">\n<p align=\"CENTER\"><span style=\"font-family: Verdana, sans-serif\"><b>3e<\/b><\/span><\/p>\n<\/td>\n<\/tr>\n<tr valign=\"TOP\">\n<td bgcolor=\"#ffff99\" width=\"28%\"><span style=\"font-family: Verdana, sans-serif\"><b>Faustine<\/b> Louaisil<\/span><\/td>\n<td bgcolor=\"#ffff99\" width=\"26%\"><span style=\"font-family: Verdana, sans-serif\">1500m CAF<\/span><\/td>\n<td bgcolor=\"#ffff99\" width=\"18%\">\n<p align=\"CENTER\"><span style=\"font-family: Verdana, sans-serif\">5&rsquo;37&Prime;22<\/span><\/p>\n<\/td>\n<td bgcolor=\"#ffff99\" width=\"12%\">\n<p align=\"CENTER\"><span style=\"font-family: Verdana, sans-serif\">551<\/span><\/p>\n<\/td>\n<td bgcolor=\"#ffff99\" width=\"16%\">\n<p align=\"CENTER\"><span style=\"font-family: Verdana, sans-serif\">&#8212;<\/span><\/p>\n<\/td>\n<\/tr>\n<tr valign=\"TOP\">\n<td bgcolor=\"#ffff99\" width=\"28%\"><span style=\"font-family: Verdana, sans-serif\"><b>Bertille<\/b> Louaisil<\/span><\/td>\n<td bgcolor=\"#ffff99\" width=\"26%\"><span style=\"font-family: Verdana, sans-serif\">1500m CAF<\/span><\/td>\n<td bgcolor=\"#ffff99\" width=\"18%\">\n<p align=\"CENTER\"><span style=\"font-family: Verdana, sans-serif\">5&rsquo;53&Prime;65<\/span><\/p>\n<\/td>\n<td bgcolor=\"#ffff99\" width=\"12%\">\n<p align=\"CENTER\"><span style=\"font-family: Verdana, sans-serif\">465<\/span><\/p>\n<\/td>\n<td bgcolor=\"#ffff99\" width=\"16%\">\n<p align=\"CENTER\"><span style=\"font-family: Verdana, sans-serif\">&#8212;<\/span><\/p>\n<\/td>\n<\/tr>\n<\/tbody>\n<\/table>\n<p><span style=\"font-family: Verdana, sans-serif;font-size: 12pt\">Tous les r\u00e9sultats du meeting d&rsquo;Auray sont <a href=\"https:\/\/bases.athle.fr\/asp.net\/liste.aspx?frmbase=resultats&amp;frmmode=1&amp;frmespace=0&amp;frmcompetition=304542\">ICI<\/a>.<\/span><\/p>\n<p><span style=\"font-family: verdana, geneva, sans-serif;font-size: 12pt\">On adresse un grand merci \u00e0 <strong>Wilfrid<\/strong> Lebreton, notre juge courses pour la journ\u00e9e, tellement pr\u00e9cieux dans l&rsquo;organisation des courses qu&rsquo;il n&rsquo;a m\u00eame pas eu dix minutes \u00e0 lui pour aller manger un sandwich&#8230; L&rsquo;aventure s&rsquo;est termin\u00e9e le soir par un fast food \u00e0 Vannes puis par une panne de voiture en pleine nuit du c\u00f4t\u00e9 du Grand-Fougeray. Il a fallu se faire d\u00e9panner en urgence par des parents pour finir la route. Un grand merci particulier donc \u00e9galement \u00e0 Elsa, qui a g\u00e9r\u00e9 l&rsquo;ensemble de la journ\u00e9e comme une cheffe !<\/span><\/p>\n<p><a href=\"https:\/\/janze-athletisme.fr\/wordpress\/wp-content\/uploads\/2025\/06\/DSC_6640.jpg\"><img loading=\"lazy\" decoding=\"async\" class=\"alignnone wp-image-25593\" src=\"https:\/\/janze-athletisme.fr\/wordpress\/wp-content\/uploads\/2025\/06\/DSC_6640-300x300.jpg\" alt=\"\" width=\"267\" height=\"267\" srcset=\"https:\/\/janze-athletisme.fr\/wordpress\/wp-content\/uploads\/2025\/06\/DSC_6640-300x300.jpg 300w, https:\/\/janze-athletisme.fr\/wordpress\/wp-content\/uploads\/2025\/06\/DSC_6640-150x150.jpg 150w, https:\/\/janze-athletisme.fr\/wordpress\/wp-content\/uploads\/2025\/06\/DSC_6640-768x768.jpg 768w, https:\/\/janze-athletisme.fr\/wordpress\/wp-content\/uploads\/2025\/06\/DSC_6640.jpg 1000w\" sizes=\"auto, (max-width: 267px) 100vw, 267px\" \/><\/a> <a href=\"https:\/\/janze-athletisme.fr\/wordpress\/wp-content\/uploads\/2025\/06\/DSC_6642.jpg\"><img loading=\"lazy\" decoding=\"async\" class=\"alignnone wp-image-25594\" src=\"https:\/\/janze-athletisme.fr\/wordpress\/wp-content\/uploads\/2025\/06\/DSC_6642-300x300.jpg\" alt=\"\" width=\"267\" height=\"267\" srcset=\"https:\/\/janze-athletisme.fr\/wordpress\/wp-content\/uploads\/2025\/06\/DSC_6642-300x300.jpg 300w, https:\/\/janze-athletisme.fr\/wordpress\/wp-content\/uploads\/2025\/06\/DSC_6642-1024x1024.jpg 1024w, https:\/\/janze-athletisme.fr\/wordpress\/wp-content\/uploads\/2025\/06\/DSC_6642-150x150.jpg 150w, https:\/\/janze-athletisme.fr\/wordpress\/wp-content\/uploads\/2025\/06\/DSC_6642-768x768.jpg 768w, https:\/\/janze-athletisme.fr\/wordpress\/wp-content\/uploads\/2025\/06\/DSC_6642.jpg 1200w\" sizes=\"auto, (max-width: 267px) 100vw, 267px\" \/><\/a> <a href=\"https:\/\/janze-athletisme.fr\/wordpress\/wp-content\/uploads\/2025\/06\/DSC_6650.jpg\"><img loading=\"lazy\" decoding=\"async\" class=\"alignnone wp-image-25595\" src=\"https:\/\/janze-athletisme.fr\/wordpress\/wp-content\/uploads\/2025\/06\/DSC_6650-300x300.jpg\" alt=\"\" width=\"267\" height=\"267\" srcset=\"https:\/\/janze-athletisme.fr\/wordpress\/wp-content\/uploads\/2025\/06\/DSC_6650-300x300.jpg 300w, https:\/\/janze-athletisme.fr\/wordpress\/wp-content\/uploads\/2025\/06\/DSC_6650-1024x1024.jpg 1024w, https:\/\/janze-athletisme.fr\/wordpress\/wp-content\/uploads\/2025\/06\/DSC_6650-150x150.jpg 150w, https:\/\/janze-athletisme.fr\/wordpress\/wp-content\/uploads\/2025\/06\/DSC_6650-768x768.jpg 768w, https:\/\/janze-athletisme.fr\/wordpress\/wp-content\/uploads\/2025\/06\/DSC_6650.jpg 1200w\" sizes=\"auto, (max-width: 267px) 100vw, 267px\" \/><\/a><\/p>\n<p><a href=\"https:\/\/janze-athletisme.fr\/wordpress\/wp-content\/uploads\/2025\/06\/DSC_6659-1.jpg\"><img loading=\"lazy\" decoding=\"async\" class=\"alignnone wp-image-25600\" src=\"https:\/\/janze-athletisme.fr\/wordpress\/wp-content\/uploads\/2025\/06\/DSC_6659-1-300x300.jpg\" alt=\"\" width=\"267\" height=\"267\" srcset=\"https:\/\/janze-athletisme.fr\/wordpress\/wp-content\/uploads\/2025\/06\/DSC_6659-1-300x300.jpg 300w, https:\/\/janze-athletisme.fr\/wordpress\/wp-content\/uploads\/2025\/06\/DSC_6659-1-1024x1024.jpg 1024w, https:\/\/janze-athletisme.fr\/wordpress\/wp-content\/uploads\/2025\/06\/DSC_6659-1-150x150.jpg 150w, https:\/\/janze-athletisme.fr\/wordpress\/wp-content\/uploads\/2025\/06\/DSC_6659-1-768x768.jpg 768w, https:\/\/janze-athletisme.fr\/wordpress\/wp-content\/uploads\/2025\/06\/DSC_6659-1.jpg 1200w\" sizes=\"auto, (max-width: 267px) 100vw, 267px\" \/>\u00a0<\/a><a href=\"https:\/\/janze-athletisme.fr\/wordpress\/wp-content\/uploads\/2025\/06\/DSC_6680.jpg\"><img loading=\"lazy\" decoding=\"async\" class=\"alignnone wp-image-25597\" src=\"https:\/\/janze-athletisme.fr\/wordpress\/wp-content\/uploads\/2025\/06\/DSC_6680-300x300.jpg\" alt=\"\" width=\"266\" height=\"266\" srcset=\"https:\/\/janze-athletisme.fr\/wordpress\/wp-content\/uploads\/2025\/06\/DSC_6680-300x300.jpg 300w, https:\/\/janze-athletisme.fr\/wordpress\/wp-content\/uploads\/2025\/06\/DSC_6680-1024x1024.jpg 1024w, https:\/\/janze-athletisme.fr\/wordpress\/wp-content\/uploads\/2025\/06\/DSC_6680-150x150.jpg 150w, https:\/\/janze-athletisme.fr\/wordpress\/wp-content\/uploads\/2025\/06\/DSC_6680-768x768.jpg 768w, https:\/\/janze-athletisme.fr\/wordpress\/wp-content\/uploads\/2025\/06\/DSC_6680.jpg 1200w\" sizes=\"auto, (max-width: 266px) 100vw, 266px\" \/>\u00a0<\/a><a href=\"https:\/\/janze-athletisme.fr\/wordpress\/wp-content\/uploads\/2025\/06\/DSC_6682.jpg\"><img loading=\"lazy\" decoding=\"async\" class=\"alignnone wp-image-25598\" src=\"https:\/\/janze-athletisme.fr\/wordpress\/wp-content\/uploads\/2025\/06\/DSC_6682-300x300.jpg\" alt=\"\" width=\"268\" height=\"268\" srcset=\"https:\/\/janze-athletisme.fr\/wordpress\/wp-content\/uploads\/2025\/06\/DSC_6682-300x300.jpg 300w, https:\/\/janze-athletisme.fr\/wordpress\/wp-content\/uploads\/2025\/06\/DSC_6682-150x150.jpg 150w, https:\/\/janze-athletisme.fr\/wordpress\/wp-content\/uploads\/2025\/06\/DSC_6682-768x768.jpg 768w, https:\/\/janze-athletisme.fr\/wordpress\/wp-content\/uploads\/2025\/06\/DSC_6682.jpg 1000w\" sizes=\"auto, (max-width: 268px) 100vw, 268px\" \/><\/a><\/p>\n<p><a href=\"https:\/\/janze-athletisme.fr\/wordpress\/wp-content\/uploads\/2025\/06\/DSC_6692.jpg\"><img loading=\"lazy\" decoding=\"async\" class=\"alignnone wp-image-25599\" src=\"https:\/\/janze-athletisme.fr\/wordpress\/wp-content\/uploads\/2025\/06\/DSC_6692-300x300.jpg\" alt=\"\" width=\"266\" height=\"266\" srcset=\"https:\/\/janze-athletisme.fr\/wordpress\/wp-content\/uploads\/2025\/06\/DSC_6692-300x300.jpg 300w, https:\/\/janze-athletisme.fr\/wordpress\/wp-content\/uploads\/2025\/06\/DSC_6692-1024x1024.jpg 1024w, https:\/\/janze-athletisme.fr\/wordpress\/wp-content\/uploads\/2025\/06\/DSC_6692-150x150.jpg 150w, https:\/\/janze-athletisme.fr\/wordpress\/wp-content\/uploads\/2025\/06\/DSC_6692-768x768.jpg 768w, https:\/\/janze-athletisme.fr\/wordpress\/wp-content\/uploads\/2025\/06\/DSC_6692.jpg 1200w\" sizes=\"auto, (max-width: 266px) 100vw, 266px\" \/> <\/a><a href=\"https:\/\/janze-athletisme.fr\/wordpress\/wp-content\/uploads\/2025\/06\/DSC_6693.jpg\"><img loading=\"lazy\" decoding=\"async\" class=\"alignnone wp-image-25601\" src=\"https:\/\/janze-athletisme.fr\/wordpress\/wp-content\/uploads\/2025\/06\/DSC_6693-300x300.jpg\" alt=\"\" width=\"269\" height=\"269\" srcset=\"https:\/\/janze-athletisme.fr\/wordpress\/wp-content\/uploads\/2025\/06\/DSC_6693-300x300.jpg 300w, https:\/\/janze-athletisme.fr\/wordpress\/wp-content\/uploads\/2025\/06\/DSC_6693-1024x1024.jpg 1024w, https:\/\/janze-athletisme.fr\/wordpress\/wp-content\/uploads\/2025\/06\/DSC_6693-150x150.jpg 150w, https:\/\/janze-athletisme.fr\/wordpress\/wp-content\/uploads\/2025\/06\/DSC_6693-768x768.jpg 768w, https:\/\/janze-athletisme.fr\/wordpress\/wp-content\/uploads\/2025\/06\/DSC_6693.jpg 1200w\" sizes=\"auto, (max-width: 269px) 100vw, 269px\" \/> <\/a><a href=\"https:\/\/janze-athletisme.fr\/wordpress\/wp-content\/uploads\/2025\/06\/DSC_6701.jpg\"><img loading=\"lazy\" decoding=\"async\" class=\"alignnone wp-image-25602\" src=\"https:\/\/janze-athletisme.fr\/wordpress\/wp-content\/uploads\/2025\/06\/DSC_6701-300x300.jpg\" alt=\"\" width=\"270\" height=\"270\" srcset=\"https:\/\/janze-athletisme.fr\/wordpress\/wp-content\/uploads\/2025\/06\/DSC_6701-300x300.jpg 300w, https:\/\/janze-athletisme.fr\/wordpress\/wp-content\/uploads\/2025\/06\/DSC_6701-1024x1024.jpg 1024w, https:\/\/janze-athletisme.fr\/wordpress\/wp-content\/uploads\/2025\/06\/DSC_6701-150x150.jpg 150w, https:\/\/janze-athletisme.fr\/wordpress\/wp-content\/uploads\/2025\/06\/DSC_6701-768x768.jpg 768w, https:\/\/janze-athletisme.fr\/wordpress\/wp-content\/uploads\/2025\/06\/DSC_6701.jpg 1200w\" sizes=\"auto, (max-width: 270px) 100vw, 270px\" \/><\/a><\/p>\n<p><a href=\"https:\/\/janze-athletisme.fr\/wordpress\/wp-content\/uploads\/2025\/06\/DSC_6706.jpg\"><img loading=\"lazy\" decoding=\"async\" class=\"alignnone wp-image-25603\" src=\"https:\/\/janze-athletisme.fr\/wordpress\/wp-content\/uploads\/2025\/06\/DSC_6706-300x300.jpg\" alt=\"\" width=\"269\" height=\"269\" srcset=\"https:\/\/janze-athletisme.fr\/wordpress\/wp-content\/uploads\/2025\/06\/DSC_6706-300x300.jpg 300w, https:\/\/janze-athletisme.fr\/wordpress\/wp-content\/uploads\/2025\/06\/DSC_6706-150x150.jpg 150w, https:\/\/janze-athletisme.fr\/wordpress\/wp-content\/uploads\/2025\/06\/DSC_6706-768x768.jpg 768w, https:\/\/janze-athletisme.fr\/wordpress\/wp-content\/uploads\/2025\/06\/DSC_6706.jpg 1000w\" sizes=\"auto, (max-width: 269px) 100vw, 269px\" \/><\/a> <a href=\"https:\/\/janze-athletisme.fr\/wordpress\/wp-content\/uploads\/2025\/06\/DSC_6715.jpg\"><img loading=\"lazy\" decoding=\"async\" class=\"alignnone wp-image-25604\" src=\"https:\/\/janze-athletisme.fr\/wordpress\/wp-content\/uploads\/2025\/06\/DSC_6715-300x300.jpg\" alt=\"\" width=\"270\" height=\"270\" srcset=\"https:\/\/janze-athletisme.fr\/wordpress\/wp-content\/uploads\/2025\/06\/DSC_6715-300x300.jpg 300w, https:\/\/janze-athletisme.fr\/wordpress\/wp-content\/uploads\/2025\/06\/DSC_6715-1024x1024.jpg 1024w, https:\/\/janze-athletisme.fr\/wordpress\/wp-content\/uploads\/2025\/06\/DSC_6715-150x150.jpg 150w, https:\/\/janze-athletisme.fr\/wordpress\/wp-content\/uploads\/2025\/06\/DSC_6715-768x768.jpg 768w, https:\/\/janze-athletisme.fr\/wordpress\/wp-content\/uploads\/2025\/06\/DSC_6715.jpg 1200w\" sizes=\"auto, (max-width: 270px) 100vw, 270px\" \/>\u00a0<\/a><a href=\"https:\/\/janze-athletisme.fr\/wordpress\/wp-content\/uploads\/2025\/06\/DSC_6728.jpg\"><img loading=\"lazy\" decoding=\"async\" class=\"alignnone wp-image-25605\" src=\"https:\/\/janze-athletisme.fr\/wordpress\/wp-content\/uploads\/2025\/06\/DSC_6728-300x200.jpg\" alt=\"\" width=\"269\" height=\"179\" srcset=\"https:\/\/janze-athletisme.fr\/wordpress\/wp-content\/uploads\/2025\/06\/DSC_6728-300x200.jpg 300w, https:\/\/janze-athletisme.fr\/wordpress\/wp-content\/uploads\/2025\/06\/DSC_6728-1024x683.jpg 1024w, https:\/\/janze-athletisme.fr\/wordpress\/wp-content\/uploads\/2025\/06\/DSC_6728-768x512.jpg 768w, https:\/\/janze-athletisme.fr\/wordpress\/wp-content\/uploads\/2025\/06\/DSC_6728.jpg 1500w\" sizes=\"auto, (max-width: 269px) 100vw, 269px\" \/><\/a><\/p>\n","protected":false},"excerpt":{"rendered":"<p>Meeting d&rsquo;Auray, samedi 31 mai La junior Elsa Mah\u00e9 (Bain) avait d\u00e9j\u00e0 tent\u00e9 l&rsquo;exp\u00e9rience du 2000m steeple le 30 septembre 2023, pour donner un coup de main dans le cadre d&rsquo;un Interclubs avenir. Elle en avait conserv\u00e9 une impression mitig\u00e9e, entre plaisir d&rsquo;une discipline difficile et difficult\u00e9 \u00e0 g\u00e9rer les barri\u00e8res (anticiper avant \/ relancer [&hellip;]<\/p>\n","protected":false},"author":12,"featured_media":25601,"comment_status":"open","ping_status":"open","sticky":false,"template":"","format":"aside","meta":{"_uag_custom_page_level_css":"","site-sidebar-layout":"default","site-content-layout":"","ast-site-content-layout":"default","site-content-style":"default","site-sidebar-style":"default","ast-global-header-display":"","ast-banner-title-visibility":"","ast-main-header-display":"","ast-hfb-above-header-display":"","ast-hfb-below-header-display":"","ast-hfb-mobile-header-display":"","site-post-title":"","ast-breadcrumbs-content":"","ast-featured-img":"","footer-sml-layout":"","ast-disable-related-posts":"","theme-transparent-header-meta":"default","adv-header-id-meta":"","stick-header-meta":"","header-above-stick-meta":"","header-main-stick-meta":"","header-below-stick-meta":"","astra-migrate-meta-layouts":"set","ast-page-background-enabled":"default","ast-page-background-meta":{"desktop":{"background-color":"var(--ast-global-color-4)","background-image":"","background-repeat":"repeat","background-position":"center center","background-size":"auto","background-attachment":"scroll","background-type":"","background-media":"","overlay-type":"","overlay-color":"","overlay-opacity":"","overlay-gradient":""},"tablet":{"background-color":"","background-image":"","background-repeat":"repeat","background-position":"center center","background-size":"auto","background-attachment":"scroll","background-type":"","background-media":"","overlay-type":"","overlay-color":"","overlay-opacity":"","overlay-gradient":""},"mobile":{"background-color":"","background-image":"","background-repeat":"repeat","background-position":"center center","background-size":"auto","background-attachment":"scroll","background-type":"","background-media":"","overlay-type":"","overlay-color":"","overlay-opacity":"","overlay-gradient":""}},"ast-content-background-meta":{"desktop":{"background-color":"var(--ast-global-color-5)","background-image":"","background-repeat":"repeat","background-position":"center center","background-size":"auto","background-attachment":"scroll","background-type":"","background-media":"","overlay-type":"","overlay-color":"","overlay-opacity":"","overlay-gradient":""},"tablet":{"background-color":"var(--ast-global-color-5)","background-image":"","background-repeat":"repeat","background-position":"center center","background-size":"auto","background-attachment":"scroll","background-type":"","background-media":"","overlay-type":"","overlay-color":"","overlay-opacity":"","overlay-gradient":""},"mobile":{"background-color":"var(--ast-global-color-5)","background-image":"","background-repeat":"repeat","background-position":"center center","background-size":"auto","background-attachment":"scroll","background-type":"","background-media":"","overlay-type":"","overlay-color":"","overlay-opacity":"","overlay-gradient":""}},"footnotes":""},"categories":[6],"tags":[],"class_list":["post-25591","post","type-post","status-publish","format-aside","has-post-thumbnail","hentry","category-sections","post_format-post-format-aside"],"yoast_head":"<!-- This site is optimized with the Yoast SEO plugin v27.4 - https:\/\/yoast.com\/product\/yoast-seo-wordpress\/ -->\n<title>Elsa &amp; Rapha\u00ebl : un apprentissage r\u00e9ussi sur le steeple - Janz\u00e9 Athl\u00e9tisme<\/title>\n<meta name=\"robots\" content=\"index, follow, max-snippet:-1, max-image-preview:large, max-video-preview:-1\" \/>\n<link rel=\"canonical\" href=\"https:\/\/janze-athletisme.fr\/wordpress\/elsa-raphael-un-apprentissage-reussi-sur-le-steeple\/\" \/>\n<meta property=\"og:locale\" content=\"fr_FR\" \/>\n<meta property=\"og:type\" content=\"article\" \/>\n<meta property=\"og:title\" content=\"Elsa &amp; Rapha\u00ebl : un apprentissage r\u00e9ussi sur le steeple - Janz\u00e9 Athl\u00e9tisme\" \/>\n<meta property=\"og:description\" content=\"Meeting d&rsquo;Auray, samedi 31 mai La junior Elsa Mah\u00e9 (Bain) avait d\u00e9j\u00e0 tent\u00e9 l&rsquo;exp\u00e9rience du 2000m steeple le 30 septembre 2023, pour donner un coup de main dans le cadre d&rsquo;un Interclubs avenir. Elle en avait conserv\u00e9 une impression mitig\u00e9e, entre plaisir d&rsquo;une discipline difficile et difficult\u00e9 \u00e0 g\u00e9rer les barri\u00e8res (anticiper avant \/ relancer [&hellip;]\" \/>\n<meta property=\"og:url\" content=\"https:\/\/janze-athletisme.fr\/wordpress\/elsa-raphael-un-apprentissage-reussi-sur-le-steeple\/\" \/>\n<meta property=\"og:site_name\" content=\"Janz\u00e9 Athl\u00e9tisme\" \/>\n<meta property=\"article:publisher\" content=\"https:\/\/www.facebook.com\/groups\/1007964579346590\" \/>\n<meta property=\"article:published_time\" content=\"2025-06-01T16:29:47+00:00\" \/>\n<meta property=\"article:modified_time\" content=\"2025-06-01T19:28:17+00:00\" \/>\n<meta property=\"og:image\" content=\"https:\/\/janze-athletisme.fr\/wordpress\/wp-content\/uploads\/2025\/06\/DSC_6693.jpg\" \/>\n\t<meta property=\"og:image:width\" content=\"1200\" \/>\n\t<meta property=\"og:image:height\" content=\"1200\" \/>\n\t<meta property=\"og:image:type\" content=\"image\/jpeg\" \/>\n<meta name=\"author\" content=\"Laurent Meunier\" \/>\n<meta name=\"twitter:card\" content=\"summary_large_image\" \/>\n<meta name=\"twitter:label1\" content=\"\u00c9crit par\" \/>\n\t<meta name=\"twitter:data1\" content=\"Laurent Meunier\" \/>\n\t<meta name=\"twitter:label2\" content=\"Dur\u00e9e de lecture estim\u00e9e\" \/>\n\t<meta name=\"twitter:data2\" content=\"6 minutes\" \/>\n<script type=\"application\/ld+json\" class=\"yoast-schema-graph\">{\"@context\":\"https:\\\/\\\/schema.org\",\"@graph\":[{\"@type\":\"Article\",\"@id\":\"https:\\\/\\\/janze-athletisme.fr\\\/wordpress\\\/elsa-raphael-un-apprentissage-reussi-sur-le-steeple\\\/#article\",\"isPartOf\":{\"@id\":\"https:\\\/\\\/janze-athletisme.fr\\\/wordpress\\\/elsa-raphael-un-apprentissage-reussi-sur-le-steeple\\\/\"},\"author\":{\"name\":\"Laurent Meunier\",\"@id\":\"https:\\\/\\\/janze-athletisme.fr\\\/wordpress\\\/#\\\/schema\\\/person\\\/c7b063dcfa6234c041d4d9b26cc2ea03\"},\"headline\":\"Elsa &amp; Rapha\u00ebl : un apprentissage r\u00e9ussi sur le steeple\",\"datePublished\":\"2025-06-01T16:29:47+00:00\",\"dateModified\":\"2025-06-01T19:28:17+00:00\",\"mainEntityOfPage\":{\"@id\":\"https:\\\/\\\/janze-athletisme.fr\\\/wordpress\\\/elsa-raphael-un-apprentissage-reussi-sur-le-steeple\\\/\"},\"wordCount\":479,\"commentCount\":0,\"publisher\":{\"@id\":\"https:\\\/\\\/janze-athletisme.fr\\\/wordpress\\\/#organization\"},\"image\":{\"@id\":\"https:\\\/\\\/janze-athletisme.fr\\\/wordpress\\\/elsa-raphael-un-apprentissage-reussi-sur-le-steeple\\\/#primaryimage\"},\"thumbnailUrl\":\"https:\\\/\\\/janze-athletisme.fr\\\/wordpress\\\/wp-content\\\/uploads\\\/2025\\\/06\\\/DSC_6693.jpg\",\"articleSection\":[\"Le club au jour le jour\"],\"inLanguage\":\"fr-FR\",\"potentialAction\":[{\"@type\":\"CommentAction\",\"name\":\"Comment\",\"target\":[\"https:\\\/\\\/janze-athletisme.fr\\\/wordpress\\\/elsa-raphael-un-apprentissage-reussi-sur-le-steeple\\\/#respond\"]}]},{\"@type\":\"WebPage\",\"@id\":\"https:\\\/\\\/janze-athletisme.fr\\\/wordpress\\\/elsa-raphael-un-apprentissage-reussi-sur-le-steeple\\\/\",\"url\":\"https:\\\/\\\/janze-athletisme.fr\\\/wordpress\\\/elsa-raphael-un-apprentissage-reussi-sur-le-steeple\\\/\",\"name\":\"Elsa &amp; Rapha\u00ebl : un apprentissage r\u00e9ussi sur le steeple - Janz\u00e9 Athl\u00e9tisme\",\"isPartOf\":{\"@id\":\"https:\\\/\\\/janze-athletisme.fr\\\/wordpress\\\/#website\"},\"primaryImageOfPage\":{\"@id\":\"https:\\\/\\\/janze-athletisme.fr\\\/wordpress\\\/elsa-raphael-un-apprentissage-reussi-sur-le-steeple\\\/#primaryimage\"},\"image\":{\"@id\":\"https:\\\/\\\/janze-athletisme.fr\\\/wordpress\\\/elsa-raphael-un-apprentissage-reussi-sur-le-steeple\\\/#primaryimage\"},\"thumbnailUrl\":\"https:\\\/\\\/janze-athletisme.fr\\\/wordpress\\\/wp-content\\\/uploads\\\/2025\\\/06\\\/DSC_6693.jpg\",\"datePublished\":\"2025-06-01T16:29:47+00:00\",\"dateModified\":\"2025-06-01T19:28:17+00:00\",\"breadcrumb\":{\"@id\":\"https:\\\/\\\/janze-athletisme.fr\\\/wordpress\\\/elsa-raphael-un-apprentissage-reussi-sur-le-steeple\\\/#breadcrumb\"},\"inLanguage\":\"fr-FR\",\"potentialAction\":[{\"@type\":\"ReadAction\",\"target\":[\"https:\\\/\\\/janze-athletisme.fr\\\/wordpress\\\/elsa-raphael-un-apprentissage-reussi-sur-le-steeple\\\/\"]}]},{\"@type\":\"ImageObject\",\"inLanguage\":\"fr-FR\",\"@id\":\"https:\\\/\\\/janze-athletisme.fr\\\/wordpress\\\/elsa-raphael-un-apprentissage-reussi-sur-le-steeple\\\/#primaryimage\",\"url\":\"https:\\\/\\\/janze-athletisme.fr\\\/wordpress\\\/wp-content\\\/uploads\\\/2025\\\/06\\\/DSC_6693.jpg\",\"contentUrl\":\"https:\\\/\\\/janze-athletisme.fr\\\/wordpress\\\/wp-content\\\/uploads\\\/2025\\\/06\\\/DSC_6693.jpg\",\"width\":1200,\"height\":1200},{\"@type\":\"BreadcrumbList\",\"@id\":\"https:\\\/\\\/janze-athletisme.fr\\\/wordpress\\\/elsa-raphael-un-apprentissage-reussi-sur-le-steeple\\\/#breadcrumb\",\"itemListElement\":[{\"@type\":\"ListItem\",\"position\":1,\"name\":\"Accueil\",\"item\":\"https:\\\/\\\/janze-athletisme.fr\\\/wordpress\\\/\"},{\"@type\":\"ListItem\",\"position\":2,\"name\":\"Elsa &amp; Rapha\u00ebl : un apprentissage r\u00e9ussi sur le steeple\"}]},{\"@type\":\"WebSite\",\"@id\":\"https:\\\/\\\/janze-athletisme.fr\\\/wordpress\\\/#website\",\"url\":\"https:\\\/\\\/janze-athletisme.fr\\\/wordpress\\\/\",\"name\":\"Janz\u00e9 Athl\u00e9tisme\",\"description\":\"Pays de La Roche aux F\u00e9es\",\"publisher\":{\"@id\":\"https:\\\/\\\/janze-athletisme.fr\\\/wordpress\\\/#organization\"},\"potentialAction\":[{\"@type\":\"SearchAction\",\"target\":{\"@type\":\"EntryPoint\",\"urlTemplate\":\"https:\\\/\\\/janze-athletisme.fr\\\/wordpress\\\/?s={search_term_string}\"},\"query-input\":{\"@type\":\"PropertyValueSpecification\",\"valueRequired\":true,\"valueName\":\"search_term_string\"}}],\"inLanguage\":\"fr-FR\"},{\"@type\":\"Organization\",\"@id\":\"https:\\\/\\\/janze-athletisme.fr\\\/wordpress\\\/#organization\",\"name\":\"Janz\u00e9 Athl\u00e9tisme\",\"url\":\"https:\\\/\\\/janze-athletisme.fr\\\/wordpress\\\/\",\"logo\":{\"@type\":\"ImageObject\",\"inLanguage\":\"fr-FR\",\"@id\":\"https:\\\/\\\/janze-athletisme.fr\\\/wordpress\\\/#\\\/schema\\\/logo\\\/image\\\/\",\"url\":\"https:\\\/\\\/janze-athletisme.fr\\\/wordpress\\\/wp-content\\\/uploads\\\/2015\\\/03\\\/logo-full1.jpg\",\"contentUrl\":\"https:\\\/\\\/janze-athletisme.fr\\\/wordpress\\\/wp-content\\\/uploads\\\/2015\\\/03\\\/logo-full1.jpg\",\"width\":437,\"height\":205,\"caption\":\"Janz\u00e9 Athl\u00e9tisme\"},\"image\":{\"@id\":\"https:\\\/\\\/janze-athletisme.fr\\\/wordpress\\\/#\\\/schema\\\/logo\\\/image\\\/\"},\"sameAs\":[\"https:\\\/\\\/www.facebook.com\\\/groups\\\/1007964579346590\"]},{\"@type\":\"Person\",\"@id\":\"https:\\\/\\\/janze-athletisme.fr\\\/wordpress\\\/#\\\/schema\\\/person\\\/c7b063dcfa6234c041d4d9b26cc2ea03\",\"name\":\"Laurent Meunier\",\"image\":{\"@type\":\"ImageObject\",\"inLanguage\":\"fr-FR\",\"@id\":\"https:\\\/\\\/secure.gravatar.com\\\/avatar\\\/dd25d581ad7c3349090f2fa6a9adb6bfa287e6a5dd8a5216a092727cd8749034?s=96&d=mm&r=g\",\"url\":\"https:\\\/\\\/secure.gravatar.com\\\/avatar\\\/dd25d581ad7c3349090f2fa6a9adb6bfa287e6a5dd8a5216a092727cd8749034?s=96&d=mm&r=g\",\"contentUrl\":\"https:\\\/\\\/secure.gravatar.com\\\/avatar\\\/dd25d581ad7c3349090f2fa6a9adb6bfa287e6a5dd8a5216a092727cd8749034?s=96&d=mm&r=g\",\"caption\":\"Laurent Meunier\"},\"url\":\"https:\\\/\\\/janze-athletisme.fr\\\/wordpress\\\/author\\\/laurent-meunier35\\\/\"}]}<\/script>\n<!-- \/ Yoast SEO plugin. -->","yoast_head_json":{"title":"Elsa &amp; Rapha\u00ebl : un apprentissage r\u00e9ussi sur le steeple - Janz\u00e9 Athl\u00e9tisme","robots":{"index":"index","follow":"follow","max-snippet":"max-snippet:-1","max-image-preview":"max-image-preview:large","max-video-preview":"max-video-preview:-1"},"canonical":"https:\/\/janze-athletisme.fr\/wordpress\/elsa-raphael-un-apprentissage-reussi-sur-le-steeple\/","og_locale":"fr_FR","og_type":"article","og_title":"Elsa &amp; Rapha\u00ebl : un apprentissage r\u00e9ussi sur le steeple - Janz\u00e9 Athl\u00e9tisme","og_description":"Meeting d&rsquo;Auray, samedi 31 mai La junior Elsa Mah\u00e9 (Bain) avait d\u00e9j\u00e0 tent\u00e9 l&rsquo;exp\u00e9rience du 2000m steeple le 30 septembre 2023, pour donner un coup de main dans le cadre d&rsquo;un Interclubs avenir. Elle en avait conserv\u00e9 une impression mitig\u00e9e, entre plaisir d&rsquo;une discipline difficile et difficult\u00e9 \u00e0 g\u00e9rer les barri\u00e8res (anticiper avant \/ relancer [&hellip;]","og_url":"https:\/\/janze-athletisme.fr\/wordpress\/elsa-raphael-un-apprentissage-reussi-sur-le-steeple\/","og_site_name":"Janz\u00e9 Athl\u00e9tisme","article_publisher":"https:\/\/www.facebook.com\/groups\/1007964579346590","article_published_time":"2025-06-01T16:29:47+00:00","article_modified_time":"2025-06-01T19:28:17+00:00","og_image":[{"width":1200,"height":1200,"url":"https:\/\/janze-athletisme.fr\/wordpress\/wp-content\/uploads\/2025\/06\/DSC_6693.jpg","type":"image\/jpeg"}],"author":"Laurent Meunier","twitter_card":"summary_large_image","twitter_misc":{"\u00c9crit par":"Laurent Meunier","Dur\u00e9e de lecture estim\u00e9e":"6 minutes"},"schema":{"@context":"https:\/\/schema.org","@graph":[{"@type":"Article","@id":"https:\/\/janze-athletisme.fr\/wordpress\/elsa-raphael-un-apprentissage-reussi-sur-le-steeple\/#article","isPartOf":{"@id":"https:\/\/janze-athletisme.fr\/wordpress\/elsa-raphael-un-apprentissage-reussi-sur-le-steeple\/"},"author":{"name":"Laurent Meunier","@id":"https:\/\/janze-athletisme.fr\/wordpress\/#\/schema\/person\/c7b063dcfa6234c041d4d9b26cc2ea03"},"headline":"Elsa &amp; Rapha\u00ebl : un apprentissage r\u00e9ussi sur le steeple","datePublished":"2025-06-01T16:29:47+00:00","dateModified":"2025-06-01T19:28:17+00:00","mainEntityOfPage":{"@id":"https:\/\/janze-athletisme.fr\/wordpress\/elsa-raphael-un-apprentissage-reussi-sur-le-steeple\/"},"wordCount":479,"commentCount":0,"publisher":{"@id":"https:\/\/janze-athletisme.fr\/wordpress\/#organization"},"image":{"@id":"https:\/\/janze-athletisme.fr\/wordpress\/elsa-raphael-un-apprentissage-reussi-sur-le-steeple\/#primaryimage"},"thumbnailUrl":"https:\/\/janze-athletisme.fr\/wordpress\/wp-content\/uploads\/2025\/06\/DSC_6693.jpg","articleSection":["Le club au jour le jour"],"inLanguage":"fr-FR","potentialAction":[{"@type":"CommentAction","name":"Comment","target":["https:\/\/janze-athletisme.fr\/wordpress\/elsa-raphael-un-apprentissage-reussi-sur-le-steeple\/#respond"]}]},{"@type":"WebPage","@id":"https:\/\/janze-athletisme.fr\/wordpress\/elsa-raphael-un-apprentissage-reussi-sur-le-steeple\/","url":"https:\/\/janze-athletisme.fr\/wordpress\/elsa-raphael-un-apprentissage-reussi-sur-le-steeple\/","name":"Elsa &amp; Rapha\u00ebl : un apprentissage r\u00e9ussi sur le steeple - Janz\u00e9 Athl\u00e9tisme","isPartOf":{"@id":"https:\/\/janze-athletisme.fr\/wordpress\/#website"},"primaryImageOfPage":{"@id":"https:\/\/janze-athletisme.fr\/wordpress\/elsa-raphael-un-apprentissage-reussi-sur-le-steeple\/#primaryimage"},"image":{"@id":"https:\/\/janze-athletisme.fr\/wordpress\/elsa-raphael-un-apprentissage-reussi-sur-le-steeple\/#primaryimage"},"thumbnailUrl":"https:\/\/janze-athletisme.fr\/wordpress\/wp-content\/uploads\/2025\/06\/DSC_6693.jpg","datePublished":"2025-06-01T16:29:47+00:00","dateModified":"2025-06-01T19:28:17+00:00","breadcrumb":{"@id":"https:\/\/janze-athletisme.fr\/wordpress\/elsa-raphael-un-apprentissage-reussi-sur-le-steeple\/#breadcrumb"},"inLanguage":"fr-FR","potentialAction":[{"@type":"ReadAction","target":["https:\/\/janze-athletisme.fr\/wordpress\/elsa-raphael-un-apprentissage-reussi-sur-le-steeple\/"]}]},{"@type":"ImageObject","inLanguage":"fr-FR","@id":"https:\/\/janze-athletisme.fr\/wordpress\/elsa-raphael-un-apprentissage-reussi-sur-le-steeple\/#primaryimage","url":"https:\/\/janze-athletisme.fr\/wordpress\/wp-content\/uploads\/2025\/06\/DSC_6693.jpg","contentUrl":"https:\/\/janze-athletisme.fr\/wordpress\/wp-content\/uploads\/2025\/06\/DSC_6693.jpg","width":1200,"height":1200},{"@type":"BreadcrumbList","@id":"https:\/\/janze-athletisme.fr\/wordpress\/elsa-raphael-un-apprentissage-reussi-sur-le-steeple\/#breadcrumb","itemListElement":[{"@type":"ListItem","position":1,"name":"Accueil","item":"https:\/\/janze-athletisme.fr\/wordpress\/"},{"@type":"ListItem","position":2,"name":"Elsa &amp; Rapha\u00ebl : un apprentissage r\u00e9ussi sur le steeple"}]},{"@type":"WebSite","@id":"https:\/\/janze-athletisme.fr\/wordpress\/#website","url":"https:\/\/janze-athletisme.fr\/wordpress\/","name":"Janz\u00e9 Athl\u00e9tisme","description":"Pays de La Roche aux F\u00e9es","publisher":{"@id":"https:\/\/janze-athletisme.fr\/wordpress\/#organization"},"potentialAction":[{"@type":"SearchAction","target":{"@type":"EntryPoint","urlTemplate":"https:\/\/janze-athletisme.fr\/wordpress\/?s={search_term_string}"},"query-input":{"@type":"PropertyValueSpecification","valueRequired":true,"valueName":"search_term_string"}}],"inLanguage":"fr-FR"},{"@type":"Organization","@id":"https:\/\/janze-athletisme.fr\/wordpress\/#organization","name":"Janz\u00e9 Athl\u00e9tisme","url":"https:\/\/janze-athletisme.fr\/wordpress\/","logo":{"@type":"ImageObject","inLanguage":"fr-FR","@id":"https:\/\/janze-athletisme.fr\/wordpress\/#\/schema\/logo\/image\/","url":"https:\/\/janze-athletisme.fr\/wordpress\/wp-content\/uploads\/2015\/03\/logo-full1.jpg","contentUrl":"https:\/\/janze-athletisme.fr\/wordpress\/wp-content\/uploads\/2015\/03\/logo-full1.jpg","width":437,"height":205,"caption":"Janz\u00e9 Athl\u00e9tisme"},"image":{"@id":"https:\/\/janze-athletisme.fr\/wordpress\/#\/schema\/logo\/image\/"},"sameAs":["https:\/\/www.facebook.com\/groups\/1007964579346590"]},{"@type":"Person","@id":"https:\/\/janze-athletisme.fr\/wordpress\/#\/schema\/person\/c7b063dcfa6234c041d4d9b26cc2ea03","name":"Laurent Meunier","image":{"@type":"ImageObject","inLanguage":"fr-FR","@id":"https:\/\/secure.gravatar.com\/avatar\/dd25d581ad7c3349090f2fa6a9adb6bfa287e6a5dd8a5216a092727cd8749034?s=96&d=mm&r=g","url":"https:\/\/secure.gravatar.com\/avatar\/dd25d581ad7c3349090f2fa6a9adb6bfa287e6a5dd8a5216a092727cd8749034?s=96&d=mm&r=g","contentUrl":"https:\/\/secure.gravatar.com\/avatar\/dd25d581ad7c3349090f2fa6a9adb6bfa287e6a5dd8a5216a092727cd8749034?s=96&d=mm&r=g","caption":"Laurent Meunier"},"url":"https:\/\/janze-athletisme.fr\/wordpress\/author\/laurent-meunier35\/"}]}},"uagb_featured_image_src":{"full":["https:\/\/janze-athletisme.fr\/wordpress\/wp-content\/uploads\/2025\/06\/DSC_6693.jpg",1200,1200,false],"thumbnail":["https:\/\/janze-athletisme.fr\/wordpress\/wp-content\/uploads\/2025\/06\/DSC_6693-150x150.jpg",150,150,true],"medium":["https:\/\/janze-athletisme.fr\/wordpress\/wp-content\/uploads\/2025\/06\/DSC_6693-300x300.jpg",300,300,true],"medium_large":["https:\/\/janze-athletisme.fr\/wordpress\/wp-content\/uploads\/2025\/06\/DSC_6693-768x768.jpg",768,768,true],"large":["https:\/\/janze-athletisme.fr\/wordpress\/wp-content\/uploads\/2025\/06\/DSC_6693-1024x1024.jpg",1024,1024,true],"1536x1536":["https:\/\/janze-athletisme.fr\/wordpress\/wp-content\/uploads\/2025\/06\/DSC_6693.jpg",1200,1200,false],"2048x2048":["https:\/\/janze-athletisme.fr\/wordpress\/wp-content\/uploads\/2025\/06\/DSC_6693.jpg",1200,1200,false]},"uagb_author_info":{"display_name":"Laurent Meunier","author_link":"https:\/\/janze-athletisme.fr\/wordpress\/author\/laurent-meunier35\/"},"uagb_comment_info":0,"uagb_excerpt":"Meeting d&rsquo;Auray, samedi 31 mai La junior Elsa Mah\u00e9 (Bain) avait d\u00e9j\u00e0 tent\u00e9 l&rsquo;exp\u00e9rience du 2000m steeple le 30 septembre 2023, pour donner un coup de main dans le cadre d&rsquo;un Interclubs avenir. Elle en avait conserv\u00e9 une impression mitig\u00e9e, entre plaisir d&rsquo;une discipline difficile et difficult\u00e9 \u00e0 g\u00e9rer les barri\u00e8res (anticiper avant \/ relancer\u2026","_links":{"self":[{"href":"https:\/\/janze-athletisme.fr\/wordpress\/wp-json\/wp\/v2\/posts\/25591","targetHints":{"allow":["GET"]}}],"collection":[{"href":"https:\/\/janze-athletisme.fr\/wordpress\/wp-json\/wp\/v2\/posts"}],"about":[{"href":"https:\/\/janze-athletisme.fr\/wordpress\/wp-json\/wp\/v2\/types\/post"}],"author":[{"embeddable":true,"href":"https:\/\/janze-athletisme.fr\/wordpress\/wp-json\/wp\/v2\/users\/12"}],"replies":[{"embeddable":true,"href":"https:\/\/janze-athletisme.fr\/wordpress\/wp-json\/wp\/v2\/comments?post=25591"}],"version-history":[{"count":4,"href":"https:\/\/janze-athletisme.fr\/wordpress\/wp-json\/wp\/v2\/posts\/25591\/revisions"}],"predecessor-version":[{"id":25615,"href":"https:\/\/janze-athletisme.fr\/wordpress\/wp-json\/wp\/v2\/posts\/25591\/revisions\/25615"}],"wp:featuredmedia":[{"embeddable":true,"href":"https:\/\/janze-athletisme.fr\/wordpress\/wp-json\/wp\/v2\/media\/25601"}],"wp:attachment":[{"href":"https:\/\/janze-athletisme.fr\/wordpress\/wp-json\/wp\/v2\/media?parent=25591"}],"wp:term":[{"taxonomy":"category","embeddable":true,"href":"https:\/\/janze-athletisme.fr\/wordpress\/wp-json\/wp\/v2\/categories?post=25591"},{"taxonomy":"post_tag","embeddable":true,"href":"https:\/\/janze-athletisme.fr\/wordpress\/wp-json\/wp\/v2\/tags?post=25591"}],"curies":[{"name":"wp","href":"https:\/\/api.w.org\/{rel}","templated":true}]}}