{"id":25585,"date":"2025-06-01T12:25:22","date_gmt":"2025-06-01T10:25:22","guid":{"rendered":"https:\/\/janze-athletisme.fr\/wordpress\/?p=25585"},"modified":"2025-06-01T12:25:22","modified_gmt":"2025-06-01T10:25:22","slug":"domloup-apres-la-rdf-les-foulees-pour-se-defouler-et-oui-des-journees-entieres-de-reflexion-pour-trouver-le-bon-jeu-de-mots","status":"publish","type":"post","link":"https:\/\/janze-athletisme.fr\/wordpress\/domloup-apres-la-rdf-les-foulees-pour-se-defouler-et-oui-des-journees-entieres-de-reflexion-pour-trouver-le-bon-jeu-de-mots\/","title":{"rendered":"Domloup: apr\u00e8s la RDF, les Foul\u00e9es pour se d\u00e9fouler ! (et oui ! des journ\u00e9es enti\u00e8res de r\u00e9flexion pour trouver le bon jeu de mots !!!)"},"content":{"rendered":"<h1 style=\"text-align: center;\"><span style=\"color: #800000; font-family: comic sans ms, sans-serif;\">Les Foul\u00e9es de Domloup<\/span><\/h1>\n<p>&nbsp;<\/p>\n<p><a href=\"https:\/\/janze-athletisme.fr\/wordpress\/wp-content\/uploads\/2025\/06\/IMG-20250529-WA0000.jpg\"><img loading=\"lazy\" decoding=\"async\" class=\"alignnone  wp-image-25586\" src=\"https:\/\/janze-athletisme.fr\/wordpress\/wp-content\/uploads\/2025\/06\/IMG-20250529-WA0000-225x300.jpg\" alt=\"\" width=\"549\" height=\"732\" srcset=\"https:\/\/janze-athletisme.fr\/wordpress\/wp-content\/uploads\/2025\/06\/IMG-20250529-WA0000-225x300.jpg 225w, https:\/\/janze-athletisme.fr\/wordpress\/wp-content\/uploads\/2025\/06\/IMG-20250529-WA0000-768x1024.jpg 768w, https:\/\/janze-athletisme.fr\/wordpress\/wp-content\/uploads\/2025\/06\/IMG-20250529-WA0000-1152x1536.jpg 1152w, https:\/\/janze-athletisme.fr\/wordpress\/wp-content\/uploads\/2025\/06\/IMG-20250529-WA0000.jpg 1200w\" sizes=\"auto, (max-width: 549px) 100vw, 549px\" \/><\/a><a href=\"https:\/\/janze-athletisme.fr\/wordpress\/wp-content\/uploads\/2025\/06\/unnamed.jpg\"><img loading=\"lazy\" decoding=\"async\" class=\" wp-image-25587 alignright\" src=\"https:\/\/janze-athletisme.fr\/wordpress\/wp-content\/uploads\/2025\/06\/unnamed-300x202.jpg\" alt=\"\" width=\"630\" height=\"424\" srcset=\"https:\/\/janze-athletisme.fr\/wordpress\/wp-content\/uploads\/2025\/06\/unnamed-300x202.jpg 300w, https:\/\/janze-athletisme.fr\/wordpress\/wp-content\/uploads\/2025\/06\/unnamed-1024x689.jpg 1024w, https:\/\/janze-athletisme.fr\/wordpress\/wp-content\/uploads\/2025\/06\/unnamed-768x516.jpg 768w, https:\/\/janze-athletisme.fr\/wordpress\/wp-content\/uploads\/2025\/06\/unnamed-1536x1033.jpg 1536w, https:\/\/janze-athletisme.fr\/wordpress\/wp-content\/uploads\/2025\/06\/unnamed.jpg 1844w\" sizes=\"auto, (max-width: 630px) 100vw, 630px\" \/><\/a><\/p>\n<p><span style=\"color: #000000;\">Pas beaucoup de janz\u00e9ens pour cette 46\u00e8me \u00e9dition (quand m\u00eame !), seulement deux mais des repr\u00e9sentants de qualit\u00e9 ! du label rouge ! frustr\u00e9e de n&rsquo;avoir pu se rendre disponible pour \u00e9clabousser de son talent la Ronde des F\u00e9es et rel\u00e9guer Charline Houssais une place en dessous (quoique C\u00e9line aurait pr\u00e9f\u00e9r\u00e9 faire le 17 km !), elle tape un excellent chrono sur ce parcours assez roulant entre route et chemins.\u00a0<\/span><\/p>\n<p><span style=\"color: #000000;\">Un peu dans le dur sur la Ronde des f\u00e9es, Raymond quant \u00e0 lui cherchait \u00e0 se rassurer mais aussi, en tant que local de la course, avait \u00e0 coeur de participer \u00e0 \u00ab\u00a0sa\u00a0\u00bb course !<\/span><\/p>\n<p><span style=\"color: #000000;\">Bravo les champions ! et merci pour les photos.<\/span><\/p>\n<p>&nbsp;<\/p>\n<table style=\"border-collapse: collapse; width: 100%; height: 165px;\">\n<tbody>\n<tr style=\"height: 59px;\">\n<td style=\"width: 16.6667%; text-align: center; height: 59px;\"><strong><span style=\"color: #000000;\">Distance<\/span><\/strong><\/td>\n<td style=\"width: 16.6667%; text-align: center; height: 59px;\"><strong><span style=\"color: #000000;\">Classement<\/span><\/strong><\/td>\n<td style=\"width: 16.6667%; text-align: center; height: 59px;\"><strong><span style=\"color: #000000;\">Nom<\/span><\/strong><\/td>\n<td style=\"width: 15.9426%; text-align: center; height: 59px;\"><strong><span style=\"color: #000000;\">Temps<\/span><\/strong><\/td>\n<td style=\"width: 17.3908%; text-align: center; height: 59px;\"><strong><span style=\"color: #000000;\">Classement cat\u00e9gorie<\/span><\/strong><\/td>\n<td style=\"width: 16.6667%; text-align: center; height: 59px;\"><strong><span style=\"color: #000000;\">Classement femme<\/span><\/strong><\/td>\n<\/tr>\n<tr style=\"height: 53px;\">\n<td style=\"width: 16.6667%; text-align: center; height: 53px;\"><span style=\"color: #000000;\">10 km<\/span><\/td>\n<td style=\"width: 16.6667%; text-align: center; height: 53px;\"><span style=\"color: #000000;\">124\/766<\/span><\/td>\n<td style=\"width: 16.6667%; text-align: center; height: 53px;\"><span style=\"color: #000000;\">C\u00e9line Hazard<\/span><\/td>\n<td style=\"width: 15.9426%; text-align: center; height: 53px;\"><span style=\"color: #000000;\">43&rsquo;53<\/span><\/td>\n<td style=\"width: 17.3908%; text-align: center; height: 53px;\"><span style=\"color: #ff6600;\"><strong>1\u00e8re M0F<\/strong><\/span><\/td>\n<td style=\"width: 16.6667%; text-align: center; height: 53px;\"><span style=\"color: #000000;\">8\/273<\/span><\/td>\n<\/tr>\n<tr style=\"height: 53px;\">\n<td style=\"width: 16.6667%; text-align: center; height: 53px;\"><span style=\"color: #000000;\">10 km<\/span><\/td>\n<td style=\"width: 16.6667%; text-align: center; height: 53px;\"><span style=\"color: #000000;\">386\/766<\/span><\/td>\n<td style=\"width: 16.6667%; text-align: center; height: 53px;\"><span style=\"color: #000000;\">Raymond Flegeau<\/span><\/td>\n<td style=\"width: 15.9426%; text-align: center; height: 53px;\"><span style=\"color: #000000;\">53&rsquo;38<\/span><\/td>\n<td style=\"width: 17.3908%; text-align: center; height: 53px;\"><span style=\"color: #000000;\">10\u00e8me M5<\/span><\/td>\n<td style=\"width: 16.6667%; text-align: center; height: 53px;\"><span style=\"color: #000000;\">&#8211;<\/span><\/td>\n<\/tr>\n<\/tbody>\n<\/table>\n<p>&nbsp;<\/p>\n","protected":false},"excerpt":{"rendered":"<p>Les Foul\u00e9es de Domloup &nbsp; Pas beaucoup de janz\u00e9ens pour cette 46\u00e8me \u00e9dition (quand m\u00eame !), seulement deux mais des repr\u00e9sentants de qualit\u00e9 ! du label rouge ! frustr\u00e9e de n&rsquo;avoir pu se rendre disponible pour \u00e9clabousser de son talent la Ronde des F\u00e9es et rel\u00e9guer Charline Houssais une place en dessous (quoique C\u00e9line aurait [&hellip;]<\/p>\n","protected":false},"author":8,"featured_media":25588,"comment_status":"open","ping_status":"open","sticky":false,"template":"","format":"aside","meta":{"_uag_custom_page_level_css":"","site-sidebar-layout":"default","site-content-layout":"","ast-site-content-layout":"default","site-content-style":"default","site-sidebar-style":"default","ast-global-header-display":"","ast-banner-title-visibility":"","ast-main-header-display":"","ast-hfb-above-header-display":"","ast-hfb-below-header-display":"","ast-hfb-mobile-header-display":"","site-post-title":"","ast-breadcrumbs-content":"","ast-featured-img":"","footer-sml-layout":"","ast-disable-related-posts":"","theme-transparent-header-meta":"default","adv-header-id-meta":"","stick-header-meta":"","header-above-stick-meta":"","header-main-stick-meta":"","header-below-stick-meta":"","astra-migrate-meta-layouts":"set","ast-page-background-enabled":"default","ast-page-background-meta":{"desktop":{"background-color":"var(--ast-global-color-4)","background-image":"","background-repeat":"repeat","background-position":"center center","background-size":"auto","background-attachment":"scroll","background-type":"","background-media":"","overlay-type":"","overlay-color":"","overlay-opacity":"","overlay-gradient":""},"tablet":{"background-color":"","background-image":"","background-repeat":"repeat","background-position":"center center","background-size":"auto","background-attachment":"scroll","background-type":"","background-media":"","overlay-type":"","overlay-color":"","overlay-opacity":"","overlay-gradient":""},"mobile":{"background-color":"","background-image":"","background-repeat":"repeat","background-position":"center center","background-size":"auto","background-attachment":"scroll","background-type":"","background-media":"","overlay-type":"","overlay-color":"","overlay-opacity":"","overlay-gradient":""}},"ast-content-background-meta":{"desktop":{"background-color":"var(--ast-global-color-5)","background-image":"","background-repeat":"repeat","background-position":"center center","background-size":"auto","background-attachment":"scroll","background-type":"","background-media":"","overlay-type":"","overlay-color":"","overlay-opacity":"","overlay-gradient":""},"tablet":{"background-color":"var(--ast-global-color-5)","background-image":"","background-repeat":"repeat","background-position":"center center","background-size":"auto","background-attachment":"scroll","background-type":"","background-media":"","overlay-type":"","overlay-color":"","overlay-opacity":"","overlay-gradient":""},"mobile":{"background-color":"var(--ast-global-color-5)","background-image":"","background-repeat":"repeat","background-position":"center center","background-size":"auto","background-attachment":"scroll","background-type":"","background-media":"","overlay-type":"","overlay-color":"","overlay-opacity":"","overlay-gradient":""}},"footnotes":""},"categories":[6],"tags":[],"class_list":["post-25585","post","type-post","status-publish","format-aside","has-post-thumbnail","hentry","category-sections","post_format-post-format-aside"],"yoast_head":"<!-- This site is optimized with the Yoast SEO plugin v27.4 - https:\/\/yoast.com\/product\/yoast-seo-wordpress\/ -->\n<title>Domloup: apr\u00e8s la RDF, les Foul\u00e9es pour se d\u00e9fouler ! (et oui ! des journ\u00e9es enti\u00e8res de r\u00e9flexion pour trouver le bon jeu de mots !!!) - Janz\u00e9 Athl\u00e9tisme<\/title>\n<meta name=\"robots\" content=\"index, follow, max-snippet:-1, max-image-preview:large, max-video-preview:-1\" \/>\n<link rel=\"canonical\" href=\"https:\/\/janze-athletisme.fr\/wordpress\/domloup-apres-la-rdf-les-foulees-pour-se-defouler-et-oui-des-journees-entieres-de-reflexion-pour-trouver-le-bon-jeu-de-mots\/\" \/>\n<meta property=\"og:locale\" content=\"fr_FR\" \/>\n<meta property=\"og:type\" content=\"article\" \/>\n<meta property=\"og:title\" content=\"Domloup: apr\u00e8s la RDF, les Foul\u00e9es pour se d\u00e9fouler ! (et oui ! des journ\u00e9es enti\u00e8res de r\u00e9flexion pour trouver le bon jeu de mots !!!) - Janz\u00e9 Athl\u00e9tisme\" \/>\n<meta property=\"og:description\" content=\"Les Foul\u00e9es de Domloup &nbsp; Pas beaucoup de janz\u00e9ens pour cette 46\u00e8me \u00e9dition (quand m\u00eame !), seulement deux mais des repr\u00e9sentants de qualit\u00e9 ! du label rouge ! frustr\u00e9e de n&rsquo;avoir pu se rendre disponible pour \u00e9clabousser de son talent la Ronde des F\u00e9es et rel\u00e9guer Charline Houssais une place en dessous (quoique C\u00e9line aurait [&hellip;]\" \/>\n<meta property=\"og:url\" content=\"https:\/\/janze-athletisme.fr\/wordpress\/domloup-apres-la-rdf-les-foulees-pour-se-defouler-et-oui-des-journees-entieres-de-reflexion-pour-trouver-le-bon-jeu-de-mots\/\" \/>\n<meta property=\"og:site_name\" content=\"Janz\u00e9 Athl\u00e9tisme\" \/>\n<meta property=\"article:publisher\" content=\"https:\/\/www.facebook.com\/groups\/1007964579346590\" \/>\n<meta property=\"article:published_time\" content=\"2025-06-01T10:25:22+00:00\" \/>\n<meta property=\"og:image\" content=\"https:\/\/janze-athletisme.fr\/wordpress\/wp-content\/uploads\/2025\/06\/Sans-titre.jpg\" \/>\n\t<meta property=\"og:image:width\" content=\"293\" \/>\n\t<meta property=\"og:image:height\" content=\"172\" \/>\n\t<meta property=\"og:image:type\" content=\"image\/jpeg\" \/>\n<meta name=\"author\" content=\"Jean-Marie Jouzel\" \/>\n<meta name=\"twitter:card\" content=\"summary_large_image\" \/>\n<meta name=\"twitter:label1\" content=\"\u00c9crit par\" \/>\n\t<meta name=\"twitter:data1\" content=\"Jean-Marie Jouzel\" \/>\n\t<meta name=\"twitter:label2\" content=\"Dur\u00e9e de lecture estim\u00e9e\" \/>\n\t<meta name=\"twitter:data2\" content=\"2 minutes\" \/>\n<script type=\"application\/ld+json\" class=\"yoast-schema-graph\">{\"@context\":\"https:\\\/\\\/schema.org\",\"@graph\":[{\"@type\":\"Article\",\"@id\":\"https:\\\/\\\/janze-athletisme.fr\\\/wordpress\\\/domloup-apres-la-rdf-les-foulees-pour-se-defouler-et-oui-des-journees-entieres-de-reflexion-pour-trouver-le-bon-jeu-de-mots\\\/#article\",\"isPartOf\":{\"@id\":\"https:\\\/\\\/janze-athletisme.fr\\\/wordpress\\\/domloup-apres-la-rdf-les-foulees-pour-se-defouler-et-oui-des-journees-entieres-de-reflexion-pour-trouver-le-bon-jeu-de-mots\\\/\"},\"author\":{\"name\":\"Jean-Marie Jouzel\",\"@id\":\"https:\\\/\\\/janze-athletisme.fr\\\/wordpress\\\/#\\\/schema\\\/person\\\/e27efa3d49687b81c679eb0b5c4973e9\"},\"headline\":\"Domloup: apr\u00e8s la RDF, les Foul\u00e9es pour se d\u00e9fouler ! (et oui ! des journ\u00e9es enti\u00e8res de r\u00e9flexion pour trouver le bon jeu de mots !!!)\",\"datePublished\":\"2025-06-01T10:25:22+00:00\",\"mainEntityOfPage\":{\"@id\":\"https:\\\/\\\/janze-athletisme.fr\\\/wordpress\\\/domloup-apres-la-rdf-les-foulees-pour-se-defouler-et-oui-des-journees-entieres-de-reflexion-pour-trouver-le-bon-jeu-de-mots\\\/\"},\"wordCount\":174,\"commentCount\":0,\"publisher\":{\"@id\":\"https:\\\/\\\/janze-athletisme.fr\\\/wordpress\\\/#organization\"},\"image\":{\"@id\":\"https:\\\/\\\/janze-athletisme.fr\\\/wordpress\\\/domloup-apres-la-rdf-les-foulees-pour-se-defouler-et-oui-des-journees-entieres-de-reflexion-pour-trouver-le-bon-jeu-de-mots\\\/#primaryimage\"},\"thumbnailUrl\":\"https:\\\/\\\/janze-athletisme.fr\\\/wordpress\\\/wp-content\\\/uploads\\\/2025\\\/06\\\/Sans-titre.jpg\",\"articleSection\":[\"Le club au jour le jour\"],\"inLanguage\":\"fr-FR\",\"potentialAction\":[{\"@type\":\"CommentAction\",\"name\":\"Comment\",\"target\":[\"https:\\\/\\\/janze-athletisme.fr\\\/wordpress\\\/domloup-apres-la-rdf-les-foulees-pour-se-defouler-et-oui-des-journees-entieres-de-reflexion-pour-trouver-le-bon-jeu-de-mots\\\/#respond\"]}]},{\"@type\":\"WebPage\",\"@id\":\"https:\\\/\\\/janze-athletisme.fr\\\/wordpress\\\/domloup-apres-la-rdf-les-foulees-pour-se-defouler-et-oui-des-journees-entieres-de-reflexion-pour-trouver-le-bon-jeu-de-mots\\\/\",\"url\":\"https:\\\/\\\/janze-athletisme.fr\\\/wordpress\\\/domloup-apres-la-rdf-les-foulees-pour-se-defouler-et-oui-des-journees-entieres-de-reflexion-pour-trouver-le-bon-jeu-de-mots\\\/\",\"name\":\"Domloup: apr\u00e8s la RDF, les Foul\u00e9es pour se d\u00e9fouler ! (et oui ! des journ\u00e9es enti\u00e8res de r\u00e9flexion pour trouver le bon jeu de mots !!!) - Janz\u00e9 Athl\u00e9tisme\",\"isPartOf\":{\"@id\":\"https:\\\/\\\/janze-athletisme.fr\\\/wordpress\\\/#website\"},\"primaryImageOfPage\":{\"@id\":\"https:\\\/\\\/janze-athletisme.fr\\\/wordpress\\\/domloup-apres-la-rdf-les-foulees-pour-se-defouler-et-oui-des-journees-entieres-de-reflexion-pour-trouver-le-bon-jeu-de-mots\\\/#primaryimage\"},\"image\":{\"@id\":\"https:\\\/\\\/janze-athletisme.fr\\\/wordpress\\\/domloup-apres-la-rdf-les-foulees-pour-se-defouler-et-oui-des-journees-entieres-de-reflexion-pour-trouver-le-bon-jeu-de-mots\\\/#primaryimage\"},\"thumbnailUrl\":\"https:\\\/\\\/janze-athletisme.fr\\\/wordpress\\\/wp-content\\\/uploads\\\/2025\\\/06\\\/Sans-titre.jpg\",\"datePublished\":\"2025-06-01T10:25:22+00:00\",\"breadcrumb\":{\"@id\":\"https:\\\/\\\/janze-athletisme.fr\\\/wordpress\\\/domloup-apres-la-rdf-les-foulees-pour-se-defouler-et-oui-des-journees-entieres-de-reflexion-pour-trouver-le-bon-jeu-de-mots\\\/#breadcrumb\"},\"inLanguage\":\"fr-FR\",\"potentialAction\":[{\"@type\":\"ReadAction\",\"target\":[\"https:\\\/\\\/janze-athletisme.fr\\\/wordpress\\\/domloup-apres-la-rdf-les-foulees-pour-se-defouler-et-oui-des-journees-entieres-de-reflexion-pour-trouver-le-bon-jeu-de-mots\\\/\"]}]},{\"@type\":\"ImageObject\",\"inLanguage\":\"fr-FR\",\"@id\":\"https:\\\/\\\/janze-athletisme.fr\\\/wordpress\\\/domloup-apres-la-rdf-les-foulees-pour-se-defouler-et-oui-des-journees-entieres-de-reflexion-pour-trouver-le-bon-jeu-de-mots\\\/#primaryimage\",\"url\":\"https:\\\/\\\/janze-athletisme.fr\\\/wordpress\\\/wp-content\\\/uploads\\\/2025\\\/06\\\/Sans-titre.jpg\",\"contentUrl\":\"https:\\\/\\\/janze-athletisme.fr\\\/wordpress\\\/wp-content\\\/uploads\\\/2025\\\/06\\\/Sans-titre.jpg\",\"width\":293,\"height\":172},{\"@type\":\"BreadcrumbList\",\"@id\":\"https:\\\/\\\/janze-athletisme.fr\\\/wordpress\\\/domloup-apres-la-rdf-les-foulees-pour-se-defouler-et-oui-des-journees-entieres-de-reflexion-pour-trouver-le-bon-jeu-de-mots\\\/#breadcrumb\",\"itemListElement\":[{\"@type\":\"ListItem\",\"position\":1,\"name\":\"Accueil\",\"item\":\"https:\\\/\\\/janze-athletisme.fr\\\/wordpress\\\/\"},{\"@type\":\"ListItem\",\"position\":2,\"name\":\"Domloup: apr\u00e8s la RDF, les Foul\u00e9es pour se d\u00e9fouler ! (et oui ! des journ\u00e9es enti\u00e8res de r\u00e9flexion pour trouver le bon jeu de mots !!!)\"}]},{\"@type\":\"WebSite\",\"@id\":\"https:\\\/\\\/janze-athletisme.fr\\\/wordpress\\\/#website\",\"url\":\"https:\\\/\\\/janze-athletisme.fr\\\/wordpress\\\/\",\"name\":\"Janz\u00e9 Athl\u00e9tisme\",\"description\":\"Pays de La Roche aux F\u00e9es\",\"publisher\":{\"@id\":\"https:\\\/\\\/janze-athletisme.fr\\\/wordpress\\\/#organization\"},\"potentialAction\":[{\"@type\":\"SearchAction\",\"target\":{\"@type\":\"EntryPoint\",\"urlTemplate\":\"https:\\\/\\\/janze-athletisme.fr\\\/wordpress\\\/?s={search_term_string}\"},\"query-input\":{\"@type\":\"PropertyValueSpecification\",\"valueRequired\":true,\"valueName\":\"search_term_string\"}}],\"inLanguage\":\"fr-FR\"},{\"@type\":\"Organization\",\"@id\":\"https:\\\/\\\/janze-athletisme.fr\\\/wordpress\\\/#organization\",\"name\":\"Janz\u00e9 Athl\u00e9tisme\",\"url\":\"https:\\\/\\\/janze-athletisme.fr\\\/wordpress\\\/\",\"logo\":{\"@type\":\"ImageObject\",\"inLanguage\":\"fr-FR\",\"@id\":\"https:\\\/\\\/janze-athletisme.fr\\\/wordpress\\\/#\\\/schema\\\/logo\\\/image\\\/\",\"url\":\"https:\\\/\\\/janze-athletisme.fr\\\/wordpress\\\/wp-content\\\/uploads\\\/2015\\\/03\\\/logo-full1.jpg\",\"contentUrl\":\"https:\\\/\\\/janze-athletisme.fr\\\/wordpress\\\/wp-content\\\/uploads\\\/2015\\\/03\\\/logo-full1.jpg\",\"width\":437,\"height\":205,\"caption\":\"Janz\u00e9 Athl\u00e9tisme\"},\"image\":{\"@id\":\"https:\\\/\\\/janze-athletisme.fr\\\/wordpress\\\/#\\\/schema\\\/logo\\\/image\\\/\"},\"sameAs\":[\"https:\\\/\\\/www.facebook.com\\\/groups\\\/1007964579346590\"]},{\"@type\":\"Person\",\"@id\":\"https:\\\/\\\/janze-athletisme.fr\\\/wordpress\\\/#\\\/schema\\\/person\\\/e27efa3d49687b81c679eb0b5c4973e9\",\"name\":\"Jean-Marie Jouzel\",\"image\":{\"@type\":\"ImageObject\",\"inLanguage\":\"fr-FR\",\"@id\":\"https:\\\/\\\/secure.gravatar.com\\\/avatar\\\/6aaee532914ad5ae9d6b4c13c953c6689456493b17979b560cf8fd0c344930ab?s=96&d=mm&r=g\",\"url\":\"https:\\\/\\\/secure.gravatar.com\\\/avatar\\\/6aaee532914ad5ae9d6b4c13c953c6689456493b17979b560cf8fd0c344930ab?s=96&d=mm&r=g\",\"contentUrl\":\"https:\\\/\\\/secure.gravatar.com\\\/avatar\\\/6aaee532914ad5ae9d6b4c13c953c6689456493b17979b560cf8fd0c344930ab?s=96&d=mm&r=g\",\"caption\":\"Jean-Marie Jouzel\"},\"url\":\"https:\\\/\\\/janze-athletisme.fr\\\/wordpress\\\/author\\\/jmjouzel\\\/\"}]}<\/script>\n<!-- \/ Yoast SEO plugin. -->","yoast_head_json":{"title":"Domloup: apr\u00e8s la RDF, les Foul\u00e9es pour se d\u00e9fouler ! (et oui ! des journ\u00e9es enti\u00e8res de r\u00e9flexion pour trouver le bon jeu de mots !!!) - Janz\u00e9 Athl\u00e9tisme","robots":{"index":"index","follow":"follow","max-snippet":"max-snippet:-1","max-image-preview":"max-image-preview:large","max-video-preview":"max-video-preview:-1"},"canonical":"https:\/\/janze-athletisme.fr\/wordpress\/domloup-apres-la-rdf-les-foulees-pour-se-defouler-et-oui-des-journees-entieres-de-reflexion-pour-trouver-le-bon-jeu-de-mots\/","og_locale":"fr_FR","og_type":"article","og_title":"Domloup: apr\u00e8s la RDF, les Foul\u00e9es pour se d\u00e9fouler ! (et oui ! des journ\u00e9es enti\u00e8res de r\u00e9flexion pour trouver le bon jeu de mots !!!) - Janz\u00e9 Athl\u00e9tisme","og_description":"Les Foul\u00e9es de Domloup &nbsp; Pas beaucoup de janz\u00e9ens pour cette 46\u00e8me \u00e9dition (quand m\u00eame !), seulement deux mais des repr\u00e9sentants de qualit\u00e9 ! du label rouge ! frustr\u00e9e de n&rsquo;avoir pu se rendre disponible pour \u00e9clabousser de son talent la Ronde des F\u00e9es et rel\u00e9guer Charline Houssais une place en dessous (quoique C\u00e9line aurait [&hellip;]","og_url":"https:\/\/janze-athletisme.fr\/wordpress\/domloup-apres-la-rdf-les-foulees-pour-se-defouler-et-oui-des-journees-entieres-de-reflexion-pour-trouver-le-bon-jeu-de-mots\/","og_site_name":"Janz\u00e9 Athl\u00e9tisme","article_publisher":"https:\/\/www.facebook.com\/groups\/1007964579346590","article_published_time":"2025-06-01T10:25:22+00:00","og_image":[{"width":293,"height":172,"url":"https:\/\/janze-athletisme.fr\/wordpress\/wp-content\/uploads\/2025\/06\/Sans-titre.jpg","type":"image\/jpeg"}],"author":"Jean-Marie Jouzel","twitter_card":"summary_large_image","twitter_misc":{"\u00c9crit par":"Jean-Marie Jouzel","Dur\u00e9e de lecture estim\u00e9e":"2 minutes"},"schema":{"@context":"https:\/\/schema.org","@graph":[{"@type":"Article","@id":"https:\/\/janze-athletisme.fr\/wordpress\/domloup-apres-la-rdf-les-foulees-pour-se-defouler-et-oui-des-journees-entieres-de-reflexion-pour-trouver-le-bon-jeu-de-mots\/#article","isPartOf":{"@id":"https:\/\/janze-athletisme.fr\/wordpress\/domloup-apres-la-rdf-les-foulees-pour-se-defouler-et-oui-des-journees-entieres-de-reflexion-pour-trouver-le-bon-jeu-de-mots\/"},"author":{"name":"Jean-Marie Jouzel","@id":"https:\/\/janze-athletisme.fr\/wordpress\/#\/schema\/person\/e27efa3d49687b81c679eb0b5c4973e9"},"headline":"Domloup: apr\u00e8s la RDF, les Foul\u00e9es pour se d\u00e9fouler ! (et oui ! des journ\u00e9es enti\u00e8res de r\u00e9flexion pour trouver le bon jeu de mots !!!)","datePublished":"2025-06-01T10:25:22+00:00","mainEntityOfPage":{"@id":"https:\/\/janze-athletisme.fr\/wordpress\/domloup-apres-la-rdf-les-foulees-pour-se-defouler-et-oui-des-journees-entieres-de-reflexion-pour-trouver-le-bon-jeu-de-mots\/"},"wordCount":174,"commentCount":0,"publisher":{"@id":"https:\/\/janze-athletisme.fr\/wordpress\/#organization"},"image":{"@id":"https:\/\/janze-athletisme.fr\/wordpress\/domloup-apres-la-rdf-les-foulees-pour-se-defouler-et-oui-des-journees-entieres-de-reflexion-pour-trouver-le-bon-jeu-de-mots\/#primaryimage"},"thumbnailUrl":"https:\/\/janze-athletisme.fr\/wordpress\/wp-content\/uploads\/2025\/06\/Sans-titre.jpg","articleSection":["Le club au jour le jour"],"inLanguage":"fr-FR","potentialAction":[{"@type":"CommentAction","name":"Comment","target":["https:\/\/janze-athletisme.fr\/wordpress\/domloup-apres-la-rdf-les-foulees-pour-se-defouler-et-oui-des-journees-entieres-de-reflexion-pour-trouver-le-bon-jeu-de-mots\/#respond"]}]},{"@type":"WebPage","@id":"https:\/\/janze-athletisme.fr\/wordpress\/domloup-apres-la-rdf-les-foulees-pour-se-defouler-et-oui-des-journees-entieres-de-reflexion-pour-trouver-le-bon-jeu-de-mots\/","url":"https:\/\/janze-athletisme.fr\/wordpress\/domloup-apres-la-rdf-les-foulees-pour-se-defouler-et-oui-des-journees-entieres-de-reflexion-pour-trouver-le-bon-jeu-de-mots\/","name":"Domloup: apr\u00e8s la RDF, les Foul\u00e9es pour se d\u00e9fouler ! (et oui ! des journ\u00e9es enti\u00e8res de r\u00e9flexion pour trouver le bon jeu de mots !!!) - Janz\u00e9 Athl\u00e9tisme","isPartOf":{"@id":"https:\/\/janze-athletisme.fr\/wordpress\/#website"},"primaryImageOfPage":{"@id":"https:\/\/janze-athletisme.fr\/wordpress\/domloup-apres-la-rdf-les-foulees-pour-se-defouler-et-oui-des-journees-entieres-de-reflexion-pour-trouver-le-bon-jeu-de-mots\/#primaryimage"},"image":{"@id":"https:\/\/janze-athletisme.fr\/wordpress\/domloup-apres-la-rdf-les-foulees-pour-se-defouler-et-oui-des-journees-entieres-de-reflexion-pour-trouver-le-bon-jeu-de-mots\/#primaryimage"},"thumbnailUrl":"https:\/\/janze-athletisme.fr\/wordpress\/wp-content\/uploads\/2025\/06\/Sans-titre.jpg","datePublished":"2025-06-01T10:25:22+00:00","breadcrumb":{"@id":"https:\/\/janze-athletisme.fr\/wordpress\/domloup-apres-la-rdf-les-foulees-pour-se-defouler-et-oui-des-journees-entieres-de-reflexion-pour-trouver-le-bon-jeu-de-mots\/#breadcrumb"},"inLanguage":"fr-FR","potentialAction":[{"@type":"ReadAction","target":["https:\/\/janze-athletisme.fr\/wordpress\/domloup-apres-la-rdf-les-foulees-pour-se-defouler-et-oui-des-journees-entieres-de-reflexion-pour-trouver-le-bon-jeu-de-mots\/"]}]},{"@type":"ImageObject","inLanguage":"fr-FR","@id":"https:\/\/janze-athletisme.fr\/wordpress\/domloup-apres-la-rdf-les-foulees-pour-se-defouler-et-oui-des-journees-entieres-de-reflexion-pour-trouver-le-bon-jeu-de-mots\/#primaryimage","url":"https:\/\/janze-athletisme.fr\/wordpress\/wp-content\/uploads\/2025\/06\/Sans-titre.jpg","contentUrl":"https:\/\/janze-athletisme.fr\/wordpress\/wp-content\/uploads\/2025\/06\/Sans-titre.jpg","width":293,"height":172},{"@type":"BreadcrumbList","@id":"https:\/\/janze-athletisme.fr\/wordpress\/domloup-apres-la-rdf-les-foulees-pour-se-defouler-et-oui-des-journees-entieres-de-reflexion-pour-trouver-le-bon-jeu-de-mots\/#breadcrumb","itemListElement":[{"@type":"ListItem","position":1,"name":"Accueil","item":"https:\/\/janze-athletisme.fr\/wordpress\/"},{"@type":"ListItem","position":2,"name":"Domloup: apr\u00e8s la RDF, les Foul\u00e9es pour se d\u00e9fouler ! (et oui ! des journ\u00e9es enti\u00e8res de r\u00e9flexion pour trouver le bon jeu de mots !!!)"}]},{"@type":"WebSite","@id":"https:\/\/janze-athletisme.fr\/wordpress\/#website","url":"https:\/\/janze-athletisme.fr\/wordpress\/","name":"Janz\u00e9 Athl\u00e9tisme","description":"Pays de La Roche aux F\u00e9es","publisher":{"@id":"https:\/\/janze-athletisme.fr\/wordpress\/#organization"},"potentialAction":[{"@type":"SearchAction","target":{"@type":"EntryPoint","urlTemplate":"https:\/\/janze-athletisme.fr\/wordpress\/?s={search_term_string}"},"query-input":{"@type":"PropertyValueSpecification","valueRequired":true,"valueName":"search_term_string"}}],"inLanguage":"fr-FR"},{"@type":"Organization","@id":"https:\/\/janze-athletisme.fr\/wordpress\/#organization","name":"Janz\u00e9 Athl\u00e9tisme","url":"https:\/\/janze-athletisme.fr\/wordpress\/","logo":{"@type":"ImageObject","inLanguage":"fr-FR","@id":"https:\/\/janze-athletisme.fr\/wordpress\/#\/schema\/logo\/image\/","url":"https:\/\/janze-athletisme.fr\/wordpress\/wp-content\/uploads\/2015\/03\/logo-full1.jpg","contentUrl":"https:\/\/janze-athletisme.fr\/wordpress\/wp-content\/uploads\/2015\/03\/logo-full1.jpg","width":437,"height":205,"caption":"Janz\u00e9 Athl\u00e9tisme"},"image":{"@id":"https:\/\/janze-athletisme.fr\/wordpress\/#\/schema\/logo\/image\/"},"sameAs":["https:\/\/www.facebook.com\/groups\/1007964579346590"]},{"@type":"Person","@id":"https:\/\/janze-athletisme.fr\/wordpress\/#\/schema\/person\/e27efa3d49687b81c679eb0b5c4973e9","name":"Jean-Marie Jouzel","image":{"@type":"ImageObject","inLanguage":"fr-FR","@id":"https:\/\/secure.gravatar.com\/avatar\/6aaee532914ad5ae9d6b4c13c953c6689456493b17979b560cf8fd0c344930ab?s=96&d=mm&r=g","url":"https:\/\/secure.gravatar.com\/avatar\/6aaee532914ad5ae9d6b4c13c953c6689456493b17979b560cf8fd0c344930ab?s=96&d=mm&r=g","contentUrl":"https:\/\/secure.gravatar.com\/avatar\/6aaee532914ad5ae9d6b4c13c953c6689456493b17979b560cf8fd0c344930ab?s=96&d=mm&r=g","caption":"Jean-Marie Jouzel"},"url":"https:\/\/janze-athletisme.fr\/wordpress\/author\/jmjouzel\/"}]}},"uagb_featured_image_src":{"full":["https:\/\/janze-athletisme.fr\/wordpress\/wp-content\/uploads\/2025\/06\/Sans-titre.jpg",293,172,false],"thumbnail":["https:\/\/janze-athletisme.fr\/wordpress\/wp-content\/uploads\/2025\/06\/Sans-titre-150x150.jpg",150,150,true],"medium":["https:\/\/janze-athletisme.fr\/wordpress\/wp-content\/uploads\/2025\/06\/Sans-titre.jpg",293,172,false],"medium_large":["https:\/\/janze-athletisme.fr\/wordpress\/wp-content\/uploads\/2025\/06\/Sans-titre.jpg",293,172,false],"large":["https:\/\/janze-athletisme.fr\/wordpress\/wp-content\/uploads\/2025\/06\/Sans-titre.jpg",293,172,false],"1536x1536":["https:\/\/janze-athletisme.fr\/wordpress\/wp-content\/uploads\/2025\/06\/Sans-titre.jpg",293,172,false],"2048x2048":["https:\/\/janze-athletisme.fr\/wordpress\/wp-content\/uploads\/2025\/06\/Sans-titre.jpg",293,172,false]},"uagb_author_info":{"display_name":"Jean-Marie Jouzel","author_link":"https:\/\/janze-athletisme.fr\/wordpress\/author\/jmjouzel\/"},"uagb_comment_info":0,"uagb_excerpt":"Les Foul\u00e9es de Domloup &nbsp; Pas beaucoup de janz\u00e9ens pour cette 46\u00e8me \u00e9dition (quand m\u00eame !), seulement deux mais des repr\u00e9sentants de qualit\u00e9 ! du label rouge ! frustr\u00e9e de n&rsquo;avoir pu se rendre disponible pour \u00e9clabousser de son talent la Ronde des F\u00e9es et rel\u00e9guer Charline Houssais une place en dessous (quoique C\u00e9line aurait\u2026","_links":{"self":[{"href":"https:\/\/janze-athletisme.fr\/wordpress\/wp-json\/wp\/v2\/posts\/25585","targetHints":{"allow":["GET"]}}],"collection":[{"href":"https:\/\/janze-athletisme.fr\/wordpress\/wp-json\/wp\/v2\/posts"}],"about":[{"href":"https:\/\/janze-athletisme.fr\/wordpress\/wp-json\/wp\/v2\/types\/post"}],"author":[{"embeddable":true,"href":"https:\/\/janze-athletisme.fr\/wordpress\/wp-json\/wp\/v2\/users\/8"}],"replies":[{"embeddable":true,"href":"https:\/\/janze-athletisme.fr\/wordpress\/wp-json\/wp\/v2\/comments?post=25585"}],"version-history":[{"count":2,"href":"https:\/\/janze-athletisme.fr\/wordpress\/wp-json\/wp\/v2\/posts\/25585\/revisions"}],"predecessor-version":[{"id":25590,"href":"https:\/\/janze-athletisme.fr\/wordpress\/wp-json\/wp\/v2\/posts\/25585\/revisions\/25590"}],"wp:featuredmedia":[{"embeddable":true,"href":"https:\/\/janze-athletisme.fr\/wordpress\/wp-json\/wp\/v2\/media\/25588"}],"wp:attachment":[{"href":"https:\/\/janze-athletisme.fr\/wordpress\/wp-json\/wp\/v2\/media?parent=25585"}],"wp:term":[{"taxonomy":"category","embeddable":true,"href":"https:\/\/janze-athletisme.fr\/wordpress\/wp-json\/wp\/v2\/categories?post=25585"},{"taxonomy":"post_tag","embeddable":true,"href":"https:\/\/janze-athletisme.fr\/wordpress\/wp-json\/wp\/v2\/tags?post=25585"}],"curies":[{"name":"wp","href":"https:\/\/api.w.org\/{rel}","templated":true}]}}